{"id":32644,"date":"2021-04-30T14:58:03","date_gmt":"2021-04-30T12:58:03","guid":{"rendered":"https:\/\/dorogimedence.hu\/?p=32644"},"modified":"2021-04-30T15:12:06","modified_gmt":"2021-04-30T13:12:06","slug":"nyomravezetoi-dijat-ajanlanak-a-horgaszok","status":"publish","type":"post","link":"https:\/\/dorogimedence.hu\/index.php\/2021\/04\/30\/nyomravezetoi-dijat-ajanlanak-a-horgaszok\/","title":{"rendered":"Nyomravezet\u0151i d\u00edjat aj\u00e1nlanak a horg\u00e1szok"},"content":{"rendered":"<p><strong>Helyi horg\u00e1szok tal\u00e1ltak r\u00e1 a felv\u00e9telen l\u00e1that\u00f3, illeg\u00e1lisan lerakott hullad\u00e9kkupacra T\u00e1t mellett, az egykori k\u00f6teles komp k\u00f6zel\u00e9ben, azon a helyen, ahol kor\u00e1bban egy szem\u00e9tszed\u0151 akci\u00f3 keret\u00e9ben kitakar\u00edtott\u00e1k a v\u00edzpartot<\/strong> <em>&#8211; t\u00e1j\u00e9koztatott a Kom\u00e1rom-Esztergom megyei Horg\u00e1szegyes\u00fcletek Sz\u00f6vets\u00e9g\u00e9nek eln\u00f6ke.<\/em><\/p>\n<p>Zoltai D\u00e1niel elmondta, a KEMHESZ \u00f6tvenezer forintos nyomravezet\u0151i d\u00edjat aj\u00e1nlott fel annak, aki inform\u00e1ci\u00f3val szolg\u00e1ltat a term\u00e9szetk\u00e1ros\u00edt\u00e1s elk\u00f6vet\u0151j\u00e9r\u0151l. A bejelent\u00e9seket a 30\/422-4875-\u00f6s telefonsz\u00e1mon v\u00e1rj\u00e1k.<\/p>\n<p>A horg\u00e1szsz\u00f6vets\u00e9g az enged\u00e9ly n\u00e9lk\u00fcl kihelyezett szem\u00e9tr\u0151l minden esetben \u00e9rtes\u00edti a hat\u00f3s\u00e1gokat, valamint seg\u00edts\u00e9get ny\u00fajt a felt\u00e9telezett elk\u00f6vet\u0151 kil\u00e9t\u00e9nek meg\u00e1llap\u00edt\u00e1s\u00e1ban.<\/p>\n<p>A KEMHESZ nagy hangs\u00falyt fektet a k\u00f6rnyezet- \u00e9s term\u00e9szetv\u00e9delemre, tagjaik k\u00f6z\u00fcl egyre t\u00f6bben mutatj\u00e1k meg a k\u00f6z\u00f6ss\u00e9gi oldalakon, hogy a pecabot melletti v\u00e1rakoz\u00e1s alatt \u00f6sszeszedik a hullad\u00e9kot maguk k\u00f6r\u00fcl, a fiatalokat pedig igyekeznek k\u00f6rnyezettudatoss\u00e1gra nevelni.<\/p>\n<p><em><strong>Az esetr\u0151l vide\u00f3felv\u00e9tel is k\u00e9sz\u00fclt:<\/strong><\/em><\/p>\n<p><iframe title=\"Komment\u00e1r N\u00e9lk\u00fcl - 2021.04.29. - Illeg\u00e1lis szem\u00e9tlerakatra bukkantak\" width=\"755\" height=\"425\" src=\"https:\/\/www.youtube.com\/embed\/PlXldF-Daf0?feature=oembed\" frameborder=\"0\" allow=\"accelerometer; autoplay; clipboard-write; encrypted-media; gyroscope; picture-in-picture; web-share\" referrerpolicy=\"strict-origin-when-cross-origin\" allowfullscreen><\/iframe><\/p>\n<p><em>Fot\u00f3, forr\u00e1s: KEMHESZ<\/em><\/p>\n<p>&nbsp;<\/p>\n<p>&nbsp;<\/p>\n","protected":false},"excerpt":{"rendered":"<p>Helyi horg\u00e1szok tal\u00e1ltak r\u00e1 a felv\u00e9telen l\u00e1that\u00f3, illeg\u00e1lisan lerakott hullad\u00e9kkupacra T\u00e1t mellett, az egykori k\u00f6teles komp k\u00f6zel\u00e9ben, azon a helyen, ahol kor\u00e1bban egy szem\u00e9tszed\u0151 akci\u00f3 keret\u00e9ben kitakar\u00edtott\u00e1k a v\u00edzpartot &#8211; t\u00e1j\u00e9koztatott a Kom\u00e1rom-Esztergom megyei Horg\u00e1szegyes\u00fcletek Sz\u00f6vets\u00e9g\u00e9nek eln\u00f6ke. Zoltai D\u00e1niel elmondta, a KEMHESZ \u00f6tvenezer forintos nyomravezet\u0151i d\u00edjat aj\u00e1nlott fel annak, aki inform\u00e1ci\u00f3val szolg\u00e1ltat a term\u00e9szetk\u00e1ros\u00edt\u00e1s elk\u00f6vet\u0151j\u00e9r\u0151l.<\/p>\n","protected":false},"author":1,"featured_media":32645,"comment_status":"closed","ping_status":"closed","sticky":false,"template":"","format":"standard","meta":{"ngg_post_thumbnail":0,"footnotes":""},"categories":[38,3,110],"tags":[5624,4875,4398,5347],"class_list":{"0":"post-32644","1":"post","2":"type-post","3":"status-publish","4":"format-standard","5":"has-post-thumbnail","7":"category-esztergom","8":"category-hirek","9":"category-tat","10":"tag-featured","11":"tag-illegalis-szemet","12":"tag-kemhesz","13":"tag-komarom-esztergom-megyei-horgaszegyesuletek-szovetsege"},"yoast_head":"<!-- This site is optimized with the Yoast SEO plugin v27.5 - https:\/\/yoast.com\/product\/yoast-seo-wordpress\/ -->\n<title>Nyomravezet\u0151i d\u00edjat aj\u00e1nlanak a horg\u00e1szok<\/title>\n<meta name=\"robots\" content=\"index, follow, max-snippet:-1, max-image-preview:large, max-video-preview:-1\" \/>\n<link rel=\"canonical\" href=\"https:\/\/dorogimedence.hu\/index.php\/2021\/04\/30\/nyomravezetoi-dijat-ajanlanak-a-horgaszok\/\" class=\"yoast-seo-meta-tag\" \/>\n<meta property=\"og:locale\" content=\"hu_HU\" class=\"yoast-seo-meta-tag\" \/>\n<meta property=\"og:type\" content=\"article\" class=\"yoast-seo-meta-tag\" \/>\n<meta property=\"og:title\" content=\"Nyomravezet\u0151i d\u00edjat aj\u00e1nlanak a horg\u00e1szok\" class=\"yoast-seo-meta-tag\" \/>\n<meta property=\"og:description\" content=\"Helyi horg\u00e1szok tal\u00e1ltak r\u00e1 a felv\u00e9telen l\u00e1that\u00f3, illeg\u00e1lisan lerakott hullad\u00e9kkupacra T\u00e1t mellett, az egykori k\u00f6teles komp k\u00f6zel\u00e9ben, azon a helyen, ahol kor\u00e1bban egy szem\u00e9tszed\u0151 akci\u00f3 keret\u00e9ben kitakar\u00edtott\u00e1k a v\u00edzpartot &#8211; t\u00e1j\u00e9koztatott a Kom\u00e1rom-Esztergom megyei Horg\u00e1szegyes\u00fcletek Sz\u00f6vets\u00e9g\u00e9nek eln\u00f6ke. Zoltai D\u00e1niel elmondta, a KEMHESZ \u00f6tvenezer forintos nyomravezet\u0151i d\u00edjat aj\u00e1nlott fel annak, aki inform\u00e1ci\u00f3val szolg\u00e1ltat a term\u00e9szetk\u00e1ros\u00edt\u00e1s elk\u00f6vet\u0151j\u00e9r\u0151l.\" class=\"yoast-seo-meta-tag\" \/>\n<meta property=\"og:url\" content=\"https:\/\/dorogimedence.hu\/index.php\/2021\/04\/30\/nyomravezetoi-dijat-ajanlanak-a-horgaszok\/\" class=\"yoast-seo-meta-tag\" \/>\n<meta property=\"og:site_name\" content=\"Dorogi-medence Region\u00e1lis H\u00edrport\u00e1l\" class=\"yoast-seo-meta-tag\" \/>\n<meta property=\"article:publisher\" content=\"https:\/\/www.facebook.com\/dorogimedence\/\" class=\"yoast-seo-meta-tag\" \/>\n<meta property=\"article:published_time\" content=\"2021-04-30T12:58:03+00:00\" class=\"yoast-seo-meta-tag\" \/>\n<meta property=\"article:modified_time\" content=\"2021-04-30T13:12:06+00:00\" class=\"yoast-seo-meta-tag\" \/>\n<meta property=\"og:image\" content=\"https:\/\/i0.wp.com\/dorogimedence.hu\/wp-content\/uploads\/2021\/04\/illegalis-szemet.jpg?fit=1200%2C719&ssl=1\" class=\"yoast-seo-meta-tag\" \/>\n\t<meta property=\"og:image:width\" content=\"1200\" class=\"yoast-seo-meta-tag\" \/>\n\t<meta property=\"og:image:height\" content=\"719\" class=\"yoast-seo-meta-tag\" \/>\n\t<meta property=\"og:image:type\" content=\"image\/jpeg\" class=\"yoast-seo-meta-tag\" \/>\n<meta name=\"author\" content=\"dorogimedence.hu\" class=\"yoast-seo-meta-tag\" \/>\n<meta name=\"twitter:card\" content=\"summary_large_image\" class=\"yoast-seo-meta-tag\" \/>\n<meta name=\"twitter:label1\" content=\"Szerz\u0151:\" class=\"yoast-seo-meta-tag\" \/>\n\t<meta name=\"twitter:data1\" content=\"dorogimedence.hu\" class=\"yoast-seo-meta-tag\" \/>\n\t<meta name=\"twitter:label2\" content=\"Becs\u00fclt olvas\u00e1si id\u0151\" class=\"yoast-seo-meta-tag\" \/>\n\t<meta name=\"twitter:data2\" content=\"1 perc\" class=\"yoast-seo-meta-tag\" \/>\n<script type=\"application\/ld+json\" class=\"yoast-schema-graph\">{\"@context\":\"https:\\\/\\\/schema.org\",\"@graph\":[{\"@type\":\"Article\",\"@id\":\"https:\\\/\\\/dorogimedence.hu\\\/index.php\\\/2021\\\/04\\\/30\\\/nyomravezetoi-dijat-ajanlanak-a-horgaszok\\\/#article\",\"isPartOf\":{\"@id\":\"https:\\\/\\\/dorogimedence.hu\\\/index.php\\\/2021\\\/04\\\/30\\\/nyomravezetoi-dijat-ajanlanak-a-horgaszok\\\/\"},\"author\":{\"name\":\"dorogimedence.hu\",\"@id\":\"https:\\\/\\\/dorogimedence.hu\\\/#\\\/schema\\\/person\\\/ce6091eeb7e95ecdc87890d6aa8e0fd4\"},\"headline\":\"Nyomravezet\u0151i d\u00edjat aj\u00e1nlanak a horg\u00e1szok\",\"datePublished\":\"2021-04-30T12:58:03+00:00\",\"dateModified\":\"2021-04-30T13:12:06+00:00\",\"mainEntityOfPage\":{\"@id\":\"https:\\\/\\\/dorogimedence.hu\\\/index.php\\\/2021\\\/04\\\/30\\\/nyomravezetoi-dijat-ajanlanak-a-horgaszok\\\/\"},\"wordCount\":234,\"publisher\":{\"@id\":\"https:\\\/\\\/dorogimedence.hu\\\/#organization\"},\"image\":{\"@id\":\"https:\\\/\\\/dorogimedence.hu\\\/index.php\\\/2021\\\/04\\\/30\\\/nyomravezetoi-dijat-ajanlanak-a-horgaszok\\\/#primaryimage\"},\"thumbnailUrl\":\"https:\\\/\\\/dorogimedence.hu\\\/wp-content\\\/uploads\\\/2021\\\/04\\\/illegalis-szemet.jpg\",\"keywords\":[\"featured\",\"illeg\u00e1lis szem\u00e9t\",\"KEMHESZ\",\"Kom\u00e1rom-Esztergom Megyei Horg\u00e1szegyes\u00fcletek Sz\u00f6vets\u00e9ge\"],\"articleSection\":[\"Esztergom\",\"H\u00edrek\",\"T\u00e1t\"],\"inLanguage\":\"hu\"},{\"@type\":\"WebPage\",\"@id\":\"https:\\\/\\\/dorogimedence.hu\\\/index.php\\\/2021\\\/04\\\/30\\\/nyomravezetoi-dijat-ajanlanak-a-horgaszok\\\/\",\"url\":\"https:\\\/\\\/dorogimedence.hu\\\/index.php\\\/2021\\\/04\\\/30\\\/nyomravezetoi-dijat-ajanlanak-a-horgaszok\\\/\",\"name\":\"Nyomravezet\u0151i d\u00edjat aj\u00e1nlanak a horg\u00e1szok\",\"isPartOf\":{\"@id\":\"https:\\\/\\\/dorogimedence.hu\\\/#website\"},\"primaryImageOfPage\":{\"@id\":\"https:\\\/\\\/dorogimedence.hu\\\/index.php\\\/2021\\\/04\\\/30\\\/nyomravezetoi-dijat-ajanlanak-a-horgaszok\\\/#primaryimage\"},\"image\":{\"@id\":\"https:\\\/\\\/dorogimedence.hu\\\/index.php\\\/2021\\\/04\\\/30\\\/nyomravezetoi-dijat-ajanlanak-a-horgaszok\\\/#primaryimage\"},\"thumbnailUrl\":\"https:\\\/\\\/dorogimedence.hu\\\/wp-content\\\/uploads\\\/2021\\\/04\\\/illegalis-szemet.jpg\",\"datePublished\":\"2021-04-30T12:58:03+00:00\",\"dateModified\":\"2021-04-30T13:12:06+00:00\",\"breadcrumb\":{\"@id\":\"https:\\\/\\\/dorogimedence.hu\\\/index.php\\\/2021\\\/04\\\/30\\\/nyomravezetoi-dijat-ajanlanak-a-horgaszok\\\/#breadcrumb\"},\"inLanguage\":\"hu\",\"potentialAction\":[{\"@type\":\"ReadAction\",\"target\":[\"https:\\\/\\\/dorogimedence.hu\\\/index.php\\\/2021\\\/04\\\/30\\\/nyomravezetoi-dijat-ajanlanak-a-horgaszok\\\/\"]}]},{\"@type\":\"ImageObject\",\"inLanguage\":\"hu\",\"@id\":\"https:\\\/\\\/dorogimedence.hu\\\/index.php\\\/2021\\\/04\\\/30\\\/nyomravezetoi-dijat-ajanlanak-a-horgaszok\\\/#primaryimage\",\"url\":\"https:\\\/\\\/dorogimedence.hu\\\/wp-content\\\/uploads\\\/2021\\\/04\\\/illegalis-szemet.jpg\",\"contentUrl\":\"https:\\\/\\\/dorogimedence.hu\\\/wp-content\\\/uploads\\\/2021\\\/04\\\/illegalis-szemet.jpg\",\"width\":1200,\"height\":719},{\"@type\":\"BreadcrumbList\",\"@id\":\"https:\\\/\\\/dorogimedence.hu\\\/index.php\\\/2021\\\/04\\\/30\\\/nyomravezetoi-dijat-ajanlanak-a-horgaszok\\\/#breadcrumb\",\"itemListElement\":[{\"@type\":\"ListItem\",\"position\":1,\"name\":\"Kezd\u0151lap\",\"item\":\"https:\\\/\\\/dorogimedence.hu\\\/\"},{\"@type\":\"ListItem\",\"position\":2,\"name\":\"Nyomravezet\u0151i d\u00edjat aj\u00e1nlanak a horg\u00e1szok\"}]},{\"@type\":\"WebSite\",\"@id\":\"https:\\\/\\\/dorogimedence.hu\\\/#website\",\"url\":\"https:\\\/\\\/dorogimedence.hu\\\/\",\"name\":\"Dorogi-medence Region\u00e1lis H\u00edrport\u00e1l\",\"description\":\"Dorog, Keszt\u00f6lc, Le\u00e1nyv\u00e1r, Piliscs\u00e9v, Tokod, Tokodalt\u00e1r\u00f3, Csolnok, Esztergom-kertv\u00e1ros: h\u00edrek, programok\",\"publisher\":{\"@id\":\"https:\\\/\\\/dorogimedence.hu\\\/#organization\"},\"potentialAction\":[{\"@type\":\"SearchAction\",\"target\":{\"@type\":\"EntryPoint\",\"urlTemplate\":\"https:\\\/\\\/dorogimedence.hu\\\/?s={search_term_string}\"},\"query-input\":{\"@type\":\"PropertyValueSpecification\",\"valueRequired\":true,\"valueName\":\"search_term_string\"}}],\"inLanguage\":\"hu\"},{\"@type\":\"Organization\",\"@id\":\"https:\\\/\\\/dorogimedence.hu\\\/#organization\",\"name\":\"Dorogi-medence Region\u00e1lis H\u00edrport\u00e1l\",\"url\":\"https:\\\/\\\/dorogimedence.hu\\\/\",\"logo\":{\"@type\":\"ImageObject\",\"inLanguage\":\"hu\",\"@id\":\"https:\\\/\\\/dorogimedence.hu\\\/#\\\/schema\\\/logo\\\/image\\\/\",\"url\":\"https:\\\/\\\/dorogimedence.hu\\\/wp-content\\\/uploads\\\/2021\\\/04\\\/logo-feher-600.png\",\"contentUrl\":\"https:\\\/\\\/dorogimedence.hu\\\/wp-content\\\/uploads\\\/2021\\\/04\\\/logo-feher-600.png\",\"width\":600,\"height\":100,\"caption\":\"Dorogi-medence Region\u00e1lis H\u00edrport\u00e1l\"},\"image\":{\"@id\":\"https:\\\/\\\/dorogimedence.hu\\\/#\\\/schema\\\/logo\\\/image\\\/\"},\"sameAs\":[\"https:\\\/\\\/www.facebook.com\\\/dorogimedence\\\/\"]},{\"@type\":\"Person\",\"@id\":\"https:\\\/\\\/dorogimedence.hu\\\/#\\\/schema\\\/person\\\/ce6091eeb7e95ecdc87890d6aa8e0fd4\",\"name\":\"dorogimedence.hu\",\"image\":{\"@type\":\"ImageObject\",\"inLanguage\":\"hu\",\"@id\":\"\\\/\\\/www.gravatar.com\\\/avatar\\\/d8d45f8901aadff40a4af72c0b826f1d?s=96&#038;r=g&#038;d=mm\",\"url\":\"\\\/\\\/www.gravatar.com\\\/avatar\\\/d8d45f8901aadff40a4af72c0b826f1d?s=96&#038;r=g&#038;d=mm\",\"contentUrl\":\"\\\/\\\/www.gravatar.com\\\/avatar\\\/d8d45f8901aadff40a4af72c0b826f1d?s=96&#038;r=g&#038;d=mm\",\"caption\":\"dorogimedence.hu\"}}]}<\/script>\n<!-- \/ Yoast SEO plugin. -->","yoast_head_json":{"title":"Nyomravezet\u0151i d\u00edjat aj\u00e1nlanak a horg\u00e1szok","robots":{"index":"index","follow":"follow","max-snippet":"max-snippet:-1","max-image-preview":"max-image-preview:large","max-video-preview":"max-video-preview:-1"},"canonical":"https:\/\/dorogimedence.hu\/index.php\/2021\/04\/30\/nyomravezetoi-dijat-ajanlanak-a-horgaszok\/","og_locale":"hu_HU","og_type":"article","og_title":"Nyomravezet\u0151i d\u00edjat aj\u00e1nlanak a horg\u00e1szok","og_description":"Helyi horg\u00e1szok tal\u00e1ltak r\u00e1 a felv\u00e9telen l\u00e1that\u00f3, illeg\u00e1lisan lerakott hullad\u00e9kkupacra T\u00e1t mellett, az egykori k\u00f6teles komp k\u00f6zel\u00e9ben, azon a helyen, ahol kor\u00e1bban egy szem\u00e9tszed\u0151 akci\u00f3 keret\u00e9ben kitakar\u00edtott\u00e1k a v\u00edzpartot &#8211; t\u00e1j\u00e9koztatott a Kom\u00e1rom-Esztergom megyei Horg\u00e1szegyes\u00fcletek Sz\u00f6vets\u00e9g\u00e9nek eln\u00f6ke. Zoltai D\u00e1niel elmondta, a KEMHESZ \u00f6tvenezer forintos nyomravezet\u0151i d\u00edjat aj\u00e1nlott fel annak, aki inform\u00e1ci\u00f3val szolg\u00e1ltat a term\u00e9szetk\u00e1ros\u00edt\u00e1s elk\u00f6vet\u0151j\u00e9r\u0151l.","og_url":"https:\/\/dorogimedence.hu\/index.php\/2021\/04\/30\/nyomravezetoi-dijat-ajanlanak-a-horgaszok\/","og_site_name":"Dorogi-medence Region\u00e1lis H\u00edrport\u00e1l","article_publisher":"https:\/\/www.facebook.com\/dorogimedence\/","article_published_time":"2021-04-30T12:58:03+00:00","article_modified_time":"2021-04-30T13:12:06+00:00","og_image":[{"width":1200,"height":719,"url":"https:\/\/i0.wp.com\/dorogimedence.hu\/wp-content\/uploads\/2021\/04\/illegalis-szemet.jpg?fit=1200%2C719&ssl=1","type":"image\/jpeg"}],"author":"dorogimedence.hu","twitter_card":"summary_large_image","twitter_misc":{"Szerz\u0151:":"dorogimedence.hu","Becs\u00fclt olvas\u00e1si id\u0151":"1 perc"},"schema":{"@context":"https:\/\/schema.org","@graph":[{"@type":"Article","@id":"https:\/\/dorogimedence.hu\/index.php\/2021\/04\/30\/nyomravezetoi-dijat-ajanlanak-a-horgaszok\/#article","isPartOf":{"@id":"https:\/\/dorogimedence.hu\/index.php\/2021\/04\/30\/nyomravezetoi-dijat-ajanlanak-a-horgaszok\/"},"author":{"name":"dorogimedence.hu","@id":"https:\/\/dorogimedence.hu\/#\/schema\/person\/ce6091eeb7e95ecdc87890d6aa8e0fd4"},"headline":"Nyomravezet\u0151i d\u00edjat aj\u00e1nlanak a horg\u00e1szok","datePublished":"2021-04-30T12:58:03+00:00","dateModified":"2021-04-30T13:12:06+00:00","mainEntityOfPage":{"@id":"https:\/\/dorogimedence.hu\/index.php\/2021\/04\/30\/nyomravezetoi-dijat-ajanlanak-a-horgaszok\/"},"wordCount":234,"publisher":{"@id":"https:\/\/dorogimedence.hu\/#organization"},"image":{"@id":"https:\/\/dorogimedence.hu\/index.php\/2021\/04\/30\/nyomravezetoi-dijat-ajanlanak-a-horgaszok\/#primaryimage"},"thumbnailUrl":"https:\/\/dorogimedence.hu\/wp-content\/uploads\/2021\/04\/illegalis-szemet.jpg","keywords":["featured","illeg\u00e1lis szem\u00e9t","KEMHESZ","Kom\u00e1rom-Esztergom Megyei Horg\u00e1szegyes\u00fcletek Sz\u00f6vets\u00e9ge"],"articleSection":["Esztergom","H\u00edrek","T\u00e1t"],"inLanguage":"hu"},{"@type":"WebPage","@id":"https:\/\/dorogimedence.hu\/index.php\/2021\/04\/30\/nyomravezetoi-dijat-ajanlanak-a-horgaszok\/","url":"https:\/\/dorogimedence.hu\/index.php\/2021\/04\/30\/nyomravezetoi-dijat-ajanlanak-a-horgaszok\/","name":"Nyomravezet\u0151i d\u00edjat aj\u00e1nlanak a horg\u00e1szok","isPartOf":{"@id":"https:\/\/dorogimedence.hu\/#website"},"primaryImageOfPage":{"@id":"https:\/\/dorogimedence.hu\/index.php\/2021\/04\/30\/nyomravezetoi-dijat-ajanlanak-a-horgaszok\/#primaryimage"},"image":{"@id":"https:\/\/dorogimedence.hu\/index.php\/2021\/04\/30\/nyomravezetoi-dijat-ajanlanak-a-horgaszok\/#primaryimage"},"thumbnailUrl":"https:\/\/dorogimedence.hu\/wp-content\/uploads\/2021\/04\/illegalis-szemet.jpg","datePublished":"2021-04-30T12:58:03+00:00","dateModified":"2021-04-30T13:12:06+00:00","breadcrumb":{"@id":"https:\/\/dorogimedence.hu\/index.php\/2021\/04\/30\/nyomravezetoi-dijat-ajanlanak-a-horgaszok\/#breadcrumb"},"inLanguage":"hu","potentialAction":[{"@type":"ReadAction","target":["https:\/\/dorogimedence.hu\/index.php\/2021\/04\/30\/nyomravezetoi-dijat-ajanlanak-a-horgaszok\/"]}]},{"@type":"ImageObject","inLanguage":"hu","@id":"https:\/\/dorogimedence.hu\/index.php\/2021\/04\/30\/nyomravezetoi-dijat-ajanlanak-a-horgaszok\/#primaryimage","url":"https:\/\/dorogimedence.hu\/wp-content\/uploads\/2021\/04\/illegalis-szemet.jpg","contentUrl":"https:\/\/dorogimedence.hu\/wp-content\/uploads\/2021\/04\/illegalis-szemet.jpg","width":1200,"height":719},{"@type":"BreadcrumbList","@id":"https:\/\/dorogimedence.hu\/index.php\/2021\/04\/30\/nyomravezetoi-dijat-ajanlanak-a-horgaszok\/#breadcrumb","itemListElement":[{"@type":"ListItem","position":1,"name":"Kezd\u0151lap","item":"https:\/\/dorogimedence.hu\/"},{"@type":"ListItem","position":2,"name":"Nyomravezet\u0151i d\u00edjat aj\u00e1nlanak a horg\u00e1szok"}]},{"@type":"WebSite","@id":"https:\/\/dorogimedence.hu\/#website","url":"https:\/\/dorogimedence.hu\/","name":"Dorogi-medence Region\u00e1lis H\u00edrport\u00e1l","description":"Dorog, Keszt\u00f6lc, Le\u00e1nyv\u00e1r, Piliscs\u00e9v, Tokod, Tokodalt\u00e1r\u00f3, Csolnok, Esztergom-kertv\u00e1ros: h\u00edrek, programok","publisher":{"@id":"https:\/\/dorogimedence.hu\/#organization"},"potentialAction":[{"@type":"SearchAction","target":{"@type":"EntryPoint","urlTemplate":"https:\/\/dorogimedence.hu\/?s={search_term_string}"},"query-input":{"@type":"PropertyValueSpecification","valueRequired":true,"valueName":"search_term_string"}}],"inLanguage":"hu"},{"@type":"Organization","@id":"https:\/\/dorogimedence.hu\/#organization","name":"Dorogi-medence Region\u00e1lis H\u00edrport\u00e1l","url":"https:\/\/dorogimedence.hu\/","logo":{"@type":"ImageObject","inLanguage":"hu","@id":"https:\/\/dorogimedence.hu\/#\/schema\/logo\/image\/","url":"https:\/\/dorogimedence.hu\/wp-content\/uploads\/2021\/04\/logo-feher-600.png","contentUrl":"https:\/\/dorogimedence.hu\/wp-content\/uploads\/2021\/04\/logo-feher-600.png","width":600,"height":100,"caption":"Dorogi-medence Region\u00e1lis H\u00edrport\u00e1l"},"image":{"@id":"https:\/\/dorogimedence.hu\/#\/schema\/logo\/image\/"},"sameAs":["https:\/\/www.facebook.com\/dorogimedence\/"]},{"@type":"Person","@id":"https:\/\/dorogimedence.hu\/#\/schema\/person\/ce6091eeb7e95ecdc87890d6aa8e0fd4","name":"dorogimedence.hu","image":{"@type":"ImageObject","inLanguage":"hu","@id":"\/\/www.gravatar.com\/avatar\/d8d45f8901aadff40a4af72c0b826f1d?s=96&#038;r=g&#038;d=mm","url":"\/\/www.gravatar.com\/avatar\/d8d45f8901aadff40a4af72c0b826f1d?s=96&#038;r=g&#038;d=mm","contentUrl":"\/\/www.gravatar.com\/avatar\/d8d45f8901aadff40a4af72c0b826f1d?s=96&#038;r=g&#038;d=mm","caption":"dorogimedence.hu"}}]}},"_links":{"self":[{"href":"https:\/\/dorogimedence.hu\/index.php\/wp-json\/wp\/v2\/posts\/32644","targetHints":{"allow":["GET"]}}],"collection":[{"href":"https:\/\/dorogimedence.hu\/index.php\/wp-json\/wp\/v2\/posts"}],"about":[{"href":"https:\/\/dorogimedence.hu\/index.php\/wp-json\/wp\/v2\/types\/post"}],"author":[{"embeddable":true,"href":"https:\/\/dorogimedence.hu\/index.php\/wp-json\/wp\/v2\/users\/1"}],"replies":[{"embeddable":true,"href":"https:\/\/dorogimedence.hu\/index.php\/wp-json\/wp\/v2\/comments?post=32644"}],"version-history":[{"count":0,"href":"https:\/\/dorogimedence.hu\/index.php\/wp-json\/wp\/v2\/posts\/32644\/revisions"}],"wp:featuredmedia":[{"embeddable":true,"href":"https:\/\/dorogimedence.hu\/index.php\/wp-json\/wp\/v2\/media\/32645"}],"wp:attachment":[{"href":"https:\/\/dorogimedence.hu\/index.php\/wp-json\/wp\/v2\/media?parent=32644"}],"wp:term":[{"taxonomy":"category","embeddable":true,"href":"https:\/\/dorogimedence.hu\/index.php\/wp-json\/wp\/v2\/categories?post=32644"},{"taxonomy":"post_tag","embeddable":true,"href":"https:\/\/dorogimedence.hu\/index.php\/wp-json\/wp\/v2\/tags?post=32644"}],"curies":[{"name":"wp","href":"https:\/\/api.w.org\/{rel}","templated":true}]}}