{"id":32635,"date":"2021-04-30T12:20:17","date_gmt":"2021-04-30T10:20:17","guid":{"rendered":"https:\/\/dorogimedence.hu\/?p=32635"},"modified":"2021-04-30T12:20:25","modified_gmt":"2021-04-30T10:20:25","slug":"iden-unnepelne-95-szuletesnapjat-magyarorszag-fekete-parduca-dorog-buszkesege","status":"publish","type":"post","link":"https:\/\/dorogimedence.hu\/index.php\/2021\/04\/30\/iden-unnepelne-95-szuletesnapjat-magyarorszag-fekete-parduca-dorog-buszkesege\/","title":{"rendered":"Id\u00e9n \u00fcnnepeln\u00e9 95. sz\u00fclet\u00e9snapj\u00e1t Magyarorsz\u00e1g Fekete P\u00e1rduca, Dorog b\u00fcszkes\u00e9ge"},"content":{"rendered":"<p><strong>1926. febru\u00e1r 4-\u00e9n, 95 \u00e9ve sz\u00fcletett Dorogon Grosics Gyula a Fekete P\u00e1rduc, 86-szoros magyar v\u00e1logatott, a Nemzet Sportol\u00f3ja c\u00edmmel kit\u00fcntetett labdar\u00fag\u00f3, minden id\u0151k egyik legjobb kapusa.<\/strong><\/p>\n<p>Dorog jelent\u0151s sport\u00e9lettel rendelkezik, kiemelt szerepe van a labdar\u00fag\u00e1snak, a birk\u00f3z\u00e1snak, az atl\u00e9tik\u00e1nak, illetve a hegym\u00e1sz\u00e1snak is. Az Aranycsapat kapusa 13 \u00e9vesen kezdte p\u00e1lyafut\u00e1s\u00e1t Dorogon, 1943 \u00e9s 1947 k\u00f6z\u00f6tt a Dorogi AC j\u00e1t\u00e9kosa volt. 1947-ben Budapestre ker\u00fclt \u00e9s itt a MATEOSZ, majd a Teherfuvar SE csapat\u00e1ban j\u00e1tszott. 1950-t\u0151l a Budapesti Honv\u00e9d j\u00e1t\u00e9kosa lett, ahol az Aranycsapat legend\u00e1s j\u00e1t\u00e9kosainak t\u00f6bbs\u00e9ge j\u00e1tszott. A Honv\u00e9d sz\u00edneiben 390 bajnoki rangad\u00f3n v\u00e9dett \u00e9s r\u00e9szt vett az \u00e9vsz\u00e1zad m\u00e9rk\u0151z\u00e9s\u00e9nek nevezett bajnoks\u00e1gon, amelyen a magyar v\u00e1logatott 6:3-ra legy\u0151zte a hazai p\u00e1ly\u00e1n kilencven \u00e9ve veretlen angol v\u00e1logatottat. Grosics Gyula a hajdani Aranycsapat egyetlen tagja volt, aki nemcsak az 1954-es, de az 1958-as, s\u0151t az 1962-es vil\u00e1gbajnoks\u00e1gon is szerepelt. 1948 \u00e9s 1954 k\u00f6z\u00f6tt a veretlen magyar v\u00e1logatott \u00e1lland\u00f3 kezd\u0151 kapusa volt. 1952-ben a magyar v\u00e1logatottal megnyerte a Helsinki Olimpi\u00e1t.<\/p>\n<p><img fetchpriority=\"high\" decoding=\"async\" class=\"alignnone size-large wp-image-32636\" src=\"https:\/\/dorogimedence.hu\/wp-content\/uploads\/2021\/04\/grosics-01-1024x730.jpg\" alt=\"\" width=\"755\" height=\"538\" srcset=\"https:\/\/dorogimedence.hu\/wp-content\/uploads\/2021\/04\/grosics-01-1024x730.jpg 1024w, https:\/\/dorogimedence.hu\/wp-content\/uploads\/2021\/04\/grosics-01-300x214.jpg 300w, https:\/\/dorogimedence.hu\/wp-content\/uploads\/2021\/04\/grosics-01-768x548.jpg 768w, https:\/\/dorogimedence.hu\/wp-content\/uploads\/2021\/04\/grosics-01-150x107.jpg 150w, https:\/\/dorogimedence.hu\/wp-content\/uploads\/2021\/04\/grosics-01-450x321.jpg 450w, https:\/\/dorogimedence.hu\/wp-content\/uploads\/2021\/04\/grosics-01.jpg 1080w\" sizes=\"(max-width: 755px) 100vw, 755px\" \/><\/p>\n<p style=\"text-align: center;\"><em>\ud83d\udcf7stefan2001.blogspot.com<\/em><\/p>\n<p>Az 1956-os forradalom lever\u00e9se ut\u00e1n sz\u00e9thullott az Aranycsapat. 1957 janu\u00e1rj\u00e1ban Pusk\u00e1s Ferenc, Kocsis S\u00e1ndor, Czibor Zolt\u00e1n \u00e9s Grosics Gyula \u00fagy hat\u00e1roztak disszid\u00e1lnak.<br \/>\nKocsis S\u00e1ndor \u00e9s Czibor Zolt\u00e1n az FC Barcelona csapat\u00e1hoz ker\u00fcltek. Itt egy\u00fctt futballozhattak a honfit\u00e1rs Kubala L\u00e1szl\u00f3val, aki addigra m\u00e1r klublegend\u00e1nak sz\u00e1m\u00edtott Katal\u00f3ni\u00e1ban. J\u00e1t\u00e9kosk\u00e9nt r\u00e9szt vett a Spanyol bajnoks\u00e1gon, a Spanyol kup\u00e1n (Copa del Rey\/Copa del General\u00edsimo) valamint a <span style=\"text-decoration: underline; color: #0000ff;\"><a style=\"color: #0000ff; text-decoration: underline;\" href=\"https:\/\/hu1.unibet.com\/blog\/article\/labdar%C3%BAg%C3%A1s\/kupameccsek\/spanyol-szuperkupa-elodontok-1.1678355\" target=\"_blank\" rel=\"noopener\">Spanyol szuperkup\u00e1n<\/a><\/span> (Eva Duarte kupa) is. Edz\u0151k\u00e9nt is kimagasl\u00f3 eredm\u00e9nyeket \u00e9rt el, t\u00f6bbek k\u00f6z\u00f6tt gy\u0151zelemhez vezette a Barcelon\u00e1t az 1992-es Olimpi\u00e1n. Pusk\u00e1s \u00d6csi is v\u00e9g\u00fcl Spanyolorsz\u00e1gban, a Real Madrid csapat\u00e1n\u00e1l k\u00f6t\u00f6tt ki. A klubbal hatszor nyert spanyol bajnoki c\u00edmet \u00e9s h\u00e1romszoros gy\u0151ztes lett a Bajnokcsapatok Eur\u00f3pai Kup\u00e1ja sorozatban.<br \/>\nGrosics Gyula azonban j\u00faliusban visszat\u00e9rt Magyarorsz\u00e1gra. A v\u00e1logatott kapusa maradt, de egy \u00e9vre eltiltott\u00e1k a p\u00e1ly\u00e1t\u00f3l. K\u00e9s\u0151bb szerepelt az 1958-as \u00e9s az 1962-es vil\u00e1gbajnoks\u00e1gon is. A<a href=\"https:\/\/www.fifa.com\/\" target=\"_blank\" rel=\"noopener\"><span style=\"text-decoration: underline; color: #0000ff;\"> FIFA<\/span><\/a> statisztik\u00e1i szerint 1954 \u00e9s 1962 k\u00f6z\u00f6tt Grosics 21 FIFA-torn\u00e1n j\u00e1tszott meccsen v\u00e9dte a magyar v\u00e1logatott kapuj\u00e1t. El\u0151sz\u00f6r 21 \u00e9vesen l\u00e9pett p\u00e1ly\u00e1ra a magyar v\u00e1logatottal, Alb\u00e1nia ellen 1947-ben. Utolj\u00e1ra 36 \u00e9ves kor\u00e1ban, 1962-ben Jugoszl\u00e1via ellen.<\/p>\n<p><img decoding=\"async\" class=\"alignnone size-full wp-image-32637\" src=\"https:\/\/dorogimedence.hu\/wp-content\/uploads\/2021\/04\/grosics-02.jpg\" alt=\"\" width=\"900\" height=\"514\" srcset=\"https:\/\/dorogimedence.hu\/wp-content\/uploads\/2021\/04\/grosics-02.jpg 900w, https:\/\/dorogimedence.hu\/wp-content\/uploads\/2021\/04\/grosics-02-300x171.jpg 300w, https:\/\/dorogimedence.hu\/wp-content\/uploads\/2021\/04\/grosics-02-768x439.jpg 768w, https:\/\/dorogimedence.hu\/wp-content\/uploads\/2021\/04\/grosics-02-150x86.jpg 150w, https:\/\/dorogimedence.hu\/wp-content\/uploads\/2021\/04\/grosics-02-450x257.jpg 450w\" sizes=\"(max-width: 900px) 100vw, 900px\" \/><\/p>\n<p style=\"text-align: center;\"><em>\ud83d\udcf7budapestbeacon.com<\/em><\/p>\n<p>Kiv\u00e1l\u00f3 sportol\u00f3 volt, mai napig minden id\u0151k egyik legjobb kapusa. Nagyszer\u0171 \u00e9rz\u00e9kkel ir\u00e1ny\u00edtotta a v\u00e9delem munk\u00e1j\u00e1t, egy\u00fctt \u00e9lt a j\u00e1t\u00e9kkal. A kapus jellemvon\u00e1sai k\u00f6z\u00fcl k\u00fcl\u00f6n\u00f6sen ruganyoss\u00e1ga \u00e9s reflexei voltak eg\u00e9szen kiv\u00e1l\u00f3ak.<\/p>\n<p>1952-ben az \u00e9v sportol\u00f3ja, 1959-ben az \u00e9v labdar\u00fag\u00f3ja lett. 1993-ban megkapta a Magyar K\u00f6zt\u00e1rsas\u00e1gi \u00c9rdemrend k\u00f6z\u00e9pkeresztj\u00e9t, 1994-ben a Halhatatlanok Klubj\u00e1nak tagj\u00e1v\u00e1 v\u00e1lasztott\u00e1k. 1995-ben MOB Olimpiai \u00c9rdem\u00e9rmet \u00e9s a Nemzetk\u00f6zi Olimpiai Bizotts\u00e1g \u00c9rdem\u00e9rm\u00e9t, 1996-ban a Magyar \u00d6r\u00f6ks\u00e9g d\u00edj\u00e1t \u00e9rdemelte ki. 1998-ban az \u00e9vsz\u00e1zad legjobb magyar kapusa, 1999-ben pedig a vil\u00e1g valaha \u00e9lt t\u00edz legjobb kapusa elismer\u00e9st kapta. 1999-ben a Dorogi FC \u00f6r\u00f6k\u00f6s tagja lett. 2001-ben \u00e9s 2013-ban Cs\u00edk Ferenc-d\u00edjat, 2007-ben Szent Istv\u00e1n-d\u00edjat, 2008-ban a Magyar Szabads\u00e1g Napja-d\u00edjat kapott. 2009-ben Prima Primissima D\u00edjat kapott, valamint Gyul\u00e1n megalakult a Grosics Gyula Katolikus Labdar\u00fag\u00f3 Akad\u00e9mia. 2011-ben r\u00f3la nevezt\u00e9k el a tatab\u00e1nyai futballstadiont \u00e9s ugyanebben az \u00e9vben a Nemzet Sportol\u00f3ja lett.<\/p>\n<p>Grosics Gyula sportvezet\u0151k\u00e9nt is \u00e9vtizedekig volt jelen a magyar <a href=\"http:\/\/www.csakfoci.hu\/\" target=\"_blank\" rel=\"noopener\"><span style=\"text-decoration: underline; color: #0000ff;\">futball<\/span><\/a>ban, a Vol\u00e1n SC eln\u00f6ke \u00e9s az MLSZ eln\u00f6ks\u00e9gi tagja volt. Hosszas betegesked\u00e9s ut\u00e1n, 2014. j\u00fanius 13-\u00e1n, nyolcvannyolc \u00e9ves kor\u00e1ban hunyt el.<\/p>\n<p><em>\u201eV\u00e9gtelen\u00fcl szerencs\u00e9s embernek tartom magam, akinek volt m\u00f3dja \u00e9s lehet\u0151s\u00e9ge egy olyan csapatban j\u00e1tszani, amely a maga idej\u00e9ben n\u00e9gy \u00e9s f\u00e9l \u00e9vig \u00fclt a vil\u00e1g tetej\u00e9n, s vel\u00fcnk volt egy eg\u00e9sz nemzet hat\u00e1ron bel\u00fcl \u00e9s hat\u00e1ron k\u00edv\u00fcl.\u201d &#8211; <\/em>Grosics Gyula<\/p>\n<p><em>Bor\u00edt\u00f3k\u00e9p: Grosics Gyula Facebook oldal<\/em><\/p>\n","protected":false},"excerpt":{"rendered":"<p>1926. febru\u00e1r 4-\u00e9n, 95 \u00e9ve sz\u00fcletett Dorogon Grosics Gyula a Fekete P\u00e1rduc, 86-szoros magyar v\u00e1logatott, a Nemzet Sportol\u00f3ja c\u00edmmel kit\u00fcntetett labdar\u00fag\u00f3, minden id\u0151k egyik legjobb kapusa. Dorog jelent\u0151s sport\u00e9lettel rendelkezik, kiemelt szerepe van a labdar\u00fag\u00e1snak, a birk\u00f3z\u00e1snak, az atl\u00e9tik\u00e1nak, illetve a hegym\u00e1sz\u00e1snak is. Az Aranycsapat kapusa 13 \u00e9vesen kezdte p\u00e1lyafut\u00e1s\u00e1t Dorogon, 1943 \u00e9s 1947 k\u00f6z\u00f6tt<\/p>\n","protected":false},"author":1,"featured_media":32638,"comment_status":"closed","ping_status":"closed","sticky":false,"template":"","format":"standard","meta":{"ngg_post_thumbnail":0,"footnotes":""},"categories":[2,3,5],"tags":[4037,37,70,69,3486,72,16],"class_list":{"0":"post-32635","1":"post","2":"type-post","3":"status-publish","4":"format-standard","5":"has-post-thumbnail","7":"category-dorog","8":"category-hirek","9":"category-sport","10":"tag-dorogi-ac","11":"tag-dorogi-fc","12":"tag-foci","13":"tag-futball","14":"tag-grosics-gyula","15":"tag-labdarugas","16":"tag-sport"},"yoast_head":"<!-- This site is optimized with the Yoast SEO plugin v27.5 - https:\/\/yoast.com\/product\/yoast-seo-wordpress\/ -->\n<title>Id\u00e9n \u00fcnnepeln\u00e9 95. sz\u00fclet\u00e9snapj\u00e1t Magyarorsz\u00e1g Fekete P\u00e1rduca, Dorog b\u00fcszkes\u00e9ge<\/title>\n<meta name=\"robots\" content=\"index, follow, max-snippet:-1, max-image-preview:large, max-video-preview:-1\" \/>\n<link rel=\"canonical\" href=\"https:\/\/dorogimedence.hu\/index.php\/2021\/04\/30\/iden-unnepelne-95-szuletesnapjat-magyarorszag-fekete-parduca-dorog-buszkesege\/\" class=\"yoast-seo-meta-tag\" \/>\n<meta property=\"og:locale\" content=\"hu_HU\" class=\"yoast-seo-meta-tag\" \/>\n<meta property=\"og:type\" content=\"article\" class=\"yoast-seo-meta-tag\" \/>\n<meta property=\"og:title\" content=\"Id\u00e9n \u00fcnnepeln\u00e9 95. sz\u00fclet\u00e9snapj\u00e1t Magyarorsz\u00e1g Fekete P\u00e1rduca, Dorog b\u00fcszkes\u00e9ge\" class=\"yoast-seo-meta-tag\" \/>\n<meta property=\"og:description\" content=\"1926. febru\u00e1r 4-\u00e9n, 95 \u00e9ve sz\u00fcletett Dorogon Grosics Gyula a Fekete P\u00e1rduc, 86-szoros magyar v\u00e1logatott, a Nemzet Sportol\u00f3ja c\u00edmmel kit\u00fcntetett labdar\u00fag\u00f3, minden id\u0151k egyik legjobb kapusa. Dorog jelent\u0151s sport\u00e9lettel rendelkezik, kiemelt szerepe van a labdar\u00fag\u00e1snak, a birk\u00f3z\u00e1snak, az atl\u00e9tik\u00e1nak, illetve a hegym\u00e1sz\u00e1snak is. Az Aranycsapat kapusa 13 \u00e9vesen kezdte p\u00e1lyafut\u00e1s\u00e1t Dorogon, 1943 \u00e9s 1947 k\u00f6z\u00f6tt\" class=\"yoast-seo-meta-tag\" \/>\n<meta property=\"og:url\" content=\"https:\/\/dorogimedence.hu\/index.php\/2021\/04\/30\/iden-unnepelne-95-szuletesnapjat-magyarorszag-fekete-parduca-dorog-buszkesege\/\" class=\"yoast-seo-meta-tag\" \/>\n<meta property=\"og:site_name\" content=\"Dorogi-medence Region\u00e1lis H\u00edrport\u00e1l\" class=\"yoast-seo-meta-tag\" \/>\n<meta property=\"article:publisher\" content=\"https:\/\/www.facebook.com\/dorogimedence\/\" class=\"yoast-seo-meta-tag\" \/>\n<meta property=\"article:published_time\" content=\"2021-04-30T10:20:17+00:00\" class=\"yoast-seo-meta-tag\" \/>\n<meta property=\"article:modified_time\" content=\"2021-04-30T10:20:25+00:00\" class=\"yoast-seo-meta-tag\" \/>\n<meta property=\"og:image\" content=\"https:\/\/i0.wp.com\/dorogimedence.hu\/wp-content\/uploads\/2021\/04\/906610_1006937059321035_5463447188877068793_o.jpg?fit=1090%2C611&ssl=1\" class=\"yoast-seo-meta-tag\" \/>\n\t<meta property=\"og:image:width\" content=\"1090\" class=\"yoast-seo-meta-tag\" \/>\n\t<meta property=\"og:image:height\" content=\"611\" class=\"yoast-seo-meta-tag\" \/>\n\t<meta property=\"og:image:type\" content=\"image\/jpeg\" class=\"yoast-seo-meta-tag\" \/>\n<meta name=\"author\" content=\"dorogimedence.hu\" class=\"yoast-seo-meta-tag\" \/>\n<meta name=\"twitter:card\" content=\"summary_large_image\" class=\"yoast-seo-meta-tag\" \/>\n<meta name=\"twitter:label1\" content=\"Szerz\u0151:\" class=\"yoast-seo-meta-tag\" \/>\n\t<meta name=\"twitter:data1\" content=\"dorogimedence.hu\" class=\"yoast-seo-meta-tag\" \/>\n\t<meta name=\"twitter:label2\" content=\"Becs\u00fclt olvas\u00e1si id\u0151\" class=\"yoast-seo-meta-tag\" \/>\n\t<meta name=\"twitter:data2\" content=\"4 perc\" class=\"yoast-seo-meta-tag\" \/>\n<script type=\"application\/ld+json\" class=\"yoast-schema-graph\">{\"@context\":\"https:\\\/\\\/schema.org\",\"@graph\":[{\"@type\":\"Article\",\"@id\":\"https:\\\/\\\/dorogimedence.hu\\\/index.php\\\/2021\\\/04\\\/30\\\/iden-unnepelne-95-szuletesnapjat-magyarorszag-fekete-parduca-dorog-buszkesege\\\/#article\",\"isPartOf\":{\"@id\":\"https:\\\/\\\/dorogimedence.hu\\\/index.php\\\/2021\\\/04\\\/30\\\/iden-unnepelne-95-szuletesnapjat-magyarorszag-fekete-parduca-dorog-buszkesege\\\/\"},\"author\":{\"name\":\"dorogimedence.hu\",\"@id\":\"https:\\\/\\\/dorogimedence.hu\\\/#\\\/schema\\\/person\\\/ce6091eeb7e95ecdc87890d6aa8e0fd4\"},\"headline\":\"Id\u00e9n \u00fcnnepeln\u00e9 95. sz\u00fclet\u00e9snapj\u00e1t Magyarorsz\u00e1g Fekete P\u00e1rduca, Dorog b\u00fcszkes\u00e9ge\",\"datePublished\":\"2021-04-30T10:20:17+00:00\",\"dateModified\":\"2021-04-30T10:20:25+00:00\",\"mainEntityOfPage\":{\"@id\":\"https:\\\/\\\/dorogimedence.hu\\\/index.php\\\/2021\\\/04\\\/30\\\/iden-unnepelne-95-szuletesnapjat-magyarorszag-fekete-parduca-dorog-buszkesege\\\/\"},\"wordCount\":791,\"publisher\":{\"@id\":\"https:\\\/\\\/dorogimedence.hu\\\/#organization\"},\"image\":{\"@id\":\"https:\\\/\\\/dorogimedence.hu\\\/index.php\\\/2021\\\/04\\\/30\\\/iden-unnepelne-95-szuletesnapjat-magyarorszag-fekete-parduca-dorog-buszkesege\\\/#primaryimage\"},\"thumbnailUrl\":\"https:\\\/\\\/dorogimedence.hu\\\/wp-content\\\/uploads\\\/2021\\\/04\\\/906610_1006937059321035_5463447188877068793_o.jpg\",\"keywords\":[\"Dorogi AC\",\"Dorogi FC\",\"foci\",\"futball\",\"Grosics Gyula\",\"labdar\u00fag\u00e1s\",\"sport\"],\"articleSection\":[\"Dorog\",\"H\u00edrek\",\"Sport\"],\"inLanguage\":\"hu\"},{\"@type\":\"WebPage\",\"@id\":\"https:\\\/\\\/dorogimedence.hu\\\/index.php\\\/2021\\\/04\\\/30\\\/iden-unnepelne-95-szuletesnapjat-magyarorszag-fekete-parduca-dorog-buszkesege\\\/\",\"url\":\"https:\\\/\\\/dorogimedence.hu\\\/index.php\\\/2021\\\/04\\\/30\\\/iden-unnepelne-95-szuletesnapjat-magyarorszag-fekete-parduca-dorog-buszkesege\\\/\",\"name\":\"Id\u00e9n \u00fcnnepeln\u00e9 95. sz\u00fclet\u00e9snapj\u00e1t Magyarorsz\u00e1g Fekete P\u00e1rduca, Dorog b\u00fcszkes\u00e9ge\",\"isPartOf\":{\"@id\":\"https:\\\/\\\/dorogimedence.hu\\\/#website\"},\"primaryImageOfPage\":{\"@id\":\"https:\\\/\\\/dorogimedence.hu\\\/index.php\\\/2021\\\/04\\\/30\\\/iden-unnepelne-95-szuletesnapjat-magyarorszag-fekete-parduca-dorog-buszkesege\\\/#primaryimage\"},\"image\":{\"@id\":\"https:\\\/\\\/dorogimedence.hu\\\/index.php\\\/2021\\\/04\\\/30\\\/iden-unnepelne-95-szuletesnapjat-magyarorszag-fekete-parduca-dorog-buszkesege\\\/#primaryimage\"},\"thumbnailUrl\":\"https:\\\/\\\/dorogimedence.hu\\\/wp-content\\\/uploads\\\/2021\\\/04\\\/906610_1006937059321035_5463447188877068793_o.jpg\",\"datePublished\":\"2021-04-30T10:20:17+00:00\",\"dateModified\":\"2021-04-30T10:20:25+00:00\",\"breadcrumb\":{\"@id\":\"https:\\\/\\\/dorogimedence.hu\\\/index.php\\\/2021\\\/04\\\/30\\\/iden-unnepelne-95-szuletesnapjat-magyarorszag-fekete-parduca-dorog-buszkesege\\\/#breadcrumb\"},\"inLanguage\":\"hu\",\"potentialAction\":[{\"@type\":\"ReadAction\",\"target\":[\"https:\\\/\\\/dorogimedence.hu\\\/index.php\\\/2021\\\/04\\\/30\\\/iden-unnepelne-95-szuletesnapjat-magyarorszag-fekete-parduca-dorog-buszkesege\\\/\"]}]},{\"@type\":\"ImageObject\",\"inLanguage\":\"hu\",\"@id\":\"https:\\\/\\\/dorogimedence.hu\\\/index.php\\\/2021\\\/04\\\/30\\\/iden-unnepelne-95-szuletesnapjat-magyarorszag-fekete-parduca-dorog-buszkesege\\\/#primaryimage\",\"url\":\"https:\\\/\\\/dorogimedence.hu\\\/wp-content\\\/uploads\\\/2021\\\/04\\\/906610_1006937059321035_5463447188877068793_o.jpg\",\"contentUrl\":\"https:\\\/\\\/dorogimedence.hu\\\/wp-content\\\/uploads\\\/2021\\\/04\\\/906610_1006937059321035_5463447188877068793_o.jpg\",\"width\":1090,\"height\":611},{\"@type\":\"BreadcrumbList\",\"@id\":\"https:\\\/\\\/dorogimedence.hu\\\/index.php\\\/2021\\\/04\\\/30\\\/iden-unnepelne-95-szuletesnapjat-magyarorszag-fekete-parduca-dorog-buszkesege\\\/#breadcrumb\",\"itemListElement\":[{\"@type\":\"ListItem\",\"position\":1,\"name\":\"Kezd\u0151lap\",\"item\":\"https:\\\/\\\/dorogimedence.hu\\\/\"},{\"@type\":\"ListItem\",\"position\":2,\"name\":\"Id\u00e9n \u00fcnnepeln\u00e9 95. sz\u00fclet\u00e9snapj\u00e1t Magyarorsz\u00e1g Fekete P\u00e1rduca, Dorog b\u00fcszkes\u00e9ge\"}]},{\"@type\":\"WebSite\",\"@id\":\"https:\\\/\\\/dorogimedence.hu\\\/#website\",\"url\":\"https:\\\/\\\/dorogimedence.hu\\\/\",\"name\":\"Dorogi-medence Region\u00e1lis H\u00edrport\u00e1l\",\"description\":\"Dorog, Keszt\u00f6lc, Le\u00e1nyv\u00e1r, Piliscs\u00e9v, Tokod, Tokodalt\u00e1r\u00f3, Csolnok, Esztergom-kertv\u00e1ros: h\u00edrek, programok\",\"publisher\":{\"@id\":\"https:\\\/\\\/dorogimedence.hu\\\/#organization\"},\"potentialAction\":[{\"@type\":\"SearchAction\",\"target\":{\"@type\":\"EntryPoint\",\"urlTemplate\":\"https:\\\/\\\/dorogimedence.hu\\\/?s={search_term_string}\"},\"query-input\":{\"@type\":\"PropertyValueSpecification\",\"valueRequired\":true,\"valueName\":\"search_term_string\"}}],\"inLanguage\":\"hu\"},{\"@type\":\"Organization\",\"@id\":\"https:\\\/\\\/dorogimedence.hu\\\/#organization\",\"name\":\"Dorogi-medence Region\u00e1lis H\u00edrport\u00e1l\",\"url\":\"https:\\\/\\\/dorogimedence.hu\\\/\",\"logo\":{\"@type\":\"ImageObject\",\"inLanguage\":\"hu\",\"@id\":\"https:\\\/\\\/dorogimedence.hu\\\/#\\\/schema\\\/logo\\\/image\\\/\",\"url\":\"https:\\\/\\\/dorogimedence.hu\\\/wp-content\\\/uploads\\\/2021\\\/04\\\/logo-feher-600.png\",\"contentUrl\":\"https:\\\/\\\/dorogimedence.hu\\\/wp-content\\\/uploads\\\/2021\\\/04\\\/logo-feher-600.png\",\"width\":600,\"height\":100,\"caption\":\"Dorogi-medence Region\u00e1lis H\u00edrport\u00e1l\"},\"image\":{\"@id\":\"https:\\\/\\\/dorogimedence.hu\\\/#\\\/schema\\\/logo\\\/image\\\/\"},\"sameAs\":[\"https:\\\/\\\/www.facebook.com\\\/dorogimedence\\\/\"]},{\"@type\":\"Person\",\"@id\":\"https:\\\/\\\/dorogimedence.hu\\\/#\\\/schema\\\/person\\\/ce6091eeb7e95ecdc87890d6aa8e0fd4\",\"name\":\"dorogimedence.hu\",\"image\":{\"@type\":\"ImageObject\",\"inLanguage\":\"hu\",\"@id\":\"\\\/\\\/www.gravatar.com\\\/avatar\\\/d8d45f8901aadff40a4af72c0b826f1d?s=96&#038;r=g&#038;d=mm\",\"url\":\"\\\/\\\/www.gravatar.com\\\/avatar\\\/d8d45f8901aadff40a4af72c0b826f1d?s=96&#038;r=g&#038;d=mm\",\"contentUrl\":\"\\\/\\\/www.gravatar.com\\\/avatar\\\/d8d45f8901aadff40a4af72c0b826f1d?s=96&#038;r=g&#038;d=mm\",\"caption\":\"dorogimedence.hu\"}}]}<\/script>\n<!-- \/ Yoast SEO plugin. -->","yoast_head_json":{"title":"Id\u00e9n \u00fcnnepeln\u00e9 95. sz\u00fclet\u00e9snapj\u00e1t Magyarorsz\u00e1g Fekete P\u00e1rduca, Dorog b\u00fcszkes\u00e9ge","robots":{"index":"index","follow":"follow","max-snippet":"max-snippet:-1","max-image-preview":"max-image-preview:large","max-video-preview":"max-video-preview:-1"},"canonical":"https:\/\/dorogimedence.hu\/index.php\/2021\/04\/30\/iden-unnepelne-95-szuletesnapjat-magyarorszag-fekete-parduca-dorog-buszkesege\/","og_locale":"hu_HU","og_type":"article","og_title":"Id\u00e9n \u00fcnnepeln\u00e9 95. sz\u00fclet\u00e9snapj\u00e1t Magyarorsz\u00e1g Fekete P\u00e1rduca, Dorog b\u00fcszkes\u00e9ge","og_description":"1926. febru\u00e1r 4-\u00e9n, 95 \u00e9ve sz\u00fcletett Dorogon Grosics Gyula a Fekete P\u00e1rduc, 86-szoros magyar v\u00e1logatott, a Nemzet Sportol\u00f3ja c\u00edmmel kit\u00fcntetett labdar\u00fag\u00f3, minden id\u0151k egyik legjobb kapusa. Dorog jelent\u0151s sport\u00e9lettel rendelkezik, kiemelt szerepe van a labdar\u00fag\u00e1snak, a birk\u00f3z\u00e1snak, az atl\u00e9tik\u00e1nak, illetve a hegym\u00e1sz\u00e1snak is. Az Aranycsapat kapusa 13 \u00e9vesen kezdte p\u00e1lyafut\u00e1s\u00e1t Dorogon, 1943 \u00e9s 1947 k\u00f6z\u00f6tt","og_url":"https:\/\/dorogimedence.hu\/index.php\/2021\/04\/30\/iden-unnepelne-95-szuletesnapjat-magyarorszag-fekete-parduca-dorog-buszkesege\/","og_site_name":"Dorogi-medence Region\u00e1lis H\u00edrport\u00e1l","article_publisher":"https:\/\/www.facebook.com\/dorogimedence\/","article_published_time":"2021-04-30T10:20:17+00:00","article_modified_time":"2021-04-30T10:20:25+00:00","og_image":[{"width":1090,"height":611,"url":"https:\/\/i0.wp.com\/dorogimedence.hu\/wp-content\/uploads\/2021\/04\/906610_1006937059321035_5463447188877068793_o.jpg?fit=1090%2C611&ssl=1","type":"image\/jpeg"}],"author":"dorogimedence.hu","twitter_card":"summary_large_image","twitter_misc":{"Szerz\u0151:":"dorogimedence.hu","Becs\u00fclt olvas\u00e1si id\u0151":"4 perc"},"schema":{"@context":"https:\/\/schema.org","@graph":[{"@type":"Article","@id":"https:\/\/dorogimedence.hu\/index.php\/2021\/04\/30\/iden-unnepelne-95-szuletesnapjat-magyarorszag-fekete-parduca-dorog-buszkesege\/#article","isPartOf":{"@id":"https:\/\/dorogimedence.hu\/index.php\/2021\/04\/30\/iden-unnepelne-95-szuletesnapjat-magyarorszag-fekete-parduca-dorog-buszkesege\/"},"author":{"name":"dorogimedence.hu","@id":"https:\/\/dorogimedence.hu\/#\/schema\/person\/ce6091eeb7e95ecdc87890d6aa8e0fd4"},"headline":"Id\u00e9n \u00fcnnepeln\u00e9 95. sz\u00fclet\u00e9snapj\u00e1t Magyarorsz\u00e1g Fekete P\u00e1rduca, Dorog b\u00fcszkes\u00e9ge","datePublished":"2021-04-30T10:20:17+00:00","dateModified":"2021-04-30T10:20:25+00:00","mainEntityOfPage":{"@id":"https:\/\/dorogimedence.hu\/index.php\/2021\/04\/30\/iden-unnepelne-95-szuletesnapjat-magyarorszag-fekete-parduca-dorog-buszkesege\/"},"wordCount":791,"publisher":{"@id":"https:\/\/dorogimedence.hu\/#organization"},"image":{"@id":"https:\/\/dorogimedence.hu\/index.php\/2021\/04\/30\/iden-unnepelne-95-szuletesnapjat-magyarorszag-fekete-parduca-dorog-buszkesege\/#primaryimage"},"thumbnailUrl":"https:\/\/dorogimedence.hu\/wp-content\/uploads\/2021\/04\/906610_1006937059321035_5463447188877068793_o.jpg","keywords":["Dorogi AC","Dorogi FC","foci","futball","Grosics Gyula","labdar\u00fag\u00e1s","sport"],"articleSection":["Dorog","H\u00edrek","Sport"],"inLanguage":"hu"},{"@type":"WebPage","@id":"https:\/\/dorogimedence.hu\/index.php\/2021\/04\/30\/iden-unnepelne-95-szuletesnapjat-magyarorszag-fekete-parduca-dorog-buszkesege\/","url":"https:\/\/dorogimedence.hu\/index.php\/2021\/04\/30\/iden-unnepelne-95-szuletesnapjat-magyarorszag-fekete-parduca-dorog-buszkesege\/","name":"Id\u00e9n \u00fcnnepeln\u00e9 95. sz\u00fclet\u00e9snapj\u00e1t Magyarorsz\u00e1g Fekete P\u00e1rduca, Dorog b\u00fcszkes\u00e9ge","isPartOf":{"@id":"https:\/\/dorogimedence.hu\/#website"},"primaryImageOfPage":{"@id":"https:\/\/dorogimedence.hu\/index.php\/2021\/04\/30\/iden-unnepelne-95-szuletesnapjat-magyarorszag-fekete-parduca-dorog-buszkesege\/#primaryimage"},"image":{"@id":"https:\/\/dorogimedence.hu\/index.php\/2021\/04\/30\/iden-unnepelne-95-szuletesnapjat-magyarorszag-fekete-parduca-dorog-buszkesege\/#primaryimage"},"thumbnailUrl":"https:\/\/dorogimedence.hu\/wp-content\/uploads\/2021\/04\/906610_1006937059321035_5463447188877068793_o.jpg","datePublished":"2021-04-30T10:20:17+00:00","dateModified":"2021-04-30T10:20:25+00:00","breadcrumb":{"@id":"https:\/\/dorogimedence.hu\/index.php\/2021\/04\/30\/iden-unnepelne-95-szuletesnapjat-magyarorszag-fekete-parduca-dorog-buszkesege\/#breadcrumb"},"inLanguage":"hu","potentialAction":[{"@type":"ReadAction","target":["https:\/\/dorogimedence.hu\/index.php\/2021\/04\/30\/iden-unnepelne-95-szuletesnapjat-magyarorszag-fekete-parduca-dorog-buszkesege\/"]}]},{"@type":"ImageObject","inLanguage":"hu","@id":"https:\/\/dorogimedence.hu\/index.php\/2021\/04\/30\/iden-unnepelne-95-szuletesnapjat-magyarorszag-fekete-parduca-dorog-buszkesege\/#primaryimage","url":"https:\/\/dorogimedence.hu\/wp-content\/uploads\/2021\/04\/906610_1006937059321035_5463447188877068793_o.jpg","contentUrl":"https:\/\/dorogimedence.hu\/wp-content\/uploads\/2021\/04\/906610_1006937059321035_5463447188877068793_o.jpg","width":1090,"height":611},{"@type":"BreadcrumbList","@id":"https:\/\/dorogimedence.hu\/index.php\/2021\/04\/30\/iden-unnepelne-95-szuletesnapjat-magyarorszag-fekete-parduca-dorog-buszkesege\/#breadcrumb","itemListElement":[{"@type":"ListItem","position":1,"name":"Kezd\u0151lap","item":"https:\/\/dorogimedence.hu\/"},{"@type":"ListItem","position":2,"name":"Id\u00e9n \u00fcnnepeln\u00e9 95. sz\u00fclet\u00e9snapj\u00e1t Magyarorsz\u00e1g Fekete P\u00e1rduca, Dorog b\u00fcszkes\u00e9ge"}]},{"@type":"WebSite","@id":"https:\/\/dorogimedence.hu\/#website","url":"https:\/\/dorogimedence.hu\/","name":"Dorogi-medence Region\u00e1lis H\u00edrport\u00e1l","description":"Dorog, Keszt\u00f6lc, Le\u00e1nyv\u00e1r, Piliscs\u00e9v, Tokod, Tokodalt\u00e1r\u00f3, Csolnok, Esztergom-kertv\u00e1ros: h\u00edrek, programok","publisher":{"@id":"https:\/\/dorogimedence.hu\/#organization"},"potentialAction":[{"@type":"SearchAction","target":{"@type":"EntryPoint","urlTemplate":"https:\/\/dorogimedence.hu\/?s={search_term_string}"},"query-input":{"@type":"PropertyValueSpecification","valueRequired":true,"valueName":"search_term_string"}}],"inLanguage":"hu"},{"@type":"Organization","@id":"https:\/\/dorogimedence.hu\/#organization","name":"Dorogi-medence Region\u00e1lis H\u00edrport\u00e1l","url":"https:\/\/dorogimedence.hu\/","logo":{"@type":"ImageObject","inLanguage":"hu","@id":"https:\/\/dorogimedence.hu\/#\/schema\/logo\/image\/","url":"https:\/\/dorogimedence.hu\/wp-content\/uploads\/2021\/04\/logo-feher-600.png","contentUrl":"https:\/\/dorogimedence.hu\/wp-content\/uploads\/2021\/04\/logo-feher-600.png","width":600,"height":100,"caption":"Dorogi-medence Region\u00e1lis H\u00edrport\u00e1l"},"image":{"@id":"https:\/\/dorogimedence.hu\/#\/schema\/logo\/image\/"},"sameAs":["https:\/\/www.facebook.com\/dorogimedence\/"]},{"@type":"Person","@id":"https:\/\/dorogimedence.hu\/#\/schema\/person\/ce6091eeb7e95ecdc87890d6aa8e0fd4","name":"dorogimedence.hu","image":{"@type":"ImageObject","inLanguage":"hu","@id":"\/\/www.gravatar.com\/avatar\/d8d45f8901aadff40a4af72c0b826f1d?s=96&#038;r=g&#038;d=mm","url":"\/\/www.gravatar.com\/avatar\/d8d45f8901aadff40a4af72c0b826f1d?s=96&#038;r=g&#038;d=mm","contentUrl":"\/\/www.gravatar.com\/avatar\/d8d45f8901aadff40a4af72c0b826f1d?s=96&#038;r=g&#038;d=mm","caption":"dorogimedence.hu"}}]}},"_links":{"self":[{"href":"https:\/\/dorogimedence.hu\/index.php\/wp-json\/wp\/v2\/posts\/32635","targetHints":{"allow":["GET"]}}],"collection":[{"href":"https:\/\/dorogimedence.hu\/index.php\/wp-json\/wp\/v2\/posts"}],"about":[{"href":"https:\/\/dorogimedence.hu\/index.php\/wp-json\/wp\/v2\/types\/post"}],"author":[{"embeddable":true,"href":"https:\/\/dorogimedence.hu\/index.php\/wp-json\/wp\/v2\/users\/1"}],"replies":[{"embeddable":true,"href":"https:\/\/dorogimedence.hu\/index.php\/wp-json\/wp\/v2\/comments?post=32635"}],"version-history":[{"count":0,"href":"https:\/\/dorogimedence.hu\/index.php\/wp-json\/wp\/v2\/posts\/32635\/revisions"}],"wp:featuredmedia":[{"embeddable":true,"href":"https:\/\/dorogimedence.hu\/index.php\/wp-json\/wp\/v2\/media\/32638"}],"wp:attachment":[{"href":"https:\/\/dorogimedence.hu\/index.php\/wp-json\/wp\/v2\/media?parent=32635"}],"wp:term":[{"taxonomy":"category","embeddable":true,"href":"https:\/\/dorogimedence.hu\/index.php\/wp-json\/wp\/v2\/categories?post=32635"},{"taxonomy":"post_tag","embeddable":true,"href":"https:\/\/dorogimedence.hu\/index.php\/wp-json\/wp\/v2\/tags?post=32635"}],"curies":[{"name":"wp","href":"https:\/\/api.w.org\/{rel}","templated":true}]}}