{"id":32583,"date":"2021-04-29T07:24:08","date_gmt":"2021-04-29T05:24:08","guid":{"rendered":"https:\/\/dorogimedence.hu\/?p=32583"},"modified":"2021-04-29T07:25:21","modified_gmt":"2021-04-29T05:25:21","slug":"otgolos-merkozesen-gyozte-le-a-szeged-a-dorogot","status":"publish","type":"post","link":"https:\/\/dorogimedence.hu\/index.php\/2021\/04\/29\/otgolos-merkozesen-gyozte-le-a-szeged-a-dorogot\/","title":{"rendered":"\u00d6tg\u00f3los m\u00e9rk\u0151z\u00e9sen gy\u0151zte le a Szeged a Dorogot"},"content":{"rendered":"<p class=\"lead\"><strong>A labdar\u00fag\u00f3 NB II 35. fordul\u00f3j\u00e1ban a Dorog az \u00e9ppen egy hellyel el\u0151tte \u00e1ll\u00f3 Szeged-Csan\u00e1dot l\u00e1tta vend\u00e9g\u00fcl ideiglenes otthon\u00e1ban, Gyirm\u00f3ton. Az els\u0151 f\u00e9lid\u0151 k\u00f6zep\u00e9n a Dorog szerzett vezet\u00e9st, el\u0151ny\u00e9t azonban nem tudta megtartani, \u00e9s kikapott a h\u00e1rom g\u00f3lt szerz\u0151 Szegedt\u0151l<\/strong> <em>&#8211; \u00edrja a Nemzeti Sport.<\/em><\/p>\n<p>Szegedi rohamokkal indult a tal\u00e1lkoz\u00f3, a 27. percben azonban form\u00e1s t\u00e1mad\u00e1s v\u00e9g\u00e9n a Dorog tudott vezet\u00e9st szerezni Szerencsi g\u00f3lj\u00e1val (1\u20130). A dorogi \u00f6r\u00f6m nem tartott sok\u00e1ig, hiszen nyolc perccel k\u00e9s\u0151bb Ol\u00e1h tal\u00e1lat\u00e1val egyenl\u00edtett a Szeged (1\u20131). A m\u00e1sodik f\u00e9lid\u0151 m\u00e1r magasabb fordulatsz\u00e1mon zajlott, mint az els\u0151, a Szegednek mind\u00f6ssze \u00f6t percre volt sz\u00fcks\u00e9ge, hogy Haruna r\u00e9v\u00e9n megszerezze a vezet\u00e9st (1\u20132). A kapott g\u00f3lt k\u00f6vet\u0151en a Dorog h\u00e1rmas cser\u00e9vel friss\u00edtett, \u00e9s a 71. percben egyenl\u00edteni tudott. \u00c9ppen a cserek\u00e9nt be\u00e1ll\u00f3 Girsik \u00edvelt a kapu el\u00e9, ahol Bel\u00e9nyesi szerzett g\u00f3lt a vend\u00e9gkapus bizonytalans\u00e1g\u00e1t kihaszn\u00e1lva (2\u20132). A m\u00e9rk\u0151z\u00e9s v\u00e9geredm\u00e9nye a 79. percben alakult ki, amikor \u00d3dor passza ut\u00e1n Gajdos remek kap\u00e1sl\u00f6v\u00e9ssel vette be a dorogi kaput (2\u20133).<\/p>\n<p><strong>LABDAR\u00daG\u00d3 NB II &#8211; 35. FORDUL\u00d3<br \/>\n<span style=\"color: #ff0000;\">DOROGI FC\u2013SZEGED-CSAN\u00c1D GA 2\u20133 (<\/span><\/strong><span style=\"color: #ff0000;\"><strong>1\u20131)<\/strong><\/span><strong><br \/>\nGy\u0151r-Gyirm\u00f3t, <\/strong>Alcufer Stadion<strong>, z\u00e1rt kapuk m\u00f6g\u00f6tt. Vezette: <\/strong>Ducsai J\u00f3zsef (R\u00f3zsa D\u00e1vid, Kulman Tam\u00e1s)<br \/>\n<strong>DOROG:&nbsp;<\/strong>Borsos \u2013 K\u00e1r\u00e1sz K., Bel\u00e9nyesi, Dlusztus A., Papp M. \u2013 L\u00e9n\u00e1rth, T\u00f3th B., Barna G. (Girsik, 58.) \u2013 Szedl\u00e1r Z., V\u00edgh \u00c1. (Szab\u00f3 L., 58.), Szerencsi (Beliczky G., 58.). <strong>Vezet\u0151edz\u0151:<\/strong> Fenyvesi L\u00e1szl\u00f3<br \/>\n<strong>SZEGED:&nbsp;<\/strong>Tak\u00e1cs J. \u2013 \u00d3dor, Szilv\u00e1si, Moga, Mohl \u2013 Ol\u00e1h G., Simon \u00c1. \u2013 K\u0151v\u00e1ri R. (Gr\u00e9czi M., 73.), Gajdos Zs. (Jovanovic, 84.), Dobronoky (K\u00f3r\u00f3di, 67.) \u2013 Haruna (Grumics, 67.). <strong>Vezet\u0151edz\u0151:<\/strong> Dragan Vukmir<br \/>\n<strong>G\u00f3lszerz\u0151<\/strong>: Szerencsi (27.), Bel\u00e9nyesi (71.), ill. Ol\u00e1h G. (35.), Haruna (50.), Gajdos Zs. (79.)<strong><br \/>\nMESTERM\u00c9RLEG<br \/>\nFenyvesi L\u00e1szl\u00f3:<\/strong> \u2013 A d\u00f6ntetlent meg\u00e9rdemelt\u00fck volna, de a Szeged jobban haszn\u00e1lta ki g\u00f3lszerz\u00e9si lehet\u0151s\u00e9geit. Csal\u00f3dott vagyok.<strong><br \/>\nDragan Vukmir:<\/strong> \u2013 El\u00e9gedett vagyok, mert jobban futballoztunk, a helyzeteinket is megfelel\u0151en haszn\u00e1ltuk ki, r\u00e1ad\u00e1sul ezzel a gy\u0151zelemmel siker\u00fclt bent maradnunk a m\u00e1sodoszt\u00e1lyban. B\u00e1r a m\u00e9rk\u0151z\u00e9s elej\u00e9n h\u00e1tr\u00e1nyba ker\u00fclt\u00fcnk, megfelel\u0151 hozz\u00e1\u00e1ll\u00e1ssal megnyert\u00fck a m\u00e9rk\u0151z\u00e9st.<\/p>\n<p><a href=\"https:\/\/www.nemzetisport.hu\/labdarugo_nb_ii\/nb-ii-dorog-szeged-2823051\" target=\"_blank\" rel=\"noopener\"><span style=\"text-decoration: underline; color: #0000ff;\"><strong>A m\u00e9rk\u0151z\u00e9s r\u00e9szletei&gt;&gt;<\/strong><\/span><\/a><\/p>\n<p><em>Forr\u00e1s: nemzetisport.hu<\/em><br \/>\n<em>Bor\u00edt\u00f3k\u00e9p: Dorogi FC<\/em><\/p>\n","protected":false},"excerpt":{"rendered":"<p>A labdar\u00fag\u00f3 NB II 35. fordul\u00f3j\u00e1ban a Dorog az \u00e9ppen egy hellyel el\u0151tte \u00e1ll\u00f3 Szeged-Csan\u00e1dot l\u00e1tta vend\u00e9g\u00fcl ideiglenes otthon\u00e1ban, Gyirm\u00f3ton. Az els\u0151 f\u00e9lid\u0151 k\u00f6zep\u00e9n a Dorog szerzett vezet\u00e9st, el\u0151ny\u00e9t azonban nem tudta megtartani, \u00e9s kikapott a h\u00e1rom g\u00f3lt szerz\u0151 Szegedt\u0151l &#8211; \u00edrja a Nemzeti Sport. Szegedi rohamokkal indult a tal\u00e1lkoz\u00f3, a 27. percben azonban form\u00e1s<\/p>\n","protected":false},"author":1,"featured_media":32584,"comment_status":"closed","ping_status":"closed","sticky":false,"template":"","format":"standard","meta":{"ngg_post_thumbnail":0,"footnotes":""},"categories":[2,3,5],"tags":[15,37,70,69,72,263,16,748],"class_list":{"0":"post-32583","1":"post","2":"type-post","3":"status-publish","4":"format-standard","5":"has-post-thumbnail","7":"category-dorog","8":"category-hirek","9":"category-sport","10":"tag-dorog","11":"tag-dorogi-fc","12":"tag-foci","13":"tag-futball","14":"tag-labdarugas","15":"tag-nb-ii","16":"tag-sport","17":"tag-szeged"},"yoast_head":"<!-- This site is optimized with the Yoast SEO plugin v27.5 - https:\/\/yoast.com\/product\/yoast-seo-wordpress\/ -->\n<title>\u00d6tg\u00f3los m\u00e9rk\u0151z\u00e9sen gy\u0151zte le a Szeged a Dorogot<\/title>\n<meta name=\"robots\" content=\"index, follow, max-snippet:-1, max-image-preview:large, max-video-preview:-1\" \/>\n<link rel=\"canonical\" href=\"https:\/\/dorogimedence.hu\/index.php\/2021\/04\/29\/otgolos-merkozesen-gyozte-le-a-szeged-a-dorogot\/\" class=\"yoast-seo-meta-tag\" \/>\n<meta property=\"og:locale\" content=\"hu_HU\" class=\"yoast-seo-meta-tag\" \/>\n<meta property=\"og:type\" content=\"article\" class=\"yoast-seo-meta-tag\" \/>\n<meta property=\"og:title\" content=\"\u00d6tg\u00f3los m\u00e9rk\u0151z\u00e9sen gy\u0151zte le a Szeged a Dorogot\" class=\"yoast-seo-meta-tag\" \/>\n<meta property=\"og:description\" content=\"A labdar\u00fag\u00f3 NB II 35. fordul\u00f3j\u00e1ban a Dorog az \u00e9ppen egy hellyel el\u0151tte \u00e1ll\u00f3 Szeged-Csan\u00e1dot l\u00e1tta vend\u00e9g\u00fcl ideiglenes otthon\u00e1ban, Gyirm\u00f3ton. Az els\u0151 f\u00e9lid\u0151 k\u00f6zep\u00e9n a Dorog szerzett vezet\u00e9st, el\u0151ny\u00e9t azonban nem tudta megtartani, \u00e9s kikapott a h\u00e1rom g\u00f3lt szerz\u0151 Szegedt\u0151l &#8211; \u00edrja a Nemzeti Sport. Szegedi rohamokkal indult a tal\u00e1lkoz\u00f3, a 27. percben azonban form\u00e1s\" class=\"yoast-seo-meta-tag\" \/>\n<meta property=\"og:url\" content=\"https:\/\/dorogimedence.hu\/index.php\/2021\/04\/29\/otgolos-merkozesen-gyozte-le-a-szeged-a-dorogot\/\" class=\"yoast-seo-meta-tag\" \/>\n<meta property=\"og:site_name\" content=\"Dorogi-medence Region\u00e1lis H\u00edrport\u00e1l\" class=\"yoast-seo-meta-tag\" \/>\n<meta property=\"article:publisher\" content=\"https:\/\/www.facebook.com\/dorogimedence\/\" class=\"yoast-seo-meta-tag\" \/>\n<meta property=\"article:published_time\" content=\"2021-04-29T05:24:08+00:00\" class=\"yoast-seo-meta-tag\" \/>\n<meta property=\"article:modified_time\" content=\"2021-04-29T05:25:21+00:00\" class=\"yoast-seo-meta-tag\" \/>\n<meta property=\"og:image\" content=\"https:\/\/i0.wp.com\/dorogimedence.hu\/wp-content\/uploads\/2021\/04\/179697235_3853856921379980_6596397230410248195_n.jpg?fit=2048%2C1280&ssl=1\" class=\"yoast-seo-meta-tag\" \/>\n\t<meta property=\"og:image:width\" content=\"2048\" class=\"yoast-seo-meta-tag\" \/>\n\t<meta property=\"og:image:height\" content=\"1280\" class=\"yoast-seo-meta-tag\" \/>\n\t<meta property=\"og:image:type\" content=\"image\/jpeg\" class=\"yoast-seo-meta-tag\" \/>\n<meta name=\"author\" content=\"dorogimedence.hu\" class=\"yoast-seo-meta-tag\" \/>\n<meta name=\"twitter:card\" content=\"summary_large_image\" class=\"yoast-seo-meta-tag\" \/>\n<meta name=\"twitter:label1\" content=\"Szerz\u0151:\" class=\"yoast-seo-meta-tag\" \/>\n\t<meta name=\"twitter:data1\" content=\"dorogimedence.hu\" class=\"yoast-seo-meta-tag\" \/>\n\t<meta name=\"twitter:label2\" content=\"Becs\u00fclt olvas\u00e1si id\u0151\" class=\"yoast-seo-meta-tag\" \/>\n\t<meta name=\"twitter:data2\" content=\"2 perc\" class=\"yoast-seo-meta-tag\" \/>\n<script type=\"application\/ld+json\" class=\"yoast-schema-graph\">{\"@context\":\"https:\\\/\\\/schema.org\",\"@graph\":[{\"@type\":\"Article\",\"@id\":\"https:\\\/\\\/dorogimedence.hu\\\/index.php\\\/2021\\\/04\\\/29\\\/otgolos-merkozesen-gyozte-le-a-szeged-a-dorogot\\\/#article\",\"isPartOf\":{\"@id\":\"https:\\\/\\\/dorogimedence.hu\\\/index.php\\\/2021\\\/04\\\/29\\\/otgolos-merkozesen-gyozte-le-a-szeged-a-dorogot\\\/\"},\"author\":{\"name\":\"dorogimedence.hu\",\"@id\":\"https:\\\/\\\/dorogimedence.hu\\\/#\\\/schema\\\/person\\\/ce6091eeb7e95ecdc87890d6aa8e0fd4\"},\"headline\":\"\u00d6tg\u00f3los m\u00e9rk\u0151z\u00e9sen gy\u0151zte le a Szeged a Dorogot\",\"datePublished\":\"2021-04-29T05:24:08+00:00\",\"dateModified\":\"2021-04-29T05:25:21+00:00\",\"mainEntityOfPage\":{\"@id\":\"https:\\\/\\\/dorogimedence.hu\\\/index.php\\\/2021\\\/04\\\/29\\\/otgolos-merkozesen-gyozte-le-a-szeged-a-dorogot\\\/\"},\"wordCount\":453,\"publisher\":{\"@id\":\"https:\\\/\\\/dorogimedence.hu\\\/#organization\"},\"image\":{\"@id\":\"https:\\\/\\\/dorogimedence.hu\\\/index.php\\\/2021\\\/04\\\/29\\\/otgolos-merkozesen-gyozte-le-a-szeged-a-dorogot\\\/#primaryimage\"},\"thumbnailUrl\":\"https:\\\/\\\/dorogimedence.hu\\\/wp-content\\\/uploads\\\/2021\\\/04\\\/179697235_3853856921379980_6596397230410248195_n.jpg\",\"keywords\":[\"Dorog\",\"Dorogi FC\",\"foci\",\"futball\",\"labdar\u00fag\u00e1s\",\"NB II\",\"sport\",\"Szeged\"],\"articleSection\":[\"Dorog\",\"H\u00edrek\",\"Sport\"],\"inLanguage\":\"hu\"},{\"@type\":\"WebPage\",\"@id\":\"https:\\\/\\\/dorogimedence.hu\\\/index.php\\\/2021\\\/04\\\/29\\\/otgolos-merkozesen-gyozte-le-a-szeged-a-dorogot\\\/\",\"url\":\"https:\\\/\\\/dorogimedence.hu\\\/index.php\\\/2021\\\/04\\\/29\\\/otgolos-merkozesen-gyozte-le-a-szeged-a-dorogot\\\/\",\"name\":\"\u00d6tg\u00f3los m\u00e9rk\u0151z\u00e9sen gy\u0151zte le a Szeged a Dorogot\",\"isPartOf\":{\"@id\":\"https:\\\/\\\/dorogimedence.hu\\\/#website\"},\"primaryImageOfPage\":{\"@id\":\"https:\\\/\\\/dorogimedence.hu\\\/index.php\\\/2021\\\/04\\\/29\\\/otgolos-merkozesen-gyozte-le-a-szeged-a-dorogot\\\/#primaryimage\"},\"image\":{\"@id\":\"https:\\\/\\\/dorogimedence.hu\\\/index.php\\\/2021\\\/04\\\/29\\\/otgolos-merkozesen-gyozte-le-a-szeged-a-dorogot\\\/#primaryimage\"},\"thumbnailUrl\":\"https:\\\/\\\/dorogimedence.hu\\\/wp-content\\\/uploads\\\/2021\\\/04\\\/179697235_3853856921379980_6596397230410248195_n.jpg\",\"datePublished\":\"2021-04-29T05:24:08+00:00\",\"dateModified\":\"2021-04-29T05:25:21+00:00\",\"breadcrumb\":{\"@id\":\"https:\\\/\\\/dorogimedence.hu\\\/index.php\\\/2021\\\/04\\\/29\\\/otgolos-merkozesen-gyozte-le-a-szeged-a-dorogot\\\/#breadcrumb\"},\"inLanguage\":\"hu\",\"potentialAction\":[{\"@type\":\"ReadAction\",\"target\":[\"https:\\\/\\\/dorogimedence.hu\\\/index.php\\\/2021\\\/04\\\/29\\\/otgolos-merkozesen-gyozte-le-a-szeged-a-dorogot\\\/\"]}]},{\"@type\":\"ImageObject\",\"inLanguage\":\"hu\",\"@id\":\"https:\\\/\\\/dorogimedence.hu\\\/index.php\\\/2021\\\/04\\\/29\\\/otgolos-merkozesen-gyozte-le-a-szeged-a-dorogot\\\/#primaryimage\",\"url\":\"https:\\\/\\\/dorogimedence.hu\\\/wp-content\\\/uploads\\\/2021\\\/04\\\/179697235_3853856921379980_6596397230410248195_n.jpg\",\"contentUrl\":\"https:\\\/\\\/dorogimedence.hu\\\/wp-content\\\/uploads\\\/2021\\\/04\\\/179697235_3853856921379980_6596397230410248195_n.jpg\",\"width\":2048,\"height\":1280},{\"@type\":\"BreadcrumbList\",\"@id\":\"https:\\\/\\\/dorogimedence.hu\\\/index.php\\\/2021\\\/04\\\/29\\\/otgolos-merkozesen-gyozte-le-a-szeged-a-dorogot\\\/#breadcrumb\",\"itemListElement\":[{\"@type\":\"ListItem\",\"position\":1,\"name\":\"Kezd\u0151lap\",\"item\":\"https:\\\/\\\/dorogimedence.hu\\\/\"},{\"@type\":\"ListItem\",\"position\":2,\"name\":\"\u00d6tg\u00f3los m\u00e9rk\u0151z\u00e9sen gy\u0151zte le a Szeged a Dorogot\"}]},{\"@type\":\"WebSite\",\"@id\":\"https:\\\/\\\/dorogimedence.hu\\\/#website\",\"url\":\"https:\\\/\\\/dorogimedence.hu\\\/\",\"name\":\"Dorogi-medence Region\u00e1lis H\u00edrport\u00e1l\",\"description\":\"Dorog, Keszt\u00f6lc, Le\u00e1nyv\u00e1r, Piliscs\u00e9v, Tokod, Tokodalt\u00e1r\u00f3, Csolnok, Esztergom-kertv\u00e1ros: h\u00edrek, programok\",\"publisher\":{\"@id\":\"https:\\\/\\\/dorogimedence.hu\\\/#organization\"},\"potentialAction\":[{\"@type\":\"SearchAction\",\"target\":{\"@type\":\"EntryPoint\",\"urlTemplate\":\"https:\\\/\\\/dorogimedence.hu\\\/?s={search_term_string}\"},\"query-input\":{\"@type\":\"PropertyValueSpecification\",\"valueRequired\":true,\"valueName\":\"search_term_string\"}}],\"inLanguage\":\"hu\"},{\"@type\":\"Organization\",\"@id\":\"https:\\\/\\\/dorogimedence.hu\\\/#organization\",\"name\":\"Dorogi-medence Region\u00e1lis H\u00edrport\u00e1l\",\"url\":\"https:\\\/\\\/dorogimedence.hu\\\/\",\"logo\":{\"@type\":\"ImageObject\",\"inLanguage\":\"hu\",\"@id\":\"https:\\\/\\\/dorogimedence.hu\\\/#\\\/schema\\\/logo\\\/image\\\/\",\"url\":\"https:\\\/\\\/dorogimedence.hu\\\/wp-content\\\/uploads\\\/2021\\\/04\\\/logo-feher-600.png\",\"contentUrl\":\"https:\\\/\\\/dorogimedence.hu\\\/wp-content\\\/uploads\\\/2021\\\/04\\\/logo-feher-600.png\",\"width\":600,\"height\":100,\"caption\":\"Dorogi-medence Region\u00e1lis H\u00edrport\u00e1l\"},\"image\":{\"@id\":\"https:\\\/\\\/dorogimedence.hu\\\/#\\\/schema\\\/logo\\\/image\\\/\"},\"sameAs\":[\"https:\\\/\\\/www.facebook.com\\\/dorogimedence\\\/\"]},{\"@type\":\"Person\",\"@id\":\"https:\\\/\\\/dorogimedence.hu\\\/#\\\/schema\\\/person\\\/ce6091eeb7e95ecdc87890d6aa8e0fd4\",\"name\":\"dorogimedence.hu\",\"image\":{\"@type\":\"ImageObject\",\"inLanguage\":\"hu\",\"@id\":\"\\\/\\\/www.gravatar.com\\\/avatar\\\/d8d45f8901aadff40a4af72c0b826f1d?s=96&#038;r=g&#038;d=mm\",\"url\":\"\\\/\\\/www.gravatar.com\\\/avatar\\\/d8d45f8901aadff40a4af72c0b826f1d?s=96&#038;r=g&#038;d=mm\",\"contentUrl\":\"\\\/\\\/www.gravatar.com\\\/avatar\\\/d8d45f8901aadff40a4af72c0b826f1d?s=96&#038;r=g&#038;d=mm\",\"caption\":\"dorogimedence.hu\"}}]}<\/script>\n<!-- \/ Yoast SEO plugin. -->","yoast_head_json":{"title":"\u00d6tg\u00f3los m\u00e9rk\u0151z\u00e9sen gy\u0151zte le a Szeged a Dorogot","robots":{"index":"index","follow":"follow","max-snippet":"max-snippet:-1","max-image-preview":"max-image-preview:large","max-video-preview":"max-video-preview:-1"},"canonical":"https:\/\/dorogimedence.hu\/index.php\/2021\/04\/29\/otgolos-merkozesen-gyozte-le-a-szeged-a-dorogot\/","og_locale":"hu_HU","og_type":"article","og_title":"\u00d6tg\u00f3los m\u00e9rk\u0151z\u00e9sen gy\u0151zte le a Szeged a Dorogot","og_description":"A labdar\u00fag\u00f3 NB II 35. fordul\u00f3j\u00e1ban a Dorog az \u00e9ppen egy hellyel el\u0151tte \u00e1ll\u00f3 Szeged-Csan\u00e1dot l\u00e1tta vend\u00e9g\u00fcl ideiglenes otthon\u00e1ban, Gyirm\u00f3ton. Az els\u0151 f\u00e9lid\u0151 k\u00f6zep\u00e9n a Dorog szerzett vezet\u00e9st, el\u0151ny\u00e9t azonban nem tudta megtartani, \u00e9s kikapott a h\u00e1rom g\u00f3lt szerz\u0151 Szegedt\u0151l &#8211; \u00edrja a Nemzeti Sport. Szegedi rohamokkal indult a tal\u00e1lkoz\u00f3, a 27. percben azonban form\u00e1s","og_url":"https:\/\/dorogimedence.hu\/index.php\/2021\/04\/29\/otgolos-merkozesen-gyozte-le-a-szeged-a-dorogot\/","og_site_name":"Dorogi-medence Region\u00e1lis H\u00edrport\u00e1l","article_publisher":"https:\/\/www.facebook.com\/dorogimedence\/","article_published_time":"2021-04-29T05:24:08+00:00","article_modified_time":"2021-04-29T05:25:21+00:00","og_image":[{"width":2048,"height":1280,"url":"https:\/\/i0.wp.com\/dorogimedence.hu\/wp-content\/uploads\/2021\/04\/179697235_3853856921379980_6596397230410248195_n.jpg?fit=2048%2C1280&ssl=1","type":"image\/jpeg"}],"author":"dorogimedence.hu","twitter_card":"summary_large_image","twitter_misc":{"Szerz\u0151:":"dorogimedence.hu","Becs\u00fclt olvas\u00e1si id\u0151":"2 perc"},"schema":{"@context":"https:\/\/schema.org","@graph":[{"@type":"Article","@id":"https:\/\/dorogimedence.hu\/index.php\/2021\/04\/29\/otgolos-merkozesen-gyozte-le-a-szeged-a-dorogot\/#article","isPartOf":{"@id":"https:\/\/dorogimedence.hu\/index.php\/2021\/04\/29\/otgolos-merkozesen-gyozte-le-a-szeged-a-dorogot\/"},"author":{"name":"dorogimedence.hu","@id":"https:\/\/dorogimedence.hu\/#\/schema\/person\/ce6091eeb7e95ecdc87890d6aa8e0fd4"},"headline":"\u00d6tg\u00f3los m\u00e9rk\u0151z\u00e9sen gy\u0151zte le a Szeged a Dorogot","datePublished":"2021-04-29T05:24:08+00:00","dateModified":"2021-04-29T05:25:21+00:00","mainEntityOfPage":{"@id":"https:\/\/dorogimedence.hu\/index.php\/2021\/04\/29\/otgolos-merkozesen-gyozte-le-a-szeged-a-dorogot\/"},"wordCount":453,"publisher":{"@id":"https:\/\/dorogimedence.hu\/#organization"},"image":{"@id":"https:\/\/dorogimedence.hu\/index.php\/2021\/04\/29\/otgolos-merkozesen-gyozte-le-a-szeged-a-dorogot\/#primaryimage"},"thumbnailUrl":"https:\/\/dorogimedence.hu\/wp-content\/uploads\/2021\/04\/179697235_3853856921379980_6596397230410248195_n.jpg","keywords":["Dorog","Dorogi FC","foci","futball","labdar\u00fag\u00e1s","NB II","sport","Szeged"],"articleSection":["Dorog","H\u00edrek","Sport"],"inLanguage":"hu"},{"@type":"WebPage","@id":"https:\/\/dorogimedence.hu\/index.php\/2021\/04\/29\/otgolos-merkozesen-gyozte-le-a-szeged-a-dorogot\/","url":"https:\/\/dorogimedence.hu\/index.php\/2021\/04\/29\/otgolos-merkozesen-gyozte-le-a-szeged-a-dorogot\/","name":"\u00d6tg\u00f3los m\u00e9rk\u0151z\u00e9sen gy\u0151zte le a Szeged a Dorogot","isPartOf":{"@id":"https:\/\/dorogimedence.hu\/#website"},"primaryImageOfPage":{"@id":"https:\/\/dorogimedence.hu\/index.php\/2021\/04\/29\/otgolos-merkozesen-gyozte-le-a-szeged-a-dorogot\/#primaryimage"},"image":{"@id":"https:\/\/dorogimedence.hu\/index.php\/2021\/04\/29\/otgolos-merkozesen-gyozte-le-a-szeged-a-dorogot\/#primaryimage"},"thumbnailUrl":"https:\/\/dorogimedence.hu\/wp-content\/uploads\/2021\/04\/179697235_3853856921379980_6596397230410248195_n.jpg","datePublished":"2021-04-29T05:24:08+00:00","dateModified":"2021-04-29T05:25:21+00:00","breadcrumb":{"@id":"https:\/\/dorogimedence.hu\/index.php\/2021\/04\/29\/otgolos-merkozesen-gyozte-le-a-szeged-a-dorogot\/#breadcrumb"},"inLanguage":"hu","potentialAction":[{"@type":"ReadAction","target":["https:\/\/dorogimedence.hu\/index.php\/2021\/04\/29\/otgolos-merkozesen-gyozte-le-a-szeged-a-dorogot\/"]}]},{"@type":"ImageObject","inLanguage":"hu","@id":"https:\/\/dorogimedence.hu\/index.php\/2021\/04\/29\/otgolos-merkozesen-gyozte-le-a-szeged-a-dorogot\/#primaryimage","url":"https:\/\/dorogimedence.hu\/wp-content\/uploads\/2021\/04\/179697235_3853856921379980_6596397230410248195_n.jpg","contentUrl":"https:\/\/dorogimedence.hu\/wp-content\/uploads\/2021\/04\/179697235_3853856921379980_6596397230410248195_n.jpg","width":2048,"height":1280},{"@type":"BreadcrumbList","@id":"https:\/\/dorogimedence.hu\/index.php\/2021\/04\/29\/otgolos-merkozesen-gyozte-le-a-szeged-a-dorogot\/#breadcrumb","itemListElement":[{"@type":"ListItem","position":1,"name":"Kezd\u0151lap","item":"https:\/\/dorogimedence.hu\/"},{"@type":"ListItem","position":2,"name":"\u00d6tg\u00f3los m\u00e9rk\u0151z\u00e9sen gy\u0151zte le a Szeged a Dorogot"}]},{"@type":"WebSite","@id":"https:\/\/dorogimedence.hu\/#website","url":"https:\/\/dorogimedence.hu\/","name":"Dorogi-medence Region\u00e1lis H\u00edrport\u00e1l","description":"Dorog, Keszt\u00f6lc, Le\u00e1nyv\u00e1r, Piliscs\u00e9v, Tokod, Tokodalt\u00e1r\u00f3, Csolnok, Esztergom-kertv\u00e1ros: h\u00edrek, programok","publisher":{"@id":"https:\/\/dorogimedence.hu\/#organization"},"potentialAction":[{"@type":"SearchAction","target":{"@type":"EntryPoint","urlTemplate":"https:\/\/dorogimedence.hu\/?s={search_term_string}"},"query-input":{"@type":"PropertyValueSpecification","valueRequired":true,"valueName":"search_term_string"}}],"inLanguage":"hu"},{"@type":"Organization","@id":"https:\/\/dorogimedence.hu\/#organization","name":"Dorogi-medence Region\u00e1lis H\u00edrport\u00e1l","url":"https:\/\/dorogimedence.hu\/","logo":{"@type":"ImageObject","inLanguage":"hu","@id":"https:\/\/dorogimedence.hu\/#\/schema\/logo\/image\/","url":"https:\/\/dorogimedence.hu\/wp-content\/uploads\/2021\/04\/logo-feher-600.png","contentUrl":"https:\/\/dorogimedence.hu\/wp-content\/uploads\/2021\/04\/logo-feher-600.png","width":600,"height":100,"caption":"Dorogi-medence Region\u00e1lis H\u00edrport\u00e1l"},"image":{"@id":"https:\/\/dorogimedence.hu\/#\/schema\/logo\/image\/"},"sameAs":["https:\/\/www.facebook.com\/dorogimedence\/"]},{"@type":"Person","@id":"https:\/\/dorogimedence.hu\/#\/schema\/person\/ce6091eeb7e95ecdc87890d6aa8e0fd4","name":"dorogimedence.hu","image":{"@type":"ImageObject","inLanguage":"hu","@id":"\/\/www.gravatar.com\/avatar\/d8d45f8901aadff40a4af72c0b826f1d?s=96&#038;r=g&#038;d=mm","url":"\/\/www.gravatar.com\/avatar\/d8d45f8901aadff40a4af72c0b826f1d?s=96&#038;r=g&#038;d=mm","contentUrl":"\/\/www.gravatar.com\/avatar\/d8d45f8901aadff40a4af72c0b826f1d?s=96&#038;r=g&#038;d=mm","caption":"dorogimedence.hu"}}]}},"_links":{"self":[{"href":"https:\/\/dorogimedence.hu\/index.php\/wp-json\/wp\/v2\/posts\/32583","targetHints":{"allow":["GET"]}}],"collection":[{"href":"https:\/\/dorogimedence.hu\/index.php\/wp-json\/wp\/v2\/posts"}],"about":[{"href":"https:\/\/dorogimedence.hu\/index.php\/wp-json\/wp\/v2\/types\/post"}],"author":[{"embeddable":true,"href":"https:\/\/dorogimedence.hu\/index.php\/wp-json\/wp\/v2\/users\/1"}],"replies":[{"embeddable":true,"href":"https:\/\/dorogimedence.hu\/index.php\/wp-json\/wp\/v2\/comments?post=32583"}],"version-history":[{"count":0,"href":"https:\/\/dorogimedence.hu\/index.php\/wp-json\/wp\/v2\/posts\/32583\/revisions"}],"wp:featuredmedia":[{"embeddable":true,"href":"https:\/\/dorogimedence.hu\/index.php\/wp-json\/wp\/v2\/media\/32584"}],"wp:attachment":[{"href":"https:\/\/dorogimedence.hu\/index.php\/wp-json\/wp\/v2\/media?parent=32583"}],"wp:term":[{"taxonomy":"category","embeddable":true,"href":"https:\/\/dorogimedence.hu\/index.php\/wp-json\/wp\/v2\/categories?post=32583"},{"taxonomy":"post_tag","embeddable":true,"href":"https:\/\/dorogimedence.hu\/index.php\/wp-json\/wp\/v2\/tags?post=32583"}],"curies":[{"name":"wp","href":"https:\/\/api.w.org\/{rel}","templated":true}]}}