{"id":32526,"date":"2021-04-27T09:35:35","date_gmt":"2021-04-27T07:35:35","guid":{"rendered":"https:\/\/dorogimedence.hu\/?p=32526"},"modified":"2021-04-27T09:35:35","modified_gmt":"2021-04-27T07:35:35","slug":"oltopontot-alakitott-ki-a-magyar-suzuki","status":"publish","type":"post","link":"https:\/\/dorogimedence.hu\/index.php\/2021\/04\/27\/oltopontot-alakitott-ki-a-magyar-suzuki\/","title":{"rendered":"Olt\u00f3pontot alak\u00edtott ki a Magyar Suzuki"},"content":{"rendered":"<p><strong>A Magyar Suzuki Zrt. munkat\u00e1rsainak lehet\u0151s\u00e9g\u00fck lesz beoltatni magukat a v\u00e1llalatn\u00e1l koronav\u00edrus elleni vakcin\u00e1val. Az olt\u00e1s a Magyar Suzuki munkarendj\u00e9hez igazodva a h\u00e9ten megkezd\u0151dik a Magyarorsz\u00e1g Korm\u00e1nya \u00e1ltal rendelkez\u00e9sre bocs\u00e1tott olt\u00f3anyagokkal.<\/strong><\/p>\n<p>A Magyar Suzuki elk\u00f6telezett h\u00edve a v\u00edrus elleni k\u00fczdelemnek. Rendszeresek a bels\u0151 t\u00e1j\u00e9koztat\u00f3k a v\u00e9dekez\u00e9s lehet\u0151s\u00e9geir\u0151l \u00e9s fontoss\u00e1g\u00e1r\u00f3l, a higi\u00e9ni\u00e1s szab\u00e1lyokr\u00f3l, illetve a megfelel\u0151 maszkvisel\u00e9sr\u0151l.<\/p>\n<p>\u201eV\u00e1llalatunk a kezdetekt\u0151l fogva nagy figyelmet ford\u00edt a megel\u0151z\u00e9sre. Munkat\u00e1rsaink \u00e9s csal\u00e1dtagjaik eg\u00e9szs\u00e9g\u00e9nek v\u00e9delme, illetve a gy\u00e1rt\u00e1s folyamatoss\u00e1g\u00e1nak fenntart\u00e1sa \u00e9rdek\u00e9ben m\u00e1r tavaly sz\u00e1mos \u00f3vint\u00e9zked\u00e9st vezett\u00fcnk be az esztergomi \u00fczem\u00fcnkben. Az olt\u00f3pont l\u00e9trehoz\u00e1sa ennek a folyamatnak a k\u00f6vetkez\u0151 l\u00e9p\u00e9se. Az olt\u00e1s term\u00e9szetesen \u00f6nk\u00e9ntes\u201d \u2013 fejtette ki Bonn\u00e1r-Csonka Zsuzsanna, a Magyar Suzuki Zrt. kommunik\u00e1ci\u00f3s vezet\u0151je.<\/p>\n<p><em>Forr\u00e1s: Magyar Suzuki Zrt.<\/em><\/p>\n","protected":false},"excerpt":{"rendered":"<p>A Magyar Suzuki Zrt. munkat\u00e1rsainak lehet\u0151s\u00e9g\u00fck lesz beoltatni magukat a v\u00e1llalatn\u00e1l koronav\u00edrus elleni vakcin\u00e1val. Az olt\u00e1s a Magyar Suzuki munkarendj\u00e9hez igazodva a h\u00e9ten megkezd\u0151dik a Magyarorsz\u00e1g Korm\u00e1nya \u00e1ltal rendelkez\u00e9sre bocs\u00e1tott olt\u00f3anyagokkal. A Magyar Suzuki elk\u00f6telezett h\u00edve a v\u00edrus elleni k\u00fczdelemnek. Rendszeresek a bels\u0151 t\u00e1j\u00e9koztat\u00f3k a v\u00e9dekez\u00e9s lehet\u0151s\u00e9geir\u0151l \u00e9s fontoss\u00e1g\u00e1r\u00f3l, a higi\u00e9ni\u00e1s szab\u00e1lyokr\u00f3l, illetve a megfelel\u0151<\/p>\n","protected":false},"author":1,"featured_media":32527,"comment_status":"closed","ping_status":"closed","sticky":false,"template":"","format":"standard","meta":{"ngg_post_thumbnail":0,"footnotes":""},"categories":[38,3],"tags":[42,4649,5415,5637,261],"class_list":{"0":"post-32526","1":"post","2":"type-post","3":"status-publish","4":"format-standard","5":"has-post-thumbnail","7":"category-esztergom","8":"category-hirek","9":"tag-esztergom","10":"tag-magyar-suzuki-zrt","11":"tag-oltas","12":"tag-oltopont","13":"tag-suzuki"},"yoast_head":"<!-- This site is optimized with the Yoast SEO plugin v27.4 - https:\/\/yoast.com\/product\/yoast-seo-wordpress\/ -->\n<title>Olt\u00f3pontot alak\u00edtott ki a Magyar Suzuki<\/title>\n<meta name=\"robots\" content=\"index, follow, max-snippet:-1, max-image-preview:large, max-video-preview:-1\" \/>\n<link rel=\"canonical\" href=\"https:\/\/dorogimedence.hu\/index.php\/2021\/04\/27\/oltopontot-alakitott-ki-a-magyar-suzuki\/\" class=\"yoast-seo-meta-tag\" \/>\n<meta property=\"og:locale\" content=\"hu_HU\" class=\"yoast-seo-meta-tag\" \/>\n<meta property=\"og:type\" content=\"article\" class=\"yoast-seo-meta-tag\" \/>\n<meta property=\"og:title\" content=\"Olt\u00f3pontot alak\u00edtott ki a Magyar Suzuki\" class=\"yoast-seo-meta-tag\" \/>\n<meta property=\"og:description\" content=\"A Magyar Suzuki Zrt. munkat\u00e1rsainak lehet\u0151s\u00e9g\u00fck lesz beoltatni magukat a v\u00e1llalatn\u00e1l koronav\u00edrus elleni vakcin\u00e1val. Az olt\u00e1s a Magyar Suzuki munkarendj\u00e9hez igazodva a h\u00e9ten megkezd\u0151dik a Magyarorsz\u00e1g Korm\u00e1nya \u00e1ltal rendelkez\u00e9sre bocs\u00e1tott olt\u00f3anyagokkal. A Magyar Suzuki elk\u00f6telezett h\u00edve a v\u00edrus elleni k\u00fczdelemnek. Rendszeresek a bels\u0151 t\u00e1j\u00e9koztat\u00f3k a v\u00e9dekez\u00e9s lehet\u0151s\u00e9geir\u0151l \u00e9s fontoss\u00e1g\u00e1r\u00f3l, a higi\u00e9ni\u00e1s szab\u00e1lyokr\u00f3l, illetve a megfelel\u0151\" class=\"yoast-seo-meta-tag\" \/>\n<meta property=\"og:url\" content=\"https:\/\/dorogimedence.hu\/index.php\/2021\/04\/27\/oltopontot-alakitott-ki-a-magyar-suzuki\/\" class=\"yoast-seo-meta-tag\" \/>\n<meta property=\"og:site_name\" content=\"Dorogi-medence Region\u00e1lis H\u00edrport\u00e1l\" class=\"yoast-seo-meta-tag\" \/>\n<meta property=\"article:publisher\" content=\"https:\/\/www.facebook.com\/dorogimedence\/\" class=\"yoast-seo-meta-tag\" \/>\n<meta property=\"article:published_time\" content=\"2021-04-27T07:35:35+00:00\" class=\"yoast-seo-meta-tag\" \/>\n<meta property=\"og:image\" content=\"https:\/\/i0.wp.com\/dorogimedence.hu\/wp-content\/uploads\/2021\/04\/vaccine-5873170_1280.jpg?fit=1280%2C905&ssl=1\" class=\"yoast-seo-meta-tag\" \/>\n\t<meta property=\"og:image:width\" content=\"1280\" class=\"yoast-seo-meta-tag\" \/>\n\t<meta property=\"og:image:height\" content=\"905\" class=\"yoast-seo-meta-tag\" \/>\n\t<meta property=\"og:image:type\" content=\"image\/jpeg\" class=\"yoast-seo-meta-tag\" \/>\n<meta name=\"author\" content=\"dorogimedence.hu\" class=\"yoast-seo-meta-tag\" \/>\n<meta name=\"twitter:card\" content=\"summary_large_image\" class=\"yoast-seo-meta-tag\" \/>\n<meta name=\"twitter:label1\" content=\"Szerz\u0151:\" class=\"yoast-seo-meta-tag\" \/>\n\t<meta name=\"twitter:data1\" content=\"dorogimedence.hu\" class=\"yoast-seo-meta-tag\" \/>\n\t<meta name=\"twitter:label2\" content=\"Becs\u00fclt olvas\u00e1si id\u0151\" class=\"yoast-seo-meta-tag\" \/>\n\t<meta name=\"twitter:data2\" content=\"1 perc\" class=\"yoast-seo-meta-tag\" \/>\n<script type=\"application\/ld+json\" class=\"yoast-schema-graph\">{\"@context\":\"https:\\\/\\\/schema.org\",\"@graph\":[{\"@type\":\"Article\",\"@id\":\"https:\\\/\\\/dorogimedence.hu\\\/index.php\\\/2021\\\/04\\\/27\\\/oltopontot-alakitott-ki-a-magyar-suzuki\\\/#article\",\"isPartOf\":{\"@id\":\"https:\\\/\\\/dorogimedence.hu\\\/index.php\\\/2021\\\/04\\\/27\\\/oltopontot-alakitott-ki-a-magyar-suzuki\\\/\"},\"author\":{\"name\":\"dorogimedence.hu\",\"@id\":\"https:\\\/\\\/dorogimedence.hu\\\/#\\\/schema\\\/person\\\/ce6091eeb7e95ecdc87890d6aa8e0fd4\"},\"headline\":\"Olt\u00f3pontot alak\u00edtott ki a Magyar Suzuki\",\"datePublished\":\"2021-04-27T07:35:35+00:00\",\"mainEntityOfPage\":{\"@id\":\"https:\\\/\\\/dorogimedence.hu\\\/index.php\\\/2021\\\/04\\\/27\\\/oltopontot-alakitott-ki-a-magyar-suzuki\\\/\"},\"wordCount\":195,\"publisher\":{\"@id\":\"https:\\\/\\\/dorogimedence.hu\\\/#organization\"},\"image\":{\"@id\":\"https:\\\/\\\/dorogimedence.hu\\\/index.php\\\/2021\\\/04\\\/27\\\/oltopontot-alakitott-ki-a-magyar-suzuki\\\/#primaryimage\"},\"thumbnailUrl\":\"https:\\\/\\\/dorogimedence.hu\\\/wp-content\\\/uploads\\\/2021\\\/04\\\/vaccine-5873170_1280.jpg\",\"keywords\":[\"esztergom\",\"Magyar Suzuki Zrt.\",\"olt\u00e1s\",\"olt\u00f3pont\",\"Suzuki\"],\"articleSection\":[\"Esztergom\",\"H\u00edrek\"],\"inLanguage\":\"hu\"},{\"@type\":\"WebPage\",\"@id\":\"https:\\\/\\\/dorogimedence.hu\\\/index.php\\\/2021\\\/04\\\/27\\\/oltopontot-alakitott-ki-a-magyar-suzuki\\\/\",\"url\":\"https:\\\/\\\/dorogimedence.hu\\\/index.php\\\/2021\\\/04\\\/27\\\/oltopontot-alakitott-ki-a-magyar-suzuki\\\/\",\"name\":\"Olt\u00f3pontot alak\u00edtott ki a Magyar Suzuki\",\"isPartOf\":{\"@id\":\"https:\\\/\\\/dorogimedence.hu\\\/#website\"},\"primaryImageOfPage\":{\"@id\":\"https:\\\/\\\/dorogimedence.hu\\\/index.php\\\/2021\\\/04\\\/27\\\/oltopontot-alakitott-ki-a-magyar-suzuki\\\/#primaryimage\"},\"image\":{\"@id\":\"https:\\\/\\\/dorogimedence.hu\\\/index.php\\\/2021\\\/04\\\/27\\\/oltopontot-alakitott-ki-a-magyar-suzuki\\\/#primaryimage\"},\"thumbnailUrl\":\"https:\\\/\\\/dorogimedence.hu\\\/wp-content\\\/uploads\\\/2021\\\/04\\\/vaccine-5873170_1280.jpg\",\"datePublished\":\"2021-04-27T07:35:35+00:00\",\"breadcrumb\":{\"@id\":\"https:\\\/\\\/dorogimedence.hu\\\/index.php\\\/2021\\\/04\\\/27\\\/oltopontot-alakitott-ki-a-magyar-suzuki\\\/#breadcrumb\"},\"inLanguage\":\"hu\",\"potentialAction\":[{\"@type\":\"ReadAction\",\"target\":[\"https:\\\/\\\/dorogimedence.hu\\\/index.php\\\/2021\\\/04\\\/27\\\/oltopontot-alakitott-ki-a-magyar-suzuki\\\/\"]}]},{\"@type\":\"ImageObject\",\"inLanguage\":\"hu\",\"@id\":\"https:\\\/\\\/dorogimedence.hu\\\/index.php\\\/2021\\\/04\\\/27\\\/oltopontot-alakitott-ki-a-magyar-suzuki\\\/#primaryimage\",\"url\":\"https:\\\/\\\/dorogimedence.hu\\\/wp-content\\\/uploads\\\/2021\\\/04\\\/vaccine-5873170_1280.jpg\",\"contentUrl\":\"https:\\\/\\\/dorogimedence.hu\\\/wp-content\\\/uploads\\\/2021\\\/04\\\/vaccine-5873170_1280.jpg\",\"width\":1280,\"height\":905},{\"@type\":\"BreadcrumbList\",\"@id\":\"https:\\\/\\\/dorogimedence.hu\\\/index.php\\\/2021\\\/04\\\/27\\\/oltopontot-alakitott-ki-a-magyar-suzuki\\\/#breadcrumb\",\"itemListElement\":[{\"@type\":\"ListItem\",\"position\":1,\"name\":\"Kezd\u0151lap\",\"item\":\"https:\\\/\\\/dorogimedence.hu\\\/\"},{\"@type\":\"ListItem\",\"position\":2,\"name\":\"Olt\u00f3pontot alak\u00edtott ki a Magyar Suzuki\"}]},{\"@type\":\"WebSite\",\"@id\":\"https:\\\/\\\/dorogimedence.hu\\\/#website\",\"url\":\"https:\\\/\\\/dorogimedence.hu\\\/\",\"name\":\"Dorogi-medence Region\u00e1lis H\u00edrport\u00e1l\",\"description\":\"Dorog, Keszt\u00f6lc, Le\u00e1nyv\u00e1r, Piliscs\u00e9v, Tokod, Tokodalt\u00e1r\u00f3, Csolnok, Esztergom-kertv\u00e1ros: h\u00edrek, programok\",\"publisher\":{\"@id\":\"https:\\\/\\\/dorogimedence.hu\\\/#organization\"},\"potentialAction\":[{\"@type\":\"SearchAction\",\"target\":{\"@type\":\"EntryPoint\",\"urlTemplate\":\"https:\\\/\\\/dorogimedence.hu\\\/?s={search_term_string}\"},\"query-input\":{\"@type\":\"PropertyValueSpecification\",\"valueRequired\":true,\"valueName\":\"search_term_string\"}}],\"inLanguage\":\"hu\"},{\"@type\":\"Organization\",\"@id\":\"https:\\\/\\\/dorogimedence.hu\\\/#organization\",\"name\":\"Dorogi-medence Region\u00e1lis H\u00edrport\u00e1l\",\"url\":\"https:\\\/\\\/dorogimedence.hu\\\/\",\"logo\":{\"@type\":\"ImageObject\",\"inLanguage\":\"hu\",\"@id\":\"https:\\\/\\\/dorogimedence.hu\\\/#\\\/schema\\\/logo\\\/image\\\/\",\"url\":\"https:\\\/\\\/dorogimedence.hu\\\/wp-content\\\/uploads\\\/2021\\\/04\\\/logo-feher-600.png\",\"contentUrl\":\"https:\\\/\\\/dorogimedence.hu\\\/wp-content\\\/uploads\\\/2021\\\/04\\\/logo-feher-600.png\",\"width\":600,\"height\":100,\"caption\":\"Dorogi-medence Region\u00e1lis H\u00edrport\u00e1l\"},\"image\":{\"@id\":\"https:\\\/\\\/dorogimedence.hu\\\/#\\\/schema\\\/logo\\\/image\\\/\"},\"sameAs\":[\"https:\\\/\\\/www.facebook.com\\\/dorogimedence\\\/\"]},{\"@type\":\"Person\",\"@id\":\"https:\\\/\\\/dorogimedence.hu\\\/#\\\/schema\\\/person\\\/ce6091eeb7e95ecdc87890d6aa8e0fd4\",\"name\":\"dorogimedence.hu\",\"image\":{\"@type\":\"ImageObject\",\"inLanguage\":\"hu\",\"@id\":\"\\\/\\\/www.gravatar.com\\\/avatar\\\/d8d45f8901aadff40a4af72c0b826f1d?s=96&#038;r=g&#038;d=mm\",\"url\":\"\\\/\\\/www.gravatar.com\\\/avatar\\\/d8d45f8901aadff40a4af72c0b826f1d?s=96&#038;r=g&#038;d=mm\",\"contentUrl\":\"\\\/\\\/www.gravatar.com\\\/avatar\\\/d8d45f8901aadff40a4af72c0b826f1d?s=96&#038;r=g&#038;d=mm\",\"caption\":\"dorogimedence.hu\"}}]}<\/script>\n<!-- \/ Yoast SEO plugin. -->","yoast_head_json":{"title":"Olt\u00f3pontot alak\u00edtott ki a Magyar Suzuki","robots":{"index":"index","follow":"follow","max-snippet":"max-snippet:-1","max-image-preview":"max-image-preview:large","max-video-preview":"max-video-preview:-1"},"canonical":"https:\/\/dorogimedence.hu\/index.php\/2021\/04\/27\/oltopontot-alakitott-ki-a-magyar-suzuki\/","og_locale":"hu_HU","og_type":"article","og_title":"Olt\u00f3pontot alak\u00edtott ki a Magyar Suzuki","og_description":"A Magyar Suzuki Zrt. munkat\u00e1rsainak lehet\u0151s\u00e9g\u00fck lesz beoltatni magukat a v\u00e1llalatn\u00e1l koronav\u00edrus elleni vakcin\u00e1val. Az olt\u00e1s a Magyar Suzuki munkarendj\u00e9hez igazodva a h\u00e9ten megkezd\u0151dik a Magyarorsz\u00e1g Korm\u00e1nya \u00e1ltal rendelkez\u00e9sre bocs\u00e1tott olt\u00f3anyagokkal. A Magyar Suzuki elk\u00f6telezett h\u00edve a v\u00edrus elleni k\u00fczdelemnek. Rendszeresek a bels\u0151 t\u00e1j\u00e9koztat\u00f3k a v\u00e9dekez\u00e9s lehet\u0151s\u00e9geir\u0151l \u00e9s fontoss\u00e1g\u00e1r\u00f3l, a higi\u00e9ni\u00e1s szab\u00e1lyokr\u00f3l, illetve a megfelel\u0151","og_url":"https:\/\/dorogimedence.hu\/index.php\/2021\/04\/27\/oltopontot-alakitott-ki-a-magyar-suzuki\/","og_site_name":"Dorogi-medence Region\u00e1lis H\u00edrport\u00e1l","article_publisher":"https:\/\/www.facebook.com\/dorogimedence\/","article_published_time":"2021-04-27T07:35:35+00:00","og_image":[{"width":1280,"height":905,"url":"https:\/\/i0.wp.com\/dorogimedence.hu\/wp-content\/uploads\/2021\/04\/vaccine-5873170_1280.jpg?fit=1280%2C905&ssl=1","type":"image\/jpeg"}],"author":"dorogimedence.hu","twitter_card":"summary_large_image","twitter_misc":{"Szerz\u0151:":"dorogimedence.hu","Becs\u00fclt olvas\u00e1si id\u0151":"1 perc"},"schema":{"@context":"https:\/\/schema.org","@graph":[{"@type":"Article","@id":"https:\/\/dorogimedence.hu\/index.php\/2021\/04\/27\/oltopontot-alakitott-ki-a-magyar-suzuki\/#article","isPartOf":{"@id":"https:\/\/dorogimedence.hu\/index.php\/2021\/04\/27\/oltopontot-alakitott-ki-a-magyar-suzuki\/"},"author":{"name":"dorogimedence.hu","@id":"https:\/\/dorogimedence.hu\/#\/schema\/person\/ce6091eeb7e95ecdc87890d6aa8e0fd4"},"headline":"Olt\u00f3pontot alak\u00edtott ki a Magyar Suzuki","datePublished":"2021-04-27T07:35:35+00:00","mainEntityOfPage":{"@id":"https:\/\/dorogimedence.hu\/index.php\/2021\/04\/27\/oltopontot-alakitott-ki-a-magyar-suzuki\/"},"wordCount":195,"publisher":{"@id":"https:\/\/dorogimedence.hu\/#organization"},"image":{"@id":"https:\/\/dorogimedence.hu\/index.php\/2021\/04\/27\/oltopontot-alakitott-ki-a-magyar-suzuki\/#primaryimage"},"thumbnailUrl":"https:\/\/dorogimedence.hu\/wp-content\/uploads\/2021\/04\/vaccine-5873170_1280.jpg","keywords":["esztergom","Magyar Suzuki Zrt.","olt\u00e1s","olt\u00f3pont","Suzuki"],"articleSection":["Esztergom","H\u00edrek"],"inLanguage":"hu"},{"@type":"WebPage","@id":"https:\/\/dorogimedence.hu\/index.php\/2021\/04\/27\/oltopontot-alakitott-ki-a-magyar-suzuki\/","url":"https:\/\/dorogimedence.hu\/index.php\/2021\/04\/27\/oltopontot-alakitott-ki-a-magyar-suzuki\/","name":"Olt\u00f3pontot alak\u00edtott ki a Magyar Suzuki","isPartOf":{"@id":"https:\/\/dorogimedence.hu\/#website"},"primaryImageOfPage":{"@id":"https:\/\/dorogimedence.hu\/index.php\/2021\/04\/27\/oltopontot-alakitott-ki-a-magyar-suzuki\/#primaryimage"},"image":{"@id":"https:\/\/dorogimedence.hu\/index.php\/2021\/04\/27\/oltopontot-alakitott-ki-a-magyar-suzuki\/#primaryimage"},"thumbnailUrl":"https:\/\/dorogimedence.hu\/wp-content\/uploads\/2021\/04\/vaccine-5873170_1280.jpg","datePublished":"2021-04-27T07:35:35+00:00","breadcrumb":{"@id":"https:\/\/dorogimedence.hu\/index.php\/2021\/04\/27\/oltopontot-alakitott-ki-a-magyar-suzuki\/#breadcrumb"},"inLanguage":"hu","potentialAction":[{"@type":"ReadAction","target":["https:\/\/dorogimedence.hu\/index.php\/2021\/04\/27\/oltopontot-alakitott-ki-a-magyar-suzuki\/"]}]},{"@type":"ImageObject","inLanguage":"hu","@id":"https:\/\/dorogimedence.hu\/index.php\/2021\/04\/27\/oltopontot-alakitott-ki-a-magyar-suzuki\/#primaryimage","url":"https:\/\/dorogimedence.hu\/wp-content\/uploads\/2021\/04\/vaccine-5873170_1280.jpg","contentUrl":"https:\/\/dorogimedence.hu\/wp-content\/uploads\/2021\/04\/vaccine-5873170_1280.jpg","width":1280,"height":905},{"@type":"BreadcrumbList","@id":"https:\/\/dorogimedence.hu\/index.php\/2021\/04\/27\/oltopontot-alakitott-ki-a-magyar-suzuki\/#breadcrumb","itemListElement":[{"@type":"ListItem","position":1,"name":"Kezd\u0151lap","item":"https:\/\/dorogimedence.hu\/"},{"@type":"ListItem","position":2,"name":"Olt\u00f3pontot alak\u00edtott ki a Magyar Suzuki"}]},{"@type":"WebSite","@id":"https:\/\/dorogimedence.hu\/#website","url":"https:\/\/dorogimedence.hu\/","name":"Dorogi-medence Region\u00e1lis H\u00edrport\u00e1l","description":"Dorog, Keszt\u00f6lc, Le\u00e1nyv\u00e1r, Piliscs\u00e9v, Tokod, Tokodalt\u00e1r\u00f3, Csolnok, Esztergom-kertv\u00e1ros: h\u00edrek, programok","publisher":{"@id":"https:\/\/dorogimedence.hu\/#organization"},"potentialAction":[{"@type":"SearchAction","target":{"@type":"EntryPoint","urlTemplate":"https:\/\/dorogimedence.hu\/?s={search_term_string}"},"query-input":{"@type":"PropertyValueSpecification","valueRequired":true,"valueName":"search_term_string"}}],"inLanguage":"hu"},{"@type":"Organization","@id":"https:\/\/dorogimedence.hu\/#organization","name":"Dorogi-medence Region\u00e1lis H\u00edrport\u00e1l","url":"https:\/\/dorogimedence.hu\/","logo":{"@type":"ImageObject","inLanguage":"hu","@id":"https:\/\/dorogimedence.hu\/#\/schema\/logo\/image\/","url":"https:\/\/dorogimedence.hu\/wp-content\/uploads\/2021\/04\/logo-feher-600.png","contentUrl":"https:\/\/dorogimedence.hu\/wp-content\/uploads\/2021\/04\/logo-feher-600.png","width":600,"height":100,"caption":"Dorogi-medence Region\u00e1lis H\u00edrport\u00e1l"},"image":{"@id":"https:\/\/dorogimedence.hu\/#\/schema\/logo\/image\/"},"sameAs":["https:\/\/www.facebook.com\/dorogimedence\/"]},{"@type":"Person","@id":"https:\/\/dorogimedence.hu\/#\/schema\/person\/ce6091eeb7e95ecdc87890d6aa8e0fd4","name":"dorogimedence.hu","image":{"@type":"ImageObject","inLanguage":"hu","@id":"\/\/www.gravatar.com\/avatar\/d8d45f8901aadff40a4af72c0b826f1d?s=96&#038;r=g&#038;d=mm","url":"\/\/www.gravatar.com\/avatar\/d8d45f8901aadff40a4af72c0b826f1d?s=96&#038;r=g&#038;d=mm","contentUrl":"\/\/www.gravatar.com\/avatar\/d8d45f8901aadff40a4af72c0b826f1d?s=96&#038;r=g&#038;d=mm","caption":"dorogimedence.hu"}}]}},"_links":{"self":[{"href":"https:\/\/dorogimedence.hu\/index.php\/wp-json\/wp\/v2\/posts\/32526","targetHints":{"allow":["GET"]}}],"collection":[{"href":"https:\/\/dorogimedence.hu\/index.php\/wp-json\/wp\/v2\/posts"}],"about":[{"href":"https:\/\/dorogimedence.hu\/index.php\/wp-json\/wp\/v2\/types\/post"}],"author":[{"embeddable":true,"href":"https:\/\/dorogimedence.hu\/index.php\/wp-json\/wp\/v2\/users\/1"}],"replies":[{"embeddable":true,"href":"https:\/\/dorogimedence.hu\/index.php\/wp-json\/wp\/v2\/comments?post=32526"}],"version-history":[{"count":0,"href":"https:\/\/dorogimedence.hu\/index.php\/wp-json\/wp\/v2\/posts\/32526\/revisions"}],"wp:featuredmedia":[{"embeddable":true,"href":"https:\/\/dorogimedence.hu\/index.php\/wp-json\/wp\/v2\/media\/32527"}],"wp:attachment":[{"href":"https:\/\/dorogimedence.hu\/index.php\/wp-json\/wp\/v2\/media?parent=32526"}],"wp:term":[{"taxonomy":"category","embeddable":true,"href":"https:\/\/dorogimedence.hu\/index.php\/wp-json\/wp\/v2\/categories?post=32526"},{"taxonomy":"post_tag","embeddable":true,"href":"https:\/\/dorogimedence.hu\/index.php\/wp-json\/wp\/v2\/tags?post=32526"}],"curies":[{"name":"wp","href":"https:\/\/api.w.org\/{rel}","templated":true}]}}