{"id":32436,"date":"2021-04-24T06:37:07","date_gmt":"2021-04-24T04:37:07","guid":{"rendered":"http:\/\/dorogimedence.hu\/?p=32436"},"modified":"2021-04-24T06:37:07","modified_gmt":"2021-04-24T04:37:07","slug":"egymasutan-masodszor-is-az-alcufer-stadionban-ezuttal-vendegkent","status":"publish","type":"post","link":"https:\/\/dorogimedence.hu\/index.php\/2021\/04\/24\/egymasutan-masodszor-is-az-alcufer-stadionban-ezuttal-vendegkent\/","title":{"rendered":"Egym\u00e1sut\u00e1n m\u00e1sodszor is az Alcufer stadionban, ez\u00fattal vend\u00e9gk\u00e9nt"},"content":{"rendered":"<p><strong>Csapatunk az elm\u00falt h\u00e9ten a tatab\u00e1nyai stadion foglalts\u00e1ga miatt Gy\u0151rben, az Alcufer ar\u00e9n\u00e1ban p\u00e1lyav\u00e1laszt\u00f3k\u00e9nt fogadta a Szolnokot, \u00fajabb \u00e9rt\u00e9kes pontot szerezve. Ez\u00fattal \u00fajfent ugyanott, de most a Gyirm\u00f3t vend\u00e9gek\u00e9nt l\u00e9pnek p\u00e1ly\u00e1ra, a feljut\u00e1sra v\u00e1ltozatlanul es\u00e9lyes, kiv\u00e1l\u00f3an menetel\u0151 \u00e9s veszedelmes h\u00e1zigazd\u00e1k ellen. A m\u00e9rk\u0151z\u00e9s \u00e1prilis 25-\u00e9n, vas\u00e1rnap 17 \u00f3rakor kezd\u0151dik<\/strong> <em>&#8211; Szab\u00f3 Gyula cikke.<\/em><\/p>\n<p>A j\u00f3 er\u0151kb\u0151l \u00e1ll\u00f3 Szolnok elleni m\u00e9rk\u0151z\u00e9sen a r\u00f6gt\u00f6nz\u00f6tt, k\u00e9nyszer\u0171 helyv\u00e1laszt\u00e1st k\u00f6vet\u0151en, Gy\u0151rben a mieink kezdt\u00e9k akt\u00edvabban a j\u00e1t\u00e9kot \u00e9s igyekeztek vesz\u00e9lyeztetni, azonban az els\u0151 j\u00e1t\u00e9kr\u00e9sz els\u0151 fel\u00e9t ink\u00e1bb medd\u0151 mez\u0151nyj\u00e1t\u00e9k jellemezte. Ennek megfelel\u0151en szinte a semmib\u0151l szerzett vezet\u00e9st az alf\u00f6ldi g\u00e1rda, a f\u00e9lid\u0151 derek\u00e1n. Egy jobb oldali sz\u00f6gletet k\u00f6z\u00e9pen fejjel cs\u00fasztattak tov\u00e1bb, amely tiszt\u00e1n tal\u00e1lta a vend\u00e9gek j\u00e1t\u00e9kos\u00e1t, K\u00f3nya M\u00e1rkot, aki a kapu tork\u00e1b\u00f3l passzolt a kapunkba. Nem v\u00e1ratott sok\u00e1ig mag\u00e1ra a dorogi v\u00e1lasz \u00e9s h\u00e1rom perccel k\u00e9s\u0151bb a mieink is g\u00f3lnak \u00f6r\u00fclhettek. Nagyh\u00e1zi D\u00e1vidt\u00f3l indulva bontakozott ki egy gyors, n\u00e9h\u00e1ny h\u00faz\u00e1sb\u00f3l \u00e1ll\u00f3 akci\u00f3, amely sor\u00e1n el\u0151bb Mihajlo Rjasko, majd Szerencsi Mikl\u00f3s volt a labda \u00fatja. Fiatal j\u00e1t\u00e9kosunk hossz\u00fa ind\u00edt\u00e1ssal, igazi forintos labd\u00e1val hozta abszol\u00fat helyzetbe a jobb \u00f6sszek\u00f6t\u0151 hely\u00e9n lend\u00fcletb\u0151l \u00e9rkez\u0151 Zuig\u00e9ber \u00c1kost, aki kap\u00e1sb\u00f3l l\u0151tt a 16-os jobb oldali cs\u00fccsk\u00e9nek k\u00f6zel\u00e9b\u0151l a hossz\u00fa als\u00f3 sarokba. M\u00e9g az els\u0151 f\u00e9lid\u0151 sor\u00e1n Zui meg is ford\u00edthatta volna az eredm\u00e9nyt, miut\u00e1n egy remek bead\u00e1st teljesen tiszt\u00e1n, k\u00f6zelr\u0151l v\u00e1lthatta volna g\u00f3lra, \u00e1m \u00e9leter\u0151s fejese elker\u00fclte a kaput. Fordul\u00e1st k\u00f6vet\u0151en is t\u00f6bbnyire egym\u00e1st gy\u00fart\u00e1k a felek, kev\u00e9s helyzettel. A k\u00edn\u00e1lkoz\u00f3 lehet\u0151s\u00e9gek jobb\u00e1ra a dorogiak el\u0151tt ad\u00f3dtak, b\u00e1r a vend\u00e9gek is vezettek n\u00e9h\u00e1ny \u00edg\u00e9retesnek t\u0171n\u0151 akci\u00f3t. Ugyan valamivel a Dorog k\u00f6zelebb \u00e1llt a gy\u0151zelemhez, \u00f6sszess\u00e9g\u00e9ben elmondhat\u00f3, hogy igazs\u00e1gos d\u00f6ntetlen sz\u00fcletett.<\/p>\n<p style=\"text-align: center;\"><em><img fetchpriority=\"high\" decoding=\"async\" class=\"alignnone size-full wp-image-32438\" src=\"https:\/\/dorogimedence.hu\/wp-content\/uploads\/2021\/04\/dorog-szolnok-2.jpg\" alt=\"\" width=\"970\" height=\"485\" srcset=\"https:\/\/dorogimedence.hu\/wp-content\/uploads\/2021\/04\/dorog-szolnok-2.jpg 970w, https:\/\/dorogimedence.hu\/wp-content\/uploads\/2021\/04\/dorog-szolnok-2-300x150.jpg 300w, https:\/\/dorogimedence.hu\/wp-content\/uploads\/2021\/04\/dorog-szolnok-2-768x384.jpg 768w, https:\/\/dorogimedence.hu\/wp-content\/uploads\/2021\/04\/dorog-szolnok-2-150x75.jpg 150w, https:\/\/dorogimedence.hu\/wp-content\/uploads\/2021\/04\/dorog-szolnok-2-450x225.jpg 450w\" sizes=\"(max-width: 970px) 100vw, 970px\" \/>Kanalos Tony \u00e9s a vend\u00e9g csapat kapit\u00e1ny\u00e1nak p\u00e1rharca a Dorog<\/em>\u2013<em>Szolnok m\u00e9rk\u0151z\u00e9sen, a Gyirm\u00f3t otthon\u00e1ban<\/em><\/p>\n<p>Az elm\u00falt fordul\u00f3ban \u00e9lre ugrott Vasas ez\u00fattal jobban megbecs\u00fclte poz\u00edci\u00f3j\u00e1t \u00e9s szinte es\u00e9lyt sem adott a kies\u00e9s ellen menek\u00fcl\u0151 Kaposv\u00e1rnak, a somogyiak otthon\u00e1ban. Az angyalf\u00f6ldiek gyakorlatilag m\u00e1r az el\u0151 j\u00e1t\u00e9kr\u00e9szben bebiztos\u00edtott\u00e1k gy\u0151zelm\u00fcket. Nemcsak k\u00e9tg\u00f3los el\u0151nnyel mehettek pihen\u0151re, de uralt\u00e1k a j\u00e1t\u00e9kot \u00e9s g\u00f3ljaikon k\u00edv\u00fcl is b\u0151ven akadtak tov\u00e1bbi lehet\u0151s\u00e9geik. A m\u00e1sodik f\u00e9lid\u0151ben visszavett a piros-k\u00e9k leg\u00e9nys\u00e9g, s ennek megfelel\u0151en fel is j\u00f6ttek a hazaiak, akik kialak\u00edtottak n\u00e9h\u00e1ny g\u00f3lhelyzetet is, de csak az utols\u00f3 pillanatban tudtak sz\u00e9p\u00edteni, azonban a vend\u00e9gek gy\u0151zelm\u00e9t nem siker\u00fclt vesz\u00e9lyeztetni\u00fck. A Debrecen sem engedhetett meg mag\u00e1nak \u00fajabb botl\u00e1st \u00e9s ennek megfelel\u0151en biztos el\u0151nyt szereztek m\u00e1r az els\u0151 f\u00e9lid\u0151ben a h\u00e1zigazda Gy\u0151ri ETO ellen. A folytat\u00e1sban ugyan betal\u00e1lt a kisalf\u00f6ldi g\u00e1rda, de a Loki nem sokkal k\u00e9s\u0151bb \u00fajra k\u00e9tg\u00f3loss\u00e1 tette el\u0151ny\u00e9t. A hajr\u00e1ra ism\u00e9t faragott a Gy\u0151r a h\u00e1tr\u00e1ny\u00e1b\u00f3l, \u00e1m az izgalmasnak \u00edg\u00e9rkez\u0151 v\u00e9gj\u00e1t\u00e9k sor\u00e1n a hajd\u00fas\u00e1giak nemcsak tartani tudt\u00e1k vezet\u00e9s\u00fcket, de nem sokkal a lef\u00faj\u00e1s el\u0151tt \u00fajb\u00f3l betal\u00e1lva, v\u00e9g\u00fcl 4-2-re nyertek. Nem siker\u00fclt a gy\u0151zelem hazai p\u00e1ly\u00e1n a P\u00e9csnek, amely hajtotta \u00e9s szorongatta a Szegedet, viszont a f\u00e9lid\u0151 v\u00e9g\u00e9n egy ki\u00e1ll\u00edt\u00e1ssal megfogyatkoztak a mecsekiek. T\u00edz emberrel is siker\u00fclt vezet\u00e9st szerezni\u00fck, \u00e1m a vend\u00e9gek nem akart\u00e1k emberel\u0151ny\u00fcket elsz\u00f3rakozni \u00e9s ha nem is k\u00f6nnyen, de v\u00e9g\u00fcl \u00f6sszej\u00f6tt sz\u00e1mukra a pontszerz\u00e9s&nbsp; az 1-1-re v\u00e9gz\u0151d\u00f6tt tal\u00e1lkoz\u00f3n. P\u00e1nikszer\u0171 gy\u0151zelmet aratott a neh\u00e9z helyzetbe ker\u00fclt Si\u00f3fok az eddig remek\u00fcl menetel\u0151, 5. helyen \u00e1ll\u00f3 Ny\u00edregyh\u00e1za vend\u00e9gek\u00e9nt. A Balaton-partiak iparkodtak jav\u00edtani a kies\u0151 poz\u00edci\u00f3jukon \u00e9s akt\u00edvan kezdtek. Lehet\u0151s\u00e9geik is megvoltak, de a hazaiak is egyre jobban kezdtek belend\u00fclni \u00e9s alig f\u00e9l\u00f3r\u00e1nyi j\u00e1t\u00e9kot k\u00f6vet\u0151en el\u0151nyt is szereztek. K\u00f6zvetlen\u00fcl a f\u00e9lid\u0151 befejez\u00e9se el\u0151tt egy kezez\u00e9snek \u00edt\u00e9lt szitu\u00e1ci\u00f3t k\u00f6vet\u0151en 11-eshez jutottak a vend\u00e9gek, amelyet \u00e9rt\u00e9kes\u00edtettek. Mindk\u00e9t f\u00e9lnek akadtak g\u00f3lszerz\u00e9si lehet\u0151s\u00e9gei a t\u00e9rf\u00e9lcser\u00e9t k\u00f6vet\u0151en is, azonban a vend\u00e9gek siker\u00e9hez kellett a ny\u00edrs\u00e9giek v\u00e9d\u0151j\u00e9nek, J\u00e1nv\u00e1ri G\u00e1bor elk\u00e9peszt\u0151 hib\u00e1ja is, aki a 80. percben egy \u00e1rtalmatlan szitu\u00e1ci\u00f3ban, vagy 40 m\u00e9terr\u0151l hazaad\u00e1sra sz\u00e1nta el mag\u00e1t. \u00c1m a labd\u00e1j\u00e1val t\u00f6k\u00e9letes ziccerbe hozta a si\u00f3foki Elek Benc\u00e9t, aki nem is hib\u00e1zta el az aj\u00e1nd\u00e9kba kapott lehet\u0151s\u00e9get. K\u00e9t percre r\u00e1 \u00fajfent e k\u00e9t j\u00e1t\u00e9kos lett a f\u0151szerepl\u0151. A g\u00f3ln\u00e1l nagyot bakiz\u00f3 J\u00e1nv\u00e1ri lek\u00f6ny\u00f6k\u00f6lte a g\u00f3lszerz\u0151 Eleket, ami\u00e9rt ki\u00e1ll\u00edtott\u00e1k. A kies\u00e9si rangad\u00f3n a Cs\u00e1kv\u00e1r l\u00e1tta vend\u00e9g\u00fcl a Szentl\u0151rincet. Mindk\u00e9t csapat l\u00e1tv\u00e1nyosan menek\u00fcl a kies\u00e9s el\u0151l, s mindk\u00e9t f\u00e9l veretlen\u00fcl hozta ut\u00f3bbi n\u00e9gy egym\u00e1st k\u00f6vet\u0151 tal\u00e1lkoz\u00f3j\u00e1t, legut\u00f3bb szint\u00e9n mindketten nyertek is. A f\u00e9lid\u0151 v\u00e9g\u00e9n jogos b\u00fcntet\u0151b\u0151l szereztek el\u0151nyt a vend\u00e9gek, azonban a 11-est megel\u0151z\u0151 szitu\u00e1ci\u00f3n\u00e1l a l\u0151rinci j\u00e1t\u00e9kos vagy egy m\u00e9teres lesr\u0151l indulva h\u00fazott kapura. Fordul\u00e1s ut\u00e1n egy l\u00e1tv\u00e1nyos nagy g\u00f3llal n\u00f6velt\u00e9k el\u0151ny\u00fcket, amelyre nem sokkal k\u00e9s\u0151bb j\u00f6tt a hazai v\u00e1lasz, de csak a sz\u00e9p\u00edt\u00e9sre volt elegend\u0151. G\u00f3l n\u00e9lk\u00fcli els\u0151 f\u00e9lid\u0151t k\u00f6vet\u0151en k\u00e9tg\u00f3los el\u0151nybe ker\u00fclt a Halad\u00e1s B\u00e9k\u00e9scsab\u00e1n. A hazaiak erej\u00e9b\u0151l csak a hajr\u00e1 perceiben szerzett sz\u00e9p\u00edt\u0151 g\u00f3lra futotta. Nagyon kapaszkodott volna a Kazincbarcika a Buda\u00f6rs elleni idegenbeli m\u00e9rk\u0151z\u00e9sen. Az els\u0151 szakaszban ott sem esett g\u00f3l, majd a m\u00e1sodik f\u00e9lid\u0151 els\u0151 negyed\u00e9ben a hazai f\u00e9l vezetett, amelyet gyorsan egaliz\u00e1lni tudott a borsodi g\u00e1rda. A f\u00e9lid\u0151 derek\u00e1n viszont k\u00e9t g\u00f3llal h\u00fazott el a Pest megyei csapat, amelyre m\u00e1r csak egy felelet \u00e9rkezett, s v\u00e9g\u00fcl a Barcika 3-2-es veres\u00e9g\u00e9vel, pont n\u00e9lk\u00fcl maradt. Megszenvedett a kit\u0171n\u0151 Ajka a sereghajt\u00f3 otthon\u00e1ban, amely ha nem is k\u00f6nnyed\u00e9n, de meg\u00e9rdemelten v\u00e9g\u00fcl 1:0 ar\u00e1ny\u00fa gy\u0151zelemmel z\u00e1rt.<\/p>\n<p>Az \u00e9len a helyzet nem v\u00e1ltozott, mindh\u00e1rom potenci\u00e1lis feljut\u00e1sra es\u00e9lyes csapat k\u00f6z\u00f6tti k\u00fcl\u00f6nbs\u00e9g maradt. A listavezet\u0151 Vasas egy pont el\u0151nnyel el\u0151zi meg a Debrecent \u00e9s 4 ponttal megy a 3. helyen \u00e1ll\u00f3 Gyirm\u00f3tt\u00f3l. Csapatunk tartja 13. hely\u00e9t \u00e9s az \u00fcld\u00f6z\u0151kkel szembeni pontar\u00e1ny sem v\u00e1ltozott, csak az adott csapatok cser\u00e9l\u0151dtek. Ugyanis ez\u00fattal a Kazincbarcik\u00e1val szemben 9 pont, m\u00edg a Kaposv\u00e1r ellen\u00e9ben 8 pont az el\u0151ny\u00fcnk. Most m\u00e1r pontel\u0151nybe is ker\u00fclt\u00fcnk a B\u00e9k\u00e9scsab\u00e1val szemben, de v\u00e1ltozatlanul eggyel t\u00f6bb gy\u0151zelm\u00e9vel megel\u0151z benn\u00fcnket az azonos pontsz\u00e1m\u00fa Szeged. Az Ajka elleni veres\u00e9g\u00e9vel m\u00e1r matematikai es\u00e9lye sincs az utols\u00f3 helyen \u00e1ll\u00f3 debreceni csapatnak, amely \u00f6t fordul\u00f3val a v\u00e9ge el\u0151tt m\u00e1r biztos kies\u0151.<\/p>\n<p style=\"text-align: center;\"><em><img decoding=\"async\" class=\"alignnone size-full wp-image-32439\" src=\"https:\/\/dorogimedence.hu\/wp-content\/uploads\/2021\/04\/gyirmot-dorog.jpg\" alt=\"\" width=\"970\" height=\"485\" srcset=\"https:\/\/dorogimedence.hu\/wp-content\/uploads\/2021\/04\/gyirmot-dorog.jpg 970w, https:\/\/dorogimedence.hu\/wp-content\/uploads\/2021\/04\/gyirmot-dorog-300x150.jpg 300w, https:\/\/dorogimedence.hu\/wp-content\/uploads\/2021\/04\/gyirmot-dorog-768x384.jpg 768w, https:\/\/dorogimedence.hu\/wp-content\/uploads\/2021\/04\/gyirmot-dorog-150x75.jpg 150w, https:\/\/dorogimedence.hu\/wp-content\/uploads\/2021\/04\/gyirmot-dorog-450x225.jpg 450w\" sizes=\"(max-width: 970px) 100vw, 970px\" \/>A legut\u00f3bbi gy\u0151ri Gyirm\u00f3t<\/em>\u2013<em>Dorog m\u00e9rk\u0151z\u00e9sen az els\u0151 g\u00f3lunk ut\u00e1ni pillanat, 2019. szeptember 15-\u00e9n (forr\u00e1s: Dorogi Sport)<\/em><\/p>\n<p>Vas\u00e1rnap megint csak az Alcufer stadionban l\u00e9p p\u00e1ly\u00e1ra a dorogi csapat. Tr\u00e9f\u00e1san mondhatn\u00e1nk, hogy a Szolnok elleni m\u00e9rk\u0151z\u00e9s ut\u00e1n ak\u00e1r haza sem kellett volna j\u00f6nni\u00fck, hiszen mindj\u00e1rt helyben bev\u00e1rhatt\u00e1k volna a k\u00f6vetkez\u0151 fordul\u00f3t. Az viszont m\u00e1r kor\u00e1ntsem tr\u00e9fa, hogy vend\u00e9gl\u00e1t\u00f3ink a mez\u0151ny egyik legkiv\u00e1l\u00f3bb csapata, amely id\u00e9n m\u00e9g nem tal\u00e1lt legy\u0151z\u0151re \u00e9s ny\u00edlt versenyben van a feljut\u00e1s\u00e9rt folytatott k\u00fczdelemben. Az elm\u00falt fordul\u00f3ban magabiztosan nyertek Soroks\u00e1ron, igaz, hogy csak 1-0-ra, de mindv\u00e9gig a kez\u00fckben tartott\u00e1k az esem\u00e9nyeket \u00e9s l\u0151ttek k\u00e9t kapuf\u00e1t, s kihagytak egy b\u00fcntet\u0151t is. Minden csapatr\u00e9sz\u00e9ben, k\u00fcl\u00f6n\u00f6sen a t\u00e1mad\u00f3 alakulat\u00e1t tekintve, igen er\u0151teljes \u00e9s roppant eredm\u00e9nyes. Nem is termett sok bab\u00e9r ellenfeleinek \u00e9s kev\u00e9s csapat vihetett el pontot innen. A legnagyobb vet\u00e9lyt\u00e1rsai ellen b\u00e1mulatos a teljes\u00edtm\u00e9nye. Egyed\u00fcli csapatk\u00e9nt tudta oda-vissza verni a Debrecent, r\u00e1ad\u00e1sul \u00fagy, hogy m\u00e9g g\u00f3lt sem kapott, s a Vasassal szemben is 4 pontot szerzett. B\u00e1rhonnan is n\u00e9zz\u00fck, bizony \u0151k a m\u00e9rk\u0151z\u00e9s abszol\u00fat es\u00e9lyesei, arr\u00f3l nem is besz\u00e9lve, hogy az esetek d\u00f6nt\u0151 t\u00f6bbs\u00e9g\u00e9ben kor\u00e1bban legy\u0151ztek benn\u00fcnket. Legut\u00f3bb \u00e9ppen Dorogon kaptuk ki t\u0151l\u00fck 1-0-ra, tavaly november els\u0151 szerd\u00e1j\u00e1n, egy h\u00e9tk\u00f6zi fordul\u00f3 sor\u00e1n. \u00dcde \u00e9s kiv\u00e9teles sz\u00ednfolt volt, hogy az elm\u00falt \u00e9vadban viszont mindk\u00e9t alkalommal legy\u0151zt\u00fck \u0151ket, 5:2-es g\u00f3lar\u00e1nnyal. A k\u00e9t csapatnak ez lesz a 9. egym\u00e1s elleni \u00f6sszecsap\u00e1sa.<\/p>\n<p><strong><em>Az eddig 8 m\u00e9rk\u0151z\u00e9sen 2 dorogi gy\u0151zelem, egy d\u00f6ntetlen, 5 veres\u00e9g; 11:14-es g\u00f3lar\u00e1nnyal sz\u00fcletett.<\/em><\/strong><\/p>\n<p><strong><em>Idegenbeli m\u00e9rleg\u00fcnk: 3 meccsb\u0151l 1 gy\u0151zelem, 2 veres\u00e9g, 5:7-es g\u00f3lar\u00e1nnyal.&nbsp;<\/em><\/strong><\/p>\n<p>Azonban a nem t\u00fal biztat\u00f3 el\u0151jelek ellen\u00e9re sem szabad el\u0151re lemondani a pontszerz\u00e9s lehet\u0151s\u00e9g\u00e9r\u0151l. N\u00e9h\u00e1ny apr\u00f3 kedvez\u0151nek t\u0171n\u0151 t\u00e9nyez\u0151 az\u00e9rt akad a m\u00e1sik serpeny\u0151ben is. Id\u00e9n a mieink kapt\u00e1k a legkevesebb g\u00f3lt az eg\u00e9sz mez\u0151nyben, mind\u00f6ssze hatot, abb\u00f3l is kett\u0151t 11-esb\u0151l. Tov\u00e1bb\u00e1, a gy\u0151riek \u00e9ppen az als\u00f3h\u00e1z csapatai ellen sz\u00f3rt\u00e1k b\u0151kez\u0171en a pontokat. Az \u00fajonc \u00e9s mindv\u00e9gig a bennmarad\u00e1s\u00e9rt harcol\u00f3 Szentl\u0151rinct\u0151l oda-vissza kikaptak, amely sor\u00e1n n\u00e9gy g\u00f3lt is bev\u00e9teleztek. A sereghajt\u00f3 DEAC otthon\u00e1ban csak egy szer\u00e9ny 1-1-re voltak k\u00e9pesek, otthon pedig pontot rabolt t\u0151l\u00fck a Kaposv\u00e1r \u00e9s a Szeged. A Debrecen ellen alkalmazott taktika \u00e9s hozz\u00e1\u00e1ll\u00e1s ez\u00fattal is hozhatna eredm\u00e9nyt, persze csak abban az esetben, ha legal\u00e1bb olyan hat\u00e9konyak tudn\u00e1nk lenni, mint a hajd\u00fas\u00e1giakkal j\u00e1tszott tal\u00e1lkoz\u00f3n. Zuig\u00e9ber v\u00e9gre ez\u00fattal betal\u00e1lt, de m\u00e9g mindig ad\u00f3s a ziccereinek hat\u00e9konyabb kihaszn\u00e1l\u00e1s\u00e1val. Az ad\u00f3d\u00f3 lehet\u0151s\u00e9geinket ki kellene tudni akn\u00e1zni, hogy rem\u00e9nykedj\u00fcnk a m\u00e9rk\u0151z\u00e9s kedvez\u0151 kimenetel\u00e9ben. T\u00e9ny, hogy sokat javult a csapat az el\u0151re j\u00e1t\u00e9kban is, azonban volna hova fejl\u0151dni, ugyanis az el\u0151z\u0151 j\u00f3 p\u00e1r fordul\u00f3 sor\u00e1n ad\u00f3dott rengeteg sz\u00f6glettel \u00e9s sz\u00e1mos kecsegtet\u0151 helyr\u0151l v\u00e9gzett szabadr\u00fag\u00e1ssal abszol\u00fat nem tudtuk el\u0151nyt kov\u00e1csolni. Id\u00e9n imm\u00e1r harmadszor l\u00e9p p\u00e1ly\u00e1ra csapatunk Gy\u0151rben. Az eddigi k\u00e9t tal\u00e1lkoz\u00f3n egyar\u00e1nt 1-1-es eredm\u00e9nyt j\u00e1tszottunk, amellyel most marad\u00e9ktalanul el\u00e9gedettek is lenn\u00e9nk. \u00c9rdekess\u00e9g, hogy a Gyirm\u00f3t elleni eddigi mindh\u00e1rom idegenbeli m\u00e9rk\u0151z\u00e9s\u00fcnk sor\u00e1n mindk\u00e9t f\u00e9l szerzett g\u00f3lt.<\/p>\n<p>Csapatunkat az eg\u00e9sz szezon sor\u00e1n s\u00e9r\u00fcl\u00e9sek sokas\u00e1ga s\u00fajtja. Biztat\u00f3 volt a nemr\u00e9giben fel\u00e9p\u00fclt D\u00e9lczeg Gergely \u00e9s Barna Gerg\u0151 visszat\u00e9r\u00e9se, akik n\u00e9h\u00e1ny percet kaptak az el\u0151z\u0151 fordul\u00f3kban, \u00e1m m\u00e9g id\u0151be telik, m\u00edg igazi form\u00e1jukat visszanyerj\u00e9k. Szint\u00e9n \u00fajra rendelkez\u00e9sre \u00e1ll T\u00f3th Barnab\u00e1s is, aki ugyancsak s\u00e9r\u00fcl\u00e9ssel bajl\u00f3dott a kor\u00e1bbiakban. A Si\u00f3fokon megs\u00e9r\u00fclt Szedl\u00e1r Zolt\u00e1n j\u00e1t\u00e9klehet\u0151s\u00e9ge tov\u00e1bbra is k\u00e9rd\u00e9ses, m\u00edg a sorainkb\u00f3l m\u00e1r hetekkel ezel\u0151tt kiesett M\u00e9sz\u00e1ros \u00c1ront nemr\u00e9giben megm\u0171t\u00f6tt\u00e9k. \u00cdgy ebben az id\u00e9nyben r\u00e1 m\u00e1r eg\u00e9szen biztosan nem sz\u00e1m\u00edthat a szakmai st\u00e1b \u00e9s a csapatt\u00e1rsak, valamint a szint\u00e9n maradi s\u00e9r\u00fclt Szab\u00f3 Lukas \u00e1llapota tov\u00e1bbra is bizonytalan. Minden \u00e9rintett j\u00e1t\u00e9kosunknak miel\u0151bbi \u00e9s teljes gy\u00f3gyul\u00e1st, a t\u00f6bbieknek pedig s\u00e9r\u00fcl\u00e9s- \u00e9s betegs\u00e9gmentes folytat\u00e1st k\u00edv\u00e1nunk!<\/p>\n<p><em>Szab\u00f3 Gyula<\/em><\/p>\n","protected":false},"excerpt":{"rendered":"<p>Csapatunk az elm\u00falt h\u00e9ten a tatab\u00e1nyai stadion foglalts\u00e1ga miatt Gy\u0151rben, az Alcufer ar\u00e9n\u00e1ban p\u00e1lyav\u00e1laszt\u00f3k\u00e9nt fogadta a Szolnokot, \u00fajabb \u00e9rt\u00e9kes pontot szerezve. Ez\u00fattal \u00fajfent ugyanott, de most a Gyirm\u00f3t vend\u00e9gek\u00e9nt l\u00e9pnek p\u00e1ly\u00e1ra, a feljut\u00e1sra v\u00e1ltozatlanul es\u00e9lyes, kiv\u00e1l\u00f3an menetel\u0151 \u00e9s veszedelmes h\u00e1zigazd\u00e1k ellen. A m\u00e9rk\u0151z\u00e9s \u00e1prilis 25-\u00e9n, vas\u00e1rnap 17 \u00f3rakor kezd\u0151dik &#8211; Szab\u00f3 Gyula cikke. A j\u00f3<\/p>\n","protected":false},"author":1,"featured_media":32437,"comment_status":"closed","ping_status":"closed","sticky":false,"template":"","format":"standard","meta":{"ngg_post_thumbnail":0,"footnotes":""},"categories":[2,3,5],"tags":[15,37,70,69,3508,2311,72,263,16],"class_list":{"0":"post-32436","1":"post","2":"type-post","3":"status-publish","4":"format-standard","5":"has-post-thumbnail","7":"category-dorog","8":"category-hirek","9":"category-sport","10":"tag-dorog","11":"tag-dorogi-fc","12":"tag-foci","13":"tag-futball","14":"tag-gyirmot","15":"tag-gyor","16":"tag-labdarugas","17":"tag-nb-ii","18":"tag-sport"},"yoast_head":"<!-- This site is optimized with the Yoast SEO plugin v27.5 - https:\/\/yoast.com\/product\/yoast-seo-wordpress\/ -->\n<title>Egym\u00e1sut\u00e1n m\u00e1sodszor is az Alcufer stadionban, ez\u00fattal vend\u00e9gk\u00e9nt<\/title>\n<meta name=\"robots\" content=\"index, follow, max-snippet:-1, max-image-preview:large, max-video-preview:-1\" \/>\n<link rel=\"canonical\" href=\"https:\/\/dorogimedence.hu\/index.php\/2021\/04\/24\/egymasutan-masodszor-is-az-alcufer-stadionban-ezuttal-vendegkent\/\" class=\"yoast-seo-meta-tag\" \/>\n<meta property=\"og:locale\" content=\"hu_HU\" class=\"yoast-seo-meta-tag\" \/>\n<meta property=\"og:type\" content=\"article\" class=\"yoast-seo-meta-tag\" \/>\n<meta property=\"og:title\" content=\"Egym\u00e1sut\u00e1n m\u00e1sodszor is az Alcufer stadionban, ez\u00fattal vend\u00e9gk\u00e9nt\" class=\"yoast-seo-meta-tag\" \/>\n<meta property=\"og:description\" content=\"Csapatunk az elm\u00falt h\u00e9ten a tatab\u00e1nyai stadion foglalts\u00e1ga miatt Gy\u0151rben, az Alcufer ar\u00e9n\u00e1ban p\u00e1lyav\u00e1laszt\u00f3k\u00e9nt fogadta a Szolnokot, \u00fajabb \u00e9rt\u00e9kes pontot szerezve. Ez\u00fattal \u00fajfent ugyanott, de most a Gyirm\u00f3t vend\u00e9gek\u00e9nt l\u00e9pnek p\u00e1ly\u00e1ra, a feljut\u00e1sra v\u00e1ltozatlanul es\u00e9lyes, kiv\u00e1l\u00f3an menetel\u0151 \u00e9s veszedelmes h\u00e1zigazd\u00e1k ellen. A m\u00e9rk\u0151z\u00e9s \u00e1prilis 25-\u00e9n, vas\u00e1rnap 17 \u00f3rakor kezd\u0151dik &#8211; Szab\u00f3 Gyula cikke. A j\u00f3\" class=\"yoast-seo-meta-tag\" \/>\n<meta property=\"og:url\" content=\"https:\/\/dorogimedence.hu\/index.php\/2021\/04\/24\/egymasutan-masodszor-is-az-alcufer-stadionban-ezuttal-vendegkent\/\" class=\"yoast-seo-meta-tag\" \/>\n<meta property=\"og:site_name\" content=\"Dorogi-medence Region\u00e1lis H\u00edrport\u00e1l\" class=\"yoast-seo-meta-tag\" \/>\n<meta property=\"article:publisher\" content=\"https:\/\/www.facebook.com\/dorogimedence\/\" class=\"yoast-seo-meta-tag\" \/>\n<meta property=\"article:published_time\" content=\"2021-04-24T04:37:07+00:00\" class=\"yoast-seo-meta-tag\" \/>\n<meta property=\"og:image\" content=\"https:\/\/i0.wp.com\/dorogimedence.hu\/wp-content\/uploads\/2021\/04\/dorog-gyor-01.jpg?fit=970%2C485&ssl=1\" class=\"yoast-seo-meta-tag\" \/>\n\t<meta property=\"og:image:width\" content=\"970\" class=\"yoast-seo-meta-tag\" \/>\n\t<meta property=\"og:image:height\" content=\"485\" class=\"yoast-seo-meta-tag\" \/>\n\t<meta property=\"og:image:type\" content=\"image\/jpeg\" class=\"yoast-seo-meta-tag\" \/>\n<meta name=\"author\" content=\"dorogimedence.hu\" class=\"yoast-seo-meta-tag\" \/>\n<meta name=\"twitter:card\" content=\"summary_large_image\" class=\"yoast-seo-meta-tag\" \/>\n<meta name=\"twitter:label1\" content=\"Szerz\u0151:\" class=\"yoast-seo-meta-tag\" \/>\n\t<meta name=\"twitter:data1\" content=\"dorogimedence.hu\" class=\"yoast-seo-meta-tag\" \/>\n\t<meta name=\"twitter:label2\" content=\"Becs\u00fclt olvas\u00e1si id\u0151\" class=\"yoast-seo-meta-tag\" \/>\n\t<meta name=\"twitter:data2\" content=\"12 perc\" class=\"yoast-seo-meta-tag\" \/>\n<script type=\"application\/ld+json\" class=\"yoast-schema-graph\">{\"@context\":\"https:\\\/\\\/schema.org\",\"@graph\":[{\"@type\":\"Article\",\"@id\":\"https:\\\/\\\/dorogimedence.hu\\\/index.php\\\/2021\\\/04\\\/24\\\/egymasutan-masodszor-is-az-alcufer-stadionban-ezuttal-vendegkent\\\/#article\",\"isPartOf\":{\"@id\":\"https:\\\/\\\/dorogimedence.hu\\\/index.php\\\/2021\\\/04\\\/24\\\/egymasutan-masodszor-is-az-alcufer-stadionban-ezuttal-vendegkent\\\/\"},\"author\":{\"name\":\"dorogimedence.hu\",\"@id\":\"https:\\\/\\\/dorogimedence.hu\\\/#\\\/schema\\\/person\\\/ce6091eeb7e95ecdc87890d6aa8e0fd4\"},\"headline\":\"Egym\u00e1sut\u00e1n m\u00e1sodszor is az Alcufer stadionban, ez\u00fattal vend\u00e9gk\u00e9nt\",\"datePublished\":\"2021-04-24T04:37:07+00:00\",\"mainEntityOfPage\":{\"@id\":\"https:\\\/\\\/dorogimedence.hu\\\/index.php\\\/2021\\\/04\\\/24\\\/egymasutan-masodszor-is-az-alcufer-stadionban-ezuttal-vendegkent\\\/\"},\"wordCount\":2367,\"publisher\":{\"@id\":\"https:\\\/\\\/dorogimedence.hu\\\/#organization\"},\"image\":{\"@id\":\"https:\\\/\\\/dorogimedence.hu\\\/index.php\\\/2021\\\/04\\\/24\\\/egymasutan-masodszor-is-az-alcufer-stadionban-ezuttal-vendegkent\\\/#primaryimage\"},\"thumbnailUrl\":\"https:\\\/\\\/dorogimedence.hu\\\/wp-content\\\/uploads\\\/2021\\\/04\\\/dorog-gyor-01.jpg\",\"keywords\":[\"Dorog\",\"Dorogi FC\",\"foci\",\"futball\",\"Gyirm\u00f3t\",\"Gy\u0151r\",\"labdar\u00fag\u00e1s\",\"NB II\",\"sport\"],\"articleSection\":[\"Dorog\",\"H\u00edrek\",\"Sport\"],\"inLanguage\":\"hu\"},{\"@type\":\"WebPage\",\"@id\":\"https:\\\/\\\/dorogimedence.hu\\\/index.php\\\/2021\\\/04\\\/24\\\/egymasutan-masodszor-is-az-alcufer-stadionban-ezuttal-vendegkent\\\/\",\"url\":\"https:\\\/\\\/dorogimedence.hu\\\/index.php\\\/2021\\\/04\\\/24\\\/egymasutan-masodszor-is-az-alcufer-stadionban-ezuttal-vendegkent\\\/\",\"name\":\"Egym\u00e1sut\u00e1n m\u00e1sodszor is az Alcufer stadionban, ez\u00fattal vend\u00e9gk\u00e9nt\",\"isPartOf\":{\"@id\":\"https:\\\/\\\/dorogimedence.hu\\\/#website\"},\"primaryImageOfPage\":{\"@id\":\"https:\\\/\\\/dorogimedence.hu\\\/index.php\\\/2021\\\/04\\\/24\\\/egymasutan-masodszor-is-az-alcufer-stadionban-ezuttal-vendegkent\\\/#primaryimage\"},\"image\":{\"@id\":\"https:\\\/\\\/dorogimedence.hu\\\/index.php\\\/2021\\\/04\\\/24\\\/egymasutan-masodszor-is-az-alcufer-stadionban-ezuttal-vendegkent\\\/#primaryimage\"},\"thumbnailUrl\":\"https:\\\/\\\/dorogimedence.hu\\\/wp-content\\\/uploads\\\/2021\\\/04\\\/dorog-gyor-01.jpg\",\"datePublished\":\"2021-04-24T04:37:07+00:00\",\"breadcrumb\":{\"@id\":\"https:\\\/\\\/dorogimedence.hu\\\/index.php\\\/2021\\\/04\\\/24\\\/egymasutan-masodszor-is-az-alcufer-stadionban-ezuttal-vendegkent\\\/#breadcrumb\"},\"inLanguage\":\"hu\",\"potentialAction\":[{\"@type\":\"ReadAction\",\"target\":[\"https:\\\/\\\/dorogimedence.hu\\\/index.php\\\/2021\\\/04\\\/24\\\/egymasutan-masodszor-is-az-alcufer-stadionban-ezuttal-vendegkent\\\/\"]}]},{\"@type\":\"ImageObject\",\"inLanguage\":\"hu\",\"@id\":\"https:\\\/\\\/dorogimedence.hu\\\/index.php\\\/2021\\\/04\\\/24\\\/egymasutan-masodszor-is-az-alcufer-stadionban-ezuttal-vendegkent\\\/#primaryimage\",\"url\":\"https:\\\/\\\/dorogimedence.hu\\\/wp-content\\\/uploads\\\/2021\\\/04\\\/dorog-gyor-01.jpg\",\"contentUrl\":\"https:\\\/\\\/dorogimedence.hu\\\/wp-content\\\/uploads\\\/2021\\\/04\\\/dorog-gyor-01.jpg\",\"width\":970,\"height\":485},{\"@type\":\"BreadcrumbList\",\"@id\":\"https:\\\/\\\/dorogimedence.hu\\\/index.php\\\/2021\\\/04\\\/24\\\/egymasutan-masodszor-is-az-alcufer-stadionban-ezuttal-vendegkent\\\/#breadcrumb\",\"itemListElement\":[{\"@type\":\"ListItem\",\"position\":1,\"name\":\"Kezd\u0151lap\",\"item\":\"https:\\\/\\\/dorogimedence.hu\\\/\"},{\"@type\":\"ListItem\",\"position\":2,\"name\":\"Egym\u00e1sut\u00e1n m\u00e1sodszor is az Alcufer stadionban, ez\u00fattal vend\u00e9gk\u00e9nt\"}]},{\"@type\":\"WebSite\",\"@id\":\"https:\\\/\\\/dorogimedence.hu\\\/#website\",\"url\":\"https:\\\/\\\/dorogimedence.hu\\\/\",\"name\":\"Dorogi-medence Region\u00e1lis H\u00edrport\u00e1l\",\"description\":\"Dorog, Keszt\u00f6lc, Le\u00e1nyv\u00e1r, Piliscs\u00e9v, Tokod, Tokodalt\u00e1r\u00f3, Csolnok, Esztergom-kertv\u00e1ros: h\u00edrek, programok\",\"publisher\":{\"@id\":\"https:\\\/\\\/dorogimedence.hu\\\/#organization\"},\"potentialAction\":[{\"@type\":\"SearchAction\",\"target\":{\"@type\":\"EntryPoint\",\"urlTemplate\":\"https:\\\/\\\/dorogimedence.hu\\\/?s={search_term_string}\"},\"query-input\":{\"@type\":\"PropertyValueSpecification\",\"valueRequired\":true,\"valueName\":\"search_term_string\"}}],\"inLanguage\":\"hu\"},{\"@type\":\"Organization\",\"@id\":\"https:\\\/\\\/dorogimedence.hu\\\/#organization\",\"name\":\"Dorogi-medence Region\u00e1lis H\u00edrport\u00e1l\",\"url\":\"https:\\\/\\\/dorogimedence.hu\\\/\",\"logo\":{\"@type\":\"ImageObject\",\"inLanguage\":\"hu\",\"@id\":\"https:\\\/\\\/dorogimedence.hu\\\/#\\\/schema\\\/logo\\\/image\\\/\",\"url\":\"https:\\\/\\\/dorogimedence.hu\\\/wp-content\\\/uploads\\\/2021\\\/04\\\/logo-feher-600.png\",\"contentUrl\":\"https:\\\/\\\/dorogimedence.hu\\\/wp-content\\\/uploads\\\/2021\\\/04\\\/logo-feher-600.png\",\"width\":600,\"height\":100,\"caption\":\"Dorogi-medence Region\u00e1lis H\u00edrport\u00e1l\"},\"image\":{\"@id\":\"https:\\\/\\\/dorogimedence.hu\\\/#\\\/schema\\\/logo\\\/image\\\/\"},\"sameAs\":[\"https:\\\/\\\/www.facebook.com\\\/dorogimedence\\\/\"]},{\"@type\":\"Person\",\"@id\":\"https:\\\/\\\/dorogimedence.hu\\\/#\\\/schema\\\/person\\\/ce6091eeb7e95ecdc87890d6aa8e0fd4\",\"name\":\"dorogimedence.hu\",\"image\":{\"@type\":\"ImageObject\",\"inLanguage\":\"hu\",\"@id\":\"\\\/\\\/www.gravatar.com\\\/avatar\\\/d8d45f8901aadff40a4af72c0b826f1d?s=96&#038;r=g&#038;d=mm\",\"url\":\"\\\/\\\/www.gravatar.com\\\/avatar\\\/d8d45f8901aadff40a4af72c0b826f1d?s=96&#038;r=g&#038;d=mm\",\"contentUrl\":\"\\\/\\\/www.gravatar.com\\\/avatar\\\/d8d45f8901aadff40a4af72c0b826f1d?s=96&#038;r=g&#038;d=mm\",\"caption\":\"dorogimedence.hu\"}}]}<\/script>\n<!-- \/ Yoast SEO plugin. -->","yoast_head_json":{"title":"Egym\u00e1sut\u00e1n m\u00e1sodszor is az Alcufer stadionban, ez\u00fattal vend\u00e9gk\u00e9nt","robots":{"index":"index","follow":"follow","max-snippet":"max-snippet:-1","max-image-preview":"max-image-preview:large","max-video-preview":"max-video-preview:-1"},"canonical":"https:\/\/dorogimedence.hu\/index.php\/2021\/04\/24\/egymasutan-masodszor-is-az-alcufer-stadionban-ezuttal-vendegkent\/","og_locale":"hu_HU","og_type":"article","og_title":"Egym\u00e1sut\u00e1n m\u00e1sodszor is az Alcufer stadionban, ez\u00fattal vend\u00e9gk\u00e9nt","og_description":"Csapatunk az elm\u00falt h\u00e9ten a tatab\u00e1nyai stadion foglalts\u00e1ga miatt Gy\u0151rben, az Alcufer ar\u00e9n\u00e1ban p\u00e1lyav\u00e1laszt\u00f3k\u00e9nt fogadta a Szolnokot, \u00fajabb \u00e9rt\u00e9kes pontot szerezve. Ez\u00fattal \u00fajfent ugyanott, de most a Gyirm\u00f3t vend\u00e9gek\u00e9nt l\u00e9pnek p\u00e1ly\u00e1ra, a feljut\u00e1sra v\u00e1ltozatlanul es\u00e9lyes, kiv\u00e1l\u00f3an menetel\u0151 \u00e9s veszedelmes h\u00e1zigazd\u00e1k ellen. A m\u00e9rk\u0151z\u00e9s \u00e1prilis 25-\u00e9n, vas\u00e1rnap 17 \u00f3rakor kezd\u0151dik &#8211; Szab\u00f3 Gyula cikke. A j\u00f3","og_url":"https:\/\/dorogimedence.hu\/index.php\/2021\/04\/24\/egymasutan-masodszor-is-az-alcufer-stadionban-ezuttal-vendegkent\/","og_site_name":"Dorogi-medence Region\u00e1lis H\u00edrport\u00e1l","article_publisher":"https:\/\/www.facebook.com\/dorogimedence\/","article_published_time":"2021-04-24T04:37:07+00:00","og_image":[{"width":970,"height":485,"url":"https:\/\/i0.wp.com\/dorogimedence.hu\/wp-content\/uploads\/2021\/04\/dorog-gyor-01.jpg?fit=970%2C485&ssl=1","type":"image\/jpeg"}],"author":"dorogimedence.hu","twitter_card":"summary_large_image","twitter_misc":{"Szerz\u0151:":"dorogimedence.hu","Becs\u00fclt olvas\u00e1si id\u0151":"12 perc"},"schema":{"@context":"https:\/\/schema.org","@graph":[{"@type":"Article","@id":"https:\/\/dorogimedence.hu\/index.php\/2021\/04\/24\/egymasutan-masodszor-is-az-alcufer-stadionban-ezuttal-vendegkent\/#article","isPartOf":{"@id":"https:\/\/dorogimedence.hu\/index.php\/2021\/04\/24\/egymasutan-masodszor-is-az-alcufer-stadionban-ezuttal-vendegkent\/"},"author":{"name":"dorogimedence.hu","@id":"https:\/\/dorogimedence.hu\/#\/schema\/person\/ce6091eeb7e95ecdc87890d6aa8e0fd4"},"headline":"Egym\u00e1sut\u00e1n m\u00e1sodszor is az Alcufer stadionban, ez\u00fattal vend\u00e9gk\u00e9nt","datePublished":"2021-04-24T04:37:07+00:00","mainEntityOfPage":{"@id":"https:\/\/dorogimedence.hu\/index.php\/2021\/04\/24\/egymasutan-masodszor-is-az-alcufer-stadionban-ezuttal-vendegkent\/"},"wordCount":2367,"publisher":{"@id":"https:\/\/dorogimedence.hu\/#organization"},"image":{"@id":"https:\/\/dorogimedence.hu\/index.php\/2021\/04\/24\/egymasutan-masodszor-is-az-alcufer-stadionban-ezuttal-vendegkent\/#primaryimage"},"thumbnailUrl":"https:\/\/dorogimedence.hu\/wp-content\/uploads\/2021\/04\/dorog-gyor-01.jpg","keywords":["Dorog","Dorogi FC","foci","futball","Gyirm\u00f3t","Gy\u0151r","labdar\u00fag\u00e1s","NB II","sport"],"articleSection":["Dorog","H\u00edrek","Sport"],"inLanguage":"hu"},{"@type":"WebPage","@id":"https:\/\/dorogimedence.hu\/index.php\/2021\/04\/24\/egymasutan-masodszor-is-az-alcufer-stadionban-ezuttal-vendegkent\/","url":"https:\/\/dorogimedence.hu\/index.php\/2021\/04\/24\/egymasutan-masodszor-is-az-alcufer-stadionban-ezuttal-vendegkent\/","name":"Egym\u00e1sut\u00e1n m\u00e1sodszor is az Alcufer stadionban, ez\u00fattal vend\u00e9gk\u00e9nt","isPartOf":{"@id":"https:\/\/dorogimedence.hu\/#website"},"primaryImageOfPage":{"@id":"https:\/\/dorogimedence.hu\/index.php\/2021\/04\/24\/egymasutan-masodszor-is-az-alcufer-stadionban-ezuttal-vendegkent\/#primaryimage"},"image":{"@id":"https:\/\/dorogimedence.hu\/index.php\/2021\/04\/24\/egymasutan-masodszor-is-az-alcufer-stadionban-ezuttal-vendegkent\/#primaryimage"},"thumbnailUrl":"https:\/\/dorogimedence.hu\/wp-content\/uploads\/2021\/04\/dorog-gyor-01.jpg","datePublished":"2021-04-24T04:37:07+00:00","breadcrumb":{"@id":"https:\/\/dorogimedence.hu\/index.php\/2021\/04\/24\/egymasutan-masodszor-is-az-alcufer-stadionban-ezuttal-vendegkent\/#breadcrumb"},"inLanguage":"hu","potentialAction":[{"@type":"ReadAction","target":["https:\/\/dorogimedence.hu\/index.php\/2021\/04\/24\/egymasutan-masodszor-is-az-alcufer-stadionban-ezuttal-vendegkent\/"]}]},{"@type":"ImageObject","inLanguage":"hu","@id":"https:\/\/dorogimedence.hu\/index.php\/2021\/04\/24\/egymasutan-masodszor-is-az-alcufer-stadionban-ezuttal-vendegkent\/#primaryimage","url":"https:\/\/dorogimedence.hu\/wp-content\/uploads\/2021\/04\/dorog-gyor-01.jpg","contentUrl":"https:\/\/dorogimedence.hu\/wp-content\/uploads\/2021\/04\/dorog-gyor-01.jpg","width":970,"height":485},{"@type":"BreadcrumbList","@id":"https:\/\/dorogimedence.hu\/index.php\/2021\/04\/24\/egymasutan-masodszor-is-az-alcufer-stadionban-ezuttal-vendegkent\/#breadcrumb","itemListElement":[{"@type":"ListItem","position":1,"name":"Kezd\u0151lap","item":"https:\/\/dorogimedence.hu\/"},{"@type":"ListItem","position":2,"name":"Egym\u00e1sut\u00e1n m\u00e1sodszor is az Alcufer stadionban, ez\u00fattal vend\u00e9gk\u00e9nt"}]},{"@type":"WebSite","@id":"https:\/\/dorogimedence.hu\/#website","url":"https:\/\/dorogimedence.hu\/","name":"Dorogi-medence Region\u00e1lis H\u00edrport\u00e1l","description":"Dorog, Keszt\u00f6lc, Le\u00e1nyv\u00e1r, Piliscs\u00e9v, Tokod, Tokodalt\u00e1r\u00f3, Csolnok, Esztergom-kertv\u00e1ros: h\u00edrek, programok","publisher":{"@id":"https:\/\/dorogimedence.hu\/#organization"},"potentialAction":[{"@type":"SearchAction","target":{"@type":"EntryPoint","urlTemplate":"https:\/\/dorogimedence.hu\/?s={search_term_string}"},"query-input":{"@type":"PropertyValueSpecification","valueRequired":true,"valueName":"search_term_string"}}],"inLanguage":"hu"},{"@type":"Organization","@id":"https:\/\/dorogimedence.hu\/#organization","name":"Dorogi-medence Region\u00e1lis H\u00edrport\u00e1l","url":"https:\/\/dorogimedence.hu\/","logo":{"@type":"ImageObject","inLanguage":"hu","@id":"https:\/\/dorogimedence.hu\/#\/schema\/logo\/image\/","url":"https:\/\/dorogimedence.hu\/wp-content\/uploads\/2021\/04\/logo-feher-600.png","contentUrl":"https:\/\/dorogimedence.hu\/wp-content\/uploads\/2021\/04\/logo-feher-600.png","width":600,"height":100,"caption":"Dorogi-medence Region\u00e1lis H\u00edrport\u00e1l"},"image":{"@id":"https:\/\/dorogimedence.hu\/#\/schema\/logo\/image\/"},"sameAs":["https:\/\/www.facebook.com\/dorogimedence\/"]},{"@type":"Person","@id":"https:\/\/dorogimedence.hu\/#\/schema\/person\/ce6091eeb7e95ecdc87890d6aa8e0fd4","name":"dorogimedence.hu","image":{"@type":"ImageObject","inLanguage":"hu","@id":"\/\/www.gravatar.com\/avatar\/d8d45f8901aadff40a4af72c0b826f1d?s=96&#038;r=g&#038;d=mm","url":"\/\/www.gravatar.com\/avatar\/d8d45f8901aadff40a4af72c0b826f1d?s=96&#038;r=g&#038;d=mm","contentUrl":"\/\/www.gravatar.com\/avatar\/d8d45f8901aadff40a4af72c0b826f1d?s=96&#038;r=g&#038;d=mm","caption":"dorogimedence.hu"}}]}},"_links":{"self":[{"href":"https:\/\/dorogimedence.hu\/index.php\/wp-json\/wp\/v2\/posts\/32436","targetHints":{"allow":["GET"]}}],"collection":[{"href":"https:\/\/dorogimedence.hu\/index.php\/wp-json\/wp\/v2\/posts"}],"about":[{"href":"https:\/\/dorogimedence.hu\/index.php\/wp-json\/wp\/v2\/types\/post"}],"author":[{"embeddable":true,"href":"https:\/\/dorogimedence.hu\/index.php\/wp-json\/wp\/v2\/users\/1"}],"replies":[{"embeddable":true,"href":"https:\/\/dorogimedence.hu\/index.php\/wp-json\/wp\/v2\/comments?post=32436"}],"version-history":[{"count":0,"href":"https:\/\/dorogimedence.hu\/index.php\/wp-json\/wp\/v2\/posts\/32436\/revisions"}],"wp:featuredmedia":[{"embeddable":true,"href":"https:\/\/dorogimedence.hu\/index.php\/wp-json\/wp\/v2\/media\/32437"}],"wp:attachment":[{"href":"https:\/\/dorogimedence.hu\/index.php\/wp-json\/wp\/v2\/media?parent=32436"}],"wp:term":[{"taxonomy":"category","embeddable":true,"href":"https:\/\/dorogimedence.hu\/index.php\/wp-json\/wp\/v2\/categories?post=32436"},{"taxonomy":"post_tag","embeddable":true,"href":"https:\/\/dorogimedence.hu\/index.php\/wp-json\/wp\/v2\/tags?post=32436"}],"curies":[{"name":"wp","href":"https:\/\/api.w.org\/{rel}","templated":true}]}}