{"id":32046,"date":"2021-04-22T11:25:39","date_gmt":"2021-04-22T09:25:39","guid":{"rendered":"http:\/\/dorogimedence.hu\/?p=32046"},"modified":"2021-04-22T11:25:45","modified_gmt":"2021-04-22T09:25:45","slug":"ma-van-a-fold-napja","status":"publish","type":"post","link":"https:\/\/dorogimedence.hu\/index.php\/2021\/04\/22\/ma-van-a-fold-napja\/","title":{"rendered":"Ma van a F\u00f6ld napja"},"content":{"rendered":"<p><strong>\u00c1prilis 22-\u00e9n, a F\u00f6ld napja alkalm\u00e1b\u00f3l k\u00fcl\u00f6nf\u00e9le esem\u00e9nyeket rendeznek vil\u00e1gszerte, melyekkel felh\u00edvj\u00e1k a figyelmet a F\u00f6ld term\u00e9szeti k\u00f6rnyezet\u00e9nek meg\u00f3v\u00e1s\u00e1ra. A magyarok k\u00f6zel 80 sz\u00e1zal\u00e9ka szerint a lakoss\u00e1gnak, a v\u00e1llalatoknak \u00e9s a politik\u00e1nak egyar\u00e1nt tennie kell az\u00e9rt, hogy a fenntarthat\u00f3s\u00e1gi fordulat sikeres legyen.<\/strong><\/p>\n<p><strong>A F\u00f6ld napja t\u00f6rt\u00e9nete<\/strong><\/p>\n<p>Az \u00f6tletet John McConnell vetette fel 1969-ben egy UNESCO konferenci\u00e1n, San Francisc\u00f3ban. Az els\u0151 F\u00f6ld napj\u00e1n, Denis Hayes amerikai egyetemista kezdem\u00e9nyez\u00e9s\u00e9re, 1970. \u00e1prilis 22-\u00e9n 20 milli\u00f3 amerikai emelte fel szav\u00e1t a term\u00e9szet\u00e9rt. Ez a t\u00f6rt\u00e9nelmi jelent\u0151s\u00e9g\u0171 esem\u00e9ny az Egyes\u00fclt \u00c1llamokban \u2013 \u00e9s az orsz\u00e1g hat\u00e1rain t\u00fal is \u2013 fontos v\u00e1ltoz\u00e1sokat hozott: az USA-ban szigor\u00fa t\u00f6rv\u00e9nyek sz\u00fclettek a leveg\u0151 \u00e9s a vizek v\u00e9delm\u00e9re, \u00faj k\u00f6rnyezetv\u00e9d\u0151 szervezetek alakultak, \u00e9s t\u00f6bb milli\u00f3 ember t\u00e9rt \u00e1t \u00f6kol\u00f3giailag \u00e9rz\u00e9kenyebb \u00e9letvitelre. A napot mintegy 175 orsz\u00e1gban tartj\u00e1k meg, Magyarorsz\u00e1gon pedig 1990 \u00f3ta rendezik meg. Az esem\u00e9nyeket az Earth Day Network koordin\u00e1lja. 2009-ben Evo Morales bol\u00edviai eln\u00f6k kezdem\u00e9nyez\u00e9s\u00e9re az ENSZ \u00e1prilis 22-\u00e9t a \u201eF\u00f6ldanya Nemzetk\u00f6zi Napj\u00e1\u201d-v\u00e1 is nyilv\u00e1n\u00edtotta. A F\u00f6ld napja mozgalom egyik jelmondata: \u201eKi mondta, hogy nem tudod megv\u00e1ltoztatni a vil\u00e1got?\u201d<\/p>\n<p><strong>A magyar lakoss\u00e1g v\u00e9lem\u00e9ny\u00e9t k\u00e9rdezt\u00e9k<\/strong><\/p>\n<p>A magyar lakoss\u00e1g szerint az \u00e9ghajlatv\u00e1ltoz\u00e1s, a hullad\u00e9kgazd\u00e1lkod\u00e1s \u00e9s a t\u00falzott fogyaszt\u00e1s a legjelent\u0151sebb fenntarthat\u00f3s\u00e1gi kih\u00edv\u00e1sok \u2013 der\u00fcl ki a Planet Budapest 2021 Fenntarthat\u00f3s\u00e1gi Exp\u00f3 \u00e9s Vil\u00e1gtal\u00e1lkoz\u00f3 szervez\u0151inek megb\u00edz\u00e1s\u00e1b\u00f3l k\u00e9sz\u00fclt reprezentat\u00edv kutat\u00e1sb\u00f3l a K\u00fclgazdas\u00e1gi \u00e9s K\u00fcl\u00fcgyminiszt\u00e9rium t\u00e1j\u00e9koztat\u00e1sa szerint. A felm\u00e9r\u00e9sben r\u00e1k\u00e9rdeztek arra is, milyen m\u00f3don tehet a t\u00e1rsadalom a fenntarthat\u00f3bb mindennapi \u00e9let\u00e9rt: a megk\u00e9rdezettek 77 sz\u00e1zal\u00e9ka az \u00e9lelmiszer-pazarl\u00e1s elker\u00fcl\u00e9s\u00e9t, 75 sz\u00e1zal\u00e9ka a szelekt\u00edv hullad\u00e9kgy\u0171jt\u00e9st, 74 sz\u00e1zal\u00e9ka az energiatakar\u00e9koss\u00e1got, 69 sz\u00e1zal\u00e9ka pedig a tudatos v\u00edzhaszn\u00e1latot nevezte meg. K\u00f6rnyezetbar\u00e1t term\u00e9kekre a magyarok 43 sz\u00e1zal\u00e9ka k\u00f6ltene t\u00f6bbet, 39 sz\u00e1zal\u00e9k otthona energetikai korszer\u0171s\u00edt\u00e9s\u00e9vel j\u00e1rulna hozz\u00e1 a fenntarthat\u00f3s\u00e1gi fordulathoz, 36 sz\u00e1zal\u00e9k pedig jobban szeretne t\u00e1j\u00e9koz\u00f3dni a fenntarthat\u00f3s\u00e1gi k\u00e9rd\u00e9sekr\u0151l.<\/p>\n<p><strong>Planet Budapest 2021<\/strong><\/p>\n<p>A Planet Budapest 2021 Fenntarthat\u00f3s\u00e1gi Exp\u00f3 \u00e9s Vil\u00e1gtal\u00e1lkoz\u00f3 a visegr\u00e1di orsz\u00e1gok k\u00f6z\u00f6s fenntarthat\u00f3 fejl\u0151d\u00e9ssel foglalkoz\u00f3 esem\u00e9nye. C\u00e9lja, hogy felh\u00edvja a k\u00f6z\u00f6ns\u00e9g, k\u00fcl\u00f6n\u00f6sen a fiatalok figyelm\u00e9t a kedvez\u0151tlen k\u00f6rnyezeti, t\u00e1rsadalmi \u00e9s gazdas\u00e1gi folyamatokra, illetve bemutassa, hogy ezek a negat\u00edv, az emberis\u00e9g j\u00f6v\u0151j\u00e9t be\u00e1rny\u00e9kol\u00f3 v\u00e1ltoz\u00e1sok m\u00e9g visszaford\u00edthat\u00f3k. Jo\u00f3 Istv\u00e1n, a K\u00fclgazdas\u00e1gi \u00e9s K\u00fcl\u00fcgyminiszt\u00e9rium export n\u00f6vel\u00e9s\u00e9rt felel\u0151s helyettes \u00e1llamtitk\u00e1ra, a Planet Budapest 2021 korm\u00e1nybiztosa az MTI-nek elmondta, hogy az Exp\u00f3n t\u00f6bb mint 150, a visegr\u00e1di orsz\u00e1gokb\u00f3l \u00e9rkez\u0151 ki\u00e1ll\u00edt\u00f3 mutathatja be term\u00e9keit \u00e9s szolg\u00e1ltat\u00e1sait az energia, a hullad\u00e9kgazd\u00e1lkod\u00e1s, a v\u00edzgazd\u00e1lkod\u00e1s, a k\u00f6zleked\u00e9s, az \u00e9lelmiszertermel\u00e9s, vagy \u00e9ppen az okos v\u00e1rostervez\u00e9s ter\u00fclet\u00e9n. A Planet Budapest 2021 szervez\u0151i a F\u00f6ld Napja alkalm\u00e1b\u00f3l ind\u00edtj\u00e1k el az esem\u00e9ny kib\u0151v\u00edtett, folyamatosan friss\u00fcl\u0151 <span style=\"text-decoration: underline; color: #0000ff;\"><a style=\"color: #0000ff; text-decoration: underline;\" href=\"https:\/\/planetbudapest.hu\/\" target=\"_blank\" rel=\"noopener\">honlapj\u00e1t<\/a><\/span>, amelyen megismerhet\u0151k a szervez\u00e9s legfontosabb h\u00edrei, tov\u00e1bb\u00e1 \u00e9rdekes hazai \u00e9s nemzetk\u00f6zi cikkek is a fenntarthat\u00f3s\u00e1g t\u00e9mak\u00f6r\u00e9ben.&nbsp;&nbsp;&nbsp;&nbsp; A korm\u00e1nybiztos k\u00f6z\u00f6lte azt is, hogy a HUNGEXPO-n, 2021. november 29. \u00e9s december 5. k\u00f6z\u00f6tt megrendez\u00e9sre ker\u00fcl\u0151 esem\u00e9ny honlapj\u00e1n kereszt\u00fcl j\u00fanius k\u00f6zep\u00e9ig v\u00e1rj\u00e1k a ki\u00e1ll\u00edtani sz\u00e1nd\u00e9koz\u00f3 v\u00e1llalatok, fels\u0151oktat\u00e1si int\u00e9zm\u00e9nyek \u00e9s szakmai szervezetek jelentkez\u00e9s\u00e9t.<\/p>\n<p><strong>Online kutat\u00e1st ind\u00edtanak az \u00e9ghajlatv\u00e1ltoz\u00e1sr\u00f3l<\/strong><\/p>\n<p>Online kutat\u00e1st ind\u00edt a Pannon Egyetem a F\u00f6ld napja alkalm\u00e1b\u00f3l, mellyel a r\u00e9sztvev\u0151k \u00e9ghajlatv\u00e1ltoz\u00e1ssal kapcsolatos term\u00e9szettudom\u00e1nyos tud\u00e1s\u00e1t \u00e9s attit\u0171dj\u00e9t vizsg\u00e1lj\u00e1k. Az anonim, 16 k\u00e9rd\u00e9sb\u0151l \u00e1ll\u00f3 <span style=\"text-decoration: underline; color: #0000ff;\"><a style=\"color: #0000ff; text-decoration: underline;\" href=\"https:\/\/kerdoiv.uni-pannon.hu\/index.php\/327884?lang=hu\" target=\"_blank\" rel=\"noopener\">k\u00e9rd\u0151\u00edvet \u00e1prilis 22. \u00e9s m\u00e1jus 22. k\u00f6zt b\u00e1rki kit\u00f6ltheti<\/a><\/span>. A kutat\u00e1s nemzetk\u00f6zileg is egyed\u00fcl\u00e1ll\u00f3 abban, hogy az ismeretek felm\u00e9r\u00e9s\u00e9t \u00f6sszek\u00f6ti az attit\u0171d vizsg\u00e1lat\u00e1val. Gelencs\u00e9r Andr\u00e1s l\u00e9gk\u00f6rkutat\u00f3, a Pannon Egyetem rektora elmondta, hogy az \u00e9ghajlatv\u00e1ltoz\u00e1sr\u00f3l az id\u0151sebb gener\u00e1ci\u00f3 az iskol\u00e1ban m\u00e9g nem tanult, \u00e9s napjainkban is csak n\u00e9h\u00e1ny eleme szerepel egy-egy tant\u00e1rgyban. A m\u00e9di\u00e1b\u00f3l m\u00e9gis naponta hallani a glob\u00e1lis felmeleged\u00e9sr\u0151l, kl\u00edmav\u00e1ltoz\u00e1sr\u00f3l \u00e9s annak k\u00f6vetkezm\u00e9nyeir\u0151l, valamint a politika \u00e9s a gazdas\u00e1g d\u00f6nt\u00e9seit, illetve a mindennapi \u00e9letet is alapvet\u0151en meghat\u00e1rozza a jelens\u00e9g. A rektor t\u00e1j\u00e9koztat\u00e1sa szerint olyan kutat\u00e1si projektet \u00e1ll\u00edtottak \u00f6ssze, melynek tudom\u00e1nyos eredm\u00e9nyei \u00e9s meg\u00e1llap\u00edt\u00e1sai k\u00f6zvetlen\u00fcl hozz\u00e1j\u00e1rulhatnak a glob\u00e1lis kl\u00edmav\u00e1ltoz\u00e1s tov\u00e1bbi vizsg\u00e1lat\u00e1hoz, egy\u00fattal hasznosulhatnak a j\u00f6v\u0151ben sz\u00e1mos t\u00e1rsadalmi szinten. A projektben sz\u00e1mos term\u00e9szet- \u00e9s t\u00e1rsadalomtud\u00f3s vesz r\u00e9szt, kiemelt szakmai partner az \u00d6kol\u00f3giai Kutat\u00f3k\u00f6zpont.<\/p>\n<p><em>Felhaszn\u00e1lt forr\u00e1sok: MTI \/ fna.hu \/ Wikip\u00e9dia<\/em><\/p>\n","protected":false},"excerpt":{"rendered":"<p>\u00c1prilis 22-\u00e9n, a F\u00f6ld napja alkalm\u00e1b\u00f3l k\u00fcl\u00f6nf\u00e9le esem\u00e9nyeket rendeznek vil\u00e1gszerte, melyekkel felh\u00edvj\u00e1k a figyelmet a F\u00f6ld term\u00e9szeti k\u00f6rnyezet\u00e9nek meg\u00f3v\u00e1s\u00e1ra. A magyarok k\u00f6zel 80 sz\u00e1zal\u00e9ka szerint a lakoss\u00e1gnak, a v\u00e1llalatoknak \u00e9s a politik\u00e1nak egyar\u00e1nt tennie kell az\u00e9rt, hogy a fenntarthat\u00f3s\u00e1gi fordulat sikeres legyen. A F\u00f6ld napja t\u00f6rt\u00e9nete Az \u00f6tletet John McConnell vetette fel 1969-ben egy UNESCO<\/p>\n","protected":false},"author":1,"featured_media":20387,"comment_status":"closed","ping_status":"closed","sticky":false,"template":"","format":"standard","meta":{"ngg_post_thumbnail":0,"footnotes":""},"categories":[3],"tags":[2512],"class_list":{"0":"post-32046","1":"post","2":"type-post","3":"status-publish","4":"format-standard","5":"has-post-thumbnail","7":"category-hirek","8":"tag-fold-napja"},"yoast_head":"<!-- This site is optimized with the Yoast SEO plugin v27.4 - https:\/\/yoast.com\/product\/yoast-seo-wordpress\/ -->\n<title>Ma van a F\u00f6ld napja<\/title>\n<meta name=\"robots\" content=\"index, follow, max-snippet:-1, max-image-preview:large, max-video-preview:-1\" \/>\n<link rel=\"canonical\" href=\"https:\/\/dorogimedence.hu\/index.php\/2021\/04\/22\/ma-van-a-fold-napja\/\" class=\"yoast-seo-meta-tag\" \/>\n<meta property=\"og:locale\" content=\"hu_HU\" class=\"yoast-seo-meta-tag\" \/>\n<meta property=\"og:type\" content=\"article\" class=\"yoast-seo-meta-tag\" \/>\n<meta property=\"og:title\" content=\"Ma van a F\u00f6ld napja\" class=\"yoast-seo-meta-tag\" \/>\n<meta property=\"og:description\" content=\"\u00c1prilis 22-\u00e9n, a F\u00f6ld napja alkalm\u00e1b\u00f3l k\u00fcl\u00f6nf\u00e9le esem\u00e9nyeket rendeznek vil\u00e1gszerte, melyekkel felh\u00edvj\u00e1k a figyelmet a F\u00f6ld term\u00e9szeti k\u00f6rnyezet\u00e9nek meg\u00f3v\u00e1s\u00e1ra. A magyarok k\u00f6zel 80 sz\u00e1zal\u00e9ka szerint a lakoss\u00e1gnak, a v\u00e1llalatoknak \u00e9s a politik\u00e1nak egyar\u00e1nt tennie kell az\u00e9rt, hogy a fenntarthat\u00f3s\u00e1gi fordulat sikeres legyen. A F\u00f6ld napja t\u00f6rt\u00e9nete Az \u00f6tletet John McConnell vetette fel 1969-ben egy UNESCO\" class=\"yoast-seo-meta-tag\" \/>\n<meta property=\"og:url\" content=\"https:\/\/dorogimedence.hu\/index.php\/2021\/04\/22\/ma-van-a-fold-napja\/\" class=\"yoast-seo-meta-tag\" \/>\n<meta property=\"og:site_name\" content=\"Dorogi-medence Region\u00e1lis H\u00edrport\u00e1l\" class=\"yoast-seo-meta-tag\" \/>\n<meta property=\"article:publisher\" content=\"https:\/\/www.facebook.com\/dorogimedence\/\" class=\"yoast-seo-meta-tag\" \/>\n<meta property=\"article:published_time\" content=\"2021-04-22T09:25:39+00:00\" class=\"yoast-seo-meta-tag\" \/>\n<meta property=\"article:modified_time\" content=\"2021-04-22T09:25:45+00:00\" class=\"yoast-seo-meta-tag\" \/>\n<meta property=\"og:image\" content=\"https:\/\/i0.wp.com\/dorogimedence.hu\/wp-content\/uploads\/2019\/10\/foldunkert.jpg?fit=670%2C365&ssl=1\" class=\"yoast-seo-meta-tag\" \/>\n\t<meta property=\"og:image:width\" content=\"670\" class=\"yoast-seo-meta-tag\" \/>\n\t<meta property=\"og:image:height\" content=\"365\" class=\"yoast-seo-meta-tag\" \/>\n\t<meta property=\"og:image:type\" content=\"image\/jpeg\" class=\"yoast-seo-meta-tag\" \/>\n<meta name=\"author\" content=\"dorogimedence.hu\" class=\"yoast-seo-meta-tag\" \/>\n<meta name=\"twitter:card\" content=\"summary_large_image\" class=\"yoast-seo-meta-tag\" \/>\n<meta name=\"twitter:label1\" content=\"Szerz\u0151:\" class=\"yoast-seo-meta-tag\" \/>\n\t<meta name=\"twitter:data1\" content=\"dorogimedence.hu\" class=\"yoast-seo-meta-tag\" \/>\n\t<meta name=\"twitter:label2\" content=\"Becs\u00fclt olvas\u00e1si id\u0151\" class=\"yoast-seo-meta-tag\" \/>\n\t<meta name=\"twitter:data2\" content=\"5 perc\" class=\"yoast-seo-meta-tag\" \/>\n<script type=\"application\/ld+json\" class=\"yoast-schema-graph\">{\"@context\":\"https:\\\/\\\/schema.org\",\"@graph\":[{\"@type\":\"Article\",\"@id\":\"https:\\\/\\\/dorogimedence.hu\\\/index.php\\\/2021\\\/04\\\/22\\\/ma-van-a-fold-napja\\\/#article\",\"isPartOf\":{\"@id\":\"https:\\\/\\\/dorogimedence.hu\\\/index.php\\\/2021\\\/04\\\/22\\\/ma-van-a-fold-napja\\\/\"},\"author\":{\"name\":\"dorogimedence.hu\",\"@id\":\"https:\\\/\\\/dorogimedence.hu\\\/#\\\/schema\\\/person\\\/ce6091eeb7e95ecdc87890d6aa8e0fd4\"},\"headline\":\"Ma van a F\u00f6ld napja\",\"datePublished\":\"2021-04-22T09:25:39+00:00\",\"dateModified\":\"2021-04-22T09:25:45+00:00\",\"mainEntityOfPage\":{\"@id\":\"https:\\\/\\\/dorogimedence.hu\\\/index.php\\\/2021\\\/04\\\/22\\\/ma-van-a-fold-napja\\\/\"},\"wordCount\":995,\"publisher\":{\"@id\":\"https:\\\/\\\/dorogimedence.hu\\\/#organization\"},\"image\":{\"@id\":\"https:\\\/\\\/dorogimedence.hu\\\/index.php\\\/2021\\\/04\\\/22\\\/ma-van-a-fold-napja\\\/#primaryimage\"},\"thumbnailUrl\":\"https:\\\/\\\/dorogimedence.hu\\\/wp-content\\\/uploads\\\/2019\\\/10\\\/foldunkert.jpg\",\"keywords\":[\"F\u00f6ld Napja\"],\"articleSection\":[\"H\u00edrek\"],\"inLanguage\":\"hu\"},{\"@type\":\"WebPage\",\"@id\":\"https:\\\/\\\/dorogimedence.hu\\\/index.php\\\/2021\\\/04\\\/22\\\/ma-van-a-fold-napja\\\/\",\"url\":\"https:\\\/\\\/dorogimedence.hu\\\/index.php\\\/2021\\\/04\\\/22\\\/ma-van-a-fold-napja\\\/\",\"name\":\"Ma van a F\u00f6ld napja\",\"isPartOf\":{\"@id\":\"https:\\\/\\\/dorogimedence.hu\\\/#website\"},\"primaryImageOfPage\":{\"@id\":\"https:\\\/\\\/dorogimedence.hu\\\/index.php\\\/2021\\\/04\\\/22\\\/ma-van-a-fold-napja\\\/#primaryimage\"},\"image\":{\"@id\":\"https:\\\/\\\/dorogimedence.hu\\\/index.php\\\/2021\\\/04\\\/22\\\/ma-van-a-fold-napja\\\/#primaryimage\"},\"thumbnailUrl\":\"https:\\\/\\\/dorogimedence.hu\\\/wp-content\\\/uploads\\\/2019\\\/10\\\/foldunkert.jpg\",\"datePublished\":\"2021-04-22T09:25:39+00:00\",\"dateModified\":\"2021-04-22T09:25:45+00:00\",\"breadcrumb\":{\"@id\":\"https:\\\/\\\/dorogimedence.hu\\\/index.php\\\/2021\\\/04\\\/22\\\/ma-van-a-fold-napja\\\/#breadcrumb\"},\"inLanguage\":\"hu\",\"potentialAction\":[{\"@type\":\"ReadAction\",\"target\":[\"https:\\\/\\\/dorogimedence.hu\\\/index.php\\\/2021\\\/04\\\/22\\\/ma-van-a-fold-napja\\\/\"]}]},{\"@type\":\"ImageObject\",\"inLanguage\":\"hu\",\"@id\":\"https:\\\/\\\/dorogimedence.hu\\\/index.php\\\/2021\\\/04\\\/22\\\/ma-van-a-fold-napja\\\/#primaryimage\",\"url\":\"https:\\\/\\\/dorogimedence.hu\\\/wp-content\\\/uploads\\\/2019\\\/10\\\/foldunkert.jpg\",\"contentUrl\":\"https:\\\/\\\/dorogimedence.hu\\\/wp-content\\\/uploads\\\/2019\\\/10\\\/foldunkert.jpg\",\"width\":670,\"height\":365},{\"@type\":\"BreadcrumbList\",\"@id\":\"https:\\\/\\\/dorogimedence.hu\\\/index.php\\\/2021\\\/04\\\/22\\\/ma-van-a-fold-napja\\\/#breadcrumb\",\"itemListElement\":[{\"@type\":\"ListItem\",\"position\":1,\"name\":\"Kezd\u0151lap\",\"item\":\"https:\\\/\\\/dorogimedence.hu\\\/\"},{\"@type\":\"ListItem\",\"position\":2,\"name\":\"Ma van a F\u00f6ld napja\"}]},{\"@type\":\"WebSite\",\"@id\":\"https:\\\/\\\/dorogimedence.hu\\\/#website\",\"url\":\"https:\\\/\\\/dorogimedence.hu\\\/\",\"name\":\"Dorogi-medence Region\u00e1lis H\u00edrport\u00e1l\",\"description\":\"Dorog, Keszt\u00f6lc, Le\u00e1nyv\u00e1r, Piliscs\u00e9v, Tokod, Tokodalt\u00e1r\u00f3, Csolnok, Esztergom-kertv\u00e1ros: h\u00edrek, programok\",\"publisher\":{\"@id\":\"https:\\\/\\\/dorogimedence.hu\\\/#organization\"},\"potentialAction\":[{\"@type\":\"SearchAction\",\"target\":{\"@type\":\"EntryPoint\",\"urlTemplate\":\"https:\\\/\\\/dorogimedence.hu\\\/?s={search_term_string}\"},\"query-input\":{\"@type\":\"PropertyValueSpecification\",\"valueRequired\":true,\"valueName\":\"search_term_string\"}}],\"inLanguage\":\"hu\"},{\"@type\":\"Organization\",\"@id\":\"https:\\\/\\\/dorogimedence.hu\\\/#organization\",\"name\":\"Dorogi-medence Region\u00e1lis H\u00edrport\u00e1l\",\"url\":\"https:\\\/\\\/dorogimedence.hu\\\/\",\"logo\":{\"@type\":\"ImageObject\",\"inLanguage\":\"hu\",\"@id\":\"https:\\\/\\\/dorogimedence.hu\\\/#\\\/schema\\\/logo\\\/image\\\/\",\"url\":\"https:\\\/\\\/dorogimedence.hu\\\/wp-content\\\/uploads\\\/2021\\\/04\\\/logo-feher-600.png\",\"contentUrl\":\"https:\\\/\\\/dorogimedence.hu\\\/wp-content\\\/uploads\\\/2021\\\/04\\\/logo-feher-600.png\",\"width\":600,\"height\":100,\"caption\":\"Dorogi-medence Region\u00e1lis H\u00edrport\u00e1l\"},\"image\":{\"@id\":\"https:\\\/\\\/dorogimedence.hu\\\/#\\\/schema\\\/logo\\\/image\\\/\"},\"sameAs\":[\"https:\\\/\\\/www.facebook.com\\\/dorogimedence\\\/\"]},{\"@type\":\"Person\",\"@id\":\"https:\\\/\\\/dorogimedence.hu\\\/#\\\/schema\\\/person\\\/ce6091eeb7e95ecdc87890d6aa8e0fd4\",\"name\":\"dorogimedence.hu\",\"image\":{\"@type\":\"ImageObject\",\"inLanguage\":\"hu\",\"@id\":\"\\\/\\\/www.gravatar.com\\\/avatar\\\/d8d45f8901aadff40a4af72c0b826f1d?s=96&#038;r=g&#038;d=mm\",\"url\":\"\\\/\\\/www.gravatar.com\\\/avatar\\\/d8d45f8901aadff40a4af72c0b826f1d?s=96&#038;r=g&#038;d=mm\",\"contentUrl\":\"\\\/\\\/www.gravatar.com\\\/avatar\\\/d8d45f8901aadff40a4af72c0b826f1d?s=96&#038;r=g&#038;d=mm\",\"caption\":\"dorogimedence.hu\"}}]}<\/script>\n<!-- \/ Yoast SEO plugin. -->","yoast_head_json":{"title":"Ma van a F\u00f6ld napja","robots":{"index":"index","follow":"follow","max-snippet":"max-snippet:-1","max-image-preview":"max-image-preview:large","max-video-preview":"max-video-preview:-1"},"canonical":"https:\/\/dorogimedence.hu\/index.php\/2021\/04\/22\/ma-van-a-fold-napja\/","og_locale":"hu_HU","og_type":"article","og_title":"Ma van a F\u00f6ld napja","og_description":"\u00c1prilis 22-\u00e9n, a F\u00f6ld napja alkalm\u00e1b\u00f3l k\u00fcl\u00f6nf\u00e9le esem\u00e9nyeket rendeznek vil\u00e1gszerte, melyekkel felh\u00edvj\u00e1k a figyelmet a F\u00f6ld term\u00e9szeti k\u00f6rnyezet\u00e9nek meg\u00f3v\u00e1s\u00e1ra. A magyarok k\u00f6zel 80 sz\u00e1zal\u00e9ka szerint a lakoss\u00e1gnak, a v\u00e1llalatoknak \u00e9s a politik\u00e1nak egyar\u00e1nt tennie kell az\u00e9rt, hogy a fenntarthat\u00f3s\u00e1gi fordulat sikeres legyen. A F\u00f6ld napja t\u00f6rt\u00e9nete Az \u00f6tletet John McConnell vetette fel 1969-ben egy UNESCO","og_url":"https:\/\/dorogimedence.hu\/index.php\/2021\/04\/22\/ma-van-a-fold-napja\/","og_site_name":"Dorogi-medence Region\u00e1lis H\u00edrport\u00e1l","article_publisher":"https:\/\/www.facebook.com\/dorogimedence\/","article_published_time":"2021-04-22T09:25:39+00:00","article_modified_time":"2021-04-22T09:25:45+00:00","og_image":[{"width":670,"height":365,"url":"https:\/\/i0.wp.com\/dorogimedence.hu\/wp-content\/uploads\/2019\/10\/foldunkert.jpg?fit=670%2C365&ssl=1","type":"image\/jpeg"}],"author":"dorogimedence.hu","twitter_card":"summary_large_image","twitter_misc":{"Szerz\u0151:":"dorogimedence.hu","Becs\u00fclt olvas\u00e1si id\u0151":"5 perc"},"schema":{"@context":"https:\/\/schema.org","@graph":[{"@type":"Article","@id":"https:\/\/dorogimedence.hu\/index.php\/2021\/04\/22\/ma-van-a-fold-napja\/#article","isPartOf":{"@id":"https:\/\/dorogimedence.hu\/index.php\/2021\/04\/22\/ma-van-a-fold-napja\/"},"author":{"name":"dorogimedence.hu","@id":"https:\/\/dorogimedence.hu\/#\/schema\/person\/ce6091eeb7e95ecdc87890d6aa8e0fd4"},"headline":"Ma van a F\u00f6ld napja","datePublished":"2021-04-22T09:25:39+00:00","dateModified":"2021-04-22T09:25:45+00:00","mainEntityOfPage":{"@id":"https:\/\/dorogimedence.hu\/index.php\/2021\/04\/22\/ma-van-a-fold-napja\/"},"wordCount":995,"publisher":{"@id":"https:\/\/dorogimedence.hu\/#organization"},"image":{"@id":"https:\/\/dorogimedence.hu\/index.php\/2021\/04\/22\/ma-van-a-fold-napja\/#primaryimage"},"thumbnailUrl":"https:\/\/dorogimedence.hu\/wp-content\/uploads\/2019\/10\/foldunkert.jpg","keywords":["F\u00f6ld Napja"],"articleSection":["H\u00edrek"],"inLanguage":"hu"},{"@type":"WebPage","@id":"https:\/\/dorogimedence.hu\/index.php\/2021\/04\/22\/ma-van-a-fold-napja\/","url":"https:\/\/dorogimedence.hu\/index.php\/2021\/04\/22\/ma-van-a-fold-napja\/","name":"Ma van a F\u00f6ld napja","isPartOf":{"@id":"https:\/\/dorogimedence.hu\/#website"},"primaryImageOfPage":{"@id":"https:\/\/dorogimedence.hu\/index.php\/2021\/04\/22\/ma-van-a-fold-napja\/#primaryimage"},"image":{"@id":"https:\/\/dorogimedence.hu\/index.php\/2021\/04\/22\/ma-van-a-fold-napja\/#primaryimage"},"thumbnailUrl":"https:\/\/dorogimedence.hu\/wp-content\/uploads\/2019\/10\/foldunkert.jpg","datePublished":"2021-04-22T09:25:39+00:00","dateModified":"2021-04-22T09:25:45+00:00","breadcrumb":{"@id":"https:\/\/dorogimedence.hu\/index.php\/2021\/04\/22\/ma-van-a-fold-napja\/#breadcrumb"},"inLanguage":"hu","potentialAction":[{"@type":"ReadAction","target":["https:\/\/dorogimedence.hu\/index.php\/2021\/04\/22\/ma-van-a-fold-napja\/"]}]},{"@type":"ImageObject","inLanguage":"hu","@id":"https:\/\/dorogimedence.hu\/index.php\/2021\/04\/22\/ma-van-a-fold-napja\/#primaryimage","url":"https:\/\/dorogimedence.hu\/wp-content\/uploads\/2019\/10\/foldunkert.jpg","contentUrl":"https:\/\/dorogimedence.hu\/wp-content\/uploads\/2019\/10\/foldunkert.jpg","width":670,"height":365},{"@type":"BreadcrumbList","@id":"https:\/\/dorogimedence.hu\/index.php\/2021\/04\/22\/ma-van-a-fold-napja\/#breadcrumb","itemListElement":[{"@type":"ListItem","position":1,"name":"Kezd\u0151lap","item":"https:\/\/dorogimedence.hu\/"},{"@type":"ListItem","position":2,"name":"Ma van a F\u00f6ld napja"}]},{"@type":"WebSite","@id":"https:\/\/dorogimedence.hu\/#website","url":"https:\/\/dorogimedence.hu\/","name":"Dorogi-medence Region\u00e1lis H\u00edrport\u00e1l","description":"Dorog, Keszt\u00f6lc, Le\u00e1nyv\u00e1r, Piliscs\u00e9v, Tokod, Tokodalt\u00e1r\u00f3, Csolnok, Esztergom-kertv\u00e1ros: h\u00edrek, programok","publisher":{"@id":"https:\/\/dorogimedence.hu\/#organization"},"potentialAction":[{"@type":"SearchAction","target":{"@type":"EntryPoint","urlTemplate":"https:\/\/dorogimedence.hu\/?s={search_term_string}"},"query-input":{"@type":"PropertyValueSpecification","valueRequired":true,"valueName":"search_term_string"}}],"inLanguage":"hu"},{"@type":"Organization","@id":"https:\/\/dorogimedence.hu\/#organization","name":"Dorogi-medence Region\u00e1lis H\u00edrport\u00e1l","url":"https:\/\/dorogimedence.hu\/","logo":{"@type":"ImageObject","inLanguage":"hu","@id":"https:\/\/dorogimedence.hu\/#\/schema\/logo\/image\/","url":"https:\/\/dorogimedence.hu\/wp-content\/uploads\/2021\/04\/logo-feher-600.png","contentUrl":"https:\/\/dorogimedence.hu\/wp-content\/uploads\/2021\/04\/logo-feher-600.png","width":600,"height":100,"caption":"Dorogi-medence Region\u00e1lis H\u00edrport\u00e1l"},"image":{"@id":"https:\/\/dorogimedence.hu\/#\/schema\/logo\/image\/"},"sameAs":["https:\/\/www.facebook.com\/dorogimedence\/"]},{"@type":"Person","@id":"https:\/\/dorogimedence.hu\/#\/schema\/person\/ce6091eeb7e95ecdc87890d6aa8e0fd4","name":"dorogimedence.hu","image":{"@type":"ImageObject","inLanguage":"hu","@id":"\/\/www.gravatar.com\/avatar\/d8d45f8901aadff40a4af72c0b826f1d?s=96&#038;r=g&#038;d=mm","url":"\/\/www.gravatar.com\/avatar\/d8d45f8901aadff40a4af72c0b826f1d?s=96&#038;r=g&#038;d=mm","contentUrl":"\/\/www.gravatar.com\/avatar\/d8d45f8901aadff40a4af72c0b826f1d?s=96&#038;r=g&#038;d=mm","caption":"dorogimedence.hu"}}]}},"_links":{"self":[{"href":"https:\/\/dorogimedence.hu\/index.php\/wp-json\/wp\/v2\/posts\/32046","targetHints":{"allow":["GET"]}}],"collection":[{"href":"https:\/\/dorogimedence.hu\/index.php\/wp-json\/wp\/v2\/posts"}],"about":[{"href":"https:\/\/dorogimedence.hu\/index.php\/wp-json\/wp\/v2\/types\/post"}],"author":[{"embeddable":true,"href":"https:\/\/dorogimedence.hu\/index.php\/wp-json\/wp\/v2\/users\/1"}],"replies":[{"embeddable":true,"href":"https:\/\/dorogimedence.hu\/index.php\/wp-json\/wp\/v2\/comments?post=32046"}],"version-history":[{"count":0,"href":"https:\/\/dorogimedence.hu\/index.php\/wp-json\/wp\/v2\/posts\/32046\/revisions"}],"wp:featuredmedia":[{"embeddable":true,"href":"https:\/\/dorogimedence.hu\/index.php\/wp-json\/wp\/v2\/media\/20387"}],"wp:attachment":[{"href":"https:\/\/dorogimedence.hu\/index.php\/wp-json\/wp\/v2\/media?parent=32046"}],"wp:term":[{"taxonomy":"category","embeddable":true,"href":"https:\/\/dorogimedence.hu\/index.php\/wp-json\/wp\/v2\/categories?post=32046"},{"taxonomy":"post_tag","embeddable":true,"href":"https:\/\/dorogimedence.hu\/index.php\/wp-json\/wp\/v2\/tags?post=32046"}],"curies":[{"name":"wp","href":"https:\/\/api.w.org\/{rel}","templated":true}]}}