{"id":3195,"date":"2017-05-19T09:04:52","date_gmt":"2017-05-19T07:04:52","guid":{"rendered":"http:\/\/dorogimedence.hu\/?p=3195"},"modified":"2017-05-19T09:06:06","modified_gmt":"2017-05-19T07:06:06","slug":"gyermeknap-a-palan","status":"publish","type":"post","link":"https:\/\/dorogimedence.hu\/index.php\/2017\/05\/19\/gyermeknap-a-palan\/","title":{"rendered":"Gyermeknap a pal\u00e1n"},"content":{"rendered":"<p><strong>Gyermeknap alkalm\u00e1b\u00f3l, nem csak a dorogi Otthon t\u00e9ren szerveznek programot, hanem az \u00d6b\u00f6l Music Beach-en is.<\/strong><\/p>\n<p>M\u00e1jus 28-\u00e1n a gyerekek\u00e9 a f\u0151szerep \u00e9s r\u00e1ad\u00e1sul k\u00e9t helysz\u00ednre is ell\u00e1togathatunk egym\u00e1s ut\u00e1n. Hiszen az Otthon t\u00e9ren modell aut\u00f3k \u00e9s j\u00e1rm\u0171vek v\u00e1rnak mindenkit, a Palatinus-t\u00f3 \u00f6bl\u00e9ben pedig kajakt\u00fara, b\u00fav\u00e1rkod\u00e1s v\u00e1rja az \u00e9rdekl\u0151d\u0151ket.<\/p>\n<p><a href=\"https:\/\/dorogimedence.hu\/index.php\/rendezveny\/gyermeknapi-modellorulet\/\" target=\"_blank\" rel=\"noopener noreferrer\"><span style=\"text-decoration: underline;\"><span style=\"color: #0000ff;\"><strong>Az Otthon t\u00e9ri program itt tekinthet\u0151 meg&gt;&gt;<\/strong><\/span><\/span><\/a><\/p>\n<p><span style=\"color: #ff0000;\"><strong>Program az \u00d6b\u00f6l Music Beach-en:<\/strong><\/span><\/p>\n<p><strong>9.00<\/strong> &#8211; Kapunyit\u00e1s<\/p>\n<p><strong>10.00<\/strong> &#8211; RC Tri\u00e1l 4&#215;4 modellaut\u00f3 orsz\u00e1gos bajnoks\u00e1g. Val\u00f3di verseny, val\u00f3di terepen val\u00f3di versenyz\u0151kkel.<\/p>\n<p><strong>11 \u00f3r\u00e1t\u00f3l<\/strong> &#8211; Kajakt\u00fara gyerekeknek oktat\u00f3 fel\u00fcgyelet\u00e9vel. A t\u00fara k\u00f6r\u00fclbel\u00fcl \u00f3r\u00e1nk\u00e9nt csoportokra osztva indul , hossza nagyj\u00e1b\u00f3l 30 perc. Sz\u00fcl\u0151 k\u00eds\u00e9rete is term\u00e9szetesen megoldhat\u00f3. A gyermekek \u00e9s sz\u00fcleik megismerhetik a kajakoz\u00e1s kenuz\u00e1s sz\u00e9ps\u00e9geit.<br \/>\n&#8211; Az \u00d6b\u00f6l Beach B\u00fav\u00e1r Centrumon a gyerekek \u00e9s feln\u0151ttek egyar\u00e1nt ismerkedhetnek a b\u00fav\u00e1rkod\u00e1s alapjaival sz\u00e9ps\u00e9g\u00e9vel oktat\u00f3k seg\u00edts\u00e9g\u00e9vel.<br \/>\n&#8211; T\u00f6bb alkalommal RC helikopter 3D show a v\u00edz felett \u00e9s hydropl\u00e1n modell rep\u00fcl\u0151k dronok, motorcs\u00f3nakok bemutat\u00f3ja az \u00f6b\u00f6lben. Az RC modellek n\u00e9melyike kipr\u00f3b\u00e1lhat\u00f3.<\/p>\n<p>Eg\u00e9sznap T\u00f6r\u00f6k Zolt\u00e1n Trombetta ( OB. 2, Szlov\u00e1k OB. 2, EB. 2, \u00e9s VB.4. helyezett) versenyhaj\u00f3ja n\u00e9zhet\u0151 meg a v\u00edzen \u00e9s Zoli v\u00e1laszol a gyerekek k\u00e9rd\u00e9seire.<\/p>\n<p>Ezen fel\u00fcl l\u00e1that\u00f3 lesz v\u00edzre t\u00e9ve egy igazi motorcs\u00f3nak mely a Dun\u00e1n szokta szelni a habokat. Ebbe a gyerekek be\u00fclhetnek egy fot\u00f3 erej\u00e9ig.<\/p>\n<p>Csal\u00e1di homokv\u00e1r \u00e9p\u00edt\u0151 verseny! Nevez\u00e9s d\u00edjtalan. Nevez\u00e9si hat\u00e1rid\u0151. M\u00e1jus 27. 20.00 Nevezni csal\u00e1donk\u00e9nt lehet. Sz\u00fcl\u0151 \u00e9s gyerek az obolmusicbeach@gmail.com e-mail c\u00edmen. Az els\u0151 helyezett: Eg\u00e9sz \u00e9ves Csal\u00e1di Beach bel\u00e9p\u0151. II. \u00e9s III. helyezett: 1 havi Beach bel\u00e9p\u0151.<\/p>\n<p>Verseny kezdete: 28-a 11.00. Az \u00e9p\u00edt\u00e9sre 2 \u00f3ra \u00e1ll rendelkez\u00e9sre.<br \/>\nA nevez\u0151 csal\u00e1dok 10.30-t\u00f3l a Beach b\u00fcf\u00e9n\u00e9l regisztr\u00e1lhatnak.<\/p>\n<p>A rendezv\u00e9ny idej\u00e9n a r\u00f6plabda \u00e9s a focip\u00e1lya d\u00edjmentesen haszn\u00e1lhat\u00f3. A <strong>bel\u00e9p\u00e9s ingyenes<\/strong>, minden v\u00edzi program a gyermekeknek ingyenesen kipr\u00f3b\u00e1lhat\u00f3 14 \u00e9ves korig.<\/p>\n<p><a href=\"https:\/\/www.facebook.com\/events\/1187105504731323\/\" target=\"_blank\" rel=\"noopener noreferrer\"><span style=\"text-decoration: underline; color: #0000ff;\"><strong>Facebook esem\u00e9ny&gt;&gt;<\/strong><\/span><\/a><\/p>\n<p><img fetchpriority=\"high\" decoding=\"async\" class=\"alignnone size-full wp-image-3196\" src=\"https:\/\/dorogimedence.hu\/wp-content\/uploads\/2017\/05\/obol-gyermeknap-plakat.jpg\" alt=\"\" width=\"480\" height=\"960\" srcset=\"https:\/\/dorogimedence.hu\/wp-content\/uploads\/2017\/05\/obol-gyermeknap-plakat.jpg 480w, https:\/\/dorogimedence.hu\/wp-content\/uploads\/2017\/05\/obol-gyermeknap-plakat-150x300.jpg 150w\" sizes=\"(max-width: 480px) 100vw, 480px\" \/><\/p>\n","protected":false},"excerpt":{"rendered":"<p>Gyermeknap alkalm\u00e1b\u00f3l, nem csak a dorogi Otthon t\u00e9ren szerveznek programot, hanem az \u00d6b\u00f6l Music Beach-en is. M\u00e1jus 28-\u00e1n a gyerekek\u00e9 a f\u0151szerep \u00e9s r\u00e1ad\u00e1sul k\u00e9t helysz\u00ednre is ell\u00e1togathatunk egym\u00e1s ut\u00e1n. Hiszen az Otthon t\u00e9ren modell aut\u00f3k \u00e9s j\u00e1rm\u0171vek v\u00e1rnak mindenkit, a Palatinus-t\u00f3 \u00f6bl\u00e9ben pedig kajakt\u00fara, b\u00fav\u00e1rkod\u00e1s v\u00e1rja az \u00e9rdekl\u0151d\u0151ket. Az Otthon t\u00e9ri program itt tekinthet\u0151<\/p>\n","protected":false},"author":1,"featured_media":3197,"comment_status":"closed","ping_status":"closed","sticky":false,"template":"","format":"standard","meta":{"ngg_post_thumbnail":0,"footnotes":""},"categories":[2,7,3],"tags":[936,1003,36],"class_list":{"0":"post-3195","1":"post","2":"type-post","3":"status-publish","4":"format-standard","5":"has-post-thumbnail","7":"category-dorog","8":"category-esztergom_kertvaros","9":"category-hirek","10":"tag-gyermeknap","11":"tag-obol-beach","12":"tag-palatinus-to"},"yoast_head":"<!-- This site is optimized with the Yoast SEO plugin v27.4 - https:\/\/yoast.com\/product\/yoast-seo-wordpress\/ -->\n<title>Gyermeknap a pal\u00e1n<\/title>\n<meta name=\"robots\" content=\"index, follow, max-snippet:-1, max-image-preview:large, max-video-preview:-1\" \/>\n<link rel=\"canonical\" href=\"https:\/\/dorogimedence.hu\/index.php\/2017\/05\/19\/gyermeknap-a-palan\/\" class=\"yoast-seo-meta-tag\" \/>\n<meta property=\"og:locale\" content=\"hu_HU\" class=\"yoast-seo-meta-tag\" \/>\n<meta property=\"og:type\" content=\"article\" class=\"yoast-seo-meta-tag\" \/>\n<meta property=\"og:title\" content=\"Gyermeknap a pal\u00e1n\" class=\"yoast-seo-meta-tag\" \/>\n<meta property=\"og:description\" content=\"Gyermeknap alkalm\u00e1b\u00f3l, nem csak a dorogi Otthon t\u00e9ren szerveznek programot, hanem az \u00d6b\u00f6l Music Beach-en is. M\u00e1jus 28-\u00e1n a gyerekek\u00e9 a f\u0151szerep \u00e9s r\u00e1ad\u00e1sul k\u00e9t helysz\u00ednre is ell\u00e1togathatunk egym\u00e1s ut\u00e1n. Hiszen az Otthon t\u00e9ren modell aut\u00f3k \u00e9s j\u00e1rm\u0171vek v\u00e1rnak mindenkit, a Palatinus-t\u00f3 \u00f6bl\u00e9ben pedig kajakt\u00fara, b\u00fav\u00e1rkod\u00e1s v\u00e1rja az \u00e9rdekl\u0151d\u0151ket. Az Otthon t\u00e9ri program itt tekinthet\u0151\" class=\"yoast-seo-meta-tag\" \/>\n<meta property=\"og:url\" content=\"https:\/\/dorogimedence.hu\/index.php\/2017\/05\/19\/gyermeknap-a-palan\/\" class=\"yoast-seo-meta-tag\" \/>\n<meta property=\"og:site_name\" content=\"Dorogi-medence Region\u00e1lis H\u00edrport\u00e1l\" class=\"yoast-seo-meta-tag\" \/>\n<meta property=\"article:publisher\" content=\"https:\/\/www.facebook.com\/dorogimedence\/\" class=\"yoast-seo-meta-tag\" \/>\n<meta property=\"article:published_time\" content=\"2017-05-19T07:04:52+00:00\" class=\"yoast-seo-meta-tag\" \/>\n<meta property=\"article:modified_time\" content=\"2017-05-19T07:06:06+00:00\" class=\"yoast-seo-meta-tag\" \/>\n<meta property=\"og:image\" content=\"https:\/\/i0.wp.com\/dorogimedence.hu\/wp-content\/uploads\/2017\/05\/obol-gyermeknap-01.jpg?fit=670%2C365&ssl=1\" class=\"yoast-seo-meta-tag\" \/>\n\t<meta property=\"og:image:width\" content=\"670\" class=\"yoast-seo-meta-tag\" \/>\n\t<meta property=\"og:image:height\" content=\"365\" class=\"yoast-seo-meta-tag\" \/>\n\t<meta property=\"og:image:type\" content=\"image\/jpeg\" class=\"yoast-seo-meta-tag\" \/>\n<meta name=\"author\" content=\"dorogimedence.hu\" class=\"yoast-seo-meta-tag\" \/>\n<meta name=\"twitter:card\" content=\"summary_large_image\" class=\"yoast-seo-meta-tag\" \/>\n<meta name=\"twitter:label1\" content=\"Szerz\u0151:\" class=\"yoast-seo-meta-tag\" \/>\n\t<meta name=\"twitter:data1\" content=\"dorogimedence.hu\" class=\"yoast-seo-meta-tag\" \/>\n\t<meta name=\"twitter:label2\" content=\"Becs\u00fclt olvas\u00e1si id\u0151\" class=\"yoast-seo-meta-tag\" \/>\n\t<meta name=\"twitter:data2\" content=\"2 perc\" class=\"yoast-seo-meta-tag\" \/>\n<script type=\"application\/ld+json\" class=\"yoast-schema-graph\">{\"@context\":\"https:\\\/\\\/schema.org\",\"@graph\":[{\"@type\":\"Article\",\"@id\":\"https:\\\/\\\/dorogimedence.hu\\\/index.php\\\/2017\\\/05\\\/19\\\/gyermeknap-a-palan\\\/#article\",\"isPartOf\":{\"@id\":\"https:\\\/\\\/dorogimedence.hu\\\/index.php\\\/2017\\\/05\\\/19\\\/gyermeknap-a-palan\\\/\"},\"author\":{\"name\":\"dorogimedence.hu\",\"@id\":\"https:\\\/\\\/dorogimedence.hu\\\/#\\\/schema\\\/person\\\/ce6091eeb7e95ecdc87890d6aa8e0fd4\"},\"headline\":\"Gyermeknap a pal\u00e1n\",\"datePublished\":\"2017-05-19T07:04:52+00:00\",\"dateModified\":\"2017-05-19T07:06:06+00:00\",\"mainEntityOfPage\":{\"@id\":\"https:\\\/\\\/dorogimedence.hu\\\/index.php\\\/2017\\\/05\\\/19\\\/gyermeknap-a-palan\\\/\"},\"wordCount\":418,\"publisher\":{\"@id\":\"https:\\\/\\\/dorogimedence.hu\\\/#organization\"},\"image\":{\"@id\":\"https:\\\/\\\/dorogimedence.hu\\\/index.php\\\/2017\\\/05\\\/19\\\/gyermeknap-a-palan\\\/#primaryimage\"},\"thumbnailUrl\":\"https:\\\/\\\/dorogimedence.hu\\\/wp-content\\\/uploads\\\/2017\\\/05\\\/obol-gyermeknap-01.jpg\",\"keywords\":[\"gyermeknap\",\"\u00d6b\u00f6l Beach\",\"Palatinus-t\u00f3\"],\"articleSection\":[\"Dorog\",\"Esztergom-kertv\u00e1ros\",\"H\u00edrek\"],\"inLanguage\":\"hu\"},{\"@type\":\"WebPage\",\"@id\":\"https:\\\/\\\/dorogimedence.hu\\\/index.php\\\/2017\\\/05\\\/19\\\/gyermeknap-a-palan\\\/\",\"url\":\"https:\\\/\\\/dorogimedence.hu\\\/index.php\\\/2017\\\/05\\\/19\\\/gyermeknap-a-palan\\\/\",\"name\":\"Gyermeknap a pal\u00e1n\",\"isPartOf\":{\"@id\":\"https:\\\/\\\/dorogimedence.hu\\\/#website\"},\"primaryImageOfPage\":{\"@id\":\"https:\\\/\\\/dorogimedence.hu\\\/index.php\\\/2017\\\/05\\\/19\\\/gyermeknap-a-palan\\\/#primaryimage\"},\"image\":{\"@id\":\"https:\\\/\\\/dorogimedence.hu\\\/index.php\\\/2017\\\/05\\\/19\\\/gyermeknap-a-palan\\\/#primaryimage\"},\"thumbnailUrl\":\"https:\\\/\\\/dorogimedence.hu\\\/wp-content\\\/uploads\\\/2017\\\/05\\\/obol-gyermeknap-01.jpg\",\"datePublished\":\"2017-05-19T07:04:52+00:00\",\"dateModified\":\"2017-05-19T07:06:06+00:00\",\"breadcrumb\":{\"@id\":\"https:\\\/\\\/dorogimedence.hu\\\/index.php\\\/2017\\\/05\\\/19\\\/gyermeknap-a-palan\\\/#breadcrumb\"},\"inLanguage\":\"hu\",\"potentialAction\":[{\"@type\":\"ReadAction\",\"target\":[\"https:\\\/\\\/dorogimedence.hu\\\/index.php\\\/2017\\\/05\\\/19\\\/gyermeknap-a-palan\\\/\"]}]},{\"@type\":\"ImageObject\",\"inLanguage\":\"hu\",\"@id\":\"https:\\\/\\\/dorogimedence.hu\\\/index.php\\\/2017\\\/05\\\/19\\\/gyermeknap-a-palan\\\/#primaryimage\",\"url\":\"https:\\\/\\\/dorogimedence.hu\\\/wp-content\\\/uploads\\\/2017\\\/05\\\/obol-gyermeknap-01.jpg\",\"contentUrl\":\"https:\\\/\\\/dorogimedence.hu\\\/wp-content\\\/uploads\\\/2017\\\/05\\\/obol-gyermeknap-01.jpg\",\"width\":670,\"height\":365},{\"@type\":\"BreadcrumbList\",\"@id\":\"https:\\\/\\\/dorogimedence.hu\\\/index.php\\\/2017\\\/05\\\/19\\\/gyermeknap-a-palan\\\/#breadcrumb\",\"itemListElement\":[{\"@type\":\"ListItem\",\"position\":1,\"name\":\"Kezd\u0151lap\",\"item\":\"https:\\\/\\\/dorogimedence.hu\\\/\"},{\"@type\":\"ListItem\",\"position\":2,\"name\":\"Gyermeknap a pal\u00e1n\"}]},{\"@type\":\"WebSite\",\"@id\":\"https:\\\/\\\/dorogimedence.hu\\\/#website\",\"url\":\"https:\\\/\\\/dorogimedence.hu\\\/\",\"name\":\"Dorogi-medence Region\u00e1lis H\u00edrport\u00e1l\",\"description\":\"Dorog, Keszt\u00f6lc, Le\u00e1nyv\u00e1r, Piliscs\u00e9v, Tokod, Tokodalt\u00e1r\u00f3, Csolnok, Esztergom-kertv\u00e1ros: h\u00edrek, programok\",\"publisher\":{\"@id\":\"https:\\\/\\\/dorogimedence.hu\\\/#organization\"},\"potentialAction\":[{\"@type\":\"SearchAction\",\"target\":{\"@type\":\"EntryPoint\",\"urlTemplate\":\"https:\\\/\\\/dorogimedence.hu\\\/?s={search_term_string}\"},\"query-input\":{\"@type\":\"PropertyValueSpecification\",\"valueRequired\":true,\"valueName\":\"search_term_string\"}}],\"inLanguage\":\"hu\"},{\"@type\":\"Organization\",\"@id\":\"https:\\\/\\\/dorogimedence.hu\\\/#organization\",\"name\":\"Dorogi-medence Region\u00e1lis H\u00edrport\u00e1l\",\"url\":\"https:\\\/\\\/dorogimedence.hu\\\/\",\"logo\":{\"@type\":\"ImageObject\",\"inLanguage\":\"hu\",\"@id\":\"https:\\\/\\\/dorogimedence.hu\\\/#\\\/schema\\\/logo\\\/image\\\/\",\"url\":\"https:\\\/\\\/dorogimedence.hu\\\/wp-content\\\/uploads\\\/2021\\\/04\\\/logo-feher-600.png\",\"contentUrl\":\"https:\\\/\\\/dorogimedence.hu\\\/wp-content\\\/uploads\\\/2021\\\/04\\\/logo-feher-600.png\",\"width\":600,\"height\":100,\"caption\":\"Dorogi-medence Region\u00e1lis H\u00edrport\u00e1l\"},\"image\":{\"@id\":\"https:\\\/\\\/dorogimedence.hu\\\/#\\\/schema\\\/logo\\\/image\\\/\"},\"sameAs\":[\"https:\\\/\\\/www.facebook.com\\\/dorogimedence\\\/\"]},{\"@type\":\"Person\",\"@id\":\"https:\\\/\\\/dorogimedence.hu\\\/#\\\/schema\\\/person\\\/ce6091eeb7e95ecdc87890d6aa8e0fd4\",\"name\":\"dorogimedence.hu\",\"image\":{\"@type\":\"ImageObject\",\"inLanguage\":\"hu\",\"@id\":\"\\\/\\\/www.gravatar.com\\\/avatar\\\/d8d45f8901aadff40a4af72c0b826f1d?s=96&#038;r=g&#038;d=mm\",\"url\":\"\\\/\\\/www.gravatar.com\\\/avatar\\\/d8d45f8901aadff40a4af72c0b826f1d?s=96&#038;r=g&#038;d=mm\",\"contentUrl\":\"\\\/\\\/www.gravatar.com\\\/avatar\\\/d8d45f8901aadff40a4af72c0b826f1d?s=96&#038;r=g&#038;d=mm\",\"caption\":\"dorogimedence.hu\"}}]}<\/script>\n<!-- \/ Yoast SEO plugin. -->","yoast_head_json":{"title":"Gyermeknap a pal\u00e1n","robots":{"index":"index","follow":"follow","max-snippet":"max-snippet:-1","max-image-preview":"max-image-preview:large","max-video-preview":"max-video-preview:-1"},"canonical":"https:\/\/dorogimedence.hu\/index.php\/2017\/05\/19\/gyermeknap-a-palan\/","og_locale":"hu_HU","og_type":"article","og_title":"Gyermeknap a pal\u00e1n","og_description":"Gyermeknap alkalm\u00e1b\u00f3l, nem csak a dorogi Otthon t\u00e9ren szerveznek programot, hanem az \u00d6b\u00f6l Music Beach-en is. M\u00e1jus 28-\u00e1n a gyerekek\u00e9 a f\u0151szerep \u00e9s r\u00e1ad\u00e1sul k\u00e9t helysz\u00ednre is ell\u00e1togathatunk egym\u00e1s ut\u00e1n. Hiszen az Otthon t\u00e9ren modell aut\u00f3k \u00e9s j\u00e1rm\u0171vek v\u00e1rnak mindenkit, a Palatinus-t\u00f3 \u00f6bl\u00e9ben pedig kajakt\u00fara, b\u00fav\u00e1rkod\u00e1s v\u00e1rja az \u00e9rdekl\u0151d\u0151ket. Az Otthon t\u00e9ri program itt tekinthet\u0151","og_url":"https:\/\/dorogimedence.hu\/index.php\/2017\/05\/19\/gyermeknap-a-palan\/","og_site_name":"Dorogi-medence Region\u00e1lis H\u00edrport\u00e1l","article_publisher":"https:\/\/www.facebook.com\/dorogimedence\/","article_published_time":"2017-05-19T07:04:52+00:00","article_modified_time":"2017-05-19T07:06:06+00:00","og_image":[{"width":670,"height":365,"url":"https:\/\/i0.wp.com\/dorogimedence.hu\/wp-content\/uploads\/2017\/05\/obol-gyermeknap-01.jpg?fit=670%2C365&ssl=1","type":"image\/jpeg"}],"author":"dorogimedence.hu","twitter_card":"summary_large_image","twitter_misc":{"Szerz\u0151:":"dorogimedence.hu","Becs\u00fclt olvas\u00e1si id\u0151":"2 perc"},"schema":{"@context":"https:\/\/schema.org","@graph":[{"@type":"Article","@id":"https:\/\/dorogimedence.hu\/index.php\/2017\/05\/19\/gyermeknap-a-palan\/#article","isPartOf":{"@id":"https:\/\/dorogimedence.hu\/index.php\/2017\/05\/19\/gyermeknap-a-palan\/"},"author":{"name":"dorogimedence.hu","@id":"https:\/\/dorogimedence.hu\/#\/schema\/person\/ce6091eeb7e95ecdc87890d6aa8e0fd4"},"headline":"Gyermeknap a pal\u00e1n","datePublished":"2017-05-19T07:04:52+00:00","dateModified":"2017-05-19T07:06:06+00:00","mainEntityOfPage":{"@id":"https:\/\/dorogimedence.hu\/index.php\/2017\/05\/19\/gyermeknap-a-palan\/"},"wordCount":418,"publisher":{"@id":"https:\/\/dorogimedence.hu\/#organization"},"image":{"@id":"https:\/\/dorogimedence.hu\/index.php\/2017\/05\/19\/gyermeknap-a-palan\/#primaryimage"},"thumbnailUrl":"https:\/\/dorogimedence.hu\/wp-content\/uploads\/2017\/05\/obol-gyermeknap-01.jpg","keywords":["gyermeknap","\u00d6b\u00f6l Beach","Palatinus-t\u00f3"],"articleSection":["Dorog","Esztergom-kertv\u00e1ros","H\u00edrek"],"inLanguage":"hu"},{"@type":"WebPage","@id":"https:\/\/dorogimedence.hu\/index.php\/2017\/05\/19\/gyermeknap-a-palan\/","url":"https:\/\/dorogimedence.hu\/index.php\/2017\/05\/19\/gyermeknap-a-palan\/","name":"Gyermeknap a pal\u00e1n","isPartOf":{"@id":"https:\/\/dorogimedence.hu\/#website"},"primaryImageOfPage":{"@id":"https:\/\/dorogimedence.hu\/index.php\/2017\/05\/19\/gyermeknap-a-palan\/#primaryimage"},"image":{"@id":"https:\/\/dorogimedence.hu\/index.php\/2017\/05\/19\/gyermeknap-a-palan\/#primaryimage"},"thumbnailUrl":"https:\/\/dorogimedence.hu\/wp-content\/uploads\/2017\/05\/obol-gyermeknap-01.jpg","datePublished":"2017-05-19T07:04:52+00:00","dateModified":"2017-05-19T07:06:06+00:00","breadcrumb":{"@id":"https:\/\/dorogimedence.hu\/index.php\/2017\/05\/19\/gyermeknap-a-palan\/#breadcrumb"},"inLanguage":"hu","potentialAction":[{"@type":"ReadAction","target":["https:\/\/dorogimedence.hu\/index.php\/2017\/05\/19\/gyermeknap-a-palan\/"]}]},{"@type":"ImageObject","inLanguage":"hu","@id":"https:\/\/dorogimedence.hu\/index.php\/2017\/05\/19\/gyermeknap-a-palan\/#primaryimage","url":"https:\/\/dorogimedence.hu\/wp-content\/uploads\/2017\/05\/obol-gyermeknap-01.jpg","contentUrl":"https:\/\/dorogimedence.hu\/wp-content\/uploads\/2017\/05\/obol-gyermeknap-01.jpg","width":670,"height":365},{"@type":"BreadcrumbList","@id":"https:\/\/dorogimedence.hu\/index.php\/2017\/05\/19\/gyermeknap-a-palan\/#breadcrumb","itemListElement":[{"@type":"ListItem","position":1,"name":"Kezd\u0151lap","item":"https:\/\/dorogimedence.hu\/"},{"@type":"ListItem","position":2,"name":"Gyermeknap a pal\u00e1n"}]},{"@type":"WebSite","@id":"https:\/\/dorogimedence.hu\/#website","url":"https:\/\/dorogimedence.hu\/","name":"Dorogi-medence Region\u00e1lis H\u00edrport\u00e1l","description":"Dorog, Keszt\u00f6lc, Le\u00e1nyv\u00e1r, Piliscs\u00e9v, Tokod, Tokodalt\u00e1r\u00f3, Csolnok, Esztergom-kertv\u00e1ros: h\u00edrek, programok","publisher":{"@id":"https:\/\/dorogimedence.hu\/#organization"},"potentialAction":[{"@type":"SearchAction","target":{"@type":"EntryPoint","urlTemplate":"https:\/\/dorogimedence.hu\/?s={search_term_string}"},"query-input":{"@type":"PropertyValueSpecification","valueRequired":true,"valueName":"search_term_string"}}],"inLanguage":"hu"},{"@type":"Organization","@id":"https:\/\/dorogimedence.hu\/#organization","name":"Dorogi-medence Region\u00e1lis H\u00edrport\u00e1l","url":"https:\/\/dorogimedence.hu\/","logo":{"@type":"ImageObject","inLanguage":"hu","@id":"https:\/\/dorogimedence.hu\/#\/schema\/logo\/image\/","url":"https:\/\/dorogimedence.hu\/wp-content\/uploads\/2021\/04\/logo-feher-600.png","contentUrl":"https:\/\/dorogimedence.hu\/wp-content\/uploads\/2021\/04\/logo-feher-600.png","width":600,"height":100,"caption":"Dorogi-medence Region\u00e1lis H\u00edrport\u00e1l"},"image":{"@id":"https:\/\/dorogimedence.hu\/#\/schema\/logo\/image\/"},"sameAs":["https:\/\/www.facebook.com\/dorogimedence\/"]},{"@type":"Person","@id":"https:\/\/dorogimedence.hu\/#\/schema\/person\/ce6091eeb7e95ecdc87890d6aa8e0fd4","name":"dorogimedence.hu","image":{"@type":"ImageObject","inLanguage":"hu","@id":"\/\/www.gravatar.com\/avatar\/d8d45f8901aadff40a4af72c0b826f1d?s=96&#038;r=g&#038;d=mm","url":"\/\/www.gravatar.com\/avatar\/d8d45f8901aadff40a4af72c0b826f1d?s=96&#038;r=g&#038;d=mm","contentUrl":"\/\/www.gravatar.com\/avatar\/d8d45f8901aadff40a4af72c0b826f1d?s=96&#038;r=g&#038;d=mm","caption":"dorogimedence.hu"}}]}},"_links":{"self":[{"href":"https:\/\/dorogimedence.hu\/index.php\/wp-json\/wp\/v2\/posts\/3195","targetHints":{"allow":["GET"]}}],"collection":[{"href":"https:\/\/dorogimedence.hu\/index.php\/wp-json\/wp\/v2\/posts"}],"about":[{"href":"https:\/\/dorogimedence.hu\/index.php\/wp-json\/wp\/v2\/types\/post"}],"author":[{"embeddable":true,"href":"https:\/\/dorogimedence.hu\/index.php\/wp-json\/wp\/v2\/users\/1"}],"replies":[{"embeddable":true,"href":"https:\/\/dorogimedence.hu\/index.php\/wp-json\/wp\/v2\/comments?post=3195"}],"version-history":[{"count":0,"href":"https:\/\/dorogimedence.hu\/index.php\/wp-json\/wp\/v2\/posts\/3195\/revisions"}],"wp:featuredmedia":[{"embeddable":true,"href":"https:\/\/dorogimedence.hu\/index.php\/wp-json\/wp\/v2\/media\/3197"}],"wp:attachment":[{"href":"https:\/\/dorogimedence.hu\/index.php\/wp-json\/wp\/v2\/media?parent=3195"}],"wp:term":[{"taxonomy":"category","embeddable":true,"href":"https:\/\/dorogimedence.hu\/index.php\/wp-json\/wp\/v2\/categories?post=3195"},{"taxonomy":"post_tag","embeddable":true,"href":"https:\/\/dorogimedence.hu\/index.php\/wp-json\/wp\/v2\/tags?post=3195"}],"curies":[{"name":"wp","href":"https:\/\/api.w.org\/{rel}","templated":true}]}}