{"id":31948,"date":"2021-04-17T11:14:19","date_gmt":"2021-04-17T09:14:19","guid":{"rendered":"http:\/\/dorogimedence.hu\/?p=31948"},"modified":"2021-04-17T11:14:30","modified_gmt":"2021-04-17T09:14:30","slug":"amikor-a-tema-rad-mosolyog","status":"publish","type":"post","link":"https:\/\/dorogimedence.hu\/index.php\/2021\/04\/17\/amikor-a-tema-rad-mosolyog\/","title":{"rendered":"Amikor a t\u00e9ma r\u00e1d mosolyog"},"content":{"rendered":"<p><strong>Lieber Tam\u00e1s \u201eMes\u00e9l\u0151 t\u00e1jak \u00e9s form\u00e1k \u2013 Egy fot\u00f3 \u00e9s ami m\u00f6g\u00f6tte van\u201d c\u00edm\u0171 sorozat\u00e1nak soron k\u00f6vetkez\u0151 r\u00e9sz\u00e9ben most egy kir\u00e1ndul\u00e1s t\u00f6rt\u00e9net\u00e9vel ismerkedhet\u00fcnk meg.<\/strong><\/p>\n<p>Az elm\u00falt \u00e9vtizedben t\u00f6bb alkalommal megfordultunk az erd\u00e9lyi Bihar-hegys\u00e9gben, annak is k\u00f6z\u00e9ps\u0151 r\u00e9sz\u00e9n tal\u00e1lhat\u00f3 Padisi-karsztfenns\u00edk r\u00e9gi\u00f3j\u00e1ban. Sorozatomban, k\u00e9t cikkben is megeml\u00e9keztem m\u00e1r ezekr\u0151l a kir\u00e1ndul\u00e1sokr\u00f3l, amelyekr\u0151l <a href=\"https:\/\/dorogimedence.hu\/index.php\/2020\/09\/26\/ahol-egy-csoda-var-kortura-a-biharban\/\" target=\"_blank\" rel=\"noopener\"><span style=\"text-decoration: underline; color: #0000ff;\">itt<\/span><\/a> \u00e9s <a href=\"https:\/\/dorogimedence.hu\/index.php\/2020\/06\/13\/egy-patak-szuletese-es-eltunese\" target=\"_blank\" rel=\"noopener\"><span style=\"text-decoration: underline; color: #0000ff;\">itt<\/span><\/a> olvashatnak.<\/p>\n<p>Sz\u00e1ll\u00e1shely\u00fcnk minden alkalommal a Bulz-patak partj\u00e1ra telep\u00fclt Boga \u00fcd\u00fcl\u0151faluban l\u00e9v\u0151, a nagyv\u00e1radi h\u00e1zasp\u00e1r, Zsuzsa n\u00e9ni \u00e9s Pista b\u00e1csi \u201eHarm\u00f3nia panzi\u00f3ja\u201d volt. Az id\u0151s tan\u00e1r-m\u00e9rn\u00f6k h\u00e1zasp\u00e1r kedvess\u00e9ge, vend\u00e9gszeretete, na \u00e9s persze a mes\u00e9s h\u00e1zik\u00f3 rendre visszacsalogatja ide a vend\u00e9geket; vel\u00fcnk is \u00edgy tett sz\u00e1mos alkalommal.<\/p>\n<p>A Boga-v\u00f6lgyben fekv\u0151 hasonl\u00f3 nev\u0171 falu m\u00e1r \u00f6nmag\u00e1ban t\u00far\u00e1ra cs\u00e1b\u00edt. A patak csobog\u00e1sa, a k\u00f6zeli v\u00edzes\u00e9sek z\u00fag\u00e1sa, b\u00fckk\u00f6s\u00f6k, fenyvesek l\u00e1tv\u00e1nya is felett\u00e9bb vonz\u00f3, de mindezt a patakot szeg\u00e9lyez\u0151 tavaszi, kora-ny\u00e1ri vir\u00e1gtenger k\u00e9pe m\u00e9g fokozni tudja.<\/p>\n<p>ngg_shortcode_0_placeholderAz els\u0151 napon k\u00f6nnyed s\u00e9t\u00e1val meleg\u00edtett\u00fcnk be a k\u00f6vetkez\u0151 napok, komolyabb t\u00far\u00e1ira, ekkor k\u00e9sz\u00fclt jelen cikkem t\u00e9m\u00e1j\u00e1t ad\u00f3 fot\u00f3 is. Sz\u00e1mtalan n\u00f6v\u00e9ny, illetve az azokon tany\u00e1z\u00f3 rovar k\u00e9sztetett r\u00f6videbb-hosszabb fot\u00f3s meg\u00e1ll\u00f3kra. K\u00e9sz\u00fclt is vagy sz\u00e1z felv\u00e9tel ezekr\u0151l, amiket azut\u00e1n m\u00e1r itthon hat\u00e1rozgattam.<\/p>\n<p>Fot\u00f3z\u00e1skor fel sem t\u0171nt, hogy a Teleki vir\u00e1g, \u00e9s a rajta vir\u00e1gport gy\u0171jt\u0151 m\u00e9h \u00f6sszess\u00e9g\u00e9ben egy mosolyg\u00f3 arcot form\u00e1z. Ut\u00f3lag szembes\u00fcltem ezzel, \u00e9s az egyik kedvenc fot\u00f3m lett.<\/p>\n<p><em>Lieber Tam\u00e1s<\/em><\/p>\n<p><strong>A sorozathoz kapcsol\u00f3d\u00f3 tov\u00e1bbi cikkek <span style=\"text-decoration: underline; color: #0000ff;\"><a style=\"color: #0000ff; text-decoration: underline;\" href=\"https:\/\/dorogimedence.hu\/index.php\/category\/meselo-tajak-es-formak\/\" target=\"_blank\" rel=\"noopener noreferrer\">ide kattintva<\/a><\/span> \u00e9rhet\u0151k el!<\/strong><\/p>\n","protected":false},"excerpt":{"rendered":"<p>Lieber Tam\u00e1s \u201eMes\u00e9l\u0151 t\u00e1jak \u00e9s form\u00e1k \u2013 Egy fot\u00f3 \u00e9s ami m\u00f6g\u00f6tte van\u201d c\u00edm\u0171 sorozat\u00e1nak soron k\u00f6vetkez\u0151 r\u00e9sz\u00e9ben most egy kir\u00e1ndul\u00e1s t\u00f6rt\u00e9net\u00e9vel ismerkedhet\u00fcnk meg. Az elm\u00falt \u00e9vtizedben t\u00f6bb alkalommal megfordultunk az erd\u00e9lyi Bihar-hegys\u00e9gben, annak is k\u00f6z\u00e9ps\u0151 r\u00e9sz\u00e9n tal\u00e1lhat\u00f3 Padisi-karsztfenns\u00edk r\u00e9gi\u00f3j\u00e1ban. Sorozatomban, k\u00e9t cikkben is megeml\u00e9keztem m\u00e1r ezekr\u0151l a kir\u00e1ndul\u00e1sokr\u00f3l, amelyekr\u0151l itt \u00e9s itt olvashatnak. Sz\u00e1ll\u00e1shely\u00fcnk<\/p>\n","protected":false},"author":1,"featured_media":31949,"comment_status":"closed","ping_status":"closed","sticky":false,"template":"","format":"standard","meta":{"ngg_post_thumbnail":0,"footnotes":""},"categories":[3,4923],"tags":[3474,4924],"class_list":{"0":"post-31948","1":"post","2":"type-post","3":"status-publish","4":"format-standard","5":"has-post-thumbnail","7":"category-hirek","8":"category-meselo-tajak-es-formak","9":"tag-lieber-tamas","10":"tag-meselo-tajak-es-formak"},"yoast_head":"<!-- This site is optimized with the Yoast SEO plugin v27.4 - https:\/\/yoast.com\/product\/yoast-seo-wordpress\/ -->\n<title>Amikor a t\u00e9ma r\u00e1d mosolyog<\/title>\n<meta name=\"robots\" content=\"index, follow, max-snippet:-1, max-image-preview:large, max-video-preview:-1\" \/>\n<link rel=\"canonical\" href=\"https:\/\/dorogimedence.hu\/index.php\/2021\/04\/17\/amikor-a-tema-rad-mosolyog\/\" class=\"yoast-seo-meta-tag\" \/>\n<meta property=\"og:locale\" content=\"hu_HU\" class=\"yoast-seo-meta-tag\" \/>\n<meta property=\"og:type\" content=\"article\" class=\"yoast-seo-meta-tag\" \/>\n<meta property=\"og:title\" content=\"Amikor a t\u00e9ma r\u00e1d mosolyog\" class=\"yoast-seo-meta-tag\" \/>\n<meta property=\"og:description\" content=\"Lieber Tam\u00e1s \u201eMes\u00e9l\u0151 t\u00e1jak \u00e9s form\u00e1k \u2013 Egy fot\u00f3 \u00e9s ami m\u00f6g\u00f6tte van\u201d c\u00edm\u0171 sorozat\u00e1nak soron k\u00f6vetkez\u0151 r\u00e9sz\u00e9ben most egy kir\u00e1ndul\u00e1s t\u00f6rt\u00e9net\u00e9vel ismerkedhet\u00fcnk meg. Az elm\u00falt \u00e9vtizedben t\u00f6bb alkalommal megfordultunk az erd\u00e9lyi Bihar-hegys\u00e9gben, annak is k\u00f6z\u00e9ps\u0151 r\u00e9sz\u00e9n tal\u00e1lhat\u00f3 Padisi-karsztfenns\u00edk r\u00e9gi\u00f3j\u00e1ban. Sorozatomban, k\u00e9t cikkben is megeml\u00e9keztem m\u00e1r ezekr\u0151l a kir\u00e1ndul\u00e1sokr\u00f3l, amelyekr\u0151l itt \u00e9s itt olvashatnak. Sz\u00e1ll\u00e1shely\u00fcnk\" class=\"yoast-seo-meta-tag\" \/>\n<meta property=\"og:url\" content=\"https:\/\/dorogimedence.hu\/index.php\/2021\/04\/17\/amikor-a-tema-rad-mosolyog\/\" class=\"yoast-seo-meta-tag\" \/>\n<meta property=\"og:site_name\" content=\"Dorogi-medence Region\u00e1lis H\u00edrport\u00e1l\" class=\"yoast-seo-meta-tag\" \/>\n<meta property=\"article:publisher\" content=\"https:\/\/www.facebook.com\/dorogimedence\/\" class=\"yoast-seo-meta-tag\" \/>\n<meta property=\"article:published_time\" content=\"2021-04-17T09:14:19+00:00\" class=\"yoast-seo-meta-tag\" \/>\n<meta property=\"article:modified_time\" content=\"2021-04-17T09:14:30+00:00\" class=\"yoast-seo-meta-tag\" \/>\n<meta property=\"og:image\" content=\"https:\/\/i0.wp.com\/dorogimedence.hu\/wp-content\/uploads\/2021\/04\/teleki-virag-02.jpg?fit=830%2C450&ssl=1\" class=\"yoast-seo-meta-tag\" \/>\n\t<meta property=\"og:image:width\" content=\"830\" class=\"yoast-seo-meta-tag\" \/>\n\t<meta property=\"og:image:height\" content=\"450\" class=\"yoast-seo-meta-tag\" \/>\n\t<meta property=\"og:image:type\" content=\"image\/jpeg\" class=\"yoast-seo-meta-tag\" \/>\n<meta name=\"author\" content=\"dorogimedence.hu\" class=\"yoast-seo-meta-tag\" \/>\n<meta name=\"twitter:card\" content=\"summary_large_image\" class=\"yoast-seo-meta-tag\" \/>\n<meta name=\"twitter:label1\" content=\"Szerz\u0151:\" class=\"yoast-seo-meta-tag\" \/>\n\t<meta name=\"twitter:data1\" content=\"dorogimedence.hu\" class=\"yoast-seo-meta-tag\" \/>\n\t<meta name=\"twitter:label2\" content=\"Becs\u00fclt olvas\u00e1si id\u0151\" class=\"yoast-seo-meta-tag\" \/>\n\t<meta name=\"twitter:data2\" content=\"2 perc\" class=\"yoast-seo-meta-tag\" \/>\n<script type=\"application\/ld+json\" class=\"yoast-schema-graph\">{\"@context\":\"https:\\\/\\\/schema.org\",\"@graph\":[{\"@type\":\"Article\",\"@id\":\"https:\\\/\\\/dorogimedence.hu\\\/index.php\\\/2021\\\/04\\\/17\\\/amikor-a-tema-rad-mosolyog\\\/#article\",\"isPartOf\":{\"@id\":\"https:\\\/\\\/dorogimedence.hu\\\/index.php\\\/2021\\\/04\\\/17\\\/amikor-a-tema-rad-mosolyog\\\/\"},\"author\":{\"name\":\"dorogimedence.hu\",\"@id\":\"https:\\\/\\\/dorogimedence.hu\\\/#\\\/schema\\\/person\\\/ce6091eeb7e95ecdc87890d6aa8e0fd4\"},\"headline\":\"Amikor a t\u00e9ma r\u00e1d mosolyog\",\"datePublished\":\"2021-04-17T09:14:19+00:00\",\"dateModified\":\"2021-04-17T09:14:30+00:00\",\"mainEntityOfPage\":{\"@id\":\"https:\\\/\\\/dorogimedence.hu\\\/index.php\\\/2021\\\/04\\\/17\\\/amikor-a-tema-rad-mosolyog\\\/\"},\"wordCount\":364,\"publisher\":{\"@id\":\"https:\\\/\\\/dorogimedence.hu\\\/#organization\"},\"image\":{\"@id\":\"https:\\\/\\\/dorogimedence.hu\\\/index.php\\\/2021\\\/04\\\/17\\\/amikor-a-tema-rad-mosolyog\\\/#primaryimage\"},\"thumbnailUrl\":\"https:\\\/\\\/dorogimedence.hu\\\/wp-content\\\/uploads\\\/2021\\\/04\\\/teleki-virag-02.jpg\",\"keywords\":[\"Lieber Tam\u00e1s\",\"Mes\u00e9l\u0151 t\u00e1jak \u00e9s form\u00e1k\"],\"articleSection\":[\"H\u00edrek\",\"Mes\u00e9l\u0151 t\u00e1jak \u00e9s form\u00e1k\"],\"inLanguage\":\"hu\"},{\"@type\":\"WebPage\",\"@id\":\"https:\\\/\\\/dorogimedence.hu\\\/index.php\\\/2021\\\/04\\\/17\\\/amikor-a-tema-rad-mosolyog\\\/\",\"url\":\"https:\\\/\\\/dorogimedence.hu\\\/index.php\\\/2021\\\/04\\\/17\\\/amikor-a-tema-rad-mosolyog\\\/\",\"name\":\"Amikor a t\u00e9ma r\u00e1d mosolyog\",\"isPartOf\":{\"@id\":\"https:\\\/\\\/dorogimedence.hu\\\/#website\"},\"primaryImageOfPage\":{\"@id\":\"https:\\\/\\\/dorogimedence.hu\\\/index.php\\\/2021\\\/04\\\/17\\\/amikor-a-tema-rad-mosolyog\\\/#primaryimage\"},\"image\":{\"@id\":\"https:\\\/\\\/dorogimedence.hu\\\/index.php\\\/2021\\\/04\\\/17\\\/amikor-a-tema-rad-mosolyog\\\/#primaryimage\"},\"thumbnailUrl\":\"https:\\\/\\\/dorogimedence.hu\\\/wp-content\\\/uploads\\\/2021\\\/04\\\/teleki-virag-02.jpg\",\"datePublished\":\"2021-04-17T09:14:19+00:00\",\"dateModified\":\"2021-04-17T09:14:30+00:00\",\"breadcrumb\":{\"@id\":\"https:\\\/\\\/dorogimedence.hu\\\/index.php\\\/2021\\\/04\\\/17\\\/amikor-a-tema-rad-mosolyog\\\/#breadcrumb\"},\"inLanguage\":\"hu\",\"potentialAction\":[{\"@type\":\"ReadAction\",\"target\":[\"https:\\\/\\\/dorogimedence.hu\\\/index.php\\\/2021\\\/04\\\/17\\\/amikor-a-tema-rad-mosolyog\\\/\"]}]},{\"@type\":\"ImageObject\",\"inLanguage\":\"hu\",\"@id\":\"https:\\\/\\\/dorogimedence.hu\\\/index.php\\\/2021\\\/04\\\/17\\\/amikor-a-tema-rad-mosolyog\\\/#primaryimage\",\"url\":\"https:\\\/\\\/dorogimedence.hu\\\/wp-content\\\/uploads\\\/2021\\\/04\\\/teleki-virag-02.jpg\",\"contentUrl\":\"https:\\\/\\\/dorogimedence.hu\\\/wp-content\\\/uploads\\\/2021\\\/04\\\/teleki-virag-02.jpg\",\"width\":830,\"height\":450},{\"@type\":\"BreadcrumbList\",\"@id\":\"https:\\\/\\\/dorogimedence.hu\\\/index.php\\\/2021\\\/04\\\/17\\\/amikor-a-tema-rad-mosolyog\\\/#breadcrumb\",\"itemListElement\":[{\"@type\":\"ListItem\",\"position\":1,\"name\":\"Kezd\u0151lap\",\"item\":\"https:\\\/\\\/dorogimedence.hu\\\/\"},{\"@type\":\"ListItem\",\"position\":2,\"name\":\"Amikor a t\u00e9ma r\u00e1d mosolyog\"}]},{\"@type\":\"WebSite\",\"@id\":\"https:\\\/\\\/dorogimedence.hu\\\/#website\",\"url\":\"https:\\\/\\\/dorogimedence.hu\\\/\",\"name\":\"Dorogi-medence Region\u00e1lis H\u00edrport\u00e1l\",\"description\":\"Dorog, Keszt\u00f6lc, Le\u00e1nyv\u00e1r, Piliscs\u00e9v, Tokod, Tokodalt\u00e1r\u00f3, Csolnok, Esztergom-kertv\u00e1ros: h\u00edrek, programok\",\"publisher\":{\"@id\":\"https:\\\/\\\/dorogimedence.hu\\\/#organization\"},\"potentialAction\":[{\"@type\":\"SearchAction\",\"target\":{\"@type\":\"EntryPoint\",\"urlTemplate\":\"https:\\\/\\\/dorogimedence.hu\\\/?s={search_term_string}\"},\"query-input\":{\"@type\":\"PropertyValueSpecification\",\"valueRequired\":true,\"valueName\":\"search_term_string\"}}],\"inLanguage\":\"hu\"},{\"@type\":\"Organization\",\"@id\":\"https:\\\/\\\/dorogimedence.hu\\\/#organization\",\"name\":\"Dorogi-medence Region\u00e1lis H\u00edrport\u00e1l\",\"url\":\"https:\\\/\\\/dorogimedence.hu\\\/\",\"logo\":{\"@type\":\"ImageObject\",\"inLanguage\":\"hu\",\"@id\":\"https:\\\/\\\/dorogimedence.hu\\\/#\\\/schema\\\/logo\\\/image\\\/\",\"url\":\"https:\\\/\\\/dorogimedence.hu\\\/wp-content\\\/uploads\\\/2021\\\/04\\\/logo-feher-600.png\",\"contentUrl\":\"https:\\\/\\\/dorogimedence.hu\\\/wp-content\\\/uploads\\\/2021\\\/04\\\/logo-feher-600.png\",\"width\":600,\"height\":100,\"caption\":\"Dorogi-medence Region\u00e1lis H\u00edrport\u00e1l\"},\"image\":{\"@id\":\"https:\\\/\\\/dorogimedence.hu\\\/#\\\/schema\\\/logo\\\/image\\\/\"},\"sameAs\":[\"https:\\\/\\\/www.facebook.com\\\/dorogimedence\\\/\"]},{\"@type\":\"Person\",\"@id\":\"https:\\\/\\\/dorogimedence.hu\\\/#\\\/schema\\\/person\\\/ce6091eeb7e95ecdc87890d6aa8e0fd4\",\"name\":\"dorogimedence.hu\",\"image\":{\"@type\":\"ImageObject\",\"inLanguage\":\"hu\",\"@id\":\"\\\/\\\/www.gravatar.com\\\/avatar\\\/d8d45f8901aadff40a4af72c0b826f1d?s=96&#038;r=g&#038;d=mm\",\"url\":\"\\\/\\\/www.gravatar.com\\\/avatar\\\/d8d45f8901aadff40a4af72c0b826f1d?s=96&#038;r=g&#038;d=mm\",\"contentUrl\":\"\\\/\\\/www.gravatar.com\\\/avatar\\\/d8d45f8901aadff40a4af72c0b826f1d?s=96&#038;r=g&#038;d=mm\",\"caption\":\"dorogimedence.hu\"}}]}<\/script>\n<!-- \/ Yoast SEO plugin. -->","yoast_head_json":{"title":"Amikor a t\u00e9ma r\u00e1d mosolyog","robots":{"index":"index","follow":"follow","max-snippet":"max-snippet:-1","max-image-preview":"max-image-preview:large","max-video-preview":"max-video-preview:-1"},"canonical":"https:\/\/dorogimedence.hu\/index.php\/2021\/04\/17\/amikor-a-tema-rad-mosolyog\/","og_locale":"hu_HU","og_type":"article","og_title":"Amikor a t\u00e9ma r\u00e1d mosolyog","og_description":"Lieber Tam\u00e1s \u201eMes\u00e9l\u0151 t\u00e1jak \u00e9s form\u00e1k \u2013 Egy fot\u00f3 \u00e9s ami m\u00f6g\u00f6tte van\u201d c\u00edm\u0171 sorozat\u00e1nak soron k\u00f6vetkez\u0151 r\u00e9sz\u00e9ben most egy kir\u00e1ndul\u00e1s t\u00f6rt\u00e9net\u00e9vel ismerkedhet\u00fcnk meg. Az elm\u00falt \u00e9vtizedben t\u00f6bb alkalommal megfordultunk az erd\u00e9lyi Bihar-hegys\u00e9gben, annak is k\u00f6z\u00e9ps\u0151 r\u00e9sz\u00e9n tal\u00e1lhat\u00f3 Padisi-karsztfenns\u00edk r\u00e9gi\u00f3j\u00e1ban. Sorozatomban, k\u00e9t cikkben is megeml\u00e9keztem m\u00e1r ezekr\u0151l a kir\u00e1ndul\u00e1sokr\u00f3l, amelyekr\u0151l itt \u00e9s itt olvashatnak. Sz\u00e1ll\u00e1shely\u00fcnk","og_url":"https:\/\/dorogimedence.hu\/index.php\/2021\/04\/17\/amikor-a-tema-rad-mosolyog\/","og_site_name":"Dorogi-medence Region\u00e1lis H\u00edrport\u00e1l","article_publisher":"https:\/\/www.facebook.com\/dorogimedence\/","article_published_time":"2021-04-17T09:14:19+00:00","article_modified_time":"2021-04-17T09:14:30+00:00","og_image":[{"width":830,"height":450,"url":"https:\/\/i0.wp.com\/dorogimedence.hu\/wp-content\/uploads\/2021\/04\/teleki-virag-02.jpg?fit=830%2C450&ssl=1","type":"image\/jpeg"}],"author":"dorogimedence.hu","twitter_card":"summary_large_image","twitter_misc":{"Szerz\u0151:":"dorogimedence.hu","Becs\u00fclt olvas\u00e1si id\u0151":"2 perc"},"schema":{"@context":"https:\/\/schema.org","@graph":[{"@type":"Article","@id":"https:\/\/dorogimedence.hu\/index.php\/2021\/04\/17\/amikor-a-tema-rad-mosolyog\/#article","isPartOf":{"@id":"https:\/\/dorogimedence.hu\/index.php\/2021\/04\/17\/amikor-a-tema-rad-mosolyog\/"},"author":{"name":"dorogimedence.hu","@id":"https:\/\/dorogimedence.hu\/#\/schema\/person\/ce6091eeb7e95ecdc87890d6aa8e0fd4"},"headline":"Amikor a t\u00e9ma r\u00e1d mosolyog","datePublished":"2021-04-17T09:14:19+00:00","dateModified":"2021-04-17T09:14:30+00:00","mainEntityOfPage":{"@id":"https:\/\/dorogimedence.hu\/index.php\/2021\/04\/17\/amikor-a-tema-rad-mosolyog\/"},"wordCount":364,"publisher":{"@id":"https:\/\/dorogimedence.hu\/#organization"},"image":{"@id":"https:\/\/dorogimedence.hu\/index.php\/2021\/04\/17\/amikor-a-tema-rad-mosolyog\/#primaryimage"},"thumbnailUrl":"https:\/\/dorogimedence.hu\/wp-content\/uploads\/2021\/04\/teleki-virag-02.jpg","keywords":["Lieber Tam\u00e1s","Mes\u00e9l\u0151 t\u00e1jak \u00e9s form\u00e1k"],"articleSection":["H\u00edrek","Mes\u00e9l\u0151 t\u00e1jak \u00e9s form\u00e1k"],"inLanguage":"hu"},{"@type":"WebPage","@id":"https:\/\/dorogimedence.hu\/index.php\/2021\/04\/17\/amikor-a-tema-rad-mosolyog\/","url":"https:\/\/dorogimedence.hu\/index.php\/2021\/04\/17\/amikor-a-tema-rad-mosolyog\/","name":"Amikor a t\u00e9ma r\u00e1d mosolyog","isPartOf":{"@id":"https:\/\/dorogimedence.hu\/#website"},"primaryImageOfPage":{"@id":"https:\/\/dorogimedence.hu\/index.php\/2021\/04\/17\/amikor-a-tema-rad-mosolyog\/#primaryimage"},"image":{"@id":"https:\/\/dorogimedence.hu\/index.php\/2021\/04\/17\/amikor-a-tema-rad-mosolyog\/#primaryimage"},"thumbnailUrl":"https:\/\/dorogimedence.hu\/wp-content\/uploads\/2021\/04\/teleki-virag-02.jpg","datePublished":"2021-04-17T09:14:19+00:00","dateModified":"2021-04-17T09:14:30+00:00","breadcrumb":{"@id":"https:\/\/dorogimedence.hu\/index.php\/2021\/04\/17\/amikor-a-tema-rad-mosolyog\/#breadcrumb"},"inLanguage":"hu","potentialAction":[{"@type":"ReadAction","target":["https:\/\/dorogimedence.hu\/index.php\/2021\/04\/17\/amikor-a-tema-rad-mosolyog\/"]}]},{"@type":"ImageObject","inLanguage":"hu","@id":"https:\/\/dorogimedence.hu\/index.php\/2021\/04\/17\/amikor-a-tema-rad-mosolyog\/#primaryimage","url":"https:\/\/dorogimedence.hu\/wp-content\/uploads\/2021\/04\/teleki-virag-02.jpg","contentUrl":"https:\/\/dorogimedence.hu\/wp-content\/uploads\/2021\/04\/teleki-virag-02.jpg","width":830,"height":450},{"@type":"BreadcrumbList","@id":"https:\/\/dorogimedence.hu\/index.php\/2021\/04\/17\/amikor-a-tema-rad-mosolyog\/#breadcrumb","itemListElement":[{"@type":"ListItem","position":1,"name":"Kezd\u0151lap","item":"https:\/\/dorogimedence.hu\/"},{"@type":"ListItem","position":2,"name":"Amikor a t\u00e9ma r\u00e1d mosolyog"}]},{"@type":"WebSite","@id":"https:\/\/dorogimedence.hu\/#website","url":"https:\/\/dorogimedence.hu\/","name":"Dorogi-medence Region\u00e1lis H\u00edrport\u00e1l","description":"Dorog, Keszt\u00f6lc, Le\u00e1nyv\u00e1r, Piliscs\u00e9v, Tokod, Tokodalt\u00e1r\u00f3, Csolnok, Esztergom-kertv\u00e1ros: h\u00edrek, programok","publisher":{"@id":"https:\/\/dorogimedence.hu\/#organization"},"potentialAction":[{"@type":"SearchAction","target":{"@type":"EntryPoint","urlTemplate":"https:\/\/dorogimedence.hu\/?s={search_term_string}"},"query-input":{"@type":"PropertyValueSpecification","valueRequired":true,"valueName":"search_term_string"}}],"inLanguage":"hu"},{"@type":"Organization","@id":"https:\/\/dorogimedence.hu\/#organization","name":"Dorogi-medence Region\u00e1lis H\u00edrport\u00e1l","url":"https:\/\/dorogimedence.hu\/","logo":{"@type":"ImageObject","inLanguage":"hu","@id":"https:\/\/dorogimedence.hu\/#\/schema\/logo\/image\/","url":"https:\/\/dorogimedence.hu\/wp-content\/uploads\/2021\/04\/logo-feher-600.png","contentUrl":"https:\/\/dorogimedence.hu\/wp-content\/uploads\/2021\/04\/logo-feher-600.png","width":600,"height":100,"caption":"Dorogi-medence Region\u00e1lis H\u00edrport\u00e1l"},"image":{"@id":"https:\/\/dorogimedence.hu\/#\/schema\/logo\/image\/"},"sameAs":["https:\/\/www.facebook.com\/dorogimedence\/"]},{"@type":"Person","@id":"https:\/\/dorogimedence.hu\/#\/schema\/person\/ce6091eeb7e95ecdc87890d6aa8e0fd4","name":"dorogimedence.hu","image":{"@type":"ImageObject","inLanguage":"hu","@id":"\/\/www.gravatar.com\/avatar\/d8d45f8901aadff40a4af72c0b826f1d?s=96&#038;r=g&#038;d=mm","url":"\/\/www.gravatar.com\/avatar\/d8d45f8901aadff40a4af72c0b826f1d?s=96&#038;r=g&#038;d=mm","contentUrl":"\/\/www.gravatar.com\/avatar\/d8d45f8901aadff40a4af72c0b826f1d?s=96&#038;r=g&#038;d=mm","caption":"dorogimedence.hu"}}]}},"_links":{"self":[{"href":"https:\/\/dorogimedence.hu\/index.php\/wp-json\/wp\/v2\/posts\/31948","targetHints":{"allow":["GET"]}}],"collection":[{"href":"https:\/\/dorogimedence.hu\/index.php\/wp-json\/wp\/v2\/posts"}],"about":[{"href":"https:\/\/dorogimedence.hu\/index.php\/wp-json\/wp\/v2\/types\/post"}],"author":[{"embeddable":true,"href":"https:\/\/dorogimedence.hu\/index.php\/wp-json\/wp\/v2\/users\/1"}],"replies":[{"embeddable":true,"href":"https:\/\/dorogimedence.hu\/index.php\/wp-json\/wp\/v2\/comments?post=31948"}],"version-history":[{"count":0,"href":"https:\/\/dorogimedence.hu\/index.php\/wp-json\/wp\/v2\/posts\/31948\/revisions"}],"wp:featuredmedia":[{"embeddable":true,"href":"https:\/\/dorogimedence.hu\/index.php\/wp-json\/wp\/v2\/media\/31949"}],"wp:attachment":[{"href":"https:\/\/dorogimedence.hu\/index.php\/wp-json\/wp\/v2\/media?parent=31948"}],"wp:term":[{"taxonomy":"category","embeddable":true,"href":"https:\/\/dorogimedence.hu\/index.php\/wp-json\/wp\/v2\/categories?post=31948"},{"taxonomy":"post_tag","embeddable":true,"href":"https:\/\/dorogimedence.hu\/index.php\/wp-json\/wp\/v2\/tags?post=31948"}],"curies":[{"name":"wp","href":"https:\/\/api.w.org\/{rel}","templated":true}]}}