{"id":31882,"date":"2021-04-15T06:55:54","date_gmt":"2021-04-15T04:55:54","guid":{"rendered":"http:\/\/dorogimedence.hu\/?p=31882"},"modified":"2021-04-15T06:56:26","modified_gmt":"2021-04-15T04:56:26","slug":"35-millio-beoltottnal-nyithatnak-a-teraszok","status":"publish","type":"post","link":"https:\/\/dorogimedence.hu\/index.php\/2021\/04\/15\/35-millio-beoltottnal-nyithatnak-a-teraszok\/","title":{"rendered":"3,5 milli\u00f3 beoltottn\u00e1l nyithatnak a teraszok"},"content":{"rendered":"<p><strong>Az \u00fajraind\u00edt\u00e1s k\u00f6vetkez\u0151 l\u00e9pcs\u0151fokak\u00e9nt ha a beoltottak sz\u00e1ma el\u00e9ri 3,5 milli\u00f3t, kinyithatnak a teraszok<\/strong> <em>&#8211; jelentette be Orb\u00e1n Viktor minisztereln\u00f6k a Facebook-oldal\u00e1n szerd\u00e1n k\u00f6zz\u00e9tett vide\u00f3ban. K\u00f6z\u00f6lte azt is: a fels\u0151 tagozatos \u00e1ltal\u00e1nos iskol\u00e1soknak m\u00e1jus 10-ig marad az online oktat\u00e1s.<\/em><\/p>\n<p>A korm\u00e1nyf\u0151 kifejtette: v\u00e9get \u00e9rt a korm\u00e1ny\u00fcl\u00e9s, \u00e9s \u00f6r\u00f6mmel l\u00e1tj\u00e1k, hogy el\u00e9rt\u00e9k a h\u00e1rommilli\u00f3 beoltottat. Ez\u00e9rt a korm\u00e1ny nev\u00e9ben k\u00f6sz\u00f6netet mondott mindenkinek, &#8222;akinek a munk\u00e1j\u00e1t dics\u00e9ri ez a sz\u00e9p eredm\u00e9ny&#8221;, \u00edgy orvosoknak, \u00e1pol\u00f3knak, h\u00e1ziorvosoknak, k\u00f3rh\u00e1zi dolgoz\u00f3knak, a vakcin\u00e1t beszerz\u0151 k\u00fclkeresked\u0151knek, az olt\u00f3anyagot t\u00e1rol\u00f3 rakt\u00e1rosoknak, a teheraut\u00f3kra \u00e9s buszokra felpakol\u00f3 rakod\u00f3munk\u00e1soknak, valamint a sof\u0151r\u00f6knek, akik eljuttatt\u00e1k a vakcin\u00e1t a bead\u00e1si pontokra.<\/p>\n<p>Hangs\u00falyozta: &#8222;j\u00f3l haladunk, gyorsan haladunk az olt\u00e1ssal, tal\u00e1n Eur\u00f3p\u00e1ban mi haladunk a legjobban \u00e9s leggyorsabban&#8221;. K\u00f6z\u00f6lte: a korm\u00e1ny az \u00fajraind\u00edt\u00e1s k\u00f6vetkez\u0151 l\u00e9pcs\u0151fok\u00e1t 3,5 milli\u00f3 beoltott emberben hat\u00e1rozta meg, ha ezt el\u00e9rik &#8211; rem\u00e9lhet\u0151leg a k\u00f6vetkez\u0151 h\u00e9t k\u00f6zep\u00e9n, szerd\u00e1n-cs\u00fct\u00f6rt\u00f6k\u00f6n -, akkor kinyithatnak a teraszok. &#8222;Ism\u00e9t visszakapjuk a r\u00e9gi \u00e9let\u00fcnk egy darabj\u00e1t&#8221; &#8211; fogalmazott.<\/p>\n<p><strong>Orb\u00e1n Viktor kiemelte: hogy a vend\u00e1gl\u00e1t\u00f3soknak is k\u00f6nnyebb legyen, az \u0151ket terhel\u0151 teraszd\u00edjat elt\u00f6rlik.<\/strong><\/p>\n<p>Kit\u00e9rt r\u00e1: a korm\u00e1ny d\u00f6nt\u00f6tt az iskol\u00e1k \u00fajraind\u00edt\u00e1s\u00e1r\u00f3l is; csak fokozatosan \u00e9s \u00f3vatosan haladhatnak, ez\u00e9rt t\u00fcrelmet \u00e9s meg\u00e9rt\u00e9st k\u00e9rt a sz\u00fcl\u0151kt\u0151l. \u00dagy d\u00f6nt\u00f6ttek, hogy \u00e1prilis 19-\u00e9n, h\u00e9tf\u0151n kinyitj\u00e1k az \u00f3vod\u00e1kat \u00e9s az \u00e1ltal\u00e1nos iskol\u00e1k als\u00f3 tagozatos oszt\u00e1lyait &#8211; k\u00f6z\u00f6lte. Hozz\u00e1tette: a fels\u0151 tagozatban marad az otthoni, digit\u00e1lis alap\u00fa oktat\u00e1s, a di\u00e1koknak az iskola a k\u00f6z\u00e9piskol\u00e1sokkal egyid\u0151ben, m\u00e1jus 10-\u00e9n ny\u00edlik meg.<\/p>\n<p>A minisztereln\u00f6k elmondta: a korm\u00e1ny azt is meg\u00e1llap\u00edtotta, hogy mind a nemzetk\u00f6zi t\u00e9rben, mind itthon feler\u0151s\u00f6dtek a vakcin\u00e1k elleni politikai t\u00e1mad\u00e1sok. Ezeknek az a c\u00e9lja, hogy zavart keltsenek \u00e9s elbizonytalan\u00edts\u00e1k az embereket &#8211; v\u00e9lekedett.<\/p>\n<p>A korm\u00e1nyf\u0151 mindenkit arra k\u00e9rt, hogy ne hallgasson az olt\u00e1sellenes hangokra, mert az olt\u00e1s \u00e9letet menthet. Azt k\u00e9rte az emberekt\u0151l, hogy a felk\u00edn\u00e1lt vakcin\u00e1t fogadj\u00e1k el, \u00e9s oltass\u00e1k be magukat. &#8222;Vigy\u00e1zzunk egym\u00e1sra, minden \u00e9let sz\u00e1m\u00edt, \u00e9s ha \u00edgy megy tov\u00e1bb, akkor egy\u00fctt ism\u00e9t siker\u00fclni fog&#8221; &#8211; z\u00e1rta szavait Orb\u00e1n Viktor.<\/p>\n<p><iframe style=\"border: none; overflow: hidden;\" src=\"https:\/\/www.facebook.com\/plugins\/video.php?height=314&amp;href=https%3A%2F%2Fwww.facebook.com%2Forbanviktor%2Fvideos%2F512997223199171%2F&amp;show_text=false&amp;width=560\" scrolling=\"no\" allowfullscreen=\"allowfullscreen\" width=\"560\" height=\"314\" frameborder=\"0\"><\/iframe><\/p>\n<p><em>Forr\u00e1s: MTI<\/em><br \/>\n<em>Fot\u00f3: Orb\u00e1n Viktor Facebook oldala<\/em><\/p>\n","protected":false},"excerpt":{"rendered":"<p>Az \u00fajraind\u00edt\u00e1s k\u00f6vetkez\u0151 l\u00e9pcs\u0151fokak\u00e9nt ha a beoltottak sz\u00e1ma el\u00e9ri 3,5 milli\u00f3t, kinyithatnak a teraszok &#8211; jelentette be Orb\u00e1n Viktor minisztereln\u00f6k a Facebook-oldal\u00e1n szerd\u00e1n k\u00f6zz\u00e9tett vide\u00f3ban. K\u00f6z\u00f6lte azt is: a fels\u0151 tagozatos \u00e1ltal\u00e1nos iskol\u00e1soknak m\u00e1jus 10-ig marad az online oktat\u00e1s. A korm\u00e1nyf\u0151 kifejtette: v\u00e9get \u00e9rt a korm\u00e1ny\u00fcl\u00e9s, \u00e9s \u00f6r\u00f6mmel l\u00e1tj\u00e1k, hogy el\u00e9rt\u00e9k a h\u00e1rommilli\u00f3 beoltottat. Ez\u00e9rt<\/p>\n","protected":false},"author":1,"featured_media":31883,"comment_status":"closed","ping_status":"closed","sticky":false,"template":"","format":"standard","meta":{"ngg_post_thumbnail":0,"footnotes":""},"categories":[3],"tags":[5120,4738,5569,3677],"class_list":{"0":"post-31882","1":"post","2":"type-post","3":"status-publish","4":"format-standard","5":"has-post-thumbnail","7":"category-hirek","8":"tag-bejelentes","9":"tag-koronavirus","10":"tag-nyitas","11":"tag-orban-viktor"},"yoast_head":"<!-- This site is optimized with the Yoast SEO plugin v27.5 - https:\/\/yoast.com\/product\/yoast-seo-wordpress\/ -->\n<title>3,5 milli\u00f3 beoltottn\u00e1l nyithatnak a teraszok<\/title>\n<meta name=\"robots\" content=\"index, follow, max-snippet:-1, max-image-preview:large, max-video-preview:-1\" \/>\n<link rel=\"canonical\" href=\"https:\/\/dorogimedence.hu\/index.php\/2021\/04\/15\/35-millio-beoltottnal-nyithatnak-a-teraszok\/\" class=\"yoast-seo-meta-tag\" \/>\n<meta property=\"og:locale\" content=\"hu_HU\" class=\"yoast-seo-meta-tag\" \/>\n<meta property=\"og:type\" content=\"article\" class=\"yoast-seo-meta-tag\" \/>\n<meta property=\"og:title\" content=\"3,5 milli\u00f3 beoltottn\u00e1l nyithatnak a teraszok\" class=\"yoast-seo-meta-tag\" \/>\n<meta property=\"og:description\" content=\"Az \u00fajraind\u00edt\u00e1s k\u00f6vetkez\u0151 l\u00e9pcs\u0151fokak\u00e9nt ha a beoltottak sz\u00e1ma el\u00e9ri 3,5 milli\u00f3t, kinyithatnak a teraszok &#8211; jelentette be Orb\u00e1n Viktor minisztereln\u00f6k a Facebook-oldal\u00e1n szerd\u00e1n k\u00f6zz\u00e9tett vide\u00f3ban. K\u00f6z\u00f6lte azt is: a fels\u0151 tagozatos \u00e1ltal\u00e1nos iskol\u00e1soknak m\u00e1jus 10-ig marad az online oktat\u00e1s. A korm\u00e1nyf\u0151 kifejtette: v\u00e9get \u00e9rt a korm\u00e1ny\u00fcl\u00e9s, \u00e9s \u00f6r\u00f6mmel l\u00e1tj\u00e1k, hogy el\u00e9rt\u00e9k a h\u00e1rommilli\u00f3 beoltottat. Ez\u00e9rt\" class=\"yoast-seo-meta-tag\" \/>\n<meta property=\"og:url\" content=\"https:\/\/dorogimedence.hu\/index.php\/2021\/04\/15\/35-millio-beoltottnal-nyithatnak-a-teraszok\/\" class=\"yoast-seo-meta-tag\" \/>\n<meta property=\"og:site_name\" content=\"Dorogi-medence Region\u00e1lis H\u00edrport\u00e1l\" class=\"yoast-seo-meta-tag\" \/>\n<meta property=\"article:publisher\" content=\"https:\/\/www.facebook.com\/dorogimedence\/\" class=\"yoast-seo-meta-tag\" \/>\n<meta property=\"article:published_time\" content=\"2021-04-15T04:55:54+00:00\" class=\"yoast-seo-meta-tag\" \/>\n<meta property=\"article:modified_time\" content=\"2021-04-15T04:56:26+00:00\" class=\"yoast-seo-meta-tag\" \/>\n<meta property=\"og:image\" content=\"https:\/\/i0.wp.com\/dorogimedence.hu\/wp-content\/uploads\/2021\/04\/orban-02.jpg?fit=830%2C450&ssl=1\" class=\"yoast-seo-meta-tag\" \/>\n\t<meta property=\"og:image:width\" content=\"830\" class=\"yoast-seo-meta-tag\" \/>\n\t<meta property=\"og:image:height\" content=\"450\" class=\"yoast-seo-meta-tag\" \/>\n\t<meta property=\"og:image:type\" content=\"image\/jpeg\" class=\"yoast-seo-meta-tag\" \/>\n<meta name=\"author\" content=\"dorogimedence.hu\" class=\"yoast-seo-meta-tag\" \/>\n<meta name=\"twitter:card\" content=\"summary_large_image\" class=\"yoast-seo-meta-tag\" \/>\n<meta name=\"twitter:label1\" content=\"Szerz\u0151:\" class=\"yoast-seo-meta-tag\" \/>\n\t<meta name=\"twitter:data1\" content=\"dorogimedence.hu\" class=\"yoast-seo-meta-tag\" \/>\n\t<meta name=\"twitter:label2\" content=\"Becs\u00fclt olvas\u00e1si id\u0151\" class=\"yoast-seo-meta-tag\" \/>\n\t<meta name=\"twitter:data2\" content=\"2 perc\" class=\"yoast-seo-meta-tag\" \/>\n<script type=\"application\/ld+json\" class=\"yoast-schema-graph\">{\"@context\":\"https:\\\/\\\/schema.org\",\"@graph\":[{\"@type\":\"Article\",\"@id\":\"https:\\\/\\\/dorogimedence.hu\\\/index.php\\\/2021\\\/04\\\/15\\\/35-millio-beoltottnal-nyithatnak-a-teraszok\\\/#article\",\"isPartOf\":{\"@id\":\"https:\\\/\\\/dorogimedence.hu\\\/index.php\\\/2021\\\/04\\\/15\\\/35-millio-beoltottnal-nyithatnak-a-teraszok\\\/\"},\"author\":{\"name\":\"dorogimedence.hu\",\"@id\":\"https:\\\/\\\/dorogimedence.hu\\\/#\\\/schema\\\/person\\\/ce6091eeb7e95ecdc87890d6aa8e0fd4\"},\"headline\":\"3,5 milli\u00f3 beoltottn\u00e1l nyithatnak a teraszok\",\"datePublished\":\"2021-04-15T04:55:54+00:00\",\"dateModified\":\"2021-04-15T04:56:26+00:00\",\"mainEntityOfPage\":{\"@id\":\"https:\\\/\\\/dorogimedence.hu\\\/index.php\\\/2021\\\/04\\\/15\\\/35-millio-beoltottnal-nyithatnak-a-teraszok\\\/\"},\"wordCount\":499,\"publisher\":{\"@id\":\"https:\\\/\\\/dorogimedence.hu\\\/#organization\"},\"image\":{\"@id\":\"https:\\\/\\\/dorogimedence.hu\\\/index.php\\\/2021\\\/04\\\/15\\\/35-millio-beoltottnal-nyithatnak-a-teraszok\\\/#primaryimage\"},\"thumbnailUrl\":\"https:\\\/\\\/dorogimedence.hu\\\/wp-content\\\/uploads\\\/2021\\\/04\\\/orban-02.jpg\",\"keywords\":[\"bejelent\u00e9s\",\"koronav\u00edrus\",\"nyit\u00e1s\",\"Orb\u00e1n Viktor\"],\"articleSection\":[\"H\u00edrek\"],\"inLanguage\":\"hu\"},{\"@type\":\"WebPage\",\"@id\":\"https:\\\/\\\/dorogimedence.hu\\\/index.php\\\/2021\\\/04\\\/15\\\/35-millio-beoltottnal-nyithatnak-a-teraszok\\\/\",\"url\":\"https:\\\/\\\/dorogimedence.hu\\\/index.php\\\/2021\\\/04\\\/15\\\/35-millio-beoltottnal-nyithatnak-a-teraszok\\\/\",\"name\":\"3,5 milli\u00f3 beoltottn\u00e1l nyithatnak a teraszok\",\"isPartOf\":{\"@id\":\"https:\\\/\\\/dorogimedence.hu\\\/#website\"},\"primaryImageOfPage\":{\"@id\":\"https:\\\/\\\/dorogimedence.hu\\\/index.php\\\/2021\\\/04\\\/15\\\/35-millio-beoltottnal-nyithatnak-a-teraszok\\\/#primaryimage\"},\"image\":{\"@id\":\"https:\\\/\\\/dorogimedence.hu\\\/index.php\\\/2021\\\/04\\\/15\\\/35-millio-beoltottnal-nyithatnak-a-teraszok\\\/#primaryimage\"},\"thumbnailUrl\":\"https:\\\/\\\/dorogimedence.hu\\\/wp-content\\\/uploads\\\/2021\\\/04\\\/orban-02.jpg\",\"datePublished\":\"2021-04-15T04:55:54+00:00\",\"dateModified\":\"2021-04-15T04:56:26+00:00\",\"breadcrumb\":{\"@id\":\"https:\\\/\\\/dorogimedence.hu\\\/index.php\\\/2021\\\/04\\\/15\\\/35-millio-beoltottnal-nyithatnak-a-teraszok\\\/#breadcrumb\"},\"inLanguage\":\"hu\",\"potentialAction\":[{\"@type\":\"ReadAction\",\"target\":[\"https:\\\/\\\/dorogimedence.hu\\\/index.php\\\/2021\\\/04\\\/15\\\/35-millio-beoltottnal-nyithatnak-a-teraszok\\\/\"]}]},{\"@type\":\"ImageObject\",\"inLanguage\":\"hu\",\"@id\":\"https:\\\/\\\/dorogimedence.hu\\\/index.php\\\/2021\\\/04\\\/15\\\/35-millio-beoltottnal-nyithatnak-a-teraszok\\\/#primaryimage\",\"url\":\"https:\\\/\\\/dorogimedence.hu\\\/wp-content\\\/uploads\\\/2021\\\/04\\\/orban-02.jpg\",\"contentUrl\":\"https:\\\/\\\/dorogimedence.hu\\\/wp-content\\\/uploads\\\/2021\\\/04\\\/orban-02.jpg\",\"width\":830,\"height\":450},{\"@type\":\"BreadcrumbList\",\"@id\":\"https:\\\/\\\/dorogimedence.hu\\\/index.php\\\/2021\\\/04\\\/15\\\/35-millio-beoltottnal-nyithatnak-a-teraszok\\\/#breadcrumb\",\"itemListElement\":[{\"@type\":\"ListItem\",\"position\":1,\"name\":\"Kezd\u0151lap\",\"item\":\"https:\\\/\\\/dorogimedence.hu\\\/\"},{\"@type\":\"ListItem\",\"position\":2,\"name\":\"3,5 milli\u00f3 beoltottn\u00e1l nyithatnak a teraszok\"}]},{\"@type\":\"WebSite\",\"@id\":\"https:\\\/\\\/dorogimedence.hu\\\/#website\",\"url\":\"https:\\\/\\\/dorogimedence.hu\\\/\",\"name\":\"Dorogi-medence Region\u00e1lis H\u00edrport\u00e1l\",\"description\":\"Dorog, Keszt\u00f6lc, Le\u00e1nyv\u00e1r, Piliscs\u00e9v, Tokod, Tokodalt\u00e1r\u00f3, Csolnok, Esztergom-kertv\u00e1ros: h\u00edrek, programok\",\"publisher\":{\"@id\":\"https:\\\/\\\/dorogimedence.hu\\\/#organization\"},\"potentialAction\":[{\"@type\":\"SearchAction\",\"target\":{\"@type\":\"EntryPoint\",\"urlTemplate\":\"https:\\\/\\\/dorogimedence.hu\\\/?s={search_term_string}\"},\"query-input\":{\"@type\":\"PropertyValueSpecification\",\"valueRequired\":true,\"valueName\":\"search_term_string\"}}],\"inLanguage\":\"hu\"},{\"@type\":\"Organization\",\"@id\":\"https:\\\/\\\/dorogimedence.hu\\\/#organization\",\"name\":\"Dorogi-medence Region\u00e1lis H\u00edrport\u00e1l\",\"url\":\"https:\\\/\\\/dorogimedence.hu\\\/\",\"logo\":{\"@type\":\"ImageObject\",\"inLanguage\":\"hu\",\"@id\":\"https:\\\/\\\/dorogimedence.hu\\\/#\\\/schema\\\/logo\\\/image\\\/\",\"url\":\"https:\\\/\\\/dorogimedence.hu\\\/wp-content\\\/uploads\\\/2021\\\/04\\\/logo-feher-600.png\",\"contentUrl\":\"https:\\\/\\\/dorogimedence.hu\\\/wp-content\\\/uploads\\\/2021\\\/04\\\/logo-feher-600.png\",\"width\":600,\"height\":100,\"caption\":\"Dorogi-medence Region\u00e1lis H\u00edrport\u00e1l\"},\"image\":{\"@id\":\"https:\\\/\\\/dorogimedence.hu\\\/#\\\/schema\\\/logo\\\/image\\\/\"},\"sameAs\":[\"https:\\\/\\\/www.facebook.com\\\/dorogimedence\\\/\"]},{\"@type\":\"Person\",\"@id\":\"https:\\\/\\\/dorogimedence.hu\\\/#\\\/schema\\\/person\\\/ce6091eeb7e95ecdc87890d6aa8e0fd4\",\"name\":\"dorogimedence.hu\",\"image\":{\"@type\":\"ImageObject\",\"inLanguage\":\"hu\",\"@id\":\"\\\/\\\/www.gravatar.com\\\/avatar\\\/d8d45f8901aadff40a4af72c0b826f1d?s=96&#038;r=g&#038;d=mm\",\"url\":\"\\\/\\\/www.gravatar.com\\\/avatar\\\/d8d45f8901aadff40a4af72c0b826f1d?s=96&#038;r=g&#038;d=mm\",\"contentUrl\":\"\\\/\\\/www.gravatar.com\\\/avatar\\\/d8d45f8901aadff40a4af72c0b826f1d?s=96&#038;r=g&#038;d=mm\",\"caption\":\"dorogimedence.hu\"}}]}<\/script>\n<!-- \/ Yoast SEO plugin. -->","yoast_head_json":{"title":"3,5 milli\u00f3 beoltottn\u00e1l nyithatnak a teraszok","robots":{"index":"index","follow":"follow","max-snippet":"max-snippet:-1","max-image-preview":"max-image-preview:large","max-video-preview":"max-video-preview:-1"},"canonical":"https:\/\/dorogimedence.hu\/index.php\/2021\/04\/15\/35-millio-beoltottnal-nyithatnak-a-teraszok\/","og_locale":"hu_HU","og_type":"article","og_title":"3,5 milli\u00f3 beoltottn\u00e1l nyithatnak a teraszok","og_description":"Az \u00fajraind\u00edt\u00e1s k\u00f6vetkez\u0151 l\u00e9pcs\u0151fokak\u00e9nt ha a beoltottak sz\u00e1ma el\u00e9ri 3,5 milli\u00f3t, kinyithatnak a teraszok &#8211; jelentette be Orb\u00e1n Viktor minisztereln\u00f6k a Facebook-oldal\u00e1n szerd\u00e1n k\u00f6zz\u00e9tett vide\u00f3ban. K\u00f6z\u00f6lte azt is: a fels\u0151 tagozatos \u00e1ltal\u00e1nos iskol\u00e1soknak m\u00e1jus 10-ig marad az online oktat\u00e1s. A korm\u00e1nyf\u0151 kifejtette: v\u00e9get \u00e9rt a korm\u00e1ny\u00fcl\u00e9s, \u00e9s \u00f6r\u00f6mmel l\u00e1tj\u00e1k, hogy el\u00e9rt\u00e9k a h\u00e1rommilli\u00f3 beoltottat. Ez\u00e9rt","og_url":"https:\/\/dorogimedence.hu\/index.php\/2021\/04\/15\/35-millio-beoltottnal-nyithatnak-a-teraszok\/","og_site_name":"Dorogi-medence Region\u00e1lis H\u00edrport\u00e1l","article_publisher":"https:\/\/www.facebook.com\/dorogimedence\/","article_published_time":"2021-04-15T04:55:54+00:00","article_modified_time":"2021-04-15T04:56:26+00:00","og_image":[{"width":830,"height":450,"url":"https:\/\/i0.wp.com\/dorogimedence.hu\/wp-content\/uploads\/2021\/04\/orban-02.jpg?fit=830%2C450&ssl=1","type":"image\/jpeg"}],"author":"dorogimedence.hu","twitter_card":"summary_large_image","twitter_misc":{"Szerz\u0151:":"dorogimedence.hu","Becs\u00fclt olvas\u00e1si id\u0151":"2 perc"},"schema":{"@context":"https:\/\/schema.org","@graph":[{"@type":"Article","@id":"https:\/\/dorogimedence.hu\/index.php\/2021\/04\/15\/35-millio-beoltottnal-nyithatnak-a-teraszok\/#article","isPartOf":{"@id":"https:\/\/dorogimedence.hu\/index.php\/2021\/04\/15\/35-millio-beoltottnal-nyithatnak-a-teraszok\/"},"author":{"name":"dorogimedence.hu","@id":"https:\/\/dorogimedence.hu\/#\/schema\/person\/ce6091eeb7e95ecdc87890d6aa8e0fd4"},"headline":"3,5 milli\u00f3 beoltottn\u00e1l nyithatnak a teraszok","datePublished":"2021-04-15T04:55:54+00:00","dateModified":"2021-04-15T04:56:26+00:00","mainEntityOfPage":{"@id":"https:\/\/dorogimedence.hu\/index.php\/2021\/04\/15\/35-millio-beoltottnal-nyithatnak-a-teraszok\/"},"wordCount":499,"publisher":{"@id":"https:\/\/dorogimedence.hu\/#organization"},"image":{"@id":"https:\/\/dorogimedence.hu\/index.php\/2021\/04\/15\/35-millio-beoltottnal-nyithatnak-a-teraszok\/#primaryimage"},"thumbnailUrl":"https:\/\/dorogimedence.hu\/wp-content\/uploads\/2021\/04\/orban-02.jpg","keywords":["bejelent\u00e9s","koronav\u00edrus","nyit\u00e1s","Orb\u00e1n Viktor"],"articleSection":["H\u00edrek"],"inLanguage":"hu"},{"@type":"WebPage","@id":"https:\/\/dorogimedence.hu\/index.php\/2021\/04\/15\/35-millio-beoltottnal-nyithatnak-a-teraszok\/","url":"https:\/\/dorogimedence.hu\/index.php\/2021\/04\/15\/35-millio-beoltottnal-nyithatnak-a-teraszok\/","name":"3,5 milli\u00f3 beoltottn\u00e1l nyithatnak a teraszok","isPartOf":{"@id":"https:\/\/dorogimedence.hu\/#website"},"primaryImageOfPage":{"@id":"https:\/\/dorogimedence.hu\/index.php\/2021\/04\/15\/35-millio-beoltottnal-nyithatnak-a-teraszok\/#primaryimage"},"image":{"@id":"https:\/\/dorogimedence.hu\/index.php\/2021\/04\/15\/35-millio-beoltottnal-nyithatnak-a-teraszok\/#primaryimage"},"thumbnailUrl":"https:\/\/dorogimedence.hu\/wp-content\/uploads\/2021\/04\/orban-02.jpg","datePublished":"2021-04-15T04:55:54+00:00","dateModified":"2021-04-15T04:56:26+00:00","breadcrumb":{"@id":"https:\/\/dorogimedence.hu\/index.php\/2021\/04\/15\/35-millio-beoltottnal-nyithatnak-a-teraszok\/#breadcrumb"},"inLanguage":"hu","potentialAction":[{"@type":"ReadAction","target":["https:\/\/dorogimedence.hu\/index.php\/2021\/04\/15\/35-millio-beoltottnal-nyithatnak-a-teraszok\/"]}]},{"@type":"ImageObject","inLanguage":"hu","@id":"https:\/\/dorogimedence.hu\/index.php\/2021\/04\/15\/35-millio-beoltottnal-nyithatnak-a-teraszok\/#primaryimage","url":"https:\/\/dorogimedence.hu\/wp-content\/uploads\/2021\/04\/orban-02.jpg","contentUrl":"https:\/\/dorogimedence.hu\/wp-content\/uploads\/2021\/04\/orban-02.jpg","width":830,"height":450},{"@type":"BreadcrumbList","@id":"https:\/\/dorogimedence.hu\/index.php\/2021\/04\/15\/35-millio-beoltottnal-nyithatnak-a-teraszok\/#breadcrumb","itemListElement":[{"@type":"ListItem","position":1,"name":"Kezd\u0151lap","item":"https:\/\/dorogimedence.hu\/"},{"@type":"ListItem","position":2,"name":"3,5 milli\u00f3 beoltottn\u00e1l nyithatnak a teraszok"}]},{"@type":"WebSite","@id":"https:\/\/dorogimedence.hu\/#website","url":"https:\/\/dorogimedence.hu\/","name":"Dorogi-medence Region\u00e1lis H\u00edrport\u00e1l","description":"Dorog, Keszt\u00f6lc, Le\u00e1nyv\u00e1r, Piliscs\u00e9v, Tokod, Tokodalt\u00e1r\u00f3, Csolnok, Esztergom-kertv\u00e1ros: h\u00edrek, programok","publisher":{"@id":"https:\/\/dorogimedence.hu\/#organization"},"potentialAction":[{"@type":"SearchAction","target":{"@type":"EntryPoint","urlTemplate":"https:\/\/dorogimedence.hu\/?s={search_term_string}"},"query-input":{"@type":"PropertyValueSpecification","valueRequired":true,"valueName":"search_term_string"}}],"inLanguage":"hu"},{"@type":"Organization","@id":"https:\/\/dorogimedence.hu\/#organization","name":"Dorogi-medence Region\u00e1lis H\u00edrport\u00e1l","url":"https:\/\/dorogimedence.hu\/","logo":{"@type":"ImageObject","inLanguage":"hu","@id":"https:\/\/dorogimedence.hu\/#\/schema\/logo\/image\/","url":"https:\/\/dorogimedence.hu\/wp-content\/uploads\/2021\/04\/logo-feher-600.png","contentUrl":"https:\/\/dorogimedence.hu\/wp-content\/uploads\/2021\/04\/logo-feher-600.png","width":600,"height":100,"caption":"Dorogi-medence Region\u00e1lis H\u00edrport\u00e1l"},"image":{"@id":"https:\/\/dorogimedence.hu\/#\/schema\/logo\/image\/"},"sameAs":["https:\/\/www.facebook.com\/dorogimedence\/"]},{"@type":"Person","@id":"https:\/\/dorogimedence.hu\/#\/schema\/person\/ce6091eeb7e95ecdc87890d6aa8e0fd4","name":"dorogimedence.hu","image":{"@type":"ImageObject","inLanguage":"hu","@id":"\/\/www.gravatar.com\/avatar\/d8d45f8901aadff40a4af72c0b826f1d?s=96&#038;r=g&#038;d=mm","url":"\/\/www.gravatar.com\/avatar\/d8d45f8901aadff40a4af72c0b826f1d?s=96&#038;r=g&#038;d=mm","contentUrl":"\/\/www.gravatar.com\/avatar\/d8d45f8901aadff40a4af72c0b826f1d?s=96&#038;r=g&#038;d=mm","caption":"dorogimedence.hu"}}]}},"_links":{"self":[{"href":"https:\/\/dorogimedence.hu\/index.php\/wp-json\/wp\/v2\/posts\/31882","targetHints":{"allow":["GET"]}}],"collection":[{"href":"https:\/\/dorogimedence.hu\/index.php\/wp-json\/wp\/v2\/posts"}],"about":[{"href":"https:\/\/dorogimedence.hu\/index.php\/wp-json\/wp\/v2\/types\/post"}],"author":[{"embeddable":true,"href":"https:\/\/dorogimedence.hu\/index.php\/wp-json\/wp\/v2\/users\/1"}],"replies":[{"embeddable":true,"href":"https:\/\/dorogimedence.hu\/index.php\/wp-json\/wp\/v2\/comments?post=31882"}],"version-history":[{"count":0,"href":"https:\/\/dorogimedence.hu\/index.php\/wp-json\/wp\/v2\/posts\/31882\/revisions"}],"wp:featuredmedia":[{"embeddable":true,"href":"https:\/\/dorogimedence.hu\/index.php\/wp-json\/wp\/v2\/media\/31883"}],"wp:attachment":[{"href":"https:\/\/dorogimedence.hu\/index.php\/wp-json\/wp\/v2\/media?parent=31882"}],"wp:term":[{"taxonomy":"category","embeddable":true,"href":"https:\/\/dorogimedence.hu\/index.php\/wp-json\/wp\/v2\/categories?post=31882"},{"taxonomy":"post_tag","embeddable":true,"href":"https:\/\/dorogimedence.hu\/index.php\/wp-json\/wp\/v2\/tags?post=31882"}],"curies":[{"name":"wp","href":"https:\/\/api.w.org\/{rel}","templated":true}]}}