{"id":31787,"date":"2021-04-13T07:19:26","date_gmt":"2021-04-13T05:19:26","guid":{"rendered":"http:\/\/dorogimedence.hu\/?p=31787"},"modified":"2021-04-13T07:19:35","modified_gmt":"2021-04-13T05:19:35","slug":"a-pandemia-utan-szines-kulturprogramokkal-keszulnek-dorogon","status":"publish","type":"post","link":"https:\/\/dorogimedence.hu\/index.php\/2021\/04\/13\/a-pandemia-utan-szines-kulturprogramokkal-keszulnek-dorogon\/","title":{"rendered":"A pand\u00e9mia ut\u00e1n sz\u00ednes kult\u00farprogramokkal k\u00e9sz\u00fclnek Dorogon"},"content":{"rendered":"<p><strong>\u00c1prilis 1-j\u00e9vel Szab\u00f3-Berghauer Zolt\u00e1nt nevezt\u00e9k ki a Dorog V\u00e1ros M\u0171vel\u0151d\u00e9si H\u00e1z \u00e9s K\u00f6nyvt\u00e1r igazgat\u00f3j\u00e1nak. Vele az eddigi munk\u00e1ss\u00e1g\u00e1r\u00f3l \u00e9s a j\u00f6v\u0151beni terveir\u0151l besz\u00e9lgett\u00fcnk.<\/strong><\/p>\n<p><em><strong>\u2013 Hol sz\u00fcletett \u00e9s nevelkedett, illetve milyen kor\u00e1bbi k\u00f6t\u0151d\u00e9se volt Doroghoz?<\/strong><\/em><\/p>\n<p>\u2013 Budapesten sz\u00fclettem, \u00e9s Hofi \u201e\u0151shaz\u00e1j\u00e1ban\u201d \u00e9ltem-nevelkedtem: K\u0151b\u00e1ny\u00e1n. \u00cdgy kor\u00e1bbi \u201ek\u00f6t\u0151d\u00e9sem\u201d Doroghoz annyi, hogy a K\u0151b\u00e1nyai Gy\u00f3gyszer\u00e1rugy\u00e1r (mai Richter) \u201eelk\u00eds\u00e9rt\u201d ide is, amit mint sorsszer\u0171s\u00e9g meg szoktam mosolyogni. Szeretek itt \u00e9lni \u2013 sosem gondolok arra, hogy budapesti lenn\u00e9k, b\u00e1r a gy\u00f6kereimet nem tagadom. Nincs is mit sz\u00e9gyellni, gyerekkoromban fantasztikus hely volt K\u0151b\u00e1nya.<\/p>\n<p><em><strong>\u2013 A m\u0171vel\u0151d\u00e9si h\u00e1z \u00e9s a k\u00f6nyvt\u00e1r egyes\u00edt\u00e9se el\u0151tt a k\u00f6nyvt\u00e1r igazgat\u00f3i feladat\u00e1t l\u00e1tta el. Mikor kezdett dolgozni a k\u00f6nyvt\u00e1rban \u00e9s mikor nevezt\u00e9k ki igazgat\u00f3nak?<\/strong><\/em><\/p>\n<p>\u2013 2006. szeptember 1. \u00f3ta dolgozom a k\u00f6nyvt\u00e1rban. Bels\u0151 ind\u00edttat\u00e1sb\u00f3l a k\u00f6rnyezet, a k\u00f6zeg, ahol \u00e9lek, r\u00f6gt\u00f6n foglalkoztatni kezdett. Nagy szerepe volt ebben az akkori vezet\u0151nek, Mucha Ildik\u00f3nak, aki minden k\u00e9rd\u00e9semre \u2013 vagy k\u00e9rd\u00e9s n\u00e9lk\u00fcl is \u2013 tudott egy-egy \u00e9rdekes t\u00f6rt\u00e9nettel szolg\u00e1lni. Folyamatosan azzal szembes\u00fcltem, hogy Dorog \u201em\u00e9ret\u00e9t\u201d figyelembe v\u00e9ve ar\u00e1nyaiban nagyon gazdag, dokument\u00e1lt telep\u00fcl\u00e9st\u00f6rt\u00e9neti, kult\u00far- \u00e9s m\u0171vel\u0151d\u00e9st\u00f6rt\u00e9neti m\u00falttal rendelkezik. Ennek folyamat\u00e1ba lassan (vagy gyorsan?) magam is beker\u00fcltem. Egy 2008-ban \u2013 Dorog V\u00e1ros \u00d6nkorm\u00e1nyzata \u00e1ltal \u2013 meghirdetett tanulm\u00e1ny\u00edr\u00f3i p\u00e1ly\u00e1zat d\u00edjnyertesei lett\u00fcnk feles\u00e9gemmel, illetve Kov\u00e1cs Lajos is az \u0151 \u00edr\u00e1s\u00e1val. Dorog v\u00e1ross\u00e1 nyilv\u00e1n\u00edt\u00e1s\u00e1nak 25. \u00e9vfordul\u00f3ja alkalm\u00e1b\u00f3l a k\u00e9t tanulm\u00e1ny a <em>Dorog M\u0171v\u00e9szete 1984-2009<\/em> c\u00edm\u0171 kiadv\u00e1nyban jelent meg. Akkor ismertem meg Kov\u00e1cs Lajost, akivel nagy sz\u00f3 \u00e9s megtiszteltet\u00e9s volt m\u00e1r friss dorogik\u00e9nt egy k\u00f6tetbe ker\u00fclni! Az\u00f3ta is szeretek \u00faj dolgokat megtudni az id\u0151sebbekt\u0151l, vagy egy-egy \u201eszakter\u00fclet\u201d hobbist\u00e1j\u00e1t\u00f3l, vagy ak\u00e1r \u201ecsak egy\u201d nosztalgi\u00e1z\u00f3 korombelit\u0151l, aki itt n\u0151tt f\u00f6l. 2016. janu\u00e1r 1-t\u0151l voltam vezet\u0151je a k\u00f6nyvt\u00e1rnak. Vitt\u00fcnk egy kis frissess\u00e9get a programokba, a kultur\u00e1lis \u00e9letbe. A k\u00f6nyvt\u00e1rba olvasni \u00e9s\/vagy programokra j\u00e1r\u00f3k k\u00f6r\u00e9ben \u2013 nyugodtan mondhatom, mai sz\u00f3val \u00e9lve \u2013 a G\u00e1thy egy brand lett. Annyira, hogy az int\u00e9zm\u00e9nyek integr\u00e1ci\u00f3j\u00e1val ezt nem is szeretn\u00e9nk elvesz\u00edteni.<\/p>\n<p><em><strong>\u2013 Az egyes\u00edt\u00e9st k\u00f6vet\u0151en mely int\u00e9zm\u00e9nyeknek lett a f\u0151igazgat\u00f3ja, illetve a k\u00f6nyvt\u00e1rnak lesz kinevezett vezet\u0151je?<\/strong><\/em><\/p>\n<p>\u2013 Az integr\u00e1ci\u00f3val egy komplex int\u00e9zm\u00e9nyrendszer j\u00f6tt l\u00e9tre, amiben a hangs\u00faly a hat\u00e9konys\u00e1gon, az \u00e1tl\u00e1that\u00f3s\u00e1gon, az \u00e1tj\u00e1rhat\u00f3s\u00e1gon\/mobilit\u00e1son \u00e9s a szervezhet\u0151s\u00e9gen van. Mint kultur\u00e1lis szakemberek tulajdonk\u00e9ppen \u00f6nmagunkat jobban menedzselhetj\u00fck, \u00edgy \u2013 n\u00e9mi humorral sz\u00f3lva \u2013 jobban tudunk magunkkal egy\u00fcttm\u0171k\u00f6dni, hiszen egy ter\u00fcletet k\u00e9pvisel\u00fcnk, \u00e9s egy kisv\u00e1ros kultur\u00e1lis, k\u00f6z\u00f6ss\u00e9gi \u00e9let\u00e9t szolg\u00e1ljuk. A G\u00e1thy Zolt\u00e1n V\u00e1rosi K\u00f6nyvt\u00e1r, a J\u00f3zsef Attila M\u0171vel\u0151d\u00e9si H\u00e1z \u00e9s a Reimann B\u00e1ny\u00e1szatt\u00f6rt\u00e9neti Miniverzum szakmai elk\u00e9pzel\u00e9seit kell egy egys\u00e9ges platformra hoznunk, megtartva a maguk ter\u00fcleteit is \u2013 mindh\u00e1rom tagint\u00e9zm\u00e9ny csoportvezet\u0151inek seg\u00edts\u00e9g\u00e9vel v\u00e9gzem a koordin\u00e1l\u00e1st, a programok l\u00e9trehoz\u00e1s\u00e1t \u00e9s megval\u00f3s\u00edt\u00e1s\u00e1t, valamint a k\u00f6z\u00f6ss\u00e9gfejleszt\u00e9st.<\/p>\n<p><em><strong>\u2013 Hogy m\u0171k\u00f6dik most a k\u00f6nyvt\u00e1ri k\u00f6lcs\u00f6nz\u00e9s? Voltak \u00e1talak\u00edt\u00e1sok a z\u00e1rva tart\u00e1s alatt, illetve b\u0151v\u00fclt a k\u00edn\u00e1lat?<\/strong><\/em><\/p>\n<p>\u2013 Jelenleg sajnos nincs szolg\u00e1ltat\u00e1s, de kor\u00e1bban \u2013 az el\u0151\u00edr\u00e1sok \u00e9s \u00f3vint\u00e9zked\u00e9sek betart\u00e1s\u00e1val \u2013 korl\u00e1tozott m\u00f3don folyt a k\u00f6lcs\u00f6nz\u00e9s, a h\u00e1ts\u00f3 bej\u00e1raton kereszt\u00fcl. Nagy ig\u00e9ny \u00e9s hajland\u00f3s\u00e1g mutatkozott erre, \u00edgy az adott id\u0151szak k\u00f6lcs\u00f6nz\u00e9si statisztik\u00e1ja viszonylag j\u00f3 maradt egy \u00e1tlagos, norm\u00e1l m\u0171k\u00f6d\u00e9shez k\u00e9pest. Nyilv\u00e1n el\u0151ad\u00e1sokat, programokat nem szervezhett\u00fcnk, de rem\u00e9lj\u00fck, hamarosan ezekre is sor ker\u00fclhet. Fizikai \u00e1talak\u00edt\u00e1s nem t\u00f6rt\u00e9nt (a karbantart\u00e1si feladatokon k\u00edv\u00fcl), azonban \u00e1llom\u00e1ny-ellen\u0151rz\u00e9s \u00e9s -friss\u00edt\u00e9s igen: selejtezt\u00fcnk, \u00e9s folyamatosan v\u00e1s\u00e1roltunk \u00faj k\u00f6nyveket, hogy ebben az id\u0151szakban is ki tudjuk el\u00e9g\u00edteni az olvasni v\u00e1gy\u00f3k ig\u00e9nyeit. \u00daj munkat\u00e1rsak is \u00e9rkeztek, akik friss lend\u00fclettel \u00e9s \u00f6tletekkel v\u00e1rj\u00e1k elk\u00e9pzel\u00e9seik megval\u00f3s\u00edt\u00e1s\u00e1t, illetve aktiv\u00e1ltuk jobban magunkat az online t\u00e9rben a seg\u00edts\u00e9g\u00fckkel. E t\u00e9ren is igyeksz\u00fcnk majd \u00faj\u00edt\u00e1sokat bevezetni.<\/p>\n<p><em><strong>\u2013 \u00cdgy a pand\u00e9mia alatt nem sok programot tudtak szervezni, viszont most m\u00e1r \u00fagy n\u00e9z ki, hogy l\u00e1tjuk az alag\u00fat v\u00e9g\u00e9t. Milyen programokkal \u00e9s tervekkel k\u00e9sz\u00fclnek a j\u00f6v\u0151ben, illetve az egyes\u00edt\u00e9s hogyan \u00e9rinti majd telep\u00fcl\u00e9s\u00fcnk kultur\u00e1lis programjainak eloszl\u00e1s\u00e1t?<\/strong><\/em><\/p>\n<p>\u2013 M\u00e1r tavaly, 2020-ra a kor\u00e1bbi \u00e9vekn\u00e9l is t\u00f6bb ki\u00e1ll\u00edt\u00e1st tervezt\u00fcnk, de sajnos elmaradtak. Egyr\u00e9szt b\u0151ven van mit bep\u00f3tolni, m\u00e1sr\u00e9szt m\u00e1r t\u00f6bben megkerestek minket programok tekintet\u00e9ben, amelyekkel a dorogiakat meg\u00f6rvendeztetn\u00e9k. A konkr\u00e9tumokr\u00f3l neh\u00e9z besz\u00e9lni, mert nem l\u00e1tjuk m\u00e9g az id\u0151z\u00edt\u00e9s pontos r\u00e9szleteit \u2013 borzaszt\u00f3 neh\u00e9z egy \u00e9vet is \u00e1tl\u00e1tni egy v\u00e1ros kultur\u00e1lis \u00e9let\u00e9ben. Ezeket k\u00f6r\u00fclm\u00e9nyes \u00e1tcsoportos\u00edtani, a partnerekkel egyeztetni. Mi fogjuk koordin\u00e1lni \u00e9s kiiktatni lehet\u0151s\u00e9g szerint az egym\u00e1sra szervez\u00e9seket, program\u00fctk\u00f6z\u00e9seket is. Mindenesetre sz\u00ednesebb, v\u00e1ltozatosabb reperto\u00e1rt k\u00edv\u00e1nunk k\u00edn\u00e1lni pl. a m\u0171vel\u0151d\u00e9si h\u00e1zban, ahol \u0151sszel \u00e1tad\u00e1sra ker\u00fcl az \u00faj tekep\u00e1lya, zenekarok j\u00f6hetnek pr\u00f3b\u00e1lni, s lassan kihaszn\u00e1l\u00e1sra ker\u00fclhet a s\u00f6rkert is \u2013 egysz\u00f3val visszat\u00e9rhet az \u00e9let. T\u00f6bb koncertet, el\u0151ad\u00e1st, besz\u00e9lget\u00e9st, k\u00f6z\u00f6ns\u00e9gtal\u00e1lkoz\u00f3t, csal\u00e1di programot \u00e9s v\u00e1ltozatosabb sz\u00ednh\u00e1zi el\u0151ad\u00e1sokat szeretn\u00e9nk. Minden oktat\u00e1si-nevel\u00e9si int\u00e9zm\u00e9nnyel, a civil szervezetekkel \u00e9s v\u00e1llalkoz\u00f3 szellem\u0171 kezdem\u00e9nyez\u0151kkel sz\u00edvesen m\u0171k\u00f6d\u00fcnk egy\u00fctt, keress\u00fck az ig\u00e9nyeket, seg\u00edt\u00fcnk az \u00f6tletek megval\u00f3sul\u00e1s\u00e1ban. \u00d6szt\u00f6nz\u0151i \u00e9s partnerei szeretn\u00e9nk lenni a v\u00e1ros kultur\u00e1lis programjainak, esem\u00e9nyeinek. A szabadt\u00e9ri \u00e9s tagint\u00e9zm\u00e9nyi k\u00f6z\u00f6ss\u00e9gi megmozdul\u00e1sokat ar\u00e1nyos\u00edtjuk \u2013 az esem\u00e9ny jelleg\u00e9t\u0151l f\u00fcgg\u0151en. A v\u00e1ros ki\u00e1ll\u00edt\u00f3terei profilt \u00e9s tematik\u00e1t kapnak. B\u00edzunk abban, hogy a lakoss\u00e1g kultur\u00e1lis, sz\u00f3rakoz\u00e1si \u00e9lm\u00e9ny\u00e9nek, kikapcsol\u00f3dni v\u00e1gy\u00e1s\u00e1nak \u00e9hs\u00e9ge ezeket a c\u00e9lkit\u0171z\u00e9seket tov\u00e1bb er\u0151s\u00edti, az \u00e9rdekek tal\u00e1lkoznak majd, \u00e9s egym\u00e1st gener\u00e1lj\u00e1k. Jelmondatunk a l\u00e9nyeget \u00edgy fejezi ki: Teret adunk a kult\u00far\u00e1nak.<\/p>\n<p><em><strong>\u2013&nbsp; Dorog helyt\u00f6rt\u00e9net\u00e9ben is akt\u00edvan r\u00e9szt vesz. 2019-ben mutatt\u00e1k be a H\u00e1m K\u00e1lm\u00e1nr\u00f3l sz\u00f3l\u00f3 k\u00f6nyv\u00e9t. Akik esetleg nem tudn\u00e1k, mir\u0151l is sz\u00f3l pontosan a reg\u00e9ny, illetve hogyan fogadt\u00e1k az olvas\u00f3k?<\/strong><\/em><\/p>\n<p>\u2013 A k\u00f6nyv alap\u00f6tlet\u00e9t helyt\u00f6rt\u00e9neti \u201e\u00e9lm\u00e9nyek \u00e9s r\u00e1csod\u00e1lkoz\u00e1sok\u201d adt\u00e1k, konkr\u00e9tan pedig H\u00e1m K\u00e1lm\u00e1n b\u00e1nyament\u0151 tragikus sorsa ihlette, akir\u0151l a m\u00e1r eml\u00edtett Mucha Ildik\u00f3t\u00f3l hallottam, mert rokoni sz\u00e1lak f\u0171zt\u00e9k a csal\u00e1dj\u00e1hoz. H\u00e1m K\u00e1lm\u00e1n \u00f6zvegy\u00e9vel \u00e9s fi\u00e1val m\u00e9g besz\u00e9lnem is siker\u00fclt. Azt\u00e1n kutakodtam a b\u00e1nyament\u0151k \u00e9let\u00e9ben, illetve a Szuhak\u00e1ll\u00f3n t\u00f6rt\u00e9nt b\u00e1nyaszerencs\u00e9tlens\u00e9g dokument\u00e1ci\u00f3j\u00e1ban. Mindezek \u00f6sszess\u00e9ge l\u00e9trehozott bennem egy hangulatot, \u00e9s viszonylag val\u00f3s\u00e1gh\u0171en, s realisztikusan kisz\u00ednezve meg\u00edrtam az \u201e\u00e9n\u201d t\u00f6rt\u00e9netemet, amit a lelkiismeret reg\u00e9ny\u00e9nek neveztem el. A f\u0151szerepl\u0151 b\u00e1nyament\u0151k egyszer\u0171, becs\u00fcletes, k\u00e9tkezi munk\u00e1sok, egy let\u0171nt kor mement\u00f3i, neh\u00e9z id\u0151kben is a lelkiismeret bajnokai. A reg\u00e9nyt Dorogon j\u00f3l fogadt\u00e1k. Terveztem, de Szuhak\u00e1ll\u00f3ra \u00e9s pl. Tatab\u00e1ny\u00e1ra nem jutottam el m\u00e9g vele, tiszteletemet kifejezve a mindenkori b\u00e1ny\u00e1szok (eml\u00e9ke) el\u0151tt. Akikre\/f\u0151szerepl\u0151imre akaratukon k\u00edv\u00fcl a t\u00f6rt\u00e9nelem \u00e9s a hatalom olyan sorsot r\u00f3tt, ami egy viszonylag jobb \u00e9s b\u00e9k\u00e9sebb id\u0151szakot el\u0151z\u00f6tt \u00e9s alapozott meg. A kort vagy korokat nem akartam vagy akarom min\u0151s\u00edteni, sz\u00e1momra az emberek mindenhez \u00e9s b\u00e1rmihez val\u00f3 viszonya sz\u00e1m\u00edt, s hogy az \u00e9letet folyamat\u00e1ban, \u00f6sszef\u00fcgg\u00e9seiben szeml\u00e9lj\u00fck.<\/p>\n<p><em>Bor\u00edt\u00f3k\u00e9p: A 2019. szeptemberi F\u00d3KUSZ rendezv\u00e9ny k\u00f6nyvbemutat\u00f3j\u00e1n Szab\u00f3-Berghauer Zolt\u00e1n \u00edr\u00f3t faggatta Dank\u00f3 J\u00f3zsef \u00e9s Cseleny\u00e1k Imre az esem\u00e9nyre kiadott k\u00f6nyv\u00e9r\u0151l.<\/em><\/p>\n","protected":false},"excerpt":{"rendered":"<p>\u00c1prilis 1-j\u00e9vel Szab\u00f3-Berghauer Zolt\u00e1nt nevezt\u00e9k ki a Dorog V\u00e1ros M\u0171vel\u0151d\u00e9si H\u00e1z \u00e9s K\u00f6nyvt\u00e1r igazgat\u00f3j\u00e1nak. Vele az eddigi munk\u00e1ss\u00e1g\u00e1r\u00f3l \u00e9s a j\u00f6v\u0151beni terveir\u0151l besz\u00e9lgett\u00fcnk. \u2013 Hol sz\u00fcletett \u00e9s nevelkedett, illetve milyen kor\u00e1bbi k\u00f6t\u0151d\u00e9se volt Doroghoz? \u2013 Budapesten sz\u00fclettem, \u00e9s Hofi \u201e\u0151shaz\u00e1j\u00e1ban\u201d \u00e9ltem-nevelkedtem: K\u0151b\u00e1ny\u00e1n. \u00cdgy kor\u00e1bbi \u201ek\u00f6t\u0151d\u00e9sem\u201d Doroghoz annyi, hogy a K\u0151b\u00e1nyai Gy\u00f3gyszer\u00e1rugy\u00e1r (mai Richter) \u201eelk\u00eds\u00e9rt\u201d ide<\/p>\n","protected":false},"author":1,"featured_media":24606,"comment_status":"closed","ping_status":"closed","sticky":false,"template":"","format":"standard","meta":{"ngg_post_thumbnail":0,"footnotes":""},"categories":[2,3],"tags":[15,144,388,1966,4372],"class_list":{"0":"post-31787","1":"post","2":"type-post","3":"status-publish","4":"format-standard","5":"has-post-thumbnail","7":"category-dorog","8":"category-hirek","9":"tag-dorog","10":"tag-konyvtar","11":"tag-kultura","12":"tag-muvelodesi-haz","13":"tag-szabo-berghauer-zoltan"},"yoast_head":"<!-- This site is optimized with the Yoast SEO plugin v27.4 - https:\/\/yoast.com\/product\/yoast-seo-wordpress\/ -->\n<title>A pand\u00e9mia ut\u00e1n sz\u00ednes kult\u00farprogramokkal k\u00e9sz\u00fclnek Dorogon<\/title>\n<meta name=\"robots\" content=\"index, follow, max-snippet:-1, max-image-preview:large, max-video-preview:-1\" \/>\n<link rel=\"canonical\" href=\"https:\/\/dorogimedence.hu\/index.php\/2021\/04\/13\/a-pandemia-utan-szines-kulturprogramokkal-keszulnek-dorogon\/\" class=\"yoast-seo-meta-tag\" \/>\n<meta property=\"og:locale\" content=\"hu_HU\" class=\"yoast-seo-meta-tag\" \/>\n<meta property=\"og:type\" content=\"article\" class=\"yoast-seo-meta-tag\" \/>\n<meta property=\"og:title\" content=\"A pand\u00e9mia ut\u00e1n sz\u00ednes kult\u00farprogramokkal k\u00e9sz\u00fclnek Dorogon\" class=\"yoast-seo-meta-tag\" \/>\n<meta property=\"og:description\" content=\"\u00c1prilis 1-j\u00e9vel Szab\u00f3-Berghauer Zolt\u00e1nt nevezt\u00e9k ki a Dorog V\u00e1ros M\u0171vel\u0151d\u00e9si H\u00e1z \u00e9s K\u00f6nyvt\u00e1r igazgat\u00f3j\u00e1nak. Vele az eddigi munk\u00e1ss\u00e1g\u00e1r\u00f3l \u00e9s a j\u00f6v\u0151beni terveir\u0151l besz\u00e9lgett\u00fcnk. \u2013 Hol sz\u00fcletett \u00e9s nevelkedett, illetve milyen kor\u00e1bbi k\u00f6t\u0151d\u00e9se volt Doroghoz? \u2013 Budapesten sz\u00fclettem, \u00e9s Hofi \u201e\u0151shaz\u00e1j\u00e1ban\u201d \u00e9ltem-nevelkedtem: K\u0151b\u00e1ny\u00e1n. \u00cdgy kor\u00e1bbi \u201ek\u00f6t\u0151d\u00e9sem\u201d Doroghoz annyi, hogy a K\u0151b\u00e1nyai Gy\u00f3gyszer\u00e1rugy\u00e1r (mai Richter) \u201eelk\u00eds\u00e9rt\u201d ide\" class=\"yoast-seo-meta-tag\" \/>\n<meta property=\"og:url\" content=\"https:\/\/dorogimedence.hu\/index.php\/2021\/04\/13\/a-pandemia-utan-szines-kulturprogramokkal-keszulnek-dorogon\/\" class=\"yoast-seo-meta-tag\" \/>\n<meta property=\"og:site_name\" content=\"Dorogi-medence Region\u00e1lis H\u00edrport\u00e1l\" class=\"yoast-seo-meta-tag\" \/>\n<meta property=\"article:publisher\" content=\"https:\/\/www.facebook.com\/dorogimedence\/\" class=\"yoast-seo-meta-tag\" \/>\n<meta property=\"article:published_time\" content=\"2021-04-13T05:19:26+00:00\" class=\"yoast-seo-meta-tag\" \/>\n<meta property=\"article:modified_time\" content=\"2021-04-13T05:19:35+00:00\" class=\"yoast-seo-meta-tag\" \/>\n<meta property=\"og:image\" content=\"https:\/\/i0.wp.com\/dorogimedence.hu\/wp-content\/uploads\/2020\/04\/szabo-berghauer-01.jpg?fit=670%2C365&ssl=1\" class=\"yoast-seo-meta-tag\" \/>\n\t<meta property=\"og:image:width\" content=\"670\" class=\"yoast-seo-meta-tag\" \/>\n\t<meta property=\"og:image:height\" content=\"365\" class=\"yoast-seo-meta-tag\" \/>\n\t<meta property=\"og:image:type\" content=\"image\/jpeg\" class=\"yoast-seo-meta-tag\" \/>\n<meta name=\"author\" content=\"dorogimedence.hu\" class=\"yoast-seo-meta-tag\" \/>\n<meta name=\"twitter:card\" content=\"summary_large_image\" class=\"yoast-seo-meta-tag\" \/>\n<meta name=\"twitter:label1\" content=\"Szerz\u0151:\" class=\"yoast-seo-meta-tag\" \/>\n\t<meta name=\"twitter:data1\" content=\"dorogimedence.hu\" class=\"yoast-seo-meta-tag\" \/>\n\t<meta name=\"twitter:label2\" content=\"Becs\u00fclt olvas\u00e1si id\u0151\" class=\"yoast-seo-meta-tag\" \/>\n\t<meta name=\"twitter:data2\" content=\"8 perc\" class=\"yoast-seo-meta-tag\" \/>\n<script type=\"application\/ld+json\" class=\"yoast-schema-graph\">{\"@context\":\"https:\\\/\\\/schema.org\",\"@graph\":[{\"@type\":\"Article\",\"@id\":\"https:\\\/\\\/dorogimedence.hu\\\/index.php\\\/2021\\\/04\\\/13\\\/a-pandemia-utan-szines-kulturprogramokkal-keszulnek-dorogon\\\/#article\",\"isPartOf\":{\"@id\":\"https:\\\/\\\/dorogimedence.hu\\\/index.php\\\/2021\\\/04\\\/13\\\/a-pandemia-utan-szines-kulturprogramokkal-keszulnek-dorogon\\\/\"},\"author\":{\"name\":\"dorogimedence.hu\",\"@id\":\"https:\\\/\\\/dorogimedence.hu\\\/#\\\/schema\\\/person\\\/ce6091eeb7e95ecdc87890d6aa8e0fd4\"},\"headline\":\"A pand\u00e9mia ut\u00e1n sz\u00ednes kult\u00farprogramokkal k\u00e9sz\u00fclnek Dorogon\",\"datePublished\":\"2021-04-13T05:19:26+00:00\",\"dateModified\":\"2021-04-13T05:19:35+00:00\",\"mainEntityOfPage\":{\"@id\":\"https:\\\/\\\/dorogimedence.hu\\\/index.php\\\/2021\\\/04\\\/13\\\/a-pandemia-utan-szines-kulturprogramokkal-keszulnek-dorogon\\\/\"},\"wordCount\":1635,\"publisher\":{\"@id\":\"https:\\\/\\\/dorogimedence.hu\\\/#organization\"},\"image\":{\"@id\":\"https:\\\/\\\/dorogimedence.hu\\\/index.php\\\/2021\\\/04\\\/13\\\/a-pandemia-utan-szines-kulturprogramokkal-keszulnek-dorogon\\\/#primaryimage\"},\"thumbnailUrl\":\"https:\\\/\\\/dorogimedence.hu\\\/wp-content\\\/uploads\\\/2020\\\/04\\\/szabo-berghauer-01.jpg\",\"keywords\":[\"Dorog\",\"k\u00f6nyvt\u00e1r\",\"kult\u00fara\",\"M\u0171vel\u0151d\u00e9si H\u00e1z\",\"Szab\u00f3-Berghauer Zolt\u00e1n\"],\"articleSection\":[\"Dorog\",\"H\u00edrek\"],\"inLanguage\":\"hu\"},{\"@type\":\"WebPage\",\"@id\":\"https:\\\/\\\/dorogimedence.hu\\\/index.php\\\/2021\\\/04\\\/13\\\/a-pandemia-utan-szines-kulturprogramokkal-keszulnek-dorogon\\\/\",\"url\":\"https:\\\/\\\/dorogimedence.hu\\\/index.php\\\/2021\\\/04\\\/13\\\/a-pandemia-utan-szines-kulturprogramokkal-keszulnek-dorogon\\\/\",\"name\":\"A pand\u00e9mia ut\u00e1n sz\u00ednes kult\u00farprogramokkal k\u00e9sz\u00fclnek Dorogon\",\"isPartOf\":{\"@id\":\"https:\\\/\\\/dorogimedence.hu\\\/#website\"},\"primaryImageOfPage\":{\"@id\":\"https:\\\/\\\/dorogimedence.hu\\\/index.php\\\/2021\\\/04\\\/13\\\/a-pandemia-utan-szines-kulturprogramokkal-keszulnek-dorogon\\\/#primaryimage\"},\"image\":{\"@id\":\"https:\\\/\\\/dorogimedence.hu\\\/index.php\\\/2021\\\/04\\\/13\\\/a-pandemia-utan-szines-kulturprogramokkal-keszulnek-dorogon\\\/#primaryimage\"},\"thumbnailUrl\":\"https:\\\/\\\/dorogimedence.hu\\\/wp-content\\\/uploads\\\/2020\\\/04\\\/szabo-berghauer-01.jpg\",\"datePublished\":\"2021-04-13T05:19:26+00:00\",\"dateModified\":\"2021-04-13T05:19:35+00:00\",\"breadcrumb\":{\"@id\":\"https:\\\/\\\/dorogimedence.hu\\\/index.php\\\/2021\\\/04\\\/13\\\/a-pandemia-utan-szines-kulturprogramokkal-keszulnek-dorogon\\\/#breadcrumb\"},\"inLanguage\":\"hu\",\"potentialAction\":[{\"@type\":\"ReadAction\",\"target\":[\"https:\\\/\\\/dorogimedence.hu\\\/index.php\\\/2021\\\/04\\\/13\\\/a-pandemia-utan-szines-kulturprogramokkal-keszulnek-dorogon\\\/\"]}]},{\"@type\":\"ImageObject\",\"inLanguage\":\"hu\",\"@id\":\"https:\\\/\\\/dorogimedence.hu\\\/index.php\\\/2021\\\/04\\\/13\\\/a-pandemia-utan-szines-kulturprogramokkal-keszulnek-dorogon\\\/#primaryimage\",\"url\":\"https:\\\/\\\/dorogimedence.hu\\\/wp-content\\\/uploads\\\/2020\\\/04\\\/szabo-berghauer-01.jpg\",\"contentUrl\":\"https:\\\/\\\/dorogimedence.hu\\\/wp-content\\\/uploads\\\/2020\\\/04\\\/szabo-berghauer-01.jpg\",\"width\":670,\"height\":365},{\"@type\":\"BreadcrumbList\",\"@id\":\"https:\\\/\\\/dorogimedence.hu\\\/index.php\\\/2021\\\/04\\\/13\\\/a-pandemia-utan-szines-kulturprogramokkal-keszulnek-dorogon\\\/#breadcrumb\",\"itemListElement\":[{\"@type\":\"ListItem\",\"position\":1,\"name\":\"Kezd\u0151lap\",\"item\":\"https:\\\/\\\/dorogimedence.hu\\\/\"},{\"@type\":\"ListItem\",\"position\":2,\"name\":\"A pand\u00e9mia ut\u00e1n sz\u00ednes kult\u00farprogramokkal k\u00e9sz\u00fclnek Dorogon\"}]},{\"@type\":\"WebSite\",\"@id\":\"https:\\\/\\\/dorogimedence.hu\\\/#website\",\"url\":\"https:\\\/\\\/dorogimedence.hu\\\/\",\"name\":\"Dorogi-medence Region\u00e1lis H\u00edrport\u00e1l\",\"description\":\"Dorog, Keszt\u00f6lc, Le\u00e1nyv\u00e1r, Piliscs\u00e9v, Tokod, Tokodalt\u00e1r\u00f3, Csolnok, Esztergom-kertv\u00e1ros: h\u00edrek, programok\",\"publisher\":{\"@id\":\"https:\\\/\\\/dorogimedence.hu\\\/#organization\"},\"potentialAction\":[{\"@type\":\"SearchAction\",\"target\":{\"@type\":\"EntryPoint\",\"urlTemplate\":\"https:\\\/\\\/dorogimedence.hu\\\/?s={search_term_string}\"},\"query-input\":{\"@type\":\"PropertyValueSpecification\",\"valueRequired\":true,\"valueName\":\"search_term_string\"}}],\"inLanguage\":\"hu\"},{\"@type\":\"Organization\",\"@id\":\"https:\\\/\\\/dorogimedence.hu\\\/#organization\",\"name\":\"Dorogi-medence Region\u00e1lis H\u00edrport\u00e1l\",\"url\":\"https:\\\/\\\/dorogimedence.hu\\\/\",\"logo\":{\"@type\":\"ImageObject\",\"inLanguage\":\"hu\",\"@id\":\"https:\\\/\\\/dorogimedence.hu\\\/#\\\/schema\\\/logo\\\/image\\\/\",\"url\":\"https:\\\/\\\/dorogimedence.hu\\\/wp-content\\\/uploads\\\/2021\\\/04\\\/logo-feher-600.png\",\"contentUrl\":\"https:\\\/\\\/dorogimedence.hu\\\/wp-content\\\/uploads\\\/2021\\\/04\\\/logo-feher-600.png\",\"width\":600,\"height\":100,\"caption\":\"Dorogi-medence Region\u00e1lis H\u00edrport\u00e1l\"},\"image\":{\"@id\":\"https:\\\/\\\/dorogimedence.hu\\\/#\\\/schema\\\/logo\\\/image\\\/\"},\"sameAs\":[\"https:\\\/\\\/www.facebook.com\\\/dorogimedence\\\/\"]},{\"@type\":\"Person\",\"@id\":\"https:\\\/\\\/dorogimedence.hu\\\/#\\\/schema\\\/person\\\/ce6091eeb7e95ecdc87890d6aa8e0fd4\",\"name\":\"dorogimedence.hu\",\"image\":{\"@type\":\"ImageObject\",\"inLanguage\":\"hu\",\"@id\":\"\\\/\\\/www.gravatar.com\\\/avatar\\\/d8d45f8901aadff40a4af72c0b826f1d?s=96&#038;r=g&#038;d=mm\",\"url\":\"\\\/\\\/www.gravatar.com\\\/avatar\\\/d8d45f8901aadff40a4af72c0b826f1d?s=96&#038;r=g&#038;d=mm\",\"contentUrl\":\"\\\/\\\/www.gravatar.com\\\/avatar\\\/d8d45f8901aadff40a4af72c0b826f1d?s=96&#038;r=g&#038;d=mm\",\"caption\":\"dorogimedence.hu\"}}]}<\/script>\n<!-- \/ Yoast SEO plugin. -->","yoast_head_json":{"title":"A pand\u00e9mia ut\u00e1n sz\u00ednes kult\u00farprogramokkal k\u00e9sz\u00fclnek Dorogon","robots":{"index":"index","follow":"follow","max-snippet":"max-snippet:-1","max-image-preview":"max-image-preview:large","max-video-preview":"max-video-preview:-1"},"canonical":"https:\/\/dorogimedence.hu\/index.php\/2021\/04\/13\/a-pandemia-utan-szines-kulturprogramokkal-keszulnek-dorogon\/","og_locale":"hu_HU","og_type":"article","og_title":"A pand\u00e9mia ut\u00e1n sz\u00ednes kult\u00farprogramokkal k\u00e9sz\u00fclnek Dorogon","og_description":"\u00c1prilis 1-j\u00e9vel Szab\u00f3-Berghauer Zolt\u00e1nt nevezt\u00e9k ki a Dorog V\u00e1ros M\u0171vel\u0151d\u00e9si H\u00e1z \u00e9s K\u00f6nyvt\u00e1r igazgat\u00f3j\u00e1nak. Vele az eddigi munk\u00e1ss\u00e1g\u00e1r\u00f3l \u00e9s a j\u00f6v\u0151beni terveir\u0151l besz\u00e9lgett\u00fcnk. \u2013 Hol sz\u00fcletett \u00e9s nevelkedett, illetve milyen kor\u00e1bbi k\u00f6t\u0151d\u00e9se volt Doroghoz? \u2013 Budapesten sz\u00fclettem, \u00e9s Hofi \u201e\u0151shaz\u00e1j\u00e1ban\u201d \u00e9ltem-nevelkedtem: K\u0151b\u00e1ny\u00e1n. \u00cdgy kor\u00e1bbi \u201ek\u00f6t\u0151d\u00e9sem\u201d Doroghoz annyi, hogy a K\u0151b\u00e1nyai Gy\u00f3gyszer\u00e1rugy\u00e1r (mai Richter) \u201eelk\u00eds\u00e9rt\u201d ide","og_url":"https:\/\/dorogimedence.hu\/index.php\/2021\/04\/13\/a-pandemia-utan-szines-kulturprogramokkal-keszulnek-dorogon\/","og_site_name":"Dorogi-medence Region\u00e1lis H\u00edrport\u00e1l","article_publisher":"https:\/\/www.facebook.com\/dorogimedence\/","article_published_time":"2021-04-13T05:19:26+00:00","article_modified_time":"2021-04-13T05:19:35+00:00","og_image":[{"width":670,"height":365,"url":"https:\/\/i0.wp.com\/dorogimedence.hu\/wp-content\/uploads\/2020\/04\/szabo-berghauer-01.jpg?fit=670%2C365&ssl=1","type":"image\/jpeg"}],"author":"dorogimedence.hu","twitter_card":"summary_large_image","twitter_misc":{"Szerz\u0151:":"dorogimedence.hu","Becs\u00fclt olvas\u00e1si id\u0151":"8 perc"},"schema":{"@context":"https:\/\/schema.org","@graph":[{"@type":"Article","@id":"https:\/\/dorogimedence.hu\/index.php\/2021\/04\/13\/a-pandemia-utan-szines-kulturprogramokkal-keszulnek-dorogon\/#article","isPartOf":{"@id":"https:\/\/dorogimedence.hu\/index.php\/2021\/04\/13\/a-pandemia-utan-szines-kulturprogramokkal-keszulnek-dorogon\/"},"author":{"name":"dorogimedence.hu","@id":"https:\/\/dorogimedence.hu\/#\/schema\/person\/ce6091eeb7e95ecdc87890d6aa8e0fd4"},"headline":"A pand\u00e9mia ut\u00e1n sz\u00ednes kult\u00farprogramokkal k\u00e9sz\u00fclnek Dorogon","datePublished":"2021-04-13T05:19:26+00:00","dateModified":"2021-04-13T05:19:35+00:00","mainEntityOfPage":{"@id":"https:\/\/dorogimedence.hu\/index.php\/2021\/04\/13\/a-pandemia-utan-szines-kulturprogramokkal-keszulnek-dorogon\/"},"wordCount":1635,"publisher":{"@id":"https:\/\/dorogimedence.hu\/#organization"},"image":{"@id":"https:\/\/dorogimedence.hu\/index.php\/2021\/04\/13\/a-pandemia-utan-szines-kulturprogramokkal-keszulnek-dorogon\/#primaryimage"},"thumbnailUrl":"https:\/\/dorogimedence.hu\/wp-content\/uploads\/2020\/04\/szabo-berghauer-01.jpg","keywords":["Dorog","k\u00f6nyvt\u00e1r","kult\u00fara","M\u0171vel\u0151d\u00e9si H\u00e1z","Szab\u00f3-Berghauer Zolt\u00e1n"],"articleSection":["Dorog","H\u00edrek"],"inLanguage":"hu"},{"@type":"WebPage","@id":"https:\/\/dorogimedence.hu\/index.php\/2021\/04\/13\/a-pandemia-utan-szines-kulturprogramokkal-keszulnek-dorogon\/","url":"https:\/\/dorogimedence.hu\/index.php\/2021\/04\/13\/a-pandemia-utan-szines-kulturprogramokkal-keszulnek-dorogon\/","name":"A pand\u00e9mia ut\u00e1n sz\u00ednes kult\u00farprogramokkal k\u00e9sz\u00fclnek Dorogon","isPartOf":{"@id":"https:\/\/dorogimedence.hu\/#website"},"primaryImageOfPage":{"@id":"https:\/\/dorogimedence.hu\/index.php\/2021\/04\/13\/a-pandemia-utan-szines-kulturprogramokkal-keszulnek-dorogon\/#primaryimage"},"image":{"@id":"https:\/\/dorogimedence.hu\/index.php\/2021\/04\/13\/a-pandemia-utan-szines-kulturprogramokkal-keszulnek-dorogon\/#primaryimage"},"thumbnailUrl":"https:\/\/dorogimedence.hu\/wp-content\/uploads\/2020\/04\/szabo-berghauer-01.jpg","datePublished":"2021-04-13T05:19:26+00:00","dateModified":"2021-04-13T05:19:35+00:00","breadcrumb":{"@id":"https:\/\/dorogimedence.hu\/index.php\/2021\/04\/13\/a-pandemia-utan-szines-kulturprogramokkal-keszulnek-dorogon\/#breadcrumb"},"inLanguage":"hu","potentialAction":[{"@type":"ReadAction","target":["https:\/\/dorogimedence.hu\/index.php\/2021\/04\/13\/a-pandemia-utan-szines-kulturprogramokkal-keszulnek-dorogon\/"]}]},{"@type":"ImageObject","inLanguage":"hu","@id":"https:\/\/dorogimedence.hu\/index.php\/2021\/04\/13\/a-pandemia-utan-szines-kulturprogramokkal-keszulnek-dorogon\/#primaryimage","url":"https:\/\/dorogimedence.hu\/wp-content\/uploads\/2020\/04\/szabo-berghauer-01.jpg","contentUrl":"https:\/\/dorogimedence.hu\/wp-content\/uploads\/2020\/04\/szabo-berghauer-01.jpg","width":670,"height":365},{"@type":"BreadcrumbList","@id":"https:\/\/dorogimedence.hu\/index.php\/2021\/04\/13\/a-pandemia-utan-szines-kulturprogramokkal-keszulnek-dorogon\/#breadcrumb","itemListElement":[{"@type":"ListItem","position":1,"name":"Kezd\u0151lap","item":"https:\/\/dorogimedence.hu\/"},{"@type":"ListItem","position":2,"name":"A pand\u00e9mia ut\u00e1n sz\u00ednes kult\u00farprogramokkal k\u00e9sz\u00fclnek Dorogon"}]},{"@type":"WebSite","@id":"https:\/\/dorogimedence.hu\/#website","url":"https:\/\/dorogimedence.hu\/","name":"Dorogi-medence Region\u00e1lis H\u00edrport\u00e1l","description":"Dorog, Keszt\u00f6lc, Le\u00e1nyv\u00e1r, Piliscs\u00e9v, Tokod, Tokodalt\u00e1r\u00f3, Csolnok, Esztergom-kertv\u00e1ros: h\u00edrek, programok","publisher":{"@id":"https:\/\/dorogimedence.hu\/#organization"},"potentialAction":[{"@type":"SearchAction","target":{"@type":"EntryPoint","urlTemplate":"https:\/\/dorogimedence.hu\/?s={search_term_string}"},"query-input":{"@type":"PropertyValueSpecification","valueRequired":true,"valueName":"search_term_string"}}],"inLanguage":"hu"},{"@type":"Organization","@id":"https:\/\/dorogimedence.hu\/#organization","name":"Dorogi-medence Region\u00e1lis H\u00edrport\u00e1l","url":"https:\/\/dorogimedence.hu\/","logo":{"@type":"ImageObject","inLanguage":"hu","@id":"https:\/\/dorogimedence.hu\/#\/schema\/logo\/image\/","url":"https:\/\/dorogimedence.hu\/wp-content\/uploads\/2021\/04\/logo-feher-600.png","contentUrl":"https:\/\/dorogimedence.hu\/wp-content\/uploads\/2021\/04\/logo-feher-600.png","width":600,"height":100,"caption":"Dorogi-medence Region\u00e1lis H\u00edrport\u00e1l"},"image":{"@id":"https:\/\/dorogimedence.hu\/#\/schema\/logo\/image\/"},"sameAs":["https:\/\/www.facebook.com\/dorogimedence\/"]},{"@type":"Person","@id":"https:\/\/dorogimedence.hu\/#\/schema\/person\/ce6091eeb7e95ecdc87890d6aa8e0fd4","name":"dorogimedence.hu","image":{"@type":"ImageObject","inLanguage":"hu","@id":"\/\/www.gravatar.com\/avatar\/d8d45f8901aadff40a4af72c0b826f1d?s=96&#038;r=g&#038;d=mm","url":"\/\/www.gravatar.com\/avatar\/d8d45f8901aadff40a4af72c0b826f1d?s=96&#038;r=g&#038;d=mm","contentUrl":"\/\/www.gravatar.com\/avatar\/d8d45f8901aadff40a4af72c0b826f1d?s=96&#038;r=g&#038;d=mm","caption":"dorogimedence.hu"}}]}},"_links":{"self":[{"href":"https:\/\/dorogimedence.hu\/index.php\/wp-json\/wp\/v2\/posts\/31787","targetHints":{"allow":["GET"]}}],"collection":[{"href":"https:\/\/dorogimedence.hu\/index.php\/wp-json\/wp\/v2\/posts"}],"about":[{"href":"https:\/\/dorogimedence.hu\/index.php\/wp-json\/wp\/v2\/types\/post"}],"author":[{"embeddable":true,"href":"https:\/\/dorogimedence.hu\/index.php\/wp-json\/wp\/v2\/users\/1"}],"replies":[{"embeddable":true,"href":"https:\/\/dorogimedence.hu\/index.php\/wp-json\/wp\/v2\/comments?post=31787"}],"version-history":[{"count":0,"href":"https:\/\/dorogimedence.hu\/index.php\/wp-json\/wp\/v2\/posts\/31787\/revisions"}],"wp:featuredmedia":[{"embeddable":true,"href":"https:\/\/dorogimedence.hu\/index.php\/wp-json\/wp\/v2\/media\/24606"}],"wp:attachment":[{"href":"https:\/\/dorogimedence.hu\/index.php\/wp-json\/wp\/v2\/media?parent=31787"}],"wp:term":[{"taxonomy":"category","embeddable":true,"href":"https:\/\/dorogimedence.hu\/index.php\/wp-json\/wp\/v2\/categories?post=31787"},{"taxonomy":"post_tag","embeddable":true,"href":"https:\/\/dorogimedence.hu\/index.php\/wp-json\/wp\/v2\/tags?post=31787"}],"curies":[{"name":"wp","href":"https:\/\/api.w.org\/{rel}","templated":true}]}}