{"id":31726,"date":"2021-04-10T09:20:40","date_gmt":"2021-04-10T07:20:40","guid":{"rendered":"http:\/\/dorogimedence.hu\/?p=31726"},"modified":"2021-04-10T09:25:14","modified_gmt":"2021-04-10T07:25:14","slug":"randazzo-fekete-feher-temploma","status":"publish","type":"post","link":"https:\/\/dorogimedence.hu\/index.php\/2021\/04\/10\/randazzo-fekete-feher-temploma\/","title":{"rendered":"Randazz\u00f3 \u201efekete-feh\u00e9r\u201d temploma"},"content":{"rendered":"<p><strong>Lieber Tam\u00e1s \u201eMes\u00e9l\u0151 t\u00e1jak \u00e9s form\u00e1k \u2013 Egy fot\u00f3 \u00e9s ami m\u00f6g\u00f6tte van\u201d c\u00edm\u0171 sorozat\u00e1nak soron k\u00f6vetkez\u0151 r\u00e9sz\u00e9ben Randazz\u00f3 \u201efekete-feh\u00e9r\u201d templom\u00e1val ismerkedhet\u00fcnk meg.<\/strong><\/p>\n<p>Szic\u00edlia, ahogy Olaszorsz\u00e1g eg\u00e9sze is, rendk\u00edv\u00fcli adotts\u00e1gokkal rendelkezik a kultur\u00e1lis javak tekintet\u00e9ben. Ahogy a term\u00e9szeti l\u00e1tnival\u00f3kban, \u00fagy az emberi alkot\u00e1sokban is b\u0151ven van mit felfedezn\u00fcnk itt. A d\u00e9l-olaszorsz\u00e1gi sziget sz\u00e1mos \u00f3kori eml\u00e9kkel b\u00fcszk\u00e9lkedik, \u00e1m a k\u00e9s\u0151bbi korok m\u0171v\u00e9szei, \u00e9p\u00edt\u00e9szei is sokat tettek az\u00e9rt, hogy val\u00f3s\u00e1gos m\u0171eml\u00e9k-v\u00e1rosok j\u00f6jjenek l\u00e9tre.<\/p>\n<p>Szic\u00edlia \u00e9szakkeleti partvid\u00e9k\u00e9t k\u00e9ts\u00e9gk\u00edv\u00fcl az Etna-vulk\u00e1n uralja, \u00e9s ez nemcsak a term\u00e9szeti adotts\u00e1gokban, de az \u00e9p\u00edtett eml\u00e9kekben is megjelenik. Taormina, Catania, Nicolosi neve minden bizonnyal ismer\u0151sen cseng idehaza is, \u00e1m a hegy \u00e1rny\u00e9k\u00e1ban kev\u00e9sb\u00e9 ismert, \u00e1m nem kev\u00e9sb\u00e9 l\u00e1tv\u00e1nyos telep\u00fcl\u00e9sek is megb\u00fajnak. Ezek egyike az Etna \u00e9szaki l\u00e1b\u00e1n\u00e1l, 765 m\u00e9teres magass\u00e1gban fekv\u0151, majd 11 ezres l\u00e9leksz\u00e1m\u00fa Randazzo v\u00e1rosa.<\/p>\n<p>B\u00e1r az Etna k\u00f6zels\u00e9ge jelent n\u00e9mi vesz\u00e9lyforr\u00e1st a v\u00e1rosra n\u00e9zve, a modern kori kit\u00f6r\u00e9sek l\u00e1vafolyamai mind ez id\u00e1ig szerencs\u00e9sen elker\u00fclt\u00e9k. De nem volt ez mindig \u00edgy, amit mi sem bizony\u00edt jobban, mint, hogy maga Randazzo is egy \u0151si l\u00e1vafolyamra telep\u00fclt, \u00e9s persze az is, hogy sz\u00e1mos \u00e9p\u00fclet\u00e9nek a s\u00f6t\u00e9t sz\u00edn\u0171 bazalt adta az alapanyag\u00e1t.<\/p>\n<p>ngg_shortcode_0_placeholderRandazzo sz\u00e1mos templommal b\u00fcszk\u00e9lkedik. Legismertebb \u00e9p\u00fclete a t\u00f6bbs\u00e9g\u00e9ben normann \u00e9s g\u00f3tikus st\u00edlusjegyeket is hordoz\u00f3 Nagyboldogasszony bazilika (Basilica minore di Santa Maria Assunta), amelynek \u00e9p\u00edt\u0151k\u00f6veit a m\u00e1r eml\u00edtett fekete bazalt, m\u00edg ajt\u00f3- \u00e9s ablakd\u00edsz\u00edt\u00e9seit vil\u00e1gos homokk\u0151 alkotja.<\/p>\n<p>A legenda szerint egy p\u00e1sztorfi\u00fa Sz\u0171z M\u00e1ria k\u00e9p el\u0151tt \u00e9g\u0151 t\u00fczet l\u00e1tott meg egy barlangban. Kezdetben egy olt\u00e1rt emeltek ezen a helyen, majd k\u00e9s\u0151bb, a XIII. sz\u00e1zadban ide \u00e9p\u00fclt a templom is. Az \u00e9p\u00fcletet 1589-94. k\u00f6z\u00f6tt renesz\u00e1nsz \u00e9p\u00edt\u00e9szeti elemekkel eg\u00e9sz\u00edtett\u00e9k ki, m\u00edg a harangtornyot 1863-ban \u00e9p\u00edtett\u00e9k hozz\u00e1. A h\u00e1romhaj\u00f3s templombels\u0151 mennyezeti fresk\u00f3ja Madonna \u00e9let\u00e9t mutatja be.<\/p>\n<p>T\u00f6bb \u00edzben is volt szerencs\u00e9m megfordulni ebben a hangulatos kis v\u00e1rosk\u00e1ban (a mell\u00e9kelt fot\u00f3 2019 febru\u00e1rj\u00e1ban k\u00e9sz\u00fclt), amit az Etn\u00e1ra l\u00e1togat\u00f3 turist\u00e1k z\u00f6me v\u00e9lem\u00e9nyem szerint elker\u00fcl. Pedig \u00e9rdemes r\u00e1sz\u00e1nni egy napot a vulk\u00e1n k\u00f6rbeaut\u00f3z\u00e1s\u00e1ra; olyan telep\u00fcl\u00e9seket \u00e9rintve, mint az Etna f\u0151v\u00e1ros\u00e1nak nevezett Nicolosi, a piszt\u00e1cia egyik haz\u00e1jak\u00e9nt sz\u00e1montartott Bronte, vagy a k\u00e9pz\u0151m\u0171v\u00e9szeti festm\u00e9nyekkel d\u00edsz\u00edtett h\u00e1zair\u00f3l h\u00edres Linguaglossa. A t\u0171zh\u00e1ny\u00f3 minden oldalr\u00f3l m\u00e1s \u00e9s m\u00e1s arc\u00e1t mutatja, \u00e9s t\u00f6bbsz\u00f6ri meg\u00e1ll\u00f3val igen l\u00e1tv\u00e1nyos l\u00e1vamez\u0151k\u00f6n is barangolhatunk.<\/p>\n<p><em>Lieber Tam\u00e1s<\/em><\/p>\n<p><strong>A sorozathoz kapcsol\u00f3d\u00f3 tov\u00e1bbi cikkek <span style=\"text-decoration: underline; color: #0000ff;\"><a style=\"color: #0000ff; text-decoration: underline;\" href=\"https:\/\/dorogimedence.hu\/index.php\/category\/meselo-tajak-es-formak\/\" target=\"_blank\" rel=\"noopener noreferrer\">ide kattintva<\/a><\/span> \u00e9rhet\u0151k el!<\/strong><\/p>\n","protected":false},"excerpt":{"rendered":"<p>Lieber Tam\u00e1s \u201eMes\u00e9l\u0151 t\u00e1jak \u00e9s form\u00e1k \u2013 Egy fot\u00f3 \u00e9s ami m\u00f6g\u00f6tte van\u201d c\u00edm\u0171 sorozat\u00e1nak soron k\u00f6vetkez\u0151 r\u00e9sz\u00e9ben Randazz\u00f3 \u201efekete-feh\u00e9r\u201d templom\u00e1val ismerkedhet\u00fcnk meg. Szic\u00edlia, ahogy Olaszorsz\u00e1g eg\u00e9sze is, rendk\u00edv\u00fcli adotts\u00e1gokkal rendelkezik a kultur\u00e1lis javak tekintet\u00e9ben. Ahogy a term\u00e9szeti l\u00e1tnival\u00f3kban, \u00fagy az emberi alkot\u00e1sokban is b\u0151ven van mit felfedezn\u00fcnk itt. A d\u00e9l-olaszorsz\u00e1gi sziget sz\u00e1mos \u00f3kori eml\u00e9kkel<\/p>\n","protected":false},"author":1,"featured_media":31727,"comment_status":"closed","ping_status":"closed","sticky":false,"template":"","format":"standard","meta":{"ngg_post_thumbnail":0,"footnotes":""},"categories":[3,4923],"tags":[3474,4924,5582],"class_list":{"0":"post-31726","1":"post","2":"type-post","3":"status-publish","4":"format-standard","5":"has-post-thumbnail","7":"category-hirek","8":"category-meselo-tajak-es-formak","9":"tag-lieber-tamas","10":"tag-meselo-tajak-es-formak","11":"tag-randazzo"},"yoast_head":"<!-- This site is optimized with the Yoast SEO plugin v27.5 - https:\/\/yoast.com\/product\/yoast-seo-wordpress\/ -->\n<title>Randazz\u00f3 \u201efekete-feh\u00e9r\u201d temploma<\/title>\n<meta name=\"robots\" content=\"index, follow, max-snippet:-1, max-image-preview:large, max-video-preview:-1\" \/>\n<link rel=\"canonical\" href=\"https:\/\/dorogimedence.hu\/index.php\/2021\/04\/10\/randazzo-fekete-feher-temploma\/\" class=\"yoast-seo-meta-tag\" \/>\n<meta property=\"og:locale\" content=\"hu_HU\" class=\"yoast-seo-meta-tag\" \/>\n<meta property=\"og:type\" content=\"article\" class=\"yoast-seo-meta-tag\" \/>\n<meta property=\"og:title\" content=\"Randazz\u00f3 \u201efekete-feh\u00e9r\u201d temploma\" class=\"yoast-seo-meta-tag\" \/>\n<meta property=\"og:description\" content=\"Lieber Tam\u00e1s \u201eMes\u00e9l\u0151 t\u00e1jak \u00e9s form\u00e1k \u2013 Egy fot\u00f3 \u00e9s ami m\u00f6g\u00f6tte van\u201d c\u00edm\u0171 sorozat\u00e1nak soron k\u00f6vetkez\u0151 r\u00e9sz\u00e9ben Randazz\u00f3 \u201efekete-feh\u00e9r\u201d templom\u00e1val ismerkedhet\u00fcnk meg. Szic\u00edlia, ahogy Olaszorsz\u00e1g eg\u00e9sze is, rendk\u00edv\u00fcli adotts\u00e1gokkal rendelkezik a kultur\u00e1lis javak tekintet\u00e9ben. Ahogy a term\u00e9szeti l\u00e1tnival\u00f3kban, \u00fagy az emberi alkot\u00e1sokban is b\u0151ven van mit felfedezn\u00fcnk itt. A d\u00e9l-olaszorsz\u00e1gi sziget sz\u00e1mos \u00f3kori eml\u00e9kkel\" class=\"yoast-seo-meta-tag\" \/>\n<meta property=\"og:url\" content=\"https:\/\/dorogimedence.hu\/index.php\/2021\/04\/10\/randazzo-fekete-feher-temploma\/\" class=\"yoast-seo-meta-tag\" \/>\n<meta property=\"og:site_name\" content=\"Dorogi-medence Region\u00e1lis H\u00edrport\u00e1l\" class=\"yoast-seo-meta-tag\" \/>\n<meta property=\"article:publisher\" content=\"https:\/\/www.facebook.com\/dorogimedence\/\" class=\"yoast-seo-meta-tag\" \/>\n<meta property=\"article:published_time\" content=\"2021-04-10T07:20:40+00:00\" class=\"yoast-seo-meta-tag\" \/>\n<meta property=\"article:modified_time\" content=\"2021-04-10T07:25:14+00:00\" class=\"yoast-seo-meta-tag\" \/>\n<meta property=\"og:image\" content=\"https:\/\/i0.wp.com\/dorogimedence.hu\/wp-content\/uploads\/2021\/04\/randazzo-02.jpg?fit=830%2C450&ssl=1\" class=\"yoast-seo-meta-tag\" \/>\n\t<meta property=\"og:image:width\" content=\"830\" class=\"yoast-seo-meta-tag\" \/>\n\t<meta property=\"og:image:height\" content=\"450\" class=\"yoast-seo-meta-tag\" \/>\n\t<meta property=\"og:image:type\" content=\"image\/jpeg\" class=\"yoast-seo-meta-tag\" \/>\n<meta name=\"author\" content=\"dorogimedence.hu\" class=\"yoast-seo-meta-tag\" \/>\n<meta name=\"twitter:card\" content=\"summary_large_image\" class=\"yoast-seo-meta-tag\" \/>\n<meta name=\"twitter:label1\" content=\"Szerz\u0151:\" class=\"yoast-seo-meta-tag\" \/>\n\t<meta name=\"twitter:data1\" content=\"dorogimedence.hu\" class=\"yoast-seo-meta-tag\" \/>\n\t<meta name=\"twitter:label2\" content=\"Becs\u00fclt olvas\u00e1si id\u0151\" class=\"yoast-seo-meta-tag\" \/>\n\t<meta name=\"twitter:data2\" content=\"3 perc\" class=\"yoast-seo-meta-tag\" \/>\n<script type=\"application\/ld+json\" class=\"yoast-schema-graph\">{\"@context\":\"https:\\\/\\\/schema.org\",\"@graph\":[{\"@type\":\"Article\",\"@id\":\"https:\\\/\\\/dorogimedence.hu\\\/index.php\\\/2021\\\/04\\\/10\\\/randazzo-fekete-feher-temploma\\\/#article\",\"isPartOf\":{\"@id\":\"https:\\\/\\\/dorogimedence.hu\\\/index.php\\\/2021\\\/04\\\/10\\\/randazzo-fekete-feher-temploma\\\/\"},\"author\":{\"name\":\"dorogimedence.hu\",\"@id\":\"https:\\\/\\\/dorogimedence.hu\\\/#\\\/schema\\\/person\\\/ce6091eeb7e95ecdc87890d6aa8e0fd4\"},\"headline\":\"Randazz\u00f3 \u201efekete-feh\u00e9r\u201d temploma\",\"datePublished\":\"2021-04-10T07:20:40+00:00\",\"dateModified\":\"2021-04-10T07:25:14+00:00\",\"mainEntityOfPage\":{\"@id\":\"https:\\\/\\\/dorogimedence.hu\\\/index.php\\\/2021\\\/04\\\/10\\\/randazzo-fekete-feher-temploma\\\/\"},\"wordCount\":579,\"publisher\":{\"@id\":\"https:\\\/\\\/dorogimedence.hu\\\/#organization\"},\"image\":{\"@id\":\"https:\\\/\\\/dorogimedence.hu\\\/index.php\\\/2021\\\/04\\\/10\\\/randazzo-fekete-feher-temploma\\\/#primaryimage\"},\"thumbnailUrl\":\"https:\\\/\\\/dorogimedence.hu\\\/wp-content\\\/uploads\\\/2021\\\/04\\\/randazzo-02.jpg\",\"keywords\":[\"Lieber Tam\u00e1s\",\"Mes\u00e9l\u0151 t\u00e1jak \u00e9s form\u00e1k\",\"Randazzo\"],\"articleSection\":[\"H\u00edrek\",\"Mes\u00e9l\u0151 t\u00e1jak \u00e9s form\u00e1k\"],\"inLanguage\":\"hu\"},{\"@type\":\"WebPage\",\"@id\":\"https:\\\/\\\/dorogimedence.hu\\\/index.php\\\/2021\\\/04\\\/10\\\/randazzo-fekete-feher-temploma\\\/\",\"url\":\"https:\\\/\\\/dorogimedence.hu\\\/index.php\\\/2021\\\/04\\\/10\\\/randazzo-fekete-feher-temploma\\\/\",\"name\":\"Randazz\u00f3 \u201efekete-feh\u00e9r\u201d temploma\",\"isPartOf\":{\"@id\":\"https:\\\/\\\/dorogimedence.hu\\\/#website\"},\"primaryImageOfPage\":{\"@id\":\"https:\\\/\\\/dorogimedence.hu\\\/index.php\\\/2021\\\/04\\\/10\\\/randazzo-fekete-feher-temploma\\\/#primaryimage\"},\"image\":{\"@id\":\"https:\\\/\\\/dorogimedence.hu\\\/index.php\\\/2021\\\/04\\\/10\\\/randazzo-fekete-feher-temploma\\\/#primaryimage\"},\"thumbnailUrl\":\"https:\\\/\\\/dorogimedence.hu\\\/wp-content\\\/uploads\\\/2021\\\/04\\\/randazzo-02.jpg\",\"datePublished\":\"2021-04-10T07:20:40+00:00\",\"dateModified\":\"2021-04-10T07:25:14+00:00\",\"breadcrumb\":{\"@id\":\"https:\\\/\\\/dorogimedence.hu\\\/index.php\\\/2021\\\/04\\\/10\\\/randazzo-fekete-feher-temploma\\\/#breadcrumb\"},\"inLanguage\":\"hu\",\"potentialAction\":[{\"@type\":\"ReadAction\",\"target\":[\"https:\\\/\\\/dorogimedence.hu\\\/index.php\\\/2021\\\/04\\\/10\\\/randazzo-fekete-feher-temploma\\\/\"]}]},{\"@type\":\"ImageObject\",\"inLanguage\":\"hu\",\"@id\":\"https:\\\/\\\/dorogimedence.hu\\\/index.php\\\/2021\\\/04\\\/10\\\/randazzo-fekete-feher-temploma\\\/#primaryimage\",\"url\":\"https:\\\/\\\/dorogimedence.hu\\\/wp-content\\\/uploads\\\/2021\\\/04\\\/randazzo-02.jpg\",\"contentUrl\":\"https:\\\/\\\/dorogimedence.hu\\\/wp-content\\\/uploads\\\/2021\\\/04\\\/randazzo-02.jpg\",\"width\":830,\"height\":450},{\"@type\":\"BreadcrumbList\",\"@id\":\"https:\\\/\\\/dorogimedence.hu\\\/index.php\\\/2021\\\/04\\\/10\\\/randazzo-fekete-feher-temploma\\\/#breadcrumb\",\"itemListElement\":[{\"@type\":\"ListItem\",\"position\":1,\"name\":\"Kezd\u0151lap\",\"item\":\"https:\\\/\\\/dorogimedence.hu\\\/\"},{\"@type\":\"ListItem\",\"position\":2,\"name\":\"Randazz\u00f3 \u201efekete-feh\u00e9r\u201d temploma\"}]},{\"@type\":\"WebSite\",\"@id\":\"https:\\\/\\\/dorogimedence.hu\\\/#website\",\"url\":\"https:\\\/\\\/dorogimedence.hu\\\/\",\"name\":\"Dorogi-medence Region\u00e1lis H\u00edrport\u00e1l\",\"description\":\"Dorog, Keszt\u00f6lc, Le\u00e1nyv\u00e1r, Piliscs\u00e9v, Tokod, Tokodalt\u00e1r\u00f3, Csolnok, Esztergom-kertv\u00e1ros: h\u00edrek, programok\",\"publisher\":{\"@id\":\"https:\\\/\\\/dorogimedence.hu\\\/#organization\"},\"potentialAction\":[{\"@type\":\"SearchAction\",\"target\":{\"@type\":\"EntryPoint\",\"urlTemplate\":\"https:\\\/\\\/dorogimedence.hu\\\/?s={search_term_string}\"},\"query-input\":{\"@type\":\"PropertyValueSpecification\",\"valueRequired\":true,\"valueName\":\"search_term_string\"}}],\"inLanguage\":\"hu\"},{\"@type\":\"Organization\",\"@id\":\"https:\\\/\\\/dorogimedence.hu\\\/#organization\",\"name\":\"Dorogi-medence Region\u00e1lis H\u00edrport\u00e1l\",\"url\":\"https:\\\/\\\/dorogimedence.hu\\\/\",\"logo\":{\"@type\":\"ImageObject\",\"inLanguage\":\"hu\",\"@id\":\"https:\\\/\\\/dorogimedence.hu\\\/#\\\/schema\\\/logo\\\/image\\\/\",\"url\":\"https:\\\/\\\/dorogimedence.hu\\\/wp-content\\\/uploads\\\/2021\\\/04\\\/logo-feher-600.png\",\"contentUrl\":\"https:\\\/\\\/dorogimedence.hu\\\/wp-content\\\/uploads\\\/2021\\\/04\\\/logo-feher-600.png\",\"width\":600,\"height\":100,\"caption\":\"Dorogi-medence Region\u00e1lis H\u00edrport\u00e1l\"},\"image\":{\"@id\":\"https:\\\/\\\/dorogimedence.hu\\\/#\\\/schema\\\/logo\\\/image\\\/\"},\"sameAs\":[\"https:\\\/\\\/www.facebook.com\\\/dorogimedence\\\/\"]},{\"@type\":\"Person\",\"@id\":\"https:\\\/\\\/dorogimedence.hu\\\/#\\\/schema\\\/person\\\/ce6091eeb7e95ecdc87890d6aa8e0fd4\",\"name\":\"dorogimedence.hu\",\"image\":{\"@type\":\"ImageObject\",\"inLanguage\":\"hu\",\"@id\":\"\\\/\\\/www.gravatar.com\\\/avatar\\\/d8d45f8901aadff40a4af72c0b826f1d?s=96&#038;r=g&#038;d=mm\",\"url\":\"\\\/\\\/www.gravatar.com\\\/avatar\\\/d8d45f8901aadff40a4af72c0b826f1d?s=96&#038;r=g&#038;d=mm\",\"contentUrl\":\"\\\/\\\/www.gravatar.com\\\/avatar\\\/d8d45f8901aadff40a4af72c0b826f1d?s=96&#038;r=g&#038;d=mm\",\"caption\":\"dorogimedence.hu\"}}]}<\/script>\n<!-- \/ Yoast SEO plugin. -->","yoast_head_json":{"title":"Randazz\u00f3 \u201efekete-feh\u00e9r\u201d temploma","robots":{"index":"index","follow":"follow","max-snippet":"max-snippet:-1","max-image-preview":"max-image-preview:large","max-video-preview":"max-video-preview:-1"},"canonical":"https:\/\/dorogimedence.hu\/index.php\/2021\/04\/10\/randazzo-fekete-feher-temploma\/","og_locale":"hu_HU","og_type":"article","og_title":"Randazz\u00f3 \u201efekete-feh\u00e9r\u201d temploma","og_description":"Lieber Tam\u00e1s \u201eMes\u00e9l\u0151 t\u00e1jak \u00e9s form\u00e1k \u2013 Egy fot\u00f3 \u00e9s ami m\u00f6g\u00f6tte van\u201d c\u00edm\u0171 sorozat\u00e1nak soron k\u00f6vetkez\u0151 r\u00e9sz\u00e9ben Randazz\u00f3 \u201efekete-feh\u00e9r\u201d templom\u00e1val ismerkedhet\u00fcnk meg. Szic\u00edlia, ahogy Olaszorsz\u00e1g eg\u00e9sze is, rendk\u00edv\u00fcli adotts\u00e1gokkal rendelkezik a kultur\u00e1lis javak tekintet\u00e9ben. Ahogy a term\u00e9szeti l\u00e1tnival\u00f3kban, \u00fagy az emberi alkot\u00e1sokban is b\u0151ven van mit felfedezn\u00fcnk itt. A d\u00e9l-olaszorsz\u00e1gi sziget sz\u00e1mos \u00f3kori eml\u00e9kkel","og_url":"https:\/\/dorogimedence.hu\/index.php\/2021\/04\/10\/randazzo-fekete-feher-temploma\/","og_site_name":"Dorogi-medence Region\u00e1lis H\u00edrport\u00e1l","article_publisher":"https:\/\/www.facebook.com\/dorogimedence\/","article_published_time":"2021-04-10T07:20:40+00:00","article_modified_time":"2021-04-10T07:25:14+00:00","og_image":[{"width":830,"height":450,"url":"https:\/\/i0.wp.com\/dorogimedence.hu\/wp-content\/uploads\/2021\/04\/randazzo-02.jpg?fit=830%2C450&ssl=1","type":"image\/jpeg"}],"author":"dorogimedence.hu","twitter_card":"summary_large_image","twitter_misc":{"Szerz\u0151:":"dorogimedence.hu","Becs\u00fclt olvas\u00e1si id\u0151":"3 perc"},"schema":{"@context":"https:\/\/schema.org","@graph":[{"@type":"Article","@id":"https:\/\/dorogimedence.hu\/index.php\/2021\/04\/10\/randazzo-fekete-feher-temploma\/#article","isPartOf":{"@id":"https:\/\/dorogimedence.hu\/index.php\/2021\/04\/10\/randazzo-fekete-feher-temploma\/"},"author":{"name":"dorogimedence.hu","@id":"https:\/\/dorogimedence.hu\/#\/schema\/person\/ce6091eeb7e95ecdc87890d6aa8e0fd4"},"headline":"Randazz\u00f3 \u201efekete-feh\u00e9r\u201d temploma","datePublished":"2021-04-10T07:20:40+00:00","dateModified":"2021-04-10T07:25:14+00:00","mainEntityOfPage":{"@id":"https:\/\/dorogimedence.hu\/index.php\/2021\/04\/10\/randazzo-fekete-feher-temploma\/"},"wordCount":579,"publisher":{"@id":"https:\/\/dorogimedence.hu\/#organization"},"image":{"@id":"https:\/\/dorogimedence.hu\/index.php\/2021\/04\/10\/randazzo-fekete-feher-temploma\/#primaryimage"},"thumbnailUrl":"https:\/\/dorogimedence.hu\/wp-content\/uploads\/2021\/04\/randazzo-02.jpg","keywords":["Lieber Tam\u00e1s","Mes\u00e9l\u0151 t\u00e1jak \u00e9s form\u00e1k","Randazzo"],"articleSection":["H\u00edrek","Mes\u00e9l\u0151 t\u00e1jak \u00e9s form\u00e1k"],"inLanguage":"hu"},{"@type":"WebPage","@id":"https:\/\/dorogimedence.hu\/index.php\/2021\/04\/10\/randazzo-fekete-feher-temploma\/","url":"https:\/\/dorogimedence.hu\/index.php\/2021\/04\/10\/randazzo-fekete-feher-temploma\/","name":"Randazz\u00f3 \u201efekete-feh\u00e9r\u201d temploma","isPartOf":{"@id":"https:\/\/dorogimedence.hu\/#website"},"primaryImageOfPage":{"@id":"https:\/\/dorogimedence.hu\/index.php\/2021\/04\/10\/randazzo-fekete-feher-temploma\/#primaryimage"},"image":{"@id":"https:\/\/dorogimedence.hu\/index.php\/2021\/04\/10\/randazzo-fekete-feher-temploma\/#primaryimage"},"thumbnailUrl":"https:\/\/dorogimedence.hu\/wp-content\/uploads\/2021\/04\/randazzo-02.jpg","datePublished":"2021-04-10T07:20:40+00:00","dateModified":"2021-04-10T07:25:14+00:00","breadcrumb":{"@id":"https:\/\/dorogimedence.hu\/index.php\/2021\/04\/10\/randazzo-fekete-feher-temploma\/#breadcrumb"},"inLanguage":"hu","potentialAction":[{"@type":"ReadAction","target":["https:\/\/dorogimedence.hu\/index.php\/2021\/04\/10\/randazzo-fekete-feher-temploma\/"]}]},{"@type":"ImageObject","inLanguage":"hu","@id":"https:\/\/dorogimedence.hu\/index.php\/2021\/04\/10\/randazzo-fekete-feher-temploma\/#primaryimage","url":"https:\/\/dorogimedence.hu\/wp-content\/uploads\/2021\/04\/randazzo-02.jpg","contentUrl":"https:\/\/dorogimedence.hu\/wp-content\/uploads\/2021\/04\/randazzo-02.jpg","width":830,"height":450},{"@type":"BreadcrumbList","@id":"https:\/\/dorogimedence.hu\/index.php\/2021\/04\/10\/randazzo-fekete-feher-temploma\/#breadcrumb","itemListElement":[{"@type":"ListItem","position":1,"name":"Kezd\u0151lap","item":"https:\/\/dorogimedence.hu\/"},{"@type":"ListItem","position":2,"name":"Randazz\u00f3 \u201efekete-feh\u00e9r\u201d temploma"}]},{"@type":"WebSite","@id":"https:\/\/dorogimedence.hu\/#website","url":"https:\/\/dorogimedence.hu\/","name":"Dorogi-medence Region\u00e1lis H\u00edrport\u00e1l","description":"Dorog, Keszt\u00f6lc, Le\u00e1nyv\u00e1r, Piliscs\u00e9v, Tokod, Tokodalt\u00e1r\u00f3, Csolnok, Esztergom-kertv\u00e1ros: h\u00edrek, programok","publisher":{"@id":"https:\/\/dorogimedence.hu\/#organization"},"potentialAction":[{"@type":"SearchAction","target":{"@type":"EntryPoint","urlTemplate":"https:\/\/dorogimedence.hu\/?s={search_term_string}"},"query-input":{"@type":"PropertyValueSpecification","valueRequired":true,"valueName":"search_term_string"}}],"inLanguage":"hu"},{"@type":"Organization","@id":"https:\/\/dorogimedence.hu\/#organization","name":"Dorogi-medence Region\u00e1lis H\u00edrport\u00e1l","url":"https:\/\/dorogimedence.hu\/","logo":{"@type":"ImageObject","inLanguage":"hu","@id":"https:\/\/dorogimedence.hu\/#\/schema\/logo\/image\/","url":"https:\/\/dorogimedence.hu\/wp-content\/uploads\/2021\/04\/logo-feher-600.png","contentUrl":"https:\/\/dorogimedence.hu\/wp-content\/uploads\/2021\/04\/logo-feher-600.png","width":600,"height":100,"caption":"Dorogi-medence Region\u00e1lis H\u00edrport\u00e1l"},"image":{"@id":"https:\/\/dorogimedence.hu\/#\/schema\/logo\/image\/"},"sameAs":["https:\/\/www.facebook.com\/dorogimedence\/"]},{"@type":"Person","@id":"https:\/\/dorogimedence.hu\/#\/schema\/person\/ce6091eeb7e95ecdc87890d6aa8e0fd4","name":"dorogimedence.hu","image":{"@type":"ImageObject","inLanguage":"hu","@id":"\/\/www.gravatar.com\/avatar\/d8d45f8901aadff40a4af72c0b826f1d?s=96&#038;r=g&#038;d=mm","url":"\/\/www.gravatar.com\/avatar\/d8d45f8901aadff40a4af72c0b826f1d?s=96&#038;r=g&#038;d=mm","contentUrl":"\/\/www.gravatar.com\/avatar\/d8d45f8901aadff40a4af72c0b826f1d?s=96&#038;r=g&#038;d=mm","caption":"dorogimedence.hu"}}]}},"_links":{"self":[{"href":"https:\/\/dorogimedence.hu\/index.php\/wp-json\/wp\/v2\/posts\/31726","targetHints":{"allow":["GET"]}}],"collection":[{"href":"https:\/\/dorogimedence.hu\/index.php\/wp-json\/wp\/v2\/posts"}],"about":[{"href":"https:\/\/dorogimedence.hu\/index.php\/wp-json\/wp\/v2\/types\/post"}],"author":[{"embeddable":true,"href":"https:\/\/dorogimedence.hu\/index.php\/wp-json\/wp\/v2\/users\/1"}],"replies":[{"embeddable":true,"href":"https:\/\/dorogimedence.hu\/index.php\/wp-json\/wp\/v2\/comments?post=31726"}],"version-history":[{"count":0,"href":"https:\/\/dorogimedence.hu\/index.php\/wp-json\/wp\/v2\/posts\/31726\/revisions"}],"wp:featuredmedia":[{"embeddable":true,"href":"https:\/\/dorogimedence.hu\/index.php\/wp-json\/wp\/v2\/media\/31727"}],"wp:attachment":[{"href":"https:\/\/dorogimedence.hu\/index.php\/wp-json\/wp\/v2\/media?parent=31726"}],"wp:term":[{"taxonomy":"category","embeddable":true,"href":"https:\/\/dorogimedence.hu\/index.php\/wp-json\/wp\/v2\/categories?post=31726"},{"taxonomy":"post_tag","embeddable":true,"href":"https:\/\/dorogimedence.hu\/index.php\/wp-json\/wp\/v2\/tags?post=31726"}],"curies":[{"name":"wp","href":"https:\/\/api.w.org\/{rel}","templated":true}]}}