{"id":31557,"date":"2021-04-03T07:03:38","date_gmt":"2021-04-03T05:03:38","guid":{"rendered":"http:\/\/dorogimedence.hu\/?p=31557"},"modified":"2021-04-03T07:14:06","modified_gmt":"2021-04-03T05:14:06","slug":"harom-hetes-szunet-utan-a-30-forduloval-folytatodik-a-bajnoksag","status":"publish","type":"post","link":"https:\/\/dorogimedence.hu\/index.php\/2021\/04\/03\/harom-hetes-szunet-utan-a-30-forduloval-folytatodik-a-bajnoksag\/","title":{"rendered":"H\u00e1rom hetes sz\u00fcnet ut\u00e1n a 30. fordul\u00f3val folytat\u00f3dik a bajnoks\u00e1g"},"content":{"rendered":"<p><strong>A v\u00e1logatott vil\u00e1gbajnoki-selejtez\u0151i miatt h\u00e1rom h\u00e9ten \u00e1t sz\u00fcnetelt a bajnoks\u00e1g. Csapatunk a legut\u00f3bbi fordul\u00f3ban szerzett \u00fajabb \u00e9rt\u00e9kes pontj\u00e1val imm\u00e1r nyolc m\u00e9rk\u0151z\u00e9s \u00f3ta veretlen. H\u00fasv\u00e9tvas\u00e1rnap a Buda\u00f6rs vend\u00e9gek\u00e9nt l\u00e9pnek p\u00e1ly\u00e1ra, ahol minden szempontb\u00f3l nagyon neh\u00e9z tal\u00e1lkoz\u00f3 v\u00e1r r\u00e1juk Tatab\u00e1ny\u00e1n, \u00e1prilis 4-\u00e9n 16:30 \u00f3rai kezdettel, a Grosics Gyula stadionban<\/strong> <em>&#8211; Szab\u00f3 Gyula cikke.<\/em><\/p>\n<p>M\u00e1rcius 14-\u00e9n ker\u00fclt sor a legut\u00f3bbi fordul\u00f3ra, ahol a dorogiak a k\u00f6z\u00e9pmez\u0151ny els\u0151 fel\u00e9hez tartoz\u00f3 \u00e9s j\u00f3 form\u00e1ban l\u00e9v\u0151 Szombathelyi Halad\u00e1st fogadt\u00e1k ideiglenes otthonukban, Tatab\u00e1ny\u00e1n. B\u00e1r voltak a m\u00e9rk\u0151z\u00e9snek olyan szakaszai, amikor a vend\u00e9gek j\u00e1tszottak mez\u0151f\u00f6l\u00e9nyben, \u00f6sszess\u00e9g\u00e9ben igazs\u00e1gos g\u00f3l n\u00e9lk\u00fcli d\u00f6ntetlennel z\u00e1rult az \u00f6sszecsap\u00e1s. A szakmai st\u00e1bunk k\u00f6zvetlen\u00fcl a meccs el\u0151tt szerkezeti v\u00e1ltoztat\u00e1st volt k\u00e9nytlen eszk\u00f6z\u00f6lni, ugyanis Szab\u00f3 Lukas a bemeleg\u00edt\u00e9s sor\u00e1n megs\u00e9r\u00fclt \u00e9s a t\u00e1mad\u00f3 helyett Mihajlo Rjasko szem\u00e9ly\u00e9ben v\u00e9d\u0151t neveztek a kezd\u0151ben.&nbsp; Az els\u0151 percekben ak\u00e1r vezethett\u00fcnk is volna, miut\u00e1n a szombathelyi t\u00e9rf\u00e9l k\u00f6zep\u00e9n a mieink lef\u00fcleltek egy r\u00f6vidre siker\u00fcl \u00e1tad\u00e1st, amellyel Kanalos Tony l\u00e9v\u00e9n azonnal ziccer alakult ki, azonban kimaradt a kecsegtet\u0151 lehet\u0151s\u00e9g. Nagyon r\u00e9gen volt arra p\u00e9lda, hogy a vasi egy\u00fcttest\u0151l nem kaptunk ki egy adott \u00e9vadon bel\u00fcl, s\u0151t, az id\u00e9n 4 pontot siker\u00fclt ellen\u00fck szerezni. A fordul\u00f3 tov\u00e1bbi \u00f6r\u00f6mteli esem\u00e9ny\u00e9hez tartozik, hogy hosszas s\u00e9r\u00fcl\u00e9s\u00e9t k\u00f6vet\u0151en D\u00e9lczeg Gergely v\u00e9gre p\u00e1ly\u00e1ra l\u00e9phetett, aki cserek\u00e9nt kapott j\u00e1t\u00e9klehet\u0151s\u00e9get a tal\u00e1lkoz\u00f3 sor\u00e1n.<\/p>\n<p style=\"text-align: center;\"><img fetchpriority=\"high\" decoding=\"async\" class=\"alignnone size-full wp-image-31559\" src=\"https:\/\/dorogimedence.hu\/wp-content\/uploads\/2021\/04\/dorog-haladas.jpg\" alt=\"\" width=\"830\" height=\"471\" srcset=\"https:\/\/dorogimedence.hu\/wp-content\/uploads\/2021\/04\/dorog-haladas.jpg 830w, https:\/\/dorogimedence.hu\/wp-content\/uploads\/2021\/04\/dorog-haladas-300x170.jpg 300w, https:\/\/dorogimedence.hu\/wp-content\/uploads\/2021\/04\/dorog-haladas-768x436.jpg 768w\" sizes=\"(max-width: 830px) 100vw, 830px\" \/><em>Kanalos Tony \u00edg\u00e9retes lehet\u0151s\u00e9ge a Halad\u00e1s elleni m\u00e9rk\u0151z\u00e9sen<\/em><\/p>\n<p>Az \u00e9llovas Debrecen meg\u00e9rdemelten aratott 2-0-\u00e1s gy\u0151zelmet P\u00e9csen, az egy\u00e9bk\u00e9nt j\u00f3l j\u00e1tsz\u00f3 \u00e9s mindv\u00e9gig partiban l\u00e9v\u0151 h\u00e1zigazd\u00e1k ellen. Egyben a Loki az egyetlen csapat, amely elmondhatja mag\u00e1r\u00f3l, hogy a kiv\u00e1l\u00f3 \u00e9vadot kifog\u00f3 mecsekieket oda-vissza le tudta gy\u0151zni, m\u00e9gpedig 5:1-es \u00f6sszes\u00edt\u00e9ssel. Mintha g\u00f6rcs\u00f6ss\u00e9 tette volna a Vasast, hogy k\u00e9t fordul\u00f3val kor\u00e1bban az \u00e9lre ugrott, ugyanis az\u00f3ta csak egy ponttal tudott gyarapodni. A m\u00falt fordul\u00f3ban otthon mentett\u00e9k 1-1-es d\u00f6ntetlenre a rangad\u00f3jukat a Gyirm\u00f3t ellen. \u00d6t egym\u00e1s ut\u00e1ni gy\u0151zelm\u00e9t k\u00f6vet\u0151en csak g\u00f3l n\u00e9lk\u00fcli d\u00f6ntetlenre futotta a Ny\u00edregyh\u00e1za erej\u00e9b\u0151l saj\u00e1t p\u00e1ly\u00e1n a kies\u00e9s ellen menek\u00fcl\u0151 Szentl\u0151rinc ellen, m\u00edg a szint\u00e9n kies\u0151 helyen \u00e1ll\u00f3 Cs\u00e1kv\u00e1rnak nem sok hi\u00e1nyzott Gy\u0151rben a gy\u0151zelemhez. Az ETO vend\u00e9gek\u00e9nt mindv\u00e9gig tudatosabb \u00e9s lelkesebb j\u00e1t\u00e9kot bemutat\u00f3 Fej\u00e9r megyei alakulat egykori j\u00e1t\u00e9kosunk, Csat\u00f3 Martin g\u00f3lj\u00e1val vezetett, amit csak a hajr\u00e1 perceiben nehezen tudtak a hazaiak egaliz\u00e1lni az 1-1-es d\u00f6ntetlennel z\u00e1rult m\u00e9rk\u0151z\u00e9sen. A Szeged a sereghajt\u00f3 DEAC otthon\u00e1ban nyert 2-1-re, m\u00edg a szint\u00e9n a bennmarad\u00e1s\u00e9rt k\u00fczd\u0151 Kazincbarcika otthon szerzett \u00e9rt\u00e9kes 1:0 ar\u00e1ny\u00fa gy\u0151zelmet a B\u00e9k\u00e9scsaba ellen. D\u00f6ntetlent hozott a somogyi rangad\u00f3 Kaposv\u00e1ron, ahol a vend\u00e9g Si\u00f3fok vezetett, azonban b\u0151 5 percre r\u00e1 a hazaiak b\u00fcntet\u0151b\u0151l egyenl\u00edtettek. Biztosan tartotta otthon a pontokat az Ajka a Szolnok ellen, amely 2:0 ar\u00e1nyban kerekedett fel\u00fcl. Csapatunk tartja 14. hely\u00e9t, viszont a Szeged 2 ponttal elh\u00fazott, m\u00edg a B\u00e9k\u00e9scsab\u00e1t 2 pontnyira megk\u00f6zel\u00edtette. A kies\u0151 helyezettekkel szemben megmaradt az 5, illetve 6 pontos el\u0151nye. A k\u00f6zvetlen \u00fcld\u00f6z\u0151k k\u00f6z\u00fcl a Kaposv\u00e1r 2, a Si\u00f3fok el\u0151tt pedig 4 ponttal \u00e1ll.<\/p>\n<p>A dorogiak a h\u00e1rom hetes k\u00e9nyszerpihen\u0151 sor\u00e1n is igyekeztek form\u00e1ban tartani magukat, amelynek keret\u00e9n bel\u00fcl, m\u00e1rcius 28-\u00e1n edz\u0151m\u00e9rk\u0151z\u00e9sen l\u00e9ptek p\u00e1ly\u00e1ra az NB I jelenleg egyik legeredm\u00e9nyesebb csapata, a Pusk\u00e1s Akad\u00e9mia vend\u00e9gek\u00e9nt, amelyet csak a Ferencv\u00e1ros el\u0151z meg a tabell\u00e1n. A mieink nem csak helyt\u00e1lltak, de el\u0151bb Zuig\u00e9ber \u00c1kos g\u00f3lj\u00e1val vezettek, amelyet a hazaiak m\u00e9g kiegyenl\u00edtettek, viszont Szerencsi Mikl\u00f3s \u00fajfent a Dorogot juttatta el\u0151nyh\u00f6z \u00e9s v\u00e9g\u00fcl nem kis meglepet\u00e9sre 2:1 ar\u00e1nyban gy\u0151z\u00f6tt a csapatunk. Ez m\u00e9g akkor is igen komoly fegyvert\u00e9ny, ha a Fej\u00e9r megyei alakulatb\u00f3l t\u00f6bben is hi\u00e1nyoztak, mivel \u00e9ppen a selejtez\u0151 m\u00e9rk\u0151z\u00e9seit j\u00e1tsz\u00f3 magyar v\u00e1logatott tagjaik\u00e9nt szerepeltek. Tov\u00e1bbi \u00f6r\u00f6mteli h\u00edr a sz\u00fcnet idej\u00e9r\u0151l, hogy kapusunk, Borsos Vilmos megh\u00edv\u00e1st kapott az ut\u00e1np\u00f3tl\u00e1s v\u00e1logatott keret\u00e9be.<\/p>\n<p style=\"text-align: center;\"><img decoding=\"async\" class=\"alignnone size-full wp-image-31560\" src=\"https:\/\/dorogimedence.hu\/wp-content\/uploads\/2021\/04\/budaors-dorog-02.jpg\" alt=\"\" width=\"830\" height=\"553\" srcset=\"https:\/\/dorogimedence.hu\/wp-content\/uploads\/2021\/04\/budaors-dorog-02.jpg 830w, https:\/\/dorogimedence.hu\/wp-content\/uploads\/2021\/04\/budaors-dorog-02-300x200.jpg 300w, https:\/\/dorogimedence.hu\/wp-content\/uploads\/2021\/04\/budaors-dorog-02-768x512.jpg 768w, https:\/\/dorogimedence.hu\/wp-content\/uploads\/2021\/04\/budaors-dorog-02-589x392.jpg 589w, https:\/\/dorogimedence.hu\/wp-content\/uploads\/2021\/04\/budaors-dorog-02-272x182.jpg 272w\" sizes=\"(max-width: 830px) 100vw, 830px\" \/><em>K\u00fczdelmes jelenet a 2-2-re v\u00e9gz\u0151d\u00f6tt Buda\u00f6rs-Dorog tal\u00e1lkoz\u00f3n, 2017 augusztus\u00e1ban (forr\u00e1s: BFC1924)<\/em><\/p>\n<p>H\u00fasv\u00e9tvas\u00e1rnap a Buda\u00f6rs l\u00e1tja vend\u00e9g\u00fcl a mieinket, amely a legut\u00f3bbi fordul\u00f3ban g\u00f3l-gazdag m\u00e9rk\u0151z\u00e9st j\u00e1tszott Soroks\u00e1ron. Sok\u00e1ig \u00fagy t\u0171nt, hogy alaposan meglepik a massz\u00edv \u00e9s f\u0151leg otthon igen j\u00f3l szerepl\u0151 vet\u00e9lyt\u00e1rsukat. 4-1-re elh\u00faztak a hazaiakt\u00f3l, \u00e1m a m\u00e1sodik f\u00e9lid\u0151 k\u00f6zep\u00e9t\u0151l a nagy hajr\u00e1t nyit\u00f3 Soroks\u00e1r el\u0151bb faragni kezdte h\u00e1tr\u00e1ny\u00e1t, majd ki is egyenl\u00edtett, v\u00e9g\u00fcl a r\u00e1ad\u00e1s perceiben a maga jav\u00e1ra ford\u00edtotta az eredm\u00e9nyt \u00e9s nyert 5-4-re. A Pest megyei alakulat nincs t\u00fal j\u00f3 sz\u00e9ri\u00e1ban, amely november v\u00e9g\u00e9n gy\u0151z\u00f6tt utolj\u00e1ra. \u00c9ppen ez\u00e9rt is \u00edg\u00e9rkezik nagyon harap\u00f3s ellenf\u00e9lnek, hiszen szeretn\u00e9k v\u00e9gre megt\u00f6rni a nyeretlens\u00e9gi sorozatukat. R\u00e1ad\u00e1sul a Buda\u00f6rs vend\u00e9gek\u00e9nt csak egyszer siker\u00fclt pontot szerezn\u00fcnk, m\u00e9gpedig n\u00e9gy \u00e9ve, egy 2-2-es d\u00f6ntetlennel. A legut\u00f3bbi egym\u00e1s elleni tal\u00e1lkoz\u00f3nk sor\u00e1n &#8211; \u00e9ppen kerek f\u00e9l \u00e9ve -, tavaly okt\u00f3ber 4-\u00e9n sim\u00e1n kaptunk ki t\u0151l\u00fck 2-0-ra Dorogon.<\/p>\n<p><strong><em>A k\u00e9t csapat eddig 18 alkalommal k\u00fczd\u00f6tt meg egym\u00e1s ellen, ahol 4 dorogi gy\u0151zelem, 2 d\u00f6ntetlen, 12 veres\u00e9g;&nbsp; 23:35-\u00f6s g\u00f3lar\u00e1nnyal sz\u00fcletett.<\/em><\/strong><\/p>\n<p><strong><em>Idegenbeli m\u00e9rleg\u00fcnk egyenesen les\u00fajt\u00f3: 8 m\u00e9rk\u0151z\u00e9sen 1 d\u00f6ntetlen, 7 veres\u00e9g, 7:22-es g\u00f3lar\u00e1nnyal.<\/em><\/strong><\/p>\n<p>A mutatott \u00f6sszes\u00edt\u0151 mellett tov\u00e1bbi balj\u00f3s el\u0151jel, hogy tavaly pont a Buda\u00f6rs elleni m\u00e9rk\u0151z\u00e9ssel indult a csapat zuhan\u00f3rep\u00fcl\u00e9se. A 10. fordul\u00f3ig a k\u00f6z\u00e9pmez\u0151ny els\u0151 fel\u00e9t er\u0151s\u00edtve stabilan \u00e1lltunk, majd a Buda\u00f6rst\u0151l elszenvedett hazai veres\u00e9get k\u00f6vet\u0151en eg\u00e9szen a kies\u0151helyig zuhantunk. Szint\u00e9n a kedvez\u0151tlen kil\u00e1t\u00e1sokat er\u0151s\u00edti, hogy n\u00e9gy \u00e9ve a 8 m\u00e9rk\u0151z\u00e9sen \u00e1t, kapott g\u00f3l n\u00e9lk\u00fcl tart\u00f3 veretlens\u00e9gi sorozatunk is \u00e9ppen ellen\u00fck szakadt meg. Pedig az els\u0151 j\u00e1t\u00e9kr\u00e9szben nem csak j\u00f3l j\u00e1tszott \u00e9s ir\u00e1ny\u00edtott a csapatunk, de 1-0-\u00e1s vezet\u00e9ssel fordultak a felek \u00fagy, hogy a f\u00e9lid\u0151 v\u00e9g\u00e9n m\u00e9g kapuf\u00e1t is r\u00fagtunk. A folytat\u00e1sban viszont 5 percen bel\u00fcl k\u00e9t g\u00f3lt szerezve ford\u00edtott a Pest megyei g\u00e1rda, mi pedig rohanhattunk az eredm\u00e9ny ut\u00e1n, azonban nem siker\u00fclt egyenl\u00edteni \u00e9s 2-1-es veres\u00e9g lett a v\u00e9ge. Ez\u00e9rt is volna most nagy fegyvert\u00e9ny, ha siker\u00fclne legal\u00e1bb egy d\u00f6ntetlent el\u00e9rni. A buda\u00f6rsiek mindig felv\u00e1llalj\u00e1k a ny\u00edlt sisakos j\u00e1t\u00e9kot, t\u00e1mad\u00f3 \u00e9s g\u00f3lra t\u00f6r\u0151 j\u00e1t\u00e9k jellemzi \u0151ket. Csak k\u00e9t csapat l\u0151tt t\u00f6bb g\u00f3lt n\u00e1luk a teljes mez\u0151nyb\u0151l, igaz, h\u00e1tul \u00e9ppen olyan sebezhet\u0151ek, s egyben az egyik legt\u00f6bb g\u00f3lt kap\u00f3 csapat. A gyatr\u00e1bbra siker\u00fclt elm\u00falt h\u00f3napok eredm\u00e9nyei ellen\u00e9re is magabiztosan \u00e1llnak jelenleg a 9. helyen. Egy esetleges d\u00f6ntetlenhez is felt\u00e9tlen g\u00f3lt kellene szerezn\u00fcnk, mert aligha hozhat\u00f3 0-0-ra a m\u00e9rk\u0151z\u00e9s. Minden bizonnyal nagy taktikai csata is v\u00e1rhat\u00f3, azonban a t\u00falzott \u00f3vatoss\u00e1g \u00f6nvesz\u00e9lyes lehet. Amennyiben t\u00fals\u00e1gosan magunkra h\u00fazzuk az ellenfelet, \u00fagy sok j\u00f3ra nem sz\u00e1m\u00edthatunk. A csapategys\u00e9g \u00e9s a lelkesed\u00e9s ez\u00fattal \u00f6nmag\u00e1ban kev\u00e9snek \u00edg\u00e9rkezik. Gyors, pontos kontr\u00e1kkal \u00e9s koncentr\u00e1lt helyzetkihaszn\u00e1l\u00e1ssal lehetne keresnival\u00f3nk. Nem csak az idei sz\u00e9p sorozatunk megtart\u00e1sa miatt fontos az eredm\u00e9ny, hiszen minden egyes megszerzett pont nagyon sokat nyomhat a latba az elsz\u00e1mol\u00e1sn\u00e1l. A tal\u00e1lkoz\u00f3 k\u00fcl\u00f6n \u00e9rdekess\u00e9ge, hogy jelenleg mindk\u00e9t csapat az ideiglenes otthon\u00e1ban j\u00e1tszik, noha a Buda\u00f6rsnek a tatab\u00e1nyai helysz\u00edn lassan t\u00e9nyleg igazi hazai p\u00e1ly\u00e1v\u00e1 alakult, hiszen a buda\u00f6rsi stadion fel\u00faj\u00edt\u00e1sa k\u00f6r\u00fcl kialakult \u00e1ldatlan \u00e1llapot miatt, hossz\u00fa \u00e9vek \u00f3ta itt szerepelnek.<\/p>\n<p><strong><em>Ez\u00faton szeretn\u00e9k meghitt, \u00e1ldott H\u00fasv\u00e9tot k\u00edv\u00e1nni a Dorogi FC minden tagj\u00e1nak \u00e9s szurkol\u00f3j\u00e1nak, tov\u00e1bb\u00e1 valamennyi kedves Olvas\u00f3nak!<\/em><\/strong><\/p>\n<p><em>Szab\u00f3 Gyula<\/em><\/p>\n","protected":false},"excerpt":{"rendered":"<p>A v\u00e1logatott vil\u00e1gbajnoki-selejtez\u0151i miatt h\u00e1rom h\u00e9ten \u00e1t sz\u00fcnetelt a bajnoks\u00e1g. Csapatunk a legut\u00f3bbi fordul\u00f3ban szerzett \u00fajabb \u00e9rt\u00e9kes pontj\u00e1val imm\u00e1r nyolc m\u00e9rk\u0151z\u00e9s \u00f3ta veretlen. H\u00fasv\u00e9tvas\u00e1rnap a Buda\u00f6rs vend\u00e9gek\u00e9nt l\u00e9pnek p\u00e1ly\u00e1ra, ahol minden szempontb\u00f3l nagyon neh\u00e9z tal\u00e1lkoz\u00f3 v\u00e1r r\u00e1juk Tatab\u00e1ny\u00e1n, \u00e1prilis 4-\u00e9n 16:30 \u00f3rai kezdettel, a Grosics Gyula stadionban &#8211; Szab\u00f3 Gyula cikke. M\u00e1rcius 14-\u00e9n ker\u00fclt sor<\/p>\n","protected":false},"author":1,"featured_media":31558,"comment_status":"closed","ping_status":"closed","sticky":false,"template":"","format":"standard","meta":{"ngg_post_thumbnail":0,"footnotes":""},"categories":[2,3,5],"tags":[853,15,37,70,69,72,263,16],"class_list":{"0":"post-31557","1":"post","2":"type-post","3":"status-publish","4":"format-standard","5":"has-post-thumbnail","7":"category-dorog","8":"category-hirek","9":"category-sport","10":"tag-budaors","11":"tag-dorog","12":"tag-dorogi-fc","13":"tag-foci","14":"tag-futball","15":"tag-labdarugas","16":"tag-nb-ii","17":"tag-sport"},"yoast_head":"<!-- This site is optimized with the Yoast SEO plugin v27.4 - https:\/\/yoast.com\/product\/yoast-seo-wordpress\/ -->\n<title>H\u00e1rom hetes sz\u00fcnet ut\u00e1n a 30. fordul\u00f3val folytat\u00f3dik a bajnoks\u00e1g<\/title>\n<meta name=\"robots\" content=\"index, follow, max-snippet:-1, max-image-preview:large, max-video-preview:-1\" \/>\n<link rel=\"canonical\" href=\"https:\/\/dorogimedence.hu\/index.php\/2021\/04\/03\/harom-hetes-szunet-utan-a-30-forduloval-folytatodik-a-bajnoksag\/\" class=\"yoast-seo-meta-tag\" \/>\n<meta property=\"og:locale\" content=\"hu_HU\" class=\"yoast-seo-meta-tag\" \/>\n<meta property=\"og:type\" content=\"article\" class=\"yoast-seo-meta-tag\" \/>\n<meta property=\"og:title\" content=\"H\u00e1rom hetes sz\u00fcnet ut\u00e1n a 30. fordul\u00f3val folytat\u00f3dik a bajnoks\u00e1g\" class=\"yoast-seo-meta-tag\" \/>\n<meta property=\"og:description\" content=\"A v\u00e1logatott vil\u00e1gbajnoki-selejtez\u0151i miatt h\u00e1rom h\u00e9ten \u00e1t sz\u00fcnetelt a bajnoks\u00e1g. Csapatunk a legut\u00f3bbi fordul\u00f3ban szerzett \u00fajabb \u00e9rt\u00e9kes pontj\u00e1val imm\u00e1r nyolc m\u00e9rk\u0151z\u00e9s \u00f3ta veretlen. H\u00fasv\u00e9tvas\u00e1rnap a Buda\u00f6rs vend\u00e9gek\u00e9nt l\u00e9pnek p\u00e1ly\u00e1ra, ahol minden szempontb\u00f3l nagyon neh\u00e9z tal\u00e1lkoz\u00f3 v\u00e1r r\u00e1juk Tatab\u00e1ny\u00e1n, \u00e1prilis 4-\u00e9n 16:30 \u00f3rai kezdettel, a Grosics Gyula stadionban &#8211; Szab\u00f3 Gyula cikke. M\u00e1rcius 14-\u00e9n ker\u00fclt sor\" class=\"yoast-seo-meta-tag\" \/>\n<meta property=\"og:url\" content=\"https:\/\/dorogimedence.hu\/index.php\/2021\/04\/03\/harom-hetes-szunet-utan-a-30-forduloval-folytatodik-a-bajnoksag\/\" class=\"yoast-seo-meta-tag\" \/>\n<meta property=\"og:site_name\" content=\"Dorogi-medence Region\u00e1lis H\u00edrport\u00e1l\" class=\"yoast-seo-meta-tag\" \/>\n<meta property=\"article:publisher\" content=\"https:\/\/www.facebook.com\/dorogimedence\/\" class=\"yoast-seo-meta-tag\" \/>\n<meta property=\"article:published_time\" content=\"2021-04-03T05:03:38+00:00\" class=\"yoast-seo-meta-tag\" \/>\n<meta property=\"article:modified_time\" content=\"2021-04-03T05:14:06+00:00\" class=\"yoast-seo-meta-tag\" \/>\n<meta property=\"og:image\" content=\"https:\/\/i0.wp.com\/dorogimedence.hu\/wp-content\/uploads\/2021\/04\/budaors-dorog.jpg?fit=830%2C450&ssl=1\" class=\"yoast-seo-meta-tag\" \/>\n\t<meta property=\"og:image:width\" content=\"830\" class=\"yoast-seo-meta-tag\" \/>\n\t<meta property=\"og:image:height\" content=\"450\" class=\"yoast-seo-meta-tag\" \/>\n\t<meta property=\"og:image:type\" content=\"image\/jpeg\" class=\"yoast-seo-meta-tag\" \/>\n<meta name=\"author\" content=\"dorogimedence.hu\" class=\"yoast-seo-meta-tag\" \/>\n<meta name=\"twitter:card\" content=\"summary_large_image\" class=\"yoast-seo-meta-tag\" \/>\n<meta name=\"twitter:label1\" content=\"Szerz\u0151:\" class=\"yoast-seo-meta-tag\" \/>\n\t<meta name=\"twitter:data1\" content=\"dorogimedence.hu\" class=\"yoast-seo-meta-tag\" \/>\n\t<meta name=\"twitter:label2\" content=\"Becs\u00fclt olvas\u00e1si id\u0151\" class=\"yoast-seo-meta-tag\" \/>\n\t<meta name=\"twitter:data2\" content=\"8 perc\" class=\"yoast-seo-meta-tag\" \/>\n<script type=\"application\/ld+json\" class=\"yoast-schema-graph\">{\"@context\":\"https:\\\/\\\/schema.org\",\"@graph\":[{\"@type\":\"Article\",\"@id\":\"https:\\\/\\\/dorogimedence.hu\\\/index.php\\\/2021\\\/04\\\/03\\\/harom-hetes-szunet-utan-a-30-forduloval-folytatodik-a-bajnoksag\\\/#article\",\"isPartOf\":{\"@id\":\"https:\\\/\\\/dorogimedence.hu\\\/index.php\\\/2021\\\/04\\\/03\\\/harom-hetes-szunet-utan-a-30-forduloval-folytatodik-a-bajnoksag\\\/\"},\"author\":{\"name\":\"dorogimedence.hu\",\"@id\":\"https:\\\/\\\/dorogimedence.hu\\\/#\\\/schema\\\/person\\\/ce6091eeb7e95ecdc87890d6aa8e0fd4\"},\"headline\":\"H\u00e1rom hetes sz\u00fcnet ut\u00e1n a 30. fordul\u00f3val folytat\u00f3dik a bajnoks\u00e1g\",\"datePublished\":\"2021-04-03T05:03:38+00:00\",\"dateModified\":\"2021-04-03T05:14:06+00:00\",\"mainEntityOfPage\":{\"@id\":\"https:\\\/\\\/dorogimedence.hu\\\/index.php\\\/2021\\\/04\\\/03\\\/harom-hetes-szunet-utan-a-30-forduloval-folytatodik-a-bajnoksag\\\/\"},\"wordCount\":1648,\"publisher\":{\"@id\":\"https:\\\/\\\/dorogimedence.hu\\\/#organization\"},\"image\":{\"@id\":\"https:\\\/\\\/dorogimedence.hu\\\/index.php\\\/2021\\\/04\\\/03\\\/harom-hetes-szunet-utan-a-30-forduloval-folytatodik-a-bajnoksag\\\/#primaryimage\"},\"thumbnailUrl\":\"https:\\\/\\\/dorogimedence.hu\\\/wp-content\\\/uploads\\\/2021\\\/04\\\/budaors-dorog.jpg\",\"keywords\":[\"Buda\u00f6rs\",\"Dorog\",\"Dorogi FC\",\"foci\",\"futball\",\"labdar\u00fag\u00e1s\",\"NB II\",\"sport\"],\"articleSection\":[\"Dorog\",\"H\u00edrek\",\"Sport\"],\"inLanguage\":\"hu\"},{\"@type\":\"WebPage\",\"@id\":\"https:\\\/\\\/dorogimedence.hu\\\/index.php\\\/2021\\\/04\\\/03\\\/harom-hetes-szunet-utan-a-30-forduloval-folytatodik-a-bajnoksag\\\/\",\"url\":\"https:\\\/\\\/dorogimedence.hu\\\/index.php\\\/2021\\\/04\\\/03\\\/harom-hetes-szunet-utan-a-30-forduloval-folytatodik-a-bajnoksag\\\/\",\"name\":\"H\u00e1rom hetes sz\u00fcnet ut\u00e1n a 30. fordul\u00f3val folytat\u00f3dik a bajnoks\u00e1g\",\"isPartOf\":{\"@id\":\"https:\\\/\\\/dorogimedence.hu\\\/#website\"},\"primaryImageOfPage\":{\"@id\":\"https:\\\/\\\/dorogimedence.hu\\\/index.php\\\/2021\\\/04\\\/03\\\/harom-hetes-szunet-utan-a-30-forduloval-folytatodik-a-bajnoksag\\\/#primaryimage\"},\"image\":{\"@id\":\"https:\\\/\\\/dorogimedence.hu\\\/index.php\\\/2021\\\/04\\\/03\\\/harom-hetes-szunet-utan-a-30-forduloval-folytatodik-a-bajnoksag\\\/#primaryimage\"},\"thumbnailUrl\":\"https:\\\/\\\/dorogimedence.hu\\\/wp-content\\\/uploads\\\/2021\\\/04\\\/budaors-dorog.jpg\",\"datePublished\":\"2021-04-03T05:03:38+00:00\",\"dateModified\":\"2021-04-03T05:14:06+00:00\",\"breadcrumb\":{\"@id\":\"https:\\\/\\\/dorogimedence.hu\\\/index.php\\\/2021\\\/04\\\/03\\\/harom-hetes-szunet-utan-a-30-forduloval-folytatodik-a-bajnoksag\\\/#breadcrumb\"},\"inLanguage\":\"hu\",\"potentialAction\":[{\"@type\":\"ReadAction\",\"target\":[\"https:\\\/\\\/dorogimedence.hu\\\/index.php\\\/2021\\\/04\\\/03\\\/harom-hetes-szunet-utan-a-30-forduloval-folytatodik-a-bajnoksag\\\/\"]}]},{\"@type\":\"ImageObject\",\"inLanguage\":\"hu\",\"@id\":\"https:\\\/\\\/dorogimedence.hu\\\/index.php\\\/2021\\\/04\\\/03\\\/harom-hetes-szunet-utan-a-30-forduloval-folytatodik-a-bajnoksag\\\/#primaryimage\",\"url\":\"https:\\\/\\\/dorogimedence.hu\\\/wp-content\\\/uploads\\\/2021\\\/04\\\/budaors-dorog.jpg\",\"contentUrl\":\"https:\\\/\\\/dorogimedence.hu\\\/wp-content\\\/uploads\\\/2021\\\/04\\\/budaors-dorog.jpg\",\"width\":830,\"height\":450},{\"@type\":\"BreadcrumbList\",\"@id\":\"https:\\\/\\\/dorogimedence.hu\\\/index.php\\\/2021\\\/04\\\/03\\\/harom-hetes-szunet-utan-a-30-forduloval-folytatodik-a-bajnoksag\\\/#breadcrumb\",\"itemListElement\":[{\"@type\":\"ListItem\",\"position\":1,\"name\":\"Kezd\u0151lap\",\"item\":\"https:\\\/\\\/dorogimedence.hu\\\/\"},{\"@type\":\"ListItem\",\"position\":2,\"name\":\"H\u00e1rom hetes sz\u00fcnet ut\u00e1n a 30. fordul\u00f3val folytat\u00f3dik a bajnoks\u00e1g\"}]},{\"@type\":\"WebSite\",\"@id\":\"https:\\\/\\\/dorogimedence.hu\\\/#website\",\"url\":\"https:\\\/\\\/dorogimedence.hu\\\/\",\"name\":\"Dorogi-medence Region\u00e1lis H\u00edrport\u00e1l\",\"description\":\"Dorog, Keszt\u00f6lc, Le\u00e1nyv\u00e1r, Piliscs\u00e9v, Tokod, Tokodalt\u00e1r\u00f3, Csolnok, Esztergom-kertv\u00e1ros: h\u00edrek, programok\",\"publisher\":{\"@id\":\"https:\\\/\\\/dorogimedence.hu\\\/#organization\"},\"potentialAction\":[{\"@type\":\"SearchAction\",\"target\":{\"@type\":\"EntryPoint\",\"urlTemplate\":\"https:\\\/\\\/dorogimedence.hu\\\/?s={search_term_string}\"},\"query-input\":{\"@type\":\"PropertyValueSpecification\",\"valueRequired\":true,\"valueName\":\"search_term_string\"}}],\"inLanguage\":\"hu\"},{\"@type\":\"Organization\",\"@id\":\"https:\\\/\\\/dorogimedence.hu\\\/#organization\",\"name\":\"Dorogi-medence Region\u00e1lis H\u00edrport\u00e1l\",\"url\":\"https:\\\/\\\/dorogimedence.hu\\\/\",\"logo\":{\"@type\":\"ImageObject\",\"inLanguage\":\"hu\",\"@id\":\"https:\\\/\\\/dorogimedence.hu\\\/#\\\/schema\\\/logo\\\/image\\\/\",\"url\":\"https:\\\/\\\/dorogimedence.hu\\\/wp-content\\\/uploads\\\/2021\\\/04\\\/logo-feher-600.png\",\"contentUrl\":\"https:\\\/\\\/dorogimedence.hu\\\/wp-content\\\/uploads\\\/2021\\\/04\\\/logo-feher-600.png\",\"width\":600,\"height\":100,\"caption\":\"Dorogi-medence Region\u00e1lis H\u00edrport\u00e1l\"},\"image\":{\"@id\":\"https:\\\/\\\/dorogimedence.hu\\\/#\\\/schema\\\/logo\\\/image\\\/\"},\"sameAs\":[\"https:\\\/\\\/www.facebook.com\\\/dorogimedence\\\/\"]},{\"@type\":\"Person\",\"@id\":\"https:\\\/\\\/dorogimedence.hu\\\/#\\\/schema\\\/person\\\/ce6091eeb7e95ecdc87890d6aa8e0fd4\",\"name\":\"dorogimedence.hu\",\"image\":{\"@type\":\"ImageObject\",\"inLanguage\":\"hu\",\"@id\":\"\\\/\\\/www.gravatar.com\\\/avatar\\\/d8d45f8901aadff40a4af72c0b826f1d?s=96&#038;r=g&#038;d=mm\",\"url\":\"\\\/\\\/www.gravatar.com\\\/avatar\\\/d8d45f8901aadff40a4af72c0b826f1d?s=96&#038;r=g&#038;d=mm\",\"contentUrl\":\"\\\/\\\/www.gravatar.com\\\/avatar\\\/d8d45f8901aadff40a4af72c0b826f1d?s=96&#038;r=g&#038;d=mm\",\"caption\":\"dorogimedence.hu\"}}]}<\/script>\n<!-- \/ Yoast SEO plugin. -->","yoast_head_json":{"title":"H\u00e1rom hetes sz\u00fcnet ut\u00e1n a 30. fordul\u00f3val folytat\u00f3dik a bajnoks\u00e1g","robots":{"index":"index","follow":"follow","max-snippet":"max-snippet:-1","max-image-preview":"max-image-preview:large","max-video-preview":"max-video-preview:-1"},"canonical":"https:\/\/dorogimedence.hu\/index.php\/2021\/04\/03\/harom-hetes-szunet-utan-a-30-forduloval-folytatodik-a-bajnoksag\/","og_locale":"hu_HU","og_type":"article","og_title":"H\u00e1rom hetes sz\u00fcnet ut\u00e1n a 30. fordul\u00f3val folytat\u00f3dik a bajnoks\u00e1g","og_description":"A v\u00e1logatott vil\u00e1gbajnoki-selejtez\u0151i miatt h\u00e1rom h\u00e9ten \u00e1t sz\u00fcnetelt a bajnoks\u00e1g. Csapatunk a legut\u00f3bbi fordul\u00f3ban szerzett \u00fajabb \u00e9rt\u00e9kes pontj\u00e1val imm\u00e1r nyolc m\u00e9rk\u0151z\u00e9s \u00f3ta veretlen. H\u00fasv\u00e9tvas\u00e1rnap a Buda\u00f6rs vend\u00e9gek\u00e9nt l\u00e9pnek p\u00e1ly\u00e1ra, ahol minden szempontb\u00f3l nagyon neh\u00e9z tal\u00e1lkoz\u00f3 v\u00e1r r\u00e1juk Tatab\u00e1ny\u00e1n, \u00e1prilis 4-\u00e9n 16:30 \u00f3rai kezdettel, a Grosics Gyula stadionban &#8211; Szab\u00f3 Gyula cikke. M\u00e1rcius 14-\u00e9n ker\u00fclt sor","og_url":"https:\/\/dorogimedence.hu\/index.php\/2021\/04\/03\/harom-hetes-szunet-utan-a-30-forduloval-folytatodik-a-bajnoksag\/","og_site_name":"Dorogi-medence Region\u00e1lis H\u00edrport\u00e1l","article_publisher":"https:\/\/www.facebook.com\/dorogimedence\/","article_published_time":"2021-04-03T05:03:38+00:00","article_modified_time":"2021-04-03T05:14:06+00:00","og_image":[{"width":830,"height":450,"url":"https:\/\/i0.wp.com\/dorogimedence.hu\/wp-content\/uploads\/2021\/04\/budaors-dorog.jpg?fit=830%2C450&ssl=1","type":"image\/jpeg"}],"author":"dorogimedence.hu","twitter_card":"summary_large_image","twitter_misc":{"Szerz\u0151:":"dorogimedence.hu","Becs\u00fclt olvas\u00e1si id\u0151":"8 perc"},"schema":{"@context":"https:\/\/schema.org","@graph":[{"@type":"Article","@id":"https:\/\/dorogimedence.hu\/index.php\/2021\/04\/03\/harom-hetes-szunet-utan-a-30-forduloval-folytatodik-a-bajnoksag\/#article","isPartOf":{"@id":"https:\/\/dorogimedence.hu\/index.php\/2021\/04\/03\/harom-hetes-szunet-utan-a-30-forduloval-folytatodik-a-bajnoksag\/"},"author":{"name":"dorogimedence.hu","@id":"https:\/\/dorogimedence.hu\/#\/schema\/person\/ce6091eeb7e95ecdc87890d6aa8e0fd4"},"headline":"H\u00e1rom hetes sz\u00fcnet ut\u00e1n a 30. fordul\u00f3val folytat\u00f3dik a bajnoks\u00e1g","datePublished":"2021-04-03T05:03:38+00:00","dateModified":"2021-04-03T05:14:06+00:00","mainEntityOfPage":{"@id":"https:\/\/dorogimedence.hu\/index.php\/2021\/04\/03\/harom-hetes-szunet-utan-a-30-forduloval-folytatodik-a-bajnoksag\/"},"wordCount":1648,"publisher":{"@id":"https:\/\/dorogimedence.hu\/#organization"},"image":{"@id":"https:\/\/dorogimedence.hu\/index.php\/2021\/04\/03\/harom-hetes-szunet-utan-a-30-forduloval-folytatodik-a-bajnoksag\/#primaryimage"},"thumbnailUrl":"https:\/\/dorogimedence.hu\/wp-content\/uploads\/2021\/04\/budaors-dorog.jpg","keywords":["Buda\u00f6rs","Dorog","Dorogi FC","foci","futball","labdar\u00fag\u00e1s","NB II","sport"],"articleSection":["Dorog","H\u00edrek","Sport"],"inLanguage":"hu"},{"@type":"WebPage","@id":"https:\/\/dorogimedence.hu\/index.php\/2021\/04\/03\/harom-hetes-szunet-utan-a-30-forduloval-folytatodik-a-bajnoksag\/","url":"https:\/\/dorogimedence.hu\/index.php\/2021\/04\/03\/harom-hetes-szunet-utan-a-30-forduloval-folytatodik-a-bajnoksag\/","name":"H\u00e1rom hetes sz\u00fcnet ut\u00e1n a 30. fordul\u00f3val folytat\u00f3dik a bajnoks\u00e1g","isPartOf":{"@id":"https:\/\/dorogimedence.hu\/#website"},"primaryImageOfPage":{"@id":"https:\/\/dorogimedence.hu\/index.php\/2021\/04\/03\/harom-hetes-szunet-utan-a-30-forduloval-folytatodik-a-bajnoksag\/#primaryimage"},"image":{"@id":"https:\/\/dorogimedence.hu\/index.php\/2021\/04\/03\/harom-hetes-szunet-utan-a-30-forduloval-folytatodik-a-bajnoksag\/#primaryimage"},"thumbnailUrl":"https:\/\/dorogimedence.hu\/wp-content\/uploads\/2021\/04\/budaors-dorog.jpg","datePublished":"2021-04-03T05:03:38+00:00","dateModified":"2021-04-03T05:14:06+00:00","breadcrumb":{"@id":"https:\/\/dorogimedence.hu\/index.php\/2021\/04\/03\/harom-hetes-szunet-utan-a-30-forduloval-folytatodik-a-bajnoksag\/#breadcrumb"},"inLanguage":"hu","potentialAction":[{"@type":"ReadAction","target":["https:\/\/dorogimedence.hu\/index.php\/2021\/04\/03\/harom-hetes-szunet-utan-a-30-forduloval-folytatodik-a-bajnoksag\/"]}]},{"@type":"ImageObject","inLanguage":"hu","@id":"https:\/\/dorogimedence.hu\/index.php\/2021\/04\/03\/harom-hetes-szunet-utan-a-30-forduloval-folytatodik-a-bajnoksag\/#primaryimage","url":"https:\/\/dorogimedence.hu\/wp-content\/uploads\/2021\/04\/budaors-dorog.jpg","contentUrl":"https:\/\/dorogimedence.hu\/wp-content\/uploads\/2021\/04\/budaors-dorog.jpg","width":830,"height":450},{"@type":"BreadcrumbList","@id":"https:\/\/dorogimedence.hu\/index.php\/2021\/04\/03\/harom-hetes-szunet-utan-a-30-forduloval-folytatodik-a-bajnoksag\/#breadcrumb","itemListElement":[{"@type":"ListItem","position":1,"name":"Kezd\u0151lap","item":"https:\/\/dorogimedence.hu\/"},{"@type":"ListItem","position":2,"name":"H\u00e1rom hetes sz\u00fcnet ut\u00e1n a 30. fordul\u00f3val folytat\u00f3dik a bajnoks\u00e1g"}]},{"@type":"WebSite","@id":"https:\/\/dorogimedence.hu\/#website","url":"https:\/\/dorogimedence.hu\/","name":"Dorogi-medence Region\u00e1lis H\u00edrport\u00e1l","description":"Dorog, Keszt\u00f6lc, Le\u00e1nyv\u00e1r, Piliscs\u00e9v, Tokod, Tokodalt\u00e1r\u00f3, Csolnok, Esztergom-kertv\u00e1ros: h\u00edrek, programok","publisher":{"@id":"https:\/\/dorogimedence.hu\/#organization"},"potentialAction":[{"@type":"SearchAction","target":{"@type":"EntryPoint","urlTemplate":"https:\/\/dorogimedence.hu\/?s={search_term_string}"},"query-input":{"@type":"PropertyValueSpecification","valueRequired":true,"valueName":"search_term_string"}}],"inLanguage":"hu"},{"@type":"Organization","@id":"https:\/\/dorogimedence.hu\/#organization","name":"Dorogi-medence Region\u00e1lis H\u00edrport\u00e1l","url":"https:\/\/dorogimedence.hu\/","logo":{"@type":"ImageObject","inLanguage":"hu","@id":"https:\/\/dorogimedence.hu\/#\/schema\/logo\/image\/","url":"https:\/\/dorogimedence.hu\/wp-content\/uploads\/2021\/04\/logo-feher-600.png","contentUrl":"https:\/\/dorogimedence.hu\/wp-content\/uploads\/2021\/04\/logo-feher-600.png","width":600,"height":100,"caption":"Dorogi-medence Region\u00e1lis H\u00edrport\u00e1l"},"image":{"@id":"https:\/\/dorogimedence.hu\/#\/schema\/logo\/image\/"},"sameAs":["https:\/\/www.facebook.com\/dorogimedence\/"]},{"@type":"Person","@id":"https:\/\/dorogimedence.hu\/#\/schema\/person\/ce6091eeb7e95ecdc87890d6aa8e0fd4","name":"dorogimedence.hu","image":{"@type":"ImageObject","inLanguage":"hu","@id":"\/\/www.gravatar.com\/avatar\/d8d45f8901aadff40a4af72c0b826f1d?s=96&#038;r=g&#038;d=mm","url":"\/\/www.gravatar.com\/avatar\/d8d45f8901aadff40a4af72c0b826f1d?s=96&#038;r=g&#038;d=mm","contentUrl":"\/\/www.gravatar.com\/avatar\/d8d45f8901aadff40a4af72c0b826f1d?s=96&#038;r=g&#038;d=mm","caption":"dorogimedence.hu"}}]}},"_links":{"self":[{"href":"https:\/\/dorogimedence.hu\/index.php\/wp-json\/wp\/v2\/posts\/31557","targetHints":{"allow":["GET"]}}],"collection":[{"href":"https:\/\/dorogimedence.hu\/index.php\/wp-json\/wp\/v2\/posts"}],"about":[{"href":"https:\/\/dorogimedence.hu\/index.php\/wp-json\/wp\/v2\/types\/post"}],"author":[{"embeddable":true,"href":"https:\/\/dorogimedence.hu\/index.php\/wp-json\/wp\/v2\/users\/1"}],"replies":[{"embeddable":true,"href":"https:\/\/dorogimedence.hu\/index.php\/wp-json\/wp\/v2\/comments?post=31557"}],"version-history":[{"count":0,"href":"https:\/\/dorogimedence.hu\/index.php\/wp-json\/wp\/v2\/posts\/31557\/revisions"}],"wp:featuredmedia":[{"embeddable":true,"href":"https:\/\/dorogimedence.hu\/index.php\/wp-json\/wp\/v2\/media\/31558"}],"wp:attachment":[{"href":"https:\/\/dorogimedence.hu\/index.php\/wp-json\/wp\/v2\/media?parent=31557"}],"wp:term":[{"taxonomy":"category","embeddable":true,"href":"https:\/\/dorogimedence.hu\/index.php\/wp-json\/wp\/v2\/categories?post=31557"},{"taxonomy":"post_tag","embeddable":true,"href":"https:\/\/dorogimedence.hu\/index.php\/wp-json\/wp\/v2\/tags?post=31557"}],"curies":[{"name":"wp","href":"https:\/\/api.w.org\/{rel}","templated":true}]}}