{"id":31521,"date":"2021-04-01T09:39:11","date_gmt":"2021-04-01T07:39:11","guid":{"rendered":"http:\/\/dorogimedence.hu\/?p=31521"},"modified":"2021-04-01T09:39:18","modified_gmt":"2021-04-01T07:39:18","slug":"a-husveti-unnepekhez-igazitottak-a-menetrendet","status":"publish","type":"post","link":"https:\/\/dorogimedence.hu\/index.php\/2021\/04\/01\/a-husveti-unnepekhez-igazitottak-a-menetrendet\/","title":{"rendered":"A h\u00fasv\u00e9ti \u00fcnnepekhez igaz\u00edtott\u00e1k a menetrendet"},"content":{"rendered":"<p><strong>A M\u00c1V-Vol\u00e1nbusz-csoporthoz tartoz\u00f3 k\u00f6zleked\u00e9si t\u00e1rsas\u00e1gok \u2013 M\u00c1V-START, Vol\u00e1nbusz, M\u00c1V-H\u00c9V \u2013 a h\u00fasv\u00e9ti \u00fcnnepekhez igaz\u00edtott\u00e1k a j\u00e1ratok k\u00f6zleked\u00e9si rendj\u00e9t.<\/strong><\/p>\n<p>A j\u00e1rv\u00e1nyhelyzet miatt a k\u00f6zleked\u00e9si t\u00e1rsas\u00e1gok k\u00e9rik, hogy aki teheti, most halassza el utaz\u00e1s\u00e1t. Aki m\u00e9gis elindul, viseljen maszkot, a nem egy h\u00e1ztart\u00e1sban \u00e9l\u0151 utasok lehet\u0151s\u00e9g szerint tartsanak egym\u00e1st\u00f3l m\u00e1sf\u00e9l m\u00e9teres t\u00e1vols\u00e1got az \u00e1llom\u00e1sokon \u00e9s j\u00e1rm\u0171veken.<\/p>\n<p>A h\u00fasv\u00e9ti \u00fcnnepi forgalom ideje alatt a vonatok \u00e1prilis elsej\u00e9n a p\u00e9nteki, 2-\u00e1n a szombati, 3-\u00e1n \u00e9s 4-\u00e9n az \u00fcnnepnapi, 5-\u00e9n a vas\u00e1rnapi, 6-\u00e1n pedig m\u00e1r a munkanapi menetrend szerint k\u00f6zlekednek.<\/p>\n<p>\u00c9rdemes haszn\u00e1lni a jegy\u00e9rt\u00e9kes\u00edt\u0151 automat\u00e1kat 5 sz\u00e1zal\u00e9kos kedvezm\u00e9nnyel, vegy\u00e9k ig\u00e9nybe \u2013 10 sz\u00e1zal\u00e9kos kedvezm\u00e9nnyel \u2013 az&nbsp;<span style=\"text-decoration: underline; color: #0000ff;\"><a style=\"color: #0000ff; text-decoration: underline;\" tabindex=\"0\" href=\"https:\/\/www.mavcsoport.hu\/mav-start\/belfoldi-utazas\/vegye-meg-interneten-vonatjegyet\">online jegyv\u00e1s\u00e1rl\u00e1st<\/a><\/span>&nbsp;a&nbsp;<a tabindex=\"0\" href=\"https:\/\/jegy.mav.hu\/\"><span style=\"text-decoration: underline; color: #0000ff;\">meg\u00fajult Elvir\u00e1n<\/span><\/a>&nbsp;vagy a&nbsp;<a tabindex=\"0\" href=\"https:\/\/www.mavcsoport.hu\/mav-start\/belfoldi-utazas\/mav-applikacio-mindent-tudo-vasuti-utazastervezo\"><span style=\"text-decoration: underline; color: #0000ff;\">M\u00c1V applik\u00e1ci\u00f3ban<\/span><\/a>. A webes fel\u00fclet \u00e9s az applik\u00e1ci\u00f3 m\u00e1r k\u00f6z\u00f6s felhaszn\u00e1l\u00f3i fi\u00f3kkal haszn\u00e1lhat\u00f3. <strong>Az \u00f6nkiszolg\u00e1l\u00f3 csatorn\u00e1kon t\u00f6rt\u00e9n\u0151 jegyv\u00e1s\u00e1rl\u00e1s nem j\u00e1r szem\u00e9lyes \u00e9rintkez\u00e9ssel, ezzel az utasok cs\u00f6kkenthetik a fert\u0151z\u00e9s kock\u00e1zat\u00e1t.<\/strong> Az online v\u00e1s\u00e1rolt jegyeket ellen\u0151rz\u00e9skor bemutathatja az utas a M\u00c1V applik\u00e1ci\u00f3ban, de PDF form\u00e1tumban is kik\u00fcldi a rendszer, \u00edgy let\u00f6lthet\u0151, kinyomtathat\u00f3.<\/p>\n<p>A gyermekek, csal\u00e1dosok, tanul\u00f3k, di\u00e1k- \u00e9s feln\u0151tt csoportok, nyugd\u00edjasok is \u00e9lhetnek a szok\u00e1sos kedvezm\u00e9nyrendszerrel. A m\u00e1r nem tanul\u00f3 26 \u00e9ven aluliak a 33 sz\u00e1zal\u00e9kos h\u00e9tv\u00e9gi kedvezm\u00e9nyt \u00e1prilis 1-j\u00e9n 10 \u00f3r\u00e1t\u00f3l 5-\u00e9n 23:59-ig vehetik ig\u00e9nybe.<\/p>\n<p>\u00c1prilis 1-j\u00e9n tan\u00edt\u00e1si sz\u00fcnetes munkanapon, \u00e1prilis 2-\u00e1n (nagyp\u00e9ntek) munkasz\u00fcneti napon, \u00e1prilis 3-\u00e1n szabadnapon, h\u00fasv\u00e9t vas\u00e1rnap munkasz\u00fcneti napon, h\u00fasv\u00e9t h\u00e9tf\u0151n a h\u00e9t els\u0151 munkanapj\u00e1t megel\u0151z\u0151 munkasz\u00fcneti napon, \u00e1prilis 6-\u00e1n, kedden tan\u00edt\u00e1si sz\u00fcnetes munkanapon, a h\u00e9t els\u0151 munkanapj\u00e1n \u00e9rv\u00e9nyes menetrend szerint k\u00f6zlekednek a Vol\u00e1nbusz j\u00e1rm\u0171vei. Az \u00fcnnepi menetrenddel kapcsolatos r\u00e9szletes t\u00e1j\u00e9koztat\u00e1s az <a href=\"https:\/\/www.volanbusz.hu\/hu\/hirek\/hir\/36545\" target=\"_blank\" rel=\"noopener\"><span style=\"text-decoration: underline; color: #0000ff;\">al\u00e1bbi linken<\/span><\/a> \u00e9rhet\u0151 el.<\/p>\n<p>A j\u00e1rv\u00e1ny\u00fcgyi helyzet miatt egyes megy\u00e9kben, r\u00e9gi\u00f3kban tov\u00e1bbi korl\u00e1toz\u00e1sokkal k\u00f6zlekednek az aut\u00f3buszj\u00e1ratok, melyekr\u0151l a <a tabindex=\"0\" href=\"http:\/\/www.volanbusz.hu\/koronavirus\"><span style=\"text-decoration: underline; color: #0000ff;\">www.volanbusz.hu\/koronavirus<\/span><\/a>&nbsp;oldalon t\u00e1j\u00e9koz\u00f3dhatnak.&nbsp;A Vol\u00e1nbusz k\u00e9ri utasait, hogy helyk\u00f6zi utaz\u00e1sukat lehet\u0151s\u00e9g szerint tervezz\u00e9k meg a <a tabindex=\"0\" href=\"http:\/\/www.menetrendek.hu\/\" target=\"_blank\" rel=\"noopener\"><span style=\"text-decoration: underline; color: #0000ff;\">www.menetrendek.hu<\/span><\/a>&nbsp;oldalon. Egyes&nbsp; helyi j\u00e1ratok szint\u00e9n az \u00e1ltal\u00e1nos k\u00f6zleked\u00e9si rendt\u0151l elt\u00e9r\u0151en k\u00f6zlekedhetnek, melyekr\u0151l a t\u00e1rsas\u00e1g honlapj\u00e1n a&nbsp;<span style=\"text-decoration: underline; color: #0000ff;\"><a style=\"color: #0000ff; text-decoration: underline;\" tabindex=\"0\" href=\"https:\/\/www.volanbusz.hu\/hu\/menetrendek\/helyi-jaratok\">telep\u00fcl\u00e9sek aloldalain<\/a><\/span>&nbsp;\u00e9rhet\u0151k el inform\u00e1ci\u00f3k (<span style=\"text-decoration: underline; color: #0000ff;\"><a style=\"color: #0000ff; text-decoration: underline;\" tabindex=\"0\" href=\"http:\/\/www.volanbusz.hu\/telepulesnev\">www.volanbusz.hu\/telepulesnev<\/a><\/span>).<\/p>\n<p>A j\u00e1rv\u00e1ny\u00fcgyi helyzetre val\u00f3 tekintettel, az utasok \u00e9s az aut\u00f3busz-vezet\u0151k v\u00e9delm\u00e9ben \u00e9s a k\u00f6zszolg\u00e1ltat\u00e1s folyamatos fenntart\u00e1sa \u00e9rdek\u00e9ben a Vol\u00e1nbusz m\u00e1rcius 29-t\u0151l valamennyi j\u00e1rat\u00e1n felf\u00fcggesztette az els\u0151 ajt\u00f3s felsz\u00e1ll\u00e1st, a j\u00e1rm\u0171vezet\u0151ket pedig kordonnal hat\u00e1rolja el az utast\u00e9rt\u0151l. Az \u00e1llami tulajdon\u00fa k\u00f6zleked\u00e9si t\u00e1rsas\u00e1gok \u00f6sszehangolt, egys\u00e9ges m\u0171k\u00f6d\u00e9s\u00e9nek k\u00f6sz\u00f6nhet\u0151en az utasok a kor\u00e1bbi hasonl\u00f3 int\u00e9zked\u00e9sekhez k\u00e9pest t\u00f6bb lehet\u0151s\u00e9g\u00fck van megvenni jegy\u00fcket vagy b\u00e9rlet\u00fcket: a kordonoz\u00e1st k\u00f6vet\u0151en tov\u00e1bbra is el\u00e9rhet\u0151 csatorn\u00e1kon (p\u00e9nzt\u00e1rak, jegykiad\u00f3 automat\u00e1k,&nbsp;K\u00f6zleked\u00e9si Mobiljegy alkalmaz\u00e1s \u00e9s t\u00e1rsalkalmaz\u00e1sai), illetve a partnerekn\u00e9l a kor\u00e1bban megszokottak szerint zajlik az \u00e9rt\u00e9kes\u00edt\u00e9s. \u00dajdons\u00e1gk\u00e9nt a M\u00c1V-START p\u00e9nzt\u00e1raiban \u2013 orsz\u00e1gszerte k\u00f6zel 300 helysz\u00ednen \u2013 els\u0151 l\u00e9p\u00e9sben a helyk\u00f6zi \u00e1prilis havi b\u00e9rleteket lehet megv\u00e1s\u00e1rolni. Az int\u00e9zked\u00e9sek ideje alatt a t\u00e1rsas\u00e1g folyamatosan &nbsp;dolgozik tov\u00e1bbi \u00faj \u00e9rt\u00e9kes\u00edt\u00e9si csatorn\u00e1k bevon\u00e1s\u00e1n.<\/p>\n<p>A H5-\u00f6s H\u00c9V \u00e1prilis 1-j\u00e9n a tan\u00edt\u00e1si sz\u00fcnetben p\u00e9nteken \u00e9rv\u00e9nyes menetrend szerint, a hossz\u00fa h\u00e9tv\u00e9g\u00e9n (\u00e1prilis 2-5.) pedig a szombaton \u00e9s munkasz\u00fcneti napokon \u00e9rv\u00e9nyes menetrend szerint k\u00f6zlekedik. \u00c1prilis 6-\u00e1n a tan\u00edt\u00e1si sz\u00fcnetben h\u00e9tf\u0151t\u0151l cs\u00fct\u00f6rt\u00f6kig \u00e9rv\u00e9nyes menetrend, ezt k\u00f6vet\u0151en pedig a tan\u00edt\u00e1si id\u0151szaki menetrend lesz \u00e9rv\u00e9nyben.<\/p>\n<p>A H6-os, a H8-as \u00e9s a H9-es H\u00c9V-vonalon \u00e1prilis 1-j\u00e9n a munkanapi, a hossz\u00fa h\u00e9tv\u00e9g\u00e9n (\u00e1prilis 2-5.) a szombati \u00e9s munkasz\u00fcneti napi, \u00e1prilis 6-\u00e1t\u00f3l ism\u00e9t a munkanapi menetrend lesz \u00e9rv\u00e9nyben.<\/p>\n<p>A H7-es p\u00f3tl\u00f3busz \u00e9s a H7-es H\u00c9V \u00e1prilis 1-j\u00e9n a tan\u00edt\u00e1si sz\u00fcnetben munkanapokon \u00e9rv\u00e9nyes menetrend szerint j\u00e1r. \u00c1prilis 2-\u00e1n a munkasz\u00fcneti napokra, 3-\u00e1n a szombatra, 4-\u00e9n \u00e9s 5-\u00e9n ism\u00e9t a munkasz\u00fcneti napokra vonatkoz\u00f3 menetrend szerint k\u00f6zlekednek ezek a j\u00e1ratok. \u00c1prilis 6-\u00e1n a tan\u00edt\u00e1si sz\u00fcnetben munkanapokon \u00e9rv\u00e9nyes menetrend, ut\u00e1na ism\u00e9t a tan\u00edt\u00e1si id\u0151szaki menetrend lesz \u00e9rv\u00e9nyben.<\/p>\n<p>A H\u00c9V-ek menetrendje a <span style=\"text-decoration: underline; color: #0000ff;\"><a style=\"color: #0000ff; text-decoration: underline;\" tabindex=\"0\" href=\"https:\/\/bkk.hu\/menetrendek\/#h%C3%A9v\">bkk.hu\/menetrendek<\/a><\/span> oldalon tal\u00e1lhat\u00f3 meg, az utaz\u00e1s d\u00e1tum\u00e1nak \u00e9s id\u0151pontj\u00e1nak megad\u00e1s\u00e1val pedig a BKK FUT\u00c1R utaz\u00e1stervez\u0151ben (<a tabindex=\"0\" href=\"https:\/\/\/C:\/Users\/kavaleczi\/Desktop\/futar.bkk.hu\"><span style=\"text-decoration: underline; color: #0000ff;\">futar.bkk.hu<\/span><\/a>) is lek\u00e9rdezhet\u0151.<\/p>\n<p>A k\u00f6zleked\u00e9si t\u00e1rsas\u00e1gok tov\u00e1bbra is k\u00e9rik az utasokat, tarts\u00e1k be a k\u00f6zeg\u00e9szs\u00e9g\u00fcgyi el\u0151\u00edr\u00e1sokat. Az \u00e1llom\u00e1sok, meg\u00e1ll\u00f3k ter\u00fclet\u00e9n, a vas\u00fati j\u00e1rm\u0171veken, buszokon tov\u00e1bbra is k\u00f6telez\u0151 az utaz\u00e1s teljes id\u0151tartama alatt az orrot \u00e9s sz\u00e1jat eltakar\u00f3 maszkot viselni. Akik ezt a szab\u00e1lyt megszegik, kiz\u00e1rhat\u00f3k az utaz\u00e1sb\u00f3l, \u00e9s 8000 forint p\u00f3td\u00edjat kell fizetni\u00fck.<\/p>\n<p><strong>Eml\u00e9keztet\u0151\u00fcl: \u00e1prilis 7-ig \u00e9rv\u00e9nyesek a M\u00c1V-START \u00e9s a Vol\u00e1nbusz j\u00e1rataira megv\u00e1ltott m\u00e1rciusi b\u00e9rletek.<\/strong> Err\u0151l r\u00e9szletes t\u00e1j\u00e9koztat\u00f3 <a href=\"https:\/\/www.mavcsoport.hu\/mavinform\/aprilis-7-ig-ervenyesek-mav-start-es-volanbusz-jarataira-megvaltott-marciusi-berletek\"><span style=\"text-decoration: underline; color: #0000ff;\">ezen a linken<\/span><\/a> \u00e9rhet\u0151 el.<\/p>\n<p><em>Forr\u00e1s: M\u00c1V Zrt. Kommunik\u00e1ci\u00f3s Igazgat\u00f3s\u00e1g<\/em><\/p>\n","protected":false},"excerpt":{"rendered":"<p>A M\u00c1V-Vol\u00e1nbusz-csoporthoz tartoz\u00f3 k\u00f6zleked\u00e9si t\u00e1rsas\u00e1gok \u2013 M\u00c1V-START, Vol\u00e1nbusz, M\u00c1V-H\u00c9V \u2013 a h\u00fasv\u00e9ti \u00fcnnepekhez igaz\u00edtott\u00e1k a j\u00e1ratok k\u00f6zleked\u00e9si rendj\u00e9t. A j\u00e1rv\u00e1nyhelyzet miatt a k\u00f6zleked\u00e9si t\u00e1rsas\u00e1gok k\u00e9rik, hogy aki teheti, most halassza el utaz\u00e1s\u00e1t. Aki m\u00e9gis elindul, viseljen maszkot, a nem egy h\u00e1ztart\u00e1sban \u00e9l\u0151 utasok lehet\u0151s\u00e9g szerint tartsanak egym\u00e1st\u00f3l m\u00e1sf\u00e9l m\u00e9teres t\u00e1vols\u00e1got az \u00e1llom\u00e1sokon \u00e9s j\u00e1rm\u0171veken. A<\/p>\n","protected":false},"author":1,"featured_media":31017,"comment_status":"closed","ping_status":"closed","sticky":false,"template":"","format":"standard","meta":{"ngg_post_thumbnail":0,"footnotes":""},"categories":[3],"tags":[458,1043,279,292,381,1015,291],"class_list":{"0":"post-31521","1":"post","2":"type-post","3":"status-publish","4":"format-standard","5":"has-post-thumbnail","7":"category-hirek","8":"tag-autobusz","9":"tag-busz","10":"tag-kozlekedes","11":"tag-mav","12":"tag-vasut","13":"tag-volanbusz","14":"tag-vonat"},"yoast_head":"<!-- This site is optimized with the Yoast SEO plugin v27.4 - https:\/\/yoast.com\/product\/yoast-seo-wordpress\/ -->\n<title>A h\u00fasv\u00e9ti \u00fcnnepekhez igaz\u00edtott\u00e1k a menetrendet<\/title>\n<meta name=\"robots\" content=\"index, follow, max-snippet:-1, max-image-preview:large, max-video-preview:-1\" \/>\n<link rel=\"canonical\" href=\"https:\/\/dorogimedence.hu\/index.php\/2021\/04\/01\/a-husveti-unnepekhez-igazitottak-a-menetrendet\/\" class=\"yoast-seo-meta-tag\" \/>\n<meta property=\"og:locale\" content=\"hu_HU\" class=\"yoast-seo-meta-tag\" \/>\n<meta property=\"og:type\" content=\"article\" class=\"yoast-seo-meta-tag\" \/>\n<meta property=\"og:title\" content=\"A h\u00fasv\u00e9ti \u00fcnnepekhez igaz\u00edtott\u00e1k a menetrendet\" class=\"yoast-seo-meta-tag\" \/>\n<meta property=\"og:description\" content=\"A M\u00c1V-Vol\u00e1nbusz-csoporthoz tartoz\u00f3 k\u00f6zleked\u00e9si t\u00e1rsas\u00e1gok \u2013 M\u00c1V-START, Vol\u00e1nbusz, M\u00c1V-H\u00c9V \u2013 a h\u00fasv\u00e9ti \u00fcnnepekhez igaz\u00edtott\u00e1k a j\u00e1ratok k\u00f6zleked\u00e9si rendj\u00e9t. A j\u00e1rv\u00e1nyhelyzet miatt a k\u00f6zleked\u00e9si t\u00e1rsas\u00e1gok k\u00e9rik, hogy aki teheti, most halassza el utaz\u00e1s\u00e1t. Aki m\u00e9gis elindul, viseljen maszkot, a nem egy h\u00e1ztart\u00e1sban \u00e9l\u0151 utasok lehet\u0151s\u00e9g szerint tartsanak egym\u00e1st\u00f3l m\u00e1sf\u00e9l m\u00e9teres t\u00e1vols\u00e1got az \u00e1llom\u00e1sokon \u00e9s j\u00e1rm\u0171veken. A\" class=\"yoast-seo-meta-tag\" \/>\n<meta property=\"og:url\" content=\"https:\/\/dorogimedence.hu\/index.php\/2021\/04\/01\/a-husveti-unnepekhez-igazitottak-a-menetrendet\/\" class=\"yoast-seo-meta-tag\" \/>\n<meta property=\"og:site_name\" content=\"Dorogi-medence Region\u00e1lis H\u00edrport\u00e1l\" class=\"yoast-seo-meta-tag\" \/>\n<meta property=\"article:publisher\" content=\"https:\/\/www.facebook.com\/dorogimedence\/\" class=\"yoast-seo-meta-tag\" \/>\n<meta property=\"article:published_time\" content=\"2021-04-01T07:39:11+00:00\" class=\"yoast-seo-meta-tag\" \/>\n<meta property=\"article:modified_time\" content=\"2021-04-01T07:39:18+00:00\" class=\"yoast-seo-meta-tag\" \/>\n<meta property=\"og:image\" content=\"https:\/\/i0.wp.com\/dorogimedence.hu\/wp-content\/uploads\/2021\/03\/vonat-busz.png?fit=830%2C450&ssl=1\" class=\"yoast-seo-meta-tag\" \/>\n\t<meta property=\"og:image:width\" content=\"830\" class=\"yoast-seo-meta-tag\" \/>\n\t<meta property=\"og:image:height\" content=\"450\" class=\"yoast-seo-meta-tag\" \/>\n\t<meta property=\"og:image:type\" content=\"image\/png\" class=\"yoast-seo-meta-tag\" \/>\n<meta name=\"author\" content=\"dorogimedence.hu\" class=\"yoast-seo-meta-tag\" \/>\n<meta name=\"twitter:card\" content=\"summary_large_image\" class=\"yoast-seo-meta-tag\" \/>\n<meta name=\"twitter:label1\" content=\"Szerz\u0151:\" class=\"yoast-seo-meta-tag\" \/>\n\t<meta name=\"twitter:data1\" content=\"dorogimedence.hu\" class=\"yoast-seo-meta-tag\" \/>\n\t<meta name=\"twitter:label2\" content=\"Becs\u00fclt olvas\u00e1si id\u0151\" class=\"yoast-seo-meta-tag\" \/>\n\t<meta name=\"twitter:data2\" content=\"5 perc\" class=\"yoast-seo-meta-tag\" \/>\n<script type=\"application\/ld+json\" class=\"yoast-schema-graph\">{\"@context\":\"https:\\\/\\\/schema.org\",\"@graph\":[{\"@type\":\"Article\",\"@id\":\"https:\\\/\\\/dorogimedence.hu\\\/index.php\\\/2021\\\/04\\\/01\\\/a-husveti-unnepekhez-igazitottak-a-menetrendet\\\/#article\",\"isPartOf\":{\"@id\":\"https:\\\/\\\/dorogimedence.hu\\\/index.php\\\/2021\\\/04\\\/01\\\/a-husveti-unnepekhez-igazitottak-a-menetrendet\\\/\"},\"author\":{\"name\":\"dorogimedence.hu\",\"@id\":\"https:\\\/\\\/dorogimedence.hu\\\/#\\\/schema\\\/person\\\/ce6091eeb7e95ecdc87890d6aa8e0fd4\"},\"headline\":\"A h\u00fasv\u00e9ti \u00fcnnepekhez igaz\u00edtott\u00e1k a menetrendet\",\"datePublished\":\"2021-04-01T07:39:11+00:00\",\"dateModified\":\"2021-04-01T07:39:18+00:00\",\"mainEntityOfPage\":{\"@id\":\"https:\\\/\\\/dorogimedence.hu\\\/index.php\\\/2021\\\/04\\\/01\\\/a-husveti-unnepekhez-igazitottak-a-menetrendet\\\/\"},\"wordCount\":1104,\"publisher\":{\"@id\":\"https:\\\/\\\/dorogimedence.hu\\\/#organization\"},\"image\":{\"@id\":\"https:\\\/\\\/dorogimedence.hu\\\/index.php\\\/2021\\\/04\\\/01\\\/a-husveti-unnepekhez-igazitottak-a-menetrendet\\\/#primaryimage\"},\"thumbnailUrl\":\"https:\\\/\\\/dorogimedence.hu\\\/wp-content\\\/uploads\\\/2021\\\/03\\\/vonat-busz.png\",\"keywords\":[\"aut\u00f3busz\",\"busz\",\"k\u00f6zleked\u00e9s\",\"m\u00e1v\",\"vas\u00fat\",\"vol\u00e1nbusz\",\"vonat\"],\"articleSection\":[\"H\u00edrek\"],\"inLanguage\":\"hu\"},{\"@type\":\"WebPage\",\"@id\":\"https:\\\/\\\/dorogimedence.hu\\\/index.php\\\/2021\\\/04\\\/01\\\/a-husveti-unnepekhez-igazitottak-a-menetrendet\\\/\",\"url\":\"https:\\\/\\\/dorogimedence.hu\\\/index.php\\\/2021\\\/04\\\/01\\\/a-husveti-unnepekhez-igazitottak-a-menetrendet\\\/\",\"name\":\"A h\u00fasv\u00e9ti \u00fcnnepekhez igaz\u00edtott\u00e1k a menetrendet\",\"isPartOf\":{\"@id\":\"https:\\\/\\\/dorogimedence.hu\\\/#website\"},\"primaryImageOfPage\":{\"@id\":\"https:\\\/\\\/dorogimedence.hu\\\/index.php\\\/2021\\\/04\\\/01\\\/a-husveti-unnepekhez-igazitottak-a-menetrendet\\\/#primaryimage\"},\"image\":{\"@id\":\"https:\\\/\\\/dorogimedence.hu\\\/index.php\\\/2021\\\/04\\\/01\\\/a-husveti-unnepekhez-igazitottak-a-menetrendet\\\/#primaryimage\"},\"thumbnailUrl\":\"https:\\\/\\\/dorogimedence.hu\\\/wp-content\\\/uploads\\\/2021\\\/03\\\/vonat-busz.png\",\"datePublished\":\"2021-04-01T07:39:11+00:00\",\"dateModified\":\"2021-04-01T07:39:18+00:00\",\"breadcrumb\":{\"@id\":\"https:\\\/\\\/dorogimedence.hu\\\/index.php\\\/2021\\\/04\\\/01\\\/a-husveti-unnepekhez-igazitottak-a-menetrendet\\\/#breadcrumb\"},\"inLanguage\":\"hu\",\"potentialAction\":[{\"@type\":\"ReadAction\",\"target\":[\"https:\\\/\\\/dorogimedence.hu\\\/index.php\\\/2021\\\/04\\\/01\\\/a-husveti-unnepekhez-igazitottak-a-menetrendet\\\/\"]}]},{\"@type\":\"ImageObject\",\"inLanguage\":\"hu\",\"@id\":\"https:\\\/\\\/dorogimedence.hu\\\/index.php\\\/2021\\\/04\\\/01\\\/a-husveti-unnepekhez-igazitottak-a-menetrendet\\\/#primaryimage\",\"url\":\"https:\\\/\\\/dorogimedence.hu\\\/wp-content\\\/uploads\\\/2021\\\/03\\\/vonat-busz.png\",\"contentUrl\":\"https:\\\/\\\/dorogimedence.hu\\\/wp-content\\\/uploads\\\/2021\\\/03\\\/vonat-busz.png\",\"width\":830,\"height\":450},{\"@type\":\"BreadcrumbList\",\"@id\":\"https:\\\/\\\/dorogimedence.hu\\\/index.php\\\/2021\\\/04\\\/01\\\/a-husveti-unnepekhez-igazitottak-a-menetrendet\\\/#breadcrumb\",\"itemListElement\":[{\"@type\":\"ListItem\",\"position\":1,\"name\":\"Kezd\u0151lap\",\"item\":\"https:\\\/\\\/dorogimedence.hu\\\/\"},{\"@type\":\"ListItem\",\"position\":2,\"name\":\"A h\u00fasv\u00e9ti \u00fcnnepekhez igaz\u00edtott\u00e1k a menetrendet\"}]},{\"@type\":\"WebSite\",\"@id\":\"https:\\\/\\\/dorogimedence.hu\\\/#website\",\"url\":\"https:\\\/\\\/dorogimedence.hu\\\/\",\"name\":\"Dorogi-medence Region\u00e1lis H\u00edrport\u00e1l\",\"description\":\"Dorog, Keszt\u00f6lc, Le\u00e1nyv\u00e1r, Piliscs\u00e9v, Tokod, Tokodalt\u00e1r\u00f3, Csolnok, Esztergom-kertv\u00e1ros: h\u00edrek, programok\",\"publisher\":{\"@id\":\"https:\\\/\\\/dorogimedence.hu\\\/#organization\"},\"potentialAction\":[{\"@type\":\"SearchAction\",\"target\":{\"@type\":\"EntryPoint\",\"urlTemplate\":\"https:\\\/\\\/dorogimedence.hu\\\/?s={search_term_string}\"},\"query-input\":{\"@type\":\"PropertyValueSpecification\",\"valueRequired\":true,\"valueName\":\"search_term_string\"}}],\"inLanguage\":\"hu\"},{\"@type\":\"Organization\",\"@id\":\"https:\\\/\\\/dorogimedence.hu\\\/#organization\",\"name\":\"Dorogi-medence Region\u00e1lis H\u00edrport\u00e1l\",\"url\":\"https:\\\/\\\/dorogimedence.hu\\\/\",\"logo\":{\"@type\":\"ImageObject\",\"inLanguage\":\"hu\",\"@id\":\"https:\\\/\\\/dorogimedence.hu\\\/#\\\/schema\\\/logo\\\/image\\\/\",\"url\":\"https:\\\/\\\/dorogimedence.hu\\\/wp-content\\\/uploads\\\/2021\\\/04\\\/logo-feher-600.png\",\"contentUrl\":\"https:\\\/\\\/dorogimedence.hu\\\/wp-content\\\/uploads\\\/2021\\\/04\\\/logo-feher-600.png\",\"width\":600,\"height\":100,\"caption\":\"Dorogi-medence Region\u00e1lis H\u00edrport\u00e1l\"},\"image\":{\"@id\":\"https:\\\/\\\/dorogimedence.hu\\\/#\\\/schema\\\/logo\\\/image\\\/\"},\"sameAs\":[\"https:\\\/\\\/www.facebook.com\\\/dorogimedence\\\/\"]},{\"@type\":\"Person\",\"@id\":\"https:\\\/\\\/dorogimedence.hu\\\/#\\\/schema\\\/person\\\/ce6091eeb7e95ecdc87890d6aa8e0fd4\",\"name\":\"dorogimedence.hu\",\"image\":{\"@type\":\"ImageObject\",\"inLanguage\":\"hu\",\"@id\":\"\\\/\\\/www.gravatar.com\\\/avatar\\\/d8d45f8901aadff40a4af72c0b826f1d?s=96&#038;r=g&#038;d=mm\",\"url\":\"\\\/\\\/www.gravatar.com\\\/avatar\\\/d8d45f8901aadff40a4af72c0b826f1d?s=96&#038;r=g&#038;d=mm\",\"contentUrl\":\"\\\/\\\/www.gravatar.com\\\/avatar\\\/d8d45f8901aadff40a4af72c0b826f1d?s=96&#038;r=g&#038;d=mm\",\"caption\":\"dorogimedence.hu\"}}]}<\/script>\n<!-- \/ Yoast SEO plugin. -->","yoast_head_json":{"title":"A h\u00fasv\u00e9ti \u00fcnnepekhez igaz\u00edtott\u00e1k a menetrendet","robots":{"index":"index","follow":"follow","max-snippet":"max-snippet:-1","max-image-preview":"max-image-preview:large","max-video-preview":"max-video-preview:-1"},"canonical":"https:\/\/dorogimedence.hu\/index.php\/2021\/04\/01\/a-husveti-unnepekhez-igazitottak-a-menetrendet\/","og_locale":"hu_HU","og_type":"article","og_title":"A h\u00fasv\u00e9ti \u00fcnnepekhez igaz\u00edtott\u00e1k a menetrendet","og_description":"A M\u00c1V-Vol\u00e1nbusz-csoporthoz tartoz\u00f3 k\u00f6zleked\u00e9si t\u00e1rsas\u00e1gok \u2013 M\u00c1V-START, Vol\u00e1nbusz, M\u00c1V-H\u00c9V \u2013 a h\u00fasv\u00e9ti \u00fcnnepekhez igaz\u00edtott\u00e1k a j\u00e1ratok k\u00f6zleked\u00e9si rendj\u00e9t. A j\u00e1rv\u00e1nyhelyzet miatt a k\u00f6zleked\u00e9si t\u00e1rsas\u00e1gok k\u00e9rik, hogy aki teheti, most halassza el utaz\u00e1s\u00e1t. Aki m\u00e9gis elindul, viseljen maszkot, a nem egy h\u00e1ztart\u00e1sban \u00e9l\u0151 utasok lehet\u0151s\u00e9g szerint tartsanak egym\u00e1st\u00f3l m\u00e1sf\u00e9l m\u00e9teres t\u00e1vols\u00e1got az \u00e1llom\u00e1sokon \u00e9s j\u00e1rm\u0171veken. A","og_url":"https:\/\/dorogimedence.hu\/index.php\/2021\/04\/01\/a-husveti-unnepekhez-igazitottak-a-menetrendet\/","og_site_name":"Dorogi-medence Region\u00e1lis H\u00edrport\u00e1l","article_publisher":"https:\/\/www.facebook.com\/dorogimedence\/","article_published_time":"2021-04-01T07:39:11+00:00","article_modified_time":"2021-04-01T07:39:18+00:00","og_image":[{"width":830,"height":450,"url":"https:\/\/i0.wp.com\/dorogimedence.hu\/wp-content\/uploads\/2021\/03\/vonat-busz.png?fit=830%2C450&ssl=1","type":"image\/png"}],"author":"dorogimedence.hu","twitter_card":"summary_large_image","twitter_misc":{"Szerz\u0151:":"dorogimedence.hu","Becs\u00fclt olvas\u00e1si id\u0151":"5 perc"},"schema":{"@context":"https:\/\/schema.org","@graph":[{"@type":"Article","@id":"https:\/\/dorogimedence.hu\/index.php\/2021\/04\/01\/a-husveti-unnepekhez-igazitottak-a-menetrendet\/#article","isPartOf":{"@id":"https:\/\/dorogimedence.hu\/index.php\/2021\/04\/01\/a-husveti-unnepekhez-igazitottak-a-menetrendet\/"},"author":{"name":"dorogimedence.hu","@id":"https:\/\/dorogimedence.hu\/#\/schema\/person\/ce6091eeb7e95ecdc87890d6aa8e0fd4"},"headline":"A h\u00fasv\u00e9ti \u00fcnnepekhez igaz\u00edtott\u00e1k a menetrendet","datePublished":"2021-04-01T07:39:11+00:00","dateModified":"2021-04-01T07:39:18+00:00","mainEntityOfPage":{"@id":"https:\/\/dorogimedence.hu\/index.php\/2021\/04\/01\/a-husveti-unnepekhez-igazitottak-a-menetrendet\/"},"wordCount":1104,"publisher":{"@id":"https:\/\/dorogimedence.hu\/#organization"},"image":{"@id":"https:\/\/dorogimedence.hu\/index.php\/2021\/04\/01\/a-husveti-unnepekhez-igazitottak-a-menetrendet\/#primaryimage"},"thumbnailUrl":"https:\/\/dorogimedence.hu\/wp-content\/uploads\/2021\/03\/vonat-busz.png","keywords":["aut\u00f3busz","busz","k\u00f6zleked\u00e9s","m\u00e1v","vas\u00fat","vol\u00e1nbusz","vonat"],"articleSection":["H\u00edrek"],"inLanguage":"hu"},{"@type":"WebPage","@id":"https:\/\/dorogimedence.hu\/index.php\/2021\/04\/01\/a-husveti-unnepekhez-igazitottak-a-menetrendet\/","url":"https:\/\/dorogimedence.hu\/index.php\/2021\/04\/01\/a-husveti-unnepekhez-igazitottak-a-menetrendet\/","name":"A h\u00fasv\u00e9ti \u00fcnnepekhez igaz\u00edtott\u00e1k a menetrendet","isPartOf":{"@id":"https:\/\/dorogimedence.hu\/#website"},"primaryImageOfPage":{"@id":"https:\/\/dorogimedence.hu\/index.php\/2021\/04\/01\/a-husveti-unnepekhez-igazitottak-a-menetrendet\/#primaryimage"},"image":{"@id":"https:\/\/dorogimedence.hu\/index.php\/2021\/04\/01\/a-husveti-unnepekhez-igazitottak-a-menetrendet\/#primaryimage"},"thumbnailUrl":"https:\/\/dorogimedence.hu\/wp-content\/uploads\/2021\/03\/vonat-busz.png","datePublished":"2021-04-01T07:39:11+00:00","dateModified":"2021-04-01T07:39:18+00:00","breadcrumb":{"@id":"https:\/\/dorogimedence.hu\/index.php\/2021\/04\/01\/a-husveti-unnepekhez-igazitottak-a-menetrendet\/#breadcrumb"},"inLanguage":"hu","potentialAction":[{"@type":"ReadAction","target":["https:\/\/dorogimedence.hu\/index.php\/2021\/04\/01\/a-husveti-unnepekhez-igazitottak-a-menetrendet\/"]}]},{"@type":"ImageObject","inLanguage":"hu","@id":"https:\/\/dorogimedence.hu\/index.php\/2021\/04\/01\/a-husveti-unnepekhez-igazitottak-a-menetrendet\/#primaryimage","url":"https:\/\/dorogimedence.hu\/wp-content\/uploads\/2021\/03\/vonat-busz.png","contentUrl":"https:\/\/dorogimedence.hu\/wp-content\/uploads\/2021\/03\/vonat-busz.png","width":830,"height":450},{"@type":"BreadcrumbList","@id":"https:\/\/dorogimedence.hu\/index.php\/2021\/04\/01\/a-husveti-unnepekhez-igazitottak-a-menetrendet\/#breadcrumb","itemListElement":[{"@type":"ListItem","position":1,"name":"Kezd\u0151lap","item":"https:\/\/dorogimedence.hu\/"},{"@type":"ListItem","position":2,"name":"A h\u00fasv\u00e9ti \u00fcnnepekhez igaz\u00edtott\u00e1k a menetrendet"}]},{"@type":"WebSite","@id":"https:\/\/dorogimedence.hu\/#website","url":"https:\/\/dorogimedence.hu\/","name":"Dorogi-medence Region\u00e1lis H\u00edrport\u00e1l","description":"Dorog, Keszt\u00f6lc, Le\u00e1nyv\u00e1r, Piliscs\u00e9v, Tokod, Tokodalt\u00e1r\u00f3, Csolnok, Esztergom-kertv\u00e1ros: h\u00edrek, programok","publisher":{"@id":"https:\/\/dorogimedence.hu\/#organization"},"potentialAction":[{"@type":"SearchAction","target":{"@type":"EntryPoint","urlTemplate":"https:\/\/dorogimedence.hu\/?s={search_term_string}"},"query-input":{"@type":"PropertyValueSpecification","valueRequired":true,"valueName":"search_term_string"}}],"inLanguage":"hu"},{"@type":"Organization","@id":"https:\/\/dorogimedence.hu\/#organization","name":"Dorogi-medence Region\u00e1lis H\u00edrport\u00e1l","url":"https:\/\/dorogimedence.hu\/","logo":{"@type":"ImageObject","inLanguage":"hu","@id":"https:\/\/dorogimedence.hu\/#\/schema\/logo\/image\/","url":"https:\/\/dorogimedence.hu\/wp-content\/uploads\/2021\/04\/logo-feher-600.png","contentUrl":"https:\/\/dorogimedence.hu\/wp-content\/uploads\/2021\/04\/logo-feher-600.png","width":600,"height":100,"caption":"Dorogi-medence Region\u00e1lis H\u00edrport\u00e1l"},"image":{"@id":"https:\/\/dorogimedence.hu\/#\/schema\/logo\/image\/"},"sameAs":["https:\/\/www.facebook.com\/dorogimedence\/"]},{"@type":"Person","@id":"https:\/\/dorogimedence.hu\/#\/schema\/person\/ce6091eeb7e95ecdc87890d6aa8e0fd4","name":"dorogimedence.hu","image":{"@type":"ImageObject","inLanguage":"hu","@id":"\/\/www.gravatar.com\/avatar\/d8d45f8901aadff40a4af72c0b826f1d?s=96&#038;r=g&#038;d=mm","url":"\/\/www.gravatar.com\/avatar\/d8d45f8901aadff40a4af72c0b826f1d?s=96&#038;r=g&#038;d=mm","contentUrl":"\/\/www.gravatar.com\/avatar\/d8d45f8901aadff40a4af72c0b826f1d?s=96&#038;r=g&#038;d=mm","caption":"dorogimedence.hu"}}]}},"_links":{"self":[{"href":"https:\/\/dorogimedence.hu\/index.php\/wp-json\/wp\/v2\/posts\/31521","targetHints":{"allow":["GET"]}}],"collection":[{"href":"https:\/\/dorogimedence.hu\/index.php\/wp-json\/wp\/v2\/posts"}],"about":[{"href":"https:\/\/dorogimedence.hu\/index.php\/wp-json\/wp\/v2\/types\/post"}],"author":[{"embeddable":true,"href":"https:\/\/dorogimedence.hu\/index.php\/wp-json\/wp\/v2\/users\/1"}],"replies":[{"embeddable":true,"href":"https:\/\/dorogimedence.hu\/index.php\/wp-json\/wp\/v2\/comments?post=31521"}],"version-history":[{"count":0,"href":"https:\/\/dorogimedence.hu\/index.php\/wp-json\/wp\/v2\/posts\/31521\/revisions"}],"wp:featuredmedia":[{"embeddable":true,"href":"https:\/\/dorogimedence.hu\/index.php\/wp-json\/wp\/v2\/media\/31017"}],"wp:attachment":[{"href":"https:\/\/dorogimedence.hu\/index.php\/wp-json\/wp\/v2\/media?parent=31521"}],"wp:term":[{"taxonomy":"category","embeddable":true,"href":"https:\/\/dorogimedence.hu\/index.php\/wp-json\/wp\/v2\/categories?post=31521"},{"taxonomy":"post_tag","embeddable":true,"href":"https:\/\/dorogimedence.hu\/index.php\/wp-json\/wp\/v2\/tags?post=31521"}],"curies":[{"name":"wp","href":"https:\/\/api.w.org\/{rel}","templated":true}]}}