{"id":31400,"date":"2021-03-27T07:15:30","date_gmt":"2021-03-27T06:15:30","guid":{"rendered":"http:\/\/dorogimedence.hu\/?p=31400"},"modified":"2021-03-27T07:16:22","modified_gmt":"2021-03-27T06:16:22","slug":"husvet-utan-jon-a-nyitas-elso-lepese","status":"publish","type":"post","link":"https:\/\/dorogimedence.hu\/index.php\/2021\/03\/27\/husvet-utan-jon-a-nyitas-elso-lepese\/","title":{"rendered":"H\u00fasv\u00e9t ut\u00e1n j\u00f6n a nyit\u00e1s els\u0151 l\u00e9p\u00e9se"},"content":{"rendered":"<p><strong>A kereskedelmi \u00e9s iparkamara, illetve a gazdas\u00e1gi \u00e9let szerepl\u0151i \u00e1ltal javasolt v\u00e1ltoztat\u00e1sok bevezet\u00e9s\u00e9re akkor van lehet\u0151s\u00e9g, ha a beadott olt\u00e1ssz\u00e1m tekintet\u00e9ben Magyarorsz\u00e1g \u00e1tl\u00e9pi a 2,5 milli\u00f3s hat\u00e1rt, azaz 2,5 milli\u00f3 ember legal\u00e1bb az els\u0151 olt\u00e1s\u00e1t megkapta &#8211; k\u00f6z\u00f6lte a Minisztereln\u00f6ks\u00e9get vezet\u0151 miniszter p\u00e9nteken rendk\u00edv\u00fcli online t\u00e1j\u00e9koztat\u00f3j\u00e1n, hozz\u00e1t\u00e9ve: ez a jelenlegi sz\u00e1m\u00edt\u00e1sok szerint a h\u00fasv\u00e9th\u00e9tf\u0151t k\u00f6vet\u0151 n\u00e9h\u00e1ny napban be fog k\u00f6vetkezni.<\/strong><\/p>\n<p>Guly\u00e1s hangs\u00falyozta: a j\u00e1rv\u00e1ny harmadik hull\u00e1ma minden eddigin\u00e9l komolyabb feladatok el\u00e9 \u00e1ll\u00edtja az orsz\u00e1got. Megism\u00e9telte a minisztereln\u00f6knek a Kossuth r\u00e1di\u00f3ban tett kijelent\u00e9s\u00e9t, miszerint a jelenlegi sz\u00e1mok mellett, pillanatnyilag semmilyen nyit\u00e1s nem engedhet\u0151 meg.<\/p>\n<p>\u00dagy fogalmazott: &#8222;egy utols\u00f3 k\u00f6z\u00f6s nagy er\u0151fesz\u00edt\u00e9sre van sz\u00fcks\u00e9g ahhoz, hogy t\u00fal legy\u00fcnk a j\u00e1rv\u00e1ny harmadik hull\u00e1m\u00e1nak cs\u00facspontj\u00e1n&#8221;. Ez\u00e9rt mindenkit arra k\u00e9rt, hogy az \u00e9rv\u00e9nyben l\u00e9v\u0151 szab\u00e1lyokat tartsa be, a h\u00fasv\u00e9ti \u00fcnnepek id\u0151szak\u00e1ban is.<\/p>\n<p>K\u00f6z\u00f6lte: az operat\u00edv t\u00f6rzs a nap folyam\u00e1n hosszan t\u00e1rgyalt azokr\u00f3l a javaslatokr\u00f3l, amelyeket a kereskedelmi \u00e9s iparkamara, illetve a v\u00e1llalkoz\u00e1sok \u00e9s a gazdas\u00e1gi \u00e9let szerepl\u0151i a korm\u00e1ny fel\u00e9 t\u00f6bb alkalommal megfogalmaztak.<\/p>\n<p>Jelezte: ezeket a szab\u00e1lyokat t\u00e1mogatj\u00e1k, ugyanakkor v\u00e1ltoztat\u00e1sra akkor van lehet\u0151s\u00e9g, ha m\u00e1r 2,5 milli\u00f3 ember megkapta legal\u00e1bb az els\u0151 olt\u00e1st.<\/p>\n<p><strong>A tervezett v\u00e1ltoztat\u00e1sokat r\u00e9szletezve kiemelte:<\/strong><\/p>\n<ul>\n<li>A kij\u00e1r\u00e1si tilalom kezdete este t\u00edz \u00f3r\u00e1ra m\u00f3dosul, a tilalom hajnali \u00f6tig fog tartani.<\/li>\n<li>Valamennyi \u00fczlet kinyithat. A boltok hajnali \u00f6tt\u0151l este f\u00e9l t\u00edzig nyitva lehetnek, de t\u00edz n\u00e9gyzetm\u00e9terenk\u00e9nt csup\u00e1n egy v\u00e1s\u00e1rl\u00f3 tart\u00f3zkodhat a ter\u00fclet\u00fck\u00f6n.<\/li>\n<li>A szolg\u00e1ltat\u00e1sokn\u00e1l a m\u00e1rcius 8-ai szigor\u00edt\u00e1sok el\u0151tti szab\u00e1lyokhoz t\u00e9r vissza az orsz\u00e1g.<\/li>\n<li>A korm\u00e1ny tervei szerint az iskol\u00e1k \u00e1prilis 19-\u00e9n nyitnak meg, ekkort\u00f3l az \u00f3vod\u00e1k, az \u00e1ltal\u00e1nos iskol\u00e1k \u00e9s a gimn\u00e1ziumok is a rendes oktat\u00e1sra \u00e1llhatnak vissza.<\/li>\n<li>\u00c1prilis 1-j\u00e9n elkezdik beoltani a tan\u00e1rokat, rem\u00e9lhet\u0151leg b\u0151 egy h\u00e9t alatt mindegyik\u00fck meg tudja kapni a vakcin\u00e1t &#8211; mondta a miniszter.<\/li>\n<\/ul>\n<p>Guly\u00e1s Gergely megjegyezte, hogy lassan tizenh\u00e1rom h\u00f3napja szenved az orsz\u00e1g a koronav\u00edrus-j\u00e1rv\u00e1nyt\u00f3l; az eredm\u00e9nyes vakcinabeszerz\u00e9seknek k\u00f6sz\u00f6nhet\u0151en azonban m\u00e1r csup\u00e1n n\u00e9h\u00e1ny hetet kell kib\u00edrni, ut\u00e1na a magyarok \u00e9lete visszat\u00e9rhet a megszokott ker\u00e9kv\u00e1g\u00e1sba.<\/p>\n<p>A korm\u00e1ny mindenkit arra k\u00e9r, hogy ezt az id\u0151szakot &#8222;m\u00e9g b\u00edrja ki&#8221;, tartsa be a szab\u00e1lyokat. \u00cdgy a magyarok el\u0151bb nyerhetik vissza kor\u00e1bbi \u00e9let\u00fcket, mint m\u00e1s eur\u00f3paiak &#8211; jelentette ki Guly\u00e1s Gergely.<\/p>\n<p><iframe style=\"border: none; overflow: hidden;\" src=\"https:\/\/www.facebook.com\/plugins\/video.php?height=314&amp;href=https%3A%2F%2Fwww.facebook.com%2Fhirado.hu%2Fvideos%2F452960112625407%2F&amp;show_text=false&amp;width=560\" scrolling=\"no\" allowfullscreen=\"allowfullscreen\" width=\"560\" height=\"314\" frameborder=\"0\"><\/iframe>&nbsp;<br \/>\n<em>Forr\u00e1s: MTI<br \/>\nBor\u00edt\u00f3k\u00e9p: mediaklikk.hu<br \/>\n<\/em><\/p>\n","protected":false},"excerpt":{"rendered":"<p>A kereskedelmi \u00e9s iparkamara, illetve a gazdas\u00e1gi \u00e9let szerepl\u0151i \u00e1ltal javasolt v\u00e1ltoztat\u00e1sok bevezet\u00e9s\u00e9re akkor van lehet\u0151s\u00e9g, ha a beadott olt\u00e1ssz\u00e1m tekintet\u00e9ben Magyarorsz\u00e1g \u00e1tl\u00e9pi a 2,5 milli\u00f3s hat\u00e1rt, azaz 2,5 milli\u00f3 ember legal\u00e1bb az els\u0151 olt\u00e1s\u00e1t megkapta &#8211; k\u00f6z\u00f6lte a Minisztereln\u00f6ks\u00e9get vezet\u0151 miniszter p\u00e9nteken rendk\u00edv\u00fcli online t\u00e1j\u00e9koztat\u00f3j\u00e1n, hozz\u00e1t\u00e9ve: ez a jelenlegi sz\u00e1m\u00edt\u00e1sok szerint a h\u00fasv\u00e9th\u00e9tf\u0151t k\u00f6vet\u0151<\/p>\n","protected":false},"author":1,"featured_media":31408,"comment_status":"closed","ping_status":"closed","sticky":false,"template":"","format":"standard","meta":{"ngg_post_thumbnail":0,"footnotes":""},"categories":[3],"tags":[1800,4738],"class_list":{"0":"post-31400","1":"post","2":"type-post","3":"status-publish","4":"format-standard","5":"has-post-thumbnail","7":"category-hirek","8":"tag-korlatozasok","9":"tag-koronavirus"},"yoast_head":"<!-- This site is optimized with the Yoast SEO plugin v27.4 - https:\/\/yoast.com\/product\/yoast-seo-wordpress\/ -->\n<title>H\u00fasv\u00e9t ut\u00e1n j\u00f6n a nyit\u00e1s els\u0151 l\u00e9p\u00e9se<\/title>\n<meta name=\"robots\" content=\"index, follow, max-snippet:-1, max-image-preview:large, max-video-preview:-1\" \/>\n<link rel=\"canonical\" href=\"https:\/\/dorogimedence.hu\/index.php\/2021\/03\/27\/husvet-utan-jon-a-nyitas-elso-lepese\/\" class=\"yoast-seo-meta-tag\" \/>\n<meta property=\"og:locale\" content=\"hu_HU\" class=\"yoast-seo-meta-tag\" \/>\n<meta property=\"og:type\" content=\"article\" class=\"yoast-seo-meta-tag\" \/>\n<meta property=\"og:title\" content=\"H\u00fasv\u00e9t ut\u00e1n j\u00f6n a nyit\u00e1s els\u0151 l\u00e9p\u00e9se\" class=\"yoast-seo-meta-tag\" \/>\n<meta property=\"og:description\" content=\"A kereskedelmi \u00e9s iparkamara, illetve a gazdas\u00e1gi \u00e9let szerepl\u0151i \u00e1ltal javasolt v\u00e1ltoztat\u00e1sok bevezet\u00e9s\u00e9re akkor van lehet\u0151s\u00e9g, ha a beadott olt\u00e1ssz\u00e1m tekintet\u00e9ben Magyarorsz\u00e1g \u00e1tl\u00e9pi a 2,5 milli\u00f3s hat\u00e1rt, azaz 2,5 milli\u00f3 ember legal\u00e1bb az els\u0151 olt\u00e1s\u00e1t megkapta &#8211; k\u00f6z\u00f6lte a Minisztereln\u00f6ks\u00e9get vezet\u0151 miniszter p\u00e9nteken rendk\u00edv\u00fcli online t\u00e1j\u00e9koztat\u00f3j\u00e1n, hozz\u00e1t\u00e9ve: ez a jelenlegi sz\u00e1m\u00edt\u00e1sok szerint a h\u00fasv\u00e9th\u00e9tf\u0151t k\u00f6vet\u0151\" class=\"yoast-seo-meta-tag\" \/>\n<meta property=\"og:url\" content=\"https:\/\/dorogimedence.hu\/index.php\/2021\/03\/27\/husvet-utan-jon-a-nyitas-elso-lepese\/\" class=\"yoast-seo-meta-tag\" \/>\n<meta property=\"og:site_name\" content=\"Dorogi-medence Region\u00e1lis H\u00edrport\u00e1l\" class=\"yoast-seo-meta-tag\" \/>\n<meta property=\"article:publisher\" content=\"https:\/\/www.facebook.com\/dorogimedence\/\" class=\"yoast-seo-meta-tag\" \/>\n<meta property=\"article:published_time\" content=\"2021-03-27T06:15:30+00:00\" class=\"yoast-seo-meta-tag\" \/>\n<meta property=\"article:modified_time\" content=\"2021-03-27T06:16:22+00:00\" class=\"yoast-seo-meta-tag\" \/>\n<meta property=\"og:image\" content=\"https:\/\/i0.wp.com\/dorogimedence.hu\/wp-content\/uploads\/2021\/03\/gulyas-gergely-2.jpg?fit=830%2C450&ssl=1\" class=\"yoast-seo-meta-tag\" \/>\n\t<meta property=\"og:image:width\" content=\"830\" class=\"yoast-seo-meta-tag\" \/>\n\t<meta property=\"og:image:height\" content=\"450\" class=\"yoast-seo-meta-tag\" \/>\n\t<meta property=\"og:image:type\" content=\"image\/jpeg\" class=\"yoast-seo-meta-tag\" \/>\n<meta name=\"author\" content=\"dorogimedence.hu\" class=\"yoast-seo-meta-tag\" \/>\n<meta name=\"twitter:card\" content=\"summary_large_image\" class=\"yoast-seo-meta-tag\" \/>\n<meta name=\"twitter:label1\" content=\"Szerz\u0151:\" class=\"yoast-seo-meta-tag\" \/>\n\t<meta name=\"twitter:data1\" content=\"dorogimedence.hu\" class=\"yoast-seo-meta-tag\" \/>\n\t<meta name=\"twitter:label2\" content=\"Becs\u00fclt olvas\u00e1si id\u0151\" class=\"yoast-seo-meta-tag\" \/>\n\t<meta name=\"twitter:data2\" content=\"3 perc\" class=\"yoast-seo-meta-tag\" \/>\n<script type=\"application\/ld+json\" class=\"yoast-schema-graph\">{\"@context\":\"https:\\\/\\\/schema.org\",\"@graph\":[{\"@type\":\"Article\",\"@id\":\"https:\\\/\\\/dorogimedence.hu\\\/index.php\\\/2021\\\/03\\\/27\\\/husvet-utan-jon-a-nyitas-elso-lepese\\\/#article\",\"isPartOf\":{\"@id\":\"https:\\\/\\\/dorogimedence.hu\\\/index.php\\\/2021\\\/03\\\/27\\\/husvet-utan-jon-a-nyitas-elso-lepese\\\/\"},\"author\":{\"name\":\"dorogimedence.hu\",\"@id\":\"https:\\\/\\\/dorogimedence.hu\\\/#\\\/schema\\\/person\\\/ce6091eeb7e95ecdc87890d6aa8e0fd4\"},\"headline\":\"H\u00fasv\u00e9t ut\u00e1n j\u00f6n a nyit\u00e1s els\u0151 l\u00e9p\u00e9se\",\"datePublished\":\"2021-03-27T06:15:30+00:00\",\"dateModified\":\"2021-03-27T06:16:22+00:00\",\"mainEntityOfPage\":{\"@id\":\"https:\\\/\\\/dorogimedence.hu\\\/index.php\\\/2021\\\/03\\\/27\\\/husvet-utan-jon-a-nyitas-elso-lepese\\\/\"},\"wordCount\":549,\"publisher\":{\"@id\":\"https:\\\/\\\/dorogimedence.hu\\\/#organization\"},\"image\":{\"@id\":\"https:\\\/\\\/dorogimedence.hu\\\/index.php\\\/2021\\\/03\\\/27\\\/husvet-utan-jon-a-nyitas-elso-lepese\\\/#primaryimage\"},\"thumbnailUrl\":\"https:\\\/\\\/dorogimedence.hu\\\/wp-content\\\/uploads\\\/2021\\\/03\\\/gulyas-gergely-2.jpg\",\"keywords\":[\"korl\u00e1toz\u00e1sok\",\"koronav\u00edrus\"],\"articleSection\":[\"H\u00edrek\"],\"inLanguage\":\"hu\"},{\"@type\":\"WebPage\",\"@id\":\"https:\\\/\\\/dorogimedence.hu\\\/index.php\\\/2021\\\/03\\\/27\\\/husvet-utan-jon-a-nyitas-elso-lepese\\\/\",\"url\":\"https:\\\/\\\/dorogimedence.hu\\\/index.php\\\/2021\\\/03\\\/27\\\/husvet-utan-jon-a-nyitas-elso-lepese\\\/\",\"name\":\"H\u00fasv\u00e9t ut\u00e1n j\u00f6n a nyit\u00e1s els\u0151 l\u00e9p\u00e9se\",\"isPartOf\":{\"@id\":\"https:\\\/\\\/dorogimedence.hu\\\/#website\"},\"primaryImageOfPage\":{\"@id\":\"https:\\\/\\\/dorogimedence.hu\\\/index.php\\\/2021\\\/03\\\/27\\\/husvet-utan-jon-a-nyitas-elso-lepese\\\/#primaryimage\"},\"image\":{\"@id\":\"https:\\\/\\\/dorogimedence.hu\\\/index.php\\\/2021\\\/03\\\/27\\\/husvet-utan-jon-a-nyitas-elso-lepese\\\/#primaryimage\"},\"thumbnailUrl\":\"https:\\\/\\\/dorogimedence.hu\\\/wp-content\\\/uploads\\\/2021\\\/03\\\/gulyas-gergely-2.jpg\",\"datePublished\":\"2021-03-27T06:15:30+00:00\",\"dateModified\":\"2021-03-27T06:16:22+00:00\",\"breadcrumb\":{\"@id\":\"https:\\\/\\\/dorogimedence.hu\\\/index.php\\\/2021\\\/03\\\/27\\\/husvet-utan-jon-a-nyitas-elso-lepese\\\/#breadcrumb\"},\"inLanguage\":\"hu\",\"potentialAction\":[{\"@type\":\"ReadAction\",\"target\":[\"https:\\\/\\\/dorogimedence.hu\\\/index.php\\\/2021\\\/03\\\/27\\\/husvet-utan-jon-a-nyitas-elso-lepese\\\/\"]}]},{\"@type\":\"ImageObject\",\"inLanguage\":\"hu\",\"@id\":\"https:\\\/\\\/dorogimedence.hu\\\/index.php\\\/2021\\\/03\\\/27\\\/husvet-utan-jon-a-nyitas-elso-lepese\\\/#primaryimage\",\"url\":\"https:\\\/\\\/dorogimedence.hu\\\/wp-content\\\/uploads\\\/2021\\\/03\\\/gulyas-gergely-2.jpg\",\"contentUrl\":\"https:\\\/\\\/dorogimedence.hu\\\/wp-content\\\/uploads\\\/2021\\\/03\\\/gulyas-gergely-2.jpg\",\"width\":830,\"height\":450},{\"@type\":\"BreadcrumbList\",\"@id\":\"https:\\\/\\\/dorogimedence.hu\\\/index.php\\\/2021\\\/03\\\/27\\\/husvet-utan-jon-a-nyitas-elso-lepese\\\/#breadcrumb\",\"itemListElement\":[{\"@type\":\"ListItem\",\"position\":1,\"name\":\"Kezd\u0151lap\",\"item\":\"https:\\\/\\\/dorogimedence.hu\\\/\"},{\"@type\":\"ListItem\",\"position\":2,\"name\":\"H\u00fasv\u00e9t ut\u00e1n j\u00f6n a nyit\u00e1s els\u0151 l\u00e9p\u00e9se\"}]},{\"@type\":\"WebSite\",\"@id\":\"https:\\\/\\\/dorogimedence.hu\\\/#website\",\"url\":\"https:\\\/\\\/dorogimedence.hu\\\/\",\"name\":\"Dorogi-medence Region\u00e1lis H\u00edrport\u00e1l\",\"description\":\"Dorog, Keszt\u00f6lc, Le\u00e1nyv\u00e1r, Piliscs\u00e9v, Tokod, Tokodalt\u00e1r\u00f3, Csolnok, Esztergom-kertv\u00e1ros: h\u00edrek, programok\",\"publisher\":{\"@id\":\"https:\\\/\\\/dorogimedence.hu\\\/#organization\"},\"potentialAction\":[{\"@type\":\"SearchAction\",\"target\":{\"@type\":\"EntryPoint\",\"urlTemplate\":\"https:\\\/\\\/dorogimedence.hu\\\/?s={search_term_string}\"},\"query-input\":{\"@type\":\"PropertyValueSpecification\",\"valueRequired\":true,\"valueName\":\"search_term_string\"}}],\"inLanguage\":\"hu\"},{\"@type\":\"Organization\",\"@id\":\"https:\\\/\\\/dorogimedence.hu\\\/#organization\",\"name\":\"Dorogi-medence Region\u00e1lis H\u00edrport\u00e1l\",\"url\":\"https:\\\/\\\/dorogimedence.hu\\\/\",\"logo\":{\"@type\":\"ImageObject\",\"inLanguage\":\"hu\",\"@id\":\"https:\\\/\\\/dorogimedence.hu\\\/#\\\/schema\\\/logo\\\/image\\\/\",\"url\":\"https:\\\/\\\/dorogimedence.hu\\\/wp-content\\\/uploads\\\/2021\\\/04\\\/logo-feher-600.png\",\"contentUrl\":\"https:\\\/\\\/dorogimedence.hu\\\/wp-content\\\/uploads\\\/2021\\\/04\\\/logo-feher-600.png\",\"width\":600,\"height\":100,\"caption\":\"Dorogi-medence Region\u00e1lis H\u00edrport\u00e1l\"},\"image\":{\"@id\":\"https:\\\/\\\/dorogimedence.hu\\\/#\\\/schema\\\/logo\\\/image\\\/\"},\"sameAs\":[\"https:\\\/\\\/www.facebook.com\\\/dorogimedence\\\/\"]},{\"@type\":\"Person\",\"@id\":\"https:\\\/\\\/dorogimedence.hu\\\/#\\\/schema\\\/person\\\/ce6091eeb7e95ecdc87890d6aa8e0fd4\",\"name\":\"dorogimedence.hu\",\"image\":{\"@type\":\"ImageObject\",\"inLanguage\":\"hu\",\"@id\":\"\\\/\\\/www.gravatar.com\\\/avatar\\\/d8d45f8901aadff40a4af72c0b826f1d?s=96&#038;r=g&#038;d=mm\",\"url\":\"\\\/\\\/www.gravatar.com\\\/avatar\\\/d8d45f8901aadff40a4af72c0b826f1d?s=96&#038;r=g&#038;d=mm\",\"contentUrl\":\"\\\/\\\/www.gravatar.com\\\/avatar\\\/d8d45f8901aadff40a4af72c0b826f1d?s=96&#038;r=g&#038;d=mm\",\"caption\":\"dorogimedence.hu\"}}]}<\/script>\n<!-- \/ Yoast SEO plugin. -->","yoast_head_json":{"title":"H\u00fasv\u00e9t ut\u00e1n j\u00f6n a nyit\u00e1s els\u0151 l\u00e9p\u00e9se","robots":{"index":"index","follow":"follow","max-snippet":"max-snippet:-1","max-image-preview":"max-image-preview:large","max-video-preview":"max-video-preview:-1"},"canonical":"https:\/\/dorogimedence.hu\/index.php\/2021\/03\/27\/husvet-utan-jon-a-nyitas-elso-lepese\/","og_locale":"hu_HU","og_type":"article","og_title":"H\u00fasv\u00e9t ut\u00e1n j\u00f6n a nyit\u00e1s els\u0151 l\u00e9p\u00e9se","og_description":"A kereskedelmi \u00e9s iparkamara, illetve a gazdas\u00e1gi \u00e9let szerepl\u0151i \u00e1ltal javasolt v\u00e1ltoztat\u00e1sok bevezet\u00e9s\u00e9re akkor van lehet\u0151s\u00e9g, ha a beadott olt\u00e1ssz\u00e1m tekintet\u00e9ben Magyarorsz\u00e1g \u00e1tl\u00e9pi a 2,5 milli\u00f3s hat\u00e1rt, azaz 2,5 milli\u00f3 ember legal\u00e1bb az els\u0151 olt\u00e1s\u00e1t megkapta &#8211; k\u00f6z\u00f6lte a Minisztereln\u00f6ks\u00e9get vezet\u0151 miniszter p\u00e9nteken rendk\u00edv\u00fcli online t\u00e1j\u00e9koztat\u00f3j\u00e1n, hozz\u00e1t\u00e9ve: ez a jelenlegi sz\u00e1m\u00edt\u00e1sok szerint a h\u00fasv\u00e9th\u00e9tf\u0151t k\u00f6vet\u0151","og_url":"https:\/\/dorogimedence.hu\/index.php\/2021\/03\/27\/husvet-utan-jon-a-nyitas-elso-lepese\/","og_site_name":"Dorogi-medence Region\u00e1lis H\u00edrport\u00e1l","article_publisher":"https:\/\/www.facebook.com\/dorogimedence\/","article_published_time":"2021-03-27T06:15:30+00:00","article_modified_time":"2021-03-27T06:16:22+00:00","og_image":[{"width":830,"height":450,"url":"https:\/\/i0.wp.com\/dorogimedence.hu\/wp-content\/uploads\/2021\/03\/gulyas-gergely-2.jpg?fit=830%2C450&ssl=1","type":"image\/jpeg"}],"author":"dorogimedence.hu","twitter_card":"summary_large_image","twitter_misc":{"Szerz\u0151:":"dorogimedence.hu","Becs\u00fclt olvas\u00e1si id\u0151":"3 perc"},"schema":{"@context":"https:\/\/schema.org","@graph":[{"@type":"Article","@id":"https:\/\/dorogimedence.hu\/index.php\/2021\/03\/27\/husvet-utan-jon-a-nyitas-elso-lepese\/#article","isPartOf":{"@id":"https:\/\/dorogimedence.hu\/index.php\/2021\/03\/27\/husvet-utan-jon-a-nyitas-elso-lepese\/"},"author":{"name":"dorogimedence.hu","@id":"https:\/\/dorogimedence.hu\/#\/schema\/person\/ce6091eeb7e95ecdc87890d6aa8e0fd4"},"headline":"H\u00fasv\u00e9t ut\u00e1n j\u00f6n a nyit\u00e1s els\u0151 l\u00e9p\u00e9se","datePublished":"2021-03-27T06:15:30+00:00","dateModified":"2021-03-27T06:16:22+00:00","mainEntityOfPage":{"@id":"https:\/\/dorogimedence.hu\/index.php\/2021\/03\/27\/husvet-utan-jon-a-nyitas-elso-lepese\/"},"wordCount":549,"publisher":{"@id":"https:\/\/dorogimedence.hu\/#organization"},"image":{"@id":"https:\/\/dorogimedence.hu\/index.php\/2021\/03\/27\/husvet-utan-jon-a-nyitas-elso-lepese\/#primaryimage"},"thumbnailUrl":"https:\/\/dorogimedence.hu\/wp-content\/uploads\/2021\/03\/gulyas-gergely-2.jpg","keywords":["korl\u00e1toz\u00e1sok","koronav\u00edrus"],"articleSection":["H\u00edrek"],"inLanguage":"hu"},{"@type":"WebPage","@id":"https:\/\/dorogimedence.hu\/index.php\/2021\/03\/27\/husvet-utan-jon-a-nyitas-elso-lepese\/","url":"https:\/\/dorogimedence.hu\/index.php\/2021\/03\/27\/husvet-utan-jon-a-nyitas-elso-lepese\/","name":"H\u00fasv\u00e9t ut\u00e1n j\u00f6n a nyit\u00e1s els\u0151 l\u00e9p\u00e9se","isPartOf":{"@id":"https:\/\/dorogimedence.hu\/#website"},"primaryImageOfPage":{"@id":"https:\/\/dorogimedence.hu\/index.php\/2021\/03\/27\/husvet-utan-jon-a-nyitas-elso-lepese\/#primaryimage"},"image":{"@id":"https:\/\/dorogimedence.hu\/index.php\/2021\/03\/27\/husvet-utan-jon-a-nyitas-elso-lepese\/#primaryimage"},"thumbnailUrl":"https:\/\/dorogimedence.hu\/wp-content\/uploads\/2021\/03\/gulyas-gergely-2.jpg","datePublished":"2021-03-27T06:15:30+00:00","dateModified":"2021-03-27T06:16:22+00:00","breadcrumb":{"@id":"https:\/\/dorogimedence.hu\/index.php\/2021\/03\/27\/husvet-utan-jon-a-nyitas-elso-lepese\/#breadcrumb"},"inLanguage":"hu","potentialAction":[{"@type":"ReadAction","target":["https:\/\/dorogimedence.hu\/index.php\/2021\/03\/27\/husvet-utan-jon-a-nyitas-elso-lepese\/"]}]},{"@type":"ImageObject","inLanguage":"hu","@id":"https:\/\/dorogimedence.hu\/index.php\/2021\/03\/27\/husvet-utan-jon-a-nyitas-elso-lepese\/#primaryimage","url":"https:\/\/dorogimedence.hu\/wp-content\/uploads\/2021\/03\/gulyas-gergely-2.jpg","contentUrl":"https:\/\/dorogimedence.hu\/wp-content\/uploads\/2021\/03\/gulyas-gergely-2.jpg","width":830,"height":450},{"@type":"BreadcrumbList","@id":"https:\/\/dorogimedence.hu\/index.php\/2021\/03\/27\/husvet-utan-jon-a-nyitas-elso-lepese\/#breadcrumb","itemListElement":[{"@type":"ListItem","position":1,"name":"Kezd\u0151lap","item":"https:\/\/dorogimedence.hu\/"},{"@type":"ListItem","position":2,"name":"H\u00fasv\u00e9t ut\u00e1n j\u00f6n a nyit\u00e1s els\u0151 l\u00e9p\u00e9se"}]},{"@type":"WebSite","@id":"https:\/\/dorogimedence.hu\/#website","url":"https:\/\/dorogimedence.hu\/","name":"Dorogi-medence Region\u00e1lis H\u00edrport\u00e1l","description":"Dorog, Keszt\u00f6lc, Le\u00e1nyv\u00e1r, Piliscs\u00e9v, Tokod, Tokodalt\u00e1r\u00f3, Csolnok, Esztergom-kertv\u00e1ros: h\u00edrek, programok","publisher":{"@id":"https:\/\/dorogimedence.hu\/#organization"},"potentialAction":[{"@type":"SearchAction","target":{"@type":"EntryPoint","urlTemplate":"https:\/\/dorogimedence.hu\/?s={search_term_string}"},"query-input":{"@type":"PropertyValueSpecification","valueRequired":true,"valueName":"search_term_string"}}],"inLanguage":"hu"},{"@type":"Organization","@id":"https:\/\/dorogimedence.hu\/#organization","name":"Dorogi-medence Region\u00e1lis H\u00edrport\u00e1l","url":"https:\/\/dorogimedence.hu\/","logo":{"@type":"ImageObject","inLanguage":"hu","@id":"https:\/\/dorogimedence.hu\/#\/schema\/logo\/image\/","url":"https:\/\/dorogimedence.hu\/wp-content\/uploads\/2021\/04\/logo-feher-600.png","contentUrl":"https:\/\/dorogimedence.hu\/wp-content\/uploads\/2021\/04\/logo-feher-600.png","width":600,"height":100,"caption":"Dorogi-medence Region\u00e1lis H\u00edrport\u00e1l"},"image":{"@id":"https:\/\/dorogimedence.hu\/#\/schema\/logo\/image\/"},"sameAs":["https:\/\/www.facebook.com\/dorogimedence\/"]},{"@type":"Person","@id":"https:\/\/dorogimedence.hu\/#\/schema\/person\/ce6091eeb7e95ecdc87890d6aa8e0fd4","name":"dorogimedence.hu","image":{"@type":"ImageObject","inLanguage":"hu","@id":"\/\/www.gravatar.com\/avatar\/d8d45f8901aadff40a4af72c0b826f1d?s=96&#038;r=g&#038;d=mm","url":"\/\/www.gravatar.com\/avatar\/d8d45f8901aadff40a4af72c0b826f1d?s=96&#038;r=g&#038;d=mm","contentUrl":"\/\/www.gravatar.com\/avatar\/d8d45f8901aadff40a4af72c0b826f1d?s=96&#038;r=g&#038;d=mm","caption":"dorogimedence.hu"}}]}},"_links":{"self":[{"href":"https:\/\/dorogimedence.hu\/index.php\/wp-json\/wp\/v2\/posts\/31400","targetHints":{"allow":["GET"]}}],"collection":[{"href":"https:\/\/dorogimedence.hu\/index.php\/wp-json\/wp\/v2\/posts"}],"about":[{"href":"https:\/\/dorogimedence.hu\/index.php\/wp-json\/wp\/v2\/types\/post"}],"author":[{"embeddable":true,"href":"https:\/\/dorogimedence.hu\/index.php\/wp-json\/wp\/v2\/users\/1"}],"replies":[{"embeddable":true,"href":"https:\/\/dorogimedence.hu\/index.php\/wp-json\/wp\/v2\/comments?post=31400"}],"version-history":[{"count":0,"href":"https:\/\/dorogimedence.hu\/index.php\/wp-json\/wp\/v2\/posts\/31400\/revisions"}],"wp:featuredmedia":[{"embeddable":true,"href":"https:\/\/dorogimedence.hu\/index.php\/wp-json\/wp\/v2\/media\/31408"}],"wp:attachment":[{"href":"https:\/\/dorogimedence.hu\/index.php\/wp-json\/wp\/v2\/media?parent=31400"}],"wp:term":[{"taxonomy":"category","embeddable":true,"href":"https:\/\/dorogimedence.hu\/index.php\/wp-json\/wp\/v2\/categories?post=31400"},{"taxonomy":"post_tag","embeddable":true,"href":"https:\/\/dorogimedence.hu\/index.php\/wp-json\/wp\/v2\/tags?post=31400"}],"curies":[{"name":"wp","href":"https:\/\/api.w.org\/{rel}","templated":true}]}}