{"id":31388,"date":"2021-03-26T12:51:00","date_gmt":"2021-03-26T11:51:00","guid":{"rendered":"http:\/\/dorogimedence.hu\/?p=31388"},"modified":"2021-03-26T12:52:52","modified_gmt":"2021-03-26T11:52:52","slug":"egy-nap-alatt-ket-autot-lopott-es-adott-le-a-meh-telepen","status":"publish","type":"post","link":"https:\/\/dorogimedence.hu\/index.php\/2021\/03\/26\/egy-nap-alatt-ket-autot-lopott-es-adott-le-a-meh-telepen\/","title":{"rendered":"Egy nap alatt k\u00e9t aut\u00f3t lopott \u00e9s adott le a M\u00c9H telepen"},"content":{"rendered":"<p><strong>Mint <a href=\"https:\/\/dorogimedence.hu\/index.php\/2021\/03\/19\/meh-telepre-kerult-a-lopott-auto\/\" target=\"_blank\" rel=\"noopener\"><span style=\"text-decoration: underline; color: #0000ff;\">kor\u00e1bban \u00edrtuk<\/span><\/a>, aut\u00f3lop\u00e1s kapcs\u00e1n a nyomoz\u00f3k egy 31 \u00e9ves esztergomi lakost hallgattak ki gyan\u00fas\u00edtottk\u00e9nt m\u00e1rcius 18-\u00e1n. A f\u00e9rfir\u0151l most kider\u00fclt, hogy ugyanazon a napon m\u00e9g egy aut\u00f3t ellopott, amit szint\u00e9n a M\u00c9H telepen adott le.<br \/>\n<\/strong><\/p>\n<p>Az Esztergomi Rend\u0151rkapit\u00e1nys\u00e1gon elj\u00e1r\u00e1s indult ismeretlen tettes ellen, aki 2021. m\u00e1rcius 16-\u00e1n egy esztergomi parkol\u00f3ban \u00e1ll\u00f3 g\u00e9pj\u00e1rm\u0171vet sz\u00e1ll\u00edttatott el egy M\u00c9H telepre. A nyomoz\u00f3k a felt\u00e9telezett elk\u00f6vet\u0151t azonos\u00edtott\u00e1k \u00e9s 2021. m\u00e1rcius 18-\u00e1n gyan\u00fas\u00edtottk\u00e9nt kihallgatt\u00e1k. N\u00e9h\u00e1ny nappal k\u00e9s\u0151bb \u00fajabb, hasonl\u00f3 esetr\u0151l \u00e9rkezett bejelent\u00e9s a rend\u0151rs\u00e9gre. Kider\u00fclt, hogy Sz. S. ugyanazon a napon egy m\u00e1sik g\u00e9pkocsit is elvitetett, amit szint\u00e9n leadott, ugyanazon a telephelyen. Miut\u00e1n a s\u00e9rtett feljelent\u00e9st tett, a rend\u0151r\u00f6k adatgy\u0171jt\u00e9sbe kezdtek \u00e9s meg\u00e1llap\u00edtott\u00e1k, hogy a b\u0171ncselekm\u00e9nyt ugyanaz a szem\u00e9ly k\u00f6vette el. A 31 \u00e9ves f\u00e9rfi ellen lop\u00e1s v\u00e9ts\u00e9g elk\u00f6vet\u00e9se miatt indult ism\u00e9t elj\u00e1r\u00e1s.<\/p>\n<p><em>Fot\u00f3, forr\u00e1s: police.hu<\/em><\/p>\n","protected":false},"excerpt":{"rendered":"<p>Mint kor\u00e1bban \u00edrtuk, aut\u00f3lop\u00e1s kapcs\u00e1n a nyomoz\u00f3k egy 31 \u00e9ves esztergomi lakost hallgattak ki gyan\u00fas\u00edtottk\u00e9nt m\u00e1rcius 18-\u00e1n. A f\u00e9rfir\u0151l most kider\u00fclt, hogy ugyanazon a napon m\u00e9g egy aut\u00f3t ellopott, amit szint\u00e9n a M\u00c9H telepen adott le. Az Esztergomi Rend\u0151rkapit\u00e1nys\u00e1gon elj\u00e1r\u00e1s indult ismeretlen tettes ellen, aki 2021. m\u00e1rcius 16-\u00e1n egy esztergomi parkol\u00f3ban \u00e1ll\u00f3 g\u00e9pj\u00e1rm\u0171vet sz\u00e1ll\u00edttatott el<\/p>\n","protected":false},"author":1,"featured_media":31200,"comment_status":"closed","ping_status":"closed","sticky":false,"template":"","format":"standard","meta":{"ngg_post_thumbnail":0,"footnotes":""},"categories":[38,3,39],"tags":[1320,63,42,447,61],"class_list":{"0":"post-31388","1":"post","2":"type-post","3":"status-publish","4":"format-standard","5":"has-post-thumbnail","7":"category-esztergom","8":"category-hirek","9":"category-kek-hirek","10":"tag-autolopas","11":"tag-buncselekmeny","12":"tag-esztergom","13":"tag-lopas","14":"tag-rendorsegi-hirek"},"yoast_head":"<!-- This site is optimized with the Yoast SEO plugin v27.5 - https:\/\/yoast.com\/product\/yoast-seo-wordpress\/ -->\n<title>Egy nap alatt k\u00e9t aut\u00f3t lopott \u00e9s adott le a M\u00c9H telepen<\/title>\n<meta name=\"robots\" content=\"index, follow, max-snippet:-1, max-image-preview:large, max-video-preview:-1\" \/>\n<link rel=\"canonical\" href=\"https:\/\/dorogimedence.hu\/index.php\/2021\/03\/26\/egy-nap-alatt-ket-autot-lopott-es-adott-le-a-meh-telepen\/\" class=\"yoast-seo-meta-tag\" \/>\n<meta property=\"og:locale\" content=\"hu_HU\" class=\"yoast-seo-meta-tag\" \/>\n<meta property=\"og:type\" content=\"article\" class=\"yoast-seo-meta-tag\" \/>\n<meta property=\"og:title\" content=\"Egy nap alatt k\u00e9t aut\u00f3t lopott \u00e9s adott le a M\u00c9H telepen\" class=\"yoast-seo-meta-tag\" \/>\n<meta property=\"og:description\" content=\"Mint kor\u00e1bban \u00edrtuk, aut\u00f3lop\u00e1s kapcs\u00e1n a nyomoz\u00f3k egy 31 \u00e9ves esztergomi lakost hallgattak ki gyan\u00fas\u00edtottk\u00e9nt m\u00e1rcius 18-\u00e1n. A f\u00e9rfir\u0151l most kider\u00fclt, hogy ugyanazon a napon m\u00e9g egy aut\u00f3t ellopott, amit szint\u00e9n a M\u00c9H telepen adott le. Az Esztergomi Rend\u0151rkapit\u00e1nys\u00e1gon elj\u00e1r\u00e1s indult ismeretlen tettes ellen, aki 2021. m\u00e1rcius 16-\u00e1n egy esztergomi parkol\u00f3ban \u00e1ll\u00f3 g\u00e9pj\u00e1rm\u0171vet sz\u00e1ll\u00edttatott el\" class=\"yoast-seo-meta-tag\" \/>\n<meta property=\"og:url\" content=\"https:\/\/dorogimedence.hu\/index.php\/2021\/03\/26\/egy-nap-alatt-ket-autot-lopott-es-adott-le-a-meh-telepen\/\" class=\"yoast-seo-meta-tag\" \/>\n<meta property=\"og:site_name\" content=\"Dorogi-medence Region\u00e1lis H\u00edrport\u00e1l\" class=\"yoast-seo-meta-tag\" \/>\n<meta property=\"article:publisher\" content=\"https:\/\/www.facebook.com\/dorogimedence\/\" class=\"yoast-seo-meta-tag\" \/>\n<meta property=\"article:published_time\" content=\"2021-03-26T11:51:00+00:00\" class=\"yoast-seo-meta-tag\" \/>\n<meta property=\"article:modified_time\" content=\"2021-03-26T11:52:52+00:00\" class=\"yoast-seo-meta-tag\" \/>\n<meta property=\"og:image\" content=\"https:\/\/i0.wp.com\/dorogimedence.hu\/wp-content\/uploads\/2021\/03\/lopott-auto-01.jpg?fit=830%2C450&ssl=1\" class=\"yoast-seo-meta-tag\" \/>\n\t<meta property=\"og:image:width\" content=\"830\" class=\"yoast-seo-meta-tag\" \/>\n\t<meta property=\"og:image:height\" content=\"450\" class=\"yoast-seo-meta-tag\" \/>\n\t<meta property=\"og:image:type\" content=\"image\/jpeg\" class=\"yoast-seo-meta-tag\" \/>\n<meta name=\"author\" content=\"dorogimedence.hu\" class=\"yoast-seo-meta-tag\" \/>\n<meta name=\"twitter:card\" content=\"summary_large_image\" class=\"yoast-seo-meta-tag\" \/>\n<meta name=\"twitter:label1\" content=\"Szerz\u0151:\" class=\"yoast-seo-meta-tag\" \/>\n\t<meta name=\"twitter:data1\" content=\"dorogimedence.hu\" class=\"yoast-seo-meta-tag\" \/>\n\t<meta name=\"twitter:label2\" content=\"Becs\u00fclt olvas\u00e1si id\u0151\" class=\"yoast-seo-meta-tag\" \/>\n\t<meta name=\"twitter:data2\" content=\"1 perc\" class=\"yoast-seo-meta-tag\" \/>\n<script type=\"application\/ld+json\" class=\"yoast-schema-graph\">{\"@context\":\"https:\\\/\\\/schema.org\",\"@graph\":[{\"@type\":\"Article\",\"@id\":\"https:\\\/\\\/dorogimedence.hu\\\/index.php\\\/2021\\\/03\\\/26\\\/egy-nap-alatt-ket-autot-lopott-es-adott-le-a-meh-telepen\\\/#article\",\"isPartOf\":{\"@id\":\"https:\\\/\\\/dorogimedence.hu\\\/index.php\\\/2021\\\/03\\\/26\\\/egy-nap-alatt-ket-autot-lopott-es-adott-le-a-meh-telepen\\\/\"},\"author\":{\"name\":\"dorogimedence.hu\",\"@id\":\"https:\\\/\\\/dorogimedence.hu\\\/#\\\/schema\\\/person\\\/ce6091eeb7e95ecdc87890d6aa8e0fd4\"},\"headline\":\"Egy nap alatt k\u00e9t aut\u00f3t lopott \u00e9s adott le a M\u00c9H telepen\",\"datePublished\":\"2021-03-26T11:51:00+00:00\",\"dateModified\":\"2021-03-26T11:52:52+00:00\",\"mainEntityOfPage\":{\"@id\":\"https:\\\/\\\/dorogimedence.hu\\\/index.php\\\/2021\\\/03\\\/26\\\/egy-nap-alatt-ket-autot-lopott-es-adott-le-a-meh-telepen\\\/\"},\"wordCount\":223,\"publisher\":{\"@id\":\"https:\\\/\\\/dorogimedence.hu\\\/#organization\"},\"image\":{\"@id\":\"https:\\\/\\\/dorogimedence.hu\\\/index.php\\\/2021\\\/03\\\/26\\\/egy-nap-alatt-ket-autot-lopott-es-adott-le-a-meh-telepen\\\/#primaryimage\"},\"thumbnailUrl\":\"https:\\\/\\\/dorogimedence.hu\\\/wp-content\\\/uploads\\\/2021\\\/03\\\/lopott-auto-01.jpg\",\"keywords\":[\"aut\u00f3lop\u00e1s\",\"b\u0171ncselekm\u00e9ny\",\"esztergom\",\"lop\u00e1s\",\"rend\u0151rs\u00e9gi h\u00edrek\"],\"articleSection\":[\"Esztergom\",\"H\u00edrek\",\"K\u00e9k h\u00edrek\"],\"inLanguage\":\"hu\"},{\"@type\":\"WebPage\",\"@id\":\"https:\\\/\\\/dorogimedence.hu\\\/index.php\\\/2021\\\/03\\\/26\\\/egy-nap-alatt-ket-autot-lopott-es-adott-le-a-meh-telepen\\\/\",\"url\":\"https:\\\/\\\/dorogimedence.hu\\\/index.php\\\/2021\\\/03\\\/26\\\/egy-nap-alatt-ket-autot-lopott-es-adott-le-a-meh-telepen\\\/\",\"name\":\"Egy nap alatt k\u00e9t aut\u00f3t lopott \u00e9s adott le a M\u00c9H telepen\",\"isPartOf\":{\"@id\":\"https:\\\/\\\/dorogimedence.hu\\\/#website\"},\"primaryImageOfPage\":{\"@id\":\"https:\\\/\\\/dorogimedence.hu\\\/index.php\\\/2021\\\/03\\\/26\\\/egy-nap-alatt-ket-autot-lopott-es-adott-le-a-meh-telepen\\\/#primaryimage\"},\"image\":{\"@id\":\"https:\\\/\\\/dorogimedence.hu\\\/index.php\\\/2021\\\/03\\\/26\\\/egy-nap-alatt-ket-autot-lopott-es-adott-le-a-meh-telepen\\\/#primaryimage\"},\"thumbnailUrl\":\"https:\\\/\\\/dorogimedence.hu\\\/wp-content\\\/uploads\\\/2021\\\/03\\\/lopott-auto-01.jpg\",\"datePublished\":\"2021-03-26T11:51:00+00:00\",\"dateModified\":\"2021-03-26T11:52:52+00:00\",\"breadcrumb\":{\"@id\":\"https:\\\/\\\/dorogimedence.hu\\\/index.php\\\/2021\\\/03\\\/26\\\/egy-nap-alatt-ket-autot-lopott-es-adott-le-a-meh-telepen\\\/#breadcrumb\"},\"inLanguage\":\"hu\",\"potentialAction\":[{\"@type\":\"ReadAction\",\"target\":[\"https:\\\/\\\/dorogimedence.hu\\\/index.php\\\/2021\\\/03\\\/26\\\/egy-nap-alatt-ket-autot-lopott-es-adott-le-a-meh-telepen\\\/\"]}]},{\"@type\":\"ImageObject\",\"inLanguage\":\"hu\",\"@id\":\"https:\\\/\\\/dorogimedence.hu\\\/index.php\\\/2021\\\/03\\\/26\\\/egy-nap-alatt-ket-autot-lopott-es-adott-le-a-meh-telepen\\\/#primaryimage\",\"url\":\"https:\\\/\\\/dorogimedence.hu\\\/wp-content\\\/uploads\\\/2021\\\/03\\\/lopott-auto-01.jpg\",\"contentUrl\":\"https:\\\/\\\/dorogimedence.hu\\\/wp-content\\\/uploads\\\/2021\\\/03\\\/lopott-auto-01.jpg\",\"width\":830,\"height\":450},{\"@type\":\"BreadcrumbList\",\"@id\":\"https:\\\/\\\/dorogimedence.hu\\\/index.php\\\/2021\\\/03\\\/26\\\/egy-nap-alatt-ket-autot-lopott-es-adott-le-a-meh-telepen\\\/#breadcrumb\",\"itemListElement\":[{\"@type\":\"ListItem\",\"position\":1,\"name\":\"Kezd\u0151lap\",\"item\":\"https:\\\/\\\/dorogimedence.hu\\\/\"},{\"@type\":\"ListItem\",\"position\":2,\"name\":\"Egy nap alatt k\u00e9t aut\u00f3t lopott \u00e9s adott le a M\u00c9H telepen\"}]},{\"@type\":\"WebSite\",\"@id\":\"https:\\\/\\\/dorogimedence.hu\\\/#website\",\"url\":\"https:\\\/\\\/dorogimedence.hu\\\/\",\"name\":\"Dorogi-medence Region\u00e1lis H\u00edrport\u00e1l\",\"description\":\"Dorog, Keszt\u00f6lc, Le\u00e1nyv\u00e1r, Piliscs\u00e9v, Tokod, Tokodalt\u00e1r\u00f3, Csolnok, Esztergom-kertv\u00e1ros: h\u00edrek, programok\",\"publisher\":{\"@id\":\"https:\\\/\\\/dorogimedence.hu\\\/#organization\"},\"potentialAction\":[{\"@type\":\"SearchAction\",\"target\":{\"@type\":\"EntryPoint\",\"urlTemplate\":\"https:\\\/\\\/dorogimedence.hu\\\/?s={search_term_string}\"},\"query-input\":{\"@type\":\"PropertyValueSpecification\",\"valueRequired\":true,\"valueName\":\"search_term_string\"}}],\"inLanguage\":\"hu\"},{\"@type\":\"Organization\",\"@id\":\"https:\\\/\\\/dorogimedence.hu\\\/#organization\",\"name\":\"Dorogi-medence Region\u00e1lis H\u00edrport\u00e1l\",\"url\":\"https:\\\/\\\/dorogimedence.hu\\\/\",\"logo\":{\"@type\":\"ImageObject\",\"inLanguage\":\"hu\",\"@id\":\"https:\\\/\\\/dorogimedence.hu\\\/#\\\/schema\\\/logo\\\/image\\\/\",\"url\":\"https:\\\/\\\/dorogimedence.hu\\\/wp-content\\\/uploads\\\/2021\\\/04\\\/logo-feher-600.png\",\"contentUrl\":\"https:\\\/\\\/dorogimedence.hu\\\/wp-content\\\/uploads\\\/2021\\\/04\\\/logo-feher-600.png\",\"width\":600,\"height\":100,\"caption\":\"Dorogi-medence Region\u00e1lis H\u00edrport\u00e1l\"},\"image\":{\"@id\":\"https:\\\/\\\/dorogimedence.hu\\\/#\\\/schema\\\/logo\\\/image\\\/\"},\"sameAs\":[\"https:\\\/\\\/www.facebook.com\\\/dorogimedence\\\/\"]},{\"@type\":\"Person\",\"@id\":\"https:\\\/\\\/dorogimedence.hu\\\/#\\\/schema\\\/person\\\/ce6091eeb7e95ecdc87890d6aa8e0fd4\",\"name\":\"dorogimedence.hu\",\"image\":{\"@type\":\"ImageObject\",\"inLanguage\":\"hu\",\"@id\":\"\\\/\\\/www.gravatar.com\\\/avatar\\\/d8d45f8901aadff40a4af72c0b826f1d?s=96&#038;r=g&#038;d=mm\",\"url\":\"\\\/\\\/www.gravatar.com\\\/avatar\\\/d8d45f8901aadff40a4af72c0b826f1d?s=96&#038;r=g&#038;d=mm\",\"contentUrl\":\"\\\/\\\/www.gravatar.com\\\/avatar\\\/d8d45f8901aadff40a4af72c0b826f1d?s=96&#038;r=g&#038;d=mm\",\"caption\":\"dorogimedence.hu\"}}]}<\/script>\n<!-- \/ Yoast SEO plugin. -->","yoast_head_json":{"title":"Egy nap alatt k\u00e9t aut\u00f3t lopott \u00e9s adott le a M\u00c9H telepen","robots":{"index":"index","follow":"follow","max-snippet":"max-snippet:-1","max-image-preview":"max-image-preview:large","max-video-preview":"max-video-preview:-1"},"canonical":"https:\/\/dorogimedence.hu\/index.php\/2021\/03\/26\/egy-nap-alatt-ket-autot-lopott-es-adott-le-a-meh-telepen\/","og_locale":"hu_HU","og_type":"article","og_title":"Egy nap alatt k\u00e9t aut\u00f3t lopott \u00e9s adott le a M\u00c9H telepen","og_description":"Mint kor\u00e1bban \u00edrtuk, aut\u00f3lop\u00e1s kapcs\u00e1n a nyomoz\u00f3k egy 31 \u00e9ves esztergomi lakost hallgattak ki gyan\u00fas\u00edtottk\u00e9nt m\u00e1rcius 18-\u00e1n. A f\u00e9rfir\u0151l most kider\u00fclt, hogy ugyanazon a napon m\u00e9g egy aut\u00f3t ellopott, amit szint\u00e9n a M\u00c9H telepen adott le. Az Esztergomi Rend\u0151rkapit\u00e1nys\u00e1gon elj\u00e1r\u00e1s indult ismeretlen tettes ellen, aki 2021. m\u00e1rcius 16-\u00e1n egy esztergomi parkol\u00f3ban \u00e1ll\u00f3 g\u00e9pj\u00e1rm\u0171vet sz\u00e1ll\u00edttatott el","og_url":"https:\/\/dorogimedence.hu\/index.php\/2021\/03\/26\/egy-nap-alatt-ket-autot-lopott-es-adott-le-a-meh-telepen\/","og_site_name":"Dorogi-medence Region\u00e1lis H\u00edrport\u00e1l","article_publisher":"https:\/\/www.facebook.com\/dorogimedence\/","article_published_time":"2021-03-26T11:51:00+00:00","article_modified_time":"2021-03-26T11:52:52+00:00","og_image":[{"width":830,"height":450,"url":"https:\/\/i0.wp.com\/dorogimedence.hu\/wp-content\/uploads\/2021\/03\/lopott-auto-01.jpg?fit=830%2C450&ssl=1","type":"image\/jpeg"}],"author":"dorogimedence.hu","twitter_card":"summary_large_image","twitter_misc":{"Szerz\u0151:":"dorogimedence.hu","Becs\u00fclt olvas\u00e1si id\u0151":"1 perc"},"schema":{"@context":"https:\/\/schema.org","@graph":[{"@type":"Article","@id":"https:\/\/dorogimedence.hu\/index.php\/2021\/03\/26\/egy-nap-alatt-ket-autot-lopott-es-adott-le-a-meh-telepen\/#article","isPartOf":{"@id":"https:\/\/dorogimedence.hu\/index.php\/2021\/03\/26\/egy-nap-alatt-ket-autot-lopott-es-adott-le-a-meh-telepen\/"},"author":{"name":"dorogimedence.hu","@id":"https:\/\/dorogimedence.hu\/#\/schema\/person\/ce6091eeb7e95ecdc87890d6aa8e0fd4"},"headline":"Egy nap alatt k\u00e9t aut\u00f3t lopott \u00e9s adott le a M\u00c9H telepen","datePublished":"2021-03-26T11:51:00+00:00","dateModified":"2021-03-26T11:52:52+00:00","mainEntityOfPage":{"@id":"https:\/\/dorogimedence.hu\/index.php\/2021\/03\/26\/egy-nap-alatt-ket-autot-lopott-es-adott-le-a-meh-telepen\/"},"wordCount":223,"publisher":{"@id":"https:\/\/dorogimedence.hu\/#organization"},"image":{"@id":"https:\/\/dorogimedence.hu\/index.php\/2021\/03\/26\/egy-nap-alatt-ket-autot-lopott-es-adott-le-a-meh-telepen\/#primaryimage"},"thumbnailUrl":"https:\/\/dorogimedence.hu\/wp-content\/uploads\/2021\/03\/lopott-auto-01.jpg","keywords":["aut\u00f3lop\u00e1s","b\u0171ncselekm\u00e9ny","esztergom","lop\u00e1s","rend\u0151rs\u00e9gi h\u00edrek"],"articleSection":["Esztergom","H\u00edrek","K\u00e9k h\u00edrek"],"inLanguage":"hu"},{"@type":"WebPage","@id":"https:\/\/dorogimedence.hu\/index.php\/2021\/03\/26\/egy-nap-alatt-ket-autot-lopott-es-adott-le-a-meh-telepen\/","url":"https:\/\/dorogimedence.hu\/index.php\/2021\/03\/26\/egy-nap-alatt-ket-autot-lopott-es-adott-le-a-meh-telepen\/","name":"Egy nap alatt k\u00e9t aut\u00f3t lopott \u00e9s adott le a M\u00c9H telepen","isPartOf":{"@id":"https:\/\/dorogimedence.hu\/#website"},"primaryImageOfPage":{"@id":"https:\/\/dorogimedence.hu\/index.php\/2021\/03\/26\/egy-nap-alatt-ket-autot-lopott-es-adott-le-a-meh-telepen\/#primaryimage"},"image":{"@id":"https:\/\/dorogimedence.hu\/index.php\/2021\/03\/26\/egy-nap-alatt-ket-autot-lopott-es-adott-le-a-meh-telepen\/#primaryimage"},"thumbnailUrl":"https:\/\/dorogimedence.hu\/wp-content\/uploads\/2021\/03\/lopott-auto-01.jpg","datePublished":"2021-03-26T11:51:00+00:00","dateModified":"2021-03-26T11:52:52+00:00","breadcrumb":{"@id":"https:\/\/dorogimedence.hu\/index.php\/2021\/03\/26\/egy-nap-alatt-ket-autot-lopott-es-adott-le-a-meh-telepen\/#breadcrumb"},"inLanguage":"hu","potentialAction":[{"@type":"ReadAction","target":["https:\/\/dorogimedence.hu\/index.php\/2021\/03\/26\/egy-nap-alatt-ket-autot-lopott-es-adott-le-a-meh-telepen\/"]}]},{"@type":"ImageObject","inLanguage":"hu","@id":"https:\/\/dorogimedence.hu\/index.php\/2021\/03\/26\/egy-nap-alatt-ket-autot-lopott-es-adott-le-a-meh-telepen\/#primaryimage","url":"https:\/\/dorogimedence.hu\/wp-content\/uploads\/2021\/03\/lopott-auto-01.jpg","contentUrl":"https:\/\/dorogimedence.hu\/wp-content\/uploads\/2021\/03\/lopott-auto-01.jpg","width":830,"height":450},{"@type":"BreadcrumbList","@id":"https:\/\/dorogimedence.hu\/index.php\/2021\/03\/26\/egy-nap-alatt-ket-autot-lopott-es-adott-le-a-meh-telepen\/#breadcrumb","itemListElement":[{"@type":"ListItem","position":1,"name":"Kezd\u0151lap","item":"https:\/\/dorogimedence.hu\/"},{"@type":"ListItem","position":2,"name":"Egy nap alatt k\u00e9t aut\u00f3t lopott \u00e9s adott le a M\u00c9H telepen"}]},{"@type":"WebSite","@id":"https:\/\/dorogimedence.hu\/#website","url":"https:\/\/dorogimedence.hu\/","name":"Dorogi-medence Region\u00e1lis H\u00edrport\u00e1l","description":"Dorog, Keszt\u00f6lc, Le\u00e1nyv\u00e1r, Piliscs\u00e9v, Tokod, Tokodalt\u00e1r\u00f3, Csolnok, Esztergom-kertv\u00e1ros: h\u00edrek, programok","publisher":{"@id":"https:\/\/dorogimedence.hu\/#organization"},"potentialAction":[{"@type":"SearchAction","target":{"@type":"EntryPoint","urlTemplate":"https:\/\/dorogimedence.hu\/?s={search_term_string}"},"query-input":{"@type":"PropertyValueSpecification","valueRequired":true,"valueName":"search_term_string"}}],"inLanguage":"hu"},{"@type":"Organization","@id":"https:\/\/dorogimedence.hu\/#organization","name":"Dorogi-medence Region\u00e1lis H\u00edrport\u00e1l","url":"https:\/\/dorogimedence.hu\/","logo":{"@type":"ImageObject","inLanguage":"hu","@id":"https:\/\/dorogimedence.hu\/#\/schema\/logo\/image\/","url":"https:\/\/dorogimedence.hu\/wp-content\/uploads\/2021\/04\/logo-feher-600.png","contentUrl":"https:\/\/dorogimedence.hu\/wp-content\/uploads\/2021\/04\/logo-feher-600.png","width":600,"height":100,"caption":"Dorogi-medence Region\u00e1lis H\u00edrport\u00e1l"},"image":{"@id":"https:\/\/dorogimedence.hu\/#\/schema\/logo\/image\/"},"sameAs":["https:\/\/www.facebook.com\/dorogimedence\/"]},{"@type":"Person","@id":"https:\/\/dorogimedence.hu\/#\/schema\/person\/ce6091eeb7e95ecdc87890d6aa8e0fd4","name":"dorogimedence.hu","image":{"@type":"ImageObject","inLanguage":"hu","@id":"\/\/www.gravatar.com\/avatar\/d8d45f8901aadff40a4af72c0b826f1d?s=96&#038;r=g&#038;d=mm","url":"\/\/www.gravatar.com\/avatar\/d8d45f8901aadff40a4af72c0b826f1d?s=96&#038;r=g&#038;d=mm","contentUrl":"\/\/www.gravatar.com\/avatar\/d8d45f8901aadff40a4af72c0b826f1d?s=96&#038;r=g&#038;d=mm","caption":"dorogimedence.hu"}}]}},"_links":{"self":[{"href":"https:\/\/dorogimedence.hu\/index.php\/wp-json\/wp\/v2\/posts\/31388","targetHints":{"allow":["GET"]}}],"collection":[{"href":"https:\/\/dorogimedence.hu\/index.php\/wp-json\/wp\/v2\/posts"}],"about":[{"href":"https:\/\/dorogimedence.hu\/index.php\/wp-json\/wp\/v2\/types\/post"}],"author":[{"embeddable":true,"href":"https:\/\/dorogimedence.hu\/index.php\/wp-json\/wp\/v2\/users\/1"}],"replies":[{"embeddable":true,"href":"https:\/\/dorogimedence.hu\/index.php\/wp-json\/wp\/v2\/comments?post=31388"}],"version-history":[{"count":0,"href":"https:\/\/dorogimedence.hu\/index.php\/wp-json\/wp\/v2\/posts\/31388\/revisions"}],"wp:featuredmedia":[{"embeddable":true,"href":"https:\/\/dorogimedence.hu\/index.php\/wp-json\/wp\/v2\/media\/31200"}],"wp:attachment":[{"href":"https:\/\/dorogimedence.hu\/index.php\/wp-json\/wp\/v2\/media?parent=31388"}],"wp:term":[{"taxonomy":"category","embeddable":true,"href":"https:\/\/dorogimedence.hu\/index.php\/wp-json\/wp\/v2\/categories?post=31388"},{"taxonomy":"post_tag","embeddable":true,"href":"https:\/\/dorogimedence.hu\/index.php\/wp-json\/wp\/v2\/tags?post=31388"}],"curies":[{"name":"wp","href":"https:\/\/api.w.org\/{rel}","templated":true}]}}