{"id":31378,"date":"2021-03-26T09:29:59","date_gmt":"2021-03-26T08:29:59","guid":{"rendered":"http:\/\/dorogimedence.hu\/?p=31378"},"modified":"2021-03-26T09:30:29","modified_gmt":"2021-03-26T08:30:29","slug":"a-hetvegi-oraatallitas-nehany-ejszakai-vonatot-erint","status":"publish","type":"post","link":"https:\/\/dorogimedence.hu\/index.php\/2021\/03\/26\/a-hetvegi-oraatallitas-nehany-ejszakai-vonatot-erint\/","title":{"rendered":"A h\u00e9tv\u00e9gi \u00f3ra\u00e1t\u00e1ll\u00edt\u00e1s n\u00e9h\u00e1ny \u00e9jszakai vonatot \u00e9rint"},"content":{"rendered":"<p><strong>M\u00e1rcius 28-\u00e1n, vas\u00e1rnap kezd\u0151dik a ny\u00e1ri id\u0151sz\u00e1m\u00edt\u00e1s, az \u00f3r\u00e1kat hivatalosan hajnali kett\u0151kor h\u00e1rom \u00f3r\u00e1ra \u00e1ll\u00edtj\u00e1k. Az \u00f3raigaz\u00edt\u00e1s n\u00e9h\u00e1ny belf\u00f6ldi \u00e9s nemzetk\u00f6zi vonat menetrendj\u00e9t befoly\u00e1solja. Az \u00f3ra\u00e1t\u00e1ll\u00edt\u00e1s a Vol\u00e1nbusz j\u00e1ratait nem \u00e9rinti.<\/strong><\/p>\n<p><strong><em>Az \u00f3ra\u00e1ll\u00edt\u00e1sban \u00e9rintett belf\u00f6ldi vonatok:<\/em><\/strong><\/p>\n<ul>\n<li>A Nyugati p\u00e1lyaudvarr\u00f3l egy hajnali S72-es esztergomi szem\u00e9lyvonat 35 perccel k\u00e9s\u0151bb, 3 \u00f3rakor indul.<\/li>\n<li>A Nyugati p\u00e1lyaudvarr\u00f3l Szobra 0:52-kor indul\u00f3 S70-es vonat az eredeti menetrendhez k\u00e9pest Szob als\u00f3 \u00e9s Szob k\u00f6z\u00f6tt 60 perccel k\u00e9s\u0151bb k\u00f6zlekedik, 3:06-kor \u00e9rkezik Szobra. A Nyugati p\u00e1lyaudvarr\u00f3l Szobra 1:52-kor indul\u00f3 S70-es vonat nem k\u00f6zlekedik m\u00e1rcius 28-\u00e1n. A Nyugatib\u00f3l Szobra 2:52-kor indul\u00f3 S70-es vonat 8 perccel k\u00e9s\u0151bb 3 \u00f3rakor indul.&nbsp;<\/li>\n<li>A Nyugati p\u00e1lyaudvarr\u00f3l Szolnokra 0:43-kor indul\u00f3 S50-es vonat az eredeti menetrendhez k\u00e9pest Cegl\u00e9d \u00e9s Szolnok k\u00f6z\u00f6tt 60 perccel k\u00e9s\u0151bb k\u00f6zlekedik, Szolnokra 3:24-re fut be.&nbsp;<\/li>\n<li>A Nyugati p\u00e1lyaudvarr\u00f3l Cegl\u00e9dre 1:43-kor indul\u00f3 2620-as sz\u00e1m\u00fa vonat nem k\u00f6zlekedik m\u00e1rcius 28-\u00e1n.<\/li>\n<li>A Nyugatib\u00f3l Szolnokra 2:43-kor indul\u00f3 S50-es vonat 17 perccel k\u00e9s\u0151bb, 2:43 helyett 3 \u00f3rakor indul.<\/li>\n<li>Debrecenb\u0151l a Nyugati p\u00e1lyaudvarra 2:31-kor indul\u00f3 sebesvonat 29 perccel k\u00e9s\u0151bb, 3 \u00f3rakor indul, Szolnokt\u00f3l a 2849-es sz\u00e1m\u00fa vonat menetrendje szerint halad tov\u00e1bb 4:40-kor, a Nyugatiba 6:07-re fut be. A 2849-es sz\u00e1m\u00fa vonat 30 perccel kor\u00e1bban, 4:10-kor indul.<\/li>\n<li>A Debrecenb\u0151l Nagykerekibe 2:20-kor indul\u00f3 vonat 40 perccel k\u00e9s\u0151bb 3 \u00f3rakor indul.<\/li>\n<li>Szolnokr\u00f3l a Keleti p\u00e1lyaudvarra 2:58-kor indul\u00f3 G60-as vonat 3 \u00f3rakor indul.&nbsp;<\/li>\n<li>Lajosmizs\u00e9r\u0151l a f\u0151v\u00e1rosba k\u00f6zleked\u0151 S21-es jelz\u00e9s\u0171 szem\u00e9lyvonat 15 perccel k\u00e9s\u0151bb, h\u00e1rom \u00f3rakor indul.<\/li>\n<li>Kelebi\u00e1r\u00f3l a Keleti p\u00e1lyaudvarra 2:09-kor indul\u00f3 szem\u00e9lyvonat 51 perccel k\u00e9s\u0151bb, 3 \u00f3rakor indul.<\/li>\n<\/ul>\n<p><strong><em>Az \u00f3ra\u00e1ll\u00edt\u00e1s Magyarorsz\u00e1g ter\u00fclet\u00e9n k\u00e9t nemzetk\u00f6zi vonatot \u00e9rint:<\/em><\/strong><\/p>\n<ul>\n<li>a B\u00e9cs \u00e9s Bukarest k\u00f6z\u00f6tt k\u00f6zleked\u0151 347-es sz\u00e1m\u00fa Dacia nemzetk\u00f6zi gyorsvonat L\u0151k\u00f6sh\u00e1z\u00e1r\u00f3l m\u00e1r a ny\u00e1ri id\u0151sz\u00e1m\u00edt\u00e1s szerint indul 3:39-kor.<\/li>\n<li>a Bukarest \u00e9s B\u00e9cs k\u00f6z\u00f6tt k\u00f6zleked\u0151 346-os sz\u00e1m\u00fa Dacia nemzetk\u00f6zi gyorsvonat L\u0151k\u00f6sh\u00e1z\u00e1r\u00f3l a ny\u00e1ri id\u0151sz\u00e1m\u00edt\u00e1s szerint 3 \u00f3rakor, 60 perc k\u00e9s\u00e9ssel indul Budapest \u00e9s B\u00e9cs fel\u00e9.<\/li>\n<\/ul>\n<p><strong><em>A m\u00e1rcius 27-\u00e9n Magyarorsz\u00e1gr\u00f3l indul\u00f3 \u00e9jszakai vonatok k\u00f6r\u00fclbel\u00fcl 60 perccel k\u00e9s\u0151bb \u00e9rkeznek meg a k\u00fclf\u00f6ldi v\u00e9g\u00e1llom\u00e1sra:<\/em> <\/strong><\/p>\n<ul>\n<li>15:10-kor Bukarestbe indul\u00f3 79-es sz\u00e1m\u00fa Muntenia IC,<\/li>\n<li>17:40-kor Brass\u00f3ba indul\u00f3 407-es sz\u00e1m\u00fa Corona IC,<\/li>\n<li>19:10-kor Bukarestbe indul\u00f3 473-as sz\u00e1m\u00fa Ister IC,<\/li>\n<li>20:40-kor Salzburgba indul\u00f3 462-es sz\u00e1m\u00fa K\u00e1lm\u00e1n Imre EuroNight vonat.<\/li>\n<\/ul>\n<p><strong><em>Magyarorsz\u00e1gra m\u00e1rcius 28-\u00e1n \u00e9rkez\u0151 nemzetk\u00f6zi szem\u00e9lysz\u00e1ll\u00edt\u00f3 vonatok \u00e1ltal\u00e1ban 60 perccel k\u00e9s\u0151bb \u00e9rkeznek:<\/em><\/strong><\/p>\n<ul>\n<li>9:15-kor Bukarestb\u0151l \u00e9rkez\u0151 472-es sz\u00e1m\u00fa Ister IC,<\/li>\n<li>9:20-kor Brass\u00f3b\u00f3l \u00e9rkez\u0151 406-os sz\u00e1m\u00fa Corona IC,<\/li>\n<li>13:20-kor Bukarestb\u0151l \u00e9rkez\u0151 78-as sz\u00e1m\u00fa Muntenia IC vonat.<\/li>\n<\/ul>\n<p>Jegyv\u00e1s\u00e1rl\u00e1sn\u00e1l \u00e9rdemes haszn\u00e1lni a jegy\u00e9rt\u00e9kes\u00edt\u0151 automat\u00e1kat 5 sz\u00e1zal\u00e9kos kedvezm\u00e9nnyel, vegy\u00e9k ig\u00e9nybe \u2013 10 sz\u00e1zal\u00e9kos kedvezm\u00e9nnyel \u2013 az online jegyv\u00e1s\u00e1rl\u00e1st a meg\u00fajult Elvir\u00e1n vagy a M\u00c1V applik\u00e1ci\u00f3ban. A webes fel\u00fclet \u00e9s az applik\u00e1ci\u00f3 m\u00e1r k\u00f6z\u00f6s felhaszn\u00e1l\u00f3i fi\u00f3kkal haszn\u00e1lhat\u00f3. Az \u00f6nkiszolg\u00e1l\u00f3 csatorn\u00e1kon t\u00f6rt\u00e9n\u0151 jegyv\u00e1s\u00e1rl\u00e1s nem j\u00e1r szem\u00e9lyes \u00e9rintkez\u00e9ssel, az ilyen m\u00f3don t\u00f6rt\u00e9n\u0151 jegyv\u00e1s\u00e1rl\u00e1ssal az utasok cs\u00f6kkenthetik a fert\u0151z\u00e9s kock\u00e1zat\u00e1t. Az online v\u00e1s\u00e1rolt jegyeket ellen\u0151rz\u00e9skor bemutathatja az utas a M\u00c1V applik\u00e1ci\u00f3ban, de PDF form\u00e1tumban is kik\u00fcldi a rendszer, \u00edgy let\u00f6lthet\u0151, kinyomtathat\u00f3, vagy ak\u00e1r tov\u00e1bb k\u00fcldhet\u0151 az azt ig\u00e9nybe vev\u0151 rokonnak, ismer\u0151snek.<\/p>\n<p>A k\u00f6zleked\u00e9si t\u00e1rsas\u00e1goki tov\u00e1bbra is k\u00e9rik az utasokat, tarts\u00e1k be a k\u00f6zeg\u00e9szs\u00e9g\u00fcgyi el\u0151\u00edr\u00e1sokat. Az \u00e1llom\u00e1sok, meg\u00e1ll\u00f3k ter\u00fclet\u00e9n, illetve a vas\u00fati j\u00e1rm\u0171veken, buszokon tov\u00e1bbra is k\u00f6telez\u0151 az utaz\u00e1s teljes id\u0151tartama alatt az orrot \u00e9s sz\u00e1jat eltakar\u00f3 maszk visel\u00e9se. Akik nem viselnek maszkot, kiz\u00e1rhat\u00f3k az utaz\u00e1sb\u00f3l \u00e9s 8000 forint p\u00f3td\u00edj fizet\u00e9s\u00e9re k\u00f6telezhet\u0151k.<\/p>\n<p><em>M\u00c1V Zrt. Kommunik\u00e1ci\u00f3s Igazgat\u00f3s\u00e1g<\/em><\/p>\n","protected":false},"excerpt":{"rendered":"<p>M\u00e1rcius 28-\u00e1n, vas\u00e1rnap kezd\u0151dik a ny\u00e1ri id\u0151sz\u00e1m\u00edt\u00e1s, az \u00f3r\u00e1kat hivatalosan hajnali kett\u0151kor h\u00e1rom \u00f3r\u00e1ra \u00e1ll\u00edtj\u00e1k. Az \u00f3raigaz\u00edt\u00e1s n\u00e9h\u00e1ny belf\u00f6ldi \u00e9s nemzetk\u00f6zi vonat menetrendj\u00e9t befoly\u00e1solja. Az \u00f3ra\u00e1t\u00e1ll\u00edt\u00e1s a Vol\u00e1nbusz j\u00e1ratait nem \u00e9rinti. Az \u00f3ra\u00e1ll\u00edt\u00e1sban \u00e9rintett belf\u00f6ldi vonatok: A Nyugati p\u00e1lyaudvarr\u00f3l egy hajnali S72-es esztergomi szem\u00e9lyvonat 35 perccel k\u00e9s\u0151bb, 3 \u00f3rakor indul. A Nyugati p\u00e1lyaudvarr\u00f3l Szobra 0:52-kor<\/p>\n","protected":false},"author":1,"featured_media":0,"comment_status":"closed","ping_status":"closed","sticky":false,"template":"","format":"standard","meta":{"ngg_post_thumbnail":0,"footnotes":""},"categories":[3],"tags":[279,292,5106,603,381,291],"class_list":{"0":"post-31378","1":"post","2":"type-post","3":"status-publish","4":"format-standard","6":"category-hirek","7":"tag-kozlekedes","8":"tag-mav","9":"tag-mav-zrt","10":"tag-oraatallitas","11":"tag-vasut","12":"tag-vonat"},"yoast_head":"<!-- This site is optimized with the Yoast SEO plugin v27.5 - https:\/\/yoast.com\/product\/yoast-seo-wordpress\/ -->\n<title>A h\u00e9tv\u00e9gi \u00f3ra\u00e1t\u00e1ll\u00edt\u00e1s n\u00e9h\u00e1ny \u00e9jszakai vonatot \u00e9rint<\/title>\n<meta name=\"robots\" content=\"index, follow, max-snippet:-1, max-image-preview:large, max-video-preview:-1\" \/>\n<link rel=\"canonical\" href=\"https:\/\/dorogimedence.hu\/index.php\/2021\/03\/26\/a-hetvegi-oraatallitas-nehany-ejszakai-vonatot-erint\/\" class=\"yoast-seo-meta-tag\" \/>\n<meta property=\"og:locale\" content=\"hu_HU\" class=\"yoast-seo-meta-tag\" \/>\n<meta property=\"og:type\" content=\"article\" class=\"yoast-seo-meta-tag\" \/>\n<meta property=\"og:title\" content=\"A h\u00e9tv\u00e9gi \u00f3ra\u00e1t\u00e1ll\u00edt\u00e1s n\u00e9h\u00e1ny \u00e9jszakai vonatot \u00e9rint\" class=\"yoast-seo-meta-tag\" \/>\n<meta property=\"og:description\" content=\"M\u00e1rcius 28-\u00e1n, vas\u00e1rnap kezd\u0151dik a ny\u00e1ri id\u0151sz\u00e1m\u00edt\u00e1s, az \u00f3r\u00e1kat hivatalosan hajnali kett\u0151kor h\u00e1rom \u00f3r\u00e1ra \u00e1ll\u00edtj\u00e1k. Az \u00f3raigaz\u00edt\u00e1s n\u00e9h\u00e1ny belf\u00f6ldi \u00e9s nemzetk\u00f6zi vonat menetrendj\u00e9t befoly\u00e1solja. Az \u00f3ra\u00e1t\u00e1ll\u00edt\u00e1s a Vol\u00e1nbusz j\u00e1ratait nem \u00e9rinti. Az \u00f3ra\u00e1ll\u00edt\u00e1sban \u00e9rintett belf\u00f6ldi vonatok: A Nyugati p\u00e1lyaudvarr\u00f3l egy hajnali S72-es esztergomi szem\u00e9lyvonat 35 perccel k\u00e9s\u0151bb, 3 \u00f3rakor indul. A Nyugati p\u00e1lyaudvarr\u00f3l Szobra 0:52-kor\" class=\"yoast-seo-meta-tag\" \/>\n<meta property=\"og:url\" content=\"https:\/\/dorogimedence.hu\/index.php\/2021\/03\/26\/a-hetvegi-oraatallitas-nehany-ejszakai-vonatot-erint\/\" class=\"yoast-seo-meta-tag\" \/>\n<meta property=\"og:site_name\" content=\"Dorogi-medence Region\u00e1lis H\u00edrport\u00e1l\" class=\"yoast-seo-meta-tag\" \/>\n<meta property=\"article:publisher\" content=\"https:\/\/www.facebook.com\/dorogimedence\/\" class=\"yoast-seo-meta-tag\" \/>\n<meta property=\"article:published_time\" content=\"2021-03-26T08:29:59+00:00\" class=\"yoast-seo-meta-tag\" \/>\n<meta property=\"article:modified_time\" content=\"2021-03-26T08:30:29+00:00\" class=\"yoast-seo-meta-tag\" \/>\n<meta property=\"og:image\" content=\"https:\/\/i0.wp.com\/dorogimedence.hu\/wp-content\/uploads\/2021\/03\/vonat-este.jpg?fit=830%2C450&ssl=1\" class=\"yoast-seo-meta-tag\" \/>\n\t<meta property=\"og:image:width\" content=\"830\" class=\"yoast-seo-meta-tag\" \/>\n\t<meta property=\"og:image:height\" content=\"450\" class=\"yoast-seo-meta-tag\" \/>\n\t<meta property=\"og:image:type\" content=\"image\/jpeg\" class=\"yoast-seo-meta-tag\" \/>\n<meta name=\"author\" content=\"dorogimedence.hu\" class=\"yoast-seo-meta-tag\" \/>\n<meta name=\"twitter:card\" content=\"summary_large_image\" class=\"yoast-seo-meta-tag\" \/>\n<meta name=\"twitter:label1\" content=\"Szerz\u0151:\" class=\"yoast-seo-meta-tag\" \/>\n\t<meta name=\"twitter:data1\" content=\"dorogimedence.hu\" class=\"yoast-seo-meta-tag\" \/>\n\t<meta name=\"twitter:label2\" content=\"Becs\u00fclt olvas\u00e1si id\u0151\" class=\"yoast-seo-meta-tag\" \/>\n\t<meta name=\"twitter:data2\" content=\"4 perc\" class=\"yoast-seo-meta-tag\" \/>\n<script type=\"application\/ld+json\" class=\"yoast-schema-graph\">{\"@context\":\"https:\\\/\\\/schema.org\",\"@graph\":[{\"@type\":\"Article\",\"@id\":\"https:\\\/\\\/dorogimedence.hu\\\/index.php\\\/2021\\\/03\\\/26\\\/a-hetvegi-oraatallitas-nehany-ejszakai-vonatot-erint\\\/#article\",\"isPartOf\":{\"@id\":\"https:\\\/\\\/dorogimedence.hu\\\/index.php\\\/2021\\\/03\\\/26\\\/a-hetvegi-oraatallitas-nehany-ejszakai-vonatot-erint\\\/\"},\"author\":{\"name\":\"dorogimedence.hu\",\"@id\":\"https:\\\/\\\/dorogimedence.hu\\\/#\\\/schema\\\/person\\\/ce6091eeb7e95ecdc87890d6aa8e0fd4\"},\"headline\":\"A h\u00e9tv\u00e9gi \u00f3ra\u00e1t\u00e1ll\u00edt\u00e1s n\u00e9h\u00e1ny \u00e9jszakai vonatot \u00e9rint\",\"datePublished\":\"2021-03-26T08:29:59+00:00\",\"dateModified\":\"2021-03-26T08:30:29+00:00\",\"mainEntityOfPage\":{\"@id\":\"https:\\\/\\\/dorogimedence.hu\\\/index.php\\\/2021\\\/03\\\/26\\\/a-hetvegi-oraatallitas-nehany-ejszakai-vonatot-erint\\\/\"},\"wordCount\":808,\"publisher\":{\"@id\":\"https:\\\/\\\/dorogimedence.hu\\\/#organization\"},\"keywords\":[\"k\u00f6zleked\u00e9s\",\"m\u00e1v\",\"M\u00c1V Zrt.\",\"\u00f3ra\u00e1t\u00e1ll\u00edt\u00e1s\",\"vas\u00fat\",\"vonat\"],\"articleSection\":[\"H\u00edrek\"],\"inLanguage\":\"hu\"},{\"@type\":\"WebPage\",\"@id\":\"https:\\\/\\\/dorogimedence.hu\\\/index.php\\\/2021\\\/03\\\/26\\\/a-hetvegi-oraatallitas-nehany-ejszakai-vonatot-erint\\\/\",\"url\":\"https:\\\/\\\/dorogimedence.hu\\\/index.php\\\/2021\\\/03\\\/26\\\/a-hetvegi-oraatallitas-nehany-ejszakai-vonatot-erint\\\/\",\"name\":\"A h\u00e9tv\u00e9gi \u00f3ra\u00e1t\u00e1ll\u00edt\u00e1s n\u00e9h\u00e1ny \u00e9jszakai vonatot \u00e9rint\",\"isPartOf\":{\"@id\":\"https:\\\/\\\/dorogimedence.hu\\\/#website\"},\"datePublished\":\"2021-03-26T08:29:59+00:00\",\"dateModified\":\"2021-03-26T08:30:29+00:00\",\"breadcrumb\":{\"@id\":\"https:\\\/\\\/dorogimedence.hu\\\/index.php\\\/2021\\\/03\\\/26\\\/a-hetvegi-oraatallitas-nehany-ejszakai-vonatot-erint\\\/#breadcrumb\"},\"inLanguage\":\"hu\",\"potentialAction\":[{\"@type\":\"ReadAction\",\"target\":[\"https:\\\/\\\/dorogimedence.hu\\\/index.php\\\/2021\\\/03\\\/26\\\/a-hetvegi-oraatallitas-nehany-ejszakai-vonatot-erint\\\/\"]}]},{\"@type\":\"BreadcrumbList\",\"@id\":\"https:\\\/\\\/dorogimedence.hu\\\/index.php\\\/2021\\\/03\\\/26\\\/a-hetvegi-oraatallitas-nehany-ejszakai-vonatot-erint\\\/#breadcrumb\",\"itemListElement\":[{\"@type\":\"ListItem\",\"position\":1,\"name\":\"Kezd\u0151lap\",\"item\":\"https:\\\/\\\/dorogimedence.hu\\\/\"},{\"@type\":\"ListItem\",\"position\":2,\"name\":\"A h\u00e9tv\u00e9gi \u00f3ra\u00e1t\u00e1ll\u00edt\u00e1s n\u00e9h\u00e1ny \u00e9jszakai vonatot \u00e9rint\"}]},{\"@type\":\"WebSite\",\"@id\":\"https:\\\/\\\/dorogimedence.hu\\\/#website\",\"url\":\"https:\\\/\\\/dorogimedence.hu\\\/\",\"name\":\"Dorogi-medence Region\u00e1lis H\u00edrport\u00e1l\",\"description\":\"Dorog, Keszt\u00f6lc, Le\u00e1nyv\u00e1r, Piliscs\u00e9v, Tokod, Tokodalt\u00e1r\u00f3, Csolnok, Esztergom-kertv\u00e1ros: h\u00edrek, programok\",\"publisher\":{\"@id\":\"https:\\\/\\\/dorogimedence.hu\\\/#organization\"},\"potentialAction\":[{\"@type\":\"SearchAction\",\"target\":{\"@type\":\"EntryPoint\",\"urlTemplate\":\"https:\\\/\\\/dorogimedence.hu\\\/?s={search_term_string}\"},\"query-input\":{\"@type\":\"PropertyValueSpecification\",\"valueRequired\":true,\"valueName\":\"search_term_string\"}}],\"inLanguage\":\"hu\"},{\"@type\":\"Organization\",\"@id\":\"https:\\\/\\\/dorogimedence.hu\\\/#organization\",\"name\":\"Dorogi-medence Region\u00e1lis H\u00edrport\u00e1l\",\"url\":\"https:\\\/\\\/dorogimedence.hu\\\/\",\"logo\":{\"@type\":\"ImageObject\",\"inLanguage\":\"hu\",\"@id\":\"https:\\\/\\\/dorogimedence.hu\\\/#\\\/schema\\\/logo\\\/image\\\/\",\"url\":\"https:\\\/\\\/dorogimedence.hu\\\/wp-content\\\/uploads\\\/2021\\\/04\\\/logo-feher-600.png\",\"contentUrl\":\"https:\\\/\\\/dorogimedence.hu\\\/wp-content\\\/uploads\\\/2021\\\/04\\\/logo-feher-600.png\",\"width\":600,\"height\":100,\"caption\":\"Dorogi-medence Region\u00e1lis H\u00edrport\u00e1l\"},\"image\":{\"@id\":\"https:\\\/\\\/dorogimedence.hu\\\/#\\\/schema\\\/logo\\\/image\\\/\"},\"sameAs\":[\"https:\\\/\\\/www.facebook.com\\\/dorogimedence\\\/\"]},{\"@type\":\"Person\",\"@id\":\"https:\\\/\\\/dorogimedence.hu\\\/#\\\/schema\\\/person\\\/ce6091eeb7e95ecdc87890d6aa8e0fd4\",\"name\":\"dorogimedence.hu\",\"image\":{\"@type\":\"ImageObject\",\"inLanguage\":\"hu\",\"@id\":\"\\\/\\\/www.gravatar.com\\\/avatar\\\/d8d45f8901aadff40a4af72c0b826f1d?s=96&#038;r=g&#038;d=mm\",\"url\":\"\\\/\\\/www.gravatar.com\\\/avatar\\\/d8d45f8901aadff40a4af72c0b826f1d?s=96&#038;r=g&#038;d=mm\",\"contentUrl\":\"\\\/\\\/www.gravatar.com\\\/avatar\\\/d8d45f8901aadff40a4af72c0b826f1d?s=96&#038;r=g&#038;d=mm\",\"caption\":\"dorogimedence.hu\"}}]}<\/script>\n<!-- \/ Yoast SEO plugin. -->","yoast_head_json":{"title":"A h\u00e9tv\u00e9gi \u00f3ra\u00e1t\u00e1ll\u00edt\u00e1s n\u00e9h\u00e1ny \u00e9jszakai vonatot \u00e9rint","robots":{"index":"index","follow":"follow","max-snippet":"max-snippet:-1","max-image-preview":"max-image-preview:large","max-video-preview":"max-video-preview:-1"},"canonical":"https:\/\/dorogimedence.hu\/index.php\/2021\/03\/26\/a-hetvegi-oraatallitas-nehany-ejszakai-vonatot-erint\/","og_locale":"hu_HU","og_type":"article","og_title":"A h\u00e9tv\u00e9gi \u00f3ra\u00e1t\u00e1ll\u00edt\u00e1s n\u00e9h\u00e1ny \u00e9jszakai vonatot \u00e9rint","og_description":"M\u00e1rcius 28-\u00e1n, vas\u00e1rnap kezd\u0151dik a ny\u00e1ri id\u0151sz\u00e1m\u00edt\u00e1s, az \u00f3r\u00e1kat hivatalosan hajnali kett\u0151kor h\u00e1rom \u00f3r\u00e1ra \u00e1ll\u00edtj\u00e1k. Az \u00f3raigaz\u00edt\u00e1s n\u00e9h\u00e1ny belf\u00f6ldi \u00e9s nemzetk\u00f6zi vonat menetrendj\u00e9t befoly\u00e1solja. Az \u00f3ra\u00e1t\u00e1ll\u00edt\u00e1s a Vol\u00e1nbusz j\u00e1ratait nem \u00e9rinti. Az \u00f3ra\u00e1ll\u00edt\u00e1sban \u00e9rintett belf\u00f6ldi vonatok: A Nyugati p\u00e1lyaudvarr\u00f3l egy hajnali S72-es esztergomi szem\u00e9lyvonat 35 perccel k\u00e9s\u0151bb, 3 \u00f3rakor indul. A Nyugati p\u00e1lyaudvarr\u00f3l Szobra 0:52-kor","og_url":"https:\/\/dorogimedence.hu\/index.php\/2021\/03\/26\/a-hetvegi-oraatallitas-nehany-ejszakai-vonatot-erint\/","og_site_name":"Dorogi-medence Region\u00e1lis H\u00edrport\u00e1l","article_publisher":"https:\/\/www.facebook.com\/dorogimedence\/","article_published_time":"2021-03-26T08:29:59+00:00","article_modified_time":"2021-03-26T08:30:29+00:00","og_image":[{"width":830,"height":450,"url":"https:\/\/i0.wp.com\/dorogimedence.hu\/wp-content\/uploads\/2021\/03\/vonat-este.jpg?fit=830%2C450&ssl=1","type":"image\/jpeg"}],"author":"dorogimedence.hu","twitter_card":"summary_large_image","twitter_misc":{"Szerz\u0151:":"dorogimedence.hu","Becs\u00fclt olvas\u00e1si id\u0151":"4 perc"},"schema":{"@context":"https:\/\/schema.org","@graph":[{"@type":"Article","@id":"https:\/\/dorogimedence.hu\/index.php\/2021\/03\/26\/a-hetvegi-oraatallitas-nehany-ejszakai-vonatot-erint\/#article","isPartOf":{"@id":"https:\/\/dorogimedence.hu\/index.php\/2021\/03\/26\/a-hetvegi-oraatallitas-nehany-ejszakai-vonatot-erint\/"},"author":{"name":"dorogimedence.hu","@id":"https:\/\/dorogimedence.hu\/#\/schema\/person\/ce6091eeb7e95ecdc87890d6aa8e0fd4"},"headline":"A h\u00e9tv\u00e9gi \u00f3ra\u00e1t\u00e1ll\u00edt\u00e1s n\u00e9h\u00e1ny \u00e9jszakai vonatot \u00e9rint","datePublished":"2021-03-26T08:29:59+00:00","dateModified":"2021-03-26T08:30:29+00:00","mainEntityOfPage":{"@id":"https:\/\/dorogimedence.hu\/index.php\/2021\/03\/26\/a-hetvegi-oraatallitas-nehany-ejszakai-vonatot-erint\/"},"wordCount":808,"publisher":{"@id":"https:\/\/dorogimedence.hu\/#organization"},"keywords":["k\u00f6zleked\u00e9s","m\u00e1v","M\u00c1V Zrt.","\u00f3ra\u00e1t\u00e1ll\u00edt\u00e1s","vas\u00fat","vonat"],"articleSection":["H\u00edrek"],"inLanguage":"hu"},{"@type":"WebPage","@id":"https:\/\/dorogimedence.hu\/index.php\/2021\/03\/26\/a-hetvegi-oraatallitas-nehany-ejszakai-vonatot-erint\/","url":"https:\/\/dorogimedence.hu\/index.php\/2021\/03\/26\/a-hetvegi-oraatallitas-nehany-ejszakai-vonatot-erint\/","name":"A h\u00e9tv\u00e9gi \u00f3ra\u00e1t\u00e1ll\u00edt\u00e1s n\u00e9h\u00e1ny \u00e9jszakai vonatot \u00e9rint","isPartOf":{"@id":"https:\/\/dorogimedence.hu\/#website"},"datePublished":"2021-03-26T08:29:59+00:00","dateModified":"2021-03-26T08:30:29+00:00","breadcrumb":{"@id":"https:\/\/dorogimedence.hu\/index.php\/2021\/03\/26\/a-hetvegi-oraatallitas-nehany-ejszakai-vonatot-erint\/#breadcrumb"},"inLanguage":"hu","potentialAction":[{"@type":"ReadAction","target":["https:\/\/dorogimedence.hu\/index.php\/2021\/03\/26\/a-hetvegi-oraatallitas-nehany-ejszakai-vonatot-erint\/"]}]},{"@type":"BreadcrumbList","@id":"https:\/\/dorogimedence.hu\/index.php\/2021\/03\/26\/a-hetvegi-oraatallitas-nehany-ejszakai-vonatot-erint\/#breadcrumb","itemListElement":[{"@type":"ListItem","position":1,"name":"Kezd\u0151lap","item":"https:\/\/dorogimedence.hu\/"},{"@type":"ListItem","position":2,"name":"A h\u00e9tv\u00e9gi \u00f3ra\u00e1t\u00e1ll\u00edt\u00e1s n\u00e9h\u00e1ny \u00e9jszakai vonatot \u00e9rint"}]},{"@type":"WebSite","@id":"https:\/\/dorogimedence.hu\/#website","url":"https:\/\/dorogimedence.hu\/","name":"Dorogi-medence Region\u00e1lis H\u00edrport\u00e1l","description":"Dorog, Keszt\u00f6lc, Le\u00e1nyv\u00e1r, Piliscs\u00e9v, Tokod, Tokodalt\u00e1r\u00f3, Csolnok, Esztergom-kertv\u00e1ros: h\u00edrek, programok","publisher":{"@id":"https:\/\/dorogimedence.hu\/#organization"},"potentialAction":[{"@type":"SearchAction","target":{"@type":"EntryPoint","urlTemplate":"https:\/\/dorogimedence.hu\/?s={search_term_string}"},"query-input":{"@type":"PropertyValueSpecification","valueRequired":true,"valueName":"search_term_string"}}],"inLanguage":"hu"},{"@type":"Organization","@id":"https:\/\/dorogimedence.hu\/#organization","name":"Dorogi-medence Region\u00e1lis H\u00edrport\u00e1l","url":"https:\/\/dorogimedence.hu\/","logo":{"@type":"ImageObject","inLanguage":"hu","@id":"https:\/\/dorogimedence.hu\/#\/schema\/logo\/image\/","url":"https:\/\/dorogimedence.hu\/wp-content\/uploads\/2021\/04\/logo-feher-600.png","contentUrl":"https:\/\/dorogimedence.hu\/wp-content\/uploads\/2021\/04\/logo-feher-600.png","width":600,"height":100,"caption":"Dorogi-medence Region\u00e1lis H\u00edrport\u00e1l"},"image":{"@id":"https:\/\/dorogimedence.hu\/#\/schema\/logo\/image\/"},"sameAs":["https:\/\/www.facebook.com\/dorogimedence\/"]},{"@type":"Person","@id":"https:\/\/dorogimedence.hu\/#\/schema\/person\/ce6091eeb7e95ecdc87890d6aa8e0fd4","name":"dorogimedence.hu","image":{"@type":"ImageObject","inLanguage":"hu","@id":"\/\/www.gravatar.com\/avatar\/d8d45f8901aadff40a4af72c0b826f1d?s=96&#038;r=g&#038;d=mm","url":"\/\/www.gravatar.com\/avatar\/d8d45f8901aadff40a4af72c0b826f1d?s=96&#038;r=g&#038;d=mm","contentUrl":"\/\/www.gravatar.com\/avatar\/d8d45f8901aadff40a4af72c0b826f1d?s=96&#038;r=g&#038;d=mm","caption":"dorogimedence.hu"}}]}},"_links":{"self":[{"href":"https:\/\/dorogimedence.hu\/index.php\/wp-json\/wp\/v2\/posts\/31378","targetHints":{"allow":["GET"]}}],"collection":[{"href":"https:\/\/dorogimedence.hu\/index.php\/wp-json\/wp\/v2\/posts"}],"about":[{"href":"https:\/\/dorogimedence.hu\/index.php\/wp-json\/wp\/v2\/types\/post"}],"author":[{"embeddable":true,"href":"https:\/\/dorogimedence.hu\/index.php\/wp-json\/wp\/v2\/users\/1"}],"replies":[{"embeddable":true,"href":"https:\/\/dorogimedence.hu\/index.php\/wp-json\/wp\/v2\/comments?post=31378"}],"version-history":[{"count":0,"href":"https:\/\/dorogimedence.hu\/index.php\/wp-json\/wp\/v2\/posts\/31378\/revisions"}],"wp:attachment":[{"href":"https:\/\/dorogimedence.hu\/index.php\/wp-json\/wp\/v2\/media?parent=31378"}],"wp:term":[{"taxonomy":"category","embeddable":true,"href":"https:\/\/dorogimedence.hu\/index.php\/wp-json\/wp\/v2\/categories?post=31378"},{"taxonomy":"post_tag","embeddable":true,"href":"https:\/\/dorogimedence.hu\/index.php\/wp-json\/wp\/v2\/tags?post=31378"}],"curies":[{"name":"wp","href":"https:\/\/api.w.org\/{rel}","templated":true}]}}