{"id":31373,"date":"2021-03-26T08:05:27","date_gmt":"2021-03-26T07:05:27","guid":{"rendered":"http:\/\/dorogimedence.hu\/?p=31373"},"modified":"2021-03-26T08:09:15","modified_gmt":"2021-03-26T07:09:15","slug":"modositott-utvonalon-jarnak-az-autobuszok-esztergom-kertvarosban","status":"publish","type":"post","link":"https:\/\/dorogimedence.hu\/index.php\/2021\/03\/26\/modositott-utvonalon-jarnak-az-autobuszok-esztergom-kertvarosban\/","title":{"rendered":"M\u00f3dos\u00edtott \u00fatvonalon j\u00e1rnak az aut\u00f3buszok Esztergom-Kertv\u00e1rosban"},"content":{"rendered":"<p><strong>Mint kor\u00e1bban <a href=\"https:\/\/dorogimedence.hu\/index.php\/2021\/03\/23\/teljes-utzar-lesz-az-esztergom-kertvarosi-korforgalomnal\/\" target=\"_blank\" rel=\"noopener\"><span style=\"text-decoration: underline; color: #0000ff;\">\u00edrtuk<\/span><\/a>, a 111-es sz\u00e1m\u00fa f\u0151\u00fati munk\u00e1k sor\u00e1n teljes \u00fatz\u00e1r lesz az esztergom-kertv\u00e1rosi k\u00f6rforgalom k\u00f6rny\u00e9k\u00e9n, ez\u00e9rt az aut\u00f3buszok m\u00f3dos\u00edtott \u00fatvonalon j\u00e1rnak majd.<\/strong><\/p>\n<p>M\u00e1rcius 27-\u00e9n, szombaton 7 \u00f3r\u00e1t\u00f3l, m\u00e1rcius 28-\u00e1n, vas\u00e1rnap 19 \u00f3r\u00e1ig aszfaltoz\u00e1s miatt teljes sz\u00e9less\u00e9g\u00e9ben lez\u00e1rj\u00e1k a 111-es sz\u00e1m\u00fa utat a Matus Gyula utca \u00e9s a Dorogi \u00fati vas\u00fati \u00e1tj\u00e1r\u00f3 k\u00f6z\u00f6tt, ez\u00e9rt az aut\u00f3buszok a S\u00e1tork\u0151i utca \u00e9s a Vas\u00fat\u00e1llom\u00e1s meg\u00e1ll\u00f3k k\u00f6z\u00f6tt terelt \u00fatvonalon k\u00f6zlekednek.<\/p>\n<p><strong>Kimarad\u00f3 meg\u00e1ll\u00f3helyek:<\/strong> Szal\u00e9zi lak\u00f3park (ideiglenesen \u00e1thelyezik a Matus Gyula utc\u00e1ba), Vas\u00fati \u00e1tj\u00e1r\u00f3, Rep\u00fcl\u0151t\u00e9r, 6-os kilom\u00e9terk\u0151.<\/p>\n<p><em>Forr\u00e1s: Vol\u00e1nbusz Zrt.<br \/>\nBor\u00edt\u00f3k\u00e9p: Vir\u00e1gost\u00f3th Kriszti\u00e1n<br \/>\n<\/em><\/p>\n<p>&nbsp;<\/p>\n","protected":false},"excerpt":{"rendered":"<p>Mint kor\u00e1bban \u00edrtuk, a 111-es sz\u00e1m\u00fa f\u0151\u00fati munk\u00e1k sor\u00e1n teljes \u00fatz\u00e1r lesz az esztergom-kertv\u00e1rosi k\u00f6rforgalom k\u00f6rny\u00e9k\u00e9n, ez\u00e9rt az aut\u00f3buszok m\u00f3dos\u00edtott \u00fatvonalon j\u00e1rnak majd. M\u00e1rcius 27-\u00e9n, szombaton 7 \u00f3r\u00e1t\u00f3l, m\u00e1rcius 28-\u00e1n, vas\u00e1rnap 19 \u00f3r\u00e1ig aszfaltoz\u00e1s miatt teljes sz\u00e9less\u00e9g\u00e9ben lez\u00e1rj\u00e1k a 111-es sz\u00e1m\u00fa utat a Matus Gyula utca \u00e9s a Dorogi \u00fati vas\u00fati \u00e1tj\u00e1r\u00f3 k\u00f6z\u00f6tt, ez\u00e9rt az<\/p>\n","protected":false},"author":1,"featured_media":31295,"comment_status":"closed","ping_status":"closed","sticky":false,"template":"","format":"standard","meta":{"ngg_post_thumbnail":0,"footnotes":""},"categories":[38,7,3],"tags":[458,1043,169,279,1711,1015],"class_list":{"0":"post-31373","1":"post","2":"type-post","3":"status-publish","4":"format-standard","5":"has-post-thumbnail","7":"category-esztergom","8":"category-esztergom_kertvaros","9":"category-hirek","10":"tag-autobusz","11":"tag-busz","12":"tag-esztergom-kertvaros","13":"tag-kozlekedes","14":"tag-utzar","15":"tag-volanbusz"},"yoast_head":"<!-- This site is optimized with the Yoast SEO plugin v27.4 - https:\/\/yoast.com\/product\/yoast-seo-wordpress\/ -->\n<title>M\u00f3dos\u00edtott \u00fatvonalon j\u00e1rnak az aut\u00f3buszok Esztergom-Kertv\u00e1rosban<\/title>\n<meta name=\"robots\" content=\"index, follow, max-snippet:-1, max-image-preview:large, max-video-preview:-1\" \/>\n<link rel=\"canonical\" href=\"https:\/\/dorogimedence.hu\/index.php\/2021\/03\/26\/modositott-utvonalon-jarnak-az-autobuszok-esztergom-kertvarosban\/\" class=\"yoast-seo-meta-tag\" \/>\n<meta property=\"og:locale\" content=\"hu_HU\" class=\"yoast-seo-meta-tag\" \/>\n<meta property=\"og:type\" content=\"article\" class=\"yoast-seo-meta-tag\" \/>\n<meta property=\"og:title\" content=\"M\u00f3dos\u00edtott \u00fatvonalon j\u00e1rnak az aut\u00f3buszok Esztergom-Kertv\u00e1rosban\" class=\"yoast-seo-meta-tag\" \/>\n<meta property=\"og:description\" content=\"Mint kor\u00e1bban \u00edrtuk, a 111-es sz\u00e1m\u00fa f\u0151\u00fati munk\u00e1k sor\u00e1n teljes \u00fatz\u00e1r lesz az esztergom-kertv\u00e1rosi k\u00f6rforgalom k\u00f6rny\u00e9k\u00e9n, ez\u00e9rt az aut\u00f3buszok m\u00f3dos\u00edtott \u00fatvonalon j\u00e1rnak majd. M\u00e1rcius 27-\u00e9n, szombaton 7 \u00f3r\u00e1t\u00f3l, m\u00e1rcius 28-\u00e1n, vas\u00e1rnap 19 \u00f3r\u00e1ig aszfaltoz\u00e1s miatt teljes sz\u00e9less\u00e9g\u00e9ben lez\u00e1rj\u00e1k a 111-es sz\u00e1m\u00fa utat a Matus Gyula utca \u00e9s a Dorogi \u00fati vas\u00fati \u00e1tj\u00e1r\u00f3 k\u00f6z\u00f6tt, ez\u00e9rt az\" class=\"yoast-seo-meta-tag\" \/>\n<meta property=\"og:url\" content=\"https:\/\/dorogimedence.hu\/index.php\/2021\/03\/26\/modositott-utvonalon-jarnak-az-autobuszok-esztergom-kertvarosban\/\" class=\"yoast-seo-meta-tag\" \/>\n<meta property=\"og:site_name\" content=\"Dorogi-medence Region\u00e1lis H\u00edrport\u00e1l\" class=\"yoast-seo-meta-tag\" \/>\n<meta property=\"article:publisher\" content=\"https:\/\/www.facebook.com\/dorogimedence\/\" class=\"yoast-seo-meta-tag\" \/>\n<meta property=\"article:published_time\" content=\"2021-03-26T07:05:27+00:00\" class=\"yoast-seo-meta-tag\" \/>\n<meta property=\"article:modified_time\" content=\"2021-03-26T07:09:15+00:00\" class=\"yoast-seo-meta-tag\" \/>\n<meta property=\"og:image\" content=\"https:\/\/i0.wp.com\/dorogimedence.hu\/wp-content\/uploads\/2021\/03\/korforgalom-01.jpg?fit=830%2C450&ssl=1\" class=\"yoast-seo-meta-tag\" \/>\n\t<meta property=\"og:image:width\" content=\"830\" class=\"yoast-seo-meta-tag\" \/>\n\t<meta property=\"og:image:height\" content=\"450\" class=\"yoast-seo-meta-tag\" \/>\n\t<meta property=\"og:image:type\" content=\"image\/jpeg\" class=\"yoast-seo-meta-tag\" \/>\n<meta name=\"author\" content=\"dorogimedence.hu\" class=\"yoast-seo-meta-tag\" \/>\n<meta name=\"twitter:card\" content=\"summary_large_image\" class=\"yoast-seo-meta-tag\" \/>\n<meta name=\"twitter:label1\" content=\"Szerz\u0151:\" class=\"yoast-seo-meta-tag\" \/>\n\t<meta name=\"twitter:data1\" content=\"dorogimedence.hu\" class=\"yoast-seo-meta-tag\" \/>\n\t<meta name=\"twitter:label2\" content=\"Becs\u00fclt olvas\u00e1si id\u0151\" class=\"yoast-seo-meta-tag\" \/>\n\t<meta name=\"twitter:data2\" content=\"1 perc\" class=\"yoast-seo-meta-tag\" \/>\n<script type=\"application\/ld+json\" class=\"yoast-schema-graph\">{\"@context\":\"https:\\\/\\\/schema.org\",\"@graph\":[{\"@type\":\"Article\",\"@id\":\"https:\\\/\\\/dorogimedence.hu\\\/index.php\\\/2021\\\/03\\\/26\\\/modositott-utvonalon-jarnak-az-autobuszok-esztergom-kertvarosban\\\/#article\",\"isPartOf\":{\"@id\":\"https:\\\/\\\/dorogimedence.hu\\\/index.php\\\/2021\\\/03\\\/26\\\/modositott-utvonalon-jarnak-az-autobuszok-esztergom-kertvarosban\\\/\"},\"author\":{\"name\":\"dorogimedence.hu\",\"@id\":\"https:\\\/\\\/dorogimedence.hu\\\/#\\\/schema\\\/person\\\/ce6091eeb7e95ecdc87890d6aa8e0fd4\"},\"headline\":\"M\u00f3dos\u00edtott \u00fatvonalon j\u00e1rnak az aut\u00f3buszok Esztergom-Kertv\u00e1rosban\",\"datePublished\":\"2021-03-26T07:05:27+00:00\",\"dateModified\":\"2021-03-26T07:09:15+00:00\",\"mainEntityOfPage\":{\"@id\":\"https:\\\/\\\/dorogimedence.hu\\\/index.php\\\/2021\\\/03\\\/26\\\/modositott-utvonalon-jarnak-az-autobuszok-esztergom-kertvarosban\\\/\"},\"wordCount\":164,\"publisher\":{\"@id\":\"https:\\\/\\\/dorogimedence.hu\\\/#organization\"},\"image\":{\"@id\":\"https:\\\/\\\/dorogimedence.hu\\\/index.php\\\/2021\\\/03\\\/26\\\/modositott-utvonalon-jarnak-az-autobuszok-esztergom-kertvarosban\\\/#primaryimage\"},\"thumbnailUrl\":\"https:\\\/\\\/dorogimedence.hu\\\/wp-content\\\/uploads\\\/2021\\\/03\\\/korforgalom-01.jpg\",\"keywords\":[\"aut\u00f3busz\",\"busz\",\"Esztergom-kertv\u00e1ros\",\"k\u00f6zleked\u00e9s\",\"\u00fatz\u00e1r\",\"vol\u00e1nbusz\"],\"articleSection\":[\"Esztergom\",\"Esztergom-kertv\u00e1ros\",\"H\u00edrek\"],\"inLanguage\":\"hu\"},{\"@type\":\"WebPage\",\"@id\":\"https:\\\/\\\/dorogimedence.hu\\\/index.php\\\/2021\\\/03\\\/26\\\/modositott-utvonalon-jarnak-az-autobuszok-esztergom-kertvarosban\\\/\",\"url\":\"https:\\\/\\\/dorogimedence.hu\\\/index.php\\\/2021\\\/03\\\/26\\\/modositott-utvonalon-jarnak-az-autobuszok-esztergom-kertvarosban\\\/\",\"name\":\"M\u00f3dos\u00edtott \u00fatvonalon j\u00e1rnak az aut\u00f3buszok Esztergom-Kertv\u00e1rosban\",\"isPartOf\":{\"@id\":\"https:\\\/\\\/dorogimedence.hu\\\/#website\"},\"primaryImageOfPage\":{\"@id\":\"https:\\\/\\\/dorogimedence.hu\\\/index.php\\\/2021\\\/03\\\/26\\\/modositott-utvonalon-jarnak-az-autobuszok-esztergom-kertvarosban\\\/#primaryimage\"},\"image\":{\"@id\":\"https:\\\/\\\/dorogimedence.hu\\\/index.php\\\/2021\\\/03\\\/26\\\/modositott-utvonalon-jarnak-az-autobuszok-esztergom-kertvarosban\\\/#primaryimage\"},\"thumbnailUrl\":\"https:\\\/\\\/dorogimedence.hu\\\/wp-content\\\/uploads\\\/2021\\\/03\\\/korforgalom-01.jpg\",\"datePublished\":\"2021-03-26T07:05:27+00:00\",\"dateModified\":\"2021-03-26T07:09:15+00:00\",\"breadcrumb\":{\"@id\":\"https:\\\/\\\/dorogimedence.hu\\\/index.php\\\/2021\\\/03\\\/26\\\/modositott-utvonalon-jarnak-az-autobuszok-esztergom-kertvarosban\\\/#breadcrumb\"},\"inLanguage\":\"hu\",\"potentialAction\":[{\"@type\":\"ReadAction\",\"target\":[\"https:\\\/\\\/dorogimedence.hu\\\/index.php\\\/2021\\\/03\\\/26\\\/modositott-utvonalon-jarnak-az-autobuszok-esztergom-kertvarosban\\\/\"]}]},{\"@type\":\"ImageObject\",\"inLanguage\":\"hu\",\"@id\":\"https:\\\/\\\/dorogimedence.hu\\\/index.php\\\/2021\\\/03\\\/26\\\/modositott-utvonalon-jarnak-az-autobuszok-esztergom-kertvarosban\\\/#primaryimage\",\"url\":\"https:\\\/\\\/dorogimedence.hu\\\/wp-content\\\/uploads\\\/2021\\\/03\\\/korforgalom-01.jpg\",\"contentUrl\":\"https:\\\/\\\/dorogimedence.hu\\\/wp-content\\\/uploads\\\/2021\\\/03\\\/korforgalom-01.jpg\",\"width\":830,\"height\":450},{\"@type\":\"BreadcrumbList\",\"@id\":\"https:\\\/\\\/dorogimedence.hu\\\/index.php\\\/2021\\\/03\\\/26\\\/modositott-utvonalon-jarnak-az-autobuszok-esztergom-kertvarosban\\\/#breadcrumb\",\"itemListElement\":[{\"@type\":\"ListItem\",\"position\":1,\"name\":\"Kezd\u0151lap\",\"item\":\"https:\\\/\\\/dorogimedence.hu\\\/\"},{\"@type\":\"ListItem\",\"position\":2,\"name\":\"M\u00f3dos\u00edtott \u00fatvonalon j\u00e1rnak az aut\u00f3buszok Esztergom-Kertv\u00e1rosban\"}]},{\"@type\":\"WebSite\",\"@id\":\"https:\\\/\\\/dorogimedence.hu\\\/#website\",\"url\":\"https:\\\/\\\/dorogimedence.hu\\\/\",\"name\":\"Dorogi-medence Region\u00e1lis H\u00edrport\u00e1l\",\"description\":\"Dorog, Keszt\u00f6lc, Le\u00e1nyv\u00e1r, Piliscs\u00e9v, Tokod, Tokodalt\u00e1r\u00f3, Csolnok, Esztergom-kertv\u00e1ros: h\u00edrek, programok\",\"publisher\":{\"@id\":\"https:\\\/\\\/dorogimedence.hu\\\/#organization\"},\"potentialAction\":[{\"@type\":\"SearchAction\",\"target\":{\"@type\":\"EntryPoint\",\"urlTemplate\":\"https:\\\/\\\/dorogimedence.hu\\\/?s={search_term_string}\"},\"query-input\":{\"@type\":\"PropertyValueSpecification\",\"valueRequired\":true,\"valueName\":\"search_term_string\"}}],\"inLanguage\":\"hu\"},{\"@type\":\"Organization\",\"@id\":\"https:\\\/\\\/dorogimedence.hu\\\/#organization\",\"name\":\"Dorogi-medence Region\u00e1lis H\u00edrport\u00e1l\",\"url\":\"https:\\\/\\\/dorogimedence.hu\\\/\",\"logo\":{\"@type\":\"ImageObject\",\"inLanguage\":\"hu\",\"@id\":\"https:\\\/\\\/dorogimedence.hu\\\/#\\\/schema\\\/logo\\\/image\\\/\",\"url\":\"https:\\\/\\\/dorogimedence.hu\\\/wp-content\\\/uploads\\\/2021\\\/04\\\/logo-feher-600.png\",\"contentUrl\":\"https:\\\/\\\/dorogimedence.hu\\\/wp-content\\\/uploads\\\/2021\\\/04\\\/logo-feher-600.png\",\"width\":600,\"height\":100,\"caption\":\"Dorogi-medence Region\u00e1lis H\u00edrport\u00e1l\"},\"image\":{\"@id\":\"https:\\\/\\\/dorogimedence.hu\\\/#\\\/schema\\\/logo\\\/image\\\/\"},\"sameAs\":[\"https:\\\/\\\/www.facebook.com\\\/dorogimedence\\\/\"]},{\"@type\":\"Person\",\"@id\":\"https:\\\/\\\/dorogimedence.hu\\\/#\\\/schema\\\/person\\\/ce6091eeb7e95ecdc87890d6aa8e0fd4\",\"name\":\"dorogimedence.hu\",\"image\":{\"@type\":\"ImageObject\",\"inLanguage\":\"hu\",\"@id\":\"\\\/\\\/www.gravatar.com\\\/avatar\\\/d8d45f8901aadff40a4af72c0b826f1d?s=96&#038;r=g&#038;d=mm\",\"url\":\"\\\/\\\/www.gravatar.com\\\/avatar\\\/d8d45f8901aadff40a4af72c0b826f1d?s=96&#038;r=g&#038;d=mm\",\"contentUrl\":\"\\\/\\\/www.gravatar.com\\\/avatar\\\/d8d45f8901aadff40a4af72c0b826f1d?s=96&#038;r=g&#038;d=mm\",\"caption\":\"dorogimedence.hu\"}}]}<\/script>\n<!-- \/ Yoast SEO plugin. -->","yoast_head_json":{"title":"M\u00f3dos\u00edtott \u00fatvonalon j\u00e1rnak az aut\u00f3buszok Esztergom-Kertv\u00e1rosban","robots":{"index":"index","follow":"follow","max-snippet":"max-snippet:-1","max-image-preview":"max-image-preview:large","max-video-preview":"max-video-preview:-1"},"canonical":"https:\/\/dorogimedence.hu\/index.php\/2021\/03\/26\/modositott-utvonalon-jarnak-az-autobuszok-esztergom-kertvarosban\/","og_locale":"hu_HU","og_type":"article","og_title":"M\u00f3dos\u00edtott \u00fatvonalon j\u00e1rnak az aut\u00f3buszok Esztergom-Kertv\u00e1rosban","og_description":"Mint kor\u00e1bban \u00edrtuk, a 111-es sz\u00e1m\u00fa f\u0151\u00fati munk\u00e1k sor\u00e1n teljes \u00fatz\u00e1r lesz az esztergom-kertv\u00e1rosi k\u00f6rforgalom k\u00f6rny\u00e9k\u00e9n, ez\u00e9rt az aut\u00f3buszok m\u00f3dos\u00edtott \u00fatvonalon j\u00e1rnak majd. M\u00e1rcius 27-\u00e9n, szombaton 7 \u00f3r\u00e1t\u00f3l, m\u00e1rcius 28-\u00e1n, vas\u00e1rnap 19 \u00f3r\u00e1ig aszfaltoz\u00e1s miatt teljes sz\u00e9less\u00e9g\u00e9ben lez\u00e1rj\u00e1k a 111-es sz\u00e1m\u00fa utat a Matus Gyula utca \u00e9s a Dorogi \u00fati vas\u00fati \u00e1tj\u00e1r\u00f3 k\u00f6z\u00f6tt, ez\u00e9rt az","og_url":"https:\/\/dorogimedence.hu\/index.php\/2021\/03\/26\/modositott-utvonalon-jarnak-az-autobuszok-esztergom-kertvarosban\/","og_site_name":"Dorogi-medence Region\u00e1lis H\u00edrport\u00e1l","article_publisher":"https:\/\/www.facebook.com\/dorogimedence\/","article_published_time":"2021-03-26T07:05:27+00:00","article_modified_time":"2021-03-26T07:09:15+00:00","og_image":[{"width":830,"height":450,"url":"https:\/\/i0.wp.com\/dorogimedence.hu\/wp-content\/uploads\/2021\/03\/korforgalom-01.jpg?fit=830%2C450&ssl=1","type":"image\/jpeg"}],"author":"dorogimedence.hu","twitter_card":"summary_large_image","twitter_misc":{"Szerz\u0151:":"dorogimedence.hu","Becs\u00fclt olvas\u00e1si id\u0151":"1 perc"},"schema":{"@context":"https:\/\/schema.org","@graph":[{"@type":"Article","@id":"https:\/\/dorogimedence.hu\/index.php\/2021\/03\/26\/modositott-utvonalon-jarnak-az-autobuszok-esztergom-kertvarosban\/#article","isPartOf":{"@id":"https:\/\/dorogimedence.hu\/index.php\/2021\/03\/26\/modositott-utvonalon-jarnak-az-autobuszok-esztergom-kertvarosban\/"},"author":{"name":"dorogimedence.hu","@id":"https:\/\/dorogimedence.hu\/#\/schema\/person\/ce6091eeb7e95ecdc87890d6aa8e0fd4"},"headline":"M\u00f3dos\u00edtott \u00fatvonalon j\u00e1rnak az aut\u00f3buszok Esztergom-Kertv\u00e1rosban","datePublished":"2021-03-26T07:05:27+00:00","dateModified":"2021-03-26T07:09:15+00:00","mainEntityOfPage":{"@id":"https:\/\/dorogimedence.hu\/index.php\/2021\/03\/26\/modositott-utvonalon-jarnak-az-autobuszok-esztergom-kertvarosban\/"},"wordCount":164,"publisher":{"@id":"https:\/\/dorogimedence.hu\/#organization"},"image":{"@id":"https:\/\/dorogimedence.hu\/index.php\/2021\/03\/26\/modositott-utvonalon-jarnak-az-autobuszok-esztergom-kertvarosban\/#primaryimage"},"thumbnailUrl":"https:\/\/dorogimedence.hu\/wp-content\/uploads\/2021\/03\/korforgalom-01.jpg","keywords":["aut\u00f3busz","busz","Esztergom-kertv\u00e1ros","k\u00f6zleked\u00e9s","\u00fatz\u00e1r","vol\u00e1nbusz"],"articleSection":["Esztergom","Esztergom-kertv\u00e1ros","H\u00edrek"],"inLanguage":"hu"},{"@type":"WebPage","@id":"https:\/\/dorogimedence.hu\/index.php\/2021\/03\/26\/modositott-utvonalon-jarnak-az-autobuszok-esztergom-kertvarosban\/","url":"https:\/\/dorogimedence.hu\/index.php\/2021\/03\/26\/modositott-utvonalon-jarnak-az-autobuszok-esztergom-kertvarosban\/","name":"M\u00f3dos\u00edtott \u00fatvonalon j\u00e1rnak az aut\u00f3buszok Esztergom-Kertv\u00e1rosban","isPartOf":{"@id":"https:\/\/dorogimedence.hu\/#website"},"primaryImageOfPage":{"@id":"https:\/\/dorogimedence.hu\/index.php\/2021\/03\/26\/modositott-utvonalon-jarnak-az-autobuszok-esztergom-kertvarosban\/#primaryimage"},"image":{"@id":"https:\/\/dorogimedence.hu\/index.php\/2021\/03\/26\/modositott-utvonalon-jarnak-az-autobuszok-esztergom-kertvarosban\/#primaryimage"},"thumbnailUrl":"https:\/\/dorogimedence.hu\/wp-content\/uploads\/2021\/03\/korforgalom-01.jpg","datePublished":"2021-03-26T07:05:27+00:00","dateModified":"2021-03-26T07:09:15+00:00","breadcrumb":{"@id":"https:\/\/dorogimedence.hu\/index.php\/2021\/03\/26\/modositott-utvonalon-jarnak-az-autobuszok-esztergom-kertvarosban\/#breadcrumb"},"inLanguage":"hu","potentialAction":[{"@type":"ReadAction","target":["https:\/\/dorogimedence.hu\/index.php\/2021\/03\/26\/modositott-utvonalon-jarnak-az-autobuszok-esztergom-kertvarosban\/"]}]},{"@type":"ImageObject","inLanguage":"hu","@id":"https:\/\/dorogimedence.hu\/index.php\/2021\/03\/26\/modositott-utvonalon-jarnak-az-autobuszok-esztergom-kertvarosban\/#primaryimage","url":"https:\/\/dorogimedence.hu\/wp-content\/uploads\/2021\/03\/korforgalom-01.jpg","contentUrl":"https:\/\/dorogimedence.hu\/wp-content\/uploads\/2021\/03\/korforgalom-01.jpg","width":830,"height":450},{"@type":"BreadcrumbList","@id":"https:\/\/dorogimedence.hu\/index.php\/2021\/03\/26\/modositott-utvonalon-jarnak-az-autobuszok-esztergom-kertvarosban\/#breadcrumb","itemListElement":[{"@type":"ListItem","position":1,"name":"Kezd\u0151lap","item":"https:\/\/dorogimedence.hu\/"},{"@type":"ListItem","position":2,"name":"M\u00f3dos\u00edtott \u00fatvonalon j\u00e1rnak az aut\u00f3buszok Esztergom-Kertv\u00e1rosban"}]},{"@type":"WebSite","@id":"https:\/\/dorogimedence.hu\/#website","url":"https:\/\/dorogimedence.hu\/","name":"Dorogi-medence Region\u00e1lis H\u00edrport\u00e1l","description":"Dorog, Keszt\u00f6lc, Le\u00e1nyv\u00e1r, Piliscs\u00e9v, Tokod, Tokodalt\u00e1r\u00f3, Csolnok, Esztergom-kertv\u00e1ros: h\u00edrek, programok","publisher":{"@id":"https:\/\/dorogimedence.hu\/#organization"},"potentialAction":[{"@type":"SearchAction","target":{"@type":"EntryPoint","urlTemplate":"https:\/\/dorogimedence.hu\/?s={search_term_string}"},"query-input":{"@type":"PropertyValueSpecification","valueRequired":true,"valueName":"search_term_string"}}],"inLanguage":"hu"},{"@type":"Organization","@id":"https:\/\/dorogimedence.hu\/#organization","name":"Dorogi-medence Region\u00e1lis H\u00edrport\u00e1l","url":"https:\/\/dorogimedence.hu\/","logo":{"@type":"ImageObject","inLanguage":"hu","@id":"https:\/\/dorogimedence.hu\/#\/schema\/logo\/image\/","url":"https:\/\/dorogimedence.hu\/wp-content\/uploads\/2021\/04\/logo-feher-600.png","contentUrl":"https:\/\/dorogimedence.hu\/wp-content\/uploads\/2021\/04\/logo-feher-600.png","width":600,"height":100,"caption":"Dorogi-medence Region\u00e1lis H\u00edrport\u00e1l"},"image":{"@id":"https:\/\/dorogimedence.hu\/#\/schema\/logo\/image\/"},"sameAs":["https:\/\/www.facebook.com\/dorogimedence\/"]},{"@type":"Person","@id":"https:\/\/dorogimedence.hu\/#\/schema\/person\/ce6091eeb7e95ecdc87890d6aa8e0fd4","name":"dorogimedence.hu","image":{"@type":"ImageObject","inLanguage":"hu","@id":"\/\/www.gravatar.com\/avatar\/d8d45f8901aadff40a4af72c0b826f1d?s=96&#038;r=g&#038;d=mm","url":"\/\/www.gravatar.com\/avatar\/d8d45f8901aadff40a4af72c0b826f1d?s=96&#038;r=g&#038;d=mm","contentUrl":"\/\/www.gravatar.com\/avatar\/d8d45f8901aadff40a4af72c0b826f1d?s=96&#038;r=g&#038;d=mm","caption":"dorogimedence.hu"}}]}},"_links":{"self":[{"href":"https:\/\/dorogimedence.hu\/index.php\/wp-json\/wp\/v2\/posts\/31373","targetHints":{"allow":["GET"]}}],"collection":[{"href":"https:\/\/dorogimedence.hu\/index.php\/wp-json\/wp\/v2\/posts"}],"about":[{"href":"https:\/\/dorogimedence.hu\/index.php\/wp-json\/wp\/v2\/types\/post"}],"author":[{"embeddable":true,"href":"https:\/\/dorogimedence.hu\/index.php\/wp-json\/wp\/v2\/users\/1"}],"replies":[{"embeddable":true,"href":"https:\/\/dorogimedence.hu\/index.php\/wp-json\/wp\/v2\/comments?post=31373"}],"version-history":[{"count":0,"href":"https:\/\/dorogimedence.hu\/index.php\/wp-json\/wp\/v2\/posts\/31373\/revisions"}],"wp:featuredmedia":[{"embeddable":true,"href":"https:\/\/dorogimedence.hu\/index.php\/wp-json\/wp\/v2\/media\/31295"}],"wp:attachment":[{"href":"https:\/\/dorogimedence.hu\/index.php\/wp-json\/wp\/v2\/media?parent=31373"}],"wp:term":[{"taxonomy":"category","embeddable":true,"href":"https:\/\/dorogimedence.hu\/index.php\/wp-json\/wp\/v2\/categories?post=31373"},{"taxonomy":"post_tag","embeddable":true,"href":"https:\/\/dorogimedence.hu\/index.php\/wp-json\/wp\/v2\/tags?post=31373"}],"curies":[{"name":"wp","href":"https:\/\/api.w.org\/{rel}","templated":true}]}}