{"id":31212,"date":"2021-03-20T08:28:20","date_gmt":"2021-03-20T07:28:20","guid":{"rendered":"http:\/\/dorogimedence.hu\/?p=31212"},"modified":"2021-03-27T08:39:45","modified_gmt":"2021-03-27T07:39:45","slug":"heti-novella-viola-szandra-magyar-monszun","status":"publish","type":"post","link":"https:\/\/dorogimedence.hu\/index.php\/2021\/03\/20\/heti-novella-viola-szandra-magyar-monszun\/","title":{"rendered":"Heti novella \u2013 Viola Szandra: Magyar Monszun"},"content":{"rendered":"<p><strong>A Heti novella c\u00edm\u0171 \u00faj kultur\u00e1lis sorozatunkban h\u00e9tr\u0151l h\u00e9tre egy-egy \u00edr\u00f3 novell\u00e1j\u00e1t publik\u00e1ljuk. Harmadik alkalommal Viola Szandra testversel\u0151 egyik alkot\u00e1s\u00e1val ismerkedhetnek meg.<\/strong><\/p>\n<p><span style=\"text-decoration: underline;\">Viola Szandra \u2013 Magyar Monszun<\/span><\/p>\n<p>&nbsp;Budapest utc\u00e1it el\u00f6nti a forr\u00f3 ny\u00e1ri es\u0151. Nyugtalan\u00edt\u00f3an emelkedik a v\u00edzszint. Az ultrakonzervat\u00edvok a csatornarendszer \u00e1llagmeg\u00f3v\u00e1s\u00e1hoz ragaszkodnak, de #nemmeg\u00e1llag\u00f3vj\u00e1k, hanem tiltakoz\u00e1sul b\u00fav\u00e1rruh\u00e1ban, \u00e9l\u0151fallal v\u00e9dik a csatornafedeleket. Nem szeretn\u00e9k, ha az erod\u00e1l\u00f3d\u00e1s \u00e9vezredes hagyom\u00e1ny\u00e1t nem tartan\u00e1 tiszteletben az \u00f6nkorm\u00e1nyzat; egy nagyobb \u00e1rhull\u00e1m elmossa \u0151ket #erod\u00e1l\u00f3dvanemtiszteletben. A Z\u00f6ldek kal\u00f3zhaj\u00f3kat \u00e9p\u00edtenek a kimosott csatornapatk\u00e1nyoknak, de ez a csatornapatk\u00e1nyokat #nem\u00e9rdekliz\u00f6lden. &nbsp;A n\u0151i ruh\u00e1k az \u00e1lland\u00f3 es\u0151 k\u00f6vetkezt\u00e9ben egyre gyakrabban v\u00e1lnak \u00e1tl\u00e1tsz\u00f3v\u00e1. A #gyakrabban\u00e1tl\u00e1tsz\u00f3ruh\u00e1k nem gyakran l\u00e1tott testr\u00e9szeket nem fednek, a szemp\u00e1rok gyakorlatoznak. Vid\u00e1m nyarunk lesz.<\/p>\n<p>&nbsp;Az es\u0151 nem akar sz\u0171nni, bele kell nyugodnunk, #belekellnyugodnivid\u00e1m Velenc\u00e9v\u00e9 v\u00e1ltozik a v\u00e1ros. F\u00e9lni kell ugyan, hogy be\u00e1zik a metr\u00f3, de kisebb \u00e9s nagyobb gondol\u00e1kkal rukkol el\u0151 a BKV.&nbsp; A #gondol\u00e1kkalel\u0151rukkol\u00f3bkv metr\u00f3i m\u00e9gis be\u00e1znak, tengeralattj\u00e1r\u00f3nak nevezik \u00e1t, de sajnos az utasteret is ellepi a v\u00edz, a BKV-ellen\u0151r\u00f6kt\u0151l azonban t\u00e9r\u00edt\u00e9s ellen\u00e9ben oxig\u00e9npalackokat v\u00e1s\u00e1rolhatnak az utasok, a b\u00fav\u00e1rpalack haszn\u00e1lata a szakaszjegyekkel rendelkez\u0151k sz\u00e1m\u00e1ra nem k\u00f6telez\u0151, de haszn\u00e1latuk n\u00e9lk\u00fcl utazni nem aj\u00e1nlott, a b\u00e1trabbak #lenemaj\u00e1nlj\u00e1k; egy leveg\u0151vel kib\u00edrj\u00e1k a Nyugati \u00e9s a De\u00e1k t\u00e9r k\u00f6z\u00f6tt vagy nem.<\/p>\n<p>&nbsp; Nem minden ter\u00fclet ker\u00fcl v\u00edz al\u00e1, \u00e9rdekes m\u00f3don m\u00e9gis a sz\u00e1razf\u00f6ldiek l\u00e1togatnak gyakrabban a v\u00edzben \u00fasz\u00f3 Ferencv\u00e1rosba \u00e9s Erzs\u00e9betv\u00e1rosba. Tal\u00e1n a katasztr\u00f3fa t\u00f6rt\u00e9nelmi izgalm\u00e1t akarj\u00e1k \u00e9lvezni. Sajnos a #katasztr\u00f3fat\u00f6rt\u00e9nelmiizgalom nem tart ki sok\u00e1ig, a lak\u00f3k \u00e9s #nemlak\u00f3k hamar megszokj\u00e1k, a divat egy-kett\u0151re \u00e1t\u00e1ll a #v\u00edzhatlanm\u00e9lytengeri #b\u00fav\u00e1rparadicsomihlette ruh\u00e1kra, a munkahelyeken pedig megengedett\u00e9 v\u00e1lik a f\u00fcrd\u0151ruha visel\u00e9se, de ezen k\u00edv\u00fcl hamar le\u00fcl a hangulat, nem t\u00f6rt\u00e9nik semmi \u00e9rdemleges azt lesz\u00e1m\u00edtva, hogy a kitart\u00f3 es\u0151z\u00e9seknek h\u00e1la a V\u00edziv\u00e1ros m\u00e9lt\u00f3v\u00e1 v\u00e1lik elnevez\u00e9s\u00e9hez \u00e9s fellend\u00fcl a haj\u00f3forgalom.&nbsp; Egyed\u00fcl a temet\u0151ket kell f\u00e9lteni. A fellazult talajb\u00f3l ugyanis gyakran kicsusszan egy-egy kopors\u00f3, a #gyakrankicsusszantkopors\u00f3 tov\u00e1bb lebeg a v\u00edz sz\u00edn\u00e9n, #akineknemfutjabkvb\u00e9rletre, #vagybliccelniakar, az kilesi, m\u00edg ablaka el\u0151tt ellebeg egy gazd\u00e1tlan kopors\u00f3 \u00e9s #fakan\u00e1lraer\u0151s\u00edtett #cip\u0151talpevez\u0151j\u00e9vel evick\u00e9l \u00e1t a k\u00edv\u00e1nt \u00e1llom\u00e1sig. J\u00f3t tesz a magyaroknak a v\u00edzi vil\u00e1g, nyugodtabbak, ked\u00e9lyesebbek lesznek, egyesek hobbykert helyett a Dun\u00e1ban \u0151shonos \u00e9l\u0151vil\u00e1g betelep\u00edt\u00e9s\u00e9vel kezdenek foglalkozni, #akiknemkezdenekfoglalkozni el\u00e9gedetten nyugt\u00e1zz\u00e1k, hogy nem kell t\u00f6bb\u00e9 kimenni az Omszki-t\u00f3ig, a panel erk\u00e9lyr\u0151l is megoldhat\u00f3 a pec\u00e1z\u00e1s. Egyszerre elterjed a r\u00e9mh\u00edr, hogy valaki feh\u00e9r c\u00e1p\u00e1kat telep\u00edt Budapest utc\u00e1ira, nagy az ijedts\u00e9g, ez kedvez az ismerked\u00e9snek, gyakran \u00fasznak haz\u00e1ig a l\u00e1nyokkal #kedvez\u0151ismerked\u0151, #sz\u00e9lesv\u00e1ll\u00fac\u00e1pa\u00f6l\u0151k. N\u0151 a n\u00e9pszaporulat. A korm\u00e1ny el\u00e9gedett. A Bar\u00e1tok k\u00f6zt\u00f6t lev\u00e1ltja a Budapest B\u00e1jvaccs. A n\u00e9p el\u00e9gedett. Az \u00e1llamnak nem kell befektetni az uszod\u00e1k fel\u00faj\u00edt\u00e1s\u00e1ba, #az\u00e1llamnaknemkellbefektetniuszod\u00e1k mindenhol #otthat\u00f3s\u00e1g\u00e1nak k\u00f6sz\u00f6nhet\u0151en egyszer\u0171 iskolak\u00f6rrel megoldhat\u00f3 az \u00fasz\u00e1soktat\u00e1s. &nbsp;A Testnevel\u00e9s\u00fcgyi Tantest\u00fclet el\u00e9gedett. A n\u00e9p der\u0171s, csup\u00e1n a vid\u00e9k k\u00f6ny\u00f6r\u00f6g elkeseredetten es\u0151\u00e9rt.<\/p>\n<p>&nbsp;&nbsp; Az\u00e9rt a f\u0151v\u00e1rosban sem boldog mindenki, a #f\u0151v\u00e1rosbansemboldogmindenkik k\u00f6z\u00fcl p\u00e9ld\u00e1ul els\u0151ssorban is az \u00f6ngyilkosjel\u00f6ltek nem, mert \u00edgy a Dun\u00e1ba f\u00fal\u00e1s lehet\u0151s\u00e9ge m\u00e1r minden k\u00edv\u00e1natos teatralit\u00e1st n\u00e9lk\u00fcl\u00f6z, nem kell hozz\u00e1 h\u00eddugr\u00e1s \u00e9s mer\u00e9szs\u00e9g, el\u00e9g csak kis\u00e9t\u00e1lni az ajt\u00f3n, de, sajnos nagy az es\u00e9lye, hogy az embert v\u00edzbe f\u00fal\u00e1s el\u0151tt kimentik az #\u00fasz\u00f3kel\u0151k, Budapesten ugyanis v\u00e1ltozatlanul zs\u00fafoltak az utc\u00e1k, nagy a forgalom. \u00c9s nehogy azt higgy\u00e9k, hogy egy \u00f6ngyilkosjel\u00f6lt val\u00f3j\u00e1ban nem boldog. De, az \u0151 boldogs\u00e1g\u00e1t #szabadakarat\u00e1b\u00f3lelk\u00f6vetett \u00f6ngyilkoss\u00e1g\u00e1nak t\u00f6k\u00e9letes \u00e1br\u00e1ndja adja, azaz adn\u00e1, ha mindezt nem tenn\u00e9 nevets\u00e9gess\u00e9, m\u00e9lt\u00f3s\u00e1gon aluliv\u00e1 a szokatlan id\u0151j\u00e1r\u00e1s. \u00cdgy azt\u00e1n a #szokatlanm\u00e9lt\u00f3s\u00e1gonaluliid\u0151j\u00e1r\u00f3, Arany J\u00e1nos H\u00eddavat\u00e1s\u00e1n nevelkedett, #h\u00eddr\u00f3lv\u00edzbeugr\u00e1si\u00f6nkez\u0171s\u00e9getprefer\u00e1l\u00f3 nemzed\u00e9k olyan szomor\u00fa lesz, hogy az \u00f6ngyilkoss\u00e1got kezdi fontolgatni afelett \u00e9rzett b\u00e1nat\u00e1ban, hogy nem lehet \u00f6ngyilkos.<\/p>\n<p>&nbsp;&nbsp;\u00c9l a v\u00e1rosban egy l\u00e1ny. &nbsp;\u00d6nt\u00f6z\u0151 Fanni.&nbsp; Fanni nem tud \u00faszni. Ut\u00e1lja a vizet. Macsk\u00e1i vannak. Azok is ut\u00e1lj\u00e1k a vizet. #Fanninemtud\u00faszni az \u00f6ngyilkosjel\u00f6ltek ked\u00e9lyes t\u00e1rsas\u00e1g\u00e1val ellent\u00e9tben annyira f\u00e9l a v\u00edzbef\u00fal\u00e1sb\u00f3l, hogy k\u00e1d v\u00edzben nem f\u00fcrdik soha, ink\u00e1bb csak zuhanyozik. Vizet vegytiszta \u00e1llapot\u00e1ban szint\u00e9n ritk\u00e1n iszik, jobban szereti a fr\u00f6ccs\u00f6t, p\u00e1link\u00e1t, te\u00e1t is csak akkor fogyaszt, ha beteg. #Te\u00e1takkorfogyaszthabetegfanni megel\u00e9geli a lak\u00e1s\u00e1t k\u00f6r\u00fcl\u00f3l\u00e1lkod\u00f3 vesz\u00e9lyt, \u00edgy h\u00e1t feh\u00e9r, pici l\u00e1bacsk\u00e1ival, amelyeken v\u00edzhi\u00e1nyos a b\u0151r, felh\u00fazott szokny\u00e1ban \u00e1tcuppog a helyenk\u00e9nt t\u00e9rdig, helyenk\u00e9nt der\u00e9kig \u00e9r\u0151 #lak\u00e1s\u00e1tk\u00f6r\u00fcl\u00f3l\u00e1lkod\u00f3 \u00faj, magyar tengeren. (A Balaton forgalma eddigre persze m\u00e1r visszaesik.) Felmegy a v\u00e1rba, m\u00e1r nem cuppog, risz\u00e1l. Lemegy a v\u00e1rb\u00f3l megk\u00f6zel\u00edthet\u0151 titkos alag\u00fatba. Lemenne, de nincs jegye, v\u00e9g\u00fcl legsz\u00e9lesebb vigyor\u00e1val r\u00e1mosolyog a jegyszed\u0151 b\u00e1csira \u00e9s az valahogy csak beengedi. A v\u00e1r alatti alag\u00fatnak felt\u00e1ratlan r\u00e9szei is vannak, melyeket a l\u00e1togat\u00f3k sz\u00e1m\u00e1ra tilos megk\u00f6zel\u00edteni. Fanni #tilosmegk\u00f6zel\u00edti. Elt\u00e9ved. M\u00e9gsem. Megtal\u00e1lja. Mit tal\u00e1l meg?&nbsp; \u00c9s\u2026 kih\u00fazza, kih\u00fazza a mostm\u00e1r #kih\u00fazottnagytitkosdug\u00f3t. Jaj. Puccs. \u00c1llamcs\u00edny \u00e9s Budapest \u00fagy \u00f6rv\u00e9nylik mint egy&nbsp; dugul\u00e1selh\u00e1r\u00edt\u00e1s ut\u00e1n leh\u00fazott budi ( m\u00e9lt\u00f3v\u00e1 v\u00e1lik g\u00fanynev\u00e9hez), \u00e9s&nbsp; a #dugul\u00e1selh\u00e1r\u00edtottbudititkos lefoly\u00f3 f\u00e9l nap alatt kiszippantja az utc\u00e1kr\u00f3l a vizet \u00e9s a boldogs\u00e1got \u00e9s a der\u0171t \u00e9s a pecabotokat \u00e9s az #\u00f6ngyilkosnemjel\u00f6ltekv\u00edzbenemugr\u00e1sib\u00e1nat\u00e1t. De vid\u00e9ki kutakban m\u00e9g heteken \u00e1t megjelennek az #\u00f6t\u00f6s\u00e9vellehetfognicsuk\u00e1k \u00e9s a med\u00faz\u00e1k \u00e9s a #perszefeh\u00e9rc\u00e1p\u00e1k is.<\/p>\n<blockquote><p><strong>Viola Szandra<\/strong> \u00edr\u00f3, k\u00f6lt\u0151, kritikus, m\u0171sorvezet\u0151-szerkeszt\u0151, k\u00f6lt\u0151. A P\u00e1zm\u00e1ny P\u00e9ter Katolikus Egyetem magyar\u2013kommunik\u00e1ci\u00f3 szak\u00e1n diplom\u00e1zott. Ezt k\u00f6vet\u0151en filoz\u00f3fia szakon m\u00e1soddiplom\u00e1zott, k\u00f6zt\u00e1rsas\u00e1gi \u00f6szt\u00f6nd\u00edjas hallgat\u00f3k\u00e9nt. Sz\u00e1mos irodalmi \u00e9s m\u0171v\u00e9szeti foly\u00f3iratban publik\u00e1l, t\u00e1nckritikusk\u00e9nt pedig a <i>T\u00e1nc\u00e9let<\/i> munkat\u00e1rsa volt. 2008-ban jelent meg els\u0151 versesk\u00f6tete <i>L\u00e9leksztript\u00edz<\/i> c\u00edmmel, m\u00e1sodik k\u00f6tete <i>Testreszab\u00e1s<\/i> c\u00edmmel l\u00e1tott napvil\u00e1got 2014-ben, m\u00edg 2021-ben Haszn\u00e1lt f\u00e9nyforr\u00e1sok c\u00edmmel jelent meg a harmadik versesk\u00f6tete. L\u00e9k\u00f3 Tam\u00e1ssal \u00e9s Eifert J\u00e1nossal rendezett verski\u00e1ll\u00edt\u00e1sok, performanszok t\u00e1rsalkot\u00f3ja. 2013-ban, orsz\u00e1gos els\u0151 helyezettk\u00e9nt a Forum of Young Poetesses nemzetk\u00f6zi k\u00f6lt\u00e9szeti konferenci\u00e1n, Bakuban Viola Szandra k\u00e9pviselte haz\u00e1nkat. Sz\u00e1mos irodalomn\u00e9pszer\u0171s\u00edt\u0151 akci\u00f3 \u00e9s \u00faj\u00edt\u00e1s k\u00f6thet\u0151 nev\u00e9hez, rendezett m\u00e1r irodalmi fashion show-t, tervezett verstetov\u00e1l\u00e1s- kollekci\u00f3t, \u00fatj\u00e1ra ind\u00edtotta a Viselj verset! kamp\u00e1nyt vagy p\u00e9ld\u00e1ul a verskar\u00e1csonyfa-\u00e1ll\u00edt\u00e1s hagyom\u00e1ny\u00e1t. Jelenleg a <i>Magyar Nemzet<\/i> \u00e9s a Karc FM munkat\u00e1rsa.<\/p>\n<p><strong><a href=\"https:\/\/bookline.hu\/szerzo\/viola-szandra\/130509?page=1\" target=\"_blank\" rel=\"noopener\"><span style=\"text-decoration: underline; color: #0000ff;\">Viola Szandra megv\u00e1s\u00e1rolhat\u00f3 k\u00f6nyvei a Bookline-on&gt;&gt;<\/span><\/a><\/strong><\/p>\n<p><a href=\"https:\/\/www.libri.hu\/szerzok\/viola_szandra.html\" target=\"_blank\" rel=\"noopener\"><span style=\"color: #0000ff;\"><strong><span style=\"text-decoration: underline;\">Viola Szandra megv\u00e1s\u00e1rolhat\u00f3 k\u00f6nyvei a Librin&gt;&gt;<\/span><\/strong><\/span><\/a><\/p><\/blockquote>\n<p><strong>A sorozathoz kapcsol\u00f3d\u00f3 tov\u00e1bbi novell\u00e1k <a href=\"https:\/\/dorogimedence.hu\/index.php\/category\/heti-novella\/\" target=\"_blank\" rel=\"noopener noreferrer\"><span style=\"text-decoration: underline; color: #0000ff;\">ide kattintva<\/span><\/a> \u00e9rhet\u0151k el!<\/strong><\/p>\n<p><em>Bor\u00edt\u00f3k\u00e9p: HarmonyArt Foto<\/em><\/p>\n","protected":false},"excerpt":{"rendered":"<p>A Heti novella c\u00edm\u0171 \u00faj kultur\u00e1lis sorozatunkban h\u00e9tr\u0151l h\u00e9tre egy-egy \u00edr\u00f3 novell\u00e1j\u00e1t publik\u00e1ljuk. Harmadik alkalommal Viola Szandra testversel\u0151 egyik alkot\u00e1s\u00e1val ismerkedhetnek meg. Viola Szandra \u2013 Magyar Monszun &nbsp;Budapest utc\u00e1it el\u00f6nti a forr\u00f3 ny\u00e1ri es\u0151. Nyugtalan\u00edt\u00f3an emelkedik a v\u00edzszint. Az ultrakonzervat\u00edvok a csatornarendszer \u00e1llagmeg\u00f3v\u00e1s\u00e1hoz ragaszkodnak, de #nemmeg\u00e1llag\u00f3vj\u00e1k, hanem tiltakoz\u00e1sul b\u00fav\u00e1rruh\u00e1ban, \u00e9l\u0151fallal v\u00e9dik a csatornafedeleket. Nem szeretn\u00e9k,<\/p>\n","protected":false},"author":1,"featured_media":31213,"comment_status":"closed","ping_status":"closed","sticky":false,"template":"","format":"standard","meta":{"ngg_post_thumbnail":0,"footnotes":""},"categories":[5483,3],"tags":[5482,5529,1235,4486],"class_list":{"0":"post-31212","1":"post","2":"type-post","3":"status-publish","4":"format-standard","5":"has-post-thumbnail","7":"category-heti-novella","8":"category-hirek","9":"tag-heti-novella","10":"tag-magyar-monszun","11":"tag-novella","12":"tag-viola-szandra"},"yoast_head":"<!-- This site is optimized with the Yoast SEO plugin v27.4 - https:\/\/yoast.com\/product\/yoast-seo-wordpress\/ -->\n<title>Heti novella \u2013 Viola Szandra: Magyar Monszun<\/title>\n<meta name=\"robots\" content=\"index, follow, max-snippet:-1, max-image-preview:large, max-video-preview:-1\" \/>\n<link rel=\"canonical\" href=\"https:\/\/dorogimedence.hu\/index.php\/2021\/03\/20\/heti-novella-viola-szandra-magyar-monszun\/\" class=\"yoast-seo-meta-tag\" \/>\n<meta property=\"og:locale\" content=\"hu_HU\" class=\"yoast-seo-meta-tag\" \/>\n<meta property=\"og:type\" content=\"article\" class=\"yoast-seo-meta-tag\" \/>\n<meta property=\"og:title\" content=\"Heti novella \u2013 Viola Szandra: Magyar Monszun\" class=\"yoast-seo-meta-tag\" \/>\n<meta property=\"og:description\" content=\"A Heti novella c\u00edm\u0171 \u00faj kultur\u00e1lis sorozatunkban h\u00e9tr\u0151l h\u00e9tre egy-egy \u00edr\u00f3 novell\u00e1j\u00e1t publik\u00e1ljuk. Harmadik alkalommal Viola Szandra testversel\u0151 egyik alkot\u00e1s\u00e1val ismerkedhetnek meg. Viola Szandra \u2013 Magyar Monszun &nbsp;Budapest utc\u00e1it el\u00f6nti a forr\u00f3 ny\u00e1ri es\u0151. Nyugtalan\u00edt\u00f3an emelkedik a v\u00edzszint. Az ultrakonzervat\u00edvok a csatornarendszer \u00e1llagmeg\u00f3v\u00e1s\u00e1hoz ragaszkodnak, de #nemmeg\u00e1llag\u00f3vj\u00e1k, hanem tiltakoz\u00e1sul b\u00fav\u00e1rruh\u00e1ban, \u00e9l\u0151fallal v\u00e9dik a csatornafedeleket. Nem szeretn\u00e9k,\" class=\"yoast-seo-meta-tag\" \/>\n<meta property=\"og:url\" content=\"https:\/\/dorogimedence.hu\/index.php\/2021\/03\/20\/heti-novella-viola-szandra-magyar-monszun\/\" class=\"yoast-seo-meta-tag\" \/>\n<meta property=\"og:site_name\" content=\"Dorogi-medence Region\u00e1lis H\u00edrport\u00e1l\" class=\"yoast-seo-meta-tag\" \/>\n<meta property=\"article:publisher\" content=\"https:\/\/www.facebook.com\/dorogimedence\/\" class=\"yoast-seo-meta-tag\" \/>\n<meta property=\"article:published_time\" content=\"2021-03-20T07:28:20+00:00\" class=\"yoast-seo-meta-tag\" \/>\n<meta property=\"article:modified_time\" content=\"2021-03-27T07:39:45+00:00\" class=\"yoast-seo-meta-tag\" \/>\n<meta property=\"og:image\" content=\"https:\/\/i0.wp.com\/dorogimedence.hu\/wp-content\/uploads\/2021\/03\/viola-szandra.jpg?fit=830%2C450&ssl=1\" class=\"yoast-seo-meta-tag\" \/>\n\t<meta property=\"og:image:width\" content=\"830\" class=\"yoast-seo-meta-tag\" \/>\n\t<meta property=\"og:image:height\" content=\"450\" class=\"yoast-seo-meta-tag\" \/>\n\t<meta property=\"og:image:type\" content=\"image\/jpeg\" class=\"yoast-seo-meta-tag\" \/>\n<meta name=\"author\" content=\"dorogimedence.hu\" class=\"yoast-seo-meta-tag\" \/>\n<meta name=\"twitter:card\" content=\"summary_large_image\" class=\"yoast-seo-meta-tag\" \/>\n<meta name=\"twitter:label1\" content=\"Szerz\u0151:\" class=\"yoast-seo-meta-tag\" \/>\n\t<meta name=\"twitter:data1\" content=\"dorogimedence.hu\" class=\"yoast-seo-meta-tag\" \/>\n\t<meta name=\"twitter:label2\" content=\"Becs\u00fclt olvas\u00e1si id\u0151\" class=\"yoast-seo-meta-tag\" \/>\n\t<meta name=\"twitter:data2\" content=\"7 perc\" class=\"yoast-seo-meta-tag\" \/>\n<script type=\"application\/ld+json\" class=\"yoast-schema-graph\">{\"@context\":\"https:\\\/\\\/schema.org\",\"@graph\":[{\"@type\":\"Article\",\"@id\":\"https:\\\/\\\/dorogimedence.hu\\\/index.php\\\/2021\\\/03\\\/20\\\/heti-novella-viola-szandra-magyar-monszun\\\/#article\",\"isPartOf\":{\"@id\":\"https:\\\/\\\/dorogimedence.hu\\\/index.php\\\/2021\\\/03\\\/20\\\/heti-novella-viola-szandra-magyar-monszun\\\/\"},\"author\":{\"name\":\"dorogimedence.hu\",\"@id\":\"https:\\\/\\\/dorogimedence.hu\\\/#\\\/schema\\\/person\\\/ce6091eeb7e95ecdc87890d6aa8e0fd4\"},\"headline\":\"Heti novella \u2013 Viola Szandra: Magyar Monszun\",\"datePublished\":\"2021-03-20T07:28:20+00:00\",\"dateModified\":\"2021-03-27T07:39:45+00:00\",\"mainEntityOfPage\":{\"@id\":\"https:\\\/\\\/dorogimedence.hu\\\/index.php\\\/2021\\\/03\\\/20\\\/heti-novella-viola-szandra-magyar-monszun\\\/\"},\"wordCount\":1490,\"publisher\":{\"@id\":\"https:\\\/\\\/dorogimedence.hu\\\/#organization\"},\"image\":{\"@id\":\"https:\\\/\\\/dorogimedence.hu\\\/index.php\\\/2021\\\/03\\\/20\\\/heti-novella-viola-szandra-magyar-monszun\\\/#primaryimage\"},\"thumbnailUrl\":\"https:\\\/\\\/dorogimedence.hu\\\/wp-content\\\/uploads\\\/2021\\\/03\\\/viola-szandra.jpg\",\"keywords\":[\"Heti novella\",\"Magyar Monszun\",\"novella\",\"Viola Szandra\"],\"articleSection\":[\"Heti Novella\",\"H\u00edrek\"],\"inLanguage\":\"hu\"},{\"@type\":\"WebPage\",\"@id\":\"https:\\\/\\\/dorogimedence.hu\\\/index.php\\\/2021\\\/03\\\/20\\\/heti-novella-viola-szandra-magyar-monszun\\\/\",\"url\":\"https:\\\/\\\/dorogimedence.hu\\\/index.php\\\/2021\\\/03\\\/20\\\/heti-novella-viola-szandra-magyar-monszun\\\/\",\"name\":\"Heti novella \u2013 Viola Szandra: Magyar Monszun\",\"isPartOf\":{\"@id\":\"https:\\\/\\\/dorogimedence.hu\\\/#website\"},\"primaryImageOfPage\":{\"@id\":\"https:\\\/\\\/dorogimedence.hu\\\/index.php\\\/2021\\\/03\\\/20\\\/heti-novella-viola-szandra-magyar-monszun\\\/#primaryimage\"},\"image\":{\"@id\":\"https:\\\/\\\/dorogimedence.hu\\\/index.php\\\/2021\\\/03\\\/20\\\/heti-novella-viola-szandra-magyar-monszun\\\/#primaryimage\"},\"thumbnailUrl\":\"https:\\\/\\\/dorogimedence.hu\\\/wp-content\\\/uploads\\\/2021\\\/03\\\/viola-szandra.jpg\",\"datePublished\":\"2021-03-20T07:28:20+00:00\",\"dateModified\":\"2021-03-27T07:39:45+00:00\",\"breadcrumb\":{\"@id\":\"https:\\\/\\\/dorogimedence.hu\\\/index.php\\\/2021\\\/03\\\/20\\\/heti-novella-viola-szandra-magyar-monszun\\\/#breadcrumb\"},\"inLanguage\":\"hu\",\"potentialAction\":[{\"@type\":\"ReadAction\",\"target\":[\"https:\\\/\\\/dorogimedence.hu\\\/index.php\\\/2021\\\/03\\\/20\\\/heti-novella-viola-szandra-magyar-monszun\\\/\"]}]},{\"@type\":\"ImageObject\",\"inLanguage\":\"hu\",\"@id\":\"https:\\\/\\\/dorogimedence.hu\\\/index.php\\\/2021\\\/03\\\/20\\\/heti-novella-viola-szandra-magyar-monszun\\\/#primaryimage\",\"url\":\"https:\\\/\\\/dorogimedence.hu\\\/wp-content\\\/uploads\\\/2021\\\/03\\\/viola-szandra.jpg\",\"contentUrl\":\"https:\\\/\\\/dorogimedence.hu\\\/wp-content\\\/uploads\\\/2021\\\/03\\\/viola-szandra.jpg\",\"width\":830,\"height\":450},{\"@type\":\"BreadcrumbList\",\"@id\":\"https:\\\/\\\/dorogimedence.hu\\\/index.php\\\/2021\\\/03\\\/20\\\/heti-novella-viola-szandra-magyar-monszun\\\/#breadcrumb\",\"itemListElement\":[{\"@type\":\"ListItem\",\"position\":1,\"name\":\"Kezd\u0151lap\",\"item\":\"https:\\\/\\\/dorogimedence.hu\\\/\"},{\"@type\":\"ListItem\",\"position\":2,\"name\":\"Heti novella \u2013 Viola Szandra: Magyar Monszun\"}]},{\"@type\":\"WebSite\",\"@id\":\"https:\\\/\\\/dorogimedence.hu\\\/#website\",\"url\":\"https:\\\/\\\/dorogimedence.hu\\\/\",\"name\":\"Dorogi-medence Region\u00e1lis H\u00edrport\u00e1l\",\"description\":\"Dorog, Keszt\u00f6lc, Le\u00e1nyv\u00e1r, Piliscs\u00e9v, Tokod, Tokodalt\u00e1r\u00f3, Csolnok, Esztergom-kertv\u00e1ros: h\u00edrek, programok\",\"publisher\":{\"@id\":\"https:\\\/\\\/dorogimedence.hu\\\/#organization\"},\"potentialAction\":[{\"@type\":\"SearchAction\",\"target\":{\"@type\":\"EntryPoint\",\"urlTemplate\":\"https:\\\/\\\/dorogimedence.hu\\\/?s={search_term_string}\"},\"query-input\":{\"@type\":\"PropertyValueSpecification\",\"valueRequired\":true,\"valueName\":\"search_term_string\"}}],\"inLanguage\":\"hu\"},{\"@type\":\"Organization\",\"@id\":\"https:\\\/\\\/dorogimedence.hu\\\/#organization\",\"name\":\"Dorogi-medence Region\u00e1lis H\u00edrport\u00e1l\",\"url\":\"https:\\\/\\\/dorogimedence.hu\\\/\",\"logo\":{\"@type\":\"ImageObject\",\"inLanguage\":\"hu\",\"@id\":\"https:\\\/\\\/dorogimedence.hu\\\/#\\\/schema\\\/logo\\\/image\\\/\",\"url\":\"https:\\\/\\\/dorogimedence.hu\\\/wp-content\\\/uploads\\\/2021\\\/04\\\/logo-feher-600.png\",\"contentUrl\":\"https:\\\/\\\/dorogimedence.hu\\\/wp-content\\\/uploads\\\/2021\\\/04\\\/logo-feher-600.png\",\"width\":600,\"height\":100,\"caption\":\"Dorogi-medence Region\u00e1lis H\u00edrport\u00e1l\"},\"image\":{\"@id\":\"https:\\\/\\\/dorogimedence.hu\\\/#\\\/schema\\\/logo\\\/image\\\/\"},\"sameAs\":[\"https:\\\/\\\/www.facebook.com\\\/dorogimedence\\\/\"]},{\"@type\":\"Person\",\"@id\":\"https:\\\/\\\/dorogimedence.hu\\\/#\\\/schema\\\/person\\\/ce6091eeb7e95ecdc87890d6aa8e0fd4\",\"name\":\"dorogimedence.hu\",\"image\":{\"@type\":\"ImageObject\",\"inLanguage\":\"hu\",\"@id\":\"\\\/\\\/www.gravatar.com\\\/avatar\\\/d8d45f8901aadff40a4af72c0b826f1d?s=96&#038;r=g&#038;d=mm\",\"url\":\"\\\/\\\/www.gravatar.com\\\/avatar\\\/d8d45f8901aadff40a4af72c0b826f1d?s=96&#038;r=g&#038;d=mm\",\"contentUrl\":\"\\\/\\\/www.gravatar.com\\\/avatar\\\/d8d45f8901aadff40a4af72c0b826f1d?s=96&#038;r=g&#038;d=mm\",\"caption\":\"dorogimedence.hu\"}}]}<\/script>\n<!-- \/ Yoast SEO plugin. -->","yoast_head_json":{"title":"Heti novella \u2013 Viola Szandra: Magyar Monszun","robots":{"index":"index","follow":"follow","max-snippet":"max-snippet:-1","max-image-preview":"max-image-preview:large","max-video-preview":"max-video-preview:-1"},"canonical":"https:\/\/dorogimedence.hu\/index.php\/2021\/03\/20\/heti-novella-viola-szandra-magyar-monszun\/","og_locale":"hu_HU","og_type":"article","og_title":"Heti novella \u2013 Viola Szandra: Magyar Monszun","og_description":"A Heti novella c\u00edm\u0171 \u00faj kultur\u00e1lis sorozatunkban h\u00e9tr\u0151l h\u00e9tre egy-egy \u00edr\u00f3 novell\u00e1j\u00e1t publik\u00e1ljuk. Harmadik alkalommal Viola Szandra testversel\u0151 egyik alkot\u00e1s\u00e1val ismerkedhetnek meg. Viola Szandra \u2013 Magyar Monszun &nbsp;Budapest utc\u00e1it el\u00f6nti a forr\u00f3 ny\u00e1ri es\u0151. Nyugtalan\u00edt\u00f3an emelkedik a v\u00edzszint. Az ultrakonzervat\u00edvok a csatornarendszer \u00e1llagmeg\u00f3v\u00e1s\u00e1hoz ragaszkodnak, de #nemmeg\u00e1llag\u00f3vj\u00e1k, hanem tiltakoz\u00e1sul b\u00fav\u00e1rruh\u00e1ban, \u00e9l\u0151fallal v\u00e9dik a csatornafedeleket. Nem szeretn\u00e9k,","og_url":"https:\/\/dorogimedence.hu\/index.php\/2021\/03\/20\/heti-novella-viola-szandra-magyar-monszun\/","og_site_name":"Dorogi-medence Region\u00e1lis H\u00edrport\u00e1l","article_publisher":"https:\/\/www.facebook.com\/dorogimedence\/","article_published_time":"2021-03-20T07:28:20+00:00","article_modified_time":"2021-03-27T07:39:45+00:00","og_image":[{"width":830,"height":450,"url":"https:\/\/i0.wp.com\/dorogimedence.hu\/wp-content\/uploads\/2021\/03\/viola-szandra.jpg?fit=830%2C450&ssl=1","type":"image\/jpeg"}],"author":"dorogimedence.hu","twitter_card":"summary_large_image","twitter_misc":{"Szerz\u0151:":"dorogimedence.hu","Becs\u00fclt olvas\u00e1si id\u0151":"7 perc"},"schema":{"@context":"https:\/\/schema.org","@graph":[{"@type":"Article","@id":"https:\/\/dorogimedence.hu\/index.php\/2021\/03\/20\/heti-novella-viola-szandra-magyar-monszun\/#article","isPartOf":{"@id":"https:\/\/dorogimedence.hu\/index.php\/2021\/03\/20\/heti-novella-viola-szandra-magyar-monszun\/"},"author":{"name":"dorogimedence.hu","@id":"https:\/\/dorogimedence.hu\/#\/schema\/person\/ce6091eeb7e95ecdc87890d6aa8e0fd4"},"headline":"Heti novella \u2013 Viola Szandra: Magyar Monszun","datePublished":"2021-03-20T07:28:20+00:00","dateModified":"2021-03-27T07:39:45+00:00","mainEntityOfPage":{"@id":"https:\/\/dorogimedence.hu\/index.php\/2021\/03\/20\/heti-novella-viola-szandra-magyar-monszun\/"},"wordCount":1490,"publisher":{"@id":"https:\/\/dorogimedence.hu\/#organization"},"image":{"@id":"https:\/\/dorogimedence.hu\/index.php\/2021\/03\/20\/heti-novella-viola-szandra-magyar-monszun\/#primaryimage"},"thumbnailUrl":"https:\/\/dorogimedence.hu\/wp-content\/uploads\/2021\/03\/viola-szandra.jpg","keywords":["Heti novella","Magyar Monszun","novella","Viola Szandra"],"articleSection":["Heti Novella","H\u00edrek"],"inLanguage":"hu"},{"@type":"WebPage","@id":"https:\/\/dorogimedence.hu\/index.php\/2021\/03\/20\/heti-novella-viola-szandra-magyar-monszun\/","url":"https:\/\/dorogimedence.hu\/index.php\/2021\/03\/20\/heti-novella-viola-szandra-magyar-monszun\/","name":"Heti novella \u2013 Viola Szandra: Magyar Monszun","isPartOf":{"@id":"https:\/\/dorogimedence.hu\/#website"},"primaryImageOfPage":{"@id":"https:\/\/dorogimedence.hu\/index.php\/2021\/03\/20\/heti-novella-viola-szandra-magyar-monszun\/#primaryimage"},"image":{"@id":"https:\/\/dorogimedence.hu\/index.php\/2021\/03\/20\/heti-novella-viola-szandra-magyar-monszun\/#primaryimage"},"thumbnailUrl":"https:\/\/dorogimedence.hu\/wp-content\/uploads\/2021\/03\/viola-szandra.jpg","datePublished":"2021-03-20T07:28:20+00:00","dateModified":"2021-03-27T07:39:45+00:00","breadcrumb":{"@id":"https:\/\/dorogimedence.hu\/index.php\/2021\/03\/20\/heti-novella-viola-szandra-magyar-monszun\/#breadcrumb"},"inLanguage":"hu","potentialAction":[{"@type":"ReadAction","target":["https:\/\/dorogimedence.hu\/index.php\/2021\/03\/20\/heti-novella-viola-szandra-magyar-monszun\/"]}]},{"@type":"ImageObject","inLanguage":"hu","@id":"https:\/\/dorogimedence.hu\/index.php\/2021\/03\/20\/heti-novella-viola-szandra-magyar-monszun\/#primaryimage","url":"https:\/\/dorogimedence.hu\/wp-content\/uploads\/2021\/03\/viola-szandra.jpg","contentUrl":"https:\/\/dorogimedence.hu\/wp-content\/uploads\/2021\/03\/viola-szandra.jpg","width":830,"height":450},{"@type":"BreadcrumbList","@id":"https:\/\/dorogimedence.hu\/index.php\/2021\/03\/20\/heti-novella-viola-szandra-magyar-monszun\/#breadcrumb","itemListElement":[{"@type":"ListItem","position":1,"name":"Kezd\u0151lap","item":"https:\/\/dorogimedence.hu\/"},{"@type":"ListItem","position":2,"name":"Heti novella \u2013 Viola Szandra: Magyar Monszun"}]},{"@type":"WebSite","@id":"https:\/\/dorogimedence.hu\/#website","url":"https:\/\/dorogimedence.hu\/","name":"Dorogi-medence Region\u00e1lis H\u00edrport\u00e1l","description":"Dorog, Keszt\u00f6lc, Le\u00e1nyv\u00e1r, Piliscs\u00e9v, Tokod, Tokodalt\u00e1r\u00f3, Csolnok, Esztergom-kertv\u00e1ros: h\u00edrek, programok","publisher":{"@id":"https:\/\/dorogimedence.hu\/#organization"},"potentialAction":[{"@type":"SearchAction","target":{"@type":"EntryPoint","urlTemplate":"https:\/\/dorogimedence.hu\/?s={search_term_string}"},"query-input":{"@type":"PropertyValueSpecification","valueRequired":true,"valueName":"search_term_string"}}],"inLanguage":"hu"},{"@type":"Organization","@id":"https:\/\/dorogimedence.hu\/#organization","name":"Dorogi-medence Region\u00e1lis H\u00edrport\u00e1l","url":"https:\/\/dorogimedence.hu\/","logo":{"@type":"ImageObject","inLanguage":"hu","@id":"https:\/\/dorogimedence.hu\/#\/schema\/logo\/image\/","url":"https:\/\/dorogimedence.hu\/wp-content\/uploads\/2021\/04\/logo-feher-600.png","contentUrl":"https:\/\/dorogimedence.hu\/wp-content\/uploads\/2021\/04\/logo-feher-600.png","width":600,"height":100,"caption":"Dorogi-medence Region\u00e1lis H\u00edrport\u00e1l"},"image":{"@id":"https:\/\/dorogimedence.hu\/#\/schema\/logo\/image\/"},"sameAs":["https:\/\/www.facebook.com\/dorogimedence\/"]},{"@type":"Person","@id":"https:\/\/dorogimedence.hu\/#\/schema\/person\/ce6091eeb7e95ecdc87890d6aa8e0fd4","name":"dorogimedence.hu","image":{"@type":"ImageObject","inLanguage":"hu","@id":"\/\/www.gravatar.com\/avatar\/d8d45f8901aadff40a4af72c0b826f1d?s=96&#038;r=g&#038;d=mm","url":"\/\/www.gravatar.com\/avatar\/d8d45f8901aadff40a4af72c0b826f1d?s=96&#038;r=g&#038;d=mm","contentUrl":"\/\/www.gravatar.com\/avatar\/d8d45f8901aadff40a4af72c0b826f1d?s=96&#038;r=g&#038;d=mm","caption":"dorogimedence.hu"}}]}},"_links":{"self":[{"href":"https:\/\/dorogimedence.hu\/index.php\/wp-json\/wp\/v2\/posts\/31212","targetHints":{"allow":["GET"]}}],"collection":[{"href":"https:\/\/dorogimedence.hu\/index.php\/wp-json\/wp\/v2\/posts"}],"about":[{"href":"https:\/\/dorogimedence.hu\/index.php\/wp-json\/wp\/v2\/types\/post"}],"author":[{"embeddable":true,"href":"https:\/\/dorogimedence.hu\/index.php\/wp-json\/wp\/v2\/users\/1"}],"replies":[{"embeddable":true,"href":"https:\/\/dorogimedence.hu\/index.php\/wp-json\/wp\/v2\/comments?post=31212"}],"version-history":[{"count":0,"href":"https:\/\/dorogimedence.hu\/index.php\/wp-json\/wp\/v2\/posts\/31212\/revisions"}],"wp:featuredmedia":[{"embeddable":true,"href":"https:\/\/dorogimedence.hu\/index.php\/wp-json\/wp\/v2\/media\/31213"}],"wp:attachment":[{"href":"https:\/\/dorogimedence.hu\/index.php\/wp-json\/wp\/v2\/media?parent=31212"}],"wp:term":[{"taxonomy":"category","embeddable":true,"href":"https:\/\/dorogimedence.hu\/index.php\/wp-json\/wp\/v2\/categories?post=31212"},{"taxonomy":"post_tag","embeddable":true,"href":"https:\/\/dorogimedence.hu\/index.php\/wp-json\/wp\/v2\/tags?post=31212"}],"curies":[{"name":"wp","href":"https:\/\/api.w.org\/{rel}","templated":true}]}}