{"id":31188,"date":"2021-03-19T11:39:51","date_gmt":"2021-03-19T10:39:51","guid":{"rendered":"http:\/\/dorogimedence.hu\/?p=31188"},"modified":"2021-03-19T11:40:02","modified_gmt":"2021-03-19T10:40:02","slug":"kerekparost-utott-el-nyergesujfaluban","status":"publish","type":"post","link":"https:\/\/dorogimedence.hu\/index.php\/2021\/03\/19\/kerekparost-utott-el-nyergesujfaluban\/","title":{"rendered":"Ker\u00e9kp\u00e1rost \u00fct\u00f6tt el Nyerges\u00fajfaluban"},"content":{"rendered":"<p><strong>A Tatab\u00e1nyai J\u00e1r\u00e1si \u00dcgy\u00e9szs\u00e9g v\u00e1diratot ny\u00fajtott be azzal a f\u00e9rfival szemben, aki Nyerges\u00fajfaluban egy k\u00f6z\u00fati jelz\u0151t\u00e1bla utas\u00edt\u00e1sa ellen\u00e9re nem \u00e1llt meg g\u00e9pkocsij\u00e1val a ker\u00e9kp\u00e1r\u00fat el\u0151tt, ez\u00e9rt egy ker\u00e9kp\u00e1ros a j\u00e1rm\u0171nek \u00fctk\u00f6z\u00f6tt.<\/strong><\/p>\n<p>A v\u00e1dirat szerint a f\u00e9rfi 2019. szeptember 07-\u00e9n Nyerges\u00fajfaluban a J\u00f3kai M\u00f3r utc\u00e1ban a Kossuth Lajos utca&nbsp;\u00fatkeresztez\u0151d\u00e9se ir\u00e1ny\u00e1ba haladt a szem\u00e9lyg\u00e9pkocsival. A Kossuth Lajos utc\u00e1val p\u00e1rhuzamosan, a j\u00e1rda mellett 1,9 m\u00e9ter sz\u00e9les ker\u00e9kp\u00e1r\u00fat el\u0151tt a v\u00e1dlott halad\u00e1si ir\u00e1nya szerinti jobb oldalon, \u201e\u00c1llj! Els\u0151bbs\u00e9gad\u00e1s k\u00f6telez\u0151\u201d k\u00f6z\u00fati jelz\u0151t\u00e1bla ker\u00fclt kihelyez\u00e9sre, alatta ker\u00e9kp\u00e1rosok keresztir\u00e1ny\u00fa k\u00f6zleked\u00e9s\u00e9re utal\u00f3 kieg\u00e9sz\u00edt\u0151 t\u00e1bl\u00e1val. A k\u00f6z\u00fati t\u00e1bl\u00e1val egy vonalban a k\u00f6telez\u0151 meg\u00e1ll\u00e1s hely\u00e9t jelz\u0151 \u00fatburkolati jel ker\u00fclt felfest\u00e9sre.<\/p>\n<p><img fetchpriority=\"high\" decoding=\"async\" class=\"alignnone size-full wp-image-31189\" src=\"https:\/\/dorogimedence.hu\/wp-content\/uploads\/2021\/03\/kozuti-baleset-kerekparos-elutese-2_logo.jpg\" alt=\"\" width=\"742\" height=\"496\" srcset=\"https:\/\/dorogimedence.hu\/wp-content\/uploads\/2021\/03\/kozuti-baleset-kerekparos-elutese-2_logo.jpg 742w, https:\/\/dorogimedence.hu\/wp-content\/uploads\/2021\/03\/kozuti-baleset-kerekparos-elutese-2_logo-300x201.jpg 300w, https:\/\/dorogimedence.hu\/wp-content\/uploads\/2021\/03\/kozuti-baleset-kerekparos-elutese-2_logo-272x182.jpg 272w\" sizes=\"(max-width: 742px) 100vw, 742px\" \/><\/p>\n<p>A v\u00e1dlott halad\u00e1sa sor\u00e1n az \u00fatkeresztez\u0151d\u00e9shez \u00e9rve a k\u00f6z\u00fati jelz\u0151t\u00e1bla utas\u00edt\u00e1sa ellen\u00e9re nem \u00e1llt meg, hanem mintegy 10-12 km\/\u00f3ra sebess\u00e9ggel folytatta k\u00f6zleked\u00e9s\u00e9t a v\u00e9dett \u00fat, a ker\u00e9kp\u00e1r\u00fat, \u00e9s a Kossuth Lajos utca ir\u00e1ny\u00e1ba. Mindek\u00f6zben \u00e9rkezett ker\u00e9kp\u00e1rj\u00e1val a szab\u00e1lyosan k\u00f6zleked\u0151 s\u00e9rtett, aki ker\u00e9kp\u00e1rj\u00e1val f\u00e9kezett ugyan, azonban az \u00fctk\u00f6z\u00e9st elker\u00fclni nem tudta. Az \u00fctk\u00f6z\u00e9s hat\u00e1s\u00e1ra a s\u00e9rtett egyens\u00faly\u00e1t vesztette, \u00e9s balra d\u0151lve az \u00fattestre zuhant.<\/p>\n<p>A baleset sor\u00e1n s\u00e9rtettnek nyolc napon t\u00fal gy\u00f3gyul\u00f3 bokat\u00f6r\u00e9se keletkezett.<\/p>\n<p><img decoding=\"async\" class=\"alignnone size-full wp-image-31190\" src=\"https:\/\/dorogimedence.hu\/wp-content\/uploads\/2021\/03\/kozuti-baleset-kerekparos-elutese-3_logo.jpg\" alt=\"\" width=\"741\" height=\"499\" srcset=\"https:\/\/dorogimedence.hu\/wp-content\/uploads\/2021\/03\/kozuti-baleset-kerekparos-elutese-3_logo.jpg 741w, https:\/\/dorogimedence.hu\/wp-content\/uploads\/2021\/03\/kozuti-baleset-kerekparos-elutese-3_logo-300x202.jpg 300w, https:\/\/dorogimedence.hu\/wp-content\/uploads\/2021\/03\/kozuti-baleset-kerekparos-elutese-3_logo-272x182.jpg 272w\" sizes=\"(max-width: 741px) 100vw, 741px\" \/><\/p>\n<p>Az \u00fcgy\u00e9szs\u00e9g a v\u00e1diratban ind\u00edtv\u00e1nyozta, hogy az Esztergomi J\u00e1r\u00e1sb\u00edr\u00f3s\u00e1g a f\u00e9rfival szemben t\u00e1rgyal\u00e1s mell\u0151z\u00e9s\u00e9vel, b\u00fcntet\u0151v\u00e9gz\u00e9sben p\u00e9nzb\u00fcntet\u00e9st \u00e9s j\u00e1rm\u0171vezet\u00e9st\u0151l eltilt\u00e1st szabjon ki.<\/p>\n<p><em>Fot\u00f3k, forr\u00e1s: Kom\u00e1rom-Esztergom Megyei F\u0151\u00fcgy\u00e9szs\u00e9g Sajt\u00f3<\/em><\/p>\n","protected":false},"excerpt":{"rendered":"<p>A Tatab\u00e1nyai J\u00e1r\u00e1si \u00dcgy\u00e9szs\u00e9g v\u00e1diratot ny\u00fajtott be azzal a f\u00e9rfival szemben, aki Nyerges\u00fajfaluban egy k\u00f6z\u00fati jelz\u0151t\u00e1bla utas\u00edt\u00e1sa ellen\u00e9re nem \u00e1llt meg g\u00e9pkocsij\u00e1val a ker\u00e9kp\u00e1r\u00fat el\u0151tt, ez\u00e9rt egy ker\u00e9kp\u00e1ros a j\u00e1rm\u0171nek \u00fctk\u00f6z\u00f6tt. A v\u00e1dirat szerint a f\u00e9rfi 2019. szeptember 07-\u00e9n Nyerges\u00fajfaluban a J\u00f3kai M\u00f3r utc\u00e1ban a Kossuth Lajos utca&nbsp;\u00fatkeresztez\u0151d\u00e9se ir\u00e1ny\u00e1ba haladt a szem\u00e9lyg\u00e9pkocsival. A Kossuth Lajos<\/p>\n","protected":false},"author":1,"featured_media":31191,"comment_status":"closed","ping_status":"closed","sticky":false,"template":"","format":"standard","meta":{"ngg_post_thumbnail":0,"footnotes":""},"categories":[3,39,1390],"tags":[44,1042,285,5526,140,326],"class_list":{"0":"post-31188","1":"post","2":"type-post","3":"status-publish","4":"format-standard","5":"has-post-thumbnail","7":"category-hirek","8":"category-kek-hirek","9":"category-nyergesujfalu","10":"tag-baleset","11":"tag-birosag","12":"tag-gazolas","13":"tag-kerekparos","14":"tag-nyergesujfalu","15":"tag-ugyeszseg"},"yoast_head":"<!-- This site is optimized with the Yoast SEO plugin v27.4 - https:\/\/yoast.com\/product\/yoast-seo-wordpress\/ -->\n<title>Ker\u00e9kp\u00e1rost \u00fct\u00f6tt el Nyerges\u00fajfaluban<\/title>\n<meta name=\"robots\" content=\"index, follow, max-snippet:-1, max-image-preview:large, max-video-preview:-1\" \/>\n<link rel=\"canonical\" href=\"https:\/\/dorogimedence.hu\/index.php\/2021\/03\/19\/kerekparost-utott-el-nyergesujfaluban\/\" class=\"yoast-seo-meta-tag\" \/>\n<meta property=\"og:locale\" content=\"hu_HU\" class=\"yoast-seo-meta-tag\" \/>\n<meta property=\"og:type\" content=\"article\" class=\"yoast-seo-meta-tag\" \/>\n<meta property=\"og:title\" content=\"Ker\u00e9kp\u00e1rost \u00fct\u00f6tt el Nyerges\u00fajfaluban\" class=\"yoast-seo-meta-tag\" \/>\n<meta property=\"og:description\" content=\"A Tatab\u00e1nyai J\u00e1r\u00e1si \u00dcgy\u00e9szs\u00e9g v\u00e1diratot ny\u00fajtott be azzal a f\u00e9rfival szemben, aki Nyerges\u00fajfaluban egy k\u00f6z\u00fati jelz\u0151t\u00e1bla utas\u00edt\u00e1sa ellen\u00e9re nem \u00e1llt meg g\u00e9pkocsij\u00e1val a ker\u00e9kp\u00e1r\u00fat el\u0151tt, ez\u00e9rt egy ker\u00e9kp\u00e1ros a j\u00e1rm\u0171nek \u00fctk\u00f6z\u00f6tt. A v\u00e1dirat szerint a f\u00e9rfi 2019. szeptember 07-\u00e9n Nyerges\u00fajfaluban a J\u00f3kai M\u00f3r utc\u00e1ban a Kossuth Lajos utca&nbsp;\u00fatkeresztez\u0151d\u00e9se ir\u00e1ny\u00e1ba haladt a szem\u00e9lyg\u00e9pkocsival. A Kossuth Lajos\" class=\"yoast-seo-meta-tag\" \/>\n<meta property=\"og:url\" content=\"https:\/\/dorogimedence.hu\/index.php\/2021\/03\/19\/kerekparost-utott-el-nyergesujfaluban\/\" class=\"yoast-seo-meta-tag\" \/>\n<meta property=\"og:site_name\" content=\"Dorogi-medence Region\u00e1lis H\u00edrport\u00e1l\" class=\"yoast-seo-meta-tag\" \/>\n<meta property=\"article:publisher\" content=\"https:\/\/www.facebook.com\/dorogimedence\/\" class=\"yoast-seo-meta-tag\" \/>\n<meta property=\"article:published_time\" content=\"2021-03-19T10:39:51+00:00\" class=\"yoast-seo-meta-tag\" \/>\n<meta property=\"article:modified_time\" content=\"2021-03-19T10:40:02+00:00\" class=\"yoast-seo-meta-tag\" \/>\n<meta property=\"og:image\" content=\"https:\/\/i0.wp.com\/dorogimedence.hu\/wp-content\/uploads\/2021\/03\/kerekparos-gazolas.jpg?fit=830%2C450&ssl=1\" class=\"yoast-seo-meta-tag\" \/>\n\t<meta property=\"og:image:width\" content=\"830\" class=\"yoast-seo-meta-tag\" \/>\n\t<meta property=\"og:image:height\" content=\"450\" class=\"yoast-seo-meta-tag\" \/>\n\t<meta property=\"og:image:type\" content=\"image\/jpeg\" class=\"yoast-seo-meta-tag\" \/>\n<meta name=\"author\" content=\"dorogimedence.hu\" class=\"yoast-seo-meta-tag\" \/>\n<meta name=\"twitter:card\" content=\"summary_large_image\" class=\"yoast-seo-meta-tag\" \/>\n<meta name=\"twitter:label1\" content=\"Szerz\u0151:\" class=\"yoast-seo-meta-tag\" \/>\n\t<meta name=\"twitter:data1\" content=\"dorogimedence.hu\" class=\"yoast-seo-meta-tag\" \/>\n\t<meta name=\"twitter:label2\" content=\"Becs\u00fclt olvas\u00e1si id\u0151\" class=\"yoast-seo-meta-tag\" \/>\n\t<meta name=\"twitter:data2\" content=\"2 perc\" class=\"yoast-seo-meta-tag\" \/>\n<script type=\"application\/ld+json\" class=\"yoast-schema-graph\">{\"@context\":\"https:\\\/\\\/schema.org\",\"@graph\":[{\"@type\":\"Article\",\"@id\":\"https:\\\/\\\/dorogimedence.hu\\\/index.php\\\/2021\\\/03\\\/19\\\/kerekparost-utott-el-nyergesujfaluban\\\/#article\",\"isPartOf\":{\"@id\":\"https:\\\/\\\/dorogimedence.hu\\\/index.php\\\/2021\\\/03\\\/19\\\/kerekparost-utott-el-nyergesujfaluban\\\/\"},\"author\":{\"name\":\"dorogimedence.hu\",\"@id\":\"https:\\\/\\\/dorogimedence.hu\\\/#\\\/schema\\\/person\\\/ce6091eeb7e95ecdc87890d6aa8e0fd4\"},\"headline\":\"Ker\u00e9kp\u00e1rost \u00fct\u00f6tt el Nyerges\u00fajfaluban\",\"datePublished\":\"2021-03-19T10:39:51+00:00\",\"dateModified\":\"2021-03-19T10:40:02+00:00\",\"mainEntityOfPage\":{\"@id\":\"https:\\\/\\\/dorogimedence.hu\\\/index.php\\\/2021\\\/03\\\/19\\\/kerekparost-utott-el-nyergesujfaluban\\\/\"},\"wordCount\":377,\"publisher\":{\"@id\":\"https:\\\/\\\/dorogimedence.hu\\\/#organization\"},\"image\":{\"@id\":\"https:\\\/\\\/dorogimedence.hu\\\/index.php\\\/2021\\\/03\\\/19\\\/kerekparost-utott-el-nyergesujfaluban\\\/#primaryimage\"},\"thumbnailUrl\":\"https:\\\/\\\/dorogimedence.hu\\\/wp-content\\\/uploads\\\/2021\\\/03\\\/kerekparos-gazolas.jpg\",\"keywords\":[\"baleset\",\"b\u00edr\u00f3s\u00e1g\",\"g\u00e1zol\u00e1s\",\"ker\u00e9kp\u00e1ros\",\"Nyerges\u00fajfalu\",\"\u00fcgy\u00e9szs\u00e9g\"],\"articleSection\":[\"H\u00edrek\",\"K\u00e9k h\u00edrek\",\"Nyerges\u00fajfalu\"],\"inLanguage\":\"hu\"},{\"@type\":\"WebPage\",\"@id\":\"https:\\\/\\\/dorogimedence.hu\\\/index.php\\\/2021\\\/03\\\/19\\\/kerekparost-utott-el-nyergesujfaluban\\\/\",\"url\":\"https:\\\/\\\/dorogimedence.hu\\\/index.php\\\/2021\\\/03\\\/19\\\/kerekparost-utott-el-nyergesujfaluban\\\/\",\"name\":\"Ker\u00e9kp\u00e1rost \u00fct\u00f6tt el Nyerges\u00fajfaluban\",\"isPartOf\":{\"@id\":\"https:\\\/\\\/dorogimedence.hu\\\/#website\"},\"primaryImageOfPage\":{\"@id\":\"https:\\\/\\\/dorogimedence.hu\\\/index.php\\\/2021\\\/03\\\/19\\\/kerekparost-utott-el-nyergesujfaluban\\\/#primaryimage\"},\"image\":{\"@id\":\"https:\\\/\\\/dorogimedence.hu\\\/index.php\\\/2021\\\/03\\\/19\\\/kerekparost-utott-el-nyergesujfaluban\\\/#primaryimage\"},\"thumbnailUrl\":\"https:\\\/\\\/dorogimedence.hu\\\/wp-content\\\/uploads\\\/2021\\\/03\\\/kerekparos-gazolas.jpg\",\"datePublished\":\"2021-03-19T10:39:51+00:00\",\"dateModified\":\"2021-03-19T10:40:02+00:00\",\"breadcrumb\":{\"@id\":\"https:\\\/\\\/dorogimedence.hu\\\/index.php\\\/2021\\\/03\\\/19\\\/kerekparost-utott-el-nyergesujfaluban\\\/#breadcrumb\"},\"inLanguage\":\"hu\",\"potentialAction\":[{\"@type\":\"ReadAction\",\"target\":[\"https:\\\/\\\/dorogimedence.hu\\\/index.php\\\/2021\\\/03\\\/19\\\/kerekparost-utott-el-nyergesujfaluban\\\/\"]}]},{\"@type\":\"ImageObject\",\"inLanguage\":\"hu\",\"@id\":\"https:\\\/\\\/dorogimedence.hu\\\/index.php\\\/2021\\\/03\\\/19\\\/kerekparost-utott-el-nyergesujfaluban\\\/#primaryimage\",\"url\":\"https:\\\/\\\/dorogimedence.hu\\\/wp-content\\\/uploads\\\/2021\\\/03\\\/kerekparos-gazolas.jpg\",\"contentUrl\":\"https:\\\/\\\/dorogimedence.hu\\\/wp-content\\\/uploads\\\/2021\\\/03\\\/kerekparos-gazolas.jpg\",\"width\":830,\"height\":450},{\"@type\":\"BreadcrumbList\",\"@id\":\"https:\\\/\\\/dorogimedence.hu\\\/index.php\\\/2021\\\/03\\\/19\\\/kerekparost-utott-el-nyergesujfaluban\\\/#breadcrumb\",\"itemListElement\":[{\"@type\":\"ListItem\",\"position\":1,\"name\":\"Kezd\u0151lap\",\"item\":\"https:\\\/\\\/dorogimedence.hu\\\/\"},{\"@type\":\"ListItem\",\"position\":2,\"name\":\"Ker\u00e9kp\u00e1rost \u00fct\u00f6tt el Nyerges\u00fajfaluban\"}]},{\"@type\":\"WebSite\",\"@id\":\"https:\\\/\\\/dorogimedence.hu\\\/#website\",\"url\":\"https:\\\/\\\/dorogimedence.hu\\\/\",\"name\":\"Dorogi-medence Region\u00e1lis H\u00edrport\u00e1l\",\"description\":\"Dorog, Keszt\u00f6lc, Le\u00e1nyv\u00e1r, Piliscs\u00e9v, Tokod, Tokodalt\u00e1r\u00f3, Csolnok, Esztergom-kertv\u00e1ros: h\u00edrek, programok\",\"publisher\":{\"@id\":\"https:\\\/\\\/dorogimedence.hu\\\/#organization\"},\"potentialAction\":[{\"@type\":\"SearchAction\",\"target\":{\"@type\":\"EntryPoint\",\"urlTemplate\":\"https:\\\/\\\/dorogimedence.hu\\\/?s={search_term_string}\"},\"query-input\":{\"@type\":\"PropertyValueSpecification\",\"valueRequired\":true,\"valueName\":\"search_term_string\"}}],\"inLanguage\":\"hu\"},{\"@type\":\"Organization\",\"@id\":\"https:\\\/\\\/dorogimedence.hu\\\/#organization\",\"name\":\"Dorogi-medence Region\u00e1lis H\u00edrport\u00e1l\",\"url\":\"https:\\\/\\\/dorogimedence.hu\\\/\",\"logo\":{\"@type\":\"ImageObject\",\"inLanguage\":\"hu\",\"@id\":\"https:\\\/\\\/dorogimedence.hu\\\/#\\\/schema\\\/logo\\\/image\\\/\",\"url\":\"https:\\\/\\\/dorogimedence.hu\\\/wp-content\\\/uploads\\\/2021\\\/04\\\/logo-feher-600.png\",\"contentUrl\":\"https:\\\/\\\/dorogimedence.hu\\\/wp-content\\\/uploads\\\/2021\\\/04\\\/logo-feher-600.png\",\"width\":600,\"height\":100,\"caption\":\"Dorogi-medence Region\u00e1lis H\u00edrport\u00e1l\"},\"image\":{\"@id\":\"https:\\\/\\\/dorogimedence.hu\\\/#\\\/schema\\\/logo\\\/image\\\/\"},\"sameAs\":[\"https:\\\/\\\/www.facebook.com\\\/dorogimedence\\\/\"]},{\"@type\":\"Person\",\"@id\":\"https:\\\/\\\/dorogimedence.hu\\\/#\\\/schema\\\/person\\\/ce6091eeb7e95ecdc87890d6aa8e0fd4\",\"name\":\"dorogimedence.hu\",\"image\":{\"@type\":\"ImageObject\",\"inLanguage\":\"hu\",\"@id\":\"\\\/\\\/www.gravatar.com\\\/avatar\\\/d8d45f8901aadff40a4af72c0b826f1d?s=96&#038;r=g&#038;d=mm\",\"url\":\"\\\/\\\/www.gravatar.com\\\/avatar\\\/d8d45f8901aadff40a4af72c0b826f1d?s=96&#038;r=g&#038;d=mm\",\"contentUrl\":\"\\\/\\\/www.gravatar.com\\\/avatar\\\/d8d45f8901aadff40a4af72c0b826f1d?s=96&#038;r=g&#038;d=mm\",\"caption\":\"dorogimedence.hu\"}}]}<\/script>\n<!-- \/ Yoast SEO plugin. -->","yoast_head_json":{"title":"Ker\u00e9kp\u00e1rost \u00fct\u00f6tt el Nyerges\u00fajfaluban","robots":{"index":"index","follow":"follow","max-snippet":"max-snippet:-1","max-image-preview":"max-image-preview:large","max-video-preview":"max-video-preview:-1"},"canonical":"https:\/\/dorogimedence.hu\/index.php\/2021\/03\/19\/kerekparost-utott-el-nyergesujfaluban\/","og_locale":"hu_HU","og_type":"article","og_title":"Ker\u00e9kp\u00e1rost \u00fct\u00f6tt el Nyerges\u00fajfaluban","og_description":"A Tatab\u00e1nyai J\u00e1r\u00e1si \u00dcgy\u00e9szs\u00e9g v\u00e1diratot ny\u00fajtott be azzal a f\u00e9rfival szemben, aki Nyerges\u00fajfaluban egy k\u00f6z\u00fati jelz\u0151t\u00e1bla utas\u00edt\u00e1sa ellen\u00e9re nem \u00e1llt meg g\u00e9pkocsij\u00e1val a ker\u00e9kp\u00e1r\u00fat el\u0151tt, ez\u00e9rt egy ker\u00e9kp\u00e1ros a j\u00e1rm\u0171nek \u00fctk\u00f6z\u00f6tt. A v\u00e1dirat szerint a f\u00e9rfi 2019. szeptember 07-\u00e9n Nyerges\u00fajfaluban a J\u00f3kai M\u00f3r utc\u00e1ban a Kossuth Lajos utca&nbsp;\u00fatkeresztez\u0151d\u00e9se ir\u00e1ny\u00e1ba haladt a szem\u00e9lyg\u00e9pkocsival. A Kossuth Lajos","og_url":"https:\/\/dorogimedence.hu\/index.php\/2021\/03\/19\/kerekparost-utott-el-nyergesujfaluban\/","og_site_name":"Dorogi-medence Region\u00e1lis H\u00edrport\u00e1l","article_publisher":"https:\/\/www.facebook.com\/dorogimedence\/","article_published_time":"2021-03-19T10:39:51+00:00","article_modified_time":"2021-03-19T10:40:02+00:00","og_image":[{"width":830,"height":450,"url":"https:\/\/i0.wp.com\/dorogimedence.hu\/wp-content\/uploads\/2021\/03\/kerekparos-gazolas.jpg?fit=830%2C450&ssl=1","type":"image\/jpeg"}],"author":"dorogimedence.hu","twitter_card":"summary_large_image","twitter_misc":{"Szerz\u0151:":"dorogimedence.hu","Becs\u00fclt olvas\u00e1si id\u0151":"2 perc"},"schema":{"@context":"https:\/\/schema.org","@graph":[{"@type":"Article","@id":"https:\/\/dorogimedence.hu\/index.php\/2021\/03\/19\/kerekparost-utott-el-nyergesujfaluban\/#article","isPartOf":{"@id":"https:\/\/dorogimedence.hu\/index.php\/2021\/03\/19\/kerekparost-utott-el-nyergesujfaluban\/"},"author":{"name":"dorogimedence.hu","@id":"https:\/\/dorogimedence.hu\/#\/schema\/person\/ce6091eeb7e95ecdc87890d6aa8e0fd4"},"headline":"Ker\u00e9kp\u00e1rost \u00fct\u00f6tt el Nyerges\u00fajfaluban","datePublished":"2021-03-19T10:39:51+00:00","dateModified":"2021-03-19T10:40:02+00:00","mainEntityOfPage":{"@id":"https:\/\/dorogimedence.hu\/index.php\/2021\/03\/19\/kerekparost-utott-el-nyergesujfaluban\/"},"wordCount":377,"publisher":{"@id":"https:\/\/dorogimedence.hu\/#organization"},"image":{"@id":"https:\/\/dorogimedence.hu\/index.php\/2021\/03\/19\/kerekparost-utott-el-nyergesujfaluban\/#primaryimage"},"thumbnailUrl":"https:\/\/dorogimedence.hu\/wp-content\/uploads\/2021\/03\/kerekparos-gazolas.jpg","keywords":["baleset","b\u00edr\u00f3s\u00e1g","g\u00e1zol\u00e1s","ker\u00e9kp\u00e1ros","Nyerges\u00fajfalu","\u00fcgy\u00e9szs\u00e9g"],"articleSection":["H\u00edrek","K\u00e9k h\u00edrek","Nyerges\u00fajfalu"],"inLanguage":"hu"},{"@type":"WebPage","@id":"https:\/\/dorogimedence.hu\/index.php\/2021\/03\/19\/kerekparost-utott-el-nyergesujfaluban\/","url":"https:\/\/dorogimedence.hu\/index.php\/2021\/03\/19\/kerekparost-utott-el-nyergesujfaluban\/","name":"Ker\u00e9kp\u00e1rost \u00fct\u00f6tt el Nyerges\u00fajfaluban","isPartOf":{"@id":"https:\/\/dorogimedence.hu\/#website"},"primaryImageOfPage":{"@id":"https:\/\/dorogimedence.hu\/index.php\/2021\/03\/19\/kerekparost-utott-el-nyergesujfaluban\/#primaryimage"},"image":{"@id":"https:\/\/dorogimedence.hu\/index.php\/2021\/03\/19\/kerekparost-utott-el-nyergesujfaluban\/#primaryimage"},"thumbnailUrl":"https:\/\/dorogimedence.hu\/wp-content\/uploads\/2021\/03\/kerekparos-gazolas.jpg","datePublished":"2021-03-19T10:39:51+00:00","dateModified":"2021-03-19T10:40:02+00:00","breadcrumb":{"@id":"https:\/\/dorogimedence.hu\/index.php\/2021\/03\/19\/kerekparost-utott-el-nyergesujfaluban\/#breadcrumb"},"inLanguage":"hu","potentialAction":[{"@type":"ReadAction","target":["https:\/\/dorogimedence.hu\/index.php\/2021\/03\/19\/kerekparost-utott-el-nyergesujfaluban\/"]}]},{"@type":"ImageObject","inLanguage":"hu","@id":"https:\/\/dorogimedence.hu\/index.php\/2021\/03\/19\/kerekparost-utott-el-nyergesujfaluban\/#primaryimage","url":"https:\/\/dorogimedence.hu\/wp-content\/uploads\/2021\/03\/kerekparos-gazolas.jpg","contentUrl":"https:\/\/dorogimedence.hu\/wp-content\/uploads\/2021\/03\/kerekparos-gazolas.jpg","width":830,"height":450},{"@type":"BreadcrumbList","@id":"https:\/\/dorogimedence.hu\/index.php\/2021\/03\/19\/kerekparost-utott-el-nyergesujfaluban\/#breadcrumb","itemListElement":[{"@type":"ListItem","position":1,"name":"Kezd\u0151lap","item":"https:\/\/dorogimedence.hu\/"},{"@type":"ListItem","position":2,"name":"Ker\u00e9kp\u00e1rost \u00fct\u00f6tt el Nyerges\u00fajfaluban"}]},{"@type":"WebSite","@id":"https:\/\/dorogimedence.hu\/#website","url":"https:\/\/dorogimedence.hu\/","name":"Dorogi-medence Region\u00e1lis H\u00edrport\u00e1l","description":"Dorog, Keszt\u00f6lc, Le\u00e1nyv\u00e1r, Piliscs\u00e9v, Tokod, Tokodalt\u00e1r\u00f3, Csolnok, Esztergom-kertv\u00e1ros: h\u00edrek, programok","publisher":{"@id":"https:\/\/dorogimedence.hu\/#organization"},"potentialAction":[{"@type":"SearchAction","target":{"@type":"EntryPoint","urlTemplate":"https:\/\/dorogimedence.hu\/?s={search_term_string}"},"query-input":{"@type":"PropertyValueSpecification","valueRequired":true,"valueName":"search_term_string"}}],"inLanguage":"hu"},{"@type":"Organization","@id":"https:\/\/dorogimedence.hu\/#organization","name":"Dorogi-medence Region\u00e1lis H\u00edrport\u00e1l","url":"https:\/\/dorogimedence.hu\/","logo":{"@type":"ImageObject","inLanguage":"hu","@id":"https:\/\/dorogimedence.hu\/#\/schema\/logo\/image\/","url":"https:\/\/dorogimedence.hu\/wp-content\/uploads\/2021\/04\/logo-feher-600.png","contentUrl":"https:\/\/dorogimedence.hu\/wp-content\/uploads\/2021\/04\/logo-feher-600.png","width":600,"height":100,"caption":"Dorogi-medence Region\u00e1lis H\u00edrport\u00e1l"},"image":{"@id":"https:\/\/dorogimedence.hu\/#\/schema\/logo\/image\/"},"sameAs":["https:\/\/www.facebook.com\/dorogimedence\/"]},{"@type":"Person","@id":"https:\/\/dorogimedence.hu\/#\/schema\/person\/ce6091eeb7e95ecdc87890d6aa8e0fd4","name":"dorogimedence.hu","image":{"@type":"ImageObject","inLanguage":"hu","@id":"\/\/www.gravatar.com\/avatar\/d8d45f8901aadff40a4af72c0b826f1d?s=96&#038;r=g&#038;d=mm","url":"\/\/www.gravatar.com\/avatar\/d8d45f8901aadff40a4af72c0b826f1d?s=96&#038;r=g&#038;d=mm","contentUrl":"\/\/www.gravatar.com\/avatar\/d8d45f8901aadff40a4af72c0b826f1d?s=96&#038;r=g&#038;d=mm","caption":"dorogimedence.hu"}}]}},"_links":{"self":[{"href":"https:\/\/dorogimedence.hu\/index.php\/wp-json\/wp\/v2\/posts\/31188","targetHints":{"allow":["GET"]}}],"collection":[{"href":"https:\/\/dorogimedence.hu\/index.php\/wp-json\/wp\/v2\/posts"}],"about":[{"href":"https:\/\/dorogimedence.hu\/index.php\/wp-json\/wp\/v2\/types\/post"}],"author":[{"embeddable":true,"href":"https:\/\/dorogimedence.hu\/index.php\/wp-json\/wp\/v2\/users\/1"}],"replies":[{"embeddable":true,"href":"https:\/\/dorogimedence.hu\/index.php\/wp-json\/wp\/v2\/comments?post=31188"}],"version-history":[{"count":0,"href":"https:\/\/dorogimedence.hu\/index.php\/wp-json\/wp\/v2\/posts\/31188\/revisions"}],"wp:featuredmedia":[{"embeddable":true,"href":"https:\/\/dorogimedence.hu\/index.php\/wp-json\/wp\/v2\/media\/31191"}],"wp:attachment":[{"href":"https:\/\/dorogimedence.hu\/index.php\/wp-json\/wp\/v2\/media?parent=31188"}],"wp:term":[{"taxonomy":"category","embeddable":true,"href":"https:\/\/dorogimedence.hu\/index.php\/wp-json\/wp\/v2\/categories?post=31188"},{"taxonomy":"post_tag","embeddable":true,"href":"https:\/\/dorogimedence.hu\/index.php\/wp-json\/wp\/v2\/tags?post=31188"}],"curies":[{"name":"wp","href":"https:\/\/api.w.org\/{rel}","templated":true}]}}