{"id":31125,"date":"2021-03-16T11:48:28","date_gmt":"2021-03-16T10:48:28","guid":{"rendered":"http:\/\/dorogimedence.hu\/?p=31125"},"modified":"2021-03-16T12:41:26","modified_gmt":"2021-03-16T11:41:26","slug":"a-tokodaltaroi-buszmegallokban-mar-kulturalodhatunk-is","status":"publish","type":"post","link":"https:\/\/dorogimedence.hu\/index.php\/2021\/03\/16\/a-tokodaltaroi-buszmegallokban-mar-kulturalodhatunk-is\/","title":{"rendered":"A tokodalt\u00e1r\u00f3i buszmeg\u00e1ll\u00f3kban m\u00e1r kultur\u00e1l\u00f3dhatunk is"},"content":{"rendered":"<p><strong>A Magyar V\u00f6r\u00f6skereszt Tokodalt\u00e1r\u00f3 Alapszervezet\u00e9nek kezdem\u00e9nyez\u00e9s\u00e9re \u00e9s a helyi K\u00e9pvisel\u0151 Test\u00fclet t\u00e1mogat\u00e1s\u00e1val k\u00f6nyvespolcokat szereltek fel n\u00e9gy tokodalt\u00e1r\u00f3i buszmeg\u00e1ll\u00f3ban.<\/strong><\/p>\n<p>Dr. Bogn\u00e1r Ferenc, a Magyar V\u00f6r\u00f6skereszt Kom\u00e1rom-Esztergom Megyei Szervezet\u00e9nek, illetve Tokodalt\u00e1r\u00f3 Alapszervezet\u00e9nek eln\u00f6ke elmondta, hogy a napokban szerelt\u00e9k fel a k\u00f6nyvespolcokat a v\u00e1r\u00f3helyis\u00e9gekkel ell\u00e1tott buszmeg\u00e1ll\u00f3kban Tokodalt\u00e1r\u00f3n. A polcokat fel is t\u00f6lt\u00f6tt\u00e9k k\u00f6nyvekkel, melyeket rendszeresen igyekeznek majd p\u00f3tolni. \u201eB\u00e1rki, b\u00e1rmikor elvehet egy k\u00f6nyvet, ha \u00e9ppen olvasni szeretne, vagy az utaz\u00e1st szeretn\u00e9 kellemesebb\u00e9 var\u00e1zsolni. Illetve, ha valakinek megtetszik egy k\u00f6nyv, azt nem is musz\u00e1j visszavinnie\u201d \u2013 tette hozz\u00e1.<\/p>\n<p><img fetchpriority=\"high\" decoding=\"async\" class=\"alignnone size-full wp-image-31127\" src=\"https:\/\/dorogimedence.hu\/wp-content\/uploads\/2021\/03\/konyvespolc-02.jpg\" alt=\"\" width=\"830\" height=\"450\" srcset=\"https:\/\/dorogimedence.hu\/wp-content\/uploads\/2021\/03\/konyvespolc-02.jpg 830w, https:\/\/dorogimedence.hu\/wp-content\/uploads\/2021\/03\/konyvespolc-02-300x163.jpg 300w, https:\/\/dorogimedence.hu\/wp-content\/uploads\/2021\/03\/konyvespolc-02-768x416.jpg 768w\" sizes=\"(max-width: 830px) 100vw, 830px\" \/><\/p>\n<p>Dr. Bogn\u00e1r Ferenc elmondta azt is, hogy t\u00f6bb telep\u00fcl\u00e9sen l\u00e1tott m\u00e1r hasonl\u00f3 kezdem\u00e9nyez\u00e9st \u00e9s \u00fagy gondolta, hogy ezt Tokodalt\u00e1r\u00f3n is megval\u00f3s\u00edtja, amivel a c\u00e9lja az, hogy min\u00e9l t\u00f6bben olvassanak. Mindemellett rem\u00e9li azt is, hogy j\u00f3 p\u00e9ldak\u00e9nt szolg\u00e1lnak majd a v\u00e1r\u00f3helyis\u00e9gekben elhelyezett k\u00f6nyvespolcok, ami \u00e1ltal a k\u00f6rnyez\u0151 telep\u00fcl\u00e9sek civil szervezetei is kezdem\u00e9nyezni fogj\u00e1k ezeknek a telep\u00edt\u00e9s\u00e9t v\u00e1rosukban.<\/p>\n<p>A tokodalt\u00e1r\u00f3i alapszervezet munkat\u00e1rsai a k\u00f6nyvek mellett els\u0151sorban gyermekruh\u00e1kat, illetve m\u00e1sok sz\u00e1m\u00e1ra m\u00e9g haszn\u00e1lhat\u00f3 eszk\u00f6z\u00f6ket, j\u00e1t\u00e9kokat v\u00e1rnak a m\u0171vel\u0151d\u00e9si h\u00e1zban kialak\u00edtott adom\u00e1nyponton. Hab\u00e1r a pand\u00e9mia miatt jelenleg nincsenek nyitva, de telefonon (30\/351-4260, 70\/366-49-13) el\u0151re egyeztetett id\u0151pontban tudj\u00e1k fogadni az adom\u00e1nyokat, illetve ugyanezeken a telefonsz\u00e1mokon v\u00e1rj\u00e1k a r\u00e1szorul\u00f3k h\u00edv\u00e1sait is.<\/p>\n<p><img decoding=\"async\" class=\"alignnone size-full wp-image-31128\" src=\"https:\/\/dorogimedence.hu\/wp-content\/uploads\/2021\/03\/konyvespolc-03.jpg\" alt=\"\" width=\"830\" height=\"623\" srcset=\"https:\/\/dorogimedence.hu\/wp-content\/uploads\/2021\/03\/konyvespolc-03.jpg 830w, https:\/\/dorogimedence.hu\/wp-content\/uploads\/2021\/03\/konyvespolc-03-300x225.jpg 300w, https:\/\/dorogimedence.hu\/wp-content\/uploads\/2021\/03\/konyvespolc-03-768x576.jpg 768w\" sizes=\"(max-width: 830px) 100vw, 830px\" \/><\/p>\n<p><em>Fot\u00f3k: Bogn\u00e1r Ferenc<\/em><\/p>\n","protected":false},"excerpt":{"rendered":"<p>A Magyar V\u00f6r\u00f6skereszt Tokodalt\u00e1r\u00f3 Alapszervezet\u00e9nek kezdem\u00e9nyez\u00e9s\u00e9re \u00e9s a helyi K\u00e9pvisel\u0151 Test\u00fclet t\u00e1mogat\u00e1s\u00e1val k\u00f6nyvespolcokat szereltek fel n\u00e9gy tokodalt\u00e1r\u00f3i buszmeg\u00e1ll\u00f3ban. Dr. Bogn\u00e1r Ferenc, a Magyar V\u00f6r\u00f6skereszt Kom\u00e1rom-Esztergom Megyei Szervezet\u00e9nek, illetve Tokodalt\u00e1r\u00f3 Alapszervezet\u00e9nek eln\u00f6ke elmondta, hogy a napokban szerelt\u00e9k fel a k\u00f6nyvespolcokat a v\u00e1r\u00f3helyis\u00e9gekkel ell\u00e1tott buszmeg\u00e1ll\u00f3kban Tokodalt\u00e1r\u00f3n. A polcokat fel is t\u00f6lt\u00f6tt\u00e9k k\u00f6nyvekkel, melyeket rendszeresen igyekeznek majd p\u00f3tolni.<\/p>\n","protected":false},"author":1,"featured_media":31126,"comment_status":"closed","ping_status":"closed","sticky":false,"template":"","format":"standard","meta":{"ngg_post_thumbnail":0,"footnotes":""},"categories":[3,10],"tags":[1112,5509,904,1078,47],"class_list":{"0":"post-31125","1":"post","2":"type-post","3":"status-publish","4":"format-standard","5":"has-post-thumbnail","7":"category-hirek","8":"category-tokodaltaro","9":"tag-konyv","10":"tag-konyvespolc","11":"tag-magyar-voroskereszt","12":"tag-olvasas","13":"tag-tokodaltaro"},"yoast_head":"<!-- This site is optimized with the Yoast SEO plugin v27.4 - https:\/\/yoast.com\/product\/yoast-seo-wordpress\/ -->\n<title>A tokodalt\u00e1r\u00f3i buszmeg\u00e1ll\u00f3kban m\u00e1r kultur\u00e1l\u00f3dhatunk is<\/title>\n<meta name=\"robots\" content=\"index, follow, max-snippet:-1, max-image-preview:large, max-video-preview:-1\" \/>\n<link rel=\"canonical\" href=\"https:\/\/dorogimedence.hu\/index.php\/2021\/03\/16\/a-tokodaltaroi-buszmegallokban-mar-kulturalodhatunk-is\/\" class=\"yoast-seo-meta-tag\" \/>\n<meta property=\"og:locale\" content=\"hu_HU\" class=\"yoast-seo-meta-tag\" \/>\n<meta property=\"og:type\" content=\"article\" class=\"yoast-seo-meta-tag\" \/>\n<meta property=\"og:title\" content=\"A tokodalt\u00e1r\u00f3i buszmeg\u00e1ll\u00f3kban m\u00e1r kultur\u00e1l\u00f3dhatunk is\" class=\"yoast-seo-meta-tag\" \/>\n<meta property=\"og:description\" content=\"A Magyar V\u00f6r\u00f6skereszt Tokodalt\u00e1r\u00f3 Alapszervezet\u00e9nek kezdem\u00e9nyez\u00e9s\u00e9re \u00e9s a helyi K\u00e9pvisel\u0151 Test\u00fclet t\u00e1mogat\u00e1s\u00e1val k\u00f6nyvespolcokat szereltek fel n\u00e9gy tokodalt\u00e1r\u00f3i buszmeg\u00e1ll\u00f3ban. Dr. Bogn\u00e1r Ferenc, a Magyar V\u00f6r\u00f6skereszt Kom\u00e1rom-Esztergom Megyei Szervezet\u00e9nek, illetve Tokodalt\u00e1r\u00f3 Alapszervezet\u00e9nek eln\u00f6ke elmondta, hogy a napokban szerelt\u00e9k fel a k\u00f6nyvespolcokat a v\u00e1r\u00f3helyis\u00e9gekkel ell\u00e1tott buszmeg\u00e1ll\u00f3kban Tokodalt\u00e1r\u00f3n. A polcokat fel is t\u00f6lt\u00f6tt\u00e9k k\u00f6nyvekkel, melyeket rendszeresen igyekeznek majd p\u00f3tolni.\" class=\"yoast-seo-meta-tag\" \/>\n<meta property=\"og:url\" content=\"https:\/\/dorogimedence.hu\/index.php\/2021\/03\/16\/a-tokodaltaroi-buszmegallokban-mar-kulturalodhatunk-is\/\" class=\"yoast-seo-meta-tag\" \/>\n<meta property=\"og:site_name\" content=\"Dorogi-medence Region\u00e1lis H\u00edrport\u00e1l\" class=\"yoast-seo-meta-tag\" \/>\n<meta property=\"article:publisher\" content=\"https:\/\/www.facebook.com\/dorogimedence\/\" class=\"yoast-seo-meta-tag\" \/>\n<meta property=\"article:published_time\" content=\"2021-03-16T10:48:28+00:00\" class=\"yoast-seo-meta-tag\" \/>\n<meta property=\"article:modified_time\" content=\"2021-03-16T11:41:26+00:00\" class=\"yoast-seo-meta-tag\" \/>\n<meta property=\"og:image\" content=\"https:\/\/i0.wp.com\/dorogimedence.hu\/wp-content\/uploads\/2021\/03\/konyvespolc-01.jpg?fit=830%2C450&ssl=1\" class=\"yoast-seo-meta-tag\" \/>\n\t<meta property=\"og:image:width\" content=\"830\" class=\"yoast-seo-meta-tag\" \/>\n\t<meta property=\"og:image:height\" content=\"450\" class=\"yoast-seo-meta-tag\" \/>\n\t<meta property=\"og:image:type\" content=\"image\/jpeg\" class=\"yoast-seo-meta-tag\" \/>\n<meta name=\"author\" content=\"dorogimedence.hu\" class=\"yoast-seo-meta-tag\" \/>\n<meta name=\"twitter:card\" content=\"summary_large_image\" class=\"yoast-seo-meta-tag\" \/>\n<meta name=\"twitter:label1\" content=\"Szerz\u0151:\" class=\"yoast-seo-meta-tag\" \/>\n\t<meta name=\"twitter:data1\" content=\"dorogimedence.hu\" class=\"yoast-seo-meta-tag\" \/>\n\t<meta name=\"twitter:label2\" content=\"Becs\u00fclt olvas\u00e1si id\u0151\" class=\"yoast-seo-meta-tag\" \/>\n\t<meta name=\"twitter:data2\" content=\"2 perc\" class=\"yoast-seo-meta-tag\" \/>\n<script type=\"application\/ld+json\" class=\"yoast-schema-graph\">{\"@context\":\"https:\\\/\\\/schema.org\",\"@graph\":[{\"@type\":\"Article\",\"@id\":\"https:\\\/\\\/dorogimedence.hu\\\/index.php\\\/2021\\\/03\\\/16\\\/a-tokodaltaroi-buszmegallokban-mar-kulturalodhatunk-is\\\/#article\",\"isPartOf\":{\"@id\":\"https:\\\/\\\/dorogimedence.hu\\\/index.php\\\/2021\\\/03\\\/16\\\/a-tokodaltaroi-buszmegallokban-mar-kulturalodhatunk-is\\\/\"},\"author\":{\"name\":\"dorogimedence.hu\",\"@id\":\"https:\\\/\\\/dorogimedence.hu\\\/#\\\/schema\\\/person\\\/ce6091eeb7e95ecdc87890d6aa8e0fd4\"},\"headline\":\"A tokodalt\u00e1r\u00f3i buszmeg\u00e1ll\u00f3kban m\u00e1r kultur\u00e1l\u00f3dhatunk is\",\"datePublished\":\"2021-03-16T10:48:28+00:00\",\"dateModified\":\"2021-03-16T11:41:26+00:00\",\"mainEntityOfPage\":{\"@id\":\"https:\\\/\\\/dorogimedence.hu\\\/index.php\\\/2021\\\/03\\\/16\\\/a-tokodaltaroi-buszmegallokban-mar-kulturalodhatunk-is\\\/\"},\"wordCount\":322,\"publisher\":{\"@id\":\"https:\\\/\\\/dorogimedence.hu\\\/#organization\"},\"image\":{\"@id\":\"https:\\\/\\\/dorogimedence.hu\\\/index.php\\\/2021\\\/03\\\/16\\\/a-tokodaltaroi-buszmegallokban-mar-kulturalodhatunk-is\\\/#primaryimage\"},\"thumbnailUrl\":\"https:\\\/\\\/dorogimedence.hu\\\/wp-content\\\/uploads\\\/2021\\\/03\\\/konyvespolc-01.jpg\",\"keywords\":[\"k\u00f6nyv\",\"k\u00f6nyvespolc\",\"Magyar V\u00f6r\u00f6skereszt\",\"olvas\u00e1s\",\"Tokodalt\u00e1r\u00f3\"],\"articleSection\":[\"H\u00edrek\",\"Tokodalt\u00e1r\u00f3\"],\"inLanguage\":\"hu\"},{\"@type\":\"WebPage\",\"@id\":\"https:\\\/\\\/dorogimedence.hu\\\/index.php\\\/2021\\\/03\\\/16\\\/a-tokodaltaroi-buszmegallokban-mar-kulturalodhatunk-is\\\/\",\"url\":\"https:\\\/\\\/dorogimedence.hu\\\/index.php\\\/2021\\\/03\\\/16\\\/a-tokodaltaroi-buszmegallokban-mar-kulturalodhatunk-is\\\/\",\"name\":\"A tokodalt\u00e1r\u00f3i buszmeg\u00e1ll\u00f3kban m\u00e1r kultur\u00e1l\u00f3dhatunk is\",\"isPartOf\":{\"@id\":\"https:\\\/\\\/dorogimedence.hu\\\/#website\"},\"primaryImageOfPage\":{\"@id\":\"https:\\\/\\\/dorogimedence.hu\\\/index.php\\\/2021\\\/03\\\/16\\\/a-tokodaltaroi-buszmegallokban-mar-kulturalodhatunk-is\\\/#primaryimage\"},\"image\":{\"@id\":\"https:\\\/\\\/dorogimedence.hu\\\/index.php\\\/2021\\\/03\\\/16\\\/a-tokodaltaroi-buszmegallokban-mar-kulturalodhatunk-is\\\/#primaryimage\"},\"thumbnailUrl\":\"https:\\\/\\\/dorogimedence.hu\\\/wp-content\\\/uploads\\\/2021\\\/03\\\/konyvespolc-01.jpg\",\"datePublished\":\"2021-03-16T10:48:28+00:00\",\"dateModified\":\"2021-03-16T11:41:26+00:00\",\"breadcrumb\":{\"@id\":\"https:\\\/\\\/dorogimedence.hu\\\/index.php\\\/2021\\\/03\\\/16\\\/a-tokodaltaroi-buszmegallokban-mar-kulturalodhatunk-is\\\/#breadcrumb\"},\"inLanguage\":\"hu\",\"potentialAction\":[{\"@type\":\"ReadAction\",\"target\":[\"https:\\\/\\\/dorogimedence.hu\\\/index.php\\\/2021\\\/03\\\/16\\\/a-tokodaltaroi-buszmegallokban-mar-kulturalodhatunk-is\\\/\"]}]},{\"@type\":\"ImageObject\",\"inLanguage\":\"hu\",\"@id\":\"https:\\\/\\\/dorogimedence.hu\\\/index.php\\\/2021\\\/03\\\/16\\\/a-tokodaltaroi-buszmegallokban-mar-kulturalodhatunk-is\\\/#primaryimage\",\"url\":\"https:\\\/\\\/dorogimedence.hu\\\/wp-content\\\/uploads\\\/2021\\\/03\\\/konyvespolc-01.jpg\",\"contentUrl\":\"https:\\\/\\\/dorogimedence.hu\\\/wp-content\\\/uploads\\\/2021\\\/03\\\/konyvespolc-01.jpg\",\"width\":830,\"height\":450},{\"@type\":\"BreadcrumbList\",\"@id\":\"https:\\\/\\\/dorogimedence.hu\\\/index.php\\\/2021\\\/03\\\/16\\\/a-tokodaltaroi-buszmegallokban-mar-kulturalodhatunk-is\\\/#breadcrumb\",\"itemListElement\":[{\"@type\":\"ListItem\",\"position\":1,\"name\":\"Kezd\u0151lap\",\"item\":\"https:\\\/\\\/dorogimedence.hu\\\/\"},{\"@type\":\"ListItem\",\"position\":2,\"name\":\"A tokodalt\u00e1r\u00f3i buszmeg\u00e1ll\u00f3kban m\u00e1r kultur\u00e1l\u00f3dhatunk is\"}]},{\"@type\":\"WebSite\",\"@id\":\"https:\\\/\\\/dorogimedence.hu\\\/#website\",\"url\":\"https:\\\/\\\/dorogimedence.hu\\\/\",\"name\":\"Dorogi-medence Region\u00e1lis H\u00edrport\u00e1l\",\"description\":\"Dorog, Keszt\u00f6lc, Le\u00e1nyv\u00e1r, Piliscs\u00e9v, Tokod, Tokodalt\u00e1r\u00f3, Csolnok, Esztergom-kertv\u00e1ros: h\u00edrek, programok\",\"publisher\":{\"@id\":\"https:\\\/\\\/dorogimedence.hu\\\/#organization\"},\"potentialAction\":[{\"@type\":\"SearchAction\",\"target\":{\"@type\":\"EntryPoint\",\"urlTemplate\":\"https:\\\/\\\/dorogimedence.hu\\\/?s={search_term_string}\"},\"query-input\":{\"@type\":\"PropertyValueSpecification\",\"valueRequired\":true,\"valueName\":\"search_term_string\"}}],\"inLanguage\":\"hu\"},{\"@type\":\"Organization\",\"@id\":\"https:\\\/\\\/dorogimedence.hu\\\/#organization\",\"name\":\"Dorogi-medence Region\u00e1lis H\u00edrport\u00e1l\",\"url\":\"https:\\\/\\\/dorogimedence.hu\\\/\",\"logo\":{\"@type\":\"ImageObject\",\"inLanguage\":\"hu\",\"@id\":\"https:\\\/\\\/dorogimedence.hu\\\/#\\\/schema\\\/logo\\\/image\\\/\",\"url\":\"https:\\\/\\\/dorogimedence.hu\\\/wp-content\\\/uploads\\\/2021\\\/04\\\/logo-feher-600.png\",\"contentUrl\":\"https:\\\/\\\/dorogimedence.hu\\\/wp-content\\\/uploads\\\/2021\\\/04\\\/logo-feher-600.png\",\"width\":600,\"height\":100,\"caption\":\"Dorogi-medence Region\u00e1lis H\u00edrport\u00e1l\"},\"image\":{\"@id\":\"https:\\\/\\\/dorogimedence.hu\\\/#\\\/schema\\\/logo\\\/image\\\/\"},\"sameAs\":[\"https:\\\/\\\/www.facebook.com\\\/dorogimedence\\\/\"]},{\"@type\":\"Person\",\"@id\":\"https:\\\/\\\/dorogimedence.hu\\\/#\\\/schema\\\/person\\\/ce6091eeb7e95ecdc87890d6aa8e0fd4\",\"name\":\"dorogimedence.hu\",\"image\":{\"@type\":\"ImageObject\",\"inLanguage\":\"hu\",\"@id\":\"\\\/\\\/www.gravatar.com\\\/avatar\\\/d8d45f8901aadff40a4af72c0b826f1d?s=96&#038;r=g&#038;d=mm\",\"url\":\"\\\/\\\/www.gravatar.com\\\/avatar\\\/d8d45f8901aadff40a4af72c0b826f1d?s=96&#038;r=g&#038;d=mm\",\"contentUrl\":\"\\\/\\\/www.gravatar.com\\\/avatar\\\/d8d45f8901aadff40a4af72c0b826f1d?s=96&#038;r=g&#038;d=mm\",\"caption\":\"dorogimedence.hu\"}}]}<\/script>\n<!-- \/ Yoast SEO plugin. -->","yoast_head_json":{"title":"A tokodalt\u00e1r\u00f3i buszmeg\u00e1ll\u00f3kban m\u00e1r kultur\u00e1l\u00f3dhatunk is","robots":{"index":"index","follow":"follow","max-snippet":"max-snippet:-1","max-image-preview":"max-image-preview:large","max-video-preview":"max-video-preview:-1"},"canonical":"https:\/\/dorogimedence.hu\/index.php\/2021\/03\/16\/a-tokodaltaroi-buszmegallokban-mar-kulturalodhatunk-is\/","og_locale":"hu_HU","og_type":"article","og_title":"A tokodalt\u00e1r\u00f3i buszmeg\u00e1ll\u00f3kban m\u00e1r kultur\u00e1l\u00f3dhatunk is","og_description":"A Magyar V\u00f6r\u00f6skereszt Tokodalt\u00e1r\u00f3 Alapszervezet\u00e9nek kezdem\u00e9nyez\u00e9s\u00e9re \u00e9s a helyi K\u00e9pvisel\u0151 Test\u00fclet t\u00e1mogat\u00e1s\u00e1val k\u00f6nyvespolcokat szereltek fel n\u00e9gy tokodalt\u00e1r\u00f3i buszmeg\u00e1ll\u00f3ban. Dr. Bogn\u00e1r Ferenc, a Magyar V\u00f6r\u00f6skereszt Kom\u00e1rom-Esztergom Megyei Szervezet\u00e9nek, illetve Tokodalt\u00e1r\u00f3 Alapszervezet\u00e9nek eln\u00f6ke elmondta, hogy a napokban szerelt\u00e9k fel a k\u00f6nyvespolcokat a v\u00e1r\u00f3helyis\u00e9gekkel ell\u00e1tott buszmeg\u00e1ll\u00f3kban Tokodalt\u00e1r\u00f3n. A polcokat fel is t\u00f6lt\u00f6tt\u00e9k k\u00f6nyvekkel, melyeket rendszeresen igyekeznek majd p\u00f3tolni.","og_url":"https:\/\/dorogimedence.hu\/index.php\/2021\/03\/16\/a-tokodaltaroi-buszmegallokban-mar-kulturalodhatunk-is\/","og_site_name":"Dorogi-medence Region\u00e1lis H\u00edrport\u00e1l","article_publisher":"https:\/\/www.facebook.com\/dorogimedence\/","article_published_time":"2021-03-16T10:48:28+00:00","article_modified_time":"2021-03-16T11:41:26+00:00","og_image":[{"width":830,"height":450,"url":"https:\/\/i0.wp.com\/dorogimedence.hu\/wp-content\/uploads\/2021\/03\/konyvespolc-01.jpg?fit=830%2C450&ssl=1","type":"image\/jpeg"}],"author":"dorogimedence.hu","twitter_card":"summary_large_image","twitter_misc":{"Szerz\u0151:":"dorogimedence.hu","Becs\u00fclt olvas\u00e1si id\u0151":"2 perc"},"schema":{"@context":"https:\/\/schema.org","@graph":[{"@type":"Article","@id":"https:\/\/dorogimedence.hu\/index.php\/2021\/03\/16\/a-tokodaltaroi-buszmegallokban-mar-kulturalodhatunk-is\/#article","isPartOf":{"@id":"https:\/\/dorogimedence.hu\/index.php\/2021\/03\/16\/a-tokodaltaroi-buszmegallokban-mar-kulturalodhatunk-is\/"},"author":{"name":"dorogimedence.hu","@id":"https:\/\/dorogimedence.hu\/#\/schema\/person\/ce6091eeb7e95ecdc87890d6aa8e0fd4"},"headline":"A tokodalt\u00e1r\u00f3i buszmeg\u00e1ll\u00f3kban m\u00e1r kultur\u00e1l\u00f3dhatunk is","datePublished":"2021-03-16T10:48:28+00:00","dateModified":"2021-03-16T11:41:26+00:00","mainEntityOfPage":{"@id":"https:\/\/dorogimedence.hu\/index.php\/2021\/03\/16\/a-tokodaltaroi-buszmegallokban-mar-kulturalodhatunk-is\/"},"wordCount":322,"publisher":{"@id":"https:\/\/dorogimedence.hu\/#organization"},"image":{"@id":"https:\/\/dorogimedence.hu\/index.php\/2021\/03\/16\/a-tokodaltaroi-buszmegallokban-mar-kulturalodhatunk-is\/#primaryimage"},"thumbnailUrl":"https:\/\/dorogimedence.hu\/wp-content\/uploads\/2021\/03\/konyvespolc-01.jpg","keywords":["k\u00f6nyv","k\u00f6nyvespolc","Magyar V\u00f6r\u00f6skereszt","olvas\u00e1s","Tokodalt\u00e1r\u00f3"],"articleSection":["H\u00edrek","Tokodalt\u00e1r\u00f3"],"inLanguage":"hu"},{"@type":"WebPage","@id":"https:\/\/dorogimedence.hu\/index.php\/2021\/03\/16\/a-tokodaltaroi-buszmegallokban-mar-kulturalodhatunk-is\/","url":"https:\/\/dorogimedence.hu\/index.php\/2021\/03\/16\/a-tokodaltaroi-buszmegallokban-mar-kulturalodhatunk-is\/","name":"A tokodalt\u00e1r\u00f3i buszmeg\u00e1ll\u00f3kban m\u00e1r kultur\u00e1l\u00f3dhatunk is","isPartOf":{"@id":"https:\/\/dorogimedence.hu\/#website"},"primaryImageOfPage":{"@id":"https:\/\/dorogimedence.hu\/index.php\/2021\/03\/16\/a-tokodaltaroi-buszmegallokban-mar-kulturalodhatunk-is\/#primaryimage"},"image":{"@id":"https:\/\/dorogimedence.hu\/index.php\/2021\/03\/16\/a-tokodaltaroi-buszmegallokban-mar-kulturalodhatunk-is\/#primaryimage"},"thumbnailUrl":"https:\/\/dorogimedence.hu\/wp-content\/uploads\/2021\/03\/konyvespolc-01.jpg","datePublished":"2021-03-16T10:48:28+00:00","dateModified":"2021-03-16T11:41:26+00:00","breadcrumb":{"@id":"https:\/\/dorogimedence.hu\/index.php\/2021\/03\/16\/a-tokodaltaroi-buszmegallokban-mar-kulturalodhatunk-is\/#breadcrumb"},"inLanguage":"hu","potentialAction":[{"@type":"ReadAction","target":["https:\/\/dorogimedence.hu\/index.php\/2021\/03\/16\/a-tokodaltaroi-buszmegallokban-mar-kulturalodhatunk-is\/"]}]},{"@type":"ImageObject","inLanguage":"hu","@id":"https:\/\/dorogimedence.hu\/index.php\/2021\/03\/16\/a-tokodaltaroi-buszmegallokban-mar-kulturalodhatunk-is\/#primaryimage","url":"https:\/\/dorogimedence.hu\/wp-content\/uploads\/2021\/03\/konyvespolc-01.jpg","contentUrl":"https:\/\/dorogimedence.hu\/wp-content\/uploads\/2021\/03\/konyvespolc-01.jpg","width":830,"height":450},{"@type":"BreadcrumbList","@id":"https:\/\/dorogimedence.hu\/index.php\/2021\/03\/16\/a-tokodaltaroi-buszmegallokban-mar-kulturalodhatunk-is\/#breadcrumb","itemListElement":[{"@type":"ListItem","position":1,"name":"Kezd\u0151lap","item":"https:\/\/dorogimedence.hu\/"},{"@type":"ListItem","position":2,"name":"A tokodalt\u00e1r\u00f3i buszmeg\u00e1ll\u00f3kban m\u00e1r kultur\u00e1l\u00f3dhatunk is"}]},{"@type":"WebSite","@id":"https:\/\/dorogimedence.hu\/#website","url":"https:\/\/dorogimedence.hu\/","name":"Dorogi-medence Region\u00e1lis H\u00edrport\u00e1l","description":"Dorog, Keszt\u00f6lc, Le\u00e1nyv\u00e1r, Piliscs\u00e9v, Tokod, Tokodalt\u00e1r\u00f3, Csolnok, Esztergom-kertv\u00e1ros: h\u00edrek, programok","publisher":{"@id":"https:\/\/dorogimedence.hu\/#organization"},"potentialAction":[{"@type":"SearchAction","target":{"@type":"EntryPoint","urlTemplate":"https:\/\/dorogimedence.hu\/?s={search_term_string}"},"query-input":{"@type":"PropertyValueSpecification","valueRequired":true,"valueName":"search_term_string"}}],"inLanguage":"hu"},{"@type":"Organization","@id":"https:\/\/dorogimedence.hu\/#organization","name":"Dorogi-medence Region\u00e1lis H\u00edrport\u00e1l","url":"https:\/\/dorogimedence.hu\/","logo":{"@type":"ImageObject","inLanguage":"hu","@id":"https:\/\/dorogimedence.hu\/#\/schema\/logo\/image\/","url":"https:\/\/dorogimedence.hu\/wp-content\/uploads\/2021\/04\/logo-feher-600.png","contentUrl":"https:\/\/dorogimedence.hu\/wp-content\/uploads\/2021\/04\/logo-feher-600.png","width":600,"height":100,"caption":"Dorogi-medence Region\u00e1lis H\u00edrport\u00e1l"},"image":{"@id":"https:\/\/dorogimedence.hu\/#\/schema\/logo\/image\/"},"sameAs":["https:\/\/www.facebook.com\/dorogimedence\/"]},{"@type":"Person","@id":"https:\/\/dorogimedence.hu\/#\/schema\/person\/ce6091eeb7e95ecdc87890d6aa8e0fd4","name":"dorogimedence.hu","image":{"@type":"ImageObject","inLanguage":"hu","@id":"\/\/www.gravatar.com\/avatar\/d8d45f8901aadff40a4af72c0b826f1d?s=96&#038;r=g&#038;d=mm","url":"\/\/www.gravatar.com\/avatar\/d8d45f8901aadff40a4af72c0b826f1d?s=96&#038;r=g&#038;d=mm","contentUrl":"\/\/www.gravatar.com\/avatar\/d8d45f8901aadff40a4af72c0b826f1d?s=96&#038;r=g&#038;d=mm","caption":"dorogimedence.hu"}}]}},"_links":{"self":[{"href":"https:\/\/dorogimedence.hu\/index.php\/wp-json\/wp\/v2\/posts\/31125","targetHints":{"allow":["GET"]}}],"collection":[{"href":"https:\/\/dorogimedence.hu\/index.php\/wp-json\/wp\/v2\/posts"}],"about":[{"href":"https:\/\/dorogimedence.hu\/index.php\/wp-json\/wp\/v2\/types\/post"}],"author":[{"embeddable":true,"href":"https:\/\/dorogimedence.hu\/index.php\/wp-json\/wp\/v2\/users\/1"}],"replies":[{"embeddable":true,"href":"https:\/\/dorogimedence.hu\/index.php\/wp-json\/wp\/v2\/comments?post=31125"}],"version-history":[{"count":0,"href":"https:\/\/dorogimedence.hu\/index.php\/wp-json\/wp\/v2\/posts\/31125\/revisions"}],"wp:featuredmedia":[{"embeddable":true,"href":"https:\/\/dorogimedence.hu\/index.php\/wp-json\/wp\/v2\/media\/31126"}],"wp:attachment":[{"href":"https:\/\/dorogimedence.hu\/index.php\/wp-json\/wp\/v2\/media?parent=31125"}],"wp:term":[{"taxonomy":"category","embeddable":true,"href":"https:\/\/dorogimedence.hu\/index.php\/wp-json\/wp\/v2\/categories?post=31125"},{"taxonomy":"post_tag","embeddable":true,"href":"https:\/\/dorogimedence.hu\/index.php\/wp-json\/wp\/v2\/tags?post=31125"}],"curies":[{"name":"wp","href":"https:\/\/api.w.org\/{rel}","templated":true}]}}