{"id":31001,"date":"2021-03-11T06:54:53","date_gmt":"2021-03-11T05:54:53","guid":{"rendered":"http:\/\/dorogimedence.hu\/?p=31001"},"modified":"2021-03-11T06:54:57","modified_gmt":"2021-03-11T05:54:57","slug":"harmincket-oran-at-keszul-a-kovaszos-kenyer-esztergom-kertvarosban","status":"publish","type":"post","link":"https:\/\/dorogimedence.hu\/index.php\/2021\/03\/11\/harmincket-oran-at-keszul-a-kovaszos-kenyer-esztergom-kertvarosban\/","title":{"rendered":"Harminck\u00e9t \u00f3r\u00e1n \u00e1t k\u00e9sz\u00fcl a kov\u00e1szos keny\u00e9r Esztergom-Kertv\u00e1rosban"},"content":{"rendered":"<p><strong>Gombos P\u00e9k M\u0171hely n\u00e9ven ny\u00edlt meg Esztergom leg\u00fajabb k\u00e9zm\u0171ves kis p\u00e9ks\u00e9ge. A tulajdonos elt\u00f6k\u00e9lt sz\u00e1nd\u00e9ka, hogy magas min\u0151s\u00e9get k\u00e9pvisel\u0151 term\u00e9keket k\u00e9sz\u00edtsen \u00e9s forgalmazzon.<\/strong><\/p>\n<p>A helyben k\u00e9sz\u00fclt eg\u00e9szs\u00e9ges, min\u0151s\u00e9gi alapanyagokb\u00f3l \u00e9s magas szaktud\u00e1ssal k\u00e9sz\u00fcl\u0151 \u00e1ruk ir\u00e1nt egyre nagyobb az \u00e9rdekl\u0151d\u00e9s, a hangs\u00falyt els\u0151sorban a kov\u00e1szos technol\u00f3gi\u00e1val k\u00e9sz\u00fcl\u0151 kenyerekre, illetve az egy\u00e9b adal\u00e9kmentes p\u00e9k\u00e1rura helyezik. Vir\u00e1gost\u00f3th Kriszti\u00e1n Berthold G\u00e1bor tulajdonossal besz\u00e9lgetett.<\/p>\n<p><strong>K\u00e9rem mutassa be a Gombos P\u00e9k M\u0171helyt. Mit \u00e9rdemes tudnunk r\u00f3la?<\/strong><\/p>\n<p>\u2013 A p\u00e9km\u0171hely egy profilv\u00e1lt\u00e1s \u00e9s egy \u00faj szem\u00e9lyes \u00e9rdekl\u0151d\u00e9si ter\u00fclet eredm\u00e9nye. A p\u00e9k szakm\u00e1t k\u00e9t \u00e9ve tanulom. Az iskol\u00e1ban nem csak pap\u00edrt, hanem sok bar\u00e1tot is szereztem, valamint kis \u00e9s nagy p\u00e9ks\u00e9gekben j\u00e1rtam tanulni. Megismertem az ipari \u00e9s a k\u00e9zm\u0171ves termel\u00e9st, illetve minden gyakorlati helyemre csak a legnagyobb elismer\u00e9ssel gondolok vissza. Ez egy k\u0151kem\u00e9ny szakma, de ha siker\u00fcl k\u00f6zel maradni a v\u00e1s\u00e1rl\u00f3khoz, akkor hihetetlen pozit\u00edv m\u00f3don fel tudja t\u00f6lteni az embert. Szeretn\u00e9m, ha a mi p\u00e9km\u0171hely\u00fcnk is egy olyan hely lehetne, ahol a v\u00e1s\u00e1rl\u00f3, ha bekukkant az ablakon, akkor a bolt mellett l\u00e1thatja a technol\u00f3gi\u00e1t, az eszk\u00f6z\u00f6ket \u00e9s a g\u00e9peket is.<\/p>\n<p><img fetchpriority=\"high\" decoding=\"async\" class=\"alignnone size-full wp-image-31004\" src=\"https:\/\/dorogimedence.hu\/wp-content\/uploads\/2021\/03\/gombos-pek-02.png\" alt=\"\" width=\"830\" height=\"450\" srcset=\"https:\/\/dorogimedence.hu\/wp-content\/uploads\/2021\/03\/gombos-pek-02.png 830w, https:\/\/dorogimedence.hu\/wp-content\/uploads\/2021\/03\/gombos-pek-02-300x163.png 300w, https:\/\/dorogimedence.hu\/wp-content\/uploads\/2021\/03\/gombos-pek-02-768x416.png 768w\" sizes=\"(max-width: 830px) 100vw, 830px\" \/><\/p>\n<p><strong>Miben k\u00fcl\u00f6nb\u00f6zik a Gombos P\u00e9k M\u0171hely egy \u00e1tlagos \u00fczlett\u0151l? <\/strong><\/p>\n<p>\u2013 Term\u00e9keinket helyi bisztr\u00f3kba, \u00e9ttermekbe is kisz\u00e1ll\u00edtjuk. Mindig is olyan p\u00e9ks\u00e9get szerettem volna, ahol a friss \u00e1ru utaztat\u00e1sa maximum 4-5 m\u00e9tert jelent. R\u00e9gen \u00edgy m\u0171k\u00f6dtek a kisebb p\u00e9ks\u00e9gek \u00e9s erre ism\u00e9t van ig\u00e9ny. A p\u00e9km\u0171hely egy nagy udvar h\u00e1ts\u00f3 r\u00e9sz\u00e9ben tal\u00e1lhat\u00f3. Az adotts\u00e1g a tov\u00e1bbiakban nagyon sok lehet\u0151s\u00e9get k\u00edn\u00e1l m\u00e9g esetleg gasztro, illetve kultur\u00e1lis vonalon is. Ez most az alappill\u00e9r, amit folyamatosan \u00e9p\u00edt\u00fcnk tov\u00e1bb.<\/p>\n<p><img decoding=\"async\" class=\"alignnone size-full wp-image-31005\" src=\"https:\/\/dorogimedence.hu\/wp-content\/uploads\/2021\/03\/gombos-pek-03.png\" alt=\"\" width=\"830\" height=\"450\" srcset=\"https:\/\/dorogimedence.hu\/wp-content\/uploads\/2021\/03\/gombos-pek-03.png 830w, https:\/\/dorogimedence.hu\/wp-content\/uploads\/2021\/03\/gombos-pek-03-300x163.png 300w, https:\/\/dorogimedence.hu\/wp-content\/uploads\/2021\/03\/gombos-pek-03-768x416.png 768w\" sizes=\"(max-width: 830px) 100vw, 830px\" \/><\/p>\n<p><strong>Milyen t\u00edpus\u00fa p\u00e9kterm\u00e9keket forgalmaznak?<\/strong><\/p>\n<p>\u2013 A f\u0151 term\u00e9k\u00fcnk a harminck\u00e9t \u00f3r\u00e1n \u00e1t k\u00e9sz\u00fcl\u0151 kov\u00e1szos keny\u00e9r. Ennek hihetetlen sok v\u00e1ltozata lehets\u00e9ges, n\u00e9ha mi is meglep\u0151d\u00fcnk, hogy mi minden jut esz\u00fcnkbe. Szeretn\u00e9nk j\u00f3, v\u00e1ltozatlan form\u00e1j\u00fa kifliket k\u00e9sz\u00edteni. El\u0151zetes visszajelz\u00e9sek szerint a fonott kal\u00e1cs lesz m\u00e9g nagy kedvenc. Ezek hagyom\u00e1nyos \u00e9leszt\u0151s term\u00e9keknek sz\u00e1m\u00edtanak.<\/p>\n<p><strong>Mi\u00e9rt Esztergom-Kertv\u00e1rost v\u00e1lasztotta a m\u0171hely k\u00f6zpontj\u00e1nak?<\/strong><\/p>\n<p>\u2013 Itt tal\u00e1lhat\u00f3 a csal\u00e1di v\u00e1llalkoz\u00e1s, Nagyap\u00e1m v\u00e1s\u00e1rolta, majd apuk\u00e1m \u00e1t\u00e9p\u00edtette. Most j\u00f6v\u00f6k \u00e9n. Egy\u00e9bk\u00e9nt harminc \u00e9vig gomb\u00fczemk\u00e9nt m\u0171k\u00f6d\u00f6tt. Innen ered a neve is.<\/p>\n<p><img decoding=\"async\" class=\"alignnone size-full wp-image-31006\" src=\"https:\/\/dorogimedence.hu\/wp-content\/uploads\/2021\/03\/gombos-pek-04.png\" alt=\"\" width=\"830\" height=\"450\" srcset=\"https:\/\/dorogimedence.hu\/wp-content\/uploads\/2021\/03\/gombos-pek-04.png 830w, https:\/\/dorogimedence.hu\/wp-content\/uploads\/2021\/03\/gombos-pek-04-300x163.png 300w, https:\/\/dorogimedence.hu\/wp-content\/uploads\/2021\/03\/gombos-pek-04-768x416.png 768w\" sizes=\"(max-width: 830px) 100vw, 830px\" \/><\/p>\n<p><strong>Kinek aj\u00e1nlan\u00e1 a Gombos P\u00e9k M\u0171helyben k\u00e9sz\u00fclt p\u00e9kterm\u00e9keket?<\/strong><\/p>\n<p>\u2013 Aki szeretne egy hangulatos kertben v\u00e1s\u00e1rolni \u00e9s aki nem akarja id\u0151 el\u0151tt kidobni a p\u00e9k\u00e1rut. A kenyer\u00fcnk 5-6 nap m\u00falva is \u00e9lvezhet\u0151 \u00e9s a kiflib\u0151l sem lesz fegyver m\u00e1snapra.<\/p>\n<p><strong>Hogyan viszonyulnak a v\u00e1ltoz\u00f3 ig\u00e9nyekhez? K\u00e9sz\u00edtenek glut\u00e9nmentes term\u00e9keket, kiszolg\u00e1lj\u00e1k a liszt\u00e9rz\u00e9keny vev\u0151ket is?<\/strong><\/p>\n<p>\u2013 Ez nem a mi profilunk. \u00c9n szeretem a rendes kenyeret, ez\u00e9rt is csin\u00e1lom. Tudom, hogy sok embernek gond a glut\u00e9n. Vannak is szuper, erre szakosodott p\u00e9ks\u00e9gek, lakt\u00f3zmentes term\u00e9keink viszont lesznek!<\/p>\n<p><img loading=\"lazy\" decoding=\"async\" class=\"alignnone size-full wp-image-31007\" src=\"https:\/\/dorogimedence.hu\/wp-content\/uploads\/2021\/03\/gombos-pek-05.png\" alt=\"\" width=\"830\" height=\"450\" srcset=\"https:\/\/dorogimedence.hu\/wp-content\/uploads\/2021\/03\/gombos-pek-05.png 830w, https:\/\/dorogimedence.hu\/wp-content\/uploads\/2021\/03\/gombos-pek-05-300x163.png 300w, https:\/\/dorogimedence.hu\/wp-content\/uploads\/2021\/03\/gombos-pek-05-768x416.png 768w\" sizes=\"(max-width: 830px) 100vw, 830px\" \/><\/p>\n<p><strong>A Facebook oldalukon l\u00e1that\u00f3, hogy m\u00e1rcius 9-\u00e9n nyitott\u00e1k meg a p\u00e9km\u0171hely melletti boltot. A nyit\u00e1s napj\u00e1ra milyen akci\u00f3kkal \u00e9s meglepet\u00e9sekkel k\u00e9sz\u00fcltek a v\u00e1s\u00e1rl\u00f3k \u00e9s vend\u00e9gek sz\u00e1m\u00e1ra?<\/strong><\/p>\n<p>\u2013 Annyira \u00faj nekem, illetve koll\u00e9g\u00e1imnak a bolt \u00e9s a folyamatos termel\u00e9s, hogy el\u0151sz\u00f6r is szeretn\u00e9m t\u00fal\u00e9lni az els\u0151 p\u00e1r napot, ut\u00e1na m\u00e1r az akci\u00f3kon fogjuk t\u00f6rni a fej\u00fcnket. Term\u00e9szetesen a Facebook oldalunkon egy spont\u00e1n akci\u00f3 b\u00e1rmikor el\u0151fordulhat. Testv\u00e9rem \u00e9s munkat\u00e1rsam cukr\u00e1sz, \u0151 k\u00e9sz\u00fcl sp\u00e9ci kekszekkel.&nbsp;<\/p>\n<p><strong>Tervezik, hogy a k\u00f6z\u00f6ss\u00e9gi m\u00e9di\u00e1ban akt\u00edvan jelen lesznek? <\/strong><\/p>\n<p>\u2013 Igen, term\u00e9szetesen. A trendek arra mutatnak, hogy egy sikeres v\u00e1llalkoz\u00e1shoz a k\u00f6z\u00f6ss\u00e9gi m\u00e9di\u00e1ban val\u00f3 jelenl\u00e9t is fontos. Az online t\u00e9rben is szeretn\u00e9nk megmutatni, hogy mindennapjainkban mivel is foglalkozunk, \u00edgy a v\u00e1s\u00e1rl\u00f3k m\u00e9g jobban megismerhetnek minket.<\/p>\n<p><img loading=\"lazy\" decoding=\"async\" class=\"alignnone size-full wp-image-31008\" src=\"https:\/\/dorogimedence.hu\/wp-content\/uploads\/2021\/03\/gombos-pek-06.png\" alt=\"\" width=\"830\" height=\"450\" srcset=\"https:\/\/dorogimedence.hu\/wp-content\/uploads\/2021\/03\/gombos-pek-06.png 830w, https:\/\/dorogimedence.hu\/wp-content\/uploads\/2021\/03\/gombos-pek-06-300x163.png 300w, https:\/\/dorogimedence.hu\/wp-content\/uploads\/2021\/03\/gombos-pek-06-768x416.png 768w\" sizes=\"(max-width: 830px) 100vw, 830px\" \/><\/p>\n<p><strong>A S\u00e1tork\u0151i \u00fati \u00fczlet\u00fck nagyon j\u00f3 k\u00f6zleked\u00e9si adotts\u00e1gokkal rendelkezik. A szomsz\u00e9dos telep\u00fcl\u00e9sekr\u0151l \u00e9rkez\u0151 vev\u0151kre is sz\u00e1m\u00edtanak? <\/strong><\/p>\n<p>\u2013 Az \u00e1tmen\u0151 forgalomra alapozunk. Szeretn\u00e9nk, ha n\u00e1lunk venn\u00e9k meg a vacsor\u00e1ra val\u00f3 friss p\u00e9k\u00e1rut \u00e9s ne az eg\u00e9sz nap az aut\u00f3ban aszal\u00f3dott keny\u00e9r ker\u00fclj\u00f6n az asztalra.<\/p>\n<p><strong>K\u00f6zint\u00e9zm\u00e9nyek \u00e9s c\u00e9gek sz\u00e1m\u00e1ra is fognak sz\u00e1ll\u00edtani p\u00e9kterm\u00e9keket vagy csak mag\u00e1n szem\u00e9lyek sz\u00e1m\u00e1ra lesz el\u00e9rhet\u0151?<\/strong><\/p>\n<p>\u2013 A j\u00f6v\u0151ben is meg szeretn\u00e9nk tartani a \u201ekis p\u00e9ks\u00e9g\u201d jelleg\u00fcnket, a helyi emberek \u00e9s helyi kisv\u00e1llalkoz\u00e1sok fontosak sz\u00e1munkra. A n\u00f6veked\u00e9s elker\u00fclhetetlen, de a l\u00e9pt\u00e9k mindig els\u0151dlegesen a lok\u00e1lis piac.<\/p>\n<p><img loading=\"lazy\" decoding=\"async\" class=\"alignnone size-full wp-image-31009\" src=\"https:\/\/dorogimedence.hu\/wp-content\/uploads\/2021\/03\/gombos-pek-07.png\" alt=\"\" width=\"830\" height=\"450\" srcset=\"https:\/\/dorogimedence.hu\/wp-content\/uploads\/2021\/03\/gombos-pek-07.png 830w, https:\/\/dorogimedence.hu\/wp-content\/uploads\/2021\/03\/gombos-pek-07-300x163.png 300w, https:\/\/dorogimedence.hu\/wp-content\/uploads\/2021\/03\/gombos-pek-07-768x416.png 768w\" sizes=\"(max-width: 830px) 100vw, 830px\" \/><\/p>\n<p><strong>A v\u00e1llalkoz\u00e1sok \u00e9let\u00e9ben az els\u0151 \u00e9v mindig kritikus. Milyen c\u00e9lokat jel\u00f6lt meg a v\u00e1llalkoz\u00e1sa sz\u00e1m\u00e1ra az els\u0151 \u00e9v v\u00e9g\u00e9re?<\/strong><\/p>\n<p>\u2013 Term\u00e9szetesen az els\u0151 az, hogy min\u00e9l t\u00f6bb el\u00e9gedett v\u00e1s\u00e1rl\u00f3nk legyen. Az infrastrukt\u00far\u00e1nk lassan \u00e9s \u00e1tgondoltan \u00e9p\u00fclt fel. Stabil a h\u00e1tter\u00fcnk, \u00edgy viszonylag nyugodtan tudunk dolgozni. Sz\u00f3val egy ekkora p\u00e9ks\u00e9gnek a napi \u00f6tsz\u00e1z keny\u00e9r m\u00e1r lehet egy c\u00e9l.<\/p>\n","protected":false},"excerpt":{"rendered":"<p>Gombos P\u00e9k M\u0171hely n\u00e9ven ny\u00edlt meg Esztergom leg\u00fajabb k\u00e9zm\u0171ves kis p\u00e9ks\u00e9ge. A tulajdonos elt\u00f6k\u00e9lt sz\u00e1nd\u00e9ka, hogy magas min\u0151s\u00e9get k\u00e9pvisel\u0151 term\u00e9keket k\u00e9sz\u00edtsen \u00e9s forgalmazzon. A helyben k\u00e9sz\u00fclt eg\u00e9szs\u00e9ges, min\u0151s\u00e9gi alapanyagokb\u00f3l \u00e9s magas szaktud\u00e1ssal k\u00e9sz\u00fcl\u0151 \u00e1ruk ir\u00e1nt egyre nagyobb az \u00e9rdekl\u0151d\u00e9s, a hangs\u00falyt els\u0151sorban a kov\u00e1szos technol\u00f3gi\u00e1val k\u00e9sz\u00fcl\u0151 kenyerekre, illetve az egy\u00e9b adal\u00e9kmentes p\u00e9k\u00e1rura helyezik. Vir\u00e1gost\u00f3th Kriszti\u00e1n<\/p>\n","protected":false},"author":1,"featured_media":31003,"comment_status":"closed","ping_status":"closed","sticky":false,"template":"","format":"standard","meta":{"ngg_post_thumbnail":0,"footnotes":""},"categories":[7,3],"tags":[42,169,5490,5489,5491,4272],"class_list":{"0":"post-31001","1":"post","2":"type-post","3":"status-publish","4":"format-standard","5":"has-post-thumbnail","7":"category-esztergom_kertvaros","8":"category-hirek","9":"tag-esztergom","10":"tag-esztergom-kertvaros","11":"tag-gombos-pek-muhely","12":"tag-gombospek","13":"tag-pekmuhely","14":"tag-pekseg"},"yoast_head":"<!-- This site is optimized with the Yoast SEO plugin v27.5 - https:\/\/yoast.com\/product\/yoast-seo-wordpress\/ -->\n<title>Harminck\u00e9t \u00f3r\u00e1n \u00e1t k\u00e9sz\u00fcl a kov\u00e1szos keny\u00e9r Esztergom-Kertv\u00e1rosban<\/title>\n<meta name=\"robots\" content=\"index, follow, max-snippet:-1, max-image-preview:large, max-video-preview:-1\" \/>\n<link rel=\"canonical\" href=\"https:\/\/dorogimedence.hu\/index.php\/2021\/03\/11\/harmincket-oran-at-keszul-a-kovaszos-kenyer-esztergom-kertvarosban\/\" class=\"yoast-seo-meta-tag\" \/>\n<meta property=\"og:locale\" content=\"hu_HU\" class=\"yoast-seo-meta-tag\" \/>\n<meta property=\"og:type\" content=\"article\" class=\"yoast-seo-meta-tag\" \/>\n<meta property=\"og:title\" content=\"Harminck\u00e9t \u00f3r\u00e1n \u00e1t k\u00e9sz\u00fcl a kov\u00e1szos keny\u00e9r Esztergom-Kertv\u00e1rosban\" class=\"yoast-seo-meta-tag\" \/>\n<meta property=\"og:description\" content=\"Gombos P\u00e9k M\u0171hely n\u00e9ven ny\u00edlt meg Esztergom leg\u00fajabb k\u00e9zm\u0171ves kis p\u00e9ks\u00e9ge. A tulajdonos elt\u00f6k\u00e9lt sz\u00e1nd\u00e9ka, hogy magas min\u0151s\u00e9get k\u00e9pvisel\u0151 term\u00e9keket k\u00e9sz\u00edtsen \u00e9s forgalmazzon. A helyben k\u00e9sz\u00fclt eg\u00e9szs\u00e9ges, min\u0151s\u00e9gi alapanyagokb\u00f3l \u00e9s magas szaktud\u00e1ssal k\u00e9sz\u00fcl\u0151 \u00e1ruk ir\u00e1nt egyre nagyobb az \u00e9rdekl\u0151d\u00e9s, a hangs\u00falyt els\u0151sorban a kov\u00e1szos technol\u00f3gi\u00e1val k\u00e9sz\u00fcl\u0151 kenyerekre, illetve az egy\u00e9b adal\u00e9kmentes p\u00e9k\u00e1rura helyezik. Vir\u00e1gost\u00f3th Kriszti\u00e1n\" class=\"yoast-seo-meta-tag\" \/>\n<meta property=\"og:url\" content=\"https:\/\/dorogimedence.hu\/index.php\/2021\/03\/11\/harmincket-oran-at-keszul-a-kovaszos-kenyer-esztergom-kertvarosban\/\" class=\"yoast-seo-meta-tag\" \/>\n<meta property=\"og:site_name\" content=\"Dorogi-medence Region\u00e1lis H\u00edrport\u00e1l\" class=\"yoast-seo-meta-tag\" \/>\n<meta property=\"article:publisher\" content=\"https:\/\/www.facebook.com\/dorogimedence\/\" class=\"yoast-seo-meta-tag\" \/>\n<meta property=\"article:published_time\" content=\"2021-03-11T05:54:53+00:00\" class=\"yoast-seo-meta-tag\" \/>\n<meta property=\"article:modified_time\" content=\"2021-03-11T05:54:57+00:00\" class=\"yoast-seo-meta-tag\" \/>\n<meta property=\"og:image\" content=\"https:\/\/i0.wp.com\/dorogimedence.hu\/wp-content\/uploads\/2021\/03\/gombos-pek-01.png?fit=830%2C450&ssl=1\" class=\"yoast-seo-meta-tag\" \/>\n\t<meta property=\"og:image:width\" content=\"830\" class=\"yoast-seo-meta-tag\" \/>\n\t<meta property=\"og:image:height\" content=\"450\" class=\"yoast-seo-meta-tag\" \/>\n\t<meta property=\"og:image:type\" content=\"image\/png\" class=\"yoast-seo-meta-tag\" \/>\n<meta name=\"author\" content=\"dorogimedence.hu\" class=\"yoast-seo-meta-tag\" \/>\n<meta name=\"twitter:card\" content=\"summary_large_image\" class=\"yoast-seo-meta-tag\" \/>\n<meta name=\"twitter:label1\" content=\"Szerz\u0151:\" class=\"yoast-seo-meta-tag\" \/>\n\t<meta name=\"twitter:data1\" content=\"dorogimedence.hu\" class=\"yoast-seo-meta-tag\" \/>\n\t<meta name=\"twitter:label2\" content=\"Becs\u00fclt olvas\u00e1si id\u0151\" class=\"yoast-seo-meta-tag\" \/>\n\t<meta name=\"twitter:data2\" content=\"5 perc\" class=\"yoast-seo-meta-tag\" \/>\n<script type=\"application\/ld+json\" class=\"yoast-schema-graph\">{\"@context\":\"https:\\\/\\\/schema.org\",\"@graph\":[{\"@type\":\"Article\",\"@id\":\"https:\\\/\\\/dorogimedence.hu\\\/index.php\\\/2021\\\/03\\\/11\\\/harmincket-oran-at-keszul-a-kovaszos-kenyer-esztergom-kertvarosban\\\/#article\",\"isPartOf\":{\"@id\":\"https:\\\/\\\/dorogimedence.hu\\\/index.php\\\/2021\\\/03\\\/11\\\/harmincket-oran-at-keszul-a-kovaszos-kenyer-esztergom-kertvarosban\\\/\"},\"author\":{\"name\":\"dorogimedence.hu\",\"@id\":\"https:\\\/\\\/dorogimedence.hu\\\/#\\\/schema\\\/person\\\/ce6091eeb7e95ecdc87890d6aa8e0fd4\"},\"headline\":\"Harminck\u00e9t \u00f3r\u00e1n \u00e1t k\u00e9sz\u00fcl a kov\u00e1szos keny\u00e9r Esztergom-Kertv\u00e1rosban\",\"datePublished\":\"2021-03-11T05:54:53+00:00\",\"dateModified\":\"2021-03-11T05:54:57+00:00\",\"mainEntityOfPage\":{\"@id\":\"https:\\\/\\\/dorogimedence.hu\\\/index.php\\\/2021\\\/03\\\/11\\\/harmincket-oran-at-keszul-a-kovaszos-kenyer-esztergom-kertvarosban\\\/\"},\"wordCount\":1046,\"publisher\":{\"@id\":\"https:\\\/\\\/dorogimedence.hu\\\/#organization\"},\"image\":{\"@id\":\"https:\\\/\\\/dorogimedence.hu\\\/index.php\\\/2021\\\/03\\\/11\\\/harmincket-oran-at-keszul-a-kovaszos-kenyer-esztergom-kertvarosban\\\/#primaryimage\"},\"thumbnailUrl\":\"https:\\\/\\\/dorogimedence.hu\\\/wp-content\\\/uploads\\\/2021\\\/03\\\/gombos-pek-01.png\",\"keywords\":[\"esztergom\",\"Esztergom-kertv\u00e1ros\",\"Gombos P\u00e9k M\u0171hely\",\"Gombosp\u00e9k\",\"p\u00e9km\u0171hely\",\"p\u00e9ks\u00e9g\"],\"articleSection\":[\"Esztergom-kertv\u00e1ros\",\"H\u00edrek\"],\"inLanguage\":\"hu\"},{\"@type\":\"WebPage\",\"@id\":\"https:\\\/\\\/dorogimedence.hu\\\/index.php\\\/2021\\\/03\\\/11\\\/harmincket-oran-at-keszul-a-kovaszos-kenyer-esztergom-kertvarosban\\\/\",\"url\":\"https:\\\/\\\/dorogimedence.hu\\\/index.php\\\/2021\\\/03\\\/11\\\/harmincket-oran-at-keszul-a-kovaszos-kenyer-esztergom-kertvarosban\\\/\",\"name\":\"Harminck\u00e9t \u00f3r\u00e1n \u00e1t k\u00e9sz\u00fcl a kov\u00e1szos keny\u00e9r Esztergom-Kertv\u00e1rosban\",\"isPartOf\":{\"@id\":\"https:\\\/\\\/dorogimedence.hu\\\/#website\"},\"primaryImageOfPage\":{\"@id\":\"https:\\\/\\\/dorogimedence.hu\\\/index.php\\\/2021\\\/03\\\/11\\\/harmincket-oran-at-keszul-a-kovaszos-kenyer-esztergom-kertvarosban\\\/#primaryimage\"},\"image\":{\"@id\":\"https:\\\/\\\/dorogimedence.hu\\\/index.php\\\/2021\\\/03\\\/11\\\/harmincket-oran-at-keszul-a-kovaszos-kenyer-esztergom-kertvarosban\\\/#primaryimage\"},\"thumbnailUrl\":\"https:\\\/\\\/dorogimedence.hu\\\/wp-content\\\/uploads\\\/2021\\\/03\\\/gombos-pek-01.png\",\"datePublished\":\"2021-03-11T05:54:53+00:00\",\"dateModified\":\"2021-03-11T05:54:57+00:00\",\"breadcrumb\":{\"@id\":\"https:\\\/\\\/dorogimedence.hu\\\/index.php\\\/2021\\\/03\\\/11\\\/harmincket-oran-at-keszul-a-kovaszos-kenyer-esztergom-kertvarosban\\\/#breadcrumb\"},\"inLanguage\":\"hu\",\"potentialAction\":[{\"@type\":\"ReadAction\",\"target\":[\"https:\\\/\\\/dorogimedence.hu\\\/index.php\\\/2021\\\/03\\\/11\\\/harmincket-oran-at-keszul-a-kovaszos-kenyer-esztergom-kertvarosban\\\/\"]}]},{\"@type\":\"ImageObject\",\"inLanguage\":\"hu\",\"@id\":\"https:\\\/\\\/dorogimedence.hu\\\/index.php\\\/2021\\\/03\\\/11\\\/harmincket-oran-at-keszul-a-kovaszos-kenyer-esztergom-kertvarosban\\\/#primaryimage\",\"url\":\"https:\\\/\\\/dorogimedence.hu\\\/wp-content\\\/uploads\\\/2021\\\/03\\\/gombos-pek-01.png\",\"contentUrl\":\"https:\\\/\\\/dorogimedence.hu\\\/wp-content\\\/uploads\\\/2021\\\/03\\\/gombos-pek-01.png\",\"width\":830,\"height\":450},{\"@type\":\"BreadcrumbList\",\"@id\":\"https:\\\/\\\/dorogimedence.hu\\\/index.php\\\/2021\\\/03\\\/11\\\/harmincket-oran-at-keszul-a-kovaszos-kenyer-esztergom-kertvarosban\\\/#breadcrumb\",\"itemListElement\":[{\"@type\":\"ListItem\",\"position\":1,\"name\":\"Kezd\u0151lap\",\"item\":\"https:\\\/\\\/dorogimedence.hu\\\/\"},{\"@type\":\"ListItem\",\"position\":2,\"name\":\"Harminck\u00e9t \u00f3r\u00e1n \u00e1t k\u00e9sz\u00fcl a kov\u00e1szos keny\u00e9r Esztergom-Kertv\u00e1rosban\"}]},{\"@type\":\"WebSite\",\"@id\":\"https:\\\/\\\/dorogimedence.hu\\\/#website\",\"url\":\"https:\\\/\\\/dorogimedence.hu\\\/\",\"name\":\"Dorogi-medence Region\u00e1lis H\u00edrport\u00e1l\",\"description\":\"Dorog, Keszt\u00f6lc, Le\u00e1nyv\u00e1r, Piliscs\u00e9v, Tokod, Tokodalt\u00e1r\u00f3, Csolnok, Esztergom-kertv\u00e1ros: h\u00edrek, programok\",\"publisher\":{\"@id\":\"https:\\\/\\\/dorogimedence.hu\\\/#organization\"},\"potentialAction\":[{\"@type\":\"SearchAction\",\"target\":{\"@type\":\"EntryPoint\",\"urlTemplate\":\"https:\\\/\\\/dorogimedence.hu\\\/?s={search_term_string}\"},\"query-input\":{\"@type\":\"PropertyValueSpecification\",\"valueRequired\":true,\"valueName\":\"search_term_string\"}}],\"inLanguage\":\"hu\"},{\"@type\":\"Organization\",\"@id\":\"https:\\\/\\\/dorogimedence.hu\\\/#organization\",\"name\":\"Dorogi-medence Region\u00e1lis H\u00edrport\u00e1l\",\"url\":\"https:\\\/\\\/dorogimedence.hu\\\/\",\"logo\":{\"@type\":\"ImageObject\",\"inLanguage\":\"hu\",\"@id\":\"https:\\\/\\\/dorogimedence.hu\\\/#\\\/schema\\\/logo\\\/image\\\/\",\"url\":\"https:\\\/\\\/dorogimedence.hu\\\/wp-content\\\/uploads\\\/2021\\\/04\\\/logo-feher-600.png\",\"contentUrl\":\"https:\\\/\\\/dorogimedence.hu\\\/wp-content\\\/uploads\\\/2021\\\/04\\\/logo-feher-600.png\",\"width\":600,\"height\":100,\"caption\":\"Dorogi-medence Region\u00e1lis H\u00edrport\u00e1l\"},\"image\":{\"@id\":\"https:\\\/\\\/dorogimedence.hu\\\/#\\\/schema\\\/logo\\\/image\\\/\"},\"sameAs\":[\"https:\\\/\\\/www.facebook.com\\\/dorogimedence\\\/\"]},{\"@type\":\"Person\",\"@id\":\"https:\\\/\\\/dorogimedence.hu\\\/#\\\/schema\\\/person\\\/ce6091eeb7e95ecdc87890d6aa8e0fd4\",\"name\":\"dorogimedence.hu\",\"image\":{\"@type\":\"ImageObject\",\"inLanguage\":\"hu\",\"@id\":\"\\\/\\\/www.gravatar.com\\\/avatar\\\/d8d45f8901aadff40a4af72c0b826f1d?s=96&#038;r=g&#038;d=mm\",\"url\":\"\\\/\\\/www.gravatar.com\\\/avatar\\\/d8d45f8901aadff40a4af72c0b826f1d?s=96&#038;r=g&#038;d=mm\",\"contentUrl\":\"\\\/\\\/www.gravatar.com\\\/avatar\\\/d8d45f8901aadff40a4af72c0b826f1d?s=96&#038;r=g&#038;d=mm\",\"caption\":\"dorogimedence.hu\"}}]}<\/script>\n<!-- \/ Yoast SEO plugin. -->","yoast_head_json":{"title":"Harminck\u00e9t \u00f3r\u00e1n \u00e1t k\u00e9sz\u00fcl a kov\u00e1szos keny\u00e9r Esztergom-Kertv\u00e1rosban","robots":{"index":"index","follow":"follow","max-snippet":"max-snippet:-1","max-image-preview":"max-image-preview:large","max-video-preview":"max-video-preview:-1"},"canonical":"https:\/\/dorogimedence.hu\/index.php\/2021\/03\/11\/harmincket-oran-at-keszul-a-kovaszos-kenyer-esztergom-kertvarosban\/","og_locale":"hu_HU","og_type":"article","og_title":"Harminck\u00e9t \u00f3r\u00e1n \u00e1t k\u00e9sz\u00fcl a kov\u00e1szos keny\u00e9r Esztergom-Kertv\u00e1rosban","og_description":"Gombos P\u00e9k M\u0171hely n\u00e9ven ny\u00edlt meg Esztergom leg\u00fajabb k\u00e9zm\u0171ves kis p\u00e9ks\u00e9ge. A tulajdonos elt\u00f6k\u00e9lt sz\u00e1nd\u00e9ka, hogy magas min\u0151s\u00e9get k\u00e9pvisel\u0151 term\u00e9keket k\u00e9sz\u00edtsen \u00e9s forgalmazzon. A helyben k\u00e9sz\u00fclt eg\u00e9szs\u00e9ges, min\u0151s\u00e9gi alapanyagokb\u00f3l \u00e9s magas szaktud\u00e1ssal k\u00e9sz\u00fcl\u0151 \u00e1ruk ir\u00e1nt egyre nagyobb az \u00e9rdekl\u0151d\u00e9s, a hangs\u00falyt els\u0151sorban a kov\u00e1szos technol\u00f3gi\u00e1val k\u00e9sz\u00fcl\u0151 kenyerekre, illetve az egy\u00e9b adal\u00e9kmentes p\u00e9k\u00e1rura helyezik. Vir\u00e1gost\u00f3th Kriszti\u00e1n","og_url":"https:\/\/dorogimedence.hu\/index.php\/2021\/03\/11\/harmincket-oran-at-keszul-a-kovaszos-kenyer-esztergom-kertvarosban\/","og_site_name":"Dorogi-medence Region\u00e1lis H\u00edrport\u00e1l","article_publisher":"https:\/\/www.facebook.com\/dorogimedence\/","article_published_time":"2021-03-11T05:54:53+00:00","article_modified_time":"2021-03-11T05:54:57+00:00","og_image":[{"width":830,"height":450,"url":"https:\/\/i0.wp.com\/dorogimedence.hu\/wp-content\/uploads\/2021\/03\/gombos-pek-01.png?fit=830%2C450&ssl=1","type":"image\/png"}],"author":"dorogimedence.hu","twitter_card":"summary_large_image","twitter_misc":{"Szerz\u0151:":"dorogimedence.hu","Becs\u00fclt olvas\u00e1si id\u0151":"5 perc"},"schema":{"@context":"https:\/\/schema.org","@graph":[{"@type":"Article","@id":"https:\/\/dorogimedence.hu\/index.php\/2021\/03\/11\/harmincket-oran-at-keszul-a-kovaszos-kenyer-esztergom-kertvarosban\/#article","isPartOf":{"@id":"https:\/\/dorogimedence.hu\/index.php\/2021\/03\/11\/harmincket-oran-at-keszul-a-kovaszos-kenyer-esztergom-kertvarosban\/"},"author":{"name":"dorogimedence.hu","@id":"https:\/\/dorogimedence.hu\/#\/schema\/person\/ce6091eeb7e95ecdc87890d6aa8e0fd4"},"headline":"Harminck\u00e9t \u00f3r\u00e1n \u00e1t k\u00e9sz\u00fcl a kov\u00e1szos keny\u00e9r Esztergom-Kertv\u00e1rosban","datePublished":"2021-03-11T05:54:53+00:00","dateModified":"2021-03-11T05:54:57+00:00","mainEntityOfPage":{"@id":"https:\/\/dorogimedence.hu\/index.php\/2021\/03\/11\/harmincket-oran-at-keszul-a-kovaszos-kenyer-esztergom-kertvarosban\/"},"wordCount":1046,"publisher":{"@id":"https:\/\/dorogimedence.hu\/#organization"},"image":{"@id":"https:\/\/dorogimedence.hu\/index.php\/2021\/03\/11\/harmincket-oran-at-keszul-a-kovaszos-kenyer-esztergom-kertvarosban\/#primaryimage"},"thumbnailUrl":"https:\/\/dorogimedence.hu\/wp-content\/uploads\/2021\/03\/gombos-pek-01.png","keywords":["esztergom","Esztergom-kertv\u00e1ros","Gombos P\u00e9k M\u0171hely","Gombosp\u00e9k","p\u00e9km\u0171hely","p\u00e9ks\u00e9g"],"articleSection":["Esztergom-kertv\u00e1ros","H\u00edrek"],"inLanguage":"hu"},{"@type":"WebPage","@id":"https:\/\/dorogimedence.hu\/index.php\/2021\/03\/11\/harmincket-oran-at-keszul-a-kovaszos-kenyer-esztergom-kertvarosban\/","url":"https:\/\/dorogimedence.hu\/index.php\/2021\/03\/11\/harmincket-oran-at-keszul-a-kovaszos-kenyer-esztergom-kertvarosban\/","name":"Harminck\u00e9t \u00f3r\u00e1n \u00e1t k\u00e9sz\u00fcl a kov\u00e1szos keny\u00e9r Esztergom-Kertv\u00e1rosban","isPartOf":{"@id":"https:\/\/dorogimedence.hu\/#website"},"primaryImageOfPage":{"@id":"https:\/\/dorogimedence.hu\/index.php\/2021\/03\/11\/harmincket-oran-at-keszul-a-kovaszos-kenyer-esztergom-kertvarosban\/#primaryimage"},"image":{"@id":"https:\/\/dorogimedence.hu\/index.php\/2021\/03\/11\/harmincket-oran-at-keszul-a-kovaszos-kenyer-esztergom-kertvarosban\/#primaryimage"},"thumbnailUrl":"https:\/\/dorogimedence.hu\/wp-content\/uploads\/2021\/03\/gombos-pek-01.png","datePublished":"2021-03-11T05:54:53+00:00","dateModified":"2021-03-11T05:54:57+00:00","breadcrumb":{"@id":"https:\/\/dorogimedence.hu\/index.php\/2021\/03\/11\/harmincket-oran-at-keszul-a-kovaszos-kenyer-esztergom-kertvarosban\/#breadcrumb"},"inLanguage":"hu","potentialAction":[{"@type":"ReadAction","target":["https:\/\/dorogimedence.hu\/index.php\/2021\/03\/11\/harmincket-oran-at-keszul-a-kovaszos-kenyer-esztergom-kertvarosban\/"]}]},{"@type":"ImageObject","inLanguage":"hu","@id":"https:\/\/dorogimedence.hu\/index.php\/2021\/03\/11\/harmincket-oran-at-keszul-a-kovaszos-kenyer-esztergom-kertvarosban\/#primaryimage","url":"https:\/\/dorogimedence.hu\/wp-content\/uploads\/2021\/03\/gombos-pek-01.png","contentUrl":"https:\/\/dorogimedence.hu\/wp-content\/uploads\/2021\/03\/gombos-pek-01.png","width":830,"height":450},{"@type":"BreadcrumbList","@id":"https:\/\/dorogimedence.hu\/index.php\/2021\/03\/11\/harmincket-oran-at-keszul-a-kovaszos-kenyer-esztergom-kertvarosban\/#breadcrumb","itemListElement":[{"@type":"ListItem","position":1,"name":"Kezd\u0151lap","item":"https:\/\/dorogimedence.hu\/"},{"@type":"ListItem","position":2,"name":"Harminck\u00e9t \u00f3r\u00e1n \u00e1t k\u00e9sz\u00fcl a kov\u00e1szos keny\u00e9r Esztergom-Kertv\u00e1rosban"}]},{"@type":"WebSite","@id":"https:\/\/dorogimedence.hu\/#website","url":"https:\/\/dorogimedence.hu\/","name":"Dorogi-medence Region\u00e1lis H\u00edrport\u00e1l","description":"Dorog, Keszt\u00f6lc, Le\u00e1nyv\u00e1r, Piliscs\u00e9v, Tokod, Tokodalt\u00e1r\u00f3, Csolnok, Esztergom-kertv\u00e1ros: h\u00edrek, programok","publisher":{"@id":"https:\/\/dorogimedence.hu\/#organization"},"potentialAction":[{"@type":"SearchAction","target":{"@type":"EntryPoint","urlTemplate":"https:\/\/dorogimedence.hu\/?s={search_term_string}"},"query-input":{"@type":"PropertyValueSpecification","valueRequired":true,"valueName":"search_term_string"}}],"inLanguage":"hu"},{"@type":"Organization","@id":"https:\/\/dorogimedence.hu\/#organization","name":"Dorogi-medence Region\u00e1lis H\u00edrport\u00e1l","url":"https:\/\/dorogimedence.hu\/","logo":{"@type":"ImageObject","inLanguage":"hu","@id":"https:\/\/dorogimedence.hu\/#\/schema\/logo\/image\/","url":"https:\/\/dorogimedence.hu\/wp-content\/uploads\/2021\/04\/logo-feher-600.png","contentUrl":"https:\/\/dorogimedence.hu\/wp-content\/uploads\/2021\/04\/logo-feher-600.png","width":600,"height":100,"caption":"Dorogi-medence Region\u00e1lis H\u00edrport\u00e1l"},"image":{"@id":"https:\/\/dorogimedence.hu\/#\/schema\/logo\/image\/"},"sameAs":["https:\/\/www.facebook.com\/dorogimedence\/"]},{"@type":"Person","@id":"https:\/\/dorogimedence.hu\/#\/schema\/person\/ce6091eeb7e95ecdc87890d6aa8e0fd4","name":"dorogimedence.hu","image":{"@type":"ImageObject","inLanguage":"hu","@id":"\/\/www.gravatar.com\/avatar\/d8d45f8901aadff40a4af72c0b826f1d?s=96&#038;r=g&#038;d=mm","url":"\/\/www.gravatar.com\/avatar\/d8d45f8901aadff40a4af72c0b826f1d?s=96&#038;r=g&#038;d=mm","contentUrl":"\/\/www.gravatar.com\/avatar\/d8d45f8901aadff40a4af72c0b826f1d?s=96&#038;r=g&#038;d=mm","caption":"dorogimedence.hu"}}]}},"_links":{"self":[{"href":"https:\/\/dorogimedence.hu\/index.php\/wp-json\/wp\/v2\/posts\/31001","targetHints":{"allow":["GET"]}}],"collection":[{"href":"https:\/\/dorogimedence.hu\/index.php\/wp-json\/wp\/v2\/posts"}],"about":[{"href":"https:\/\/dorogimedence.hu\/index.php\/wp-json\/wp\/v2\/types\/post"}],"author":[{"embeddable":true,"href":"https:\/\/dorogimedence.hu\/index.php\/wp-json\/wp\/v2\/users\/1"}],"replies":[{"embeddable":true,"href":"https:\/\/dorogimedence.hu\/index.php\/wp-json\/wp\/v2\/comments?post=31001"}],"version-history":[{"count":0,"href":"https:\/\/dorogimedence.hu\/index.php\/wp-json\/wp\/v2\/posts\/31001\/revisions"}],"wp:featuredmedia":[{"embeddable":true,"href":"https:\/\/dorogimedence.hu\/index.php\/wp-json\/wp\/v2\/media\/31003"}],"wp:attachment":[{"href":"https:\/\/dorogimedence.hu\/index.php\/wp-json\/wp\/v2\/media?parent=31001"}],"wp:term":[{"taxonomy":"category","embeddable":true,"href":"https:\/\/dorogimedence.hu\/index.php\/wp-json\/wp\/v2\/categories?post=31001"},{"taxonomy":"post_tag","embeddable":true,"href":"https:\/\/dorogimedence.hu\/index.php\/wp-json\/wp\/v2\/tags?post=31001"}],"curies":[{"name":"wp","href":"https:\/\/api.w.org\/{rel}","templated":true}]}}