{"id":30944,"date":"2021-03-09T07:12:59","date_gmt":"2021-03-09T06:12:59","guid":{"rendered":"http:\/\/dorogimedence.hu\/?p=30944"},"modified":"2021-03-09T07:15:51","modified_gmt":"2021-03-09T06:15:51","slug":"veretlenek-a-esztergom-tati-tigrisek","status":"publish","type":"post","link":"https:\/\/dorogimedence.hu\/index.php\/2021\/03\/09\/veretlenek-a-esztergom-tati-tigrisek\/","title":{"rendered":"Veretlenek a Esztergom-T\u00e1ti Tigrisek"},"content":{"rendered":"<p><strong>Az Esztergom-T\u00e1ti Tigrisek J\u00e9gkorong SE csapata az MJSZ Orsz\u00e1gos Bajnoks\u00e1g IV\/C kateg\u00f3ri\u00e1j\u00e1ban veretlennek bizonyul \u00e9s m\u00e1r csak a d\u00f6nt\u0151 m\u00e1sodik m\u00e9rk\u0151z\u00e9s\u00e9t kell megnyerni\u00fck, hogy hazavihess\u00e9k a ki\u00e9rdemelt kup\u00e1t.<\/strong><\/p>\n<p>A Tigrisek a szezon nyolc m\u00e9rk\u0151z\u00e9s\u00e9b\u0151l mind a nyolcat megnyert\u00e9k, \u00edgy huszonn\u00e9gy ponttal a tabella els\u0151 hely\u00e9n \u00e1llnak. Azonban a v\u00e9gs\u0151 gy\u0151ztes az els\u0151 \u00e9s m\u00e1sodik helyen szerepl\u0151 csapat p\u00e1rharc\u00e1b\u00f3l ker\u00fcl ki.<\/p>\n<p>A d\u00f6nt\u0151 els\u0151 m\u00e9rk\u0151z\u00e9s\u00e9t a Tigrisek m\u00e1rcius 7-\u00e9n, vas\u00e1rnap j\u00e1tszott\u00e1k le \u00e9s f\u00f6l\u00e9nyes (5-1-es) gy\u0151zelmet arattak a Debreceni JK SE csapat\u00e1val szemben, \u00edgy kv\u00e1zi n\u00e9gy g\u00f3lel\u0151nnyel utaznak majd a visszav\u00e1g\u00f3ra a h\u00f3nap v\u00e9g\u00e9n Debrecenbe.<\/p>\n<p>A csapat nagyon \u00f6sszeszedett \u00e9s kimagasl\u00f3an teljes\u00edt, ezt onnan is l\u00e1tni, hogy az OB IV\/C utols\u00f3 fordul\u00f3j\u00e1ban a szigetszentmikl\u00f3si J\u00e9goroszl\u00e1nokat 13-0-ra vert\u00e9k el.<\/p>\n<p>Hajr\u00e1 Tigrisek!<\/p>\n<p><em>Bor\u00edt\u00f3k\u00e9p: Esztergom-T\u00e1ti Tigrisek J\u00e9gkorong SE<\/em><\/p>\n","protected":false},"excerpt":{"rendered":"<p>Az Esztergom-T\u00e1ti Tigrisek J\u00e9gkorong SE csapata az MJSZ Orsz\u00e1gos Bajnoks\u00e1g IV\/C kateg\u00f3ri\u00e1j\u00e1ban veretlennek bizonyul \u00e9s m\u00e1r csak a d\u00f6nt\u0151 m\u00e1sodik m\u00e9rk\u0151z\u00e9s\u00e9t kell megnyerni\u00fck, hogy hazavihess\u00e9k a ki\u00e9rdemelt kup\u00e1t. A Tigrisek a szezon nyolc m\u00e9rk\u0151z\u00e9s\u00e9b\u0151l mind a nyolcat megnyert\u00e9k, \u00edgy huszonn\u00e9gy ponttal a tabella els\u0151 hely\u00e9n \u00e1llnak. Azonban a v\u00e9gs\u0151 gy\u0151ztes az els\u0151 \u00e9s m\u00e1sodik helyen<\/p>\n","protected":false},"author":1,"featured_media":30945,"comment_status":"closed","ping_status":"closed","sticky":false,"template":"","format":"standard","meta":{"ngg_post_thumbnail":0,"footnotes":""},"categories":[38,3,5,110],"tags":[2966,42,5488,3402,16,111,5487],"class_list":{"0":"post-30944","1":"post","2":"type-post","3":"status-publish","4":"format-standard","5":"has-post-thumbnail","7":"category-esztergom","8":"category-hirek","9":"category-sport","10":"category-tat","11":"tag-bajnoksag","12":"tag-esztergom","13":"tag-esztergom-tati-tigrisek-jegkorong-se","14":"tag-jegkorong","15":"tag-sport","16":"tag-tat","17":"tag-tigrisek"},"yoast_head":"<!-- This site is optimized with the Yoast SEO plugin v27.4 - https:\/\/yoast.com\/product\/yoast-seo-wordpress\/ -->\n<title>Veretlenek a Esztergom-T\u00e1ti Tigrisek<\/title>\n<meta name=\"robots\" content=\"index, follow, max-snippet:-1, max-image-preview:large, max-video-preview:-1\" \/>\n<link rel=\"canonical\" href=\"https:\/\/dorogimedence.hu\/index.php\/2021\/03\/09\/veretlenek-a-esztergom-tati-tigrisek\/\" class=\"yoast-seo-meta-tag\" \/>\n<meta property=\"og:locale\" content=\"hu_HU\" class=\"yoast-seo-meta-tag\" \/>\n<meta property=\"og:type\" content=\"article\" class=\"yoast-seo-meta-tag\" \/>\n<meta property=\"og:title\" content=\"Veretlenek a Esztergom-T\u00e1ti Tigrisek\" class=\"yoast-seo-meta-tag\" \/>\n<meta property=\"og:description\" content=\"Az Esztergom-T\u00e1ti Tigrisek J\u00e9gkorong SE csapata az MJSZ Orsz\u00e1gos Bajnoks\u00e1g IV\/C kateg\u00f3ri\u00e1j\u00e1ban veretlennek bizonyul \u00e9s m\u00e1r csak a d\u00f6nt\u0151 m\u00e1sodik m\u00e9rk\u0151z\u00e9s\u00e9t kell megnyerni\u00fck, hogy hazavihess\u00e9k a ki\u00e9rdemelt kup\u00e1t. A Tigrisek a szezon nyolc m\u00e9rk\u0151z\u00e9s\u00e9b\u0151l mind a nyolcat megnyert\u00e9k, \u00edgy huszonn\u00e9gy ponttal a tabella els\u0151 hely\u00e9n \u00e1llnak. Azonban a v\u00e9gs\u0151 gy\u0151ztes az els\u0151 \u00e9s m\u00e1sodik helyen\" class=\"yoast-seo-meta-tag\" \/>\n<meta property=\"og:url\" content=\"https:\/\/dorogimedence.hu\/index.php\/2021\/03\/09\/veretlenek-a-esztergom-tati-tigrisek\/\" class=\"yoast-seo-meta-tag\" \/>\n<meta property=\"og:site_name\" content=\"Dorogi-medence Region\u00e1lis H\u00edrport\u00e1l\" class=\"yoast-seo-meta-tag\" \/>\n<meta property=\"article:publisher\" content=\"https:\/\/www.facebook.com\/dorogimedence\/\" class=\"yoast-seo-meta-tag\" \/>\n<meta property=\"article:published_time\" content=\"2021-03-09T06:12:59+00:00\" class=\"yoast-seo-meta-tag\" \/>\n<meta property=\"article:modified_time\" content=\"2021-03-09T06:15:51+00:00\" class=\"yoast-seo-meta-tag\" \/>\n<meta property=\"og:image\" content=\"https:\/\/i0.wp.com\/dorogimedence.hu\/wp-content\/uploads\/2021\/03\/tati-tigrisek.jpg?fit=830%2C450&ssl=1\" class=\"yoast-seo-meta-tag\" \/>\n\t<meta property=\"og:image:width\" content=\"830\" class=\"yoast-seo-meta-tag\" \/>\n\t<meta property=\"og:image:height\" content=\"450\" class=\"yoast-seo-meta-tag\" \/>\n\t<meta property=\"og:image:type\" content=\"image\/jpeg\" class=\"yoast-seo-meta-tag\" \/>\n<meta name=\"author\" content=\"dorogimedence.hu\" class=\"yoast-seo-meta-tag\" \/>\n<meta name=\"twitter:card\" content=\"summary_large_image\" class=\"yoast-seo-meta-tag\" \/>\n<meta name=\"twitter:label1\" content=\"Szerz\u0151:\" class=\"yoast-seo-meta-tag\" \/>\n\t<meta name=\"twitter:data1\" content=\"dorogimedence.hu\" class=\"yoast-seo-meta-tag\" \/>\n\t<meta name=\"twitter:label2\" content=\"Becs\u00fclt olvas\u00e1si id\u0151\" class=\"yoast-seo-meta-tag\" \/>\n\t<meta name=\"twitter:data2\" content=\"1 perc\" class=\"yoast-seo-meta-tag\" \/>\n<script type=\"application\/ld+json\" class=\"yoast-schema-graph\">{\"@context\":\"https:\\\/\\\/schema.org\",\"@graph\":[{\"@type\":\"Article\",\"@id\":\"https:\\\/\\\/dorogimedence.hu\\\/index.php\\\/2021\\\/03\\\/09\\\/veretlenek-a-esztergom-tati-tigrisek\\\/#article\",\"isPartOf\":{\"@id\":\"https:\\\/\\\/dorogimedence.hu\\\/index.php\\\/2021\\\/03\\\/09\\\/veretlenek-a-esztergom-tati-tigrisek\\\/\"},\"author\":{\"name\":\"dorogimedence.hu\",\"@id\":\"https:\\\/\\\/dorogimedence.hu\\\/#\\\/schema\\\/person\\\/ce6091eeb7e95ecdc87890d6aa8e0fd4\"},\"headline\":\"Veretlenek a Esztergom-T\u00e1ti Tigrisek\",\"datePublished\":\"2021-03-09T06:12:59+00:00\",\"dateModified\":\"2021-03-09T06:15:51+00:00\",\"mainEntityOfPage\":{\"@id\":\"https:\\\/\\\/dorogimedence.hu\\\/index.php\\\/2021\\\/03\\\/09\\\/veretlenek-a-esztergom-tati-tigrisek\\\/\"},\"wordCount\":203,\"publisher\":{\"@id\":\"https:\\\/\\\/dorogimedence.hu\\\/#organization\"},\"image\":{\"@id\":\"https:\\\/\\\/dorogimedence.hu\\\/index.php\\\/2021\\\/03\\\/09\\\/veretlenek-a-esztergom-tati-tigrisek\\\/#primaryimage\"},\"thumbnailUrl\":\"https:\\\/\\\/dorogimedence.hu\\\/wp-content\\\/uploads\\\/2021\\\/03\\\/tati-tigrisek.jpg\",\"keywords\":[\"bajnoks\u00e1g\",\"esztergom\",\"Esztergom-T\u00e1ti Tigrisek J\u00e9gkorong SE\",\"j\u00e9gkorong\",\"sport\",\"T\u00e1t\",\"Tigrisek\"],\"articleSection\":[\"Esztergom\",\"H\u00edrek\",\"Sport\",\"T\u00e1t\"],\"inLanguage\":\"hu\"},{\"@type\":\"WebPage\",\"@id\":\"https:\\\/\\\/dorogimedence.hu\\\/index.php\\\/2021\\\/03\\\/09\\\/veretlenek-a-esztergom-tati-tigrisek\\\/\",\"url\":\"https:\\\/\\\/dorogimedence.hu\\\/index.php\\\/2021\\\/03\\\/09\\\/veretlenek-a-esztergom-tati-tigrisek\\\/\",\"name\":\"Veretlenek a Esztergom-T\u00e1ti Tigrisek\",\"isPartOf\":{\"@id\":\"https:\\\/\\\/dorogimedence.hu\\\/#website\"},\"primaryImageOfPage\":{\"@id\":\"https:\\\/\\\/dorogimedence.hu\\\/index.php\\\/2021\\\/03\\\/09\\\/veretlenek-a-esztergom-tati-tigrisek\\\/#primaryimage\"},\"image\":{\"@id\":\"https:\\\/\\\/dorogimedence.hu\\\/index.php\\\/2021\\\/03\\\/09\\\/veretlenek-a-esztergom-tati-tigrisek\\\/#primaryimage\"},\"thumbnailUrl\":\"https:\\\/\\\/dorogimedence.hu\\\/wp-content\\\/uploads\\\/2021\\\/03\\\/tati-tigrisek.jpg\",\"datePublished\":\"2021-03-09T06:12:59+00:00\",\"dateModified\":\"2021-03-09T06:15:51+00:00\",\"breadcrumb\":{\"@id\":\"https:\\\/\\\/dorogimedence.hu\\\/index.php\\\/2021\\\/03\\\/09\\\/veretlenek-a-esztergom-tati-tigrisek\\\/#breadcrumb\"},\"inLanguage\":\"hu\",\"potentialAction\":[{\"@type\":\"ReadAction\",\"target\":[\"https:\\\/\\\/dorogimedence.hu\\\/index.php\\\/2021\\\/03\\\/09\\\/veretlenek-a-esztergom-tati-tigrisek\\\/\"]}]},{\"@type\":\"ImageObject\",\"inLanguage\":\"hu\",\"@id\":\"https:\\\/\\\/dorogimedence.hu\\\/index.php\\\/2021\\\/03\\\/09\\\/veretlenek-a-esztergom-tati-tigrisek\\\/#primaryimage\",\"url\":\"https:\\\/\\\/dorogimedence.hu\\\/wp-content\\\/uploads\\\/2021\\\/03\\\/tati-tigrisek.jpg\",\"contentUrl\":\"https:\\\/\\\/dorogimedence.hu\\\/wp-content\\\/uploads\\\/2021\\\/03\\\/tati-tigrisek.jpg\",\"width\":830,\"height\":450},{\"@type\":\"BreadcrumbList\",\"@id\":\"https:\\\/\\\/dorogimedence.hu\\\/index.php\\\/2021\\\/03\\\/09\\\/veretlenek-a-esztergom-tati-tigrisek\\\/#breadcrumb\",\"itemListElement\":[{\"@type\":\"ListItem\",\"position\":1,\"name\":\"Kezd\u0151lap\",\"item\":\"https:\\\/\\\/dorogimedence.hu\\\/\"},{\"@type\":\"ListItem\",\"position\":2,\"name\":\"Veretlenek a Esztergom-T\u00e1ti Tigrisek\"}]},{\"@type\":\"WebSite\",\"@id\":\"https:\\\/\\\/dorogimedence.hu\\\/#website\",\"url\":\"https:\\\/\\\/dorogimedence.hu\\\/\",\"name\":\"Dorogi-medence Region\u00e1lis H\u00edrport\u00e1l\",\"description\":\"Dorog, Keszt\u00f6lc, Le\u00e1nyv\u00e1r, Piliscs\u00e9v, Tokod, Tokodalt\u00e1r\u00f3, Csolnok, Esztergom-kertv\u00e1ros: h\u00edrek, programok\",\"publisher\":{\"@id\":\"https:\\\/\\\/dorogimedence.hu\\\/#organization\"},\"potentialAction\":[{\"@type\":\"SearchAction\",\"target\":{\"@type\":\"EntryPoint\",\"urlTemplate\":\"https:\\\/\\\/dorogimedence.hu\\\/?s={search_term_string}\"},\"query-input\":{\"@type\":\"PropertyValueSpecification\",\"valueRequired\":true,\"valueName\":\"search_term_string\"}}],\"inLanguage\":\"hu\"},{\"@type\":\"Organization\",\"@id\":\"https:\\\/\\\/dorogimedence.hu\\\/#organization\",\"name\":\"Dorogi-medence Region\u00e1lis H\u00edrport\u00e1l\",\"url\":\"https:\\\/\\\/dorogimedence.hu\\\/\",\"logo\":{\"@type\":\"ImageObject\",\"inLanguage\":\"hu\",\"@id\":\"https:\\\/\\\/dorogimedence.hu\\\/#\\\/schema\\\/logo\\\/image\\\/\",\"url\":\"https:\\\/\\\/dorogimedence.hu\\\/wp-content\\\/uploads\\\/2021\\\/04\\\/logo-feher-600.png\",\"contentUrl\":\"https:\\\/\\\/dorogimedence.hu\\\/wp-content\\\/uploads\\\/2021\\\/04\\\/logo-feher-600.png\",\"width\":600,\"height\":100,\"caption\":\"Dorogi-medence Region\u00e1lis H\u00edrport\u00e1l\"},\"image\":{\"@id\":\"https:\\\/\\\/dorogimedence.hu\\\/#\\\/schema\\\/logo\\\/image\\\/\"},\"sameAs\":[\"https:\\\/\\\/www.facebook.com\\\/dorogimedence\\\/\"]},{\"@type\":\"Person\",\"@id\":\"https:\\\/\\\/dorogimedence.hu\\\/#\\\/schema\\\/person\\\/ce6091eeb7e95ecdc87890d6aa8e0fd4\",\"name\":\"dorogimedence.hu\",\"image\":{\"@type\":\"ImageObject\",\"inLanguage\":\"hu\",\"@id\":\"\\\/\\\/www.gravatar.com\\\/avatar\\\/d8d45f8901aadff40a4af72c0b826f1d?s=96&#038;r=g&#038;d=mm\",\"url\":\"\\\/\\\/www.gravatar.com\\\/avatar\\\/d8d45f8901aadff40a4af72c0b826f1d?s=96&#038;r=g&#038;d=mm\",\"contentUrl\":\"\\\/\\\/www.gravatar.com\\\/avatar\\\/d8d45f8901aadff40a4af72c0b826f1d?s=96&#038;r=g&#038;d=mm\",\"caption\":\"dorogimedence.hu\"}}]}<\/script>\n<!-- \/ Yoast SEO plugin. -->","yoast_head_json":{"title":"Veretlenek a Esztergom-T\u00e1ti Tigrisek","robots":{"index":"index","follow":"follow","max-snippet":"max-snippet:-1","max-image-preview":"max-image-preview:large","max-video-preview":"max-video-preview:-1"},"canonical":"https:\/\/dorogimedence.hu\/index.php\/2021\/03\/09\/veretlenek-a-esztergom-tati-tigrisek\/","og_locale":"hu_HU","og_type":"article","og_title":"Veretlenek a Esztergom-T\u00e1ti Tigrisek","og_description":"Az Esztergom-T\u00e1ti Tigrisek J\u00e9gkorong SE csapata az MJSZ Orsz\u00e1gos Bajnoks\u00e1g IV\/C kateg\u00f3ri\u00e1j\u00e1ban veretlennek bizonyul \u00e9s m\u00e1r csak a d\u00f6nt\u0151 m\u00e1sodik m\u00e9rk\u0151z\u00e9s\u00e9t kell megnyerni\u00fck, hogy hazavihess\u00e9k a ki\u00e9rdemelt kup\u00e1t. A Tigrisek a szezon nyolc m\u00e9rk\u0151z\u00e9s\u00e9b\u0151l mind a nyolcat megnyert\u00e9k, \u00edgy huszonn\u00e9gy ponttal a tabella els\u0151 hely\u00e9n \u00e1llnak. Azonban a v\u00e9gs\u0151 gy\u0151ztes az els\u0151 \u00e9s m\u00e1sodik helyen","og_url":"https:\/\/dorogimedence.hu\/index.php\/2021\/03\/09\/veretlenek-a-esztergom-tati-tigrisek\/","og_site_name":"Dorogi-medence Region\u00e1lis H\u00edrport\u00e1l","article_publisher":"https:\/\/www.facebook.com\/dorogimedence\/","article_published_time":"2021-03-09T06:12:59+00:00","article_modified_time":"2021-03-09T06:15:51+00:00","og_image":[{"width":830,"height":450,"url":"https:\/\/i0.wp.com\/dorogimedence.hu\/wp-content\/uploads\/2021\/03\/tati-tigrisek.jpg?fit=830%2C450&ssl=1","type":"image\/jpeg"}],"author":"dorogimedence.hu","twitter_card":"summary_large_image","twitter_misc":{"Szerz\u0151:":"dorogimedence.hu","Becs\u00fclt olvas\u00e1si id\u0151":"1 perc"},"schema":{"@context":"https:\/\/schema.org","@graph":[{"@type":"Article","@id":"https:\/\/dorogimedence.hu\/index.php\/2021\/03\/09\/veretlenek-a-esztergom-tati-tigrisek\/#article","isPartOf":{"@id":"https:\/\/dorogimedence.hu\/index.php\/2021\/03\/09\/veretlenek-a-esztergom-tati-tigrisek\/"},"author":{"name":"dorogimedence.hu","@id":"https:\/\/dorogimedence.hu\/#\/schema\/person\/ce6091eeb7e95ecdc87890d6aa8e0fd4"},"headline":"Veretlenek a Esztergom-T\u00e1ti Tigrisek","datePublished":"2021-03-09T06:12:59+00:00","dateModified":"2021-03-09T06:15:51+00:00","mainEntityOfPage":{"@id":"https:\/\/dorogimedence.hu\/index.php\/2021\/03\/09\/veretlenek-a-esztergom-tati-tigrisek\/"},"wordCount":203,"publisher":{"@id":"https:\/\/dorogimedence.hu\/#organization"},"image":{"@id":"https:\/\/dorogimedence.hu\/index.php\/2021\/03\/09\/veretlenek-a-esztergom-tati-tigrisek\/#primaryimage"},"thumbnailUrl":"https:\/\/dorogimedence.hu\/wp-content\/uploads\/2021\/03\/tati-tigrisek.jpg","keywords":["bajnoks\u00e1g","esztergom","Esztergom-T\u00e1ti Tigrisek J\u00e9gkorong SE","j\u00e9gkorong","sport","T\u00e1t","Tigrisek"],"articleSection":["Esztergom","H\u00edrek","Sport","T\u00e1t"],"inLanguage":"hu"},{"@type":"WebPage","@id":"https:\/\/dorogimedence.hu\/index.php\/2021\/03\/09\/veretlenek-a-esztergom-tati-tigrisek\/","url":"https:\/\/dorogimedence.hu\/index.php\/2021\/03\/09\/veretlenek-a-esztergom-tati-tigrisek\/","name":"Veretlenek a Esztergom-T\u00e1ti Tigrisek","isPartOf":{"@id":"https:\/\/dorogimedence.hu\/#website"},"primaryImageOfPage":{"@id":"https:\/\/dorogimedence.hu\/index.php\/2021\/03\/09\/veretlenek-a-esztergom-tati-tigrisek\/#primaryimage"},"image":{"@id":"https:\/\/dorogimedence.hu\/index.php\/2021\/03\/09\/veretlenek-a-esztergom-tati-tigrisek\/#primaryimage"},"thumbnailUrl":"https:\/\/dorogimedence.hu\/wp-content\/uploads\/2021\/03\/tati-tigrisek.jpg","datePublished":"2021-03-09T06:12:59+00:00","dateModified":"2021-03-09T06:15:51+00:00","breadcrumb":{"@id":"https:\/\/dorogimedence.hu\/index.php\/2021\/03\/09\/veretlenek-a-esztergom-tati-tigrisek\/#breadcrumb"},"inLanguage":"hu","potentialAction":[{"@type":"ReadAction","target":["https:\/\/dorogimedence.hu\/index.php\/2021\/03\/09\/veretlenek-a-esztergom-tati-tigrisek\/"]}]},{"@type":"ImageObject","inLanguage":"hu","@id":"https:\/\/dorogimedence.hu\/index.php\/2021\/03\/09\/veretlenek-a-esztergom-tati-tigrisek\/#primaryimage","url":"https:\/\/dorogimedence.hu\/wp-content\/uploads\/2021\/03\/tati-tigrisek.jpg","contentUrl":"https:\/\/dorogimedence.hu\/wp-content\/uploads\/2021\/03\/tati-tigrisek.jpg","width":830,"height":450},{"@type":"BreadcrumbList","@id":"https:\/\/dorogimedence.hu\/index.php\/2021\/03\/09\/veretlenek-a-esztergom-tati-tigrisek\/#breadcrumb","itemListElement":[{"@type":"ListItem","position":1,"name":"Kezd\u0151lap","item":"https:\/\/dorogimedence.hu\/"},{"@type":"ListItem","position":2,"name":"Veretlenek a Esztergom-T\u00e1ti Tigrisek"}]},{"@type":"WebSite","@id":"https:\/\/dorogimedence.hu\/#website","url":"https:\/\/dorogimedence.hu\/","name":"Dorogi-medence Region\u00e1lis H\u00edrport\u00e1l","description":"Dorog, Keszt\u00f6lc, Le\u00e1nyv\u00e1r, Piliscs\u00e9v, Tokod, Tokodalt\u00e1r\u00f3, Csolnok, Esztergom-kertv\u00e1ros: h\u00edrek, programok","publisher":{"@id":"https:\/\/dorogimedence.hu\/#organization"},"potentialAction":[{"@type":"SearchAction","target":{"@type":"EntryPoint","urlTemplate":"https:\/\/dorogimedence.hu\/?s={search_term_string}"},"query-input":{"@type":"PropertyValueSpecification","valueRequired":true,"valueName":"search_term_string"}}],"inLanguage":"hu"},{"@type":"Organization","@id":"https:\/\/dorogimedence.hu\/#organization","name":"Dorogi-medence Region\u00e1lis H\u00edrport\u00e1l","url":"https:\/\/dorogimedence.hu\/","logo":{"@type":"ImageObject","inLanguage":"hu","@id":"https:\/\/dorogimedence.hu\/#\/schema\/logo\/image\/","url":"https:\/\/dorogimedence.hu\/wp-content\/uploads\/2021\/04\/logo-feher-600.png","contentUrl":"https:\/\/dorogimedence.hu\/wp-content\/uploads\/2021\/04\/logo-feher-600.png","width":600,"height":100,"caption":"Dorogi-medence Region\u00e1lis H\u00edrport\u00e1l"},"image":{"@id":"https:\/\/dorogimedence.hu\/#\/schema\/logo\/image\/"},"sameAs":["https:\/\/www.facebook.com\/dorogimedence\/"]},{"@type":"Person","@id":"https:\/\/dorogimedence.hu\/#\/schema\/person\/ce6091eeb7e95ecdc87890d6aa8e0fd4","name":"dorogimedence.hu","image":{"@type":"ImageObject","inLanguage":"hu","@id":"\/\/www.gravatar.com\/avatar\/d8d45f8901aadff40a4af72c0b826f1d?s=96&#038;r=g&#038;d=mm","url":"\/\/www.gravatar.com\/avatar\/d8d45f8901aadff40a4af72c0b826f1d?s=96&#038;r=g&#038;d=mm","contentUrl":"\/\/www.gravatar.com\/avatar\/d8d45f8901aadff40a4af72c0b826f1d?s=96&#038;r=g&#038;d=mm","caption":"dorogimedence.hu"}}]}},"_links":{"self":[{"href":"https:\/\/dorogimedence.hu\/index.php\/wp-json\/wp\/v2\/posts\/30944","targetHints":{"allow":["GET"]}}],"collection":[{"href":"https:\/\/dorogimedence.hu\/index.php\/wp-json\/wp\/v2\/posts"}],"about":[{"href":"https:\/\/dorogimedence.hu\/index.php\/wp-json\/wp\/v2\/types\/post"}],"author":[{"embeddable":true,"href":"https:\/\/dorogimedence.hu\/index.php\/wp-json\/wp\/v2\/users\/1"}],"replies":[{"embeddable":true,"href":"https:\/\/dorogimedence.hu\/index.php\/wp-json\/wp\/v2\/comments?post=30944"}],"version-history":[{"count":0,"href":"https:\/\/dorogimedence.hu\/index.php\/wp-json\/wp\/v2\/posts\/30944\/revisions"}],"wp:featuredmedia":[{"embeddable":true,"href":"https:\/\/dorogimedence.hu\/index.php\/wp-json\/wp\/v2\/media\/30945"}],"wp:attachment":[{"href":"https:\/\/dorogimedence.hu\/index.php\/wp-json\/wp\/v2\/media?parent=30944"}],"wp:term":[{"taxonomy":"category","embeddable":true,"href":"https:\/\/dorogimedence.hu\/index.php\/wp-json\/wp\/v2\/categories?post=30944"},{"taxonomy":"post_tag","embeddable":true,"href":"https:\/\/dorogimedence.hu\/index.php\/wp-json\/wp\/v2\/tags?post=30944"}],"curies":[{"name":"wp","href":"https:\/\/api.w.org\/{rel}","templated":true}]}}