{"id":30939,"date":"2021-03-08T12:06:07","date_gmt":"2021-03-08T11:06:07","guid":{"rendered":"http:\/\/dorogimedence.hu\/?p=30939"},"modified":"2021-03-08T12:06:44","modified_gmt":"2021-03-08T11:06:44","slug":"a-helyi-intezmenyekben-dolgozo-holgyeket-koszontottek-mogyorosbanyan","status":"publish","type":"post","link":"https:\/\/dorogimedence.hu\/index.php\/2021\/03\/08\/a-helyi-intezmenyekben-dolgozo-holgyeket-koszontottek-mogyorosbanyan\/","title":{"rendered":"A helyi int\u00e9zm\u00e9nyekben dolgoz\u00f3 h\u00f6lgyeket k\u00f6sz\u00f6nt\u00f6tt\u00e9k Mogyor\u00f3sb\u00e1ny\u00e1n"},"content":{"rendered":"<p><strong>N\u0151nap alkalm\u00e1b\u00f3l vir\u00e1ggal k\u00f6sz\u00f6nt\u00f6tte a helyi \u00e1ltal\u00e1nos iskol\u00e1ban, illetve az \u00f3vod\u00e1ban dolgoz\u00f3 h\u00f6lgyeket Havrancsik Tibor Mogyor\u00f3sb\u00e1nya polg\u00e1rmestere.<\/strong><\/p>\n<p>Havrancsik Tibor m\u00e1rcius 5-\u00e9n, p\u00e9nteken k\u00f6sz\u00f6nt\u00f6tte a h\u00f6lgyeket. Amint azt megtudtuk, az\u00e9rt az el\u0151z\u0151 h\u00e9t utols\u00f3 munkanapj\u00e1ra esett a v\u00e1laszt\u00e1s, mert a korm\u00e1ny d\u00f6nt\u00e9se \u00e9rtelm\u00e9ben az int\u00e9zm\u00e9nyek m\u00e1rcius 8-t\u00f3l z\u00e1rva tartanak, csak a gyermekfel\u00fcgyeletet l\u00e1tj\u00e1k el, \u00edgy akkor volt utolj\u00e1ra lehet\u0151s\u00e9ge arra, hogy tal\u00e1lkozzon a k\u00e9t int\u00e9zm\u00e9ny dolgoz\u00f3ival. Mogyor\u00f3sb\u00e1ny\u00e1n egy\u00e9bk\u00e9nt m\u00e1r-m\u00e1r hagyom\u00e1nynak sz\u00e1m\u00edt, hogy n\u0151napkor k\u00f6sz\u00f6ntik az int\u00e9zm\u00e9nyekben dolgoz\u00f3 h\u00f6lgyeket.<\/p>\n<p>\u201eK\u00e9rtem az \u00f3voda \u00e9s az iskola vezet\u0151j\u00e9t, hogy id\u00e9n a v\u00edrushelyzetre val\u00f3 tekintettel adj\u00e1k \u00e1t helyettem koll\u00e9g\u00e1iknak a vir\u00e1gokat \u00e9s j\u00f3k\u00edv\u00e1ns\u00e1gaimat. A j\u00f6v\u0151beli egy\u00fcttm\u0171k\u00f6d\u00e9semr\u0151l, t\u00e1mogat\u00e1somr\u00f3l is biztos\u00edtottam a helyi int\u00e9zm\u00e9nyekben dolgoz\u00f3kat.\u201d \u2013 mondta a k\u00f6zs\u00e9g polg\u00e1rmestere.<\/p>\n<p>A telep\u00fcl\u00e9s vezet\u0151je m\u00e1rcius 8-\u00e1n k\u00f6sz\u00f6nt\u00f6tte az eg\u00e9szs\u00e9g\u00fcgyi alapell\u00e1t\u00e1sban szolg\u00e1latot teljes\u00edt\u0151 h\u00f6lgyeket is, megk\u00f6sz\u00f6nve a mogyor\u00f3sb\u00e1nyai polg\u00e1rok eg\u00e9szs\u00e9g\u00e9rt v\u00e9gzett kiemelked\u0151 szakmai teljes\u00edtm\u00e9ny\u00fcket. Havrancsik Tibor szerint a k\u00f6sz\u00f6nt\u00f6ttek mindannyian meg\u00e9rdemlik az elismer\u00e9st, hiszen a j\u00e1rv\u00e1ny eddigi szakasz\u00e1ban is kitart\u00f3an dolgoztak \u00e9s most ism\u00e9t neh\u00e9z hetek el\u0151tt \u00e1llnak.<\/p>\n<p>A polg\u00e1rmester elmondta tov\u00e1bb\u00e1, hogy n\u0151nap alkalm\u00e1b\u00f3l szeretettel gondol a faluban \u00e9l\u0151 h\u00f6lgyekre is, akiknek ez\u00faton is sok \u00f6r\u00f6met \u00e9s j\u00f3 eg\u00e9szs\u00e9get k\u00edv\u00e1n!<\/p>\n","protected":false},"excerpt":{"rendered":"<p>N\u0151nap alkalm\u00e1b\u00f3l vir\u00e1ggal k\u00f6sz\u00f6nt\u00f6tte a helyi \u00e1ltal\u00e1nos iskol\u00e1ban, illetve az \u00f3vod\u00e1ban dolgoz\u00f3 h\u00f6lgyeket Havrancsik Tibor Mogyor\u00f3sb\u00e1nya polg\u00e1rmestere. Havrancsik Tibor m\u00e1rcius 5-\u00e9n, p\u00e9nteken k\u00f6sz\u00f6nt\u00f6tte a h\u00f6lgyeket. Amint azt megtudtuk, az\u00e9rt az el\u0151z\u0151 h\u00e9t utols\u00f3 munkanapj\u00e1ra esett a v\u00e1laszt\u00e1s, mert a korm\u00e1ny d\u00f6nt\u00e9se \u00e9rtelm\u00e9ben az int\u00e9zm\u00e9nyek m\u00e1rcius 8-t\u00f3l z\u00e1rva tartanak, csak a gyermekfel\u00fcgyeletet l\u00e1tj\u00e1k el, \u00edgy akkor<\/p>\n","protected":false},"author":1,"featured_media":30940,"comment_status":"closed","ping_status":"closed","sticky":false,"template":"","format":"standard","meta":{"ngg_post_thumbnail":0,"footnotes":""},"categories":[3],"tags":[5247,4833,450,184],"class_list":{"0":"post-30939","1":"post","2":"type-post","3":"status-publish","4":"format-standard","5":"has-post-thumbnail","7":"category-hirek","8":"tag-havrancsik-tibor","9":"tag-koszontes","10":"tag-mogyorosbanya","11":"tag-nonap"},"yoast_head":"<!-- This site is optimized with the Yoast SEO plugin v27.4 - https:\/\/yoast.com\/product\/yoast-seo-wordpress\/ -->\n<title>A helyi int\u00e9zm\u00e9nyekben dolgoz\u00f3 h\u00f6lgyeket k\u00f6sz\u00f6nt\u00f6tt\u00e9k Mogyor\u00f3sb\u00e1ny\u00e1n<\/title>\n<meta name=\"robots\" content=\"index, follow, max-snippet:-1, max-image-preview:large, max-video-preview:-1\" \/>\n<link rel=\"canonical\" href=\"https:\/\/dorogimedence.hu\/index.php\/2021\/03\/08\/a-helyi-intezmenyekben-dolgozo-holgyeket-koszontottek-mogyorosbanyan\/\" class=\"yoast-seo-meta-tag\" \/>\n<meta property=\"og:locale\" content=\"hu_HU\" class=\"yoast-seo-meta-tag\" \/>\n<meta property=\"og:type\" content=\"article\" class=\"yoast-seo-meta-tag\" \/>\n<meta property=\"og:title\" content=\"A helyi int\u00e9zm\u00e9nyekben dolgoz\u00f3 h\u00f6lgyeket k\u00f6sz\u00f6nt\u00f6tt\u00e9k Mogyor\u00f3sb\u00e1ny\u00e1n\" class=\"yoast-seo-meta-tag\" \/>\n<meta property=\"og:description\" content=\"N\u0151nap alkalm\u00e1b\u00f3l vir\u00e1ggal k\u00f6sz\u00f6nt\u00f6tte a helyi \u00e1ltal\u00e1nos iskol\u00e1ban, illetve az \u00f3vod\u00e1ban dolgoz\u00f3 h\u00f6lgyeket Havrancsik Tibor Mogyor\u00f3sb\u00e1nya polg\u00e1rmestere. Havrancsik Tibor m\u00e1rcius 5-\u00e9n, p\u00e9nteken k\u00f6sz\u00f6nt\u00f6tte a h\u00f6lgyeket. Amint azt megtudtuk, az\u00e9rt az el\u0151z\u0151 h\u00e9t utols\u00f3 munkanapj\u00e1ra esett a v\u00e1laszt\u00e1s, mert a korm\u00e1ny d\u00f6nt\u00e9se \u00e9rtelm\u00e9ben az int\u00e9zm\u00e9nyek m\u00e1rcius 8-t\u00f3l z\u00e1rva tartanak, csak a gyermekfel\u00fcgyeletet l\u00e1tj\u00e1k el, \u00edgy akkor\" class=\"yoast-seo-meta-tag\" \/>\n<meta property=\"og:url\" content=\"https:\/\/dorogimedence.hu\/index.php\/2021\/03\/08\/a-helyi-intezmenyekben-dolgozo-holgyeket-koszontottek-mogyorosbanyan\/\" class=\"yoast-seo-meta-tag\" \/>\n<meta property=\"og:site_name\" content=\"Dorogi-medence Region\u00e1lis H\u00edrport\u00e1l\" class=\"yoast-seo-meta-tag\" \/>\n<meta property=\"article:publisher\" content=\"https:\/\/www.facebook.com\/dorogimedence\/\" class=\"yoast-seo-meta-tag\" \/>\n<meta property=\"article:published_time\" content=\"2021-03-08T11:06:07+00:00\" class=\"yoast-seo-meta-tag\" \/>\n<meta property=\"article:modified_time\" content=\"2021-03-08T11:06:44+00:00\" class=\"yoast-seo-meta-tag\" \/>\n<meta property=\"og:image\" content=\"https:\/\/i0.wp.com\/dorogimedence.hu\/wp-content\/uploads\/2021\/03\/mogyoros-nonap.jpg?fit=830%2C450&ssl=1\" class=\"yoast-seo-meta-tag\" \/>\n\t<meta property=\"og:image:width\" content=\"830\" class=\"yoast-seo-meta-tag\" \/>\n\t<meta property=\"og:image:height\" content=\"450\" class=\"yoast-seo-meta-tag\" \/>\n\t<meta property=\"og:image:type\" content=\"image\/jpeg\" class=\"yoast-seo-meta-tag\" \/>\n<meta name=\"author\" content=\"dorogimedence.hu\" class=\"yoast-seo-meta-tag\" \/>\n<meta name=\"twitter:card\" content=\"summary_large_image\" class=\"yoast-seo-meta-tag\" \/>\n<meta name=\"twitter:label1\" content=\"Szerz\u0151:\" class=\"yoast-seo-meta-tag\" \/>\n\t<meta name=\"twitter:data1\" content=\"dorogimedence.hu\" class=\"yoast-seo-meta-tag\" \/>\n\t<meta name=\"twitter:label2\" content=\"Becs\u00fclt olvas\u00e1si id\u0151\" class=\"yoast-seo-meta-tag\" \/>\n\t<meta name=\"twitter:data2\" content=\"2 perc\" class=\"yoast-seo-meta-tag\" \/>\n<script type=\"application\/ld+json\" class=\"yoast-schema-graph\">{\"@context\":\"https:\\\/\\\/schema.org\",\"@graph\":[{\"@type\":\"Article\",\"@id\":\"https:\\\/\\\/dorogimedence.hu\\\/index.php\\\/2021\\\/03\\\/08\\\/a-helyi-intezmenyekben-dolgozo-holgyeket-koszontottek-mogyorosbanyan\\\/#article\",\"isPartOf\":{\"@id\":\"https:\\\/\\\/dorogimedence.hu\\\/index.php\\\/2021\\\/03\\\/08\\\/a-helyi-intezmenyekben-dolgozo-holgyeket-koszontottek-mogyorosbanyan\\\/\"},\"author\":{\"name\":\"dorogimedence.hu\",\"@id\":\"https:\\\/\\\/dorogimedence.hu\\\/#\\\/schema\\\/person\\\/ce6091eeb7e95ecdc87890d6aa8e0fd4\"},\"headline\":\"A helyi int\u00e9zm\u00e9nyekben dolgoz\u00f3 h\u00f6lgyeket k\u00f6sz\u00f6nt\u00f6tt\u00e9k Mogyor\u00f3sb\u00e1ny\u00e1n\",\"datePublished\":\"2021-03-08T11:06:07+00:00\",\"dateModified\":\"2021-03-08T11:06:44+00:00\",\"mainEntityOfPage\":{\"@id\":\"https:\\\/\\\/dorogimedence.hu\\\/index.php\\\/2021\\\/03\\\/08\\\/a-helyi-intezmenyekben-dolgozo-holgyeket-koszontottek-mogyorosbanyan\\\/\"},\"wordCount\":343,\"publisher\":{\"@id\":\"https:\\\/\\\/dorogimedence.hu\\\/#organization\"},\"image\":{\"@id\":\"https:\\\/\\\/dorogimedence.hu\\\/index.php\\\/2021\\\/03\\\/08\\\/a-helyi-intezmenyekben-dolgozo-holgyeket-koszontottek-mogyorosbanyan\\\/#primaryimage\"},\"thumbnailUrl\":\"https:\\\/\\\/dorogimedence.hu\\\/wp-content\\\/uploads\\\/2021\\\/03\\\/mogyoros-nonap.jpg\",\"keywords\":[\"Havrancsik Tibor\",\"k\u00f6sz\u00f6nt\u00e9s\",\"Mogyor\u00f3sb\u00e1nya\",\"n\u0151nap\"],\"articleSection\":[\"H\u00edrek\"],\"inLanguage\":\"hu\"},{\"@type\":\"WebPage\",\"@id\":\"https:\\\/\\\/dorogimedence.hu\\\/index.php\\\/2021\\\/03\\\/08\\\/a-helyi-intezmenyekben-dolgozo-holgyeket-koszontottek-mogyorosbanyan\\\/\",\"url\":\"https:\\\/\\\/dorogimedence.hu\\\/index.php\\\/2021\\\/03\\\/08\\\/a-helyi-intezmenyekben-dolgozo-holgyeket-koszontottek-mogyorosbanyan\\\/\",\"name\":\"A helyi int\u00e9zm\u00e9nyekben dolgoz\u00f3 h\u00f6lgyeket k\u00f6sz\u00f6nt\u00f6tt\u00e9k Mogyor\u00f3sb\u00e1ny\u00e1n\",\"isPartOf\":{\"@id\":\"https:\\\/\\\/dorogimedence.hu\\\/#website\"},\"primaryImageOfPage\":{\"@id\":\"https:\\\/\\\/dorogimedence.hu\\\/index.php\\\/2021\\\/03\\\/08\\\/a-helyi-intezmenyekben-dolgozo-holgyeket-koszontottek-mogyorosbanyan\\\/#primaryimage\"},\"image\":{\"@id\":\"https:\\\/\\\/dorogimedence.hu\\\/index.php\\\/2021\\\/03\\\/08\\\/a-helyi-intezmenyekben-dolgozo-holgyeket-koszontottek-mogyorosbanyan\\\/#primaryimage\"},\"thumbnailUrl\":\"https:\\\/\\\/dorogimedence.hu\\\/wp-content\\\/uploads\\\/2021\\\/03\\\/mogyoros-nonap.jpg\",\"datePublished\":\"2021-03-08T11:06:07+00:00\",\"dateModified\":\"2021-03-08T11:06:44+00:00\",\"breadcrumb\":{\"@id\":\"https:\\\/\\\/dorogimedence.hu\\\/index.php\\\/2021\\\/03\\\/08\\\/a-helyi-intezmenyekben-dolgozo-holgyeket-koszontottek-mogyorosbanyan\\\/#breadcrumb\"},\"inLanguage\":\"hu\",\"potentialAction\":[{\"@type\":\"ReadAction\",\"target\":[\"https:\\\/\\\/dorogimedence.hu\\\/index.php\\\/2021\\\/03\\\/08\\\/a-helyi-intezmenyekben-dolgozo-holgyeket-koszontottek-mogyorosbanyan\\\/\"]}]},{\"@type\":\"ImageObject\",\"inLanguage\":\"hu\",\"@id\":\"https:\\\/\\\/dorogimedence.hu\\\/index.php\\\/2021\\\/03\\\/08\\\/a-helyi-intezmenyekben-dolgozo-holgyeket-koszontottek-mogyorosbanyan\\\/#primaryimage\",\"url\":\"https:\\\/\\\/dorogimedence.hu\\\/wp-content\\\/uploads\\\/2021\\\/03\\\/mogyoros-nonap.jpg\",\"contentUrl\":\"https:\\\/\\\/dorogimedence.hu\\\/wp-content\\\/uploads\\\/2021\\\/03\\\/mogyoros-nonap.jpg\",\"width\":830,\"height\":450},{\"@type\":\"BreadcrumbList\",\"@id\":\"https:\\\/\\\/dorogimedence.hu\\\/index.php\\\/2021\\\/03\\\/08\\\/a-helyi-intezmenyekben-dolgozo-holgyeket-koszontottek-mogyorosbanyan\\\/#breadcrumb\",\"itemListElement\":[{\"@type\":\"ListItem\",\"position\":1,\"name\":\"Kezd\u0151lap\",\"item\":\"https:\\\/\\\/dorogimedence.hu\\\/\"},{\"@type\":\"ListItem\",\"position\":2,\"name\":\"A helyi int\u00e9zm\u00e9nyekben dolgoz\u00f3 h\u00f6lgyeket k\u00f6sz\u00f6nt\u00f6tt\u00e9k Mogyor\u00f3sb\u00e1ny\u00e1n\"}]},{\"@type\":\"WebSite\",\"@id\":\"https:\\\/\\\/dorogimedence.hu\\\/#website\",\"url\":\"https:\\\/\\\/dorogimedence.hu\\\/\",\"name\":\"Dorogi-medence Region\u00e1lis H\u00edrport\u00e1l\",\"description\":\"Dorog, Keszt\u00f6lc, Le\u00e1nyv\u00e1r, Piliscs\u00e9v, Tokod, Tokodalt\u00e1r\u00f3, Csolnok, Esztergom-kertv\u00e1ros: h\u00edrek, programok\",\"publisher\":{\"@id\":\"https:\\\/\\\/dorogimedence.hu\\\/#organization\"},\"potentialAction\":[{\"@type\":\"SearchAction\",\"target\":{\"@type\":\"EntryPoint\",\"urlTemplate\":\"https:\\\/\\\/dorogimedence.hu\\\/?s={search_term_string}\"},\"query-input\":{\"@type\":\"PropertyValueSpecification\",\"valueRequired\":true,\"valueName\":\"search_term_string\"}}],\"inLanguage\":\"hu\"},{\"@type\":\"Organization\",\"@id\":\"https:\\\/\\\/dorogimedence.hu\\\/#organization\",\"name\":\"Dorogi-medence Region\u00e1lis H\u00edrport\u00e1l\",\"url\":\"https:\\\/\\\/dorogimedence.hu\\\/\",\"logo\":{\"@type\":\"ImageObject\",\"inLanguage\":\"hu\",\"@id\":\"https:\\\/\\\/dorogimedence.hu\\\/#\\\/schema\\\/logo\\\/image\\\/\",\"url\":\"https:\\\/\\\/dorogimedence.hu\\\/wp-content\\\/uploads\\\/2021\\\/04\\\/logo-feher-600.png\",\"contentUrl\":\"https:\\\/\\\/dorogimedence.hu\\\/wp-content\\\/uploads\\\/2021\\\/04\\\/logo-feher-600.png\",\"width\":600,\"height\":100,\"caption\":\"Dorogi-medence Region\u00e1lis H\u00edrport\u00e1l\"},\"image\":{\"@id\":\"https:\\\/\\\/dorogimedence.hu\\\/#\\\/schema\\\/logo\\\/image\\\/\"},\"sameAs\":[\"https:\\\/\\\/www.facebook.com\\\/dorogimedence\\\/\"]},{\"@type\":\"Person\",\"@id\":\"https:\\\/\\\/dorogimedence.hu\\\/#\\\/schema\\\/person\\\/ce6091eeb7e95ecdc87890d6aa8e0fd4\",\"name\":\"dorogimedence.hu\",\"image\":{\"@type\":\"ImageObject\",\"inLanguage\":\"hu\",\"@id\":\"\\\/\\\/www.gravatar.com\\\/avatar\\\/d8d45f8901aadff40a4af72c0b826f1d?s=96&#038;r=g&#038;d=mm\",\"url\":\"\\\/\\\/www.gravatar.com\\\/avatar\\\/d8d45f8901aadff40a4af72c0b826f1d?s=96&#038;r=g&#038;d=mm\",\"contentUrl\":\"\\\/\\\/www.gravatar.com\\\/avatar\\\/d8d45f8901aadff40a4af72c0b826f1d?s=96&#038;r=g&#038;d=mm\",\"caption\":\"dorogimedence.hu\"}}]}<\/script>\n<!-- \/ Yoast SEO plugin. -->","yoast_head_json":{"title":"A helyi int\u00e9zm\u00e9nyekben dolgoz\u00f3 h\u00f6lgyeket k\u00f6sz\u00f6nt\u00f6tt\u00e9k Mogyor\u00f3sb\u00e1ny\u00e1n","robots":{"index":"index","follow":"follow","max-snippet":"max-snippet:-1","max-image-preview":"max-image-preview:large","max-video-preview":"max-video-preview:-1"},"canonical":"https:\/\/dorogimedence.hu\/index.php\/2021\/03\/08\/a-helyi-intezmenyekben-dolgozo-holgyeket-koszontottek-mogyorosbanyan\/","og_locale":"hu_HU","og_type":"article","og_title":"A helyi int\u00e9zm\u00e9nyekben dolgoz\u00f3 h\u00f6lgyeket k\u00f6sz\u00f6nt\u00f6tt\u00e9k Mogyor\u00f3sb\u00e1ny\u00e1n","og_description":"N\u0151nap alkalm\u00e1b\u00f3l vir\u00e1ggal k\u00f6sz\u00f6nt\u00f6tte a helyi \u00e1ltal\u00e1nos iskol\u00e1ban, illetve az \u00f3vod\u00e1ban dolgoz\u00f3 h\u00f6lgyeket Havrancsik Tibor Mogyor\u00f3sb\u00e1nya polg\u00e1rmestere. Havrancsik Tibor m\u00e1rcius 5-\u00e9n, p\u00e9nteken k\u00f6sz\u00f6nt\u00f6tte a h\u00f6lgyeket. Amint azt megtudtuk, az\u00e9rt az el\u0151z\u0151 h\u00e9t utols\u00f3 munkanapj\u00e1ra esett a v\u00e1laszt\u00e1s, mert a korm\u00e1ny d\u00f6nt\u00e9se \u00e9rtelm\u00e9ben az int\u00e9zm\u00e9nyek m\u00e1rcius 8-t\u00f3l z\u00e1rva tartanak, csak a gyermekfel\u00fcgyeletet l\u00e1tj\u00e1k el, \u00edgy akkor","og_url":"https:\/\/dorogimedence.hu\/index.php\/2021\/03\/08\/a-helyi-intezmenyekben-dolgozo-holgyeket-koszontottek-mogyorosbanyan\/","og_site_name":"Dorogi-medence Region\u00e1lis H\u00edrport\u00e1l","article_publisher":"https:\/\/www.facebook.com\/dorogimedence\/","article_published_time":"2021-03-08T11:06:07+00:00","article_modified_time":"2021-03-08T11:06:44+00:00","og_image":[{"width":830,"height":450,"url":"https:\/\/i0.wp.com\/dorogimedence.hu\/wp-content\/uploads\/2021\/03\/mogyoros-nonap.jpg?fit=830%2C450&ssl=1","type":"image\/jpeg"}],"author":"dorogimedence.hu","twitter_card":"summary_large_image","twitter_misc":{"Szerz\u0151:":"dorogimedence.hu","Becs\u00fclt olvas\u00e1si id\u0151":"2 perc"},"schema":{"@context":"https:\/\/schema.org","@graph":[{"@type":"Article","@id":"https:\/\/dorogimedence.hu\/index.php\/2021\/03\/08\/a-helyi-intezmenyekben-dolgozo-holgyeket-koszontottek-mogyorosbanyan\/#article","isPartOf":{"@id":"https:\/\/dorogimedence.hu\/index.php\/2021\/03\/08\/a-helyi-intezmenyekben-dolgozo-holgyeket-koszontottek-mogyorosbanyan\/"},"author":{"name":"dorogimedence.hu","@id":"https:\/\/dorogimedence.hu\/#\/schema\/person\/ce6091eeb7e95ecdc87890d6aa8e0fd4"},"headline":"A helyi int\u00e9zm\u00e9nyekben dolgoz\u00f3 h\u00f6lgyeket k\u00f6sz\u00f6nt\u00f6tt\u00e9k Mogyor\u00f3sb\u00e1ny\u00e1n","datePublished":"2021-03-08T11:06:07+00:00","dateModified":"2021-03-08T11:06:44+00:00","mainEntityOfPage":{"@id":"https:\/\/dorogimedence.hu\/index.php\/2021\/03\/08\/a-helyi-intezmenyekben-dolgozo-holgyeket-koszontottek-mogyorosbanyan\/"},"wordCount":343,"publisher":{"@id":"https:\/\/dorogimedence.hu\/#organization"},"image":{"@id":"https:\/\/dorogimedence.hu\/index.php\/2021\/03\/08\/a-helyi-intezmenyekben-dolgozo-holgyeket-koszontottek-mogyorosbanyan\/#primaryimage"},"thumbnailUrl":"https:\/\/dorogimedence.hu\/wp-content\/uploads\/2021\/03\/mogyoros-nonap.jpg","keywords":["Havrancsik Tibor","k\u00f6sz\u00f6nt\u00e9s","Mogyor\u00f3sb\u00e1nya","n\u0151nap"],"articleSection":["H\u00edrek"],"inLanguage":"hu"},{"@type":"WebPage","@id":"https:\/\/dorogimedence.hu\/index.php\/2021\/03\/08\/a-helyi-intezmenyekben-dolgozo-holgyeket-koszontottek-mogyorosbanyan\/","url":"https:\/\/dorogimedence.hu\/index.php\/2021\/03\/08\/a-helyi-intezmenyekben-dolgozo-holgyeket-koszontottek-mogyorosbanyan\/","name":"A helyi int\u00e9zm\u00e9nyekben dolgoz\u00f3 h\u00f6lgyeket k\u00f6sz\u00f6nt\u00f6tt\u00e9k Mogyor\u00f3sb\u00e1ny\u00e1n","isPartOf":{"@id":"https:\/\/dorogimedence.hu\/#website"},"primaryImageOfPage":{"@id":"https:\/\/dorogimedence.hu\/index.php\/2021\/03\/08\/a-helyi-intezmenyekben-dolgozo-holgyeket-koszontottek-mogyorosbanyan\/#primaryimage"},"image":{"@id":"https:\/\/dorogimedence.hu\/index.php\/2021\/03\/08\/a-helyi-intezmenyekben-dolgozo-holgyeket-koszontottek-mogyorosbanyan\/#primaryimage"},"thumbnailUrl":"https:\/\/dorogimedence.hu\/wp-content\/uploads\/2021\/03\/mogyoros-nonap.jpg","datePublished":"2021-03-08T11:06:07+00:00","dateModified":"2021-03-08T11:06:44+00:00","breadcrumb":{"@id":"https:\/\/dorogimedence.hu\/index.php\/2021\/03\/08\/a-helyi-intezmenyekben-dolgozo-holgyeket-koszontottek-mogyorosbanyan\/#breadcrumb"},"inLanguage":"hu","potentialAction":[{"@type":"ReadAction","target":["https:\/\/dorogimedence.hu\/index.php\/2021\/03\/08\/a-helyi-intezmenyekben-dolgozo-holgyeket-koszontottek-mogyorosbanyan\/"]}]},{"@type":"ImageObject","inLanguage":"hu","@id":"https:\/\/dorogimedence.hu\/index.php\/2021\/03\/08\/a-helyi-intezmenyekben-dolgozo-holgyeket-koszontottek-mogyorosbanyan\/#primaryimage","url":"https:\/\/dorogimedence.hu\/wp-content\/uploads\/2021\/03\/mogyoros-nonap.jpg","contentUrl":"https:\/\/dorogimedence.hu\/wp-content\/uploads\/2021\/03\/mogyoros-nonap.jpg","width":830,"height":450},{"@type":"BreadcrumbList","@id":"https:\/\/dorogimedence.hu\/index.php\/2021\/03\/08\/a-helyi-intezmenyekben-dolgozo-holgyeket-koszontottek-mogyorosbanyan\/#breadcrumb","itemListElement":[{"@type":"ListItem","position":1,"name":"Kezd\u0151lap","item":"https:\/\/dorogimedence.hu\/"},{"@type":"ListItem","position":2,"name":"A helyi int\u00e9zm\u00e9nyekben dolgoz\u00f3 h\u00f6lgyeket k\u00f6sz\u00f6nt\u00f6tt\u00e9k Mogyor\u00f3sb\u00e1ny\u00e1n"}]},{"@type":"WebSite","@id":"https:\/\/dorogimedence.hu\/#website","url":"https:\/\/dorogimedence.hu\/","name":"Dorogi-medence Region\u00e1lis H\u00edrport\u00e1l","description":"Dorog, Keszt\u00f6lc, Le\u00e1nyv\u00e1r, Piliscs\u00e9v, Tokod, Tokodalt\u00e1r\u00f3, Csolnok, Esztergom-kertv\u00e1ros: h\u00edrek, programok","publisher":{"@id":"https:\/\/dorogimedence.hu\/#organization"},"potentialAction":[{"@type":"SearchAction","target":{"@type":"EntryPoint","urlTemplate":"https:\/\/dorogimedence.hu\/?s={search_term_string}"},"query-input":{"@type":"PropertyValueSpecification","valueRequired":true,"valueName":"search_term_string"}}],"inLanguage":"hu"},{"@type":"Organization","@id":"https:\/\/dorogimedence.hu\/#organization","name":"Dorogi-medence Region\u00e1lis H\u00edrport\u00e1l","url":"https:\/\/dorogimedence.hu\/","logo":{"@type":"ImageObject","inLanguage":"hu","@id":"https:\/\/dorogimedence.hu\/#\/schema\/logo\/image\/","url":"https:\/\/dorogimedence.hu\/wp-content\/uploads\/2021\/04\/logo-feher-600.png","contentUrl":"https:\/\/dorogimedence.hu\/wp-content\/uploads\/2021\/04\/logo-feher-600.png","width":600,"height":100,"caption":"Dorogi-medence Region\u00e1lis H\u00edrport\u00e1l"},"image":{"@id":"https:\/\/dorogimedence.hu\/#\/schema\/logo\/image\/"},"sameAs":["https:\/\/www.facebook.com\/dorogimedence\/"]},{"@type":"Person","@id":"https:\/\/dorogimedence.hu\/#\/schema\/person\/ce6091eeb7e95ecdc87890d6aa8e0fd4","name":"dorogimedence.hu","image":{"@type":"ImageObject","inLanguage":"hu","@id":"\/\/www.gravatar.com\/avatar\/d8d45f8901aadff40a4af72c0b826f1d?s=96&#038;r=g&#038;d=mm","url":"\/\/www.gravatar.com\/avatar\/d8d45f8901aadff40a4af72c0b826f1d?s=96&#038;r=g&#038;d=mm","contentUrl":"\/\/www.gravatar.com\/avatar\/d8d45f8901aadff40a4af72c0b826f1d?s=96&#038;r=g&#038;d=mm","caption":"dorogimedence.hu"}}]}},"_links":{"self":[{"href":"https:\/\/dorogimedence.hu\/index.php\/wp-json\/wp\/v2\/posts\/30939","targetHints":{"allow":["GET"]}}],"collection":[{"href":"https:\/\/dorogimedence.hu\/index.php\/wp-json\/wp\/v2\/posts"}],"about":[{"href":"https:\/\/dorogimedence.hu\/index.php\/wp-json\/wp\/v2\/types\/post"}],"author":[{"embeddable":true,"href":"https:\/\/dorogimedence.hu\/index.php\/wp-json\/wp\/v2\/users\/1"}],"replies":[{"embeddable":true,"href":"https:\/\/dorogimedence.hu\/index.php\/wp-json\/wp\/v2\/comments?post=30939"}],"version-history":[{"count":0,"href":"https:\/\/dorogimedence.hu\/index.php\/wp-json\/wp\/v2\/posts\/30939\/revisions"}],"wp:featuredmedia":[{"embeddable":true,"href":"https:\/\/dorogimedence.hu\/index.php\/wp-json\/wp\/v2\/media\/30940"}],"wp:attachment":[{"href":"https:\/\/dorogimedence.hu\/index.php\/wp-json\/wp\/v2\/media?parent=30939"}],"wp:term":[{"taxonomy":"category","embeddable":true,"href":"https:\/\/dorogimedence.hu\/index.php\/wp-json\/wp\/v2\/categories?post=30939"},{"taxonomy":"post_tag","embeddable":true,"href":"https:\/\/dorogimedence.hu\/index.php\/wp-json\/wp\/v2\/tags?post=30939"}],"curies":[{"name":"wp","href":"https:\/\/api.w.org\/{rel}","templated":true}]}}