{"id":30893,"date":"2021-03-06T10:49:06","date_gmt":"2021-03-06T09:49:06","guid":{"rendered":"http:\/\/dorogimedence.hu\/?p=30893"},"modified":"2021-03-06T10:51:48","modified_gmt":"2021-03-06T09:51:48","slug":"visszateritik-a-dolgozo-es-tanuloberletek-arat","status":"publish","type":"post","link":"https:\/\/dorogimedence.hu\/index.php\/2021\/03\/06\/visszateritik-a-dolgozo-es-tanuloberletek-arat\/","title":{"rendered":"Visszat\u00e9r\u00edtik a dolgoz\u00f3- \u00e9s tanul\u00f3b\u00e9rletek \u00e1r\u00e1t"},"content":{"rendered":"<p><strong>Az Innov\u00e1ci\u00f3s \u00e9s Technol\u00f3gia Miniszt\u00e9rium elrendelte, hogy a M\u00c1V-START, a M\u00c1V-H\u00c9V \u00e9s a Vol\u00e1nbusz a m\u00e1rciusban \u00e9rv\u00e9nyes dolgoz\u00f3- \u00e9s tanul\u00f3b\u00e9rletek visszav\u00e1lt\u00e1sakor tekintsen el a kezel\u00e9si k\u00f6lts\u00e9g felsz\u00e1m\u00edt\u00e1s\u00e1t\u00f3l, amennyiben az ig\u00e9nyt m\u00e1rcius 10-ig beny\u00fajtj\u00e1k.<\/strong><\/p>\n<p>A folyamatos \u00e9s biztons\u00e1gos szem\u00e9lysz\u00e1ll\u00edt\u00e1s \u00e9rdek\u00e9ben a M\u00c1V-Vol\u00e1n-csoport tov\u00e1bbra is fenntartja az \u00e9rv\u00e9nyben l\u00e9v\u0151 menetrendet, \u00edgy minden j\u00e1rat tov\u00e1bbra is a megszokott s\u0171r\u0171s\u00e9ggel k\u00f6zlekedik.<\/p>\n<p>Az int\u00e9zked\u00e9s alapj\u00e1n a M\u00c1V-START, a M\u00c1V-H\u00c9V \u00e9s a Vol\u00e1nbusz visszat\u00e9r\u00edti a helyk\u00f6zi j\u00e1ratokra sz\u00f3l\u00f3, m\u00e1rcius havi vagy els\u0151 f\u00e9lhavi, vagy m\u00e1rcius 1-je \u00e9s m\u00e1rcius 8-a k\u00f6z\u00f6tti \u00e9rv\u00e9nyess\u00e9ggel kezd\u0151d\u0151, illetve a 2021. m\u00e1rcius 8-\u00e1t megel\u0151z\u0151en v\u00e1s\u00e1rolt, \u00e9s 2021. m\u00e1rcius 8-a ut\u00e1ni \u00e9rv\u00e9nyess\u00e9ggel kezd\u0151d\u0151 30 napos dolgoz\u00f3- \u00e9s tanul\u00f3b\u00e9rleteket.&nbsp; Amennyiben az utasok ezt 2021. m\u00e1rcius 10-ig kezdem\u00e9nyezik, a v\u00e9tel\u00e1rat teljes eg\u00e9sz\u00e9ben, kezel\u00e9si k\u00f6lts\u00e9g felsz\u00e1m\u00edt\u00e1sa n\u00e9lk\u00fcl visszakapj\u00e1k. A 2021. m\u00e1rcius 1. el\u0151tt kezd\u0151d\u0151 \u00e9rv\u00e9nyess\u00e9g\u0171 \u00e9s a beny\u00fajt\u00e1s idej\u00e9ben m\u00e9g legal\u00e1bb 15 napig \u00e9rv\u00e9nyes 30 napos b\u00e9rlet \u00e1r\u00e1nak 50 sz\u00e1zal\u00e9k\u00e1t t\u00e9r\u00edtik vissza kezel\u00e9si k\u00f6lts\u00e9gmentesen.<\/p>\n<p>Azon telep\u00fcl\u00e9seken \u2013 Szeged kiv\u00e9tel\u00e9vel \u2013 ahol a Vol\u00e1nbusz a helyi k\u00f6z\u00f6ss\u00e9gi k\u00f6zleked\u00e9si szolg\u00e1ltat\u00f3, szint\u00e9n a fenti visszav\u00e1lt\u00e1si felt\u00e9telek \u00e9rv\u00e9nyesek.<\/p>\n<p><strong>M\u00c1V-START<\/strong>: A jegyp\u00e9nzt\u00e1rakban vagy automat\u00e1kban v\u00e1s\u00e1rolt b\u00e9rletek eset\u00e9ben az utasok a p\u00e9nzt\u00e1rakn\u00e1l vagy \u00fcgyf\u00e9lszolg\u00e1latokon szem\u00e9lyesen vagy lev\u00e9lben (M\u00c1V-START Zrt. \u00dcgyf\u00e9lszolg\u00e1lat 1426 Budapest, Pf.: 56.) ny\u00fajthatj\u00e1k be a visszat\u00e9r\u00edt\u00e9si k\u00e9relm\u00fcket. A b\u00e9rlet \u00e9rt\u00e9k\u00e9t minden esetben a megadott sz\u00e1mlasz\u00e1mra utalja vissza a vas\u00fatt\u00e1rsas\u00e1g.<\/p>\n<p>A M\u00c1V applik\u00e1ci\u00f3n megv\u00e1ltott b\u00e9rletek eset\u00e9ben az utasok elektronikus \u00faton \u2013 az utas nev\u00e9t \u00e9s a b\u00e9rletsz\u00e1mot az <span style=\"text-decoration: underline; color: #0000ff;\"><a class=\"spamspan\" style=\"color: #0000ff; text-decoration: underline;\" tabindex=\"0\" href=\"mailto:eszrevetel@mav-start.hu\">eszrevetel@mav-start.hu<\/a><\/span> c\u00edmre megk\u00fcldve \u2013 ny\u00fajthatj\u00e1k be a visszat\u00e9r\u00edt\u00e9si k\u00e9relm\u00fcket, ez esetben a visszat\u00e9r\u00edt\u00e9s a v\u00e1s\u00e1rl\u00e1skor haszn\u00e1lt k\u00e1rty\u00e1hoz kapcsol\u00f3d\u00f3 banksz\u00e1ml\u00e1ra t\u00f6rt\u00e9nik.<\/p>\n<p><strong>M\u00c1V-H\u00c9V: <\/strong>A M\u00c1V applik\u00e1ci\u00f3n kereszt\u00fcl megv\u00e1ltott b\u00e9rletek eset\u00e9ben az utasok elektronikus \u00faton \u2013 az utas nev\u00e9t \u00e9s a b\u00e9rletsz\u00e1mot az <span style=\"text-decoration: underline; color: #0000ff;\"><a class=\"spamspan\" style=\"color: #0000ff; text-decoration: underline;\" tabindex=\"0\" href=\"mailto:eszrevetel@mav-start.hu\">eszrevetel@mav-start.hu<\/a><\/span> c\u00edmre megk\u00fcldve \u2013 ny\u00fajthatj\u00e1k be a visszat\u00e9r\u00edt\u00e9si k\u00e9relm\u00fcket, ez esetben a visszat\u00e9r\u00edt\u00e9s a v\u00e1s\u00e1rl\u00e1skor haszn\u00e1lt k\u00e1rty\u00e1hoz kapcsol\u00f3d\u00f3 banksz\u00e1ml\u00e1ra t\u00f6rt\u00e9nik.<\/p>\n<p>Minden egy\u00e9b form\u00e1ban megv\u00e1s\u00e1rolt b\u00e9rlet visszat\u00e9r\u00edt\u00e9s\u00e9t a <a class=\"spamspan\" tabindex=\"0\" href=\"mailto:bkk@bkk.hu\"><span style=\"text-decoration: underline; color: #0000ff;\">bkk<span class=\"atwho-query\">@<\/span>bkk.hu<\/span><\/a> c\u00edmen kereszt\u00fcl tudj\u00e1k int\u00e9zni.<\/p>\n<p><strong>Vol\u00e1nbusz:<\/strong> A b\u00e9rletjegyek visszav\u00e1lt\u00e1s\u00e1ra &nbsp;\u2013 a v\u00e1s\u00e1rl\u00e1s m\u00f3dj\u00e1t\u00f3l f\u00fcggetlen\u00fcl \u2013 <span style=\"text-decoration: underline; color: #0000ff;\"><a style=\"color: #0000ff; text-decoration: underline;\" tabindex=\"0\" href=\"https:\/\/www.volanbusz.hu\/hu\/kapcsolat\/allomasok-es-penztarak\">p\u00e9nzt\u00e1rakban<\/a><\/span>, vagy lev\u00e9l \u00fatj\u00e1n int\u00e9zett k\u00e9relemben van lehet\u0151s\u00e9g.&nbsp; P\u00e9nzt\u00e1ri visszav\u00e1lt\u00e1s eset\u00e9n a b\u00e9rlet tulajdonos\u00e1nak be kell mutatnia a szem\u00e9lyi igazolv\u00e1ny\u00e1t vagy a di\u00e1kigazolv\u00e1ny\u00e1t.<\/p>\n<p>A p\u00e9nzt\u00e1rakban lehet beny\u00fajtani az online megv\u00e1ltott \u00e9s kinyomtatott b\u00e9rletekre vonatkoz\u00f3 visszav\u00e1lt\u00e1si ig\u00e9nyeket is. Az online megv\u00e1ltott, de ki nem nyomtatott b\u00e9rletek visszav\u00e1lt\u00e1s\u00e1t a <span style=\"text-decoration: underline; color: #0000ff;\"><a style=\"color: #0000ff; text-decoration: underline;\" tabindex=\"0\" href=\"https:\/\/www.volanbusz.hu\/hu\/jegy-es-berlet\/online-jegyvasarlas\/visszavaltas\">https:\/\/www.volanbusz.hu\/hu\/jegy-es-berlet\/online-jegyvasarlas\/visszavaltas<\/a><\/span> linken lehet kezdem\u00e9nyezni a \u2019V\u00e1s\u00e1rolt B\u00e9rletek Jegyz\u00e9ke\u2019 megk\u00fcld\u00e9s\u00e9vel.<\/p>\n<p>A visszav\u00e1lt\u00e1s az online megv\u00e1ltott b\u00e9rlet eset\u00e9ben a banki tranzakci\u00f3 visszaford\u00edt\u00e1s\u00e1val t\u00f6rt\u00e9nik, \u00edgy mindenk\u00e9ppen annak a banksz\u00e1ml\u00e1nak a tulajdonosa kapja vissza az \u00f6sszeget, aki megv\u00e1ltotta a b\u00e9rletet. A mobilon v\u00e1s\u00e1rolt b\u00e9rletet az \u00e9rv\u00e9nyess\u00e9g kezdete el\u0151tt az alkalmaz\u00e1sban lehet visszav\u00e1ltani. \u00c9rv\u00e9nyess\u00e9gi id\u0151n bel\u00fcl az <span style=\"text-decoration: underline; color: #0000ff;\"><a class=\"spamspan\" style=\"color: #0000ff; text-decoration: underline;\" tabindex=\"0\" href=\"mailto:internetes@volanbusz.hu\">internetes@volanbusz.hu<\/a><\/span> el\u00e9rhet\u0151s\u00e9gre k\u00e9rj\u00fck jelezni a visszav\u00e1lt\u00e1si ig\u00e9nyt.<\/p>\n<p>A M\u00c1V-Vol\u00e1n-csoport tov\u00e1bbra is arra k\u00e9ri utasait, hogy sorban \u00e1ll\u00e1s \u00e9s szem\u00e9lyes \u00e9rintkez\u00e9sek cs\u00f6kkent\u00e9se \u00e9rdek\u00e9ben jegy- \u00e9s b\u00e9rletv\u00e1s\u00e1rl\u00e1skor r\u00e9szes\u00edts\u00e9k el\u0151nyben az elektronikus v\u00e1s\u00e1rl\u00e1si lehet\u0151s\u00e9geket, tarts\u00e1k be a k\u00f6zeg\u00e9szs\u00e9g\u00fcgyi el\u0151\u00edr\u00e1sokat, l\u00e1zzal vagy megh\u0171l\u00e9ses t\u00fcnetekkel j\u00e1r\u00f3 betegs\u00e9g eset\u00e9n ne vegy\u00e9k ig\u00e9nybe a k\u00f6z\u00f6ss\u00e9gi k\u00f6zleked\u00e9si eszk\u00f6z\u00f6ket. Ne feledj\u00e9k, hogy a k\u00f6zleked\u00e9si j\u00e1rm\u0171veken, a M\u00c1V \u00e9s a M\u00c1V-H\u00c9V \u00e1llom\u00e1sain \u00e9s meg\u00e1ll\u00f3helyein, valamint a Vol\u00e1nbusz \u00e1llom\u00e1sain \u00e9s meg\u00e1ll\u00f3iban is k\u00f6telez\u0151 az orr \u00e9s a sz\u00e1j maszkkal t\u00f6rt\u00e9n\u0151 eltakar\u00e1sa. A v\u00e1llalatcsoport a forgalomban l\u00e9v\u0151 j\u00e1rm\u0171veit tov\u00e1bbra is napi szinten fert\u0151tlen\u00edti.<\/p>\n<p><em>M\u00c1V Zrt. Kommunik\u00e1ci\u00f3s Igazgat\u00f3s\u00e1g<\/em><\/p>\n","protected":false},"excerpt":{"rendered":"<p>Az Innov\u00e1ci\u00f3s \u00e9s Technol\u00f3gia Miniszt\u00e9rium elrendelte, hogy a M\u00c1V-START, a M\u00c1V-H\u00c9V \u00e9s a Vol\u00e1nbusz a m\u00e1rciusban \u00e9rv\u00e9nyes dolgoz\u00f3- \u00e9s tanul\u00f3b\u00e9rletek visszav\u00e1lt\u00e1sakor tekintsen el a kezel\u00e9si k\u00f6lts\u00e9g felsz\u00e1m\u00edt\u00e1s\u00e1t\u00f3l, amennyiben az ig\u00e9nyt m\u00e1rcius 10-ig beny\u00fajtj\u00e1k. A folyamatos \u00e9s biztons\u00e1gos szem\u00e9lysz\u00e1ll\u00edt\u00e1s \u00e9rdek\u00e9ben a M\u00c1V-Vol\u00e1n-csoport tov\u00e1bbra is fenntartja az \u00e9rv\u00e9nyben l\u00e9v\u0151 menetrendet, \u00edgy minden j\u00e1rat tov\u00e1bbra is a megszokott<\/p>\n","protected":false},"author":1,"featured_media":27099,"comment_status":"closed","ping_status":"closed","sticky":false,"template":"","format":"standard","meta":{"ngg_post_thumbnail":0,"footnotes":""},"categories":[3],"tags":[458,3300,5106,381,5481],"class_list":{"0":"post-30893","1":"post","2":"type-post","3":"status-publish","4":"format-standard","5":"has-post-thumbnail","7":"category-hirek","8":"tag-autobusz","9":"tag-berlet","10":"tag-mav-zrt","11":"tag-vasut","12":"tag-volanbusz-zrt"},"yoast_head":"<!-- This site is optimized with the Yoast SEO plugin v27.4 - https:\/\/yoast.com\/product\/yoast-seo-wordpress\/ -->\n<title>Visszat\u00e9r\u00edtik a dolgoz\u00f3- \u00e9s tanul\u00f3b\u00e9rletek \u00e1r\u00e1t<\/title>\n<meta name=\"robots\" content=\"index, follow, max-snippet:-1, max-image-preview:large, max-video-preview:-1\" \/>\n<link rel=\"canonical\" href=\"https:\/\/dorogimedence.hu\/index.php\/2021\/03\/06\/visszateritik-a-dolgozo-es-tanuloberletek-arat\/\" class=\"yoast-seo-meta-tag\" \/>\n<meta property=\"og:locale\" content=\"hu_HU\" class=\"yoast-seo-meta-tag\" \/>\n<meta property=\"og:type\" content=\"article\" class=\"yoast-seo-meta-tag\" \/>\n<meta property=\"og:title\" content=\"Visszat\u00e9r\u00edtik a dolgoz\u00f3- \u00e9s tanul\u00f3b\u00e9rletek \u00e1r\u00e1t\" class=\"yoast-seo-meta-tag\" \/>\n<meta property=\"og:description\" content=\"Az Innov\u00e1ci\u00f3s \u00e9s Technol\u00f3gia Miniszt\u00e9rium elrendelte, hogy a M\u00c1V-START, a M\u00c1V-H\u00c9V \u00e9s a Vol\u00e1nbusz a m\u00e1rciusban \u00e9rv\u00e9nyes dolgoz\u00f3- \u00e9s tanul\u00f3b\u00e9rletek visszav\u00e1lt\u00e1sakor tekintsen el a kezel\u00e9si k\u00f6lts\u00e9g felsz\u00e1m\u00edt\u00e1s\u00e1t\u00f3l, amennyiben az ig\u00e9nyt m\u00e1rcius 10-ig beny\u00fajtj\u00e1k. A folyamatos \u00e9s biztons\u00e1gos szem\u00e9lysz\u00e1ll\u00edt\u00e1s \u00e9rdek\u00e9ben a M\u00c1V-Vol\u00e1n-csoport tov\u00e1bbra is fenntartja az \u00e9rv\u00e9nyben l\u00e9v\u0151 menetrendet, \u00edgy minden j\u00e1rat tov\u00e1bbra is a megszokott\" class=\"yoast-seo-meta-tag\" \/>\n<meta property=\"og:url\" content=\"https:\/\/dorogimedence.hu\/index.php\/2021\/03\/06\/visszateritik-a-dolgozo-es-tanuloberletek-arat\/\" class=\"yoast-seo-meta-tag\" \/>\n<meta property=\"og:site_name\" content=\"Dorogi-medence Region\u00e1lis H\u00edrport\u00e1l\" class=\"yoast-seo-meta-tag\" \/>\n<meta property=\"article:publisher\" content=\"https:\/\/www.facebook.com\/dorogimedence\/\" class=\"yoast-seo-meta-tag\" \/>\n<meta property=\"article:published_time\" content=\"2021-03-06T09:49:06+00:00\" class=\"yoast-seo-meta-tag\" \/>\n<meta property=\"article:modified_time\" content=\"2021-03-06T09:51:48+00:00\" class=\"yoast-seo-meta-tag\" \/>\n<meta property=\"og:image\" content=\"https:\/\/i0.wp.com\/dorogimedence.hu\/wp-content\/uploads\/2020\/09\/mav-02.jpg?fit=830%2C450&ssl=1\" class=\"yoast-seo-meta-tag\" \/>\n\t<meta property=\"og:image:width\" content=\"830\" class=\"yoast-seo-meta-tag\" \/>\n\t<meta property=\"og:image:height\" content=\"450\" class=\"yoast-seo-meta-tag\" \/>\n\t<meta property=\"og:image:type\" content=\"image\/jpeg\" class=\"yoast-seo-meta-tag\" \/>\n<meta name=\"author\" content=\"dorogimedence.hu\" class=\"yoast-seo-meta-tag\" \/>\n<meta name=\"twitter:card\" content=\"summary_large_image\" class=\"yoast-seo-meta-tag\" \/>\n<meta name=\"twitter:label1\" content=\"Szerz\u0151:\" class=\"yoast-seo-meta-tag\" \/>\n\t<meta name=\"twitter:data1\" content=\"dorogimedence.hu\" class=\"yoast-seo-meta-tag\" \/>\n\t<meta name=\"twitter:label2\" content=\"Becs\u00fclt olvas\u00e1si id\u0151\" class=\"yoast-seo-meta-tag\" \/>\n\t<meta name=\"twitter:data2\" content=\"5 perc\" class=\"yoast-seo-meta-tag\" \/>\n<script type=\"application\/ld+json\" class=\"yoast-schema-graph\">{\"@context\":\"https:\\\/\\\/schema.org\",\"@graph\":[{\"@type\":\"Article\",\"@id\":\"https:\\\/\\\/dorogimedence.hu\\\/index.php\\\/2021\\\/03\\\/06\\\/visszateritik-a-dolgozo-es-tanuloberletek-arat\\\/#article\",\"isPartOf\":{\"@id\":\"https:\\\/\\\/dorogimedence.hu\\\/index.php\\\/2021\\\/03\\\/06\\\/visszateritik-a-dolgozo-es-tanuloberletek-arat\\\/\"},\"author\":{\"name\":\"dorogimedence.hu\",\"@id\":\"https:\\\/\\\/dorogimedence.hu\\\/#\\\/schema\\\/person\\\/ce6091eeb7e95ecdc87890d6aa8e0fd4\"},\"headline\":\"Visszat\u00e9r\u00edtik a dolgoz\u00f3- \u00e9s tanul\u00f3b\u00e9rletek \u00e1r\u00e1t\",\"datePublished\":\"2021-03-06T09:49:06+00:00\",\"dateModified\":\"2021-03-06T09:51:48+00:00\",\"mainEntityOfPage\":{\"@id\":\"https:\\\/\\\/dorogimedence.hu\\\/index.php\\\/2021\\\/03\\\/06\\\/visszateritik-a-dolgozo-es-tanuloberletek-arat\\\/\"},\"wordCount\":926,\"publisher\":{\"@id\":\"https:\\\/\\\/dorogimedence.hu\\\/#organization\"},\"image\":{\"@id\":\"https:\\\/\\\/dorogimedence.hu\\\/index.php\\\/2021\\\/03\\\/06\\\/visszateritik-a-dolgozo-es-tanuloberletek-arat\\\/#primaryimage\"},\"thumbnailUrl\":\"https:\\\/\\\/dorogimedence.hu\\\/wp-content\\\/uploads\\\/2020\\\/09\\\/mav-02.jpg\",\"keywords\":[\"aut\u00f3busz\",\"b\u00e9rlet\",\"M\u00c1V Zrt.\",\"vas\u00fat\",\"Vol\u00e1nbusz Zrt.\"],\"articleSection\":[\"H\u00edrek\"],\"inLanguage\":\"hu\"},{\"@type\":\"WebPage\",\"@id\":\"https:\\\/\\\/dorogimedence.hu\\\/index.php\\\/2021\\\/03\\\/06\\\/visszateritik-a-dolgozo-es-tanuloberletek-arat\\\/\",\"url\":\"https:\\\/\\\/dorogimedence.hu\\\/index.php\\\/2021\\\/03\\\/06\\\/visszateritik-a-dolgozo-es-tanuloberletek-arat\\\/\",\"name\":\"Visszat\u00e9r\u00edtik a dolgoz\u00f3- \u00e9s tanul\u00f3b\u00e9rletek \u00e1r\u00e1t\",\"isPartOf\":{\"@id\":\"https:\\\/\\\/dorogimedence.hu\\\/#website\"},\"primaryImageOfPage\":{\"@id\":\"https:\\\/\\\/dorogimedence.hu\\\/index.php\\\/2021\\\/03\\\/06\\\/visszateritik-a-dolgozo-es-tanuloberletek-arat\\\/#primaryimage\"},\"image\":{\"@id\":\"https:\\\/\\\/dorogimedence.hu\\\/index.php\\\/2021\\\/03\\\/06\\\/visszateritik-a-dolgozo-es-tanuloberletek-arat\\\/#primaryimage\"},\"thumbnailUrl\":\"https:\\\/\\\/dorogimedence.hu\\\/wp-content\\\/uploads\\\/2020\\\/09\\\/mav-02.jpg\",\"datePublished\":\"2021-03-06T09:49:06+00:00\",\"dateModified\":\"2021-03-06T09:51:48+00:00\",\"breadcrumb\":{\"@id\":\"https:\\\/\\\/dorogimedence.hu\\\/index.php\\\/2021\\\/03\\\/06\\\/visszateritik-a-dolgozo-es-tanuloberletek-arat\\\/#breadcrumb\"},\"inLanguage\":\"hu\",\"potentialAction\":[{\"@type\":\"ReadAction\",\"target\":[\"https:\\\/\\\/dorogimedence.hu\\\/index.php\\\/2021\\\/03\\\/06\\\/visszateritik-a-dolgozo-es-tanuloberletek-arat\\\/\"]}]},{\"@type\":\"ImageObject\",\"inLanguage\":\"hu\",\"@id\":\"https:\\\/\\\/dorogimedence.hu\\\/index.php\\\/2021\\\/03\\\/06\\\/visszateritik-a-dolgozo-es-tanuloberletek-arat\\\/#primaryimage\",\"url\":\"https:\\\/\\\/dorogimedence.hu\\\/wp-content\\\/uploads\\\/2020\\\/09\\\/mav-02.jpg\",\"contentUrl\":\"https:\\\/\\\/dorogimedence.hu\\\/wp-content\\\/uploads\\\/2020\\\/09\\\/mav-02.jpg\",\"width\":830,\"height\":450},{\"@type\":\"BreadcrumbList\",\"@id\":\"https:\\\/\\\/dorogimedence.hu\\\/index.php\\\/2021\\\/03\\\/06\\\/visszateritik-a-dolgozo-es-tanuloberletek-arat\\\/#breadcrumb\",\"itemListElement\":[{\"@type\":\"ListItem\",\"position\":1,\"name\":\"Kezd\u0151lap\",\"item\":\"https:\\\/\\\/dorogimedence.hu\\\/\"},{\"@type\":\"ListItem\",\"position\":2,\"name\":\"Visszat\u00e9r\u00edtik a dolgoz\u00f3- \u00e9s tanul\u00f3b\u00e9rletek \u00e1r\u00e1t\"}]},{\"@type\":\"WebSite\",\"@id\":\"https:\\\/\\\/dorogimedence.hu\\\/#website\",\"url\":\"https:\\\/\\\/dorogimedence.hu\\\/\",\"name\":\"Dorogi-medence Region\u00e1lis H\u00edrport\u00e1l\",\"description\":\"Dorog, Keszt\u00f6lc, Le\u00e1nyv\u00e1r, Piliscs\u00e9v, Tokod, Tokodalt\u00e1r\u00f3, Csolnok, Esztergom-kertv\u00e1ros: h\u00edrek, programok\",\"publisher\":{\"@id\":\"https:\\\/\\\/dorogimedence.hu\\\/#organization\"},\"potentialAction\":[{\"@type\":\"SearchAction\",\"target\":{\"@type\":\"EntryPoint\",\"urlTemplate\":\"https:\\\/\\\/dorogimedence.hu\\\/?s={search_term_string}\"},\"query-input\":{\"@type\":\"PropertyValueSpecification\",\"valueRequired\":true,\"valueName\":\"search_term_string\"}}],\"inLanguage\":\"hu\"},{\"@type\":\"Organization\",\"@id\":\"https:\\\/\\\/dorogimedence.hu\\\/#organization\",\"name\":\"Dorogi-medence Region\u00e1lis H\u00edrport\u00e1l\",\"url\":\"https:\\\/\\\/dorogimedence.hu\\\/\",\"logo\":{\"@type\":\"ImageObject\",\"inLanguage\":\"hu\",\"@id\":\"https:\\\/\\\/dorogimedence.hu\\\/#\\\/schema\\\/logo\\\/image\\\/\",\"url\":\"https:\\\/\\\/dorogimedence.hu\\\/wp-content\\\/uploads\\\/2021\\\/04\\\/logo-feher-600.png\",\"contentUrl\":\"https:\\\/\\\/dorogimedence.hu\\\/wp-content\\\/uploads\\\/2021\\\/04\\\/logo-feher-600.png\",\"width\":600,\"height\":100,\"caption\":\"Dorogi-medence Region\u00e1lis H\u00edrport\u00e1l\"},\"image\":{\"@id\":\"https:\\\/\\\/dorogimedence.hu\\\/#\\\/schema\\\/logo\\\/image\\\/\"},\"sameAs\":[\"https:\\\/\\\/www.facebook.com\\\/dorogimedence\\\/\"]},{\"@type\":\"Person\",\"@id\":\"https:\\\/\\\/dorogimedence.hu\\\/#\\\/schema\\\/person\\\/ce6091eeb7e95ecdc87890d6aa8e0fd4\",\"name\":\"dorogimedence.hu\",\"image\":{\"@type\":\"ImageObject\",\"inLanguage\":\"hu\",\"@id\":\"\\\/\\\/www.gravatar.com\\\/avatar\\\/d8d45f8901aadff40a4af72c0b826f1d?s=96&#038;r=g&#038;d=mm\",\"url\":\"\\\/\\\/www.gravatar.com\\\/avatar\\\/d8d45f8901aadff40a4af72c0b826f1d?s=96&#038;r=g&#038;d=mm\",\"contentUrl\":\"\\\/\\\/www.gravatar.com\\\/avatar\\\/d8d45f8901aadff40a4af72c0b826f1d?s=96&#038;r=g&#038;d=mm\",\"caption\":\"dorogimedence.hu\"}}]}<\/script>\n<!-- \/ Yoast SEO plugin. -->","yoast_head_json":{"title":"Visszat\u00e9r\u00edtik a dolgoz\u00f3- \u00e9s tanul\u00f3b\u00e9rletek \u00e1r\u00e1t","robots":{"index":"index","follow":"follow","max-snippet":"max-snippet:-1","max-image-preview":"max-image-preview:large","max-video-preview":"max-video-preview:-1"},"canonical":"https:\/\/dorogimedence.hu\/index.php\/2021\/03\/06\/visszateritik-a-dolgozo-es-tanuloberletek-arat\/","og_locale":"hu_HU","og_type":"article","og_title":"Visszat\u00e9r\u00edtik a dolgoz\u00f3- \u00e9s tanul\u00f3b\u00e9rletek \u00e1r\u00e1t","og_description":"Az Innov\u00e1ci\u00f3s \u00e9s Technol\u00f3gia Miniszt\u00e9rium elrendelte, hogy a M\u00c1V-START, a M\u00c1V-H\u00c9V \u00e9s a Vol\u00e1nbusz a m\u00e1rciusban \u00e9rv\u00e9nyes dolgoz\u00f3- \u00e9s tanul\u00f3b\u00e9rletek visszav\u00e1lt\u00e1sakor tekintsen el a kezel\u00e9si k\u00f6lts\u00e9g felsz\u00e1m\u00edt\u00e1s\u00e1t\u00f3l, amennyiben az ig\u00e9nyt m\u00e1rcius 10-ig beny\u00fajtj\u00e1k. A folyamatos \u00e9s biztons\u00e1gos szem\u00e9lysz\u00e1ll\u00edt\u00e1s \u00e9rdek\u00e9ben a M\u00c1V-Vol\u00e1n-csoport tov\u00e1bbra is fenntartja az \u00e9rv\u00e9nyben l\u00e9v\u0151 menetrendet, \u00edgy minden j\u00e1rat tov\u00e1bbra is a megszokott","og_url":"https:\/\/dorogimedence.hu\/index.php\/2021\/03\/06\/visszateritik-a-dolgozo-es-tanuloberletek-arat\/","og_site_name":"Dorogi-medence Region\u00e1lis H\u00edrport\u00e1l","article_publisher":"https:\/\/www.facebook.com\/dorogimedence\/","article_published_time":"2021-03-06T09:49:06+00:00","article_modified_time":"2021-03-06T09:51:48+00:00","og_image":[{"width":830,"height":450,"url":"https:\/\/i0.wp.com\/dorogimedence.hu\/wp-content\/uploads\/2020\/09\/mav-02.jpg?fit=830%2C450&ssl=1","type":"image\/jpeg"}],"author":"dorogimedence.hu","twitter_card":"summary_large_image","twitter_misc":{"Szerz\u0151:":"dorogimedence.hu","Becs\u00fclt olvas\u00e1si id\u0151":"5 perc"},"schema":{"@context":"https:\/\/schema.org","@graph":[{"@type":"Article","@id":"https:\/\/dorogimedence.hu\/index.php\/2021\/03\/06\/visszateritik-a-dolgozo-es-tanuloberletek-arat\/#article","isPartOf":{"@id":"https:\/\/dorogimedence.hu\/index.php\/2021\/03\/06\/visszateritik-a-dolgozo-es-tanuloberletek-arat\/"},"author":{"name":"dorogimedence.hu","@id":"https:\/\/dorogimedence.hu\/#\/schema\/person\/ce6091eeb7e95ecdc87890d6aa8e0fd4"},"headline":"Visszat\u00e9r\u00edtik a dolgoz\u00f3- \u00e9s tanul\u00f3b\u00e9rletek \u00e1r\u00e1t","datePublished":"2021-03-06T09:49:06+00:00","dateModified":"2021-03-06T09:51:48+00:00","mainEntityOfPage":{"@id":"https:\/\/dorogimedence.hu\/index.php\/2021\/03\/06\/visszateritik-a-dolgozo-es-tanuloberletek-arat\/"},"wordCount":926,"publisher":{"@id":"https:\/\/dorogimedence.hu\/#organization"},"image":{"@id":"https:\/\/dorogimedence.hu\/index.php\/2021\/03\/06\/visszateritik-a-dolgozo-es-tanuloberletek-arat\/#primaryimage"},"thumbnailUrl":"https:\/\/dorogimedence.hu\/wp-content\/uploads\/2020\/09\/mav-02.jpg","keywords":["aut\u00f3busz","b\u00e9rlet","M\u00c1V Zrt.","vas\u00fat","Vol\u00e1nbusz Zrt."],"articleSection":["H\u00edrek"],"inLanguage":"hu"},{"@type":"WebPage","@id":"https:\/\/dorogimedence.hu\/index.php\/2021\/03\/06\/visszateritik-a-dolgozo-es-tanuloberletek-arat\/","url":"https:\/\/dorogimedence.hu\/index.php\/2021\/03\/06\/visszateritik-a-dolgozo-es-tanuloberletek-arat\/","name":"Visszat\u00e9r\u00edtik a dolgoz\u00f3- \u00e9s tanul\u00f3b\u00e9rletek \u00e1r\u00e1t","isPartOf":{"@id":"https:\/\/dorogimedence.hu\/#website"},"primaryImageOfPage":{"@id":"https:\/\/dorogimedence.hu\/index.php\/2021\/03\/06\/visszateritik-a-dolgozo-es-tanuloberletek-arat\/#primaryimage"},"image":{"@id":"https:\/\/dorogimedence.hu\/index.php\/2021\/03\/06\/visszateritik-a-dolgozo-es-tanuloberletek-arat\/#primaryimage"},"thumbnailUrl":"https:\/\/dorogimedence.hu\/wp-content\/uploads\/2020\/09\/mav-02.jpg","datePublished":"2021-03-06T09:49:06+00:00","dateModified":"2021-03-06T09:51:48+00:00","breadcrumb":{"@id":"https:\/\/dorogimedence.hu\/index.php\/2021\/03\/06\/visszateritik-a-dolgozo-es-tanuloberletek-arat\/#breadcrumb"},"inLanguage":"hu","potentialAction":[{"@type":"ReadAction","target":["https:\/\/dorogimedence.hu\/index.php\/2021\/03\/06\/visszateritik-a-dolgozo-es-tanuloberletek-arat\/"]}]},{"@type":"ImageObject","inLanguage":"hu","@id":"https:\/\/dorogimedence.hu\/index.php\/2021\/03\/06\/visszateritik-a-dolgozo-es-tanuloberletek-arat\/#primaryimage","url":"https:\/\/dorogimedence.hu\/wp-content\/uploads\/2020\/09\/mav-02.jpg","contentUrl":"https:\/\/dorogimedence.hu\/wp-content\/uploads\/2020\/09\/mav-02.jpg","width":830,"height":450},{"@type":"BreadcrumbList","@id":"https:\/\/dorogimedence.hu\/index.php\/2021\/03\/06\/visszateritik-a-dolgozo-es-tanuloberletek-arat\/#breadcrumb","itemListElement":[{"@type":"ListItem","position":1,"name":"Kezd\u0151lap","item":"https:\/\/dorogimedence.hu\/"},{"@type":"ListItem","position":2,"name":"Visszat\u00e9r\u00edtik a dolgoz\u00f3- \u00e9s tanul\u00f3b\u00e9rletek \u00e1r\u00e1t"}]},{"@type":"WebSite","@id":"https:\/\/dorogimedence.hu\/#website","url":"https:\/\/dorogimedence.hu\/","name":"Dorogi-medence Region\u00e1lis H\u00edrport\u00e1l","description":"Dorog, Keszt\u00f6lc, Le\u00e1nyv\u00e1r, Piliscs\u00e9v, Tokod, Tokodalt\u00e1r\u00f3, Csolnok, Esztergom-kertv\u00e1ros: h\u00edrek, programok","publisher":{"@id":"https:\/\/dorogimedence.hu\/#organization"},"potentialAction":[{"@type":"SearchAction","target":{"@type":"EntryPoint","urlTemplate":"https:\/\/dorogimedence.hu\/?s={search_term_string}"},"query-input":{"@type":"PropertyValueSpecification","valueRequired":true,"valueName":"search_term_string"}}],"inLanguage":"hu"},{"@type":"Organization","@id":"https:\/\/dorogimedence.hu\/#organization","name":"Dorogi-medence Region\u00e1lis H\u00edrport\u00e1l","url":"https:\/\/dorogimedence.hu\/","logo":{"@type":"ImageObject","inLanguage":"hu","@id":"https:\/\/dorogimedence.hu\/#\/schema\/logo\/image\/","url":"https:\/\/dorogimedence.hu\/wp-content\/uploads\/2021\/04\/logo-feher-600.png","contentUrl":"https:\/\/dorogimedence.hu\/wp-content\/uploads\/2021\/04\/logo-feher-600.png","width":600,"height":100,"caption":"Dorogi-medence Region\u00e1lis H\u00edrport\u00e1l"},"image":{"@id":"https:\/\/dorogimedence.hu\/#\/schema\/logo\/image\/"},"sameAs":["https:\/\/www.facebook.com\/dorogimedence\/"]},{"@type":"Person","@id":"https:\/\/dorogimedence.hu\/#\/schema\/person\/ce6091eeb7e95ecdc87890d6aa8e0fd4","name":"dorogimedence.hu","image":{"@type":"ImageObject","inLanguage":"hu","@id":"\/\/www.gravatar.com\/avatar\/d8d45f8901aadff40a4af72c0b826f1d?s=96&#038;r=g&#038;d=mm","url":"\/\/www.gravatar.com\/avatar\/d8d45f8901aadff40a4af72c0b826f1d?s=96&#038;r=g&#038;d=mm","contentUrl":"\/\/www.gravatar.com\/avatar\/d8d45f8901aadff40a4af72c0b826f1d?s=96&#038;r=g&#038;d=mm","caption":"dorogimedence.hu"}}]}},"_links":{"self":[{"href":"https:\/\/dorogimedence.hu\/index.php\/wp-json\/wp\/v2\/posts\/30893","targetHints":{"allow":["GET"]}}],"collection":[{"href":"https:\/\/dorogimedence.hu\/index.php\/wp-json\/wp\/v2\/posts"}],"about":[{"href":"https:\/\/dorogimedence.hu\/index.php\/wp-json\/wp\/v2\/types\/post"}],"author":[{"embeddable":true,"href":"https:\/\/dorogimedence.hu\/index.php\/wp-json\/wp\/v2\/users\/1"}],"replies":[{"embeddable":true,"href":"https:\/\/dorogimedence.hu\/index.php\/wp-json\/wp\/v2\/comments?post=30893"}],"version-history":[{"count":0,"href":"https:\/\/dorogimedence.hu\/index.php\/wp-json\/wp\/v2\/posts\/30893\/revisions"}],"wp:featuredmedia":[{"embeddable":true,"href":"https:\/\/dorogimedence.hu\/index.php\/wp-json\/wp\/v2\/media\/27099"}],"wp:attachment":[{"href":"https:\/\/dorogimedence.hu\/index.php\/wp-json\/wp\/v2\/media?parent=30893"}],"wp:term":[{"taxonomy":"category","embeddable":true,"href":"https:\/\/dorogimedence.hu\/index.php\/wp-json\/wp\/v2\/categories?post=30893"},{"taxonomy":"post_tag","embeddable":true,"href":"https:\/\/dorogimedence.hu\/index.php\/wp-json\/wp\/v2\/tags?post=30893"}],"curies":[{"name":"wp","href":"https:\/\/api.w.org\/{rel}","templated":true}]}}