{"id":30873,"date":"2021-03-06T08:21:29","date_gmt":"2021-03-06T07:21:29","guid":{"rendered":"http:\/\/dorogimedence.hu\/?p=30873"},"modified":"2021-03-06T08:26:11","modified_gmt":"2021-03-06T07:26:11","slug":"ujabb-kiesesi-rangado","status":"publish","type":"post","link":"https:\/\/dorogimedence.hu\/index.php\/2021\/03\/06\/ujabb-kiesesi-rangado\/","title":{"rendered":"\u00dajabb kies\u00e9si rangad\u00f3"},"content":{"rendered":"<p><strong>A h\u00e9tk\u00f6zi fordul\u00f3ban a szint\u00e9n a bennmarad\u00e1s\u00e9rt k\u00fczd\u0151 Cs\u00e1kv\u00e1r ellen hazai p\u00e1ly\u00e1n szerzett pontot csapatunk, amely vas\u00e1rnap \u00fajfent a vesz\u00e9lyz\u00f3n\u00e1ban l\u00e9v\u0151 csapattal fog megm\u00e9rk\u0151zni. Az id\u00e9n v\u00e1ltozatlanul m\u00e9g veretlen dorogiaknak legrosszabb esetben is minimum egy pontot kellene szereznie, egy nagyon neh\u00e9znek \u00edg\u00e9rkez\u0151 tal\u00e1lkoz\u00f3n, amely szentl\u0151rinci sporttelepen, m\u00e1rcius 7-\u00e9n, 14:30-kor veszi kezdet\u00e9t<\/strong><em>&#8211; Szab\u00f3 Gyula cikke.<\/em><\/p>\n<p>K\u00f6zel \u00e1llt a Dorog a l\u00e9tfontoss\u00e1g\u00fa gy\u0151zelemhez szerd\u00e1n a Cs\u00e1kv\u00e1r ellen, viszont a v\u00e9g\u00e9n be kellett \u00e9rnie egyetlen ponttal az 1-1-re v\u00e9gz\u0151d\u00f6tt m\u00e9rk\u0151z\u00e9sen. A mieink t\u00f6bbet t\u00e1madva, mez\u0151nyf\u00f6l\u00e9nyt kiharcolva, helyzeteket kialak\u00edtva, teljesen meg\u00e9rdemelten szereztek vezet\u00e9st a 62. percben. A k\u00e9t m\u00e9rk\u0151z\u00e9sre sz\u00f3l\u00f3 eltilt\u00e1s\u00e1t t\u00f6lt\u0151 M\u00e9sz\u00e1ros \u00c1ront a kezd\u0151 csapatban p\u00e1ly\u00e1ra l\u00e9p\u0151 Tom\u00e1s L\u00e9n\u00e1rt helyettes\u00edtette csapatkapit\u00e1nyk\u00e9nt is, aki nem csak a t\u0151le megszokott stabil, hasznos \u00e9s odaad\u00f3 j\u00e1t\u00e9kot hozta, de ez\u00fattal g\u00f3lszerz\u0151 is volt. Egy hossz\u00fa el\u0151re\u00edvel\u00e9st K\u00e1r\u00e1sz Kriszti\u00e1n szel\u00edd\u00edtett meg a jobb sz\u00e1rnyon, az alapvonal k\u00f6zel\u00e9ben, majd szorongatott helyzetb\u0151l is remek\u00fcl \u00edvelt a kapu el\u00e9, amelyet L\u00e9n\u00e1rt v\u00e9dhetetlen\u00fcl fejelt a vend\u00e9gek h\u00e1l\u00f3j\u00e1ba. A l\u00e9lektanilag is fontos el\u0151nnyel azonban csak b\u0151 10 percig siker\u00fclt \u00e9lni, b\u00e1r ebben egy vitathat\u00f3 j\u00e1t\u00e9kvezet\u0151i d\u00f6nt\u00e9s is meghat\u00e1roz\u00f3nak bizonyult. A dorogi 16-os jobb oldali vonal\u00e1t\u00f3l a vend\u00e9gek pr\u00f3b\u00e1lt\u00e1k k\u00f6z\u00e9pre adni a labd\u00e1t, amely a t\u00e1mad\u00f3 j\u00e1t\u00e9kos k\u00f6zvetlen k\u00f6zel\u00e9ben blokkolni igyekv\u0151 Papp M\u00e1t\u00e9 kez\u00e9t is \u00e9rintette. Ugyan teljesen v\u00e9tlen szitu\u00e1ci\u00f3 t\u00f6rt\u00e9nt, m\u00e9gis a j\u00e1t\u00e9kvezet\u0151 haboz\u00e1s n\u00e9lk\u00fcl 11-est \u00edt\u00e9lt, amelyet \u00e9rt\u00e9kes\u00edtve, egyenl\u00edtett az ellenf\u00e9l. A megszerzett ponttal vet\u00e9lyt\u00e1rsunk maradt 3 ponttal m\u00f6g\u00f6tt\u00fcnk, egyben tov\u00e1bb tart az idei veretlens\u00e9gi sorozat. Ennek ellen\u00e9re bizony\u00e1ra sz\u00edvesen felcser\u00e9lte volna a csapat a gy\u0151ri \u00e9s a csabai pontszerz\u00e9st a Barcika \u00e9s a Cs\u00e1kv\u00e1rral szembeni gy\u0151zelmekre. Egy j\u00f3 darabig ez volt az utols\u00f3 Dorogon lej\u00e1tszott m\u00e9rk\u0151z\u00e9s, ugyanis k\u00f6zvetlen\u00fcl a tal\u00e1lkoz\u00f3 ut\u00e1ni napon, m\u00e1rcius 4-ig kezdet\u00e9t vett\u00e9k a stadion fel\u00faj\u00edt\u00e1si munk\u00e1latai. A mieink az idei bajnoki \u00e9vadban m\u00e1r nem szerepelnek hazai p\u00e1ly\u00e1n, valamennyi tov\u00e1bbi fordul\u00f3t idegenben kell megv\u00edvniuk.<\/p>\n<p style=\"text-align: center;\"><img fetchpriority=\"high\" decoding=\"async\" class=\"alignnone size-full wp-image-30875\" src=\"https:\/\/dorogimedence.hu\/wp-content\/uploads\/2021\/03\/csakvar-dorog-01.jpg\" alt=\"\" width=\"830\" height=\"553\" srcset=\"https:\/\/dorogimedence.hu\/wp-content\/uploads\/2021\/03\/csakvar-dorog-01.jpg 830w, https:\/\/dorogimedence.hu\/wp-content\/uploads\/2021\/03\/csakvar-dorog-01-300x200.jpg 300w, https:\/\/dorogimedence.hu\/wp-content\/uploads\/2021\/03\/csakvar-dorog-01-768x512.jpg 768w, https:\/\/dorogimedence.hu\/wp-content\/uploads\/2021\/03\/csakvar-dorog-01-589x392.jpg 589w, https:\/\/dorogimedence.hu\/wp-content\/uploads\/2021\/03\/csakvar-dorog-01-272x182.jpg 272w\" sizes=\"(max-width: 830px) 100vw, 830px\" \/><em>\u00cdgy v\u00e1rta a Buz\u00e1nszky stadion az \u00e1talak\u00edt\u00e1si munk\u00e1latok megkezd\u00e9se el\u0151tti utols\u00f3 hazai fell\u00e9p\u00e9sre a dorogi csapatot a Cs\u00e1kv\u00e1r ellen. A k\u00e9pen l\u00e1that\u00f3 ker\u00edt\u00e9s imm\u00e1r a m\u00falt\u00e9, hiszen cs\u00fct\u00f6rt\u00f6k\u00f6n 33 \u00e9ves szolg\u00e1latot k\u00f6vet\u0151en teljes elbont\u00e1sra ker\u00fclt.<\/em><\/p>\n<p>A h\u00e9tk\u00f6zi fordul\u00f3 igaz\u00e1n eml\u00e9kezetes marad, hiszen bek\u00f6vetkezett mindaz, amire kor\u00e1bban szinte es\u00e9ly sem mutatkozott, miszerint a Debrecen lecs\u00faszott az \u00e9lr\u0151l. A hajd\u00fas\u00e1giak cseppet sem meggy\u0151z\u0151 idei teljes\u00edtm\u00e9ny\u00e9vel elsz\u00f3rakozt\u00e1k a behozhatatlannak t\u0171n\u0151 el\u0151ny\u00fcket. Az eddigi hat fordul\u00f3ban mind\u00f6ssze k\u00e9tszer nyertek \u00e9s n\u00e9gyszer is vesztesen hagyt\u00e1k el a p\u00e1ly\u00e1t. Ez\u00fattal Ajk\u00e1n kaptak ki 2-1-re, s miut\u00e1n a Vasas ha csak sov\u00e1nyka 1-0-\u00e1s hazai gy\u0151zelm\u00e9vel is kerekedett fel\u00fcl a Si\u00f3fokon, de el\u0151sz\u00f6r l\u00e9phetett fel az els\u0151 helyre. A Loki nagy szerencs\u00e9je, hogy a m\u00e1sik debreceni alakulat brav\u00faros pontszerz\u00e9st hajtott v\u00e9gre a 3. helyen \u00e1ll\u00f3 Gyirm\u00f3t ellen egy hazai 1-1-es d\u00f6ntetlennel, mert k\u00fcl\u00f6nben a gy\u0151ri alakulat v\u00e9szes k\u00f6zels\u00e9gbe ker\u00fclt volna hozz\u00e1juk. A DEAC pontszerz\u00e9s\u00e9hez nem kis szerencse is kellett, ugyanis a vend\u00e9gek a r\u00e1ad\u00e1s perceiben 11-eshez jutottak, de kihagyt\u00e1k a b\u00fcntet\u0151t. Ha a debreceniek \u00edgy folytatj\u00e1k, nem hogy a bajnoki c\u00edmnek, de a feljut\u00e1snak is b\u00facs\u00fat inthetnek. Hi\u00e1ba szerepelt f\u00e9nyesen az \u0151sz sor\u00e1n a g\u00e1rda, az\u00e9rt sok mindent el\u00e1rul, hogy a k\u00e9t legf\u0151bb riv\u00e1lissal szemben mind\u00f6ssze egyetlen pontot tudott szerezni. A Gyirm\u00f3t oda-vissza verte \u0151ket, m\u00edg a Vasas otthon\u00e1ban 1-1-es d\u00f6ntetlent j\u00e1tszva, a Nagyerd\u0151n pedig kikaptak az angyalf\u00f6ldiekt\u0151l. Ann\u00e1l biztosabb a Ny\u00edregyh\u00e1za, amely csak a Doroggal szemben vesztett meccset, viszont szorgalmasan nyeri a t\u00f6bbi tal\u00e1lkoz\u00f3it \u00e9s egyre z\u00e1rk\u00f3zik az \u00e9lmez\u0151nyh\u00f6z. Ez\u00fattal k\u00f6nnyed\u00e9n vert\u00e9k otthon 4-1-re, az \u00f6nmag\u00e1t tov\u00e1bbra is keres\u0151 B\u00e9k\u00e9scsab\u00e1t. Hasonl\u00f3 k\u00f6nnyeds\u00e9ggel tartotta otthon a pontokat 3-0-\u00e1s gy\u0151zelm\u00e9vel az ETO a Kazincbarcika ellen. L\u00e1tv\u00e1nyosan menek\u00fcl a Szeged az als\u00f3h\u00e1zb\u00f3l, amely \u00fajfent 3-2-es gy\u0151zelmet aratott, ez\u00fattal a Szolnok ellen. Sok\u00e1ig vezetett a Kaposv\u00e1r hazai k\u00f6rnyezetben a Buda\u00f6rssel szemben, de v\u00e9g\u00fcl a Pest megyei vend\u00e9gek a hajr\u00e1 perceihez k\u00f6zeledve egyenl\u00edtve 1-1-re hozt\u00e1k az eredm\u00e9nyt. Ugyan nem sz\u00fcletett g\u00f3l a Mecsekalj\u00e1n, de ennek ez\u00fattal a h\u00e1zigazda p\u00e9csiek \u00f6r\u00fclhettek jobban, hiszen a vend\u00e9g Halad\u00e1s a II. f\u00e9lid\u0151ben 11-est hib\u00e1zott. Amilyen izgalmasan alakul az \u00e9lmez\u0151ny, ugyan\u00fagy nagy a k\u00fczdelem a v\u00e9geken is. Csapatunk a d\u00f6ntetlenj\u00e9vel ugyan egy helyet el\u0151rel\u00e9pve jelenleg a 15. helyen \u00e1ll, \u00e1m egyetlen sikertelen fordul\u00f3t k\u00f6vet\u0151en kies\u0151helyre is ker\u00fclhet. A mieinket k\u00f6vet\u0151 h\u00e1rom csapat el\u0151tt a sorrendis\u00e9gnek megfelel\u0151en, 1, 2, illetve 3 ponttal megy. Az m\u00e1r nyilv\u00e1nval\u00f3v\u00e1 v\u00e1lt, hogy k\u00f6z\u00e9pmez\u0151ny az els\u0151 t\u00edz, pontosabban 11 hellyel bez\u00e1r\u00f3an megugrott a tabella m\u00e1sodik fel\u00e9ben tany\u00e1z\u00f3kkal szemben, \u00edgy annak a 9 csapatnak az el\u0151rel\u00e9p\u00e9si lehet\u0151s\u00e9gei gyakorlatilag minim\u00e1lisra cs\u00f6kkentek.<\/p>\n<p style=\"text-align: center;\"><img decoding=\"async\" class=\"alignnone size-full wp-image-30876\" src=\"https:\/\/dorogimedence.hu\/wp-content\/uploads\/2021\/03\/szentlorinc-dorog-02.jpg\" alt=\"\" width=\"830\" height=\"469\" srcset=\"https:\/\/dorogimedence.hu\/wp-content\/uploads\/2021\/03\/szentlorinc-dorog-02.jpg 830w, https:\/\/dorogimedence.hu\/wp-content\/uploads\/2021\/03\/szentlorinc-dorog-02-300x170.jpg 300w, https:\/\/dorogimedence.hu\/wp-content\/uploads\/2021\/03\/szentlorinc-dorog-02-768x434.jpg 768w\" sizes=\"(max-width: 830px) 100vw, 830px\" \/><em>Az \u0151szi egym\u00e1s elleni tal\u00e1lkoz\u00f3n k\u00e9sz\u00fclt felv\u00e9tel Dorogon, ahol nem b\u00edrtak egym\u00e1s f\u00f6l\u00e9 kerekedni a felek (forr\u00e1s: H\u00eddlap)<\/em><\/p>\n<p>Vas\u00e1rnap \u00fajfent \u00e9let-hal\u00e1l harcot jelent\u0151 \u00f6sszecsap\u00e1son vesz r\u00e9szt csapatunk a P\u00e9cs melletti Szentl\u0151rinc vend\u00e9gek\u00e9nt. A h\u00e1zigazd\u00e1k hatalmas k\u00fczdelemben maradtak alul a Soroks\u00e1r otthon\u00e1ban 2:1 ar\u00e1nyban \u00fagy, hogy a baranyai \u00fajonc alakulat ir\u00e1ny\u00edtott az els\u0151 j\u00e1t\u00e9kr\u00e9szben, majd a folytat\u00e1sban a vezet\u00e9st is megszerezte. A f\u0151v\u00e1rosiaknak csak nehezen siker\u00fclt v\u00e9g\u00fcl ford\u00edtaniuk \u00e9s csak egy 11-es g\u00f3llal tudtak jobbnak bizonyulni. A mieinkre nagyon kem\u00e9ny 90 perc v\u00e1r a d\u00e9li v\u00e9geken \u00e9s nem csak a tal\u00e1lkoz\u00f3 t\u00e9tj\u00e9nek fontoss\u00e1ga miatt. A Szentl\u0151rinc igen kellemetlen ellenf\u00e9l &#8211; a sz\u00f3 nemes \u00e9rtelm\u00e9ben v\u00e9ve -, hiszen mindv\u00e9gig hatalmas elsz\u00e1nts\u00e1ggal, olykor igen kem\u00e9nyen k\u00fczdenek. Gyakran \u00e9s b\u00e1tran l\u0151nek messzir\u0151l is, amelyekb\u0151l t\u00f6bb g\u00f3lt is el\u00e9rtek kor\u00e1bban, ez\u00e9rt is fontos min\u00e9l kisebb helyet hagyni a sz\u00e1mukra. Minden bizonnyal nagy nyom\u00e1st igyekeznek majd gyakorolni, hiszen mindenk\u00e9ppen gy\u0151zni szeretn\u00e9nek. Kreat\u00edv t\u00e1mad\u00f3 j\u00e1t\u00e9kra is k\u00e9pesek, amely gyorsas\u00e1ggal is t\u00e1rsul. Siker\u00fck eset\u00e9n meg is el\u0151zn\u00e9nek m\u00e9gpedig \u00fagy, hogy van egy elmaradt meccs\u00fck, r\u00e1ad\u00e1sul odahaza. Valamennyi j\u00e1t\u00e9kosunkt\u00f3l&nbsp; maxim\u00e1lis koncentr\u00e1ci\u00f3 lesz sz\u00fcks\u00e9ges. A gy\u0151zelem nagyon sokat sz\u00e1m\u00edtana, azonban ez\u00fattal a pontszerz\u00e9s is igen \u00e9rt\u00e9kes volna. Viszont rem\u00e9nyeink szerint a csapat mindent el fog k\u00f6vetni, hogy gy\u0151zelemre j\u00e1tsszon. A k\u00e9t g\u00e1rda legut\u00f3bbi, egyben egyetlen eddigi egym\u00e1s elleni m\u00e9rk\u0151z\u00e9se g\u00f3l n\u00e9lk\u00fcli d\u00f6ntetlen hozott az \u0151sszel Dorogon. Akkor m\u00e1r kaptunk \u00edzel\u00edt\u0151t az \u00fajonc k\u00fczdeni tud\u00e1s\u00e1b\u00f3l. Ki\u00e9lezett meccsen igazs\u00e1gosnak mondhat\u00f3 pontosztozkod\u00e1s t\u00f6rt\u00e9nt. A helyzetkihaszn\u00e1l\u00e1s ter\u00e9n javulnunk kell, mert d\u00f6nt\u0151 lehet a tal\u00e1lkoz\u00f3 kimenetel\u00e9ben, hogy mennyire siker\u00fcl \u00e9rt\u00e9kes\u00edteni az ad\u00f3d\u00f3 lehet\u0151s\u00e9geket. A l\u0151rinciek t\u00f6bb brav\u00fart is bemutattak m\u00e1r, k\u00f6zte a mez\u0151ny egyik legstabilabb \u00e9s legeredm\u00e9nyesebb csapat\u00e1t, a Gyirm\u00f3tot oda-vissza vert\u00e9k n\u00e9gy r\u00fagott g\u00f3llal. Ugyanakkor sebezhet\u0151ek is, s p\u00e1rszor meg is sz\u00f3rt\u00e1k \u0151ket. A Vasas \u00f6t\u00f6t, az Ajka n\u00e9gyet pakolt a kapujukba, s \u00f6sszess\u00e9g\u00e9ben n\u00e1lunk is t\u00f6bb g\u00f3lt kaptak. Ez\u00e9rt is \u00e9rdemes nyom\u00e1st gyakorolni a v\u00e9delm\u00fckre, hib\u00e1kra k\u00e9nyszer\u00edtve a h\u00e1ts\u00f3 alakzatukat. Egy esetleges pontszerz\u00e9ssel ugyan m\u00f6g\u00f6tt\u00fcnk maradn\u00e1nak a fordul\u00f3t k\u00f6vet\u0151en, azonban a Si\u00f3fok visszael\u0151zhet benn\u00fcnket \u00e9s a Cs\u00e1kv\u00e1r is v\u00e9szesen megk\u00f6zel\u00edtene. Arr\u00f3l nem is besz\u00e9lve, hogy az el\u0151tt\u00fcnk \u00e1ll\u00f3 k\u00e9t csapat is megugorhatna t\u0151l\u00fcnk.<\/p>\n<p><em>Szab\u00f3 Gyula<\/em><\/p>\n","protected":false},"excerpt":{"rendered":"<p>A h\u00e9tk\u00f6zi fordul\u00f3ban a szint\u00e9n a bennmarad\u00e1s\u00e9rt k\u00fczd\u0151 Cs\u00e1kv\u00e1r ellen hazai p\u00e1ly\u00e1n szerzett pontot csapatunk, amely vas\u00e1rnap \u00fajfent a vesz\u00e9lyz\u00f3n\u00e1ban l\u00e9v\u0151 csapattal fog megm\u00e9rk\u0151zni. Az id\u00e9n v\u00e1ltozatlanul m\u00e9g veretlen dorogiaknak legrosszabb esetben is minimum egy pontot kellene szereznie, egy nagyon neh\u00e9znek \u00edg\u00e9rkez\u0151 tal\u00e1lkoz\u00f3n, amely szentl\u0151rinci sporttelepen, m\u00e1rcius 7-\u00e9n, 14:30-kor veszi kezdet\u00e9t&#8211; Szab\u00f3 Gyula cikke. K\u00f6zel<\/p>\n","protected":false},"author":1,"featured_media":30874,"comment_status":"closed","ping_status":"closed","sticky":false,"template":"","format":"standard","meta":{"ngg_post_thumbnail":0,"footnotes":""},"categories":[2,3,5],"tags":[15,37,70,69,72,263,16,5114],"class_list":{"0":"post-30873","1":"post","2":"type-post","3":"status-publish","4":"format-standard","5":"has-post-thumbnail","7":"category-dorog","8":"category-hirek","9":"category-sport","10":"tag-dorog","11":"tag-dorogi-fc","12":"tag-foci","13":"tag-futball","14":"tag-labdarugas","15":"tag-nb-ii","16":"tag-sport","17":"tag-szentlorinc"},"yoast_head":"<!-- This site is optimized with the Yoast SEO plugin v27.4 - https:\/\/yoast.com\/product\/yoast-seo-wordpress\/ -->\n<title>\u00dajabb kies\u00e9si rangad\u00f3<\/title>\n<meta name=\"robots\" content=\"index, follow, max-snippet:-1, max-image-preview:large, max-video-preview:-1\" \/>\n<link rel=\"canonical\" href=\"https:\/\/dorogimedence.hu\/index.php\/2021\/03\/06\/ujabb-kiesesi-rangado\/\" class=\"yoast-seo-meta-tag\" \/>\n<meta property=\"og:locale\" content=\"hu_HU\" class=\"yoast-seo-meta-tag\" \/>\n<meta property=\"og:type\" content=\"article\" class=\"yoast-seo-meta-tag\" \/>\n<meta property=\"og:title\" content=\"\u00dajabb kies\u00e9si rangad\u00f3\" class=\"yoast-seo-meta-tag\" \/>\n<meta property=\"og:description\" content=\"A h\u00e9tk\u00f6zi fordul\u00f3ban a szint\u00e9n a bennmarad\u00e1s\u00e9rt k\u00fczd\u0151 Cs\u00e1kv\u00e1r ellen hazai p\u00e1ly\u00e1n szerzett pontot csapatunk, amely vas\u00e1rnap \u00fajfent a vesz\u00e9lyz\u00f3n\u00e1ban l\u00e9v\u0151 csapattal fog megm\u00e9rk\u0151zni. Az id\u00e9n v\u00e1ltozatlanul m\u00e9g veretlen dorogiaknak legrosszabb esetben is minimum egy pontot kellene szereznie, egy nagyon neh\u00e9znek \u00edg\u00e9rkez\u0151 tal\u00e1lkoz\u00f3n, amely szentl\u0151rinci sporttelepen, m\u00e1rcius 7-\u00e9n, 14:30-kor veszi kezdet\u00e9t&#8211; Szab\u00f3 Gyula cikke. K\u00f6zel\" class=\"yoast-seo-meta-tag\" \/>\n<meta property=\"og:url\" content=\"https:\/\/dorogimedence.hu\/index.php\/2021\/03\/06\/ujabb-kiesesi-rangado\/\" class=\"yoast-seo-meta-tag\" \/>\n<meta property=\"og:site_name\" content=\"Dorogi-medence Region\u00e1lis H\u00edrport\u00e1l\" class=\"yoast-seo-meta-tag\" \/>\n<meta property=\"article:publisher\" content=\"https:\/\/www.facebook.com\/dorogimedence\/\" class=\"yoast-seo-meta-tag\" \/>\n<meta property=\"article:published_time\" content=\"2021-03-06T07:21:29+00:00\" class=\"yoast-seo-meta-tag\" \/>\n<meta property=\"article:modified_time\" content=\"2021-03-06T07:26:11+00:00\" class=\"yoast-seo-meta-tag\" \/>\n<meta property=\"og:image\" content=\"https:\/\/i0.wp.com\/dorogimedence.hu\/wp-content\/uploads\/2021\/03\/szentlorinc-dorog.jpg?fit=830%2C450&ssl=1\" class=\"yoast-seo-meta-tag\" \/>\n\t<meta property=\"og:image:width\" content=\"830\" class=\"yoast-seo-meta-tag\" \/>\n\t<meta property=\"og:image:height\" content=\"450\" class=\"yoast-seo-meta-tag\" \/>\n\t<meta property=\"og:image:type\" content=\"image\/jpeg\" class=\"yoast-seo-meta-tag\" \/>\n<meta name=\"author\" content=\"dorogimedence.hu\" class=\"yoast-seo-meta-tag\" \/>\n<meta name=\"twitter:card\" content=\"summary_large_image\" class=\"yoast-seo-meta-tag\" \/>\n<meta name=\"twitter:label1\" content=\"Szerz\u0151:\" class=\"yoast-seo-meta-tag\" \/>\n\t<meta name=\"twitter:data1\" content=\"dorogimedence.hu\" class=\"yoast-seo-meta-tag\" \/>\n\t<meta name=\"twitter:label2\" content=\"Becs\u00fclt olvas\u00e1si id\u0151\" class=\"yoast-seo-meta-tag\" \/>\n\t<meta name=\"twitter:data2\" content=\"8 perc\" class=\"yoast-seo-meta-tag\" \/>\n<script type=\"application\/ld+json\" class=\"yoast-schema-graph\">{\"@context\":\"https:\\\/\\\/schema.org\",\"@graph\":[{\"@type\":\"Article\",\"@id\":\"https:\\\/\\\/dorogimedence.hu\\\/index.php\\\/2021\\\/03\\\/06\\\/ujabb-kiesesi-rangado\\\/#article\",\"isPartOf\":{\"@id\":\"https:\\\/\\\/dorogimedence.hu\\\/index.php\\\/2021\\\/03\\\/06\\\/ujabb-kiesesi-rangado\\\/\"},\"author\":{\"name\":\"dorogimedence.hu\",\"@id\":\"https:\\\/\\\/dorogimedence.hu\\\/#\\\/schema\\\/person\\\/ce6091eeb7e95ecdc87890d6aa8e0fd4\"},\"headline\":\"\u00dajabb kies\u00e9si rangad\u00f3\",\"datePublished\":\"2021-03-06T07:21:29+00:00\",\"dateModified\":\"2021-03-06T07:26:11+00:00\",\"mainEntityOfPage\":{\"@id\":\"https:\\\/\\\/dorogimedence.hu\\\/index.php\\\/2021\\\/03\\\/06\\\/ujabb-kiesesi-rangado\\\/\"},\"wordCount\":1622,\"publisher\":{\"@id\":\"https:\\\/\\\/dorogimedence.hu\\\/#organization\"},\"image\":{\"@id\":\"https:\\\/\\\/dorogimedence.hu\\\/index.php\\\/2021\\\/03\\\/06\\\/ujabb-kiesesi-rangado\\\/#primaryimage\"},\"thumbnailUrl\":\"https:\\\/\\\/dorogimedence.hu\\\/wp-content\\\/uploads\\\/2021\\\/03\\\/szentlorinc-dorog.jpg\",\"keywords\":[\"Dorog\",\"Dorogi FC\",\"foci\",\"futball\",\"labdar\u00fag\u00e1s\",\"NB II\",\"sport\",\"Szentl\u0151rinc\"],\"articleSection\":[\"Dorog\",\"H\u00edrek\",\"Sport\"],\"inLanguage\":\"hu\"},{\"@type\":\"WebPage\",\"@id\":\"https:\\\/\\\/dorogimedence.hu\\\/index.php\\\/2021\\\/03\\\/06\\\/ujabb-kiesesi-rangado\\\/\",\"url\":\"https:\\\/\\\/dorogimedence.hu\\\/index.php\\\/2021\\\/03\\\/06\\\/ujabb-kiesesi-rangado\\\/\",\"name\":\"\u00dajabb kies\u00e9si rangad\u00f3\",\"isPartOf\":{\"@id\":\"https:\\\/\\\/dorogimedence.hu\\\/#website\"},\"primaryImageOfPage\":{\"@id\":\"https:\\\/\\\/dorogimedence.hu\\\/index.php\\\/2021\\\/03\\\/06\\\/ujabb-kiesesi-rangado\\\/#primaryimage\"},\"image\":{\"@id\":\"https:\\\/\\\/dorogimedence.hu\\\/index.php\\\/2021\\\/03\\\/06\\\/ujabb-kiesesi-rangado\\\/#primaryimage\"},\"thumbnailUrl\":\"https:\\\/\\\/dorogimedence.hu\\\/wp-content\\\/uploads\\\/2021\\\/03\\\/szentlorinc-dorog.jpg\",\"datePublished\":\"2021-03-06T07:21:29+00:00\",\"dateModified\":\"2021-03-06T07:26:11+00:00\",\"breadcrumb\":{\"@id\":\"https:\\\/\\\/dorogimedence.hu\\\/index.php\\\/2021\\\/03\\\/06\\\/ujabb-kiesesi-rangado\\\/#breadcrumb\"},\"inLanguage\":\"hu\",\"potentialAction\":[{\"@type\":\"ReadAction\",\"target\":[\"https:\\\/\\\/dorogimedence.hu\\\/index.php\\\/2021\\\/03\\\/06\\\/ujabb-kiesesi-rangado\\\/\"]}]},{\"@type\":\"ImageObject\",\"inLanguage\":\"hu\",\"@id\":\"https:\\\/\\\/dorogimedence.hu\\\/index.php\\\/2021\\\/03\\\/06\\\/ujabb-kiesesi-rangado\\\/#primaryimage\",\"url\":\"https:\\\/\\\/dorogimedence.hu\\\/wp-content\\\/uploads\\\/2021\\\/03\\\/szentlorinc-dorog.jpg\",\"contentUrl\":\"https:\\\/\\\/dorogimedence.hu\\\/wp-content\\\/uploads\\\/2021\\\/03\\\/szentlorinc-dorog.jpg\",\"width\":830,\"height\":450},{\"@type\":\"BreadcrumbList\",\"@id\":\"https:\\\/\\\/dorogimedence.hu\\\/index.php\\\/2021\\\/03\\\/06\\\/ujabb-kiesesi-rangado\\\/#breadcrumb\",\"itemListElement\":[{\"@type\":\"ListItem\",\"position\":1,\"name\":\"Kezd\u0151lap\",\"item\":\"https:\\\/\\\/dorogimedence.hu\\\/\"},{\"@type\":\"ListItem\",\"position\":2,\"name\":\"\u00dajabb kies\u00e9si rangad\u00f3\"}]},{\"@type\":\"WebSite\",\"@id\":\"https:\\\/\\\/dorogimedence.hu\\\/#website\",\"url\":\"https:\\\/\\\/dorogimedence.hu\\\/\",\"name\":\"Dorogi-medence Region\u00e1lis H\u00edrport\u00e1l\",\"description\":\"Dorog, Keszt\u00f6lc, Le\u00e1nyv\u00e1r, Piliscs\u00e9v, Tokod, Tokodalt\u00e1r\u00f3, Csolnok, Esztergom-kertv\u00e1ros: h\u00edrek, programok\",\"publisher\":{\"@id\":\"https:\\\/\\\/dorogimedence.hu\\\/#organization\"},\"potentialAction\":[{\"@type\":\"SearchAction\",\"target\":{\"@type\":\"EntryPoint\",\"urlTemplate\":\"https:\\\/\\\/dorogimedence.hu\\\/?s={search_term_string}\"},\"query-input\":{\"@type\":\"PropertyValueSpecification\",\"valueRequired\":true,\"valueName\":\"search_term_string\"}}],\"inLanguage\":\"hu\"},{\"@type\":\"Organization\",\"@id\":\"https:\\\/\\\/dorogimedence.hu\\\/#organization\",\"name\":\"Dorogi-medence Region\u00e1lis H\u00edrport\u00e1l\",\"url\":\"https:\\\/\\\/dorogimedence.hu\\\/\",\"logo\":{\"@type\":\"ImageObject\",\"inLanguage\":\"hu\",\"@id\":\"https:\\\/\\\/dorogimedence.hu\\\/#\\\/schema\\\/logo\\\/image\\\/\",\"url\":\"https:\\\/\\\/dorogimedence.hu\\\/wp-content\\\/uploads\\\/2021\\\/04\\\/logo-feher-600.png\",\"contentUrl\":\"https:\\\/\\\/dorogimedence.hu\\\/wp-content\\\/uploads\\\/2021\\\/04\\\/logo-feher-600.png\",\"width\":600,\"height\":100,\"caption\":\"Dorogi-medence Region\u00e1lis H\u00edrport\u00e1l\"},\"image\":{\"@id\":\"https:\\\/\\\/dorogimedence.hu\\\/#\\\/schema\\\/logo\\\/image\\\/\"},\"sameAs\":[\"https:\\\/\\\/www.facebook.com\\\/dorogimedence\\\/\"]},{\"@type\":\"Person\",\"@id\":\"https:\\\/\\\/dorogimedence.hu\\\/#\\\/schema\\\/person\\\/ce6091eeb7e95ecdc87890d6aa8e0fd4\",\"name\":\"dorogimedence.hu\",\"image\":{\"@type\":\"ImageObject\",\"inLanguage\":\"hu\",\"@id\":\"\\\/\\\/www.gravatar.com\\\/avatar\\\/d8d45f8901aadff40a4af72c0b826f1d?s=96&#038;r=g&#038;d=mm\",\"url\":\"\\\/\\\/www.gravatar.com\\\/avatar\\\/d8d45f8901aadff40a4af72c0b826f1d?s=96&#038;r=g&#038;d=mm\",\"contentUrl\":\"\\\/\\\/www.gravatar.com\\\/avatar\\\/d8d45f8901aadff40a4af72c0b826f1d?s=96&#038;r=g&#038;d=mm\",\"caption\":\"dorogimedence.hu\"}}]}<\/script>\n<!-- \/ Yoast SEO plugin. -->","yoast_head_json":{"title":"\u00dajabb kies\u00e9si rangad\u00f3","robots":{"index":"index","follow":"follow","max-snippet":"max-snippet:-1","max-image-preview":"max-image-preview:large","max-video-preview":"max-video-preview:-1"},"canonical":"https:\/\/dorogimedence.hu\/index.php\/2021\/03\/06\/ujabb-kiesesi-rangado\/","og_locale":"hu_HU","og_type":"article","og_title":"\u00dajabb kies\u00e9si rangad\u00f3","og_description":"A h\u00e9tk\u00f6zi fordul\u00f3ban a szint\u00e9n a bennmarad\u00e1s\u00e9rt k\u00fczd\u0151 Cs\u00e1kv\u00e1r ellen hazai p\u00e1ly\u00e1n szerzett pontot csapatunk, amely vas\u00e1rnap \u00fajfent a vesz\u00e9lyz\u00f3n\u00e1ban l\u00e9v\u0151 csapattal fog megm\u00e9rk\u0151zni. Az id\u00e9n v\u00e1ltozatlanul m\u00e9g veretlen dorogiaknak legrosszabb esetben is minimum egy pontot kellene szereznie, egy nagyon neh\u00e9znek \u00edg\u00e9rkez\u0151 tal\u00e1lkoz\u00f3n, amely szentl\u0151rinci sporttelepen, m\u00e1rcius 7-\u00e9n, 14:30-kor veszi kezdet\u00e9t&#8211; Szab\u00f3 Gyula cikke. K\u00f6zel","og_url":"https:\/\/dorogimedence.hu\/index.php\/2021\/03\/06\/ujabb-kiesesi-rangado\/","og_site_name":"Dorogi-medence Region\u00e1lis H\u00edrport\u00e1l","article_publisher":"https:\/\/www.facebook.com\/dorogimedence\/","article_published_time":"2021-03-06T07:21:29+00:00","article_modified_time":"2021-03-06T07:26:11+00:00","og_image":[{"width":830,"height":450,"url":"https:\/\/i0.wp.com\/dorogimedence.hu\/wp-content\/uploads\/2021\/03\/szentlorinc-dorog.jpg?fit=830%2C450&ssl=1","type":"image\/jpeg"}],"author":"dorogimedence.hu","twitter_card":"summary_large_image","twitter_misc":{"Szerz\u0151:":"dorogimedence.hu","Becs\u00fclt olvas\u00e1si id\u0151":"8 perc"},"schema":{"@context":"https:\/\/schema.org","@graph":[{"@type":"Article","@id":"https:\/\/dorogimedence.hu\/index.php\/2021\/03\/06\/ujabb-kiesesi-rangado\/#article","isPartOf":{"@id":"https:\/\/dorogimedence.hu\/index.php\/2021\/03\/06\/ujabb-kiesesi-rangado\/"},"author":{"name":"dorogimedence.hu","@id":"https:\/\/dorogimedence.hu\/#\/schema\/person\/ce6091eeb7e95ecdc87890d6aa8e0fd4"},"headline":"\u00dajabb kies\u00e9si rangad\u00f3","datePublished":"2021-03-06T07:21:29+00:00","dateModified":"2021-03-06T07:26:11+00:00","mainEntityOfPage":{"@id":"https:\/\/dorogimedence.hu\/index.php\/2021\/03\/06\/ujabb-kiesesi-rangado\/"},"wordCount":1622,"publisher":{"@id":"https:\/\/dorogimedence.hu\/#organization"},"image":{"@id":"https:\/\/dorogimedence.hu\/index.php\/2021\/03\/06\/ujabb-kiesesi-rangado\/#primaryimage"},"thumbnailUrl":"https:\/\/dorogimedence.hu\/wp-content\/uploads\/2021\/03\/szentlorinc-dorog.jpg","keywords":["Dorog","Dorogi FC","foci","futball","labdar\u00fag\u00e1s","NB II","sport","Szentl\u0151rinc"],"articleSection":["Dorog","H\u00edrek","Sport"],"inLanguage":"hu"},{"@type":"WebPage","@id":"https:\/\/dorogimedence.hu\/index.php\/2021\/03\/06\/ujabb-kiesesi-rangado\/","url":"https:\/\/dorogimedence.hu\/index.php\/2021\/03\/06\/ujabb-kiesesi-rangado\/","name":"\u00dajabb kies\u00e9si rangad\u00f3","isPartOf":{"@id":"https:\/\/dorogimedence.hu\/#website"},"primaryImageOfPage":{"@id":"https:\/\/dorogimedence.hu\/index.php\/2021\/03\/06\/ujabb-kiesesi-rangado\/#primaryimage"},"image":{"@id":"https:\/\/dorogimedence.hu\/index.php\/2021\/03\/06\/ujabb-kiesesi-rangado\/#primaryimage"},"thumbnailUrl":"https:\/\/dorogimedence.hu\/wp-content\/uploads\/2021\/03\/szentlorinc-dorog.jpg","datePublished":"2021-03-06T07:21:29+00:00","dateModified":"2021-03-06T07:26:11+00:00","breadcrumb":{"@id":"https:\/\/dorogimedence.hu\/index.php\/2021\/03\/06\/ujabb-kiesesi-rangado\/#breadcrumb"},"inLanguage":"hu","potentialAction":[{"@type":"ReadAction","target":["https:\/\/dorogimedence.hu\/index.php\/2021\/03\/06\/ujabb-kiesesi-rangado\/"]}]},{"@type":"ImageObject","inLanguage":"hu","@id":"https:\/\/dorogimedence.hu\/index.php\/2021\/03\/06\/ujabb-kiesesi-rangado\/#primaryimage","url":"https:\/\/dorogimedence.hu\/wp-content\/uploads\/2021\/03\/szentlorinc-dorog.jpg","contentUrl":"https:\/\/dorogimedence.hu\/wp-content\/uploads\/2021\/03\/szentlorinc-dorog.jpg","width":830,"height":450},{"@type":"BreadcrumbList","@id":"https:\/\/dorogimedence.hu\/index.php\/2021\/03\/06\/ujabb-kiesesi-rangado\/#breadcrumb","itemListElement":[{"@type":"ListItem","position":1,"name":"Kezd\u0151lap","item":"https:\/\/dorogimedence.hu\/"},{"@type":"ListItem","position":2,"name":"\u00dajabb kies\u00e9si rangad\u00f3"}]},{"@type":"WebSite","@id":"https:\/\/dorogimedence.hu\/#website","url":"https:\/\/dorogimedence.hu\/","name":"Dorogi-medence Region\u00e1lis H\u00edrport\u00e1l","description":"Dorog, Keszt\u00f6lc, Le\u00e1nyv\u00e1r, Piliscs\u00e9v, Tokod, Tokodalt\u00e1r\u00f3, Csolnok, Esztergom-kertv\u00e1ros: h\u00edrek, programok","publisher":{"@id":"https:\/\/dorogimedence.hu\/#organization"},"potentialAction":[{"@type":"SearchAction","target":{"@type":"EntryPoint","urlTemplate":"https:\/\/dorogimedence.hu\/?s={search_term_string}"},"query-input":{"@type":"PropertyValueSpecification","valueRequired":true,"valueName":"search_term_string"}}],"inLanguage":"hu"},{"@type":"Organization","@id":"https:\/\/dorogimedence.hu\/#organization","name":"Dorogi-medence Region\u00e1lis H\u00edrport\u00e1l","url":"https:\/\/dorogimedence.hu\/","logo":{"@type":"ImageObject","inLanguage":"hu","@id":"https:\/\/dorogimedence.hu\/#\/schema\/logo\/image\/","url":"https:\/\/dorogimedence.hu\/wp-content\/uploads\/2021\/04\/logo-feher-600.png","contentUrl":"https:\/\/dorogimedence.hu\/wp-content\/uploads\/2021\/04\/logo-feher-600.png","width":600,"height":100,"caption":"Dorogi-medence Region\u00e1lis H\u00edrport\u00e1l"},"image":{"@id":"https:\/\/dorogimedence.hu\/#\/schema\/logo\/image\/"},"sameAs":["https:\/\/www.facebook.com\/dorogimedence\/"]},{"@type":"Person","@id":"https:\/\/dorogimedence.hu\/#\/schema\/person\/ce6091eeb7e95ecdc87890d6aa8e0fd4","name":"dorogimedence.hu","image":{"@type":"ImageObject","inLanguage":"hu","@id":"\/\/www.gravatar.com\/avatar\/d8d45f8901aadff40a4af72c0b826f1d?s=96&#038;r=g&#038;d=mm","url":"\/\/www.gravatar.com\/avatar\/d8d45f8901aadff40a4af72c0b826f1d?s=96&#038;r=g&#038;d=mm","contentUrl":"\/\/www.gravatar.com\/avatar\/d8d45f8901aadff40a4af72c0b826f1d?s=96&#038;r=g&#038;d=mm","caption":"dorogimedence.hu"}}]}},"_links":{"self":[{"href":"https:\/\/dorogimedence.hu\/index.php\/wp-json\/wp\/v2\/posts\/30873","targetHints":{"allow":["GET"]}}],"collection":[{"href":"https:\/\/dorogimedence.hu\/index.php\/wp-json\/wp\/v2\/posts"}],"about":[{"href":"https:\/\/dorogimedence.hu\/index.php\/wp-json\/wp\/v2\/types\/post"}],"author":[{"embeddable":true,"href":"https:\/\/dorogimedence.hu\/index.php\/wp-json\/wp\/v2\/users\/1"}],"replies":[{"embeddable":true,"href":"https:\/\/dorogimedence.hu\/index.php\/wp-json\/wp\/v2\/comments?post=30873"}],"version-history":[{"count":0,"href":"https:\/\/dorogimedence.hu\/index.php\/wp-json\/wp\/v2\/posts\/30873\/revisions"}],"wp:featuredmedia":[{"embeddable":true,"href":"https:\/\/dorogimedence.hu\/index.php\/wp-json\/wp\/v2\/media\/30874"}],"wp:attachment":[{"href":"https:\/\/dorogimedence.hu\/index.php\/wp-json\/wp\/v2\/media?parent=30873"}],"wp:term":[{"taxonomy":"category","embeddable":true,"href":"https:\/\/dorogimedence.hu\/index.php\/wp-json\/wp\/v2\/categories?post=30873"},{"taxonomy":"post_tag","embeddable":true,"href":"https:\/\/dorogimedence.hu\/index.php\/wp-json\/wp\/v2\/tags?post=30873"}],"curies":[{"name":"wp","href":"https:\/\/api.w.org\/{rel}","templated":true}]}}