{"id":30867,"date":"2021-03-06T07:33:32","date_gmt":"2021-03-06T06:33:32","guid":{"rendered":"http:\/\/dorogimedence.hu\/?p=30867"},"modified":"2021-03-06T10:57:45","modified_gmt":"2021-03-06T09:57:45","slug":"ket-ev-bortonbuntetest-kapott-a-visszaeso-autotolvaj","status":"publish","type":"post","link":"https:\/\/dorogimedence.hu\/index.php\/2021\/03\/06\/ket-ev-bortonbuntetest-kapott-a-visszaeso-autotolvaj\/","title":{"rendered":"K\u00e9t \u00e9v b\u00f6rt\u00f6nb\u00fcntet\u00e9st kapott a visszaes\u0151 aut\u00f3tolvaj"},"content":{"rendered":"<p><strong>Az Esztergomi J\u00e1r\u00e1sb\u00edr\u00f3s\u00e1g a j\u00e1rm\u0171 \u00f6nk\u00e9nyes elv\u00e9tel\u00e9nek b\u0171ntette miatt gyors\u00edtott elj\u00e1r\u00e1sban t\u00e1rgyalta azt a f\u00e9rfit, aki a szabads\u00e1gveszt\u00e9sb\u0151l szabadul\u00e1s\u00e1t k\u00f6vet\u0151en k\u00e9t h\u00f3nap m\u00falva \u00fajra b\u0171ncselekm\u00e9nyt k\u00f6vetett el.<\/strong><\/p>\n<p>A v\u00e1dlott 2021. janu\u00e1r 1-j\u00e9n hajnali 4 \u00f3ra 25 perc k\u00f6r\u00fcli id\u0151ben egy keszt\u00f6lci ingatlan beker\u00edtetlen udvar\u00e1n, a s\u00e9rtett tulajdon\u00e1ban \u00e1ll\u00f3 szem\u00e9lyg\u00e9pkocsit megk\u00eds\u00e9relte jogtalan haszn\u00e1lat c\u00e9lj\u00e1b\u00f3l elvenni akk\u00e9nt, hogy a lez\u00e1ratlan g\u00e9pkocsit t\u00f6bb alkalommal elind\u00edtotta az abban benne hagyott ind\u00edt\u00f3kulccsal, h\u00e1tramenetbe kapcsolt, hogy az ingatlanb\u00f3l kitolasson a k\u00f6z\u00fatra, azonban a g\u00e9pkocsi minden alkalommal lefulladt. A b\u0171ncselekm\u00e9ny befejez\u00e9s\u00e9t a s\u00e9rtett akad\u00e1lyozta meg, emiatt a v\u00e1dlott a helysz\u00ednr\u0151l gyalogosan elmenek\u00fclt.<\/p>\n<p>A v\u00e1dlott a b\u0171ncselekm\u00e9ny elk\u00f6vet\u00e9s\u00e9t beismerte.<\/p>\n<p>A f\u00e9rfi b\u00fcntetett el\u0151\u00e9let\u0171, \u0151t a b\u00edr\u00f3s\u00e1g kor\u00e1bban 7 rendbeli j\u00e1rm\u0171 \u00f6nk\u00e9nyes elv\u00e9tel\u00e9nek b\u0171ntette \u00e9s 1 rendbeli kisebb k\u00e1rt okoz\u00f3 rong\u00e1l\u00e1st v\u00e9ts\u00e9ge miatt 1 \u00e9v 6 h\u00f3napi id\u0151tartam\u00fa b\u00f6rt\u00f6nben v\u00e9grehajtand\u00f3 szabads\u00e1gveszt\u00e9sre \u00edt\u00e9lte, amelyb\u0151l felt\u00e9teles kedvezm\u00e9nnyel szabadult 2020. november 1-j\u00e9n.<\/p>\n<p>Az Esztergomi J\u00e1r\u00e1sb\u00edr\u00f3s\u00e1g 2021. febru\u00e1r 10-\u00e9n elrendelte a f\u00e9rfi letart\u00f3ztat\u00e1s\u00e1t, majd a b\u00edr\u00f3s\u00e1g el\u00e9 \u00e1ll\u00edt\u00e1sa sor\u00e1n 2 \u00e9v b\u00f6rt\u00f6nb\u00fcntet\u00e9sre \u00e9s 3 \u00e9v k\u00f6z\u00fcgyekt\u0151l eltilt\u00e1sra \u00edt\u00e9lte.<\/p>\n<p>Az \u00edt\u00e9letet az \u00fcgy\u00e9sz, a v\u00e1dlott \u00e9s a v\u00e9d\u0151 tudom\u00e1sul vette, \u00edgy az joger\u0151re emelkedett.<\/p>\n<p><em>Forr\u00e1s: Tatab\u00e1nyai T\u00f6rv\u00e9nysz\u00e9k Sajt\u00f3<\/em><\/p>\n","protected":false},"excerpt":{"rendered":"<p>Az Esztergomi J\u00e1r\u00e1sb\u00edr\u00f3s\u00e1g a j\u00e1rm\u0171 \u00f6nk\u00e9nyes elv\u00e9tel\u00e9nek b\u0171ntette miatt gyors\u00edtott elj\u00e1r\u00e1sban t\u00e1rgyalta azt a f\u00e9rfit, aki a szabads\u00e1gveszt\u00e9sb\u0151l szabadul\u00e1s\u00e1t k\u00f6vet\u0151en k\u00e9t h\u00f3nap m\u00falva \u00fajra b\u0171ncselekm\u00e9nyt k\u00f6vetett el. A v\u00e1dlott 2021. janu\u00e1r 1-j\u00e9n hajnali 4 \u00f3ra 25 perc k\u00f6r\u00fcli id\u0151ben egy keszt\u00f6lci ingatlan beker\u00edtetlen udvar\u00e1n, a s\u00e9rtett tulajdon\u00e1ban \u00e1ll\u00f3 szem\u00e9lyg\u00e9pkocsit megk\u00eds\u00e9relte jogtalan haszn\u00e1lat c\u00e9lj\u00e1b\u00f3l elvenni akk\u00e9nt,<\/p>\n","protected":false},"author":1,"featured_media":0,"comment_status":"closed","ping_status":"closed","sticky":false,"template":"","format":"standard","meta":{"ngg_post_thumbnail":0,"footnotes":""},"categories":[3,39,8],"tags":[1042,129,61,326],"class_list":{"0":"post-30867","1":"post","2":"type-post","3":"status-publish","4":"format-standard","6":"category-hirek","7":"category-kek-hirek","8":"category-kesztolc","9":"tag-birosag","10":"tag-kesztolc","11":"tag-rendorsegi-hirek","12":"tag-ugyeszseg"},"yoast_head":"<!-- This site is optimized with the Yoast SEO plugin v27.4 - https:\/\/yoast.com\/product\/yoast-seo-wordpress\/ -->\n<title>K\u00e9t \u00e9v b\u00f6rt\u00f6nb\u00fcntet\u00e9st kapott a visszaes\u0151 aut\u00f3tolvaj<\/title>\n<meta name=\"robots\" content=\"index, follow, max-snippet:-1, max-image-preview:large, max-video-preview:-1\" \/>\n<link rel=\"canonical\" href=\"https:\/\/dorogimedence.hu\/index.php\/2021\/03\/06\/ket-ev-bortonbuntetest-kapott-a-visszaeso-autotolvaj\/\" class=\"yoast-seo-meta-tag\" \/>\n<meta property=\"og:locale\" content=\"hu_HU\" class=\"yoast-seo-meta-tag\" \/>\n<meta property=\"og:type\" content=\"article\" class=\"yoast-seo-meta-tag\" \/>\n<meta property=\"og:title\" content=\"K\u00e9t \u00e9v b\u00f6rt\u00f6nb\u00fcntet\u00e9st kapott a visszaes\u0151 aut\u00f3tolvaj\" class=\"yoast-seo-meta-tag\" \/>\n<meta property=\"og:description\" content=\"Az Esztergomi J\u00e1r\u00e1sb\u00edr\u00f3s\u00e1g a j\u00e1rm\u0171 \u00f6nk\u00e9nyes elv\u00e9tel\u00e9nek b\u0171ntette miatt gyors\u00edtott elj\u00e1r\u00e1sban t\u00e1rgyalta azt a f\u00e9rfit, aki a szabads\u00e1gveszt\u00e9sb\u0151l szabadul\u00e1s\u00e1t k\u00f6vet\u0151en k\u00e9t h\u00f3nap m\u00falva \u00fajra b\u0171ncselekm\u00e9nyt k\u00f6vetett el. A v\u00e1dlott 2021. janu\u00e1r 1-j\u00e9n hajnali 4 \u00f3ra 25 perc k\u00f6r\u00fcli id\u0151ben egy keszt\u00f6lci ingatlan beker\u00edtetlen udvar\u00e1n, a s\u00e9rtett tulajdon\u00e1ban \u00e1ll\u00f3 szem\u00e9lyg\u00e9pkocsit megk\u00eds\u00e9relte jogtalan haszn\u00e1lat c\u00e9lj\u00e1b\u00f3l elvenni akk\u00e9nt,\" class=\"yoast-seo-meta-tag\" \/>\n<meta property=\"og:url\" content=\"https:\/\/dorogimedence.hu\/index.php\/2021\/03\/06\/ket-ev-bortonbuntetest-kapott-a-visszaeso-autotolvaj\/\" class=\"yoast-seo-meta-tag\" \/>\n<meta property=\"og:site_name\" content=\"Dorogi-medence Region\u00e1lis H\u00edrport\u00e1l\" class=\"yoast-seo-meta-tag\" \/>\n<meta property=\"article:publisher\" content=\"https:\/\/www.facebook.com\/dorogimedence\/\" class=\"yoast-seo-meta-tag\" \/>\n<meta property=\"article:published_time\" content=\"2021-03-06T06:33:32+00:00\" class=\"yoast-seo-meta-tag\" \/>\n<meta property=\"article:modified_time\" content=\"2021-03-06T09:57:45+00:00\" class=\"yoast-seo-meta-tag\" \/>\n<meta property=\"og:image\" content=\"https:\/\/i0.wp.com\/dorogimedence.hu\/wp-content\/uploads\/2020\/08\/biro.jpg?fit=830%2C450&ssl=1\" class=\"yoast-seo-meta-tag\" \/>\n\t<meta property=\"og:image:width\" content=\"830\" class=\"yoast-seo-meta-tag\" \/>\n\t<meta property=\"og:image:height\" content=\"450\" class=\"yoast-seo-meta-tag\" \/>\n\t<meta property=\"og:image:type\" content=\"image\/jpeg\" class=\"yoast-seo-meta-tag\" \/>\n<meta name=\"author\" content=\"dorogimedence.hu\" class=\"yoast-seo-meta-tag\" \/>\n<meta name=\"twitter:card\" content=\"summary_large_image\" class=\"yoast-seo-meta-tag\" \/>\n<meta name=\"twitter:label1\" content=\"Szerz\u0151:\" class=\"yoast-seo-meta-tag\" \/>\n\t<meta name=\"twitter:data1\" content=\"dorogimedence.hu\" class=\"yoast-seo-meta-tag\" \/>\n\t<meta name=\"twitter:label2\" content=\"Becs\u00fclt olvas\u00e1si id\u0151\" class=\"yoast-seo-meta-tag\" \/>\n\t<meta name=\"twitter:data2\" content=\"2 perc\" class=\"yoast-seo-meta-tag\" \/>\n<script type=\"application\/ld+json\" class=\"yoast-schema-graph\">{\"@context\":\"https:\\\/\\\/schema.org\",\"@graph\":[{\"@type\":\"Article\",\"@id\":\"https:\\\/\\\/dorogimedence.hu\\\/index.php\\\/2021\\\/03\\\/06\\\/ket-ev-bortonbuntetest-kapott-a-visszaeso-autotolvaj\\\/#article\",\"isPartOf\":{\"@id\":\"https:\\\/\\\/dorogimedence.hu\\\/index.php\\\/2021\\\/03\\\/06\\\/ket-ev-bortonbuntetest-kapott-a-visszaeso-autotolvaj\\\/\"},\"author\":{\"name\":\"dorogimedence.hu\",\"@id\":\"https:\\\/\\\/dorogimedence.hu\\\/#\\\/schema\\\/person\\\/ce6091eeb7e95ecdc87890d6aa8e0fd4\"},\"headline\":\"K\u00e9t \u00e9v b\u00f6rt\u00f6nb\u00fcntet\u00e9st kapott a visszaes\u0151 aut\u00f3tolvaj\",\"datePublished\":\"2021-03-06T06:33:32+00:00\",\"dateModified\":\"2021-03-06T09:57:45+00:00\",\"mainEntityOfPage\":{\"@id\":\"https:\\\/\\\/dorogimedence.hu\\\/index.php\\\/2021\\\/03\\\/06\\\/ket-ev-bortonbuntetest-kapott-a-visszaeso-autotolvaj\\\/\"},\"wordCount\":327,\"publisher\":{\"@id\":\"https:\\\/\\\/dorogimedence.hu\\\/#organization\"},\"keywords\":[\"b\u00edr\u00f3s\u00e1g\",\"Keszt\u00f6lc\",\"rend\u0151rs\u00e9gi h\u00edrek\",\"\u00fcgy\u00e9szs\u00e9g\"],\"articleSection\":[\"H\u00edrek\",\"K\u00e9k h\u00edrek\",\"Keszt\u00f6lc\"],\"inLanguage\":\"hu\"},{\"@type\":\"WebPage\",\"@id\":\"https:\\\/\\\/dorogimedence.hu\\\/index.php\\\/2021\\\/03\\\/06\\\/ket-ev-bortonbuntetest-kapott-a-visszaeso-autotolvaj\\\/\",\"url\":\"https:\\\/\\\/dorogimedence.hu\\\/index.php\\\/2021\\\/03\\\/06\\\/ket-ev-bortonbuntetest-kapott-a-visszaeso-autotolvaj\\\/\",\"name\":\"K\u00e9t \u00e9v b\u00f6rt\u00f6nb\u00fcntet\u00e9st kapott a visszaes\u0151 aut\u00f3tolvaj\",\"isPartOf\":{\"@id\":\"https:\\\/\\\/dorogimedence.hu\\\/#website\"},\"datePublished\":\"2021-03-06T06:33:32+00:00\",\"dateModified\":\"2021-03-06T09:57:45+00:00\",\"breadcrumb\":{\"@id\":\"https:\\\/\\\/dorogimedence.hu\\\/index.php\\\/2021\\\/03\\\/06\\\/ket-ev-bortonbuntetest-kapott-a-visszaeso-autotolvaj\\\/#breadcrumb\"},\"inLanguage\":\"hu\",\"potentialAction\":[{\"@type\":\"ReadAction\",\"target\":[\"https:\\\/\\\/dorogimedence.hu\\\/index.php\\\/2021\\\/03\\\/06\\\/ket-ev-bortonbuntetest-kapott-a-visszaeso-autotolvaj\\\/\"]}]},{\"@type\":\"BreadcrumbList\",\"@id\":\"https:\\\/\\\/dorogimedence.hu\\\/index.php\\\/2021\\\/03\\\/06\\\/ket-ev-bortonbuntetest-kapott-a-visszaeso-autotolvaj\\\/#breadcrumb\",\"itemListElement\":[{\"@type\":\"ListItem\",\"position\":1,\"name\":\"Kezd\u0151lap\",\"item\":\"https:\\\/\\\/dorogimedence.hu\\\/\"},{\"@type\":\"ListItem\",\"position\":2,\"name\":\"K\u00e9t \u00e9v b\u00f6rt\u00f6nb\u00fcntet\u00e9st kapott a visszaes\u0151 aut\u00f3tolvaj\"}]},{\"@type\":\"WebSite\",\"@id\":\"https:\\\/\\\/dorogimedence.hu\\\/#website\",\"url\":\"https:\\\/\\\/dorogimedence.hu\\\/\",\"name\":\"Dorogi-medence Region\u00e1lis H\u00edrport\u00e1l\",\"description\":\"Dorog, Keszt\u00f6lc, Le\u00e1nyv\u00e1r, Piliscs\u00e9v, Tokod, Tokodalt\u00e1r\u00f3, Csolnok, Esztergom-kertv\u00e1ros: h\u00edrek, programok\",\"publisher\":{\"@id\":\"https:\\\/\\\/dorogimedence.hu\\\/#organization\"},\"potentialAction\":[{\"@type\":\"SearchAction\",\"target\":{\"@type\":\"EntryPoint\",\"urlTemplate\":\"https:\\\/\\\/dorogimedence.hu\\\/?s={search_term_string}\"},\"query-input\":{\"@type\":\"PropertyValueSpecification\",\"valueRequired\":true,\"valueName\":\"search_term_string\"}}],\"inLanguage\":\"hu\"},{\"@type\":\"Organization\",\"@id\":\"https:\\\/\\\/dorogimedence.hu\\\/#organization\",\"name\":\"Dorogi-medence Region\u00e1lis H\u00edrport\u00e1l\",\"url\":\"https:\\\/\\\/dorogimedence.hu\\\/\",\"logo\":{\"@type\":\"ImageObject\",\"inLanguage\":\"hu\",\"@id\":\"https:\\\/\\\/dorogimedence.hu\\\/#\\\/schema\\\/logo\\\/image\\\/\",\"url\":\"https:\\\/\\\/dorogimedence.hu\\\/wp-content\\\/uploads\\\/2021\\\/04\\\/logo-feher-600.png\",\"contentUrl\":\"https:\\\/\\\/dorogimedence.hu\\\/wp-content\\\/uploads\\\/2021\\\/04\\\/logo-feher-600.png\",\"width\":600,\"height\":100,\"caption\":\"Dorogi-medence Region\u00e1lis H\u00edrport\u00e1l\"},\"image\":{\"@id\":\"https:\\\/\\\/dorogimedence.hu\\\/#\\\/schema\\\/logo\\\/image\\\/\"},\"sameAs\":[\"https:\\\/\\\/www.facebook.com\\\/dorogimedence\\\/\"]},{\"@type\":\"Person\",\"@id\":\"https:\\\/\\\/dorogimedence.hu\\\/#\\\/schema\\\/person\\\/ce6091eeb7e95ecdc87890d6aa8e0fd4\",\"name\":\"dorogimedence.hu\",\"image\":{\"@type\":\"ImageObject\",\"inLanguage\":\"hu\",\"@id\":\"\\\/\\\/www.gravatar.com\\\/avatar\\\/d8d45f8901aadff40a4af72c0b826f1d?s=96&#038;r=g&#038;d=mm\",\"url\":\"\\\/\\\/www.gravatar.com\\\/avatar\\\/d8d45f8901aadff40a4af72c0b826f1d?s=96&#038;r=g&#038;d=mm\",\"contentUrl\":\"\\\/\\\/www.gravatar.com\\\/avatar\\\/d8d45f8901aadff40a4af72c0b826f1d?s=96&#038;r=g&#038;d=mm\",\"caption\":\"dorogimedence.hu\"}}]}<\/script>\n<!-- \/ Yoast SEO plugin. -->","yoast_head_json":{"title":"K\u00e9t \u00e9v b\u00f6rt\u00f6nb\u00fcntet\u00e9st kapott a visszaes\u0151 aut\u00f3tolvaj","robots":{"index":"index","follow":"follow","max-snippet":"max-snippet:-1","max-image-preview":"max-image-preview:large","max-video-preview":"max-video-preview:-1"},"canonical":"https:\/\/dorogimedence.hu\/index.php\/2021\/03\/06\/ket-ev-bortonbuntetest-kapott-a-visszaeso-autotolvaj\/","og_locale":"hu_HU","og_type":"article","og_title":"K\u00e9t \u00e9v b\u00f6rt\u00f6nb\u00fcntet\u00e9st kapott a visszaes\u0151 aut\u00f3tolvaj","og_description":"Az Esztergomi J\u00e1r\u00e1sb\u00edr\u00f3s\u00e1g a j\u00e1rm\u0171 \u00f6nk\u00e9nyes elv\u00e9tel\u00e9nek b\u0171ntette miatt gyors\u00edtott elj\u00e1r\u00e1sban t\u00e1rgyalta azt a f\u00e9rfit, aki a szabads\u00e1gveszt\u00e9sb\u0151l szabadul\u00e1s\u00e1t k\u00f6vet\u0151en k\u00e9t h\u00f3nap m\u00falva \u00fajra b\u0171ncselekm\u00e9nyt k\u00f6vetett el. A v\u00e1dlott 2021. janu\u00e1r 1-j\u00e9n hajnali 4 \u00f3ra 25 perc k\u00f6r\u00fcli id\u0151ben egy keszt\u00f6lci ingatlan beker\u00edtetlen udvar\u00e1n, a s\u00e9rtett tulajdon\u00e1ban \u00e1ll\u00f3 szem\u00e9lyg\u00e9pkocsit megk\u00eds\u00e9relte jogtalan haszn\u00e1lat c\u00e9lj\u00e1b\u00f3l elvenni akk\u00e9nt,","og_url":"https:\/\/dorogimedence.hu\/index.php\/2021\/03\/06\/ket-ev-bortonbuntetest-kapott-a-visszaeso-autotolvaj\/","og_site_name":"Dorogi-medence Region\u00e1lis H\u00edrport\u00e1l","article_publisher":"https:\/\/www.facebook.com\/dorogimedence\/","article_published_time":"2021-03-06T06:33:32+00:00","article_modified_time":"2021-03-06T09:57:45+00:00","og_image":[{"width":830,"height":450,"url":"https:\/\/i0.wp.com\/dorogimedence.hu\/wp-content\/uploads\/2020\/08\/biro.jpg?fit=830%2C450&ssl=1","type":"image\/jpeg"}],"author":"dorogimedence.hu","twitter_card":"summary_large_image","twitter_misc":{"Szerz\u0151:":"dorogimedence.hu","Becs\u00fclt olvas\u00e1si id\u0151":"2 perc"},"schema":{"@context":"https:\/\/schema.org","@graph":[{"@type":"Article","@id":"https:\/\/dorogimedence.hu\/index.php\/2021\/03\/06\/ket-ev-bortonbuntetest-kapott-a-visszaeso-autotolvaj\/#article","isPartOf":{"@id":"https:\/\/dorogimedence.hu\/index.php\/2021\/03\/06\/ket-ev-bortonbuntetest-kapott-a-visszaeso-autotolvaj\/"},"author":{"name":"dorogimedence.hu","@id":"https:\/\/dorogimedence.hu\/#\/schema\/person\/ce6091eeb7e95ecdc87890d6aa8e0fd4"},"headline":"K\u00e9t \u00e9v b\u00f6rt\u00f6nb\u00fcntet\u00e9st kapott a visszaes\u0151 aut\u00f3tolvaj","datePublished":"2021-03-06T06:33:32+00:00","dateModified":"2021-03-06T09:57:45+00:00","mainEntityOfPage":{"@id":"https:\/\/dorogimedence.hu\/index.php\/2021\/03\/06\/ket-ev-bortonbuntetest-kapott-a-visszaeso-autotolvaj\/"},"wordCount":327,"publisher":{"@id":"https:\/\/dorogimedence.hu\/#organization"},"keywords":["b\u00edr\u00f3s\u00e1g","Keszt\u00f6lc","rend\u0151rs\u00e9gi h\u00edrek","\u00fcgy\u00e9szs\u00e9g"],"articleSection":["H\u00edrek","K\u00e9k h\u00edrek","Keszt\u00f6lc"],"inLanguage":"hu"},{"@type":"WebPage","@id":"https:\/\/dorogimedence.hu\/index.php\/2021\/03\/06\/ket-ev-bortonbuntetest-kapott-a-visszaeso-autotolvaj\/","url":"https:\/\/dorogimedence.hu\/index.php\/2021\/03\/06\/ket-ev-bortonbuntetest-kapott-a-visszaeso-autotolvaj\/","name":"K\u00e9t \u00e9v b\u00f6rt\u00f6nb\u00fcntet\u00e9st kapott a visszaes\u0151 aut\u00f3tolvaj","isPartOf":{"@id":"https:\/\/dorogimedence.hu\/#website"},"datePublished":"2021-03-06T06:33:32+00:00","dateModified":"2021-03-06T09:57:45+00:00","breadcrumb":{"@id":"https:\/\/dorogimedence.hu\/index.php\/2021\/03\/06\/ket-ev-bortonbuntetest-kapott-a-visszaeso-autotolvaj\/#breadcrumb"},"inLanguage":"hu","potentialAction":[{"@type":"ReadAction","target":["https:\/\/dorogimedence.hu\/index.php\/2021\/03\/06\/ket-ev-bortonbuntetest-kapott-a-visszaeso-autotolvaj\/"]}]},{"@type":"BreadcrumbList","@id":"https:\/\/dorogimedence.hu\/index.php\/2021\/03\/06\/ket-ev-bortonbuntetest-kapott-a-visszaeso-autotolvaj\/#breadcrumb","itemListElement":[{"@type":"ListItem","position":1,"name":"Kezd\u0151lap","item":"https:\/\/dorogimedence.hu\/"},{"@type":"ListItem","position":2,"name":"K\u00e9t \u00e9v b\u00f6rt\u00f6nb\u00fcntet\u00e9st kapott a visszaes\u0151 aut\u00f3tolvaj"}]},{"@type":"WebSite","@id":"https:\/\/dorogimedence.hu\/#website","url":"https:\/\/dorogimedence.hu\/","name":"Dorogi-medence Region\u00e1lis H\u00edrport\u00e1l","description":"Dorog, Keszt\u00f6lc, Le\u00e1nyv\u00e1r, Piliscs\u00e9v, Tokod, Tokodalt\u00e1r\u00f3, Csolnok, Esztergom-kertv\u00e1ros: h\u00edrek, programok","publisher":{"@id":"https:\/\/dorogimedence.hu\/#organization"},"potentialAction":[{"@type":"SearchAction","target":{"@type":"EntryPoint","urlTemplate":"https:\/\/dorogimedence.hu\/?s={search_term_string}"},"query-input":{"@type":"PropertyValueSpecification","valueRequired":true,"valueName":"search_term_string"}}],"inLanguage":"hu"},{"@type":"Organization","@id":"https:\/\/dorogimedence.hu\/#organization","name":"Dorogi-medence Region\u00e1lis H\u00edrport\u00e1l","url":"https:\/\/dorogimedence.hu\/","logo":{"@type":"ImageObject","inLanguage":"hu","@id":"https:\/\/dorogimedence.hu\/#\/schema\/logo\/image\/","url":"https:\/\/dorogimedence.hu\/wp-content\/uploads\/2021\/04\/logo-feher-600.png","contentUrl":"https:\/\/dorogimedence.hu\/wp-content\/uploads\/2021\/04\/logo-feher-600.png","width":600,"height":100,"caption":"Dorogi-medence Region\u00e1lis H\u00edrport\u00e1l"},"image":{"@id":"https:\/\/dorogimedence.hu\/#\/schema\/logo\/image\/"},"sameAs":["https:\/\/www.facebook.com\/dorogimedence\/"]},{"@type":"Person","@id":"https:\/\/dorogimedence.hu\/#\/schema\/person\/ce6091eeb7e95ecdc87890d6aa8e0fd4","name":"dorogimedence.hu","image":{"@type":"ImageObject","inLanguage":"hu","@id":"\/\/www.gravatar.com\/avatar\/d8d45f8901aadff40a4af72c0b826f1d?s=96&#038;r=g&#038;d=mm","url":"\/\/www.gravatar.com\/avatar\/d8d45f8901aadff40a4af72c0b826f1d?s=96&#038;r=g&#038;d=mm","contentUrl":"\/\/www.gravatar.com\/avatar\/d8d45f8901aadff40a4af72c0b826f1d?s=96&#038;r=g&#038;d=mm","caption":"dorogimedence.hu"}}]}},"_links":{"self":[{"href":"https:\/\/dorogimedence.hu\/index.php\/wp-json\/wp\/v2\/posts\/30867","targetHints":{"allow":["GET"]}}],"collection":[{"href":"https:\/\/dorogimedence.hu\/index.php\/wp-json\/wp\/v2\/posts"}],"about":[{"href":"https:\/\/dorogimedence.hu\/index.php\/wp-json\/wp\/v2\/types\/post"}],"author":[{"embeddable":true,"href":"https:\/\/dorogimedence.hu\/index.php\/wp-json\/wp\/v2\/users\/1"}],"replies":[{"embeddable":true,"href":"https:\/\/dorogimedence.hu\/index.php\/wp-json\/wp\/v2\/comments?post=30867"}],"version-history":[{"count":0,"href":"https:\/\/dorogimedence.hu\/index.php\/wp-json\/wp\/v2\/posts\/30867\/revisions"}],"wp:attachment":[{"href":"https:\/\/dorogimedence.hu\/index.php\/wp-json\/wp\/v2\/media?parent=30867"}],"wp:term":[{"taxonomy":"category","embeddable":true,"href":"https:\/\/dorogimedence.hu\/index.php\/wp-json\/wp\/v2\/categories?post=30867"},{"taxonomy":"post_tag","embeddable":true,"href":"https:\/\/dorogimedence.hu\/index.php\/wp-json\/wp\/v2\/tags?post=30867"}],"curies":[{"name":"wp","href":"https:\/\/api.w.org\/{rel}","templated":true}]}}