{"id":30794,"date":"2021-03-03T09:14:26","date_gmt":"2021-03-03T08:14:26","guid":{"rendered":"http:\/\/dorogimedence.hu\/?p=30794"},"modified":"2021-03-03T09:14:35","modified_gmt":"2021-03-03T08:14:35","slug":"lezartak-a-letkesi-hataratkelot","status":"publish","type":"post","link":"https:\/\/dorogimedence.hu\/index.php\/2021\/03\/03\/lezartak-a-letkesi-hataratkelot\/","title":{"rendered":"Lez\u00e1rt\u00e1k a letk\u00e9si hat\u00e1r\u00e1tkel\u0151t"},"content":{"rendered":"<p><strong>A Szlov\u00e1k Korm\u00e1ny rendelkez\u00e9se alapj\u00e1n 2021. m\u00e1rcius 2-\u00e1n, kedden 20 \u00f3r\u00e1t\u00f3l lez\u00e1rt\u00e1k a Salka-Letk\u00e9s hat\u00e1r\u00e1tkel\u0151t a koronav\u00edrus terjed\u00e9s\u00e9nek megakad\u00e1lyoz\u00e1sa miatt. A hat\u00e1r\u00e1tkel\u0151 lez\u00e1r\u00e1s\u00e1t v\u00e1rhat\u00f3an 2021. m\u00e1rcius 19-ig tartj\u00e1k majd fenn.<\/strong><\/p>\n<p>A fenti \u00e9rtes\u00edt\u00e9st a magyar rend\u0151rs\u00e9g Letk\u00e9si Hat\u00e1rrend\u00e9szeti Kirendelts\u00e9ge is meger\u0151s\u00edtette. A letk\u00e9si polg\u00e1rmester a telep\u00fcl\u00e9s Facebook oldal\u00e1n azt \u00edrta, hogy Parassapuszt\u00e1n\u00e1l \u00e9s Esztergomn\u00e1l folyamatosan biztos\u00edtott lesz a hat\u00e1r\u00e1tkel\u00e9s, de komoly ellen\u0151rz\u00e9sek mellett lehet majd bel\u00e9pni Szlov\u00e1kia ter\u00fclet\u00e9re.<\/p>\n<p>A letk\u00e9si polg\u00e1rmester megk\u00e9ri az ing\u00e1z\u00f3kat, hogy utaz\u00e1suk megkezd\u00e9se el\u0151tt mindenk\u00e9pp \u00e9rdekl\u0151djenek a Szolv\u00e1kia ter\u00fclet\u00e9re t\u00f6rt\u00e9n\u0151 bel\u00e9p\u00e9s felt\u00e9teleir\u0151l.<\/p>\n<p>R\u00e9ts\u00e1gi Rend\u0151rkapit\u00e1nys\u00e1g: 06-35\/350-144 (Parassapuszta &#8211; Ipolys\u00e1g hat\u00e1r\u00e1tkel\u0151)<\/p>\n<p>Esztergomi Rend\u0151rkapit\u00e1nys\u00e1g: 06-33\/510-240 (Esztergom &#8211; P\u00e1rk\u00e1ny hat\u00e1r\u00e1tkel\u0151)<\/p>\n<p>Az ing\u00e1z\u00f3k figyelm\u00e9be aj\u00e1nlj\u00e1k tov\u00e1bb\u00e1 a szobi r\u00e9v\u00e1tkel\u0151t, ami a legut\u00f3bbi inform\u00e1ci\u00f3k szerint 2021. m\u00e1rcius 5. p\u00e9ntekt\u0151l ism\u00e9t biztos\u00edtja az \u00e1tkel\u00e9st, melyr\u0151l <a href=\"http:\/\/ferryboat.hu\/\" target=\"_blank\" rel=\"noopener\"><span style=\"text-decoration: underline; color: #0000ff;\">ide kattintva<\/span><\/a> olvashatnak r\u00e9szleteket. Tov\u00e1bb\u00e1 a hidlap.hu inform\u00e1ci\u00f3ja szerint a visegr\u00e1di komp jelenleg is k\u00f6zlekedik. A Nagymaros-Visegr\u00e1d k\u00f6z\u00f6tti \u00e1tkel\u00e9ssel kapcsolatban pedig <a href=\"http:\/\/atlantisclubkft.hu\/menetrend\/\" target=\"_blank\" rel=\"noopener\"><span style=\"text-decoration: underline; color: #0000ff;\">itt \u00e9rhet\u0151k el<\/span><\/a> az aktu\u00e1lis inform\u00e1ci\u00f3k.<\/p>\n<p><em>Forr\u00e1s: Letk\u00e9s K\u00f6zs\u00e9g \u00d6nkorm\u00e1nyzata<br \/>\nBor\u00edt\u00f3k\u00e9p: hidlap.hu<br \/>\n<\/em><\/p>\n","protected":false},"excerpt":{"rendered":"<p>A Szlov\u00e1k Korm\u00e1ny rendelkez\u00e9se alapj\u00e1n 2021. m\u00e1rcius 2-\u00e1n, kedden 20 \u00f3r\u00e1t\u00f3l lez\u00e1rt\u00e1k a Salka-Letk\u00e9s hat\u00e1r\u00e1tkel\u0151t a koronav\u00edrus terjed\u00e9s\u00e9nek megakad\u00e1lyoz\u00e1sa miatt. A hat\u00e1r\u00e1tkel\u0151 lez\u00e1r\u00e1s\u00e1t v\u00e1rhat\u00f3an 2021. m\u00e1rcius 19-ig tartj\u00e1k majd fenn. A fenti \u00e9rtes\u00edt\u00e9st a magyar rend\u0151rs\u00e9g Letk\u00e9si Hat\u00e1rrend\u00e9szeti Kirendelts\u00e9ge is meger\u0151s\u00edtette. A letk\u00e9si polg\u00e1rmester a telep\u00fcl\u00e9s Facebook oldal\u00e1n azt \u00edrta, hogy Parassapuszt\u00e1n\u00e1l \u00e9s Esztergomn\u00e1l folyamatosan<\/p>\n","protected":false},"author":1,"featured_media":30795,"comment_status":"closed","ping_status":"closed","sticky":false,"template":"","format":"standard","meta":{"ngg_post_thumbnail":0,"footnotes":""},"categories":[3],"tags":[5097,4738,5094,5470],"class_list":{"0":"post-30794","1":"post","2":"type-post","3":"status-publish","4":"format-standard","5":"has-post-thumbnail","7":"category-hirek","8":"tag-hataratkelo","9":"tag-koronavirus","10":"tag-letkes","11":"tag-letkesi-hataratkelo"},"yoast_head":"<!-- This site is optimized with the Yoast SEO plugin v27.5 - https:\/\/yoast.com\/product\/yoast-seo-wordpress\/ -->\n<title>Lez\u00e1rt\u00e1k a letk\u00e9si hat\u00e1r\u00e1tkel\u0151t<\/title>\n<meta name=\"robots\" content=\"index, follow, max-snippet:-1, max-image-preview:large, max-video-preview:-1\" \/>\n<link rel=\"canonical\" href=\"https:\/\/dorogimedence.hu\/index.php\/2021\/03\/03\/lezartak-a-letkesi-hataratkelot\/\" class=\"yoast-seo-meta-tag\" \/>\n<meta property=\"og:locale\" content=\"hu_HU\" class=\"yoast-seo-meta-tag\" \/>\n<meta property=\"og:type\" content=\"article\" class=\"yoast-seo-meta-tag\" \/>\n<meta property=\"og:title\" content=\"Lez\u00e1rt\u00e1k a letk\u00e9si hat\u00e1r\u00e1tkel\u0151t\" class=\"yoast-seo-meta-tag\" \/>\n<meta property=\"og:description\" content=\"A Szlov\u00e1k Korm\u00e1ny rendelkez\u00e9se alapj\u00e1n 2021. m\u00e1rcius 2-\u00e1n, kedden 20 \u00f3r\u00e1t\u00f3l lez\u00e1rt\u00e1k a Salka-Letk\u00e9s hat\u00e1r\u00e1tkel\u0151t a koronav\u00edrus terjed\u00e9s\u00e9nek megakad\u00e1lyoz\u00e1sa miatt. A hat\u00e1r\u00e1tkel\u0151 lez\u00e1r\u00e1s\u00e1t v\u00e1rhat\u00f3an 2021. m\u00e1rcius 19-ig tartj\u00e1k majd fenn. A fenti \u00e9rtes\u00edt\u00e9st a magyar rend\u0151rs\u00e9g Letk\u00e9si Hat\u00e1rrend\u00e9szeti Kirendelts\u00e9ge is meger\u0151s\u00edtette. A letk\u00e9si polg\u00e1rmester a telep\u00fcl\u00e9s Facebook oldal\u00e1n azt \u00edrta, hogy Parassapuszt\u00e1n\u00e1l \u00e9s Esztergomn\u00e1l folyamatosan\" class=\"yoast-seo-meta-tag\" \/>\n<meta property=\"og:url\" content=\"https:\/\/dorogimedence.hu\/index.php\/2021\/03\/03\/lezartak-a-letkesi-hataratkelot\/\" class=\"yoast-seo-meta-tag\" \/>\n<meta property=\"og:site_name\" content=\"Dorogi-medence Region\u00e1lis H\u00edrport\u00e1l\" class=\"yoast-seo-meta-tag\" \/>\n<meta property=\"article:publisher\" content=\"https:\/\/www.facebook.com\/dorogimedence\/\" class=\"yoast-seo-meta-tag\" \/>\n<meta property=\"article:published_time\" content=\"2021-03-03T08:14:26+00:00\" class=\"yoast-seo-meta-tag\" \/>\n<meta property=\"article:modified_time\" content=\"2021-03-03T08:14:35+00:00\" class=\"yoast-seo-meta-tag\" \/>\n<meta property=\"og:image\" content=\"https:\/\/i0.wp.com\/dorogimedence.hu\/wp-content\/uploads\/2021\/03\/hataratkelo.jpg?fit=830%2C450&ssl=1\" class=\"yoast-seo-meta-tag\" \/>\n\t<meta property=\"og:image:width\" content=\"830\" class=\"yoast-seo-meta-tag\" \/>\n\t<meta property=\"og:image:height\" content=\"450\" class=\"yoast-seo-meta-tag\" \/>\n\t<meta property=\"og:image:type\" content=\"image\/jpeg\" class=\"yoast-seo-meta-tag\" \/>\n<meta name=\"author\" content=\"dorogimedence.hu\" class=\"yoast-seo-meta-tag\" \/>\n<meta name=\"twitter:card\" content=\"summary_large_image\" class=\"yoast-seo-meta-tag\" \/>\n<meta name=\"twitter:label1\" content=\"Szerz\u0151:\" class=\"yoast-seo-meta-tag\" \/>\n\t<meta name=\"twitter:data1\" content=\"dorogimedence.hu\" class=\"yoast-seo-meta-tag\" \/>\n\t<meta name=\"twitter:label2\" content=\"Becs\u00fclt olvas\u00e1si id\u0151\" class=\"yoast-seo-meta-tag\" \/>\n\t<meta name=\"twitter:data2\" content=\"1 perc\" class=\"yoast-seo-meta-tag\" \/>\n<script type=\"application\/ld+json\" class=\"yoast-schema-graph\">{\"@context\":\"https:\\\/\\\/schema.org\",\"@graph\":[{\"@type\":\"Article\",\"@id\":\"https:\\\/\\\/dorogimedence.hu\\\/index.php\\\/2021\\\/03\\\/03\\\/lezartak-a-letkesi-hataratkelot\\\/#article\",\"isPartOf\":{\"@id\":\"https:\\\/\\\/dorogimedence.hu\\\/index.php\\\/2021\\\/03\\\/03\\\/lezartak-a-letkesi-hataratkelot\\\/\"},\"author\":{\"name\":\"dorogimedence.hu\",\"@id\":\"https:\\\/\\\/dorogimedence.hu\\\/#\\\/schema\\\/person\\\/ce6091eeb7e95ecdc87890d6aa8e0fd4\"},\"headline\":\"Lez\u00e1rt\u00e1k a letk\u00e9si hat\u00e1r\u00e1tkel\u0151t\",\"datePublished\":\"2021-03-03T08:14:26+00:00\",\"dateModified\":\"2021-03-03T08:14:35+00:00\",\"mainEntityOfPage\":{\"@id\":\"https:\\\/\\\/dorogimedence.hu\\\/index.php\\\/2021\\\/03\\\/03\\\/lezartak-a-letkesi-hataratkelot\\\/\"},\"wordCount\":295,\"publisher\":{\"@id\":\"https:\\\/\\\/dorogimedence.hu\\\/#organization\"},\"image\":{\"@id\":\"https:\\\/\\\/dorogimedence.hu\\\/index.php\\\/2021\\\/03\\\/03\\\/lezartak-a-letkesi-hataratkelot\\\/#primaryimage\"},\"thumbnailUrl\":\"https:\\\/\\\/dorogimedence.hu\\\/wp-content\\\/uploads\\\/2021\\\/03\\\/hataratkelo.jpg\",\"keywords\":[\"hat\u00e1r\u00e1tkel\u0151\",\"koronav\u00edrus\",\"Letk\u00e9s\",\"letk\u00e9si hat\u00e1r\u00e1tkel\u0151\"],\"articleSection\":[\"H\u00edrek\"],\"inLanguage\":\"hu\"},{\"@type\":\"WebPage\",\"@id\":\"https:\\\/\\\/dorogimedence.hu\\\/index.php\\\/2021\\\/03\\\/03\\\/lezartak-a-letkesi-hataratkelot\\\/\",\"url\":\"https:\\\/\\\/dorogimedence.hu\\\/index.php\\\/2021\\\/03\\\/03\\\/lezartak-a-letkesi-hataratkelot\\\/\",\"name\":\"Lez\u00e1rt\u00e1k a letk\u00e9si hat\u00e1r\u00e1tkel\u0151t\",\"isPartOf\":{\"@id\":\"https:\\\/\\\/dorogimedence.hu\\\/#website\"},\"primaryImageOfPage\":{\"@id\":\"https:\\\/\\\/dorogimedence.hu\\\/index.php\\\/2021\\\/03\\\/03\\\/lezartak-a-letkesi-hataratkelot\\\/#primaryimage\"},\"image\":{\"@id\":\"https:\\\/\\\/dorogimedence.hu\\\/index.php\\\/2021\\\/03\\\/03\\\/lezartak-a-letkesi-hataratkelot\\\/#primaryimage\"},\"thumbnailUrl\":\"https:\\\/\\\/dorogimedence.hu\\\/wp-content\\\/uploads\\\/2021\\\/03\\\/hataratkelo.jpg\",\"datePublished\":\"2021-03-03T08:14:26+00:00\",\"dateModified\":\"2021-03-03T08:14:35+00:00\",\"breadcrumb\":{\"@id\":\"https:\\\/\\\/dorogimedence.hu\\\/index.php\\\/2021\\\/03\\\/03\\\/lezartak-a-letkesi-hataratkelot\\\/#breadcrumb\"},\"inLanguage\":\"hu\",\"potentialAction\":[{\"@type\":\"ReadAction\",\"target\":[\"https:\\\/\\\/dorogimedence.hu\\\/index.php\\\/2021\\\/03\\\/03\\\/lezartak-a-letkesi-hataratkelot\\\/\"]}]},{\"@type\":\"ImageObject\",\"inLanguage\":\"hu\",\"@id\":\"https:\\\/\\\/dorogimedence.hu\\\/index.php\\\/2021\\\/03\\\/03\\\/lezartak-a-letkesi-hataratkelot\\\/#primaryimage\",\"url\":\"https:\\\/\\\/dorogimedence.hu\\\/wp-content\\\/uploads\\\/2021\\\/03\\\/hataratkelo.jpg\",\"contentUrl\":\"https:\\\/\\\/dorogimedence.hu\\\/wp-content\\\/uploads\\\/2021\\\/03\\\/hataratkelo.jpg\",\"width\":830,\"height\":450},{\"@type\":\"BreadcrumbList\",\"@id\":\"https:\\\/\\\/dorogimedence.hu\\\/index.php\\\/2021\\\/03\\\/03\\\/lezartak-a-letkesi-hataratkelot\\\/#breadcrumb\",\"itemListElement\":[{\"@type\":\"ListItem\",\"position\":1,\"name\":\"Kezd\u0151lap\",\"item\":\"https:\\\/\\\/dorogimedence.hu\\\/\"},{\"@type\":\"ListItem\",\"position\":2,\"name\":\"Lez\u00e1rt\u00e1k a letk\u00e9si hat\u00e1r\u00e1tkel\u0151t\"}]},{\"@type\":\"WebSite\",\"@id\":\"https:\\\/\\\/dorogimedence.hu\\\/#website\",\"url\":\"https:\\\/\\\/dorogimedence.hu\\\/\",\"name\":\"Dorogi-medence Region\u00e1lis H\u00edrport\u00e1l\",\"description\":\"Dorog, Keszt\u00f6lc, Le\u00e1nyv\u00e1r, Piliscs\u00e9v, Tokod, Tokodalt\u00e1r\u00f3, Csolnok, Esztergom-kertv\u00e1ros: h\u00edrek, programok\",\"publisher\":{\"@id\":\"https:\\\/\\\/dorogimedence.hu\\\/#organization\"},\"potentialAction\":[{\"@type\":\"SearchAction\",\"target\":{\"@type\":\"EntryPoint\",\"urlTemplate\":\"https:\\\/\\\/dorogimedence.hu\\\/?s={search_term_string}\"},\"query-input\":{\"@type\":\"PropertyValueSpecification\",\"valueRequired\":true,\"valueName\":\"search_term_string\"}}],\"inLanguage\":\"hu\"},{\"@type\":\"Organization\",\"@id\":\"https:\\\/\\\/dorogimedence.hu\\\/#organization\",\"name\":\"Dorogi-medence Region\u00e1lis H\u00edrport\u00e1l\",\"url\":\"https:\\\/\\\/dorogimedence.hu\\\/\",\"logo\":{\"@type\":\"ImageObject\",\"inLanguage\":\"hu\",\"@id\":\"https:\\\/\\\/dorogimedence.hu\\\/#\\\/schema\\\/logo\\\/image\\\/\",\"url\":\"https:\\\/\\\/dorogimedence.hu\\\/wp-content\\\/uploads\\\/2021\\\/04\\\/logo-feher-600.png\",\"contentUrl\":\"https:\\\/\\\/dorogimedence.hu\\\/wp-content\\\/uploads\\\/2021\\\/04\\\/logo-feher-600.png\",\"width\":600,\"height\":100,\"caption\":\"Dorogi-medence Region\u00e1lis H\u00edrport\u00e1l\"},\"image\":{\"@id\":\"https:\\\/\\\/dorogimedence.hu\\\/#\\\/schema\\\/logo\\\/image\\\/\"},\"sameAs\":[\"https:\\\/\\\/www.facebook.com\\\/dorogimedence\\\/\"]},{\"@type\":\"Person\",\"@id\":\"https:\\\/\\\/dorogimedence.hu\\\/#\\\/schema\\\/person\\\/ce6091eeb7e95ecdc87890d6aa8e0fd4\",\"name\":\"dorogimedence.hu\",\"image\":{\"@type\":\"ImageObject\",\"inLanguage\":\"hu\",\"@id\":\"\\\/\\\/www.gravatar.com\\\/avatar\\\/d8d45f8901aadff40a4af72c0b826f1d?s=96&#038;r=g&#038;d=mm\",\"url\":\"\\\/\\\/www.gravatar.com\\\/avatar\\\/d8d45f8901aadff40a4af72c0b826f1d?s=96&#038;r=g&#038;d=mm\",\"contentUrl\":\"\\\/\\\/www.gravatar.com\\\/avatar\\\/d8d45f8901aadff40a4af72c0b826f1d?s=96&#038;r=g&#038;d=mm\",\"caption\":\"dorogimedence.hu\"}}]}<\/script>\n<!-- \/ Yoast SEO plugin. -->","yoast_head_json":{"title":"Lez\u00e1rt\u00e1k a letk\u00e9si hat\u00e1r\u00e1tkel\u0151t","robots":{"index":"index","follow":"follow","max-snippet":"max-snippet:-1","max-image-preview":"max-image-preview:large","max-video-preview":"max-video-preview:-1"},"canonical":"https:\/\/dorogimedence.hu\/index.php\/2021\/03\/03\/lezartak-a-letkesi-hataratkelot\/","og_locale":"hu_HU","og_type":"article","og_title":"Lez\u00e1rt\u00e1k a letk\u00e9si hat\u00e1r\u00e1tkel\u0151t","og_description":"A Szlov\u00e1k Korm\u00e1ny rendelkez\u00e9se alapj\u00e1n 2021. m\u00e1rcius 2-\u00e1n, kedden 20 \u00f3r\u00e1t\u00f3l lez\u00e1rt\u00e1k a Salka-Letk\u00e9s hat\u00e1r\u00e1tkel\u0151t a koronav\u00edrus terjed\u00e9s\u00e9nek megakad\u00e1lyoz\u00e1sa miatt. A hat\u00e1r\u00e1tkel\u0151 lez\u00e1r\u00e1s\u00e1t v\u00e1rhat\u00f3an 2021. m\u00e1rcius 19-ig tartj\u00e1k majd fenn. A fenti \u00e9rtes\u00edt\u00e9st a magyar rend\u0151rs\u00e9g Letk\u00e9si Hat\u00e1rrend\u00e9szeti Kirendelts\u00e9ge is meger\u0151s\u00edtette. A letk\u00e9si polg\u00e1rmester a telep\u00fcl\u00e9s Facebook oldal\u00e1n azt \u00edrta, hogy Parassapuszt\u00e1n\u00e1l \u00e9s Esztergomn\u00e1l folyamatosan","og_url":"https:\/\/dorogimedence.hu\/index.php\/2021\/03\/03\/lezartak-a-letkesi-hataratkelot\/","og_site_name":"Dorogi-medence Region\u00e1lis H\u00edrport\u00e1l","article_publisher":"https:\/\/www.facebook.com\/dorogimedence\/","article_published_time":"2021-03-03T08:14:26+00:00","article_modified_time":"2021-03-03T08:14:35+00:00","og_image":[{"width":830,"height":450,"url":"https:\/\/i0.wp.com\/dorogimedence.hu\/wp-content\/uploads\/2021\/03\/hataratkelo.jpg?fit=830%2C450&ssl=1","type":"image\/jpeg"}],"author":"dorogimedence.hu","twitter_card":"summary_large_image","twitter_misc":{"Szerz\u0151:":"dorogimedence.hu","Becs\u00fclt olvas\u00e1si id\u0151":"1 perc"},"schema":{"@context":"https:\/\/schema.org","@graph":[{"@type":"Article","@id":"https:\/\/dorogimedence.hu\/index.php\/2021\/03\/03\/lezartak-a-letkesi-hataratkelot\/#article","isPartOf":{"@id":"https:\/\/dorogimedence.hu\/index.php\/2021\/03\/03\/lezartak-a-letkesi-hataratkelot\/"},"author":{"name":"dorogimedence.hu","@id":"https:\/\/dorogimedence.hu\/#\/schema\/person\/ce6091eeb7e95ecdc87890d6aa8e0fd4"},"headline":"Lez\u00e1rt\u00e1k a letk\u00e9si hat\u00e1r\u00e1tkel\u0151t","datePublished":"2021-03-03T08:14:26+00:00","dateModified":"2021-03-03T08:14:35+00:00","mainEntityOfPage":{"@id":"https:\/\/dorogimedence.hu\/index.php\/2021\/03\/03\/lezartak-a-letkesi-hataratkelot\/"},"wordCount":295,"publisher":{"@id":"https:\/\/dorogimedence.hu\/#organization"},"image":{"@id":"https:\/\/dorogimedence.hu\/index.php\/2021\/03\/03\/lezartak-a-letkesi-hataratkelot\/#primaryimage"},"thumbnailUrl":"https:\/\/dorogimedence.hu\/wp-content\/uploads\/2021\/03\/hataratkelo.jpg","keywords":["hat\u00e1r\u00e1tkel\u0151","koronav\u00edrus","Letk\u00e9s","letk\u00e9si hat\u00e1r\u00e1tkel\u0151"],"articleSection":["H\u00edrek"],"inLanguage":"hu"},{"@type":"WebPage","@id":"https:\/\/dorogimedence.hu\/index.php\/2021\/03\/03\/lezartak-a-letkesi-hataratkelot\/","url":"https:\/\/dorogimedence.hu\/index.php\/2021\/03\/03\/lezartak-a-letkesi-hataratkelot\/","name":"Lez\u00e1rt\u00e1k a letk\u00e9si hat\u00e1r\u00e1tkel\u0151t","isPartOf":{"@id":"https:\/\/dorogimedence.hu\/#website"},"primaryImageOfPage":{"@id":"https:\/\/dorogimedence.hu\/index.php\/2021\/03\/03\/lezartak-a-letkesi-hataratkelot\/#primaryimage"},"image":{"@id":"https:\/\/dorogimedence.hu\/index.php\/2021\/03\/03\/lezartak-a-letkesi-hataratkelot\/#primaryimage"},"thumbnailUrl":"https:\/\/dorogimedence.hu\/wp-content\/uploads\/2021\/03\/hataratkelo.jpg","datePublished":"2021-03-03T08:14:26+00:00","dateModified":"2021-03-03T08:14:35+00:00","breadcrumb":{"@id":"https:\/\/dorogimedence.hu\/index.php\/2021\/03\/03\/lezartak-a-letkesi-hataratkelot\/#breadcrumb"},"inLanguage":"hu","potentialAction":[{"@type":"ReadAction","target":["https:\/\/dorogimedence.hu\/index.php\/2021\/03\/03\/lezartak-a-letkesi-hataratkelot\/"]}]},{"@type":"ImageObject","inLanguage":"hu","@id":"https:\/\/dorogimedence.hu\/index.php\/2021\/03\/03\/lezartak-a-letkesi-hataratkelot\/#primaryimage","url":"https:\/\/dorogimedence.hu\/wp-content\/uploads\/2021\/03\/hataratkelo.jpg","contentUrl":"https:\/\/dorogimedence.hu\/wp-content\/uploads\/2021\/03\/hataratkelo.jpg","width":830,"height":450},{"@type":"BreadcrumbList","@id":"https:\/\/dorogimedence.hu\/index.php\/2021\/03\/03\/lezartak-a-letkesi-hataratkelot\/#breadcrumb","itemListElement":[{"@type":"ListItem","position":1,"name":"Kezd\u0151lap","item":"https:\/\/dorogimedence.hu\/"},{"@type":"ListItem","position":2,"name":"Lez\u00e1rt\u00e1k a letk\u00e9si hat\u00e1r\u00e1tkel\u0151t"}]},{"@type":"WebSite","@id":"https:\/\/dorogimedence.hu\/#website","url":"https:\/\/dorogimedence.hu\/","name":"Dorogi-medence Region\u00e1lis H\u00edrport\u00e1l","description":"Dorog, Keszt\u00f6lc, Le\u00e1nyv\u00e1r, Piliscs\u00e9v, Tokod, Tokodalt\u00e1r\u00f3, Csolnok, Esztergom-kertv\u00e1ros: h\u00edrek, programok","publisher":{"@id":"https:\/\/dorogimedence.hu\/#organization"},"potentialAction":[{"@type":"SearchAction","target":{"@type":"EntryPoint","urlTemplate":"https:\/\/dorogimedence.hu\/?s={search_term_string}"},"query-input":{"@type":"PropertyValueSpecification","valueRequired":true,"valueName":"search_term_string"}}],"inLanguage":"hu"},{"@type":"Organization","@id":"https:\/\/dorogimedence.hu\/#organization","name":"Dorogi-medence Region\u00e1lis H\u00edrport\u00e1l","url":"https:\/\/dorogimedence.hu\/","logo":{"@type":"ImageObject","inLanguage":"hu","@id":"https:\/\/dorogimedence.hu\/#\/schema\/logo\/image\/","url":"https:\/\/dorogimedence.hu\/wp-content\/uploads\/2021\/04\/logo-feher-600.png","contentUrl":"https:\/\/dorogimedence.hu\/wp-content\/uploads\/2021\/04\/logo-feher-600.png","width":600,"height":100,"caption":"Dorogi-medence Region\u00e1lis H\u00edrport\u00e1l"},"image":{"@id":"https:\/\/dorogimedence.hu\/#\/schema\/logo\/image\/"},"sameAs":["https:\/\/www.facebook.com\/dorogimedence\/"]},{"@type":"Person","@id":"https:\/\/dorogimedence.hu\/#\/schema\/person\/ce6091eeb7e95ecdc87890d6aa8e0fd4","name":"dorogimedence.hu","image":{"@type":"ImageObject","inLanguage":"hu","@id":"\/\/www.gravatar.com\/avatar\/d8d45f8901aadff40a4af72c0b826f1d?s=96&#038;r=g&#038;d=mm","url":"\/\/www.gravatar.com\/avatar\/d8d45f8901aadff40a4af72c0b826f1d?s=96&#038;r=g&#038;d=mm","contentUrl":"\/\/www.gravatar.com\/avatar\/d8d45f8901aadff40a4af72c0b826f1d?s=96&#038;r=g&#038;d=mm","caption":"dorogimedence.hu"}}]}},"_links":{"self":[{"href":"https:\/\/dorogimedence.hu\/index.php\/wp-json\/wp\/v2\/posts\/30794","targetHints":{"allow":["GET"]}}],"collection":[{"href":"https:\/\/dorogimedence.hu\/index.php\/wp-json\/wp\/v2\/posts"}],"about":[{"href":"https:\/\/dorogimedence.hu\/index.php\/wp-json\/wp\/v2\/types\/post"}],"author":[{"embeddable":true,"href":"https:\/\/dorogimedence.hu\/index.php\/wp-json\/wp\/v2\/users\/1"}],"replies":[{"embeddable":true,"href":"https:\/\/dorogimedence.hu\/index.php\/wp-json\/wp\/v2\/comments?post=30794"}],"version-history":[{"count":0,"href":"https:\/\/dorogimedence.hu\/index.php\/wp-json\/wp\/v2\/posts\/30794\/revisions"}],"wp:featuredmedia":[{"embeddable":true,"href":"https:\/\/dorogimedence.hu\/index.php\/wp-json\/wp\/v2\/media\/30795"}],"wp:attachment":[{"href":"https:\/\/dorogimedence.hu\/index.php\/wp-json\/wp\/v2\/media?parent=30794"}],"wp:term":[{"taxonomy":"category","embeddable":true,"href":"https:\/\/dorogimedence.hu\/index.php\/wp-json\/wp\/v2\/categories?post=30794"},{"taxonomy":"post_tag","embeddable":true,"href":"https:\/\/dorogimedence.hu\/index.php\/wp-json\/wp\/v2\/tags?post=30794"}],"curies":[{"name":"wp","href":"https:\/\/api.w.org\/{rel}","templated":true}]}}