{"id":30772,"date":"2021-03-02T11:09:22","date_gmt":"2021-03-02T10:09:22","guid":{"rendered":"http:\/\/dorogimedence.hu\/?p=30772"},"modified":"2021-03-02T11:32:50","modified_gmt":"2021-03-02T10:32:50","slug":"szolgalatba-allt-a-nyergesujfaluban-gyartott-kituzohajo","status":"publish","type":"post","link":"https:\/\/dorogimedence.hu\/index.php\/2021\/03\/02\/szolgalatba-allt-a-nyergesujfaluban-gyartott-kituzohajo\/","title":{"rendered":"Szolg\u00e1latba \u00e1llt a Nyerges\u00fajfaluban gy\u00e1rtott kit\u0171z\u0151haj\u00f3"},"content":{"rendered":"<p><strong>M\u00e9g <a href=\"https:\/\/dorogimedence.hu\/index.php\/2020\/07\/09\/harminc-ev-utan-uj-kituzohajokat-bocsajtanak-a-vizre\/\" target=\"_blank\" rel=\"noopener\"><span style=\"text-decoration: underline; color: #0000ff;\">2020 j\u00falius\u00e1ban<\/span><\/a> bocs\u00e1jtott\u00e1k v\u00edzre a Nyerges\u00fajfaluban gy\u00e1rtott EREBE nev\u0171 kit\u0171z\u0151haj\u00f3t. A 2021. febru\u00e1r 24-\u00e9n megtartott ellen\u0151rz\u0151 fut\u00f3pr\u00f3b\u00e1it k\u00f6vet\u0151en szolg\u00e1latba is \u00e1llt a haj\u00f3, ezzel \u00fajabb v\u00edzi j\u00e1rm\u0171vel gazdagodott az \u00c9szak-dun\u00e1nt\u00fali V\u00edz\u00fcgyi Igazgat\u00f3s\u00e1g (\u00c9DUVIZIG).<\/strong><\/p>\n<p>Egy \u00faj haj\u00f3 \u00e1tad\u00e1sa k\u00fcl\u00f6nleges esem\u00e9ny a haj\u00f3s \u00e9s a v\u00edz\u00fcgyi szakemberek sz\u00e1m\u00e1ra, hiszen utolj\u00e1ra a \u201980-as \u00e9vek v\u00e9g\u00e9n volt arra p\u00e9lda, hogy ak\u00e1r \u00faj kit\u0171z\u0151 haj\u00f3t, ak\u00e1r j\u00e9gt\u00f6r\u0151t kereszteltek, illetve adtak \u00e1t Magyarorsz\u00e1gon: a Sz\u00e9chenyi j\u00e9gt\u00f6r\u0151t 1988-ban, m\u00edg az Atlasz II kit\u0171z\u0151 haj\u00f3t 1989-ben \u00e9p\u00edtett\u00e9k az \u00fajpesti Haj\u00f3gy\u00e1rban.<\/p>\n<p><img fetchpriority=\"high\" decoding=\"async\" class=\"alignnone size-large wp-image-30773\" src=\"https:\/\/dorogimedence.hu\/wp-content\/uploads\/2021\/03\/154955255_4099171710117646_8895085301590061582_o-1024x576.jpg\" alt=\"\" width=\"665\" height=\"374\" srcset=\"https:\/\/dorogimedence.hu\/wp-content\/uploads\/2021\/03\/154955255_4099171710117646_8895085301590061582_o-1024x576.jpg 1024w, https:\/\/dorogimedence.hu\/wp-content\/uploads\/2021\/03\/154955255_4099171710117646_8895085301590061582_o-300x169.jpg 300w, https:\/\/dorogimedence.hu\/wp-content\/uploads\/2021\/03\/154955255_4099171710117646_8895085301590061582_o-768x432.jpg 768w, https:\/\/dorogimedence.hu\/wp-content\/uploads\/2021\/03\/154955255_4099171710117646_8895085301590061582_o-1536x864.jpg 1536w, https:\/\/dorogimedence.hu\/wp-content\/uploads\/2021\/03\/154955255_4099171710117646_8895085301590061582_o.jpg 1734w\" sizes=\"(max-width: 665px) 100vw, 665px\" \/><\/p>\n<p>A kit\u0171z\u0151 haj\u00f3k alapfeladata, hogy b\u00f3j\u00e1k kihelyez\u00e9s\u00e9vel &#8211; kit\u0171z\u00e9s\u00e9vel \u2013 kijel\u00f6lj\u00e9k a v\u00edzm\u00e9lys\u00e9g szempontj\u00e1b\u00f3l biztons\u00e1gos v\u00edzi \u00fatvonalat a haj\u00f3k\u00f6zleked\u00e9s sz\u00e1m\u00e1ra. Emellett jeges \u00e1r, vagy nagyobb mennyis\u00e9g\u0171 uszad\u00e9k \u00e9rkez\u00e9sekor is fontos szerephez jutnak, ez\u00e9rt az \u00faj haj\u00f3 orr-r\u00e9sz\u00e9t is \u00fagy alak\u00edtott\u00e1k ki, hogy a legkomolyabb j\u00e9gzajl\u00e1snak is ellen\u00e1lljon: a dupla bord\u00e1zat\u00fa, 10mm-es ac\u00e9llemezekkel meger\u0151s\u00edtett haj\u00f3orr a j\u00e1rm\u0171 teljes hossz\u00e1nak mintegy \u00f6t\u00f6d\u00e9t teszi ki. Lapos kialak\u00edt\u00e1s\u00fa haj\u00f3fen\u00e9knek \u00e9s kis mer\u00fcl\u00e9s\u00fcknek k\u00f6sz\u00f6nhet\u0151en feladatukat kisvizes id\u0151szakban is biztons\u00e1gosan el tudj\u00e1k l\u00e1tni.<\/p>\n<p>A most \u00e1tadott k\u00f6zel 25 m hossz\u00fa, 6 m\u00e9ter sz\u00e9les 2 x 340 LE teljes\u00edtm\u00e9ny\u0171 haj\u00f3nak az eur\u00f3pai uni\u00f3s CEF-program (Connecting Europe Facility, magyarul Eur\u00f3pai H\u00e1l\u00f3zatfinansz\u00edroz\u00e1si Eszk\u00f6z) keret\u00e9ben a kor\u00e1bban elk\u00e9sz\u00fclt LUPA haj\u00f3n k\u00edv\u00fcl m\u00e9g egy testv\u00e9re \u00e9p\u00fclt (REZ\u00c9T). Mindh\u00e1rom egy-egy dunai mell\u00e9k\u00e1gr\u00f3l kapta a nev\u00e9t.<\/p>\n<p><img decoding=\"async\" class=\"alignnone size-large wp-image-30774\" src=\"https:\/\/dorogimedence.hu\/wp-content\/uploads\/2021\/03\/154913416_4099171623450988_4765105457033587944_o-1024x576.jpg\" alt=\"\" width=\"665\" height=\"374\" srcset=\"https:\/\/dorogimedence.hu\/wp-content\/uploads\/2021\/03\/154913416_4099171623450988_4765105457033587944_o-1024x576.jpg 1024w, https:\/\/dorogimedence.hu\/wp-content\/uploads\/2021\/03\/154913416_4099171623450988_4765105457033587944_o-300x169.jpg 300w, https:\/\/dorogimedence.hu\/wp-content\/uploads\/2021\/03\/154913416_4099171623450988_4765105457033587944_o-768x432.jpg 768w, https:\/\/dorogimedence.hu\/wp-content\/uploads\/2021\/03\/154913416_4099171623450988_4765105457033587944_o-1536x864.jpg 1536w, https:\/\/dorogimedence.hu\/wp-content\/uploads\/2021\/03\/154913416_4099171623450988_4765105457033587944_o.jpg 1734w\" sizes=\"(max-width: 665px) 100vw, 665px\" \/><\/p>\n<p>Tekintve, hogy a Duna hazai szakasz\u00e1n m\u0171k\u00f6d\u0151 v\u00edz\u00fcgyi igazgat\u00f3s\u00e1gok munkat\u00e1rsainak esetenk\u00e9nt t\u00f6bb napon \u00e1t folyamatosan szolg\u00e1latban kell \u00e1llniuk a haj\u00f3kon, az EREB\u00c9-t is \u00fagy alak\u00edtott\u00e1k ki, hogy megfelel\u0151 mennyis\u00e9g\u0171 iv\u00f3vizet, \u00fczemanyagot \u00e9s eszk\u00f6zt is tudjanak t\u00e1rolni rajta. Ezen k\u00edv\u00fcl a korm\u00e1ny\u00e1ll\u00e1sa el\u0151tt egy nagym\u00e9ret\u0171, 32 m2-es munkat\u00e9r is helyet kapott, kieg\u00e9sz\u00edtve egy 2 tonna teherb\u00edr\u00e1s\u00fa daruval.<\/p>\n<p>M\u00e9g a j\u00faliusi \u00e1tad\u00e1son dr. V\u00f6lner P\u00e1l orsz\u00e1ggy\u0171l\u00e9si k\u00e9pvisel\u0151 \u2013 aki egyben a Magyar Haj\u00f3z\u00e1si Orsz\u00e1gos Sz\u00f6vets\u00e9g eln\u00f6ke is \u2013, elmondta, hogy az\u00e9rt is \u00e9rdekes az EREBE, mert Nyerges\u00fajfaluban, az MSK Steel Kft. telephely\u00e9n gy\u00e1rtott\u00e1k a kit\u0171z\u0151haj\u00f3 szerkezet\u00e9t, ugyanitt pedig \u00f3ce\u00e1nj\u00e1r\u00f3kba lifteket is gy\u00e1rtanak.<\/p>\n<p><strong><em>Tavaly j\u00faliusban pezsg\u0151vel keresztelt\u00e9k meg Nyerges\u00fajfaluban az EREB\u00c9-t:<\/em><\/strong><\/p>\n<p><iframe title=\"\u00cdgy bocs\u00e1jtott\u00e1k v\u00edzre az \u00faj kit\u0171z\u0151haj\u00f3t Nyerges\u00fajfalun\u00e1l\" width=\"755\" height=\"425\" src=\"https:\/\/www.youtube.com\/embed\/2zh0L-hbJRU?feature=oembed\" frameborder=\"0\" allow=\"accelerometer; autoplay; clipboard-write; encrypted-media; gyroscope; picture-in-picture; web-share\" referrerpolicy=\"strict-origin-when-cross-origin\" allowfullscreen><\/iframe><\/p>\n<p><em>Fot\u00f3k, forr\u00e1s: \u00c9DUVIZIG \/ dorogimedence.hu<\/em><\/p>\n","protected":false},"excerpt":{"rendered":"<p>M\u00e9g 2020 j\u00falius\u00e1ban bocs\u00e1jtott\u00e1k v\u00edzre a Nyerges\u00fajfaluban gy\u00e1rtott EREBE nev\u0171 kit\u0171z\u0151haj\u00f3t. A 2021. febru\u00e1r 24-\u00e9n megtartott ellen\u0151rz\u0151 fut\u00f3pr\u00f3b\u00e1it k\u00f6vet\u0151en szolg\u00e1latba is \u00e1llt a haj\u00f3, ezzel \u00fajabb v\u00edzi j\u00e1rm\u0171vel gazdagodott az \u00c9szak-dun\u00e1nt\u00fali V\u00edz\u00fcgyi Igazgat\u00f3s\u00e1g (\u00c9DUVIZIG). Egy \u00faj haj\u00f3 \u00e1tad\u00e1sa k\u00fcl\u00f6nleges esem\u00e9ny a haj\u00f3s \u00e9s a v\u00edz\u00fcgyi szakemberek sz\u00e1m\u00e1ra, hiszen utolj\u00e1ra a \u201980-as \u00e9vek v\u00e9g\u00e9n volt arra<\/p>\n","protected":false},"author":1,"featured_media":26049,"comment_status":"closed","ping_status":"closed","sticky":false,"template":"","format":"standard","meta":{"ngg_post_thumbnail":0,"footnotes":""},"categories":[3,1390],"tags":[5442,5468,5467,747,4995,140],"class_list":{"0":"post-30772","1":"post","2":"type-post","3":"status-publish","4":"format-standard","5":"has-post-thumbnail","7":"category-hirek","8":"category-nyergesujfalu","9":"tag-eduvizig","10":"tag-erebe","11":"tag-eszak-dunantuli-vizugyi-igazgatosag","12":"tag-hajo","13":"tag-kituzohajo","14":"tag-nyergesujfalu"},"yoast_head":"<!-- This site is optimized with the Yoast SEO plugin v27.4 - https:\/\/yoast.com\/product\/yoast-seo-wordpress\/ -->\n<title>Szolg\u00e1latba \u00e1llt a Nyerges\u00fajfaluban gy\u00e1rtott kit\u0171z\u0151haj\u00f3<\/title>\n<meta name=\"robots\" content=\"index, follow, max-snippet:-1, max-image-preview:large, max-video-preview:-1\" \/>\n<link rel=\"canonical\" href=\"https:\/\/dorogimedence.hu\/index.php\/2021\/03\/02\/szolgalatba-allt-a-nyergesujfaluban-gyartott-kituzohajo\/\" class=\"yoast-seo-meta-tag\" \/>\n<meta property=\"og:locale\" content=\"hu_HU\" class=\"yoast-seo-meta-tag\" \/>\n<meta property=\"og:type\" content=\"article\" class=\"yoast-seo-meta-tag\" \/>\n<meta property=\"og:title\" content=\"Szolg\u00e1latba \u00e1llt a Nyerges\u00fajfaluban gy\u00e1rtott kit\u0171z\u0151haj\u00f3\" class=\"yoast-seo-meta-tag\" \/>\n<meta property=\"og:description\" content=\"M\u00e9g 2020 j\u00falius\u00e1ban bocs\u00e1jtott\u00e1k v\u00edzre a Nyerges\u00fajfaluban gy\u00e1rtott EREBE nev\u0171 kit\u0171z\u0151haj\u00f3t. A 2021. febru\u00e1r 24-\u00e9n megtartott ellen\u0151rz\u0151 fut\u00f3pr\u00f3b\u00e1it k\u00f6vet\u0151en szolg\u00e1latba is \u00e1llt a haj\u00f3, ezzel \u00fajabb v\u00edzi j\u00e1rm\u0171vel gazdagodott az \u00c9szak-dun\u00e1nt\u00fali V\u00edz\u00fcgyi Igazgat\u00f3s\u00e1g (\u00c9DUVIZIG). Egy \u00faj haj\u00f3 \u00e1tad\u00e1sa k\u00fcl\u00f6nleges esem\u00e9ny a haj\u00f3s \u00e9s a v\u00edz\u00fcgyi szakemberek sz\u00e1m\u00e1ra, hiszen utolj\u00e1ra a \u201980-as \u00e9vek v\u00e9g\u00e9n volt arra\" class=\"yoast-seo-meta-tag\" \/>\n<meta property=\"og:url\" content=\"https:\/\/dorogimedence.hu\/index.php\/2021\/03\/02\/szolgalatba-allt-a-nyergesujfaluban-gyartott-kituzohajo\/\" class=\"yoast-seo-meta-tag\" \/>\n<meta property=\"og:site_name\" content=\"Dorogi-medence Region\u00e1lis H\u00edrport\u00e1l\" class=\"yoast-seo-meta-tag\" \/>\n<meta property=\"article:publisher\" content=\"https:\/\/www.facebook.com\/dorogimedence\/\" class=\"yoast-seo-meta-tag\" \/>\n<meta property=\"article:published_time\" content=\"2021-03-02T10:09:22+00:00\" class=\"yoast-seo-meta-tag\" \/>\n<meta property=\"article:modified_time\" content=\"2021-03-02T10:32:50+00:00\" class=\"yoast-seo-meta-tag\" \/>\n<meta property=\"og:image\" content=\"https:\/\/i0.wp.com\/dorogimedence.hu\/wp-content\/uploads\/2020\/07\/kituzo-01.jpg?fit=830%2C450&ssl=1\" class=\"yoast-seo-meta-tag\" \/>\n\t<meta property=\"og:image:width\" content=\"830\" class=\"yoast-seo-meta-tag\" \/>\n\t<meta property=\"og:image:height\" content=\"450\" class=\"yoast-seo-meta-tag\" \/>\n\t<meta property=\"og:image:type\" content=\"image\/jpeg\" class=\"yoast-seo-meta-tag\" \/>\n<meta name=\"author\" content=\"dorogimedence.hu\" class=\"yoast-seo-meta-tag\" \/>\n<meta name=\"twitter:card\" content=\"summary_large_image\" class=\"yoast-seo-meta-tag\" \/>\n<meta name=\"twitter:label1\" content=\"Szerz\u0151:\" class=\"yoast-seo-meta-tag\" \/>\n\t<meta name=\"twitter:data1\" content=\"dorogimedence.hu\" class=\"yoast-seo-meta-tag\" \/>\n\t<meta name=\"twitter:label2\" content=\"Becs\u00fclt olvas\u00e1si id\u0151\" class=\"yoast-seo-meta-tag\" \/>\n\t<meta name=\"twitter:data2\" content=\"3 perc\" class=\"yoast-seo-meta-tag\" \/>\n<script type=\"application\/ld+json\" class=\"yoast-schema-graph\">{\"@context\":\"https:\\\/\\\/schema.org\",\"@graph\":[{\"@type\":\"Article\",\"@id\":\"https:\\\/\\\/dorogimedence.hu\\\/index.php\\\/2021\\\/03\\\/02\\\/szolgalatba-allt-a-nyergesujfaluban-gyartott-kituzohajo\\\/#article\",\"isPartOf\":{\"@id\":\"https:\\\/\\\/dorogimedence.hu\\\/index.php\\\/2021\\\/03\\\/02\\\/szolgalatba-allt-a-nyergesujfaluban-gyartott-kituzohajo\\\/\"},\"author\":{\"name\":\"dorogimedence.hu\",\"@id\":\"https:\\\/\\\/dorogimedence.hu\\\/#\\\/schema\\\/person\\\/ce6091eeb7e95ecdc87890d6aa8e0fd4\"},\"headline\":\"Szolg\u00e1latba \u00e1llt a Nyerges\u00fajfaluban gy\u00e1rtott kit\u0171z\u0151haj\u00f3\",\"datePublished\":\"2021-03-02T10:09:22+00:00\",\"dateModified\":\"2021-03-02T10:32:50+00:00\",\"mainEntityOfPage\":{\"@id\":\"https:\\\/\\\/dorogimedence.hu\\\/index.php\\\/2021\\\/03\\\/02\\\/szolgalatba-allt-a-nyergesujfaluban-gyartott-kituzohajo\\\/\"},\"wordCount\":541,\"publisher\":{\"@id\":\"https:\\\/\\\/dorogimedence.hu\\\/#organization\"},\"image\":{\"@id\":\"https:\\\/\\\/dorogimedence.hu\\\/index.php\\\/2021\\\/03\\\/02\\\/szolgalatba-allt-a-nyergesujfaluban-gyartott-kituzohajo\\\/#primaryimage\"},\"thumbnailUrl\":\"https:\\\/\\\/dorogimedence.hu\\\/wp-content\\\/uploads\\\/2020\\\/07\\\/kituzo-01.jpg\",\"keywords\":[\"\u00c9DUVIZIG\",\"EREBE\",\"\u00c9szak-dun\u00e1nt\u00fali V\u00edz\u00fcgyi Igazgat\u00f3s\u00e1g\",\"haj\u00f3\",\"kit\u0171z\u0151haj\u00f3\",\"Nyerges\u00fajfalu\"],\"articleSection\":[\"H\u00edrek\",\"Nyerges\u00fajfalu\"],\"inLanguage\":\"hu\"},{\"@type\":\"WebPage\",\"@id\":\"https:\\\/\\\/dorogimedence.hu\\\/index.php\\\/2021\\\/03\\\/02\\\/szolgalatba-allt-a-nyergesujfaluban-gyartott-kituzohajo\\\/\",\"url\":\"https:\\\/\\\/dorogimedence.hu\\\/index.php\\\/2021\\\/03\\\/02\\\/szolgalatba-allt-a-nyergesujfaluban-gyartott-kituzohajo\\\/\",\"name\":\"Szolg\u00e1latba \u00e1llt a Nyerges\u00fajfaluban gy\u00e1rtott kit\u0171z\u0151haj\u00f3\",\"isPartOf\":{\"@id\":\"https:\\\/\\\/dorogimedence.hu\\\/#website\"},\"primaryImageOfPage\":{\"@id\":\"https:\\\/\\\/dorogimedence.hu\\\/index.php\\\/2021\\\/03\\\/02\\\/szolgalatba-allt-a-nyergesujfaluban-gyartott-kituzohajo\\\/#primaryimage\"},\"image\":{\"@id\":\"https:\\\/\\\/dorogimedence.hu\\\/index.php\\\/2021\\\/03\\\/02\\\/szolgalatba-allt-a-nyergesujfaluban-gyartott-kituzohajo\\\/#primaryimage\"},\"thumbnailUrl\":\"https:\\\/\\\/dorogimedence.hu\\\/wp-content\\\/uploads\\\/2020\\\/07\\\/kituzo-01.jpg\",\"datePublished\":\"2021-03-02T10:09:22+00:00\",\"dateModified\":\"2021-03-02T10:32:50+00:00\",\"breadcrumb\":{\"@id\":\"https:\\\/\\\/dorogimedence.hu\\\/index.php\\\/2021\\\/03\\\/02\\\/szolgalatba-allt-a-nyergesujfaluban-gyartott-kituzohajo\\\/#breadcrumb\"},\"inLanguage\":\"hu\",\"potentialAction\":[{\"@type\":\"ReadAction\",\"target\":[\"https:\\\/\\\/dorogimedence.hu\\\/index.php\\\/2021\\\/03\\\/02\\\/szolgalatba-allt-a-nyergesujfaluban-gyartott-kituzohajo\\\/\"]}]},{\"@type\":\"ImageObject\",\"inLanguage\":\"hu\",\"@id\":\"https:\\\/\\\/dorogimedence.hu\\\/index.php\\\/2021\\\/03\\\/02\\\/szolgalatba-allt-a-nyergesujfaluban-gyartott-kituzohajo\\\/#primaryimage\",\"url\":\"https:\\\/\\\/dorogimedence.hu\\\/wp-content\\\/uploads\\\/2020\\\/07\\\/kituzo-01.jpg\",\"contentUrl\":\"https:\\\/\\\/dorogimedence.hu\\\/wp-content\\\/uploads\\\/2020\\\/07\\\/kituzo-01.jpg\",\"width\":830,\"height\":450},{\"@type\":\"BreadcrumbList\",\"@id\":\"https:\\\/\\\/dorogimedence.hu\\\/index.php\\\/2021\\\/03\\\/02\\\/szolgalatba-allt-a-nyergesujfaluban-gyartott-kituzohajo\\\/#breadcrumb\",\"itemListElement\":[{\"@type\":\"ListItem\",\"position\":1,\"name\":\"Kezd\u0151lap\",\"item\":\"https:\\\/\\\/dorogimedence.hu\\\/\"},{\"@type\":\"ListItem\",\"position\":2,\"name\":\"Szolg\u00e1latba \u00e1llt a Nyerges\u00fajfaluban gy\u00e1rtott kit\u0171z\u0151haj\u00f3\"}]},{\"@type\":\"WebSite\",\"@id\":\"https:\\\/\\\/dorogimedence.hu\\\/#website\",\"url\":\"https:\\\/\\\/dorogimedence.hu\\\/\",\"name\":\"Dorogi-medence Region\u00e1lis H\u00edrport\u00e1l\",\"description\":\"Dorog, Keszt\u00f6lc, Le\u00e1nyv\u00e1r, Piliscs\u00e9v, Tokod, Tokodalt\u00e1r\u00f3, Csolnok, Esztergom-kertv\u00e1ros: h\u00edrek, programok\",\"publisher\":{\"@id\":\"https:\\\/\\\/dorogimedence.hu\\\/#organization\"},\"potentialAction\":[{\"@type\":\"SearchAction\",\"target\":{\"@type\":\"EntryPoint\",\"urlTemplate\":\"https:\\\/\\\/dorogimedence.hu\\\/?s={search_term_string}\"},\"query-input\":{\"@type\":\"PropertyValueSpecification\",\"valueRequired\":true,\"valueName\":\"search_term_string\"}}],\"inLanguage\":\"hu\"},{\"@type\":\"Organization\",\"@id\":\"https:\\\/\\\/dorogimedence.hu\\\/#organization\",\"name\":\"Dorogi-medence Region\u00e1lis H\u00edrport\u00e1l\",\"url\":\"https:\\\/\\\/dorogimedence.hu\\\/\",\"logo\":{\"@type\":\"ImageObject\",\"inLanguage\":\"hu\",\"@id\":\"https:\\\/\\\/dorogimedence.hu\\\/#\\\/schema\\\/logo\\\/image\\\/\",\"url\":\"https:\\\/\\\/dorogimedence.hu\\\/wp-content\\\/uploads\\\/2021\\\/04\\\/logo-feher-600.png\",\"contentUrl\":\"https:\\\/\\\/dorogimedence.hu\\\/wp-content\\\/uploads\\\/2021\\\/04\\\/logo-feher-600.png\",\"width\":600,\"height\":100,\"caption\":\"Dorogi-medence Region\u00e1lis H\u00edrport\u00e1l\"},\"image\":{\"@id\":\"https:\\\/\\\/dorogimedence.hu\\\/#\\\/schema\\\/logo\\\/image\\\/\"},\"sameAs\":[\"https:\\\/\\\/www.facebook.com\\\/dorogimedence\\\/\"]},{\"@type\":\"Person\",\"@id\":\"https:\\\/\\\/dorogimedence.hu\\\/#\\\/schema\\\/person\\\/ce6091eeb7e95ecdc87890d6aa8e0fd4\",\"name\":\"dorogimedence.hu\",\"image\":{\"@type\":\"ImageObject\",\"inLanguage\":\"hu\",\"@id\":\"\\\/\\\/www.gravatar.com\\\/avatar\\\/d8d45f8901aadff40a4af72c0b826f1d?s=96&#038;r=g&#038;d=mm\",\"url\":\"\\\/\\\/www.gravatar.com\\\/avatar\\\/d8d45f8901aadff40a4af72c0b826f1d?s=96&#038;r=g&#038;d=mm\",\"contentUrl\":\"\\\/\\\/www.gravatar.com\\\/avatar\\\/d8d45f8901aadff40a4af72c0b826f1d?s=96&#038;r=g&#038;d=mm\",\"caption\":\"dorogimedence.hu\"}}]}<\/script>\n<!-- \/ Yoast SEO plugin. -->","yoast_head_json":{"title":"Szolg\u00e1latba \u00e1llt a Nyerges\u00fajfaluban gy\u00e1rtott kit\u0171z\u0151haj\u00f3","robots":{"index":"index","follow":"follow","max-snippet":"max-snippet:-1","max-image-preview":"max-image-preview:large","max-video-preview":"max-video-preview:-1"},"canonical":"https:\/\/dorogimedence.hu\/index.php\/2021\/03\/02\/szolgalatba-allt-a-nyergesujfaluban-gyartott-kituzohajo\/","og_locale":"hu_HU","og_type":"article","og_title":"Szolg\u00e1latba \u00e1llt a Nyerges\u00fajfaluban gy\u00e1rtott kit\u0171z\u0151haj\u00f3","og_description":"M\u00e9g 2020 j\u00falius\u00e1ban bocs\u00e1jtott\u00e1k v\u00edzre a Nyerges\u00fajfaluban gy\u00e1rtott EREBE nev\u0171 kit\u0171z\u0151haj\u00f3t. A 2021. febru\u00e1r 24-\u00e9n megtartott ellen\u0151rz\u0151 fut\u00f3pr\u00f3b\u00e1it k\u00f6vet\u0151en szolg\u00e1latba is \u00e1llt a haj\u00f3, ezzel \u00fajabb v\u00edzi j\u00e1rm\u0171vel gazdagodott az \u00c9szak-dun\u00e1nt\u00fali V\u00edz\u00fcgyi Igazgat\u00f3s\u00e1g (\u00c9DUVIZIG). Egy \u00faj haj\u00f3 \u00e1tad\u00e1sa k\u00fcl\u00f6nleges esem\u00e9ny a haj\u00f3s \u00e9s a v\u00edz\u00fcgyi szakemberek sz\u00e1m\u00e1ra, hiszen utolj\u00e1ra a \u201980-as \u00e9vek v\u00e9g\u00e9n volt arra","og_url":"https:\/\/dorogimedence.hu\/index.php\/2021\/03\/02\/szolgalatba-allt-a-nyergesujfaluban-gyartott-kituzohajo\/","og_site_name":"Dorogi-medence Region\u00e1lis H\u00edrport\u00e1l","article_publisher":"https:\/\/www.facebook.com\/dorogimedence\/","article_published_time":"2021-03-02T10:09:22+00:00","article_modified_time":"2021-03-02T10:32:50+00:00","og_image":[{"width":830,"height":450,"url":"https:\/\/i0.wp.com\/dorogimedence.hu\/wp-content\/uploads\/2020\/07\/kituzo-01.jpg?fit=830%2C450&ssl=1","type":"image\/jpeg"}],"author":"dorogimedence.hu","twitter_card":"summary_large_image","twitter_misc":{"Szerz\u0151:":"dorogimedence.hu","Becs\u00fclt olvas\u00e1si id\u0151":"3 perc"},"schema":{"@context":"https:\/\/schema.org","@graph":[{"@type":"Article","@id":"https:\/\/dorogimedence.hu\/index.php\/2021\/03\/02\/szolgalatba-allt-a-nyergesujfaluban-gyartott-kituzohajo\/#article","isPartOf":{"@id":"https:\/\/dorogimedence.hu\/index.php\/2021\/03\/02\/szolgalatba-allt-a-nyergesujfaluban-gyartott-kituzohajo\/"},"author":{"name":"dorogimedence.hu","@id":"https:\/\/dorogimedence.hu\/#\/schema\/person\/ce6091eeb7e95ecdc87890d6aa8e0fd4"},"headline":"Szolg\u00e1latba \u00e1llt a Nyerges\u00fajfaluban gy\u00e1rtott kit\u0171z\u0151haj\u00f3","datePublished":"2021-03-02T10:09:22+00:00","dateModified":"2021-03-02T10:32:50+00:00","mainEntityOfPage":{"@id":"https:\/\/dorogimedence.hu\/index.php\/2021\/03\/02\/szolgalatba-allt-a-nyergesujfaluban-gyartott-kituzohajo\/"},"wordCount":541,"publisher":{"@id":"https:\/\/dorogimedence.hu\/#organization"},"image":{"@id":"https:\/\/dorogimedence.hu\/index.php\/2021\/03\/02\/szolgalatba-allt-a-nyergesujfaluban-gyartott-kituzohajo\/#primaryimage"},"thumbnailUrl":"https:\/\/dorogimedence.hu\/wp-content\/uploads\/2020\/07\/kituzo-01.jpg","keywords":["\u00c9DUVIZIG","EREBE","\u00c9szak-dun\u00e1nt\u00fali V\u00edz\u00fcgyi Igazgat\u00f3s\u00e1g","haj\u00f3","kit\u0171z\u0151haj\u00f3","Nyerges\u00fajfalu"],"articleSection":["H\u00edrek","Nyerges\u00fajfalu"],"inLanguage":"hu"},{"@type":"WebPage","@id":"https:\/\/dorogimedence.hu\/index.php\/2021\/03\/02\/szolgalatba-allt-a-nyergesujfaluban-gyartott-kituzohajo\/","url":"https:\/\/dorogimedence.hu\/index.php\/2021\/03\/02\/szolgalatba-allt-a-nyergesujfaluban-gyartott-kituzohajo\/","name":"Szolg\u00e1latba \u00e1llt a Nyerges\u00fajfaluban gy\u00e1rtott kit\u0171z\u0151haj\u00f3","isPartOf":{"@id":"https:\/\/dorogimedence.hu\/#website"},"primaryImageOfPage":{"@id":"https:\/\/dorogimedence.hu\/index.php\/2021\/03\/02\/szolgalatba-allt-a-nyergesujfaluban-gyartott-kituzohajo\/#primaryimage"},"image":{"@id":"https:\/\/dorogimedence.hu\/index.php\/2021\/03\/02\/szolgalatba-allt-a-nyergesujfaluban-gyartott-kituzohajo\/#primaryimage"},"thumbnailUrl":"https:\/\/dorogimedence.hu\/wp-content\/uploads\/2020\/07\/kituzo-01.jpg","datePublished":"2021-03-02T10:09:22+00:00","dateModified":"2021-03-02T10:32:50+00:00","breadcrumb":{"@id":"https:\/\/dorogimedence.hu\/index.php\/2021\/03\/02\/szolgalatba-allt-a-nyergesujfaluban-gyartott-kituzohajo\/#breadcrumb"},"inLanguage":"hu","potentialAction":[{"@type":"ReadAction","target":["https:\/\/dorogimedence.hu\/index.php\/2021\/03\/02\/szolgalatba-allt-a-nyergesujfaluban-gyartott-kituzohajo\/"]}]},{"@type":"ImageObject","inLanguage":"hu","@id":"https:\/\/dorogimedence.hu\/index.php\/2021\/03\/02\/szolgalatba-allt-a-nyergesujfaluban-gyartott-kituzohajo\/#primaryimage","url":"https:\/\/dorogimedence.hu\/wp-content\/uploads\/2020\/07\/kituzo-01.jpg","contentUrl":"https:\/\/dorogimedence.hu\/wp-content\/uploads\/2020\/07\/kituzo-01.jpg","width":830,"height":450},{"@type":"BreadcrumbList","@id":"https:\/\/dorogimedence.hu\/index.php\/2021\/03\/02\/szolgalatba-allt-a-nyergesujfaluban-gyartott-kituzohajo\/#breadcrumb","itemListElement":[{"@type":"ListItem","position":1,"name":"Kezd\u0151lap","item":"https:\/\/dorogimedence.hu\/"},{"@type":"ListItem","position":2,"name":"Szolg\u00e1latba \u00e1llt a Nyerges\u00fajfaluban gy\u00e1rtott kit\u0171z\u0151haj\u00f3"}]},{"@type":"WebSite","@id":"https:\/\/dorogimedence.hu\/#website","url":"https:\/\/dorogimedence.hu\/","name":"Dorogi-medence Region\u00e1lis H\u00edrport\u00e1l","description":"Dorog, Keszt\u00f6lc, Le\u00e1nyv\u00e1r, Piliscs\u00e9v, Tokod, Tokodalt\u00e1r\u00f3, Csolnok, Esztergom-kertv\u00e1ros: h\u00edrek, programok","publisher":{"@id":"https:\/\/dorogimedence.hu\/#organization"},"potentialAction":[{"@type":"SearchAction","target":{"@type":"EntryPoint","urlTemplate":"https:\/\/dorogimedence.hu\/?s={search_term_string}"},"query-input":{"@type":"PropertyValueSpecification","valueRequired":true,"valueName":"search_term_string"}}],"inLanguage":"hu"},{"@type":"Organization","@id":"https:\/\/dorogimedence.hu\/#organization","name":"Dorogi-medence Region\u00e1lis H\u00edrport\u00e1l","url":"https:\/\/dorogimedence.hu\/","logo":{"@type":"ImageObject","inLanguage":"hu","@id":"https:\/\/dorogimedence.hu\/#\/schema\/logo\/image\/","url":"https:\/\/dorogimedence.hu\/wp-content\/uploads\/2021\/04\/logo-feher-600.png","contentUrl":"https:\/\/dorogimedence.hu\/wp-content\/uploads\/2021\/04\/logo-feher-600.png","width":600,"height":100,"caption":"Dorogi-medence Region\u00e1lis H\u00edrport\u00e1l"},"image":{"@id":"https:\/\/dorogimedence.hu\/#\/schema\/logo\/image\/"},"sameAs":["https:\/\/www.facebook.com\/dorogimedence\/"]},{"@type":"Person","@id":"https:\/\/dorogimedence.hu\/#\/schema\/person\/ce6091eeb7e95ecdc87890d6aa8e0fd4","name":"dorogimedence.hu","image":{"@type":"ImageObject","inLanguage":"hu","@id":"\/\/www.gravatar.com\/avatar\/d8d45f8901aadff40a4af72c0b826f1d?s=96&#038;r=g&#038;d=mm","url":"\/\/www.gravatar.com\/avatar\/d8d45f8901aadff40a4af72c0b826f1d?s=96&#038;r=g&#038;d=mm","contentUrl":"\/\/www.gravatar.com\/avatar\/d8d45f8901aadff40a4af72c0b826f1d?s=96&#038;r=g&#038;d=mm","caption":"dorogimedence.hu"}}]}},"_links":{"self":[{"href":"https:\/\/dorogimedence.hu\/index.php\/wp-json\/wp\/v2\/posts\/30772","targetHints":{"allow":["GET"]}}],"collection":[{"href":"https:\/\/dorogimedence.hu\/index.php\/wp-json\/wp\/v2\/posts"}],"about":[{"href":"https:\/\/dorogimedence.hu\/index.php\/wp-json\/wp\/v2\/types\/post"}],"author":[{"embeddable":true,"href":"https:\/\/dorogimedence.hu\/index.php\/wp-json\/wp\/v2\/users\/1"}],"replies":[{"embeddable":true,"href":"https:\/\/dorogimedence.hu\/index.php\/wp-json\/wp\/v2\/comments?post=30772"}],"version-history":[{"count":0,"href":"https:\/\/dorogimedence.hu\/index.php\/wp-json\/wp\/v2\/posts\/30772\/revisions"}],"wp:featuredmedia":[{"embeddable":true,"href":"https:\/\/dorogimedence.hu\/index.php\/wp-json\/wp\/v2\/media\/26049"}],"wp:attachment":[{"href":"https:\/\/dorogimedence.hu\/index.php\/wp-json\/wp\/v2\/media?parent=30772"}],"wp:term":[{"taxonomy":"category","embeddable":true,"href":"https:\/\/dorogimedence.hu\/index.php\/wp-json\/wp\/v2\/categories?post=30772"},{"taxonomy":"post_tag","embeddable":true,"href":"https:\/\/dorogimedence.hu\/index.php\/wp-json\/wp\/v2\/tags?post=30772"}],"curies":[{"name":"wp","href":"https:\/\/api.w.org\/{rel}","templated":true}]}}