{"id":30754,"date":"2021-03-02T06:46:42","date_gmt":"2021-03-02T05:46:42","guid":{"rendered":"http:\/\/dorogimedence.hu\/?p=30754"},"modified":"2021-10-18T05:20:39","modified_gmt":"2021-10-18T03:20:39","slug":"20-eve-tortent-grosics-gyula-diszpolgarra-avatasa-es-a-dorogi-fc-orokos-tagja-cim-atadasa","status":"publish","type":"post","link":"https:\/\/dorogimedence.hu\/index.php\/2021\/03\/02\/20-eve-tortent-grosics-gyula-diszpolgarra-avatasa-es-a-dorogi-fc-orokos-tagja-cim-atadasa\/","title":{"rendered":"20 \u00e9ve t\u00f6rt\u00e9nt: Grosics Gyula d\u00edszpolg\u00e1rr\u00e1 avat\u00e1sa \u00e9s a Dorogi FC \u00d6r\u00f6k\u00f6s Tagja c\u00edm \u00e1tad\u00e1sa"},"content":{"rendered":"<p><strong>Kerek k\u00e9t \u00e9vtizeddel ezel\u0151tt, 2001. m\u00e1rcius 2-\u00e1n orsz\u00e1gra-sz\u00f3l\u00f3 esem\u00e9nyt rendeztek a dorogi J\u00f3zsef Attila M\u0171vel\u0151d\u00e9si H\u00e1z sz\u00ednh\u00e1zterm\u00e9ben, sz\u00e9psz\u00e1m\u00fa vend\u00e9gsereg r\u00e9szv\u00e9tel\u00e9vel. Az \u00fcnnepl\u0151k k\u00f6z\u00f6tt foglaltak helyet t\u00f6bben is az egyetemes magyar sport kiv\u00e1l\u00f3s\u00e1gai k\u00f6z\u00fcl. A nagyszab\u00e1s\u00fa rendezv\u00e9ny sor\u00e1n k\u00f6sz\u00f6nt\u00f6tt\u00e9k Grosics Gyul\u00e1t 75. sz\u00fclet\u00e9snapja alkalm\u00e1b\u00f3l, valamint a Dorogi FC legmagasabb elismer\u00e9s\u00e9t jelent\u0151 \u00f6r\u00f6k\u00f6s tags\u00e1gi c\u00edmet adom\u00e1nyoztak harminc egykori dorogi labdar\u00fag\u00f3nak \u00e9s szakvezet\u0151nek<\/strong> <em>&#8211; Szab\u00f3 Gyula cikke.<\/em><\/p>\n<p>Dorog v\u00e1ros vezet\u0151iben m\u00e1r a kor\u00e1bbiakban is felmer\u00fclt a d\u00edszpolg\u00e1ri c\u00edm adom\u00e1nyoz\u00e1s\u00e1nak lehet\u0151s\u00e9ge Grosics Gyula r\u00e9sz\u00e9re, azonban bizonyos szigor\u00fa krit\u00e9riumok miatt mindez m\u00e9g j\u00f3 ideig akad\u00e1lyba \u00fctk\u00f6z\u00f6tt. Ugyanis e legmagasabb v\u00e1rosi c\u00edm oda\u00edt\u00e9l\u00e9s\u00e9hez nem csak Dorog t\u00f6rt\u00e9net\u00e9ben \u00e9s \u00e9let\u00e9ben bet\u00f6lt\u00f6tt kimagasl\u00f3 \u00e9rdemek, de a feddhetetlen erk\u00f6lcsi h\u00e1tt\u00e9r is elengedhetetlen. A t\u00f6rt\u00e9nelem viharai sor\u00e1n a regn\u00e1l\u00f3 kommunista hatalom sz\u00e1mtalan alkalommal ind\u00edtott koncepci\u00f3s pereket Grosics Gyula ellen, amely sor\u00e1n t\u00f6bb pontban is elmarasztal\u00e1sra ker\u00fclt, s egyenesen haza\u00e1rul\u00e1s v\u00e1dj\u00e1val is illett\u00e9k. Noha k\u00f6zismert volt ezen r\u00e1galmak megalapozatlans\u00e1ga, m\u00e9gis a t\u00f6rv\u00e9nyek \u00e9rtelm\u00e9ben megb\u00e9lyegzett szem\u00e9lly\u00e9 v\u00e1lt. Ezen t\u00e9ny\u00e1ll\u00e1sok miatt viszont a helyi \u00f6nkorm\u00e1nyzat nem \u00edt\u00e9lhette oda a d\u00edszpolg\u00e1ri c\u00edmet. \u00c9vekkel kor\u00e1bban viszont fel\u00fclvizsg\u00e1latra ker\u00fcltek a politikai el\u00edt\u00e9ltek \u00fcgyei \u00e9s rendre ejtett\u00e9k a v\u00e1dakat. Id\u0151k\u00f6zben Grosics Gyula rehabilit\u00e1ci\u00f3ja is megt\u00f6rt\u00e9nt, s\u0151t m\u00e9g egykori katonai rendfokozat\u00e1t is visszakapta. Ez\u00e1ltal minden akad\u00e1ly elh\u00e1rult, \u00edgy a v\u00e1ros vezet\u0151inek 2001 \u00e9v elej\u00e9n megtartott k\u00f6zgy\u0171l\u00e9s\u00e9n egyhang\u00faan szavazt\u00e1k meg a c\u00edm oda\u00edt\u00e9l\u00e9s\u00e9t Grosicsnak. A kit\u00fcntet\u00e9s \u00e1tad\u00e1s\u00e1hoz k\u00e9zenfekv\u0151 alkalomnak bizonyult a d\u00edjazott 75. \u00e9ves sz\u00fclet\u00e9snapi \u00e9vfordul\u00f3ja.<\/p>\n<p style=\"text-align: center;\"><img fetchpriority=\"high\" decoding=\"async\" class=\"alignnone size-full wp-image-30756\" src=\"https:\/\/dorogimedence.hu\/wp-content\/uploads\/2021\/03\/grosics-02.jpg\" alt=\"\" width=\"830\" height=\"500\" srcset=\"https:\/\/dorogimedence.hu\/wp-content\/uploads\/2021\/03\/grosics-02.jpg 830w, https:\/\/dorogimedence.hu\/wp-content\/uploads\/2021\/03\/grosics-02-300x181.jpg 300w, https:\/\/dorogimedence.hu\/wp-content\/uploads\/2021\/03\/grosics-02-768x463.jpg 768w\" sizes=\"(max-width: 830px) 100vw, 830px\" \/><em>Dorog v\u00e1ros d\u00edszpolg\u00e1ra, Grosics Gyula<\/em><\/p>\n<p>Az \u00fcnnepi d\u00edj\u00e1tad\u00e1st \u00f6sszekapcsolt\u00e1k a Dorogi FC szok\u00e1sos \u00e9vadnyit\u00f3 ank\u00e9tj\u00e1hoz, amely az \u00faj \u00e9vezredbe l\u00e9pve \u00f6nmag\u00e1ban is k\u00fcl\u00f6nleges \u00e9s \u00fcnnep\u00e9lyes sz\u00ednezetet kapott. Mind a v\u00e1ros, mind annak nagy m\u00falt\u00fa sportegyes\u00fclete t\u00f6rt\u00e9net\u00e9nek \u00faj fejezete vette kezdet\u00e9t a XXI. sz\u00e1zad k\u00fcsz\u00f6b\u00e9n. Ebb\u0151l az alkalomb\u00f3l maga a sportklub is jeles d\u00edjat hozott l\u00e9tre, amely egykori tagjainak elismer\u00e9s\u00e9t szolg\u00e1lta. A klub eln\u00f6ks\u00e9ge els\u0151 k\u00f6rben harminc olyan szem\u00e9ly r\u00e9sz\u00e9re \u00edt\u00e9lte oda a d\u00edjat, akik az egyes\u00fclet t\u00f6rt\u00e9net\u00e9ben kimagasl\u00f3 szerepet t\u00f6lt\u00f6ttek be. Sz\u00f3 esett a d\u00edj posztumusz oda\u00edt\u00e9l\u00e9s\u00e9r\u0151l is, azonban akkor \u00fagy hat\u00e1roztak, hogy egyel\u0151re az \u00e9l\u0151k t\u00e1bor\u00e1ban tartoz\u00f3 szem\u00e9lyek r\u00e9szes\u00fcljenek benne.<\/p>\n<p>\u00cdgy sz\u00fcletett a d\u00f6nt\u00e9s arr\u00f3l, hogy egy komplett \u00fcnnepi keretek k\u00f6z\u00f6tt a Dorogi FC \u00e9vad-, \u00e9vezrednyit\u00f3 ank\u00e9tja n\u00e9ven ker\u00fclj\u00f6n az esem\u00e9ny megrendez\u00e9sre. A v\u00e1rhat\u00f3 nagy \u00e9rdekl\u0151d\u00e9s \u00e9s az esem\u00e9ny rangj\u00e1t is figyelembe v\u00e9ve a dorogi m\u0171vel\u0151d\u00e9si h\u00e1z sz\u00ednh\u00e1zterm\u00e9re esett a v\u00e1laszt\u00e1s a helysz\u00ednv\u00e1laszt\u00e1skor. A kora tavaszt id\u00e9z\u0151 szikr\u00e1z\u00f3 naps\u00fct\u00e9ses p\u00e9ntek d\u00e9lut\u00e1n sorra gy\u00fclekeztek az illusztris vend\u00e9gek, k\u00f6zt\u00fck Szepesi Gy\u00f6rgy, Hidegkuti N\u00e1ndor, G\u00f6r\u00f6cs J\u00e1nos, S\u00e1ndor &#8222;Csikar&#8221; K\u00e1roly, Szusza Ferenc, akik a Dorogi Sportm\u00fazeum megtekint\u00e9s\u00e9vel ind\u00edtott\u00e1k a nap hivatalos programj\u00e1t, amely az \u00fcnnepi d\u00edszben pomp\u00e1z\u00f3 m\u0171vel\u0151d\u00e9si k\u00f6zpontban folytat\u00f3dott. A hivatalos vend\u00e9gek k\u00f6z\u00f6tt lett volna Pusk\u00e1s Ferenc is, \u00e1m \u00d6csi b\u00e1csi k\u00f3rh\u00e1zi kezel\u00e9se miatt k\u00e9nytelen volt t\u00e1vol maradni, de kedves \u00fczenet\u00e9t elk\u00fcldte az \u00fcnnepl\u0151k r\u00e9sz\u00e9re.<\/p>\n<p style=\"text-align: center;\"><img decoding=\"async\" class=\"alignnone size-full wp-image-30757\" src=\"https:\/\/dorogimedence.hu\/wp-content\/uploads\/2021\/03\/grosics-03.jpg\" alt=\"\" width=\"830\" height=\"1000\" srcset=\"https:\/\/dorogimedence.hu\/wp-content\/uploads\/2021\/03\/grosics-03.jpg 830w, https:\/\/dorogimedence.hu\/wp-content\/uploads\/2021\/03\/grosics-03-249x300.jpg 249w, https:\/\/dorogimedence.hu\/wp-content\/uploads\/2021\/03\/grosics-03-768x925.jpg 768w\" sizes=\"(max-width: 830px) 100vw, 830px\" \/><em>A rendezv\u00e9ny beharangoz\u00f3ja a megyei napilapban<\/em><\/p>\n<p>Az \u00fcnnepi p\u00f3diumon foglaltak helyet az \u00f6nkorm\u00e1nyzat k\u00e9pvisel\u0151i, \u00e9l\u00fck\u00f6n dr. Tittmann J\u00e1nos polg\u00e1rmester, valamint a Dorogi FC eln\u00f6ks\u00e9gi tagjai. A n\u00e9z\u0151t\u00e9r is sz\u00e9pen megtelt az \u00e9rdekl\u0151d\u0151kkel \u00e9s a d\u00edszvend\u00e9gekkel. A k\u00f6sz\u00f6nt\u0151ket k\u00f6vet\u0151en Tittmann polg\u00e1rmester \u00e9s J\u00e1szber\u00e9nyi K\u00e1roly \u00f6nkorm\u00e1nyzati k\u00e9pvisel\u0151 m\u00e9ltatt\u00e1k Grosics Gyula p\u00e1ratlanul gazdag \u00e9s eredm\u00e9nyes p\u00e1lyafut\u00e1s\u00e1t \u00e9s kalandos \u00e9let\u00e9nek legfontosabb \u00e1llom\u00e1sait. A vil\u00e1got bej\u00e1rt m\u00e9lt\u00e1n h\u00edres sportol\u00f3 \u00e9lete Dorogr\u00f3l indult \u00e9s az \u00fcnnepi napon oda is kanyarodott vissza. Grosics nem csak Dorog v\u00e1ros sz\u00fcl\u00f6tte, aki 1926. febru\u00e1r 4-\u00e9n l\u00e1tta meg napvil\u00e1got, de eg\u00e9szen 1947-ig minden Doroghoz k\u00f6t\u00f6tte. Ekkor a nagynev\u0171 MATEOSZ, majd a Honv\u00e9d csapata igazolta le. M\u00e9g a Dorog-sz\u00edneiben j\u00e1tszva kapott megh\u00edv\u00e1st a v\u00e1logatott kerethez. Bozsik J\u00f3zseffel sok\u00e1ig ketten voltak a cs\u00facstart\u00f3k a v\u00e1logatott meccsek tekintet\u00e9ben. Grosics 86-szoros magyar v\u00e1logatotts\u00e1ga \u00f6nmag\u00e1ban is lebilincsel\u0151, azonban a fentebb eml\u00edtett koncepci\u00f3s perek \u00e9s egy\u00e9b meghurcoltat\u00e1sok miatt t\u00f6bb \u00e9vre sz\u00e1m\u0171zt\u00e9k a nemzeti csapatb\u00f3l, \u00edgy m\u00e9g ink\u00e1bb fel\u00e9rt\u00e9kel\u0151dik ez a magas sz\u00e1m. Minden bizonnyal j\u00f3val t\u00f6bb, mint 100 v\u00e1logatott m\u00e9rk\u0151z\u00e9st jegyezhetett volna, ha nem \u0171z vele a hatalom ilyen hajt\u00f3vad\u00e1szatot \u00e9s lej\u00e1rat\u00f3 hadj\u00e1ratot. A kit\u0171n\u0151 kapus h\u00e1rom vil\u00e1gbajnoks\u00e1gon is szerepelt, k\u00f6zte egy alkalommal d\u00f6nt\u0151t is j\u00e1tszott, tov\u00e1bb\u00e1 olimpiai bajnok \u00e9s Eur\u00f3pa-kupa gy\u0151ztes is volt. Szinte vil\u00e1grasz\u00f3l\u00f3an egyedik\u00e9nt, \u00f6tsz\u00f6r\u00f6s vil\u00e1gv\u00e1logatott is volt. Kimagasl\u00f3 sportsikerei \u00e9s hallatlan n\u00e9pszer\u0171s\u00e9ge mellett pedig igaz magyar, a nemzet\u00e9t \u00f3v\u00f3, szeret\u0151 emberk\u00e9nt tartott\u00e1k sz\u00e1mon, akiben a r\u00e9gi legend\u00e1s \u0151s\u00f6kh\u00f6z hasonl\u00f3an az Isten \u00e9s a Haza jelent\u00e9se egybeforrt. Az emelkedett megeml\u00e9kez\u0151 besz\u00e9det k\u00f6vet\u0151en Grosics Gyul\u00e1t sz\u00f3l\u00edtott\u00e1k a sz\u00ednpadra, ahol Tittmann polg\u00e1rmester \u00fcnnep\u00e9lyesen is \u00e1tadta a d\u00edszpolg\u00e1ri c\u00edmet, amelyet az \u00fcnnepelt el\u00e9rz\u00e9keny\u00fclve vett \u00e1t \u00e9s percekig a k\u00f6nnyeivel k\u00fczdve, mik\u00f6zben az \u00fcnnepl\u0151 sereg fel\u00e1llva, vastapssal k\u00f6sz\u00f6nt\u00f6tte. Grosics elcsukl\u00f3 hangon mondott k\u00f6sz\u00f6nete mellett elmondta, hogy nagyon gyakran j\u00e1r Dorogon. Sokszor csak gondol egyet \u00e9s elj\u00f6n, hogy egy kis s\u00e9t\u00e1t tegyen sz\u00fcl\u0151v\u00e1ros\u00e1ban. Hozz\u00e1tette, hogy amikor idej\u00f6n, soha sem azt mondja, hogy egyszer\u0171en Dorogra megy, hanem, hogy haza j\u00f6n.<\/p>\n<p style=\"text-align: center;\"><img decoding=\"async\" class=\"alignnone size-full wp-image-30758\" src=\"https:\/\/dorogimedence.hu\/wp-content\/uploads\/2021\/03\/grosics-04.jpg\" alt=\"\" width=\"830\" height=\"927\" srcset=\"https:\/\/dorogimedence.hu\/wp-content\/uploads\/2021\/03\/grosics-04.jpg 830w, https:\/\/dorogimedence.hu\/wp-content\/uploads\/2021\/03\/grosics-04-269x300.jpg 269w, https:\/\/dorogimedence.hu\/wp-content\/uploads\/2021\/03\/grosics-04-768x858.jpg 768w\" sizes=\"(max-width: 830px) 100vw, 830px\" \/><em>Az \u00d6r\u00f6k\u00f6s Tagok eml\u00e9ktabl\u00f3ja a Sportm\u00fazeumban, a k\u00f6z\u00e9pvonalt\u00f3l balra lent.<\/em><\/p>\n<p>Ezt k\u00f6vet\u0151en az akkor az NB I\/B-ben szerepelt csapat vezet\u0151 edz\u0151je, Honti J\u00f3zsef adott egy szakmai \u00f6sszefoglal\u00f3t a dorogiak t\u00e9li felk\u00e9sz\u00fcl\u00e9s\u00e9r\u0151l \u00e9s az indul\u00f3 szezon (k\u00e9t nappal az \u00fcnneps\u00e9g ut\u00e1n rajtolt a bajnoki szezon) c\u00e9lkit\u0171z\u00e9seir\u0151l, majd j\u00f3magam a dorogi klub hagyom\u00e1nyainak \u00e1pol\u00e1s\u00e1r\u00f3l \u00e9s az \u00fajabb tervek felv\u00e1zol\u00e1s\u00e1r\u00f3l tartottam el\u0151ad\u00e1st a sportt\u00f6rt\u00e9net-kutat\u00e1ssal szorosan \u00f6sszefon\u00f3dva. Ut\u00e1nam Szepesi Gy\u00f6rgy l\u00e9pett a pulpitusra, aki a r\u00e1 jellemz\u0151 hev\u00fclettel \u00e9s bele\u00e9l\u00e9ssel id\u00e9zte fel a dorogi futballhoz val\u00f3 \u00e9lm\u00e9nyeit, k\u00f6t\u0151d\u00e9s\u00e9t. Az emelkedett hangulat k\u00f6zepette pedig m\u00e9ltatt\u00e1k azon egykori sportol\u00f3k \u00e9rdemeit, akik kiemelked\u0151 teljes\u00edtm\u00e9ny\u00fckkel \u00e9s szolg\u00e1lataikkal \u00f6regb\u00edtett\u00e9k a dorogi klub h\u00edrnev\u00e9t. J\u00e1szber\u00e9nyi K\u00e1roly egyes\u00e9vel, \u00e1b\u00e9c\u00e9-sorrendben sz\u00f3l\u00edtotta a sz\u00ednpadra mind a harminc kit\u00fcntetettet, akik r\u00e9sz\u00e9re \u00e1tadt\u00e1k a d\u00edszes oklevelet \u00e9s a hozz\u00e1tartoz\u00f3 igazolv\u00e1nyb\u00f3l \u00e1ll\u00f3 \u00d6r\u00f6k\u00f6s tags\u00e1gi d\u00edjat. Hatalmas tapsvihar k\u00f6zepette sorra j\u00f6ttek fel a sz\u00ednpadra egym\u00e1s mell\u00e9 sorakozva a d\u00edjazottak. Sorrendben: Bakonyi Istv\u00e1n, Bartalos J\u00f3zsef, Buz\u00e1nszky Jen\u0151, Csepecz J\u00e1nos, Cs\u00f3ri L\u00e1szl\u00f3, Gabala Ferenc, G\u00f6b S\u00e1ndor, Grosics Gyula, Fellegi Istv\u00e1n, Ilku Istv\u00e1n, Ilku P\u00e9ter, Hargitai N\u00e1ndor, Harmat J\u00f3zsef, Holdampf S\u00e1ndor, Honti J\u00f3zsef, Horv\u00e1th P\u00e9ter, Laczk\u00f3 Istv\u00e1n, ifj. Laczk\u00f3 Istv\u00e1n, Lakat Jen\u0151, Kaiser J\u00f3zsef, Kertes L\u00e1szl\u00f3, Kov\u00e1cs Antal, K\u00f3nya Istv\u00e1n, Monostori Tivadar, P\u00e1lmai S\u00e1ndor, Peszeki Jen\u0151, Proh\u00e1szka J\u00e1nos, Szab\u00f3 Istv\u00e1n, Tak\u00e1cs Tibor \u00e9s Varga J\u00e1nos.\u00a0 A kit\u00fcntet\u00e9seket Tittmann J\u00e1nos polg\u00e1rmester \u00e9s Kiss L\u00e1szl\u00f3 klubigazgat\u00f3 adta \u00e1t.<\/p>\n<p style=\"text-align: center;\"><img loading=\"lazy\" decoding=\"async\" class=\"alignnone size-full wp-image-30759\" src=\"https:\/\/dorogimedence.hu\/wp-content\/uploads\/2021\/03\/grosics-05.jpg\" alt=\"\" width=\"830\" height=\"627\" srcset=\"https:\/\/dorogimedence.hu\/wp-content\/uploads\/2021\/03\/grosics-05.jpg 830w, https:\/\/dorogimedence.hu\/wp-content\/uploads\/2021\/03\/grosics-05-300x227.jpg 300w, https:\/\/dorogimedence.hu\/wp-content\/uploads\/2021\/03\/grosics-05-768x580.jpg 768w\" sizes=\"(max-width: 830px) 100vw, 830px\" \/><em>A 24 \u00d3ra a c\u00edmlapj\u00e1n sz\u00e1molt be az esem\u00e9nyr\u0151l<\/em><\/p>\n<p>Az \u00fcnneps\u00e9get fogad\u00e1s k\u00f6vette, ahol k\u00f6tetlen, nagyon j\u00f3 hangulat\u00fa besz\u00e9lget\u00e9s k\u00f6zepette id\u00e9zt\u00e9k fel \u00e9lm\u00e9nyeiket az egybegy\u0171ltek. Az \u00d6r\u00f6k\u00f6s Tagok tisztelet\u00e9re k\u00fcl\u00f6n tabl\u00f3 is k\u00e9sz\u00fclt, amely a Sportm\u00fazeum f\u0151 fal\u00e1t d\u00edsz\u00edti.<\/p>\n<p><em>Bor\u00edt\u00f3k\u00e9p: dr. Tittmann J\u00e1nos polg\u00e1rmester Grosics Gyul\u00e1val a d\u00edszpolg\u00e1ri c\u00edm \u00e1tad\u00e1sakor, 2001. m\u00e1rcius 2-\u00e1n.<\/em><\/p>\n<p><em>Szab\u00f3 Gyula<\/em><\/p>\n","protected":false},"excerpt":{"rendered":"<p>Kerek k\u00e9t \u00e9vtizeddel ezel\u0151tt, 2001. m\u00e1rcius 2-\u00e1n orsz\u00e1gra-sz\u00f3l\u00f3 esem\u00e9nyt rendeztek a dorogi J\u00f3zsef Attila M\u0171vel\u0151d\u00e9si H\u00e1z sz\u00ednh\u00e1zterm\u00e9ben, sz\u00e9psz\u00e1m\u00fa vend\u00e9gsereg r\u00e9szv\u00e9tel\u00e9vel. Az \u00fcnnepl\u0151k k\u00f6z\u00f6tt foglaltak helyet t\u00f6bben is az egyetemes magyar sport kiv\u00e1l\u00f3s\u00e1gai k\u00f6z\u00fcl. A nagyszab\u00e1s\u00fa rendezv\u00e9ny sor\u00e1n k\u00f6sz\u00f6nt\u00f6tt\u00e9k Grosics Gyul\u00e1t 75. sz\u00fclet\u00e9snapja alkalm\u00e1b\u00f3l, valamint a Dorogi FC legmagasabb elismer\u00e9s\u00e9t jelent\u0151 \u00f6r\u00f6k\u00f6s tags\u00e1gi c\u00edmet adom\u00e1nyoztak harminc<\/p>\n","protected":false},"author":1,"featured_media":30755,"comment_status":"closed","ping_status":"closed","sticky":false,"template":"","format":"standard","meta":{"ngg_post_thumbnail":0,"footnotes":""},"categories":[2,3,6031,5],"tags":[15,37,70,69,3486,72],"class_list":{"0":"post-30754","1":"post","2":"type-post","3":"status-publish","4":"format-standard","5":"has-post-thumbnail","7":"category-dorog","8":"category-hirek","9":"category-kerek-evfordulok","10":"category-sport","11":"tag-dorog","12":"tag-dorogi-fc","13":"tag-foci","14":"tag-futball","15":"tag-grosics-gyula","16":"tag-labdarugas"},"yoast_head":"<!-- This site is optimized with the Yoast SEO plugin v27.5 - https:\/\/yoast.com\/product\/yoast-seo-wordpress\/ -->\n<title>20 \u00e9ve t\u00f6rt\u00e9nt: Grosics Gyula d\u00edszpolg\u00e1rr\u00e1 avat\u00e1sa \u00e9s a Dorogi FC \u00d6r\u00f6k\u00f6s Tagja c\u00edm \u00e1tad\u00e1sa<\/title>\n<meta name=\"robots\" content=\"index, follow, max-snippet:-1, max-image-preview:large, max-video-preview:-1\" \/>\n<link rel=\"canonical\" href=\"https:\/\/dorogimedence.hu\/index.php\/2021\/03\/02\/20-eve-tortent-grosics-gyula-diszpolgarra-avatasa-es-a-dorogi-fc-orokos-tagja-cim-atadasa\/\" class=\"yoast-seo-meta-tag\" \/>\n<meta property=\"og:locale\" content=\"hu_HU\" class=\"yoast-seo-meta-tag\" \/>\n<meta property=\"og:type\" content=\"article\" class=\"yoast-seo-meta-tag\" \/>\n<meta property=\"og:title\" content=\"20 \u00e9ve t\u00f6rt\u00e9nt: Grosics Gyula d\u00edszpolg\u00e1rr\u00e1 avat\u00e1sa \u00e9s a Dorogi FC \u00d6r\u00f6k\u00f6s Tagja c\u00edm \u00e1tad\u00e1sa\" class=\"yoast-seo-meta-tag\" \/>\n<meta property=\"og:description\" content=\"Kerek k\u00e9t \u00e9vtizeddel ezel\u0151tt, 2001. m\u00e1rcius 2-\u00e1n orsz\u00e1gra-sz\u00f3l\u00f3 esem\u00e9nyt rendeztek a dorogi J\u00f3zsef Attila M\u0171vel\u0151d\u00e9si H\u00e1z sz\u00ednh\u00e1zterm\u00e9ben, sz\u00e9psz\u00e1m\u00fa vend\u00e9gsereg r\u00e9szv\u00e9tel\u00e9vel. Az \u00fcnnepl\u0151k k\u00f6z\u00f6tt foglaltak helyet t\u00f6bben is az egyetemes magyar sport kiv\u00e1l\u00f3s\u00e1gai k\u00f6z\u00fcl. A nagyszab\u00e1s\u00fa rendezv\u00e9ny sor\u00e1n k\u00f6sz\u00f6nt\u00f6tt\u00e9k Grosics Gyul\u00e1t 75. sz\u00fclet\u00e9snapja alkalm\u00e1b\u00f3l, valamint a Dorogi FC legmagasabb elismer\u00e9s\u00e9t jelent\u0151 \u00f6r\u00f6k\u00f6s tags\u00e1gi c\u00edmet adom\u00e1nyoztak harminc\" class=\"yoast-seo-meta-tag\" \/>\n<meta property=\"og:url\" content=\"https:\/\/dorogimedence.hu\/index.php\/2021\/03\/02\/20-eve-tortent-grosics-gyula-diszpolgarra-avatasa-es-a-dorogi-fc-orokos-tagja-cim-atadasa\/\" class=\"yoast-seo-meta-tag\" \/>\n<meta property=\"og:site_name\" content=\"Dorogi-medence Region\u00e1lis H\u00edrport\u00e1l\" class=\"yoast-seo-meta-tag\" \/>\n<meta property=\"article:publisher\" content=\"https:\/\/www.facebook.com\/dorogimedence\/\" class=\"yoast-seo-meta-tag\" \/>\n<meta property=\"article:published_time\" content=\"2021-03-02T05:46:42+00:00\" class=\"yoast-seo-meta-tag\" \/>\n<meta property=\"article:modified_time\" content=\"2021-10-18T03:20:39+00:00\" class=\"yoast-seo-meta-tag\" \/>\n<meta property=\"og:image\" content=\"https:\/\/i0.wp.com\/dorogimedence.hu\/wp-content\/uploads\/2021\/03\/grosics-01.jpg?fit=830%2C450&ssl=1\" class=\"yoast-seo-meta-tag\" \/>\n\t<meta property=\"og:image:width\" content=\"830\" class=\"yoast-seo-meta-tag\" \/>\n\t<meta property=\"og:image:height\" content=\"450\" class=\"yoast-seo-meta-tag\" \/>\n\t<meta property=\"og:image:type\" content=\"image\/jpeg\" class=\"yoast-seo-meta-tag\" \/>\n<meta name=\"author\" content=\"dorogimedence.hu\" class=\"yoast-seo-meta-tag\" \/>\n<meta name=\"twitter:card\" content=\"summary_large_image\" class=\"yoast-seo-meta-tag\" \/>\n<meta name=\"twitter:label1\" content=\"Szerz\u0151:\" class=\"yoast-seo-meta-tag\" \/>\n\t<meta name=\"twitter:data1\" content=\"dorogimedence.hu\" class=\"yoast-seo-meta-tag\" \/>\n\t<meta name=\"twitter:label2\" content=\"Becs\u00fclt olvas\u00e1si id\u0151\" class=\"yoast-seo-meta-tag\" \/>\n\t<meta name=\"twitter:data2\" content=\"8 perc\" class=\"yoast-seo-meta-tag\" \/>\n<script type=\"application\/ld+json\" class=\"yoast-schema-graph\">{\"@context\":\"https:\\\/\\\/schema.org\",\"@graph\":[{\"@type\":\"Article\",\"@id\":\"https:\\\/\\\/dorogimedence.hu\\\/index.php\\\/2021\\\/03\\\/02\\\/20-eve-tortent-grosics-gyula-diszpolgarra-avatasa-es-a-dorogi-fc-orokos-tagja-cim-atadasa\\\/#article\",\"isPartOf\":{\"@id\":\"https:\\\/\\\/dorogimedence.hu\\\/index.php\\\/2021\\\/03\\\/02\\\/20-eve-tortent-grosics-gyula-diszpolgarra-avatasa-es-a-dorogi-fc-orokos-tagja-cim-atadasa\\\/\"},\"author\":{\"name\":\"dorogimedence.hu\",\"@id\":\"https:\\\/\\\/dorogimedence.hu\\\/#\\\/schema\\\/person\\\/ce6091eeb7e95ecdc87890d6aa8e0fd4\"},\"headline\":\"20 \u00e9ve t\u00f6rt\u00e9nt: Grosics Gyula d\u00edszpolg\u00e1rr\u00e1 avat\u00e1sa \u00e9s a Dorogi FC \u00d6r\u00f6k\u00f6s Tagja c\u00edm \u00e1tad\u00e1sa\",\"datePublished\":\"2021-03-02T05:46:42+00:00\",\"dateModified\":\"2021-10-18T03:20:39+00:00\",\"mainEntityOfPage\":{\"@id\":\"https:\\\/\\\/dorogimedence.hu\\\/index.php\\\/2021\\\/03\\\/02\\\/20-eve-tortent-grosics-gyula-diszpolgarra-avatasa-es-a-dorogi-fc-orokos-tagja-cim-atadasa\\\/\"},\"wordCount\":1672,\"publisher\":{\"@id\":\"https:\\\/\\\/dorogimedence.hu\\\/#organization\"},\"image\":{\"@id\":\"https:\\\/\\\/dorogimedence.hu\\\/index.php\\\/2021\\\/03\\\/02\\\/20-eve-tortent-grosics-gyula-diszpolgarra-avatasa-es-a-dorogi-fc-orokos-tagja-cim-atadasa\\\/#primaryimage\"},\"thumbnailUrl\":\"https:\\\/\\\/dorogimedence.hu\\\/wp-content\\\/uploads\\\/2021\\\/03\\\/grosics-01.jpg\",\"keywords\":[\"Dorog\",\"Dorogi FC\",\"foci\",\"futball\",\"Grosics Gyula\",\"labdar\u00fag\u00e1s\"],\"articleSection\":[\"Dorog\",\"H\u00edrek\",\"Kerek \u00e9vfordul\u00f3k\",\"Sport\"],\"inLanguage\":\"hu\"},{\"@type\":\"WebPage\",\"@id\":\"https:\\\/\\\/dorogimedence.hu\\\/index.php\\\/2021\\\/03\\\/02\\\/20-eve-tortent-grosics-gyula-diszpolgarra-avatasa-es-a-dorogi-fc-orokos-tagja-cim-atadasa\\\/\",\"url\":\"https:\\\/\\\/dorogimedence.hu\\\/index.php\\\/2021\\\/03\\\/02\\\/20-eve-tortent-grosics-gyula-diszpolgarra-avatasa-es-a-dorogi-fc-orokos-tagja-cim-atadasa\\\/\",\"name\":\"20 \u00e9ve t\u00f6rt\u00e9nt: Grosics Gyula d\u00edszpolg\u00e1rr\u00e1 avat\u00e1sa \u00e9s a Dorogi FC \u00d6r\u00f6k\u00f6s Tagja c\u00edm \u00e1tad\u00e1sa\",\"isPartOf\":{\"@id\":\"https:\\\/\\\/dorogimedence.hu\\\/#website\"},\"primaryImageOfPage\":{\"@id\":\"https:\\\/\\\/dorogimedence.hu\\\/index.php\\\/2021\\\/03\\\/02\\\/20-eve-tortent-grosics-gyula-diszpolgarra-avatasa-es-a-dorogi-fc-orokos-tagja-cim-atadasa\\\/#primaryimage\"},\"image\":{\"@id\":\"https:\\\/\\\/dorogimedence.hu\\\/index.php\\\/2021\\\/03\\\/02\\\/20-eve-tortent-grosics-gyula-diszpolgarra-avatasa-es-a-dorogi-fc-orokos-tagja-cim-atadasa\\\/#primaryimage\"},\"thumbnailUrl\":\"https:\\\/\\\/dorogimedence.hu\\\/wp-content\\\/uploads\\\/2021\\\/03\\\/grosics-01.jpg\",\"datePublished\":\"2021-03-02T05:46:42+00:00\",\"dateModified\":\"2021-10-18T03:20:39+00:00\",\"breadcrumb\":{\"@id\":\"https:\\\/\\\/dorogimedence.hu\\\/index.php\\\/2021\\\/03\\\/02\\\/20-eve-tortent-grosics-gyula-diszpolgarra-avatasa-es-a-dorogi-fc-orokos-tagja-cim-atadasa\\\/#breadcrumb\"},\"inLanguage\":\"hu\",\"potentialAction\":[{\"@type\":\"ReadAction\",\"target\":[\"https:\\\/\\\/dorogimedence.hu\\\/index.php\\\/2021\\\/03\\\/02\\\/20-eve-tortent-grosics-gyula-diszpolgarra-avatasa-es-a-dorogi-fc-orokos-tagja-cim-atadasa\\\/\"]}]},{\"@type\":\"ImageObject\",\"inLanguage\":\"hu\",\"@id\":\"https:\\\/\\\/dorogimedence.hu\\\/index.php\\\/2021\\\/03\\\/02\\\/20-eve-tortent-grosics-gyula-diszpolgarra-avatasa-es-a-dorogi-fc-orokos-tagja-cim-atadasa\\\/#primaryimage\",\"url\":\"https:\\\/\\\/dorogimedence.hu\\\/wp-content\\\/uploads\\\/2021\\\/03\\\/grosics-01.jpg\",\"contentUrl\":\"https:\\\/\\\/dorogimedence.hu\\\/wp-content\\\/uploads\\\/2021\\\/03\\\/grosics-01.jpg\",\"width\":830,\"height\":450},{\"@type\":\"BreadcrumbList\",\"@id\":\"https:\\\/\\\/dorogimedence.hu\\\/index.php\\\/2021\\\/03\\\/02\\\/20-eve-tortent-grosics-gyula-diszpolgarra-avatasa-es-a-dorogi-fc-orokos-tagja-cim-atadasa\\\/#breadcrumb\",\"itemListElement\":[{\"@type\":\"ListItem\",\"position\":1,\"name\":\"Kezd\u0151lap\",\"item\":\"https:\\\/\\\/dorogimedence.hu\\\/\"},{\"@type\":\"ListItem\",\"position\":2,\"name\":\"20 \u00e9ve t\u00f6rt\u00e9nt: Grosics Gyula d\u00edszpolg\u00e1rr\u00e1 avat\u00e1sa \u00e9s a Dorogi FC \u00d6r\u00f6k\u00f6s Tagja c\u00edm \u00e1tad\u00e1sa\"}]},{\"@type\":\"WebSite\",\"@id\":\"https:\\\/\\\/dorogimedence.hu\\\/#website\",\"url\":\"https:\\\/\\\/dorogimedence.hu\\\/\",\"name\":\"Dorogi-medence Region\u00e1lis H\u00edrport\u00e1l\",\"description\":\"Dorog, Keszt\u00f6lc, Le\u00e1nyv\u00e1r, Piliscs\u00e9v, Tokod, Tokodalt\u00e1r\u00f3, Csolnok, Esztergom-kertv\u00e1ros: h\u00edrek, programok\",\"publisher\":{\"@id\":\"https:\\\/\\\/dorogimedence.hu\\\/#organization\"},\"potentialAction\":[{\"@type\":\"SearchAction\",\"target\":{\"@type\":\"EntryPoint\",\"urlTemplate\":\"https:\\\/\\\/dorogimedence.hu\\\/?s={search_term_string}\"},\"query-input\":{\"@type\":\"PropertyValueSpecification\",\"valueRequired\":true,\"valueName\":\"search_term_string\"}}],\"inLanguage\":\"hu\"},{\"@type\":\"Organization\",\"@id\":\"https:\\\/\\\/dorogimedence.hu\\\/#organization\",\"name\":\"Dorogi-medence Region\u00e1lis H\u00edrport\u00e1l\",\"url\":\"https:\\\/\\\/dorogimedence.hu\\\/\",\"logo\":{\"@type\":\"ImageObject\",\"inLanguage\":\"hu\",\"@id\":\"https:\\\/\\\/dorogimedence.hu\\\/#\\\/schema\\\/logo\\\/image\\\/\",\"url\":\"https:\\\/\\\/dorogimedence.hu\\\/wp-content\\\/uploads\\\/2021\\\/04\\\/logo-feher-600.png\",\"contentUrl\":\"https:\\\/\\\/dorogimedence.hu\\\/wp-content\\\/uploads\\\/2021\\\/04\\\/logo-feher-600.png\",\"width\":600,\"height\":100,\"caption\":\"Dorogi-medence Region\u00e1lis H\u00edrport\u00e1l\"},\"image\":{\"@id\":\"https:\\\/\\\/dorogimedence.hu\\\/#\\\/schema\\\/logo\\\/image\\\/\"},\"sameAs\":[\"https:\\\/\\\/www.facebook.com\\\/dorogimedence\\\/\"]},{\"@type\":\"Person\",\"@id\":\"https:\\\/\\\/dorogimedence.hu\\\/#\\\/schema\\\/person\\\/ce6091eeb7e95ecdc87890d6aa8e0fd4\",\"name\":\"dorogimedence.hu\",\"image\":{\"@type\":\"ImageObject\",\"inLanguage\":\"hu\",\"@id\":\"\\\/\\\/www.gravatar.com\\\/avatar\\\/d8d45f8901aadff40a4af72c0b826f1d?s=96&#038;r=g&#038;d=mm\",\"url\":\"\\\/\\\/www.gravatar.com\\\/avatar\\\/d8d45f8901aadff40a4af72c0b826f1d?s=96&#038;r=g&#038;d=mm\",\"contentUrl\":\"\\\/\\\/www.gravatar.com\\\/avatar\\\/d8d45f8901aadff40a4af72c0b826f1d?s=96&#038;r=g&#038;d=mm\",\"caption\":\"dorogimedence.hu\"}}]}<\/script>\n<!-- \/ Yoast SEO plugin. -->","yoast_head_json":{"title":"20 \u00e9ve t\u00f6rt\u00e9nt: Grosics Gyula d\u00edszpolg\u00e1rr\u00e1 avat\u00e1sa \u00e9s a Dorogi FC \u00d6r\u00f6k\u00f6s Tagja c\u00edm \u00e1tad\u00e1sa","robots":{"index":"index","follow":"follow","max-snippet":"max-snippet:-1","max-image-preview":"max-image-preview:large","max-video-preview":"max-video-preview:-1"},"canonical":"https:\/\/dorogimedence.hu\/index.php\/2021\/03\/02\/20-eve-tortent-grosics-gyula-diszpolgarra-avatasa-es-a-dorogi-fc-orokos-tagja-cim-atadasa\/","og_locale":"hu_HU","og_type":"article","og_title":"20 \u00e9ve t\u00f6rt\u00e9nt: Grosics Gyula d\u00edszpolg\u00e1rr\u00e1 avat\u00e1sa \u00e9s a Dorogi FC \u00d6r\u00f6k\u00f6s Tagja c\u00edm \u00e1tad\u00e1sa","og_description":"Kerek k\u00e9t \u00e9vtizeddel ezel\u0151tt, 2001. m\u00e1rcius 2-\u00e1n orsz\u00e1gra-sz\u00f3l\u00f3 esem\u00e9nyt rendeztek a dorogi J\u00f3zsef Attila M\u0171vel\u0151d\u00e9si H\u00e1z sz\u00ednh\u00e1zterm\u00e9ben, sz\u00e9psz\u00e1m\u00fa vend\u00e9gsereg r\u00e9szv\u00e9tel\u00e9vel. Az \u00fcnnepl\u0151k k\u00f6z\u00f6tt foglaltak helyet t\u00f6bben is az egyetemes magyar sport kiv\u00e1l\u00f3s\u00e1gai k\u00f6z\u00fcl. A nagyszab\u00e1s\u00fa rendezv\u00e9ny sor\u00e1n k\u00f6sz\u00f6nt\u00f6tt\u00e9k Grosics Gyul\u00e1t 75. sz\u00fclet\u00e9snapja alkalm\u00e1b\u00f3l, valamint a Dorogi FC legmagasabb elismer\u00e9s\u00e9t jelent\u0151 \u00f6r\u00f6k\u00f6s tags\u00e1gi c\u00edmet adom\u00e1nyoztak harminc","og_url":"https:\/\/dorogimedence.hu\/index.php\/2021\/03\/02\/20-eve-tortent-grosics-gyula-diszpolgarra-avatasa-es-a-dorogi-fc-orokos-tagja-cim-atadasa\/","og_site_name":"Dorogi-medence Region\u00e1lis H\u00edrport\u00e1l","article_publisher":"https:\/\/www.facebook.com\/dorogimedence\/","article_published_time":"2021-03-02T05:46:42+00:00","article_modified_time":"2021-10-18T03:20:39+00:00","og_image":[{"width":830,"height":450,"url":"https:\/\/i0.wp.com\/dorogimedence.hu\/wp-content\/uploads\/2021\/03\/grosics-01.jpg?fit=830%2C450&ssl=1","type":"image\/jpeg"}],"author":"dorogimedence.hu","twitter_card":"summary_large_image","twitter_misc":{"Szerz\u0151:":"dorogimedence.hu","Becs\u00fclt olvas\u00e1si id\u0151":"8 perc"},"schema":{"@context":"https:\/\/schema.org","@graph":[{"@type":"Article","@id":"https:\/\/dorogimedence.hu\/index.php\/2021\/03\/02\/20-eve-tortent-grosics-gyula-diszpolgarra-avatasa-es-a-dorogi-fc-orokos-tagja-cim-atadasa\/#article","isPartOf":{"@id":"https:\/\/dorogimedence.hu\/index.php\/2021\/03\/02\/20-eve-tortent-grosics-gyula-diszpolgarra-avatasa-es-a-dorogi-fc-orokos-tagja-cim-atadasa\/"},"author":{"name":"dorogimedence.hu","@id":"https:\/\/dorogimedence.hu\/#\/schema\/person\/ce6091eeb7e95ecdc87890d6aa8e0fd4"},"headline":"20 \u00e9ve t\u00f6rt\u00e9nt: Grosics Gyula d\u00edszpolg\u00e1rr\u00e1 avat\u00e1sa \u00e9s a Dorogi FC \u00d6r\u00f6k\u00f6s Tagja c\u00edm \u00e1tad\u00e1sa","datePublished":"2021-03-02T05:46:42+00:00","dateModified":"2021-10-18T03:20:39+00:00","mainEntityOfPage":{"@id":"https:\/\/dorogimedence.hu\/index.php\/2021\/03\/02\/20-eve-tortent-grosics-gyula-diszpolgarra-avatasa-es-a-dorogi-fc-orokos-tagja-cim-atadasa\/"},"wordCount":1672,"publisher":{"@id":"https:\/\/dorogimedence.hu\/#organization"},"image":{"@id":"https:\/\/dorogimedence.hu\/index.php\/2021\/03\/02\/20-eve-tortent-grosics-gyula-diszpolgarra-avatasa-es-a-dorogi-fc-orokos-tagja-cim-atadasa\/#primaryimage"},"thumbnailUrl":"https:\/\/dorogimedence.hu\/wp-content\/uploads\/2021\/03\/grosics-01.jpg","keywords":["Dorog","Dorogi FC","foci","futball","Grosics Gyula","labdar\u00fag\u00e1s"],"articleSection":["Dorog","H\u00edrek","Kerek \u00e9vfordul\u00f3k","Sport"],"inLanguage":"hu"},{"@type":"WebPage","@id":"https:\/\/dorogimedence.hu\/index.php\/2021\/03\/02\/20-eve-tortent-grosics-gyula-diszpolgarra-avatasa-es-a-dorogi-fc-orokos-tagja-cim-atadasa\/","url":"https:\/\/dorogimedence.hu\/index.php\/2021\/03\/02\/20-eve-tortent-grosics-gyula-diszpolgarra-avatasa-es-a-dorogi-fc-orokos-tagja-cim-atadasa\/","name":"20 \u00e9ve t\u00f6rt\u00e9nt: Grosics Gyula d\u00edszpolg\u00e1rr\u00e1 avat\u00e1sa \u00e9s a Dorogi FC \u00d6r\u00f6k\u00f6s Tagja c\u00edm \u00e1tad\u00e1sa","isPartOf":{"@id":"https:\/\/dorogimedence.hu\/#website"},"primaryImageOfPage":{"@id":"https:\/\/dorogimedence.hu\/index.php\/2021\/03\/02\/20-eve-tortent-grosics-gyula-diszpolgarra-avatasa-es-a-dorogi-fc-orokos-tagja-cim-atadasa\/#primaryimage"},"image":{"@id":"https:\/\/dorogimedence.hu\/index.php\/2021\/03\/02\/20-eve-tortent-grosics-gyula-diszpolgarra-avatasa-es-a-dorogi-fc-orokos-tagja-cim-atadasa\/#primaryimage"},"thumbnailUrl":"https:\/\/dorogimedence.hu\/wp-content\/uploads\/2021\/03\/grosics-01.jpg","datePublished":"2021-03-02T05:46:42+00:00","dateModified":"2021-10-18T03:20:39+00:00","breadcrumb":{"@id":"https:\/\/dorogimedence.hu\/index.php\/2021\/03\/02\/20-eve-tortent-grosics-gyula-diszpolgarra-avatasa-es-a-dorogi-fc-orokos-tagja-cim-atadasa\/#breadcrumb"},"inLanguage":"hu","potentialAction":[{"@type":"ReadAction","target":["https:\/\/dorogimedence.hu\/index.php\/2021\/03\/02\/20-eve-tortent-grosics-gyula-diszpolgarra-avatasa-es-a-dorogi-fc-orokos-tagja-cim-atadasa\/"]}]},{"@type":"ImageObject","inLanguage":"hu","@id":"https:\/\/dorogimedence.hu\/index.php\/2021\/03\/02\/20-eve-tortent-grosics-gyula-diszpolgarra-avatasa-es-a-dorogi-fc-orokos-tagja-cim-atadasa\/#primaryimage","url":"https:\/\/dorogimedence.hu\/wp-content\/uploads\/2021\/03\/grosics-01.jpg","contentUrl":"https:\/\/dorogimedence.hu\/wp-content\/uploads\/2021\/03\/grosics-01.jpg","width":830,"height":450},{"@type":"BreadcrumbList","@id":"https:\/\/dorogimedence.hu\/index.php\/2021\/03\/02\/20-eve-tortent-grosics-gyula-diszpolgarra-avatasa-es-a-dorogi-fc-orokos-tagja-cim-atadasa\/#breadcrumb","itemListElement":[{"@type":"ListItem","position":1,"name":"Kezd\u0151lap","item":"https:\/\/dorogimedence.hu\/"},{"@type":"ListItem","position":2,"name":"20 \u00e9ve t\u00f6rt\u00e9nt: Grosics Gyula d\u00edszpolg\u00e1rr\u00e1 avat\u00e1sa \u00e9s a Dorogi FC \u00d6r\u00f6k\u00f6s Tagja c\u00edm \u00e1tad\u00e1sa"}]},{"@type":"WebSite","@id":"https:\/\/dorogimedence.hu\/#website","url":"https:\/\/dorogimedence.hu\/","name":"Dorogi-medence Region\u00e1lis H\u00edrport\u00e1l","description":"Dorog, Keszt\u00f6lc, Le\u00e1nyv\u00e1r, Piliscs\u00e9v, Tokod, Tokodalt\u00e1r\u00f3, Csolnok, Esztergom-kertv\u00e1ros: h\u00edrek, programok","publisher":{"@id":"https:\/\/dorogimedence.hu\/#organization"},"potentialAction":[{"@type":"SearchAction","target":{"@type":"EntryPoint","urlTemplate":"https:\/\/dorogimedence.hu\/?s={search_term_string}"},"query-input":{"@type":"PropertyValueSpecification","valueRequired":true,"valueName":"search_term_string"}}],"inLanguage":"hu"},{"@type":"Organization","@id":"https:\/\/dorogimedence.hu\/#organization","name":"Dorogi-medence Region\u00e1lis H\u00edrport\u00e1l","url":"https:\/\/dorogimedence.hu\/","logo":{"@type":"ImageObject","inLanguage":"hu","@id":"https:\/\/dorogimedence.hu\/#\/schema\/logo\/image\/","url":"https:\/\/dorogimedence.hu\/wp-content\/uploads\/2021\/04\/logo-feher-600.png","contentUrl":"https:\/\/dorogimedence.hu\/wp-content\/uploads\/2021\/04\/logo-feher-600.png","width":600,"height":100,"caption":"Dorogi-medence Region\u00e1lis H\u00edrport\u00e1l"},"image":{"@id":"https:\/\/dorogimedence.hu\/#\/schema\/logo\/image\/"},"sameAs":["https:\/\/www.facebook.com\/dorogimedence\/"]},{"@type":"Person","@id":"https:\/\/dorogimedence.hu\/#\/schema\/person\/ce6091eeb7e95ecdc87890d6aa8e0fd4","name":"dorogimedence.hu","image":{"@type":"ImageObject","inLanguage":"hu","@id":"\/\/www.gravatar.com\/avatar\/d8d45f8901aadff40a4af72c0b826f1d?s=96&#038;r=g&#038;d=mm","url":"\/\/www.gravatar.com\/avatar\/d8d45f8901aadff40a4af72c0b826f1d?s=96&#038;r=g&#038;d=mm","contentUrl":"\/\/www.gravatar.com\/avatar\/d8d45f8901aadff40a4af72c0b826f1d?s=96&#038;r=g&#038;d=mm","caption":"dorogimedence.hu"}}]}},"_links":{"self":[{"href":"https:\/\/dorogimedence.hu\/index.php\/wp-json\/wp\/v2\/posts\/30754","targetHints":{"allow":["GET"]}}],"collection":[{"href":"https:\/\/dorogimedence.hu\/index.php\/wp-json\/wp\/v2\/posts"}],"about":[{"href":"https:\/\/dorogimedence.hu\/index.php\/wp-json\/wp\/v2\/types\/post"}],"author":[{"embeddable":true,"href":"https:\/\/dorogimedence.hu\/index.php\/wp-json\/wp\/v2\/users\/1"}],"replies":[{"embeddable":true,"href":"https:\/\/dorogimedence.hu\/index.php\/wp-json\/wp\/v2\/comments?post=30754"}],"version-history":[{"count":0,"href":"https:\/\/dorogimedence.hu\/index.php\/wp-json\/wp\/v2\/posts\/30754\/revisions"}],"wp:featuredmedia":[{"embeddable":true,"href":"https:\/\/dorogimedence.hu\/index.php\/wp-json\/wp\/v2\/media\/30755"}],"wp:attachment":[{"href":"https:\/\/dorogimedence.hu\/index.php\/wp-json\/wp\/v2\/media?parent=30754"}],"wp:term":[{"taxonomy":"category","embeddable":true,"href":"https:\/\/dorogimedence.hu\/index.php\/wp-json\/wp\/v2\/categories?post=30754"},{"taxonomy":"post_tag","embeddable":true,"href":"https:\/\/dorogimedence.hu\/index.php\/wp-json\/wp\/v2\/tags?post=30754"}],"curies":[{"name":"wp","href":"https:\/\/api.w.org\/{rel}","templated":true}]}}