{"id":30746,"date":"2021-03-01T13:22:52","date_gmt":"2021-03-01T12:22:52","guid":{"rendered":"http:\/\/dorogimedence.hu\/?p=30746"},"modified":"2021-03-01T13:23:40","modified_gmt":"2021-03-01T12:23:40","slug":"digitalis-oktatasra-allt-at-a-labatlani-iskola","status":"publish","type":"post","link":"https:\/\/dorogimedence.hu\/index.php\/2021\/03\/01\/digitalis-oktatasra-allt-at-a-labatlani-iskola\/","title":{"rendered":"Digit\u00e1lis oktat\u00e1sra \u00e1llt \u00e1t a l\u00e1batlani iskola"},"content":{"rendered":"<p><strong>A L\u00e1batlani Arany J\u00e1nos \u00c1ltal\u00e1nos \u00e9s Alapfok\u00fa M\u0171v\u00e9szeti Iskol\u00e1ban 2021. m\u00e1rcius 1-je \u00e9s 5-e k\u00f6z\u00f6tt digit\u00e1lis oktat\u00e1st rendeltek el<\/strong> <em>\u2013 \u00edrja a L\u00e1bat Lan k\u00f6z\u00f6ss\u00e9gi oldal.<\/em><\/p>\n<p>Az eml\u00edtett int\u00e9zm\u00e9ny igazgat\u00f3ja febru\u00e1r 27-\u00e9n, szombaton jelezte a polg\u00e1rmesternek, hogy a tantest\u00fclet t\u00f6bb tagja Covid-19 v\u00edrusra jellemz\u0151 t\u00fcneteket tapasztalt. A polg\u00e1rmester gyors seg\u00edts\u00e9gk\u00e9nt felaj\u00e1nlotta az \u00f6nkorm\u00e1nyzat \u00e1ltal kor\u00e1bban v\u00e1s\u00e1rolt gyorsteszteket, melyekkel dr. Lencs\u00e9s \u00c9va \u00fczemorvos tesztelte a tantest\u00fcletet. Az eredm\u00e9nyekr\u0151l a Schrenk P\u00e9ter igazgat\u00f3 t\u00e1j\u00e9koztatta a fenntart\u00f3t, a fenntart\u00f3 pedig halad\u00e9ktalanul jelentette a megbeteged\u00e9seket az Operat\u00edv T\u00f6rzsnek.<\/p>\n<p>Ennek k\u00f6vetkezt\u00e9ben m\u00e1rcius 1. \u00e9s m\u00e1rcius 5. k\u00f6z\u00f6tt az iskola digit\u00e1lis oktat\u00e1sra \u00e1ll \u00e1t. Az ezt k\u00f6vet\u0151 id\u0151szakr\u00f3l a h\u00e9ten sz\u00fcletik d\u00f6nt\u00e9s. Az oszt\u00e1lyf\u0151n\u00f6k\u00f6k a megszokott form\u00e1ban jelezt\u00e9k a sz\u00fcl\u0151knek az \u00e1t\u00e1ll\u00e1st, illetve a digit\u00e1lis oktat\u00e1s alatti \u00e9tkeztet\u00e9ssel kapcsolatos esetleges ig\u00e9nyeket is felm\u00e9rik.<\/p>\n<p><em>Fot\u00f3, forr\u00e1s: L\u00e1bat Lan \/ L\u00e1batlaNEWS<\/em><\/p>\n","protected":false},"excerpt":{"rendered":"<p>A L\u00e1batlani Arany J\u00e1nos \u00c1ltal\u00e1nos \u00e9s Alapfok\u00fa M\u0171v\u00e9szeti Iskol\u00e1ban 2021. m\u00e1rcius 1-je \u00e9s 5-e k\u00f6z\u00f6tt digit\u00e1lis oktat\u00e1st rendeltek el \u2013 \u00edrja a L\u00e1bat Lan k\u00f6z\u00f6ss\u00e9gi oldal. Az eml\u00edtett int\u00e9zm\u00e9ny igazgat\u00f3ja febru\u00e1r 27-\u00e9n, szombaton jelezte a polg\u00e1rmesternek, hogy a tantest\u00fclet t\u00f6bb tagja Covid-19 v\u00edrusra jellemz\u0151 t\u00fcneteket tapasztalt. A polg\u00e1rmester gyors seg\u00edts\u00e9gk\u00e9nt felaj\u00e1nlotta az \u00f6nkorm\u00e1nyzat \u00e1ltal kor\u00e1bban<\/p>\n","protected":false},"author":1,"featured_media":30747,"comment_status":"closed","ping_status":"closed","sticky":false,"template":"","format":"standard","meta":{"ngg_post_thumbnail":0,"footnotes":""},"categories":[3],"tags":[4789,4738,489],"class_list":{"0":"post-30746","1":"post","2":"type-post","3":"status-publish","4":"format-standard","5":"has-post-thumbnail","7":"category-hirek","8":"tag-digitalis-oktatas","9":"tag-koronavirus","10":"tag-labatlan"},"yoast_head":"<!-- This site is optimized with the Yoast SEO plugin v27.5 - https:\/\/yoast.com\/product\/yoast-seo-wordpress\/ -->\n<title>Digit\u00e1lis oktat\u00e1sra \u00e1llt \u00e1t a l\u00e1batlani iskola<\/title>\n<meta name=\"robots\" content=\"index, follow, max-snippet:-1, max-image-preview:large, max-video-preview:-1\" \/>\n<link rel=\"canonical\" href=\"https:\/\/dorogimedence.hu\/index.php\/2021\/03\/01\/digitalis-oktatasra-allt-at-a-labatlani-iskola\/\" class=\"yoast-seo-meta-tag\" \/>\n<meta property=\"og:locale\" content=\"hu_HU\" class=\"yoast-seo-meta-tag\" \/>\n<meta property=\"og:type\" content=\"article\" class=\"yoast-seo-meta-tag\" \/>\n<meta property=\"og:title\" content=\"Digit\u00e1lis oktat\u00e1sra \u00e1llt \u00e1t a l\u00e1batlani iskola\" class=\"yoast-seo-meta-tag\" \/>\n<meta property=\"og:description\" content=\"A L\u00e1batlani Arany J\u00e1nos \u00c1ltal\u00e1nos \u00e9s Alapfok\u00fa M\u0171v\u00e9szeti Iskol\u00e1ban 2021. m\u00e1rcius 1-je \u00e9s 5-e k\u00f6z\u00f6tt digit\u00e1lis oktat\u00e1st rendeltek el \u2013 \u00edrja a L\u00e1bat Lan k\u00f6z\u00f6ss\u00e9gi oldal. Az eml\u00edtett int\u00e9zm\u00e9ny igazgat\u00f3ja febru\u00e1r 27-\u00e9n, szombaton jelezte a polg\u00e1rmesternek, hogy a tantest\u00fclet t\u00f6bb tagja Covid-19 v\u00edrusra jellemz\u0151 t\u00fcneteket tapasztalt. A polg\u00e1rmester gyors seg\u00edts\u00e9gk\u00e9nt felaj\u00e1nlotta az \u00f6nkorm\u00e1nyzat \u00e1ltal kor\u00e1bban\" class=\"yoast-seo-meta-tag\" \/>\n<meta property=\"og:url\" content=\"https:\/\/dorogimedence.hu\/index.php\/2021\/03\/01\/digitalis-oktatasra-allt-at-a-labatlani-iskola\/\" class=\"yoast-seo-meta-tag\" \/>\n<meta property=\"og:site_name\" content=\"Dorogi-medence Region\u00e1lis H\u00edrport\u00e1l\" class=\"yoast-seo-meta-tag\" \/>\n<meta property=\"article:publisher\" content=\"https:\/\/www.facebook.com\/dorogimedence\/\" class=\"yoast-seo-meta-tag\" \/>\n<meta property=\"article:published_time\" content=\"2021-03-01T12:22:52+00:00\" class=\"yoast-seo-meta-tag\" \/>\n<meta property=\"article:modified_time\" content=\"2021-03-01T12:23:40+00:00\" class=\"yoast-seo-meta-tag\" \/>\n<meta property=\"og:image\" content=\"https:\/\/i0.wp.com\/dorogimedence.hu\/wp-content\/uploads\/2021\/03\/labatlan-iskola.jpg?fit=830%2C450&ssl=1\" class=\"yoast-seo-meta-tag\" \/>\n\t<meta property=\"og:image:width\" content=\"830\" class=\"yoast-seo-meta-tag\" \/>\n\t<meta property=\"og:image:height\" content=\"450\" class=\"yoast-seo-meta-tag\" \/>\n\t<meta property=\"og:image:type\" content=\"image\/jpeg\" class=\"yoast-seo-meta-tag\" \/>\n<meta name=\"author\" content=\"dorogimedence.hu\" class=\"yoast-seo-meta-tag\" \/>\n<meta name=\"twitter:card\" content=\"summary_large_image\" class=\"yoast-seo-meta-tag\" \/>\n<meta name=\"twitter:label1\" content=\"Szerz\u0151:\" class=\"yoast-seo-meta-tag\" \/>\n\t<meta name=\"twitter:data1\" content=\"dorogimedence.hu\" class=\"yoast-seo-meta-tag\" \/>\n\t<meta name=\"twitter:label2\" content=\"Becs\u00fclt olvas\u00e1si id\u0151\" class=\"yoast-seo-meta-tag\" \/>\n\t<meta name=\"twitter:data2\" content=\"1 perc\" class=\"yoast-seo-meta-tag\" \/>\n<script type=\"application\/ld+json\" class=\"yoast-schema-graph\">{\"@context\":\"https:\\\/\\\/schema.org\",\"@graph\":[{\"@type\":\"Article\",\"@id\":\"https:\\\/\\\/dorogimedence.hu\\\/index.php\\\/2021\\\/03\\\/01\\\/digitalis-oktatasra-allt-at-a-labatlani-iskola\\\/#article\",\"isPartOf\":{\"@id\":\"https:\\\/\\\/dorogimedence.hu\\\/index.php\\\/2021\\\/03\\\/01\\\/digitalis-oktatasra-allt-at-a-labatlani-iskola\\\/\"},\"author\":{\"name\":\"dorogimedence.hu\",\"@id\":\"https:\\\/\\\/dorogimedence.hu\\\/#\\\/schema\\\/person\\\/ce6091eeb7e95ecdc87890d6aa8e0fd4\"},\"headline\":\"Digit\u00e1lis oktat\u00e1sra \u00e1llt \u00e1t a l\u00e1batlani iskola\",\"datePublished\":\"2021-03-01T12:22:52+00:00\",\"dateModified\":\"2021-03-01T12:23:40+00:00\",\"mainEntityOfPage\":{\"@id\":\"https:\\\/\\\/dorogimedence.hu\\\/index.php\\\/2021\\\/03\\\/01\\\/digitalis-oktatasra-allt-at-a-labatlani-iskola\\\/\"},\"wordCount\":218,\"publisher\":{\"@id\":\"https:\\\/\\\/dorogimedence.hu\\\/#organization\"},\"image\":{\"@id\":\"https:\\\/\\\/dorogimedence.hu\\\/index.php\\\/2021\\\/03\\\/01\\\/digitalis-oktatasra-allt-at-a-labatlani-iskola\\\/#primaryimage\"},\"thumbnailUrl\":\"https:\\\/\\\/dorogimedence.hu\\\/wp-content\\\/uploads\\\/2021\\\/03\\\/labatlan-iskola.jpg\",\"keywords\":[\"digit\u00e1lis oktat\u00e1s\",\"koronav\u00edrus\",\"L\u00e1batlan\"],\"articleSection\":[\"H\u00edrek\"],\"inLanguage\":\"hu\"},{\"@type\":\"WebPage\",\"@id\":\"https:\\\/\\\/dorogimedence.hu\\\/index.php\\\/2021\\\/03\\\/01\\\/digitalis-oktatasra-allt-at-a-labatlani-iskola\\\/\",\"url\":\"https:\\\/\\\/dorogimedence.hu\\\/index.php\\\/2021\\\/03\\\/01\\\/digitalis-oktatasra-allt-at-a-labatlani-iskola\\\/\",\"name\":\"Digit\u00e1lis oktat\u00e1sra \u00e1llt \u00e1t a l\u00e1batlani iskola\",\"isPartOf\":{\"@id\":\"https:\\\/\\\/dorogimedence.hu\\\/#website\"},\"primaryImageOfPage\":{\"@id\":\"https:\\\/\\\/dorogimedence.hu\\\/index.php\\\/2021\\\/03\\\/01\\\/digitalis-oktatasra-allt-at-a-labatlani-iskola\\\/#primaryimage\"},\"image\":{\"@id\":\"https:\\\/\\\/dorogimedence.hu\\\/index.php\\\/2021\\\/03\\\/01\\\/digitalis-oktatasra-allt-at-a-labatlani-iskola\\\/#primaryimage\"},\"thumbnailUrl\":\"https:\\\/\\\/dorogimedence.hu\\\/wp-content\\\/uploads\\\/2021\\\/03\\\/labatlan-iskola.jpg\",\"datePublished\":\"2021-03-01T12:22:52+00:00\",\"dateModified\":\"2021-03-01T12:23:40+00:00\",\"breadcrumb\":{\"@id\":\"https:\\\/\\\/dorogimedence.hu\\\/index.php\\\/2021\\\/03\\\/01\\\/digitalis-oktatasra-allt-at-a-labatlani-iskola\\\/#breadcrumb\"},\"inLanguage\":\"hu\",\"potentialAction\":[{\"@type\":\"ReadAction\",\"target\":[\"https:\\\/\\\/dorogimedence.hu\\\/index.php\\\/2021\\\/03\\\/01\\\/digitalis-oktatasra-allt-at-a-labatlani-iskola\\\/\"]}]},{\"@type\":\"ImageObject\",\"inLanguage\":\"hu\",\"@id\":\"https:\\\/\\\/dorogimedence.hu\\\/index.php\\\/2021\\\/03\\\/01\\\/digitalis-oktatasra-allt-at-a-labatlani-iskola\\\/#primaryimage\",\"url\":\"https:\\\/\\\/dorogimedence.hu\\\/wp-content\\\/uploads\\\/2021\\\/03\\\/labatlan-iskola.jpg\",\"contentUrl\":\"https:\\\/\\\/dorogimedence.hu\\\/wp-content\\\/uploads\\\/2021\\\/03\\\/labatlan-iskola.jpg\",\"width\":830,\"height\":450},{\"@type\":\"BreadcrumbList\",\"@id\":\"https:\\\/\\\/dorogimedence.hu\\\/index.php\\\/2021\\\/03\\\/01\\\/digitalis-oktatasra-allt-at-a-labatlani-iskola\\\/#breadcrumb\",\"itemListElement\":[{\"@type\":\"ListItem\",\"position\":1,\"name\":\"Kezd\u0151lap\",\"item\":\"https:\\\/\\\/dorogimedence.hu\\\/\"},{\"@type\":\"ListItem\",\"position\":2,\"name\":\"Digit\u00e1lis oktat\u00e1sra \u00e1llt \u00e1t a l\u00e1batlani iskola\"}]},{\"@type\":\"WebSite\",\"@id\":\"https:\\\/\\\/dorogimedence.hu\\\/#website\",\"url\":\"https:\\\/\\\/dorogimedence.hu\\\/\",\"name\":\"Dorogi-medence Region\u00e1lis H\u00edrport\u00e1l\",\"description\":\"Dorog, Keszt\u00f6lc, Le\u00e1nyv\u00e1r, Piliscs\u00e9v, Tokod, Tokodalt\u00e1r\u00f3, Csolnok, Esztergom-kertv\u00e1ros: h\u00edrek, programok\",\"publisher\":{\"@id\":\"https:\\\/\\\/dorogimedence.hu\\\/#organization\"},\"potentialAction\":[{\"@type\":\"SearchAction\",\"target\":{\"@type\":\"EntryPoint\",\"urlTemplate\":\"https:\\\/\\\/dorogimedence.hu\\\/?s={search_term_string}\"},\"query-input\":{\"@type\":\"PropertyValueSpecification\",\"valueRequired\":true,\"valueName\":\"search_term_string\"}}],\"inLanguage\":\"hu\"},{\"@type\":\"Organization\",\"@id\":\"https:\\\/\\\/dorogimedence.hu\\\/#organization\",\"name\":\"Dorogi-medence Region\u00e1lis H\u00edrport\u00e1l\",\"url\":\"https:\\\/\\\/dorogimedence.hu\\\/\",\"logo\":{\"@type\":\"ImageObject\",\"inLanguage\":\"hu\",\"@id\":\"https:\\\/\\\/dorogimedence.hu\\\/#\\\/schema\\\/logo\\\/image\\\/\",\"url\":\"https:\\\/\\\/dorogimedence.hu\\\/wp-content\\\/uploads\\\/2021\\\/04\\\/logo-feher-600.png\",\"contentUrl\":\"https:\\\/\\\/dorogimedence.hu\\\/wp-content\\\/uploads\\\/2021\\\/04\\\/logo-feher-600.png\",\"width\":600,\"height\":100,\"caption\":\"Dorogi-medence Region\u00e1lis H\u00edrport\u00e1l\"},\"image\":{\"@id\":\"https:\\\/\\\/dorogimedence.hu\\\/#\\\/schema\\\/logo\\\/image\\\/\"},\"sameAs\":[\"https:\\\/\\\/www.facebook.com\\\/dorogimedence\\\/\"]},{\"@type\":\"Person\",\"@id\":\"https:\\\/\\\/dorogimedence.hu\\\/#\\\/schema\\\/person\\\/ce6091eeb7e95ecdc87890d6aa8e0fd4\",\"name\":\"dorogimedence.hu\",\"image\":{\"@type\":\"ImageObject\",\"inLanguage\":\"hu\",\"@id\":\"\\\/\\\/www.gravatar.com\\\/avatar\\\/d8d45f8901aadff40a4af72c0b826f1d?s=96&#038;r=g&#038;d=mm\",\"url\":\"\\\/\\\/www.gravatar.com\\\/avatar\\\/d8d45f8901aadff40a4af72c0b826f1d?s=96&#038;r=g&#038;d=mm\",\"contentUrl\":\"\\\/\\\/www.gravatar.com\\\/avatar\\\/d8d45f8901aadff40a4af72c0b826f1d?s=96&#038;r=g&#038;d=mm\",\"caption\":\"dorogimedence.hu\"}}]}<\/script>\n<!-- \/ Yoast SEO plugin. -->","yoast_head_json":{"title":"Digit\u00e1lis oktat\u00e1sra \u00e1llt \u00e1t a l\u00e1batlani iskola","robots":{"index":"index","follow":"follow","max-snippet":"max-snippet:-1","max-image-preview":"max-image-preview:large","max-video-preview":"max-video-preview:-1"},"canonical":"https:\/\/dorogimedence.hu\/index.php\/2021\/03\/01\/digitalis-oktatasra-allt-at-a-labatlani-iskola\/","og_locale":"hu_HU","og_type":"article","og_title":"Digit\u00e1lis oktat\u00e1sra \u00e1llt \u00e1t a l\u00e1batlani iskola","og_description":"A L\u00e1batlani Arany J\u00e1nos \u00c1ltal\u00e1nos \u00e9s Alapfok\u00fa M\u0171v\u00e9szeti Iskol\u00e1ban 2021. m\u00e1rcius 1-je \u00e9s 5-e k\u00f6z\u00f6tt digit\u00e1lis oktat\u00e1st rendeltek el \u2013 \u00edrja a L\u00e1bat Lan k\u00f6z\u00f6ss\u00e9gi oldal. Az eml\u00edtett int\u00e9zm\u00e9ny igazgat\u00f3ja febru\u00e1r 27-\u00e9n, szombaton jelezte a polg\u00e1rmesternek, hogy a tantest\u00fclet t\u00f6bb tagja Covid-19 v\u00edrusra jellemz\u0151 t\u00fcneteket tapasztalt. A polg\u00e1rmester gyors seg\u00edts\u00e9gk\u00e9nt felaj\u00e1nlotta az \u00f6nkorm\u00e1nyzat \u00e1ltal kor\u00e1bban","og_url":"https:\/\/dorogimedence.hu\/index.php\/2021\/03\/01\/digitalis-oktatasra-allt-at-a-labatlani-iskola\/","og_site_name":"Dorogi-medence Region\u00e1lis H\u00edrport\u00e1l","article_publisher":"https:\/\/www.facebook.com\/dorogimedence\/","article_published_time":"2021-03-01T12:22:52+00:00","article_modified_time":"2021-03-01T12:23:40+00:00","og_image":[{"width":830,"height":450,"url":"https:\/\/i0.wp.com\/dorogimedence.hu\/wp-content\/uploads\/2021\/03\/labatlan-iskola.jpg?fit=830%2C450&ssl=1","type":"image\/jpeg"}],"author":"dorogimedence.hu","twitter_card":"summary_large_image","twitter_misc":{"Szerz\u0151:":"dorogimedence.hu","Becs\u00fclt olvas\u00e1si id\u0151":"1 perc"},"schema":{"@context":"https:\/\/schema.org","@graph":[{"@type":"Article","@id":"https:\/\/dorogimedence.hu\/index.php\/2021\/03\/01\/digitalis-oktatasra-allt-at-a-labatlani-iskola\/#article","isPartOf":{"@id":"https:\/\/dorogimedence.hu\/index.php\/2021\/03\/01\/digitalis-oktatasra-allt-at-a-labatlani-iskola\/"},"author":{"name":"dorogimedence.hu","@id":"https:\/\/dorogimedence.hu\/#\/schema\/person\/ce6091eeb7e95ecdc87890d6aa8e0fd4"},"headline":"Digit\u00e1lis oktat\u00e1sra \u00e1llt \u00e1t a l\u00e1batlani iskola","datePublished":"2021-03-01T12:22:52+00:00","dateModified":"2021-03-01T12:23:40+00:00","mainEntityOfPage":{"@id":"https:\/\/dorogimedence.hu\/index.php\/2021\/03\/01\/digitalis-oktatasra-allt-at-a-labatlani-iskola\/"},"wordCount":218,"publisher":{"@id":"https:\/\/dorogimedence.hu\/#organization"},"image":{"@id":"https:\/\/dorogimedence.hu\/index.php\/2021\/03\/01\/digitalis-oktatasra-allt-at-a-labatlani-iskola\/#primaryimage"},"thumbnailUrl":"https:\/\/dorogimedence.hu\/wp-content\/uploads\/2021\/03\/labatlan-iskola.jpg","keywords":["digit\u00e1lis oktat\u00e1s","koronav\u00edrus","L\u00e1batlan"],"articleSection":["H\u00edrek"],"inLanguage":"hu"},{"@type":"WebPage","@id":"https:\/\/dorogimedence.hu\/index.php\/2021\/03\/01\/digitalis-oktatasra-allt-at-a-labatlani-iskola\/","url":"https:\/\/dorogimedence.hu\/index.php\/2021\/03\/01\/digitalis-oktatasra-allt-at-a-labatlani-iskola\/","name":"Digit\u00e1lis oktat\u00e1sra \u00e1llt \u00e1t a l\u00e1batlani iskola","isPartOf":{"@id":"https:\/\/dorogimedence.hu\/#website"},"primaryImageOfPage":{"@id":"https:\/\/dorogimedence.hu\/index.php\/2021\/03\/01\/digitalis-oktatasra-allt-at-a-labatlani-iskola\/#primaryimage"},"image":{"@id":"https:\/\/dorogimedence.hu\/index.php\/2021\/03\/01\/digitalis-oktatasra-allt-at-a-labatlani-iskola\/#primaryimage"},"thumbnailUrl":"https:\/\/dorogimedence.hu\/wp-content\/uploads\/2021\/03\/labatlan-iskola.jpg","datePublished":"2021-03-01T12:22:52+00:00","dateModified":"2021-03-01T12:23:40+00:00","breadcrumb":{"@id":"https:\/\/dorogimedence.hu\/index.php\/2021\/03\/01\/digitalis-oktatasra-allt-at-a-labatlani-iskola\/#breadcrumb"},"inLanguage":"hu","potentialAction":[{"@type":"ReadAction","target":["https:\/\/dorogimedence.hu\/index.php\/2021\/03\/01\/digitalis-oktatasra-allt-at-a-labatlani-iskola\/"]}]},{"@type":"ImageObject","inLanguage":"hu","@id":"https:\/\/dorogimedence.hu\/index.php\/2021\/03\/01\/digitalis-oktatasra-allt-at-a-labatlani-iskola\/#primaryimage","url":"https:\/\/dorogimedence.hu\/wp-content\/uploads\/2021\/03\/labatlan-iskola.jpg","contentUrl":"https:\/\/dorogimedence.hu\/wp-content\/uploads\/2021\/03\/labatlan-iskola.jpg","width":830,"height":450},{"@type":"BreadcrumbList","@id":"https:\/\/dorogimedence.hu\/index.php\/2021\/03\/01\/digitalis-oktatasra-allt-at-a-labatlani-iskola\/#breadcrumb","itemListElement":[{"@type":"ListItem","position":1,"name":"Kezd\u0151lap","item":"https:\/\/dorogimedence.hu\/"},{"@type":"ListItem","position":2,"name":"Digit\u00e1lis oktat\u00e1sra \u00e1llt \u00e1t a l\u00e1batlani iskola"}]},{"@type":"WebSite","@id":"https:\/\/dorogimedence.hu\/#website","url":"https:\/\/dorogimedence.hu\/","name":"Dorogi-medence Region\u00e1lis H\u00edrport\u00e1l","description":"Dorog, Keszt\u00f6lc, Le\u00e1nyv\u00e1r, Piliscs\u00e9v, Tokod, Tokodalt\u00e1r\u00f3, Csolnok, Esztergom-kertv\u00e1ros: h\u00edrek, programok","publisher":{"@id":"https:\/\/dorogimedence.hu\/#organization"},"potentialAction":[{"@type":"SearchAction","target":{"@type":"EntryPoint","urlTemplate":"https:\/\/dorogimedence.hu\/?s={search_term_string}"},"query-input":{"@type":"PropertyValueSpecification","valueRequired":true,"valueName":"search_term_string"}}],"inLanguage":"hu"},{"@type":"Organization","@id":"https:\/\/dorogimedence.hu\/#organization","name":"Dorogi-medence Region\u00e1lis H\u00edrport\u00e1l","url":"https:\/\/dorogimedence.hu\/","logo":{"@type":"ImageObject","inLanguage":"hu","@id":"https:\/\/dorogimedence.hu\/#\/schema\/logo\/image\/","url":"https:\/\/dorogimedence.hu\/wp-content\/uploads\/2021\/04\/logo-feher-600.png","contentUrl":"https:\/\/dorogimedence.hu\/wp-content\/uploads\/2021\/04\/logo-feher-600.png","width":600,"height":100,"caption":"Dorogi-medence Region\u00e1lis H\u00edrport\u00e1l"},"image":{"@id":"https:\/\/dorogimedence.hu\/#\/schema\/logo\/image\/"},"sameAs":["https:\/\/www.facebook.com\/dorogimedence\/"]},{"@type":"Person","@id":"https:\/\/dorogimedence.hu\/#\/schema\/person\/ce6091eeb7e95ecdc87890d6aa8e0fd4","name":"dorogimedence.hu","image":{"@type":"ImageObject","inLanguage":"hu","@id":"\/\/www.gravatar.com\/avatar\/d8d45f8901aadff40a4af72c0b826f1d?s=96&#038;r=g&#038;d=mm","url":"\/\/www.gravatar.com\/avatar\/d8d45f8901aadff40a4af72c0b826f1d?s=96&#038;r=g&#038;d=mm","contentUrl":"\/\/www.gravatar.com\/avatar\/d8d45f8901aadff40a4af72c0b826f1d?s=96&#038;r=g&#038;d=mm","caption":"dorogimedence.hu"}}]}},"_links":{"self":[{"href":"https:\/\/dorogimedence.hu\/index.php\/wp-json\/wp\/v2\/posts\/30746","targetHints":{"allow":["GET"]}}],"collection":[{"href":"https:\/\/dorogimedence.hu\/index.php\/wp-json\/wp\/v2\/posts"}],"about":[{"href":"https:\/\/dorogimedence.hu\/index.php\/wp-json\/wp\/v2\/types\/post"}],"author":[{"embeddable":true,"href":"https:\/\/dorogimedence.hu\/index.php\/wp-json\/wp\/v2\/users\/1"}],"replies":[{"embeddable":true,"href":"https:\/\/dorogimedence.hu\/index.php\/wp-json\/wp\/v2\/comments?post=30746"}],"version-history":[{"count":0,"href":"https:\/\/dorogimedence.hu\/index.php\/wp-json\/wp\/v2\/posts\/30746\/revisions"}],"wp:featuredmedia":[{"embeddable":true,"href":"https:\/\/dorogimedence.hu\/index.php\/wp-json\/wp\/v2\/media\/30747"}],"wp:attachment":[{"href":"https:\/\/dorogimedence.hu\/index.php\/wp-json\/wp\/v2\/media?parent=30746"}],"wp:term":[{"taxonomy":"category","embeddable":true,"href":"https:\/\/dorogimedence.hu\/index.php\/wp-json\/wp\/v2\/categories?post=30746"},{"taxonomy":"post_tag","embeddable":true,"href":"https:\/\/dorogimedence.hu\/index.php\/wp-json\/wp\/v2\/tags?post=30746"}],"curies":[{"name":"wp","href":"https:\/\/api.w.org\/{rel}","templated":true}]}}