{"id":30687,"date":"2021-02-26T11:14:55","date_gmt":"2021-02-26T10:14:55","guid":{"rendered":"http:\/\/dorogimedence.hu\/?p=30687"},"modified":"2021-02-26T11:16:52","modified_gmt":"2021-02-26T10:16:52","slug":"madarodukat-kapnak-a-dunakanyar-ovodai","status":"publish","type":"post","link":"https:\/\/dorogimedence.hu\/index.php\/2021\/02\/26\/madarodukat-kapnak-a-dunakanyar-ovodai\/","title":{"rendered":"Mad\u00e1rod\u00fakat kapnak a Dunakanyar \u00f3vod\u00e1i"},"content":{"rendered":"<p><strong>Sz\u00e1z\u00f6tven mad\u00e1rod\u00fat kapnak a Dunakanyar \u00f3vod\u00e1i a Z\u00f6ld Dunakanyar Program r\u00e9szek\u00e9nt<\/strong> <em>&#8211; \u00edrja az Agr\u00e1rminiszt\u00e9rium a <a href=\"https:\/\/kormany.hu\/hirek\/madarodukat-kapnak-ovodak-a-zold-dunakanyar-program-reszekent\" target=\"_blank\" rel=\"noopener\"><span style=\"text-decoration: underline; color: #0000ff;\">honlapj\u00e1n<\/span><\/a>.<\/em><\/p>\n<div class=\"content article\">\n<p>Az od\u00fak cs\u00fct\u00f6rt\u00f6ki v\u00e1ci \u00e1tad\u00e1s\u00e1n&nbsp;Nagy Istv\u00e1n&nbsp;agr\u00e1rminiszter hangs\u00falyozta, hogy a term\u00e9szet- \u00e9s k\u00f6rnyezetv\u00e9delem ter\u00fclet\u00e9n nem lehet el\u00e9g kor\u00e1n elkezdeni a szeml\u00e9letform\u00e1l\u00e1st. Az \u00f3vod\u00e1sok az od\u00faknak k\u00f6sz\u00f6nhet\u0151en megtapasztalhatj\u00e1k, milyen sokat tehet\u00fcnk term\u00e9szeti k\u00f6rnyezet\u00fcnk gazdags\u00e1g\u00e1\u00e9rt. A miniszter t\u00e1j\u00e9koztat\u00e1sa szerint a programban 31 telep\u00fcl\u00e9s 52 \u00f3vod\u00e1ja vesz r\u00e9szt.&nbsp;Nagy Istv\u00e1n&nbsp;hangs\u00falyozta, hogy a 150 od\u00fat a projekt \u00f6tletgazd\u00e1i szabadidej\u00fckben, az Ipoly Erd\u0151 Zrt. \u00e1ltal felaj\u00e1nlott feny\u0151deszk\u00e1kb\u00f3l, a Magyar Mad\u00e1rtani Egyes\u00fclet szakmai tan\u00e1csai alapj\u00e1n k\u00e9sz\u00edtett\u00e9k el. A n\u00e9gyf\u00e9le od\u00fa t\u00f6bb mad\u00e1rfajnak &#8211; p\u00e9ld\u00e1ul k\u00e9k cineg\u00e9nek, \u00f6rv\u00f6s l\u00e9gykap\u00f3nak &#8211; ny\u00fajt biztons\u00e1gos f\u00e9szkel\u0151helyet. Nagy Istv\u00e1n&nbsp;felh\u00edvta a figyelmet arra, hogy a mad\u00e1rod\u00fak kihelyez\u00e9se \u00e9lm\u00e9nyszer\u0171 tanul\u00e1st jelent az \u00f3vod\u00e1soknak. Hozz\u00e1tette: a projekt is azt igazolja, hogy Magyarorsz\u00e1gon p\u00e9lda\u00e9rt\u00e9k\u0171en gazdagodott a term\u00e9szetv\u00e9delmi \u00e9s a k\u00f6rnyezeti nevel\u00e9s eszk\u00f6zt\u00e1ra, \u00edgy er\u0151s\u00f6d\u00f6tt a felel\u0151s, term\u00e9szetk\u00f6zpont\u00fa z\u00f6ld gondolkod\u00e1s.<\/p>\n<p><img fetchpriority=\"high\" decoding=\"async\" class=\"alignnone size-full wp-image-30688\" src=\"https:\/\/dorogimedence.hu\/wp-content\/uploads\/2021\/02\/madarodu-02.jpg\" alt=\"\" width=\"830\" height=\"450\" srcset=\"https:\/\/dorogimedence.hu\/wp-content\/uploads\/2021\/02\/madarodu-02.jpg 830w, https:\/\/dorogimedence.hu\/wp-content\/uploads\/2021\/02\/madarodu-02-300x163.jpg 300w, https:\/\/dorogimedence.hu\/wp-content\/uploads\/2021\/02\/madarodu-02-768x416.jpg 768w\" sizes=\"(max-width: 830px) 100vw, 830px\" \/><\/p>\n<div class=\"content article\">\n<p>R\u00e9tv\u00e1ri Bence, az Emberi Er\u0151forr\u00e1sok Miniszt\u00e9rium\u00e1nak parlamenti \u00e1llamtitk\u00e1ra, a t\u00e9rs\u00e9g KDNP-s orsz\u00e1ggy\u0171l\u00e9si k\u00e9pvisel\u0151je fontosnak \u00e9rt\u00e9kelte a kezdem\u00e9nyez\u00e9st. Hozz\u00e1tette: az \u00f3vod\u00e1s koron t\u00fal, az iskol\u00e1kban \u00e9s azokon k\u00edv\u00fcl is igyekeznek a k\u00f6rnyezet ismeret\u00e9t, a term\u00e9szet v\u00e9delm\u00e9t tudatos\u00edtani a gyerekekben. K\u00f6zl\u00e9se szerint m\u00e1r t\u00f6bb mint ezer \u00f6koiskola m\u0171k\u00f6dik Magyarorsz\u00e1gon, emellett a Csodaszarvas iskolai k\u00f6z\u00f6ss\u00e9gi programban \u00e9s az Erzs\u00e9bet-t\u00e1borokban is szerepelnek a term\u00e9szet- \u00e9s k\u00f6rnyezetv\u00e9delemr\u0151l sz\u00f3l\u00f3 tematik\u00e1k, esem\u00e9nyek. Hangs\u00falyozta azt is, hogy az orsz\u00e1gban minden \u00fajsz\u00fcl\u00f6tt ut\u00e1n t\u00edz f\u00e1t \u00fcltetnek.<\/p>\n<p>Kiss L\u00e1szl\u00f3, az Ipoly Erd\u0151 Zrt. vez\u00e9rigazgat\u00f3ja azt emelte ki, hogy a kezdem\u00e9nyez\u00e9s amellett, hogy k\u00f6rnyezettudatoss\u00e1gra nevel, arra is p\u00e9ld\u00e1t ad, hogy mindenkinek m\u00f3dja \u00e9s lehet\u0151s\u00e9ge van tenni a term\u00e9szet\u00e9rt, ak\u00e1r egy mad\u00e1rod\u00faval is.<\/p>\n<p>Szab\u00f3 Csaba term\u00e9szetv\u00e9delmi m\u00e9rn\u00f6k hallgat\u00f3, \u00f6tletgazda elmondta, hogy az od\u00fak elk\u00e9sz\u00edt\u00e9se az els\u0151 fontos eleme a Z\u00f6ld Dunakanyar Programnak. A folytat\u00e1sban \u0151sszel rovarhoteleket terveznek kihelyezni \u00e9s a term\u00e9szetv\u00e9delemmel kapcsolatos vide\u00f3sorozatot is ind\u00edtanak. A programba bevonj\u00e1k a t\u00e9rs\u00e9g \u00f6nkorm\u00e1nyzatait, hogy k\u00f6z\u00f6sen tegyenek a Dunakanyar leveg\u0151j\u00e9nek, vizeinek \u00e9s k\u00f6rnyezet\u00e9nek tisztas\u00e1g\u00e1\u00e9rt.<\/p>\n<p><img decoding=\"async\" class=\"alignnone size-full wp-image-30689\" src=\"https:\/\/dorogimedence.hu\/wp-content\/uploads\/2021\/02\/szabo-csaba.jpg\" alt=\"\" width=\"830\" height=\"806\" srcset=\"https:\/\/dorogimedence.hu\/wp-content\/uploads\/2021\/02\/szabo-csaba.jpg 830w, https:\/\/dorogimedence.hu\/wp-content\/uploads\/2021\/02\/szabo-csaba-300x291.jpg 300w, https:\/\/dorogimedence.hu\/wp-content\/uploads\/2021\/02\/szabo-csaba-768x746.jpg 768w\" sizes=\"(max-width: 830px) 100vw, 830px\" \/><\/p>\n<p><strong>Az Agr\u00e1rminiszt\u00e9riumot megkerest\u00fck, hogy melyik \u00f3vod\u00e1k vesznek r\u00e9szt a programban. Az \u00e1ltaluk k\u00f6z\u00f6lt inform\u00e1ci\u00f3k szerint az al\u00e1bbiak:<\/strong><\/p>\n<ul>\n<li>Acsai Pitypang \u00d3voda,<\/li>\n<li>Bernecebar\u00e1ti Bar\u00e1tcinege \u00d3voda,<\/li>\n<li>Cs\u00f6r\u00f6gi Csiri-Biri \u00d3voda,<\/li>\n<li>Cs\u0151v\u00e1ri \u00d3voda,<\/li>\n<li>Galgagy\u00f6rki Egys\u00e9ges Liget \u00d3voda-B\u00f6lcs\u0151de,<\/li>\n<li>Ipolydam\u00e1sdi G\u00e9zeng\u00faz \u00f3voda,<\/li>\n<li>Ipolyt\u00f6lgyesi \u00d3voda,<\/li>\n<li>Kemencei KisBence \u00d3voda,<\/li>\n<li>Kismarosi Kis-Morg\u00f3 \u00d3voda,<\/li>\n<li>Kisn\u00e9medi Napk\u00f6ziotthonos \u00d3voda,<\/li>\n<li>Kosdi Csoda-V\u00e1r \u00d3voda \u00e9s Mini B\u00f6lcs\u0151de,<\/li>\n<li>K\u00f3spallagi Csiga-Biga \u00d3voda,<\/li>\n<li>Letk\u00e9si Napk\u00f6ziotthonos \u00d3voda,<\/li>\n<li>M\u00e1rianosztrai Kist\u00fccs\u00f6k \u00d3voda,<\/li>\n<li>Nagyb\u00f6rzs\u00f6ny Apr\u00f3ka \u00d3voda,<\/li>\n<li>Nagymarosi Napk\u00f6zi Otthonos \u00d3voda,<\/li>\n<li>\u0150rbotty\u00e1ni K\u00f6zponti (Napsug\u00e1r) \u00d3voda, G\u00f6d\u00f6r (Kism\u00f3kus) \u00d3voda,Botty\u00e1ni (Margar\u00e9ta) Tag\u00f3voda,<\/li>\n<li>Penci Tarkar\u00e9t \u00d3voda,<\/li>\n<li>Per\u0151cs\u00e9nyi \u00d3voda,<\/li>\n<li>P\u00fcsp\u00f6khatvani Eszterl\u00e1nc \u00d3voda,<\/li>\n<li>P\u00fcsp\u00f6kszil\u00e1gyi Napk\u00f6ziotthonos \u00f3voda,<\/li>\n<li>R\u00e1di Napk\u00f6zi- Otthonos \u00d3voda \u00e9s Konyha,<\/li>\n<li>Szobi Napsug\u00e1r \u00d3voda \u00e9s B\u00f6lcs\u0151de,<\/li>\n<li>Sz\u0151di Csupaf\u00fcl \u00d3voda,<\/li>\n<li>Sz\u0151dligeti Csemeteligeti Napk\u00f6zi Otthonos \u00d3voda \u00e9s Mini B\u00f6lcs\u0151de,<\/li>\n<li>Szokolya K\u00f6zs\u00e9gi B\u00f6rzs\u00f6ny Gy\u00f6ngye \u00d3voda \u00e9s B\u00f6lcs\u0151de,<\/li>\n<li>T\u00e9sai \u00d3voda,<\/li>\n<li>V\u00e1ci De\u00e1kv\u00e1ri \u00d3vod\u00e1k, Di\u00f3fa Utcai Tag\u00f3voda, \u00dajhegyi \u00dati Tag\u00f3voda, Sir\u00e1ly Utcai Tag\u00f3voda, De\u00e1kv\u00e1ri F\u0151\u00fati Tag\u00f3voda, V\u00e1ci Kisv\u00e1c-K\u00f6z\u00e9pv\u00e1rosi \u00d3voda, Ny\u00e1r Utcai Tag\u00f3voda H\u00e1rsfa Utcai Tag\u00f3voda, Cs\u00e1nyi K\u00f6r\u00fati Tag\u00f3voda, E\u00f6tv\u00f6s Utcai Tag\u00f3voda, V\u00e1ci Als\u00f3v\u00e1rosi \u00d3voda, Kert\u00e9sz Utcai Tag\u00f3voda, K\u00f6lcsey Utcai Tag\u00f3voda, B\u00e1bakal\u00e1cs Montessori \u00d3voda, Csillagf\u00fcrt \u00d6ko \u00d3voda, Szent Csal\u00e1d Katolikus \u00d3voda, V\u00e1ci Evang\u00e9likus Egyh\u00e1zi \u00d3voda, Ch\u00e1z\u00e1r Andr\u00e1s EGYMI, V\u00e1ci Waldorf \u00d3voda,<\/li>\n<li>V\u00e1cdukai Brunszvik Ter\u00e9z \u00d3voda \u2013 Minib\u00f6lcs\u0151de,<\/li>\n<li>V\u00e1charty\u00e1ni \u00d3voda,<\/li>\n<li>V\u00e1cr\u00e1t\u00f3ti M\u00f3kus \u00d3voda-B\u00f6lcs\u0151de,<\/li>\n<li>V\u00e1mosmikolai Vackor \u00d3voda,<\/li>\n<li>Ver\u0151cei G\u00e9za Fejedelem Reform\u00e1tus \u00c1ltal\u00e1nos Iskola, \u00d3voda \u00e9s B\u00f6lcs\u0151de,<\/li>\n<li>Zebeg\u00e9nyi Napraforg\u00f3 \u00d3voda \u00e9s Konyha.<\/li>\n<\/ul>\n<p><em>Forr\u00e1s: Agr\u00e1rminiszt\u00e9rium<br \/>\nFot\u00f3k: Fekete Istv\u00e1n\/MTI<\/em><\/p>\n<\/div>\n<\/div>\n","protected":false},"excerpt":{"rendered":"<p>Sz\u00e1z\u00f6tven mad\u00e1rod\u00fat kapnak a Dunakanyar \u00f3vod\u00e1i a Z\u00f6ld Dunakanyar Program r\u00e9szek\u00e9nt &#8211; \u00edrja az Agr\u00e1rminiszt\u00e9rium a honlapj\u00e1n. Az od\u00fak cs\u00fct\u00f6rt\u00f6ki v\u00e1ci \u00e1tad\u00e1s\u00e1n&nbsp;Nagy Istv\u00e1n&nbsp;agr\u00e1rminiszter hangs\u00falyozta, hogy a term\u00e9szet- \u00e9s k\u00f6rnyezetv\u00e9delem ter\u00fclet\u00e9n nem lehet el\u00e9g kor\u00e1n elkezdeni a szeml\u00e9letform\u00e1l\u00e1st. Az \u00f3vod\u00e1sok az od\u00faknak k\u00f6sz\u00f6nhet\u0151en megtapasztalhatj\u00e1k, milyen sokat tehet\u00fcnk term\u00e9szeti k\u00f6rnyezet\u00fcnk gazdags\u00e1g\u00e1\u00e9rt. A miniszter t\u00e1j\u00e9koztat\u00e1sa szerint a programban<\/p>\n","protected":false},"author":1,"featured_media":30690,"comment_status":"closed","ping_status":"closed","sticky":false,"template":"","format":"standard","meta":{"ngg_post_thumbnail":0,"footnotes":""},"categories":[3],"tags":[181,5461,198],"class_list":{"0":"post-30687","1":"post","2":"type-post","3":"status-publish","4":"format-standard","5":"has-post-thumbnail","7":"category-hirek","8":"tag-dunakanyar","9":"tag-madarodu","10":"tag-ovoda"},"yoast_head":"<!-- This site is optimized with the Yoast SEO plugin v27.4 - https:\/\/yoast.com\/product\/yoast-seo-wordpress\/ -->\n<title>Mad\u00e1rod\u00fakat kapnak a Dunakanyar \u00f3vod\u00e1i<\/title>\n<meta name=\"robots\" content=\"index, follow, max-snippet:-1, max-image-preview:large, max-video-preview:-1\" \/>\n<link rel=\"canonical\" href=\"https:\/\/dorogimedence.hu\/index.php\/2021\/02\/26\/madarodukat-kapnak-a-dunakanyar-ovodai\/\" class=\"yoast-seo-meta-tag\" \/>\n<meta property=\"og:locale\" content=\"hu_HU\" class=\"yoast-seo-meta-tag\" \/>\n<meta property=\"og:type\" content=\"article\" class=\"yoast-seo-meta-tag\" \/>\n<meta property=\"og:title\" content=\"Mad\u00e1rod\u00fakat kapnak a Dunakanyar \u00f3vod\u00e1i\" class=\"yoast-seo-meta-tag\" \/>\n<meta property=\"og:description\" content=\"Sz\u00e1z\u00f6tven mad\u00e1rod\u00fat kapnak a Dunakanyar \u00f3vod\u00e1i a Z\u00f6ld Dunakanyar Program r\u00e9szek\u00e9nt &#8211; \u00edrja az Agr\u00e1rminiszt\u00e9rium a honlapj\u00e1n. Az od\u00fak cs\u00fct\u00f6rt\u00f6ki v\u00e1ci \u00e1tad\u00e1s\u00e1n&nbsp;Nagy Istv\u00e1n&nbsp;agr\u00e1rminiszter hangs\u00falyozta, hogy a term\u00e9szet- \u00e9s k\u00f6rnyezetv\u00e9delem ter\u00fclet\u00e9n nem lehet el\u00e9g kor\u00e1n elkezdeni a szeml\u00e9letform\u00e1l\u00e1st. Az \u00f3vod\u00e1sok az od\u00faknak k\u00f6sz\u00f6nhet\u0151en megtapasztalhatj\u00e1k, milyen sokat tehet\u00fcnk term\u00e9szeti k\u00f6rnyezet\u00fcnk gazdags\u00e1g\u00e1\u00e9rt. A miniszter t\u00e1j\u00e9koztat\u00e1sa szerint a programban\" class=\"yoast-seo-meta-tag\" \/>\n<meta property=\"og:url\" content=\"https:\/\/dorogimedence.hu\/index.php\/2021\/02\/26\/madarodukat-kapnak-a-dunakanyar-ovodai\/\" class=\"yoast-seo-meta-tag\" \/>\n<meta property=\"og:site_name\" content=\"Dorogi-medence Region\u00e1lis H\u00edrport\u00e1l\" class=\"yoast-seo-meta-tag\" \/>\n<meta property=\"article:publisher\" content=\"https:\/\/www.facebook.com\/dorogimedence\/\" class=\"yoast-seo-meta-tag\" \/>\n<meta property=\"article:published_time\" content=\"2021-02-26T10:14:55+00:00\" class=\"yoast-seo-meta-tag\" \/>\n<meta property=\"article:modified_time\" content=\"2021-02-26T10:16:52+00:00\" class=\"yoast-seo-meta-tag\" \/>\n<meta property=\"og:image\" content=\"https:\/\/i0.wp.com\/dorogimedence.hu\/wp-content\/uploads\/2021\/02\/madarodu-01.jpg?fit=830%2C450&ssl=1\" class=\"yoast-seo-meta-tag\" \/>\n\t<meta property=\"og:image:width\" content=\"830\" class=\"yoast-seo-meta-tag\" \/>\n\t<meta property=\"og:image:height\" content=\"450\" class=\"yoast-seo-meta-tag\" \/>\n\t<meta property=\"og:image:type\" content=\"image\/jpeg\" class=\"yoast-seo-meta-tag\" \/>\n<meta name=\"author\" content=\"dorogimedence.hu\" class=\"yoast-seo-meta-tag\" \/>\n<meta name=\"twitter:card\" content=\"summary_large_image\" class=\"yoast-seo-meta-tag\" \/>\n<meta name=\"twitter:label1\" content=\"Szerz\u0151:\" class=\"yoast-seo-meta-tag\" \/>\n\t<meta name=\"twitter:data1\" content=\"dorogimedence.hu\" class=\"yoast-seo-meta-tag\" \/>\n\t<meta name=\"twitter:label2\" content=\"Becs\u00fclt olvas\u00e1si id\u0151\" class=\"yoast-seo-meta-tag\" \/>\n\t<meta name=\"twitter:data2\" content=\"4 perc\" class=\"yoast-seo-meta-tag\" \/>\n<script type=\"application\/ld+json\" class=\"yoast-schema-graph\">{\"@context\":\"https:\\\/\\\/schema.org\",\"@graph\":[{\"@type\":\"Article\",\"@id\":\"https:\\\/\\\/dorogimedence.hu\\\/index.php\\\/2021\\\/02\\\/26\\\/madarodukat-kapnak-a-dunakanyar-ovodai\\\/#article\",\"isPartOf\":{\"@id\":\"https:\\\/\\\/dorogimedence.hu\\\/index.php\\\/2021\\\/02\\\/26\\\/madarodukat-kapnak-a-dunakanyar-ovodai\\\/\"},\"author\":{\"name\":\"dorogimedence.hu\",\"@id\":\"https:\\\/\\\/dorogimedence.hu\\\/#\\\/schema\\\/person\\\/ce6091eeb7e95ecdc87890d6aa8e0fd4\"},\"headline\":\"Mad\u00e1rod\u00fakat kapnak a Dunakanyar \u00f3vod\u00e1i\",\"datePublished\":\"2021-02-26T10:14:55+00:00\",\"dateModified\":\"2021-02-26T10:16:52+00:00\",\"mainEntityOfPage\":{\"@id\":\"https:\\\/\\\/dorogimedence.hu\\\/index.php\\\/2021\\\/02\\\/26\\\/madarodukat-kapnak-a-dunakanyar-ovodai\\\/\"},\"wordCount\":881,\"publisher\":{\"@id\":\"https:\\\/\\\/dorogimedence.hu\\\/#organization\"},\"image\":{\"@id\":\"https:\\\/\\\/dorogimedence.hu\\\/index.php\\\/2021\\\/02\\\/26\\\/madarodukat-kapnak-a-dunakanyar-ovodai\\\/#primaryimage\"},\"thumbnailUrl\":\"https:\\\/\\\/dorogimedence.hu\\\/wp-content\\\/uploads\\\/2021\\\/02\\\/madarodu-01.jpg\",\"keywords\":[\"dunakanyar\",\"mad\u00e1rod\u00fa\",\"\u00f3voda\"],\"articleSection\":[\"H\u00edrek\"],\"inLanguage\":\"hu\"},{\"@type\":\"WebPage\",\"@id\":\"https:\\\/\\\/dorogimedence.hu\\\/index.php\\\/2021\\\/02\\\/26\\\/madarodukat-kapnak-a-dunakanyar-ovodai\\\/\",\"url\":\"https:\\\/\\\/dorogimedence.hu\\\/index.php\\\/2021\\\/02\\\/26\\\/madarodukat-kapnak-a-dunakanyar-ovodai\\\/\",\"name\":\"Mad\u00e1rod\u00fakat kapnak a Dunakanyar \u00f3vod\u00e1i\",\"isPartOf\":{\"@id\":\"https:\\\/\\\/dorogimedence.hu\\\/#website\"},\"primaryImageOfPage\":{\"@id\":\"https:\\\/\\\/dorogimedence.hu\\\/index.php\\\/2021\\\/02\\\/26\\\/madarodukat-kapnak-a-dunakanyar-ovodai\\\/#primaryimage\"},\"image\":{\"@id\":\"https:\\\/\\\/dorogimedence.hu\\\/index.php\\\/2021\\\/02\\\/26\\\/madarodukat-kapnak-a-dunakanyar-ovodai\\\/#primaryimage\"},\"thumbnailUrl\":\"https:\\\/\\\/dorogimedence.hu\\\/wp-content\\\/uploads\\\/2021\\\/02\\\/madarodu-01.jpg\",\"datePublished\":\"2021-02-26T10:14:55+00:00\",\"dateModified\":\"2021-02-26T10:16:52+00:00\",\"breadcrumb\":{\"@id\":\"https:\\\/\\\/dorogimedence.hu\\\/index.php\\\/2021\\\/02\\\/26\\\/madarodukat-kapnak-a-dunakanyar-ovodai\\\/#breadcrumb\"},\"inLanguage\":\"hu\",\"potentialAction\":[{\"@type\":\"ReadAction\",\"target\":[\"https:\\\/\\\/dorogimedence.hu\\\/index.php\\\/2021\\\/02\\\/26\\\/madarodukat-kapnak-a-dunakanyar-ovodai\\\/\"]}]},{\"@type\":\"ImageObject\",\"inLanguage\":\"hu\",\"@id\":\"https:\\\/\\\/dorogimedence.hu\\\/index.php\\\/2021\\\/02\\\/26\\\/madarodukat-kapnak-a-dunakanyar-ovodai\\\/#primaryimage\",\"url\":\"https:\\\/\\\/dorogimedence.hu\\\/wp-content\\\/uploads\\\/2021\\\/02\\\/madarodu-01.jpg\",\"contentUrl\":\"https:\\\/\\\/dorogimedence.hu\\\/wp-content\\\/uploads\\\/2021\\\/02\\\/madarodu-01.jpg\",\"width\":830,\"height\":450},{\"@type\":\"BreadcrumbList\",\"@id\":\"https:\\\/\\\/dorogimedence.hu\\\/index.php\\\/2021\\\/02\\\/26\\\/madarodukat-kapnak-a-dunakanyar-ovodai\\\/#breadcrumb\",\"itemListElement\":[{\"@type\":\"ListItem\",\"position\":1,\"name\":\"Kezd\u0151lap\",\"item\":\"https:\\\/\\\/dorogimedence.hu\\\/\"},{\"@type\":\"ListItem\",\"position\":2,\"name\":\"Mad\u00e1rod\u00fakat kapnak a Dunakanyar \u00f3vod\u00e1i\"}]},{\"@type\":\"WebSite\",\"@id\":\"https:\\\/\\\/dorogimedence.hu\\\/#website\",\"url\":\"https:\\\/\\\/dorogimedence.hu\\\/\",\"name\":\"Dorogi-medence Region\u00e1lis H\u00edrport\u00e1l\",\"description\":\"Dorog, Keszt\u00f6lc, Le\u00e1nyv\u00e1r, Piliscs\u00e9v, Tokod, Tokodalt\u00e1r\u00f3, Csolnok, Esztergom-kertv\u00e1ros: h\u00edrek, programok\",\"publisher\":{\"@id\":\"https:\\\/\\\/dorogimedence.hu\\\/#organization\"},\"potentialAction\":[{\"@type\":\"SearchAction\",\"target\":{\"@type\":\"EntryPoint\",\"urlTemplate\":\"https:\\\/\\\/dorogimedence.hu\\\/?s={search_term_string}\"},\"query-input\":{\"@type\":\"PropertyValueSpecification\",\"valueRequired\":true,\"valueName\":\"search_term_string\"}}],\"inLanguage\":\"hu\"},{\"@type\":\"Organization\",\"@id\":\"https:\\\/\\\/dorogimedence.hu\\\/#organization\",\"name\":\"Dorogi-medence Region\u00e1lis H\u00edrport\u00e1l\",\"url\":\"https:\\\/\\\/dorogimedence.hu\\\/\",\"logo\":{\"@type\":\"ImageObject\",\"inLanguage\":\"hu\",\"@id\":\"https:\\\/\\\/dorogimedence.hu\\\/#\\\/schema\\\/logo\\\/image\\\/\",\"url\":\"https:\\\/\\\/dorogimedence.hu\\\/wp-content\\\/uploads\\\/2021\\\/04\\\/logo-feher-600.png\",\"contentUrl\":\"https:\\\/\\\/dorogimedence.hu\\\/wp-content\\\/uploads\\\/2021\\\/04\\\/logo-feher-600.png\",\"width\":600,\"height\":100,\"caption\":\"Dorogi-medence Region\u00e1lis H\u00edrport\u00e1l\"},\"image\":{\"@id\":\"https:\\\/\\\/dorogimedence.hu\\\/#\\\/schema\\\/logo\\\/image\\\/\"},\"sameAs\":[\"https:\\\/\\\/www.facebook.com\\\/dorogimedence\\\/\"]},{\"@type\":\"Person\",\"@id\":\"https:\\\/\\\/dorogimedence.hu\\\/#\\\/schema\\\/person\\\/ce6091eeb7e95ecdc87890d6aa8e0fd4\",\"name\":\"dorogimedence.hu\",\"image\":{\"@type\":\"ImageObject\",\"inLanguage\":\"hu\",\"@id\":\"\\\/\\\/www.gravatar.com\\\/avatar\\\/d8d45f8901aadff40a4af72c0b826f1d?s=96&#038;r=g&#038;d=mm\",\"url\":\"\\\/\\\/www.gravatar.com\\\/avatar\\\/d8d45f8901aadff40a4af72c0b826f1d?s=96&#038;r=g&#038;d=mm\",\"contentUrl\":\"\\\/\\\/www.gravatar.com\\\/avatar\\\/d8d45f8901aadff40a4af72c0b826f1d?s=96&#038;r=g&#038;d=mm\",\"caption\":\"dorogimedence.hu\"}}]}<\/script>\n<!-- \/ Yoast SEO plugin. -->","yoast_head_json":{"title":"Mad\u00e1rod\u00fakat kapnak a Dunakanyar \u00f3vod\u00e1i","robots":{"index":"index","follow":"follow","max-snippet":"max-snippet:-1","max-image-preview":"max-image-preview:large","max-video-preview":"max-video-preview:-1"},"canonical":"https:\/\/dorogimedence.hu\/index.php\/2021\/02\/26\/madarodukat-kapnak-a-dunakanyar-ovodai\/","og_locale":"hu_HU","og_type":"article","og_title":"Mad\u00e1rod\u00fakat kapnak a Dunakanyar \u00f3vod\u00e1i","og_description":"Sz\u00e1z\u00f6tven mad\u00e1rod\u00fat kapnak a Dunakanyar \u00f3vod\u00e1i a Z\u00f6ld Dunakanyar Program r\u00e9szek\u00e9nt &#8211; \u00edrja az Agr\u00e1rminiszt\u00e9rium a honlapj\u00e1n. Az od\u00fak cs\u00fct\u00f6rt\u00f6ki v\u00e1ci \u00e1tad\u00e1s\u00e1n&nbsp;Nagy Istv\u00e1n&nbsp;agr\u00e1rminiszter hangs\u00falyozta, hogy a term\u00e9szet- \u00e9s k\u00f6rnyezetv\u00e9delem ter\u00fclet\u00e9n nem lehet el\u00e9g kor\u00e1n elkezdeni a szeml\u00e9letform\u00e1l\u00e1st. Az \u00f3vod\u00e1sok az od\u00faknak k\u00f6sz\u00f6nhet\u0151en megtapasztalhatj\u00e1k, milyen sokat tehet\u00fcnk term\u00e9szeti k\u00f6rnyezet\u00fcnk gazdags\u00e1g\u00e1\u00e9rt. A miniszter t\u00e1j\u00e9koztat\u00e1sa szerint a programban","og_url":"https:\/\/dorogimedence.hu\/index.php\/2021\/02\/26\/madarodukat-kapnak-a-dunakanyar-ovodai\/","og_site_name":"Dorogi-medence Region\u00e1lis H\u00edrport\u00e1l","article_publisher":"https:\/\/www.facebook.com\/dorogimedence\/","article_published_time":"2021-02-26T10:14:55+00:00","article_modified_time":"2021-02-26T10:16:52+00:00","og_image":[{"width":830,"height":450,"url":"https:\/\/i0.wp.com\/dorogimedence.hu\/wp-content\/uploads\/2021\/02\/madarodu-01.jpg?fit=830%2C450&ssl=1","type":"image\/jpeg"}],"author":"dorogimedence.hu","twitter_card":"summary_large_image","twitter_misc":{"Szerz\u0151:":"dorogimedence.hu","Becs\u00fclt olvas\u00e1si id\u0151":"4 perc"},"schema":{"@context":"https:\/\/schema.org","@graph":[{"@type":"Article","@id":"https:\/\/dorogimedence.hu\/index.php\/2021\/02\/26\/madarodukat-kapnak-a-dunakanyar-ovodai\/#article","isPartOf":{"@id":"https:\/\/dorogimedence.hu\/index.php\/2021\/02\/26\/madarodukat-kapnak-a-dunakanyar-ovodai\/"},"author":{"name":"dorogimedence.hu","@id":"https:\/\/dorogimedence.hu\/#\/schema\/person\/ce6091eeb7e95ecdc87890d6aa8e0fd4"},"headline":"Mad\u00e1rod\u00fakat kapnak a Dunakanyar \u00f3vod\u00e1i","datePublished":"2021-02-26T10:14:55+00:00","dateModified":"2021-02-26T10:16:52+00:00","mainEntityOfPage":{"@id":"https:\/\/dorogimedence.hu\/index.php\/2021\/02\/26\/madarodukat-kapnak-a-dunakanyar-ovodai\/"},"wordCount":881,"publisher":{"@id":"https:\/\/dorogimedence.hu\/#organization"},"image":{"@id":"https:\/\/dorogimedence.hu\/index.php\/2021\/02\/26\/madarodukat-kapnak-a-dunakanyar-ovodai\/#primaryimage"},"thumbnailUrl":"https:\/\/dorogimedence.hu\/wp-content\/uploads\/2021\/02\/madarodu-01.jpg","keywords":["dunakanyar","mad\u00e1rod\u00fa","\u00f3voda"],"articleSection":["H\u00edrek"],"inLanguage":"hu"},{"@type":"WebPage","@id":"https:\/\/dorogimedence.hu\/index.php\/2021\/02\/26\/madarodukat-kapnak-a-dunakanyar-ovodai\/","url":"https:\/\/dorogimedence.hu\/index.php\/2021\/02\/26\/madarodukat-kapnak-a-dunakanyar-ovodai\/","name":"Mad\u00e1rod\u00fakat kapnak a Dunakanyar \u00f3vod\u00e1i","isPartOf":{"@id":"https:\/\/dorogimedence.hu\/#website"},"primaryImageOfPage":{"@id":"https:\/\/dorogimedence.hu\/index.php\/2021\/02\/26\/madarodukat-kapnak-a-dunakanyar-ovodai\/#primaryimage"},"image":{"@id":"https:\/\/dorogimedence.hu\/index.php\/2021\/02\/26\/madarodukat-kapnak-a-dunakanyar-ovodai\/#primaryimage"},"thumbnailUrl":"https:\/\/dorogimedence.hu\/wp-content\/uploads\/2021\/02\/madarodu-01.jpg","datePublished":"2021-02-26T10:14:55+00:00","dateModified":"2021-02-26T10:16:52+00:00","breadcrumb":{"@id":"https:\/\/dorogimedence.hu\/index.php\/2021\/02\/26\/madarodukat-kapnak-a-dunakanyar-ovodai\/#breadcrumb"},"inLanguage":"hu","potentialAction":[{"@type":"ReadAction","target":["https:\/\/dorogimedence.hu\/index.php\/2021\/02\/26\/madarodukat-kapnak-a-dunakanyar-ovodai\/"]}]},{"@type":"ImageObject","inLanguage":"hu","@id":"https:\/\/dorogimedence.hu\/index.php\/2021\/02\/26\/madarodukat-kapnak-a-dunakanyar-ovodai\/#primaryimage","url":"https:\/\/dorogimedence.hu\/wp-content\/uploads\/2021\/02\/madarodu-01.jpg","contentUrl":"https:\/\/dorogimedence.hu\/wp-content\/uploads\/2021\/02\/madarodu-01.jpg","width":830,"height":450},{"@type":"BreadcrumbList","@id":"https:\/\/dorogimedence.hu\/index.php\/2021\/02\/26\/madarodukat-kapnak-a-dunakanyar-ovodai\/#breadcrumb","itemListElement":[{"@type":"ListItem","position":1,"name":"Kezd\u0151lap","item":"https:\/\/dorogimedence.hu\/"},{"@type":"ListItem","position":2,"name":"Mad\u00e1rod\u00fakat kapnak a Dunakanyar \u00f3vod\u00e1i"}]},{"@type":"WebSite","@id":"https:\/\/dorogimedence.hu\/#website","url":"https:\/\/dorogimedence.hu\/","name":"Dorogi-medence Region\u00e1lis H\u00edrport\u00e1l","description":"Dorog, Keszt\u00f6lc, Le\u00e1nyv\u00e1r, Piliscs\u00e9v, Tokod, Tokodalt\u00e1r\u00f3, Csolnok, Esztergom-kertv\u00e1ros: h\u00edrek, programok","publisher":{"@id":"https:\/\/dorogimedence.hu\/#organization"},"potentialAction":[{"@type":"SearchAction","target":{"@type":"EntryPoint","urlTemplate":"https:\/\/dorogimedence.hu\/?s={search_term_string}"},"query-input":{"@type":"PropertyValueSpecification","valueRequired":true,"valueName":"search_term_string"}}],"inLanguage":"hu"},{"@type":"Organization","@id":"https:\/\/dorogimedence.hu\/#organization","name":"Dorogi-medence Region\u00e1lis H\u00edrport\u00e1l","url":"https:\/\/dorogimedence.hu\/","logo":{"@type":"ImageObject","inLanguage":"hu","@id":"https:\/\/dorogimedence.hu\/#\/schema\/logo\/image\/","url":"https:\/\/dorogimedence.hu\/wp-content\/uploads\/2021\/04\/logo-feher-600.png","contentUrl":"https:\/\/dorogimedence.hu\/wp-content\/uploads\/2021\/04\/logo-feher-600.png","width":600,"height":100,"caption":"Dorogi-medence Region\u00e1lis H\u00edrport\u00e1l"},"image":{"@id":"https:\/\/dorogimedence.hu\/#\/schema\/logo\/image\/"},"sameAs":["https:\/\/www.facebook.com\/dorogimedence\/"]},{"@type":"Person","@id":"https:\/\/dorogimedence.hu\/#\/schema\/person\/ce6091eeb7e95ecdc87890d6aa8e0fd4","name":"dorogimedence.hu","image":{"@type":"ImageObject","inLanguage":"hu","@id":"\/\/www.gravatar.com\/avatar\/d8d45f8901aadff40a4af72c0b826f1d?s=96&#038;r=g&#038;d=mm","url":"\/\/www.gravatar.com\/avatar\/d8d45f8901aadff40a4af72c0b826f1d?s=96&#038;r=g&#038;d=mm","contentUrl":"\/\/www.gravatar.com\/avatar\/d8d45f8901aadff40a4af72c0b826f1d?s=96&#038;r=g&#038;d=mm","caption":"dorogimedence.hu"}}]}},"_links":{"self":[{"href":"https:\/\/dorogimedence.hu\/index.php\/wp-json\/wp\/v2\/posts\/30687","targetHints":{"allow":["GET"]}}],"collection":[{"href":"https:\/\/dorogimedence.hu\/index.php\/wp-json\/wp\/v2\/posts"}],"about":[{"href":"https:\/\/dorogimedence.hu\/index.php\/wp-json\/wp\/v2\/types\/post"}],"author":[{"embeddable":true,"href":"https:\/\/dorogimedence.hu\/index.php\/wp-json\/wp\/v2\/users\/1"}],"replies":[{"embeddable":true,"href":"https:\/\/dorogimedence.hu\/index.php\/wp-json\/wp\/v2\/comments?post=30687"}],"version-history":[{"count":0,"href":"https:\/\/dorogimedence.hu\/index.php\/wp-json\/wp\/v2\/posts\/30687\/revisions"}],"wp:featuredmedia":[{"embeddable":true,"href":"https:\/\/dorogimedence.hu\/index.php\/wp-json\/wp\/v2\/media\/30690"}],"wp:attachment":[{"href":"https:\/\/dorogimedence.hu\/index.php\/wp-json\/wp\/v2\/media?parent=30687"}],"wp:term":[{"taxonomy":"category","embeddable":true,"href":"https:\/\/dorogimedence.hu\/index.php\/wp-json\/wp\/v2\/categories?post=30687"},{"taxonomy":"post_tag","embeddable":true,"href":"https:\/\/dorogimedence.hu\/index.php\/wp-json\/wp\/v2\/tags?post=30687"}],"curies":[{"name":"wp","href":"https:\/\/api.w.org\/{rel}","templated":true}]}}