{"id":30492,"date":"2021-02-17T07:16:33","date_gmt":"2021-02-17T06:16:33","guid":{"rendered":"http:\/\/dorogimedence.hu\/?p=30492"},"modified":"2021-02-17T07:17:01","modified_gmt":"2021-02-17T06:17:01","slug":"rejtelyes-kodjatek-az-esztergomi-iskolakban","status":"publish","type":"post","link":"https:\/\/dorogimedence.hu\/index.php\/2021\/02\/17\/rejtelyes-kodjatek-az-esztergomi-iskolakban\/","title":{"rendered":"Rejt\u00e9lyes k\u00f3dj\u00e1t\u00e9k az esztergomi iskol\u00e1kban"},"content":{"rendered":"<p><strong>Sz\u00ednes QR k\u00f3dok t\u0171ntek fel az esztergomi \u00e1ltal\u00e1nos iskol\u00e1kban, k\u00f6z\u00e9piskol\u00e1kban, gimn\u00e1ziumokban 2021 febru\u00e1rj\u00e1ban.<\/strong><\/p>\n<p>Az esztergomi Helischer J\u00f3zsef V\u00e1rosi K\u00f6nyvt\u00e1r munkat\u00e1rsai az 5-12. \u00e9vfolyamos tanul\u00f3kat sz\u00f3l\u00edtj\u00e1k meg leg\u00fajabb kezdem\u00e9nyez\u00e9s\u00fckkel.<\/p>\n<p>A fiatalok egy titokzatos k\u00f3ddal tal\u00e1lkozhatnak a folyos\u00f3kon. A QR k\u00f3dokon a \u201eGriff \u00e9s fotel\u201d felirat szerepel, \u00e9s egy online, irodalmi j\u00e1t\u00e9kra h\u00edvogat.<\/p>\n<p>Minden j\u00e1t\u00e9kos nyer: a kisebb aj\u00e1nd\u00e9kok mellett k\u00f6nyveket, \u00e9dess\u00e9get sorsolnak ki, a helyesen v\u00e1laszol\u00f3k k\u00f6z\u00f6tt. A j\u00e1t\u00e9k remek olvasm\u00e1nyokat is aj\u00e1nl, mindenk\u00e9ppen j\u00f3 sz\u00f3rakoz\u00e1s.<\/p>\n<p>A Griff \u00e9s fotelr\u0151l r\u00e9szletesen a kezdem\u00e9nyez\u00e9s <a href=\"http:\/\/www.vkesztergom.hu\/varosi-konyvtar\/griff-es-fotel-kod\" target=\"_blank\" rel=\"noopener\"><span style=\"text-decoration: underline; color: #0000ff;\">honlapj\u00e1n<\/span><\/a>, illetve <a href=\"https:\/\/www.facebook.com\/griffesfotel\" target=\"_blank\" rel=\"noopener\"><span style=\"text-decoration: underline; color: #0000ff;\">Facebook oldal\u00e1n<\/span><\/a> olvashatnak!<\/p>\n<p><img fetchpriority=\"high\" decoding=\"async\" class=\"alignnone size-full wp-image-30494\" src=\"https:\/\/dorogimedence.hu\/wp-content\/uploads\/2021\/02\/griff-es-fotel-ajandekok.jpg\" alt=\"\" width=\"830\" height=\"623\" srcset=\"https:\/\/dorogimedence.hu\/wp-content\/uploads\/2021\/02\/griff-es-fotel-ajandekok.jpg 830w, https:\/\/dorogimedence.hu\/wp-content\/uploads\/2021\/02\/griff-es-fotel-ajandekok-300x225.jpg 300w, https:\/\/dorogimedence.hu\/wp-content\/uploads\/2021\/02\/griff-es-fotel-ajandekok-768x576.jpg 768w\" sizes=\"(max-width: 830px) 100vw, 830px\" \/><\/p>\n","protected":false},"excerpt":{"rendered":"<p>Sz\u00ednes QR k\u00f3dok t\u0171ntek fel az esztergomi \u00e1ltal\u00e1nos iskol\u00e1kban, k\u00f6z\u00e9piskol\u00e1kban, gimn\u00e1ziumokban 2021 febru\u00e1rj\u00e1ban. Az esztergomi Helischer J\u00f3zsef V\u00e1rosi K\u00f6nyvt\u00e1r munkat\u00e1rsai az 5-12. \u00e9vfolyamos tanul\u00f3kat sz\u00f3l\u00edtj\u00e1k meg leg\u00fajabb kezdem\u00e9nyez\u00e9s\u00fckkel. A fiatalok egy titokzatos k\u00f3ddal tal\u00e1lkozhatnak a folyos\u00f3kon. A QR k\u00f3dokon a \u201eGriff \u00e9s fotel\u201d felirat szerepel, \u00e9s egy online, irodalmi j\u00e1t\u00e9kra h\u00edvogat. Minden j\u00e1t\u00e9kos nyer: a<\/p>\n","protected":false},"author":1,"featured_media":30493,"comment_status":"closed","ping_status":"closed","sticky":false,"template":"","format":"standard","meta":{"ngg_post_thumbnail":0,"footnotes":""},"categories":[38,3],"tags":[42,5427,144,142],"class_list":{"0":"post-30492","1":"post","2":"type-post","3":"status-publish","4":"format-standard","5":"has-post-thumbnail","7":"category-esztergom","8":"category-hirek","9":"tag-esztergom","10":"tag-griff-es-fotel","11":"tag-konyvtar","12":"tag-oktatas"},"yoast_head":"<!-- This site is optimized with the Yoast SEO plugin v27.5 - https:\/\/yoast.com\/product\/yoast-seo-wordpress\/ -->\n<title>Rejt\u00e9lyes k\u00f3dj\u00e1t\u00e9k az esztergomi iskol\u00e1kban<\/title>\n<meta name=\"robots\" content=\"index, follow, max-snippet:-1, max-image-preview:large, max-video-preview:-1\" \/>\n<link rel=\"canonical\" href=\"https:\/\/dorogimedence.hu\/index.php\/2021\/02\/17\/rejtelyes-kodjatek-az-esztergomi-iskolakban\/\" class=\"yoast-seo-meta-tag\" \/>\n<meta property=\"og:locale\" content=\"hu_HU\" class=\"yoast-seo-meta-tag\" \/>\n<meta property=\"og:type\" content=\"article\" class=\"yoast-seo-meta-tag\" \/>\n<meta property=\"og:title\" content=\"Rejt\u00e9lyes k\u00f3dj\u00e1t\u00e9k az esztergomi iskol\u00e1kban\" class=\"yoast-seo-meta-tag\" \/>\n<meta property=\"og:description\" content=\"Sz\u00ednes QR k\u00f3dok t\u0171ntek fel az esztergomi \u00e1ltal\u00e1nos iskol\u00e1kban, k\u00f6z\u00e9piskol\u00e1kban, gimn\u00e1ziumokban 2021 febru\u00e1rj\u00e1ban. Az esztergomi Helischer J\u00f3zsef V\u00e1rosi K\u00f6nyvt\u00e1r munkat\u00e1rsai az 5-12. \u00e9vfolyamos tanul\u00f3kat sz\u00f3l\u00edtj\u00e1k meg leg\u00fajabb kezdem\u00e9nyez\u00e9s\u00fckkel. A fiatalok egy titokzatos k\u00f3ddal tal\u00e1lkozhatnak a folyos\u00f3kon. A QR k\u00f3dokon a \u201eGriff \u00e9s fotel\u201d felirat szerepel, \u00e9s egy online, irodalmi j\u00e1t\u00e9kra h\u00edvogat. Minden j\u00e1t\u00e9kos nyer: a\" class=\"yoast-seo-meta-tag\" \/>\n<meta property=\"og:url\" content=\"https:\/\/dorogimedence.hu\/index.php\/2021\/02\/17\/rejtelyes-kodjatek-az-esztergomi-iskolakban\/\" class=\"yoast-seo-meta-tag\" \/>\n<meta property=\"og:site_name\" content=\"Dorogi-medence Region\u00e1lis H\u00edrport\u00e1l\" class=\"yoast-seo-meta-tag\" \/>\n<meta property=\"article:publisher\" content=\"https:\/\/www.facebook.com\/dorogimedence\/\" class=\"yoast-seo-meta-tag\" \/>\n<meta property=\"article:published_time\" content=\"2021-02-17T06:16:33+00:00\" class=\"yoast-seo-meta-tag\" \/>\n<meta property=\"article:modified_time\" content=\"2021-02-17T06:17:01+00:00\" class=\"yoast-seo-meta-tag\" \/>\n<meta property=\"og:image\" content=\"https:\/\/i0.wp.com\/dorogimedence.hu\/wp-content\/uploads\/2021\/02\/griff-es-fotel.jpg?fit=830%2C450&ssl=1\" class=\"yoast-seo-meta-tag\" \/>\n\t<meta property=\"og:image:width\" content=\"830\" class=\"yoast-seo-meta-tag\" \/>\n\t<meta property=\"og:image:height\" content=\"450\" class=\"yoast-seo-meta-tag\" \/>\n\t<meta property=\"og:image:type\" content=\"image\/jpeg\" class=\"yoast-seo-meta-tag\" \/>\n<meta name=\"author\" content=\"dorogimedence.hu\" class=\"yoast-seo-meta-tag\" \/>\n<meta name=\"twitter:card\" content=\"summary_large_image\" class=\"yoast-seo-meta-tag\" \/>\n<meta name=\"twitter:label1\" content=\"Szerz\u0151:\" class=\"yoast-seo-meta-tag\" \/>\n\t<meta name=\"twitter:data1\" content=\"dorogimedence.hu\" class=\"yoast-seo-meta-tag\" \/>\n\t<meta name=\"twitter:label2\" content=\"Becs\u00fclt olvas\u00e1si id\u0151\" class=\"yoast-seo-meta-tag\" \/>\n\t<meta name=\"twitter:data2\" content=\"1 perc\" class=\"yoast-seo-meta-tag\" \/>\n<script type=\"application\/ld+json\" class=\"yoast-schema-graph\">{\"@context\":\"https:\\\/\\\/schema.org\",\"@graph\":[{\"@type\":\"Article\",\"@id\":\"https:\\\/\\\/dorogimedence.hu\\\/index.php\\\/2021\\\/02\\\/17\\\/rejtelyes-kodjatek-az-esztergomi-iskolakban\\\/#article\",\"isPartOf\":{\"@id\":\"https:\\\/\\\/dorogimedence.hu\\\/index.php\\\/2021\\\/02\\\/17\\\/rejtelyes-kodjatek-az-esztergomi-iskolakban\\\/\"},\"author\":{\"name\":\"dorogimedence.hu\",\"@id\":\"https:\\\/\\\/dorogimedence.hu\\\/#\\\/schema\\\/person\\\/ce6091eeb7e95ecdc87890d6aa8e0fd4\"},\"headline\":\"Rejt\u00e9lyes k\u00f3dj\u00e1t\u00e9k az esztergomi iskol\u00e1kban\",\"datePublished\":\"2021-02-17T06:16:33+00:00\",\"dateModified\":\"2021-02-17T06:17:01+00:00\",\"mainEntityOfPage\":{\"@id\":\"https:\\\/\\\/dorogimedence.hu\\\/index.php\\\/2021\\\/02\\\/17\\\/rejtelyes-kodjatek-az-esztergomi-iskolakban\\\/\"},\"wordCount\":150,\"publisher\":{\"@id\":\"https:\\\/\\\/dorogimedence.hu\\\/#organization\"},\"image\":{\"@id\":\"https:\\\/\\\/dorogimedence.hu\\\/index.php\\\/2021\\\/02\\\/17\\\/rejtelyes-kodjatek-az-esztergomi-iskolakban\\\/#primaryimage\"},\"thumbnailUrl\":\"https:\\\/\\\/dorogimedence.hu\\\/wp-content\\\/uploads\\\/2021\\\/02\\\/griff-es-fotel.jpg\",\"keywords\":[\"esztergom\",\"Griff \u00e9s fotel\",\"k\u00f6nyvt\u00e1r\",\"oktat\u00e1s\"],\"articleSection\":[\"Esztergom\",\"H\u00edrek\"],\"inLanguage\":\"hu\"},{\"@type\":\"WebPage\",\"@id\":\"https:\\\/\\\/dorogimedence.hu\\\/index.php\\\/2021\\\/02\\\/17\\\/rejtelyes-kodjatek-az-esztergomi-iskolakban\\\/\",\"url\":\"https:\\\/\\\/dorogimedence.hu\\\/index.php\\\/2021\\\/02\\\/17\\\/rejtelyes-kodjatek-az-esztergomi-iskolakban\\\/\",\"name\":\"Rejt\u00e9lyes k\u00f3dj\u00e1t\u00e9k az esztergomi iskol\u00e1kban\",\"isPartOf\":{\"@id\":\"https:\\\/\\\/dorogimedence.hu\\\/#website\"},\"primaryImageOfPage\":{\"@id\":\"https:\\\/\\\/dorogimedence.hu\\\/index.php\\\/2021\\\/02\\\/17\\\/rejtelyes-kodjatek-az-esztergomi-iskolakban\\\/#primaryimage\"},\"image\":{\"@id\":\"https:\\\/\\\/dorogimedence.hu\\\/index.php\\\/2021\\\/02\\\/17\\\/rejtelyes-kodjatek-az-esztergomi-iskolakban\\\/#primaryimage\"},\"thumbnailUrl\":\"https:\\\/\\\/dorogimedence.hu\\\/wp-content\\\/uploads\\\/2021\\\/02\\\/griff-es-fotel.jpg\",\"datePublished\":\"2021-02-17T06:16:33+00:00\",\"dateModified\":\"2021-02-17T06:17:01+00:00\",\"breadcrumb\":{\"@id\":\"https:\\\/\\\/dorogimedence.hu\\\/index.php\\\/2021\\\/02\\\/17\\\/rejtelyes-kodjatek-az-esztergomi-iskolakban\\\/#breadcrumb\"},\"inLanguage\":\"hu\",\"potentialAction\":[{\"@type\":\"ReadAction\",\"target\":[\"https:\\\/\\\/dorogimedence.hu\\\/index.php\\\/2021\\\/02\\\/17\\\/rejtelyes-kodjatek-az-esztergomi-iskolakban\\\/\"]}]},{\"@type\":\"ImageObject\",\"inLanguage\":\"hu\",\"@id\":\"https:\\\/\\\/dorogimedence.hu\\\/index.php\\\/2021\\\/02\\\/17\\\/rejtelyes-kodjatek-az-esztergomi-iskolakban\\\/#primaryimage\",\"url\":\"https:\\\/\\\/dorogimedence.hu\\\/wp-content\\\/uploads\\\/2021\\\/02\\\/griff-es-fotel.jpg\",\"contentUrl\":\"https:\\\/\\\/dorogimedence.hu\\\/wp-content\\\/uploads\\\/2021\\\/02\\\/griff-es-fotel.jpg\",\"width\":830,\"height\":450},{\"@type\":\"BreadcrumbList\",\"@id\":\"https:\\\/\\\/dorogimedence.hu\\\/index.php\\\/2021\\\/02\\\/17\\\/rejtelyes-kodjatek-az-esztergomi-iskolakban\\\/#breadcrumb\",\"itemListElement\":[{\"@type\":\"ListItem\",\"position\":1,\"name\":\"Kezd\u0151lap\",\"item\":\"https:\\\/\\\/dorogimedence.hu\\\/\"},{\"@type\":\"ListItem\",\"position\":2,\"name\":\"Rejt\u00e9lyes k\u00f3dj\u00e1t\u00e9k az esztergomi iskol\u00e1kban\"}]},{\"@type\":\"WebSite\",\"@id\":\"https:\\\/\\\/dorogimedence.hu\\\/#website\",\"url\":\"https:\\\/\\\/dorogimedence.hu\\\/\",\"name\":\"Dorogi-medence Region\u00e1lis H\u00edrport\u00e1l\",\"description\":\"Dorog, Keszt\u00f6lc, Le\u00e1nyv\u00e1r, Piliscs\u00e9v, Tokod, Tokodalt\u00e1r\u00f3, Csolnok, Esztergom-kertv\u00e1ros: h\u00edrek, programok\",\"publisher\":{\"@id\":\"https:\\\/\\\/dorogimedence.hu\\\/#organization\"},\"potentialAction\":[{\"@type\":\"SearchAction\",\"target\":{\"@type\":\"EntryPoint\",\"urlTemplate\":\"https:\\\/\\\/dorogimedence.hu\\\/?s={search_term_string}\"},\"query-input\":{\"@type\":\"PropertyValueSpecification\",\"valueRequired\":true,\"valueName\":\"search_term_string\"}}],\"inLanguage\":\"hu\"},{\"@type\":\"Organization\",\"@id\":\"https:\\\/\\\/dorogimedence.hu\\\/#organization\",\"name\":\"Dorogi-medence Region\u00e1lis H\u00edrport\u00e1l\",\"url\":\"https:\\\/\\\/dorogimedence.hu\\\/\",\"logo\":{\"@type\":\"ImageObject\",\"inLanguage\":\"hu\",\"@id\":\"https:\\\/\\\/dorogimedence.hu\\\/#\\\/schema\\\/logo\\\/image\\\/\",\"url\":\"https:\\\/\\\/dorogimedence.hu\\\/wp-content\\\/uploads\\\/2021\\\/04\\\/logo-feher-600.png\",\"contentUrl\":\"https:\\\/\\\/dorogimedence.hu\\\/wp-content\\\/uploads\\\/2021\\\/04\\\/logo-feher-600.png\",\"width\":600,\"height\":100,\"caption\":\"Dorogi-medence Region\u00e1lis H\u00edrport\u00e1l\"},\"image\":{\"@id\":\"https:\\\/\\\/dorogimedence.hu\\\/#\\\/schema\\\/logo\\\/image\\\/\"},\"sameAs\":[\"https:\\\/\\\/www.facebook.com\\\/dorogimedence\\\/\"]},{\"@type\":\"Person\",\"@id\":\"https:\\\/\\\/dorogimedence.hu\\\/#\\\/schema\\\/person\\\/ce6091eeb7e95ecdc87890d6aa8e0fd4\",\"name\":\"dorogimedence.hu\",\"image\":{\"@type\":\"ImageObject\",\"inLanguage\":\"hu\",\"@id\":\"\\\/\\\/www.gravatar.com\\\/avatar\\\/d8d45f8901aadff40a4af72c0b826f1d?s=96&#038;r=g&#038;d=mm\",\"url\":\"\\\/\\\/www.gravatar.com\\\/avatar\\\/d8d45f8901aadff40a4af72c0b826f1d?s=96&#038;r=g&#038;d=mm\",\"contentUrl\":\"\\\/\\\/www.gravatar.com\\\/avatar\\\/d8d45f8901aadff40a4af72c0b826f1d?s=96&#038;r=g&#038;d=mm\",\"caption\":\"dorogimedence.hu\"}}]}<\/script>\n<!-- \/ Yoast SEO plugin. -->","yoast_head_json":{"title":"Rejt\u00e9lyes k\u00f3dj\u00e1t\u00e9k az esztergomi iskol\u00e1kban","robots":{"index":"index","follow":"follow","max-snippet":"max-snippet:-1","max-image-preview":"max-image-preview:large","max-video-preview":"max-video-preview:-1"},"canonical":"https:\/\/dorogimedence.hu\/index.php\/2021\/02\/17\/rejtelyes-kodjatek-az-esztergomi-iskolakban\/","og_locale":"hu_HU","og_type":"article","og_title":"Rejt\u00e9lyes k\u00f3dj\u00e1t\u00e9k az esztergomi iskol\u00e1kban","og_description":"Sz\u00ednes QR k\u00f3dok t\u0171ntek fel az esztergomi \u00e1ltal\u00e1nos iskol\u00e1kban, k\u00f6z\u00e9piskol\u00e1kban, gimn\u00e1ziumokban 2021 febru\u00e1rj\u00e1ban. Az esztergomi Helischer J\u00f3zsef V\u00e1rosi K\u00f6nyvt\u00e1r munkat\u00e1rsai az 5-12. \u00e9vfolyamos tanul\u00f3kat sz\u00f3l\u00edtj\u00e1k meg leg\u00fajabb kezdem\u00e9nyez\u00e9s\u00fckkel. A fiatalok egy titokzatos k\u00f3ddal tal\u00e1lkozhatnak a folyos\u00f3kon. A QR k\u00f3dokon a \u201eGriff \u00e9s fotel\u201d felirat szerepel, \u00e9s egy online, irodalmi j\u00e1t\u00e9kra h\u00edvogat. Minden j\u00e1t\u00e9kos nyer: a","og_url":"https:\/\/dorogimedence.hu\/index.php\/2021\/02\/17\/rejtelyes-kodjatek-az-esztergomi-iskolakban\/","og_site_name":"Dorogi-medence Region\u00e1lis H\u00edrport\u00e1l","article_publisher":"https:\/\/www.facebook.com\/dorogimedence\/","article_published_time":"2021-02-17T06:16:33+00:00","article_modified_time":"2021-02-17T06:17:01+00:00","og_image":[{"width":830,"height":450,"url":"https:\/\/i0.wp.com\/dorogimedence.hu\/wp-content\/uploads\/2021\/02\/griff-es-fotel.jpg?fit=830%2C450&ssl=1","type":"image\/jpeg"}],"author":"dorogimedence.hu","twitter_card":"summary_large_image","twitter_misc":{"Szerz\u0151:":"dorogimedence.hu","Becs\u00fclt olvas\u00e1si id\u0151":"1 perc"},"schema":{"@context":"https:\/\/schema.org","@graph":[{"@type":"Article","@id":"https:\/\/dorogimedence.hu\/index.php\/2021\/02\/17\/rejtelyes-kodjatek-az-esztergomi-iskolakban\/#article","isPartOf":{"@id":"https:\/\/dorogimedence.hu\/index.php\/2021\/02\/17\/rejtelyes-kodjatek-az-esztergomi-iskolakban\/"},"author":{"name":"dorogimedence.hu","@id":"https:\/\/dorogimedence.hu\/#\/schema\/person\/ce6091eeb7e95ecdc87890d6aa8e0fd4"},"headline":"Rejt\u00e9lyes k\u00f3dj\u00e1t\u00e9k az esztergomi iskol\u00e1kban","datePublished":"2021-02-17T06:16:33+00:00","dateModified":"2021-02-17T06:17:01+00:00","mainEntityOfPage":{"@id":"https:\/\/dorogimedence.hu\/index.php\/2021\/02\/17\/rejtelyes-kodjatek-az-esztergomi-iskolakban\/"},"wordCount":150,"publisher":{"@id":"https:\/\/dorogimedence.hu\/#organization"},"image":{"@id":"https:\/\/dorogimedence.hu\/index.php\/2021\/02\/17\/rejtelyes-kodjatek-az-esztergomi-iskolakban\/#primaryimage"},"thumbnailUrl":"https:\/\/dorogimedence.hu\/wp-content\/uploads\/2021\/02\/griff-es-fotel.jpg","keywords":["esztergom","Griff \u00e9s fotel","k\u00f6nyvt\u00e1r","oktat\u00e1s"],"articleSection":["Esztergom","H\u00edrek"],"inLanguage":"hu"},{"@type":"WebPage","@id":"https:\/\/dorogimedence.hu\/index.php\/2021\/02\/17\/rejtelyes-kodjatek-az-esztergomi-iskolakban\/","url":"https:\/\/dorogimedence.hu\/index.php\/2021\/02\/17\/rejtelyes-kodjatek-az-esztergomi-iskolakban\/","name":"Rejt\u00e9lyes k\u00f3dj\u00e1t\u00e9k az esztergomi iskol\u00e1kban","isPartOf":{"@id":"https:\/\/dorogimedence.hu\/#website"},"primaryImageOfPage":{"@id":"https:\/\/dorogimedence.hu\/index.php\/2021\/02\/17\/rejtelyes-kodjatek-az-esztergomi-iskolakban\/#primaryimage"},"image":{"@id":"https:\/\/dorogimedence.hu\/index.php\/2021\/02\/17\/rejtelyes-kodjatek-az-esztergomi-iskolakban\/#primaryimage"},"thumbnailUrl":"https:\/\/dorogimedence.hu\/wp-content\/uploads\/2021\/02\/griff-es-fotel.jpg","datePublished":"2021-02-17T06:16:33+00:00","dateModified":"2021-02-17T06:17:01+00:00","breadcrumb":{"@id":"https:\/\/dorogimedence.hu\/index.php\/2021\/02\/17\/rejtelyes-kodjatek-az-esztergomi-iskolakban\/#breadcrumb"},"inLanguage":"hu","potentialAction":[{"@type":"ReadAction","target":["https:\/\/dorogimedence.hu\/index.php\/2021\/02\/17\/rejtelyes-kodjatek-az-esztergomi-iskolakban\/"]}]},{"@type":"ImageObject","inLanguage":"hu","@id":"https:\/\/dorogimedence.hu\/index.php\/2021\/02\/17\/rejtelyes-kodjatek-az-esztergomi-iskolakban\/#primaryimage","url":"https:\/\/dorogimedence.hu\/wp-content\/uploads\/2021\/02\/griff-es-fotel.jpg","contentUrl":"https:\/\/dorogimedence.hu\/wp-content\/uploads\/2021\/02\/griff-es-fotel.jpg","width":830,"height":450},{"@type":"BreadcrumbList","@id":"https:\/\/dorogimedence.hu\/index.php\/2021\/02\/17\/rejtelyes-kodjatek-az-esztergomi-iskolakban\/#breadcrumb","itemListElement":[{"@type":"ListItem","position":1,"name":"Kezd\u0151lap","item":"https:\/\/dorogimedence.hu\/"},{"@type":"ListItem","position":2,"name":"Rejt\u00e9lyes k\u00f3dj\u00e1t\u00e9k az esztergomi iskol\u00e1kban"}]},{"@type":"WebSite","@id":"https:\/\/dorogimedence.hu\/#website","url":"https:\/\/dorogimedence.hu\/","name":"Dorogi-medence Region\u00e1lis H\u00edrport\u00e1l","description":"Dorog, Keszt\u00f6lc, Le\u00e1nyv\u00e1r, Piliscs\u00e9v, Tokod, Tokodalt\u00e1r\u00f3, Csolnok, Esztergom-kertv\u00e1ros: h\u00edrek, programok","publisher":{"@id":"https:\/\/dorogimedence.hu\/#organization"},"potentialAction":[{"@type":"SearchAction","target":{"@type":"EntryPoint","urlTemplate":"https:\/\/dorogimedence.hu\/?s={search_term_string}"},"query-input":{"@type":"PropertyValueSpecification","valueRequired":true,"valueName":"search_term_string"}}],"inLanguage":"hu"},{"@type":"Organization","@id":"https:\/\/dorogimedence.hu\/#organization","name":"Dorogi-medence Region\u00e1lis H\u00edrport\u00e1l","url":"https:\/\/dorogimedence.hu\/","logo":{"@type":"ImageObject","inLanguage":"hu","@id":"https:\/\/dorogimedence.hu\/#\/schema\/logo\/image\/","url":"https:\/\/dorogimedence.hu\/wp-content\/uploads\/2021\/04\/logo-feher-600.png","contentUrl":"https:\/\/dorogimedence.hu\/wp-content\/uploads\/2021\/04\/logo-feher-600.png","width":600,"height":100,"caption":"Dorogi-medence Region\u00e1lis H\u00edrport\u00e1l"},"image":{"@id":"https:\/\/dorogimedence.hu\/#\/schema\/logo\/image\/"},"sameAs":["https:\/\/www.facebook.com\/dorogimedence\/"]},{"@type":"Person","@id":"https:\/\/dorogimedence.hu\/#\/schema\/person\/ce6091eeb7e95ecdc87890d6aa8e0fd4","name":"dorogimedence.hu","image":{"@type":"ImageObject","inLanguage":"hu","@id":"\/\/www.gravatar.com\/avatar\/d8d45f8901aadff40a4af72c0b826f1d?s=96&#038;r=g&#038;d=mm","url":"\/\/www.gravatar.com\/avatar\/d8d45f8901aadff40a4af72c0b826f1d?s=96&#038;r=g&#038;d=mm","contentUrl":"\/\/www.gravatar.com\/avatar\/d8d45f8901aadff40a4af72c0b826f1d?s=96&#038;r=g&#038;d=mm","caption":"dorogimedence.hu"}}]}},"_links":{"self":[{"href":"https:\/\/dorogimedence.hu\/index.php\/wp-json\/wp\/v2\/posts\/30492","targetHints":{"allow":["GET"]}}],"collection":[{"href":"https:\/\/dorogimedence.hu\/index.php\/wp-json\/wp\/v2\/posts"}],"about":[{"href":"https:\/\/dorogimedence.hu\/index.php\/wp-json\/wp\/v2\/types\/post"}],"author":[{"embeddable":true,"href":"https:\/\/dorogimedence.hu\/index.php\/wp-json\/wp\/v2\/users\/1"}],"replies":[{"embeddable":true,"href":"https:\/\/dorogimedence.hu\/index.php\/wp-json\/wp\/v2\/comments?post=30492"}],"version-history":[{"count":0,"href":"https:\/\/dorogimedence.hu\/index.php\/wp-json\/wp\/v2\/posts\/30492\/revisions"}],"wp:featuredmedia":[{"embeddable":true,"href":"https:\/\/dorogimedence.hu\/index.php\/wp-json\/wp\/v2\/media\/30493"}],"wp:attachment":[{"href":"https:\/\/dorogimedence.hu\/index.php\/wp-json\/wp\/v2\/media?parent=30492"}],"wp:term":[{"taxonomy":"category","embeddable":true,"href":"https:\/\/dorogimedence.hu\/index.php\/wp-json\/wp\/v2\/categories?post=30492"},{"taxonomy":"post_tag","embeddable":true,"href":"https:\/\/dorogimedence.hu\/index.php\/wp-json\/wp\/v2\/tags?post=30492"}],"curies":[{"name":"wp","href":"https:\/\/api.w.org\/{rel}","templated":true}]}}