{"id":30440,"date":"2021-02-22T07:04:39","date_gmt":"2021-02-22T06:04:39","guid":{"rendered":"http:\/\/dorogimedence.hu\/?p=30440"},"modified":"2021-02-22T07:04:22","modified_gmt":"2021-02-22T06:04:22","slug":"professzionalis-autoszerviz-esztergomban","status":"publish","type":"post","link":"https:\/\/dorogimedence.hu\/index.php\/2021\/02\/22\/professzionalis-autoszerviz-esztergomban\/","title":{"rendered":"Professzion\u00e1lis aut\u00f3szerviz Esztergomban!"},"content":{"rendered":"<p><strong>Ha professzion\u00e1lis Skoda, Volkswagen m\u00e1rka, illetve m\u00e1rkaf\u00fcggetlen aut\u00f3szervizt keres Esztergomban, akkor a Styevola \u00e9s Fia Kft. t\u00f6bb, mint 25 \u00e9ves m\u00faltra visszatekint\u0151 szerviz\u00e9t miel\u0151bb \u00e9rdemes felkeresnie.<\/strong><\/p>\n<p>A c\u00e9g v\u00e1llalja minden 4 \u00e9vn\u00e9l fiatalabb Volkswagen, Skoda vagy Volkswagen Haszonj\u00e1rm\u0171 garanci\u00e1lis szerviz\u00e9t, valamint b\u00e1rmely, m\u00e1r nem garanci\u00e1lis m\u00e1rk\u00e1j\u00fa \u00e9s t\u00edpus\u00fa aut\u00f3 garanci\u00e1n t\u00fali jav\u00edt\u00e1s\u00e1t, karbantart\u00e1s\u00e1t.<\/p>\n<p><strong>Profi szerviz<\/strong><\/p>\n<p>\u00c1tfog\u00f3 aut\u00f3szerviz szolg\u00e1ltat\u00e1saikkal minden esetben biztos\u00edtani tudj\u00e1k a megb\u00edzhat\u00f3 \u00e9s szakszer\u0171 jav\u00edt\u00e1st, karbantart\u00e1st. M\u0171hely\u00fck a legmodernebb aut\u00f3diagnosztikai rendszerekkel van felszerelve a gyors, \u00e9s pontos hibaelh\u00e1r\u00edt\u00e1s \u00e9rdek\u00e9ben.<\/p>\n<p><strong>Profi szakemberek<\/strong><\/p>\n<p>A Styevola \u00e9s Fia Kft. szervize egys\u00e9ges min\u0151s\u00edt\u00e9si rendszer szerint dolgozik, mely biztos\u00edtja \u00d6n sz\u00e1m\u00e1ra a megb\u00edzhat\u00f3s\u00e1got \u00e9s naprak\u00e9sz szaktud\u00e1st. Szakembereik folyamatos tov\u00e1bbk\u00e9pz\u00e9seken \u00e9s szakk\u00e9pz\u00e9seken vesznek r\u00e9szt, hogy a legfrissebb tud\u00e1ssal rendelkezzenek.<\/p>\n<p><strong>Szerviz szolg\u00e1ltat\u00e1saik:<\/strong><\/p>\n<ul>\n<li>m\u0171szaki vizsga \u00e9s eredetis\u00e9gvizsg\u00e1lat,<\/li>\n<li>karossz\u00e9rialakatos \u00e9s f\u00e9nyez\u0151m\u0171hely,<\/li>\n<li>k\u00e1r\u00fcgyint\u00e9z\u00e9s A-t\u00f3l Z-ig,<\/li>\n<li>aut\u00f3diagnosztika,<\/li>\n<li>\u00e1ltal\u00e1nos szerviz \u00e9s jav\u00edt\u00e1s,<\/li>\n<li>kl\u00edmatiszt\u00edt\u00e1s, \u00e9s karbantart\u00e1s,<\/li>\n<li>sz\u00e9lv\u00e9d\u0151jav\u00edt\u00e1s,<\/li>\n<li>m\u0171anyagjav\u00edt\u00e1s,<\/li>\n<li>gumiszerviz, gumihotel, centr\u00edroz\u00e1s (szezon\u00e1lis gumicsere is).<\/li>\n<\/ul>\n<p><strong>El\u0151nyeik:<\/strong> r\u00f6vid hat\u00e1rid\u0151k, kiemelked\u0151 min\u0151s\u00e9g, precizit\u00e1s, \u00e9s garanci\u00e1t v\u00e1llalnak a munk\u00e1ikra.<\/p>\n<p>B\u00edzza aut\u00f3j\u00e1t a Styevola \u00e9s Fia Kft.-re, \u00e9s szerviz\u00fck gondoskodik arr\u00f3l, hogy \u00d6n sok\u00e1ig \u00f6r\u00f6m\u00e9t lelje benne.&nbsp;<\/p>\n<p><strong>Szerviz c\u00edme: <\/strong>2500 Esztergom,T\u00e1ti \u00fat 28.<\/p>\n<p><span style=\"text-decoration: underline;\"><span style=\"color: #0000ff; text-decoration: underline;\"><a style=\"color: #0000ff; text-decoration: underline;\" href=\"https:\/\/www.styevolaesfia.hu\/szerviz-es-tartozek\" target=\"_blank\" rel=\"noopener\"><strong>Szerviz id\u0151ponttal kapcsolatos megkeres\u00e9s, kapcsolatfelv\u00e9tel ITT!<\/strong><\/a><\/span><\/span><\/p>\n<p>Szerviz\u00fck Esztergomban a T\u00e1ti \u00faton, k\u00f6nnyen megk\u00f6zel\u00edthet\u0151 helyen tal\u00e1lhat\u00f3, \u00edgy T\u00e1t, Nyerges\u00fajfalu, valamint Dorog ir\u00e1ny\u00e1b\u00f3l is k\u00f6nnyen megk\u00f6zel\u00edthet\u0151.<\/p>\n","protected":false},"excerpt":{"rendered":"<p>Ha professzion\u00e1lis Skoda, Volkswagen m\u00e1rka, illetve m\u00e1rkaf\u00fcggetlen aut\u00f3szervizt keres Esztergomban, akkor a Styevola \u00e9s Fia Kft. t\u00f6bb, mint 25 \u00e9ves m\u00faltra visszatekint\u0151 szerviz\u00e9t miel\u0151bb \u00e9rdemes felkeresnie. A c\u00e9g v\u00e1llalja minden 4 \u00e9vn\u00e9l fiatalabb Volkswagen, Skoda vagy Volkswagen Haszonj\u00e1rm\u0171 garanci\u00e1lis szerviz\u00e9t, valamint b\u00e1rmely, m\u00e1r nem garanci\u00e1lis m\u00e1rk\u00e1j\u00fa \u00e9s t\u00edpus\u00fa aut\u00f3 garanci\u00e1n t\u00fali jav\u00edt\u00e1s\u00e1t, karbantart\u00e1s\u00e1t. Profi szerviz<\/p>\n","protected":false},"author":1,"featured_media":30441,"comment_status":"closed","ping_status":"closed","sticky":false,"template":"","format":"standard","meta":{"ngg_post_thumbnail":0,"footnotes":""},"categories":[38,3],"tags":[4674,5418,42,5419,4967,1286],"class_list":{"0":"post-30440","1":"post","2":"type-post","3":"status-publish","4":"format-standard","5":"has-post-thumbnail","7":"category-esztergom","8":"category-hirek","9":"tag-autoszerviz","10":"tag-autoszerviz-esztergom","11":"tag-esztergom","12":"tag-skoda","13":"tag-styevola-es-fia-kft","14":"tag-volkswagen"},"yoast_head":"<!-- This site is optimized with the Yoast SEO plugin v27.5 - https:\/\/yoast.com\/product\/yoast-seo-wordpress\/ -->\n<title>Professzion\u00e1lis aut\u00f3szerviz Esztergomban!<\/title>\n<meta name=\"robots\" content=\"index, follow, max-snippet:-1, max-image-preview:large, max-video-preview:-1\" \/>\n<link rel=\"canonical\" href=\"https:\/\/dorogimedence.hu\/index.php\/2021\/02\/22\/professzionalis-autoszerviz-esztergomban\/\" class=\"yoast-seo-meta-tag\" \/>\n<meta property=\"og:locale\" content=\"hu_HU\" class=\"yoast-seo-meta-tag\" \/>\n<meta property=\"og:type\" content=\"article\" class=\"yoast-seo-meta-tag\" \/>\n<meta property=\"og:title\" content=\"Professzion\u00e1lis aut\u00f3szerviz Esztergomban!\" class=\"yoast-seo-meta-tag\" \/>\n<meta property=\"og:description\" content=\"Ha professzion\u00e1lis Skoda, Volkswagen m\u00e1rka, illetve m\u00e1rkaf\u00fcggetlen aut\u00f3szervizt keres Esztergomban, akkor a Styevola \u00e9s Fia Kft. t\u00f6bb, mint 25 \u00e9ves m\u00faltra visszatekint\u0151 szerviz\u00e9t miel\u0151bb \u00e9rdemes felkeresnie. A c\u00e9g v\u00e1llalja minden 4 \u00e9vn\u00e9l fiatalabb Volkswagen, Skoda vagy Volkswagen Haszonj\u00e1rm\u0171 garanci\u00e1lis szerviz\u00e9t, valamint b\u00e1rmely, m\u00e1r nem garanci\u00e1lis m\u00e1rk\u00e1j\u00fa \u00e9s t\u00edpus\u00fa aut\u00f3 garanci\u00e1n t\u00fali jav\u00edt\u00e1s\u00e1t, karbantart\u00e1s\u00e1t. Profi szerviz\" class=\"yoast-seo-meta-tag\" \/>\n<meta property=\"og:url\" content=\"https:\/\/dorogimedence.hu\/index.php\/2021\/02\/22\/professzionalis-autoszerviz-esztergomban\/\" class=\"yoast-seo-meta-tag\" \/>\n<meta property=\"og:site_name\" content=\"Dorogi-medence Region\u00e1lis H\u00edrport\u00e1l\" class=\"yoast-seo-meta-tag\" \/>\n<meta property=\"article:publisher\" content=\"https:\/\/www.facebook.com\/dorogimedence\/\" class=\"yoast-seo-meta-tag\" \/>\n<meta property=\"article:published_time\" content=\"2021-02-22T06:04:39+00:00\" class=\"yoast-seo-meta-tag\" \/>\n<meta property=\"og:image\" content=\"https:\/\/i0.wp.com\/dorogimedence.hu\/wp-content\/uploads\/2021\/02\/szerviz-esztergom.jpg?fit=830%2C450&ssl=1\" class=\"yoast-seo-meta-tag\" \/>\n\t<meta property=\"og:image:width\" content=\"830\" class=\"yoast-seo-meta-tag\" \/>\n\t<meta property=\"og:image:height\" content=\"450\" class=\"yoast-seo-meta-tag\" \/>\n\t<meta property=\"og:image:type\" content=\"image\/jpeg\" class=\"yoast-seo-meta-tag\" \/>\n<meta name=\"author\" content=\"dorogimedence.hu\" class=\"yoast-seo-meta-tag\" \/>\n<meta name=\"twitter:card\" content=\"summary_large_image\" class=\"yoast-seo-meta-tag\" \/>\n<meta name=\"twitter:label1\" content=\"Szerz\u0151:\" class=\"yoast-seo-meta-tag\" \/>\n\t<meta name=\"twitter:data1\" content=\"dorogimedence.hu\" class=\"yoast-seo-meta-tag\" \/>\n\t<meta name=\"twitter:label2\" content=\"Becs\u00fclt olvas\u00e1si id\u0151\" class=\"yoast-seo-meta-tag\" \/>\n\t<meta name=\"twitter:data2\" content=\"2 perc\" class=\"yoast-seo-meta-tag\" \/>\n<script type=\"application\/ld+json\" class=\"yoast-schema-graph\">{\"@context\":\"https:\\\/\\\/schema.org\",\"@graph\":[{\"@type\":\"Article\",\"@id\":\"https:\\\/\\\/dorogimedence.hu\\\/index.php\\\/2021\\\/02\\\/22\\\/professzionalis-autoszerviz-esztergomban\\\/#article\",\"isPartOf\":{\"@id\":\"https:\\\/\\\/dorogimedence.hu\\\/index.php\\\/2021\\\/02\\\/22\\\/professzionalis-autoszerviz-esztergomban\\\/\"},\"author\":{\"name\":\"dorogimedence.hu\",\"@id\":\"https:\\\/\\\/dorogimedence.hu\\\/#\\\/schema\\\/person\\\/ce6091eeb7e95ecdc87890d6aa8e0fd4\"},\"headline\":\"Professzion\u00e1lis aut\u00f3szerviz Esztergomban!\",\"datePublished\":\"2021-02-22T06:04:39+00:00\",\"mainEntityOfPage\":{\"@id\":\"https:\\\/\\\/dorogimedence.hu\\\/index.php\\\/2021\\\/02\\\/22\\\/professzionalis-autoszerviz-esztergomban\\\/\"},\"wordCount\":338,\"publisher\":{\"@id\":\"https:\\\/\\\/dorogimedence.hu\\\/#organization\"},\"image\":{\"@id\":\"https:\\\/\\\/dorogimedence.hu\\\/index.php\\\/2021\\\/02\\\/22\\\/professzionalis-autoszerviz-esztergomban\\\/#primaryimage\"},\"thumbnailUrl\":\"https:\\\/\\\/dorogimedence.hu\\\/wp-content\\\/uploads\\\/2021\\\/02\\\/szerviz-esztergom.jpg\",\"keywords\":[\"aut\u00f3szerv\u00edz\",\"autoszerviz esztergom\",\"esztergom\",\"Skoda\",\"Styevola \u00e9s Fia Kft.\",\"Volkswagen\"],\"articleSection\":[\"Esztergom\",\"H\u00edrek\"],\"inLanguage\":\"hu\"},{\"@type\":\"WebPage\",\"@id\":\"https:\\\/\\\/dorogimedence.hu\\\/index.php\\\/2021\\\/02\\\/22\\\/professzionalis-autoszerviz-esztergomban\\\/\",\"url\":\"https:\\\/\\\/dorogimedence.hu\\\/index.php\\\/2021\\\/02\\\/22\\\/professzionalis-autoszerviz-esztergomban\\\/\",\"name\":\"Professzion\u00e1lis aut\u00f3szerviz Esztergomban!\",\"isPartOf\":{\"@id\":\"https:\\\/\\\/dorogimedence.hu\\\/#website\"},\"primaryImageOfPage\":{\"@id\":\"https:\\\/\\\/dorogimedence.hu\\\/index.php\\\/2021\\\/02\\\/22\\\/professzionalis-autoszerviz-esztergomban\\\/#primaryimage\"},\"image\":{\"@id\":\"https:\\\/\\\/dorogimedence.hu\\\/index.php\\\/2021\\\/02\\\/22\\\/professzionalis-autoszerviz-esztergomban\\\/#primaryimage\"},\"thumbnailUrl\":\"https:\\\/\\\/dorogimedence.hu\\\/wp-content\\\/uploads\\\/2021\\\/02\\\/szerviz-esztergom.jpg\",\"datePublished\":\"2021-02-22T06:04:39+00:00\",\"breadcrumb\":{\"@id\":\"https:\\\/\\\/dorogimedence.hu\\\/index.php\\\/2021\\\/02\\\/22\\\/professzionalis-autoszerviz-esztergomban\\\/#breadcrumb\"},\"inLanguage\":\"hu\",\"potentialAction\":[{\"@type\":\"ReadAction\",\"target\":[\"https:\\\/\\\/dorogimedence.hu\\\/index.php\\\/2021\\\/02\\\/22\\\/professzionalis-autoszerviz-esztergomban\\\/\"]}]},{\"@type\":\"ImageObject\",\"inLanguage\":\"hu\",\"@id\":\"https:\\\/\\\/dorogimedence.hu\\\/index.php\\\/2021\\\/02\\\/22\\\/professzionalis-autoszerviz-esztergomban\\\/#primaryimage\",\"url\":\"https:\\\/\\\/dorogimedence.hu\\\/wp-content\\\/uploads\\\/2021\\\/02\\\/szerviz-esztergom.jpg\",\"contentUrl\":\"https:\\\/\\\/dorogimedence.hu\\\/wp-content\\\/uploads\\\/2021\\\/02\\\/szerviz-esztergom.jpg\",\"width\":830,\"height\":450},{\"@type\":\"BreadcrumbList\",\"@id\":\"https:\\\/\\\/dorogimedence.hu\\\/index.php\\\/2021\\\/02\\\/22\\\/professzionalis-autoszerviz-esztergomban\\\/#breadcrumb\",\"itemListElement\":[{\"@type\":\"ListItem\",\"position\":1,\"name\":\"Kezd\u0151lap\",\"item\":\"https:\\\/\\\/dorogimedence.hu\\\/\"},{\"@type\":\"ListItem\",\"position\":2,\"name\":\"Professzion\u00e1lis aut\u00f3szerviz Esztergomban!\"}]},{\"@type\":\"WebSite\",\"@id\":\"https:\\\/\\\/dorogimedence.hu\\\/#website\",\"url\":\"https:\\\/\\\/dorogimedence.hu\\\/\",\"name\":\"Dorogi-medence Region\u00e1lis H\u00edrport\u00e1l\",\"description\":\"Dorog, Keszt\u00f6lc, Le\u00e1nyv\u00e1r, Piliscs\u00e9v, Tokod, Tokodalt\u00e1r\u00f3, Csolnok, Esztergom-kertv\u00e1ros: h\u00edrek, programok\",\"publisher\":{\"@id\":\"https:\\\/\\\/dorogimedence.hu\\\/#organization\"},\"potentialAction\":[{\"@type\":\"SearchAction\",\"target\":{\"@type\":\"EntryPoint\",\"urlTemplate\":\"https:\\\/\\\/dorogimedence.hu\\\/?s={search_term_string}\"},\"query-input\":{\"@type\":\"PropertyValueSpecification\",\"valueRequired\":true,\"valueName\":\"search_term_string\"}}],\"inLanguage\":\"hu\"},{\"@type\":\"Organization\",\"@id\":\"https:\\\/\\\/dorogimedence.hu\\\/#organization\",\"name\":\"Dorogi-medence Region\u00e1lis H\u00edrport\u00e1l\",\"url\":\"https:\\\/\\\/dorogimedence.hu\\\/\",\"logo\":{\"@type\":\"ImageObject\",\"inLanguage\":\"hu\",\"@id\":\"https:\\\/\\\/dorogimedence.hu\\\/#\\\/schema\\\/logo\\\/image\\\/\",\"url\":\"https:\\\/\\\/dorogimedence.hu\\\/wp-content\\\/uploads\\\/2021\\\/04\\\/logo-feher-600.png\",\"contentUrl\":\"https:\\\/\\\/dorogimedence.hu\\\/wp-content\\\/uploads\\\/2021\\\/04\\\/logo-feher-600.png\",\"width\":600,\"height\":100,\"caption\":\"Dorogi-medence Region\u00e1lis H\u00edrport\u00e1l\"},\"image\":{\"@id\":\"https:\\\/\\\/dorogimedence.hu\\\/#\\\/schema\\\/logo\\\/image\\\/\"},\"sameAs\":[\"https:\\\/\\\/www.facebook.com\\\/dorogimedence\\\/\"]},{\"@type\":\"Person\",\"@id\":\"https:\\\/\\\/dorogimedence.hu\\\/#\\\/schema\\\/person\\\/ce6091eeb7e95ecdc87890d6aa8e0fd4\",\"name\":\"dorogimedence.hu\",\"image\":{\"@type\":\"ImageObject\",\"inLanguage\":\"hu\",\"@id\":\"\\\/\\\/www.gravatar.com\\\/avatar\\\/d8d45f8901aadff40a4af72c0b826f1d?s=96&#038;r=g&#038;d=mm\",\"url\":\"\\\/\\\/www.gravatar.com\\\/avatar\\\/d8d45f8901aadff40a4af72c0b826f1d?s=96&#038;r=g&#038;d=mm\",\"contentUrl\":\"\\\/\\\/www.gravatar.com\\\/avatar\\\/d8d45f8901aadff40a4af72c0b826f1d?s=96&#038;r=g&#038;d=mm\",\"caption\":\"dorogimedence.hu\"}}]}<\/script>\n<!-- \/ Yoast SEO plugin. -->","yoast_head_json":{"title":"Professzion\u00e1lis aut\u00f3szerviz Esztergomban!","robots":{"index":"index","follow":"follow","max-snippet":"max-snippet:-1","max-image-preview":"max-image-preview:large","max-video-preview":"max-video-preview:-1"},"canonical":"https:\/\/dorogimedence.hu\/index.php\/2021\/02\/22\/professzionalis-autoszerviz-esztergomban\/","og_locale":"hu_HU","og_type":"article","og_title":"Professzion\u00e1lis aut\u00f3szerviz Esztergomban!","og_description":"Ha professzion\u00e1lis Skoda, Volkswagen m\u00e1rka, illetve m\u00e1rkaf\u00fcggetlen aut\u00f3szervizt keres Esztergomban, akkor a Styevola \u00e9s Fia Kft. t\u00f6bb, mint 25 \u00e9ves m\u00faltra visszatekint\u0151 szerviz\u00e9t miel\u0151bb \u00e9rdemes felkeresnie. A c\u00e9g v\u00e1llalja minden 4 \u00e9vn\u00e9l fiatalabb Volkswagen, Skoda vagy Volkswagen Haszonj\u00e1rm\u0171 garanci\u00e1lis szerviz\u00e9t, valamint b\u00e1rmely, m\u00e1r nem garanci\u00e1lis m\u00e1rk\u00e1j\u00fa \u00e9s t\u00edpus\u00fa aut\u00f3 garanci\u00e1n t\u00fali jav\u00edt\u00e1s\u00e1t, karbantart\u00e1s\u00e1t. Profi szerviz","og_url":"https:\/\/dorogimedence.hu\/index.php\/2021\/02\/22\/professzionalis-autoszerviz-esztergomban\/","og_site_name":"Dorogi-medence Region\u00e1lis H\u00edrport\u00e1l","article_publisher":"https:\/\/www.facebook.com\/dorogimedence\/","article_published_time":"2021-02-22T06:04:39+00:00","og_image":[{"width":830,"height":450,"url":"https:\/\/i0.wp.com\/dorogimedence.hu\/wp-content\/uploads\/2021\/02\/szerviz-esztergom.jpg?fit=830%2C450&ssl=1","type":"image\/jpeg"}],"author":"dorogimedence.hu","twitter_card":"summary_large_image","twitter_misc":{"Szerz\u0151:":"dorogimedence.hu","Becs\u00fclt olvas\u00e1si id\u0151":"2 perc"},"schema":{"@context":"https:\/\/schema.org","@graph":[{"@type":"Article","@id":"https:\/\/dorogimedence.hu\/index.php\/2021\/02\/22\/professzionalis-autoszerviz-esztergomban\/#article","isPartOf":{"@id":"https:\/\/dorogimedence.hu\/index.php\/2021\/02\/22\/professzionalis-autoszerviz-esztergomban\/"},"author":{"name":"dorogimedence.hu","@id":"https:\/\/dorogimedence.hu\/#\/schema\/person\/ce6091eeb7e95ecdc87890d6aa8e0fd4"},"headline":"Professzion\u00e1lis aut\u00f3szerviz Esztergomban!","datePublished":"2021-02-22T06:04:39+00:00","mainEntityOfPage":{"@id":"https:\/\/dorogimedence.hu\/index.php\/2021\/02\/22\/professzionalis-autoszerviz-esztergomban\/"},"wordCount":338,"publisher":{"@id":"https:\/\/dorogimedence.hu\/#organization"},"image":{"@id":"https:\/\/dorogimedence.hu\/index.php\/2021\/02\/22\/professzionalis-autoszerviz-esztergomban\/#primaryimage"},"thumbnailUrl":"https:\/\/dorogimedence.hu\/wp-content\/uploads\/2021\/02\/szerviz-esztergom.jpg","keywords":["aut\u00f3szerv\u00edz","autoszerviz esztergom","esztergom","Skoda","Styevola \u00e9s Fia Kft.","Volkswagen"],"articleSection":["Esztergom","H\u00edrek"],"inLanguage":"hu"},{"@type":"WebPage","@id":"https:\/\/dorogimedence.hu\/index.php\/2021\/02\/22\/professzionalis-autoszerviz-esztergomban\/","url":"https:\/\/dorogimedence.hu\/index.php\/2021\/02\/22\/professzionalis-autoszerviz-esztergomban\/","name":"Professzion\u00e1lis aut\u00f3szerviz Esztergomban!","isPartOf":{"@id":"https:\/\/dorogimedence.hu\/#website"},"primaryImageOfPage":{"@id":"https:\/\/dorogimedence.hu\/index.php\/2021\/02\/22\/professzionalis-autoszerviz-esztergomban\/#primaryimage"},"image":{"@id":"https:\/\/dorogimedence.hu\/index.php\/2021\/02\/22\/professzionalis-autoszerviz-esztergomban\/#primaryimage"},"thumbnailUrl":"https:\/\/dorogimedence.hu\/wp-content\/uploads\/2021\/02\/szerviz-esztergom.jpg","datePublished":"2021-02-22T06:04:39+00:00","breadcrumb":{"@id":"https:\/\/dorogimedence.hu\/index.php\/2021\/02\/22\/professzionalis-autoszerviz-esztergomban\/#breadcrumb"},"inLanguage":"hu","potentialAction":[{"@type":"ReadAction","target":["https:\/\/dorogimedence.hu\/index.php\/2021\/02\/22\/professzionalis-autoszerviz-esztergomban\/"]}]},{"@type":"ImageObject","inLanguage":"hu","@id":"https:\/\/dorogimedence.hu\/index.php\/2021\/02\/22\/professzionalis-autoszerviz-esztergomban\/#primaryimage","url":"https:\/\/dorogimedence.hu\/wp-content\/uploads\/2021\/02\/szerviz-esztergom.jpg","contentUrl":"https:\/\/dorogimedence.hu\/wp-content\/uploads\/2021\/02\/szerviz-esztergom.jpg","width":830,"height":450},{"@type":"BreadcrumbList","@id":"https:\/\/dorogimedence.hu\/index.php\/2021\/02\/22\/professzionalis-autoszerviz-esztergomban\/#breadcrumb","itemListElement":[{"@type":"ListItem","position":1,"name":"Kezd\u0151lap","item":"https:\/\/dorogimedence.hu\/"},{"@type":"ListItem","position":2,"name":"Professzion\u00e1lis aut\u00f3szerviz Esztergomban!"}]},{"@type":"WebSite","@id":"https:\/\/dorogimedence.hu\/#website","url":"https:\/\/dorogimedence.hu\/","name":"Dorogi-medence Region\u00e1lis H\u00edrport\u00e1l","description":"Dorog, Keszt\u00f6lc, Le\u00e1nyv\u00e1r, Piliscs\u00e9v, Tokod, Tokodalt\u00e1r\u00f3, Csolnok, Esztergom-kertv\u00e1ros: h\u00edrek, programok","publisher":{"@id":"https:\/\/dorogimedence.hu\/#organization"},"potentialAction":[{"@type":"SearchAction","target":{"@type":"EntryPoint","urlTemplate":"https:\/\/dorogimedence.hu\/?s={search_term_string}"},"query-input":{"@type":"PropertyValueSpecification","valueRequired":true,"valueName":"search_term_string"}}],"inLanguage":"hu"},{"@type":"Organization","@id":"https:\/\/dorogimedence.hu\/#organization","name":"Dorogi-medence Region\u00e1lis H\u00edrport\u00e1l","url":"https:\/\/dorogimedence.hu\/","logo":{"@type":"ImageObject","inLanguage":"hu","@id":"https:\/\/dorogimedence.hu\/#\/schema\/logo\/image\/","url":"https:\/\/dorogimedence.hu\/wp-content\/uploads\/2021\/04\/logo-feher-600.png","contentUrl":"https:\/\/dorogimedence.hu\/wp-content\/uploads\/2021\/04\/logo-feher-600.png","width":600,"height":100,"caption":"Dorogi-medence Region\u00e1lis H\u00edrport\u00e1l"},"image":{"@id":"https:\/\/dorogimedence.hu\/#\/schema\/logo\/image\/"},"sameAs":["https:\/\/www.facebook.com\/dorogimedence\/"]},{"@type":"Person","@id":"https:\/\/dorogimedence.hu\/#\/schema\/person\/ce6091eeb7e95ecdc87890d6aa8e0fd4","name":"dorogimedence.hu","image":{"@type":"ImageObject","inLanguage":"hu","@id":"\/\/www.gravatar.com\/avatar\/d8d45f8901aadff40a4af72c0b826f1d?s=96&#038;r=g&#038;d=mm","url":"\/\/www.gravatar.com\/avatar\/d8d45f8901aadff40a4af72c0b826f1d?s=96&#038;r=g&#038;d=mm","contentUrl":"\/\/www.gravatar.com\/avatar\/d8d45f8901aadff40a4af72c0b826f1d?s=96&#038;r=g&#038;d=mm","caption":"dorogimedence.hu"}}]}},"_links":{"self":[{"href":"https:\/\/dorogimedence.hu\/index.php\/wp-json\/wp\/v2\/posts\/30440","targetHints":{"allow":["GET"]}}],"collection":[{"href":"https:\/\/dorogimedence.hu\/index.php\/wp-json\/wp\/v2\/posts"}],"about":[{"href":"https:\/\/dorogimedence.hu\/index.php\/wp-json\/wp\/v2\/types\/post"}],"author":[{"embeddable":true,"href":"https:\/\/dorogimedence.hu\/index.php\/wp-json\/wp\/v2\/users\/1"}],"replies":[{"embeddable":true,"href":"https:\/\/dorogimedence.hu\/index.php\/wp-json\/wp\/v2\/comments?post=30440"}],"version-history":[{"count":0,"href":"https:\/\/dorogimedence.hu\/index.php\/wp-json\/wp\/v2\/posts\/30440\/revisions"}],"wp:featuredmedia":[{"embeddable":true,"href":"https:\/\/dorogimedence.hu\/index.php\/wp-json\/wp\/v2\/media\/30441"}],"wp:attachment":[{"href":"https:\/\/dorogimedence.hu\/index.php\/wp-json\/wp\/v2\/media?parent=30440"}],"wp:term":[{"taxonomy":"category","embeddable":true,"href":"https:\/\/dorogimedence.hu\/index.php\/wp-json\/wp\/v2\/categories?post=30440"},{"taxonomy":"post_tag","embeddable":true,"href":"https:\/\/dorogimedence.hu\/index.php\/wp-json\/wp\/v2\/tags?post=30440"}],"curies":[{"name":"wp","href":"https:\/\/api.w.org\/{rel}","templated":true}]}}