{"id":30382,"date":"2021-02-12T15:39:00","date_gmt":"2021-02-12T14:39:00","guid":{"rendered":"http:\/\/dorogimedence.hu\/?p=30382"},"modified":"2021-02-12T15:39:35","modified_gmt":"2021-02-12T14:39:35","slug":"halalos-drogot-is-arultak-a-rendorok-elfogtak-oket-video","status":"publish","type":"post","link":"https:\/\/dorogimedence.hu\/index.php\/2021\/02\/12\/halalos-drogot-is-arultak-a-rendorok-elfogtak-oket-video\/","title":{"rendered":"Hal\u00e1los drogot is \u00e1rultak, a rend\u0151r\u00f6k elfogt\u00e1k \u0151ket &#8211; VIDE\u00d3"},"content":{"rendered":"<div class=\"lead-text\">\n<p><strong>Az esztergomi rend\u0151r\u00f6k egy n\u0151t \u00e9s k\u00e9t f\u00e9rfit vettek \u0151rizetbe, akik \u00e9vek \u00f3ta rendszeresen adtak el a tiltott szerb\u0151l.<\/strong><\/p>\n<div class=\"body-text\">\n<p>Az Esztergomi Rend\u0151rkapit\u00e1nys\u00e1gon 2020 november\u00e9ben, bejelent\u00e9s alapj\u00e1n indult b\u00fcntet\u0151elj\u00e1r\u00e1st \u00faj pszichoakt\u00edv anyaggal vissza\u00e9l\u00e9s b\u0171ntett gyan\u00faja miatt, miut\u00e1n egy 19 \u00e9ves fiatal b\u00f3d\u00edt\u00f3 hat\u00e1s\u00fa szer fogyaszt\u00e1s\u00e1t k\u00f6vet\u0151en rosszul lett. A szak\u00e9rt\u0151i vizsg\u00e1lat kimutatta a f\u00e9rfi szervezet\u00e9ben a tiltott szer jelenl\u00e9t\u00e9t. A beszerzett adatok alapj\u00e1n ker\u00fclt a rend\u0151r\u00f6k l\u00e1t\u00f3k\u00f6r\u00e9be G. Zsolt 46 \u00e9ves \u00e9s \u00e9lett\u00e1rsa, B. Alexandra 34 \u00e9ves esztergomi lakos. Kider\u00fclt, hogy a p\u00e1r anyagi haszonszerz\u00e9s v\u00e9gett<strong><em>, <\/em><\/strong>2018-t\u00f3l rendszeresen \u00faj pszichoakt\u00edv anyagot adtak el. A rend\u0151r\u00f6k a f\u00e9rfit \u00e9s a n\u0151t 2021. febru\u00e1r 10-\u00e9n elfogt\u00e1k \u00e9s el\u0151\u00e1ll\u00edtott\u00e1k.<\/p>\n<p><iframe title=\"\u00daj pszichoakt\u00edv anyaggal kereskedtek\" width=\"755\" height=\"425\" src=\"https:\/\/www.youtube.com\/embed\/3EIs9BzxM-A?feature=oembed\" frameborder=\"0\" allow=\"accelerometer; autoplay; clipboard-write; encrypted-media; gyroscope; picture-in-picture; web-share\" referrerpolicy=\"strict-origin-when-cross-origin\" allowfullscreen><\/iframe><\/p>\n<p>A kutat\u00e1s sor\u00e1n acetonos flakont \u00e9s k\u00e1b\u00edt\u00f3szergyan\u00fas n\u00f6v\u00e9nyi t\u00f6rmel\u00e9ket, digit\u00e1lis m\u00e9rleget \u00e9s narancss\u00e1rga sz\u00edn\u0171 port foglaltak le a nyomoz\u00f3k. Az el\u0151zetes szakv\u00e9lem\u00e9ny alapj\u00e1n, a lefoglalt por \u00faj pszichoakt\u00edv anyagnak min\u0151s\u00fcl. K\u00f6zismert nev\u00e9n &#8222;Bika&#8221; diz\u00e1jner drog, mely az elm\u00falt id\u0151szakban orsz\u00e1gszerte t\u00f6bb ember hal\u00e1l\u00e1t is okozta. A k\u00e9t szem\u00e9lyt a nyomoz\u00f3k gyan\u00fas\u00edtottk\u00e9nt kihallgatt\u00e1k, majd \u00faj pszichoakt\u00edv anyaggal vissza\u00e9l\u00e9s b\u0171ntett\u00e9nek megalapozott gyan\u00faja miatt \u0151rizetbe vett\u00e9k \u0151ket. A jelenlegi adatok szerint a gyan\u00fas\u00edtottak legal\u00e1bb 33 ezer adag herb\u00e1lt adtak el, ez\u00e1ltal t\u00f6bb mint 30 milli\u00f3 forint ment \u00e1t a kez\u00fck\u00f6n, amit egy 28 \u00e9ves annav\u00f6lgyi f\u00e9rfinak adtak tov\u00e1bb, akit\u0151l a tiltott szereket beszerezt\u00e9k.<\/p>\n<p><img fetchpriority=\"high\" decoding=\"async\" class=\"alignnone size-large wp-image-30384\" src=\"https:\/\/dorogimedence.hu\/wp-content\/uploads\/2021\/02\/6_1061-1024x683.jpg\" alt=\"\" width=\"665\" height=\"444\" srcset=\"https:\/\/dorogimedence.hu\/wp-content\/uploads\/2021\/02\/6_1061-1024x683.jpg 1024w, https:\/\/dorogimedence.hu\/wp-content\/uploads\/2021\/02\/6_1061-300x200.jpg 300w, https:\/\/dorogimedence.hu\/wp-content\/uploads\/2021\/02\/6_1061-768x512.jpg 768w, https:\/\/dorogimedence.hu\/wp-content\/uploads\/2021\/02\/6_1061-589x392.jpg 589w, https:\/\/dorogimedence.hu\/wp-content\/uploads\/2021\/02\/6_1061-272x182.jpg 272w, https:\/\/dorogimedence.hu\/wp-content\/uploads\/2021\/02\/6_1061.jpg 1200w\" sizes=\"(max-width: 665px) 100vw, 665px\" \/><\/p>\n<p>F. D\u00e1vid a gyan\u00fa szerint 2018-t\u00f3l kezd\u0151d\u0151en \u00faj pszichoakt\u00edv anyagot \u00e9rt\u00e9kes\u00edtett, illetve azzal kereskedett, az ebb\u0151l sz\u00e1rmaz\u00f3 j\u00f6vedelemb\u0151l \u00e9lt. Az \u0151 elfog\u00e1s\u00e1ra \u00f6sszehangolt rend\u0151ri int\u00e9zked\u00e9s sor\u00e1n ker\u00fclt sor febru\u00e1r 11-\u00e9n, amelyben a Kom\u00e1rom-Esztergom Megyei Rend\u0151r-f\u0151kapit\u00e1nys\u00e1g Felder\u00edt\u0151 Oszt\u00e1lya, az Esztergomi, a Dorogi Rend\u0151rkapit\u00e1nys\u00e1g \u00e9s a Tatab\u00e1nyai Rend\u0151rkapait\u00e1nys\u00e1g munkat\u00e1rsai is r\u00e9szt vettek. A f\u00e9rfit gyan\u00fas\u00edtottk\u00e9nt kihallgatt\u00e1k, ellene jelent\u0151s mennyis\u00e9gre k\u00edn\u00e1l\u00e1ssal, \u00e1tad\u00e1ssal, forgalomba hozatallal, keresked\u00e9ssel elk\u00f6vetett \u00faj pszichoakt\u00edv anyaggal vissza\u00e9l\u00e9s b\u0171ntett\u00e9nek elk\u00f6vet\u00e9se miatt indult b\u00fcntet\u0151elj\u00e1r\u00e1s. A rend\u0151rs\u00e9g az annav\u00f6lgyi lakosn\u00e1l tartott kutat\u00e1s sor\u00e1n k\u00e9t szem\u00e9lyaut\u00f3t, motorker\u00e9kp\u00e1rt, egy quadot, valamint k\u00e1b\u00edt\u00f3szergyan\u00fas anyagokat \u00e9s k\u00e9szp\u00e9nzt foglalt le. A f\u00e9rfit a kihallgat\u00e1s\u00e1t k\u00f6vet\u0151en \u0151rizetbe vett\u00e9k.<\/p>\n<p>Az Esztergomi Rend\u0151rkapit\u00e1nys\u00e1g kezdem\u00e9nyez\u00e9s\u00e9re az Esztergomi J\u00e1r\u00e1si \u00dcgy\u00e9szs\u00e9g ind\u00edtv\u00e1nyt tett a 46 \u00e9s a 34 \u00e9ves esztergomi \u00e9s a 28 \u00e9ves annav\u00f6lgyi lakos letart\u00f3ztat\u00e1s\u00e1ra, amit az Esztergomi J\u00e1r\u00e1sb\u00edr\u00f3s\u00e1g 2021. febru\u00e1r 12-\u00e9n elrendelt.<\/p>\n<p><img decoding=\"async\" class=\"alignnone size-full wp-image-30385\" src=\"https:\/\/dorogimedence.hu\/wp-content\/uploads\/2021\/02\/lead_1973.jpg\" alt=\"\" width=\"960\" height=\"540\" srcset=\"https:\/\/dorogimedence.hu\/wp-content\/uploads\/2021\/02\/lead_1973.jpg 960w, https:\/\/dorogimedence.hu\/wp-content\/uploads\/2021\/02\/lead_1973-300x169.jpg 300w, https:\/\/dorogimedence.hu\/wp-content\/uploads\/2021\/02\/lead_1973-768x432.jpg 768w\" sizes=\"(max-width: 960px) 100vw, 960px\" \/><\/p>\n<p><img decoding=\"async\" class=\"alignnone size-full wp-image-30386\" src=\"https:\/\/dorogimedence.hu\/wp-content\/uploads\/2021\/02\/2_2963.jpg\" alt=\"\" width=\"960\" height=\"540\" srcset=\"https:\/\/dorogimedence.hu\/wp-content\/uploads\/2021\/02\/2_2963.jpg 960w, https:\/\/dorogimedence.hu\/wp-content\/uploads\/2021\/02\/2_2963-300x169.jpg 300w, https:\/\/dorogimedence.hu\/wp-content\/uploads\/2021\/02\/2_2963-768x432.jpg 768w\" sizes=\"(max-width: 960px) 100vw, 960px\" \/><\/p>\n<p><em>Fot\u00f3k, forr\u00e1s: police.hu<\/em><\/p>\n<\/div>\n<\/div>\n","protected":false},"excerpt":{"rendered":"<p>Az esztergomi rend\u0151r\u00f6k egy n\u0151t \u00e9s k\u00e9t f\u00e9rfit vettek \u0151rizetbe, akik \u00e9vek \u00f3ta rendszeresen adtak el a tiltott szerb\u0151l. Az Esztergomi Rend\u0151rkapit\u00e1nys\u00e1gon 2020 november\u00e9ben, bejelent\u00e9s alapj\u00e1n indult b\u00fcntet\u0151elj\u00e1r\u00e1st \u00faj pszichoakt\u00edv anyaggal vissza\u00e9l\u00e9s b\u0171ntett gyan\u00faja miatt, miut\u00e1n egy 19 \u00e9ves fiatal b\u00f3d\u00edt\u00f3 hat\u00e1s\u00fa szer fogyaszt\u00e1s\u00e1t k\u00f6vet\u0151en rosszul lett. A szak\u00e9rt\u0151i vizsg\u00e1lat kimutatta a f\u00e9rfi szervezet\u00e9ben a<\/p>\n","protected":false},"author":1,"featured_media":30383,"comment_status":"closed","ping_status":"closed","sticky":false,"template":"","format":"standard","meta":{"ngg_post_thumbnail":0,"footnotes":""},"categories":[38,3,39],"tags":[63,529,42,528,61],"class_list":{"0":"post-30382","1":"post","2":"type-post","3":"status-publish","4":"format-standard","5":"has-post-thumbnail","7":"category-esztergom","8":"category-hirek","9":"category-kek-hirek","10":"tag-buncselekmeny","11":"tag-drog","12":"tag-esztergom","13":"tag-kabitoszer","14":"tag-rendorsegi-hirek"},"yoast_head":"<!-- This site is optimized with the Yoast SEO plugin v27.4 - https:\/\/yoast.com\/product\/yoast-seo-wordpress\/ -->\n<title>Hal\u00e1los drogot is \u00e1rultak, a rend\u0151r\u00f6k elfogt\u00e1k \u0151ket - VIDE\u00d3<\/title>\n<meta name=\"robots\" content=\"index, follow, max-snippet:-1, max-image-preview:large, max-video-preview:-1\" \/>\n<link rel=\"canonical\" href=\"https:\/\/dorogimedence.hu\/index.php\/2021\/02\/12\/halalos-drogot-is-arultak-a-rendorok-elfogtak-oket-video\/\" class=\"yoast-seo-meta-tag\" \/>\n<meta property=\"og:locale\" content=\"hu_HU\" class=\"yoast-seo-meta-tag\" \/>\n<meta property=\"og:type\" content=\"article\" class=\"yoast-seo-meta-tag\" \/>\n<meta property=\"og:title\" content=\"Hal\u00e1los drogot is \u00e1rultak, a rend\u0151r\u00f6k elfogt\u00e1k \u0151ket - VIDE\u00d3\" class=\"yoast-seo-meta-tag\" \/>\n<meta property=\"og:description\" content=\"Az esztergomi rend\u0151r\u00f6k egy n\u0151t \u00e9s k\u00e9t f\u00e9rfit vettek \u0151rizetbe, akik \u00e9vek \u00f3ta rendszeresen adtak el a tiltott szerb\u0151l. Az Esztergomi Rend\u0151rkapit\u00e1nys\u00e1gon 2020 november\u00e9ben, bejelent\u00e9s alapj\u00e1n indult b\u00fcntet\u0151elj\u00e1r\u00e1st \u00faj pszichoakt\u00edv anyaggal vissza\u00e9l\u00e9s b\u0171ntett gyan\u00faja miatt, miut\u00e1n egy 19 \u00e9ves fiatal b\u00f3d\u00edt\u00f3 hat\u00e1s\u00fa szer fogyaszt\u00e1s\u00e1t k\u00f6vet\u0151en rosszul lett. A szak\u00e9rt\u0151i vizsg\u00e1lat kimutatta a f\u00e9rfi szervezet\u00e9ben a\" class=\"yoast-seo-meta-tag\" \/>\n<meta property=\"og:url\" content=\"https:\/\/dorogimedence.hu\/index.php\/2021\/02\/12\/halalos-drogot-is-arultak-a-rendorok-elfogtak-oket-video\/\" class=\"yoast-seo-meta-tag\" \/>\n<meta property=\"og:site_name\" content=\"Dorogi-medence Region\u00e1lis H\u00edrport\u00e1l\" class=\"yoast-seo-meta-tag\" \/>\n<meta property=\"article:publisher\" content=\"https:\/\/www.facebook.com\/dorogimedence\/\" class=\"yoast-seo-meta-tag\" \/>\n<meta property=\"article:published_time\" content=\"2021-02-12T14:39:00+00:00\" class=\"yoast-seo-meta-tag\" \/>\n<meta property=\"article:modified_time\" content=\"2021-02-12T14:39:35+00:00\" class=\"yoast-seo-meta-tag\" \/>\n<meta property=\"og:image\" content=\"https:\/\/i0.wp.com\/dorogimedence.hu\/wp-content\/uploads\/2021\/02\/drog-01.jpg?fit=830%2C450&ssl=1\" class=\"yoast-seo-meta-tag\" \/>\n\t<meta property=\"og:image:width\" content=\"830\" class=\"yoast-seo-meta-tag\" \/>\n\t<meta property=\"og:image:height\" content=\"450\" class=\"yoast-seo-meta-tag\" \/>\n\t<meta property=\"og:image:type\" content=\"image\/jpeg\" class=\"yoast-seo-meta-tag\" \/>\n<meta name=\"author\" content=\"dorogimedence.hu\" class=\"yoast-seo-meta-tag\" \/>\n<meta name=\"twitter:card\" content=\"summary_large_image\" class=\"yoast-seo-meta-tag\" \/>\n<meta name=\"twitter:label1\" content=\"Szerz\u0151:\" class=\"yoast-seo-meta-tag\" \/>\n\t<meta name=\"twitter:data1\" content=\"dorogimedence.hu\" class=\"yoast-seo-meta-tag\" \/>\n\t<meta name=\"twitter:label2\" content=\"Becs\u00fclt olvas\u00e1si id\u0151\" class=\"yoast-seo-meta-tag\" \/>\n\t<meta name=\"twitter:data2\" content=\"3 perc\" class=\"yoast-seo-meta-tag\" \/>\n<script type=\"application\/ld+json\" class=\"yoast-schema-graph\">{\"@context\":\"https:\\\/\\\/schema.org\",\"@graph\":[{\"@type\":\"Article\",\"@id\":\"https:\\\/\\\/dorogimedence.hu\\\/index.php\\\/2021\\\/02\\\/12\\\/halalos-drogot-is-arultak-a-rendorok-elfogtak-oket-video\\\/#article\",\"isPartOf\":{\"@id\":\"https:\\\/\\\/dorogimedence.hu\\\/index.php\\\/2021\\\/02\\\/12\\\/halalos-drogot-is-arultak-a-rendorok-elfogtak-oket-video\\\/\"},\"author\":{\"name\":\"dorogimedence.hu\",\"@id\":\"https:\\\/\\\/dorogimedence.hu\\\/#\\\/schema\\\/person\\\/ce6091eeb7e95ecdc87890d6aa8e0fd4\"},\"headline\":\"Hal\u00e1los drogot is \u00e1rultak, a rend\u0151r\u00f6k elfogt\u00e1k \u0151ket &#8211; VIDE\u00d3\",\"datePublished\":\"2021-02-12T14:39:00+00:00\",\"dateModified\":\"2021-02-12T14:39:35+00:00\",\"mainEntityOfPage\":{\"@id\":\"https:\\\/\\\/dorogimedence.hu\\\/index.php\\\/2021\\\/02\\\/12\\\/halalos-drogot-is-arultak-a-rendorok-elfogtak-oket-video\\\/\"},\"wordCount\":576,\"publisher\":{\"@id\":\"https:\\\/\\\/dorogimedence.hu\\\/#organization\"},\"image\":{\"@id\":\"https:\\\/\\\/dorogimedence.hu\\\/index.php\\\/2021\\\/02\\\/12\\\/halalos-drogot-is-arultak-a-rendorok-elfogtak-oket-video\\\/#primaryimage\"},\"thumbnailUrl\":\"https:\\\/\\\/dorogimedence.hu\\\/wp-content\\\/uploads\\\/2021\\\/02\\\/drog-01.jpg\",\"keywords\":[\"b\u0171ncselekm\u00e9ny\",\"drog\",\"esztergom\",\"k\u00e1b\u00edt\u00f3szer\",\"rend\u0151rs\u00e9gi h\u00edrek\"],\"articleSection\":[\"Esztergom\",\"H\u00edrek\",\"K\u00e9k h\u00edrek\"],\"inLanguage\":\"hu\"},{\"@type\":\"WebPage\",\"@id\":\"https:\\\/\\\/dorogimedence.hu\\\/index.php\\\/2021\\\/02\\\/12\\\/halalos-drogot-is-arultak-a-rendorok-elfogtak-oket-video\\\/\",\"url\":\"https:\\\/\\\/dorogimedence.hu\\\/index.php\\\/2021\\\/02\\\/12\\\/halalos-drogot-is-arultak-a-rendorok-elfogtak-oket-video\\\/\",\"name\":\"Hal\u00e1los drogot is \u00e1rultak, a rend\u0151r\u00f6k elfogt\u00e1k \u0151ket - VIDE\u00d3\",\"isPartOf\":{\"@id\":\"https:\\\/\\\/dorogimedence.hu\\\/#website\"},\"primaryImageOfPage\":{\"@id\":\"https:\\\/\\\/dorogimedence.hu\\\/index.php\\\/2021\\\/02\\\/12\\\/halalos-drogot-is-arultak-a-rendorok-elfogtak-oket-video\\\/#primaryimage\"},\"image\":{\"@id\":\"https:\\\/\\\/dorogimedence.hu\\\/index.php\\\/2021\\\/02\\\/12\\\/halalos-drogot-is-arultak-a-rendorok-elfogtak-oket-video\\\/#primaryimage\"},\"thumbnailUrl\":\"https:\\\/\\\/dorogimedence.hu\\\/wp-content\\\/uploads\\\/2021\\\/02\\\/drog-01.jpg\",\"datePublished\":\"2021-02-12T14:39:00+00:00\",\"dateModified\":\"2021-02-12T14:39:35+00:00\",\"breadcrumb\":{\"@id\":\"https:\\\/\\\/dorogimedence.hu\\\/index.php\\\/2021\\\/02\\\/12\\\/halalos-drogot-is-arultak-a-rendorok-elfogtak-oket-video\\\/#breadcrumb\"},\"inLanguage\":\"hu\",\"potentialAction\":[{\"@type\":\"ReadAction\",\"target\":[\"https:\\\/\\\/dorogimedence.hu\\\/index.php\\\/2021\\\/02\\\/12\\\/halalos-drogot-is-arultak-a-rendorok-elfogtak-oket-video\\\/\"]}]},{\"@type\":\"ImageObject\",\"inLanguage\":\"hu\",\"@id\":\"https:\\\/\\\/dorogimedence.hu\\\/index.php\\\/2021\\\/02\\\/12\\\/halalos-drogot-is-arultak-a-rendorok-elfogtak-oket-video\\\/#primaryimage\",\"url\":\"https:\\\/\\\/dorogimedence.hu\\\/wp-content\\\/uploads\\\/2021\\\/02\\\/drog-01.jpg\",\"contentUrl\":\"https:\\\/\\\/dorogimedence.hu\\\/wp-content\\\/uploads\\\/2021\\\/02\\\/drog-01.jpg\",\"width\":830,\"height\":450},{\"@type\":\"BreadcrumbList\",\"@id\":\"https:\\\/\\\/dorogimedence.hu\\\/index.php\\\/2021\\\/02\\\/12\\\/halalos-drogot-is-arultak-a-rendorok-elfogtak-oket-video\\\/#breadcrumb\",\"itemListElement\":[{\"@type\":\"ListItem\",\"position\":1,\"name\":\"Kezd\u0151lap\",\"item\":\"https:\\\/\\\/dorogimedence.hu\\\/\"},{\"@type\":\"ListItem\",\"position\":2,\"name\":\"Hal\u00e1los drogot is \u00e1rultak, a rend\u0151r\u00f6k elfogt\u00e1k \u0151ket &#8211; VIDE\u00d3\"}]},{\"@type\":\"WebSite\",\"@id\":\"https:\\\/\\\/dorogimedence.hu\\\/#website\",\"url\":\"https:\\\/\\\/dorogimedence.hu\\\/\",\"name\":\"Dorogi-medence Region\u00e1lis H\u00edrport\u00e1l\",\"description\":\"Dorog, Keszt\u00f6lc, Le\u00e1nyv\u00e1r, Piliscs\u00e9v, Tokod, Tokodalt\u00e1r\u00f3, Csolnok, Esztergom-kertv\u00e1ros: h\u00edrek, programok\",\"publisher\":{\"@id\":\"https:\\\/\\\/dorogimedence.hu\\\/#organization\"},\"potentialAction\":[{\"@type\":\"SearchAction\",\"target\":{\"@type\":\"EntryPoint\",\"urlTemplate\":\"https:\\\/\\\/dorogimedence.hu\\\/?s={search_term_string}\"},\"query-input\":{\"@type\":\"PropertyValueSpecification\",\"valueRequired\":true,\"valueName\":\"search_term_string\"}}],\"inLanguage\":\"hu\"},{\"@type\":\"Organization\",\"@id\":\"https:\\\/\\\/dorogimedence.hu\\\/#organization\",\"name\":\"Dorogi-medence Region\u00e1lis H\u00edrport\u00e1l\",\"url\":\"https:\\\/\\\/dorogimedence.hu\\\/\",\"logo\":{\"@type\":\"ImageObject\",\"inLanguage\":\"hu\",\"@id\":\"https:\\\/\\\/dorogimedence.hu\\\/#\\\/schema\\\/logo\\\/image\\\/\",\"url\":\"https:\\\/\\\/dorogimedence.hu\\\/wp-content\\\/uploads\\\/2021\\\/04\\\/logo-feher-600.png\",\"contentUrl\":\"https:\\\/\\\/dorogimedence.hu\\\/wp-content\\\/uploads\\\/2021\\\/04\\\/logo-feher-600.png\",\"width\":600,\"height\":100,\"caption\":\"Dorogi-medence Region\u00e1lis H\u00edrport\u00e1l\"},\"image\":{\"@id\":\"https:\\\/\\\/dorogimedence.hu\\\/#\\\/schema\\\/logo\\\/image\\\/\"},\"sameAs\":[\"https:\\\/\\\/www.facebook.com\\\/dorogimedence\\\/\"]},{\"@type\":\"Person\",\"@id\":\"https:\\\/\\\/dorogimedence.hu\\\/#\\\/schema\\\/person\\\/ce6091eeb7e95ecdc87890d6aa8e0fd4\",\"name\":\"dorogimedence.hu\",\"image\":{\"@type\":\"ImageObject\",\"inLanguage\":\"hu\",\"@id\":\"\\\/\\\/www.gravatar.com\\\/avatar\\\/d8d45f8901aadff40a4af72c0b826f1d?s=96&#038;r=g&#038;d=mm\",\"url\":\"\\\/\\\/www.gravatar.com\\\/avatar\\\/d8d45f8901aadff40a4af72c0b826f1d?s=96&#038;r=g&#038;d=mm\",\"contentUrl\":\"\\\/\\\/www.gravatar.com\\\/avatar\\\/d8d45f8901aadff40a4af72c0b826f1d?s=96&#038;r=g&#038;d=mm\",\"caption\":\"dorogimedence.hu\"}}]}<\/script>\n<!-- \/ Yoast SEO plugin. -->","yoast_head_json":{"title":"Hal\u00e1los drogot is \u00e1rultak, a rend\u0151r\u00f6k elfogt\u00e1k \u0151ket - VIDE\u00d3","robots":{"index":"index","follow":"follow","max-snippet":"max-snippet:-1","max-image-preview":"max-image-preview:large","max-video-preview":"max-video-preview:-1"},"canonical":"https:\/\/dorogimedence.hu\/index.php\/2021\/02\/12\/halalos-drogot-is-arultak-a-rendorok-elfogtak-oket-video\/","og_locale":"hu_HU","og_type":"article","og_title":"Hal\u00e1los drogot is \u00e1rultak, a rend\u0151r\u00f6k elfogt\u00e1k \u0151ket - VIDE\u00d3","og_description":"Az esztergomi rend\u0151r\u00f6k egy n\u0151t \u00e9s k\u00e9t f\u00e9rfit vettek \u0151rizetbe, akik \u00e9vek \u00f3ta rendszeresen adtak el a tiltott szerb\u0151l. Az Esztergomi Rend\u0151rkapit\u00e1nys\u00e1gon 2020 november\u00e9ben, bejelent\u00e9s alapj\u00e1n indult b\u00fcntet\u0151elj\u00e1r\u00e1st \u00faj pszichoakt\u00edv anyaggal vissza\u00e9l\u00e9s b\u0171ntett gyan\u00faja miatt, miut\u00e1n egy 19 \u00e9ves fiatal b\u00f3d\u00edt\u00f3 hat\u00e1s\u00fa szer fogyaszt\u00e1s\u00e1t k\u00f6vet\u0151en rosszul lett. A szak\u00e9rt\u0151i vizsg\u00e1lat kimutatta a f\u00e9rfi szervezet\u00e9ben a","og_url":"https:\/\/dorogimedence.hu\/index.php\/2021\/02\/12\/halalos-drogot-is-arultak-a-rendorok-elfogtak-oket-video\/","og_site_name":"Dorogi-medence Region\u00e1lis H\u00edrport\u00e1l","article_publisher":"https:\/\/www.facebook.com\/dorogimedence\/","article_published_time":"2021-02-12T14:39:00+00:00","article_modified_time":"2021-02-12T14:39:35+00:00","og_image":[{"width":830,"height":450,"url":"https:\/\/i0.wp.com\/dorogimedence.hu\/wp-content\/uploads\/2021\/02\/drog-01.jpg?fit=830%2C450&ssl=1","type":"image\/jpeg"}],"author":"dorogimedence.hu","twitter_card":"summary_large_image","twitter_misc":{"Szerz\u0151:":"dorogimedence.hu","Becs\u00fclt olvas\u00e1si id\u0151":"3 perc"},"schema":{"@context":"https:\/\/schema.org","@graph":[{"@type":"Article","@id":"https:\/\/dorogimedence.hu\/index.php\/2021\/02\/12\/halalos-drogot-is-arultak-a-rendorok-elfogtak-oket-video\/#article","isPartOf":{"@id":"https:\/\/dorogimedence.hu\/index.php\/2021\/02\/12\/halalos-drogot-is-arultak-a-rendorok-elfogtak-oket-video\/"},"author":{"name":"dorogimedence.hu","@id":"https:\/\/dorogimedence.hu\/#\/schema\/person\/ce6091eeb7e95ecdc87890d6aa8e0fd4"},"headline":"Hal\u00e1los drogot is \u00e1rultak, a rend\u0151r\u00f6k elfogt\u00e1k \u0151ket &#8211; VIDE\u00d3","datePublished":"2021-02-12T14:39:00+00:00","dateModified":"2021-02-12T14:39:35+00:00","mainEntityOfPage":{"@id":"https:\/\/dorogimedence.hu\/index.php\/2021\/02\/12\/halalos-drogot-is-arultak-a-rendorok-elfogtak-oket-video\/"},"wordCount":576,"publisher":{"@id":"https:\/\/dorogimedence.hu\/#organization"},"image":{"@id":"https:\/\/dorogimedence.hu\/index.php\/2021\/02\/12\/halalos-drogot-is-arultak-a-rendorok-elfogtak-oket-video\/#primaryimage"},"thumbnailUrl":"https:\/\/dorogimedence.hu\/wp-content\/uploads\/2021\/02\/drog-01.jpg","keywords":["b\u0171ncselekm\u00e9ny","drog","esztergom","k\u00e1b\u00edt\u00f3szer","rend\u0151rs\u00e9gi h\u00edrek"],"articleSection":["Esztergom","H\u00edrek","K\u00e9k h\u00edrek"],"inLanguage":"hu"},{"@type":"WebPage","@id":"https:\/\/dorogimedence.hu\/index.php\/2021\/02\/12\/halalos-drogot-is-arultak-a-rendorok-elfogtak-oket-video\/","url":"https:\/\/dorogimedence.hu\/index.php\/2021\/02\/12\/halalos-drogot-is-arultak-a-rendorok-elfogtak-oket-video\/","name":"Hal\u00e1los drogot is \u00e1rultak, a rend\u0151r\u00f6k elfogt\u00e1k \u0151ket - VIDE\u00d3","isPartOf":{"@id":"https:\/\/dorogimedence.hu\/#website"},"primaryImageOfPage":{"@id":"https:\/\/dorogimedence.hu\/index.php\/2021\/02\/12\/halalos-drogot-is-arultak-a-rendorok-elfogtak-oket-video\/#primaryimage"},"image":{"@id":"https:\/\/dorogimedence.hu\/index.php\/2021\/02\/12\/halalos-drogot-is-arultak-a-rendorok-elfogtak-oket-video\/#primaryimage"},"thumbnailUrl":"https:\/\/dorogimedence.hu\/wp-content\/uploads\/2021\/02\/drog-01.jpg","datePublished":"2021-02-12T14:39:00+00:00","dateModified":"2021-02-12T14:39:35+00:00","breadcrumb":{"@id":"https:\/\/dorogimedence.hu\/index.php\/2021\/02\/12\/halalos-drogot-is-arultak-a-rendorok-elfogtak-oket-video\/#breadcrumb"},"inLanguage":"hu","potentialAction":[{"@type":"ReadAction","target":["https:\/\/dorogimedence.hu\/index.php\/2021\/02\/12\/halalos-drogot-is-arultak-a-rendorok-elfogtak-oket-video\/"]}]},{"@type":"ImageObject","inLanguage":"hu","@id":"https:\/\/dorogimedence.hu\/index.php\/2021\/02\/12\/halalos-drogot-is-arultak-a-rendorok-elfogtak-oket-video\/#primaryimage","url":"https:\/\/dorogimedence.hu\/wp-content\/uploads\/2021\/02\/drog-01.jpg","contentUrl":"https:\/\/dorogimedence.hu\/wp-content\/uploads\/2021\/02\/drog-01.jpg","width":830,"height":450},{"@type":"BreadcrumbList","@id":"https:\/\/dorogimedence.hu\/index.php\/2021\/02\/12\/halalos-drogot-is-arultak-a-rendorok-elfogtak-oket-video\/#breadcrumb","itemListElement":[{"@type":"ListItem","position":1,"name":"Kezd\u0151lap","item":"https:\/\/dorogimedence.hu\/"},{"@type":"ListItem","position":2,"name":"Hal\u00e1los drogot is \u00e1rultak, a rend\u0151r\u00f6k elfogt\u00e1k \u0151ket &#8211; VIDE\u00d3"}]},{"@type":"WebSite","@id":"https:\/\/dorogimedence.hu\/#website","url":"https:\/\/dorogimedence.hu\/","name":"Dorogi-medence Region\u00e1lis H\u00edrport\u00e1l","description":"Dorog, Keszt\u00f6lc, Le\u00e1nyv\u00e1r, Piliscs\u00e9v, Tokod, Tokodalt\u00e1r\u00f3, Csolnok, Esztergom-kertv\u00e1ros: h\u00edrek, programok","publisher":{"@id":"https:\/\/dorogimedence.hu\/#organization"},"potentialAction":[{"@type":"SearchAction","target":{"@type":"EntryPoint","urlTemplate":"https:\/\/dorogimedence.hu\/?s={search_term_string}"},"query-input":{"@type":"PropertyValueSpecification","valueRequired":true,"valueName":"search_term_string"}}],"inLanguage":"hu"},{"@type":"Organization","@id":"https:\/\/dorogimedence.hu\/#organization","name":"Dorogi-medence Region\u00e1lis H\u00edrport\u00e1l","url":"https:\/\/dorogimedence.hu\/","logo":{"@type":"ImageObject","inLanguage":"hu","@id":"https:\/\/dorogimedence.hu\/#\/schema\/logo\/image\/","url":"https:\/\/dorogimedence.hu\/wp-content\/uploads\/2021\/04\/logo-feher-600.png","contentUrl":"https:\/\/dorogimedence.hu\/wp-content\/uploads\/2021\/04\/logo-feher-600.png","width":600,"height":100,"caption":"Dorogi-medence Region\u00e1lis H\u00edrport\u00e1l"},"image":{"@id":"https:\/\/dorogimedence.hu\/#\/schema\/logo\/image\/"},"sameAs":["https:\/\/www.facebook.com\/dorogimedence\/"]},{"@type":"Person","@id":"https:\/\/dorogimedence.hu\/#\/schema\/person\/ce6091eeb7e95ecdc87890d6aa8e0fd4","name":"dorogimedence.hu","image":{"@type":"ImageObject","inLanguage":"hu","@id":"\/\/www.gravatar.com\/avatar\/d8d45f8901aadff40a4af72c0b826f1d?s=96&#038;r=g&#038;d=mm","url":"\/\/www.gravatar.com\/avatar\/d8d45f8901aadff40a4af72c0b826f1d?s=96&#038;r=g&#038;d=mm","contentUrl":"\/\/www.gravatar.com\/avatar\/d8d45f8901aadff40a4af72c0b826f1d?s=96&#038;r=g&#038;d=mm","caption":"dorogimedence.hu"}}]}},"_links":{"self":[{"href":"https:\/\/dorogimedence.hu\/index.php\/wp-json\/wp\/v2\/posts\/30382","targetHints":{"allow":["GET"]}}],"collection":[{"href":"https:\/\/dorogimedence.hu\/index.php\/wp-json\/wp\/v2\/posts"}],"about":[{"href":"https:\/\/dorogimedence.hu\/index.php\/wp-json\/wp\/v2\/types\/post"}],"author":[{"embeddable":true,"href":"https:\/\/dorogimedence.hu\/index.php\/wp-json\/wp\/v2\/users\/1"}],"replies":[{"embeddable":true,"href":"https:\/\/dorogimedence.hu\/index.php\/wp-json\/wp\/v2\/comments?post=30382"}],"version-history":[{"count":0,"href":"https:\/\/dorogimedence.hu\/index.php\/wp-json\/wp\/v2\/posts\/30382\/revisions"}],"wp:featuredmedia":[{"embeddable":true,"href":"https:\/\/dorogimedence.hu\/index.php\/wp-json\/wp\/v2\/media\/30383"}],"wp:attachment":[{"href":"https:\/\/dorogimedence.hu\/index.php\/wp-json\/wp\/v2\/media?parent=30382"}],"wp:term":[{"taxonomy":"category","embeddable":true,"href":"https:\/\/dorogimedence.hu\/index.php\/wp-json\/wp\/v2\/categories?post=30382"},{"taxonomy":"post_tag","embeddable":true,"href":"https:\/\/dorogimedence.hu\/index.php\/wp-json\/wp\/v2\/tags?post=30382"}],"curies":[{"name":"wp","href":"https:\/\/api.w.org\/{rel}","templated":true}]}}