{"id":30314,"date":"2021-02-10T09:55:32","date_gmt":"2021-02-10T08:55:32","guid":{"rendered":"http:\/\/dorogimedence.hu\/?p=30314"},"modified":"2021-02-10T09:55:40","modified_gmt":"2021-02-10T08:55:40","slug":"hat-ev-fegyhazbuntetest-kapott-kabitoszer-birtoklasa-miatt","status":"publish","type":"post","link":"https:\/\/dorogimedence.hu\/index.php\/2021\/02\/10\/hat-ev-fegyhazbuntetest-kapott-kabitoszer-birtoklasa-miatt\/","title":{"rendered":"Hat \u00e9v fegyh\u00e1zb\u00fcntet\u00e9st kapott k\u00e1b\u00edt\u00f3szer birtokl\u00e1sa miatt"},"content":{"rendered":"<p><strong>Az Esztergomi J\u00e1r\u00e1sb\u00edr\u00f3s\u00e1g jelent\u0151s mennyis\u00e9g\u0171 k\u00e1b\u00edt\u00f3szerre elk\u00f6vetett k\u00e1b\u00edt\u00f3szer birtokl\u00e1s\u00e1nak b\u0171ntette miatt nem joger\u0151sen 6 \u00e9v fegyh\u00e1zb\u00fcntet\u00e9sre \u00e9s 6 \u00e9v k\u00f6z\u00fcgyekt\u0151l eltilt\u00e1sra \u00edt\u00e9lte azt az esztergomi f\u00e9rfit, aki kor\u00e1bban m\u00e1r ugyanilyen b\u0171ncselekm\u00e9ny miatt volt b\u00fcntetve.<\/strong><\/p>\n<p>A v\u00e1dlott 2019. janu\u00e1r 29-\u00e9n d\u00e9lut\u00e1n Esztergomban \u00f6sszesen 911,88 gramm s\u00faly\u00fa marihu\u00e1n\u00e1t szerzett meg, melyet a g\u00e9pkocsija jobb els\u0151 \u00fcl\u00e9se m\u00f6g\u00e9 rejtett el. Ezen k\u00edv\u00fcl a v\u00e1dlott 2019. janu\u00e1r 30. napja el\u0151tt megszerzett \u00e9s esztergomi otthon\u00e1ban a h\u0171t\u0151szekr\u00e9ny\u00e9ben t\u00e1rolt 2 db citroms\u00e1rga sz\u00edn\u0171, spongyabob mint\u00e1zat\u00fa ecstasy tablett\u00e1t, valamint munkahely\u00e9n 2 tasakban t\u00e1rolt tov\u00e1bbi 184,10 gramm s\u00faly\u00fa marihu\u00e1n\u00e1t.<\/p>\n<p>A v\u00e1dlott \u00e1ltal birtokolt \u00f6sszes k\u00e1b\u00edt\u00f3szer tiszta hat\u00f3anyag tartalma meghaladja a jelent\u0151s mennyis\u00e9g als\u00f3 hat\u00e1r\u00e1t. A rend\u0151rs\u00e9g a nyomoz\u00e1s sor\u00e1n valamennyi k\u00e1b\u00edt\u00f3szert lefoglalta a v\u00e1dlott\u00f3l.<\/p>\n<p>A f\u00e9rfival szemben kor\u00e1bban, szint\u00e9n jelent\u0151s mennyis\u00e9g\u0171 k\u00e1b\u00edt\u00f3szerre elk\u00f6vetett k\u00e1b\u00edt\u00f3szer birtokl\u00e1s\u00e1nak b\u0171ntette miatt 5 \u00e9v 2 h\u00f3nap fegyh\u00e1zb\u00fcntet\u00e9st szabott ki a b\u00edr\u00f3s\u00e1g, melyb\u0151l a v\u00e1dlott 2013. december 4. napj\u00e1n szabadult.<\/p>\n<p>Az&nbsp;\u00fcgy\u00e9szs\u00e9g ind\u00edtv\u00e1ny\u00e1ra az Esztergomi J\u00e1r\u00e1sb\u00edr\u00f3s\u00e1g a 2021. febru\u00e1r 9-\u00e9n tartott t\u00e1rgyal\u00e1son a f\u00e9rfit 6 \u00e9v fegyh\u00e1zb\u00fcntet\u00e9sre, \u00e9s 6 \u00e9v k\u00f6z\u00fcgyekt\u0151l eltilt\u00e1sra \u00edt\u00e9lte. Az \u00edt\u00e9letet az \u00fcgy\u00e9sz tudom\u00e1sul vette, azonban az nem joger\u0151s, mert a v\u00e1dlott \u00e9s a v\u00e9d\u0151je fellebbez\u00e9st jelentett be.<\/p>\n<p><em>Forr\u00e1s: Kom\u00e1rom-Esztergom Megyei F\u0151\u00fcgy\u00e9szs\u00e9g \/ Tatab\u00e1nyai T\u00f6rv\u00e9nysz\u00e9k<br \/>\nFot\u00f3: illusztr\u00e1ci\u00f3 (police.hu)<br \/>\n<\/em><\/p>\n","protected":false},"excerpt":{"rendered":"<p>Az Esztergomi J\u00e1r\u00e1sb\u00edr\u00f3s\u00e1g jelent\u0151s mennyis\u00e9g\u0171 k\u00e1b\u00edt\u00f3szerre elk\u00f6vetett k\u00e1b\u00edt\u00f3szer birtokl\u00e1s\u00e1nak b\u0171ntette miatt nem joger\u0151sen 6 \u00e9v fegyh\u00e1zb\u00fcntet\u00e9sre \u00e9s 6 \u00e9v k\u00f6z\u00fcgyekt\u0151l eltilt\u00e1sra \u00edt\u00e9lte azt az esztergomi f\u00e9rfit, aki kor\u00e1bban m\u00e1r ugyanilyen b\u0171ncselekm\u00e9ny miatt volt b\u00fcntetve. A v\u00e1dlott 2019. janu\u00e1r 29-\u00e9n d\u00e9lut\u00e1n Esztergomban \u00f6sszesen 911,88 gramm s\u00faly\u00fa marihu\u00e1n\u00e1t szerzett meg, melyet a g\u00e9pkocsija jobb els\u0151 \u00fcl\u00e9se m\u00f6g\u00e9<\/p>\n","protected":false},"author":1,"featured_media":1967,"comment_status":"closed","ping_status":"closed","sticky":false,"template":"","format":"standard","meta":{"ngg_post_thumbnail":0,"footnotes":""},"categories":[38,3,39],"tags":[1042,63,529,42,528,1277,326],"class_list":{"0":"post-30314","1":"post","2":"type-post","3":"status-publish","4":"format-standard","5":"has-post-thumbnail","7":"category-esztergom","8":"category-hirek","9":"category-kek-hirek","10":"tag-birosag","11":"tag-buncselekmeny","12":"tag-drog","13":"tag-esztergom","14":"tag-kabitoszer","15":"tag-marihuana","16":"tag-ugyeszseg"},"yoast_head":"<!-- This site is optimized with the Yoast SEO plugin v27.5 - https:\/\/yoast.com\/product\/yoast-seo-wordpress\/ -->\n<title>Hat \u00e9v fegyh\u00e1zb\u00fcntet\u00e9st kapott k\u00e1b\u00edt\u00f3szer birtokl\u00e1sa miatt<\/title>\n<meta name=\"robots\" content=\"index, follow, max-snippet:-1, max-image-preview:large, max-video-preview:-1\" \/>\n<link rel=\"canonical\" href=\"https:\/\/dorogimedence.hu\/index.php\/2021\/02\/10\/hat-ev-fegyhazbuntetest-kapott-kabitoszer-birtoklasa-miatt\/\" class=\"yoast-seo-meta-tag\" \/>\n<meta property=\"og:locale\" content=\"hu_HU\" class=\"yoast-seo-meta-tag\" \/>\n<meta property=\"og:type\" content=\"article\" class=\"yoast-seo-meta-tag\" \/>\n<meta property=\"og:title\" content=\"Hat \u00e9v fegyh\u00e1zb\u00fcntet\u00e9st kapott k\u00e1b\u00edt\u00f3szer birtokl\u00e1sa miatt\" class=\"yoast-seo-meta-tag\" \/>\n<meta property=\"og:description\" content=\"Az Esztergomi J\u00e1r\u00e1sb\u00edr\u00f3s\u00e1g jelent\u0151s mennyis\u00e9g\u0171 k\u00e1b\u00edt\u00f3szerre elk\u00f6vetett k\u00e1b\u00edt\u00f3szer birtokl\u00e1s\u00e1nak b\u0171ntette miatt nem joger\u0151sen 6 \u00e9v fegyh\u00e1zb\u00fcntet\u00e9sre \u00e9s 6 \u00e9v k\u00f6z\u00fcgyekt\u0151l eltilt\u00e1sra \u00edt\u00e9lte azt az esztergomi f\u00e9rfit, aki kor\u00e1bban m\u00e1r ugyanilyen b\u0171ncselekm\u00e9ny miatt volt b\u00fcntetve. A v\u00e1dlott 2019. janu\u00e1r 29-\u00e9n d\u00e9lut\u00e1n Esztergomban \u00f6sszesen 911,88 gramm s\u00faly\u00fa marihu\u00e1n\u00e1t szerzett meg, melyet a g\u00e9pkocsija jobb els\u0151 \u00fcl\u00e9se m\u00f6g\u00e9\" class=\"yoast-seo-meta-tag\" \/>\n<meta property=\"og:url\" content=\"https:\/\/dorogimedence.hu\/index.php\/2021\/02\/10\/hat-ev-fegyhazbuntetest-kapott-kabitoszer-birtoklasa-miatt\/\" class=\"yoast-seo-meta-tag\" \/>\n<meta property=\"og:site_name\" content=\"Dorogi-medence Region\u00e1lis H\u00edrport\u00e1l\" class=\"yoast-seo-meta-tag\" \/>\n<meta property=\"article:publisher\" content=\"https:\/\/www.facebook.com\/dorogimedence\/\" class=\"yoast-seo-meta-tag\" \/>\n<meta property=\"article:published_time\" content=\"2021-02-10T08:55:32+00:00\" class=\"yoast-seo-meta-tag\" \/>\n<meta property=\"article:modified_time\" content=\"2021-02-10T08:55:40+00:00\" class=\"yoast-seo-meta-tag\" \/>\n<meta property=\"og:image\" content=\"https:\/\/i0.wp.com\/dorogimedence.hu\/wp-content\/uploads\/2017\/03\/drog-sarisap-03.jpg?fit=670%2C365&ssl=1\" class=\"yoast-seo-meta-tag\" \/>\n\t<meta property=\"og:image:width\" content=\"670\" class=\"yoast-seo-meta-tag\" \/>\n\t<meta property=\"og:image:height\" content=\"365\" class=\"yoast-seo-meta-tag\" \/>\n\t<meta property=\"og:image:type\" content=\"image\/jpeg\" class=\"yoast-seo-meta-tag\" \/>\n<meta name=\"author\" content=\"dorogimedence.hu\" class=\"yoast-seo-meta-tag\" \/>\n<meta name=\"twitter:card\" content=\"summary_large_image\" class=\"yoast-seo-meta-tag\" \/>\n<meta name=\"twitter:label1\" content=\"Szerz\u0151:\" class=\"yoast-seo-meta-tag\" \/>\n\t<meta name=\"twitter:data1\" content=\"dorogimedence.hu\" class=\"yoast-seo-meta-tag\" \/>\n\t<meta name=\"twitter:label2\" content=\"Becs\u00fclt olvas\u00e1si id\u0151\" class=\"yoast-seo-meta-tag\" \/>\n\t<meta name=\"twitter:data2\" content=\"2 perc\" class=\"yoast-seo-meta-tag\" \/>\n<script type=\"application\/ld+json\" class=\"yoast-schema-graph\">{\"@context\":\"https:\\\/\\\/schema.org\",\"@graph\":[{\"@type\":\"Article\",\"@id\":\"https:\\\/\\\/dorogimedence.hu\\\/index.php\\\/2021\\\/02\\\/10\\\/hat-ev-fegyhazbuntetest-kapott-kabitoszer-birtoklasa-miatt\\\/#article\",\"isPartOf\":{\"@id\":\"https:\\\/\\\/dorogimedence.hu\\\/index.php\\\/2021\\\/02\\\/10\\\/hat-ev-fegyhazbuntetest-kapott-kabitoszer-birtoklasa-miatt\\\/\"},\"author\":{\"name\":\"dorogimedence.hu\",\"@id\":\"https:\\\/\\\/dorogimedence.hu\\\/#\\\/schema\\\/person\\\/ce6091eeb7e95ecdc87890d6aa8e0fd4\"},\"headline\":\"Hat \u00e9v fegyh\u00e1zb\u00fcntet\u00e9st kapott k\u00e1b\u00edt\u00f3szer birtokl\u00e1sa miatt\",\"datePublished\":\"2021-02-10T08:55:32+00:00\",\"dateModified\":\"2021-02-10T08:55:40+00:00\",\"mainEntityOfPage\":{\"@id\":\"https:\\\/\\\/dorogimedence.hu\\\/index.php\\\/2021\\\/02\\\/10\\\/hat-ev-fegyhazbuntetest-kapott-kabitoszer-birtoklasa-miatt\\\/\"},\"wordCount\":345,\"publisher\":{\"@id\":\"https:\\\/\\\/dorogimedence.hu\\\/#organization\"},\"image\":{\"@id\":\"https:\\\/\\\/dorogimedence.hu\\\/index.php\\\/2021\\\/02\\\/10\\\/hat-ev-fegyhazbuntetest-kapott-kabitoszer-birtoklasa-miatt\\\/#primaryimage\"},\"thumbnailUrl\":\"https:\\\/\\\/dorogimedence.hu\\\/wp-content\\\/uploads\\\/2017\\\/03\\\/drog-sarisap-03.jpg\",\"keywords\":[\"b\u00edr\u00f3s\u00e1g\",\"b\u0171ncselekm\u00e9ny\",\"drog\",\"esztergom\",\"k\u00e1b\u00edt\u00f3szer\",\"marihu\u00e1na\",\"\u00fcgy\u00e9szs\u00e9g\"],\"articleSection\":[\"Esztergom\",\"H\u00edrek\",\"K\u00e9k h\u00edrek\"],\"inLanguage\":\"hu\"},{\"@type\":\"WebPage\",\"@id\":\"https:\\\/\\\/dorogimedence.hu\\\/index.php\\\/2021\\\/02\\\/10\\\/hat-ev-fegyhazbuntetest-kapott-kabitoszer-birtoklasa-miatt\\\/\",\"url\":\"https:\\\/\\\/dorogimedence.hu\\\/index.php\\\/2021\\\/02\\\/10\\\/hat-ev-fegyhazbuntetest-kapott-kabitoszer-birtoklasa-miatt\\\/\",\"name\":\"Hat \u00e9v fegyh\u00e1zb\u00fcntet\u00e9st kapott k\u00e1b\u00edt\u00f3szer birtokl\u00e1sa miatt\",\"isPartOf\":{\"@id\":\"https:\\\/\\\/dorogimedence.hu\\\/#website\"},\"primaryImageOfPage\":{\"@id\":\"https:\\\/\\\/dorogimedence.hu\\\/index.php\\\/2021\\\/02\\\/10\\\/hat-ev-fegyhazbuntetest-kapott-kabitoszer-birtoklasa-miatt\\\/#primaryimage\"},\"image\":{\"@id\":\"https:\\\/\\\/dorogimedence.hu\\\/index.php\\\/2021\\\/02\\\/10\\\/hat-ev-fegyhazbuntetest-kapott-kabitoszer-birtoklasa-miatt\\\/#primaryimage\"},\"thumbnailUrl\":\"https:\\\/\\\/dorogimedence.hu\\\/wp-content\\\/uploads\\\/2017\\\/03\\\/drog-sarisap-03.jpg\",\"datePublished\":\"2021-02-10T08:55:32+00:00\",\"dateModified\":\"2021-02-10T08:55:40+00:00\",\"breadcrumb\":{\"@id\":\"https:\\\/\\\/dorogimedence.hu\\\/index.php\\\/2021\\\/02\\\/10\\\/hat-ev-fegyhazbuntetest-kapott-kabitoszer-birtoklasa-miatt\\\/#breadcrumb\"},\"inLanguage\":\"hu\",\"potentialAction\":[{\"@type\":\"ReadAction\",\"target\":[\"https:\\\/\\\/dorogimedence.hu\\\/index.php\\\/2021\\\/02\\\/10\\\/hat-ev-fegyhazbuntetest-kapott-kabitoszer-birtoklasa-miatt\\\/\"]}]},{\"@type\":\"ImageObject\",\"inLanguage\":\"hu\",\"@id\":\"https:\\\/\\\/dorogimedence.hu\\\/index.php\\\/2021\\\/02\\\/10\\\/hat-ev-fegyhazbuntetest-kapott-kabitoszer-birtoklasa-miatt\\\/#primaryimage\",\"url\":\"https:\\\/\\\/dorogimedence.hu\\\/wp-content\\\/uploads\\\/2017\\\/03\\\/drog-sarisap-03.jpg\",\"contentUrl\":\"https:\\\/\\\/dorogimedence.hu\\\/wp-content\\\/uploads\\\/2017\\\/03\\\/drog-sarisap-03.jpg\",\"width\":670,\"height\":365},{\"@type\":\"BreadcrumbList\",\"@id\":\"https:\\\/\\\/dorogimedence.hu\\\/index.php\\\/2021\\\/02\\\/10\\\/hat-ev-fegyhazbuntetest-kapott-kabitoszer-birtoklasa-miatt\\\/#breadcrumb\",\"itemListElement\":[{\"@type\":\"ListItem\",\"position\":1,\"name\":\"Kezd\u0151lap\",\"item\":\"https:\\\/\\\/dorogimedence.hu\\\/\"},{\"@type\":\"ListItem\",\"position\":2,\"name\":\"Hat \u00e9v fegyh\u00e1zb\u00fcntet\u00e9st kapott k\u00e1b\u00edt\u00f3szer birtokl\u00e1sa miatt\"}]},{\"@type\":\"WebSite\",\"@id\":\"https:\\\/\\\/dorogimedence.hu\\\/#website\",\"url\":\"https:\\\/\\\/dorogimedence.hu\\\/\",\"name\":\"Dorogi-medence Region\u00e1lis H\u00edrport\u00e1l\",\"description\":\"Dorog, Keszt\u00f6lc, Le\u00e1nyv\u00e1r, Piliscs\u00e9v, Tokod, Tokodalt\u00e1r\u00f3, Csolnok, Esztergom-kertv\u00e1ros: h\u00edrek, programok\",\"publisher\":{\"@id\":\"https:\\\/\\\/dorogimedence.hu\\\/#organization\"},\"potentialAction\":[{\"@type\":\"SearchAction\",\"target\":{\"@type\":\"EntryPoint\",\"urlTemplate\":\"https:\\\/\\\/dorogimedence.hu\\\/?s={search_term_string}\"},\"query-input\":{\"@type\":\"PropertyValueSpecification\",\"valueRequired\":true,\"valueName\":\"search_term_string\"}}],\"inLanguage\":\"hu\"},{\"@type\":\"Organization\",\"@id\":\"https:\\\/\\\/dorogimedence.hu\\\/#organization\",\"name\":\"Dorogi-medence Region\u00e1lis H\u00edrport\u00e1l\",\"url\":\"https:\\\/\\\/dorogimedence.hu\\\/\",\"logo\":{\"@type\":\"ImageObject\",\"inLanguage\":\"hu\",\"@id\":\"https:\\\/\\\/dorogimedence.hu\\\/#\\\/schema\\\/logo\\\/image\\\/\",\"url\":\"https:\\\/\\\/dorogimedence.hu\\\/wp-content\\\/uploads\\\/2021\\\/04\\\/logo-feher-600.png\",\"contentUrl\":\"https:\\\/\\\/dorogimedence.hu\\\/wp-content\\\/uploads\\\/2021\\\/04\\\/logo-feher-600.png\",\"width\":600,\"height\":100,\"caption\":\"Dorogi-medence Region\u00e1lis H\u00edrport\u00e1l\"},\"image\":{\"@id\":\"https:\\\/\\\/dorogimedence.hu\\\/#\\\/schema\\\/logo\\\/image\\\/\"},\"sameAs\":[\"https:\\\/\\\/www.facebook.com\\\/dorogimedence\\\/\"]},{\"@type\":\"Person\",\"@id\":\"https:\\\/\\\/dorogimedence.hu\\\/#\\\/schema\\\/person\\\/ce6091eeb7e95ecdc87890d6aa8e0fd4\",\"name\":\"dorogimedence.hu\",\"image\":{\"@type\":\"ImageObject\",\"inLanguage\":\"hu\",\"@id\":\"\\\/\\\/www.gravatar.com\\\/avatar\\\/d8d45f8901aadff40a4af72c0b826f1d?s=96&#038;r=g&#038;d=mm\",\"url\":\"\\\/\\\/www.gravatar.com\\\/avatar\\\/d8d45f8901aadff40a4af72c0b826f1d?s=96&#038;r=g&#038;d=mm\",\"contentUrl\":\"\\\/\\\/www.gravatar.com\\\/avatar\\\/d8d45f8901aadff40a4af72c0b826f1d?s=96&#038;r=g&#038;d=mm\",\"caption\":\"dorogimedence.hu\"}}]}<\/script>\n<!-- \/ Yoast SEO plugin. -->","yoast_head_json":{"title":"Hat \u00e9v fegyh\u00e1zb\u00fcntet\u00e9st kapott k\u00e1b\u00edt\u00f3szer birtokl\u00e1sa miatt","robots":{"index":"index","follow":"follow","max-snippet":"max-snippet:-1","max-image-preview":"max-image-preview:large","max-video-preview":"max-video-preview:-1"},"canonical":"https:\/\/dorogimedence.hu\/index.php\/2021\/02\/10\/hat-ev-fegyhazbuntetest-kapott-kabitoszer-birtoklasa-miatt\/","og_locale":"hu_HU","og_type":"article","og_title":"Hat \u00e9v fegyh\u00e1zb\u00fcntet\u00e9st kapott k\u00e1b\u00edt\u00f3szer birtokl\u00e1sa miatt","og_description":"Az Esztergomi J\u00e1r\u00e1sb\u00edr\u00f3s\u00e1g jelent\u0151s mennyis\u00e9g\u0171 k\u00e1b\u00edt\u00f3szerre elk\u00f6vetett k\u00e1b\u00edt\u00f3szer birtokl\u00e1s\u00e1nak b\u0171ntette miatt nem joger\u0151sen 6 \u00e9v fegyh\u00e1zb\u00fcntet\u00e9sre \u00e9s 6 \u00e9v k\u00f6z\u00fcgyekt\u0151l eltilt\u00e1sra \u00edt\u00e9lte azt az esztergomi f\u00e9rfit, aki kor\u00e1bban m\u00e1r ugyanilyen b\u0171ncselekm\u00e9ny miatt volt b\u00fcntetve. A v\u00e1dlott 2019. janu\u00e1r 29-\u00e9n d\u00e9lut\u00e1n Esztergomban \u00f6sszesen 911,88 gramm s\u00faly\u00fa marihu\u00e1n\u00e1t szerzett meg, melyet a g\u00e9pkocsija jobb els\u0151 \u00fcl\u00e9se m\u00f6g\u00e9","og_url":"https:\/\/dorogimedence.hu\/index.php\/2021\/02\/10\/hat-ev-fegyhazbuntetest-kapott-kabitoszer-birtoklasa-miatt\/","og_site_name":"Dorogi-medence Region\u00e1lis H\u00edrport\u00e1l","article_publisher":"https:\/\/www.facebook.com\/dorogimedence\/","article_published_time":"2021-02-10T08:55:32+00:00","article_modified_time":"2021-02-10T08:55:40+00:00","og_image":[{"width":670,"height":365,"url":"https:\/\/i0.wp.com\/dorogimedence.hu\/wp-content\/uploads\/2017\/03\/drog-sarisap-03.jpg?fit=670%2C365&ssl=1","type":"image\/jpeg"}],"author":"dorogimedence.hu","twitter_card":"summary_large_image","twitter_misc":{"Szerz\u0151:":"dorogimedence.hu","Becs\u00fclt olvas\u00e1si id\u0151":"2 perc"},"schema":{"@context":"https:\/\/schema.org","@graph":[{"@type":"Article","@id":"https:\/\/dorogimedence.hu\/index.php\/2021\/02\/10\/hat-ev-fegyhazbuntetest-kapott-kabitoszer-birtoklasa-miatt\/#article","isPartOf":{"@id":"https:\/\/dorogimedence.hu\/index.php\/2021\/02\/10\/hat-ev-fegyhazbuntetest-kapott-kabitoszer-birtoklasa-miatt\/"},"author":{"name":"dorogimedence.hu","@id":"https:\/\/dorogimedence.hu\/#\/schema\/person\/ce6091eeb7e95ecdc87890d6aa8e0fd4"},"headline":"Hat \u00e9v fegyh\u00e1zb\u00fcntet\u00e9st kapott k\u00e1b\u00edt\u00f3szer birtokl\u00e1sa miatt","datePublished":"2021-02-10T08:55:32+00:00","dateModified":"2021-02-10T08:55:40+00:00","mainEntityOfPage":{"@id":"https:\/\/dorogimedence.hu\/index.php\/2021\/02\/10\/hat-ev-fegyhazbuntetest-kapott-kabitoszer-birtoklasa-miatt\/"},"wordCount":345,"publisher":{"@id":"https:\/\/dorogimedence.hu\/#organization"},"image":{"@id":"https:\/\/dorogimedence.hu\/index.php\/2021\/02\/10\/hat-ev-fegyhazbuntetest-kapott-kabitoszer-birtoklasa-miatt\/#primaryimage"},"thumbnailUrl":"https:\/\/dorogimedence.hu\/wp-content\/uploads\/2017\/03\/drog-sarisap-03.jpg","keywords":["b\u00edr\u00f3s\u00e1g","b\u0171ncselekm\u00e9ny","drog","esztergom","k\u00e1b\u00edt\u00f3szer","marihu\u00e1na","\u00fcgy\u00e9szs\u00e9g"],"articleSection":["Esztergom","H\u00edrek","K\u00e9k h\u00edrek"],"inLanguage":"hu"},{"@type":"WebPage","@id":"https:\/\/dorogimedence.hu\/index.php\/2021\/02\/10\/hat-ev-fegyhazbuntetest-kapott-kabitoszer-birtoklasa-miatt\/","url":"https:\/\/dorogimedence.hu\/index.php\/2021\/02\/10\/hat-ev-fegyhazbuntetest-kapott-kabitoszer-birtoklasa-miatt\/","name":"Hat \u00e9v fegyh\u00e1zb\u00fcntet\u00e9st kapott k\u00e1b\u00edt\u00f3szer birtokl\u00e1sa miatt","isPartOf":{"@id":"https:\/\/dorogimedence.hu\/#website"},"primaryImageOfPage":{"@id":"https:\/\/dorogimedence.hu\/index.php\/2021\/02\/10\/hat-ev-fegyhazbuntetest-kapott-kabitoszer-birtoklasa-miatt\/#primaryimage"},"image":{"@id":"https:\/\/dorogimedence.hu\/index.php\/2021\/02\/10\/hat-ev-fegyhazbuntetest-kapott-kabitoszer-birtoklasa-miatt\/#primaryimage"},"thumbnailUrl":"https:\/\/dorogimedence.hu\/wp-content\/uploads\/2017\/03\/drog-sarisap-03.jpg","datePublished":"2021-02-10T08:55:32+00:00","dateModified":"2021-02-10T08:55:40+00:00","breadcrumb":{"@id":"https:\/\/dorogimedence.hu\/index.php\/2021\/02\/10\/hat-ev-fegyhazbuntetest-kapott-kabitoszer-birtoklasa-miatt\/#breadcrumb"},"inLanguage":"hu","potentialAction":[{"@type":"ReadAction","target":["https:\/\/dorogimedence.hu\/index.php\/2021\/02\/10\/hat-ev-fegyhazbuntetest-kapott-kabitoszer-birtoklasa-miatt\/"]}]},{"@type":"ImageObject","inLanguage":"hu","@id":"https:\/\/dorogimedence.hu\/index.php\/2021\/02\/10\/hat-ev-fegyhazbuntetest-kapott-kabitoszer-birtoklasa-miatt\/#primaryimage","url":"https:\/\/dorogimedence.hu\/wp-content\/uploads\/2017\/03\/drog-sarisap-03.jpg","contentUrl":"https:\/\/dorogimedence.hu\/wp-content\/uploads\/2017\/03\/drog-sarisap-03.jpg","width":670,"height":365},{"@type":"BreadcrumbList","@id":"https:\/\/dorogimedence.hu\/index.php\/2021\/02\/10\/hat-ev-fegyhazbuntetest-kapott-kabitoszer-birtoklasa-miatt\/#breadcrumb","itemListElement":[{"@type":"ListItem","position":1,"name":"Kezd\u0151lap","item":"https:\/\/dorogimedence.hu\/"},{"@type":"ListItem","position":2,"name":"Hat \u00e9v fegyh\u00e1zb\u00fcntet\u00e9st kapott k\u00e1b\u00edt\u00f3szer birtokl\u00e1sa miatt"}]},{"@type":"WebSite","@id":"https:\/\/dorogimedence.hu\/#website","url":"https:\/\/dorogimedence.hu\/","name":"Dorogi-medence Region\u00e1lis H\u00edrport\u00e1l","description":"Dorog, Keszt\u00f6lc, Le\u00e1nyv\u00e1r, Piliscs\u00e9v, Tokod, Tokodalt\u00e1r\u00f3, Csolnok, Esztergom-kertv\u00e1ros: h\u00edrek, programok","publisher":{"@id":"https:\/\/dorogimedence.hu\/#organization"},"potentialAction":[{"@type":"SearchAction","target":{"@type":"EntryPoint","urlTemplate":"https:\/\/dorogimedence.hu\/?s={search_term_string}"},"query-input":{"@type":"PropertyValueSpecification","valueRequired":true,"valueName":"search_term_string"}}],"inLanguage":"hu"},{"@type":"Organization","@id":"https:\/\/dorogimedence.hu\/#organization","name":"Dorogi-medence Region\u00e1lis H\u00edrport\u00e1l","url":"https:\/\/dorogimedence.hu\/","logo":{"@type":"ImageObject","inLanguage":"hu","@id":"https:\/\/dorogimedence.hu\/#\/schema\/logo\/image\/","url":"https:\/\/dorogimedence.hu\/wp-content\/uploads\/2021\/04\/logo-feher-600.png","contentUrl":"https:\/\/dorogimedence.hu\/wp-content\/uploads\/2021\/04\/logo-feher-600.png","width":600,"height":100,"caption":"Dorogi-medence Region\u00e1lis H\u00edrport\u00e1l"},"image":{"@id":"https:\/\/dorogimedence.hu\/#\/schema\/logo\/image\/"},"sameAs":["https:\/\/www.facebook.com\/dorogimedence\/"]},{"@type":"Person","@id":"https:\/\/dorogimedence.hu\/#\/schema\/person\/ce6091eeb7e95ecdc87890d6aa8e0fd4","name":"dorogimedence.hu","image":{"@type":"ImageObject","inLanguage":"hu","@id":"\/\/www.gravatar.com\/avatar\/d8d45f8901aadff40a4af72c0b826f1d?s=96&#038;r=g&#038;d=mm","url":"\/\/www.gravatar.com\/avatar\/d8d45f8901aadff40a4af72c0b826f1d?s=96&#038;r=g&#038;d=mm","contentUrl":"\/\/www.gravatar.com\/avatar\/d8d45f8901aadff40a4af72c0b826f1d?s=96&#038;r=g&#038;d=mm","caption":"dorogimedence.hu"}}]}},"_links":{"self":[{"href":"https:\/\/dorogimedence.hu\/index.php\/wp-json\/wp\/v2\/posts\/30314","targetHints":{"allow":["GET"]}}],"collection":[{"href":"https:\/\/dorogimedence.hu\/index.php\/wp-json\/wp\/v2\/posts"}],"about":[{"href":"https:\/\/dorogimedence.hu\/index.php\/wp-json\/wp\/v2\/types\/post"}],"author":[{"embeddable":true,"href":"https:\/\/dorogimedence.hu\/index.php\/wp-json\/wp\/v2\/users\/1"}],"replies":[{"embeddable":true,"href":"https:\/\/dorogimedence.hu\/index.php\/wp-json\/wp\/v2\/comments?post=30314"}],"version-history":[{"count":0,"href":"https:\/\/dorogimedence.hu\/index.php\/wp-json\/wp\/v2\/posts\/30314\/revisions"}],"wp:featuredmedia":[{"embeddable":true,"href":"https:\/\/dorogimedence.hu\/index.php\/wp-json\/wp\/v2\/media\/1967"}],"wp:attachment":[{"href":"https:\/\/dorogimedence.hu\/index.php\/wp-json\/wp\/v2\/media?parent=30314"}],"wp:term":[{"taxonomy":"category","embeddable":true,"href":"https:\/\/dorogimedence.hu\/index.php\/wp-json\/wp\/v2\/categories?post=30314"},{"taxonomy":"post_tag","embeddable":true,"href":"https:\/\/dorogimedence.hu\/index.php\/wp-json\/wp\/v2\/tags?post=30314"}],"curies":[{"name":"wp","href":"https:\/\/api.w.org\/{rel}","templated":true}]}}