{"id":3030,"date":"2017-05-11T14:03:04","date_gmt":"2017-05-11T12:03:04","guid":{"rendered":"http:\/\/dorogimedence.hu\/?p=3030"},"modified":"2017-05-11T14:03:04","modified_gmt":"2017-05-11T12:03:04","slug":"elektromos-toltoallomast-telepitenek-esztergomban","status":"publish","type":"post","link":"https:\/\/dorogimedence.hu\/index.php\/2017\/05\/11\/elektromos-toltoallomast-telepitenek-esztergomban\/","title":{"rendered":"Elektromos t\u00f6lt\u0151\u00e1llom\u00e1st telep\u00edtenek Esztergomban"},"content":{"rendered":"<p><strong>H\u00e1rom helyen telep\u00edtenek Esztergomban elektromos t\u00f6lt\u0151\u00e1llom\u00e1st: B\u00e1stya parkol\u00f3ban, Botty\u00e1n utca elej\u00e9n \u00e9s a B\u00e1nomi \u00fat &#8211; Vaskapui \u00fat keresztez\u0151d\u00e9s\u00e9ben.<\/strong><\/p>\n<p>A Nemzetgazdas\u00e1gi Miniszt\u00e9rium Gazdas\u00e1gfejleszt\u00e9s\u00e9rt felel\u0151s \u00e1llamtitk\u00e1rs\u00e1ga vissza nem t\u00e9r\u00edtend\u0151, 8,152 milli\u00f3 forintos t\u00e1mogat\u00e1st \u00edt\u00e9lt meg Elektromos T\u00f6lt\u0151\u00e1llom\u00e1s telep\u00edt\u00e9s\u00e9hez Esztergomban. Romanek Etelka polg\u00e1rmestert m\u00e1jus 7-\u00e9n t\u00e1j\u00e9koztatta Leps\u00e9nyi Istv\u00e1n gazdas\u00e1gfejleszt\u00e9s\u00e9rt \u00e9s -szab\u00e1lyoz\u00e1s\u00e9rt felel\u0151s \u00e1llamtitk\u00e1r hivatalos lev\u00e9lben. A B\u00e1stya parkol\u00f3ban \u00e9s Botty\u00e1n utca elej\u00e9n, illetve a M\u00e1rta panzi\u00f3 el\u0151tt a &#8211; B\u00e1nomi \u00fat \u00e9s Vaskapui \u00fat keresztez\u0151d\u00e9s\u00e9ben &#8211; alak\u00edtj\u00e1k ki a 3 t\u00f6lt\u0151pontot.<\/p>\n<p><strong>A norm\u00e1l \u00e1llom\u00e1s 2-3 \u00f3ra alatt t\u00f6lt, a vill\u00e1mt\u00f6lt\u00e9si ponton pedig 20-30 perc alatt tankolhatnak fel energi\u00e1b\u00f3l a j\u00e1rm\u0171vek.<\/strong><\/p>\n<p>A v\u00e1rosh\u00e1za melletti Botty\u00e1n utc\u00e1ban lesz a gyorst\u00f6lt\u0151 \u00e1llom\u00e1s, a m\u00e1sik 2 t\u00f6lt\u0151ponton pl. a nagybev\u00e1s\u00e1rl\u00e1s ideje alatt lehet majd az elektromos j\u00e1rm\u0171vek akkumul\u00e1tor\u00e1t k\u00e9nyelmesen felt\u00f6lteni.<\/p>\n<p>A t\u00f6lt\u0151oszlopok k\u00f6lts\u00e9gei elt\u00e9r\u0151ek egym\u00e1st\u00f3l. A p\u00e1ly\u00e1zati t\u00e1mogat\u00e1s a k\u00f6lts\u00e9gek 42%-\u00e1t fedezi, melyhez 11 milli\u00f3 forint \u00f6ner\u0151 j\u00e1rul.<\/p>\n<p>A beszerz\u00e9s\u00fck \u00e9s a t\u00f6lt\u0151hely kialak\u00edt\u00e1sa a megnyert \u00e1llami forr\u00e1sb\u00f3l elsz\u00e1molhat\u00f3. Az enged\u00e9lyez\u00e9s \u00e9s \u00fczemeltet\u00e9s k\u00f6lts\u00e9ge viszont az \u00f6nkorm\u00e1nyzatra h\u00e1rul.<\/p>\n<p>P\u00e1ly\u00e1zat\u00e1val szeptemberben csatlakozott Esztergom a Jedlik \u00c1nyos Tervhez. A korm\u00e1nyzat a k\u00f6zleked\u00e9sb\u0151l sz\u00e1rmaz\u00f3 \u00fcvegh\u00e1zhat\u00e1s\u00fa g\u00e1zok emisszi\u00f3j\u00e1nak cs\u00f6kkent\u00e9s\u00e9t \u00e9s az orsz\u00e1g K\u00f6rnyezetk\u00edm\u00e9l\u0151 g\u00e9pkocsikkal t\u00f6rt\u00e9n\u0151 \u00e1tj\u00e1rhat\u00f3s\u00e1g\u00e1nak megteremt\u00e9s\u00e9t szorgalmazza.<\/p>\n<p><strong>150 \u00faj, elektromos aut\u00f3t\u00f6lt\u0151-\u00e1llom\u00e1st k\u00edv\u00e1nnak r\u00f6vid id\u0151n bel\u00fcl Magyarorsz\u00e1gon kialak\u00edtani.<\/strong> A t\u00f6lt\u0151pontok hely\u00e9t a felhaszn\u00e1l\u00e1si s\u0171r\u0171s\u00e9g miatt forgalmas csom\u00f3pontokba \u00e9s bev\u00e1s\u00e1rl\u00f3k\u00f6zpontokhoz helyezik.<\/p>\n<p><strong>A helyi \u00f6nkorm\u00e1nyzatok a p\u00e1ly\u00e1zati forr\u00e1sok\u00e9rt cser\u00e9be 5 \u00e9ven \u00e1t biztos\u00edtj\u00e1k az \u00fczemeltet\u00e9st.<\/strong> A Gazdas\u00e1gi Z\u00f6ld\u00edt\u00e9si Rendszer t\u00e1mogat\u00e1si el\u0151ir\u00e1nyzat\u00e1t az E-Mobi Nonprofit kft.-vel szerz\u0151dve haszn\u00e1lja fel Esztergom.<\/p>\n<p>A Jedlik \u00c1nyos terv c\u00e9lja, hogy Magyarorsz\u00e1g Kelet-K\u00f6z\u00e9p-Eur\u00f3pa vezet\u0151 orsz\u00e1g\u00e1v\u00e1 v\u00e1ljon az e-mobilit\u00e1s ter\u00e9n.<\/p>\n<p><em>Forr\u00e1s: esztergom.hu<\/em><\/p>\n","protected":false},"excerpt":{"rendered":"<p>H\u00e1rom helyen telep\u00edtenek Esztergomban elektromos t\u00f6lt\u0151\u00e1llom\u00e1st: B\u00e1stya parkol\u00f3ban, Botty\u00e1n utca elej\u00e9n \u00e9s a B\u00e1nomi \u00fat &#8211; Vaskapui \u00fat keresztez\u0151d\u00e9s\u00e9ben. A Nemzetgazdas\u00e1gi Miniszt\u00e9rium Gazdas\u00e1gfejleszt\u00e9s\u00e9rt felel\u0151s \u00e1llamtitk\u00e1rs\u00e1ga vissza nem t\u00e9r\u00edtend\u0151, 8,152 milli\u00f3 forintos t\u00e1mogat\u00e1st \u00edt\u00e9lt meg Elektromos T\u00f6lt\u0151\u00e1llom\u00e1s telep\u00edt\u00e9s\u00e9hez Esztergomban. Romanek Etelka polg\u00e1rmestert m\u00e1jus 7-\u00e9n t\u00e1j\u00e9koztatta Leps\u00e9nyi Istv\u00e1n gazdas\u00e1gfejleszt\u00e9s\u00e9rt \u00e9s -szab\u00e1lyoz\u00e1s\u00e9rt felel\u0151s \u00e1llamtitk\u00e1r hivatalos lev\u00e9lben. A B\u00e1stya<\/p>\n","protected":false},"author":1,"featured_media":3031,"comment_status":"closed","ping_status":"closed","sticky":false,"template":"","format":"standard","meta":{"ngg_post_thumbnail":0,"footnotes":""},"categories":[38,3],"tags":[969,968,42],"class_list":{"0":"post-3030","1":"post","2":"type-post","3":"status-publish","4":"format-standard","5":"has-post-thumbnail","7":"category-esztergom","8":"category-hirek","9":"tag-elektromos-jarmu","10":"tag-elektromos-toltoallomas","11":"tag-esztergom"},"yoast_head":"<!-- This site is optimized with the Yoast SEO plugin v27.4 - https:\/\/yoast.com\/product\/yoast-seo-wordpress\/ -->\n<title>Elektromos t\u00f6lt\u0151\u00e1llom\u00e1st telep\u00edtenek Esztergomban<\/title>\n<meta name=\"robots\" content=\"index, follow, max-snippet:-1, max-image-preview:large, max-video-preview:-1\" \/>\n<link rel=\"canonical\" href=\"https:\/\/dorogimedence.hu\/index.php\/2017\/05\/11\/elektromos-toltoallomast-telepitenek-esztergomban\/\" class=\"yoast-seo-meta-tag\" \/>\n<meta property=\"og:locale\" content=\"hu_HU\" class=\"yoast-seo-meta-tag\" \/>\n<meta property=\"og:type\" content=\"article\" class=\"yoast-seo-meta-tag\" \/>\n<meta property=\"og:title\" content=\"Elektromos t\u00f6lt\u0151\u00e1llom\u00e1st telep\u00edtenek Esztergomban\" class=\"yoast-seo-meta-tag\" \/>\n<meta property=\"og:description\" content=\"H\u00e1rom helyen telep\u00edtenek Esztergomban elektromos t\u00f6lt\u0151\u00e1llom\u00e1st: B\u00e1stya parkol\u00f3ban, Botty\u00e1n utca elej\u00e9n \u00e9s a B\u00e1nomi \u00fat &#8211; Vaskapui \u00fat keresztez\u0151d\u00e9s\u00e9ben. A Nemzetgazdas\u00e1gi Miniszt\u00e9rium Gazdas\u00e1gfejleszt\u00e9s\u00e9rt felel\u0151s \u00e1llamtitk\u00e1rs\u00e1ga vissza nem t\u00e9r\u00edtend\u0151, 8,152 milli\u00f3 forintos t\u00e1mogat\u00e1st \u00edt\u00e9lt meg Elektromos T\u00f6lt\u0151\u00e1llom\u00e1s telep\u00edt\u00e9s\u00e9hez Esztergomban. Romanek Etelka polg\u00e1rmestert m\u00e1jus 7-\u00e9n t\u00e1j\u00e9koztatta Leps\u00e9nyi Istv\u00e1n gazdas\u00e1gfejleszt\u00e9s\u00e9rt \u00e9s -szab\u00e1lyoz\u00e1s\u00e9rt felel\u0151s \u00e1llamtitk\u00e1r hivatalos lev\u00e9lben. A B\u00e1stya\" class=\"yoast-seo-meta-tag\" \/>\n<meta property=\"og:url\" content=\"https:\/\/dorogimedence.hu\/index.php\/2017\/05\/11\/elektromos-toltoallomast-telepitenek-esztergomban\/\" class=\"yoast-seo-meta-tag\" \/>\n<meta property=\"og:site_name\" content=\"Dorogi-medence Region\u00e1lis H\u00edrport\u00e1l\" class=\"yoast-seo-meta-tag\" \/>\n<meta property=\"article:publisher\" content=\"https:\/\/www.facebook.com\/dorogimedence\/\" class=\"yoast-seo-meta-tag\" \/>\n<meta property=\"article:published_time\" content=\"2017-05-11T12:03:04+00:00\" class=\"yoast-seo-meta-tag\" \/>\n<meta property=\"og:image\" content=\"https:\/\/i0.wp.com\/dorogimedence.hu\/wp-content\/uploads\/2017\/05\/elektromos-toltoallomas.jpg?fit=670%2C365&ssl=1\" class=\"yoast-seo-meta-tag\" \/>\n\t<meta property=\"og:image:width\" content=\"670\" class=\"yoast-seo-meta-tag\" \/>\n\t<meta property=\"og:image:height\" content=\"365\" class=\"yoast-seo-meta-tag\" \/>\n\t<meta property=\"og:image:type\" content=\"image\/jpeg\" class=\"yoast-seo-meta-tag\" \/>\n<meta name=\"author\" content=\"dorogimedence.hu\" class=\"yoast-seo-meta-tag\" \/>\n<meta name=\"twitter:card\" content=\"summary_large_image\" class=\"yoast-seo-meta-tag\" \/>\n<meta name=\"twitter:label1\" content=\"Szerz\u0151:\" class=\"yoast-seo-meta-tag\" \/>\n\t<meta name=\"twitter:data1\" content=\"dorogimedence.hu\" class=\"yoast-seo-meta-tag\" \/>\n\t<meta name=\"twitter:label2\" content=\"Becs\u00fclt olvas\u00e1si id\u0151\" class=\"yoast-seo-meta-tag\" \/>\n\t<meta name=\"twitter:data2\" content=\"2 perc\" class=\"yoast-seo-meta-tag\" \/>\n<script type=\"application\/ld+json\" class=\"yoast-schema-graph\">{\"@context\":\"https:\\\/\\\/schema.org\",\"@graph\":[{\"@type\":\"Article\",\"@id\":\"https:\\\/\\\/dorogimedence.hu\\\/index.php\\\/2017\\\/05\\\/11\\\/elektromos-toltoallomast-telepitenek-esztergomban\\\/#article\",\"isPartOf\":{\"@id\":\"https:\\\/\\\/dorogimedence.hu\\\/index.php\\\/2017\\\/05\\\/11\\\/elektromos-toltoallomast-telepitenek-esztergomban\\\/\"},\"author\":{\"name\":\"dorogimedence.hu\",\"@id\":\"https:\\\/\\\/dorogimedence.hu\\\/#\\\/schema\\\/person\\\/ce6091eeb7e95ecdc87890d6aa8e0fd4\"},\"headline\":\"Elektromos t\u00f6lt\u0151\u00e1llom\u00e1st telep\u00edtenek Esztergomban\",\"datePublished\":\"2017-05-11T12:03:04+00:00\",\"mainEntityOfPage\":{\"@id\":\"https:\\\/\\\/dorogimedence.hu\\\/index.php\\\/2017\\\/05\\\/11\\\/elektromos-toltoallomast-telepitenek-esztergomban\\\/\"},\"wordCount\":464,\"publisher\":{\"@id\":\"https:\\\/\\\/dorogimedence.hu\\\/#organization\"},\"image\":{\"@id\":\"https:\\\/\\\/dorogimedence.hu\\\/index.php\\\/2017\\\/05\\\/11\\\/elektromos-toltoallomast-telepitenek-esztergomban\\\/#primaryimage\"},\"thumbnailUrl\":\"https:\\\/\\\/dorogimedence.hu\\\/wp-content\\\/uploads\\\/2017\\\/05\\\/elektromos-toltoallomas.jpg\",\"keywords\":[\"elektromos j\u00e1rm\u0171\",\"elektromos t\u00f6lt\u0151\u00e1llom\u00e1s\",\"esztergom\"],\"articleSection\":[\"Esztergom\",\"H\u00edrek\"],\"inLanguage\":\"hu\"},{\"@type\":\"WebPage\",\"@id\":\"https:\\\/\\\/dorogimedence.hu\\\/index.php\\\/2017\\\/05\\\/11\\\/elektromos-toltoallomast-telepitenek-esztergomban\\\/\",\"url\":\"https:\\\/\\\/dorogimedence.hu\\\/index.php\\\/2017\\\/05\\\/11\\\/elektromos-toltoallomast-telepitenek-esztergomban\\\/\",\"name\":\"Elektromos t\u00f6lt\u0151\u00e1llom\u00e1st telep\u00edtenek Esztergomban\",\"isPartOf\":{\"@id\":\"https:\\\/\\\/dorogimedence.hu\\\/#website\"},\"primaryImageOfPage\":{\"@id\":\"https:\\\/\\\/dorogimedence.hu\\\/index.php\\\/2017\\\/05\\\/11\\\/elektromos-toltoallomast-telepitenek-esztergomban\\\/#primaryimage\"},\"image\":{\"@id\":\"https:\\\/\\\/dorogimedence.hu\\\/index.php\\\/2017\\\/05\\\/11\\\/elektromos-toltoallomast-telepitenek-esztergomban\\\/#primaryimage\"},\"thumbnailUrl\":\"https:\\\/\\\/dorogimedence.hu\\\/wp-content\\\/uploads\\\/2017\\\/05\\\/elektromos-toltoallomas.jpg\",\"datePublished\":\"2017-05-11T12:03:04+00:00\",\"breadcrumb\":{\"@id\":\"https:\\\/\\\/dorogimedence.hu\\\/index.php\\\/2017\\\/05\\\/11\\\/elektromos-toltoallomast-telepitenek-esztergomban\\\/#breadcrumb\"},\"inLanguage\":\"hu\",\"potentialAction\":[{\"@type\":\"ReadAction\",\"target\":[\"https:\\\/\\\/dorogimedence.hu\\\/index.php\\\/2017\\\/05\\\/11\\\/elektromos-toltoallomast-telepitenek-esztergomban\\\/\"]}]},{\"@type\":\"ImageObject\",\"inLanguage\":\"hu\",\"@id\":\"https:\\\/\\\/dorogimedence.hu\\\/index.php\\\/2017\\\/05\\\/11\\\/elektromos-toltoallomast-telepitenek-esztergomban\\\/#primaryimage\",\"url\":\"https:\\\/\\\/dorogimedence.hu\\\/wp-content\\\/uploads\\\/2017\\\/05\\\/elektromos-toltoallomas.jpg\",\"contentUrl\":\"https:\\\/\\\/dorogimedence.hu\\\/wp-content\\\/uploads\\\/2017\\\/05\\\/elektromos-toltoallomas.jpg\",\"width\":670,\"height\":365},{\"@type\":\"BreadcrumbList\",\"@id\":\"https:\\\/\\\/dorogimedence.hu\\\/index.php\\\/2017\\\/05\\\/11\\\/elektromos-toltoallomast-telepitenek-esztergomban\\\/#breadcrumb\",\"itemListElement\":[{\"@type\":\"ListItem\",\"position\":1,\"name\":\"Kezd\u0151lap\",\"item\":\"https:\\\/\\\/dorogimedence.hu\\\/\"},{\"@type\":\"ListItem\",\"position\":2,\"name\":\"Elektromos t\u00f6lt\u0151\u00e1llom\u00e1st telep\u00edtenek Esztergomban\"}]},{\"@type\":\"WebSite\",\"@id\":\"https:\\\/\\\/dorogimedence.hu\\\/#website\",\"url\":\"https:\\\/\\\/dorogimedence.hu\\\/\",\"name\":\"Dorogi-medence Region\u00e1lis H\u00edrport\u00e1l\",\"description\":\"Dorog, Keszt\u00f6lc, Le\u00e1nyv\u00e1r, Piliscs\u00e9v, Tokod, Tokodalt\u00e1r\u00f3, Csolnok, Esztergom-kertv\u00e1ros: h\u00edrek, programok\",\"publisher\":{\"@id\":\"https:\\\/\\\/dorogimedence.hu\\\/#organization\"},\"potentialAction\":[{\"@type\":\"SearchAction\",\"target\":{\"@type\":\"EntryPoint\",\"urlTemplate\":\"https:\\\/\\\/dorogimedence.hu\\\/?s={search_term_string}\"},\"query-input\":{\"@type\":\"PropertyValueSpecification\",\"valueRequired\":true,\"valueName\":\"search_term_string\"}}],\"inLanguage\":\"hu\"},{\"@type\":\"Organization\",\"@id\":\"https:\\\/\\\/dorogimedence.hu\\\/#organization\",\"name\":\"Dorogi-medence Region\u00e1lis H\u00edrport\u00e1l\",\"url\":\"https:\\\/\\\/dorogimedence.hu\\\/\",\"logo\":{\"@type\":\"ImageObject\",\"inLanguage\":\"hu\",\"@id\":\"https:\\\/\\\/dorogimedence.hu\\\/#\\\/schema\\\/logo\\\/image\\\/\",\"url\":\"https:\\\/\\\/dorogimedence.hu\\\/wp-content\\\/uploads\\\/2021\\\/04\\\/logo-feher-600.png\",\"contentUrl\":\"https:\\\/\\\/dorogimedence.hu\\\/wp-content\\\/uploads\\\/2021\\\/04\\\/logo-feher-600.png\",\"width\":600,\"height\":100,\"caption\":\"Dorogi-medence Region\u00e1lis H\u00edrport\u00e1l\"},\"image\":{\"@id\":\"https:\\\/\\\/dorogimedence.hu\\\/#\\\/schema\\\/logo\\\/image\\\/\"},\"sameAs\":[\"https:\\\/\\\/www.facebook.com\\\/dorogimedence\\\/\"]},{\"@type\":\"Person\",\"@id\":\"https:\\\/\\\/dorogimedence.hu\\\/#\\\/schema\\\/person\\\/ce6091eeb7e95ecdc87890d6aa8e0fd4\",\"name\":\"dorogimedence.hu\",\"image\":{\"@type\":\"ImageObject\",\"inLanguage\":\"hu\",\"@id\":\"\\\/\\\/www.gravatar.com\\\/avatar\\\/d8d45f8901aadff40a4af72c0b826f1d?s=96&#038;r=g&#038;d=mm\",\"url\":\"\\\/\\\/www.gravatar.com\\\/avatar\\\/d8d45f8901aadff40a4af72c0b826f1d?s=96&#038;r=g&#038;d=mm\",\"contentUrl\":\"\\\/\\\/www.gravatar.com\\\/avatar\\\/d8d45f8901aadff40a4af72c0b826f1d?s=96&#038;r=g&#038;d=mm\",\"caption\":\"dorogimedence.hu\"}}]}<\/script>\n<!-- \/ Yoast SEO plugin. -->","yoast_head_json":{"title":"Elektromos t\u00f6lt\u0151\u00e1llom\u00e1st telep\u00edtenek Esztergomban","robots":{"index":"index","follow":"follow","max-snippet":"max-snippet:-1","max-image-preview":"max-image-preview:large","max-video-preview":"max-video-preview:-1"},"canonical":"https:\/\/dorogimedence.hu\/index.php\/2017\/05\/11\/elektromos-toltoallomast-telepitenek-esztergomban\/","og_locale":"hu_HU","og_type":"article","og_title":"Elektromos t\u00f6lt\u0151\u00e1llom\u00e1st telep\u00edtenek Esztergomban","og_description":"H\u00e1rom helyen telep\u00edtenek Esztergomban elektromos t\u00f6lt\u0151\u00e1llom\u00e1st: B\u00e1stya parkol\u00f3ban, Botty\u00e1n utca elej\u00e9n \u00e9s a B\u00e1nomi \u00fat &#8211; Vaskapui \u00fat keresztez\u0151d\u00e9s\u00e9ben. A Nemzetgazdas\u00e1gi Miniszt\u00e9rium Gazdas\u00e1gfejleszt\u00e9s\u00e9rt felel\u0151s \u00e1llamtitk\u00e1rs\u00e1ga vissza nem t\u00e9r\u00edtend\u0151, 8,152 milli\u00f3 forintos t\u00e1mogat\u00e1st \u00edt\u00e9lt meg Elektromos T\u00f6lt\u0151\u00e1llom\u00e1s telep\u00edt\u00e9s\u00e9hez Esztergomban. Romanek Etelka polg\u00e1rmestert m\u00e1jus 7-\u00e9n t\u00e1j\u00e9koztatta Leps\u00e9nyi Istv\u00e1n gazdas\u00e1gfejleszt\u00e9s\u00e9rt \u00e9s -szab\u00e1lyoz\u00e1s\u00e9rt felel\u0151s \u00e1llamtitk\u00e1r hivatalos lev\u00e9lben. A B\u00e1stya","og_url":"https:\/\/dorogimedence.hu\/index.php\/2017\/05\/11\/elektromos-toltoallomast-telepitenek-esztergomban\/","og_site_name":"Dorogi-medence Region\u00e1lis H\u00edrport\u00e1l","article_publisher":"https:\/\/www.facebook.com\/dorogimedence\/","article_published_time":"2017-05-11T12:03:04+00:00","og_image":[{"width":670,"height":365,"url":"https:\/\/i0.wp.com\/dorogimedence.hu\/wp-content\/uploads\/2017\/05\/elektromos-toltoallomas.jpg?fit=670%2C365&ssl=1","type":"image\/jpeg"}],"author":"dorogimedence.hu","twitter_card":"summary_large_image","twitter_misc":{"Szerz\u0151:":"dorogimedence.hu","Becs\u00fclt olvas\u00e1si id\u0151":"2 perc"},"schema":{"@context":"https:\/\/schema.org","@graph":[{"@type":"Article","@id":"https:\/\/dorogimedence.hu\/index.php\/2017\/05\/11\/elektromos-toltoallomast-telepitenek-esztergomban\/#article","isPartOf":{"@id":"https:\/\/dorogimedence.hu\/index.php\/2017\/05\/11\/elektromos-toltoallomast-telepitenek-esztergomban\/"},"author":{"name":"dorogimedence.hu","@id":"https:\/\/dorogimedence.hu\/#\/schema\/person\/ce6091eeb7e95ecdc87890d6aa8e0fd4"},"headline":"Elektromos t\u00f6lt\u0151\u00e1llom\u00e1st telep\u00edtenek Esztergomban","datePublished":"2017-05-11T12:03:04+00:00","mainEntityOfPage":{"@id":"https:\/\/dorogimedence.hu\/index.php\/2017\/05\/11\/elektromos-toltoallomast-telepitenek-esztergomban\/"},"wordCount":464,"publisher":{"@id":"https:\/\/dorogimedence.hu\/#organization"},"image":{"@id":"https:\/\/dorogimedence.hu\/index.php\/2017\/05\/11\/elektromos-toltoallomast-telepitenek-esztergomban\/#primaryimage"},"thumbnailUrl":"https:\/\/dorogimedence.hu\/wp-content\/uploads\/2017\/05\/elektromos-toltoallomas.jpg","keywords":["elektromos j\u00e1rm\u0171","elektromos t\u00f6lt\u0151\u00e1llom\u00e1s","esztergom"],"articleSection":["Esztergom","H\u00edrek"],"inLanguage":"hu"},{"@type":"WebPage","@id":"https:\/\/dorogimedence.hu\/index.php\/2017\/05\/11\/elektromos-toltoallomast-telepitenek-esztergomban\/","url":"https:\/\/dorogimedence.hu\/index.php\/2017\/05\/11\/elektromos-toltoallomast-telepitenek-esztergomban\/","name":"Elektromos t\u00f6lt\u0151\u00e1llom\u00e1st telep\u00edtenek Esztergomban","isPartOf":{"@id":"https:\/\/dorogimedence.hu\/#website"},"primaryImageOfPage":{"@id":"https:\/\/dorogimedence.hu\/index.php\/2017\/05\/11\/elektromos-toltoallomast-telepitenek-esztergomban\/#primaryimage"},"image":{"@id":"https:\/\/dorogimedence.hu\/index.php\/2017\/05\/11\/elektromos-toltoallomast-telepitenek-esztergomban\/#primaryimage"},"thumbnailUrl":"https:\/\/dorogimedence.hu\/wp-content\/uploads\/2017\/05\/elektromos-toltoallomas.jpg","datePublished":"2017-05-11T12:03:04+00:00","breadcrumb":{"@id":"https:\/\/dorogimedence.hu\/index.php\/2017\/05\/11\/elektromos-toltoallomast-telepitenek-esztergomban\/#breadcrumb"},"inLanguage":"hu","potentialAction":[{"@type":"ReadAction","target":["https:\/\/dorogimedence.hu\/index.php\/2017\/05\/11\/elektromos-toltoallomast-telepitenek-esztergomban\/"]}]},{"@type":"ImageObject","inLanguage":"hu","@id":"https:\/\/dorogimedence.hu\/index.php\/2017\/05\/11\/elektromos-toltoallomast-telepitenek-esztergomban\/#primaryimage","url":"https:\/\/dorogimedence.hu\/wp-content\/uploads\/2017\/05\/elektromos-toltoallomas.jpg","contentUrl":"https:\/\/dorogimedence.hu\/wp-content\/uploads\/2017\/05\/elektromos-toltoallomas.jpg","width":670,"height":365},{"@type":"BreadcrumbList","@id":"https:\/\/dorogimedence.hu\/index.php\/2017\/05\/11\/elektromos-toltoallomast-telepitenek-esztergomban\/#breadcrumb","itemListElement":[{"@type":"ListItem","position":1,"name":"Kezd\u0151lap","item":"https:\/\/dorogimedence.hu\/"},{"@type":"ListItem","position":2,"name":"Elektromos t\u00f6lt\u0151\u00e1llom\u00e1st telep\u00edtenek Esztergomban"}]},{"@type":"WebSite","@id":"https:\/\/dorogimedence.hu\/#website","url":"https:\/\/dorogimedence.hu\/","name":"Dorogi-medence Region\u00e1lis H\u00edrport\u00e1l","description":"Dorog, Keszt\u00f6lc, Le\u00e1nyv\u00e1r, Piliscs\u00e9v, Tokod, Tokodalt\u00e1r\u00f3, Csolnok, Esztergom-kertv\u00e1ros: h\u00edrek, programok","publisher":{"@id":"https:\/\/dorogimedence.hu\/#organization"},"potentialAction":[{"@type":"SearchAction","target":{"@type":"EntryPoint","urlTemplate":"https:\/\/dorogimedence.hu\/?s={search_term_string}"},"query-input":{"@type":"PropertyValueSpecification","valueRequired":true,"valueName":"search_term_string"}}],"inLanguage":"hu"},{"@type":"Organization","@id":"https:\/\/dorogimedence.hu\/#organization","name":"Dorogi-medence Region\u00e1lis H\u00edrport\u00e1l","url":"https:\/\/dorogimedence.hu\/","logo":{"@type":"ImageObject","inLanguage":"hu","@id":"https:\/\/dorogimedence.hu\/#\/schema\/logo\/image\/","url":"https:\/\/dorogimedence.hu\/wp-content\/uploads\/2021\/04\/logo-feher-600.png","contentUrl":"https:\/\/dorogimedence.hu\/wp-content\/uploads\/2021\/04\/logo-feher-600.png","width":600,"height":100,"caption":"Dorogi-medence Region\u00e1lis H\u00edrport\u00e1l"},"image":{"@id":"https:\/\/dorogimedence.hu\/#\/schema\/logo\/image\/"},"sameAs":["https:\/\/www.facebook.com\/dorogimedence\/"]},{"@type":"Person","@id":"https:\/\/dorogimedence.hu\/#\/schema\/person\/ce6091eeb7e95ecdc87890d6aa8e0fd4","name":"dorogimedence.hu","image":{"@type":"ImageObject","inLanguage":"hu","@id":"\/\/www.gravatar.com\/avatar\/d8d45f8901aadff40a4af72c0b826f1d?s=96&#038;r=g&#038;d=mm","url":"\/\/www.gravatar.com\/avatar\/d8d45f8901aadff40a4af72c0b826f1d?s=96&#038;r=g&#038;d=mm","contentUrl":"\/\/www.gravatar.com\/avatar\/d8d45f8901aadff40a4af72c0b826f1d?s=96&#038;r=g&#038;d=mm","caption":"dorogimedence.hu"}}]}},"_links":{"self":[{"href":"https:\/\/dorogimedence.hu\/index.php\/wp-json\/wp\/v2\/posts\/3030","targetHints":{"allow":["GET"]}}],"collection":[{"href":"https:\/\/dorogimedence.hu\/index.php\/wp-json\/wp\/v2\/posts"}],"about":[{"href":"https:\/\/dorogimedence.hu\/index.php\/wp-json\/wp\/v2\/types\/post"}],"author":[{"embeddable":true,"href":"https:\/\/dorogimedence.hu\/index.php\/wp-json\/wp\/v2\/users\/1"}],"replies":[{"embeddable":true,"href":"https:\/\/dorogimedence.hu\/index.php\/wp-json\/wp\/v2\/comments?post=3030"}],"version-history":[{"count":0,"href":"https:\/\/dorogimedence.hu\/index.php\/wp-json\/wp\/v2\/posts\/3030\/revisions"}],"wp:featuredmedia":[{"embeddable":true,"href":"https:\/\/dorogimedence.hu\/index.php\/wp-json\/wp\/v2\/media\/3031"}],"wp:attachment":[{"href":"https:\/\/dorogimedence.hu\/index.php\/wp-json\/wp\/v2\/media?parent=3030"}],"wp:term":[{"taxonomy":"category","embeddable":true,"href":"https:\/\/dorogimedence.hu\/index.php\/wp-json\/wp\/v2\/categories?post=3030"},{"taxonomy":"post_tag","embeddable":true,"href":"https:\/\/dorogimedence.hu\/index.php\/wp-json\/wp\/v2\/tags?post=3030"}],"curies":[{"name":"wp","href":"https:\/\/api.w.org\/{rel}","templated":true}]}}