{"id":30270,"date":"2021-02-09T07:34:42","date_gmt":"2021-02-09T06:34:42","guid":{"rendered":"http:\/\/dorogimedence.hu\/?p=30270"},"modified":"2021-02-09T07:35:10","modified_gmt":"2021-02-09T06:35:10","slug":"orok-merlegen-dorog-ferencvaros","status":"publish","type":"post","link":"https:\/\/dorogimedence.hu\/index.php\/2021\/02\/09\/orok-merlegen-dorog-ferencvaros\/","title":{"rendered":"\u00d6r\u00f6k m\u00e9rlegen: Dorog \u2013 Ferencv\u00e1ros"},"content":{"rendered":"<p><strong>35 \u00e9v ut\u00e1n ker\u00fcl sor \u00fajra t\u00e9tm\u00e9rk\u0151zre a k\u00e9t csapat k\u00f6z\u00f6tt, s ak\u00e1rcsak akkor 1986-ban, ez\u00fattal is a Magyar Kupa jegy\u00e9ben tal\u00e1lkoznak, s ugyan \u00fagy a legjobb 16-k\u00f6z\u00e9 jut\u00e1s a t\u00e9t. A dorogiak febru\u00e1r 10-\u00e9n, szerd\u00e1n 13 \u00f3rai kezdettel fogadj\u00e1k nagynev\u0171 ellenfel\u00fcket a Buz\u00e1nszky stadionban, viszont a norm\u00e1lis k\u00f6r\u00fclm\u00e9nyek k\u00f6z\u00f6tt v\u00e1rhat\u00f3 n\u00e9z\u0151cs\u00facs helyett, a folyamatban l\u00e9v\u0151 j\u00e1rv\u00e1ny\u00fcgyi rendelet \u00e9rtelm\u00e9ben, z\u00e1rtkapus m\u00e9rk\u0151z\u00e9s lesz<\/strong> <em>&#8211; Szab\u00f3 Gyula cikke.<\/em><\/p>\n<p>Kupa-ellenfel\u00fcnket nem kell k\u00fcl\u00f6n\u00f6sebben bemutatni, hiszen az orsz\u00e1g legeredm\u00e9nyesebb, egyben legn\u00e9pszer\u0171bb egyes\u00fclete, \u00edgy csak t\u00f6m\u00f6r\u00edtve n\u00e9h\u00e1ny ism\u00e9rv a Ferencv\u00e1rosi TC-t jellemz\u0151 legfontosabb tudnival\u00f3ir\u00f3l. A f\u0151v\u00e1ros IX. ker\u00fclet\u00e9nek az 1899-ben alap\u00edtott klubja \u00e9ppen 15 \u00e9vvel id\u0151sebb a dorogin\u00e1l, amely egy komplett sportegyes\u00fclet. Nev\u00e9t is a IX. ker\u00fcletr\u0151l kapta. Az id\u0151k sor\u00e1n napjainkig, mintegy 29 versenyszakoszt\u00e1lyt \u00fczemeltet. Valamennyi k\u00f6z\u00fcl m\u00e9lt\u00e1n a labdar\u00fag\u00f3k a legkiemelked\u0151bbek, \u00e9l\u00e9n az FTC feln\u0151tt csapat\u00e1val. A ferencv\u00e1rosi labdar\u00fag\u00f3 csapat 31-szeres magyar bajnok, 36-szoros bajnoki ez\u00fcst\u00e9rmes, 22-szeres bajnoki bronz\u00e9rmes az NB I-ben. Ezen fel\u00fcl a m\u00e1sodoszt\u00e1lyban t\u00f6lt\u00f6tt mindh\u00e1rom \u00e9vadja sor\u00e1n szerzett \u00e9rmet az NB II-ben, k\u00f6zte egy bajnoki c\u00edm mellett, egy ez\u00fcst- \u00e9s egy bronz\u00e9rmet. Tov\u00e1bb\u00e1 23-szoros Magyar Kupa-gy\u0151ztes, 9-szeres MK ez\u00fcst\u00e9rmes, valamint 6-szoros Szuperkupa- \u00e9s 2-szeres Ligakupagy\u0151ztes. Megannyi egy\u00e9b siker \u00e9s titulus mellett a nemzetk\u00f6zi porondon egyszeres V\u00e1s\u00e1rv\u00e1rosok kup\u00e1ja gy\u0151ztes \u00e9s egyszeres ez\u00fcst\u00e9rmes, valamint k\u00e9tszer nyerte a K\u00f6z\u00e9p-eur\u00f3pai kup\u00e1t, s ugyanebben a sorozatban n\u00e9gyszszeres ez\u00fcst\u00e9rmes is, egyszeres ez\u00fcst\u00e9rmes a Kupagy\u0151ztesek Eur\u00f3pa-kup\u00e1j\u00e1ban. A Bajnokcsapatok Eur\u00f3pa.kup\u00e1j\u00e1ban egyszer volt negyedd\u00f6nt\u0151s, az UEFA kup\u00e1ban pedig el\u0151d\u00f6nt\u0151s.<\/p>\n<p>Az eddigi 122 \u00e9ves fenn\u00e1ll\u00e1sa sor\u00e1n politikai k\u00e9nyszerre t\u00f6bbsz\u00f6r is v\u00e1ltozott a klub neve, egy alkalommal pedig a sz\u00edne is. A R\u00e1kosi-\u00f6nk\u00e9ny \u00e9veiben \u00c9DOSZ n\u00e9ven szerepelt, miut\u00e1n az \u00c9lelmiszeripari dolgoz\u00f3k szakszervezet\u00e9hez tagoz\u00f3dott, s sz\u00edne piros-feh\u00e9rre v\u00e1ltozott. K\u00e9s\u0151bb a Bp. Kinizsi nevet kapta, majd az enyh\u00fcl\u00e9snek nevezett id\u0151szakban visszat\u00e9rhetett eredeti nev\u00e9hez \u00e9s klub-sz\u00edneihez egyar\u00e1nt. Soraiban az orsz\u00e1g legnagyobbjainak z\u00f6me megfordult, rengeteg j\u00e1t\u00e9kost adva a v\u00e1logatottnak. Minden korszak\u00e1nak meg voltak a kiemelked\u0151 futballist\u00e1i, s csak n\u00e9h\u00e1nyat kiemelve egyfajta id\u0151s\u00e1vban rendezve, mint Schlosser Imre, Bukovi M\u00e1rton, Kor\u00e1nyi Lajos, L\u00e1z\u00e1r Gyula, S\u00e1rosi Gy\u00f6rgy, Toldi G\u00e9za, Turay J\u00f3zsef, Budai L\u00e1szl\u00f3, Czibor S\u00e1ndor, De\u00e1k Ferenc, Lakat K\u00e1roly, Kocsis S\u00e1ndor, Kubala L\u00e1szl\u00f3, Dalnoki Jen\u0151, Albert Fl\u00f3ri\u00e1n, Fenyvesi M\u00e1t\u00e9, R\u00e1kosi Gyula, P\u00e1ncsics Mikl\u00f3s, Varga Zolt\u00e1n, Sz\u0171cs Lajos, Mucha J\u00f3zsef, B\u00e1lint L\u00e1szl\u00f3, Ebedli Zolt\u00e1n, Nyilasi Tibor, Pusztai L\u00e1szl\u00f3, Szokolai L\u00e1szl\u00f3, Dzurj\u00e1k J\u00f3zsef, D\u00e9t\u00e1ri Lajos, vagy Lipcsei P\u00e9ter. Szinte valamennyi korszakban megm\u00e9rk\u0151z\u00f6tt a Dorog a Fradival, \u00edgy a legnagyobb h\u00edress\u00e9gek valamennyien szerepeltek a dorogiak ellen, s d\u00f6nt\u0151 t\u00f6bbs\u00e9g\u00fck p\u00e1ly\u00e1ra is l\u00e9pett Dorogon.<\/p>\n<p>A Ferencv\u00e1ros hat\u00e1rtalan n\u00e9pszer\u0171s\u00e9ge nem csak k\u00e1pr\u00e1zatos eredm\u00e9nylist\u00e1j\u00e1nak \u00e9s fantasztikus labdar\u00fag\u00f3inak k\u00f6sz\u00f6nhet\u0151, hanem az FTC egyfajta nemzeti ellen\u00e1ll\u00e1st is megtestes\u00edtett, amely k\u00fcl\u00f6n\u00f6sen a II. vil\u00e1gh\u00e1bor\u00fat k\u00f6vet\u0151 id\u0151szakban teljesedett ki. Sok\u00e1ig a Fradi volt az egyetlen honi csapat, amely mindv\u00e9gig kiz\u00e1r\u00f3lag a legmagasabb oszt\u00e1lyba szerepelt, \u00e1m 2006-ban a klub anyagi h\u00e1ttere katasztr\u00f3f\u00e1liss\u00e1 v\u00e1lt, ez\u00e9rt az MLSZ nem engedte sz\u00e1mukra az NB I-ben val\u00f3 indul\u00e1st a 2006-07-\u00e9s \u00e9vadban. H\u00e1rom \u00e9vvel k\u00e9s\u0151bb siker\u00fclt magukat visszak\u00fczdeni az \u00e9lvonalban, ahol hamarosan visszavett\u00e9k a vez\u00e9rp\u00e1lc\u00e1t. A Ferencv\u00e1ros jelenleg is bajnoki c\u00edmv\u00e9d\u0151 \u00e9s szinte m\u00e1r most oda lehetne adni a k\u00f6vetkez\u0151 bajnoki c\u00edmet is nekik, hiszen olyan toronymagasan vezetik az NB I-es tabell\u00e1t, amely gyakorlatilag behozhatatlan. A z\u00f6ld-feh\u00e9rek kicsattan\u00f3 form\u00e1ban \u00e9rkeznek Dorogra, hiszen a legut\u00f3bbi k\u00e9t gy\u0151zelm\u00fck csak emelte a preszt\u00edzs\u00e9rt\u00e9k\u00e9t, ugyanis el\u0151bb az \u0151si riv\u00e1lis \u00dajpestet idegenben vert\u00e9k 4-0-ra, majd a bajnoki c\u00edm\u00e9rt folytatott k\u00fczdelemben legink\u00e1bb belesz\u00f3lhat\u00f3 Videotont is 2-0-ra. Tavaly augusztus v\u00e9ge \u00f3ta nem tal\u00e1lt legy\u0151z\u0151re a z\u00f6ld-feh\u00e9r leg\u00e9nys\u00e9g, s bajnoks\u00e1g 2. fordul\u00f3j\u00e1ban a Di\u00f3sgy\u0151r ellen odahaza elvesztett 1-0-\u00e1s meccs\u00fck az egyetlen veres\u00e9g\u00fck az idei \u00e9vadban. Mind\u00f6ssze 10 g\u00f3lt kaptak \u00e9s n\u00e9gyszer annyit szereztek.<\/p>\n<p>Ugyan h\u00e1rom \u00e9s f\u00e9l \u00e9vtizede nem ker\u00fclt sor t\u00e9tm\u00e9rk\u0151z\u00e9sre a Ferencv\u00e1rossal, viszont az utols\u00f3 ilyen alkalom \u00f3ta is s\u0171r\u0171n tal\u00e1lkoztak. Az FTC ugyanis gyakran k\u00e9rte fel a dorogiakat edz\u0151partnernek, illetve egy\u00e9b alkalmak eset\u00e9n is megtal\u00e1lta egym\u00e1st a k\u00e9t egyes\u00fclet \u00e9s tet\u0151 al\u00e1 hoztak j\u00f3n\u00e9h\u00e1ny m\u00e9rk\u0151z\u00e9st. A k\u00e9t csapat kapcsolata \u00e9s az egym\u00e1s elleni meccsei k\u00f6zel egy teljes \u00e9vsz\u00e1zadot \u00f6lelnek fel. Az id\u0151k sor\u00e1n sz\u00e1mtalanszor m\u00e9rk\u0151ztek meg egym\u00e1ssal hivatalos, de nem t\u00e9tm\u00e9rk\u0151z\u00e9s jegy\u00e9ben, valamint k\u00e9t k\u00fcl\u00f6n peri\u00f3dusban is a f\u0151v\u00e1rosiak m\u00e1sodik csapata ellen bajnoki meccsekre is sor ker\u00fclt, amelyekre a t\u00f6rt\u00e9neti visszatekint\u00e9s sor\u00e1n kit\u00e9rek majd, \u00e1m az \u00f6r\u00f6k m\u00e9rleg mutat\u00f3iba \u00e9rtelemszer\u0171en, csakis kiz\u00e1r\u00f3lag a t\u00e9tm\u00e9rk\u0151z\u00e9sek lettek elsz\u00e1molva.<\/p>\n<p style=\"text-align: center;\"><img fetchpriority=\"high\" decoding=\"async\" class=\"alignnone size-full wp-image-30272\" src=\"https:\/\/dorogimedence.hu\/wp-content\/uploads\/2021\/02\/dorog-fradi-02.jpg\" alt=\"\" width=\"830\" height=\"479\" srcset=\"https:\/\/dorogimedence.hu\/wp-content\/uploads\/2021\/02\/dorog-fradi-02.jpg 830w, https:\/\/dorogimedence.hu\/wp-content\/uploads\/2021\/02\/dorog-fradi-02-300x173.jpg 300w, https:\/\/dorogimedence.hu\/wp-content\/uploads\/2021\/02\/dorog-fradi-02-768x443.jpg 768w\" sizes=\"(max-width: 830px) 100vw, 830px\" \/><em>A Dorog <\/em>\u2013&nbsp;<em>FTC m\u00e9rk\u0151z\u00e9s \u00fcnnep\u00e9lyes megnyit\u00f3ja Dorogon 1937-ben<\/em><\/p>\n<p>A k\u00e9t csapat eddig 46 t\u00e9tm\u00e9rk\u0151z\u00e9st v\u00edvott meg egym\u00e1ssal, amelyb\u0151l 43 bajnoki (valamennyi az NB I-ben) \u00e9s 3 kupam\u00e9rk\u0151z\u00e9s, k\u00e9t k\u00fcl\u00f6nb\u00f6z\u0151 kupa-sorozatban. A m\u00e9rleg d\u00f6nt\u0151 ferencv\u00e1rosi f\u00f6l\u00e9nyt mutat: a 46 m\u00e9rk\u0151z\u00e9sen 9 dorogi gy\u0151zelem, 6 d\u00f6ntetlen, 31 veres\u00e9g; 54:118-as g\u00f3lar\u00e1ny sz\u00fcletett.<\/p>\n<p>A dorogiak hazai m\u00e9rlege: 25 meccsb\u0151l 7 gy\u0151zelem, 4 d\u00f6ntetlen, 14 veres\u00e9g; 34:47-es g\u00f3lar\u00e1ny.<\/p>\n<p>A 25 tal\u00e1lkoz\u00f3 k\u00f6z\u00fcl 24 meccset rendeztek Dorogon, egy alkalommal pedig Esztergomban fogadta az FTC csapat\u00e1t a Dorog, m\u00e9gpedig a dorogi stadion \u00fajraf\u00fcves\u00edt\u00e9si munk\u00e1latai miatt, 1957 m\u00e1rcius\u00e1ban.<\/p>\n<p>Idegenbeli m\u00e9rleg: 21 meccsen 2 gy\u0151zelem, 2 d\u00f6ntetlen, 17 veres\u00e9g, 20:71-es g\u00f3lar\u00e1nnyal.&nbsp;<\/p>\n<p>A Fradi vend\u00e9gek\u00e9nt 9 alkalommal a N\u00e9pstadionban, 11-szer a legend\u00e1s \u0151si \u00dcll\u0151i \u00fati stadionban, m\u00edg egy \u00edzben az \u00fajj\u00e1\u00e9p\u00edtett, 1974-ben avatott \u00dcll\u0151i \u00fati &#8211; a k\u00e9s\u0151bbi Albert Fl\u00f3ri\u00e1n &#8211; stadionban m\u00e9rk\u0151ztek meg egym\u00e1ssal.<\/p>\n<p>A Dorog\u2013Fradi m\u00e9rk\u0151z\u00e9sek t\u00f6rt\u00e9nete az 1920-as \u00e9vek v\u00e9g\u00e9ig ny\u00falik vissza. 1928 december\u00e9ben tal\u00e1lkoztak egym\u00e1ssal el\u0151sz\u00f6r \u00e9s mindj\u00e1rt t\u00e9tmeccsen, m\u00e9gpedig a Magyar Kupa jegy\u00e9ben. A dorogiak eg\u00e9szen a nyolcadd\u00f6nt\u0151ig meneteltek, ahol a nagynev\u0171 riv\u00e1list kapt\u00e1k ellenfel\u00fcl. B\u00e1r egy oszt\u00e1ly k\u00fcl\u00fcnbs\u00e9g volt a k\u00e9t g\u00e1rda k\u00f6z\u00f6tt, \u00e1m az akkori szab\u00e1lyok \u00e9rtelm\u00e9ben sorsol\u00e1ssal d\u00f6nt\u00f6ttek a p\u00e1lyav\u00e1laszt\u00f3 fel\u0151l, s ez az FTC-nek kedvezett, \u0151k j\u00e1tszattak otthon. A tal\u00e1lkoz\u00f3t \u00edt\u00e9letid\u0151ben, hatalmas h\u00f3f\u00fav\u00e1s k\u00f6zepette rendezt\u00e9k. A mostoha id\u0151j\u00e1r\u00e1si viszonyokhoz az am\u00fagy is abszol\u00fat es\u00e9lyes f\u0151v\u00e1rosiak alkalmazkodtak jobban, s els\u00f6rpr\u0151, 9:0 ar\u00e1ny\u00fa gy\u0151zelemmel b\u00facs\u00faztatt\u00e1k a Dorogot a kup\u00e1b\u00f3l. Ez volt egyben minden id\u0151k legnagyobb gy\u0151zelme a Fradinak a Dorog felett.<\/p>\n<p style=\"text-align: center;\"><img decoding=\"async\" class=\"alignnone size-large wp-image-30273\" src=\"https:\/\/dorogimedence.hu\/wp-content\/uploads\/2021\/02\/dorog-fradi-03-783x1024.jpg\" alt=\"\" width=\"665\" height=\"870\" srcset=\"https:\/\/dorogimedence.hu\/wp-content\/uploads\/2021\/02\/dorog-fradi-03-783x1024.jpg 783w, https:\/\/dorogimedence.hu\/wp-content\/uploads\/2021\/02\/dorog-fradi-03-229x300.jpg 229w, https:\/\/dorogimedence.hu\/wp-content\/uploads\/2021\/02\/dorog-fradi-03-768x1005.jpg 768w, https:\/\/dorogimedence.hu\/wp-content\/uploads\/2021\/02\/dorog-fradi-03.jpg 830w\" sizes=\"(max-width: 665px) 100vw, 665px\" \/><em>Meccsplak\u00e1t a k\u00e9t vil\u00e1gh\u00e1bor\u00fa k\u00f6z\u00f6tti id\u0151szakb\u00f3l<\/em><\/p>\n<p>A harmincas \u00e9vekben rendszeress\u00e9 v\u00e1lt a k\u00e9t csapat meccsel\u00e9se, ugyanis a Ferencv\u00e1ros igen rokonszenvezett a dorogi egyes\u00fclettel \u00e9s amolyan kistestv\u00e9rk\u00e9nt fogadta kegyeibe \u00e9s emlegette a dorogiakat. \u00cdgy gyakorta v\u00e1lasztott\u00e1k a mieinket partnernek. A m\u00e9rk\u0151z\u00e9sek j\u00f3r\u00e9sz\u00e9t Dorogon rendezt\u00e9k, amelyek kiv\u00e9tel n\u00e9lk\u00fcl telth\u00e1zat vonzottak. Ugyan mindannyiszor a Fradi kerekedett fel\u00fcl, de igen j\u00f3 hangulat\u00fa \u00e9s sz\u00ednvonal\u00fa m\u00e9rk\u0151z\u00e9seknek tapsolhatott a hazai publikum. 1936-ban igen megszorongatt\u00e1k a mieink a f\u0151v\u00e1rosiakat. Az els\u0151 f\u00e9lid\u0151 els\u0151 szakasz\u00e1ban k\u00e9t g\u00f3llal elh\u00faztak a dorogiak \u00e9s csak nagy csat\u00e1ban tudott v\u00e9g\u00fcl 4-3-ra nyerni az FTC. 1937-ben \u00fagy gy\u0151z\u0151tt 2-0-ra a f\u0151v\u00e1rosi alakulat, hogy a m\u00e9rk\u0151z\u00e9s k\u00e9pe \u00e9s a helyzetek alapj\u00e1n ak\u00e1r ford\u00edtott eredm\u00e9ny is sz\u00fclethetett volna.<\/p>\n<p>Az 1940-es \u00e9vek els\u0151 fel\u00e9ben, egym\u00e1st k\u00f6vet\u0151 k\u00e9t bajnoki \u00e9vadban is a Ferencv\u00e1ros II. csapat\u00e1val ker\u00fcltek egy csoportba. A Fradi tartal\u00e9k csapata is nagyon er\u0151s volt, egyben a mez\u0151ny meghat\u00e1roz\u00f3 g\u00e1rd\u00e1j\u00e1nak bizonyult. A dorogiaknak azonban siker\u00fclt megszorongatni \u0151ket. 1941 \u0151sz\u00e9n ugyan az \u00dcll\u0151i \u00faton kikaptak 2-0-ra, \u00e1m az ifj\u00fa, 15 \u00e9ves Grosics Gyula k\u00e9t 11-est is kiv\u00e9dett, m\u00e9gpedig P\u00f3sa \u00e9s Kormos b\u00fctet\u0151j\u00e9t h\u00e1r\u00edtotta. P\u00f3sa B\u00e9la egy\u00e9bk\u00e9nt az FTC els\u0151 csapat\u00e1nak is oszlopos tagja ezekben az id\u0151kben, s\u0151t v\u00e1logatott j\u00e1t\u00e9kos is volt. 1942 tavasz\u00e1n viszont 6-1-es zak\u00f3val k\u00fcldt\u00e9k haza \u0151ket a dorogiak. Mint fentebb hivatkoztam r\u00e1, mindezt csak a teljess\u00e9g \u00e9s \u00e9rdekess\u00e9g kedv\u00e9\u00e9rt eml\u00edtem, az \u00f6sszes\u00edt\u00e9sben nem sz\u00e1moltam bele.<\/p>\n<p>Az els\u0151 bajnoki m\u00e9rk\u0151z\u00e9s\u00fckre a dorogiak 1945-ben t\u00f6rt NB I-be val\u00f3 jut\u00e1s\u00e1t k\u00f6vet\u0151en ker\u00fclt sor, m\u00e9gpedig 1945 \u0151sz\u00e9n Dorogon. Az \u00fajonc remek helyt\u00e1ll\u00e1sa mellett is 3-1-es vend\u00e9g siker sz\u00fcletett, m\u00edg az \u00dcll\u0151i \u00fati visszav\u00e1g\u00f3n alaposan kit\u00f6mt\u00e9k a mieinket, m\u00e9gpedig 8:2 ar\u00e1nyban, amely egyben a legnagyobb ar\u00e1ny\u00fa bajnoki gy\u0151zelm\u00e9t is jelentette a Fradinak az egym\u00e1s elleni m\u00e9rk\u0151z\u00e9s\u00fck sor\u00e1n. K\u00e9s\u0151bb egy \u00edzben m\u00e9g v\u00e1gott egy hetest a Ferencv\u00e1ros egy dorogi becs\u00fcletg\u00f3llal szemben, de az esetek d\u00f6nt\u0151 t\u00f6bbs\u00e9g\u00e9ben m\u00e9rs\u00e9keltebb \u00e9s szorosabb eredm\u00e9nyek sz\u00fclettek.&nbsp;<\/p>\n<p style=\"text-align: center;\"><img decoding=\"async\" class=\"alignnone size-full wp-image-30274\" src=\"https:\/\/dorogimedence.hu\/wp-content\/uploads\/2021\/02\/dorog-fradi-04.jpg\" alt=\"\" width=\"777\" height=\"554\" srcset=\"https:\/\/dorogimedence.hu\/wp-content\/uploads\/2021\/02\/dorog-fradi-04.jpg 777w, https:\/\/dorogimedence.hu\/wp-content\/uploads\/2021\/02\/dorog-fradi-04-300x214.jpg 300w, https:\/\/dorogimedence.hu\/wp-content\/uploads\/2021\/02\/dorog-fradi-04-768x548.jpg 768w, https:\/\/dorogimedence.hu\/wp-content\/uploads\/2021\/02\/dorog-fradi-04-307x219.jpg 307w\" sizes=\"(max-width: 777px) 100vw, 777px\" \/><em>Egy m\u00e1sik r\u00e9gi meccsplak\u00e1t, amely m\u00e1r NB I-es bajnokit hirdet<\/em><\/p>\n<p>1947 m\u00e1rcius\u00e1ban Dorogon botr\u00e1nyba fulladt a k\u00e9t csapat bajnoki tal\u00e1lkoz\u00f3ja. A szok\u00e1s szerint telth\u00e1zas meccsen a vend\u00e9gek az \u00dajpesttel rivaliz\u00e1ltak a bajnoki c\u00edm\u00e9rt folytatott k\u00fczdelemben, m\u00edg a hazaiak a benntmarad\u00e1s\u00e9rt k\u00fczd\u00f6ttek. A II. f\u00e9lid\u0151 hajr\u00e1j\u00e1ban 2-1-es ferencv\u00e1rosi vezet\u00e9sn\u00e9l egyenl\u00edtettek a dorogiak, \u00e1m a j\u00e1t\u00e9kvezet\u0151 \u00e9rv\u00e9nytelen\u00edtette a szab\u00e1lyos g\u00f3lt. A feld\u00fch\u00f6d\u00f6tt hazai drukkerek a p\u00e1ly\u00e1ra \u00f6z\u00f6nl\u00f6ttek \u00e9s&nbsp; megvert\u00e9k a b\u00edr\u00f3t. A meccset 2-1-es eredm\u00e9nnyel az FTC-nek \u00edrt\u00e1k j\u00f3v\u00e1, m\u00edg a dorogi klub b\u00fcntet\u00e9st kapott \u00e9s m\u00e9g a stadiont is be akarta tiltani az MLSZ. Az igazi b\u00fcntet\u00e9s a kies\u00e9s volt, ugyanis ha a val\u00f3s 2-2-vel z\u00e1rul a meccs, akkor a dorogiak egy ponttal a Gy\u0151ri ETO el\u0151tt v\u00e9geznek \u00e9s a kisalf\u00f6ldiek estek volna ki. \u00cdgy viszont pontazonoss\u00e1ggal minim\u00e1lisan jobb g\u00f3lk\u00fcl\u00f6nbs\u00e9g\u00e9vel a Gy\u0151r maradt bent az els\u0151 oszt\u00e1lyban.<\/p>\n<p>A&nbsp;<em>Nemzeti Sport<\/em>&nbsp;kiemelten foglalkozott a t\u00f6rt\u00e9ntekkel.&nbsp;<em>Gyurka! Ereszd el a hajamat! Dorogi csend\u00e9let<\/em>&nbsp;f\u0151c\u00edmmel indul\u00f3 cikkben t\u00f6bbek k\u00f6z\u00f6tt ezt \u00edrt\u00e1k:&nbsp;<em>&#8222;A Dorog j\u00f3l j\u00e1tszott, de b\u00edr\u00f3i m\u0171hiba t\u00f6rt\u00e9nt. \u00d3ri\u00e1si k\u00fczdelemben nehezen gy\u0151z\u00f6tt a Ferencv\u00e1ros. A veres\u00e9g \u00fagy feld\u00fch\u00edtette a n\u00e9z\u0151ket, hogy a lef\u00faj\u00e1s ut\u00e1n el\u00f6z\u00f6nl\u00f6tt\u00e9k a p\u00e1ly\u00e1t \u00e9s cs\u00fanya b\u00edr\u00f3ver\u00e9s lett a dologb\u00f3l.&#8221;<\/em>A Sz\u00f6vets\u00e9g megb\u00fcntette a klubot, egy\u00fattal a stadion betilt\u00e1s\u00e1t is ind\u00edtv\u00e1nyozta. Az \u00fcggyel kapcsolatban a ferencv\u00e1rosiak r\u00e9sz\u00e9r\u0151l Lakat K\u00e1roly,&nbsp;miut\u00e1n megtudta, hogy be akarj\u00e1k tiltani a dorogi katlant, a k\u00f6vetkez\u0151 nyilatkozatot tette a sport\u00fajs\u00e1g oldal\u00e1n:&nbsp;<em>&#8222;Nem kell betiltani a dorogi p\u00e1ly\u00e1t, hadd menjen csak oda az \u00dajpest is!&#8221;<\/em>&nbsp;A Dorog meg\u00f3vta a meccset, de a Sz\u00f6vets\u00e9g elutas\u00edtotta \u00e9s v\u00e9g\u00fcl a p\u00e1ly\u00e1n el\u00e9rt eredm\u00e9nyt er\u0151s\u00edtette meg. A cikk visszat\u00e9r\u0151en besz\u00e1molt m\u00e9g a j\u00e1t\u00e9kvezet\u0151 kimenek\u00edt\u00e9s\u00e9r\u0151l is, akit a rend \u0151rei v\u00e9g\u00fcl rend\u0151rruh\u00e1ban pr\u00f3b\u00e1ltak kicsemp\u00e9szni a stadionb\u00f3l a csillapodni nem b\u00edr\u00f3 t\u00f6meg karmaib\u00f3l. Azonban a drukkerek \u00edgy is felismert\u00e9k, ez\u00e9rt \u00fajra menek\u00fcl\u0151re kellett fognia \u00e9s v\u00e9g\u00fcl egy mag\u00e1nlak\u00e1sban b\u00fajtatt\u00e1k eg\u00e9szen \u00e9jf\u00e9lig.<\/p>\n<p style=\"text-align: center;\"><img loading=\"lazy\" decoding=\"async\" class=\"alignnone size-full wp-image-30275\" src=\"https:\/\/dorogimedence.hu\/wp-content\/uploads\/2021\/02\/dorog-fradi-05.jpg\" alt=\"\" width=\"765\" height=\"449\" srcset=\"https:\/\/dorogimedence.hu\/wp-content\/uploads\/2021\/02\/dorog-fradi-05.jpg 765w, https:\/\/dorogimedence.hu\/wp-content\/uploads\/2021\/02\/dorog-fradi-05-300x176.jpg 300w\" sizes=\"(max-width: 765px) 100vw, 765px\" \/><em>A k\u00e9t csapat k\u00f6z\u00f6s fot\u00f3zkod\u00e1sa az 1952-ben j\u00e1tszott hazai bajnoki ut\u00e1n<\/em><\/p>\n<p>K\u00e9t \u00e9v eltelt\u00e9vel a Dorog visszajutott az NB I-be, s b\u00e1r 1949 \u0151sz\u00e9n szoros meccsen m\u00e9g a Fradi kerekedett fel\u00fcl 2:1 ar\u00e1nyban, a hatodik egym\u00e1s elleni bajnoki meghozta a dorogiak els\u0151 gy\u0151zelm\u00e9t, m\u00e9gpedig az \u00dcll\u0151i \u00faton siker\u00fclt 2-1-re nyerni\u00fck. Az 1950-es \u00e9vek els\u0151 \u00e9veiben szerepelt legsikeresebben a csapatunk a Ferencv\u00e1ros ellen. H\u00e1rom egym\u00e1st k\u00f6vet\u0151 hazai meccsr\u0151l is \u00fcres k\u00e9zzel t\u00e1voztak a z\u00f6ld-feh\u00e9rek \u00fagy, hogy egyik alkalommal sem tudtak m\u00e9g g\u00f3lt sem szerezni. Az 1952-es \u00e9vadban pedig el\u0151sz\u00f6r, egyben utolj\u00e1ra oda-vissza a Dorog nyert, m\u00e9gpedig kapott g\u00f3l n\u00e9lk\u00fcl. 1952 hozta egyben a legnagyobb ar\u00e1ny\u00fa dorogi gy\u0151zelmet is, amikor odahaza par\u00e1d\u00e9s j\u00e1t\u00e9kkal 5-0-ra \u00fct\u00f6tt\u00e9k ki az FTC-t. Ak\u00e1r s\u00falyosabb is lehetett volna a vend\u00e9gek veres\u00e9ge, viszont szerencs\u00e9j\u00fckre az \u00fcgyeletes g\u00f3lzs\u00e1kunk, Moln\u00e1r J\u00f3zsefnek nem ment a j\u00e1t\u00e9k aznap \u00e9s egyszer sem tal\u00e1lt be.<\/p>\n<p style=\"text-align: center;\"><img loading=\"lazy\" decoding=\"async\" class=\"alignnone size-full wp-image-30276\" src=\"https:\/\/dorogimedence.hu\/wp-content\/uploads\/2021\/02\/dorog-fradi-06.jpg\" alt=\"\" width=\"700\" height=\"444\" srcset=\"https:\/\/dorogimedence.hu\/wp-content\/uploads\/2021\/02\/dorog-fradi-06.jpg 700w, https:\/\/dorogimedence.hu\/wp-content\/uploads\/2021\/02\/dorog-fradi-06-300x190.jpg 300w\" sizes=\"(max-width: 700px) 100vw, 700px\" \/><em>Izgalmas jelenet a Fradi kapuja el\u0151tt az 5:0-\u00e1s dorogi gy\u0151zelemmel z\u00e1rult meccsen<\/em><\/p>\n<p>1958. okt\u00f3ber 15-\u00e9n Monostori Tivadar g\u00f3lja d\u00f6nt\u00f6tte el a tal\u00e1lkoz\u00f3t, sajnos a Fradi jav\u00e1ra, aki \u00f6ng\u00f3lt v\u00e9tett. Kiv\u00e1l\u00f3 csat\u00e1runk els\u0151 tal\u00e1lata volt ez a f\u0151v\u00e1rosiak ellen, viszont ezzel 3-2-re a vend\u00e9g csapat nyert. 1959. szeptember 13. hozta tal\u00e1n az egyik legnagyszer\u0171bb m\u00e9rk\u0151z\u00e9st kett\u0151j\u00fck p\u00e1rharc\u00e1ban. A tal\u00e1lkoz\u00f3t a N\u00e9pstadionban j\u00e1tszott\u00e1k, ahol Andris Gy\u00f6rgy l\u00e9v\u00e9n a mieink szereztek vezet\u00e9st, majd alig h\u00fasz percnyi j\u00e1t\u00e9kot k\u00f6vetve, 2-1-re ford\u00edtott a Fradi. A 39. percre viszont m\u00e1r megint a Dorogn\u00e1l volt az el\u0151ny, miut\u00e1n el\u0151bb Varga J\u00e1nos egyenl\u00edtett a f\u00e9lid\u0151 fel\u00e9n, majd Cs\u00f3ri L\u00e1szl\u00f3 pazar l\u00f6v\u00e9ssel szerzett vezet\u00e9st a Dorognak. 3-2-es \u00e1ll\u00e1ssal fordultak a csapatok \u00e9s a dorogiak eg\u00e9szen a hajr\u00e1ig meg\u0151rizt\u00e9k el\u0151ny\u00fcket. Az utols\u00f3 negyed\u00f3r\u00e1ban viszont Albert Fl\u00f3ri\u00e1n g\u00f3lj\u00e1val egyenl\u00edtett az FTC \u00e9s n\u00e9h\u00e1ny percre r\u00e1 m\u00e1r \u0151k vezettek 4-3-ra. A v\u00e9g\u00e9n m\u00e9g b\u00fcntet\u0151h\u00f6z is jutottak, bebiztos\u00edtva v\u00e9g\u00fcl a gy\u0151zelm\u00fcket, 5:3 ar\u00e1nyban.&nbsp; A mindv\u00e9gig izgalmas, fordulatos meccs nyolc g\u00f3lj\u00e1val m\u00e9lt\u00e1n maradt az egyik legeml\u00e9kezetebb \u00f6sszecsap\u00e1s.<\/p>\n<p style=\"text-align: center;\"><img loading=\"lazy\" decoding=\"async\" class=\"alignnone size-full wp-image-30277\" src=\"https:\/\/dorogimedence.hu\/wp-content\/uploads\/2021\/02\/dorog-fradi-07.jpg\" alt=\"\" width=\"830\" height=\"642\" srcset=\"https:\/\/dorogimedence.hu\/wp-content\/uploads\/2021\/02\/dorog-fradi-07.jpg 830w, https:\/\/dorogimedence.hu\/wp-content\/uploads\/2021\/02\/dorog-fradi-07-300x232.jpg 300w, https:\/\/dorogimedence.hu\/wp-content\/uploads\/2021\/02\/dorog-fradi-07-768x594.jpg 768w\" sizes=\"(max-width: 830px) 100vw, 830px\" \/><em>A N\u00e9psport cikke az eml\u00e9kezetes, kiv\u00e1l\u00f3 meccs\u00fckr\u0151l 1959-ben<\/em><\/p>\n<p>1960. j\u00falius 31-\u00e9n egy hazai m\u00e9rk\u0151z\u00e9sen esett \u00e9rdekes g\u00f3l, ugyanis kapusunk, Ilku Istv\u00e1n iratkozott fel a g\u00f3ll\u00f6v\u0151k k\u00f6z\u00e9, miut\u00e1n 11-esb\u0151l volt eredm\u00e9nyes. Ki gondolta volna, hogy egyszer \u00e9ppen a Dorog lesz az FTC legnagyobb vet\u00e9lyt\u00e1rsa a bajnoki c\u00edm\u00e9rt val\u00f3 k\u00fczdelemben? Pedig az 1962-63-as bajnoki \u00e9vadban bizony a Doroggal voltak nagy versenyben az els\u0151s\u00e9g\u00e9rt. A dorogiak remek \u0151szt k\u00f6vet\u0151en a tavaszi szezonban eg\u00e9szen a bajnoks\u00e1g hajr\u00e1j\u00e1ig veretlenek voltak \u00e9s mind\u00f6ssze h\u00e1rom g\u00f3lt kaptak. A z\u00f6ld-feh\u00e9rek otthon fogadt\u00e1k a dorogiakat, de nem b\u00edrtak egym\u00e1ssal a csapatok \u00e9s 1-1-es d\u00f6ntetlennel osztoztak a pontokon. Csapatunk v\u00e9g\u00fcl beleszalad k\u00e9t egym\u00e1s ut\u00e1ni nem v\u00e1rt veres\u00e9gbe, amellyel elvesztette es\u00e9ly\u00e9t a bajnoki c\u00edmre \u00e9s v\u00e9g\u00fcl m\u00e9g a dobog\u00f3r\u00f3l is \u00e9ppencsak, de leszorult.&nbsp;<\/p>\n<p style=\"text-align: center;\"><img loading=\"lazy\" decoding=\"async\" class=\"alignnone size-full wp-image-30278\" src=\"https:\/\/dorogimedence.hu\/wp-content\/uploads\/2021\/02\/dorog-fradi-08.jpg\" alt=\"\" width=\"700\" height=\"484\" srcset=\"https:\/\/dorogimedence.hu\/wp-content\/uploads\/2021\/02\/dorog-fradi-08.jpg 700w, https:\/\/dorogimedence.hu\/wp-content\/uploads\/2021\/02\/dorog-fradi-08-300x207.jpg 300w\" sizes=\"(max-width: 700px) 100vw, 700px\" \/><em>Pozsonyi Ign\u00e1c g\u00f3lja el\u0151tti pillanatok az \u00dcll\u0151i \u00faton<\/em><\/p>\n<p>K\u00e9ts\u00e9gtelen, hogy a Ferencv\u00e1ros legf\u00e1j\u00f3bb veres\u00e9ge a Dorog ellen az 1963-as, egyid\u00e9nyes \u00e9vadj\u00e1nak z\u00e1r\u00f3fordul\u00f3j\u00e1ban elszenvedett 2-1 lett. Ugyanis ezzel a veres\u00e9ggel az utols\u00f3 pillanatban \u00faszott el sz\u00e1mukra a biztosnak tartott bajnoki c\u00edm. A Fradinak pedig egy d\u00f6ntetlen is el\u00e9g lett volna, s\u0151t vezettek is, \u00e1m a dorogiak megford\u00edtott\u00e1k az eredm\u00e9nyt, amellyel nem csak el\u00fct\u00f6tt\u00e9k a z\u00f6ld-feh\u00e9reket a bajnoki c\u00edmt\u0151l, de egyben a Gy\u0151rt juttatt\u00e1k az \u00e9lre, ami sportt\u00f6rt\u00e9net-\u00e9rt\u00e9k\u0171nek is sz\u00e1m\u00edtott, ugyanis vid\u00e9ki csapat a h\u00e1bor\u00fa ut\u00e1n nem nyert m\u00e9g bajnoki c\u00edmet, s azt megel\u0151z\u0151en is mind\u00f6ssze egyszrer volt r\u00e1 p\u00e9lda, amikor 1944-ben, az az\u00f3ta elcsatol\u00e1sra ker\u00fclt Nagyv\u00e1rad lett a bajnok.&nbsp;<\/p>\n<p style=\"text-align: center;\"><img loading=\"lazy\" decoding=\"async\" class=\"alignnone size-full wp-image-30279\" src=\"https:\/\/dorogimedence.hu\/wp-content\/uploads\/2021\/02\/dorog-fradi-09.jpg\" alt=\"\" width=\"700\" height=\"449\" srcset=\"https:\/\/dorogimedence.hu\/wp-content\/uploads\/2021\/02\/dorog-fradi-09.jpg 700w, https:\/\/dorogimedence.hu\/wp-content\/uploads\/2021\/02\/dorog-fradi-09-300x192.jpg 300w\" sizes=\"(max-width: 700px) 100vw, 700px\" \/><em>Szuromi Antal gy\u0151ztes tal\u00e1lata az 1963-as m\u00e9rk\u0151z\u00e9sen. Ez a g\u00f3l a Fradi bajnoki c\u00edm\u00e9be ker\u00fclt<\/em><\/p>\n<p>19 egym\u00e1st k\u00f6vet\u0151 bajnoki \u00e9vad ut\u00e1n, a dorogiak 1966-ban t\u00f6rt\u00e9nt kies\u00e9s\u00e9vel j\u00f3ideig elv\u00e1lt a k\u00e9t csapat \u00fatja, m\u00edgnem 7 \u00e9ves v\u00e1rkoz\u00e1t k\u00f6vet\u0151en tal\u00e1lkozhattak \u00fajfent az NB I&#8211;ben. Mindj\u00e1rt az \u00e9vad nyit\u00f3m\u00e9rk\u0151z\u00e9s\u00e9n, 1973. augusztus 19-\u00e9n, Dorogon ker\u00fcltek \u00f6ssze, ahov\u00e1 az FTC meglehet\u0151sen f\u00e9lve \u00e9rkezett.&nbsp;<\/p>\n<p style=\"text-align: center;\"><img loading=\"lazy\" decoding=\"async\" class=\"alignnone size-full wp-image-30280\" src=\"https:\/\/dorogimedence.hu\/wp-content\/uploads\/2021\/02\/dorog-fradi-10.jpg\" alt=\"\" width=\"830\" height=\"270\" srcset=\"https:\/\/dorogimedence.hu\/wp-content\/uploads\/2021\/02\/dorog-fradi-10.jpg 830w, https:\/\/dorogimedence.hu\/wp-content\/uploads\/2021\/02\/dorog-fradi-10-300x98.jpg 300w, https:\/\/dorogimedence.hu\/wp-content\/uploads\/2021\/02\/dorog-fradi-10-768x250.jpg 768w\" sizes=\"(max-width: 830px) 100vw, 830px\" \/><em>A N\u00e9psport c\u00edmlapja 1973-ban<\/em><\/p>\n<p>Er\u0151sen tartottak a ki\u00e9hezett \u00fajonc hatalmas bizony\u00edt\u00e1si v\u00e1gy\u00e1t\u00f3l. Mint kider\u00fclt, f\u00e9lelm\u00fck nem volt alaptalan, hiszen a dorogiak nagyszer\u0171 j\u00e1t\u00e9kot produk\u00e1lva meg\u00e9rdemelten nyertek 1-0-ra. A l\u00e1tottak alapj\u00e1n nagyobb ar\u00e1nyban is gy\u0151zhettek volna a piros-feket\u00e9k. A visszav\u00e1g\u00f3t 1974. m\u00e1jus 5-\u00e9n a Fradi ideiglenes otthon\u00e1ban, a N\u00e9pstadionban rendezt\u00e9k, az \u00dcll\u0151i \u00fati stadion \u00e1t\u00e9p\u00edt\u00e9si munk\u00e1latai miatt. \u00c9ppen a dorogiak elleni meccs\u00fckkel b\u00facs\u00faztak az orsz\u00e1g legnagyobb ar\u00e9n\u00e1j\u00e1t\u00f3l, ugynais a legk\u00f6zelebbi, Vasas ellenei hazai bajnokijukon avatt\u00e1k az \u00faj stadionjukat. A m\u00e9rk\u0151z\u00e9st a dorogiak nagyvonal\u00fas\u00e1ga d\u00f6nt\u00f6tte el 2:0 ar\u00e1nyban a hazaiak jav\u00e1ra, tekintve k\u00e9t aj\u00e1nd\u00e9k g\u00f3llal \u00f6rvendeztett\u00e9k meg ellenfel\u00fcket. K\u00fcl\u00f6n\u00f6sen a m\u00e1sodik tal\u00e1lat esett dorogi szempontb\u00f3l kellemetlen k\u00f6r\u00fclm\u00e9nyek k\u00f6z\u00f6tt, miut\u00e1n az egy\u00e9bk\u00e9nt kiv\u00e1l\u00f3 kapusunk, Schnizter Imre \u00f6ng\u00f3lt v\u00e9tett.&nbsp;<\/p>\n<p style=\"text-align: center;\"><img loading=\"lazy\" decoding=\"async\" class=\"alignnone size-full wp-image-30281\" src=\"https:\/\/dorogimedence.hu\/wp-content\/uploads\/2021\/02\/dorog-fradi-11.jpg\" alt=\"\" width=\"763\" height=\"580\" srcset=\"https:\/\/dorogimedence.hu\/wp-content\/uploads\/2021\/02\/dorog-fradi-11.jpg 763w, https:\/\/dorogimedence.hu\/wp-content\/uploads\/2021\/02\/dorog-fradi-11-300x228.jpg 300w\" sizes=\"(max-width: 763px) 100vw, 763px\" \/><em>Noha az eredm\u00e9nyjelz\u0151n Juh\u00e1sz Istv\u00e1nnak adt\u00e1k a m\u00e1sodik Fradi tal\u00e1latot, azonban Schnitzer kapus \u00f6ng\u00f3lja \u00e1ltal esett az 1974-es n\u00e9pstadionbeli m\u00e9rk\u0151z\u00e9sen<\/em><\/p>\n<p>Legk\u00f6zelebb 1976 k\u00e9s\u0151 tavasz\u00e1n a Felszabadul\u00e1s Kupa nyolcadd\u00f6nt\u0151j\u00e9ben ker\u00fcltek \u00f6ssze. \u00d3ri\u00e1si meglepet\u00e9sre a m\u00e1r bajnok \u00e9s egy oszt\u00e1llyal feljebb szerepl\u0151 Fradit NB II-es csaptunk 3:0 ar\u00e1nyban verte \u00e9s ejtette ki a kup\u00e1b\u00f3l. A z\u00f6ld-feh\u00e9rek b\u0151 k\u00e9t h\u00f3nappal k\u00e9s\u0151bb a bajnokin vettek el\u00e9gt\u00e9telt a kup\u00e1ban t\u00f6rt\u00e9nt kisikl\u00e1s\u00e9rt, m\u00e9gpedig ugyanilyen ar\u00e1nyban. A menetk\u00f6zben feljutott dorogiak az 1976-77-es bajnoks\u00e1g harmadik fordul\u00f3j\u00e1ban l\u00e1tt\u00e1k vend\u00e9g\u00fcl az FTC-t, akik ez\u00fattal biztosan nyertek. 1977. m\u00e1rcius 12-\u00e9n az \u00dcll\u0151i \u00faton ker\u00fclt sor a mindm\u00e1ig legutols\u00f3 egym\u00e1s elleni bajnoki m\u00e9rk\u0151z\u00e9s\u00fckre, ahol l\u00e1tsz\u00f3lag sima, 5-0-\u00e1s hazai siker sz\u00fcletett. A Fradi listavezet\u0151k\u00e9nt fogadta a sereghajt\u00f3 dorogiakat, akik a k\u00f6zel telth\u00e1zas m\u00e9rk\u0151z\u00e9sen sok\u00e1ig remek\u00fcl tartott\u00e1k magukat. A hazaiak j\u00f3szer\u00e9vel helyzetig sem jutottak \u00e9s b\u0151 f\u00e9l\u00f3r\u00e1nyi j\u00e1t\u00e9kot k\u00f6vet\u0151en csak B\u00e1lint 11-es\u00e9vel tudtak betal\u00e1lni. Az els\u0151 j\u00e1t\u00e9kr\u00e9szben ink\u00e1bb a Dorognak voltak helyzetei, majd a II. f\u00e9lid\u0151 elej\u00e9n alaposan r\u00e1ijesztettek a vend\u00e9gl\u00e1t\u00f3kra. Egym\u00e1s ut\u00e1n k\u00e9t kapuf\u00e1t is l\u0151ttek a mieink, akik id\u0151vel mindh\u00e1rom l\u00e9cet eltal\u00e1lt\u00e1k. Peszeki Jen\u0151 a bal, majd Major Ferenc a jobb kapuf\u00e1t tal\u00e1lta telibe, m\u00edg 10 percre r\u00e1 pedig P\u00e9ntek S\u00e1ndor remek fejese csattant a fels\u0151 l\u00e9cen. A z\u00f6ld-feh\u00e9rek fel\u00e9bredtek \u00e9s ritmust v\u00e1ltva hatalmas rohamokba keztek, de csak az utols\u00f3 negyed\u00f3r\u00e1ban tudt\u00e1k megroppantani az addig h\u0151siesen k\u00fczd\u0151 dorogiakat, akik a nagy nyom\u00e1st v\u00e9g\u00fcl nem b\u00edrt\u00e1k \u00e9s sorra j\u00f6ttek a hazai g\u00f3lok: Vad, Nyilasi, majd \u00fajra Vad \u00e9s v\u00e9g\u00fcl Ebedli voltak eredm\u00e9nyesek.&nbsp;<\/p>\n<p style=\"text-align: center;\"><img loading=\"lazy\" decoding=\"async\" class=\"alignnone size-full wp-image-30282\" src=\"https:\/\/dorogimedence.hu\/wp-content\/uploads\/2021\/02\/dorog-fradi-12.jpg\" alt=\"\" width=\"700\" height=\"372\" srcset=\"https:\/\/dorogimedence.hu\/wp-content\/uploads\/2021\/02\/dorog-fradi-12.jpg 700w, https:\/\/dorogimedence.hu\/wp-content\/uploads\/2021\/02\/dorog-fradi-12-300x159.jpg 300w\" sizes=\"(max-width: 700px) 100vw, 700px\" \/><em>A k\u00e9t csapat legutols\u00f3 bajnokij\u00e1n k\u00e9sz\u00fclt felv\u00e9tel Vad Istv\u00e1n g\u00f3lj\u00e1t \u00f6r\u00f6k\u00edti meg az \u00dcll\u0151i \u00faton, 1977 tavasz\u00e1n<\/em><\/p>\n<p>Sz\u0171k egy \u00e9vtizeddel k\u00e9s\u0151bb pedig az utols\u00f3 t\u00e9tm\u00e9rk\u0151z\u00e9s\u00fcket j\u00e1tszott\u00e1k, amikor a Magyar Kup\u00e1ban a legjobb 16-k\u00f6z\u00e9 jut\u00e1s\u00e9rt l\u00e9ptek p\u00e1ly\u00e1ra Dorogon. Az akkor k\u00e9t oszt\u00e1lynyi k\u00fcl\u00f6nbs\u00e9g ellen\u00e9re a dorogiak alaposan megizzasztott\u00e1k ellenfel\u00fcket \u00e9s b\u00e1r az FTC nyert 2-1-re, a tov\u00e1bbjut\u00e1st sokkal ink\u00e1bb K\u0151r\u00f6s L\u00e1szl\u00f3 j\u00e1t\u00e9kvezet\u0151 harcolta ki a vend\u00e9geknek. Az 1986. okt\u00f3ber 8-\u00e1n lej\u00e1tszott m\u00e9rk\u0151z\u00e9sen 6 ezer n\u00e9z\u0151 hangork\u00e1nj\u00e1t\u00f3l k\u00eds\u00e9rve a hazaiak cseppet sem voltak megillet\u0151dve \u00e9s remek\u00fcl megszervezett v\u00e9delm\u00fck \u00e9s k\u00f6z\u00e9pp\u00e1ly\u00e1juk lez\u00e1rta az utat a vend\u00e9gek el\u0151tt. Alig 20 percnyi j\u00e1t\u00e9kot k\u00f6vet\u0151en pedig egy sz\u00e9ps\u00e9gd\u00edjas g\u00f3llal a vezet\u00e9st is megszerezt\u00e9k a mieink. Harmat J\u00f3zsef az ellenf\u00e9l 16-os\u00e1nak el\u0151ter\u00e9b\u0151l indulva a teljes vend\u00e9g v\u00e9delmet kicselezte, majd a kiindul\u00f3 Zsibor\u00e1s G\u00e1bort is elfektetve gur\u00edtott a h\u00e1l\u00f3ba. Ugyan a Fradi perceken bel\u00fcl egyenl\u00edtett, m\u00e9gpedig egy sz\u00f6gletet k\u00f6vet\u0151en kifejelt labd\u00e1t Simon Tibor bomb\u00e1zott a bal fels\u0151 sarokba &#8211; egy\u00e9bk\u00e9nt ez volt a n\u00e9pszer\u0171 Simi legels\u0151 g\u00f3lja a Fradi-sz\u00edneiben -, \u00e1m tov\u00e1bbra is a dorogiak akarata \u00e9rv\u00e9nyes\u00fclt \u00e9s a folytat\u00e1sban \u00fajfent vezet\u00e9st szerezhettek volna. Fordul\u00e1s ut\u00e1n sem v\u00e1ltozott a j\u00e1t\u00e9k k\u00e9pe. A vend\u00e9gek j\u00f3szer\u00e9vel helyzetig sem jutottak, majd egy \u00edzben, amikor Schuttovits L\u00e1szl\u00f3 \u00e1ll\u00edtott meg egy akci\u00f3t, Dzurj\u00e1k J\u00f3zsef nemes egyszer\u0171s\u00e9ggel \u00e1tl\u00f6kte v\u00e9d\u0151nket a labd\u00e1n, amely az \u00fcrsen \u00e1ll\u00f3 Kvaszta Lajos el\u00e9 ker\u00fclt, aki a kupuig gyalogolt vele, megszerezve csapat\u00e1nak a vezet\u00e9st. A hajr\u00e1 perceiben a Dorog szorongatott, amikor egy vesz\u00e9lyes g\u00f3lhelyzetn\u00e9l Simon k\u00e9zzel \u00fct\u00f6tte el a labd\u00e1t, \u00e1m K\u0151r\u00f6s sportt\u00e1rs nagyvonal\u00faan tov\u00e1bbot intett. A lef\u00faj\u00e1s v\u00e9g\u00e9n m\u00e9g a Fradi-drukkerek is dorogiakat tartott\u00e1k az erk\u00f6lcsi gy\u0151ztesnek \u00e9s t\u00f6bben k\u00f6z\u00fcl\u00fck ekkor hat\u00e1rozt\u00e1k el, hogy ezent\u00fal a Dorognak is drukkolnak majd. Itt jegyezn\u00e9m meg, hogy a h\u0151sid\u0151kt\u0151l kezdve a Dorogot &#8222;A Vid\u00e9k Fradija&#8221; megtisztel\u0151 jelz\u0151vel illett\u00e9k orsz\u00e1gszerte.<\/p>\n<p>Mint ahogy a bevezet\u0151ben is eml\u00edt\u00e9sre ker\u00fclt, 1986 ut\u00e1n m\u00e1r nem ker\u00fclt sor t\u00e9tm\u00e9rk\u0151z\u00e9sre a csapatok k\u00f6z\u00f6t, de egy\u00e9b hivatalos m\u00e9rk\u0151z\u00e9sen igen gyakran tal\u00e1lkoztak. Csak n\u00e9h\u00e1ny p\u00e9ld\u00e1t eml\u00edtve, 1989. febru\u00e1r 11-\u00e9n j\u00f3t\u00e9kony c\u00e9l\u00fa meccset szerveztek a dorogiak a Fradi ellen az el\u0151z\u0151 \u00e9v v\u00e9g\u00e9n t\u00f6rt\u00e9nt Lencsehegyi b\u00e1nyaszerencs\u00e9tlens\u00e9gben elhunyt b\u00e1ny\u00e1szok csal\u00e1djainak t\u00e1mogat\u00e1s\u00e1rra. Nagysz\u00e1m\u00fa n\u00e9z\u0151sereg el\u0151tt ugyan 5-0-ra nyert az egy oszt\u00e1llyal fentebb vit\u00e9zked\u0151 vend\u00e9g g\u00e1rda az NB II \u00fajonca ellen, \u00e1m a dorogiak j\u00e1t\u00e9ka cseppet sem okozott csal\u00f3d\u00e1st. Az els\u0151 20 percben \u00e9s a teljes m\u00e1sodik f\u00e9lid\u0151ben f\u00f6l\u00e9nyben j\u00e1tszott a Dorog, a fradist\u00e1k viszont remek\u00fcl haszn\u00e1lt\u00e1k ki rutinjukat. A h\u00e1rom \u00e9vvel kor\u00e1bbi kupameccsel ellent\u00e9tben, Dzurj\u00e1k ez\u00fattal a meccs pozit\u00edv h\u0151se volt, aki mesterh\u00e1rmast v\u00e1gott, s t\u00e1rsai k\u00f6z\u00fcl B\u00e1nki \u00e9s Vaszil is eredm\u00e9nyes volt.&nbsp;<\/p>\n<p style=\"text-align: center;\"><img loading=\"lazy\" decoding=\"async\" class=\"alignnone size-full wp-image-30283\" src=\"https:\/\/dorogimedence.hu\/wp-content\/uploads\/2021\/02\/dorog-fradi-13.jpg\" alt=\"\" width=\"830\" height=\"728\" srcset=\"https:\/\/dorogimedence.hu\/wp-content\/uploads\/2021\/02\/dorog-fradi-13.jpg 830w, https:\/\/dorogimedence.hu\/wp-content\/uploads\/2021\/02\/dorog-fradi-13-300x263.jpg 300w, https:\/\/dorogimedence.hu\/wp-content\/uploads\/2021\/02\/dorog-fradi-13-768x674.jpg 768w, https:\/\/dorogimedence.hu\/wp-content\/uploads\/2021\/02\/dorog-fradi-13-168x148.jpg 168w\" sizes=\"(max-width: 830px) 100vw, 830px\" \/><em>Az \u00dcll\u0151i \u00faton aratott dorogi gy\u0151zelemr\u0151l sz\u00e1mol be a N\u00e9psport korabeli cikke<\/em><\/p>\n<p>Kellemesebb eml\u00e9k az 1998 febru\u00e1rj\u00e1ban, Tokodalt\u00e1r\u00f3n j\u00e1tszott edz\u0151meccs\u00fck, ahol a dorogiak iskolaj\u00e1t\u00e9kkal rukkoltak el\u0151 \u00e9s sz\u00e9ps\u00e9gd\u00edjas tal\u00e1latokkal sim\u00e1n \u00e9s teljesen meg\u00e9rdemelten vert\u00e9k a Fradit 3-0-ra. Szint\u00e9n \u00f6r\u00f6mteli eml\u00e9kk\u00e9nt maradt a 2000-es \u00e9v B\u00e1ny\u00e1sznapj\u00e1n Dorogon sorra ker\u00fcl\u0151 \u00f6sszecsap\u00e1suk. A tal\u00e1lkoz\u00f3 v\u00e9letlen ker\u00fclt az akkori B\u00e1ny\u00e1sznap hivatalos \u00fcnnepi programj\u00e1ban, ugyanis mindk\u00e9t g\u00e1rda aznap pihen\u0151napos volt, mivel mind a Profi liga, mind az NB I csoportja p\u00e1ratlan mez\u0151nyb\u0151l \u00e1llt. Ez\u00e9rt minden fordul\u00f3ban egy csapat k\u00e9nyszerpihen\u0151t tartott. A k\u00e9t klub azonban megkereste egym\u00e1st \u00e9s meg\u00e1llapodtak a bajnoki napj\u00e1n egy edz\u0151meccsben. A m\u00e9rk\u0151z\u00e9s kifejezetten j\u00f3 \u00e9s izgalmas j\u00e1t\u00e9kot hozott, ahol a Fradi kapott el\u0151bb l\u00e1bra \u00e9s 2-0-ra elh\u00fazott a f\u00e9lid\u0151ben, viszont a fordul\u00e1s ut\u00e1n a dorogiak egaliz\u00e1lni tudtak \u00e9s v\u00e9g\u00fcl \u00fagy v\u00e9gz\u0151d\u00f6tt 2-2-es d\u00f6ntetlenre a m\u00e9rk\u0151z\u00e9s, hogy Fekete Zolt\u00e1n l\u00e9v\u00e9n a hajr\u00e1 perceiben a Dorognak volt meccslabd\u00e1ja, \u00e1m a ziccerben kit\u00f6r\u0151 dorogi csat\u00e1rt Er\u0151s G\u00e1bor partjelz\u0151 t\u00e9vesen lesen \u00e1ll\u00edtott meg. A m\u00e9rk\u0151z\u00e9st egy\u00e9bk\u00e9nt Kassai Viktor vezette.<\/p>\n<p style=\"text-align: center;\"><img loading=\"lazy\" decoding=\"async\" class=\"alignnone size-full wp-image-30284\" src=\"https:\/\/dorogimedence.hu\/wp-content\/uploads\/2021\/02\/dorog-fradi-14.jpg\" alt=\"\" width=\"700\" height=\"647\" srcset=\"https:\/\/dorogimedence.hu\/wp-content\/uploads\/2021\/02\/dorog-fradi-14.jpg 700w, https:\/\/dorogimedence.hu\/wp-content\/uploads\/2021\/02\/dorog-fradi-14-300x277.jpg 300w, https:\/\/dorogimedence.hu\/wp-content\/uploads\/2021\/02\/dorog-fradi-14-446x411.jpg 446w, https:\/\/dorogimedence.hu\/wp-content\/uploads\/2021\/02\/dorog-fradi-14-207x191.jpg 207w\" sizes=\"(max-width: 700px) 100vw, 700px\" \/><em>Ilku Istv\u00e1n brav\u00farral ment Albert Fl\u00f3ri\u00e1n ziccer\u00e9n\u00e9l a N\u00e9pstadionban<\/em><\/p>\n<p>Az utols\u00f3 \u00e9rdemleges eml\u00edteni val\u00f3 az FTC tartal\u00e9k csapat\u00e1val, a Ferencv\u00e1ros II. g\u00e1rd\u00e1j\u00e1val val\u00f3 bajnoki k\u00fczdelm\u00fcnk \u00e9ppen \u00f6t \u00e9vvel ezel\u0151ttr\u0151l. A 2015-16-os NB III-as \u00e9vadban voltunk csoportt\u00e1rsak, amely sor\u00e1n oda-vissza egyar\u00e1nt minim\u00e1lis 1:0 ar\u00e1nyban a z\u00f6ld-feh\u00e9rek nyertek ellen\u00fcnk, egyben a bajnoki c\u00edmet is elh\u00f3d\u00edtott\u00e1k, m\u00edg csapatunk bronz\u00e9rmet szerezve harcolta ki az NB II-es feljut\u00e1st.<\/p>\n<p>Igen n\u00e9pes azon j\u00e1t\u00e9kosok list\u00e1ja, akik az id\u0151k sor\u00e1n mindk\u00e9t csapatban megfordultak. A sort, m\u00e9g az 1920-as \u00e9vekben Csajka S\u00e1ndor kapus nyitotta, aki a Fradi csapat\u00e1b\u00f3l igazolt Dorogra, majd alig egy \u00e9vtizeddel k\u00e9s\u0151bb a saj\u00e1t nevel\u00e9s\u0171 fiatal dorogi tehets\u00e9get, Hargitai N\u00e1ndort &#8211; Sziffert n\u00e9ven &#8211; 17 \u00e9vesen vitte el az FTC. \u00c9rdekes megeml\u00edteni Grosics Gyula eset\u00e9t is, aki m\u00e1r j\u00f3val az akt\u00edv p\u00e1lyafut\u00e1s\u00e1t k\u00f6vet\u0151en v\u00e1lt el\u0151bb szimb\u00f3likusan a f\u0151v\u00e1rosi klub j\u00e1t\u00e9kos\u00e1v\u00e1, majd hogy mindezt hivataloss\u00e1 is tegy\u00e9k, kezd\u0151k\u00e9nt p\u00e1ly\u00e1ra l\u00e9pett 2008-ban a brit Sheffield United ellen. Szint\u00e9n \u00e9rdekes a dorogi sz\u00fclet\u00e9s\u0171 Nagy Zsolt esete, aki mindv\u00e9gig a Fradiban nevelkedett \u00e9s ott is v\u00e1lt feln\u0151tt j\u00e1t\u00e9koss\u00e1, majd p\u00e1lyafut\u00e1sa v\u00e9g\u00e9hez k\u00f6zeledve igazolt sz\u00fcl\u0151v\u00e1ros\u00e1ba, Dorogra.<\/p>\n<p style=\"text-align: center;\"><img loading=\"lazy\" decoding=\"async\" class=\"alignnone size-full wp-image-30285\" src=\"https:\/\/dorogimedence.hu\/wp-content\/uploads\/2021\/02\/dorog-fradi-15.jpg\" alt=\"\" width=\"700\" height=\"731\" srcset=\"https:\/\/dorogimedence.hu\/wp-content\/uploads\/2021\/02\/dorog-fradi-15.jpg 700w, https:\/\/dorogimedence.hu\/wp-content\/uploads\/2021\/02\/dorog-fradi-15-287x300.jpg 287w\" sizes=\"(max-width: 700px) 100vw, 700px\" \/><em>A vehemensen t\u00e1mad\u00f3 ferencv\u00e1rosi Orosz P\u00e1l Lakat Jen\u0151t megm\u00e1szva \u00e9s Ilku Istv\u00e1nt vesz\u00e9lyeztetve iparkodik g\u00f3lt el\u00e9rni, azonban a dorogi kapus megel\u0151zve a csat\u00e1rt, el\u00f6kl\u00f6zte a labd\u00e1t azon a dorogi meccsen, amikor Ilku g\u00f3lt is szerzett.<\/em><\/p>\n<p>&nbsp;Ez\u00fattal alfabetikus sorrendet tartva, \u00edme valamennyi labdar\u00fag\u00f3, aki mindk\u00e9t felet er\u0151s\u00edtette egykor: Albert \u00c1d\u00e1m, Arany L\u00e1szl\u00f3, Beliczky Gerg\u0151, Bencsik J\u00e1nos, Csaja Mih\u00e1ly, Csajka S\u00e1ndor, Csoknyai Tibor, Dacsev Mikl\u00f3s, Eipel Ferenc, Engelbrecht Zolt\u00e1n, Grosics Gyula, Hargitai N\u00e1ndor, K\u00e1ldi Gyula, Kar\u00e1ba J\u00e1nos, K\u00e1r\u00e1sz Kriszti\u00e1n, K\u00e9kesi Rezs\u0151, L\u00e1ng K\u00e1roly, Major Ferenc, Mlinkovics L\u00e1szl\u00f3, Mucha J\u00f3zsef, Nagy Norbert, Nagy Zsolt, Schultz Levente, Sitku Ill\u00e9s, Sz\u00e1ntai L\u00e1szl\u00f3, Szeibert Gy\u00f6rgy, Sz\u0171cs Lajos \u00e9s Vanicsek Zolt\u00e1n.&nbsp;<\/p>\n<p style=\"text-align: center;\"><img loading=\"lazy\" decoding=\"async\" class=\"alignnone size-full wp-image-30286\" src=\"https:\/\/dorogimedence.hu\/wp-content\/uploads\/2021\/02\/dorog-fradi-16.jpg\" alt=\"\" width=\"700\" height=\"352\" srcset=\"https:\/\/dorogimedence.hu\/wp-content\/uploads\/2021\/02\/dorog-fradi-16.jpg 700w, https:\/\/dorogimedence.hu\/wp-content\/uploads\/2021\/02\/dorog-fradi-16-300x151.jpg 300w\" sizes=\"(max-width: 700px) 100vw, 700px\" \/><em>A Nemzeti Sport tud\u00f3s\u00edt\u00e1sa 1937-b\u0151l<\/em><\/p>\n<p>Ezen fel\u00fcl t\u00f6bben voltak olyanok, akik a Fradi j\u00e1t\u00e9kosai voltak, majd k\u00e9s\u0151bb Dorogon lettek szakvezet\u0151k, edz\u0151k, illetve mindk\u00e9t csapatn\u00e1l edz\u0151sk\u00f6dtek is. Ide tartozik S\u00f3s K\u00e1roly, Ivanics Tibor, Kem\u00e9ny Tibor, M\u00f3r\u00e9 J\u00e1nos, \u00e9s Strausz L\u00e1szl\u00f3. Egy igen rendhagy\u00f3 m\u00f3don, a t\u00f6bbsz\u00f6r\u00f6s magyar bajnok, v\u00e1logatott \u00e9s olimpikon Solym\u00e1r K\u00e1roly az FTC, majd a Dorog atl\u00e9t\u00e1ja volt, k\u00e9s\u0151bb pedig a dorogi labdar\u00fag\u00f3 csapat edz\u0151je \u00e9s a klub f\u0151gondnoka lett. Monostori Tivadar szem\u00e9ly\u00e9ben pedig egy volt dorogi j\u00e1t\u00e9kos v\u00e1lt a k\u00e9s\u0151bbiekben a Fradi edz\u0151st\u00e1bj\u00e1nak tagj\u00e1v\u00e1.<\/p>\n<p>Tov\u00e1bbi kapcsol\u00f3d\u00e1s, hogy a k\u00f6zelm\u00falt ferencv\u00e1rosi kiv\u00e1l\u00f3s\u00e1ga, Lipcsei P\u00e9ter \u00e9desapja, Lipcsei Imre a Dorog labdar\u00fag\u00f3ja volt, valamint a z\u00f6ld-feh\u00e9rek szint\u00e9n egykori jeles j\u00e1t\u00e9kosa, Koch R\u00f3bert le\u00e1nya, Koch Fruzsina a dorogi n\u0151i csapat labdar\u00fag\u00f3ja volt. S ha m\u00e1r a n\u0151i futball sz\u00f3baker\u00fclt, a h\u00f6lgyek csapatai is tal\u00e1lkoztak az NB I 2014-15-\u00f6s \u00e9vad\u00e1ban egym\u00e1s ellen, m\u00e9gpedig n\u00e9gy alkalommal is.<\/p>\n<p>\u00c9rdekess\u00e9gk\u00e9nt jegyezn\u00e9m m\u00e9g meg, hogy az egykori legend\u00e1sh\u00edr\u0171 \u00dcll\u0151i \u00fati stadionban ker\u00fclt megrendez\u00e9sre 1950-ben a N\u00e9pszava Kupa d\u00f6nt\u0151je, ahol a dorogiak 2-1-re vert\u00e9k a Vasast. Tov\u00e1bbi \u00e9rdekess\u00e9g, hogy az id\u0151k sor\u00e1n dorogi vonatkoz\u00e1s\u00fa hirdet\u0151t\u00e1bla d\u00edszelgett a f\u0151lel\u00e1t\u00f3n, <em>Dorogi Brikett<\/em> felirattal, tov\u00e1bb\u00e1 amikor 1986-ban n\u00e9h\u00e1ny meccsre betiltott\u00e1k a Fradi-p\u00e1ly\u00e1t a Halad\u00e1s elleni bajnokin t\u00f6rt\u00e9nt rendbont\u00e1s miatt, a ferencv\u00e1rosiak sz\u00edvesen rendezt\u00e9k volna hazai bajnoki m\u00e9rk\u0151z\u00e9seiket Dorogon. \u00c1m az MLSZ ennek nem adott helyt a b\u00fcntet\u00e9sben foglaltakra hivatkozva, ugyanis az FTC-t nem csak sz\u00e1m\u0171zt\u00e9k id\u0151legesen saj\u00e1t otthon\u00e1b\u00f3l, de 100 km-es k\u00f6rzeten k\u00edv\u00fcl kellett lej\u00e1tszania a hazai meccseit.&nbsp;<\/p>\n<p style=\"text-align: center;\"><img loading=\"lazy\" decoding=\"async\" class=\"alignnone size-full wp-image-30287\" src=\"https:\/\/dorogimedence.hu\/wp-content\/uploads\/2021\/02\/dorog-fradi-17.jpg\" alt=\"\" width=\"700\" height=\"379\" srcset=\"https:\/\/dorogimedence.hu\/wp-content\/uploads\/2021\/02\/dorog-fradi-17.jpg 700w, https:\/\/dorogimedence.hu\/wp-content\/uploads\/2021\/02\/dorog-fradi-17-300x162.jpg 300w\" sizes=\"(max-width: 700px) 100vw, 700px\" \/><em>Az eml\u00edtett dorogi hirdet\u0151t\u00e1bla az \u00dcll\u0151i \u00faton, a fels\u0151 lel\u00e1t\u00f3r\u00e9sz felett er\u0151s\u00edtve.<\/em><\/p>\n<p>V\u00e9gezet\u00fcl pedig az 54 dorogi g\u00f3l szerz\u0151inek n\u00e9vsora id\u0151rendi sorrendben: Klausz J\u00f3zsef (2), Lampert M\u00e1ty\u00e1s, Turai Lajos, Moln\u00e1r J\u00f3zsef (6), Aspir\u00e1ny Guszt\u00e1v (3), Csepregi \u00c1rp\u00e1d, Varga J\u00e1nos (6), Pozsonyi Ign\u00e1c (4), P\u00e1lmai S\u00e1ndor, K\u00e1ntor Gy\u00f6rgy, Proh\u00e1szka J\u00e1nos, Buz\u00e1nszky Jen\u0151, Kinczel L\u00e1szl\u00f3, R\u00e9v\u00e9sz Istv\u00e1n, Cs\u00f3ri L\u00e1szl\u00f3 (6), Andris Gy\u00f6rgy (2), Ilku Istv\u00e1n, K\u00e9kesi J\u00e1nos, Monostori Tivadar (4), Kertes L\u00e1szl\u00f3, Szuromi Antal (2), Kar\u00e1ba J\u00e1nos, Sz\u0171cs Lajos, ifj. Laczk\u00f3 Istv\u00e1n, Szab\u00f3 J\u00f3zsef (2), ifj. Rozgonyi Mikl\u00f3s \u00e9s Harmat J\u00f3zsef.<\/p>\n<p>Mint a t\u00f6rt\u00e9neti \u00e1ttekint\u00e9sben is megeml\u00edt\u00e9sre ker\u00fclt, k\u00e9t g\u00f3llal pedig a dorogiak seg\u00edtettek be a Ferencv\u00e1rosnak, miut\u00e1n Monostori Tivadar \u00e9s Schnitzer Imre is a saj\u00e1t kapujukba juttatt\u00e1k a labd\u00e1t.<\/p>\n<p style=\"text-align: center;\"><img loading=\"lazy\" decoding=\"async\" class=\"alignnone size-full wp-image-30288\" src=\"https:\/\/dorogimedence.hu\/wp-content\/uploads\/2021\/02\/dorog-fradi-18.jpg\" alt=\"\" width=\"700\" height=\"681\" srcset=\"https:\/\/dorogimedence.hu\/wp-content\/uploads\/2021\/02\/dorog-fradi-18.jpg 700w, https:\/\/dorogimedence.hu\/wp-content\/uploads\/2021\/02\/dorog-fradi-18-300x292.jpg 300w, https:\/\/dorogimedence.hu\/wp-content\/uploads\/2021\/02\/dorog-fradi-18-53x53.jpg 53w\" sizes=\"(max-width: 700px) 100vw, 700px\" \/><em>Egykori szalv\u00e9ta a Muki \u00e9tterm\u00e9b\u0151l<\/em><\/p>\n<p>A szerdai kupameccs ak\u00e1r igazi csemege is lehetne a labdar\u00fag\u00e1s h\u00edveinek, azonban a z\u00e1rtkapus lebonyol\u00edt\u00e1s miatt meglehet\u0151sen rendhagy\u00f3nak \u00edg\u00e9rkezik. A z\u00f6ld-feh\u00e9rek hat\u00e1rainkon bel\u00fcl b\u00e1rhol, b\u00e1rmikor a m\u00e9rk\u0151z\u00e9seinek favoritj\u00e1nak sz\u00e1m\u00edt, amely ez\u00fattal hatv\u00e1nyozottan igaz. Nem csak az oszt\u00e1lyk\u00fcl\u00f6nbs\u00e9g er\u0151s\u00edti a vend\u00e9gek kil\u00e1t\u00e1sait, de am\u00edg a Fradi id\u00e9n is a bajnoki c\u00edm egyik legf\u0151bb v\u00e1rom\u00e1nyosa az NB I-ben, addig a dorogiak m\u00e1sodoszt\u00e1ly\u00fa tags\u00e1guk meghosszabb\u00edt\u00e1s\u00e1nak meg\u0151rz\u00e9s\u00e9n iparkodnak. A Dorog r\u00e1ad\u00e1sul 45 \u00e9ve nem nyert a Ferencv\u00e1ros ellen t\u00e9tm\u00e9rk\u0151z\u00e9st \u00e9s sajnos minden bizonnyal nem most fog ez a sorozat megszakadni. Mindett\u0151l f\u00fcggetlen\u00fcl, a tisztes helyt\u00e1ll\u00e1s felt\u00e9tlen elv\u00e1rhat\u00f3 a h\u00e1zigazd\u00e1t\u00f3l, amely az es\u00e9lytelenek nyugalma mellett sem feltett kezekkel v\u00e1rja majd a meg\u00e9rttet\u00e9st.&nbsp;<\/p>\n<p>Csapatunk kor\u00e1bban sz\u00e9p eredm\u00e9nyeket \u00e9rt el a kup\u00e1ban, s az elm\u00falt 5 \u00e9v sor\u00e1n harmadszor jutott a legjobb 16-k\u00f6z\u00e9 jut\u00e1s\u00e9rt val\u00f3 k\u00f6rbe, egy \u00edzben pedig, tavaly negyedd\u00f6nt\u0151s volt, ahol az MTK b\u00facs\u00faztatta. 2017-ban a Vasas, 2018-ban pedig a Debrecen jutott t\u00fal rajtunk. A Vasas ellen itthon 2-1-re kaptunk ki egy nagyon szoros meccsen, m\u00edg a Loki 3-2-re, de a hajd\u00fas\u00e1giak csak az idegenben l\u0151tt t\u00f6bb g\u00f3llal mentek tov\u00e1bb az \u00f6sszes\u00edt\u00e9sben 4-4-re v\u00e9gz\u0151d\u00f6tt p\u00e1rharcban. Az MTK ellen minim\u00e1lis 1-0-\u00e1s veres\u00e9get szenvedt\u00fcnk a hazai m\u00e9rk\u0151z\u00e9s\u00fcnk\u00f6n. A Fradit tov\u00e1bb motiv\u00e1lhatja, hogy id\u00e9n a bajnoki c\u00edm mell\u00e9 a kupagy\u0151zelmet is beh\u00fazhatn\u00e1.<\/p>\n<p><em>Szab\u00f3 Gyula<\/em><\/p>\n","protected":false},"excerpt":{"rendered":"<p>35 \u00e9v ut\u00e1n ker\u00fcl sor \u00fajra t\u00e9tm\u00e9rk\u0151zre a k\u00e9t csapat k\u00f6z\u00f6tt, s ak\u00e1rcsak akkor 1986-ban, ez\u00fattal is a Magyar Kupa jegy\u00e9ben tal\u00e1lkoznak, s ugyan \u00fagy a legjobb 16-k\u00f6z\u00e9 jut\u00e1s a t\u00e9t. A dorogiak febru\u00e1r 10-\u00e9n, szerd\u00e1n 13 \u00f3rai kezdettel fogadj\u00e1k nagynev\u0171 ellenfel\u00fcket a Buz\u00e1nszky stadionban, viszont a norm\u00e1lis k\u00f6r\u00fclm\u00e9nyek k\u00f6z\u00f6tt v\u00e1rhat\u00f3 n\u00e9z\u0151cs\u00facs helyett, a folyamatban<\/p>\n","protected":false},"author":1,"featured_media":30271,"comment_status":"closed","ping_status":"closed","sticky":false,"template":"","format":"standard","meta":{"ngg_post_thumbnail":0,"footnotes":""},"categories":[2,3,5],"tags":[15,37,4016,70,5240,69,72,71,16],"class_list":{"0":"post-30270","1":"post","2":"type-post","3":"status-publish","4":"format-standard","5":"has-post-thumbnail","7":"category-dorog","8":"category-hirek","9":"category-sport","10":"tag-dorog","11":"tag-dorogi-fc","12":"tag-ferencvaros","13":"tag-foci","14":"tag-ftc","15":"tag-futball","16":"tag-labdarugas","17":"tag-magyar-kupa","18":"tag-sport"},"yoast_head":"<!-- This site is optimized with the Yoast SEO plugin v27.5 - https:\/\/yoast.com\/product\/yoast-seo-wordpress\/ -->\n<title>\u00d6r\u00f6k m\u00e9rlegen: Dorog \u2013 Ferencv\u00e1ros<\/title>\n<meta name=\"robots\" content=\"index, follow, max-snippet:-1, max-image-preview:large, max-video-preview:-1\" \/>\n<link rel=\"canonical\" href=\"https:\/\/dorogimedence.hu\/index.php\/2021\/02\/09\/orok-merlegen-dorog-ferencvaros\/\" class=\"yoast-seo-meta-tag\" \/>\n<meta property=\"og:locale\" content=\"hu_HU\" class=\"yoast-seo-meta-tag\" \/>\n<meta property=\"og:type\" content=\"article\" class=\"yoast-seo-meta-tag\" \/>\n<meta property=\"og:title\" content=\"\u00d6r\u00f6k m\u00e9rlegen: Dorog \u2013 Ferencv\u00e1ros\" class=\"yoast-seo-meta-tag\" \/>\n<meta property=\"og:description\" content=\"35 \u00e9v ut\u00e1n ker\u00fcl sor \u00fajra t\u00e9tm\u00e9rk\u0151zre a k\u00e9t csapat k\u00f6z\u00f6tt, s ak\u00e1rcsak akkor 1986-ban, ez\u00fattal is a Magyar Kupa jegy\u00e9ben tal\u00e1lkoznak, s ugyan \u00fagy a legjobb 16-k\u00f6z\u00e9 jut\u00e1s a t\u00e9t. A dorogiak febru\u00e1r 10-\u00e9n, szerd\u00e1n 13 \u00f3rai kezdettel fogadj\u00e1k nagynev\u0171 ellenfel\u00fcket a Buz\u00e1nszky stadionban, viszont a norm\u00e1lis k\u00f6r\u00fclm\u00e9nyek k\u00f6z\u00f6tt v\u00e1rhat\u00f3 n\u00e9z\u0151cs\u00facs helyett, a folyamatban\" class=\"yoast-seo-meta-tag\" \/>\n<meta property=\"og:url\" content=\"https:\/\/dorogimedence.hu\/index.php\/2021\/02\/09\/orok-merlegen-dorog-ferencvaros\/\" class=\"yoast-seo-meta-tag\" \/>\n<meta property=\"og:site_name\" content=\"Dorogi-medence Region\u00e1lis H\u00edrport\u00e1l\" class=\"yoast-seo-meta-tag\" \/>\n<meta property=\"article:publisher\" content=\"https:\/\/www.facebook.com\/dorogimedence\/\" class=\"yoast-seo-meta-tag\" \/>\n<meta property=\"article:published_time\" content=\"2021-02-09T06:34:42+00:00\" class=\"yoast-seo-meta-tag\" \/>\n<meta property=\"article:modified_time\" content=\"2021-02-09T06:35:10+00:00\" class=\"yoast-seo-meta-tag\" \/>\n<meta property=\"og:image\" content=\"https:\/\/i0.wp.com\/dorogimedence.hu\/wp-content\/uploads\/2021\/02\/dorog-fradi.jpg?fit=830%2C450&ssl=1\" class=\"yoast-seo-meta-tag\" \/>\n\t<meta property=\"og:image:width\" content=\"830\" class=\"yoast-seo-meta-tag\" \/>\n\t<meta property=\"og:image:height\" content=\"450\" class=\"yoast-seo-meta-tag\" \/>\n\t<meta property=\"og:image:type\" content=\"image\/jpeg\" class=\"yoast-seo-meta-tag\" \/>\n<meta name=\"author\" content=\"dorogimedence.hu\" class=\"yoast-seo-meta-tag\" \/>\n<meta name=\"twitter:card\" content=\"summary_large_image\" class=\"yoast-seo-meta-tag\" \/>\n<meta name=\"twitter:label1\" content=\"Szerz\u0151:\" class=\"yoast-seo-meta-tag\" \/>\n\t<meta name=\"twitter:data1\" content=\"dorogimedence.hu\" class=\"yoast-seo-meta-tag\" \/>\n\t<meta name=\"twitter:label2\" content=\"Becs\u00fclt olvas\u00e1si id\u0151\" class=\"yoast-seo-meta-tag\" \/>\n\t<meta name=\"twitter:data2\" content=\"30 perc\" class=\"yoast-seo-meta-tag\" \/>\n<script type=\"application\/ld+json\" class=\"yoast-schema-graph\">{\"@context\":\"https:\\\/\\\/schema.org\",\"@graph\":[{\"@type\":\"Article\",\"@id\":\"https:\\\/\\\/dorogimedence.hu\\\/index.php\\\/2021\\\/02\\\/09\\\/orok-merlegen-dorog-ferencvaros\\\/#article\",\"isPartOf\":{\"@id\":\"https:\\\/\\\/dorogimedence.hu\\\/index.php\\\/2021\\\/02\\\/09\\\/orok-merlegen-dorog-ferencvaros\\\/\"},\"author\":{\"name\":\"dorogimedence.hu\",\"@id\":\"https:\\\/\\\/dorogimedence.hu\\\/#\\\/schema\\\/person\\\/ce6091eeb7e95ecdc87890d6aa8e0fd4\"},\"headline\":\"\u00d6r\u00f6k m\u00e9rlegen: Dorog \u2013 Ferencv\u00e1ros\",\"datePublished\":\"2021-02-09T06:34:42+00:00\",\"dateModified\":\"2021-02-09T06:35:10+00:00\",\"mainEntityOfPage\":{\"@id\":\"https:\\\/\\\/dorogimedence.hu\\\/index.php\\\/2021\\\/02\\\/09\\\/orok-merlegen-dorog-ferencvaros\\\/\"},\"wordCount\":6004,\"publisher\":{\"@id\":\"https:\\\/\\\/dorogimedence.hu\\\/#organization\"},\"image\":{\"@id\":\"https:\\\/\\\/dorogimedence.hu\\\/index.php\\\/2021\\\/02\\\/09\\\/orok-merlegen-dorog-ferencvaros\\\/#primaryimage\"},\"thumbnailUrl\":\"https:\\\/\\\/dorogimedence.hu\\\/wp-content\\\/uploads\\\/2021\\\/02\\\/dorog-fradi.jpg\",\"keywords\":[\"Dorog\",\"Dorogi FC\",\"Ferencv\u00e1ros\",\"foci\",\"FTC\",\"futball\",\"labdar\u00fag\u00e1s\",\"Magyar Kupa\",\"sport\"],\"articleSection\":[\"Dorog\",\"H\u00edrek\",\"Sport\"],\"inLanguage\":\"hu\"},{\"@type\":\"WebPage\",\"@id\":\"https:\\\/\\\/dorogimedence.hu\\\/index.php\\\/2021\\\/02\\\/09\\\/orok-merlegen-dorog-ferencvaros\\\/\",\"url\":\"https:\\\/\\\/dorogimedence.hu\\\/index.php\\\/2021\\\/02\\\/09\\\/orok-merlegen-dorog-ferencvaros\\\/\",\"name\":\"\u00d6r\u00f6k m\u00e9rlegen: Dorog \u2013 Ferencv\u00e1ros\",\"isPartOf\":{\"@id\":\"https:\\\/\\\/dorogimedence.hu\\\/#website\"},\"primaryImageOfPage\":{\"@id\":\"https:\\\/\\\/dorogimedence.hu\\\/index.php\\\/2021\\\/02\\\/09\\\/orok-merlegen-dorog-ferencvaros\\\/#primaryimage\"},\"image\":{\"@id\":\"https:\\\/\\\/dorogimedence.hu\\\/index.php\\\/2021\\\/02\\\/09\\\/orok-merlegen-dorog-ferencvaros\\\/#primaryimage\"},\"thumbnailUrl\":\"https:\\\/\\\/dorogimedence.hu\\\/wp-content\\\/uploads\\\/2021\\\/02\\\/dorog-fradi.jpg\",\"datePublished\":\"2021-02-09T06:34:42+00:00\",\"dateModified\":\"2021-02-09T06:35:10+00:00\",\"breadcrumb\":{\"@id\":\"https:\\\/\\\/dorogimedence.hu\\\/index.php\\\/2021\\\/02\\\/09\\\/orok-merlegen-dorog-ferencvaros\\\/#breadcrumb\"},\"inLanguage\":\"hu\",\"potentialAction\":[{\"@type\":\"ReadAction\",\"target\":[\"https:\\\/\\\/dorogimedence.hu\\\/index.php\\\/2021\\\/02\\\/09\\\/orok-merlegen-dorog-ferencvaros\\\/\"]}]},{\"@type\":\"ImageObject\",\"inLanguage\":\"hu\",\"@id\":\"https:\\\/\\\/dorogimedence.hu\\\/index.php\\\/2021\\\/02\\\/09\\\/orok-merlegen-dorog-ferencvaros\\\/#primaryimage\",\"url\":\"https:\\\/\\\/dorogimedence.hu\\\/wp-content\\\/uploads\\\/2021\\\/02\\\/dorog-fradi.jpg\",\"contentUrl\":\"https:\\\/\\\/dorogimedence.hu\\\/wp-content\\\/uploads\\\/2021\\\/02\\\/dorog-fradi.jpg\",\"width\":830,\"height\":450},{\"@type\":\"BreadcrumbList\",\"@id\":\"https:\\\/\\\/dorogimedence.hu\\\/index.php\\\/2021\\\/02\\\/09\\\/orok-merlegen-dorog-ferencvaros\\\/#breadcrumb\",\"itemListElement\":[{\"@type\":\"ListItem\",\"position\":1,\"name\":\"Kezd\u0151lap\",\"item\":\"https:\\\/\\\/dorogimedence.hu\\\/\"},{\"@type\":\"ListItem\",\"position\":2,\"name\":\"\u00d6r\u00f6k m\u00e9rlegen: Dorog \u2013 Ferencv\u00e1ros\"}]},{\"@type\":\"WebSite\",\"@id\":\"https:\\\/\\\/dorogimedence.hu\\\/#website\",\"url\":\"https:\\\/\\\/dorogimedence.hu\\\/\",\"name\":\"Dorogi-medence Region\u00e1lis H\u00edrport\u00e1l\",\"description\":\"Dorog, Keszt\u00f6lc, Le\u00e1nyv\u00e1r, Piliscs\u00e9v, Tokod, Tokodalt\u00e1r\u00f3, Csolnok, Esztergom-kertv\u00e1ros: h\u00edrek, programok\",\"publisher\":{\"@id\":\"https:\\\/\\\/dorogimedence.hu\\\/#organization\"},\"potentialAction\":[{\"@type\":\"SearchAction\",\"target\":{\"@type\":\"EntryPoint\",\"urlTemplate\":\"https:\\\/\\\/dorogimedence.hu\\\/?s={search_term_string}\"},\"query-input\":{\"@type\":\"PropertyValueSpecification\",\"valueRequired\":true,\"valueName\":\"search_term_string\"}}],\"inLanguage\":\"hu\"},{\"@type\":\"Organization\",\"@id\":\"https:\\\/\\\/dorogimedence.hu\\\/#organization\",\"name\":\"Dorogi-medence Region\u00e1lis H\u00edrport\u00e1l\",\"url\":\"https:\\\/\\\/dorogimedence.hu\\\/\",\"logo\":{\"@type\":\"ImageObject\",\"inLanguage\":\"hu\",\"@id\":\"https:\\\/\\\/dorogimedence.hu\\\/#\\\/schema\\\/logo\\\/image\\\/\",\"url\":\"https:\\\/\\\/dorogimedence.hu\\\/wp-content\\\/uploads\\\/2021\\\/04\\\/logo-feher-600.png\",\"contentUrl\":\"https:\\\/\\\/dorogimedence.hu\\\/wp-content\\\/uploads\\\/2021\\\/04\\\/logo-feher-600.png\",\"width\":600,\"height\":100,\"caption\":\"Dorogi-medence Region\u00e1lis H\u00edrport\u00e1l\"},\"image\":{\"@id\":\"https:\\\/\\\/dorogimedence.hu\\\/#\\\/schema\\\/logo\\\/image\\\/\"},\"sameAs\":[\"https:\\\/\\\/www.facebook.com\\\/dorogimedence\\\/\"]},{\"@type\":\"Person\",\"@id\":\"https:\\\/\\\/dorogimedence.hu\\\/#\\\/schema\\\/person\\\/ce6091eeb7e95ecdc87890d6aa8e0fd4\",\"name\":\"dorogimedence.hu\",\"image\":{\"@type\":\"ImageObject\",\"inLanguage\":\"hu\",\"@id\":\"\\\/\\\/www.gravatar.com\\\/avatar\\\/d8d45f8901aadff40a4af72c0b826f1d?s=96&#038;r=g&#038;d=mm\",\"url\":\"\\\/\\\/www.gravatar.com\\\/avatar\\\/d8d45f8901aadff40a4af72c0b826f1d?s=96&#038;r=g&#038;d=mm\",\"contentUrl\":\"\\\/\\\/www.gravatar.com\\\/avatar\\\/d8d45f8901aadff40a4af72c0b826f1d?s=96&#038;r=g&#038;d=mm\",\"caption\":\"dorogimedence.hu\"}}]}<\/script>\n<!-- \/ Yoast SEO plugin. -->","yoast_head_json":{"title":"\u00d6r\u00f6k m\u00e9rlegen: Dorog \u2013 Ferencv\u00e1ros","robots":{"index":"index","follow":"follow","max-snippet":"max-snippet:-1","max-image-preview":"max-image-preview:large","max-video-preview":"max-video-preview:-1"},"canonical":"https:\/\/dorogimedence.hu\/index.php\/2021\/02\/09\/orok-merlegen-dorog-ferencvaros\/","og_locale":"hu_HU","og_type":"article","og_title":"\u00d6r\u00f6k m\u00e9rlegen: Dorog \u2013 Ferencv\u00e1ros","og_description":"35 \u00e9v ut\u00e1n ker\u00fcl sor \u00fajra t\u00e9tm\u00e9rk\u0151zre a k\u00e9t csapat k\u00f6z\u00f6tt, s ak\u00e1rcsak akkor 1986-ban, ez\u00fattal is a Magyar Kupa jegy\u00e9ben tal\u00e1lkoznak, s ugyan \u00fagy a legjobb 16-k\u00f6z\u00e9 jut\u00e1s a t\u00e9t. A dorogiak febru\u00e1r 10-\u00e9n, szerd\u00e1n 13 \u00f3rai kezdettel fogadj\u00e1k nagynev\u0171 ellenfel\u00fcket a Buz\u00e1nszky stadionban, viszont a norm\u00e1lis k\u00f6r\u00fclm\u00e9nyek k\u00f6z\u00f6tt v\u00e1rhat\u00f3 n\u00e9z\u0151cs\u00facs helyett, a folyamatban","og_url":"https:\/\/dorogimedence.hu\/index.php\/2021\/02\/09\/orok-merlegen-dorog-ferencvaros\/","og_site_name":"Dorogi-medence Region\u00e1lis H\u00edrport\u00e1l","article_publisher":"https:\/\/www.facebook.com\/dorogimedence\/","article_published_time":"2021-02-09T06:34:42+00:00","article_modified_time":"2021-02-09T06:35:10+00:00","og_image":[{"width":830,"height":450,"url":"https:\/\/i0.wp.com\/dorogimedence.hu\/wp-content\/uploads\/2021\/02\/dorog-fradi.jpg?fit=830%2C450&ssl=1","type":"image\/jpeg"}],"author":"dorogimedence.hu","twitter_card":"summary_large_image","twitter_misc":{"Szerz\u0151:":"dorogimedence.hu","Becs\u00fclt olvas\u00e1si id\u0151":"30 perc"},"schema":{"@context":"https:\/\/schema.org","@graph":[{"@type":"Article","@id":"https:\/\/dorogimedence.hu\/index.php\/2021\/02\/09\/orok-merlegen-dorog-ferencvaros\/#article","isPartOf":{"@id":"https:\/\/dorogimedence.hu\/index.php\/2021\/02\/09\/orok-merlegen-dorog-ferencvaros\/"},"author":{"name":"dorogimedence.hu","@id":"https:\/\/dorogimedence.hu\/#\/schema\/person\/ce6091eeb7e95ecdc87890d6aa8e0fd4"},"headline":"\u00d6r\u00f6k m\u00e9rlegen: Dorog \u2013 Ferencv\u00e1ros","datePublished":"2021-02-09T06:34:42+00:00","dateModified":"2021-02-09T06:35:10+00:00","mainEntityOfPage":{"@id":"https:\/\/dorogimedence.hu\/index.php\/2021\/02\/09\/orok-merlegen-dorog-ferencvaros\/"},"wordCount":6004,"publisher":{"@id":"https:\/\/dorogimedence.hu\/#organization"},"image":{"@id":"https:\/\/dorogimedence.hu\/index.php\/2021\/02\/09\/orok-merlegen-dorog-ferencvaros\/#primaryimage"},"thumbnailUrl":"https:\/\/dorogimedence.hu\/wp-content\/uploads\/2021\/02\/dorog-fradi.jpg","keywords":["Dorog","Dorogi FC","Ferencv\u00e1ros","foci","FTC","futball","labdar\u00fag\u00e1s","Magyar Kupa","sport"],"articleSection":["Dorog","H\u00edrek","Sport"],"inLanguage":"hu"},{"@type":"WebPage","@id":"https:\/\/dorogimedence.hu\/index.php\/2021\/02\/09\/orok-merlegen-dorog-ferencvaros\/","url":"https:\/\/dorogimedence.hu\/index.php\/2021\/02\/09\/orok-merlegen-dorog-ferencvaros\/","name":"\u00d6r\u00f6k m\u00e9rlegen: Dorog \u2013 Ferencv\u00e1ros","isPartOf":{"@id":"https:\/\/dorogimedence.hu\/#website"},"primaryImageOfPage":{"@id":"https:\/\/dorogimedence.hu\/index.php\/2021\/02\/09\/orok-merlegen-dorog-ferencvaros\/#primaryimage"},"image":{"@id":"https:\/\/dorogimedence.hu\/index.php\/2021\/02\/09\/orok-merlegen-dorog-ferencvaros\/#primaryimage"},"thumbnailUrl":"https:\/\/dorogimedence.hu\/wp-content\/uploads\/2021\/02\/dorog-fradi.jpg","datePublished":"2021-02-09T06:34:42+00:00","dateModified":"2021-02-09T06:35:10+00:00","breadcrumb":{"@id":"https:\/\/dorogimedence.hu\/index.php\/2021\/02\/09\/orok-merlegen-dorog-ferencvaros\/#breadcrumb"},"inLanguage":"hu","potentialAction":[{"@type":"ReadAction","target":["https:\/\/dorogimedence.hu\/index.php\/2021\/02\/09\/orok-merlegen-dorog-ferencvaros\/"]}]},{"@type":"ImageObject","inLanguage":"hu","@id":"https:\/\/dorogimedence.hu\/index.php\/2021\/02\/09\/orok-merlegen-dorog-ferencvaros\/#primaryimage","url":"https:\/\/dorogimedence.hu\/wp-content\/uploads\/2021\/02\/dorog-fradi.jpg","contentUrl":"https:\/\/dorogimedence.hu\/wp-content\/uploads\/2021\/02\/dorog-fradi.jpg","width":830,"height":450},{"@type":"BreadcrumbList","@id":"https:\/\/dorogimedence.hu\/index.php\/2021\/02\/09\/orok-merlegen-dorog-ferencvaros\/#breadcrumb","itemListElement":[{"@type":"ListItem","position":1,"name":"Kezd\u0151lap","item":"https:\/\/dorogimedence.hu\/"},{"@type":"ListItem","position":2,"name":"\u00d6r\u00f6k m\u00e9rlegen: Dorog \u2013 Ferencv\u00e1ros"}]},{"@type":"WebSite","@id":"https:\/\/dorogimedence.hu\/#website","url":"https:\/\/dorogimedence.hu\/","name":"Dorogi-medence Region\u00e1lis H\u00edrport\u00e1l","description":"Dorog, Keszt\u00f6lc, Le\u00e1nyv\u00e1r, Piliscs\u00e9v, Tokod, Tokodalt\u00e1r\u00f3, Csolnok, Esztergom-kertv\u00e1ros: h\u00edrek, programok","publisher":{"@id":"https:\/\/dorogimedence.hu\/#organization"},"potentialAction":[{"@type":"SearchAction","target":{"@type":"EntryPoint","urlTemplate":"https:\/\/dorogimedence.hu\/?s={search_term_string}"},"query-input":{"@type":"PropertyValueSpecification","valueRequired":true,"valueName":"search_term_string"}}],"inLanguage":"hu"},{"@type":"Organization","@id":"https:\/\/dorogimedence.hu\/#organization","name":"Dorogi-medence Region\u00e1lis H\u00edrport\u00e1l","url":"https:\/\/dorogimedence.hu\/","logo":{"@type":"ImageObject","inLanguage":"hu","@id":"https:\/\/dorogimedence.hu\/#\/schema\/logo\/image\/","url":"https:\/\/dorogimedence.hu\/wp-content\/uploads\/2021\/04\/logo-feher-600.png","contentUrl":"https:\/\/dorogimedence.hu\/wp-content\/uploads\/2021\/04\/logo-feher-600.png","width":600,"height":100,"caption":"Dorogi-medence Region\u00e1lis H\u00edrport\u00e1l"},"image":{"@id":"https:\/\/dorogimedence.hu\/#\/schema\/logo\/image\/"},"sameAs":["https:\/\/www.facebook.com\/dorogimedence\/"]},{"@type":"Person","@id":"https:\/\/dorogimedence.hu\/#\/schema\/person\/ce6091eeb7e95ecdc87890d6aa8e0fd4","name":"dorogimedence.hu","image":{"@type":"ImageObject","inLanguage":"hu","@id":"\/\/www.gravatar.com\/avatar\/d8d45f8901aadff40a4af72c0b826f1d?s=96&#038;r=g&#038;d=mm","url":"\/\/www.gravatar.com\/avatar\/d8d45f8901aadff40a4af72c0b826f1d?s=96&#038;r=g&#038;d=mm","contentUrl":"\/\/www.gravatar.com\/avatar\/d8d45f8901aadff40a4af72c0b826f1d?s=96&#038;r=g&#038;d=mm","caption":"dorogimedence.hu"}}]}},"_links":{"self":[{"href":"https:\/\/dorogimedence.hu\/index.php\/wp-json\/wp\/v2\/posts\/30270","targetHints":{"allow":["GET"]}}],"collection":[{"href":"https:\/\/dorogimedence.hu\/index.php\/wp-json\/wp\/v2\/posts"}],"about":[{"href":"https:\/\/dorogimedence.hu\/index.php\/wp-json\/wp\/v2\/types\/post"}],"author":[{"embeddable":true,"href":"https:\/\/dorogimedence.hu\/index.php\/wp-json\/wp\/v2\/users\/1"}],"replies":[{"embeddable":true,"href":"https:\/\/dorogimedence.hu\/index.php\/wp-json\/wp\/v2\/comments?post=30270"}],"version-history":[{"count":0,"href":"https:\/\/dorogimedence.hu\/index.php\/wp-json\/wp\/v2\/posts\/30270\/revisions"}],"wp:featuredmedia":[{"embeddable":true,"href":"https:\/\/dorogimedence.hu\/index.php\/wp-json\/wp\/v2\/media\/30271"}],"wp:attachment":[{"href":"https:\/\/dorogimedence.hu\/index.php\/wp-json\/wp\/v2\/media?parent=30270"}],"wp:term":[{"taxonomy":"category","embeddable":true,"href":"https:\/\/dorogimedence.hu\/index.php\/wp-json\/wp\/v2\/categories?post=30270"},{"taxonomy":"post_tag","embeddable":true,"href":"https:\/\/dorogimedence.hu\/index.php\/wp-json\/wp\/v2\/tags?post=30270"}],"curies":[{"name":"wp","href":"https:\/\/api.w.org\/{rel}","templated":true}]}}