{"id":30254,"date":"2021-02-08T14:08:58","date_gmt":"2021-02-08T13:08:58","guid":{"rendered":"http:\/\/dorogimedence.hu\/?p=30254"},"modified":"2021-02-08T14:09:16","modified_gmt":"2021-02-08T13:09:16","slug":"jovo-ev-elejen-tehetik-le-az-m100-as-alapkovet","status":"publish","type":"post","link":"https:\/\/dorogimedence.hu\/index.php\/2021\/02\/08\/jovo-ev-elejen-tehetik-le-az-m100-as-alapkovet\/","title":{"rendered":"J\u00f6v\u0151 \u00e9v elej\u00e9n tehetik le az M100-as alapk\u00f6v\u00e9t"},"content":{"rendered":"<p><strong>Meg\u00e9p\u00fcl az M100 gyorsforgalmi \u00fat, ezzel &#8222;r\u00e9gi \u00e9s jogos ig\u00e9ny\u00fck teljes\u00fcl az Esztergomban \u00e9s t\u00e9rs\u00e9g\u00e9ben \u00e9l\u0151knek&#8221;<\/strong> <em>&#8211; jelentette be az Innov\u00e1ci\u00f3s \u00e9s Technol\u00f3giai Miniszt\u00e9rium (ITM) parlamenti \u00e9s strat\u00e9giai \u00e1llamtitk\u00e1ra h\u00e9tf\u0151n a hivatalos Facebook oldal\u00e1n.<\/em><\/p>\n<p>Schanda Tam\u00e1s a bejegyz\u00e9s\u00e9ben azt \u00edrta, hogy id\u00e9n a kiviteli tervek elfogad\u00e1sa \u00e9s a k\u00f6zbeszerz\u00e9s ut\u00e1n ker\u00fclhet sor a szerz\u0151d\u00e9sk\u00f6t\u00e9sre \u00e9s a munkater\u00fclet \u00e1tad\u00e1s\u00e1ra, \u00edgy a j\u00f6v\u0151 \u00e9v elej\u00e9n m\u00e1r az alapk\u00f6vet is letehetik.<\/p>\n<p>Hozz\u00e1tette, hogy V\u00f6lner P\u00e1llal, a t\u00e9rs\u00e9g orsz\u00e1ggy\u0171l\u00e9si k\u00e9pvisel\u0151j\u00e9vel a napokban egyeztettek a Bicsk\u00e9t\u0151l Esztergomig ki\u00e9p\u00edtend\u0151 n\u00e9gys\u00e1vos \u00fatr\u00f3l, illetve a hozz\u00e1 tartoz\u00f3 keszt\u00f6lci \u00fczemm\u00e9rn\u00f6ks\u00e9gi telep megval\u00f3s\u00edt\u00e1s\u00e1r\u00f3l.<\/p>\n<p>Az \u00e1llamtitk\u00e1r kiemelte, hogy Esztergom, Dorog \u00e9s a k\u00f6rnyez\u0151 telep\u00fcl\u00e9sek v\u00e1llalkoz\u00e1sai sz\u00e1m\u00e1ra \u00f3ri\u00e1si el\u0151rel\u00e9p\u00e9s lesz az \u00faj \u00fat, hiszen \u00edgy sokkal gyorsabban sz\u00e1ll\u00edthatj\u00e1k az \u00e1ruikat. Az itteni c\u00e9gek &#8211; mint p\u00e9ld\u00e1ul a Suzuki &#8211; rengeteg embernek adnak m\u00e1r \u00edgy is munk\u00e1t, a jobb k\u00f6zleked\u00e9si \u00e9s fuvaroz\u00e1si infrastrukt\u00far\u00e1val pedig \u00fajabb lehet\u0151s\u00e9gek ny\u00edlhatnak el\u0151tt\u00fck, \u00edgy tov\u00e1bb er\u0151s\u00edthetik a t\u00e9rs\u00e9g gazdas\u00e1g\u00e1t.<\/p>\n<p>Az is fontos, hogy a t\u00e9rs\u00e9gben \u00e9l\u0151 csal\u00e1dok \u00edgy biztons\u00e1gosabban \u00e9s gyorsabban juthatnak el az aut\u00f3p\u00e1ly\u00e1hoz vagy&nbsp;&nbsp;a f\u0151v\u00e1rosba, a kir\u00e1ndulni, t\u00far\u00e1zni v\u00e1gy\u00f3k pedig hamarabb \u00e9rhetik el a Pilis \u00e9s a Gerecse csod\u00e1latos helyeit &#8211; olvashat\u00f3 az \u00e1llamtitk\u00e1r bejegyz\u00e9s\u00e9ben.<\/p>\n<p><em>Forr\u00e1s: MTI \/ Schanda Tam\u00e1s Facebook oldala<br \/>\nBor\u00edt\u00f3k\u00e9p: illusztr\u00e1ci\u00f3 (NIF Zrt.)<\/em><\/p>\n","protected":false},"excerpt":{"rendered":"<p>Meg\u00e9p\u00fcl az M100 gyorsforgalmi \u00fat, ezzel &#8222;r\u00e9gi \u00e9s jogos ig\u00e9ny\u00fck teljes\u00fcl az Esztergomban \u00e9s t\u00e9rs\u00e9g\u00e9ben \u00e9l\u0151knek&#8221; &#8211; jelentette be az Innov\u00e1ci\u00f3s \u00e9s Technol\u00f3giai Miniszt\u00e9rium (ITM) parlamenti \u00e9s strat\u00e9giai \u00e1llamtitk\u00e1ra h\u00e9tf\u0151n a hivatalos Facebook oldal\u00e1n. Schanda Tam\u00e1s a bejegyz\u00e9s\u00e9ben azt \u00edrta, hogy id\u00e9n a kiviteli tervek elfogad\u00e1sa \u00e9s a k\u00f6zbeszerz\u00e9s ut\u00e1n ker\u00fclhet sor a szerz\u0151d\u00e9sk\u00f6t\u00e9sre \u00e9s<\/p>\n","protected":false},"author":1,"featured_media":30255,"comment_status":"closed","ping_status":"closed","sticky":false,"template":"","format":"standard","meta":{"ngg_post_thumbnail":0,"footnotes":""},"categories":[2,38,3],"tags":[15,5407,42,1208,5395],"class_list":{"0":"post-30254","1":"post","2":"type-post","3":"status-publish","4":"format-standard","5":"has-post-thumbnail","7":"category-dorog","8":"category-esztergom","9":"category-hirek","10":"tag-dorog","11":"tag-elkerulout","12":"tag-esztergom","13":"tag-gyorsforgalmi-ut","14":"tag-m100"},"yoast_head":"<!-- This site is optimized with the Yoast SEO plugin v27.5 - https:\/\/yoast.com\/product\/yoast-seo-wordpress\/ -->\n<title>J\u00f6v\u0151 \u00e9v elej\u00e9n tehetik le az M100-as alapk\u00f6v\u00e9t<\/title>\n<meta name=\"robots\" content=\"index, follow, max-snippet:-1, max-image-preview:large, max-video-preview:-1\" \/>\n<link rel=\"canonical\" href=\"https:\/\/dorogimedence.hu\/index.php\/2021\/02\/08\/jovo-ev-elejen-tehetik-le-az-m100-as-alapkovet\/\" class=\"yoast-seo-meta-tag\" \/>\n<meta property=\"og:locale\" content=\"hu_HU\" class=\"yoast-seo-meta-tag\" \/>\n<meta property=\"og:type\" content=\"article\" class=\"yoast-seo-meta-tag\" \/>\n<meta property=\"og:title\" content=\"J\u00f6v\u0151 \u00e9v elej\u00e9n tehetik le az M100-as alapk\u00f6v\u00e9t\" class=\"yoast-seo-meta-tag\" \/>\n<meta property=\"og:description\" content=\"Meg\u00e9p\u00fcl az M100 gyorsforgalmi \u00fat, ezzel &#8222;r\u00e9gi \u00e9s jogos ig\u00e9ny\u00fck teljes\u00fcl az Esztergomban \u00e9s t\u00e9rs\u00e9g\u00e9ben \u00e9l\u0151knek&#8221; &#8211; jelentette be az Innov\u00e1ci\u00f3s \u00e9s Technol\u00f3giai Miniszt\u00e9rium (ITM) parlamenti \u00e9s strat\u00e9giai \u00e1llamtitk\u00e1ra h\u00e9tf\u0151n a hivatalos Facebook oldal\u00e1n. Schanda Tam\u00e1s a bejegyz\u00e9s\u00e9ben azt \u00edrta, hogy id\u00e9n a kiviteli tervek elfogad\u00e1sa \u00e9s a k\u00f6zbeszerz\u00e9s ut\u00e1n ker\u00fclhet sor a szerz\u0151d\u00e9sk\u00f6t\u00e9sre \u00e9s\" class=\"yoast-seo-meta-tag\" \/>\n<meta property=\"og:url\" content=\"https:\/\/dorogimedence.hu\/index.php\/2021\/02\/08\/jovo-ev-elejen-tehetik-le-az-m100-as-alapkovet\/\" class=\"yoast-seo-meta-tag\" \/>\n<meta property=\"og:site_name\" content=\"Dorogi-medence Region\u00e1lis H\u00edrport\u00e1l\" class=\"yoast-seo-meta-tag\" \/>\n<meta property=\"article:publisher\" content=\"https:\/\/www.facebook.com\/dorogimedence\/\" class=\"yoast-seo-meta-tag\" \/>\n<meta property=\"article:published_time\" content=\"2021-02-08T13:08:58+00:00\" class=\"yoast-seo-meta-tag\" \/>\n<meta property=\"article:modified_time\" content=\"2021-02-08T13:09:16+00:00\" class=\"yoast-seo-meta-tag\" \/>\n<meta property=\"og:image\" content=\"https:\/\/i0.wp.com\/dorogimedence.hu\/wp-content\/uploads\/2021\/02\/autopalya-nif-zrt.jpg?fit=830%2C450&ssl=1\" class=\"yoast-seo-meta-tag\" \/>\n\t<meta property=\"og:image:width\" content=\"830\" class=\"yoast-seo-meta-tag\" \/>\n\t<meta property=\"og:image:height\" content=\"450\" class=\"yoast-seo-meta-tag\" \/>\n\t<meta property=\"og:image:type\" content=\"image\/jpeg\" class=\"yoast-seo-meta-tag\" \/>\n<meta name=\"author\" content=\"dorogimedence.hu\" class=\"yoast-seo-meta-tag\" \/>\n<meta name=\"twitter:card\" content=\"summary_large_image\" class=\"yoast-seo-meta-tag\" \/>\n<meta name=\"twitter:label1\" content=\"Szerz\u0151:\" class=\"yoast-seo-meta-tag\" \/>\n\t<meta name=\"twitter:data1\" content=\"dorogimedence.hu\" class=\"yoast-seo-meta-tag\" \/>\n\t<meta name=\"twitter:label2\" content=\"Becs\u00fclt olvas\u00e1si id\u0151\" class=\"yoast-seo-meta-tag\" \/>\n\t<meta name=\"twitter:data2\" content=\"2 perc\" class=\"yoast-seo-meta-tag\" \/>\n<script type=\"application\/ld+json\" class=\"yoast-schema-graph\">{\"@context\":\"https:\\\/\\\/schema.org\",\"@graph\":[{\"@type\":\"Article\",\"@id\":\"https:\\\/\\\/dorogimedence.hu\\\/index.php\\\/2021\\\/02\\\/08\\\/jovo-ev-elejen-tehetik-le-az-m100-as-alapkovet\\\/#article\",\"isPartOf\":{\"@id\":\"https:\\\/\\\/dorogimedence.hu\\\/index.php\\\/2021\\\/02\\\/08\\\/jovo-ev-elejen-tehetik-le-az-m100-as-alapkovet\\\/\"},\"author\":{\"name\":\"dorogimedence.hu\",\"@id\":\"https:\\\/\\\/dorogimedence.hu\\\/#\\\/schema\\\/person\\\/ce6091eeb7e95ecdc87890d6aa8e0fd4\"},\"headline\":\"J\u00f6v\u0151 \u00e9v elej\u00e9n tehetik le az M100-as alapk\u00f6v\u00e9t\",\"datePublished\":\"2021-02-08T13:08:58+00:00\",\"dateModified\":\"2021-02-08T13:09:16+00:00\",\"mainEntityOfPage\":{\"@id\":\"https:\\\/\\\/dorogimedence.hu\\\/index.php\\\/2021\\\/02\\\/08\\\/jovo-ev-elejen-tehetik-le-az-m100-as-alapkovet\\\/\"},\"wordCount\":342,\"publisher\":{\"@id\":\"https:\\\/\\\/dorogimedence.hu\\\/#organization\"},\"image\":{\"@id\":\"https:\\\/\\\/dorogimedence.hu\\\/index.php\\\/2021\\\/02\\\/08\\\/jovo-ev-elejen-tehetik-le-az-m100-as-alapkovet\\\/#primaryimage\"},\"thumbnailUrl\":\"https:\\\/\\\/dorogimedence.hu\\\/wp-content\\\/uploads\\\/2021\\\/02\\\/autopalya-nif-zrt.jpg\",\"keywords\":[\"Dorog\",\"elker\u00fcl\u0151\u00fat\",\"esztergom\",\"gyorsforgalmi \u00fat\",\"M100\"],\"articleSection\":[\"Dorog\",\"Esztergom\",\"H\u00edrek\"],\"inLanguage\":\"hu\"},{\"@type\":\"WebPage\",\"@id\":\"https:\\\/\\\/dorogimedence.hu\\\/index.php\\\/2021\\\/02\\\/08\\\/jovo-ev-elejen-tehetik-le-az-m100-as-alapkovet\\\/\",\"url\":\"https:\\\/\\\/dorogimedence.hu\\\/index.php\\\/2021\\\/02\\\/08\\\/jovo-ev-elejen-tehetik-le-az-m100-as-alapkovet\\\/\",\"name\":\"J\u00f6v\u0151 \u00e9v elej\u00e9n tehetik le az M100-as alapk\u00f6v\u00e9t\",\"isPartOf\":{\"@id\":\"https:\\\/\\\/dorogimedence.hu\\\/#website\"},\"primaryImageOfPage\":{\"@id\":\"https:\\\/\\\/dorogimedence.hu\\\/index.php\\\/2021\\\/02\\\/08\\\/jovo-ev-elejen-tehetik-le-az-m100-as-alapkovet\\\/#primaryimage\"},\"image\":{\"@id\":\"https:\\\/\\\/dorogimedence.hu\\\/index.php\\\/2021\\\/02\\\/08\\\/jovo-ev-elejen-tehetik-le-az-m100-as-alapkovet\\\/#primaryimage\"},\"thumbnailUrl\":\"https:\\\/\\\/dorogimedence.hu\\\/wp-content\\\/uploads\\\/2021\\\/02\\\/autopalya-nif-zrt.jpg\",\"datePublished\":\"2021-02-08T13:08:58+00:00\",\"dateModified\":\"2021-02-08T13:09:16+00:00\",\"breadcrumb\":{\"@id\":\"https:\\\/\\\/dorogimedence.hu\\\/index.php\\\/2021\\\/02\\\/08\\\/jovo-ev-elejen-tehetik-le-az-m100-as-alapkovet\\\/#breadcrumb\"},\"inLanguage\":\"hu\",\"potentialAction\":[{\"@type\":\"ReadAction\",\"target\":[\"https:\\\/\\\/dorogimedence.hu\\\/index.php\\\/2021\\\/02\\\/08\\\/jovo-ev-elejen-tehetik-le-az-m100-as-alapkovet\\\/\"]}]},{\"@type\":\"ImageObject\",\"inLanguage\":\"hu\",\"@id\":\"https:\\\/\\\/dorogimedence.hu\\\/index.php\\\/2021\\\/02\\\/08\\\/jovo-ev-elejen-tehetik-le-az-m100-as-alapkovet\\\/#primaryimage\",\"url\":\"https:\\\/\\\/dorogimedence.hu\\\/wp-content\\\/uploads\\\/2021\\\/02\\\/autopalya-nif-zrt.jpg\",\"contentUrl\":\"https:\\\/\\\/dorogimedence.hu\\\/wp-content\\\/uploads\\\/2021\\\/02\\\/autopalya-nif-zrt.jpg\",\"width\":830,\"height\":450},{\"@type\":\"BreadcrumbList\",\"@id\":\"https:\\\/\\\/dorogimedence.hu\\\/index.php\\\/2021\\\/02\\\/08\\\/jovo-ev-elejen-tehetik-le-az-m100-as-alapkovet\\\/#breadcrumb\",\"itemListElement\":[{\"@type\":\"ListItem\",\"position\":1,\"name\":\"Kezd\u0151lap\",\"item\":\"https:\\\/\\\/dorogimedence.hu\\\/\"},{\"@type\":\"ListItem\",\"position\":2,\"name\":\"J\u00f6v\u0151 \u00e9v elej\u00e9n tehetik le az M100-as alapk\u00f6v\u00e9t\"}]},{\"@type\":\"WebSite\",\"@id\":\"https:\\\/\\\/dorogimedence.hu\\\/#website\",\"url\":\"https:\\\/\\\/dorogimedence.hu\\\/\",\"name\":\"Dorogi-medence Region\u00e1lis H\u00edrport\u00e1l\",\"description\":\"Dorog, Keszt\u00f6lc, Le\u00e1nyv\u00e1r, Piliscs\u00e9v, Tokod, Tokodalt\u00e1r\u00f3, Csolnok, Esztergom-kertv\u00e1ros: h\u00edrek, programok\",\"publisher\":{\"@id\":\"https:\\\/\\\/dorogimedence.hu\\\/#organization\"},\"potentialAction\":[{\"@type\":\"SearchAction\",\"target\":{\"@type\":\"EntryPoint\",\"urlTemplate\":\"https:\\\/\\\/dorogimedence.hu\\\/?s={search_term_string}\"},\"query-input\":{\"@type\":\"PropertyValueSpecification\",\"valueRequired\":true,\"valueName\":\"search_term_string\"}}],\"inLanguage\":\"hu\"},{\"@type\":\"Organization\",\"@id\":\"https:\\\/\\\/dorogimedence.hu\\\/#organization\",\"name\":\"Dorogi-medence Region\u00e1lis H\u00edrport\u00e1l\",\"url\":\"https:\\\/\\\/dorogimedence.hu\\\/\",\"logo\":{\"@type\":\"ImageObject\",\"inLanguage\":\"hu\",\"@id\":\"https:\\\/\\\/dorogimedence.hu\\\/#\\\/schema\\\/logo\\\/image\\\/\",\"url\":\"https:\\\/\\\/dorogimedence.hu\\\/wp-content\\\/uploads\\\/2021\\\/04\\\/logo-feher-600.png\",\"contentUrl\":\"https:\\\/\\\/dorogimedence.hu\\\/wp-content\\\/uploads\\\/2021\\\/04\\\/logo-feher-600.png\",\"width\":600,\"height\":100,\"caption\":\"Dorogi-medence Region\u00e1lis H\u00edrport\u00e1l\"},\"image\":{\"@id\":\"https:\\\/\\\/dorogimedence.hu\\\/#\\\/schema\\\/logo\\\/image\\\/\"},\"sameAs\":[\"https:\\\/\\\/www.facebook.com\\\/dorogimedence\\\/\"]},{\"@type\":\"Person\",\"@id\":\"https:\\\/\\\/dorogimedence.hu\\\/#\\\/schema\\\/person\\\/ce6091eeb7e95ecdc87890d6aa8e0fd4\",\"name\":\"dorogimedence.hu\",\"image\":{\"@type\":\"ImageObject\",\"inLanguage\":\"hu\",\"@id\":\"\\\/\\\/www.gravatar.com\\\/avatar\\\/d8d45f8901aadff40a4af72c0b826f1d?s=96&#038;r=g&#038;d=mm\",\"url\":\"\\\/\\\/www.gravatar.com\\\/avatar\\\/d8d45f8901aadff40a4af72c0b826f1d?s=96&#038;r=g&#038;d=mm\",\"contentUrl\":\"\\\/\\\/www.gravatar.com\\\/avatar\\\/d8d45f8901aadff40a4af72c0b826f1d?s=96&#038;r=g&#038;d=mm\",\"caption\":\"dorogimedence.hu\"}}]}<\/script>\n<!-- \/ Yoast SEO plugin. -->","yoast_head_json":{"title":"J\u00f6v\u0151 \u00e9v elej\u00e9n tehetik le az M100-as alapk\u00f6v\u00e9t","robots":{"index":"index","follow":"follow","max-snippet":"max-snippet:-1","max-image-preview":"max-image-preview:large","max-video-preview":"max-video-preview:-1"},"canonical":"https:\/\/dorogimedence.hu\/index.php\/2021\/02\/08\/jovo-ev-elejen-tehetik-le-az-m100-as-alapkovet\/","og_locale":"hu_HU","og_type":"article","og_title":"J\u00f6v\u0151 \u00e9v elej\u00e9n tehetik le az M100-as alapk\u00f6v\u00e9t","og_description":"Meg\u00e9p\u00fcl az M100 gyorsforgalmi \u00fat, ezzel &#8222;r\u00e9gi \u00e9s jogos ig\u00e9ny\u00fck teljes\u00fcl az Esztergomban \u00e9s t\u00e9rs\u00e9g\u00e9ben \u00e9l\u0151knek&#8221; &#8211; jelentette be az Innov\u00e1ci\u00f3s \u00e9s Technol\u00f3giai Miniszt\u00e9rium (ITM) parlamenti \u00e9s strat\u00e9giai \u00e1llamtitk\u00e1ra h\u00e9tf\u0151n a hivatalos Facebook oldal\u00e1n. Schanda Tam\u00e1s a bejegyz\u00e9s\u00e9ben azt \u00edrta, hogy id\u00e9n a kiviteli tervek elfogad\u00e1sa \u00e9s a k\u00f6zbeszerz\u00e9s ut\u00e1n ker\u00fclhet sor a szerz\u0151d\u00e9sk\u00f6t\u00e9sre \u00e9s","og_url":"https:\/\/dorogimedence.hu\/index.php\/2021\/02\/08\/jovo-ev-elejen-tehetik-le-az-m100-as-alapkovet\/","og_site_name":"Dorogi-medence Region\u00e1lis H\u00edrport\u00e1l","article_publisher":"https:\/\/www.facebook.com\/dorogimedence\/","article_published_time":"2021-02-08T13:08:58+00:00","article_modified_time":"2021-02-08T13:09:16+00:00","og_image":[{"width":830,"height":450,"url":"https:\/\/i0.wp.com\/dorogimedence.hu\/wp-content\/uploads\/2021\/02\/autopalya-nif-zrt.jpg?fit=830%2C450&ssl=1","type":"image\/jpeg"}],"author":"dorogimedence.hu","twitter_card":"summary_large_image","twitter_misc":{"Szerz\u0151:":"dorogimedence.hu","Becs\u00fclt olvas\u00e1si id\u0151":"2 perc"},"schema":{"@context":"https:\/\/schema.org","@graph":[{"@type":"Article","@id":"https:\/\/dorogimedence.hu\/index.php\/2021\/02\/08\/jovo-ev-elejen-tehetik-le-az-m100-as-alapkovet\/#article","isPartOf":{"@id":"https:\/\/dorogimedence.hu\/index.php\/2021\/02\/08\/jovo-ev-elejen-tehetik-le-az-m100-as-alapkovet\/"},"author":{"name":"dorogimedence.hu","@id":"https:\/\/dorogimedence.hu\/#\/schema\/person\/ce6091eeb7e95ecdc87890d6aa8e0fd4"},"headline":"J\u00f6v\u0151 \u00e9v elej\u00e9n tehetik le az M100-as alapk\u00f6v\u00e9t","datePublished":"2021-02-08T13:08:58+00:00","dateModified":"2021-02-08T13:09:16+00:00","mainEntityOfPage":{"@id":"https:\/\/dorogimedence.hu\/index.php\/2021\/02\/08\/jovo-ev-elejen-tehetik-le-az-m100-as-alapkovet\/"},"wordCount":342,"publisher":{"@id":"https:\/\/dorogimedence.hu\/#organization"},"image":{"@id":"https:\/\/dorogimedence.hu\/index.php\/2021\/02\/08\/jovo-ev-elejen-tehetik-le-az-m100-as-alapkovet\/#primaryimage"},"thumbnailUrl":"https:\/\/dorogimedence.hu\/wp-content\/uploads\/2021\/02\/autopalya-nif-zrt.jpg","keywords":["Dorog","elker\u00fcl\u0151\u00fat","esztergom","gyorsforgalmi \u00fat","M100"],"articleSection":["Dorog","Esztergom","H\u00edrek"],"inLanguage":"hu"},{"@type":"WebPage","@id":"https:\/\/dorogimedence.hu\/index.php\/2021\/02\/08\/jovo-ev-elejen-tehetik-le-az-m100-as-alapkovet\/","url":"https:\/\/dorogimedence.hu\/index.php\/2021\/02\/08\/jovo-ev-elejen-tehetik-le-az-m100-as-alapkovet\/","name":"J\u00f6v\u0151 \u00e9v elej\u00e9n tehetik le az M100-as alapk\u00f6v\u00e9t","isPartOf":{"@id":"https:\/\/dorogimedence.hu\/#website"},"primaryImageOfPage":{"@id":"https:\/\/dorogimedence.hu\/index.php\/2021\/02\/08\/jovo-ev-elejen-tehetik-le-az-m100-as-alapkovet\/#primaryimage"},"image":{"@id":"https:\/\/dorogimedence.hu\/index.php\/2021\/02\/08\/jovo-ev-elejen-tehetik-le-az-m100-as-alapkovet\/#primaryimage"},"thumbnailUrl":"https:\/\/dorogimedence.hu\/wp-content\/uploads\/2021\/02\/autopalya-nif-zrt.jpg","datePublished":"2021-02-08T13:08:58+00:00","dateModified":"2021-02-08T13:09:16+00:00","breadcrumb":{"@id":"https:\/\/dorogimedence.hu\/index.php\/2021\/02\/08\/jovo-ev-elejen-tehetik-le-az-m100-as-alapkovet\/#breadcrumb"},"inLanguage":"hu","potentialAction":[{"@type":"ReadAction","target":["https:\/\/dorogimedence.hu\/index.php\/2021\/02\/08\/jovo-ev-elejen-tehetik-le-az-m100-as-alapkovet\/"]}]},{"@type":"ImageObject","inLanguage":"hu","@id":"https:\/\/dorogimedence.hu\/index.php\/2021\/02\/08\/jovo-ev-elejen-tehetik-le-az-m100-as-alapkovet\/#primaryimage","url":"https:\/\/dorogimedence.hu\/wp-content\/uploads\/2021\/02\/autopalya-nif-zrt.jpg","contentUrl":"https:\/\/dorogimedence.hu\/wp-content\/uploads\/2021\/02\/autopalya-nif-zrt.jpg","width":830,"height":450},{"@type":"BreadcrumbList","@id":"https:\/\/dorogimedence.hu\/index.php\/2021\/02\/08\/jovo-ev-elejen-tehetik-le-az-m100-as-alapkovet\/#breadcrumb","itemListElement":[{"@type":"ListItem","position":1,"name":"Kezd\u0151lap","item":"https:\/\/dorogimedence.hu\/"},{"@type":"ListItem","position":2,"name":"J\u00f6v\u0151 \u00e9v elej\u00e9n tehetik le az M100-as alapk\u00f6v\u00e9t"}]},{"@type":"WebSite","@id":"https:\/\/dorogimedence.hu\/#website","url":"https:\/\/dorogimedence.hu\/","name":"Dorogi-medence Region\u00e1lis H\u00edrport\u00e1l","description":"Dorog, Keszt\u00f6lc, Le\u00e1nyv\u00e1r, Piliscs\u00e9v, Tokod, Tokodalt\u00e1r\u00f3, Csolnok, Esztergom-kertv\u00e1ros: h\u00edrek, programok","publisher":{"@id":"https:\/\/dorogimedence.hu\/#organization"},"potentialAction":[{"@type":"SearchAction","target":{"@type":"EntryPoint","urlTemplate":"https:\/\/dorogimedence.hu\/?s={search_term_string}"},"query-input":{"@type":"PropertyValueSpecification","valueRequired":true,"valueName":"search_term_string"}}],"inLanguage":"hu"},{"@type":"Organization","@id":"https:\/\/dorogimedence.hu\/#organization","name":"Dorogi-medence Region\u00e1lis H\u00edrport\u00e1l","url":"https:\/\/dorogimedence.hu\/","logo":{"@type":"ImageObject","inLanguage":"hu","@id":"https:\/\/dorogimedence.hu\/#\/schema\/logo\/image\/","url":"https:\/\/dorogimedence.hu\/wp-content\/uploads\/2021\/04\/logo-feher-600.png","contentUrl":"https:\/\/dorogimedence.hu\/wp-content\/uploads\/2021\/04\/logo-feher-600.png","width":600,"height":100,"caption":"Dorogi-medence Region\u00e1lis H\u00edrport\u00e1l"},"image":{"@id":"https:\/\/dorogimedence.hu\/#\/schema\/logo\/image\/"},"sameAs":["https:\/\/www.facebook.com\/dorogimedence\/"]},{"@type":"Person","@id":"https:\/\/dorogimedence.hu\/#\/schema\/person\/ce6091eeb7e95ecdc87890d6aa8e0fd4","name":"dorogimedence.hu","image":{"@type":"ImageObject","inLanguage":"hu","@id":"\/\/www.gravatar.com\/avatar\/d8d45f8901aadff40a4af72c0b826f1d?s=96&#038;r=g&#038;d=mm","url":"\/\/www.gravatar.com\/avatar\/d8d45f8901aadff40a4af72c0b826f1d?s=96&#038;r=g&#038;d=mm","contentUrl":"\/\/www.gravatar.com\/avatar\/d8d45f8901aadff40a4af72c0b826f1d?s=96&#038;r=g&#038;d=mm","caption":"dorogimedence.hu"}}]}},"_links":{"self":[{"href":"https:\/\/dorogimedence.hu\/index.php\/wp-json\/wp\/v2\/posts\/30254","targetHints":{"allow":["GET"]}}],"collection":[{"href":"https:\/\/dorogimedence.hu\/index.php\/wp-json\/wp\/v2\/posts"}],"about":[{"href":"https:\/\/dorogimedence.hu\/index.php\/wp-json\/wp\/v2\/types\/post"}],"author":[{"embeddable":true,"href":"https:\/\/dorogimedence.hu\/index.php\/wp-json\/wp\/v2\/users\/1"}],"replies":[{"embeddable":true,"href":"https:\/\/dorogimedence.hu\/index.php\/wp-json\/wp\/v2\/comments?post=30254"}],"version-history":[{"count":0,"href":"https:\/\/dorogimedence.hu\/index.php\/wp-json\/wp\/v2\/posts\/30254\/revisions"}],"wp:featuredmedia":[{"embeddable":true,"href":"https:\/\/dorogimedence.hu\/index.php\/wp-json\/wp\/v2\/media\/30255"}],"wp:attachment":[{"href":"https:\/\/dorogimedence.hu\/index.php\/wp-json\/wp\/v2\/media?parent=30254"}],"wp:term":[{"taxonomy":"category","embeddable":true,"href":"https:\/\/dorogimedence.hu\/index.php\/wp-json\/wp\/v2\/categories?post=30254"},{"taxonomy":"post_tag","embeddable":true,"href":"https:\/\/dorogimedence.hu\/index.php\/wp-json\/wp\/v2\/tags?post=30254"}],"curies":[{"name":"wp","href":"https:\/\/api.w.org\/{rel}","templated":true}]}}