{"id":30233,"date":"2021-02-07T16:59:04","date_gmt":"2021-02-07T15:59:04","guid":{"rendered":"http:\/\/dorogimedence.hu\/?p=30233"},"modified":"2021-02-07T16:59:43","modified_gmt":"2021-02-07T15:59:43","slug":"ismet-nyert-a-dorog","status":"publish","type":"post","link":"https:\/\/dorogimedence.hu\/index.php\/2021\/02\/07\/ismet-nyert-a-dorog\/","title":{"rendered":"Ism\u00e9t nyert a Dorog"},"content":{"rendered":"<p><strong>M\u00e1sodik tavaszi m\u00e9rk\u0151z\u00e9s\u00e9t is megnyerte a kies\u00e9s el\u0151l menek\u00fcl\u0151 Dorogi FC, Dlusztus Andr\u00e1s a hajr\u00e1ban d\u00f6nt\u00f6tte el a Ny\u00edregyh\u00e1za elleni tal\u00e1lkoz\u00f3t febru\u00e1r 7-\u00e9n<\/strong><em> &#8211; \u00edrja a <a href=\"https:\/\/www.nemzetisport.hu\/labdarugo_nb_ii\/nb-ii-dorog-nyiregyhaza-2808891#\" target=\"_blank\" rel=\"noopener\"><span style=\"text-decoration: underline; color: #0000ff;\">Nemzeti Sport<\/span><\/a>.<\/em><strong><br \/>\n<\/strong><\/p>\n<p>A legut\u00f3bbi hat bajnoki m\u00e9rk\u0151z\u00e9s\u00e9n \u00f6sszesen k\u00e9tszer vette be ellenfelei kapuj\u00e1t a Ny\u00edregyh\u00e1za Spartacus, amelynek els\u0151sorban t\u00e1mad\u00e1sban kellett javulnia a Soroks\u00e1r elleni, g\u00f3ln\u00e9lk\u00fcli szezonnyit\u00f3t k\u00f6vet\u0151en. A szabolcsiak ez\u00fattal a kies\u00e9s el\u0151l menek\u00fcl\u0151 Dorog otthon\u00e1ba l\u00e1togattak, amely j\u00f3 sz\u00e1j\u00edzzel v\u00e1rhatta a tal\u00e1koz\u00f3t, Fenyvesi L\u00e1szl\u00f3 csapata ugyanis a sereghajt\u00f3 DEAC legy\u0151z\u00e9s\u00e9vel kezdte a futballtavaszt.<\/p>\n<p>Az els\u0151 j\u00e1t\u00e9kr\u00e9sz eg\u00e9szen biztosan nem ker\u00fcl be a labdar\u00fag\u00e1s aranyk\u00f6nyv\u00e9be, negyven\u00f6t perc alatt mind\u00f6ssze k\u00e9t l\u00f6v\u00e9st jegyezhett\u00fcnk fel, f\u0151k\u00e9nt a mez\u0151nyben folyt a j\u00e1t\u00e9k. A k\u00fczd\u0151szellemre nem lehetett panasz, mindk\u00e9t csapat j\u00f3l megszervezte a v\u00e9dekez\u00e9s\u00e9t, mik\u00f6zben a k\u00f6z\u00e9pp\u00e1ly\u00e1n pontatlan \u00e1tad\u00e1sok t\u00f6rdelt\u00e9k a j\u00e1t\u00e9kot. A Ny\u00edregyh\u00e1za t\u00f6bbet j\u00e1ratta a labd\u00e1t, a j\u00e1t\u00e9kr\u00e9sz legnagyobb helyzete m\u00e9gis a dorogi Zuigeber \u00c1kos nev\u00e9hez f\u0171z\u0151d\u00f6tt, a jobb als\u00f3 sarokba tart\u00f3 l\u00f6v\u00e9s\u00e9t Fadgyas Tam\u00e1s sz\u00e9p vet\u0151d\u00e9ssel \u00f6kl\u00f6zte oldalra.<\/p>\n<p>A sz\u00fcnet ut\u00e1n magasabb sebess\u00e9gi fokozatra kapcsolt a h\u00e1zigazda, amely szinte azonnal megszerezhette volna a vezet\u00e9st, \u00e1m Szab\u00f3 Lucas l\u00f6v\u00e9s\u00e9t brav\u00farral v\u00e9dte Fadgyas. A Szpari beszorult saj\u00e1t t\u00e9rfel\u00e9re, a dorogiak pedig fokozt\u00e1k a nyom\u00e1st, Zuigeber \u00e9s Csillag D\u00e1rius is k\u00f6zel j\u00e1rt a g\u00f3lhoz. Ami nem siker\u00fclt a t\u00e1mad\u00f3knak, \u00f6sszej\u00f6tt az el\u0151reh\u00faz\u00f3d\u00f3 <strong>Dlusztus Andr\u00e1snak<\/strong>, aki t\u00edz perccel a lef\u00faj\u00e1s el\u0151tt, K\u00e1r\u00e1sz Kriszti\u00e1n nagy bedob\u00e1sa ut\u00e1n k\u00f6zelr\u0151l szerzett vezet\u00e9st a h\u00e1zigazd\u00e1nak <strong>(1\u20130)<\/strong>. A hajr\u00e1ban Csillag a ki\u00e1ll\u00edt\u00e1s sors\u00e1ra jutott, de a Szpari nem tudott egyenl\u00edteni, \u00edgy sorozatban hetedik m\u00e9rk\u0151z\u00e9s\u00e9n maradt nyeretlen a bajnoks\u00e1gban.<\/p>\n<p><strong>LABDAR\u00daG\u00d3 NB II &#8211; 23. FORDUL\u00d3<br \/>\n<\/strong><span style=\"color: #ff0000;\"><strong>DOROGI&nbsp;FC\u2013NY\u00cdREGYH\u00c1ZA SPARTACUS FC 1\u20130 (0<\/strong><strong>\u2013<\/strong><\/span><strong><span style=\"color: #ff0000;\">0)<\/span><br \/>\nDorog<\/strong>, Buz\u00e1nszky Jen\u0151 Stadion, <strong>z\u00e1rt kapuk m\u00f6g\u00f6tt.&nbsp;Vezette:<\/strong>&nbsp;Z\u00e1m Zsolt (Bede Tam\u00e1s, Kir\u00e1ly Zsolt)<br \/>\n<strong>DOROG:<\/strong>&nbsp;Borsos \u2013 K\u00e1r\u00e1sz, Bel\u00e9nyesi, Dlusztus, Papp M. \u2013 L\u00e9n\u00e1rth \u2013 Zuigeber, T\u00f3th B., M\u00e9sz\u00e1ros \u00c1. (Kanalos, 73.), Szedl\u00e1r (Csillag, 19.) \u2013 Szab\u00f3 L.&nbsp;<strong>Vezet\u0151edz\u0151:&nbsp;<\/strong>Fenyvesi L\u00e1szl\u00f3<br \/>\n<strong>NY\u00cdREGYH\u00c1ZA: <\/strong>Fadgyas \u2013 Szokol, Fodor F., Papucsek, J\u00e1nv\u00e1ri \u2013 M\u00e1rkus \u2013 Paku, Papp M. (Svedyuk, a sz\u00fcnetben), Gres\u00f3 (Kov\u00e1cs N., 65.), Kalocsai (Starosta, 65.) \u2013 Hamed. <strong>Vezet\u0151edz\u0151:<\/strong> G\u00e1lhidi Gy\u00f6rgy<br \/>\n<strong>G\u00f3lszerz\u0151: <\/strong>Dlusztus (80.)<br \/>\n<strong>Ki\u00e1ll\u00edtva: <\/strong>Csillag (90.)<\/p>\n<p><em>Forr\u00e1s: nemzetisport.hu<\/em><\/p>\n","protected":false},"excerpt":{"rendered":"<p>M\u00e1sodik tavaszi m\u00e9rk\u0151z\u00e9s\u00e9t is megnyerte a kies\u00e9s el\u0151l menek\u00fcl\u0151 Dorogi FC, Dlusztus Andr\u00e1s a hajr\u00e1ban d\u00f6nt\u00f6tte el a Ny\u00edregyh\u00e1za elleni tal\u00e1lkoz\u00f3t febru\u00e1r 7-\u00e9n &#8211; \u00edrja a Nemzeti Sport. A legut\u00f3bbi hat bajnoki m\u00e9rk\u0151z\u00e9s\u00e9n \u00f6sszesen k\u00e9tszer vette be ellenfelei kapuj\u00e1t a Ny\u00edregyh\u00e1za Spartacus, amelynek els\u0151sorban t\u00e1mad\u00e1sban kellett javulnia a Soroks\u00e1r elleni, g\u00f3ln\u00e9lk\u00fcli szezonnyit\u00f3t k\u00f6vet\u0151en. A szabolcsiak<\/p>\n","protected":false},"author":1,"featured_media":30234,"comment_status":"closed","ping_status":"closed","sticky":false,"template":"","format":"standard","meta":{"ngg_post_thumbnail":0,"footnotes":""},"categories":[2,3,5],"tags":[15,37,70,69,72,263,561,16],"class_list":{"0":"post-30233","1":"post","2":"type-post","3":"status-publish","4":"format-standard","5":"has-post-thumbnail","7":"category-dorog","8":"category-hirek","9":"category-sport","10":"tag-dorog","11":"tag-dorogi-fc","12":"tag-foci","13":"tag-futball","14":"tag-labdarugas","15":"tag-nb-ii","16":"tag-nyiregyhaza","17":"tag-sport"},"yoast_head":"<!-- This site is optimized with the Yoast SEO plugin v27.4 - https:\/\/yoast.com\/product\/yoast-seo-wordpress\/ -->\n<title>Ism\u00e9t nyert a Dorog<\/title>\n<meta name=\"robots\" content=\"index, follow, max-snippet:-1, max-image-preview:large, max-video-preview:-1\" \/>\n<link rel=\"canonical\" href=\"https:\/\/dorogimedence.hu\/index.php\/2021\/02\/07\/ismet-nyert-a-dorog\/\" class=\"yoast-seo-meta-tag\" \/>\n<meta property=\"og:locale\" content=\"hu_HU\" class=\"yoast-seo-meta-tag\" \/>\n<meta property=\"og:type\" content=\"article\" class=\"yoast-seo-meta-tag\" \/>\n<meta property=\"og:title\" content=\"Ism\u00e9t nyert a Dorog\" class=\"yoast-seo-meta-tag\" \/>\n<meta property=\"og:description\" content=\"M\u00e1sodik tavaszi m\u00e9rk\u0151z\u00e9s\u00e9t is megnyerte a kies\u00e9s el\u0151l menek\u00fcl\u0151 Dorogi FC, Dlusztus Andr\u00e1s a hajr\u00e1ban d\u00f6nt\u00f6tte el a Ny\u00edregyh\u00e1za elleni tal\u00e1lkoz\u00f3t febru\u00e1r 7-\u00e9n &#8211; \u00edrja a Nemzeti Sport. A legut\u00f3bbi hat bajnoki m\u00e9rk\u0151z\u00e9s\u00e9n \u00f6sszesen k\u00e9tszer vette be ellenfelei kapuj\u00e1t a Ny\u00edregyh\u00e1za Spartacus, amelynek els\u0151sorban t\u00e1mad\u00e1sban kellett javulnia a Soroks\u00e1r elleni, g\u00f3ln\u00e9lk\u00fcli szezonnyit\u00f3t k\u00f6vet\u0151en. A szabolcsiak\" class=\"yoast-seo-meta-tag\" \/>\n<meta property=\"og:url\" content=\"https:\/\/dorogimedence.hu\/index.php\/2021\/02\/07\/ismet-nyert-a-dorog\/\" class=\"yoast-seo-meta-tag\" \/>\n<meta property=\"og:site_name\" content=\"Dorogi-medence Region\u00e1lis H\u00edrport\u00e1l\" class=\"yoast-seo-meta-tag\" \/>\n<meta property=\"article:publisher\" content=\"https:\/\/www.facebook.com\/dorogimedence\/\" class=\"yoast-seo-meta-tag\" \/>\n<meta property=\"article:published_time\" content=\"2021-02-07T15:59:04+00:00\" class=\"yoast-seo-meta-tag\" \/>\n<meta property=\"article:modified_time\" content=\"2021-02-07T15:59:43+00:00\" class=\"yoast-seo-meta-tag\" \/>\n<meta property=\"og:image\" content=\"https:\/\/i0.wp.com\/dorogimedence.hu\/wp-content\/uploads\/2021\/02\/dorog-nyiregyhaza.jpg?fit=830%2C450&ssl=1\" class=\"yoast-seo-meta-tag\" \/>\n\t<meta property=\"og:image:width\" content=\"830\" class=\"yoast-seo-meta-tag\" \/>\n\t<meta property=\"og:image:height\" content=\"450\" class=\"yoast-seo-meta-tag\" \/>\n\t<meta property=\"og:image:type\" content=\"image\/jpeg\" class=\"yoast-seo-meta-tag\" \/>\n<meta name=\"author\" content=\"dorogimedence.hu\" class=\"yoast-seo-meta-tag\" \/>\n<meta name=\"twitter:card\" content=\"summary_large_image\" class=\"yoast-seo-meta-tag\" \/>\n<meta name=\"twitter:label1\" content=\"Szerz\u0151:\" class=\"yoast-seo-meta-tag\" \/>\n\t<meta name=\"twitter:data1\" content=\"dorogimedence.hu\" class=\"yoast-seo-meta-tag\" \/>\n\t<meta name=\"twitter:label2\" content=\"Becs\u00fclt olvas\u00e1si id\u0151\" class=\"yoast-seo-meta-tag\" \/>\n\t<meta name=\"twitter:data2\" content=\"3 perc\" class=\"yoast-seo-meta-tag\" \/>\n<script type=\"application\/ld+json\" class=\"yoast-schema-graph\">{\"@context\":\"https:\\\/\\\/schema.org\",\"@graph\":[{\"@type\":\"Article\",\"@id\":\"https:\\\/\\\/dorogimedence.hu\\\/index.php\\\/2021\\\/02\\\/07\\\/ismet-nyert-a-dorog\\\/#article\",\"isPartOf\":{\"@id\":\"https:\\\/\\\/dorogimedence.hu\\\/index.php\\\/2021\\\/02\\\/07\\\/ismet-nyert-a-dorog\\\/\"},\"author\":{\"name\":\"dorogimedence.hu\",\"@id\":\"https:\\\/\\\/dorogimedence.hu\\\/#\\\/schema\\\/person\\\/ce6091eeb7e95ecdc87890d6aa8e0fd4\"},\"headline\":\"Ism\u00e9t nyert a Dorog\",\"datePublished\":\"2021-02-07T15:59:04+00:00\",\"dateModified\":\"2021-02-07T15:59:43+00:00\",\"mainEntityOfPage\":{\"@id\":\"https:\\\/\\\/dorogimedence.hu\\\/index.php\\\/2021\\\/02\\\/07\\\/ismet-nyert-a-dorog\\\/\"},\"wordCount\":525,\"publisher\":{\"@id\":\"https:\\\/\\\/dorogimedence.hu\\\/#organization\"},\"image\":{\"@id\":\"https:\\\/\\\/dorogimedence.hu\\\/index.php\\\/2021\\\/02\\\/07\\\/ismet-nyert-a-dorog\\\/#primaryimage\"},\"thumbnailUrl\":\"https:\\\/\\\/dorogimedence.hu\\\/wp-content\\\/uploads\\\/2021\\\/02\\\/dorog-nyiregyhaza.jpg\",\"keywords\":[\"Dorog\",\"Dorogi FC\",\"foci\",\"futball\",\"labdar\u00fag\u00e1s\",\"NB II\",\"Ny\u00edregyh\u00e1za\",\"sport\"],\"articleSection\":[\"Dorog\",\"H\u00edrek\",\"Sport\"],\"inLanguage\":\"hu\"},{\"@type\":\"WebPage\",\"@id\":\"https:\\\/\\\/dorogimedence.hu\\\/index.php\\\/2021\\\/02\\\/07\\\/ismet-nyert-a-dorog\\\/\",\"url\":\"https:\\\/\\\/dorogimedence.hu\\\/index.php\\\/2021\\\/02\\\/07\\\/ismet-nyert-a-dorog\\\/\",\"name\":\"Ism\u00e9t nyert a Dorog\",\"isPartOf\":{\"@id\":\"https:\\\/\\\/dorogimedence.hu\\\/#website\"},\"primaryImageOfPage\":{\"@id\":\"https:\\\/\\\/dorogimedence.hu\\\/index.php\\\/2021\\\/02\\\/07\\\/ismet-nyert-a-dorog\\\/#primaryimage\"},\"image\":{\"@id\":\"https:\\\/\\\/dorogimedence.hu\\\/index.php\\\/2021\\\/02\\\/07\\\/ismet-nyert-a-dorog\\\/#primaryimage\"},\"thumbnailUrl\":\"https:\\\/\\\/dorogimedence.hu\\\/wp-content\\\/uploads\\\/2021\\\/02\\\/dorog-nyiregyhaza.jpg\",\"datePublished\":\"2021-02-07T15:59:04+00:00\",\"dateModified\":\"2021-02-07T15:59:43+00:00\",\"breadcrumb\":{\"@id\":\"https:\\\/\\\/dorogimedence.hu\\\/index.php\\\/2021\\\/02\\\/07\\\/ismet-nyert-a-dorog\\\/#breadcrumb\"},\"inLanguage\":\"hu\",\"potentialAction\":[{\"@type\":\"ReadAction\",\"target\":[\"https:\\\/\\\/dorogimedence.hu\\\/index.php\\\/2021\\\/02\\\/07\\\/ismet-nyert-a-dorog\\\/\"]}]},{\"@type\":\"ImageObject\",\"inLanguage\":\"hu\",\"@id\":\"https:\\\/\\\/dorogimedence.hu\\\/index.php\\\/2021\\\/02\\\/07\\\/ismet-nyert-a-dorog\\\/#primaryimage\",\"url\":\"https:\\\/\\\/dorogimedence.hu\\\/wp-content\\\/uploads\\\/2021\\\/02\\\/dorog-nyiregyhaza.jpg\",\"contentUrl\":\"https:\\\/\\\/dorogimedence.hu\\\/wp-content\\\/uploads\\\/2021\\\/02\\\/dorog-nyiregyhaza.jpg\",\"width\":830,\"height\":450},{\"@type\":\"BreadcrumbList\",\"@id\":\"https:\\\/\\\/dorogimedence.hu\\\/index.php\\\/2021\\\/02\\\/07\\\/ismet-nyert-a-dorog\\\/#breadcrumb\",\"itemListElement\":[{\"@type\":\"ListItem\",\"position\":1,\"name\":\"Kezd\u0151lap\",\"item\":\"https:\\\/\\\/dorogimedence.hu\\\/\"},{\"@type\":\"ListItem\",\"position\":2,\"name\":\"Ism\u00e9t nyert a Dorog\"}]},{\"@type\":\"WebSite\",\"@id\":\"https:\\\/\\\/dorogimedence.hu\\\/#website\",\"url\":\"https:\\\/\\\/dorogimedence.hu\\\/\",\"name\":\"Dorogi-medence Region\u00e1lis H\u00edrport\u00e1l\",\"description\":\"Dorog, Keszt\u00f6lc, Le\u00e1nyv\u00e1r, Piliscs\u00e9v, Tokod, Tokodalt\u00e1r\u00f3, Csolnok, Esztergom-kertv\u00e1ros: h\u00edrek, programok\",\"publisher\":{\"@id\":\"https:\\\/\\\/dorogimedence.hu\\\/#organization\"},\"potentialAction\":[{\"@type\":\"SearchAction\",\"target\":{\"@type\":\"EntryPoint\",\"urlTemplate\":\"https:\\\/\\\/dorogimedence.hu\\\/?s={search_term_string}\"},\"query-input\":{\"@type\":\"PropertyValueSpecification\",\"valueRequired\":true,\"valueName\":\"search_term_string\"}}],\"inLanguage\":\"hu\"},{\"@type\":\"Organization\",\"@id\":\"https:\\\/\\\/dorogimedence.hu\\\/#organization\",\"name\":\"Dorogi-medence Region\u00e1lis H\u00edrport\u00e1l\",\"url\":\"https:\\\/\\\/dorogimedence.hu\\\/\",\"logo\":{\"@type\":\"ImageObject\",\"inLanguage\":\"hu\",\"@id\":\"https:\\\/\\\/dorogimedence.hu\\\/#\\\/schema\\\/logo\\\/image\\\/\",\"url\":\"https:\\\/\\\/dorogimedence.hu\\\/wp-content\\\/uploads\\\/2021\\\/04\\\/logo-feher-600.png\",\"contentUrl\":\"https:\\\/\\\/dorogimedence.hu\\\/wp-content\\\/uploads\\\/2021\\\/04\\\/logo-feher-600.png\",\"width\":600,\"height\":100,\"caption\":\"Dorogi-medence Region\u00e1lis H\u00edrport\u00e1l\"},\"image\":{\"@id\":\"https:\\\/\\\/dorogimedence.hu\\\/#\\\/schema\\\/logo\\\/image\\\/\"},\"sameAs\":[\"https:\\\/\\\/www.facebook.com\\\/dorogimedence\\\/\"]},{\"@type\":\"Person\",\"@id\":\"https:\\\/\\\/dorogimedence.hu\\\/#\\\/schema\\\/person\\\/ce6091eeb7e95ecdc87890d6aa8e0fd4\",\"name\":\"dorogimedence.hu\",\"image\":{\"@type\":\"ImageObject\",\"inLanguage\":\"hu\",\"@id\":\"\\\/\\\/www.gravatar.com\\\/avatar\\\/d8d45f8901aadff40a4af72c0b826f1d?s=96&#038;r=g&#038;d=mm\",\"url\":\"\\\/\\\/www.gravatar.com\\\/avatar\\\/d8d45f8901aadff40a4af72c0b826f1d?s=96&#038;r=g&#038;d=mm\",\"contentUrl\":\"\\\/\\\/www.gravatar.com\\\/avatar\\\/d8d45f8901aadff40a4af72c0b826f1d?s=96&#038;r=g&#038;d=mm\",\"caption\":\"dorogimedence.hu\"}}]}<\/script>\n<!-- \/ Yoast SEO plugin. -->","yoast_head_json":{"title":"Ism\u00e9t nyert a Dorog","robots":{"index":"index","follow":"follow","max-snippet":"max-snippet:-1","max-image-preview":"max-image-preview:large","max-video-preview":"max-video-preview:-1"},"canonical":"https:\/\/dorogimedence.hu\/index.php\/2021\/02\/07\/ismet-nyert-a-dorog\/","og_locale":"hu_HU","og_type":"article","og_title":"Ism\u00e9t nyert a Dorog","og_description":"M\u00e1sodik tavaszi m\u00e9rk\u0151z\u00e9s\u00e9t is megnyerte a kies\u00e9s el\u0151l menek\u00fcl\u0151 Dorogi FC, Dlusztus Andr\u00e1s a hajr\u00e1ban d\u00f6nt\u00f6tte el a Ny\u00edregyh\u00e1za elleni tal\u00e1lkoz\u00f3t febru\u00e1r 7-\u00e9n &#8211; \u00edrja a Nemzeti Sport. A legut\u00f3bbi hat bajnoki m\u00e9rk\u0151z\u00e9s\u00e9n \u00f6sszesen k\u00e9tszer vette be ellenfelei kapuj\u00e1t a Ny\u00edregyh\u00e1za Spartacus, amelynek els\u0151sorban t\u00e1mad\u00e1sban kellett javulnia a Soroks\u00e1r elleni, g\u00f3ln\u00e9lk\u00fcli szezonnyit\u00f3t k\u00f6vet\u0151en. A szabolcsiak","og_url":"https:\/\/dorogimedence.hu\/index.php\/2021\/02\/07\/ismet-nyert-a-dorog\/","og_site_name":"Dorogi-medence Region\u00e1lis H\u00edrport\u00e1l","article_publisher":"https:\/\/www.facebook.com\/dorogimedence\/","article_published_time":"2021-02-07T15:59:04+00:00","article_modified_time":"2021-02-07T15:59:43+00:00","og_image":[{"width":830,"height":450,"url":"https:\/\/i0.wp.com\/dorogimedence.hu\/wp-content\/uploads\/2021\/02\/dorog-nyiregyhaza.jpg?fit=830%2C450&ssl=1","type":"image\/jpeg"}],"author":"dorogimedence.hu","twitter_card":"summary_large_image","twitter_misc":{"Szerz\u0151:":"dorogimedence.hu","Becs\u00fclt olvas\u00e1si id\u0151":"3 perc"},"schema":{"@context":"https:\/\/schema.org","@graph":[{"@type":"Article","@id":"https:\/\/dorogimedence.hu\/index.php\/2021\/02\/07\/ismet-nyert-a-dorog\/#article","isPartOf":{"@id":"https:\/\/dorogimedence.hu\/index.php\/2021\/02\/07\/ismet-nyert-a-dorog\/"},"author":{"name":"dorogimedence.hu","@id":"https:\/\/dorogimedence.hu\/#\/schema\/person\/ce6091eeb7e95ecdc87890d6aa8e0fd4"},"headline":"Ism\u00e9t nyert a Dorog","datePublished":"2021-02-07T15:59:04+00:00","dateModified":"2021-02-07T15:59:43+00:00","mainEntityOfPage":{"@id":"https:\/\/dorogimedence.hu\/index.php\/2021\/02\/07\/ismet-nyert-a-dorog\/"},"wordCount":525,"publisher":{"@id":"https:\/\/dorogimedence.hu\/#organization"},"image":{"@id":"https:\/\/dorogimedence.hu\/index.php\/2021\/02\/07\/ismet-nyert-a-dorog\/#primaryimage"},"thumbnailUrl":"https:\/\/dorogimedence.hu\/wp-content\/uploads\/2021\/02\/dorog-nyiregyhaza.jpg","keywords":["Dorog","Dorogi FC","foci","futball","labdar\u00fag\u00e1s","NB II","Ny\u00edregyh\u00e1za","sport"],"articleSection":["Dorog","H\u00edrek","Sport"],"inLanguage":"hu"},{"@type":"WebPage","@id":"https:\/\/dorogimedence.hu\/index.php\/2021\/02\/07\/ismet-nyert-a-dorog\/","url":"https:\/\/dorogimedence.hu\/index.php\/2021\/02\/07\/ismet-nyert-a-dorog\/","name":"Ism\u00e9t nyert a Dorog","isPartOf":{"@id":"https:\/\/dorogimedence.hu\/#website"},"primaryImageOfPage":{"@id":"https:\/\/dorogimedence.hu\/index.php\/2021\/02\/07\/ismet-nyert-a-dorog\/#primaryimage"},"image":{"@id":"https:\/\/dorogimedence.hu\/index.php\/2021\/02\/07\/ismet-nyert-a-dorog\/#primaryimage"},"thumbnailUrl":"https:\/\/dorogimedence.hu\/wp-content\/uploads\/2021\/02\/dorog-nyiregyhaza.jpg","datePublished":"2021-02-07T15:59:04+00:00","dateModified":"2021-02-07T15:59:43+00:00","breadcrumb":{"@id":"https:\/\/dorogimedence.hu\/index.php\/2021\/02\/07\/ismet-nyert-a-dorog\/#breadcrumb"},"inLanguage":"hu","potentialAction":[{"@type":"ReadAction","target":["https:\/\/dorogimedence.hu\/index.php\/2021\/02\/07\/ismet-nyert-a-dorog\/"]}]},{"@type":"ImageObject","inLanguage":"hu","@id":"https:\/\/dorogimedence.hu\/index.php\/2021\/02\/07\/ismet-nyert-a-dorog\/#primaryimage","url":"https:\/\/dorogimedence.hu\/wp-content\/uploads\/2021\/02\/dorog-nyiregyhaza.jpg","contentUrl":"https:\/\/dorogimedence.hu\/wp-content\/uploads\/2021\/02\/dorog-nyiregyhaza.jpg","width":830,"height":450},{"@type":"BreadcrumbList","@id":"https:\/\/dorogimedence.hu\/index.php\/2021\/02\/07\/ismet-nyert-a-dorog\/#breadcrumb","itemListElement":[{"@type":"ListItem","position":1,"name":"Kezd\u0151lap","item":"https:\/\/dorogimedence.hu\/"},{"@type":"ListItem","position":2,"name":"Ism\u00e9t nyert a Dorog"}]},{"@type":"WebSite","@id":"https:\/\/dorogimedence.hu\/#website","url":"https:\/\/dorogimedence.hu\/","name":"Dorogi-medence Region\u00e1lis H\u00edrport\u00e1l","description":"Dorog, Keszt\u00f6lc, Le\u00e1nyv\u00e1r, Piliscs\u00e9v, Tokod, Tokodalt\u00e1r\u00f3, Csolnok, Esztergom-kertv\u00e1ros: h\u00edrek, programok","publisher":{"@id":"https:\/\/dorogimedence.hu\/#organization"},"potentialAction":[{"@type":"SearchAction","target":{"@type":"EntryPoint","urlTemplate":"https:\/\/dorogimedence.hu\/?s={search_term_string}"},"query-input":{"@type":"PropertyValueSpecification","valueRequired":true,"valueName":"search_term_string"}}],"inLanguage":"hu"},{"@type":"Organization","@id":"https:\/\/dorogimedence.hu\/#organization","name":"Dorogi-medence Region\u00e1lis H\u00edrport\u00e1l","url":"https:\/\/dorogimedence.hu\/","logo":{"@type":"ImageObject","inLanguage":"hu","@id":"https:\/\/dorogimedence.hu\/#\/schema\/logo\/image\/","url":"https:\/\/dorogimedence.hu\/wp-content\/uploads\/2021\/04\/logo-feher-600.png","contentUrl":"https:\/\/dorogimedence.hu\/wp-content\/uploads\/2021\/04\/logo-feher-600.png","width":600,"height":100,"caption":"Dorogi-medence Region\u00e1lis H\u00edrport\u00e1l"},"image":{"@id":"https:\/\/dorogimedence.hu\/#\/schema\/logo\/image\/"},"sameAs":["https:\/\/www.facebook.com\/dorogimedence\/"]},{"@type":"Person","@id":"https:\/\/dorogimedence.hu\/#\/schema\/person\/ce6091eeb7e95ecdc87890d6aa8e0fd4","name":"dorogimedence.hu","image":{"@type":"ImageObject","inLanguage":"hu","@id":"\/\/www.gravatar.com\/avatar\/d8d45f8901aadff40a4af72c0b826f1d?s=96&#038;r=g&#038;d=mm","url":"\/\/www.gravatar.com\/avatar\/d8d45f8901aadff40a4af72c0b826f1d?s=96&#038;r=g&#038;d=mm","contentUrl":"\/\/www.gravatar.com\/avatar\/d8d45f8901aadff40a4af72c0b826f1d?s=96&#038;r=g&#038;d=mm","caption":"dorogimedence.hu"}}]}},"_links":{"self":[{"href":"https:\/\/dorogimedence.hu\/index.php\/wp-json\/wp\/v2\/posts\/30233","targetHints":{"allow":["GET"]}}],"collection":[{"href":"https:\/\/dorogimedence.hu\/index.php\/wp-json\/wp\/v2\/posts"}],"about":[{"href":"https:\/\/dorogimedence.hu\/index.php\/wp-json\/wp\/v2\/types\/post"}],"author":[{"embeddable":true,"href":"https:\/\/dorogimedence.hu\/index.php\/wp-json\/wp\/v2\/users\/1"}],"replies":[{"embeddable":true,"href":"https:\/\/dorogimedence.hu\/index.php\/wp-json\/wp\/v2\/comments?post=30233"}],"version-history":[{"count":0,"href":"https:\/\/dorogimedence.hu\/index.php\/wp-json\/wp\/v2\/posts\/30233\/revisions"}],"wp:featuredmedia":[{"embeddable":true,"href":"https:\/\/dorogimedence.hu\/index.php\/wp-json\/wp\/v2\/media\/30234"}],"wp:attachment":[{"href":"https:\/\/dorogimedence.hu\/index.php\/wp-json\/wp\/v2\/media?parent=30233"}],"wp:term":[{"taxonomy":"category","embeddable":true,"href":"https:\/\/dorogimedence.hu\/index.php\/wp-json\/wp\/v2\/categories?post=30233"},{"taxonomy":"post_tag","embeddable":true,"href":"https:\/\/dorogimedence.hu\/index.php\/wp-json\/wp\/v2\/tags?post=30233"}],"curies":[{"name":"wp","href":"https:\/\/api.w.org\/{rel}","templated":true}]}}