{"id":30074,"date":"2021-01-31T11:34:20","date_gmt":"2021-01-31T10:34:20","guid":{"rendered":"http:\/\/dorogimedence.hu\/?p=30074"},"modified":"2021-01-31T11:35:18","modified_gmt":"2021-01-31T10:35:18","slug":"leragasztott-kartondobozba-helyeztek-el-tizenket-kutyakolykot-dobogokonel","status":"publish","type":"post","link":"https:\/\/dorogimedence.hu\/index.php\/2021\/01\/31\/leragasztott-kartondobozba-helyeztek-el-tizenket-kutyakolykot-dobogokonel\/","title":{"rendered":"Leragasztott kartondobozba helyeztek el tizenk\u00e9t kutyak\u00f6lyk\u00f6t Dobog\u00f3k\u0151n\u00e9l"},"content":{"rendered":"<p><strong>\u201eNincsenek szavak! Ma Dobog\u00f3k\u0151n kir\u00e1ndul\u00f3 fiatalok tal\u00e1lt\u00e1k ezt a dobozt j\u00f3l leragasztva, egy f\u00e1val les\u00falyozva az erd\u0151ben. Tizenkett\u0151 p\u00e1r napos k\u00f6ly\u00f6k volt benne. A fi\u00fak r\u00f6gt\u00f6n lehozt\u00e1k \u0151ket Esztergomba \u00e1llatorvoshoz, majd onnan hozz\u00e1nk. K\u00f6sz\u00f6net \u00e9rte!\u201d <\/strong><em>&#8211; \u00edrta a Bog\u00e1ncs Kutya- \u00e9s Kis\u00e1llatotthon Alap\u00edtv\u00e1ny a Facebook oldal\u00e1n janu\u00e1r 30-\u00e1n, szombaton.<\/em><strong><br \/>\n<\/strong><\/p>\n<p>A civil szervezet t\u00e1j\u00e9koztat\u00e1sa szerint mire az \u00e1llatok hozz\u00e1juk ker\u00fcltek, addigra m\u00e1r k\u00e9t k\u00f6ly\u00f6k elpusztult, a t\u00f6bbi is kih\u0171lt \u00e1llapotban, lesov\u00e1nyodva, legyeng\u00fclve ker\u00fclt hozz\u00e1juk.<\/p>\n<p><img fetchpriority=\"high\" decoding=\"async\" class=\"alignnone size-full wp-image-30075\" src=\"https:\/\/dorogimedence.hu\/wp-content\/uploads\/2021\/01\/kutya-02.jpg\" alt=\"\" width=\"830\" height=\"450\" srcset=\"https:\/\/dorogimedence.hu\/wp-content\/uploads\/2021\/01\/kutya-02.jpg 830w, https:\/\/dorogimedence.hu\/wp-content\/uploads\/2021\/01\/kutya-02-300x163.jpg 300w, https:\/\/dorogimedence.hu\/wp-content\/uploads\/2021\/01\/kutya-02-768x416.jpg 768w\" sizes=\"(max-width: 830px) 100vw, 830px\" \/><\/p>\n<p>&#8222;A meleg\u00edt\u00e9s ut\u00e1n megpr\u00f3b\u00e1ltuk r\u00e1besz\u00e9lni k\u00e9t mamakuty\u00e1nkat, hogy fogadj\u00e1k be \u0151ket. Sajnos az egyik\u00fck egy\u00e1ltal\u00e1n nem \u00f6r\u00fclt az \u00f6tletnek, a m\u00e1sik azonban szerencs\u00e9re befogadta \u0151ket.\u201d <em>\u2013 k\u00f6z\u00f6lte a szervezet.<\/em><\/p>\n<p><em>Fot\u00f3k, forr\u00e1s:&nbsp; Bog\u00e1ncs Kutya- \u00e9s Kis\u00e1llatotthon Alap\u00edtv\u00e1ny<\/em><\/p>\n","protected":false},"excerpt":{"rendered":"<p>\u201eNincsenek szavak! Ma Dobog\u00f3k\u0151n kir\u00e1ndul\u00f3 fiatalok tal\u00e1lt\u00e1k ezt a dobozt j\u00f3l leragasztva, egy f\u00e1val les\u00falyozva az erd\u0151ben. Tizenkett\u0151 p\u00e1r napos k\u00f6ly\u00f6k volt benne. A fi\u00fak r\u00f6gt\u00f6n lehozt\u00e1k \u0151ket Esztergomba \u00e1llatorvoshoz, majd onnan hozz\u00e1nk. K\u00f6sz\u00f6net \u00e9rte!\u201d &#8211; \u00edrta a Bog\u00e1ncs Kutya- \u00e9s Kis\u00e1llatotthon Alap\u00edtv\u00e1ny a Facebook oldal\u00e1n janu\u00e1r 30-\u00e1n, szombaton. A civil szervezet t\u00e1j\u00e9koztat\u00e1sa szerint mire<\/p>\n","protected":false},"author":1,"featured_media":30076,"comment_status":"closed","ping_status":"closed","sticky":false,"template":"","format":"standard","meta":{"ngg_post_thumbnail":0,"footnotes":""},"categories":[38,3],"tags":[2079,1100],"class_list":{"0":"post-30074","1":"post","2":"type-post","3":"status-publish","4":"format-standard","5":"has-post-thumbnail","7":"category-esztergom","8":"category-hirek","9":"tag-allat","10":"tag-kutya"},"yoast_head":"<!-- This site is optimized with the Yoast SEO plugin v27.4 - https:\/\/yoast.com\/product\/yoast-seo-wordpress\/ -->\n<title>Leragasztott kartondobozba helyeztek el tizenk\u00e9t kutyak\u00f6lyk\u00f6t Dobog\u00f3k\u0151n\u00e9l<\/title>\n<meta name=\"robots\" content=\"index, follow, max-snippet:-1, max-image-preview:large, max-video-preview:-1\" \/>\n<link rel=\"canonical\" href=\"https:\/\/dorogimedence.hu\/index.php\/2021\/01\/31\/leragasztott-kartondobozba-helyeztek-el-tizenket-kutyakolykot-dobogokonel\/\" class=\"yoast-seo-meta-tag\" \/>\n<meta property=\"og:locale\" content=\"hu_HU\" class=\"yoast-seo-meta-tag\" \/>\n<meta property=\"og:type\" content=\"article\" class=\"yoast-seo-meta-tag\" \/>\n<meta property=\"og:title\" content=\"Leragasztott kartondobozba helyeztek el tizenk\u00e9t kutyak\u00f6lyk\u00f6t Dobog\u00f3k\u0151n\u00e9l\" class=\"yoast-seo-meta-tag\" \/>\n<meta property=\"og:description\" content=\"\u201eNincsenek szavak! Ma Dobog\u00f3k\u0151n kir\u00e1ndul\u00f3 fiatalok tal\u00e1lt\u00e1k ezt a dobozt j\u00f3l leragasztva, egy f\u00e1val les\u00falyozva az erd\u0151ben. Tizenkett\u0151 p\u00e1r napos k\u00f6ly\u00f6k volt benne. A fi\u00fak r\u00f6gt\u00f6n lehozt\u00e1k \u0151ket Esztergomba \u00e1llatorvoshoz, majd onnan hozz\u00e1nk. K\u00f6sz\u00f6net \u00e9rte!\u201d &#8211; \u00edrta a Bog\u00e1ncs Kutya- \u00e9s Kis\u00e1llatotthon Alap\u00edtv\u00e1ny a Facebook oldal\u00e1n janu\u00e1r 30-\u00e1n, szombaton. A civil szervezet t\u00e1j\u00e9koztat\u00e1sa szerint mire\" class=\"yoast-seo-meta-tag\" \/>\n<meta property=\"og:url\" content=\"https:\/\/dorogimedence.hu\/index.php\/2021\/01\/31\/leragasztott-kartondobozba-helyeztek-el-tizenket-kutyakolykot-dobogokonel\/\" class=\"yoast-seo-meta-tag\" \/>\n<meta property=\"og:site_name\" content=\"Dorogi-medence Region\u00e1lis H\u00edrport\u00e1l\" class=\"yoast-seo-meta-tag\" \/>\n<meta property=\"article:publisher\" content=\"https:\/\/www.facebook.com\/dorogimedence\/\" class=\"yoast-seo-meta-tag\" \/>\n<meta property=\"article:published_time\" content=\"2021-01-31T10:34:20+00:00\" class=\"yoast-seo-meta-tag\" \/>\n<meta property=\"article:modified_time\" content=\"2021-01-31T10:35:18+00:00\" class=\"yoast-seo-meta-tag\" \/>\n<meta property=\"og:image\" content=\"https:\/\/i0.wp.com\/dorogimedence.hu\/wp-content\/uploads\/2021\/01\/kutya-01.jpg?fit=830%2C450&ssl=1\" class=\"yoast-seo-meta-tag\" \/>\n\t<meta property=\"og:image:width\" content=\"830\" class=\"yoast-seo-meta-tag\" \/>\n\t<meta property=\"og:image:height\" content=\"450\" class=\"yoast-seo-meta-tag\" \/>\n\t<meta property=\"og:image:type\" content=\"image\/jpeg\" class=\"yoast-seo-meta-tag\" \/>\n<meta name=\"author\" content=\"dorogimedence.hu\" class=\"yoast-seo-meta-tag\" \/>\n<meta name=\"twitter:card\" content=\"summary_large_image\" class=\"yoast-seo-meta-tag\" \/>\n<meta name=\"twitter:label1\" content=\"Szerz\u0151:\" class=\"yoast-seo-meta-tag\" \/>\n\t<meta name=\"twitter:data1\" content=\"dorogimedence.hu\" class=\"yoast-seo-meta-tag\" \/>\n\t<meta name=\"twitter:label2\" content=\"Becs\u00fclt olvas\u00e1si id\u0151\" class=\"yoast-seo-meta-tag\" \/>\n\t<meta name=\"twitter:data2\" content=\"1 perc\" class=\"yoast-seo-meta-tag\" \/>\n<script type=\"application\/ld+json\" class=\"yoast-schema-graph\">{\"@context\":\"https:\\\/\\\/schema.org\",\"@graph\":[{\"@type\":\"Article\",\"@id\":\"https:\\\/\\\/dorogimedence.hu\\\/index.php\\\/2021\\\/01\\\/31\\\/leragasztott-kartondobozba-helyeztek-el-tizenket-kutyakolykot-dobogokonel\\\/#article\",\"isPartOf\":{\"@id\":\"https:\\\/\\\/dorogimedence.hu\\\/index.php\\\/2021\\\/01\\\/31\\\/leragasztott-kartondobozba-helyeztek-el-tizenket-kutyakolykot-dobogokonel\\\/\"},\"author\":{\"name\":\"dorogimedence.hu\",\"@id\":\"https:\\\/\\\/dorogimedence.hu\\\/#\\\/schema\\\/person\\\/ce6091eeb7e95ecdc87890d6aa8e0fd4\"},\"headline\":\"Leragasztott kartondobozba helyeztek el tizenk\u00e9t kutyak\u00f6lyk\u00f6t Dobog\u00f3k\u0151n\u00e9l\",\"datePublished\":\"2021-01-31T10:34:20+00:00\",\"dateModified\":\"2021-01-31T10:35:18+00:00\",\"mainEntityOfPage\":{\"@id\":\"https:\\\/\\\/dorogimedence.hu\\\/index.php\\\/2021\\\/01\\\/31\\\/leragasztott-kartondobozba-helyeztek-el-tizenket-kutyakolykot-dobogokonel\\\/\"},\"wordCount\":187,\"publisher\":{\"@id\":\"https:\\\/\\\/dorogimedence.hu\\\/#organization\"},\"image\":{\"@id\":\"https:\\\/\\\/dorogimedence.hu\\\/index.php\\\/2021\\\/01\\\/31\\\/leragasztott-kartondobozba-helyeztek-el-tizenket-kutyakolykot-dobogokonel\\\/#primaryimage\"},\"thumbnailUrl\":\"https:\\\/\\\/dorogimedence.hu\\\/wp-content\\\/uploads\\\/2021\\\/01\\\/kutya-01.jpg\",\"keywords\":[\"\u00e1llat\",\"kutya\"],\"articleSection\":[\"Esztergom\",\"H\u00edrek\"],\"inLanguage\":\"hu\"},{\"@type\":\"WebPage\",\"@id\":\"https:\\\/\\\/dorogimedence.hu\\\/index.php\\\/2021\\\/01\\\/31\\\/leragasztott-kartondobozba-helyeztek-el-tizenket-kutyakolykot-dobogokonel\\\/\",\"url\":\"https:\\\/\\\/dorogimedence.hu\\\/index.php\\\/2021\\\/01\\\/31\\\/leragasztott-kartondobozba-helyeztek-el-tizenket-kutyakolykot-dobogokonel\\\/\",\"name\":\"Leragasztott kartondobozba helyeztek el tizenk\u00e9t kutyak\u00f6lyk\u00f6t Dobog\u00f3k\u0151n\u00e9l\",\"isPartOf\":{\"@id\":\"https:\\\/\\\/dorogimedence.hu\\\/#website\"},\"primaryImageOfPage\":{\"@id\":\"https:\\\/\\\/dorogimedence.hu\\\/index.php\\\/2021\\\/01\\\/31\\\/leragasztott-kartondobozba-helyeztek-el-tizenket-kutyakolykot-dobogokonel\\\/#primaryimage\"},\"image\":{\"@id\":\"https:\\\/\\\/dorogimedence.hu\\\/index.php\\\/2021\\\/01\\\/31\\\/leragasztott-kartondobozba-helyeztek-el-tizenket-kutyakolykot-dobogokonel\\\/#primaryimage\"},\"thumbnailUrl\":\"https:\\\/\\\/dorogimedence.hu\\\/wp-content\\\/uploads\\\/2021\\\/01\\\/kutya-01.jpg\",\"datePublished\":\"2021-01-31T10:34:20+00:00\",\"dateModified\":\"2021-01-31T10:35:18+00:00\",\"breadcrumb\":{\"@id\":\"https:\\\/\\\/dorogimedence.hu\\\/index.php\\\/2021\\\/01\\\/31\\\/leragasztott-kartondobozba-helyeztek-el-tizenket-kutyakolykot-dobogokonel\\\/#breadcrumb\"},\"inLanguage\":\"hu\",\"potentialAction\":[{\"@type\":\"ReadAction\",\"target\":[\"https:\\\/\\\/dorogimedence.hu\\\/index.php\\\/2021\\\/01\\\/31\\\/leragasztott-kartondobozba-helyeztek-el-tizenket-kutyakolykot-dobogokonel\\\/\"]}]},{\"@type\":\"ImageObject\",\"inLanguage\":\"hu\",\"@id\":\"https:\\\/\\\/dorogimedence.hu\\\/index.php\\\/2021\\\/01\\\/31\\\/leragasztott-kartondobozba-helyeztek-el-tizenket-kutyakolykot-dobogokonel\\\/#primaryimage\",\"url\":\"https:\\\/\\\/dorogimedence.hu\\\/wp-content\\\/uploads\\\/2021\\\/01\\\/kutya-01.jpg\",\"contentUrl\":\"https:\\\/\\\/dorogimedence.hu\\\/wp-content\\\/uploads\\\/2021\\\/01\\\/kutya-01.jpg\",\"width\":830,\"height\":450},{\"@type\":\"BreadcrumbList\",\"@id\":\"https:\\\/\\\/dorogimedence.hu\\\/index.php\\\/2021\\\/01\\\/31\\\/leragasztott-kartondobozba-helyeztek-el-tizenket-kutyakolykot-dobogokonel\\\/#breadcrumb\",\"itemListElement\":[{\"@type\":\"ListItem\",\"position\":1,\"name\":\"Kezd\u0151lap\",\"item\":\"https:\\\/\\\/dorogimedence.hu\\\/\"},{\"@type\":\"ListItem\",\"position\":2,\"name\":\"Leragasztott kartondobozba helyeztek el tizenk\u00e9t kutyak\u00f6lyk\u00f6t Dobog\u00f3k\u0151n\u00e9l\"}]},{\"@type\":\"WebSite\",\"@id\":\"https:\\\/\\\/dorogimedence.hu\\\/#website\",\"url\":\"https:\\\/\\\/dorogimedence.hu\\\/\",\"name\":\"Dorogi-medence Region\u00e1lis H\u00edrport\u00e1l\",\"description\":\"Dorog, Keszt\u00f6lc, Le\u00e1nyv\u00e1r, Piliscs\u00e9v, Tokod, Tokodalt\u00e1r\u00f3, Csolnok, Esztergom-kertv\u00e1ros: h\u00edrek, programok\",\"publisher\":{\"@id\":\"https:\\\/\\\/dorogimedence.hu\\\/#organization\"},\"potentialAction\":[{\"@type\":\"SearchAction\",\"target\":{\"@type\":\"EntryPoint\",\"urlTemplate\":\"https:\\\/\\\/dorogimedence.hu\\\/?s={search_term_string}\"},\"query-input\":{\"@type\":\"PropertyValueSpecification\",\"valueRequired\":true,\"valueName\":\"search_term_string\"}}],\"inLanguage\":\"hu\"},{\"@type\":\"Organization\",\"@id\":\"https:\\\/\\\/dorogimedence.hu\\\/#organization\",\"name\":\"Dorogi-medence Region\u00e1lis H\u00edrport\u00e1l\",\"url\":\"https:\\\/\\\/dorogimedence.hu\\\/\",\"logo\":{\"@type\":\"ImageObject\",\"inLanguage\":\"hu\",\"@id\":\"https:\\\/\\\/dorogimedence.hu\\\/#\\\/schema\\\/logo\\\/image\\\/\",\"url\":\"https:\\\/\\\/dorogimedence.hu\\\/wp-content\\\/uploads\\\/2021\\\/04\\\/logo-feher-600.png\",\"contentUrl\":\"https:\\\/\\\/dorogimedence.hu\\\/wp-content\\\/uploads\\\/2021\\\/04\\\/logo-feher-600.png\",\"width\":600,\"height\":100,\"caption\":\"Dorogi-medence Region\u00e1lis H\u00edrport\u00e1l\"},\"image\":{\"@id\":\"https:\\\/\\\/dorogimedence.hu\\\/#\\\/schema\\\/logo\\\/image\\\/\"},\"sameAs\":[\"https:\\\/\\\/www.facebook.com\\\/dorogimedence\\\/\"]},{\"@type\":\"Person\",\"@id\":\"https:\\\/\\\/dorogimedence.hu\\\/#\\\/schema\\\/person\\\/ce6091eeb7e95ecdc87890d6aa8e0fd4\",\"name\":\"dorogimedence.hu\",\"image\":{\"@type\":\"ImageObject\",\"inLanguage\":\"hu\",\"@id\":\"\\\/\\\/www.gravatar.com\\\/avatar\\\/d8d45f8901aadff40a4af72c0b826f1d?s=96&#038;r=g&#038;d=mm\",\"url\":\"\\\/\\\/www.gravatar.com\\\/avatar\\\/d8d45f8901aadff40a4af72c0b826f1d?s=96&#038;r=g&#038;d=mm\",\"contentUrl\":\"\\\/\\\/www.gravatar.com\\\/avatar\\\/d8d45f8901aadff40a4af72c0b826f1d?s=96&#038;r=g&#038;d=mm\",\"caption\":\"dorogimedence.hu\"}}]}<\/script>\n<!-- \/ Yoast SEO plugin. -->","yoast_head_json":{"title":"Leragasztott kartondobozba helyeztek el tizenk\u00e9t kutyak\u00f6lyk\u00f6t Dobog\u00f3k\u0151n\u00e9l","robots":{"index":"index","follow":"follow","max-snippet":"max-snippet:-1","max-image-preview":"max-image-preview:large","max-video-preview":"max-video-preview:-1"},"canonical":"https:\/\/dorogimedence.hu\/index.php\/2021\/01\/31\/leragasztott-kartondobozba-helyeztek-el-tizenket-kutyakolykot-dobogokonel\/","og_locale":"hu_HU","og_type":"article","og_title":"Leragasztott kartondobozba helyeztek el tizenk\u00e9t kutyak\u00f6lyk\u00f6t Dobog\u00f3k\u0151n\u00e9l","og_description":"\u201eNincsenek szavak! Ma Dobog\u00f3k\u0151n kir\u00e1ndul\u00f3 fiatalok tal\u00e1lt\u00e1k ezt a dobozt j\u00f3l leragasztva, egy f\u00e1val les\u00falyozva az erd\u0151ben. Tizenkett\u0151 p\u00e1r napos k\u00f6ly\u00f6k volt benne. A fi\u00fak r\u00f6gt\u00f6n lehozt\u00e1k \u0151ket Esztergomba \u00e1llatorvoshoz, majd onnan hozz\u00e1nk. K\u00f6sz\u00f6net \u00e9rte!\u201d &#8211; \u00edrta a Bog\u00e1ncs Kutya- \u00e9s Kis\u00e1llatotthon Alap\u00edtv\u00e1ny a Facebook oldal\u00e1n janu\u00e1r 30-\u00e1n, szombaton. A civil szervezet t\u00e1j\u00e9koztat\u00e1sa szerint mire","og_url":"https:\/\/dorogimedence.hu\/index.php\/2021\/01\/31\/leragasztott-kartondobozba-helyeztek-el-tizenket-kutyakolykot-dobogokonel\/","og_site_name":"Dorogi-medence Region\u00e1lis H\u00edrport\u00e1l","article_publisher":"https:\/\/www.facebook.com\/dorogimedence\/","article_published_time":"2021-01-31T10:34:20+00:00","article_modified_time":"2021-01-31T10:35:18+00:00","og_image":[{"width":830,"height":450,"url":"https:\/\/i0.wp.com\/dorogimedence.hu\/wp-content\/uploads\/2021\/01\/kutya-01.jpg?fit=830%2C450&ssl=1","type":"image\/jpeg"}],"author":"dorogimedence.hu","twitter_card":"summary_large_image","twitter_misc":{"Szerz\u0151:":"dorogimedence.hu","Becs\u00fclt olvas\u00e1si id\u0151":"1 perc"},"schema":{"@context":"https:\/\/schema.org","@graph":[{"@type":"Article","@id":"https:\/\/dorogimedence.hu\/index.php\/2021\/01\/31\/leragasztott-kartondobozba-helyeztek-el-tizenket-kutyakolykot-dobogokonel\/#article","isPartOf":{"@id":"https:\/\/dorogimedence.hu\/index.php\/2021\/01\/31\/leragasztott-kartondobozba-helyeztek-el-tizenket-kutyakolykot-dobogokonel\/"},"author":{"name":"dorogimedence.hu","@id":"https:\/\/dorogimedence.hu\/#\/schema\/person\/ce6091eeb7e95ecdc87890d6aa8e0fd4"},"headline":"Leragasztott kartondobozba helyeztek el tizenk\u00e9t kutyak\u00f6lyk\u00f6t Dobog\u00f3k\u0151n\u00e9l","datePublished":"2021-01-31T10:34:20+00:00","dateModified":"2021-01-31T10:35:18+00:00","mainEntityOfPage":{"@id":"https:\/\/dorogimedence.hu\/index.php\/2021\/01\/31\/leragasztott-kartondobozba-helyeztek-el-tizenket-kutyakolykot-dobogokonel\/"},"wordCount":187,"publisher":{"@id":"https:\/\/dorogimedence.hu\/#organization"},"image":{"@id":"https:\/\/dorogimedence.hu\/index.php\/2021\/01\/31\/leragasztott-kartondobozba-helyeztek-el-tizenket-kutyakolykot-dobogokonel\/#primaryimage"},"thumbnailUrl":"https:\/\/dorogimedence.hu\/wp-content\/uploads\/2021\/01\/kutya-01.jpg","keywords":["\u00e1llat","kutya"],"articleSection":["Esztergom","H\u00edrek"],"inLanguage":"hu"},{"@type":"WebPage","@id":"https:\/\/dorogimedence.hu\/index.php\/2021\/01\/31\/leragasztott-kartondobozba-helyeztek-el-tizenket-kutyakolykot-dobogokonel\/","url":"https:\/\/dorogimedence.hu\/index.php\/2021\/01\/31\/leragasztott-kartondobozba-helyeztek-el-tizenket-kutyakolykot-dobogokonel\/","name":"Leragasztott kartondobozba helyeztek el tizenk\u00e9t kutyak\u00f6lyk\u00f6t Dobog\u00f3k\u0151n\u00e9l","isPartOf":{"@id":"https:\/\/dorogimedence.hu\/#website"},"primaryImageOfPage":{"@id":"https:\/\/dorogimedence.hu\/index.php\/2021\/01\/31\/leragasztott-kartondobozba-helyeztek-el-tizenket-kutyakolykot-dobogokonel\/#primaryimage"},"image":{"@id":"https:\/\/dorogimedence.hu\/index.php\/2021\/01\/31\/leragasztott-kartondobozba-helyeztek-el-tizenket-kutyakolykot-dobogokonel\/#primaryimage"},"thumbnailUrl":"https:\/\/dorogimedence.hu\/wp-content\/uploads\/2021\/01\/kutya-01.jpg","datePublished":"2021-01-31T10:34:20+00:00","dateModified":"2021-01-31T10:35:18+00:00","breadcrumb":{"@id":"https:\/\/dorogimedence.hu\/index.php\/2021\/01\/31\/leragasztott-kartondobozba-helyeztek-el-tizenket-kutyakolykot-dobogokonel\/#breadcrumb"},"inLanguage":"hu","potentialAction":[{"@type":"ReadAction","target":["https:\/\/dorogimedence.hu\/index.php\/2021\/01\/31\/leragasztott-kartondobozba-helyeztek-el-tizenket-kutyakolykot-dobogokonel\/"]}]},{"@type":"ImageObject","inLanguage":"hu","@id":"https:\/\/dorogimedence.hu\/index.php\/2021\/01\/31\/leragasztott-kartondobozba-helyeztek-el-tizenket-kutyakolykot-dobogokonel\/#primaryimage","url":"https:\/\/dorogimedence.hu\/wp-content\/uploads\/2021\/01\/kutya-01.jpg","contentUrl":"https:\/\/dorogimedence.hu\/wp-content\/uploads\/2021\/01\/kutya-01.jpg","width":830,"height":450},{"@type":"BreadcrumbList","@id":"https:\/\/dorogimedence.hu\/index.php\/2021\/01\/31\/leragasztott-kartondobozba-helyeztek-el-tizenket-kutyakolykot-dobogokonel\/#breadcrumb","itemListElement":[{"@type":"ListItem","position":1,"name":"Kezd\u0151lap","item":"https:\/\/dorogimedence.hu\/"},{"@type":"ListItem","position":2,"name":"Leragasztott kartondobozba helyeztek el tizenk\u00e9t kutyak\u00f6lyk\u00f6t Dobog\u00f3k\u0151n\u00e9l"}]},{"@type":"WebSite","@id":"https:\/\/dorogimedence.hu\/#website","url":"https:\/\/dorogimedence.hu\/","name":"Dorogi-medence Region\u00e1lis H\u00edrport\u00e1l","description":"Dorog, Keszt\u00f6lc, Le\u00e1nyv\u00e1r, Piliscs\u00e9v, Tokod, Tokodalt\u00e1r\u00f3, Csolnok, Esztergom-kertv\u00e1ros: h\u00edrek, programok","publisher":{"@id":"https:\/\/dorogimedence.hu\/#organization"},"potentialAction":[{"@type":"SearchAction","target":{"@type":"EntryPoint","urlTemplate":"https:\/\/dorogimedence.hu\/?s={search_term_string}"},"query-input":{"@type":"PropertyValueSpecification","valueRequired":true,"valueName":"search_term_string"}}],"inLanguage":"hu"},{"@type":"Organization","@id":"https:\/\/dorogimedence.hu\/#organization","name":"Dorogi-medence Region\u00e1lis H\u00edrport\u00e1l","url":"https:\/\/dorogimedence.hu\/","logo":{"@type":"ImageObject","inLanguage":"hu","@id":"https:\/\/dorogimedence.hu\/#\/schema\/logo\/image\/","url":"https:\/\/dorogimedence.hu\/wp-content\/uploads\/2021\/04\/logo-feher-600.png","contentUrl":"https:\/\/dorogimedence.hu\/wp-content\/uploads\/2021\/04\/logo-feher-600.png","width":600,"height":100,"caption":"Dorogi-medence Region\u00e1lis H\u00edrport\u00e1l"},"image":{"@id":"https:\/\/dorogimedence.hu\/#\/schema\/logo\/image\/"},"sameAs":["https:\/\/www.facebook.com\/dorogimedence\/"]},{"@type":"Person","@id":"https:\/\/dorogimedence.hu\/#\/schema\/person\/ce6091eeb7e95ecdc87890d6aa8e0fd4","name":"dorogimedence.hu","image":{"@type":"ImageObject","inLanguage":"hu","@id":"\/\/www.gravatar.com\/avatar\/d8d45f8901aadff40a4af72c0b826f1d?s=96&#038;r=g&#038;d=mm","url":"\/\/www.gravatar.com\/avatar\/d8d45f8901aadff40a4af72c0b826f1d?s=96&#038;r=g&#038;d=mm","contentUrl":"\/\/www.gravatar.com\/avatar\/d8d45f8901aadff40a4af72c0b826f1d?s=96&#038;r=g&#038;d=mm","caption":"dorogimedence.hu"}}]}},"_links":{"self":[{"href":"https:\/\/dorogimedence.hu\/index.php\/wp-json\/wp\/v2\/posts\/30074","targetHints":{"allow":["GET"]}}],"collection":[{"href":"https:\/\/dorogimedence.hu\/index.php\/wp-json\/wp\/v2\/posts"}],"about":[{"href":"https:\/\/dorogimedence.hu\/index.php\/wp-json\/wp\/v2\/types\/post"}],"author":[{"embeddable":true,"href":"https:\/\/dorogimedence.hu\/index.php\/wp-json\/wp\/v2\/users\/1"}],"replies":[{"embeddable":true,"href":"https:\/\/dorogimedence.hu\/index.php\/wp-json\/wp\/v2\/comments?post=30074"}],"version-history":[{"count":0,"href":"https:\/\/dorogimedence.hu\/index.php\/wp-json\/wp\/v2\/posts\/30074\/revisions"}],"wp:featuredmedia":[{"embeddable":true,"href":"https:\/\/dorogimedence.hu\/index.php\/wp-json\/wp\/v2\/media\/30076"}],"wp:attachment":[{"href":"https:\/\/dorogimedence.hu\/index.php\/wp-json\/wp\/v2\/media?parent=30074"}],"wp:term":[{"taxonomy":"category","embeddable":true,"href":"https:\/\/dorogimedence.hu\/index.php\/wp-json\/wp\/v2\/categories?post=30074"},{"taxonomy":"post_tag","embeddable":true,"href":"https:\/\/dorogimedence.hu\/index.php\/wp-json\/wp\/v2\/tags?post=30074"}],"curies":[{"name":"wp","href":"https:\/\/api.w.org\/{rel}","templated":true}]}}