{"id":29983,"date":"2021-01-27T07:17:18","date_gmt":"2021-01-27T06:17:18","guid":{"rendered":"http:\/\/dorogimedence.hu\/?p=29983"},"modified":"2021-01-27T07:18:41","modified_gmt":"2021-01-27T06:18:41","slug":"az-angliai-mutacio-ellen-is-hatekony-keszitmenyt-engedelyeztek-magyarorszagon","status":"publish","type":"post","link":"https:\/\/dorogimedence.hu\/index.php\/2021\/01\/27\/az-angliai-mutacio-ellen-is-hatekony-keszitmenyt-engedelyeztek-magyarorszagon\/","title":{"rendered":"Az angliai mut\u00e1ci\u00f3 ellen is hat\u00e9kony k\u00e9sz\u00edtm\u00e9nyt enged\u00e9lyeztek Magyarorsz\u00e1gon"},"content":{"rendered":"<p><strong>Enged\u00e9lyeztek Magyarorsz\u00e1gon egy, a koronav\u00edrus \u00faj t\u00edpus\u00fa, angliai mut\u00e1ci\u00f3ja ellen is hat\u00e9kony k\u00e9sz\u00edtm\u00e9nyt<\/strong> <em>&#8211; jelentette be K\u00e1sler Mikl\u00f3s, az emberi er\u0151forr\u00e1sok minisztere kedden a Facebook-oldal\u00e1n.<\/em><\/p>\n<p>Az Emberi Er\u0151forr\u00e1sok Miniszt\u00e9riuma (Emmi) az MTI-vel azt k\u00f6z\u00f6lte: az egyik leghat\u00e9konyabb Covid-ellenes hat\u00f3anyag els\u0151 sz\u00e1ll\u00edtm\u00e1nya szerd\u00e1n \u00e9rkezik.<\/p>\n<p>K\u00e1sler Mikl\u00f3s bejegyz\u00e9s\u00e9ben azt \u00edrta: Magyarorsz\u00e1g Eur\u00f3p\u00e1ban els\u0151k\u00e9nt alkalmazhatja az amerikai Eli Lilly gy\u00f3gyszergy\u00e1r \u00e1ltal fejlesztett bamlanivimab nev\u0171 k\u00e9sz\u00edtm\u00e9nyt.<\/p>\n<p>Kifejtette: kezdem\u00e9nyez\u00e9s\u00e9re az Orsz\u00e1gos Gy\u00f3gyszer\u00e9szeti \u00e9s \u00c9lelmez\u00e9s-eg\u00e9szs\u00e9g\u00fcgyi Int\u00e9zet (OGY\u00c9I) 2020. december 12-\u00e9n enged\u00e9lyezte a k\u00e9sz\u00edtm\u00e9ny v\u00e9szhelyzeti, ideiglenes alkalmaz\u00e1s\u00e1t, az operat\u00edv t\u00f6rzs pedig a beszerz\u00e9s\u00e9t. Ennek nyom\u00e1n a magyar korm\u00e1ny szerz\u0151dhetett els\u0151k\u00e9nt a gy\u00e1rt\u00f3val, \u00edgy m\u00e1rcius v\u00e9g\u00e9ig h\u00e1rom \u00fctemben \u00f6sszesen 6236 ampulla \u00e9rkezik Magyarorsz\u00e1gra.<\/p>\n<p>A bamlanivimab egy koronav\u00edrus-fert\u0151z\u00e9sb\u0151l felgy\u00f3gyult beteg v\u00e9rplazm\u00e1j\u00e1b\u00f3l, molekul\u00e1ris technik\u00e1val k\u00e9sz\u00fclt monoklon\u00e1lis antitest. A gy\u00f3gyszer alkalmaz\u00e1s\u00e1val l\u00e9nyeg\u00e9ben a fert\u0151z\u00e9s kezdeti \u00e1llapot\u00e1ban l\u00e9v\u0151 betegek passz\u00edv immuniz\u00e1ci\u00f3ja t\u00f6rt\u00e9nik meg ellenanyagok bejuttat\u00e1sa \u00e1ltal &#8211; \u00edrta a miniszter.<\/p>\n<p>Az Emmi k\u00f6zlem\u00e9nye szerint szerd\u00e1n 2400, febru\u00e1r m\u00e1sodik fel\u00e9ben 2800, m\u00e1rcius m\u00e1sodik fel\u00e9ben pedig 1000 d\u00f3zist sz\u00e1ll\u00edtanak Magyarorsz\u00e1gra a k\u00e9sz\u00edtm\u00e9nyb\u0151l.<\/p>\n<p>Kit\u00e9rtek arra is, hogy az els\u0151 300 d\u00f3zist a koronav\u00edrussal fert\u0151z\u00f6tt betegek ell\u00e1t\u00e1s\u00e1ban vezet\u0151 szerepet j\u00e1tsz\u00f3 k\u00e9t orsz\u00e1gos gy\u00f3gyint\u00e9zetben, a D\u00e9l-pesti Centrumk\u00f3rh\u00e1zban l\u00e9v\u0151 Infektol\u00f3giai Int\u00e9zetben \u00e9s az Orsz\u00e1gos Kor\u00e1nyi Pulmonol\u00f3giai Int\u00e9zetben, ut\u00e1na pedig a t\u00f6bbi nagy magyar k\u00f3rh\u00e1zban alkalmazz\u00e1k. A gy\u00f3gyszer csak szakmailag ellen\u0151rz\u00f6tt, fel\u00fcgyelt k\u00f6r\u00fclm\u00e9nyek k\u00f6z\u00f6tt adhat\u00f3 be, alkalmaz\u00e1s\u00e1hoz klinikai vizsg\u00e1latra nincs sz\u00fcks\u00e9g, mert az m\u00e1r megt\u00f6rt\u00e9nt &#8211; hangs\u00falyozt\u00e1k.<\/p>\n<p>A miniszt\u00e9rium K\u00e1sler Mikl\u00f3s szavaira hivatkozva azt \u00edrta: az antitestalap\u00fa k\u00e9sz\u00edtm\u00e9ny 70-75 sz\u00e1zal\u00e9kkal cs\u00f6kkenti a s\u00falyosabb sz\u00f6v\u0151dm\u00e9nyek kialakul\u00e1s\u00e1t, \u00edgy a betegek h\u00e1romnegyed\u00e9nek \u00e1llapota nem s\u00falyosbodik, \u00e9s k\u00f3rh\u00e1zi felv\u00e9tel sem sz\u00fcks\u00e9ges.<\/p>\n<p><em>Forr\u00e1s: MTI<\/em><br \/>\n<em>Fot\u00f3: gannett-cdn.com<\/em><\/p>\n","protected":false},"excerpt":{"rendered":"<p>Enged\u00e9lyeztek Magyarorsz\u00e1gon egy, a koronav\u00edrus \u00faj t\u00edpus\u00fa, angliai mut\u00e1ci\u00f3ja ellen is hat\u00e9kony k\u00e9sz\u00edtm\u00e9nyt &#8211; jelentette be K\u00e1sler Mikl\u00f3s, az emberi er\u0151forr\u00e1sok minisztere kedden a Facebook-oldal\u00e1n. Az Emberi Er\u0151forr\u00e1sok Miniszt\u00e9riuma (Emmi) az MTI-vel azt k\u00f6z\u00f6lte: az egyik leghat\u00e9konyabb Covid-ellenes hat\u00f3anyag els\u0151 sz\u00e1ll\u00edtm\u00e1nya szerd\u00e1n \u00e9rkezik. K\u00e1sler Mikl\u00f3s bejegyz\u00e9s\u00e9ben azt \u00edrta: Magyarorsz\u00e1g Eur\u00f3p\u00e1ban els\u0151k\u00e9nt alkalmazhatja az amerikai Eli<\/p>\n","protected":false},"author":1,"featured_media":29984,"comment_status":"closed","ping_status":"closed","sticky":false,"template":"","format":"standard","meta":{"ngg_post_thumbnail":0,"footnotes":""},"categories":[3],"tags":[4738],"class_list":{"0":"post-29983","1":"post","2":"type-post","3":"status-publish","4":"format-standard","5":"has-post-thumbnail","7":"category-hirek","8":"tag-koronavirus"},"yoast_head":"<!-- This site is optimized with the Yoast SEO plugin v27.4 - https:\/\/yoast.com\/product\/yoast-seo-wordpress\/ -->\n<title>Az angliai mut\u00e1ci\u00f3 ellen is hat\u00e9kony k\u00e9sz\u00edtm\u00e9nyt enged\u00e9lyeztek Magyarorsz\u00e1gon<\/title>\n<meta name=\"robots\" content=\"index, follow, max-snippet:-1, max-image-preview:large, max-video-preview:-1\" \/>\n<link rel=\"canonical\" href=\"https:\/\/dorogimedence.hu\/index.php\/2021\/01\/27\/az-angliai-mutacio-ellen-is-hatekony-keszitmenyt-engedelyeztek-magyarorszagon\/\" class=\"yoast-seo-meta-tag\" \/>\n<meta property=\"og:locale\" content=\"hu_HU\" class=\"yoast-seo-meta-tag\" \/>\n<meta property=\"og:type\" content=\"article\" class=\"yoast-seo-meta-tag\" \/>\n<meta property=\"og:title\" content=\"Az angliai mut\u00e1ci\u00f3 ellen is hat\u00e9kony k\u00e9sz\u00edtm\u00e9nyt enged\u00e9lyeztek Magyarorsz\u00e1gon\" class=\"yoast-seo-meta-tag\" \/>\n<meta property=\"og:description\" content=\"Enged\u00e9lyeztek Magyarorsz\u00e1gon egy, a koronav\u00edrus \u00faj t\u00edpus\u00fa, angliai mut\u00e1ci\u00f3ja ellen is hat\u00e9kony k\u00e9sz\u00edtm\u00e9nyt &#8211; jelentette be K\u00e1sler Mikl\u00f3s, az emberi er\u0151forr\u00e1sok minisztere kedden a Facebook-oldal\u00e1n. Az Emberi Er\u0151forr\u00e1sok Miniszt\u00e9riuma (Emmi) az MTI-vel azt k\u00f6z\u00f6lte: az egyik leghat\u00e9konyabb Covid-ellenes hat\u00f3anyag els\u0151 sz\u00e1ll\u00edtm\u00e1nya szerd\u00e1n \u00e9rkezik. K\u00e1sler Mikl\u00f3s bejegyz\u00e9s\u00e9ben azt \u00edrta: Magyarorsz\u00e1g Eur\u00f3p\u00e1ban els\u0151k\u00e9nt alkalmazhatja az amerikai Eli\" class=\"yoast-seo-meta-tag\" \/>\n<meta property=\"og:url\" content=\"https:\/\/dorogimedence.hu\/index.php\/2021\/01\/27\/az-angliai-mutacio-ellen-is-hatekony-keszitmenyt-engedelyeztek-magyarorszagon\/\" class=\"yoast-seo-meta-tag\" \/>\n<meta property=\"og:site_name\" content=\"Dorogi-medence Region\u00e1lis H\u00edrport\u00e1l\" class=\"yoast-seo-meta-tag\" \/>\n<meta property=\"article:publisher\" content=\"https:\/\/www.facebook.com\/dorogimedence\/\" class=\"yoast-seo-meta-tag\" \/>\n<meta property=\"article:published_time\" content=\"2021-01-27T06:17:18+00:00\" class=\"yoast-seo-meta-tag\" \/>\n<meta property=\"article:modified_time\" content=\"2021-01-27T06:18:41+00:00\" class=\"yoast-seo-meta-tag\" \/>\n<meta property=\"og:image\" content=\"https:\/\/i0.wp.com\/dorogimedence.hu\/wp-content\/uploads\/2021\/01\/bamlanivimab.jpg?fit=830%2C450&ssl=1\" class=\"yoast-seo-meta-tag\" \/>\n\t<meta property=\"og:image:width\" content=\"830\" class=\"yoast-seo-meta-tag\" \/>\n\t<meta property=\"og:image:height\" content=\"450\" class=\"yoast-seo-meta-tag\" \/>\n\t<meta property=\"og:image:type\" content=\"image\/jpeg\" class=\"yoast-seo-meta-tag\" \/>\n<meta name=\"author\" content=\"dorogimedence.hu\" class=\"yoast-seo-meta-tag\" \/>\n<meta name=\"twitter:card\" content=\"summary_large_image\" class=\"yoast-seo-meta-tag\" \/>\n<meta name=\"twitter:label1\" content=\"Szerz\u0151:\" class=\"yoast-seo-meta-tag\" \/>\n\t<meta name=\"twitter:data1\" content=\"dorogimedence.hu\" class=\"yoast-seo-meta-tag\" \/>\n\t<meta name=\"twitter:label2\" content=\"Becs\u00fclt olvas\u00e1si id\u0151\" class=\"yoast-seo-meta-tag\" \/>\n\t<meta name=\"twitter:data2\" content=\"2 perc\" class=\"yoast-seo-meta-tag\" \/>\n<script type=\"application\/ld+json\" class=\"yoast-schema-graph\">{\"@context\":\"https:\\\/\\\/schema.org\",\"@graph\":[{\"@type\":\"Article\",\"@id\":\"https:\\\/\\\/dorogimedence.hu\\\/index.php\\\/2021\\\/01\\\/27\\\/az-angliai-mutacio-ellen-is-hatekony-keszitmenyt-engedelyeztek-magyarorszagon\\\/#article\",\"isPartOf\":{\"@id\":\"https:\\\/\\\/dorogimedence.hu\\\/index.php\\\/2021\\\/01\\\/27\\\/az-angliai-mutacio-ellen-is-hatekony-keszitmenyt-engedelyeztek-magyarorszagon\\\/\"},\"author\":{\"name\":\"dorogimedence.hu\",\"@id\":\"https:\\\/\\\/dorogimedence.hu\\\/#\\\/schema\\\/person\\\/ce6091eeb7e95ecdc87890d6aa8e0fd4\"},\"headline\":\"Az angliai mut\u00e1ci\u00f3 ellen is hat\u00e9kony k\u00e9sz\u00edtm\u00e9nyt enged\u00e9lyeztek Magyarorsz\u00e1gon\",\"datePublished\":\"2021-01-27T06:17:18+00:00\",\"dateModified\":\"2021-01-27T06:18:41+00:00\",\"mainEntityOfPage\":{\"@id\":\"https:\\\/\\\/dorogimedence.hu\\\/index.php\\\/2021\\\/01\\\/27\\\/az-angliai-mutacio-ellen-is-hatekony-keszitmenyt-engedelyeztek-magyarorszagon\\\/\"},\"wordCount\":456,\"publisher\":{\"@id\":\"https:\\\/\\\/dorogimedence.hu\\\/#organization\"},\"image\":{\"@id\":\"https:\\\/\\\/dorogimedence.hu\\\/index.php\\\/2021\\\/01\\\/27\\\/az-angliai-mutacio-ellen-is-hatekony-keszitmenyt-engedelyeztek-magyarorszagon\\\/#primaryimage\"},\"thumbnailUrl\":\"https:\\\/\\\/dorogimedence.hu\\\/wp-content\\\/uploads\\\/2021\\\/01\\\/bamlanivimab.jpg\",\"keywords\":[\"koronav\u00edrus\"],\"articleSection\":[\"H\u00edrek\"],\"inLanguage\":\"hu\"},{\"@type\":\"WebPage\",\"@id\":\"https:\\\/\\\/dorogimedence.hu\\\/index.php\\\/2021\\\/01\\\/27\\\/az-angliai-mutacio-ellen-is-hatekony-keszitmenyt-engedelyeztek-magyarorszagon\\\/\",\"url\":\"https:\\\/\\\/dorogimedence.hu\\\/index.php\\\/2021\\\/01\\\/27\\\/az-angliai-mutacio-ellen-is-hatekony-keszitmenyt-engedelyeztek-magyarorszagon\\\/\",\"name\":\"Az angliai mut\u00e1ci\u00f3 ellen is hat\u00e9kony k\u00e9sz\u00edtm\u00e9nyt enged\u00e9lyeztek Magyarorsz\u00e1gon\",\"isPartOf\":{\"@id\":\"https:\\\/\\\/dorogimedence.hu\\\/#website\"},\"primaryImageOfPage\":{\"@id\":\"https:\\\/\\\/dorogimedence.hu\\\/index.php\\\/2021\\\/01\\\/27\\\/az-angliai-mutacio-ellen-is-hatekony-keszitmenyt-engedelyeztek-magyarorszagon\\\/#primaryimage\"},\"image\":{\"@id\":\"https:\\\/\\\/dorogimedence.hu\\\/index.php\\\/2021\\\/01\\\/27\\\/az-angliai-mutacio-ellen-is-hatekony-keszitmenyt-engedelyeztek-magyarorszagon\\\/#primaryimage\"},\"thumbnailUrl\":\"https:\\\/\\\/dorogimedence.hu\\\/wp-content\\\/uploads\\\/2021\\\/01\\\/bamlanivimab.jpg\",\"datePublished\":\"2021-01-27T06:17:18+00:00\",\"dateModified\":\"2021-01-27T06:18:41+00:00\",\"breadcrumb\":{\"@id\":\"https:\\\/\\\/dorogimedence.hu\\\/index.php\\\/2021\\\/01\\\/27\\\/az-angliai-mutacio-ellen-is-hatekony-keszitmenyt-engedelyeztek-magyarorszagon\\\/#breadcrumb\"},\"inLanguage\":\"hu\",\"potentialAction\":[{\"@type\":\"ReadAction\",\"target\":[\"https:\\\/\\\/dorogimedence.hu\\\/index.php\\\/2021\\\/01\\\/27\\\/az-angliai-mutacio-ellen-is-hatekony-keszitmenyt-engedelyeztek-magyarorszagon\\\/\"]}]},{\"@type\":\"ImageObject\",\"inLanguage\":\"hu\",\"@id\":\"https:\\\/\\\/dorogimedence.hu\\\/index.php\\\/2021\\\/01\\\/27\\\/az-angliai-mutacio-ellen-is-hatekony-keszitmenyt-engedelyeztek-magyarorszagon\\\/#primaryimage\",\"url\":\"https:\\\/\\\/dorogimedence.hu\\\/wp-content\\\/uploads\\\/2021\\\/01\\\/bamlanivimab.jpg\",\"contentUrl\":\"https:\\\/\\\/dorogimedence.hu\\\/wp-content\\\/uploads\\\/2021\\\/01\\\/bamlanivimab.jpg\",\"width\":830,\"height\":450},{\"@type\":\"BreadcrumbList\",\"@id\":\"https:\\\/\\\/dorogimedence.hu\\\/index.php\\\/2021\\\/01\\\/27\\\/az-angliai-mutacio-ellen-is-hatekony-keszitmenyt-engedelyeztek-magyarorszagon\\\/#breadcrumb\",\"itemListElement\":[{\"@type\":\"ListItem\",\"position\":1,\"name\":\"Kezd\u0151lap\",\"item\":\"https:\\\/\\\/dorogimedence.hu\\\/\"},{\"@type\":\"ListItem\",\"position\":2,\"name\":\"Az angliai mut\u00e1ci\u00f3 ellen is hat\u00e9kony k\u00e9sz\u00edtm\u00e9nyt enged\u00e9lyeztek Magyarorsz\u00e1gon\"}]},{\"@type\":\"WebSite\",\"@id\":\"https:\\\/\\\/dorogimedence.hu\\\/#website\",\"url\":\"https:\\\/\\\/dorogimedence.hu\\\/\",\"name\":\"Dorogi-medence Region\u00e1lis H\u00edrport\u00e1l\",\"description\":\"Dorog, Keszt\u00f6lc, Le\u00e1nyv\u00e1r, Piliscs\u00e9v, Tokod, Tokodalt\u00e1r\u00f3, Csolnok, Esztergom-kertv\u00e1ros: h\u00edrek, programok\",\"publisher\":{\"@id\":\"https:\\\/\\\/dorogimedence.hu\\\/#organization\"},\"potentialAction\":[{\"@type\":\"SearchAction\",\"target\":{\"@type\":\"EntryPoint\",\"urlTemplate\":\"https:\\\/\\\/dorogimedence.hu\\\/?s={search_term_string}\"},\"query-input\":{\"@type\":\"PropertyValueSpecification\",\"valueRequired\":true,\"valueName\":\"search_term_string\"}}],\"inLanguage\":\"hu\"},{\"@type\":\"Organization\",\"@id\":\"https:\\\/\\\/dorogimedence.hu\\\/#organization\",\"name\":\"Dorogi-medence Region\u00e1lis H\u00edrport\u00e1l\",\"url\":\"https:\\\/\\\/dorogimedence.hu\\\/\",\"logo\":{\"@type\":\"ImageObject\",\"inLanguage\":\"hu\",\"@id\":\"https:\\\/\\\/dorogimedence.hu\\\/#\\\/schema\\\/logo\\\/image\\\/\",\"url\":\"https:\\\/\\\/dorogimedence.hu\\\/wp-content\\\/uploads\\\/2021\\\/04\\\/logo-feher-600.png\",\"contentUrl\":\"https:\\\/\\\/dorogimedence.hu\\\/wp-content\\\/uploads\\\/2021\\\/04\\\/logo-feher-600.png\",\"width\":600,\"height\":100,\"caption\":\"Dorogi-medence Region\u00e1lis H\u00edrport\u00e1l\"},\"image\":{\"@id\":\"https:\\\/\\\/dorogimedence.hu\\\/#\\\/schema\\\/logo\\\/image\\\/\"},\"sameAs\":[\"https:\\\/\\\/www.facebook.com\\\/dorogimedence\\\/\"]},{\"@type\":\"Person\",\"@id\":\"https:\\\/\\\/dorogimedence.hu\\\/#\\\/schema\\\/person\\\/ce6091eeb7e95ecdc87890d6aa8e0fd4\",\"name\":\"dorogimedence.hu\",\"image\":{\"@type\":\"ImageObject\",\"inLanguage\":\"hu\",\"@id\":\"\\\/\\\/www.gravatar.com\\\/avatar\\\/d8d45f8901aadff40a4af72c0b826f1d?s=96&#038;r=g&#038;d=mm\",\"url\":\"\\\/\\\/www.gravatar.com\\\/avatar\\\/d8d45f8901aadff40a4af72c0b826f1d?s=96&#038;r=g&#038;d=mm\",\"contentUrl\":\"\\\/\\\/www.gravatar.com\\\/avatar\\\/d8d45f8901aadff40a4af72c0b826f1d?s=96&#038;r=g&#038;d=mm\",\"caption\":\"dorogimedence.hu\"}}]}<\/script>\n<!-- \/ Yoast SEO plugin. -->","yoast_head_json":{"title":"Az angliai mut\u00e1ci\u00f3 ellen is hat\u00e9kony k\u00e9sz\u00edtm\u00e9nyt enged\u00e9lyeztek Magyarorsz\u00e1gon","robots":{"index":"index","follow":"follow","max-snippet":"max-snippet:-1","max-image-preview":"max-image-preview:large","max-video-preview":"max-video-preview:-1"},"canonical":"https:\/\/dorogimedence.hu\/index.php\/2021\/01\/27\/az-angliai-mutacio-ellen-is-hatekony-keszitmenyt-engedelyeztek-magyarorszagon\/","og_locale":"hu_HU","og_type":"article","og_title":"Az angliai mut\u00e1ci\u00f3 ellen is hat\u00e9kony k\u00e9sz\u00edtm\u00e9nyt enged\u00e9lyeztek Magyarorsz\u00e1gon","og_description":"Enged\u00e9lyeztek Magyarorsz\u00e1gon egy, a koronav\u00edrus \u00faj t\u00edpus\u00fa, angliai mut\u00e1ci\u00f3ja ellen is hat\u00e9kony k\u00e9sz\u00edtm\u00e9nyt &#8211; jelentette be K\u00e1sler Mikl\u00f3s, az emberi er\u0151forr\u00e1sok minisztere kedden a Facebook-oldal\u00e1n. Az Emberi Er\u0151forr\u00e1sok Miniszt\u00e9riuma (Emmi) az MTI-vel azt k\u00f6z\u00f6lte: az egyik leghat\u00e9konyabb Covid-ellenes hat\u00f3anyag els\u0151 sz\u00e1ll\u00edtm\u00e1nya szerd\u00e1n \u00e9rkezik. K\u00e1sler Mikl\u00f3s bejegyz\u00e9s\u00e9ben azt \u00edrta: Magyarorsz\u00e1g Eur\u00f3p\u00e1ban els\u0151k\u00e9nt alkalmazhatja az amerikai Eli","og_url":"https:\/\/dorogimedence.hu\/index.php\/2021\/01\/27\/az-angliai-mutacio-ellen-is-hatekony-keszitmenyt-engedelyeztek-magyarorszagon\/","og_site_name":"Dorogi-medence Region\u00e1lis H\u00edrport\u00e1l","article_publisher":"https:\/\/www.facebook.com\/dorogimedence\/","article_published_time":"2021-01-27T06:17:18+00:00","article_modified_time":"2021-01-27T06:18:41+00:00","og_image":[{"width":830,"height":450,"url":"https:\/\/i0.wp.com\/dorogimedence.hu\/wp-content\/uploads\/2021\/01\/bamlanivimab.jpg?fit=830%2C450&ssl=1","type":"image\/jpeg"}],"author":"dorogimedence.hu","twitter_card":"summary_large_image","twitter_misc":{"Szerz\u0151:":"dorogimedence.hu","Becs\u00fclt olvas\u00e1si id\u0151":"2 perc"},"schema":{"@context":"https:\/\/schema.org","@graph":[{"@type":"Article","@id":"https:\/\/dorogimedence.hu\/index.php\/2021\/01\/27\/az-angliai-mutacio-ellen-is-hatekony-keszitmenyt-engedelyeztek-magyarorszagon\/#article","isPartOf":{"@id":"https:\/\/dorogimedence.hu\/index.php\/2021\/01\/27\/az-angliai-mutacio-ellen-is-hatekony-keszitmenyt-engedelyeztek-magyarorszagon\/"},"author":{"name":"dorogimedence.hu","@id":"https:\/\/dorogimedence.hu\/#\/schema\/person\/ce6091eeb7e95ecdc87890d6aa8e0fd4"},"headline":"Az angliai mut\u00e1ci\u00f3 ellen is hat\u00e9kony k\u00e9sz\u00edtm\u00e9nyt enged\u00e9lyeztek Magyarorsz\u00e1gon","datePublished":"2021-01-27T06:17:18+00:00","dateModified":"2021-01-27T06:18:41+00:00","mainEntityOfPage":{"@id":"https:\/\/dorogimedence.hu\/index.php\/2021\/01\/27\/az-angliai-mutacio-ellen-is-hatekony-keszitmenyt-engedelyeztek-magyarorszagon\/"},"wordCount":456,"publisher":{"@id":"https:\/\/dorogimedence.hu\/#organization"},"image":{"@id":"https:\/\/dorogimedence.hu\/index.php\/2021\/01\/27\/az-angliai-mutacio-ellen-is-hatekony-keszitmenyt-engedelyeztek-magyarorszagon\/#primaryimage"},"thumbnailUrl":"https:\/\/dorogimedence.hu\/wp-content\/uploads\/2021\/01\/bamlanivimab.jpg","keywords":["koronav\u00edrus"],"articleSection":["H\u00edrek"],"inLanguage":"hu"},{"@type":"WebPage","@id":"https:\/\/dorogimedence.hu\/index.php\/2021\/01\/27\/az-angliai-mutacio-ellen-is-hatekony-keszitmenyt-engedelyeztek-magyarorszagon\/","url":"https:\/\/dorogimedence.hu\/index.php\/2021\/01\/27\/az-angliai-mutacio-ellen-is-hatekony-keszitmenyt-engedelyeztek-magyarorszagon\/","name":"Az angliai mut\u00e1ci\u00f3 ellen is hat\u00e9kony k\u00e9sz\u00edtm\u00e9nyt enged\u00e9lyeztek Magyarorsz\u00e1gon","isPartOf":{"@id":"https:\/\/dorogimedence.hu\/#website"},"primaryImageOfPage":{"@id":"https:\/\/dorogimedence.hu\/index.php\/2021\/01\/27\/az-angliai-mutacio-ellen-is-hatekony-keszitmenyt-engedelyeztek-magyarorszagon\/#primaryimage"},"image":{"@id":"https:\/\/dorogimedence.hu\/index.php\/2021\/01\/27\/az-angliai-mutacio-ellen-is-hatekony-keszitmenyt-engedelyeztek-magyarorszagon\/#primaryimage"},"thumbnailUrl":"https:\/\/dorogimedence.hu\/wp-content\/uploads\/2021\/01\/bamlanivimab.jpg","datePublished":"2021-01-27T06:17:18+00:00","dateModified":"2021-01-27T06:18:41+00:00","breadcrumb":{"@id":"https:\/\/dorogimedence.hu\/index.php\/2021\/01\/27\/az-angliai-mutacio-ellen-is-hatekony-keszitmenyt-engedelyeztek-magyarorszagon\/#breadcrumb"},"inLanguage":"hu","potentialAction":[{"@type":"ReadAction","target":["https:\/\/dorogimedence.hu\/index.php\/2021\/01\/27\/az-angliai-mutacio-ellen-is-hatekony-keszitmenyt-engedelyeztek-magyarorszagon\/"]}]},{"@type":"ImageObject","inLanguage":"hu","@id":"https:\/\/dorogimedence.hu\/index.php\/2021\/01\/27\/az-angliai-mutacio-ellen-is-hatekony-keszitmenyt-engedelyeztek-magyarorszagon\/#primaryimage","url":"https:\/\/dorogimedence.hu\/wp-content\/uploads\/2021\/01\/bamlanivimab.jpg","contentUrl":"https:\/\/dorogimedence.hu\/wp-content\/uploads\/2021\/01\/bamlanivimab.jpg","width":830,"height":450},{"@type":"BreadcrumbList","@id":"https:\/\/dorogimedence.hu\/index.php\/2021\/01\/27\/az-angliai-mutacio-ellen-is-hatekony-keszitmenyt-engedelyeztek-magyarorszagon\/#breadcrumb","itemListElement":[{"@type":"ListItem","position":1,"name":"Kezd\u0151lap","item":"https:\/\/dorogimedence.hu\/"},{"@type":"ListItem","position":2,"name":"Az angliai mut\u00e1ci\u00f3 ellen is hat\u00e9kony k\u00e9sz\u00edtm\u00e9nyt enged\u00e9lyeztek Magyarorsz\u00e1gon"}]},{"@type":"WebSite","@id":"https:\/\/dorogimedence.hu\/#website","url":"https:\/\/dorogimedence.hu\/","name":"Dorogi-medence Region\u00e1lis H\u00edrport\u00e1l","description":"Dorog, Keszt\u00f6lc, Le\u00e1nyv\u00e1r, Piliscs\u00e9v, Tokod, Tokodalt\u00e1r\u00f3, Csolnok, Esztergom-kertv\u00e1ros: h\u00edrek, programok","publisher":{"@id":"https:\/\/dorogimedence.hu\/#organization"},"potentialAction":[{"@type":"SearchAction","target":{"@type":"EntryPoint","urlTemplate":"https:\/\/dorogimedence.hu\/?s={search_term_string}"},"query-input":{"@type":"PropertyValueSpecification","valueRequired":true,"valueName":"search_term_string"}}],"inLanguage":"hu"},{"@type":"Organization","@id":"https:\/\/dorogimedence.hu\/#organization","name":"Dorogi-medence Region\u00e1lis H\u00edrport\u00e1l","url":"https:\/\/dorogimedence.hu\/","logo":{"@type":"ImageObject","inLanguage":"hu","@id":"https:\/\/dorogimedence.hu\/#\/schema\/logo\/image\/","url":"https:\/\/dorogimedence.hu\/wp-content\/uploads\/2021\/04\/logo-feher-600.png","contentUrl":"https:\/\/dorogimedence.hu\/wp-content\/uploads\/2021\/04\/logo-feher-600.png","width":600,"height":100,"caption":"Dorogi-medence Region\u00e1lis H\u00edrport\u00e1l"},"image":{"@id":"https:\/\/dorogimedence.hu\/#\/schema\/logo\/image\/"},"sameAs":["https:\/\/www.facebook.com\/dorogimedence\/"]},{"@type":"Person","@id":"https:\/\/dorogimedence.hu\/#\/schema\/person\/ce6091eeb7e95ecdc87890d6aa8e0fd4","name":"dorogimedence.hu","image":{"@type":"ImageObject","inLanguage":"hu","@id":"\/\/www.gravatar.com\/avatar\/d8d45f8901aadff40a4af72c0b826f1d?s=96&#038;r=g&#038;d=mm","url":"\/\/www.gravatar.com\/avatar\/d8d45f8901aadff40a4af72c0b826f1d?s=96&#038;r=g&#038;d=mm","contentUrl":"\/\/www.gravatar.com\/avatar\/d8d45f8901aadff40a4af72c0b826f1d?s=96&#038;r=g&#038;d=mm","caption":"dorogimedence.hu"}}]}},"_links":{"self":[{"href":"https:\/\/dorogimedence.hu\/index.php\/wp-json\/wp\/v2\/posts\/29983","targetHints":{"allow":["GET"]}}],"collection":[{"href":"https:\/\/dorogimedence.hu\/index.php\/wp-json\/wp\/v2\/posts"}],"about":[{"href":"https:\/\/dorogimedence.hu\/index.php\/wp-json\/wp\/v2\/types\/post"}],"author":[{"embeddable":true,"href":"https:\/\/dorogimedence.hu\/index.php\/wp-json\/wp\/v2\/users\/1"}],"replies":[{"embeddable":true,"href":"https:\/\/dorogimedence.hu\/index.php\/wp-json\/wp\/v2\/comments?post=29983"}],"version-history":[{"count":0,"href":"https:\/\/dorogimedence.hu\/index.php\/wp-json\/wp\/v2\/posts\/29983\/revisions"}],"wp:featuredmedia":[{"embeddable":true,"href":"https:\/\/dorogimedence.hu\/index.php\/wp-json\/wp\/v2\/media\/29984"}],"wp:attachment":[{"href":"https:\/\/dorogimedence.hu\/index.php\/wp-json\/wp\/v2\/media?parent=29983"}],"wp:term":[{"taxonomy":"category","embeddable":true,"href":"https:\/\/dorogimedence.hu\/index.php\/wp-json\/wp\/v2\/categories?post=29983"},{"taxonomy":"post_tag","embeddable":true,"href":"https:\/\/dorogimedence.hu\/index.php\/wp-json\/wp\/v2\/tags?post=29983"}],"curies":[{"name":"wp","href":"https:\/\/api.w.org\/{rel}","templated":true}]}}