{"id":29980,"date":"2021-01-26T15:11:58","date_gmt":"2021-01-26T14:11:58","guid":{"rendered":"http:\/\/dorogimedence.hu\/?p=29980"},"modified":"2021-01-26T15:13:35","modified_gmt":"2021-01-26T14:13:35","slug":"karesetekbol-keszitettek-albumot-a-tuzoltok","status":"publish","type":"post","link":"https:\/\/dorogimedence.hu\/index.php\/2021\/01\/26\/karesetekbol-keszitettek-albumot-a-tuzoltok\/","title":{"rendered":"K\u00e1resetekb\u0151l k\u00e9sz\u00edtettek albumot a t\u0171zolt\u00f3k"},"content":{"rendered":"<p><strong>A tavalyi \u00e9v minden h\u00f3napj\u00e1b\u00f3l, egy-egy fontos, \u00e9rdekes \u00fczenetet hordoz\u00f3 beavatkoz\u00e1s j\u00f3l elkapott pillanatair\u00f3l k\u00e9sz\u00edtett albumot a Kom\u00e1rom-Esztergom Megyei Katasztr\u00f3fav\u00e9delmi Igazgat\u00f3s\u00e1g.<\/strong><\/p>\n<p>A k\u00e9pet k\u00e9sz\u00edt\u0151 t\u0171zolt\u00f3kat megk\u00e9rt\u00e9k, hogy adjanak c\u00edmet a fot\u00f3ikhoz.<\/p>\n<figure class=\"image image_resized\"><img decoding=\"async\" src=\"https:\/\/komarom.katasztrofavedelem.hu\/image\/902065\" alt=\"902065\"><figcaption><span class=\"text-big\">1. <strong>JANU\u00c1R &#8211; <\/strong>F\u00e9nyk\u00e9pet k\u00e9sz\u00edtette: <strong>Csepilek Soma t\u0171. \u0151rmester.<\/strong> C\u00edm: <strong>Amikor minden v\u00e9get \u00e9r<\/strong>. Gyorshajt\u00e1sok gyakori okoz\u00f3i a k\u00f6z\u00fati baleseteknek. Az esztergomi t\u0171zolt\u00f3 a m\u0171szaki ment\u00e9sn\u00e9l azt dokument\u00e1lta, ahogy a baleset k\u00f6vetkezt\u00e9ben a m\u0171szerfal mutat\u00f3ja fennakadt, a j\u00e1rm\u0171 halad\u00e1si sebess\u00e9g\u00e9t r\u00f6gz\u00edtve.&nbsp;<\/span><\/figcaption><\/figure>\n<figure class=\"image image_resized\"><img decoding=\"async\" src=\"https:\/\/komarom.katasztrofavedelem.hu\/image\/902067\" alt=\"902067\"><figcaption><span class=\"text-big\">2.<strong> Febru\u00e1r &#8211; <\/strong>F\u00e9nyk\u00e9pet k\u00e9sz\u00edtette: <strong>Kriszeg S\u00e1ndor t\u0171. sz\u00e1zados<\/strong>.C\u00edm: <strong>Kezd\u0151dik. <\/strong>Szabadt\u00e9ri t\u00fczek gyakori oka, a fel\u00fcgyelet n\u00e9lk\u00fcl hagyott t\u0171z, vagy a nem kijel\u00f6lt helyen val\u00f3 t\u0171zgy\u00fajt\u00e1s. A belter\u00fcleti n\u00f6v\u00e9nyi hullad\u00e9k\u00e9get\u00e9s szab\u00e1lyair\u00f3l minden esetben az err\u0151l kiadott \u00f6nkorm\u00e1nyzati rendelet hat\u00e1roz, amennyiben nincs ilyen rendelet, \u00fagy a telep\u00fcl\u00e9sen n\u00f6v\u00e9nyi hullad\u00e9kot \u00e9getni tilos. A nyerges\u00fajfalui t\u0171zolt\u00f3 fot\u00f3j\u00e1n a t\u0171zolt\u00f3k k\u00e9ziszersz\u00e1mokkal val\u00f3 beavatkoz\u00e1s\u00e1t \u00f6r\u00f6k\u00edtette meg.&nbsp;<\/span><\/figcaption><\/figure>\n<figure class=\"image image_resized\"><img decoding=\"async\" src=\"https:\/\/komarom.katasztrofavedelem.hu\/image\/902069\" alt=\"902069\"><figcaption><span class=\"text-big\">3.<strong> M\u00e1rcius &#8211; <\/strong>F\u00e9nyk\u00e9pet k\u00e9sz\u00edtette: <strong>T\u00e9gl\u00e1s D\u00e1vid t\u0171. \u0151rmester<\/strong>. C\u00edm: <strong>Az els\u0151 lak\u00e1st\u00fczem<\/strong>. A f\u0171t\u00e9si id\u0151szakban, a lak\u00e1st\u00fczek gyakori okoz\u00f3ja lehet a k\u00e9m\u00e9nyek nem megfelel\u0151 m\u0171szaki \u00e1llapota. Ez\u00e9rt is fontos, hogy k\u00e9m\u00e9ny\u00fcnket, f\u0171t\u0151berendez\u00e9seinket minden \u00e9vben ellen\u0151riztess\u00fck. 2020-ban 28 esetben riasztott\u00e1k a megye t\u0171zolt\u00f3it k\u00e9m\u00e9nyt\u00fczekhez. A k\u00e9p egy lak\u00f3h\u00e1z olt\u00e1s\u00e1n\u00e1l k\u00e9sz\u00fclt.<\/span><\/figcaption><\/figure>\n<figure class=\"image image_resized\"><img decoding=\"async\" src=\"https:\/\/komarom.katasztrofavedelem.hu\/image\/902071\" alt=\"902071\"><figcaption><span class=\"text-big\">4.<strong> \u00c1prilis &#8211; <\/strong>A f\u00e9nyk\u00e9pet k\u00e9sz\u00edtette:<strong> Lugosi Andr\u00e1s t\u0171. hadnagy<\/strong>. C\u00edm: <strong>Szemt\u0151l szemben. <\/strong>A lak\u00e1st\u00fczek k\u00f6nnyen megel\u0151zhet\u0151ek, ha rendelkez\u00fcnk f\u00fcst\u00e9rz\u00e9kel\u0151 k\u00e9sz\u00fcl\u00e9kkel. A k\u00e9sz\u00fcl\u00e9k a f\u00fcst jelenl\u00e9t\u00e9t hangjelz\u00e9ssel adja tudtunkra, \u00edgy id\u0151ben elh\u00e1r\u00edthat\u00f3 az \u00e9letvesz\u00e9ly, cs\u00f6kkenthet\u0151 az anyagi k\u00e1rok m\u00e9rt\u00e9ke.&nbsp;<\/span><\/figcaption><\/figure>\n<figure class=\"image image_resized\"><img decoding=\"async\" src=\"https:\/\/komarom.katasztrofavedelem.hu\/image\/902073\" alt=\"902073\"><figcaption><span class=\"text-big\">5.<strong> M\u00e1jus &#8211; <\/strong>F\u00e9nyk\u00e9pet k\u00e9sz\u00edtette: <strong>Haris J\u00f3zsef t\u0171.<\/strong> sz\u00e1zados. C\u00edm: <strong>A f\u00fcst.<\/strong> Szabadt\u00e9ri t\u00fczek olt\u00e1s\u00e1n\u00e1l a t\u0171zolt\u00f3i beavatkoz\u00e1s mindig az uralkod\u00f3 sz\u00e9lir\u00e1nynak megfelel\u0151en t\u00f6rt\u00e9nik. Sokszor a terepviszonyok miatt a t\u00fczet nehezen lehet megk\u00f6zel\u00edteni, vagy a t\u0171z m\u00e9rete lehetetlenn\u00e9 teszi a v\u00edzsugarak haszn\u00e1lat\u00e1t. A t\u0171zolt\u00f3k ilyenkor k\u00e9ziszersz\u00e1mok \u00e9s puttonyfecskend\u0151k seg\u00edts\u00e9g\u00e9vel hat\u00e1rolj\u00e1k k\u00f6r\u00fcl a t\u00fczet, megakad\u00e1lyozva annak terjed\u00e9s\u00e9t.<\/span><\/figcaption><\/figure>\n<figure class=\"image image_resized\"><img decoding=\"async\" src=\"https:\/\/komarom.katasztrofavedelem.hu\/image\/902075\" alt=\"902075\"><figcaption><span class=\"text-big\">6.<strong> J\u00fanius &#8211; <\/strong>A f\u00e9nyk\u00e9pet k\u00e9sz\u00edtette: A <strong>Kisb\u00e9ri Katasztr\u00f3fav\u00e9delmi \u0150rs <\/strong>egyik t\u0171zolt\u00f3ja C\u00edm: <strong>L\u00e1ngol a hat\u00e1r. <\/strong>2020-ban Kom\u00e1rom-Esztergom megy\u00e9ben \u00f6sszesen 287 esetben volt olyan szabadt\u00e9ri t\u0171zeset, ahol t\u0171zolt\u00f3i beavatkoz\u00e1sra volt sz\u00fcks\u00e9g. Az erd\u0151 \u00e9s veget\u00e1ci\u00f3 t\u00fczek tekintet\u00e9ben le\u00e9gett ter\u00fclet nagys\u00e1ga 127 hekt\u00e1rra tehet\u0151. Ez 40%-os cs\u00f6kken\u00e9st mutat a 2019-es \u00e9vhez k\u00e9pest. A k\u00fclter\u00fcleti ir\u00e1ny\u00edtott \u00e9get\u00e9s el\u0151tt fontos, hogy a katasztr\u00f3fav\u00e9delem r\u00e9sz\u00e9re bejelent\u0151lapon megk\u00fcldj\u00fck az \u00e9get\u00e9s helysz\u00edn\u00e9t, m\u00e9ret\u00e9t \u00e9s ok\u00e1t, \u00edgy t\u00f6bbek k\u00f6z\u00f6tt t\u00f6bbletmunk\u00e1t\u00f3l \u00f3vhatjuk meg a t\u0171zolt\u00f3kat, amely a val\u00f3s \u00e9let- \u00e9s anyagi ment\u00e9st\u0151l vonhat el er\u0151ket.&nbsp;<\/span><\/figcaption><\/figure>\n<figure class=\"image image_resized\"><img decoding=\"async\" src=\"https:\/\/komarom.katasztrofavedelem.hu\/image\/902077\" alt=\"902077\"><figcaption><span class=\"text-big\">7.<strong> J\u00falius &#8211; <\/strong>A f\u00e9nyk\u00e9pet k\u00e9sz\u00edtette: <strong>Varga Mih\u00e1ly Sebesty\u00e9n t\u0171. f\u0151hadnagy. <\/strong>C\u00edm: <strong>A v\u00edz \u00fatjai. <\/strong>A k\u00e9p egy sz\u00e9nat\u00e1rol\u00f3 t\u00fcz\u00e9n\u00e9l k\u00e9sz\u00fclt, amit a beavatkoz\u00e1sban r\u00e9sztvev\u0151 t\u0171zolt\u00f3k t\u00f6bb napi munk\u00e1j\u00e1val siker\u00fclt csak eloltani. A t\u0171zolt\u00f3i beavatkoz\u00e1s sor\u00e1n a szervezet szakemberei a k\u00f6rnyez\u0151 lakott ter\u00fcleteken m\u00e9r\u00e9seket v\u00e9geztek a l\u00e9gt\u00e9r \u00e9g\u00e9sterm\u00e9kkel val\u00f3 szennyezetts\u00e9g\u00e9t vizsg\u00e1lva, hogy indokolt esetben a lakosok kimenek\u00edt\u00e9s\u00e9r\u0151l id\u0151ben gondoskodni tudjanak.<\/span><\/figcaption><\/figure>\n<figure class=\"image image_resized\"><img decoding=\"async\" src=\"https:\/\/komarom.katasztrofavedelem.hu\/image\/902079\" alt=\"902079\"><figcaption><span class=\"text-big\">8. <strong>Augusztus &#8211; <\/strong>A f\u00e9nyk\u00e9pet k\u00e9sz\u00edtette: <strong>Haris J\u00f3zsef t\u0171. sz\u00e1zados.<\/strong> C\u00edm:<strong> Kukoric\u00e1s. <\/strong>K\u00f6z\u00fati balesetekn\u00e9l a t\u0171zolt\u00f3k el\u0151sz\u00f6r az \u00e9letment\u00e9sr\u0151l gondoskodnak. Amennyiben van g\u00e9pj\u00e1rm\u0171be szorult s\u00e9r\u00fclt, azt &#8211; sok esetben a ment\u0151szolg\u00e1lat munkat\u00e1rsaival egy\u00fcttm\u0171k\u00f6dve \u2013 speci\u00e1lis fesz\u00edt\u0151 v\u00e1g\u00f3 berendez\u00e9sek haszn\u00e1lat\u00e1val szabad\u00edtj\u00e1k ki. A j\u00e1rm\u0171veket minden esetben \u00e1ramtalan\u00edtj\u00e1k, ezzel is egy fontos vesz\u00e9lyforr\u00e1st kiiktatva. Kom\u00e1rom-Esztergom megy\u00e9ben 2020-ban 1197 esetben v\u00e9geztek m\u0171szaki ment\u00e9st a megye t\u0171zolt\u00f3i (ezek jelent\u0151s r\u00e9sz\u00e9t k\u00f6z\u00fati balesetek helysz\u00edn\u00e9n).<\/span><\/figcaption><\/figure>\n<figure class=\"image image_resized\"><img decoding=\"async\" src=\"https:\/\/komarom.katasztrofavedelem.hu\/image\/902081\" alt=\"902081\"><figcaption><span class=\"text-big\">9. <strong>Szeptember &#8211; <\/strong>F\u00e9nyk\u00e9pet k\u00e9sz\u00edtette: <strong>Ughy \u00c1kos t\u0171. f\u0151t\u00f6rzs\u0151rmeste<\/strong>r. C\u00edm:<strong> Technika az \u00e9let v\u00e9delm\u00e9ben<\/strong>. Minden t\u0171zolt\u00e1st ut\u00f3munk\u00e1latok k\u00f6vetnek. Az ut\u00f3munk\u00e1latok sor\u00e1n els\u0151dleges szempont, hogy az eloltott (lefeket\u00edtett) t\u0171z helysz\u00edn\u00e9n az esetleges h\u0151forr\u00e1sokat, izz\u00e1sokat megtal\u00e1lj\u00e1k a t\u0171zolt\u00f3k, ezzel az \u00fajragyullad\u00e1st megakad\u00e1lyozva. Ezekben a feladatokban ny\u00fajt seg\u00edts\u00e9get az egys\u00e9gekn\u00e9l rendszeres\u00edtett h\u0151kamera haszn\u00e1lata.<\/span><\/figcaption><\/figure>\n<figure class=\"image image_resized\"><img decoding=\"async\" src=\"https:\/\/komarom.katasztrofavedelem.hu\/image\/902083\" alt=\"902083\"><figcaption><span class=\"text-big\">10.<strong> Okt\u00f3ber: <\/strong>F\u00e9nyk\u00e9pet k\u00e9sz\u00edtette: <strong>Varga Mih\u00e1ly Sebesty\u00e9n t\u0171. f\u0151hadnagy. <\/strong>C\u00edm: <strong>Egys\u00e9gben az er\u0151. <\/strong>A megye t\u00f6bb pontj\u00e1t \u00e9rint\u0151 heves es\u0151z\u00e9sek hatalmas k\u00e1rokat okoztak megy\u00e9nkben a m\u00falt ny\u00e1r folyam\u00e1n. A telep\u00fcl\u00e9si \u00f6nk\u00e9ntes ment\u0151csoportok felk\u00e9sz\u00edt\u00e9s\u00e9t id\u00e9n \u00e9rt\u00e9kteremt\u0151 c\u00e9llal a ki\u00f6nt\u00f6tt Baj\u00f3ti patak medr\u00e9nek megtiszt\u00edt\u00e1s\u00e1val k\u00f6t\u00f6tte egybe a megyei katasztr\u00f3fav\u00e9delmi igazgat\u00f3s\u00e1g. A gyakorlat sor\u00e1n a patak medr\u00e9t t\u00f6bb mint k\u00e9t kilom\u00e9ter hosszan tiszt\u00edtott\u00e1k meg a r\u00e9sztvev\u0151 \u00f6nk\u00e9ntesek.<\/span><\/figcaption><\/figure>\n<figure class=\"image image_resized\"><img decoding=\"async\" src=\"https:\/\/komarom.katasztrofavedelem.hu\/image\/902085\" alt=\"902085\"><figcaption><span class=\"text-big\">11. <strong>November: <\/strong>F\u00e9nyk\u00e9pet k\u00e9sz\u00edtette: <strong>Horv\u00e1th-G\u00e1l Imre t\u0171. sz\u00e1zados.<\/strong> C\u00edm: <strong>G\u0151zf\u00fcrd\u0151<\/strong>. Gyakori beavatkoz\u00e1sok egyik fajt\u00e1ja: g\u00e9pj\u00e1rm\u0171t\u0171z. J\u00e1rm\u0171v\u00fcnk, saj\u00e1t \u00e9s utasaink testi \u00e9ps\u00e9g\u00e9nek meg\u00f3v\u00e1sa \u00e9rdek\u00e9ben legt\u00f6bbet azzal tehet\u00fcnk, ha a kisebb jav\u00edt\u00e1sokat is szak\u00e9rt\u0151vel v\u00e9geztetj\u00fck. \u00c9rdemes egy k\u00e9zi t\u0171zolt\u00f3 k\u00e9sz\u00fcl\u00e9ket a j\u00e1rm\u0171v\u00fcnkben tartanunk, mellyel a kezd\u0151d\u0151, kisebb t\u00fczet m\u00e9g p\u00e1r m\u00e1sodpercig j\u00f3 es\u00e9llyel meg tudjuk f\u00e9kezni.<\/span><\/figcaption><\/figure>\n<figure class=\"image image_resized\"><img decoding=\"async\" src=\"https:\/\/komarom.katasztrofavedelem.hu\/image\/902087\" alt=\"902087\"><figcaption><span class=\"text-big\">12.<strong> December: <\/strong>F\u00e9nyk\u00e9pet k\u00e9sz\u00edtette: <strong>Ol\u00e1h Zsolt t\u0171. sz\u00e1zados.<\/strong> C\u00edm: <strong>K\u00e1rhelysz\u00edni k\u00e9peslap. <\/strong>Az olt\u00e1sban r\u00e9sztvev\u0151 t\u0171zolt\u00f3k elmond\u00e1sa alapj\u00e1n a Bokodi-h\u0171t\u0151t\u00f3 lebeg\u0151faluj\u00e1ban minden \u00e9vben kell oltani. A h\u00e1zak f\u00e1b\u00f3l \u00e9p\u00fcltek \u00e9s nagyon k\u00f6zel egym\u00e1shoz, ez\u00e9rt mindig t\u00f6bb h\u00e1z \u00e9g egyszerre. Jelen esetben a t\u0171zolt\u00f3k kem\u00e9ny munk\u00e1ja \u00e9s a kedvez\u0151 sz\u00e9lir\u00e1ny mentette meg a szomsz\u00e9dos st\u00e9gen \u00e1ll\u00f3 ingatlant. A decemberi t\u00fczet feltehet\u0151en meghib\u00e1sodott f\u0171t\u0151berendez\u00e9s okozta.&nbsp;<\/span><\/figcaption><\/figure>\n<p>&nbsp;<\/p>\n<p><em>Fot\u00f3k, forr\u00e1s: komarom.katasztrofavedelem.hu<\/em><\/p>\n","protected":false},"excerpt":{"rendered":"<p>A tavalyi \u00e9v minden h\u00f3napj\u00e1b\u00f3l, egy-egy fontos, \u00e9rdekes \u00fczenetet hordoz\u00f3 beavatkoz\u00e1s j\u00f3l elkapott pillanatair\u00f3l k\u00e9sz\u00edtett albumot a Kom\u00e1rom-Esztergom Megyei Katasztr\u00f3fav\u00e9delmi Igazgat\u00f3s\u00e1g. A k\u00e9pet k\u00e9sz\u00edt\u0151 t\u0171zolt\u00f3kat megk\u00e9rt\u00e9k, hogy adjanak c\u00edmet a fot\u00f3ikhoz. 1. JANU\u00c1R &#8211; F\u00e9nyk\u00e9pet k\u00e9sz\u00edtette: Csepilek Soma t\u0171. \u0151rmester. C\u00edm: Amikor minden v\u00e9get \u00e9r. Gyorshajt\u00e1sok gyakori okoz\u00f3i a k\u00f6z\u00fati baleseteknek. Az esztergomi t\u0171zolt\u00f3 a<\/p>\n","protected":false},"author":1,"featured_media":29982,"comment_status":"closed","ping_status":"closed","sticky":false,"template":"","format":"standard","meta":{"ngg_post_thumbnail":0,"footnotes":""},"categories":[3,39,56],"tags":[5379,175,65],"class_list":{"0":"post-29980","1":"post","2":"type-post","3":"status-publish","4":"format-standard","5":"has-post-thumbnail","7":"category-hirek","8":"category-kek-hirek","9":"category-komarom-esztergom","10":"tag-karesetek","11":"tag-katasztrofavedelem","12":"tag-tuzoltosag"},"yoast_head":"<!-- This site is optimized with the Yoast SEO plugin v27.4 - https:\/\/yoast.com\/product\/yoast-seo-wordpress\/ -->\n<title>K\u00e1resetekb\u0151l k\u00e9sz\u00edtettek albumot a t\u0171zolt\u00f3k<\/title>\n<meta name=\"robots\" content=\"index, follow, max-snippet:-1, max-image-preview:large, max-video-preview:-1\" \/>\n<link rel=\"canonical\" href=\"https:\/\/dorogimedence.hu\/index.php\/2021\/01\/26\/karesetekbol-keszitettek-albumot-a-tuzoltok\/\" class=\"yoast-seo-meta-tag\" \/>\n<meta property=\"og:locale\" content=\"hu_HU\" class=\"yoast-seo-meta-tag\" \/>\n<meta property=\"og:type\" content=\"article\" class=\"yoast-seo-meta-tag\" \/>\n<meta property=\"og:title\" content=\"K\u00e1resetekb\u0151l k\u00e9sz\u00edtettek albumot a t\u0171zolt\u00f3k\" class=\"yoast-seo-meta-tag\" \/>\n<meta property=\"og:description\" content=\"A tavalyi \u00e9v minden h\u00f3napj\u00e1b\u00f3l, egy-egy fontos, \u00e9rdekes \u00fczenetet hordoz\u00f3 beavatkoz\u00e1s j\u00f3l elkapott pillanatair\u00f3l k\u00e9sz\u00edtett albumot a Kom\u00e1rom-Esztergom Megyei Katasztr\u00f3fav\u00e9delmi Igazgat\u00f3s\u00e1g. A k\u00e9pet k\u00e9sz\u00edt\u0151 t\u0171zolt\u00f3kat megk\u00e9rt\u00e9k, hogy adjanak c\u00edmet a fot\u00f3ikhoz. 1. JANU\u00c1R &#8211; F\u00e9nyk\u00e9pet k\u00e9sz\u00edtette: Csepilek Soma t\u0171. \u0151rmester. C\u00edm: Amikor minden v\u00e9get \u00e9r. Gyorshajt\u00e1sok gyakori okoz\u00f3i a k\u00f6z\u00fati baleseteknek. Az esztergomi t\u0171zolt\u00f3 a\" class=\"yoast-seo-meta-tag\" \/>\n<meta property=\"og:url\" content=\"https:\/\/dorogimedence.hu\/index.php\/2021\/01\/26\/karesetekbol-keszitettek-albumot-a-tuzoltok\/\" class=\"yoast-seo-meta-tag\" \/>\n<meta property=\"og:site_name\" content=\"Dorogi-medence Region\u00e1lis H\u00edrport\u00e1l\" class=\"yoast-seo-meta-tag\" \/>\n<meta property=\"article:publisher\" content=\"https:\/\/www.facebook.com\/dorogimedence\/\" class=\"yoast-seo-meta-tag\" \/>\n<meta property=\"article:published_time\" content=\"2021-01-26T14:11:58+00:00\" class=\"yoast-seo-meta-tag\" \/>\n<meta property=\"article:modified_time\" content=\"2021-01-26T14:13:35+00:00\" class=\"yoast-seo-meta-tag\" \/>\n<meta property=\"og:image\" content=\"https:\/\/i0.wp.com\/dorogimedence.hu\/wp-content\/uploads\/2021\/01\/kareset-album.jpg?fit=830%2C450&ssl=1\" class=\"yoast-seo-meta-tag\" \/>\n\t<meta property=\"og:image:width\" content=\"830\" class=\"yoast-seo-meta-tag\" \/>\n\t<meta property=\"og:image:height\" content=\"450\" class=\"yoast-seo-meta-tag\" \/>\n\t<meta property=\"og:image:type\" content=\"image\/jpeg\" class=\"yoast-seo-meta-tag\" \/>\n<meta name=\"author\" content=\"dorogimedence.hu\" class=\"yoast-seo-meta-tag\" \/>\n<meta name=\"twitter:card\" content=\"summary_large_image\" class=\"yoast-seo-meta-tag\" \/>\n<meta name=\"twitter:label1\" content=\"Szerz\u0151:\" class=\"yoast-seo-meta-tag\" \/>\n\t<meta name=\"twitter:data1\" content=\"dorogimedence.hu\" class=\"yoast-seo-meta-tag\" \/>\n\t<meta name=\"twitter:label2\" content=\"Becs\u00fclt olvas\u00e1si id\u0151\" class=\"yoast-seo-meta-tag\" \/>\n\t<meta name=\"twitter:data2\" content=\"6 perc\" class=\"yoast-seo-meta-tag\" \/>\n<script type=\"application\/ld+json\" class=\"yoast-schema-graph\">{\"@context\":\"https:\\\/\\\/schema.org\",\"@graph\":[{\"@type\":\"Article\",\"@id\":\"https:\\\/\\\/dorogimedence.hu\\\/index.php\\\/2021\\\/01\\\/26\\\/karesetekbol-keszitettek-albumot-a-tuzoltok\\\/#article\",\"isPartOf\":{\"@id\":\"https:\\\/\\\/dorogimedence.hu\\\/index.php\\\/2021\\\/01\\\/26\\\/karesetekbol-keszitettek-albumot-a-tuzoltok\\\/\"},\"author\":{\"name\":\"dorogimedence.hu\",\"@id\":\"https:\\\/\\\/dorogimedence.hu\\\/#\\\/schema\\\/person\\\/ce6091eeb7e95ecdc87890d6aa8e0fd4\"},\"headline\":\"K\u00e1resetekb\u0151l k\u00e9sz\u00edtettek albumot a t\u0171zolt\u00f3k\",\"datePublished\":\"2021-01-26T14:11:58+00:00\",\"dateModified\":\"2021-01-26T14:13:35+00:00\",\"mainEntityOfPage\":{\"@id\":\"https:\\\/\\\/dorogimedence.hu\\\/index.php\\\/2021\\\/01\\\/26\\\/karesetekbol-keszitettek-albumot-a-tuzoltok\\\/\"},\"wordCount\":1299,\"publisher\":{\"@id\":\"https:\\\/\\\/dorogimedence.hu\\\/#organization\"},\"image\":{\"@id\":\"https:\\\/\\\/dorogimedence.hu\\\/index.php\\\/2021\\\/01\\\/26\\\/karesetekbol-keszitettek-albumot-a-tuzoltok\\\/#primaryimage\"},\"thumbnailUrl\":\"https:\\\/\\\/dorogimedence.hu\\\/wp-content\\\/uploads\\\/2021\\\/01\\\/kareset-album.jpg\",\"keywords\":[\"k\u00e1resetek\",\"katasztr\u00f3fav\u00e9delem\",\"t\u0171zolt\u00f3s\u00e1g\"],\"articleSection\":[\"H\u00edrek\",\"K\u00e9k h\u00edrek\",\"Kom\u00e1rom-Esztergom\"],\"inLanguage\":\"hu\"},{\"@type\":\"WebPage\",\"@id\":\"https:\\\/\\\/dorogimedence.hu\\\/index.php\\\/2021\\\/01\\\/26\\\/karesetekbol-keszitettek-albumot-a-tuzoltok\\\/\",\"url\":\"https:\\\/\\\/dorogimedence.hu\\\/index.php\\\/2021\\\/01\\\/26\\\/karesetekbol-keszitettek-albumot-a-tuzoltok\\\/\",\"name\":\"K\u00e1resetekb\u0151l k\u00e9sz\u00edtettek albumot a t\u0171zolt\u00f3k\",\"isPartOf\":{\"@id\":\"https:\\\/\\\/dorogimedence.hu\\\/#website\"},\"primaryImageOfPage\":{\"@id\":\"https:\\\/\\\/dorogimedence.hu\\\/index.php\\\/2021\\\/01\\\/26\\\/karesetekbol-keszitettek-albumot-a-tuzoltok\\\/#primaryimage\"},\"image\":{\"@id\":\"https:\\\/\\\/dorogimedence.hu\\\/index.php\\\/2021\\\/01\\\/26\\\/karesetekbol-keszitettek-albumot-a-tuzoltok\\\/#primaryimage\"},\"thumbnailUrl\":\"https:\\\/\\\/dorogimedence.hu\\\/wp-content\\\/uploads\\\/2021\\\/01\\\/kareset-album.jpg\",\"datePublished\":\"2021-01-26T14:11:58+00:00\",\"dateModified\":\"2021-01-26T14:13:35+00:00\",\"breadcrumb\":{\"@id\":\"https:\\\/\\\/dorogimedence.hu\\\/index.php\\\/2021\\\/01\\\/26\\\/karesetekbol-keszitettek-albumot-a-tuzoltok\\\/#breadcrumb\"},\"inLanguage\":\"hu\",\"potentialAction\":[{\"@type\":\"ReadAction\",\"target\":[\"https:\\\/\\\/dorogimedence.hu\\\/index.php\\\/2021\\\/01\\\/26\\\/karesetekbol-keszitettek-albumot-a-tuzoltok\\\/\"]}]},{\"@type\":\"ImageObject\",\"inLanguage\":\"hu\",\"@id\":\"https:\\\/\\\/dorogimedence.hu\\\/index.php\\\/2021\\\/01\\\/26\\\/karesetekbol-keszitettek-albumot-a-tuzoltok\\\/#primaryimage\",\"url\":\"https:\\\/\\\/dorogimedence.hu\\\/wp-content\\\/uploads\\\/2021\\\/01\\\/kareset-album.jpg\",\"contentUrl\":\"https:\\\/\\\/dorogimedence.hu\\\/wp-content\\\/uploads\\\/2021\\\/01\\\/kareset-album.jpg\",\"width\":830,\"height\":450},{\"@type\":\"BreadcrumbList\",\"@id\":\"https:\\\/\\\/dorogimedence.hu\\\/index.php\\\/2021\\\/01\\\/26\\\/karesetekbol-keszitettek-albumot-a-tuzoltok\\\/#breadcrumb\",\"itemListElement\":[{\"@type\":\"ListItem\",\"position\":1,\"name\":\"Kezd\u0151lap\",\"item\":\"https:\\\/\\\/dorogimedence.hu\\\/\"},{\"@type\":\"ListItem\",\"position\":2,\"name\":\"K\u00e1resetekb\u0151l k\u00e9sz\u00edtettek albumot a t\u0171zolt\u00f3k\"}]},{\"@type\":\"WebSite\",\"@id\":\"https:\\\/\\\/dorogimedence.hu\\\/#website\",\"url\":\"https:\\\/\\\/dorogimedence.hu\\\/\",\"name\":\"Dorogi-medence Region\u00e1lis H\u00edrport\u00e1l\",\"description\":\"Dorog, Keszt\u00f6lc, Le\u00e1nyv\u00e1r, Piliscs\u00e9v, Tokod, Tokodalt\u00e1r\u00f3, Csolnok, Esztergom-kertv\u00e1ros: h\u00edrek, programok\",\"publisher\":{\"@id\":\"https:\\\/\\\/dorogimedence.hu\\\/#organization\"},\"potentialAction\":[{\"@type\":\"SearchAction\",\"target\":{\"@type\":\"EntryPoint\",\"urlTemplate\":\"https:\\\/\\\/dorogimedence.hu\\\/?s={search_term_string}\"},\"query-input\":{\"@type\":\"PropertyValueSpecification\",\"valueRequired\":true,\"valueName\":\"search_term_string\"}}],\"inLanguage\":\"hu\"},{\"@type\":\"Organization\",\"@id\":\"https:\\\/\\\/dorogimedence.hu\\\/#organization\",\"name\":\"Dorogi-medence Region\u00e1lis H\u00edrport\u00e1l\",\"url\":\"https:\\\/\\\/dorogimedence.hu\\\/\",\"logo\":{\"@type\":\"ImageObject\",\"inLanguage\":\"hu\",\"@id\":\"https:\\\/\\\/dorogimedence.hu\\\/#\\\/schema\\\/logo\\\/image\\\/\",\"url\":\"https:\\\/\\\/dorogimedence.hu\\\/wp-content\\\/uploads\\\/2021\\\/04\\\/logo-feher-600.png\",\"contentUrl\":\"https:\\\/\\\/dorogimedence.hu\\\/wp-content\\\/uploads\\\/2021\\\/04\\\/logo-feher-600.png\",\"width\":600,\"height\":100,\"caption\":\"Dorogi-medence Region\u00e1lis H\u00edrport\u00e1l\"},\"image\":{\"@id\":\"https:\\\/\\\/dorogimedence.hu\\\/#\\\/schema\\\/logo\\\/image\\\/\"},\"sameAs\":[\"https:\\\/\\\/www.facebook.com\\\/dorogimedence\\\/\"]},{\"@type\":\"Person\",\"@id\":\"https:\\\/\\\/dorogimedence.hu\\\/#\\\/schema\\\/person\\\/ce6091eeb7e95ecdc87890d6aa8e0fd4\",\"name\":\"dorogimedence.hu\",\"image\":{\"@type\":\"ImageObject\",\"inLanguage\":\"hu\",\"@id\":\"\\\/\\\/www.gravatar.com\\\/avatar\\\/d8d45f8901aadff40a4af72c0b826f1d?s=96&#038;r=g&#038;d=mm\",\"url\":\"\\\/\\\/www.gravatar.com\\\/avatar\\\/d8d45f8901aadff40a4af72c0b826f1d?s=96&#038;r=g&#038;d=mm\",\"contentUrl\":\"\\\/\\\/www.gravatar.com\\\/avatar\\\/d8d45f8901aadff40a4af72c0b826f1d?s=96&#038;r=g&#038;d=mm\",\"caption\":\"dorogimedence.hu\"}}]}<\/script>\n<!-- \/ Yoast SEO plugin. -->","yoast_head_json":{"title":"K\u00e1resetekb\u0151l k\u00e9sz\u00edtettek albumot a t\u0171zolt\u00f3k","robots":{"index":"index","follow":"follow","max-snippet":"max-snippet:-1","max-image-preview":"max-image-preview:large","max-video-preview":"max-video-preview:-1"},"canonical":"https:\/\/dorogimedence.hu\/index.php\/2021\/01\/26\/karesetekbol-keszitettek-albumot-a-tuzoltok\/","og_locale":"hu_HU","og_type":"article","og_title":"K\u00e1resetekb\u0151l k\u00e9sz\u00edtettek albumot a t\u0171zolt\u00f3k","og_description":"A tavalyi \u00e9v minden h\u00f3napj\u00e1b\u00f3l, egy-egy fontos, \u00e9rdekes \u00fczenetet hordoz\u00f3 beavatkoz\u00e1s j\u00f3l elkapott pillanatair\u00f3l k\u00e9sz\u00edtett albumot a Kom\u00e1rom-Esztergom Megyei Katasztr\u00f3fav\u00e9delmi Igazgat\u00f3s\u00e1g. A k\u00e9pet k\u00e9sz\u00edt\u0151 t\u0171zolt\u00f3kat megk\u00e9rt\u00e9k, hogy adjanak c\u00edmet a fot\u00f3ikhoz. 1. JANU\u00c1R &#8211; F\u00e9nyk\u00e9pet k\u00e9sz\u00edtette: Csepilek Soma t\u0171. \u0151rmester. C\u00edm: Amikor minden v\u00e9get \u00e9r. Gyorshajt\u00e1sok gyakori okoz\u00f3i a k\u00f6z\u00fati baleseteknek. Az esztergomi t\u0171zolt\u00f3 a","og_url":"https:\/\/dorogimedence.hu\/index.php\/2021\/01\/26\/karesetekbol-keszitettek-albumot-a-tuzoltok\/","og_site_name":"Dorogi-medence Region\u00e1lis H\u00edrport\u00e1l","article_publisher":"https:\/\/www.facebook.com\/dorogimedence\/","article_published_time":"2021-01-26T14:11:58+00:00","article_modified_time":"2021-01-26T14:13:35+00:00","og_image":[{"width":830,"height":450,"url":"https:\/\/i0.wp.com\/dorogimedence.hu\/wp-content\/uploads\/2021\/01\/kareset-album.jpg?fit=830%2C450&ssl=1","type":"image\/jpeg"}],"author":"dorogimedence.hu","twitter_card":"summary_large_image","twitter_misc":{"Szerz\u0151:":"dorogimedence.hu","Becs\u00fclt olvas\u00e1si id\u0151":"6 perc"},"schema":{"@context":"https:\/\/schema.org","@graph":[{"@type":"Article","@id":"https:\/\/dorogimedence.hu\/index.php\/2021\/01\/26\/karesetekbol-keszitettek-albumot-a-tuzoltok\/#article","isPartOf":{"@id":"https:\/\/dorogimedence.hu\/index.php\/2021\/01\/26\/karesetekbol-keszitettek-albumot-a-tuzoltok\/"},"author":{"name":"dorogimedence.hu","@id":"https:\/\/dorogimedence.hu\/#\/schema\/person\/ce6091eeb7e95ecdc87890d6aa8e0fd4"},"headline":"K\u00e1resetekb\u0151l k\u00e9sz\u00edtettek albumot a t\u0171zolt\u00f3k","datePublished":"2021-01-26T14:11:58+00:00","dateModified":"2021-01-26T14:13:35+00:00","mainEntityOfPage":{"@id":"https:\/\/dorogimedence.hu\/index.php\/2021\/01\/26\/karesetekbol-keszitettek-albumot-a-tuzoltok\/"},"wordCount":1299,"publisher":{"@id":"https:\/\/dorogimedence.hu\/#organization"},"image":{"@id":"https:\/\/dorogimedence.hu\/index.php\/2021\/01\/26\/karesetekbol-keszitettek-albumot-a-tuzoltok\/#primaryimage"},"thumbnailUrl":"https:\/\/dorogimedence.hu\/wp-content\/uploads\/2021\/01\/kareset-album.jpg","keywords":["k\u00e1resetek","katasztr\u00f3fav\u00e9delem","t\u0171zolt\u00f3s\u00e1g"],"articleSection":["H\u00edrek","K\u00e9k h\u00edrek","Kom\u00e1rom-Esztergom"],"inLanguage":"hu"},{"@type":"WebPage","@id":"https:\/\/dorogimedence.hu\/index.php\/2021\/01\/26\/karesetekbol-keszitettek-albumot-a-tuzoltok\/","url":"https:\/\/dorogimedence.hu\/index.php\/2021\/01\/26\/karesetekbol-keszitettek-albumot-a-tuzoltok\/","name":"K\u00e1resetekb\u0151l k\u00e9sz\u00edtettek albumot a t\u0171zolt\u00f3k","isPartOf":{"@id":"https:\/\/dorogimedence.hu\/#website"},"primaryImageOfPage":{"@id":"https:\/\/dorogimedence.hu\/index.php\/2021\/01\/26\/karesetekbol-keszitettek-albumot-a-tuzoltok\/#primaryimage"},"image":{"@id":"https:\/\/dorogimedence.hu\/index.php\/2021\/01\/26\/karesetekbol-keszitettek-albumot-a-tuzoltok\/#primaryimage"},"thumbnailUrl":"https:\/\/dorogimedence.hu\/wp-content\/uploads\/2021\/01\/kareset-album.jpg","datePublished":"2021-01-26T14:11:58+00:00","dateModified":"2021-01-26T14:13:35+00:00","breadcrumb":{"@id":"https:\/\/dorogimedence.hu\/index.php\/2021\/01\/26\/karesetekbol-keszitettek-albumot-a-tuzoltok\/#breadcrumb"},"inLanguage":"hu","potentialAction":[{"@type":"ReadAction","target":["https:\/\/dorogimedence.hu\/index.php\/2021\/01\/26\/karesetekbol-keszitettek-albumot-a-tuzoltok\/"]}]},{"@type":"ImageObject","inLanguage":"hu","@id":"https:\/\/dorogimedence.hu\/index.php\/2021\/01\/26\/karesetekbol-keszitettek-albumot-a-tuzoltok\/#primaryimage","url":"https:\/\/dorogimedence.hu\/wp-content\/uploads\/2021\/01\/kareset-album.jpg","contentUrl":"https:\/\/dorogimedence.hu\/wp-content\/uploads\/2021\/01\/kareset-album.jpg","width":830,"height":450},{"@type":"BreadcrumbList","@id":"https:\/\/dorogimedence.hu\/index.php\/2021\/01\/26\/karesetekbol-keszitettek-albumot-a-tuzoltok\/#breadcrumb","itemListElement":[{"@type":"ListItem","position":1,"name":"Kezd\u0151lap","item":"https:\/\/dorogimedence.hu\/"},{"@type":"ListItem","position":2,"name":"K\u00e1resetekb\u0151l k\u00e9sz\u00edtettek albumot a t\u0171zolt\u00f3k"}]},{"@type":"WebSite","@id":"https:\/\/dorogimedence.hu\/#website","url":"https:\/\/dorogimedence.hu\/","name":"Dorogi-medence Region\u00e1lis H\u00edrport\u00e1l","description":"Dorog, Keszt\u00f6lc, Le\u00e1nyv\u00e1r, Piliscs\u00e9v, Tokod, Tokodalt\u00e1r\u00f3, Csolnok, Esztergom-kertv\u00e1ros: h\u00edrek, programok","publisher":{"@id":"https:\/\/dorogimedence.hu\/#organization"},"potentialAction":[{"@type":"SearchAction","target":{"@type":"EntryPoint","urlTemplate":"https:\/\/dorogimedence.hu\/?s={search_term_string}"},"query-input":{"@type":"PropertyValueSpecification","valueRequired":true,"valueName":"search_term_string"}}],"inLanguage":"hu"},{"@type":"Organization","@id":"https:\/\/dorogimedence.hu\/#organization","name":"Dorogi-medence Region\u00e1lis H\u00edrport\u00e1l","url":"https:\/\/dorogimedence.hu\/","logo":{"@type":"ImageObject","inLanguage":"hu","@id":"https:\/\/dorogimedence.hu\/#\/schema\/logo\/image\/","url":"https:\/\/dorogimedence.hu\/wp-content\/uploads\/2021\/04\/logo-feher-600.png","contentUrl":"https:\/\/dorogimedence.hu\/wp-content\/uploads\/2021\/04\/logo-feher-600.png","width":600,"height":100,"caption":"Dorogi-medence Region\u00e1lis H\u00edrport\u00e1l"},"image":{"@id":"https:\/\/dorogimedence.hu\/#\/schema\/logo\/image\/"},"sameAs":["https:\/\/www.facebook.com\/dorogimedence\/"]},{"@type":"Person","@id":"https:\/\/dorogimedence.hu\/#\/schema\/person\/ce6091eeb7e95ecdc87890d6aa8e0fd4","name":"dorogimedence.hu","image":{"@type":"ImageObject","inLanguage":"hu","@id":"\/\/www.gravatar.com\/avatar\/d8d45f8901aadff40a4af72c0b826f1d?s=96&#038;r=g&#038;d=mm","url":"\/\/www.gravatar.com\/avatar\/d8d45f8901aadff40a4af72c0b826f1d?s=96&#038;r=g&#038;d=mm","contentUrl":"\/\/www.gravatar.com\/avatar\/d8d45f8901aadff40a4af72c0b826f1d?s=96&#038;r=g&#038;d=mm","caption":"dorogimedence.hu"}}]}},"_links":{"self":[{"href":"https:\/\/dorogimedence.hu\/index.php\/wp-json\/wp\/v2\/posts\/29980","targetHints":{"allow":["GET"]}}],"collection":[{"href":"https:\/\/dorogimedence.hu\/index.php\/wp-json\/wp\/v2\/posts"}],"about":[{"href":"https:\/\/dorogimedence.hu\/index.php\/wp-json\/wp\/v2\/types\/post"}],"author":[{"embeddable":true,"href":"https:\/\/dorogimedence.hu\/index.php\/wp-json\/wp\/v2\/users\/1"}],"replies":[{"embeddable":true,"href":"https:\/\/dorogimedence.hu\/index.php\/wp-json\/wp\/v2\/comments?post=29980"}],"version-history":[{"count":0,"href":"https:\/\/dorogimedence.hu\/index.php\/wp-json\/wp\/v2\/posts\/29980\/revisions"}],"wp:featuredmedia":[{"embeddable":true,"href":"https:\/\/dorogimedence.hu\/index.php\/wp-json\/wp\/v2\/media\/29982"}],"wp:attachment":[{"href":"https:\/\/dorogimedence.hu\/index.php\/wp-json\/wp\/v2\/media?parent=29980"}],"wp:term":[{"taxonomy":"category","embeddable":true,"href":"https:\/\/dorogimedence.hu\/index.php\/wp-json\/wp\/v2\/categories?post=29980"},{"taxonomy":"post_tag","embeddable":true,"href":"https:\/\/dorogimedence.hu\/index.php\/wp-json\/wp\/v2\/tags?post=29980"}],"curies":[{"name":"wp","href":"https:\/\/api.w.org\/{rel}","templated":true}]}}