{"id":29879,"date":"2021-01-21T13:31:25","date_gmt":"2021-01-21T12:31:25","guid":{"rendered":"http:\/\/dorogimedence.hu\/?p=29879"},"modified":"2021-01-21T13:31:44","modified_gmt":"2021-01-21T12:31:44","slug":"valasztani-lehet-az-engedelyezett-vakcinak-kozul","status":"publish","type":"post","link":"https:\/\/dorogimedence.hu\/index.php\/2021\/01\/21\/valasztani-lehet-az-engedelyezett-vakcinak-kozul\/","title":{"rendered":"V\u00e1lasztani lehet az enged\u00e9lyezett vakcin\u00e1k k\u00f6z\u00fcl"},"content":{"rendered":"<div class=\"item_introtext\">\n<p><strong>V\u00e1lasztani lehet majd az enged\u00e9lyezett vakcin\u00e1k k\u00f6z\u00fcl, illetve a korm\u00e1ny csak olyan olt\u00f3anyagot k\u00edv\u00e1n beszerezni, amellyel m\u00e1r t\u00f6bb milli\u00f3 embert beoltottak<\/strong> <em>\u2013 mondta Guly\u00e1s Gergely, Minisztereln\u00f6ks\u00e9get vezet\u0151 miniszter a cs\u00fct\u00f6rt\u00f6ki Korm\u00e1nyinf\u00f3n<\/em>.<\/p>\n<\/div>\n<div class=\"item_fulltext\">\n<p>A politikus hangs\u00falyozta, hogy csak olyan vakcin\u00e1t szereznek be, amelyet a magyar hat\u00f3s\u00e1gok biztons\u00e1gosnak \u00e9s hat\u00e9konynak \u00edt\u00e9lnek. Mindemellett a kabinet mindenkivel t\u00e1rgyal, ahol es\u00e9lyt l\u00e1t a beszerz\u00e9sre, \u00edgy K\u00edn\u00e1val \u00e9s Oroszorsz\u00e1ggal is. Guly\u00e1s Gergely hozz\u00e1tette azt is, hogy olt\u00e1si terv szerint sorra ker\u00fcl\u0151k eld\u00f6nthetik, hogy a rendelkez\u00e9sre \u00e1ll\u00f3 vakcin\u00e1val beoltatj\u00e1k-e magukat, vagy v\u00e1rnak az \u00e1ltaluk el\u0151nyben r\u00e9szes\u00edtettre.<\/p>\n<p>A miniszter azt is elmondta, hogy Magyarorsz\u00e1g k\u00e9nytelen saj\u00e1t vakcinabeszerz\u00e9si forr\u00e1sokat keresni, miut\u00e1n az Eur\u00f3pai Bizotts\u00e1g lass\u00fas\u00e1ga miatt m\u00e9g mindig nem kezd\u0151dhetett meg a t\u00f6meges koronav\u00edrus elleni olt\u00e1s az Eur\u00f3pai Uni\u00f3ban. Ellenben a magyar hat\u00f3s\u00e1gok m\u00e1r enged\u00e9lyezt\u00e9k az AstraZeneca \u00e1ltal fejlesztett olt\u00f3anyagot, s\u0151t a m\u00falt h\u00e9ten az orosz vakcina is ideiglenes enged\u00e9lyt kapott. N\u00e9h\u00e1ny h\u00e9ten bel\u00fcl pedig m\u00e1r elk\u00e9sz\u00fclnek a plasztikk\u00e1rtya jelleg\u0171, v\u00e9detts\u00e9get\/oltotts\u00e1got igazol\u00f3 vakcina\u00fatlevelek.<\/p>\n<p>A politikus kit\u00e9rt arra is, hogy mivel hat\u00e9kony eg\u00e9szs\u00e9g\u00fcgyi alapell\u00e1t\u00e1s n\u00e9lk\u00fcl nincs j\u00f3 sz\u00ednvonal\u00fa eg\u00e9szs\u00e9g\u00fcgyi ell\u00e1t\u00e1s, \u00e9s a h\u00e1ziorvosi praxisok m\u0171k\u00f6d\u00e9se, eredm\u00e9nyess\u00e9ge n\u00e9lk\u00fcl\u00f6zhetetlen ahhoz, hogy az eg\u00e9szs\u00e9g\u00fcgyi rendszer j\u00f3l m\u0171k\u00f6dj\u00f6n, a korm\u00e1ny \u00fagy d\u00f6nt\u00f6tt, hogy a b\u00e9remel\u00e9sb\u0151l a h\u00e1ziorvosok is r\u00e9szes\u00fclnek.<\/p>\n<p>V\u00e9gezet\u00fcl&nbsp;Guly\u00e1s Gergely kijelentette, hogy am\u00edg a megbeteged\u00e9sek sz\u00e1ma jelent\u0151sen nem cs\u00f6kken, nincs lehet\u0151s\u00e9g a korl\u00e1toz\u00f3 int\u00e9zked\u00e9sek \u00e9rdemi laz\u00edt\u00e1s\u00e1ra.<\/p>\n<p><em>Felhaszn\u00e1lt forr\u00e1s: MTI<\/em><br \/>\n<em>Bor\u00edt\u00f3k\u00e9p: MTI \/ Bot\u00e1r Gergely (kor\u00e1bbi Korm\u00e1nyinf\u00f3)<br \/>\n<\/em><\/p>\n<\/div>\n","protected":false},"excerpt":{"rendered":"<p>V\u00e1lasztani lehet majd az enged\u00e9lyezett vakcin\u00e1k k\u00f6z\u00fcl, illetve a korm\u00e1ny csak olyan olt\u00f3anyagot k\u00edv\u00e1n beszerezni, amellyel m\u00e1r t\u00f6bb milli\u00f3 embert beoltottak \u2013 mondta Guly\u00e1s Gergely, Minisztereln\u00f6ks\u00e9get vezet\u0151 miniszter a cs\u00fct\u00f6rt\u00f6ki Korm\u00e1nyinf\u00f3n. A politikus hangs\u00falyozta, hogy csak olyan vakcin\u00e1t szereznek be, amelyet a magyar hat\u00f3s\u00e1gok biztons\u00e1gosnak \u00e9s hat\u00e9konynak \u00edt\u00e9lnek. Mindemellett a kabinet mindenkivel t\u00e1rgyal, ahol es\u00e9lyt<\/p>\n","protected":false},"author":1,"featured_media":24942,"comment_status":"closed","ping_status":"closed","sticky":false,"template":"","format":"standard","meta":{"ngg_post_thumbnail":0,"footnotes":""},"categories":[3],"tags":[5038,4738],"class_list":{"0":"post-29879","1":"post","2":"type-post","3":"status-publish","4":"format-standard","5":"has-post-thumbnail","7":"category-hirek","8":"tag-kormanyinfo","9":"tag-koronavirus"},"yoast_head":"<!-- This site is optimized with the Yoast SEO plugin v27.4 - https:\/\/yoast.com\/product\/yoast-seo-wordpress\/ -->\n<title>V\u00e1lasztani lehet az enged\u00e9lyezett vakcin\u00e1k k\u00f6z\u00fcl<\/title>\n<meta name=\"robots\" content=\"index, follow, max-snippet:-1, max-image-preview:large, max-video-preview:-1\" \/>\n<link rel=\"canonical\" href=\"https:\/\/dorogimedence.hu\/index.php\/2021\/01\/21\/valasztani-lehet-az-engedelyezett-vakcinak-kozul\/\" class=\"yoast-seo-meta-tag\" \/>\n<meta property=\"og:locale\" content=\"hu_HU\" class=\"yoast-seo-meta-tag\" \/>\n<meta property=\"og:type\" content=\"article\" class=\"yoast-seo-meta-tag\" \/>\n<meta property=\"og:title\" content=\"V\u00e1lasztani lehet az enged\u00e9lyezett vakcin\u00e1k k\u00f6z\u00fcl\" class=\"yoast-seo-meta-tag\" \/>\n<meta property=\"og:description\" content=\"V\u00e1lasztani lehet majd az enged\u00e9lyezett vakcin\u00e1k k\u00f6z\u00fcl, illetve a korm\u00e1ny csak olyan olt\u00f3anyagot k\u00edv\u00e1n beszerezni, amellyel m\u00e1r t\u00f6bb milli\u00f3 embert beoltottak \u2013 mondta Guly\u00e1s Gergely, Minisztereln\u00f6ks\u00e9get vezet\u0151 miniszter a cs\u00fct\u00f6rt\u00f6ki Korm\u00e1nyinf\u00f3n. A politikus hangs\u00falyozta, hogy csak olyan vakcin\u00e1t szereznek be, amelyet a magyar hat\u00f3s\u00e1gok biztons\u00e1gosnak \u00e9s hat\u00e9konynak \u00edt\u00e9lnek. Mindemellett a kabinet mindenkivel t\u00e1rgyal, ahol es\u00e9lyt\" class=\"yoast-seo-meta-tag\" \/>\n<meta property=\"og:url\" content=\"https:\/\/dorogimedence.hu\/index.php\/2021\/01\/21\/valasztani-lehet-az-engedelyezett-vakcinak-kozul\/\" class=\"yoast-seo-meta-tag\" \/>\n<meta property=\"og:site_name\" content=\"Dorogi-medence Region\u00e1lis H\u00edrport\u00e1l\" class=\"yoast-seo-meta-tag\" \/>\n<meta property=\"article:publisher\" content=\"https:\/\/www.facebook.com\/dorogimedence\/\" class=\"yoast-seo-meta-tag\" \/>\n<meta property=\"article:published_time\" content=\"2021-01-21T12:31:25+00:00\" class=\"yoast-seo-meta-tag\" \/>\n<meta property=\"article:modified_time\" content=\"2021-01-21T12:31:44+00:00\" class=\"yoast-seo-meta-tag\" \/>\n<meta property=\"og:image\" content=\"https:\/\/i0.wp.com\/dorogimedence.hu\/wp-content\/uploads\/2020\/05\/gulyas.jpg?fit=670%2C365&ssl=1\" class=\"yoast-seo-meta-tag\" \/>\n\t<meta property=\"og:image:width\" content=\"670\" class=\"yoast-seo-meta-tag\" \/>\n\t<meta property=\"og:image:height\" content=\"365\" class=\"yoast-seo-meta-tag\" \/>\n\t<meta property=\"og:image:type\" content=\"image\/jpeg\" class=\"yoast-seo-meta-tag\" \/>\n<meta name=\"author\" content=\"dorogimedence.hu\" class=\"yoast-seo-meta-tag\" \/>\n<meta name=\"twitter:card\" content=\"summary_large_image\" class=\"yoast-seo-meta-tag\" \/>\n<meta name=\"twitter:label1\" content=\"Szerz\u0151:\" class=\"yoast-seo-meta-tag\" \/>\n\t<meta name=\"twitter:data1\" content=\"dorogimedence.hu\" class=\"yoast-seo-meta-tag\" \/>\n\t<meta name=\"twitter:label2\" content=\"Becs\u00fclt olvas\u00e1si id\u0151\" class=\"yoast-seo-meta-tag\" \/>\n\t<meta name=\"twitter:data2\" content=\"2 perc\" class=\"yoast-seo-meta-tag\" \/>\n<script type=\"application\/ld+json\" class=\"yoast-schema-graph\">{\"@context\":\"https:\\\/\\\/schema.org\",\"@graph\":[{\"@type\":\"Article\",\"@id\":\"https:\\\/\\\/dorogimedence.hu\\\/index.php\\\/2021\\\/01\\\/21\\\/valasztani-lehet-az-engedelyezett-vakcinak-kozul\\\/#article\",\"isPartOf\":{\"@id\":\"https:\\\/\\\/dorogimedence.hu\\\/index.php\\\/2021\\\/01\\\/21\\\/valasztani-lehet-az-engedelyezett-vakcinak-kozul\\\/\"},\"author\":{\"name\":\"dorogimedence.hu\",\"@id\":\"https:\\\/\\\/dorogimedence.hu\\\/#\\\/schema\\\/person\\\/ce6091eeb7e95ecdc87890d6aa8e0fd4\"},\"headline\":\"V\u00e1lasztani lehet az enged\u00e9lyezett vakcin\u00e1k k\u00f6z\u00fcl\",\"datePublished\":\"2021-01-21T12:31:25+00:00\",\"dateModified\":\"2021-01-21T12:31:44+00:00\",\"mainEntityOfPage\":{\"@id\":\"https:\\\/\\\/dorogimedence.hu\\\/index.php\\\/2021\\\/01\\\/21\\\/valasztani-lehet-az-engedelyezett-vakcinak-kozul\\\/\"},\"wordCount\":383,\"publisher\":{\"@id\":\"https:\\\/\\\/dorogimedence.hu\\\/#organization\"},\"image\":{\"@id\":\"https:\\\/\\\/dorogimedence.hu\\\/index.php\\\/2021\\\/01\\\/21\\\/valasztani-lehet-az-engedelyezett-vakcinak-kozul\\\/#primaryimage\"},\"thumbnailUrl\":\"https:\\\/\\\/dorogimedence.hu\\\/wp-content\\\/uploads\\\/2020\\\/05\\\/gulyas.jpg\",\"keywords\":[\"korm\u00e1nyinf\u00f3\",\"koronav\u00edrus\"],\"articleSection\":[\"H\u00edrek\"],\"inLanguage\":\"hu\"},{\"@type\":\"WebPage\",\"@id\":\"https:\\\/\\\/dorogimedence.hu\\\/index.php\\\/2021\\\/01\\\/21\\\/valasztani-lehet-az-engedelyezett-vakcinak-kozul\\\/\",\"url\":\"https:\\\/\\\/dorogimedence.hu\\\/index.php\\\/2021\\\/01\\\/21\\\/valasztani-lehet-az-engedelyezett-vakcinak-kozul\\\/\",\"name\":\"V\u00e1lasztani lehet az enged\u00e9lyezett vakcin\u00e1k k\u00f6z\u00fcl\",\"isPartOf\":{\"@id\":\"https:\\\/\\\/dorogimedence.hu\\\/#website\"},\"primaryImageOfPage\":{\"@id\":\"https:\\\/\\\/dorogimedence.hu\\\/index.php\\\/2021\\\/01\\\/21\\\/valasztani-lehet-az-engedelyezett-vakcinak-kozul\\\/#primaryimage\"},\"image\":{\"@id\":\"https:\\\/\\\/dorogimedence.hu\\\/index.php\\\/2021\\\/01\\\/21\\\/valasztani-lehet-az-engedelyezett-vakcinak-kozul\\\/#primaryimage\"},\"thumbnailUrl\":\"https:\\\/\\\/dorogimedence.hu\\\/wp-content\\\/uploads\\\/2020\\\/05\\\/gulyas.jpg\",\"datePublished\":\"2021-01-21T12:31:25+00:00\",\"dateModified\":\"2021-01-21T12:31:44+00:00\",\"breadcrumb\":{\"@id\":\"https:\\\/\\\/dorogimedence.hu\\\/index.php\\\/2021\\\/01\\\/21\\\/valasztani-lehet-az-engedelyezett-vakcinak-kozul\\\/#breadcrumb\"},\"inLanguage\":\"hu\",\"potentialAction\":[{\"@type\":\"ReadAction\",\"target\":[\"https:\\\/\\\/dorogimedence.hu\\\/index.php\\\/2021\\\/01\\\/21\\\/valasztani-lehet-az-engedelyezett-vakcinak-kozul\\\/\"]}]},{\"@type\":\"ImageObject\",\"inLanguage\":\"hu\",\"@id\":\"https:\\\/\\\/dorogimedence.hu\\\/index.php\\\/2021\\\/01\\\/21\\\/valasztani-lehet-az-engedelyezett-vakcinak-kozul\\\/#primaryimage\",\"url\":\"https:\\\/\\\/dorogimedence.hu\\\/wp-content\\\/uploads\\\/2020\\\/05\\\/gulyas.jpg\",\"contentUrl\":\"https:\\\/\\\/dorogimedence.hu\\\/wp-content\\\/uploads\\\/2020\\\/05\\\/gulyas.jpg\",\"width\":670,\"height\":365},{\"@type\":\"BreadcrumbList\",\"@id\":\"https:\\\/\\\/dorogimedence.hu\\\/index.php\\\/2021\\\/01\\\/21\\\/valasztani-lehet-az-engedelyezett-vakcinak-kozul\\\/#breadcrumb\",\"itemListElement\":[{\"@type\":\"ListItem\",\"position\":1,\"name\":\"Kezd\u0151lap\",\"item\":\"https:\\\/\\\/dorogimedence.hu\\\/\"},{\"@type\":\"ListItem\",\"position\":2,\"name\":\"V\u00e1lasztani lehet az enged\u00e9lyezett vakcin\u00e1k k\u00f6z\u00fcl\"}]},{\"@type\":\"WebSite\",\"@id\":\"https:\\\/\\\/dorogimedence.hu\\\/#website\",\"url\":\"https:\\\/\\\/dorogimedence.hu\\\/\",\"name\":\"Dorogi-medence Region\u00e1lis H\u00edrport\u00e1l\",\"description\":\"Dorog, Keszt\u00f6lc, Le\u00e1nyv\u00e1r, Piliscs\u00e9v, Tokod, Tokodalt\u00e1r\u00f3, Csolnok, Esztergom-kertv\u00e1ros: h\u00edrek, programok\",\"publisher\":{\"@id\":\"https:\\\/\\\/dorogimedence.hu\\\/#organization\"},\"potentialAction\":[{\"@type\":\"SearchAction\",\"target\":{\"@type\":\"EntryPoint\",\"urlTemplate\":\"https:\\\/\\\/dorogimedence.hu\\\/?s={search_term_string}\"},\"query-input\":{\"@type\":\"PropertyValueSpecification\",\"valueRequired\":true,\"valueName\":\"search_term_string\"}}],\"inLanguage\":\"hu\"},{\"@type\":\"Organization\",\"@id\":\"https:\\\/\\\/dorogimedence.hu\\\/#organization\",\"name\":\"Dorogi-medence Region\u00e1lis H\u00edrport\u00e1l\",\"url\":\"https:\\\/\\\/dorogimedence.hu\\\/\",\"logo\":{\"@type\":\"ImageObject\",\"inLanguage\":\"hu\",\"@id\":\"https:\\\/\\\/dorogimedence.hu\\\/#\\\/schema\\\/logo\\\/image\\\/\",\"url\":\"https:\\\/\\\/dorogimedence.hu\\\/wp-content\\\/uploads\\\/2021\\\/04\\\/logo-feher-600.png\",\"contentUrl\":\"https:\\\/\\\/dorogimedence.hu\\\/wp-content\\\/uploads\\\/2021\\\/04\\\/logo-feher-600.png\",\"width\":600,\"height\":100,\"caption\":\"Dorogi-medence Region\u00e1lis H\u00edrport\u00e1l\"},\"image\":{\"@id\":\"https:\\\/\\\/dorogimedence.hu\\\/#\\\/schema\\\/logo\\\/image\\\/\"},\"sameAs\":[\"https:\\\/\\\/www.facebook.com\\\/dorogimedence\\\/\"]},{\"@type\":\"Person\",\"@id\":\"https:\\\/\\\/dorogimedence.hu\\\/#\\\/schema\\\/person\\\/ce6091eeb7e95ecdc87890d6aa8e0fd4\",\"name\":\"dorogimedence.hu\",\"image\":{\"@type\":\"ImageObject\",\"inLanguage\":\"hu\",\"@id\":\"\\\/\\\/www.gravatar.com\\\/avatar\\\/d8d45f8901aadff40a4af72c0b826f1d?s=96&#038;r=g&#038;d=mm\",\"url\":\"\\\/\\\/www.gravatar.com\\\/avatar\\\/d8d45f8901aadff40a4af72c0b826f1d?s=96&#038;r=g&#038;d=mm\",\"contentUrl\":\"\\\/\\\/www.gravatar.com\\\/avatar\\\/d8d45f8901aadff40a4af72c0b826f1d?s=96&#038;r=g&#038;d=mm\",\"caption\":\"dorogimedence.hu\"}}]}<\/script>\n<!-- \/ Yoast SEO plugin. -->","yoast_head_json":{"title":"V\u00e1lasztani lehet az enged\u00e9lyezett vakcin\u00e1k k\u00f6z\u00fcl","robots":{"index":"index","follow":"follow","max-snippet":"max-snippet:-1","max-image-preview":"max-image-preview:large","max-video-preview":"max-video-preview:-1"},"canonical":"https:\/\/dorogimedence.hu\/index.php\/2021\/01\/21\/valasztani-lehet-az-engedelyezett-vakcinak-kozul\/","og_locale":"hu_HU","og_type":"article","og_title":"V\u00e1lasztani lehet az enged\u00e9lyezett vakcin\u00e1k k\u00f6z\u00fcl","og_description":"V\u00e1lasztani lehet majd az enged\u00e9lyezett vakcin\u00e1k k\u00f6z\u00fcl, illetve a korm\u00e1ny csak olyan olt\u00f3anyagot k\u00edv\u00e1n beszerezni, amellyel m\u00e1r t\u00f6bb milli\u00f3 embert beoltottak \u2013 mondta Guly\u00e1s Gergely, Minisztereln\u00f6ks\u00e9get vezet\u0151 miniszter a cs\u00fct\u00f6rt\u00f6ki Korm\u00e1nyinf\u00f3n. A politikus hangs\u00falyozta, hogy csak olyan vakcin\u00e1t szereznek be, amelyet a magyar hat\u00f3s\u00e1gok biztons\u00e1gosnak \u00e9s hat\u00e9konynak \u00edt\u00e9lnek. Mindemellett a kabinet mindenkivel t\u00e1rgyal, ahol es\u00e9lyt","og_url":"https:\/\/dorogimedence.hu\/index.php\/2021\/01\/21\/valasztani-lehet-az-engedelyezett-vakcinak-kozul\/","og_site_name":"Dorogi-medence Region\u00e1lis H\u00edrport\u00e1l","article_publisher":"https:\/\/www.facebook.com\/dorogimedence\/","article_published_time":"2021-01-21T12:31:25+00:00","article_modified_time":"2021-01-21T12:31:44+00:00","og_image":[{"width":670,"height":365,"url":"https:\/\/i0.wp.com\/dorogimedence.hu\/wp-content\/uploads\/2020\/05\/gulyas.jpg?fit=670%2C365&ssl=1","type":"image\/jpeg"}],"author":"dorogimedence.hu","twitter_card":"summary_large_image","twitter_misc":{"Szerz\u0151:":"dorogimedence.hu","Becs\u00fclt olvas\u00e1si id\u0151":"2 perc"},"schema":{"@context":"https:\/\/schema.org","@graph":[{"@type":"Article","@id":"https:\/\/dorogimedence.hu\/index.php\/2021\/01\/21\/valasztani-lehet-az-engedelyezett-vakcinak-kozul\/#article","isPartOf":{"@id":"https:\/\/dorogimedence.hu\/index.php\/2021\/01\/21\/valasztani-lehet-az-engedelyezett-vakcinak-kozul\/"},"author":{"name":"dorogimedence.hu","@id":"https:\/\/dorogimedence.hu\/#\/schema\/person\/ce6091eeb7e95ecdc87890d6aa8e0fd4"},"headline":"V\u00e1lasztani lehet az enged\u00e9lyezett vakcin\u00e1k k\u00f6z\u00fcl","datePublished":"2021-01-21T12:31:25+00:00","dateModified":"2021-01-21T12:31:44+00:00","mainEntityOfPage":{"@id":"https:\/\/dorogimedence.hu\/index.php\/2021\/01\/21\/valasztani-lehet-az-engedelyezett-vakcinak-kozul\/"},"wordCount":383,"publisher":{"@id":"https:\/\/dorogimedence.hu\/#organization"},"image":{"@id":"https:\/\/dorogimedence.hu\/index.php\/2021\/01\/21\/valasztani-lehet-az-engedelyezett-vakcinak-kozul\/#primaryimage"},"thumbnailUrl":"https:\/\/dorogimedence.hu\/wp-content\/uploads\/2020\/05\/gulyas.jpg","keywords":["korm\u00e1nyinf\u00f3","koronav\u00edrus"],"articleSection":["H\u00edrek"],"inLanguage":"hu"},{"@type":"WebPage","@id":"https:\/\/dorogimedence.hu\/index.php\/2021\/01\/21\/valasztani-lehet-az-engedelyezett-vakcinak-kozul\/","url":"https:\/\/dorogimedence.hu\/index.php\/2021\/01\/21\/valasztani-lehet-az-engedelyezett-vakcinak-kozul\/","name":"V\u00e1lasztani lehet az enged\u00e9lyezett vakcin\u00e1k k\u00f6z\u00fcl","isPartOf":{"@id":"https:\/\/dorogimedence.hu\/#website"},"primaryImageOfPage":{"@id":"https:\/\/dorogimedence.hu\/index.php\/2021\/01\/21\/valasztani-lehet-az-engedelyezett-vakcinak-kozul\/#primaryimage"},"image":{"@id":"https:\/\/dorogimedence.hu\/index.php\/2021\/01\/21\/valasztani-lehet-az-engedelyezett-vakcinak-kozul\/#primaryimage"},"thumbnailUrl":"https:\/\/dorogimedence.hu\/wp-content\/uploads\/2020\/05\/gulyas.jpg","datePublished":"2021-01-21T12:31:25+00:00","dateModified":"2021-01-21T12:31:44+00:00","breadcrumb":{"@id":"https:\/\/dorogimedence.hu\/index.php\/2021\/01\/21\/valasztani-lehet-az-engedelyezett-vakcinak-kozul\/#breadcrumb"},"inLanguage":"hu","potentialAction":[{"@type":"ReadAction","target":["https:\/\/dorogimedence.hu\/index.php\/2021\/01\/21\/valasztani-lehet-az-engedelyezett-vakcinak-kozul\/"]}]},{"@type":"ImageObject","inLanguage":"hu","@id":"https:\/\/dorogimedence.hu\/index.php\/2021\/01\/21\/valasztani-lehet-az-engedelyezett-vakcinak-kozul\/#primaryimage","url":"https:\/\/dorogimedence.hu\/wp-content\/uploads\/2020\/05\/gulyas.jpg","contentUrl":"https:\/\/dorogimedence.hu\/wp-content\/uploads\/2020\/05\/gulyas.jpg","width":670,"height":365},{"@type":"BreadcrumbList","@id":"https:\/\/dorogimedence.hu\/index.php\/2021\/01\/21\/valasztani-lehet-az-engedelyezett-vakcinak-kozul\/#breadcrumb","itemListElement":[{"@type":"ListItem","position":1,"name":"Kezd\u0151lap","item":"https:\/\/dorogimedence.hu\/"},{"@type":"ListItem","position":2,"name":"V\u00e1lasztani lehet az enged\u00e9lyezett vakcin\u00e1k k\u00f6z\u00fcl"}]},{"@type":"WebSite","@id":"https:\/\/dorogimedence.hu\/#website","url":"https:\/\/dorogimedence.hu\/","name":"Dorogi-medence Region\u00e1lis H\u00edrport\u00e1l","description":"Dorog, Keszt\u00f6lc, Le\u00e1nyv\u00e1r, Piliscs\u00e9v, Tokod, Tokodalt\u00e1r\u00f3, Csolnok, Esztergom-kertv\u00e1ros: h\u00edrek, programok","publisher":{"@id":"https:\/\/dorogimedence.hu\/#organization"},"potentialAction":[{"@type":"SearchAction","target":{"@type":"EntryPoint","urlTemplate":"https:\/\/dorogimedence.hu\/?s={search_term_string}"},"query-input":{"@type":"PropertyValueSpecification","valueRequired":true,"valueName":"search_term_string"}}],"inLanguage":"hu"},{"@type":"Organization","@id":"https:\/\/dorogimedence.hu\/#organization","name":"Dorogi-medence Region\u00e1lis H\u00edrport\u00e1l","url":"https:\/\/dorogimedence.hu\/","logo":{"@type":"ImageObject","inLanguage":"hu","@id":"https:\/\/dorogimedence.hu\/#\/schema\/logo\/image\/","url":"https:\/\/dorogimedence.hu\/wp-content\/uploads\/2021\/04\/logo-feher-600.png","contentUrl":"https:\/\/dorogimedence.hu\/wp-content\/uploads\/2021\/04\/logo-feher-600.png","width":600,"height":100,"caption":"Dorogi-medence Region\u00e1lis H\u00edrport\u00e1l"},"image":{"@id":"https:\/\/dorogimedence.hu\/#\/schema\/logo\/image\/"},"sameAs":["https:\/\/www.facebook.com\/dorogimedence\/"]},{"@type":"Person","@id":"https:\/\/dorogimedence.hu\/#\/schema\/person\/ce6091eeb7e95ecdc87890d6aa8e0fd4","name":"dorogimedence.hu","image":{"@type":"ImageObject","inLanguage":"hu","@id":"\/\/www.gravatar.com\/avatar\/d8d45f8901aadff40a4af72c0b826f1d?s=96&#038;r=g&#038;d=mm","url":"\/\/www.gravatar.com\/avatar\/d8d45f8901aadff40a4af72c0b826f1d?s=96&#038;r=g&#038;d=mm","contentUrl":"\/\/www.gravatar.com\/avatar\/d8d45f8901aadff40a4af72c0b826f1d?s=96&#038;r=g&#038;d=mm","caption":"dorogimedence.hu"}}]}},"_links":{"self":[{"href":"https:\/\/dorogimedence.hu\/index.php\/wp-json\/wp\/v2\/posts\/29879","targetHints":{"allow":["GET"]}}],"collection":[{"href":"https:\/\/dorogimedence.hu\/index.php\/wp-json\/wp\/v2\/posts"}],"about":[{"href":"https:\/\/dorogimedence.hu\/index.php\/wp-json\/wp\/v2\/types\/post"}],"author":[{"embeddable":true,"href":"https:\/\/dorogimedence.hu\/index.php\/wp-json\/wp\/v2\/users\/1"}],"replies":[{"embeddable":true,"href":"https:\/\/dorogimedence.hu\/index.php\/wp-json\/wp\/v2\/comments?post=29879"}],"version-history":[{"count":0,"href":"https:\/\/dorogimedence.hu\/index.php\/wp-json\/wp\/v2\/posts\/29879\/revisions"}],"wp:featuredmedia":[{"embeddable":true,"href":"https:\/\/dorogimedence.hu\/index.php\/wp-json\/wp\/v2\/media\/24942"}],"wp:attachment":[{"href":"https:\/\/dorogimedence.hu\/index.php\/wp-json\/wp\/v2\/media?parent=29879"}],"wp:term":[{"taxonomy":"category","embeddable":true,"href":"https:\/\/dorogimedence.hu\/index.php\/wp-json\/wp\/v2\/categories?post=29879"},{"taxonomy":"post_tag","embeddable":true,"href":"https:\/\/dorogimedence.hu\/index.php\/wp-json\/wp\/v2\/tags?post=29879"}],"curies":[{"name":"wp","href":"https:\/\/api.w.org\/{rel}","templated":true}]}}