{"id":29865,"date":"2021-01-21T11:18:23","date_gmt":"2021-01-21T10:18:23","guid":{"rendered":"http:\/\/dorogimedence.hu\/?p=29865"},"modified":"2021-01-21T11:18:28","modified_gmt":"2021-01-21T10:18:28","slug":"egyre-tobb-kart-okoznak-a-hodok-a-tersegunkben","status":"publish","type":"post","link":"https:\/\/dorogimedence.hu\/index.php\/2021\/01\/21\/egyre-tobb-kart-okoznak-a-hodok-a-tersegunkben\/","title":{"rendered":"Egyre t\u00f6bb k\u00e1rt okoznak a h\u00f3dok a t\u00e9rs\u00e9g\u00fcnkben"},"content":{"rendered":"<p><strong>A Keny\u00e9rmez\u0151i-patak als\u00f3, esztergom-kertv\u00e1rosi szakasz\u00e1n az 1996-2008 k\u00f6z\u00f6tt v\u00e9gzett visszatelep\u00edt\u00e9si program eredm\u00e9nyek\u00e9nt az elm\u00falt t\u00edz \u00e9vben folyamatosan jelen voltak a h\u00f3dok, az ut\u00f3bbi k\u00e9t-h\u00e1rom \u00e9vben azonban az egyed sz\u00e1ma drasztikusan n\u00f6vekedett, ez\u00e1ltal k\u00e1rt\u00e9tel\u00fck is jelent\u0151sen fokoz\u00f3dott<\/strong> <em>\u2013 \u00edrja az \u00c9szak-dun\u00e1nt\u00fali V\u00edz\u00fcgyi Igazgat\u00f3s\u00e1g (\u00c9DUVIZIG).<\/em><\/p>\n<p>A Keny\u00e9rmezei-patak a Dorogi medence f\u0151 v\u00edzfoly\u00e1sa, a Budai-hegys\u00e9gben ered \u00e9s \u00e9rinti Piliscsab\u00e1t, Pilisj\u00e1szfalut, Le\u00e1nyv\u00e1rt, Dorogot, Esztergom-Kertv\u00e1rost, v\u00e9g\u00fcl a K\u00f6rtv\u00e9lyesi-szigettel szemben folyik a T\u00e1ti Duna-mell\u00e9k\u00e1gba.<\/p>\n<p>A h\u00f3dok a 2010-es \u00e9vek k\u00f6zep\u00e9n m\u00e9g csak egy-k\u00e9t, k\u00f6r\u00fclbel\u00fcl 50-60 cm visszaduzzaszt\u00e1st okoz\u00f3 g\u00e1tat \u00e9p\u00edtettek. Akkoriban \u00e9vente csup\u00e1n 2-3 db nagyobb f\u00e1t d\u00f6nt\u00f6ttek a patakba \u00e9s nagyr\u00e9szt be\u00e9rt\u00e9k a fiatal \u00e1llom\u00e1ny kir\u00e1g\u00e1s\u00e1val. <strong>Napjainkban m\u00e1r 3-4 g\u00e1tat \u00e9p\u00edtenek fel<\/strong>, melyek magass\u00e1ga meghaladja az 1-1,5 m-t. Elbont\u00e1s eset\u00e9n is sajnos 2-3 h\u00e9ten bel\u00fcl \u00fajra\u00e9p\u00edtik a v\u00e1rat. <strong>Folyamatosan r\u00e1gj\u00e1k meg \u00e9s d\u00f6ntik ki az 50-100 cm t\u00f6rzs\u00e1tm\u00e9r\u0151j\u0171 puhaf\u00e1s \u00e1llom\u00e1nyt<\/strong>. Egyes ter\u00fcleteken a kem\u00e9nyf\u00e1kat is kir\u00e1gj\u00e1k, mint p\u00e9ld\u00e1ul az ak\u00e1cot.<\/p>\n<p><img fetchpriority=\"high\" decoding=\"async\" class=\"alignnone size-full wp-image-29868\" src=\"https:\/\/dorogimedence.hu\/wp-content\/uploads\/2021\/01\/hodok-02.jpg\" alt=\"\" width=\"830\" height=\"623\" srcset=\"https:\/\/dorogimedence.hu\/wp-content\/uploads\/2021\/01\/hodok-02.jpg 830w, https:\/\/dorogimedence.hu\/wp-content\/uploads\/2021\/01\/hodok-02-300x225.jpg 300w, https:\/\/dorogimedence.hu\/wp-content\/uploads\/2021\/01\/hodok-02-768x576.jpg 768w\" sizes=\"(max-width: 830px) 100vw, 830px\" \/><\/p>\n<p>Szakmai szemmel n\u00e9zve a h\u00f3dok k\u00e1rt\u00e9tele t\u00f6bb szempontb\u00f3l is probl\u00e9m\u00e1t okoz az \u00c9DUVIZIG ter\u00fclet\u00e9n: a f\u00e1s ter\u00fcletek puszt\u00edt\u00e1s\u00e1val cs\u00f6kkentik az egy\u00e9b ig\u00e9nybev\u00e9telek miatt m\u00e1r egy\u00e9bk\u00e9nt is sz\u0171k\u00f6s f\u00e1s-bokros ter\u00fcletek kiterjed\u00e9s\u00e9t. Ez\u00e1ltal besz\u0171k\u00fcl a k\u00f6rnyez\u0151 ter\u00fcleten \u00e9l\u0151 szint\u00e9n \u0151shonos \u00e9l\u0151l\u00e9nyek \u00e9lettere. A patakot k\u00f6r\u00fclvev\u0151 d\u00f6nt\u0151en homokos l\u00f6sz\u00f6s ter\u00fcleteken gyors\u00edtj\u00e1k az er\u00f3zi\u00f3t. A kid\u00f6nt\u00f6tt f\u00e1k \u00e9s az \u00e9p\u00edtett h\u00f3dg\u00e1tak megfogj\u00e1k az uszad\u00e9kot, \u00e9s felduzzasztj\u00e1k az \u00e9rkez\u0151 vizeket, melyek a part\u00e9len \u00e1tbukva el\u00f6nt\u00e9seket okozhatnak a m\u00e9lyebben fekv\u0151 ter\u00fcleteken. A torlaszok felett lelassul a v\u00edz sebess\u00e9ge \u00e9s az \u00edgy kialakul\u00f3 pang\u00f3 vizes ter\u00fcleteken a patak \u00e1ltal sz\u00e1ll\u00edtott iszap le tud \u00fclepedni, ami k\u00f6nnyen eutrofiz\u00e1ci\u00f3t, illetve egy\u00e9b nem k\u00edv\u00e1nt folyamatokat induk\u00e1l. V\u00edz\u00fcgyes szempontb\u00f3l tal\u00e1n a legs\u00falyosabb probl\u00e9ma (az idegen ter\u00fcletek el\u00f6nt\u00e9se mellett), hogy a kid\u00f6nt\u00f6tt f\u00e1k \u00e9s az \u00e9p\u00edtett h\u00f3dg\u00e1tak az esetek t\u00falnyom\u00f3 r\u00e9sz\u00e9ben a v\u00edzfoly\u00e1s sodorvonal\u00e1t valamelyik partoldal ir\u00e1ny\u00e1ba eltolj\u00e1k, ami laza homokos, l\u00f6sz\u00f6s talaj eset\u00e9ben mederelfajul\u00e1shoz vezet cs\u00f6kkentve a vizek k\u00e1rt\u00e9telek n\u00e9lk\u00fcli biztons\u00e1gos levezet\u00e9s\u00e9t.<\/p>\n<p><img decoding=\"async\" class=\"alignnone size-full wp-image-29869\" src=\"https:\/\/dorogimedence.hu\/wp-content\/uploads\/2021\/01\/hodok-04.jpg\" alt=\"\" width=\"830\" height=\"623\" srcset=\"https:\/\/dorogimedence.hu\/wp-content\/uploads\/2021\/01\/hodok-04.jpg 830w, https:\/\/dorogimedence.hu\/wp-content\/uploads\/2021\/01\/hodok-04-300x225.jpg 300w, https:\/\/dorogimedence.hu\/wp-content\/uploads\/2021\/01\/hodok-04-768x576.jpg 768w\" sizes=\"(max-width: 830px) 100vw, 830px\" \/><\/p>\n<p>Nem k\u00e9rd\u00e9s, hogy a h\u00f3d egy olyan \u0151shonos \u00e1llat melynek helye van az \u00f6kosziszt\u00e9m\u00e1ban, de term\u00e9szetes ellens\u00e9gei h\u00edj\u00e1n egyes ter\u00fcleteken sz\u00e1muk az ut\u00f3bbi \u00e9vekben drasztikusan n\u00f6vekedett, k\u00e1rokoz\u00e1suk fokoz\u00f3dik. Nemk\u00edv\u00e1nt tev\u00e9kenys\u00e9g\u00fck ellen ezid\u00e1ig legink\u00e1bb a torlaszok, v\u00e1rak elbont\u00e1s\u00e1val, fat\u00f6rzsek h\u00e1l\u00f3s bev\u00e9d\u00e9s\u00e9vel tudtak v\u00e9dekezni, de ezek a m\u00f3dszerek az ut\u00f3bbi n\u00e9h\u00e1ny \u00e9vben m\u00e1r egyre kev\u00e9sb\u00e9 jelentenek megold\u00e1st, ugyanakkor enn\u00e9l hat\u00e9konyabb eszk\u00f6z\u00f6k m\u00e9g nem \u00e1llnak az \u00c9DUVIZIG rendelkez\u00e9s\u00e9re. Az ut\u00f3bbi n\u00e9h\u00e1ny \u00e9vben ugyan van enged\u00e9ly\u00fck a h\u00f3dok gy\u00e9r\u00edt\u00e9s\u00e9re, de ennek felt\u00e9telei olyan szigor\u00faak, hogy a vad\u00e1szatra jogosultak nem akarj\u00e1k azokat v\u00e1llalni, tov\u00e1bb\u00e1 ennek lakoss\u00e1gi meg\u00edt\u00e9l\u00e9se sem egy\u00e9rtelm\u0171en pozit\u00edv.<\/p>\n<p><img decoding=\"async\" class=\"alignnone size-full wp-image-29867\" src=\"https:\/\/dorogimedence.hu\/wp-content\/uploads\/2021\/01\/hodok-03.jpg\" alt=\"\" width=\"830\" height=\"876\" srcset=\"https:\/\/dorogimedence.hu\/wp-content\/uploads\/2021\/01\/hodok-03.jpg 830w, https:\/\/dorogimedence.hu\/wp-content\/uploads\/2021\/01\/hodok-03-284x300.jpg 284w, https:\/\/dorogimedence.hu\/wp-content\/uploads\/2021\/01\/hodok-03-768x811.jpg 768w\" sizes=\"(max-width: 830px) 100vw, 830px\" \/><\/p>\n<p><em>Fot\u00f3k, forr\u00e1s: <\/em><em>\u00c9szak-dun\u00e1nt\u00fali V\u00edz\u00fcgyi Igazgat\u00f3s\u00e1g<\/em><\/p>\n<p>&nbsp;<\/p>\n","protected":false},"excerpt":{"rendered":"<p>A Keny\u00e9rmez\u0151i-patak als\u00f3, esztergom-kertv\u00e1rosi szakasz\u00e1n az 1996-2008 k\u00f6z\u00f6tt v\u00e9gzett visszatelep\u00edt\u00e9si program eredm\u00e9nyek\u00e9nt az elm\u00falt t\u00edz \u00e9vben folyamatosan jelen voltak a h\u00f3dok, az ut\u00f3bbi k\u00e9t-h\u00e1rom \u00e9vben azonban az egyed sz\u00e1ma drasztikusan n\u00f6vekedett, ez\u00e1ltal k\u00e1rt\u00e9tel\u00fck is jelent\u0151sen fokoz\u00f3dott \u2013 \u00edrja az \u00c9szak-dun\u00e1nt\u00fali V\u00edz\u00fcgyi Igazgat\u00f3s\u00e1g (\u00c9DUVIZIG). A Keny\u00e9rmezei-patak a Dorogi medence f\u0151 v\u00edzfoly\u00e1sa, a Budai-hegys\u00e9gben ered \u00e9s \u00e9rinti<\/p>\n","protected":false},"author":1,"featured_media":29866,"comment_status":"closed","ping_status":"closed","sticky":false,"template":"","format":"standard","meta":{"ngg_post_thumbnail":0,"footnotes":""},"categories":[3],"tags":[5364,534],"class_list":{"0":"post-29865","1":"post","2":"type-post","3":"status-publish","4":"format-standard","5":"has-post-thumbnail","7":"category-hirek","8":"tag-hodok","9":"tag-kenyermezoi-patak"},"yoast_head":"<!-- This site is optimized with the Yoast SEO plugin v27.4 - https:\/\/yoast.com\/product\/yoast-seo-wordpress\/ -->\n<title>Egyre t\u00f6bb k\u00e1rt okoznak a h\u00f3dok a t\u00e9rs\u00e9g\u00fcnkben<\/title>\n<meta name=\"robots\" content=\"index, follow, max-snippet:-1, max-image-preview:large, max-video-preview:-1\" \/>\n<link rel=\"canonical\" href=\"https:\/\/dorogimedence.hu\/index.php\/2021\/01\/21\/egyre-tobb-kart-okoznak-a-hodok-a-tersegunkben\/\" class=\"yoast-seo-meta-tag\" \/>\n<meta property=\"og:locale\" content=\"hu_HU\" class=\"yoast-seo-meta-tag\" \/>\n<meta property=\"og:type\" content=\"article\" class=\"yoast-seo-meta-tag\" \/>\n<meta property=\"og:title\" content=\"Egyre t\u00f6bb k\u00e1rt okoznak a h\u00f3dok a t\u00e9rs\u00e9g\u00fcnkben\" class=\"yoast-seo-meta-tag\" \/>\n<meta property=\"og:description\" content=\"A Keny\u00e9rmez\u0151i-patak als\u00f3, esztergom-kertv\u00e1rosi szakasz\u00e1n az 1996-2008 k\u00f6z\u00f6tt v\u00e9gzett visszatelep\u00edt\u00e9si program eredm\u00e9nyek\u00e9nt az elm\u00falt t\u00edz \u00e9vben folyamatosan jelen voltak a h\u00f3dok, az ut\u00f3bbi k\u00e9t-h\u00e1rom \u00e9vben azonban az egyed sz\u00e1ma drasztikusan n\u00f6vekedett, ez\u00e1ltal k\u00e1rt\u00e9tel\u00fck is jelent\u0151sen fokoz\u00f3dott \u2013 \u00edrja az \u00c9szak-dun\u00e1nt\u00fali V\u00edz\u00fcgyi Igazgat\u00f3s\u00e1g (\u00c9DUVIZIG). A Keny\u00e9rmezei-patak a Dorogi medence f\u0151 v\u00edzfoly\u00e1sa, a Budai-hegys\u00e9gben ered \u00e9s \u00e9rinti\" class=\"yoast-seo-meta-tag\" \/>\n<meta property=\"og:url\" content=\"https:\/\/dorogimedence.hu\/index.php\/2021\/01\/21\/egyre-tobb-kart-okoznak-a-hodok-a-tersegunkben\/\" class=\"yoast-seo-meta-tag\" \/>\n<meta property=\"og:site_name\" content=\"Dorogi-medence Region\u00e1lis H\u00edrport\u00e1l\" class=\"yoast-seo-meta-tag\" \/>\n<meta property=\"article:publisher\" content=\"https:\/\/www.facebook.com\/dorogimedence\/\" class=\"yoast-seo-meta-tag\" \/>\n<meta property=\"article:published_time\" content=\"2021-01-21T10:18:23+00:00\" class=\"yoast-seo-meta-tag\" \/>\n<meta property=\"article:modified_time\" content=\"2021-01-21T10:18:28+00:00\" class=\"yoast-seo-meta-tag\" \/>\n<meta property=\"og:image\" content=\"https:\/\/i0.wp.com\/dorogimedence.hu\/wp-content\/uploads\/2021\/01\/hodok-01.jpg?fit=830%2C450&ssl=1\" class=\"yoast-seo-meta-tag\" \/>\n\t<meta property=\"og:image:width\" content=\"830\" class=\"yoast-seo-meta-tag\" \/>\n\t<meta property=\"og:image:height\" content=\"450\" class=\"yoast-seo-meta-tag\" \/>\n\t<meta property=\"og:image:type\" content=\"image\/jpeg\" class=\"yoast-seo-meta-tag\" \/>\n<meta name=\"author\" content=\"dorogimedence.hu\" class=\"yoast-seo-meta-tag\" \/>\n<meta name=\"twitter:card\" content=\"summary_large_image\" class=\"yoast-seo-meta-tag\" \/>\n<meta name=\"twitter:label1\" content=\"Szerz\u0151:\" class=\"yoast-seo-meta-tag\" \/>\n\t<meta name=\"twitter:data1\" content=\"dorogimedence.hu\" class=\"yoast-seo-meta-tag\" \/>\n\t<meta name=\"twitter:label2\" content=\"Becs\u00fclt olvas\u00e1si id\u0151\" class=\"yoast-seo-meta-tag\" \/>\n\t<meta name=\"twitter:data2\" content=\"3 perc\" class=\"yoast-seo-meta-tag\" \/>\n<script type=\"application\/ld+json\" class=\"yoast-schema-graph\">{\"@context\":\"https:\\\/\\\/schema.org\",\"@graph\":[{\"@type\":\"Article\",\"@id\":\"https:\\\/\\\/dorogimedence.hu\\\/index.php\\\/2021\\\/01\\\/21\\\/egyre-tobb-kart-okoznak-a-hodok-a-tersegunkben\\\/#article\",\"isPartOf\":{\"@id\":\"https:\\\/\\\/dorogimedence.hu\\\/index.php\\\/2021\\\/01\\\/21\\\/egyre-tobb-kart-okoznak-a-hodok-a-tersegunkben\\\/\"},\"author\":{\"name\":\"dorogimedence.hu\",\"@id\":\"https:\\\/\\\/dorogimedence.hu\\\/#\\\/schema\\\/person\\\/ce6091eeb7e95ecdc87890d6aa8e0fd4\"},\"headline\":\"Egyre t\u00f6bb k\u00e1rt okoznak a h\u00f3dok a t\u00e9rs\u00e9g\u00fcnkben\",\"datePublished\":\"2021-01-21T10:18:23+00:00\",\"dateModified\":\"2021-01-21T10:18:28+00:00\",\"mainEntityOfPage\":{\"@id\":\"https:\\\/\\\/dorogimedence.hu\\\/index.php\\\/2021\\\/01\\\/21\\\/egyre-tobb-kart-okoznak-a-hodok-a-tersegunkben\\\/\"},\"wordCount\":694,\"publisher\":{\"@id\":\"https:\\\/\\\/dorogimedence.hu\\\/#organization\"},\"image\":{\"@id\":\"https:\\\/\\\/dorogimedence.hu\\\/index.php\\\/2021\\\/01\\\/21\\\/egyre-tobb-kart-okoznak-a-hodok-a-tersegunkben\\\/#primaryimage\"},\"thumbnailUrl\":\"https:\\\/\\\/dorogimedence.hu\\\/wp-content\\\/uploads\\\/2021\\\/01\\\/hodok-01.jpg\",\"keywords\":[\"h\u00f3dok\",\"Keny\u00e9rmez\u0151i-patak\"],\"articleSection\":[\"H\u00edrek\"],\"inLanguage\":\"hu\"},{\"@type\":\"WebPage\",\"@id\":\"https:\\\/\\\/dorogimedence.hu\\\/index.php\\\/2021\\\/01\\\/21\\\/egyre-tobb-kart-okoznak-a-hodok-a-tersegunkben\\\/\",\"url\":\"https:\\\/\\\/dorogimedence.hu\\\/index.php\\\/2021\\\/01\\\/21\\\/egyre-tobb-kart-okoznak-a-hodok-a-tersegunkben\\\/\",\"name\":\"Egyre t\u00f6bb k\u00e1rt okoznak a h\u00f3dok a t\u00e9rs\u00e9g\u00fcnkben\",\"isPartOf\":{\"@id\":\"https:\\\/\\\/dorogimedence.hu\\\/#website\"},\"primaryImageOfPage\":{\"@id\":\"https:\\\/\\\/dorogimedence.hu\\\/index.php\\\/2021\\\/01\\\/21\\\/egyre-tobb-kart-okoznak-a-hodok-a-tersegunkben\\\/#primaryimage\"},\"image\":{\"@id\":\"https:\\\/\\\/dorogimedence.hu\\\/index.php\\\/2021\\\/01\\\/21\\\/egyre-tobb-kart-okoznak-a-hodok-a-tersegunkben\\\/#primaryimage\"},\"thumbnailUrl\":\"https:\\\/\\\/dorogimedence.hu\\\/wp-content\\\/uploads\\\/2021\\\/01\\\/hodok-01.jpg\",\"datePublished\":\"2021-01-21T10:18:23+00:00\",\"dateModified\":\"2021-01-21T10:18:28+00:00\",\"breadcrumb\":{\"@id\":\"https:\\\/\\\/dorogimedence.hu\\\/index.php\\\/2021\\\/01\\\/21\\\/egyre-tobb-kart-okoznak-a-hodok-a-tersegunkben\\\/#breadcrumb\"},\"inLanguage\":\"hu\",\"potentialAction\":[{\"@type\":\"ReadAction\",\"target\":[\"https:\\\/\\\/dorogimedence.hu\\\/index.php\\\/2021\\\/01\\\/21\\\/egyre-tobb-kart-okoznak-a-hodok-a-tersegunkben\\\/\"]}]},{\"@type\":\"ImageObject\",\"inLanguage\":\"hu\",\"@id\":\"https:\\\/\\\/dorogimedence.hu\\\/index.php\\\/2021\\\/01\\\/21\\\/egyre-tobb-kart-okoznak-a-hodok-a-tersegunkben\\\/#primaryimage\",\"url\":\"https:\\\/\\\/dorogimedence.hu\\\/wp-content\\\/uploads\\\/2021\\\/01\\\/hodok-01.jpg\",\"contentUrl\":\"https:\\\/\\\/dorogimedence.hu\\\/wp-content\\\/uploads\\\/2021\\\/01\\\/hodok-01.jpg\",\"width\":830,\"height\":450},{\"@type\":\"BreadcrumbList\",\"@id\":\"https:\\\/\\\/dorogimedence.hu\\\/index.php\\\/2021\\\/01\\\/21\\\/egyre-tobb-kart-okoznak-a-hodok-a-tersegunkben\\\/#breadcrumb\",\"itemListElement\":[{\"@type\":\"ListItem\",\"position\":1,\"name\":\"Kezd\u0151lap\",\"item\":\"https:\\\/\\\/dorogimedence.hu\\\/\"},{\"@type\":\"ListItem\",\"position\":2,\"name\":\"Egyre t\u00f6bb k\u00e1rt okoznak a h\u00f3dok a t\u00e9rs\u00e9g\u00fcnkben\"}]},{\"@type\":\"WebSite\",\"@id\":\"https:\\\/\\\/dorogimedence.hu\\\/#website\",\"url\":\"https:\\\/\\\/dorogimedence.hu\\\/\",\"name\":\"Dorogi-medence Region\u00e1lis H\u00edrport\u00e1l\",\"description\":\"Dorog, Keszt\u00f6lc, Le\u00e1nyv\u00e1r, Piliscs\u00e9v, Tokod, Tokodalt\u00e1r\u00f3, Csolnok, Esztergom-kertv\u00e1ros: h\u00edrek, programok\",\"publisher\":{\"@id\":\"https:\\\/\\\/dorogimedence.hu\\\/#organization\"},\"potentialAction\":[{\"@type\":\"SearchAction\",\"target\":{\"@type\":\"EntryPoint\",\"urlTemplate\":\"https:\\\/\\\/dorogimedence.hu\\\/?s={search_term_string}\"},\"query-input\":{\"@type\":\"PropertyValueSpecification\",\"valueRequired\":true,\"valueName\":\"search_term_string\"}}],\"inLanguage\":\"hu\"},{\"@type\":\"Organization\",\"@id\":\"https:\\\/\\\/dorogimedence.hu\\\/#organization\",\"name\":\"Dorogi-medence Region\u00e1lis H\u00edrport\u00e1l\",\"url\":\"https:\\\/\\\/dorogimedence.hu\\\/\",\"logo\":{\"@type\":\"ImageObject\",\"inLanguage\":\"hu\",\"@id\":\"https:\\\/\\\/dorogimedence.hu\\\/#\\\/schema\\\/logo\\\/image\\\/\",\"url\":\"https:\\\/\\\/dorogimedence.hu\\\/wp-content\\\/uploads\\\/2021\\\/04\\\/logo-feher-600.png\",\"contentUrl\":\"https:\\\/\\\/dorogimedence.hu\\\/wp-content\\\/uploads\\\/2021\\\/04\\\/logo-feher-600.png\",\"width\":600,\"height\":100,\"caption\":\"Dorogi-medence Region\u00e1lis H\u00edrport\u00e1l\"},\"image\":{\"@id\":\"https:\\\/\\\/dorogimedence.hu\\\/#\\\/schema\\\/logo\\\/image\\\/\"},\"sameAs\":[\"https:\\\/\\\/www.facebook.com\\\/dorogimedence\\\/\"]},{\"@type\":\"Person\",\"@id\":\"https:\\\/\\\/dorogimedence.hu\\\/#\\\/schema\\\/person\\\/ce6091eeb7e95ecdc87890d6aa8e0fd4\",\"name\":\"dorogimedence.hu\",\"image\":{\"@type\":\"ImageObject\",\"inLanguage\":\"hu\",\"@id\":\"\\\/\\\/www.gravatar.com\\\/avatar\\\/d8d45f8901aadff40a4af72c0b826f1d?s=96&#038;r=g&#038;d=mm\",\"url\":\"\\\/\\\/www.gravatar.com\\\/avatar\\\/d8d45f8901aadff40a4af72c0b826f1d?s=96&#038;r=g&#038;d=mm\",\"contentUrl\":\"\\\/\\\/www.gravatar.com\\\/avatar\\\/d8d45f8901aadff40a4af72c0b826f1d?s=96&#038;r=g&#038;d=mm\",\"caption\":\"dorogimedence.hu\"}}]}<\/script>\n<!-- \/ Yoast SEO plugin. -->","yoast_head_json":{"title":"Egyre t\u00f6bb k\u00e1rt okoznak a h\u00f3dok a t\u00e9rs\u00e9g\u00fcnkben","robots":{"index":"index","follow":"follow","max-snippet":"max-snippet:-1","max-image-preview":"max-image-preview:large","max-video-preview":"max-video-preview:-1"},"canonical":"https:\/\/dorogimedence.hu\/index.php\/2021\/01\/21\/egyre-tobb-kart-okoznak-a-hodok-a-tersegunkben\/","og_locale":"hu_HU","og_type":"article","og_title":"Egyre t\u00f6bb k\u00e1rt okoznak a h\u00f3dok a t\u00e9rs\u00e9g\u00fcnkben","og_description":"A Keny\u00e9rmez\u0151i-patak als\u00f3, esztergom-kertv\u00e1rosi szakasz\u00e1n az 1996-2008 k\u00f6z\u00f6tt v\u00e9gzett visszatelep\u00edt\u00e9si program eredm\u00e9nyek\u00e9nt az elm\u00falt t\u00edz \u00e9vben folyamatosan jelen voltak a h\u00f3dok, az ut\u00f3bbi k\u00e9t-h\u00e1rom \u00e9vben azonban az egyed sz\u00e1ma drasztikusan n\u00f6vekedett, ez\u00e1ltal k\u00e1rt\u00e9tel\u00fck is jelent\u0151sen fokoz\u00f3dott \u2013 \u00edrja az \u00c9szak-dun\u00e1nt\u00fali V\u00edz\u00fcgyi Igazgat\u00f3s\u00e1g (\u00c9DUVIZIG). A Keny\u00e9rmezei-patak a Dorogi medence f\u0151 v\u00edzfoly\u00e1sa, a Budai-hegys\u00e9gben ered \u00e9s \u00e9rinti","og_url":"https:\/\/dorogimedence.hu\/index.php\/2021\/01\/21\/egyre-tobb-kart-okoznak-a-hodok-a-tersegunkben\/","og_site_name":"Dorogi-medence Region\u00e1lis H\u00edrport\u00e1l","article_publisher":"https:\/\/www.facebook.com\/dorogimedence\/","article_published_time":"2021-01-21T10:18:23+00:00","article_modified_time":"2021-01-21T10:18:28+00:00","og_image":[{"width":830,"height":450,"url":"https:\/\/i0.wp.com\/dorogimedence.hu\/wp-content\/uploads\/2021\/01\/hodok-01.jpg?fit=830%2C450&ssl=1","type":"image\/jpeg"}],"author":"dorogimedence.hu","twitter_card":"summary_large_image","twitter_misc":{"Szerz\u0151:":"dorogimedence.hu","Becs\u00fclt olvas\u00e1si id\u0151":"3 perc"},"schema":{"@context":"https:\/\/schema.org","@graph":[{"@type":"Article","@id":"https:\/\/dorogimedence.hu\/index.php\/2021\/01\/21\/egyre-tobb-kart-okoznak-a-hodok-a-tersegunkben\/#article","isPartOf":{"@id":"https:\/\/dorogimedence.hu\/index.php\/2021\/01\/21\/egyre-tobb-kart-okoznak-a-hodok-a-tersegunkben\/"},"author":{"name":"dorogimedence.hu","@id":"https:\/\/dorogimedence.hu\/#\/schema\/person\/ce6091eeb7e95ecdc87890d6aa8e0fd4"},"headline":"Egyre t\u00f6bb k\u00e1rt okoznak a h\u00f3dok a t\u00e9rs\u00e9g\u00fcnkben","datePublished":"2021-01-21T10:18:23+00:00","dateModified":"2021-01-21T10:18:28+00:00","mainEntityOfPage":{"@id":"https:\/\/dorogimedence.hu\/index.php\/2021\/01\/21\/egyre-tobb-kart-okoznak-a-hodok-a-tersegunkben\/"},"wordCount":694,"publisher":{"@id":"https:\/\/dorogimedence.hu\/#organization"},"image":{"@id":"https:\/\/dorogimedence.hu\/index.php\/2021\/01\/21\/egyre-tobb-kart-okoznak-a-hodok-a-tersegunkben\/#primaryimage"},"thumbnailUrl":"https:\/\/dorogimedence.hu\/wp-content\/uploads\/2021\/01\/hodok-01.jpg","keywords":["h\u00f3dok","Keny\u00e9rmez\u0151i-patak"],"articleSection":["H\u00edrek"],"inLanguage":"hu"},{"@type":"WebPage","@id":"https:\/\/dorogimedence.hu\/index.php\/2021\/01\/21\/egyre-tobb-kart-okoznak-a-hodok-a-tersegunkben\/","url":"https:\/\/dorogimedence.hu\/index.php\/2021\/01\/21\/egyre-tobb-kart-okoznak-a-hodok-a-tersegunkben\/","name":"Egyre t\u00f6bb k\u00e1rt okoznak a h\u00f3dok a t\u00e9rs\u00e9g\u00fcnkben","isPartOf":{"@id":"https:\/\/dorogimedence.hu\/#website"},"primaryImageOfPage":{"@id":"https:\/\/dorogimedence.hu\/index.php\/2021\/01\/21\/egyre-tobb-kart-okoznak-a-hodok-a-tersegunkben\/#primaryimage"},"image":{"@id":"https:\/\/dorogimedence.hu\/index.php\/2021\/01\/21\/egyre-tobb-kart-okoznak-a-hodok-a-tersegunkben\/#primaryimage"},"thumbnailUrl":"https:\/\/dorogimedence.hu\/wp-content\/uploads\/2021\/01\/hodok-01.jpg","datePublished":"2021-01-21T10:18:23+00:00","dateModified":"2021-01-21T10:18:28+00:00","breadcrumb":{"@id":"https:\/\/dorogimedence.hu\/index.php\/2021\/01\/21\/egyre-tobb-kart-okoznak-a-hodok-a-tersegunkben\/#breadcrumb"},"inLanguage":"hu","potentialAction":[{"@type":"ReadAction","target":["https:\/\/dorogimedence.hu\/index.php\/2021\/01\/21\/egyre-tobb-kart-okoznak-a-hodok-a-tersegunkben\/"]}]},{"@type":"ImageObject","inLanguage":"hu","@id":"https:\/\/dorogimedence.hu\/index.php\/2021\/01\/21\/egyre-tobb-kart-okoznak-a-hodok-a-tersegunkben\/#primaryimage","url":"https:\/\/dorogimedence.hu\/wp-content\/uploads\/2021\/01\/hodok-01.jpg","contentUrl":"https:\/\/dorogimedence.hu\/wp-content\/uploads\/2021\/01\/hodok-01.jpg","width":830,"height":450},{"@type":"BreadcrumbList","@id":"https:\/\/dorogimedence.hu\/index.php\/2021\/01\/21\/egyre-tobb-kart-okoznak-a-hodok-a-tersegunkben\/#breadcrumb","itemListElement":[{"@type":"ListItem","position":1,"name":"Kezd\u0151lap","item":"https:\/\/dorogimedence.hu\/"},{"@type":"ListItem","position":2,"name":"Egyre t\u00f6bb k\u00e1rt okoznak a h\u00f3dok a t\u00e9rs\u00e9g\u00fcnkben"}]},{"@type":"WebSite","@id":"https:\/\/dorogimedence.hu\/#website","url":"https:\/\/dorogimedence.hu\/","name":"Dorogi-medence Region\u00e1lis H\u00edrport\u00e1l","description":"Dorog, Keszt\u00f6lc, Le\u00e1nyv\u00e1r, Piliscs\u00e9v, Tokod, Tokodalt\u00e1r\u00f3, Csolnok, Esztergom-kertv\u00e1ros: h\u00edrek, programok","publisher":{"@id":"https:\/\/dorogimedence.hu\/#organization"},"potentialAction":[{"@type":"SearchAction","target":{"@type":"EntryPoint","urlTemplate":"https:\/\/dorogimedence.hu\/?s={search_term_string}"},"query-input":{"@type":"PropertyValueSpecification","valueRequired":true,"valueName":"search_term_string"}}],"inLanguage":"hu"},{"@type":"Organization","@id":"https:\/\/dorogimedence.hu\/#organization","name":"Dorogi-medence Region\u00e1lis H\u00edrport\u00e1l","url":"https:\/\/dorogimedence.hu\/","logo":{"@type":"ImageObject","inLanguage":"hu","@id":"https:\/\/dorogimedence.hu\/#\/schema\/logo\/image\/","url":"https:\/\/dorogimedence.hu\/wp-content\/uploads\/2021\/04\/logo-feher-600.png","contentUrl":"https:\/\/dorogimedence.hu\/wp-content\/uploads\/2021\/04\/logo-feher-600.png","width":600,"height":100,"caption":"Dorogi-medence Region\u00e1lis H\u00edrport\u00e1l"},"image":{"@id":"https:\/\/dorogimedence.hu\/#\/schema\/logo\/image\/"},"sameAs":["https:\/\/www.facebook.com\/dorogimedence\/"]},{"@type":"Person","@id":"https:\/\/dorogimedence.hu\/#\/schema\/person\/ce6091eeb7e95ecdc87890d6aa8e0fd4","name":"dorogimedence.hu","image":{"@type":"ImageObject","inLanguage":"hu","@id":"\/\/www.gravatar.com\/avatar\/d8d45f8901aadff40a4af72c0b826f1d?s=96&#038;r=g&#038;d=mm","url":"\/\/www.gravatar.com\/avatar\/d8d45f8901aadff40a4af72c0b826f1d?s=96&#038;r=g&#038;d=mm","contentUrl":"\/\/www.gravatar.com\/avatar\/d8d45f8901aadff40a4af72c0b826f1d?s=96&#038;r=g&#038;d=mm","caption":"dorogimedence.hu"}}]}},"_links":{"self":[{"href":"https:\/\/dorogimedence.hu\/index.php\/wp-json\/wp\/v2\/posts\/29865","targetHints":{"allow":["GET"]}}],"collection":[{"href":"https:\/\/dorogimedence.hu\/index.php\/wp-json\/wp\/v2\/posts"}],"about":[{"href":"https:\/\/dorogimedence.hu\/index.php\/wp-json\/wp\/v2\/types\/post"}],"author":[{"embeddable":true,"href":"https:\/\/dorogimedence.hu\/index.php\/wp-json\/wp\/v2\/users\/1"}],"replies":[{"embeddable":true,"href":"https:\/\/dorogimedence.hu\/index.php\/wp-json\/wp\/v2\/comments?post=29865"}],"version-history":[{"count":0,"href":"https:\/\/dorogimedence.hu\/index.php\/wp-json\/wp\/v2\/posts\/29865\/revisions"}],"wp:featuredmedia":[{"embeddable":true,"href":"https:\/\/dorogimedence.hu\/index.php\/wp-json\/wp\/v2\/media\/29866"}],"wp:attachment":[{"href":"https:\/\/dorogimedence.hu\/index.php\/wp-json\/wp\/v2\/media?parent=29865"}],"wp:term":[{"taxonomy":"category","embeddable":true,"href":"https:\/\/dorogimedence.hu\/index.php\/wp-json\/wp\/v2\/categories?post=29865"},{"taxonomy":"post_tag","embeddable":true,"href":"https:\/\/dorogimedence.hu\/index.php\/wp-json\/wp\/v2\/tags?post=29865"}],"curies":[{"name":"wp","href":"https:\/\/api.w.org\/{rel}","templated":true}]}}