{"id":29786,"date":"2021-01-16T09:22:28","date_gmt":"2021-01-16T08:22:28","guid":{"rendered":"http:\/\/dorogimedence.hu\/?p=29786"},"modified":"2021-01-16T09:26:02","modified_gmt":"2021-01-16T08:26:02","slug":"esztergomtol-gyorig-tobb-lakasba-tort-be-ket-ferfi-elfogtak-oket","status":"publish","type":"post","link":"https:\/\/dorogimedence.hu\/index.php\/2021\/01\/16\/esztergomtol-gyorig-tobb-lakasba-tort-be-ket-ferfi-elfogtak-oket\/","title":{"rendered":"Esztergomt\u00f3l Gy\u0151rig t\u00f6bb lak\u00e1sba t\u00f6rt be k\u00e9t f\u00e9rfi, elfogt\u00e1k \u0151ket"},"content":{"rendered":"<p><strong>A B\u00e9k\u00e9s megyei rend\u0151r\u00f6k Budapesten elfogtak k\u00e9t f\u00e9rfit, akik a gyan\u00fa szerint orsz\u00e1gszerte t\u00f6bb lak\u00e1sba t\u00f6rtek be, k\u00f6zt\u00fck esztergomi lak\u00e1sba is. Z\u00e1rf\u00e9s\u0171t haszn\u00e1ltak \u00e9s a kinyitott lak\u00e1sokb\u00f3l f\u0151k\u00e9nt p\u00e9nzt, \u00e9kszereket, \u00f3r\u00e1kat, parf\u00fcm\u00f6ket loptak el. A nyomoz\u00f3k a lopott dolgok egy r\u00e9sz\u00e9t megtal\u00e1lt\u00e1k n\u00e1luk \u00e9s lefoglalt\u00e1k.<\/strong><\/p>\n<div class=\"body-text\">\n<p>Hat megy\u00e9ben k\u00f6vetett el lop\u00e1sokat a gyan\u00fa szerint a budapesti f\u00e9rfi, akit 2021. janu\u00e1r 15-\u00e9n d\u00e9lel\u0151tt egy \u00f6sszehangolt akci\u00f3 keret\u00e9ben fogtak el a f\u0151v\u00e1rosban a B\u00e9k\u00e9s megyei rend\u0151r\u00f6k. Az 50 \u00e9ves L. Zsolt a nyomoz\u00e1s adatai szerint 2020 augusztusa \u00e9s 2020 decembere k\u00f6z\u00f6tt orsz\u00e1gszerte nyolc helyre t\u00f6rt be. N\u00e9gy helyre a s\u00e1toralja\u00fajhelyi M. Tiborral, aki az elfog\u00e1sakor is vele volt. A B\u00e9k\u00e9s megyei Gyul\u00e1n 2020. okt\u00f3ber 8-\u00e1n d\u00e9lel\u0151tt a gyan\u00fa szerint L. Zsolt nyitotta ki z\u00e1rf\u00e9s\u0171vel egy lak\u00e1s bej\u00e1rati ajtaj\u00e1t \u00e9s \u00e9kszereket vitt el onnan. A Gyulai Rend\u0151rkapit\u00e1nys\u00e1g, illetve a B\u00e9k\u00e9s Megyei Rend\u0151r-f\u0151kapit\u00e1nys\u00e1g nyomoz\u00f3i mik\u00f6zben a gyulai bet\u00f6r\u00e9s felder\u00edt\u00e9s\u00e9n dolgoztak, meg\u00e1llap\u00edtott\u00e1k, hogy hasonl\u00f3 m\u00f3dszerrel elk\u00f6vetett b\u0171ncselekm\u00e9nyek t\u00f6rt\u00e9ntek Debrecenben, Esztergomban, Gy\u0151rben, Sz\u00e9kesfeh\u00e9rv\u00e1ron, Tat\u00e1n, V\u00e1rpalot\u00e1n is.<\/p>\n<p><iframe title=\"Megszak\u00edtott sorozat\" width=\"755\" height=\"425\" src=\"https:\/\/www.youtube.com\/embed\/LKtcpNfbCZQ?feature=oembed\" frameborder=\"0\" allow=\"accelerometer; autoplay; clipboard-write; encrypted-media; gyroscope; picture-in-picture; web-share\" referrerpolicy=\"strict-origin-when-cross-origin\" allowfullscreen><\/iframe><\/p>\n<p>A lak\u00e1sokb\u00f3l p\u00e9nz, \u00e9kszerek, \u00f3r\u00e1k, parf\u00fcm\u00f6k t\u0171ntek el, volt, ahonnan egy f\u00e9nyk\u00e9pez\u0151g\u00e9pet is elloptak. \u00d6sszess\u00e9g\u00e9ben a k\u00e1r meghaladja a 10 milli\u00f3 forintot. Ennek egy r\u00e9sze megt\u00e9r\u00fcl, mert a nyomoz\u00f3k a gyan\u00fas\u00edtottakn\u00e1l tartott h\u00e1zkutat\u00e1sokon az ellopott dolgok egy r\u00e9sz\u00e9t megtal\u00e1lt\u00e1k. Emellett a bet\u00f6r\u00e9sekhez haszn\u00e1lt eszk\u00f6z\u00f6ket is foglaltak le.<\/p>\n<p>A B\u00e9k\u00e9s megyei nyomoz\u00f3k \u00e9s a K\u00f6zter\u00fcleti T\u00e1mogat\u00f3 Aloszt\u00e1ly rend\u0151rei L. Zsoltot \u00e9s t\u00e1rs\u00e1t, a 36 \u00e9ves s\u00e1toralja\u00fajhelyi M. Tibort el\u0151\u00e1ll\u00edtott\u00e1k a Gyulai Rend\u0151rkapit\u00e1nys\u00e1gra, ahol lop\u00e1s b\u0171ntett elk\u00f6vet\u00e9s\u00e9nek megalapozott gyan\u00faja miatt kihallgatt\u00e1k \u00e9s \u0151rizetbe vett\u00e9k \u0151ket. A rend\u0151r\u00f6k vizsg\u00e1lj\u00e1k, hogy a B\u00e9k\u00e9s, Hajd\u00fa-Bihar, Kom\u00e1rom-Esztergom, Gy\u0151r-Moson-Sopron, Fej\u00e9r \u00e9s Veszpr\u00e9m megy\u00e9ben t\u00f6rt\u00e9nt bet\u00f6r\u00e9sek mellett m\u00e1shol, hasonl\u00f3 m\u00f3dszerrel k\u00f6vethettek-e el b\u0171ncselekm\u00e9nyeket.<\/p>\n<p><em>Fot\u00f3, forr\u00e1s: police.hu<\/em><\/p>\n<\/div>\n","protected":false},"excerpt":{"rendered":"<p>A B\u00e9k\u00e9s megyei rend\u0151r\u00f6k Budapesten elfogtak k\u00e9t f\u00e9rfit, akik a gyan\u00fa szerint orsz\u00e1gszerte t\u00f6bb lak\u00e1sba t\u00f6rtek be, k\u00f6zt\u00fck esztergomi lak\u00e1sba is. Z\u00e1rf\u00e9s\u0171t haszn\u00e1ltak \u00e9s a kinyitott lak\u00e1sokb\u00f3l f\u0151k\u00e9nt p\u00e9nzt, \u00e9kszereket, \u00f3r\u00e1kat, parf\u00fcm\u00f6ket loptak el. A nyomoz\u00f3k a lopott dolgok egy r\u00e9sz\u00e9t megtal\u00e1lt\u00e1k n\u00e1luk \u00e9s lefoglalt\u00e1k. Hat megy\u00e9ben k\u00f6vetett el lop\u00e1sokat a gyan\u00fa szerint a budapesti<\/p>\n","protected":false},"author":1,"featured_media":29787,"comment_status":"closed","ping_status":"closed","sticky":false,"template":"","format":"standard","meta":{"ngg_post_thumbnail":0,"footnotes":""},"categories":[38,3,39],"tags":[63,42,447,61],"class_list":{"0":"post-29786","1":"post","2":"type-post","3":"status-publish","4":"format-standard","5":"has-post-thumbnail","7":"category-esztergom","8":"category-hirek","9":"category-kek-hirek","10":"tag-buncselekmeny","11":"tag-esztergom","12":"tag-lopas","13":"tag-rendorsegi-hirek"},"yoast_head":"<!-- This site is optimized with the Yoast SEO plugin v27.4 - https:\/\/yoast.com\/product\/yoast-seo-wordpress\/ -->\n<title>Esztergomt\u00f3l Gy\u0151rig t\u00f6bb lak\u00e1sba t\u00f6rt be k\u00e9t f\u00e9rfi, elfogt\u00e1k \u0151ket<\/title>\n<meta name=\"robots\" content=\"index, follow, max-snippet:-1, max-image-preview:large, max-video-preview:-1\" \/>\n<link rel=\"canonical\" href=\"https:\/\/dorogimedence.hu\/index.php\/2021\/01\/16\/esztergomtol-gyorig-tobb-lakasba-tort-be-ket-ferfi-elfogtak-oket\/\" class=\"yoast-seo-meta-tag\" \/>\n<meta property=\"og:locale\" content=\"hu_HU\" class=\"yoast-seo-meta-tag\" \/>\n<meta property=\"og:type\" content=\"article\" class=\"yoast-seo-meta-tag\" \/>\n<meta property=\"og:title\" content=\"Esztergomt\u00f3l Gy\u0151rig t\u00f6bb lak\u00e1sba t\u00f6rt be k\u00e9t f\u00e9rfi, elfogt\u00e1k \u0151ket\" class=\"yoast-seo-meta-tag\" \/>\n<meta property=\"og:description\" content=\"A B\u00e9k\u00e9s megyei rend\u0151r\u00f6k Budapesten elfogtak k\u00e9t f\u00e9rfit, akik a gyan\u00fa szerint orsz\u00e1gszerte t\u00f6bb lak\u00e1sba t\u00f6rtek be, k\u00f6zt\u00fck esztergomi lak\u00e1sba is. Z\u00e1rf\u00e9s\u0171t haszn\u00e1ltak \u00e9s a kinyitott lak\u00e1sokb\u00f3l f\u0151k\u00e9nt p\u00e9nzt, \u00e9kszereket, \u00f3r\u00e1kat, parf\u00fcm\u00f6ket loptak el. A nyomoz\u00f3k a lopott dolgok egy r\u00e9sz\u00e9t megtal\u00e1lt\u00e1k n\u00e1luk \u00e9s lefoglalt\u00e1k. Hat megy\u00e9ben k\u00f6vetett el lop\u00e1sokat a gyan\u00fa szerint a budapesti\" class=\"yoast-seo-meta-tag\" \/>\n<meta property=\"og:url\" content=\"https:\/\/dorogimedence.hu\/index.php\/2021\/01\/16\/esztergomtol-gyorig-tobb-lakasba-tort-be-ket-ferfi-elfogtak-oket\/\" class=\"yoast-seo-meta-tag\" \/>\n<meta property=\"og:site_name\" content=\"Dorogi-medence Region\u00e1lis H\u00edrport\u00e1l\" class=\"yoast-seo-meta-tag\" \/>\n<meta property=\"article:publisher\" content=\"https:\/\/www.facebook.com\/dorogimedence\/\" class=\"yoast-seo-meta-tag\" \/>\n<meta property=\"article:published_time\" content=\"2021-01-16T08:22:28+00:00\" class=\"yoast-seo-meta-tag\" \/>\n<meta property=\"article:modified_time\" content=\"2021-01-16T08:26:02+00:00\" class=\"yoast-seo-meta-tag\" \/>\n<meta property=\"og:image\" content=\"https:\/\/i0.wp.com\/dorogimedence.hu\/wp-content\/uploads\/2021\/01\/sorozatbetoro.jpg?fit=830%2C450&ssl=1\" class=\"yoast-seo-meta-tag\" \/>\n\t<meta property=\"og:image:width\" content=\"830\" class=\"yoast-seo-meta-tag\" \/>\n\t<meta property=\"og:image:height\" content=\"450\" class=\"yoast-seo-meta-tag\" \/>\n\t<meta property=\"og:image:type\" content=\"image\/jpeg\" class=\"yoast-seo-meta-tag\" \/>\n<meta name=\"author\" content=\"dorogimedence.hu\" class=\"yoast-seo-meta-tag\" \/>\n<meta name=\"twitter:card\" content=\"summary_large_image\" class=\"yoast-seo-meta-tag\" \/>\n<meta name=\"twitter:label1\" content=\"Szerz\u0151:\" class=\"yoast-seo-meta-tag\" \/>\n\t<meta name=\"twitter:data1\" content=\"dorogimedence.hu\" class=\"yoast-seo-meta-tag\" \/>\n\t<meta name=\"twitter:label2\" content=\"Becs\u00fclt olvas\u00e1si id\u0151\" class=\"yoast-seo-meta-tag\" \/>\n\t<meta name=\"twitter:data2\" content=\"2 perc\" class=\"yoast-seo-meta-tag\" \/>\n<script type=\"application\/ld+json\" class=\"yoast-schema-graph\">{\"@context\":\"https:\\\/\\\/schema.org\",\"@graph\":[{\"@type\":\"Article\",\"@id\":\"https:\\\/\\\/dorogimedence.hu\\\/index.php\\\/2021\\\/01\\\/16\\\/esztergomtol-gyorig-tobb-lakasba-tort-be-ket-ferfi-elfogtak-oket\\\/#article\",\"isPartOf\":{\"@id\":\"https:\\\/\\\/dorogimedence.hu\\\/index.php\\\/2021\\\/01\\\/16\\\/esztergomtol-gyorig-tobb-lakasba-tort-be-ket-ferfi-elfogtak-oket\\\/\"},\"author\":{\"name\":\"dorogimedence.hu\",\"@id\":\"https:\\\/\\\/dorogimedence.hu\\\/#\\\/schema\\\/person\\\/ce6091eeb7e95ecdc87890d6aa8e0fd4\"},\"headline\":\"Esztergomt\u00f3l Gy\u0151rig t\u00f6bb lak\u00e1sba t\u00f6rt be k\u00e9t f\u00e9rfi, elfogt\u00e1k \u0151ket\",\"datePublished\":\"2021-01-16T08:22:28+00:00\",\"dateModified\":\"2021-01-16T08:26:02+00:00\",\"mainEntityOfPage\":{\"@id\":\"https:\\\/\\\/dorogimedence.hu\\\/index.php\\\/2021\\\/01\\\/16\\\/esztergomtol-gyorig-tobb-lakasba-tort-be-ket-ferfi-elfogtak-oket\\\/\"},\"wordCount\":467,\"publisher\":{\"@id\":\"https:\\\/\\\/dorogimedence.hu\\\/#organization\"},\"image\":{\"@id\":\"https:\\\/\\\/dorogimedence.hu\\\/index.php\\\/2021\\\/01\\\/16\\\/esztergomtol-gyorig-tobb-lakasba-tort-be-ket-ferfi-elfogtak-oket\\\/#primaryimage\"},\"thumbnailUrl\":\"https:\\\/\\\/dorogimedence.hu\\\/wp-content\\\/uploads\\\/2021\\\/01\\\/sorozatbetoro.jpg\",\"keywords\":[\"b\u0171ncselekm\u00e9ny\",\"esztergom\",\"lop\u00e1s\",\"rend\u0151rs\u00e9gi h\u00edrek\"],\"articleSection\":[\"Esztergom\",\"H\u00edrek\",\"K\u00e9k h\u00edrek\"],\"inLanguage\":\"hu\"},{\"@type\":\"WebPage\",\"@id\":\"https:\\\/\\\/dorogimedence.hu\\\/index.php\\\/2021\\\/01\\\/16\\\/esztergomtol-gyorig-tobb-lakasba-tort-be-ket-ferfi-elfogtak-oket\\\/\",\"url\":\"https:\\\/\\\/dorogimedence.hu\\\/index.php\\\/2021\\\/01\\\/16\\\/esztergomtol-gyorig-tobb-lakasba-tort-be-ket-ferfi-elfogtak-oket\\\/\",\"name\":\"Esztergomt\u00f3l Gy\u0151rig t\u00f6bb lak\u00e1sba t\u00f6rt be k\u00e9t f\u00e9rfi, elfogt\u00e1k \u0151ket\",\"isPartOf\":{\"@id\":\"https:\\\/\\\/dorogimedence.hu\\\/#website\"},\"primaryImageOfPage\":{\"@id\":\"https:\\\/\\\/dorogimedence.hu\\\/index.php\\\/2021\\\/01\\\/16\\\/esztergomtol-gyorig-tobb-lakasba-tort-be-ket-ferfi-elfogtak-oket\\\/#primaryimage\"},\"image\":{\"@id\":\"https:\\\/\\\/dorogimedence.hu\\\/index.php\\\/2021\\\/01\\\/16\\\/esztergomtol-gyorig-tobb-lakasba-tort-be-ket-ferfi-elfogtak-oket\\\/#primaryimage\"},\"thumbnailUrl\":\"https:\\\/\\\/dorogimedence.hu\\\/wp-content\\\/uploads\\\/2021\\\/01\\\/sorozatbetoro.jpg\",\"datePublished\":\"2021-01-16T08:22:28+00:00\",\"dateModified\":\"2021-01-16T08:26:02+00:00\",\"breadcrumb\":{\"@id\":\"https:\\\/\\\/dorogimedence.hu\\\/index.php\\\/2021\\\/01\\\/16\\\/esztergomtol-gyorig-tobb-lakasba-tort-be-ket-ferfi-elfogtak-oket\\\/#breadcrumb\"},\"inLanguage\":\"hu\",\"potentialAction\":[{\"@type\":\"ReadAction\",\"target\":[\"https:\\\/\\\/dorogimedence.hu\\\/index.php\\\/2021\\\/01\\\/16\\\/esztergomtol-gyorig-tobb-lakasba-tort-be-ket-ferfi-elfogtak-oket\\\/\"]}]},{\"@type\":\"ImageObject\",\"inLanguage\":\"hu\",\"@id\":\"https:\\\/\\\/dorogimedence.hu\\\/index.php\\\/2021\\\/01\\\/16\\\/esztergomtol-gyorig-tobb-lakasba-tort-be-ket-ferfi-elfogtak-oket\\\/#primaryimage\",\"url\":\"https:\\\/\\\/dorogimedence.hu\\\/wp-content\\\/uploads\\\/2021\\\/01\\\/sorozatbetoro.jpg\",\"contentUrl\":\"https:\\\/\\\/dorogimedence.hu\\\/wp-content\\\/uploads\\\/2021\\\/01\\\/sorozatbetoro.jpg\",\"width\":830,\"height\":450},{\"@type\":\"BreadcrumbList\",\"@id\":\"https:\\\/\\\/dorogimedence.hu\\\/index.php\\\/2021\\\/01\\\/16\\\/esztergomtol-gyorig-tobb-lakasba-tort-be-ket-ferfi-elfogtak-oket\\\/#breadcrumb\",\"itemListElement\":[{\"@type\":\"ListItem\",\"position\":1,\"name\":\"Kezd\u0151lap\",\"item\":\"https:\\\/\\\/dorogimedence.hu\\\/\"},{\"@type\":\"ListItem\",\"position\":2,\"name\":\"Esztergomt\u00f3l Gy\u0151rig t\u00f6bb lak\u00e1sba t\u00f6rt be k\u00e9t f\u00e9rfi, elfogt\u00e1k \u0151ket\"}]},{\"@type\":\"WebSite\",\"@id\":\"https:\\\/\\\/dorogimedence.hu\\\/#website\",\"url\":\"https:\\\/\\\/dorogimedence.hu\\\/\",\"name\":\"Dorogi-medence Region\u00e1lis H\u00edrport\u00e1l\",\"description\":\"Dorog, Keszt\u00f6lc, Le\u00e1nyv\u00e1r, Piliscs\u00e9v, Tokod, Tokodalt\u00e1r\u00f3, Csolnok, Esztergom-kertv\u00e1ros: h\u00edrek, programok\",\"publisher\":{\"@id\":\"https:\\\/\\\/dorogimedence.hu\\\/#organization\"},\"potentialAction\":[{\"@type\":\"SearchAction\",\"target\":{\"@type\":\"EntryPoint\",\"urlTemplate\":\"https:\\\/\\\/dorogimedence.hu\\\/?s={search_term_string}\"},\"query-input\":{\"@type\":\"PropertyValueSpecification\",\"valueRequired\":true,\"valueName\":\"search_term_string\"}}],\"inLanguage\":\"hu\"},{\"@type\":\"Organization\",\"@id\":\"https:\\\/\\\/dorogimedence.hu\\\/#organization\",\"name\":\"Dorogi-medence Region\u00e1lis H\u00edrport\u00e1l\",\"url\":\"https:\\\/\\\/dorogimedence.hu\\\/\",\"logo\":{\"@type\":\"ImageObject\",\"inLanguage\":\"hu\",\"@id\":\"https:\\\/\\\/dorogimedence.hu\\\/#\\\/schema\\\/logo\\\/image\\\/\",\"url\":\"https:\\\/\\\/dorogimedence.hu\\\/wp-content\\\/uploads\\\/2021\\\/04\\\/logo-feher-600.png\",\"contentUrl\":\"https:\\\/\\\/dorogimedence.hu\\\/wp-content\\\/uploads\\\/2021\\\/04\\\/logo-feher-600.png\",\"width\":600,\"height\":100,\"caption\":\"Dorogi-medence Region\u00e1lis H\u00edrport\u00e1l\"},\"image\":{\"@id\":\"https:\\\/\\\/dorogimedence.hu\\\/#\\\/schema\\\/logo\\\/image\\\/\"},\"sameAs\":[\"https:\\\/\\\/www.facebook.com\\\/dorogimedence\\\/\"]},{\"@type\":\"Person\",\"@id\":\"https:\\\/\\\/dorogimedence.hu\\\/#\\\/schema\\\/person\\\/ce6091eeb7e95ecdc87890d6aa8e0fd4\",\"name\":\"dorogimedence.hu\",\"image\":{\"@type\":\"ImageObject\",\"inLanguage\":\"hu\",\"@id\":\"\\\/\\\/www.gravatar.com\\\/avatar\\\/d8d45f8901aadff40a4af72c0b826f1d?s=96&#038;r=g&#038;d=mm\",\"url\":\"\\\/\\\/www.gravatar.com\\\/avatar\\\/d8d45f8901aadff40a4af72c0b826f1d?s=96&#038;r=g&#038;d=mm\",\"contentUrl\":\"\\\/\\\/www.gravatar.com\\\/avatar\\\/d8d45f8901aadff40a4af72c0b826f1d?s=96&#038;r=g&#038;d=mm\",\"caption\":\"dorogimedence.hu\"}}]}<\/script>\n<!-- \/ Yoast SEO plugin. -->","yoast_head_json":{"title":"Esztergomt\u00f3l Gy\u0151rig t\u00f6bb lak\u00e1sba t\u00f6rt be k\u00e9t f\u00e9rfi, elfogt\u00e1k \u0151ket","robots":{"index":"index","follow":"follow","max-snippet":"max-snippet:-1","max-image-preview":"max-image-preview:large","max-video-preview":"max-video-preview:-1"},"canonical":"https:\/\/dorogimedence.hu\/index.php\/2021\/01\/16\/esztergomtol-gyorig-tobb-lakasba-tort-be-ket-ferfi-elfogtak-oket\/","og_locale":"hu_HU","og_type":"article","og_title":"Esztergomt\u00f3l Gy\u0151rig t\u00f6bb lak\u00e1sba t\u00f6rt be k\u00e9t f\u00e9rfi, elfogt\u00e1k \u0151ket","og_description":"A B\u00e9k\u00e9s megyei rend\u0151r\u00f6k Budapesten elfogtak k\u00e9t f\u00e9rfit, akik a gyan\u00fa szerint orsz\u00e1gszerte t\u00f6bb lak\u00e1sba t\u00f6rtek be, k\u00f6zt\u00fck esztergomi lak\u00e1sba is. Z\u00e1rf\u00e9s\u0171t haszn\u00e1ltak \u00e9s a kinyitott lak\u00e1sokb\u00f3l f\u0151k\u00e9nt p\u00e9nzt, \u00e9kszereket, \u00f3r\u00e1kat, parf\u00fcm\u00f6ket loptak el. A nyomoz\u00f3k a lopott dolgok egy r\u00e9sz\u00e9t megtal\u00e1lt\u00e1k n\u00e1luk \u00e9s lefoglalt\u00e1k. Hat megy\u00e9ben k\u00f6vetett el lop\u00e1sokat a gyan\u00fa szerint a budapesti","og_url":"https:\/\/dorogimedence.hu\/index.php\/2021\/01\/16\/esztergomtol-gyorig-tobb-lakasba-tort-be-ket-ferfi-elfogtak-oket\/","og_site_name":"Dorogi-medence Region\u00e1lis H\u00edrport\u00e1l","article_publisher":"https:\/\/www.facebook.com\/dorogimedence\/","article_published_time":"2021-01-16T08:22:28+00:00","article_modified_time":"2021-01-16T08:26:02+00:00","og_image":[{"width":830,"height":450,"url":"https:\/\/i0.wp.com\/dorogimedence.hu\/wp-content\/uploads\/2021\/01\/sorozatbetoro.jpg?fit=830%2C450&ssl=1","type":"image\/jpeg"}],"author":"dorogimedence.hu","twitter_card":"summary_large_image","twitter_misc":{"Szerz\u0151:":"dorogimedence.hu","Becs\u00fclt olvas\u00e1si id\u0151":"2 perc"},"schema":{"@context":"https:\/\/schema.org","@graph":[{"@type":"Article","@id":"https:\/\/dorogimedence.hu\/index.php\/2021\/01\/16\/esztergomtol-gyorig-tobb-lakasba-tort-be-ket-ferfi-elfogtak-oket\/#article","isPartOf":{"@id":"https:\/\/dorogimedence.hu\/index.php\/2021\/01\/16\/esztergomtol-gyorig-tobb-lakasba-tort-be-ket-ferfi-elfogtak-oket\/"},"author":{"name":"dorogimedence.hu","@id":"https:\/\/dorogimedence.hu\/#\/schema\/person\/ce6091eeb7e95ecdc87890d6aa8e0fd4"},"headline":"Esztergomt\u00f3l Gy\u0151rig t\u00f6bb lak\u00e1sba t\u00f6rt be k\u00e9t f\u00e9rfi, elfogt\u00e1k \u0151ket","datePublished":"2021-01-16T08:22:28+00:00","dateModified":"2021-01-16T08:26:02+00:00","mainEntityOfPage":{"@id":"https:\/\/dorogimedence.hu\/index.php\/2021\/01\/16\/esztergomtol-gyorig-tobb-lakasba-tort-be-ket-ferfi-elfogtak-oket\/"},"wordCount":467,"publisher":{"@id":"https:\/\/dorogimedence.hu\/#organization"},"image":{"@id":"https:\/\/dorogimedence.hu\/index.php\/2021\/01\/16\/esztergomtol-gyorig-tobb-lakasba-tort-be-ket-ferfi-elfogtak-oket\/#primaryimage"},"thumbnailUrl":"https:\/\/dorogimedence.hu\/wp-content\/uploads\/2021\/01\/sorozatbetoro.jpg","keywords":["b\u0171ncselekm\u00e9ny","esztergom","lop\u00e1s","rend\u0151rs\u00e9gi h\u00edrek"],"articleSection":["Esztergom","H\u00edrek","K\u00e9k h\u00edrek"],"inLanguage":"hu"},{"@type":"WebPage","@id":"https:\/\/dorogimedence.hu\/index.php\/2021\/01\/16\/esztergomtol-gyorig-tobb-lakasba-tort-be-ket-ferfi-elfogtak-oket\/","url":"https:\/\/dorogimedence.hu\/index.php\/2021\/01\/16\/esztergomtol-gyorig-tobb-lakasba-tort-be-ket-ferfi-elfogtak-oket\/","name":"Esztergomt\u00f3l Gy\u0151rig t\u00f6bb lak\u00e1sba t\u00f6rt be k\u00e9t f\u00e9rfi, elfogt\u00e1k \u0151ket","isPartOf":{"@id":"https:\/\/dorogimedence.hu\/#website"},"primaryImageOfPage":{"@id":"https:\/\/dorogimedence.hu\/index.php\/2021\/01\/16\/esztergomtol-gyorig-tobb-lakasba-tort-be-ket-ferfi-elfogtak-oket\/#primaryimage"},"image":{"@id":"https:\/\/dorogimedence.hu\/index.php\/2021\/01\/16\/esztergomtol-gyorig-tobb-lakasba-tort-be-ket-ferfi-elfogtak-oket\/#primaryimage"},"thumbnailUrl":"https:\/\/dorogimedence.hu\/wp-content\/uploads\/2021\/01\/sorozatbetoro.jpg","datePublished":"2021-01-16T08:22:28+00:00","dateModified":"2021-01-16T08:26:02+00:00","breadcrumb":{"@id":"https:\/\/dorogimedence.hu\/index.php\/2021\/01\/16\/esztergomtol-gyorig-tobb-lakasba-tort-be-ket-ferfi-elfogtak-oket\/#breadcrumb"},"inLanguage":"hu","potentialAction":[{"@type":"ReadAction","target":["https:\/\/dorogimedence.hu\/index.php\/2021\/01\/16\/esztergomtol-gyorig-tobb-lakasba-tort-be-ket-ferfi-elfogtak-oket\/"]}]},{"@type":"ImageObject","inLanguage":"hu","@id":"https:\/\/dorogimedence.hu\/index.php\/2021\/01\/16\/esztergomtol-gyorig-tobb-lakasba-tort-be-ket-ferfi-elfogtak-oket\/#primaryimage","url":"https:\/\/dorogimedence.hu\/wp-content\/uploads\/2021\/01\/sorozatbetoro.jpg","contentUrl":"https:\/\/dorogimedence.hu\/wp-content\/uploads\/2021\/01\/sorozatbetoro.jpg","width":830,"height":450},{"@type":"BreadcrumbList","@id":"https:\/\/dorogimedence.hu\/index.php\/2021\/01\/16\/esztergomtol-gyorig-tobb-lakasba-tort-be-ket-ferfi-elfogtak-oket\/#breadcrumb","itemListElement":[{"@type":"ListItem","position":1,"name":"Kezd\u0151lap","item":"https:\/\/dorogimedence.hu\/"},{"@type":"ListItem","position":2,"name":"Esztergomt\u00f3l Gy\u0151rig t\u00f6bb lak\u00e1sba t\u00f6rt be k\u00e9t f\u00e9rfi, elfogt\u00e1k \u0151ket"}]},{"@type":"WebSite","@id":"https:\/\/dorogimedence.hu\/#website","url":"https:\/\/dorogimedence.hu\/","name":"Dorogi-medence Region\u00e1lis H\u00edrport\u00e1l","description":"Dorog, Keszt\u00f6lc, Le\u00e1nyv\u00e1r, Piliscs\u00e9v, Tokod, Tokodalt\u00e1r\u00f3, Csolnok, Esztergom-kertv\u00e1ros: h\u00edrek, programok","publisher":{"@id":"https:\/\/dorogimedence.hu\/#organization"},"potentialAction":[{"@type":"SearchAction","target":{"@type":"EntryPoint","urlTemplate":"https:\/\/dorogimedence.hu\/?s={search_term_string}"},"query-input":{"@type":"PropertyValueSpecification","valueRequired":true,"valueName":"search_term_string"}}],"inLanguage":"hu"},{"@type":"Organization","@id":"https:\/\/dorogimedence.hu\/#organization","name":"Dorogi-medence Region\u00e1lis H\u00edrport\u00e1l","url":"https:\/\/dorogimedence.hu\/","logo":{"@type":"ImageObject","inLanguage":"hu","@id":"https:\/\/dorogimedence.hu\/#\/schema\/logo\/image\/","url":"https:\/\/dorogimedence.hu\/wp-content\/uploads\/2021\/04\/logo-feher-600.png","contentUrl":"https:\/\/dorogimedence.hu\/wp-content\/uploads\/2021\/04\/logo-feher-600.png","width":600,"height":100,"caption":"Dorogi-medence Region\u00e1lis H\u00edrport\u00e1l"},"image":{"@id":"https:\/\/dorogimedence.hu\/#\/schema\/logo\/image\/"},"sameAs":["https:\/\/www.facebook.com\/dorogimedence\/"]},{"@type":"Person","@id":"https:\/\/dorogimedence.hu\/#\/schema\/person\/ce6091eeb7e95ecdc87890d6aa8e0fd4","name":"dorogimedence.hu","image":{"@type":"ImageObject","inLanguage":"hu","@id":"\/\/www.gravatar.com\/avatar\/d8d45f8901aadff40a4af72c0b826f1d?s=96&#038;r=g&#038;d=mm","url":"\/\/www.gravatar.com\/avatar\/d8d45f8901aadff40a4af72c0b826f1d?s=96&#038;r=g&#038;d=mm","contentUrl":"\/\/www.gravatar.com\/avatar\/d8d45f8901aadff40a4af72c0b826f1d?s=96&#038;r=g&#038;d=mm","caption":"dorogimedence.hu"}}]}},"_links":{"self":[{"href":"https:\/\/dorogimedence.hu\/index.php\/wp-json\/wp\/v2\/posts\/29786","targetHints":{"allow":["GET"]}}],"collection":[{"href":"https:\/\/dorogimedence.hu\/index.php\/wp-json\/wp\/v2\/posts"}],"about":[{"href":"https:\/\/dorogimedence.hu\/index.php\/wp-json\/wp\/v2\/types\/post"}],"author":[{"embeddable":true,"href":"https:\/\/dorogimedence.hu\/index.php\/wp-json\/wp\/v2\/users\/1"}],"replies":[{"embeddable":true,"href":"https:\/\/dorogimedence.hu\/index.php\/wp-json\/wp\/v2\/comments?post=29786"}],"version-history":[{"count":0,"href":"https:\/\/dorogimedence.hu\/index.php\/wp-json\/wp\/v2\/posts\/29786\/revisions"}],"wp:featuredmedia":[{"embeddable":true,"href":"https:\/\/dorogimedence.hu\/index.php\/wp-json\/wp\/v2\/media\/29787"}],"wp:attachment":[{"href":"https:\/\/dorogimedence.hu\/index.php\/wp-json\/wp\/v2\/media?parent=29786"}],"wp:term":[{"taxonomy":"category","embeddable":true,"href":"https:\/\/dorogimedence.hu\/index.php\/wp-json\/wp\/v2\/categories?post=29786"},{"taxonomy":"post_tag","embeddable":true,"href":"https:\/\/dorogimedence.hu\/index.php\/wp-json\/wp\/v2\/tags?post=29786"}],"curies":[{"name":"wp","href":"https:\/\/api.w.org\/{rel}","templated":true}]}}