{"id":29714,"date":"2021-01-13T15:09:53","date_gmt":"2021-01-13T14:09:53","guid":{"rendered":"http:\/\/dorogimedence.hu\/?p=29714"},"modified":"2021-01-13T15:10:03","modified_gmt":"2021-01-13T14:10:03","slug":"hamarosan-elkezdodik-a-furdo-szallo-felujitasa","status":"publish","type":"post","link":"https:\/\/dorogimedence.hu\/index.php\/2021\/01\/13\/hamarosan-elkezdodik-a-furdo-szallo-felujitasa\/","title":{"rendered":"Hamarosan elkezd\u0151dik a F\u00fcrd\u0151 Sz\u00e1ll\u00f3 fel\u00faj\u00edt\u00e1sa"},"content":{"rendered":"<p><strong>A Kisfaludy program keret\u00e9ben n\u00e9gysz\u00e1z milli\u00f3 forintos beruh\u00e1z\u00e1ssal meg\u00fajulhat az Esztergom belv\u00e1ros\u00e1ban \u00e1ll\u00f3, 180 \u00e9ves F\u00fcrd\u0151 Sz\u00e1ll\u00f3<\/strong> <em>&#8211; k\u00f6z\u00f6lte az MTI-vel a polg\u00e1rmester.<\/em><\/p>\n<p>Hern\u00e1di \u00c1d\u00e1m (Fidesz-KDNP) t\u00e1j\u00e9koztat\u00e1sa szerint a folyamatban l\u00e9v\u0151 k\u00f6zbeszerz\u00e9s lez\u00e1rult\u00e1val 2021 els\u0151 h\u00f3napjaiban megkezd\u0151dik a sz\u00e1ll\u00f3 teljes rekonstrukci\u00f3ja, mely mag\u00e1ban foglalja az \u00e9p\u00fclet homlokzat\u00e1nak helyre\u00e1ll\u00edt\u00e1s\u00e1t, a ny\u00edl\u00e1sz\u00e1r\u00f3k cser\u00e9j\u00e9t, a falak ut\u00f3lagos szigetel\u00e9s\u00e9t \u00e9s a k\u00f6zm\u0171bek\u00f6t\u00e9sek ki\u00e9p\u00edt\u00e9s\u00e9t.<\/p>\n<p>A m\u0171eml\u00e9ki v\u00e9detts\u00e9get \u00e9lvez\u0151 \u00e9p\u00fcletet eredeti form\u00e1j\u00e1ban \u00e1ll\u00edtj\u00e1k helyre, a lev\u00e9lt\u00e1rban fellelt tervek \u00e9s az 1900-as \u00e9vek elej\u00e9r\u0151l sz\u00e1rmaz\u00f3 fot\u00f3k alapj\u00e1n. A munk\u00e1t restaur\u00e1tori falkutat\u00e1s is seg\u00edtette.<\/p>\n<p>A polg\u00e1rmester hozz\u00e1tette, a k\u00fcls\u0151 fel\u00faj\u00edt\u00e1s mellett az \u00f6nkorm\u00e1nyzat el\u0151rehaladott t\u00e1rgyal\u00e1sokat folytat az \u00e9p\u00fclet k\u00e9s\u0151bbi hasznos\u00edt\u00e1s\u00e1r\u00f3l is, eredm\u00e9ny\u00e9r\u0151l k\u00e9s\u0151bb adnak t\u00e1j\u00e9koztat\u00e1st.<\/p>\n<p>Az \u00e9p\u00fclet k\u00f6zel\u00e9ben egykor a helyi term\u00e1lforr\u00e1sok t\u00e1pl\u00e1lta melegviz\u0171 t\u00f3 volt, amelyen III. B\u00e9la feles\u00e9ge nyitott meg nyilv\u00e1nos k\u00f6zf\u00fcrd\u0151t. A ter\u00fcleten 1842-ben \u00e9p\u00fclt fel a sz\u00e1lloda a m\u00f6g\u00f6tte l\u00e9v\u0151, vele kapcsolatban \u00e1ll\u00f3 g\u0151z- \u00e9s k\u00e1df\u00fcrd\u0151vel egy\u00fctt. Az \u00e9p\u00fcletben vend\u00e9geskedett Liszt Ferenc, Sz\u00e9chenyi Istv\u00e1n \u00e9s 1848-ban toborz\u00f3k\u00f6r\u00fatja sor\u00e1n Kossuth Lajos.<\/p>\n<p>Az ingatlan az 1990-es \u00e9vek m\u00e1sodik fel\u00e9t\u0151l v\u00e1lt gazd\u00e1tlann\u00e1, majd az \u00f6nkorm\u00e1nyzat 2006-ban megv\u00e1s\u00e1rolta, nett\u00f3 130 milli\u00f3 forint\u00e9rt. Az \u00e9p\u00fclet tet\u0151szerkezet\u00e9t \u00e1llagmeg\u00f3v\u00e1sk\u00e9nt 2019 nyar\u00e1n fel\u00faj\u00edtott\u00e1k.<\/p>\n<p>A F\u00fcrd\u0151 Sz\u00e1ll\u00f3 rekonstrukci\u00f3ja a Kisfaludy program \u00f6tmilli\u00e1rd forintos beruh\u00e1z\u00e1si csomagj\u00e1nak r\u00e9sze, melynek keret\u00e9ben fel\u00faj\u00edtj\u00e1k az \u00c9lm\u00e9nyf\u00fcrd\u0151t \u00e9s a v\u00e1rosh\u00e1za homlokzat\u00e1t, valamint sport, turisztikai \u00e9s eg\u00e9szs\u00e9gturisztikai fejleszt\u00e9seket v\u00e9geznek a Szent Istv\u00e1n Strandf\u00fcrd\u0151ben.<\/p>\n<p><em>Forr\u00e1s: MTI<br \/>\nFot\u00f3: Hern\u00e1di \u00c1d\u00e1m Facebook oldala<\/em><\/p>\n","protected":false},"excerpt":{"rendered":"<p>A Kisfaludy program keret\u00e9ben n\u00e9gysz\u00e1z milli\u00f3 forintos beruh\u00e1z\u00e1ssal meg\u00fajulhat az Esztergom belv\u00e1ros\u00e1ban \u00e1ll\u00f3, 180 \u00e9ves F\u00fcrd\u0151 Sz\u00e1ll\u00f3 &#8211; k\u00f6z\u00f6lte az MTI-vel a polg\u00e1rmester. Hern\u00e1di \u00c1d\u00e1m (Fidesz-KDNP) t\u00e1j\u00e9koztat\u00e1sa szerint a folyamatban l\u00e9v\u0151 k\u00f6zbeszerz\u00e9s lez\u00e1rult\u00e1val 2021 els\u0151 h\u00f3napjaiban megkezd\u0151dik a sz\u00e1ll\u00f3 teljes rekonstrukci\u00f3ja, mely mag\u00e1ban foglalja az \u00e9p\u00fclet homlokzat\u00e1nak helyre\u00e1ll\u00edt\u00e1s\u00e1t, a ny\u00edl\u00e1sz\u00e1r\u00f3k cser\u00e9j\u00e9t, a falak ut\u00f3lagos szigetel\u00e9s\u00e9t<\/p>\n","protected":false},"author":1,"featured_media":29385,"comment_status":"closed","ping_status":"closed","sticky":false,"template":"","format":"standard","meta":{"ngg_post_thumbnail":0,"footnotes":""},"categories":[38,3],"tags":[42,464,5322],"class_list":{"0":"post-29714","1":"post","2":"type-post","3":"status-publish","4":"format-standard","5":"has-post-thumbnail","7":"category-esztergom","8":"category-hirek","9":"tag-esztergom","10":"tag-felujitas","11":"tag-furdo-szallo"},"yoast_head":"<!-- This site is optimized with the Yoast SEO plugin v27.4 - https:\/\/yoast.com\/product\/yoast-seo-wordpress\/ -->\n<title>Hamarosan elkezd\u0151dik a F\u00fcrd\u0151 Sz\u00e1ll\u00f3 fel\u00faj\u00edt\u00e1sa<\/title>\n<meta name=\"robots\" content=\"index, follow, max-snippet:-1, max-image-preview:large, max-video-preview:-1\" \/>\n<link rel=\"canonical\" href=\"https:\/\/dorogimedence.hu\/index.php\/2021\/01\/13\/hamarosan-elkezdodik-a-furdo-szallo-felujitasa\/\" class=\"yoast-seo-meta-tag\" \/>\n<meta property=\"og:locale\" content=\"hu_HU\" class=\"yoast-seo-meta-tag\" \/>\n<meta property=\"og:type\" content=\"article\" class=\"yoast-seo-meta-tag\" \/>\n<meta property=\"og:title\" content=\"Hamarosan elkezd\u0151dik a F\u00fcrd\u0151 Sz\u00e1ll\u00f3 fel\u00faj\u00edt\u00e1sa\" class=\"yoast-seo-meta-tag\" \/>\n<meta property=\"og:description\" content=\"A Kisfaludy program keret\u00e9ben n\u00e9gysz\u00e1z milli\u00f3 forintos beruh\u00e1z\u00e1ssal meg\u00fajulhat az Esztergom belv\u00e1ros\u00e1ban \u00e1ll\u00f3, 180 \u00e9ves F\u00fcrd\u0151 Sz\u00e1ll\u00f3 &#8211; k\u00f6z\u00f6lte az MTI-vel a polg\u00e1rmester. Hern\u00e1di \u00c1d\u00e1m (Fidesz-KDNP) t\u00e1j\u00e9koztat\u00e1sa szerint a folyamatban l\u00e9v\u0151 k\u00f6zbeszerz\u00e9s lez\u00e1rult\u00e1val 2021 els\u0151 h\u00f3napjaiban megkezd\u0151dik a sz\u00e1ll\u00f3 teljes rekonstrukci\u00f3ja, mely mag\u00e1ban foglalja az \u00e9p\u00fclet homlokzat\u00e1nak helyre\u00e1ll\u00edt\u00e1s\u00e1t, a ny\u00edl\u00e1sz\u00e1r\u00f3k cser\u00e9j\u00e9t, a falak ut\u00f3lagos szigetel\u00e9s\u00e9t\" class=\"yoast-seo-meta-tag\" \/>\n<meta property=\"og:url\" content=\"https:\/\/dorogimedence.hu\/index.php\/2021\/01\/13\/hamarosan-elkezdodik-a-furdo-szallo-felujitasa\/\" class=\"yoast-seo-meta-tag\" \/>\n<meta property=\"og:site_name\" content=\"Dorogi-medence Region\u00e1lis H\u00edrport\u00e1l\" class=\"yoast-seo-meta-tag\" \/>\n<meta property=\"article:publisher\" content=\"https:\/\/www.facebook.com\/dorogimedence\/\" class=\"yoast-seo-meta-tag\" \/>\n<meta property=\"article:published_time\" content=\"2021-01-13T14:09:53+00:00\" class=\"yoast-seo-meta-tag\" \/>\n<meta property=\"article:modified_time\" content=\"2021-01-13T14:10:03+00:00\" class=\"yoast-seo-meta-tag\" \/>\n<meta property=\"og:image\" content=\"https:\/\/i0.wp.com\/dorogimedence.hu\/wp-content\/uploads\/2020\/12\/furdoszallo-02.jpg?fit=830%2C450&ssl=1\" class=\"yoast-seo-meta-tag\" \/>\n\t<meta property=\"og:image:width\" content=\"830\" class=\"yoast-seo-meta-tag\" \/>\n\t<meta property=\"og:image:height\" content=\"450\" class=\"yoast-seo-meta-tag\" \/>\n\t<meta property=\"og:image:type\" content=\"image\/jpeg\" class=\"yoast-seo-meta-tag\" \/>\n<meta name=\"author\" content=\"dorogimedence.hu\" class=\"yoast-seo-meta-tag\" \/>\n<meta name=\"twitter:card\" content=\"summary_large_image\" class=\"yoast-seo-meta-tag\" \/>\n<meta name=\"twitter:label1\" content=\"Szerz\u0151:\" class=\"yoast-seo-meta-tag\" \/>\n\t<meta name=\"twitter:data1\" content=\"dorogimedence.hu\" class=\"yoast-seo-meta-tag\" \/>\n\t<meta name=\"twitter:label2\" content=\"Becs\u00fclt olvas\u00e1si id\u0151\" class=\"yoast-seo-meta-tag\" \/>\n\t<meta name=\"twitter:data2\" content=\"2 perc\" class=\"yoast-seo-meta-tag\" \/>\n<script type=\"application\/ld+json\" class=\"yoast-schema-graph\">{\"@context\":\"https:\\\/\\\/schema.org\",\"@graph\":[{\"@type\":\"Article\",\"@id\":\"https:\\\/\\\/dorogimedence.hu\\\/index.php\\\/2021\\\/01\\\/13\\\/hamarosan-elkezdodik-a-furdo-szallo-felujitasa\\\/#article\",\"isPartOf\":{\"@id\":\"https:\\\/\\\/dorogimedence.hu\\\/index.php\\\/2021\\\/01\\\/13\\\/hamarosan-elkezdodik-a-furdo-szallo-felujitasa\\\/\"},\"author\":{\"name\":\"dorogimedence.hu\",\"@id\":\"https:\\\/\\\/dorogimedence.hu\\\/#\\\/schema\\\/person\\\/ce6091eeb7e95ecdc87890d6aa8e0fd4\"},\"headline\":\"Hamarosan elkezd\u0151dik a F\u00fcrd\u0151 Sz\u00e1ll\u00f3 fel\u00faj\u00edt\u00e1sa\",\"datePublished\":\"2021-01-13T14:09:53+00:00\",\"dateModified\":\"2021-01-13T14:10:03+00:00\",\"mainEntityOfPage\":{\"@id\":\"https:\\\/\\\/dorogimedence.hu\\\/index.php\\\/2021\\\/01\\\/13\\\/hamarosan-elkezdodik-a-furdo-szallo-felujitasa\\\/\"},\"wordCount\":403,\"publisher\":{\"@id\":\"https:\\\/\\\/dorogimedence.hu\\\/#organization\"},\"image\":{\"@id\":\"https:\\\/\\\/dorogimedence.hu\\\/index.php\\\/2021\\\/01\\\/13\\\/hamarosan-elkezdodik-a-furdo-szallo-felujitasa\\\/#primaryimage\"},\"thumbnailUrl\":\"https:\\\/\\\/dorogimedence.hu\\\/wp-content\\\/uploads\\\/2020\\\/12\\\/furdoszallo-02.jpg\",\"keywords\":[\"esztergom\",\"fel\u00faj\u00edt\u00e1s\",\"F\u00fcrd\u0151 Sz\u00e1ll\u00f3\"],\"articleSection\":[\"Esztergom\",\"H\u00edrek\"],\"inLanguage\":\"hu\"},{\"@type\":\"WebPage\",\"@id\":\"https:\\\/\\\/dorogimedence.hu\\\/index.php\\\/2021\\\/01\\\/13\\\/hamarosan-elkezdodik-a-furdo-szallo-felujitasa\\\/\",\"url\":\"https:\\\/\\\/dorogimedence.hu\\\/index.php\\\/2021\\\/01\\\/13\\\/hamarosan-elkezdodik-a-furdo-szallo-felujitasa\\\/\",\"name\":\"Hamarosan elkezd\u0151dik a F\u00fcrd\u0151 Sz\u00e1ll\u00f3 fel\u00faj\u00edt\u00e1sa\",\"isPartOf\":{\"@id\":\"https:\\\/\\\/dorogimedence.hu\\\/#website\"},\"primaryImageOfPage\":{\"@id\":\"https:\\\/\\\/dorogimedence.hu\\\/index.php\\\/2021\\\/01\\\/13\\\/hamarosan-elkezdodik-a-furdo-szallo-felujitasa\\\/#primaryimage\"},\"image\":{\"@id\":\"https:\\\/\\\/dorogimedence.hu\\\/index.php\\\/2021\\\/01\\\/13\\\/hamarosan-elkezdodik-a-furdo-szallo-felujitasa\\\/#primaryimage\"},\"thumbnailUrl\":\"https:\\\/\\\/dorogimedence.hu\\\/wp-content\\\/uploads\\\/2020\\\/12\\\/furdoszallo-02.jpg\",\"datePublished\":\"2021-01-13T14:09:53+00:00\",\"dateModified\":\"2021-01-13T14:10:03+00:00\",\"breadcrumb\":{\"@id\":\"https:\\\/\\\/dorogimedence.hu\\\/index.php\\\/2021\\\/01\\\/13\\\/hamarosan-elkezdodik-a-furdo-szallo-felujitasa\\\/#breadcrumb\"},\"inLanguage\":\"hu\",\"potentialAction\":[{\"@type\":\"ReadAction\",\"target\":[\"https:\\\/\\\/dorogimedence.hu\\\/index.php\\\/2021\\\/01\\\/13\\\/hamarosan-elkezdodik-a-furdo-szallo-felujitasa\\\/\"]}]},{\"@type\":\"ImageObject\",\"inLanguage\":\"hu\",\"@id\":\"https:\\\/\\\/dorogimedence.hu\\\/index.php\\\/2021\\\/01\\\/13\\\/hamarosan-elkezdodik-a-furdo-szallo-felujitasa\\\/#primaryimage\",\"url\":\"https:\\\/\\\/dorogimedence.hu\\\/wp-content\\\/uploads\\\/2020\\\/12\\\/furdoszallo-02.jpg\",\"contentUrl\":\"https:\\\/\\\/dorogimedence.hu\\\/wp-content\\\/uploads\\\/2020\\\/12\\\/furdoszallo-02.jpg\",\"width\":830,\"height\":450},{\"@type\":\"BreadcrumbList\",\"@id\":\"https:\\\/\\\/dorogimedence.hu\\\/index.php\\\/2021\\\/01\\\/13\\\/hamarosan-elkezdodik-a-furdo-szallo-felujitasa\\\/#breadcrumb\",\"itemListElement\":[{\"@type\":\"ListItem\",\"position\":1,\"name\":\"Kezd\u0151lap\",\"item\":\"https:\\\/\\\/dorogimedence.hu\\\/\"},{\"@type\":\"ListItem\",\"position\":2,\"name\":\"Hamarosan elkezd\u0151dik a F\u00fcrd\u0151 Sz\u00e1ll\u00f3 fel\u00faj\u00edt\u00e1sa\"}]},{\"@type\":\"WebSite\",\"@id\":\"https:\\\/\\\/dorogimedence.hu\\\/#website\",\"url\":\"https:\\\/\\\/dorogimedence.hu\\\/\",\"name\":\"Dorogi-medence Region\u00e1lis H\u00edrport\u00e1l\",\"description\":\"Dorog, Keszt\u00f6lc, Le\u00e1nyv\u00e1r, Piliscs\u00e9v, Tokod, Tokodalt\u00e1r\u00f3, Csolnok, Esztergom-kertv\u00e1ros: h\u00edrek, programok\",\"publisher\":{\"@id\":\"https:\\\/\\\/dorogimedence.hu\\\/#organization\"},\"potentialAction\":[{\"@type\":\"SearchAction\",\"target\":{\"@type\":\"EntryPoint\",\"urlTemplate\":\"https:\\\/\\\/dorogimedence.hu\\\/?s={search_term_string}\"},\"query-input\":{\"@type\":\"PropertyValueSpecification\",\"valueRequired\":true,\"valueName\":\"search_term_string\"}}],\"inLanguage\":\"hu\"},{\"@type\":\"Organization\",\"@id\":\"https:\\\/\\\/dorogimedence.hu\\\/#organization\",\"name\":\"Dorogi-medence Region\u00e1lis H\u00edrport\u00e1l\",\"url\":\"https:\\\/\\\/dorogimedence.hu\\\/\",\"logo\":{\"@type\":\"ImageObject\",\"inLanguage\":\"hu\",\"@id\":\"https:\\\/\\\/dorogimedence.hu\\\/#\\\/schema\\\/logo\\\/image\\\/\",\"url\":\"https:\\\/\\\/dorogimedence.hu\\\/wp-content\\\/uploads\\\/2021\\\/04\\\/logo-feher-600.png\",\"contentUrl\":\"https:\\\/\\\/dorogimedence.hu\\\/wp-content\\\/uploads\\\/2021\\\/04\\\/logo-feher-600.png\",\"width\":600,\"height\":100,\"caption\":\"Dorogi-medence Region\u00e1lis H\u00edrport\u00e1l\"},\"image\":{\"@id\":\"https:\\\/\\\/dorogimedence.hu\\\/#\\\/schema\\\/logo\\\/image\\\/\"},\"sameAs\":[\"https:\\\/\\\/www.facebook.com\\\/dorogimedence\\\/\"]},{\"@type\":\"Person\",\"@id\":\"https:\\\/\\\/dorogimedence.hu\\\/#\\\/schema\\\/person\\\/ce6091eeb7e95ecdc87890d6aa8e0fd4\",\"name\":\"dorogimedence.hu\",\"image\":{\"@type\":\"ImageObject\",\"inLanguage\":\"hu\",\"@id\":\"\\\/\\\/www.gravatar.com\\\/avatar\\\/d8d45f8901aadff40a4af72c0b826f1d?s=96&#038;r=g&#038;d=mm\",\"url\":\"\\\/\\\/www.gravatar.com\\\/avatar\\\/d8d45f8901aadff40a4af72c0b826f1d?s=96&#038;r=g&#038;d=mm\",\"contentUrl\":\"\\\/\\\/www.gravatar.com\\\/avatar\\\/d8d45f8901aadff40a4af72c0b826f1d?s=96&#038;r=g&#038;d=mm\",\"caption\":\"dorogimedence.hu\"}}]}<\/script>\n<!-- \/ Yoast SEO plugin. -->","yoast_head_json":{"title":"Hamarosan elkezd\u0151dik a F\u00fcrd\u0151 Sz\u00e1ll\u00f3 fel\u00faj\u00edt\u00e1sa","robots":{"index":"index","follow":"follow","max-snippet":"max-snippet:-1","max-image-preview":"max-image-preview:large","max-video-preview":"max-video-preview:-1"},"canonical":"https:\/\/dorogimedence.hu\/index.php\/2021\/01\/13\/hamarosan-elkezdodik-a-furdo-szallo-felujitasa\/","og_locale":"hu_HU","og_type":"article","og_title":"Hamarosan elkezd\u0151dik a F\u00fcrd\u0151 Sz\u00e1ll\u00f3 fel\u00faj\u00edt\u00e1sa","og_description":"A Kisfaludy program keret\u00e9ben n\u00e9gysz\u00e1z milli\u00f3 forintos beruh\u00e1z\u00e1ssal meg\u00fajulhat az Esztergom belv\u00e1ros\u00e1ban \u00e1ll\u00f3, 180 \u00e9ves F\u00fcrd\u0151 Sz\u00e1ll\u00f3 &#8211; k\u00f6z\u00f6lte az MTI-vel a polg\u00e1rmester. Hern\u00e1di \u00c1d\u00e1m (Fidesz-KDNP) t\u00e1j\u00e9koztat\u00e1sa szerint a folyamatban l\u00e9v\u0151 k\u00f6zbeszerz\u00e9s lez\u00e1rult\u00e1val 2021 els\u0151 h\u00f3napjaiban megkezd\u0151dik a sz\u00e1ll\u00f3 teljes rekonstrukci\u00f3ja, mely mag\u00e1ban foglalja az \u00e9p\u00fclet homlokzat\u00e1nak helyre\u00e1ll\u00edt\u00e1s\u00e1t, a ny\u00edl\u00e1sz\u00e1r\u00f3k cser\u00e9j\u00e9t, a falak ut\u00f3lagos szigetel\u00e9s\u00e9t","og_url":"https:\/\/dorogimedence.hu\/index.php\/2021\/01\/13\/hamarosan-elkezdodik-a-furdo-szallo-felujitasa\/","og_site_name":"Dorogi-medence Region\u00e1lis H\u00edrport\u00e1l","article_publisher":"https:\/\/www.facebook.com\/dorogimedence\/","article_published_time":"2021-01-13T14:09:53+00:00","article_modified_time":"2021-01-13T14:10:03+00:00","og_image":[{"width":830,"height":450,"url":"https:\/\/i0.wp.com\/dorogimedence.hu\/wp-content\/uploads\/2020\/12\/furdoszallo-02.jpg?fit=830%2C450&ssl=1","type":"image\/jpeg"}],"author":"dorogimedence.hu","twitter_card":"summary_large_image","twitter_misc":{"Szerz\u0151:":"dorogimedence.hu","Becs\u00fclt olvas\u00e1si id\u0151":"2 perc"},"schema":{"@context":"https:\/\/schema.org","@graph":[{"@type":"Article","@id":"https:\/\/dorogimedence.hu\/index.php\/2021\/01\/13\/hamarosan-elkezdodik-a-furdo-szallo-felujitasa\/#article","isPartOf":{"@id":"https:\/\/dorogimedence.hu\/index.php\/2021\/01\/13\/hamarosan-elkezdodik-a-furdo-szallo-felujitasa\/"},"author":{"name":"dorogimedence.hu","@id":"https:\/\/dorogimedence.hu\/#\/schema\/person\/ce6091eeb7e95ecdc87890d6aa8e0fd4"},"headline":"Hamarosan elkezd\u0151dik a F\u00fcrd\u0151 Sz\u00e1ll\u00f3 fel\u00faj\u00edt\u00e1sa","datePublished":"2021-01-13T14:09:53+00:00","dateModified":"2021-01-13T14:10:03+00:00","mainEntityOfPage":{"@id":"https:\/\/dorogimedence.hu\/index.php\/2021\/01\/13\/hamarosan-elkezdodik-a-furdo-szallo-felujitasa\/"},"wordCount":403,"publisher":{"@id":"https:\/\/dorogimedence.hu\/#organization"},"image":{"@id":"https:\/\/dorogimedence.hu\/index.php\/2021\/01\/13\/hamarosan-elkezdodik-a-furdo-szallo-felujitasa\/#primaryimage"},"thumbnailUrl":"https:\/\/dorogimedence.hu\/wp-content\/uploads\/2020\/12\/furdoszallo-02.jpg","keywords":["esztergom","fel\u00faj\u00edt\u00e1s","F\u00fcrd\u0151 Sz\u00e1ll\u00f3"],"articleSection":["Esztergom","H\u00edrek"],"inLanguage":"hu"},{"@type":"WebPage","@id":"https:\/\/dorogimedence.hu\/index.php\/2021\/01\/13\/hamarosan-elkezdodik-a-furdo-szallo-felujitasa\/","url":"https:\/\/dorogimedence.hu\/index.php\/2021\/01\/13\/hamarosan-elkezdodik-a-furdo-szallo-felujitasa\/","name":"Hamarosan elkezd\u0151dik a F\u00fcrd\u0151 Sz\u00e1ll\u00f3 fel\u00faj\u00edt\u00e1sa","isPartOf":{"@id":"https:\/\/dorogimedence.hu\/#website"},"primaryImageOfPage":{"@id":"https:\/\/dorogimedence.hu\/index.php\/2021\/01\/13\/hamarosan-elkezdodik-a-furdo-szallo-felujitasa\/#primaryimage"},"image":{"@id":"https:\/\/dorogimedence.hu\/index.php\/2021\/01\/13\/hamarosan-elkezdodik-a-furdo-szallo-felujitasa\/#primaryimage"},"thumbnailUrl":"https:\/\/dorogimedence.hu\/wp-content\/uploads\/2020\/12\/furdoszallo-02.jpg","datePublished":"2021-01-13T14:09:53+00:00","dateModified":"2021-01-13T14:10:03+00:00","breadcrumb":{"@id":"https:\/\/dorogimedence.hu\/index.php\/2021\/01\/13\/hamarosan-elkezdodik-a-furdo-szallo-felujitasa\/#breadcrumb"},"inLanguage":"hu","potentialAction":[{"@type":"ReadAction","target":["https:\/\/dorogimedence.hu\/index.php\/2021\/01\/13\/hamarosan-elkezdodik-a-furdo-szallo-felujitasa\/"]}]},{"@type":"ImageObject","inLanguage":"hu","@id":"https:\/\/dorogimedence.hu\/index.php\/2021\/01\/13\/hamarosan-elkezdodik-a-furdo-szallo-felujitasa\/#primaryimage","url":"https:\/\/dorogimedence.hu\/wp-content\/uploads\/2020\/12\/furdoszallo-02.jpg","contentUrl":"https:\/\/dorogimedence.hu\/wp-content\/uploads\/2020\/12\/furdoszallo-02.jpg","width":830,"height":450},{"@type":"BreadcrumbList","@id":"https:\/\/dorogimedence.hu\/index.php\/2021\/01\/13\/hamarosan-elkezdodik-a-furdo-szallo-felujitasa\/#breadcrumb","itemListElement":[{"@type":"ListItem","position":1,"name":"Kezd\u0151lap","item":"https:\/\/dorogimedence.hu\/"},{"@type":"ListItem","position":2,"name":"Hamarosan elkezd\u0151dik a F\u00fcrd\u0151 Sz\u00e1ll\u00f3 fel\u00faj\u00edt\u00e1sa"}]},{"@type":"WebSite","@id":"https:\/\/dorogimedence.hu\/#website","url":"https:\/\/dorogimedence.hu\/","name":"Dorogi-medence Region\u00e1lis H\u00edrport\u00e1l","description":"Dorog, Keszt\u00f6lc, Le\u00e1nyv\u00e1r, Piliscs\u00e9v, Tokod, Tokodalt\u00e1r\u00f3, Csolnok, Esztergom-kertv\u00e1ros: h\u00edrek, programok","publisher":{"@id":"https:\/\/dorogimedence.hu\/#organization"},"potentialAction":[{"@type":"SearchAction","target":{"@type":"EntryPoint","urlTemplate":"https:\/\/dorogimedence.hu\/?s={search_term_string}"},"query-input":{"@type":"PropertyValueSpecification","valueRequired":true,"valueName":"search_term_string"}}],"inLanguage":"hu"},{"@type":"Organization","@id":"https:\/\/dorogimedence.hu\/#organization","name":"Dorogi-medence Region\u00e1lis H\u00edrport\u00e1l","url":"https:\/\/dorogimedence.hu\/","logo":{"@type":"ImageObject","inLanguage":"hu","@id":"https:\/\/dorogimedence.hu\/#\/schema\/logo\/image\/","url":"https:\/\/dorogimedence.hu\/wp-content\/uploads\/2021\/04\/logo-feher-600.png","contentUrl":"https:\/\/dorogimedence.hu\/wp-content\/uploads\/2021\/04\/logo-feher-600.png","width":600,"height":100,"caption":"Dorogi-medence Region\u00e1lis H\u00edrport\u00e1l"},"image":{"@id":"https:\/\/dorogimedence.hu\/#\/schema\/logo\/image\/"},"sameAs":["https:\/\/www.facebook.com\/dorogimedence\/"]},{"@type":"Person","@id":"https:\/\/dorogimedence.hu\/#\/schema\/person\/ce6091eeb7e95ecdc87890d6aa8e0fd4","name":"dorogimedence.hu","image":{"@type":"ImageObject","inLanguage":"hu","@id":"\/\/www.gravatar.com\/avatar\/d8d45f8901aadff40a4af72c0b826f1d?s=96&#038;r=g&#038;d=mm","url":"\/\/www.gravatar.com\/avatar\/d8d45f8901aadff40a4af72c0b826f1d?s=96&#038;r=g&#038;d=mm","contentUrl":"\/\/www.gravatar.com\/avatar\/d8d45f8901aadff40a4af72c0b826f1d?s=96&#038;r=g&#038;d=mm","caption":"dorogimedence.hu"}}]}},"_links":{"self":[{"href":"https:\/\/dorogimedence.hu\/index.php\/wp-json\/wp\/v2\/posts\/29714","targetHints":{"allow":["GET"]}}],"collection":[{"href":"https:\/\/dorogimedence.hu\/index.php\/wp-json\/wp\/v2\/posts"}],"about":[{"href":"https:\/\/dorogimedence.hu\/index.php\/wp-json\/wp\/v2\/types\/post"}],"author":[{"embeddable":true,"href":"https:\/\/dorogimedence.hu\/index.php\/wp-json\/wp\/v2\/users\/1"}],"replies":[{"embeddable":true,"href":"https:\/\/dorogimedence.hu\/index.php\/wp-json\/wp\/v2\/comments?post=29714"}],"version-history":[{"count":0,"href":"https:\/\/dorogimedence.hu\/index.php\/wp-json\/wp\/v2\/posts\/29714\/revisions"}],"wp:featuredmedia":[{"embeddable":true,"href":"https:\/\/dorogimedence.hu\/index.php\/wp-json\/wp\/v2\/media\/29385"}],"wp:attachment":[{"href":"https:\/\/dorogimedence.hu\/index.php\/wp-json\/wp\/v2\/media?parent=29714"}],"wp:term":[{"taxonomy":"category","embeddable":true,"href":"https:\/\/dorogimedence.hu\/index.php\/wp-json\/wp\/v2\/categories?post=29714"},{"taxonomy":"post_tag","embeddable":true,"href":"https:\/\/dorogimedence.hu\/index.php\/wp-json\/wp\/v2\/tags?post=29714"}],"curies":[{"name":"wp","href":"https:\/\/api.w.org\/{rel}","templated":true}]}}