{"id":29670,"date":"2021-01-11T11:54:09","date_gmt":"2021-01-11T10:54:09","guid":{"rendered":"http:\/\/dorogimedence.hu\/?p=29670"},"modified":"2021-01-11T11:54:32","modified_gmt":"2021-01-11T10:54:32","slug":"vers-es-novellairo-palyazatot-hirdetnek-taton","status":"publish","type":"post","link":"https:\/\/dorogimedence.hu\/index.php\/2021\/01\/11\/vers-es-novellairo-palyazatot-hirdetnek-taton\/","title":{"rendered":"Vers- \u00e9s novella\u00edr\u00f3 p\u00e1ly\u00e1zatot hirdetnek T\u00e1ton"},"content":{"rendered":"<p><strong>T\u00e1t V\u00e1ros \u00d6nkorm\u00e1nyzat Kult\u00farh\u00e1z \u00e9s K\u00f6nyvt\u00e1ra kort\u00f3l f\u00fcggetlen\u00fcl, vers- \u00e9s novella\u00edr\u00e1sban j\u00e1rtas, vagy m\u00e9g csak sz\u00e1rnyait pr\u00f3b\u00e1lgat\u00f3 alkot\u00f3k sz\u00e1m\u00e1ra irodalmi p\u00e1ly\u00e1zatot hirdet K\u00e9p-\u00edr\u00e1s c\u00edmmel.<\/strong><\/p>\n<p>irodalmi p\u00e1ly\u00e1zati felh\u00edv\u00e1sa kort\u00f3l f\u00fcggetlen\u00fcl, a vers- \u00e9s vagy novella\u00edr\u00e1sban j\u00e1rtas, vagy m\u00e9g csak sz\u00e1rnyait pr\u00f3b\u00e1lgat\u00f3 alkot\u00f3k sz\u00e1m\u00e1ra a p\u00e1ly\u00e1zati ki\u00edr\u00e1sban megadott k\u00e9ppel kapcsolatos m\u0171vek bek\u00fcld\u00e9s\u00e9re.<\/p>\n<p><strong>P\u00e1ly\u00e1zat felt\u00e9telei:<\/strong> p\u00e1ly\u00e1zni csak \u00faj, m\u00e1shol meg nem jelent m\u0171vekkel lehet. A p\u00e1ly\u00e1zat t\u00e9m\u00e1ja az al\u00e1bbi fot\u00f3, az abb\u00f3l nyert ihlet, \u00f6tlet, elgondol\u00e1s, asszoci\u00e1ci\u00f3:<\/p>\n<p><img fetchpriority=\"high\" decoding=\"async\" class=\"alignnone size-full wp-image-29672\" src=\"https:\/\/dorogimedence.hu\/wp-content\/uploads\/2021\/01\/tat-foto.jpg\" alt=\"\" width=\"830\" height=\"556\" srcset=\"https:\/\/dorogimedence.hu\/wp-content\/uploads\/2021\/01\/tat-foto.jpg 830w, https:\/\/dorogimedence.hu\/wp-content\/uploads\/2021\/01\/tat-foto-300x201.jpg 300w, https:\/\/dorogimedence.hu\/wp-content\/uploads\/2021\/01\/tat-foto-768x514.jpg 768w, https:\/\/dorogimedence.hu\/wp-content\/uploads\/2021\/01\/tat-foto-272x182.jpg 272w\" sizes=\"(max-width: 830px) 100vw, 830px\" \/><\/p>\n<p><strong>VERS:<\/strong> a m\u0171v\u00e9szi szabads\u00e1gnak eleget t\u00e9ve a versforma szabadon v\u00e1laszthat\u00f3. Terjedelm\u00e9t tekintve legfeljebb egy A\/4-es oldal c\u00edmmel \u00e9s szerz\u0151vel egy\u00fctt, 12-es bet\u0171m\u00e9rettel, Times New Roman bet\u0171t\u00edpussal. A vers t\u00e9m\u00e1ja a \u201eP\u00e1ly\u00e1zat felt\u00e9telei\u201d c\u00edm\u0171 r\u00e9szben megadott fot\u00f3. Egy szem\u00e9ly maximum 5 m\u0171vel p\u00e1ly\u00e1zhat.<\/p>\n<p><strong>NOVELLA:<\/strong> a m\u0171v\u00e9szi szabads\u00e1gnak eleget t\u00e9ve a zs\u00e1ner szabadon v\u00e1laszthat\u00f3. Terjedelm\u00e9t tekintve legfeljebb 15 A\/4-es oldal c\u00edmmel \u00e9s szerz\u0151vel egy\u00fctt, 12-esbet\u0171m\u00e9rettel, Times New Roman bet\u0171t\u00edpussal. A novella t\u00e9m\u00e1ja a \u201eP\u00e1ly\u00e1zat felt\u00e9telei\u201d c\u00edm\u0171 r\u00e9szben megadott fot\u00f3.Egy szem\u00e9ly maximum 3 m\u0171vel p\u00e1ly\u00e1zhat<\/p>\n<p>A p\u00e1ly\u00e1zatokat a tatkultur.palyazat@gmail.come-mail c\u00edmre v\u00e1rj\u00e1k, lehet\u0151s\u00e9g szerint k\u00fcl\u00f6n f\u00e1jlonk\u00e9nt csatolva. (Egy m\u0171 egyf\u00e1jl.) F\u00e1jl-t\u00edpusok: Word dokumentum vagy txt. A csatolt f\u00e1jlok nevei \u00edgy n\u00e9zzenek ki: Minta_J\u00e1nos_M\u0171_C\u00edme<\/p>\n<p><strong>Bek\u00fcld\u00e9si hat\u00e1rid\u0151:<\/strong> 2021. febru\u00e1r 14. vas\u00e1rnap<br \/>\n<strong>Eredm\u00e9nyhirdet\u00e9s:<\/strong> 2021. febru\u00e1r 22. h\u00e9tf\u0151, 12.00<\/p>\n<p><a href=\"https:\/\/tatkultur.hu\/kep_iras_palyazat.pdf\" target=\"_blank\" rel=\"noopener\"><span style=\"text-decoration: underline; color: #0000ff;\"><strong>P\u00e1ly\u00e1zati ki\u00edr\u00e1s, d\u00edjaz\u00e1s&gt;&gt;<\/strong><\/span><\/a><\/p>\n","protected":false},"excerpt":{"rendered":"<p>T\u00e1t V\u00e1ros \u00d6nkorm\u00e1nyzat Kult\u00farh\u00e1z \u00e9s K\u00f6nyvt\u00e1ra kort\u00f3l f\u00fcggetlen\u00fcl, vers- \u00e9s novella\u00edr\u00e1sban j\u00e1rtas, vagy m\u00e9g csak sz\u00e1rnyait pr\u00f3b\u00e1lgat\u00f3 alkot\u00f3k sz\u00e1m\u00e1ra irodalmi p\u00e1ly\u00e1zatot hirdet K\u00e9p-\u00edr\u00e1s c\u00edmmel. irodalmi p\u00e1ly\u00e1zati felh\u00edv\u00e1sa kort\u00f3l f\u00fcggetlen\u00fcl, a vers- \u00e9s vagy novella\u00edr\u00e1sban j\u00e1rtas, vagy m\u00e9g csak sz\u00e1rnyait pr\u00f3b\u00e1lgat\u00f3 alkot\u00f3k sz\u00e1m\u00e1ra a p\u00e1ly\u00e1zati ki\u00edr\u00e1sban megadott k\u00e9ppel kapcsolatos m\u0171vek bek\u00fcld\u00e9s\u00e9re. P\u00e1ly\u00e1zat felt\u00e9telei: p\u00e1ly\u00e1zni csak \u00faj,<\/p>\n","protected":false},"author":1,"featured_media":29671,"comment_status":"closed","ping_status":"closed","sticky":false,"template":"","format":"standard","meta":{"ngg_post_thumbnail":0,"footnotes":""},"categories":[3,110],"tags":[4465,388,1235,74,111,5344],"class_list":{"0":"post-29670","1":"post","2":"type-post","3":"status-publish","4":"format-standard","5":"has-post-thumbnail","7":"category-hirek","8":"category-tat","9":"tag-irodalom","10":"tag-kultura","11":"tag-novella","12":"tag-palyazat","13":"tag-tat","14":"tag-vers"},"yoast_head":"<!-- This site is optimized with the Yoast SEO plugin v27.4 - https:\/\/yoast.com\/product\/yoast-seo-wordpress\/ -->\n<title>Vers- \u00e9s novella\u00edr\u00f3 p\u00e1ly\u00e1zatot hirdetnek T\u00e1ton<\/title>\n<meta name=\"robots\" content=\"index, follow, max-snippet:-1, max-image-preview:large, max-video-preview:-1\" \/>\n<link rel=\"canonical\" href=\"https:\/\/dorogimedence.hu\/index.php\/2021\/01\/11\/vers-es-novellairo-palyazatot-hirdetnek-taton\/\" class=\"yoast-seo-meta-tag\" \/>\n<meta property=\"og:locale\" content=\"hu_HU\" class=\"yoast-seo-meta-tag\" \/>\n<meta property=\"og:type\" content=\"article\" class=\"yoast-seo-meta-tag\" \/>\n<meta property=\"og:title\" content=\"Vers- \u00e9s novella\u00edr\u00f3 p\u00e1ly\u00e1zatot hirdetnek T\u00e1ton\" class=\"yoast-seo-meta-tag\" \/>\n<meta property=\"og:description\" content=\"T\u00e1t V\u00e1ros \u00d6nkorm\u00e1nyzat Kult\u00farh\u00e1z \u00e9s K\u00f6nyvt\u00e1ra kort\u00f3l f\u00fcggetlen\u00fcl, vers- \u00e9s novella\u00edr\u00e1sban j\u00e1rtas, vagy m\u00e9g csak sz\u00e1rnyait pr\u00f3b\u00e1lgat\u00f3 alkot\u00f3k sz\u00e1m\u00e1ra irodalmi p\u00e1ly\u00e1zatot hirdet K\u00e9p-\u00edr\u00e1s c\u00edmmel. irodalmi p\u00e1ly\u00e1zati felh\u00edv\u00e1sa kort\u00f3l f\u00fcggetlen\u00fcl, a vers- \u00e9s vagy novella\u00edr\u00e1sban j\u00e1rtas, vagy m\u00e9g csak sz\u00e1rnyait pr\u00f3b\u00e1lgat\u00f3 alkot\u00f3k sz\u00e1m\u00e1ra a p\u00e1ly\u00e1zati ki\u00edr\u00e1sban megadott k\u00e9ppel kapcsolatos m\u0171vek bek\u00fcld\u00e9s\u00e9re. P\u00e1ly\u00e1zat felt\u00e9telei: p\u00e1ly\u00e1zni csak \u00faj,\" class=\"yoast-seo-meta-tag\" \/>\n<meta property=\"og:url\" content=\"https:\/\/dorogimedence.hu\/index.php\/2021\/01\/11\/vers-es-novellairo-palyazatot-hirdetnek-taton\/\" class=\"yoast-seo-meta-tag\" \/>\n<meta property=\"og:site_name\" content=\"Dorogi-medence Region\u00e1lis H\u00edrport\u00e1l\" class=\"yoast-seo-meta-tag\" \/>\n<meta property=\"article:publisher\" content=\"https:\/\/www.facebook.com\/dorogimedence\/\" class=\"yoast-seo-meta-tag\" \/>\n<meta property=\"article:published_time\" content=\"2021-01-11T10:54:09+00:00\" class=\"yoast-seo-meta-tag\" \/>\n<meta property=\"article:modified_time\" content=\"2021-01-11T10:54:32+00:00\" class=\"yoast-seo-meta-tag\" \/>\n<meta property=\"og:image\" content=\"https:\/\/i0.wp.com\/dorogimedence.hu\/wp-content\/uploads\/2021\/01\/palyazat-tat.jpg?fit=830%2C450&ssl=1\" class=\"yoast-seo-meta-tag\" \/>\n\t<meta property=\"og:image:width\" content=\"830\" class=\"yoast-seo-meta-tag\" \/>\n\t<meta property=\"og:image:height\" content=\"450\" class=\"yoast-seo-meta-tag\" \/>\n\t<meta property=\"og:image:type\" content=\"image\/jpeg\" class=\"yoast-seo-meta-tag\" \/>\n<meta name=\"author\" content=\"dorogimedence.hu\" class=\"yoast-seo-meta-tag\" \/>\n<meta name=\"twitter:card\" content=\"summary_large_image\" class=\"yoast-seo-meta-tag\" \/>\n<meta name=\"twitter:label1\" content=\"Szerz\u0151:\" class=\"yoast-seo-meta-tag\" \/>\n\t<meta name=\"twitter:data1\" content=\"dorogimedence.hu\" class=\"yoast-seo-meta-tag\" \/>\n\t<meta name=\"twitter:label2\" content=\"Becs\u00fclt olvas\u00e1si id\u0151\" class=\"yoast-seo-meta-tag\" \/>\n\t<meta name=\"twitter:data2\" content=\"2 perc\" class=\"yoast-seo-meta-tag\" \/>\n<script type=\"application\/ld+json\" class=\"yoast-schema-graph\">{\"@context\":\"https:\\\/\\\/schema.org\",\"@graph\":[{\"@type\":\"Article\",\"@id\":\"https:\\\/\\\/dorogimedence.hu\\\/index.php\\\/2021\\\/01\\\/11\\\/vers-es-novellairo-palyazatot-hirdetnek-taton\\\/#article\",\"isPartOf\":{\"@id\":\"https:\\\/\\\/dorogimedence.hu\\\/index.php\\\/2021\\\/01\\\/11\\\/vers-es-novellairo-palyazatot-hirdetnek-taton\\\/\"},\"author\":{\"name\":\"dorogimedence.hu\",\"@id\":\"https:\\\/\\\/dorogimedence.hu\\\/#\\\/schema\\\/person\\\/ce6091eeb7e95ecdc87890d6aa8e0fd4\"},\"headline\":\"Vers- \u00e9s novella\u00edr\u00f3 p\u00e1ly\u00e1zatot hirdetnek T\u00e1ton\",\"datePublished\":\"2021-01-11T10:54:09+00:00\",\"dateModified\":\"2021-01-11T10:54:32+00:00\",\"mainEntityOfPage\":{\"@id\":\"https:\\\/\\\/dorogimedence.hu\\\/index.php\\\/2021\\\/01\\\/11\\\/vers-es-novellairo-palyazatot-hirdetnek-taton\\\/\"},\"wordCount\":360,\"publisher\":{\"@id\":\"https:\\\/\\\/dorogimedence.hu\\\/#organization\"},\"image\":{\"@id\":\"https:\\\/\\\/dorogimedence.hu\\\/index.php\\\/2021\\\/01\\\/11\\\/vers-es-novellairo-palyazatot-hirdetnek-taton\\\/#primaryimage\"},\"thumbnailUrl\":\"https:\\\/\\\/dorogimedence.hu\\\/wp-content\\\/uploads\\\/2021\\\/01\\\/palyazat-tat.jpg\",\"keywords\":[\"irodalom\",\"kult\u00fara\",\"novella\",\"p\u00e1ly\u00e1zat\",\"T\u00e1t\",\"vers\"],\"articleSection\":[\"H\u00edrek\",\"T\u00e1t\"],\"inLanguage\":\"hu\"},{\"@type\":\"WebPage\",\"@id\":\"https:\\\/\\\/dorogimedence.hu\\\/index.php\\\/2021\\\/01\\\/11\\\/vers-es-novellairo-palyazatot-hirdetnek-taton\\\/\",\"url\":\"https:\\\/\\\/dorogimedence.hu\\\/index.php\\\/2021\\\/01\\\/11\\\/vers-es-novellairo-palyazatot-hirdetnek-taton\\\/\",\"name\":\"Vers- \u00e9s novella\u00edr\u00f3 p\u00e1ly\u00e1zatot hirdetnek T\u00e1ton\",\"isPartOf\":{\"@id\":\"https:\\\/\\\/dorogimedence.hu\\\/#website\"},\"primaryImageOfPage\":{\"@id\":\"https:\\\/\\\/dorogimedence.hu\\\/index.php\\\/2021\\\/01\\\/11\\\/vers-es-novellairo-palyazatot-hirdetnek-taton\\\/#primaryimage\"},\"image\":{\"@id\":\"https:\\\/\\\/dorogimedence.hu\\\/index.php\\\/2021\\\/01\\\/11\\\/vers-es-novellairo-palyazatot-hirdetnek-taton\\\/#primaryimage\"},\"thumbnailUrl\":\"https:\\\/\\\/dorogimedence.hu\\\/wp-content\\\/uploads\\\/2021\\\/01\\\/palyazat-tat.jpg\",\"datePublished\":\"2021-01-11T10:54:09+00:00\",\"dateModified\":\"2021-01-11T10:54:32+00:00\",\"breadcrumb\":{\"@id\":\"https:\\\/\\\/dorogimedence.hu\\\/index.php\\\/2021\\\/01\\\/11\\\/vers-es-novellairo-palyazatot-hirdetnek-taton\\\/#breadcrumb\"},\"inLanguage\":\"hu\",\"potentialAction\":[{\"@type\":\"ReadAction\",\"target\":[\"https:\\\/\\\/dorogimedence.hu\\\/index.php\\\/2021\\\/01\\\/11\\\/vers-es-novellairo-palyazatot-hirdetnek-taton\\\/\"]}]},{\"@type\":\"ImageObject\",\"inLanguage\":\"hu\",\"@id\":\"https:\\\/\\\/dorogimedence.hu\\\/index.php\\\/2021\\\/01\\\/11\\\/vers-es-novellairo-palyazatot-hirdetnek-taton\\\/#primaryimage\",\"url\":\"https:\\\/\\\/dorogimedence.hu\\\/wp-content\\\/uploads\\\/2021\\\/01\\\/palyazat-tat.jpg\",\"contentUrl\":\"https:\\\/\\\/dorogimedence.hu\\\/wp-content\\\/uploads\\\/2021\\\/01\\\/palyazat-tat.jpg\",\"width\":830,\"height\":450},{\"@type\":\"BreadcrumbList\",\"@id\":\"https:\\\/\\\/dorogimedence.hu\\\/index.php\\\/2021\\\/01\\\/11\\\/vers-es-novellairo-palyazatot-hirdetnek-taton\\\/#breadcrumb\",\"itemListElement\":[{\"@type\":\"ListItem\",\"position\":1,\"name\":\"Kezd\u0151lap\",\"item\":\"https:\\\/\\\/dorogimedence.hu\\\/\"},{\"@type\":\"ListItem\",\"position\":2,\"name\":\"Vers- \u00e9s novella\u00edr\u00f3 p\u00e1ly\u00e1zatot hirdetnek T\u00e1ton\"}]},{\"@type\":\"WebSite\",\"@id\":\"https:\\\/\\\/dorogimedence.hu\\\/#website\",\"url\":\"https:\\\/\\\/dorogimedence.hu\\\/\",\"name\":\"Dorogi-medence Region\u00e1lis H\u00edrport\u00e1l\",\"description\":\"Dorog, Keszt\u00f6lc, Le\u00e1nyv\u00e1r, Piliscs\u00e9v, Tokod, Tokodalt\u00e1r\u00f3, Csolnok, Esztergom-kertv\u00e1ros: h\u00edrek, programok\",\"publisher\":{\"@id\":\"https:\\\/\\\/dorogimedence.hu\\\/#organization\"},\"potentialAction\":[{\"@type\":\"SearchAction\",\"target\":{\"@type\":\"EntryPoint\",\"urlTemplate\":\"https:\\\/\\\/dorogimedence.hu\\\/?s={search_term_string}\"},\"query-input\":{\"@type\":\"PropertyValueSpecification\",\"valueRequired\":true,\"valueName\":\"search_term_string\"}}],\"inLanguage\":\"hu\"},{\"@type\":\"Organization\",\"@id\":\"https:\\\/\\\/dorogimedence.hu\\\/#organization\",\"name\":\"Dorogi-medence Region\u00e1lis H\u00edrport\u00e1l\",\"url\":\"https:\\\/\\\/dorogimedence.hu\\\/\",\"logo\":{\"@type\":\"ImageObject\",\"inLanguage\":\"hu\",\"@id\":\"https:\\\/\\\/dorogimedence.hu\\\/#\\\/schema\\\/logo\\\/image\\\/\",\"url\":\"https:\\\/\\\/dorogimedence.hu\\\/wp-content\\\/uploads\\\/2021\\\/04\\\/logo-feher-600.png\",\"contentUrl\":\"https:\\\/\\\/dorogimedence.hu\\\/wp-content\\\/uploads\\\/2021\\\/04\\\/logo-feher-600.png\",\"width\":600,\"height\":100,\"caption\":\"Dorogi-medence Region\u00e1lis H\u00edrport\u00e1l\"},\"image\":{\"@id\":\"https:\\\/\\\/dorogimedence.hu\\\/#\\\/schema\\\/logo\\\/image\\\/\"},\"sameAs\":[\"https:\\\/\\\/www.facebook.com\\\/dorogimedence\\\/\"]},{\"@type\":\"Person\",\"@id\":\"https:\\\/\\\/dorogimedence.hu\\\/#\\\/schema\\\/person\\\/ce6091eeb7e95ecdc87890d6aa8e0fd4\",\"name\":\"dorogimedence.hu\",\"image\":{\"@type\":\"ImageObject\",\"inLanguage\":\"hu\",\"@id\":\"\\\/\\\/www.gravatar.com\\\/avatar\\\/d8d45f8901aadff40a4af72c0b826f1d?s=96&#038;r=g&#038;d=mm\",\"url\":\"\\\/\\\/www.gravatar.com\\\/avatar\\\/d8d45f8901aadff40a4af72c0b826f1d?s=96&#038;r=g&#038;d=mm\",\"contentUrl\":\"\\\/\\\/www.gravatar.com\\\/avatar\\\/d8d45f8901aadff40a4af72c0b826f1d?s=96&#038;r=g&#038;d=mm\",\"caption\":\"dorogimedence.hu\"}}]}<\/script>\n<!-- \/ Yoast SEO plugin. -->","yoast_head_json":{"title":"Vers- \u00e9s novella\u00edr\u00f3 p\u00e1ly\u00e1zatot hirdetnek T\u00e1ton","robots":{"index":"index","follow":"follow","max-snippet":"max-snippet:-1","max-image-preview":"max-image-preview:large","max-video-preview":"max-video-preview:-1"},"canonical":"https:\/\/dorogimedence.hu\/index.php\/2021\/01\/11\/vers-es-novellairo-palyazatot-hirdetnek-taton\/","og_locale":"hu_HU","og_type":"article","og_title":"Vers- \u00e9s novella\u00edr\u00f3 p\u00e1ly\u00e1zatot hirdetnek T\u00e1ton","og_description":"T\u00e1t V\u00e1ros \u00d6nkorm\u00e1nyzat Kult\u00farh\u00e1z \u00e9s K\u00f6nyvt\u00e1ra kort\u00f3l f\u00fcggetlen\u00fcl, vers- \u00e9s novella\u00edr\u00e1sban j\u00e1rtas, vagy m\u00e9g csak sz\u00e1rnyait pr\u00f3b\u00e1lgat\u00f3 alkot\u00f3k sz\u00e1m\u00e1ra irodalmi p\u00e1ly\u00e1zatot hirdet K\u00e9p-\u00edr\u00e1s c\u00edmmel. irodalmi p\u00e1ly\u00e1zati felh\u00edv\u00e1sa kort\u00f3l f\u00fcggetlen\u00fcl, a vers- \u00e9s vagy novella\u00edr\u00e1sban j\u00e1rtas, vagy m\u00e9g csak sz\u00e1rnyait pr\u00f3b\u00e1lgat\u00f3 alkot\u00f3k sz\u00e1m\u00e1ra a p\u00e1ly\u00e1zati ki\u00edr\u00e1sban megadott k\u00e9ppel kapcsolatos m\u0171vek bek\u00fcld\u00e9s\u00e9re. P\u00e1ly\u00e1zat felt\u00e9telei: p\u00e1ly\u00e1zni csak \u00faj,","og_url":"https:\/\/dorogimedence.hu\/index.php\/2021\/01\/11\/vers-es-novellairo-palyazatot-hirdetnek-taton\/","og_site_name":"Dorogi-medence Region\u00e1lis H\u00edrport\u00e1l","article_publisher":"https:\/\/www.facebook.com\/dorogimedence\/","article_published_time":"2021-01-11T10:54:09+00:00","article_modified_time":"2021-01-11T10:54:32+00:00","og_image":[{"width":830,"height":450,"url":"https:\/\/i0.wp.com\/dorogimedence.hu\/wp-content\/uploads\/2021\/01\/palyazat-tat.jpg?fit=830%2C450&ssl=1","type":"image\/jpeg"}],"author":"dorogimedence.hu","twitter_card":"summary_large_image","twitter_misc":{"Szerz\u0151:":"dorogimedence.hu","Becs\u00fclt olvas\u00e1si id\u0151":"2 perc"},"schema":{"@context":"https:\/\/schema.org","@graph":[{"@type":"Article","@id":"https:\/\/dorogimedence.hu\/index.php\/2021\/01\/11\/vers-es-novellairo-palyazatot-hirdetnek-taton\/#article","isPartOf":{"@id":"https:\/\/dorogimedence.hu\/index.php\/2021\/01\/11\/vers-es-novellairo-palyazatot-hirdetnek-taton\/"},"author":{"name":"dorogimedence.hu","@id":"https:\/\/dorogimedence.hu\/#\/schema\/person\/ce6091eeb7e95ecdc87890d6aa8e0fd4"},"headline":"Vers- \u00e9s novella\u00edr\u00f3 p\u00e1ly\u00e1zatot hirdetnek T\u00e1ton","datePublished":"2021-01-11T10:54:09+00:00","dateModified":"2021-01-11T10:54:32+00:00","mainEntityOfPage":{"@id":"https:\/\/dorogimedence.hu\/index.php\/2021\/01\/11\/vers-es-novellairo-palyazatot-hirdetnek-taton\/"},"wordCount":360,"publisher":{"@id":"https:\/\/dorogimedence.hu\/#organization"},"image":{"@id":"https:\/\/dorogimedence.hu\/index.php\/2021\/01\/11\/vers-es-novellairo-palyazatot-hirdetnek-taton\/#primaryimage"},"thumbnailUrl":"https:\/\/dorogimedence.hu\/wp-content\/uploads\/2021\/01\/palyazat-tat.jpg","keywords":["irodalom","kult\u00fara","novella","p\u00e1ly\u00e1zat","T\u00e1t","vers"],"articleSection":["H\u00edrek","T\u00e1t"],"inLanguage":"hu"},{"@type":"WebPage","@id":"https:\/\/dorogimedence.hu\/index.php\/2021\/01\/11\/vers-es-novellairo-palyazatot-hirdetnek-taton\/","url":"https:\/\/dorogimedence.hu\/index.php\/2021\/01\/11\/vers-es-novellairo-palyazatot-hirdetnek-taton\/","name":"Vers- \u00e9s novella\u00edr\u00f3 p\u00e1ly\u00e1zatot hirdetnek T\u00e1ton","isPartOf":{"@id":"https:\/\/dorogimedence.hu\/#website"},"primaryImageOfPage":{"@id":"https:\/\/dorogimedence.hu\/index.php\/2021\/01\/11\/vers-es-novellairo-palyazatot-hirdetnek-taton\/#primaryimage"},"image":{"@id":"https:\/\/dorogimedence.hu\/index.php\/2021\/01\/11\/vers-es-novellairo-palyazatot-hirdetnek-taton\/#primaryimage"},"thumbnailUrl":"https:\/\/dorogimedence.hu\/wp-content\/uploads\/2021\/01\/palyazat-tat.jpg","datePublished":"2021-01-11T10:54:09+00:00","dateModified":"2021-01-11T10:54:32+00:00","breadcrumb":{"@id":"https:\/\/dorogimedence.hu\/index.php\/2021\/01\/11\/vers-es-novellairo-palyazatot-hirdetnek-taton\/#breadcrumb"},"inLanguage":"hu","potentialAction":[{"@type":"ReadAction","target":["https:\/\/dorogimedence.hu\/index.php\/2021\/01\/11\/vers-es-novellairo-palyazatot-hirdetnek-taton\/"]}]},{"@type":"ImageObject","inLanguage":"hu","@id":"https:\/\/dorogimedence.hu\/index.php\/2021\/01\/11\/vers-es-novellairo-palyazatot-hirdetnek-taton\/#primaryimage","url":"https:\/\/dorogimedence.hu\/wp-content\/uploads\/2021\/01\/palyazat-tat.jpg","contentUrl":"https:\/\/dorogimedence.hu\/wp-content\/uploads\/2021\/01\/palyazat-tat.jpg","width":830,"height":450},{"@type":"BreadcrumbList","@id":"https:\/\/dorogimedence.hu\/index.php\/2021\/01\/11\/vers-es-novellairo-palyazatot-hirdetnek-taton\/#breadcrumb","itemListElement":[{"@type":"ListItem","position":1,"name":"Kezd\u0151lap","item":"https:\/\/dorogimedence.hu\/"},{"@type":"ListItem","position":2,"name":"Vers- \u00e9s novella\u00edr\u00f3 p\u00e1ly\u00e1zatot hirdetnek T\u00e1ton"}]},{"@type":"WebSite","@id":"https:\/\/dorogimedence.hu\/#website","url":"https:\/\/dorogimedence.hu\/","name":"Dorogi-medence Region\u00e1lis H\u00edrport\u00e1l","description":"Dorog, Keszt\u00f6lc, Le\u00e1nyv\u00e1r, Piliscs\u00e9v, Tokod, Tokodalt\u00e1r\u00f3, Csolnok, Esztergom-kertv\u00e1ros: h\u00edrek, programok","publisher":{"@id":"https:\/\/dorogimedence.hu\/#organization"},"potentialAction":[{"@type":"SearchAction","target":{"@type":"EntryPoint","urlTemplate":"https:\/\/dorogimedence.hu\/?s={search_term_string}"},"query-input":{"@type":"PropertyValueSpecification","valueRequired":true,"valueName":"search_term_string"}}],"inLanguage":"hu"},{"@type":"Organization","@id":"https:\/\/dorogimedence.hu\/#organization","name":"Dorogi-medence Region\u00e1lis H\u00edrport\u00e1l","url":"https:\/\/dorogimedence.hu\/","logo":{"@type":"ImageObject","inLanguage":"hu","@id":"https:\/\/dorogimedence.hu\/#\/schema\/logo\/image\/","url":"https:\/\/dorogimedence.hu\/wp-content\/uploads\/2021\/04\/logo-feher-600.png","contentUrl":"https:\/\/dorogimedence.hu\/wp-content\/uploads\/2021\/04\/logo-feher-600.png","width":600,"height":100,"caption":"Dorogi-medence Region\u00e1lis H\u00edrport\u00e1l"},"image":{"@id":"https:\/\/dorogimedence.hu\/#\/schema\/logo\/image\/"},"sameAs":["https:\/\/www.facebook.com\/dorogimedence\/"]},{"@type":"Person","@id":"https:\/\/dorogimedence.hu\/#\/schema\/person\/ce6091eeb7e95ecdc87890d6aa8e0fd4","name":"dorogimedence.hu","image":{"@type":"ImageObject","inLanguage":"hu","@id":"\/\/www.gravatar.com\/avatar\/d8d45f8901aadff40a4af72c0b826f1d?s=96&#038;r=g&#038;d=mm","url":"\/\/www.gravatar.com\/avatar\/d8d45f8901aadff40a4af72c0b826f1d?s=96&#038;r=g&#038;d=mm","contentUrl":"\/\/www.gravatar.com\/avatar\/d8d45f8901aadff40a4af72c0b826f1d?s=96&#038;r=g&#038;d=mm","caption":"dorogimedence.hu"}}]}},"_links":{"self":[{"href":"https:\/\/dorogimedence.hu\/index.php\/wp-json\/wp\/v2\/posts\/29670","targetHints":{"allow":["GET"]}}],"collection":[{"href":"https:\/\/dorogimedence.hu\/index.php\/wp-json\/wp\/v2\/posts"}],"about":[{"href":"https:\/\/dorogimedence.hu\/index.php\/wp-json\/wp\/v2\/types\/post"}],"author":[{"embeddable":true,"href":"https:\/\/dorogimedence.hu\/index.php\/wp-json\/wp\/v2\/users\/1"}],"replies":[{"embeddable":true,"href":"https:\/\/dorogimedence.hu\/index.php\/wp-json\/wp\/v2\/comments?post=29670"}],"version-history":[{"count":0,"href":"https:\/\/dorogimedence.hu\/index.php\/wp-json\/wp\/v2\/posts\/29670\/revisions"}],"wp:featuredmedia":[{"embeddable":true,"href":"https:\/\/dorogimedence.hu\/index.php\/wp-json\/wp\/v2\/media\/29671"}],"wp:attachment":[{"href":"https:\/\/dorogimedence.hu\/index.php\/wp-json\/wp\/v2\/media?parent=29670"}],"wp:term":[{"taxonomy":"category","embeddable":true,"href":"https:\/\/dorogimedence.hu\/index.php\/wp-json\/wp\/v2\/categories?post=29670"},{"taxonomy":"post_tag","embeddable":true,"href":"https:\/\/dorogimedence.hu\/index.php\/wp-json\/wp\/v2\/tags?post=29670"}],"curies":[{"name":"wp","href":"https:\/\/api.w.org\/{rel}","templated":true}]}}