{"id":29597,"date":"2021-01-06T16:31:33","date_gmt":"2021-01-06T15:31:33","guid":{"rendered":"http:\/\/dorogimedence.hu\/?p=29597"},"modified":"2021-01-06T16:32:01","modified_gmt":"2021-01-06T15:32:01","slug":"ujra-megjelent-a-madarinfluenza-komarom-esztergom-megyeben","status":"publish","type":"post","link":"https:\/\/dorogimedence.hu\/index.php\/2021\/01\/06\/ujra-megjelent-a-madarinfluenza-komarom-esztergom-megyeben\/","title":{"rendered":"\u00dajra megjelent a mad\u00e1rinfluenza Kom\u00e1rom-Esztergom megy\u00e9ben"},"content":{"rendered":"<p><strong>Mad\u00e1rinfluenza-v\u00edrus jelenl\u00e9t\u00e9t igazolta szerd\u00e1n a Nemzeti \u00c9lelmiszerl\u00e1nc-biztons\u00e1gi Hivatal (N\u00e9bih) laborat\u00f3riuma Kom\u00e1rom-Esztergom megyei nagy l\u00e9tsz\u00e1m\u00fa pulyk\u00e1t tart\u00f3 gazdas\u00e1gokban; a hat\u00f3s\u00e1g a sz\u00fcks\u00e9ges int\u00e9zked\u00e9seket megtette, az \u00e1llom\u00e1nyok le\u00f6l\u00e9s\u00e9t m\u00e1r a gyan\u00fa alapj\u00e1n megkezdt\u00e9k a szakemberek<\/strong> <em>&#8211; t\u00e1j\u00e9koztatta a hivatal szerd\u00e1n az MTI-t.<\/em><\/p>\n<p>A k\u00f6zlem\u00e9ny szerint az \u00c1cs telep\u00fcl\u00e9s melletti, egym\u00e1s szomsz\u00e9ds\u00e1g\u00e1ban l\u00e9v\u0151 pulykatart\u00f3 gazdas\u00e1gok egyik\u00e9ben a m\u00falt h\u00e9t v\u00e9g\u00e9n az \u00e1llatokn\u00e1l nagym\u00e9rt\u00e9k\u0171 takarm\u00e1ny- \u00e9s v\u00edzfogyaszt\u00e1s-cs\u00f6kken\u00e9st tapasztaltak, az elhull\u00e1sok pedig megemelkedtek. H\u00e9tf\u0151re tov\u00e1bb n\u0151tt az elhull\u00e1s, \u00e9s megjelentek a betegs\u00e9g gyan\u00faj\u00e1t kelt\u0151 klinikai t\u00fcnetek is. A takarm\u00e1ny- \u00e9s v\u00edzfogyaszt\u00e1s egy m\u00e1sik, szomsz\u00e9dos telepen is visszaesett.<\/p>\n<p>A szakemberek az \u00e9rintett \u00e1llom\u00e1nyokb\u00f3l mint\u00e1t vettek, amelyekb\u0151l a N\u00e9bih laborat\u00f3riumi vizsg\u00e1latai szerd\u00e1n meger\u0151s\u00edtett\u00e9k a magas patogenit\u00e1s\u00fa mad\u00e1rinfluenza v\u00edrus jelenl\u00e9t\u00e9t.<\/p>\n<p>Az \u00e1llateg\u00e9szs\u00e9g\u00fcgyi hat\u00f3s\u00e1g a j\u00e1rv\u00e1ny terjed\u00e9s\u00e9nek megakad\u00e1lyoz\u00e1sa \u00e9rdek\u00e9ben m\u00e1r a gyan\u00fa alapj\u00e1n megkezdte az \u00e9rintett \u00e1llom\u00e1nyok, mintegy 90 ezer pulyka le\u00f6l\u00e9s\u00e9t. A szakemberek a gazdas\u00e1gok k\u00f6r\u00fcli 3 kilom\u00e9ter sugar\u00fa v\u00e9d\u0151k\u00f6rzetben \u00e9s 10 kilom\u00e9ter sugar\u00fa megfigyel\u00e9si k\u00f6rzetben minden baromfitart\u00f3 telepet felkeresnek, sz\u00fcks\u00e9g eset\u00e9n mint\u00e1t vesznek. A ter\u00fcleten sz\u00e1ll\u00edt\u00e1si korl\u00e1toz\u00e1sok is \u00e9rv\u00e9nybe l\u00e9pnek.<\/p>\n<p>A v\u00e1ndorl\u00f3 vadmadarak vonul\u00e1si \u00fatvonalai Magyarorsz\u00e1got is \u00e9rintik, ami kiemelt kock\u00e1zatot jelent, ez\u00e9rt Bogn\u00e1r Lajos orsz\u00e1gos f\u0151\u00e1llatorvos m\u00e9g 2020. november v\u00e9g\u00e9n orsz\u00e1gszerte elrendelte a baromfik k\u00f6telez\u0151 z\u00e1rtan tart\u00e1s\u00e1t.<\/p>\n<p>A vesz\u00e9ly jelenl\u00e9t\u00e9t \u00e9s nagys\u00e1g\u00e1t \u00e9rz\u00e9kelteti, hogy egy, a tatai \u00d6reg-t\u00f3n\u00e1l december v\u00e9g\u00e9n tal\u00e1lt k\u00f3csagtetemben is igazolta a N\u00e9bih laborat\u00f3riuma a v\u00edrus jelenl\u00e9t\u00e9t, aminek magas patogenit\u00e1s\u00e1t kedden szint\u00e9n meger\u0151s\u00edtett\u00e9k &#8211; k\u00f6z\u00f6lte a hat\u00f3s\u00e1g.<\/p>\n<p>A k\u00f6zlem\u00e9ny szerint a baromfi\u00e1llom\u00e1nyok v\u00e9delme \u00e9rdek\u00e9ben elengedhetetlen a z\u00e1rtan tart\u00e1s, valamint a j\u00e1rv\u00e1nyv\u00e9delmi el\u0151\u00edr\u00e1sok szigor\u00fa betart\u00e1sa. Az \u00e1llatokat egyebek mellett a vadon \u00e9l\u0151 madarakt\u00f3l v\u00e9dett, teljesen fedett, lehet\u0151leg oldalr\u00f3l is z\u00e1rt helyen kell etetni \u00e9s itatni. A takarm\u00e1nyt \u00e9s az almot szint\u00e9n z\u00e1rt, fedett helyen kell tartani \u00e9s a t\u00e1rol\u00e1s sor\u00e1n biztos\u00edtani kell, hogy ahhoz idegen faj\u00fa \u00e1llat ne f\u00e9rjen hozz\u00e1.<\/p>\n<p>A H5N8 v\u00edrust\u00f6rzs el\u0151sz\u00f6r 2014 elej\u00e9n \u00c1zsi\u00e1ban okozott j\u00e1rv\u00e1nyt a baromfi\u00e1llom\u00e1nyokban, majd 2014 november\u00e9ben megjelent Eur\u00f3p\u00e1ban is.<\/p>\n<p>Magyarorsz\u00e1gon utolj\u00e1ra 2020 els\u0151 f\u00e9l\u00e9v\u00e9ben kellett megk\u00fczdeni a betegs\u00e9ggel &#8211; jelezte a N\u00e9bih. A hat\u00f3s\u00e1g kiemelte, hogy a most is kimutatott H5N8 alt\u00edpus kapcs\u00e1n eddig m\u00e9g nem fordult el\u0151 emberi megbeteged\u00e9s Eur\u00f3p\u00e1ban, a baromfiterm\u00e9kek tov\u00e1bbra is biztons\u00e1ggal fogyaszthat\u00f3k.<\/p>\n<p><em>Forr\u00e1s: MTI<\/em><\/p>\n","protected":false},"excerpt":{"rendered":"<p>Mad\u00e1rinfluenza-v\u00edrus jelenl\u00e9t\u00e9t igazolta szerd\u00e1n a Nemzeti \u00c9lelmiszerl\u00e1nc-biztons\u00e1gi Hivatal (N\u00e9bih) laborat\u00f3riuma Kom\u00e1rom-Esztergom megyei nagy l\u00e9tsz\u00e1m\u00fa pulyk\u00e1t tart\u00f3 gazdas\u00e1gokban; a hat\u00f3s\u00e1g a sz\u00fcks\u00e9ges int\u00e9zked\u00e9seket megtette, az \u00e1llom\u00e1nyok le\u00f6l\u00e9s\u00e9t m\u00e1r a gyan\u00fa alapj\u00e1n megkezdt\u00e9k a szakemberek &#8211; t\u00e1j\u00e9koztatta a hivatal szerd\u00e1n az MTI-t. A k\u00f6zlem\u00e9ny szerint az \u00c1cs telep\u00fcl\u00e9s melletti, egym\u00e1s szomsz\u00e9ds\u00e1g\u00e1ban l\u00e9v\u0151 pulykatart\u00f3 gazdas\u00e1gok egyik\u00e9ben a m\u00falt<\/p>\n","protected":false},"author":1,"featured_media":29598,"comment_status":"closed","ping_status":"closed","sticky":false,"template":"","format":"standard","meta":{"ngg_post_thumbnail":0,"footnotes":""},"categories":[3,56],"tags":[3799,188],"class_list":{"0":"post-29597","1":"post","2":"type-post","3":"status-publish","4":"format-standard","5":"has-post-thumbnail","7":"category-hirek","8":"category-komarom-esztergom","9":"tag-komarom-esztergom-megye","10":"tag-madarinfluenza"},"yoast_head":"<!-- This site is optimized with the Yoast SEO plugin v27.4 - https:\/\/yoast.com\/product\/yoast-seo-wordpress\/ -->\n<title>\u00dajra megjelent a mad\u00e1rinfluenza Kom\u00e1rom-Esztergom megy\u00e9ben<\/title>\n<meta name=\"robots\" content=\"index, follow, max-snippet:-1, max-image-preview:large, max-video-preview:-1\" \/>\n<link rel=\"canonical\" href=\"https:\/\/dorogimedence.hu\/index.php\/2021\/01\/06\/ujra-megjelent-a-madarinfluenza-komarom-esztergom-megyeben\/\" class=\"yoast-seo-meta-tag\" \/>\n<meta property=\"og:locale\" content=\"hu_HU\" class=\"yoast-seo-meta-tag\" \/>\n<meta property=\"og:type\" content=\"article\" class=\"yoast-seo-meta-tag\" \/>\n<meta property=\"og:title\" content=\"\u00dajra megjelent a mad\u00e1rinfluenza Kom\u00e1rom-Esztergom megy\u00e9ben\" class=\"yoast-seo-meta-tag\" \/>\n<meta property=\"og:description\" content=\"Mad\u00e1rinfluenza-v\u00edrus jelenl\u00e9t\u00e9t igazolta szerd\u00e1n a Nemzeti \u00c9lelmiszerl\u00e1nc-biztons\u00e1gi Hivatal (N\u00e9bih) laborat\u00f3riuma Kom\u00e1rom-Esztergom megyei nagy l\u00e9tsz\u00e1m\u00fa pulyk\u00e1t tart\u00f3 gazdas\u00e1gokban; a hat\u00f3s\u00e1g a sz\u00fcks\u00e9ges int\u00e9zked\u00e9seket megtette, az \u00e1llom\u00e1nyok le\u00f6l\u00e9s\u00e9t m\u00e1r a gyan\u00fa alapj\u00e1n megkezdt\u00e9k a szakemberek &#8211; t\u00e1j\u00e9koztatta a hivatal szerd\u00e1n az MTI-t. A k\u00f6zlem\u00e9ny szerint az \u00c1cs telep\u00fcl\u00e9s melletti, egym\u00e1s szomsz\u00e9ds\u00e1g\u00e1ban l\u00e9v\u0151 pulykatart\u00f3 gazdas\u00e1gok egyik\u00e9ben a m\u00falt\" class=\"yoast-seo-meta-tag\" \/>\n<meta property=\"og:url\" content=\"https:\/\/dorogimedence.hu\/index.php\/2021\/01\/06\/ujra-megjelent-a-madarinfluenza-komarom-esztergom-megyeben\/\" class=\"yoast-seo-meta-tag\" \/>\n<meta property=\"og:site_name\" content=\"Dorogi-medence Region\u00e1lis H\u00edrport\u00e1l\" class=\"yoast-seo-meta-tag\" \/>\n<meta property=\"article:publisher\" content=\"https:\/\/www.facebook.com\/dorogimedence\/\" class=\"yoast-seo-meta-tag\" \/>\n<meta property=\"article:published_time\" content=\"2021-01-06T15:31:33+00:00\" class=\"yoast-seo-meta-tag\" \/>\n<meta property=\"article:modified_time\" content=\"2021-01-06T15:32:01+00:00\" class=\"yoast-seo-meta-tag\" \/>\n<meta property=\"og:image\" content=\"https:\/\/i0.wp.com\/dorogimedence.hu\/wp-content\/uploads\/2021\/01\/chicken.jpg?fit=830%2C450&ssl=1\" class=\"yoast-seo-meta-tag\" \/>\n\t<meta property=\"og:image:width\" content=\"830\" class=\"yoast-seo-meta-tag\" \/>\n\t<meta property=\"og:image:height\" content=\"450\" class=\"yoast-seo-meta-tag\" \/>\n\t<meta property=\"og:image:type\" content=\"image\/jpeg\" class=\"yoast-seo-meta-tag\" \/>\n<meta name=\"author\" content=\"dorogimedence.hu\" class=\"yoast-seo-meta-tag\" \/>\n<meta name=\"twitter:card\" content=\"summary_large_image\" class=\"yoast-seo-meta-tag\" \/>\n<meta name=\"twitter:label1\" content=\"Szerz\u0151:\" class=\"yoast-seo-meta-tag\" \/>\n\t<meta name=\"twitter:data1\" content=\"dorogimedence.hu\" class=\"yoast-seo-meta-tag\" \/>\n\t<meta name=\"twitter:label2\" content=\"Becs\u00fclt olvas\u00e1si id\u0151\" class=\"yoast-seo-meta-tag\" \/>\n\t<meta name=\"twitter:data2\" content=\"3 perc\" class=\"yoast-seo-meta-tag\" \/>\n<script type=\"application\/ld+json\" class=\"yoast-schema-graph\">{\"@context\":\"https:\\\/\\\/schema.org\",\"@graph\":[{\"@type\":\"Article\",\"@id\":\"https:\\\/\\\/dorogimedence.hu\\\/index.php\\\/2021\\\/01\\\/06\\\/ujra-megjelent-a-madarinfluenza-komarom-esztergom-megyeben\\\/#article\",\"isPartOf\":{\"@id\":\"https:\\\/\\\/dorogimedence.hu\\\/index.php\\\/2021\\\/01\\\/06\\\/ujra-megjelent-a-madarinfluenza-komarom-esztergom-megyeben\\\/\"},\"author\":{\"name\":\"dorogimedence.hu\",\"@id\":\"https:\\\/\\\/dorogimedence.hu\\\/#\\\/schema\\\/person\\\/ce6091eeb7e95ecdc87890d6aa8e0fd4\"},\"headline\":\"\u00dajra megjelent a mad\u00e1rinfluenza Kom\u00e1rom-Esztergom megy\u00e9ben\",\"datePublished\":\"2021-01-06T15:31:33+00:00\",\"dateModified\":\"2021-01-06T15:32:01+00:00\",\"mainEntityOfPage\":{\"@id\":\"https:\\\/\\\/dorogimedence.hu\\\/index.php\\\/2021\\\/01\\\/06\\\/ujra-megjelent-a-madarinfluenza-komarom-esztergom-megyeben\\\/\"},\"wordCount\":575,\"publisher\":{\"@id\":\"https:\\\/\\\/dorogimedence.hu\\\/#organization\"},\"image\":{\"@id\":\"https:\\\/\\\/dorogimedence.hu\\\/index.php\\\/2021\\\/01\\\/06\\\/ujra-megjelent-a-madarinfluenza-komarom-esztergom-megyeben\\\/#primaryimage\"},\"thumbnailUrl\":\"https:\\\/\\\/dorogimedence.hu\\\/wp-content\\\/uploads\\\/2021\\\/01\\\/chicken.jpg\",\"keywords\":[\"Kom\u00e1rom-Esztergom megye\",\"mad\u00e1rinfluenza\"],\"articleSection\":[\"H\u00edrek\",\"Kom\u00e1rom-Esztergom\"],\"inLanguage\":\"hu\"},{\"@type\":\"WebPage\",\"@id\":\"https:\\\/\\\/dorogimedence.hu\\\/index.php\\\/2021\\\/01\\\/06\\\/ujra-megjelent-a-madarinfluenza-komarom-esztergom-megyeben\\\/\",\"url\":\"https:\\\/\\\/dorogimedence.hu\\\/index.php\\\/2021\\\/01\\\/06\\\/ujra-megjelent-a-madarinfluenza-komarom-esztergom-megyeben\\\/\",\"name\":\"\u00dajra megjelent a mad\u00e1rinfluenza Kom\u00e1rom-Esztergom megy\u00e9ben\",\"isPartOf\":{\"@id\":\"https:\\\/\\\/dorogimedence.hu\\\/#website\"},\"primaryImageOfPage\":{\"@id\":\"https:\\\/\\\/dorogimedence.hu\\\/index.php\\\/2021\\\/01\\\/06\\\/ujra-megjelent-a-madarinfluenza-komarom-esztergom-megyeben\\\/#primaryimage\"},\"image\":{\"@id\":\"https:\\\/\\\/dorogimedence.hu\\\/index.php\\\/2021\\\/01\\\/06\\\/ujra-megjelent-a-madarinfluenza-komarom-esztergom-megyeben\\\/#primaryimage\"},\"thumbnailUrl\":\"https:\\\/\\\/dorogimedence.hu\\\/wp-content\\\/uploads\\\/2021\\\/01\\\/chicken.jpg\",\"datePublished\":\"2021-01-06T15:31:33+00:00\",\"dateModified\":\"2021-01-06T15:32:01+00:00\",\"breadcrumb\":{\"@id\":\"https:\\\/\\\/dorogimedence.hu\\\/index.php\\\/2021\\\/01\\\/06\\\/ujra-megjelent-a-madarinfluenza-komarom-esztergom-megyeben\\\/#breadcrumb\"},\"inLanguage\":\"hu\",\"potentialAction\":[{\"@type\":\"ReadAction\",\"target\":[\"https:\\\/\\\/dorogimedence.hu\\\/index.php\\\/2021\\\/01\\\/06\\\/ujra-megjelent-a-madarinfluenza-komarom-esztergom-megyeben\\\/\"]}]},{\"@type\":\"ImageObject\",\"inLanguage\":\"hu\",\"@id\":\"https:\\\/\\\/dorogimedence.hu\\\/index.php\\\/2021\\\/01\\\/06\\\/ujra-megjelent-a-madarinfluenza-komarom-esztergom-megyeben\\\/#primaryimage\",\"url\":\"https:\\\/\\\/dorogimedence.hu\\\/wp-content\\\/uploads\\\/2021\\\/01\\\/chicken.jpg\",\"contentUrl\":\"https:\\\/\\\/dorogimedence.hu\\\/wp-content\\\/uploads\\\/2021\\\/01\\\/chicken.jpg\",\"width\":830,\"height\":450},{\"@type\":\"BreadcrumbList\",\"@id\":\"https:\\\/\\\/dorogimedence.hu\\\/index.php\\\/2021\\\/01\\\/06\\\/ujra-megjelent-a-madarinfluenza-komarom-esztergom-megyeben\\\/#breadcrumb\",\"itemListElement\":[{\"@type\":\"ListItem\",\"position\":1,\"name\":\"Kezd\u0151lap\",\"item\":\"https:\\\/\\\/dorogimedence.hu\\\/\"},{\"@type\":\"ListItem\",\"position\":2,\"name\":\"\u00dajra megjelent a mad\u00e1rinfluenza Kom\u00e1rom-Esztergom megy\u00e9ben\"}]},{\"@type\":\"WebSite\",\"@id\":\"https:\\\/\\\/dorogimedence.hu\\\/#website\",\"url\":\"https:\\\/\\\/dorogimedence.hu\\\/\",\"name\":\"Dorogi-medence Region\u00e1lis H\u00edrport\u00e1l\",\"description\":\"Dorog, Keszt\u00f6lc, Le\u00e1nyv\u00e1r, Piliscs\u00e9v, Tokod, Tokodalt\u00e1r\u00f3, Csolnok, Esztergom-kertv\u00e1ros: h\u00edrek, programok\",\"publisher\":{\"@id\":\"https:\\\/\\\/dorogimedence.hu\\\/#organization\"},\"potentialAction\":[{\"@type\":\"SearchAction\",\"target\":{\"@type\":\"EntryPoint\",\"urlTemplate\":\"https:\\\/\\\/dorogimedence.hu\\\/?s={search_term_string}\"},\"query-input\":{\"@type\":\"PropertyValueSpecification\",\"valueRequired\":true,\"valueName\":\"search_term_string\"}}],\"inLanguage\":\"hu\"},{\"@type\":\"Organization\",\"@id\":\"https:\\\/\\\/dorogimedence.hu\\\/#organization\",\"name\":\"Dorogi-medence Region\u00e1lis H\u00edrport\u00e1l\",\"url\":\"https:\\\/\\\/dorogimedence.hu\\\/\",\"logo\":{\"@type\":\"ImageObject\",\"inLanguage\":\"hu\",\"@id\":\"https:\\\/\\\/dorogimedence.hu\\\/#\\\/schema\\\/logo\\\/image\\\/\",\"url\":\"https:\\\/\\\/dorogimedence.hu\\\/wp-content\\\/uploads\\\/2021\\\/04\\\/logo-feher-600.png\",\"contentUrl\":\"https:\\\/\\\/dorogimedence.hu\\\/wp-content\\\/uploads\\\/2021\\\/04\\\/logo-feher-600.png\",\"width\":600,\"height\":100,\"caption\":\"Dorogi-medence Region\u00e1lis H\u00edrport\u00e1l\"},\"image\":{\"@id\":\"https:\\\/\\\/dorogimedence.hu\\\/#\\\/schema\\\/logo\\\/image\\\/\"},\"sameAs\":[\"https:\\\/\\\/www.facebook.com\\\/dorogimedence\\\/\"]},{\"@type\":\"Person\",\"@id\":\"https:\\\/\\\/dorogimedence.hu\\\/#\\\/schema\\\/person\\\/ce6091eeb7e95ecdc87890d6aa8e0fd4\",\"name\":\"dorogimedence.hu\",\"image\":{\"@type\":\"ImageObject\",\"inLanguage\":\"hu\",\"@id\":\"\\\/\\\/www.gravatar.com\\\/avatar\\\/d8d45f8901aadff40a4af72c0b826f1d?s=96&#038;r=g&#038;d=mm\",\"url\":\"\\\/\\\/www.gravatar.com\\\/avatar\\\/d8d45f8901aadff40a4af72c0b826f1d?s=96&#038;r=g&#038;d=mm\",\"contentUrl\":\"\\\/\\\/www.gravatar.com\\\/avatar\\\/d8d45f8901aadff40a4af72c0b826f1d?s=96&#038;r=g&#038;d=mm\",\"caption\":\"dorogimedence.hu\"}}]}<\/script>\n<!-- \/ Yoast SEO plugin. -->","yoast_head_json":{"title":"\u00dajra megjelent a mad\u00e1rinfluenza Kom\u00e1rom-Esztergom megy\u00e9ben","robots":{"index":"index","follow":"follow","max-snippet":"max-snippet:-1","max-image-preview":"max-image-preview:large","max-video-preview":"max-video-preview:-1"},"canonical":"https:\/\/dorogimedence.hu\/index.php\/2021\/01\/06\/ujra-megjelent-a-madarinfluenza-komarom-esztergom-megyeben\/","og_locale":"hu_HU","og_type":"article","og_title":"\u00dajra megjelent a mad\u00e1rinfluenza Kom\u00e1rom-Esztergom megy\u00e9ben","og_description":"Mad\u00e1rinfluenza-v\u00edrus jelenl\u00e9t\u00e9t igazolta szerd\u00e1n a Nemzeti \u00c9lelmiszerl\u00e1nc-biztons\u00e1gi Hivatal (N\u00e9bih) laborat\u00f3riuma Kom\u00e1rom-Esztergom megyei nagy l\u00e9tsz\u00e1m\u00fa pulyk\u00e1t tart\u00f3 gazdas\u00e1gokban; a hat\u00f3s\u00e1g a sz\u00fcks\u00e9ges int\u00e9zked\u00e9seket megtette, az \u00e1llom\u00e1nyok le\u00f6l\u00e9s\u00e9t m\u00e1r a gyan\u00fa alapj\u00e1n megkezdt\u00e9k a szakemberek &#8211; t\u00e1j\u00e9koztatta a hivatal szerd\u00e1n az MTI-t. A k\u00f6zlem\u00e9ny szerint az \u00c1cs telep\u00fcl\u00e9s melletti, egym\u00e1s szomsz\u00e9ds\u00e1g\u00e1ban l\u00e9v\u0151 pulykatart\u00f3 gazdas\u00e1gok egyik\u00e9ben a m\u00falt","og_url":"https:\/\/dorogimedence.hu\/index.php\/2021\/01\/06\/ujra-megjelent-a-madarinfluenza-komarom-esztergom-megyeben\/","og_site_name":"Dorogi-medence Region\u00e1lis H\u00edrport\u00e1l","article_publisher":"https:\/\/www.facebook.com\/dorogimedence\/","article_published_time":"2021-01-06T15:31:33+00:00","article_modified_time":"2021-01-06T15:32:01+00:00","og_image":[{"width":830,"height":450,"url":"https:\/\/i0.wp.com\/dorogimedence.hu\/wp-content\/uploads\/2021\/01\/chicken.jpg?fit=830%2C450&ssl=1","type":"image\/jpeg"}],"author":"dorogimedence.hu","twitter_card":"summary_large_image","twitter_misc":{"Szerz\u0151:":"dorogimedence.hu","Becs\u00fclt olvas\u00e1si id\u0151":"3 perc"},"schema":{"@context":"https:\/\/schema.org","@graph":[{"@type":"Article","@id":"https:\/\/dorogimedence.hu\/index.php\/2021\/01\/06\/ujra-megjelent-a-madarinfluenza-komarom-esztergom-megyeben\/#article","isPartOf":{"@id":"https:\/\/dorogimedence.hu\/index.php\/2021\/01\/06\/ujra-megjelent-a-madarinfluenza-komarom-esztergom-megyeben\/"},"author":{"name":"dorogimedence.hu","@id":"https:\/\/dorogimedence.hu\/#\/schema\/person\/ce6091eeb7e95ecdc87890d6aa8e0fd4"},"headline":"\u00dajra megjelent a mad\u00e1rinfluenza Kom\u00e1rom-Esztergom megy\u00e9ben","datePublished":"2021-01-06T15:31:33+00:00","dateModified":"2021-01-06T15:32:01+00:00","mainEntityOfPage":{"@id":"https:\/\/dorogimedence.hu\/index.php\/2021\/01\/06\/ujra-megjelent-a-madarinfluenza-komarom-esztergom-megyeben\/"},"wordCount":575,"publisher":{"@id":"https:\/\/dorogimedence.hu\/#organization"},"image":{"@id":"https:\/\/dorogimedence.hu\/index.php\/2021\/01\/06\/ujra-megjelent-a-madarinfluenza-komarom-esztergom-megyeben\/#primaryimage"},"thumbnailUrl":"https:\/\/dorogimedence.hu\/wp-content\/uploads\/2021\/01\/chicken.jpg","keywords":["Kom\u00e1rom-Esztergom megye","mad\u00e1rinfluenza"],"articleSection":["H\u00edrek","Kom\u00e1rom-Esztergom"],"inLanguage":"hu"},{"@type":"WebPage","@id":"https:\/\/dorogimedence.hu\/index.php\/2021\/01\/06\/ujra-megjelent-a-madarinfluenza-komarom-esztergom-megyeben\/","url":"https:\/\/dorogimedence.hu\/index.php\/2021\/01\/06\/ujra-megjelent-a-madarinfluenza-komarom-esztergom-megyeben\/","name":"\u00dajra megjelent a mad\u00e1rinfluenza Kom\u00e1rom-Esztergom megy\u00e9ben","isPartOf":{"@id":"https:\/\/dorogimedence.hu\/#website"},"primaryImageOfPage":{"@id":"https:\/\/dorogimedence.hu\/index.php\/2021\/01\/06\/ujra-megjelent-a-madarinfluenza-komarom-esztergom-megyeben\/#primaryimage"},"image":{"@id":"https:\/\/dorogimedence.hu\/index.php\/2021\/01\/06\/ujra-megjelent-a-madarinfluenza-komarom-esztergom-megyeben\/#primaryimage"},"thumbnailUrl":"https:\/\/dorogimedence.hu\/wp-content\/uploads\/2021\/01\/chicken.jpg","datePublished":"2021-01-06T15:31:33+00:00","dateModified":"2021-01-06T15:32:01+00:00","breadcrumb":{"@id":"https:\/\/dorogimedence.hu\/index.php\/2021\/01\/06\/ujra-megjelent-a-madarinfluenza-komarom-esztergom-megyeben\/#breadcrumb"},"inLanguage":"hu","potentialAction":[{"@type":"ReadAction","target":["https:\/\/dorogimedence.hu\/index.php\/2021\/01\/06\/ujra-megjelent-a-madarinfluenza-komarom-esztergom-megyeben\/"]}]},{"@type":"ImageObject","inLanguage":"hu","@id":"https:\/\/dorogimedence.hu\/index.php\/2021\/01\/06\/ujra-megjelent-a-madarinfluenza-komarom-esztergom-megyeben\/#primaryimage","url":"https:\/\/dorogimedence.hu\/wp-content\/uploads\/2021\/01\/chicken.jpg","contentUrl":"https:\/\/dorogimedence.hu\/wp-content\/uploads\/2021\/01\/chicken.jpg","width":830,"height":450},{"@type":"BreadcrumbList","@id":"https:\/\/dorogimedence.hu\/index.php\/2021\/01\/06\/ujra-megjelent-a-madarinfluenza-komarom-esztergom-megyeben\/#breadcrumb","itemListElement":[{"@type":"ListItem","position":1,"name":"Kezd\u0151lap","item":"https:\/\/dorogimedence.hu\/"},{"@type":"ListItem","position":2,"name":"\u00dajra megjelent a mad\u00e1rinfluenza Kom\u00e1rom-Esztergom megy\u00e9ben"}]},{"@type":"WebSite","@id":"https:\/\/dorogimedence.hu\/#website","url":"https:\/\/dorogimedence.hu\/","name":"Dorogi-medence Region\u00e1lis H\u00edrport\u00e1l","description":"Dorog, Keszt\u00f6lc, Le\u00e1nyv\u00e1r, Piliscs\u00e9v, Tokod, Tokodalt\u00e1r\u00f3, Csolnok, Esztergom-kertv\u00e1ros: h\u00edrek, programok","publisher":{"@id":"https:\/\/dorogimedence.hu\/#organization"},"potentialAction":[{"@type":"SearchAction","target":{"@type":"EntryPoint","urlTemplate":"https:\/\/dorogimedence.hu\/?s={search_term_string}"},"query-input":{"@type":"PropertyValueSpecification","valueRequired":true,"valueName":"search_term_string"}}],"inLanguage":"hu"},{"@type":"Organization","@id":"https:\/\/dorogimedence.hu\/#organization","name":"Dorogi-medence Region\u00e1lis H\u00edrport\u00e1l","url":"https:\/\/dorogimedence.hu\/","logo":{"@type":"ImageObject","inLanguage":"hu","@id":"https:\/\/dorogimedence.hu\/#\/schema\/logo\/image\/","url":"https:\/\/dorogimedence.hu\/wp-content\/uploads\/2021\/04\/logo-feher-600.png","contentUrl":"https:\/\/dorogimedence.hu\/wp-content\/uploads\/2021\/04\/logo-feher-600.png","width":600,"height":100,"caption":"Dorogi-medence Region\u00e1lis H\u00edrport\u00e1l"},"image":{"@id":"https:\/\/dorogimedence.hu\/#\/schema\/logo\/image\/"},"sameAs":["https:\/\/www.facebook.com\/dorogimedence\/"]},{"@type":"Person","@id":"https:\/\/dorogimedence.hu\/#\/schema\/person\/ce6091eeb7e95ecdc87890d6aa8e0fd4","name":"dorogimedence.hu","image":{"@type":"ImageObject","inLanguage":"hu","@id":"\/\/www.gravatar.com\/avatar\/d8d45f8901aadff40a4af72c0b826f1d?s=96&#038;r=g&#038;d=mm","url":"\/\/www.gravatar.com\/avatar\/d8d45f8901aadff40a4af72c0b826f1d?s=96&#038;r=g&#038;d=mm","contentUrl":"\/\/www.gravatar.com\/avatar\/d8d45f8901aadff40a4af72c0b826f1d?s=96&#038;r=g&#038;d=mm","caption":"dorogimedence.hu"}}]}},"_links":{"self":[{"href":"https:\/\/dorogimedence.hu\/index.php\/wp-json\/wp\/v2\/posts\/29597","targetHints":{"allow":["GET"]}}],"collection":[{"href":"https:\/\/dorogimedence.hu\/index.php\/wp-json\/wp\/v2\/posts"}],"about":[{"href":"https:\/\/dorogimedence.hu\/index.php\/wp-json\/wp\/v2\/types\/post"}],"author":[{"embeddable":true,"href":"https:\/\/dorogimedence.hu\/index.php\/wp-json\/wp\/v2\/users\/1"}],"replies":[{"embeddable":true,"href":"https:\/\/dorogimedence.hu\/index.php\/wp-json\/wp\/v2\/comments?post=29597"}],"version-history":[{"count":0,"href":"https:\/\/dorogimedence.hu\/index.php\/wp-json\/wp\/v2\/posts\/29597\/revisions"}],"wp:featuredmedia":[{"embeddable":true,"href":"https:\/\/dorogimedence.hu\/index.php\/wp-json\/wp\/v2\/media\/29598"}],"wp:attachment":[{"href":"https:\/\/dorogimedence.hu\/index.php\/wp-json\/wp\/v2\/media?parent=29597"}],"wp:term":[{"taxonomy":"category","embeddable":true,"href":"https:\/\/dorogimedence.hu\/index.php\/wp-json\/wp\/v2\/categories?post=29597"},{"taxonomy":"post_tag","embeddable":true,"href":"https:\/\/dorogimedence.hu\/index.php\/wp-json\/wp\/v2\/tags?post=29597"}],"curies":[{"name":"wp","href":"https:\/\/api.w.org\/{rel}","templated":true}]}}