{"id":29458,"date":"2020-12-29T13:16:14","date_gmt":"2020-12-29T12:16:14","guid":{"rendered":"http:\/\/dorogimedence.hu\/?p=29458"},"modified":"2020-12-29T13:29:10","modified_gmt":"2020-12-29T12:29:10","slug":"dorogon-is-lehetett-erezni-a-foldrengest","status":"publish","type":"post","link":"https:\/\/dorogimedence.hu\/index.php\/2020\/12\/29\/dorogon-is-lehetett-erezni-a-foldrengest\/","title":{"rendered":"Dorogon is lehetett \u00e9rezni a f\u00f6ldreng\u00e9st"},"content":{"rendered":"<p><strong>Magyarorsz\u00e1g t\u00f6bb pontj\u00e1n is kisebb f\u00f6ldreng\u00e9st \u00e9szleltek az emberek december 29-\u00e9n kedden, nem sokkal d\u00e9lut\u00e1n negyed egy ut\u00e1n.<\/strong><\/p>\n<p>H\u00e9tf\u0151 reggel 6.28-kor 5,4-es er\u0151ss\u00e9g\u0171 f\u00f6ldreng\u00e9s r\u00e1zta meg Horv\u00e1torsz\u00e1got. A f\u00f6ldmozg\u00e1s epicentruma Z\u00e1gr\u00e1bt\u00f3l 51 kilom\u00e9terre volt, nagyj\u00e1b\u00f3l hat kilom\u00e9teres m\u00e9lys\u00e9gben, amelynek az ut\u00f3reng\u00e9se Magyarorsz\u00e1gon is \u00e9rezhet\u0151 volt.<\/p>\n<p>Kedden nem sokkal 12 \u00f3ra ut\u00e1n ism\u00e9t f\u00f6ldreng\u00e9s r\u00e1zta meg d\u00e9li szomsz\u00e9dunkat. Most 6,3 magnit\u00fad\u00f3j\u00fa f\u00f6ldreng\u00e9st m\u00e9rtek 11 \u00f3ra ut\u00e1n Horv\u00e1torsz\u00e1gban. Ennek az ut\u00f3reng\u00e9s\u00e9t \u00e9rezhett\u00e9k Magyarorsz\u00e1gon is.<\/p>\n<p>T\u00f6bben jelezt\u00e9k, hogy kedden Esztergomban, Dorogon \u00e9s Tokodon is lehetett \u00e9rezni a f\u00f6ldreng\u00e9st. Egyik olvas\u00f3nk ezt \u00edrta: \u201eA dorogi gar\u00e1zsomban \u00fcltem amikor megmozdult alattam a f\u00f6ld, el\u0151sz\u00f6r azt hittem rosszul vagyok\u201d. Egy tokodi lakos \u00edgy eml\u00e9kszik vissza az esetre: \u201e\u00c9ppen eb\u00e9delt\u00fcnk, amikor a csill\u00e1r mozgott az asztal felett. Azt hitt\u00fck szellemek vannak a h\u00e1zban\u201d. De volt olyan is aki arr\u00f3l sz\u00e1molt be, hogy rendesen kilengett a kar\u00e1csonyfa teteje.<\/p>\n<p>A f\u00f6ldreng\u00e9s er\u0151ss\u00e9g\u00e9r\u0151l sz\u00f3l\u00f3 adatokat a K\u00f6vesligethy Rad\u00f3 Szeizmol\u00f3giai Obszervat\u00f3rium k\u00f6z\u00f6lte az MTI-vel.<\/p>\n<p style=\"text-align: center;\"><img fetchpriority=\"high\" decoding=\"async\" class=\"alignnone size-full wp-image-29459\" src=\"https:\/\/dorogimedence.hu\/wp-content\/uploads\/2020\/12\/metbalazs-1343200991516005467571535372113434724798158n.png-2020-12-29-12-52-38.jpg\" alt=\"\" width=\"823\" height=\"639\" srcset=\"https:\/\/dorogimedence.hu\/wp-content\/uploads\/2020\/12\/metbalazs-1343200991516005467571535372113434724798158n.png-2020-12-29-12-52-38.jpg 823w, https:\/\/dorogimedence.hu\/wp-content\/uploads\/2020\/12\/metbalazs-1343200991516005467571535372113434724798158n.png-2020-12-29-12-52-38-300x233.jpg 300w, https:\/\/dorogimedence.hu\/wp-content\/uploads\/2020\/12\/metbalazs-1343200991516005467571535372113434724798158n.png-2020-12-29-12-52-38-768x596.jpg 768w\" sizes=\"(max-width: 823px) 100vw, 823px\" \/><em>Budapesti szeizmogr\u00e1f \/Forr\u00e1s:&nbsp;<span style=\"text-decoration: underline; color: #0000ff;\"><a style=\"color: #0000ff; text-decoration: underline;\" href=\"https:\/\/www.facebook.com\/krszo\/\" target=\"_blank\" rel=\"noopener\">ELKH CSFK GGI K\u00f6vesligethy Rad\u00f3 Szeizmol\u00f3giai Obszervat\u00f3rium<\/a><\/span>\/<\/em><\/p>\n<p><em><strong>H\u00e1tt\u00e9r-inform\u00e1ci\u00f3:<\/strong> Z\u00e1gr\u00e1bban a m\u00e1rciusi f\u00f6ldreng\u00e9s \u00f3ta folyamatosak az ut\u00f3reng\u00e9sek &#8211; \u00edrja az MTI. A szakemberek mintegy k\u00e9tezer ut\u00f3l\u00f6k\u00e9st jegyeztek fel, amelyek negyede volt \u00e9rezhet\u0151. Hatezer \u00e9p\u00fclet a mai napig nem biztons\u00e1gos, k\u00f6zt\u00fck t\u00f6bb \u00f3voda, \u00e1ltal\u00e1nos iskola, k\u00f6z\u00e9piskola, egyetem, kultur\u00e1lis \u00e9s tudom\u00e1nyos int\u00e9zet.<\/em><\/p>\n<p><iframe title=\"F\u00f6ldreng\u00e9s Zalaegerszegen\" width=\"755\" height=\"425\" src=\"https:\/\/www.youtube.com\/embed\/Em-KHX65478?feature=oembed\" frameborder=\"0\" allow=\"accelerometer; autoplay; clipboard-write; encrypted-media; gyroscope; picture-in-picture; web-share\" referrerpolicy=\"strict-origin-when-cross-origin\" allowfullscreen><\/iframe><\/p>\n","protected":false},"excerpt":{"rendered":"<p>Magyarorsz\u00e1g t\u00f6bb pontj\u00e1n is kisebb f\u00f6ldreng\u00e9st \u00e9szleltek az emberek december 29-\u00e9n kedden, nem sokkal d\u00e9lut\u00e1n negyed egy ut\u00e1n. H\u00e9tf\u0151 reggel 6.28-kor 5,4-es er\u0151ss\u00e9g\u0171 f\u00f6ldreng\u00e9s r\u00e1zta meg Horv\u00e1torsz\u00e1got. A f\u00f6ldmozg\u00e1s epicentruma Z\u00e1gr\u00e1bt\u00f3l 51 kilom\u00e9terre volt, nagyj\u00e1b\u00f3l hat kilom\u00e9teres m\u00e9lys\u00e9gben, amelynek az ut\u00f3reng\u00e9se Magyarorsz\u00e1gon is \u00e9rezhet\u0151 volt. Kedden nem sokkal 12 \u00f3ra ut\u00e1n ism\u00e9t f\u00f6ldreng\u00e9s r\u00e1zta meg<\/p>\n","protected":false},"author":1,"featured_media":29460,"comment_status":"closed","ping_status":"closed","sticky":false,"template":"","format":"standard","meta":{"ngg_post_thumbnail":0,"footnotes":""},"categories":[2,38,3],"tags":[15,42,5327,12],"class_list":{"0":"post-29458","1":"post","2":"type-post","3":"status-publish","4":"format-standard","5":"has-post-thumbnail","7":"category-dorog","8":"category-esztergom","9":"category-hirek","10":"tag-dorog","11":"tag-esztergom","12":"tag-foldrenges","13":"tag-tokod"},"yoast_head":"<!-- This site is optimized with the Yoast SEO plugin v27.5 - https:\/\/yoast.com\/product\/yoast-seo-wordpress\/ -->\n<title>Dorogon is lehetett \u00e9rezni a f\u00f6ldreng\u00e9st<\/title>\n<meta name=\"robots\" content=\"index, follow, max-snippet:-1, max-image-preview:large, max-video-preview:-1\" \/>\n<link rel=\"canonical\" href=\"https:\/\/dorogimedence.hu\/index.php\/2020\/12\/29\/dorogon-is-lehetett-erezni-a-foldrengest\/\" class=\"yoast-seo-meta-tag\" \/>\n<meta property=\"og:locale\" content=\"hu_HU\" class=\"yoast-seo-meta-tag\" \/>\n<meta property=\"og:type\" content=\"article\" class=\"yoast-seo-meta-tag\" \/>\n<meta property=\"og:title\" content=\"Dorogon is lehetett \u00e9rezni a f\u00f6ldreng\u00e9st\" class=\"yoast-seo-meta-tag\" \/>\n<meta property=\"og:description\" content=\"Magyarorsz\u00e1g t\u00f6bb pontj\u00e1n is kisebb f\u00f6ldreng\u00e9st \u00e9szleltek az emberek december 29-\u00e9n kedden, nem sokkal d\u00e9lut\u00e1n negyed egy ut\u00e1n. H\u00e9tf\u0151 reggel 6.28-kor 5,4-es er\u0151ss\u00e9g\u0171 f\u00f6ldreng\u00e9s r\u00e1zta meg Horv\u00e1torsz\u00e1got. A f\u00f6ldmozg\u00e1s epicentruma Z\u00e1gr\u00e1bt\u00f3l 51 kilom\u00e9terre volt, nagyj\u00e1b\u00f3l hat kilom\u00e9teres m\u00e9lys\u00e9gben, amelynek az ut\u00f3reng\u00e9se Magyarorsz\u00e1gon is \u00e9rezhet\u0151 volt. Kedden nem sokkal 12 \u00f3ra ut\u00e1n ism\u00e9t f\u00f6ldreng\u00e9s r\u00e1zta meg\" class=\"yoast-seo-meta-tag\" \/>\n<meta property=\"og:url\" content=\"https:\/\/dorogimedence.hu\/index.php\/2020\/12\/29\/dorogon-is-lehetett-erezni-a-foldrengest\/\" class=\"yoast-seo-meta-tag\" \/>\n<meta property=\"og:site_name\" content=\"Dorogi-medence Region\u00e1lis H\u00edrport\u00e1l\" class=\"yoast-seo-meta-tag\" \/>\n<meta property=\"article:publisher\" content=\"https:\/\/www.facebook.com\/dorogimedence\/\" class=\"yoast-seo-meta-tag\" \/>\n<meta property=\"article:published_time\" content=\"2020-12-29T12:16:14+00:00\" class=\"yoast-seo-meta-tag\" \/>\n<meta property=\"article:modified_time\" content=\"2020-12-29T12:29:10+00:00\" class=\"yoast-seo-meta-tag\" \/>\n<meta property=\"og:image\" content=\"https:\/\/i0.wp.com\/dorogimedence.hu\/wp-content\/uploads\/2020\/12\/foldrenges.jpg?fit=830%2C450&ssl=1\" class=\"yoast-seo-meta-tag\" \/>\n\t<meta property=\"og:image:width\" content=\"830\" class=\"yoast-seo-meta-tag\" \/>\n\t<meta property=\"og:image:height\" content=\"450\" class=\"yoast-seo-meta-tag\" \/>\n\t<meta property=\"og:image:type\" content=\"image\/jpeg\" class=\"yoast-seo-meta-tag\" \/>\n<meta name=\"author\" content=\"dorogimedence.hu\" class=\"yoast-seo-meta-tag\" \/>\n<meta name=\"twitter:card\" content=\"summary_large_image\" class=\"yoast-seo-meta-tag\" \/>\n<meta name=\"twitter:label1\" content=\"Szerz\u0151:\" class=\"yoast-seo-meta-tag\" \/>\n\t<meta name=\"twitter:data1\" content=\"dorogimedence.hu\" class=\"yoast-seo-meta-tag\" \/>\n\t<meta name=\"twitter:label2\" content=\"Becs\u00fclt olvas\u00e1si id\u0151\" class=\"yoast-seo-meta-tag\" \/>\n\t<meta name=\"twitter:data2\" content=\"2 perc\" class=\"yoast-seo-meta-tag\" \/>\n<script type=\"application\/ld+json\" class=\"yoast-schema-graph\">{\"@context\":\"https:\\\/\\\/schema.org\",\"@graph\":[{\"@type\":\"Article\",\"@id\":\"https:\\\/\\\/dorogimedence.hu\\\/index.php\\\/2020\\\/12\\\/29\\\/dorogon-is-lehetett-erezni-a-foldrengest\\\/#article\",\"isPartOf\":{\"@id\":\"https:\\\/\\\/dorogimedence.hu\\\/index.php\\\/2020\\\/12\\\/29\\\/dorogon-is-lehetett-erezni-a-foldrengest\\\/\"},\"author\":{\"name\":\"dorogimedence.hu\",\"@id\":\"https:\\\/\\\/dorogimedence.hu\\\/#\\\/schema\\\/person\\\/ce6091eeb7e95ecdc87890d6aa8e0fd4\"},\"headline\":\"Dorogon is lehetett \u00e9rezni a f\u00f6ldreng\u00e9st\",\"datePublished\":\"2020-12-29T12:16:14+00:00\",\"dateModified\":\"2020-12-29T12:29:10+00:00\",\"mainEntityOfPage\":{\"@id\":\"https:\\\/\\\/dorogimedence.hu\\\/index.php\\\/2020\\\/12\\\/29\\\/dorogon-is-lehetett-erezni-a-foldrengest\\\/\"},\"wordCount\":328,\"publisher\":{\"@id\":\"https:\\\/\\\/dorogimedence.hu\\\/#organization\"},\"image\":{\"@id\":\"https:\\\/\\\/dorogimedence.hu\\\/index.php\\\/2020\\\/12\\\/29\\\/dorogon-is-lehetett-erezni-a-foldrengest\\\/#primaryimage\"},\"thumbnailUrl\":\"https:\\\/\\\/dorogimedence.hu\\\/wp-content\\\/uploads\\\/2020\\\/12\\\/foldrenges.jpg\",\"keywords\":[\"Dorog\",\"esztergom\",\"f\u00f6ldreng\u00e9s\",\"Tokod\"],\"articleSection\":[\"Dorog\",\"Esztergom\",\"H\u00edrek\"],\"inLanguage\":\"hu\"},{\"@type\":\"WebPage\",\"@id\":\"https:\\\/\\\/dorogimedence.hu\\\/index.php\\\/2020\\\/12\\\/29\\\/dorogon-is-lehetett-erezni-a-foldrengest\\\/\",\"url\":\"https:\\\/\\\/dorogimedence.hu\\\/index.php\\\/2020\\\/12\\\/29\\\/dorogon-is-lehetett-erezni-a-foldrengest\\\/\",\"name\":\"Dorogon is lehetett \u00e9rezni a f\u00f6ldreng\u00e9st\",\"isPartOf\":{\"@id\":\"https:\\\/\\\/dorogimedence.hu\\\/#website\"},\"primaryImageOfPage\":{\"@id\":\"https:\\\/\\\/dorogimedence.hu\\\/index.php\\\/2020\\\/12\\\/29\\\/dorogon-is-lehetett-erezni-a-foldrengest\\\/#primaryimage\"},\"image\":{\"@id\":\"https:\\\/\\\/dorogimedence.hu\\\/index.php\\\/2020\\\/12\\\/29\\\/dorogon-is-lehetett-erezni-a-foldrengest\\\/#primaryimage\"},\"thumbnailUrl\":\"https:\\\/\\\/dorogimedence.hu\\\/wp-content\\\/uploads\\\/2020\\\/12\\\/foldrenges.jpg\",\"datePublished\":\"2020-12-29T12:16:14+00:00\",\"dateModified\":\"2020-12-29T12:29:10+00:00\",\"breadcrumb\":{\"@id\":\"https:\\\/\\\/dorogimedence.hu\\\/index.php\\\/2020\\\/12\\\/29\\\/dorogon-is-lehetett-erezni-a-foldrengest\\\/#breadcrumb\"},\"inLanguage\":\"hu\",\"potentialAction\":[{\"@type\":\"ReadAction\",\"target\":[\"https:\\\/\\\/dorogimedence.hu\\\/index.php\\\/2020\\\/12\\\/29\\\/dorogon-is-lehetett-erezni-a-foldrengest\\\/\"]}]},{\"@type\":\"ImageObject\",\"inLanguage\":\"hu\",\"@id\":\"https:\\\/\\\/dorogimedence.hu\\\/index.php\\\/2020\\\/12\\\/29\\\/dorogon-is-lehetett-erezni-a-foldrengest\\\/#primaryimage\",\"url\":\"https:\\\/\\\/dorogimedence.hu\\\/wp-content\\\/uploads\\\/2020\\\/12\\\/foldrenges.jpg\",\"contentUrl\":\"https:\\\/\\\/dorogimedence.hu\\\/wp-content\\\/uploads\\\/2020\\\/12\\\/foldrenges.jpg\",\"width\":830,\"height\":450},{\"@type\":\"BreadcrumbList\",\"@id\":\"https:\\\/\\\/dorogimedence.hu\\\/index.php\\\/2020\\\/12\\\/29\\\/dorogon-is-lehetett-erezni-a-foldrengest\\\/#breadcrumb\",\"itemListElement\":[{\"@type\":\"ListItem\",\"position\":1,\"name\":\"Kezd\u0151lap\",\"item\":\"https:\\\/\\\/dorogimedence.hu\\\/\"},{\"@type\":\"ListItem\",\"position\":2,\"name\":\"Dorogon is lehetett \u00e9rezni a f\u00f6ldreng\u00e9st\"}]},{\"@type\":\"WebSite\",\"@id\":\"https:\\\/\\\/dorogimedence.hu\\\/#website\",\"url\":\"https:\\\/\\\/dorogimedence.hu\\\/\",\"name\":\"Dorogi-medence Region\u00e1lis H\u00edrport\u00e1l\",\"description\":\"Dorog, Keszt\u00f6lc, Le\u00e1nyv\u00e1r, Piliscs\u00e9v, Tokod, Tokodalt\u00e1r\u00f3, Csolnok, Esztergom-kertv\u00e1ros: h\u00edrek, programok\",\"publisher\":{\"@id\":\"https:\\\/\\\/dorogimedence.hu\\\/#organization\"},\"potentialAction\":[{\"@type\":\"SearchAction\",\"target\":{\"@type\":\"EntryPoint\",\"urlTemplate\":\"https:\\\/\\\/dorogimedence.hu\\\/?s={search_term_string}\"},\"query-input\":{\"@type\":\"PropertyValueSpecification\",\"valueRequired\":true,\"valueName\":\"search_term_string\"}}],\"inLanguage\":\"hu\"},{\"@type\":\"Organization\",\"@id\":\"https:\\\/\\\/dorogimedence.hu\\\/#organization\",\"name\":\"Dorogi-medence Region\u00e1lis H\u00edrport\u00e1l\",\"url\":\"https:\\\/\\\/dorogimedence.hu\\\/\",\"logo\":{\"@type\":\"ImageObject\",\"inLanguage\":\"hu\",\"@id\":\"https:\\\/\\\/dorogimedence.hu\\\/#\\\/schema\\\/logo\\\/image\\\/\",\"url\":\"https:\\\/\\\/dorogimedence.hu\\\/wp-content\\\/uploads\\\/2021\\\/04\\\/logo-feher-600.png\",\"contentUrl\":\"https:\\\/\\\/dorogimedence.hu\\\/wp-content\\\/uploads\\\/2021\\\/04\\\/logo-feher-600.png\",\"width\":600,\"height\":100,\"caption\":\"Dorogi-medence Region\u00e1lis H\u00edrport\u00e1l\"},\"image\":{\"@id\":\"https:\\\/\\\/dorogimedence.hu\\\/#\\\/schema\\\/logo\\\/image\\\/\"},\"sameAs\":[\"https:\\\/\\\/www.facebook.com\\\/dorogimedence\\\/\"]},{\"@type\":\"Person\",\"@id\":\"https:\\\/\\\/dorogimedence.hu\\\/#\\\/schema\\\/person\\\/ce6091eeb7e95ecdc87890d6aa8e0fd4\",\"name\":\"dorogimedence.hu\",\"image\":{\"@type\":\"ImageObject\",\"inLanguage\":\"hu\",\"@id\":\"\\\/\\\/www.gravatar.com\\\/avatar\\\/d8d45f8901aadff40a4af72c0b826f1d?s=96&#038;r=g&#038;d=mm\",\"url\":\"\\\/\\\/www.gravatar.com\\\/avatar\\\/d8d45f8901aadff40a4af72c0b826f1d?s=96&#038;r=g&#038;d=mm\",\"contentUrl\":\"\\\/\\\/www.gravatar.com\\\/avatar\\\/d8d45f8901aadff40a4af72c0b826f1d?s=96&#038;r=g&#038;d=mm\",\"caption\":\"dorogimedence.hu\"}}]}<\/script>\n<!-- \/ Yoast SEO plugin. -->","yoast_head_json":{"title":"Dorogon is lehetett \u00e9rezni a f\u00f6ldreng\u00e9st","robots":{"index":"index","follow":"follow","max-snippet":"max-snippet:-1","max-image-preview":"max-image-preview:large","max-video-preview":"max-video-preview:-1"},"canonical":"https:\/\/dorogimedence.hu\/index.php\/2020\/12\/29\/dorogon-is-lehetett-erezni-a-foldrengest\/","og_locale":"hu_HU","og_type":"article","og_title":"Dorogon is lehetett \u00e9rezni a f\u00f6ldreng\u00e9st","og_description":"Magyarorsz\u00e1g t\u00f6bb pontj\u00e1n is kisebb f\u00f6ldreng\u00e9st \u00e9szleltek az emberek december 29-\u00e9n kedden, nem sokkal d\u00e9lut\u00e1n negyed egy ut\u00e1n. H\u00e9tf\u0151 reggel 6.28-kor 5,4-es er\u0151ss\u00e9g\u0171 f\u00f6ldreng\u00e9s r\u00e1zta meg Horv\u00e1torsz\u00e1got. A f\u00f6ldmozg\u00e1s epicentruma Z\u00e1gr\u00e1bt\u00f3l 51 kilom\u00e9terre volt, nagyj\u00e1b\u00f3l hat kilom\u00e9teres m\u00e9lys\u00e9gben, amelynek az ut\u00f3reng\u00e9se Magyarorsz\u00e1gon is \u00e9rezhet\u0151 volt. Kedden nem sokkal 12 \u00f3ra ut\u00e1n ism\u00e9t f\u00f6ldreng\u00e9s r\u00e1zta meg","og_url":"https:\/\/dorogimedence.hu\/index.php\/2020\/12\/29\/dorogon-is-lehetett-erezni-a-foldrengest\/","og_site_name":"Dorogi-medence Region\u00e1lis H\u00edrport\u00e1l","article_publisher":"https:\/\/www.facebook.com\/dorogimedence\/","article_published_time":"2020-12-29T12:16:14+00:00","article_modified_time":"2020-12-29T12:29:10+00:00","og_image":[{"width":830,"height":450,"url":"https:\/\/i0.wp.com\/dorogimedence.hu\/wp-content\/uploads\/2020\/12\/foldrenges.jpg?fit=830%2C450&ssl=1","type":"image\/jpeg"}],"author":"dorogimedence.hu","twitter_card":"summary_large_image","twitter_misc":{"Szerz\u0151:":"dorogimedence.hu","Becs\u00fclt olvas\u00e1si id\u0151":"2 perc"},"schema":{"@context":"https:\/\/schema.org","@graph":[{"@type":"Article","@id":"https:\/\/dorogimedence.hu\/index.php\/2020\/12\/29\/dorogon-is-lehetett-erezni-a-foldrengest\/#article","isPartOf":{"@id":"https:\/\/dorogimedence.hu\/index.php\/2020\/12\/29\/dorogon-is-lehetett-erezni-a-foldrengest\/"},"author":{"name":"dorogimedence.hu","@id":"https:\/\/dorogimedence.hu\/#\/schema\/person\/ce6091eeb7e95ecdc87890d6aa8e0fd4"},"headline":"Dorogon is lehetett \u00e9rezni a f\u00f6ldreng\u00e9st","datePublished":"2020-12-29T12:16:14+00:00","dateModified":"2020-12-29T12:29:10+00:00","mainEntityOfPage":{"@id":"https:\/\/dorogimedence.hu\/index.php\/2020\/12\/29\/dorogon-is-lehetett-erezni-a-foldrengest\/"},"wordCount":328,"publisher":{"@id":"https:\/\/dorogimedence.hu\/#organization"},"image":{"@id":"https:\/\/dorogimedence.hu\/index.php\/2020\/12\/29\/dorogon-is-lehetett-erezni-a-foldrengest\/#primaryimage"},"thumbnailUrl":"https:\/\/dorogimedence.hu\/wp-content\/uploads\/2020\/12\/foldrenges.jpg","keywords":["Dorog","esztergom","f\u00f6ldreng\u00e9s","Tokod"],"articleSection":["Dorog","Esztergom","H\u00edrek"],"inLanguage":"hu"},{"@type":"WebPage","@id":"https:\/\/dorogimedence.hu\/index.php\/2020\/12\/29\/dorogon-is-lehetett-erezni-a-foldrengest\/","url":"https:\/\/dorogimedence.hu\/index.php\/2020\/12\/29\/dorogon-is-lehetett-erezni-a-foldrengest\/","name":"Dorogon is lehetett \u00e9rezni a f\u00f6ldreng\u00e9st","isPartOf":{"@id":"https:\/\/dorogimedence.hu\/#website"},"primaryImageOfPage":{"@id":"https:\/\/dorogimedence.hu\/index.php\/2020\/12\/29\/dorogon-is-lehetett-erezni-a-foldrengest\/#primaryimage"},"image":{"@id":"https:\/\/dorogimedence.hu\/index.php\/2020\/12\/29\/dorogon-is-lehetett-erezni-a-foldrengest\/#primaryimage"},"thumbnailUrl":"https:\/\/dorogimedence.hu\/wp-content\/uploads\/2020\/12\/foldrenges.jpg","datePublished":"2020-12-29T12:16:14+00:00","dateModified":"2020-12-29T12:29:10+00:00","breadcrumb":{"@id":"https:\/\/dorogimedence.hu\/index.php\/2020\/12\/29\/dorogon-is-lehetett-erezni-a-foldrengest\/#breadcrumb"},"inLanguage":"hu","potentialAction":[{"@type":"ReadAction","target":["https:\/\/dorogimedence.hu\/index.php\/2020\/12\/29\/dorogon-is-lehetett-erezni-a-foldrengest\/"]}]},{"@type":"ImageObject","inLanguage":"hu","@id":"https:\/\/dorogimedence.hu\/index.php\/2020\/12\/29\/dorogon-is-lehetett-erezni-a-foldrengest\/#primaryimage","url":"https:\/\/dorogimedence.hu\/wp-content\/uploads\/2020\/12\/foldrenges.jpg","contentUrl":"https:\/\/dorogimedence.hu\/wp-content\/uploads\/2020\/12\/foldrenges.jpg","width":830,"height":450},{"@type":"BreadcrumbList","@id":"https:\/\/dorogimedence.hu\/index.php\/2020\/12\/29\/dorogon-is-lehetett-erezni-a-foldrengest\/#breadcrumb","itemListElement":[{"@type":"ListItem","position":1,"name":"Kezd\u0151lap","item":"https:\/\/dorogimedence.hu\/"},{"@type":"ListItem","position":2,"name":"Dorogon is lehetett \u00e9rezni a f\u00f6ldreng\u00e9st"}]},{"@type":"WebSite","@id":"https:\/\/dorogimedence.hu\/#website","url":"https:\/\/dorogimedence.hu\/","name":"Dorogi-medence Region\u00e1lis H\u00edrport\u00e1l","description":"Dorog, Keszt\u00f6lc, Le\u00e1nyv\u00e1r, Piliscs\u00e9v, Tokod, Tokodalt\u00e1r\u00f3, Csolnok, Esztergom-kertv\u00e1ros: h\u00edrek, programok","publisher":{"@id":"https:\/\/dorogimedence.hu\/#organization"},"potentialAction":[{"@type":"SearchAction","target":{"@type":"EntryPoint","urlTemplate":"https:\/\/dorogimedence.hu\/?s={search_term_string}"},"query-input":{"@type":"PropertyValueSpecification","valueRequired":true,"valueName":"search_term_string"}}],"inLanguage":"hu"},{"@type":"Organization","@id":"https:\/\/dorogimedence.hu\/#organization","name":"Dorogi-medence Region\u00e1lis H\u00edrport\u00e1l","url":"https:\/\/dorogimedence.hu\/","logo":{"@type":"ImageObject","inLanguage":"hu","@id":"https:\/\/dorogimedence.hu\/#\/schema\/logo\/image\/","url":"https:\/\/dorogimedence.hu\/wp-content\/uploads\/2021\/04\/logo-feher-600.png","contentUrl":"https:\/\/dorogimedence.hu\/wp-content\/uploads\/2021\/04\/logo-feher-600.png","width":600,"height":100,"caption":"Dorogi-medence Region\u00e1lis H\u00edrport\u00e1l"},"image":{"@id":"https:\/\/dorogimedence.hu\/#\/schema\/logo\/image\/"},"sameAs":["https:\/\/www.facebook.com\/dorogimedence\/"]},{"@type":"Person","@id":"https:\/\/dorogimedence.hu\/#\/schema\/person\/ce6091eeb7e95ecdc87890d6aa8e0fd4","name":"dorogimedence.hu","image":{"@type":"ImageObject","inLanguage":"hu","@id":"\/\/www.gravatar.com\/avatar\/d8d45f8901aadff40a4af72c0b826f1d?s=96&#038;r=g&#038;d=mm","url":"\/\/www.gravatar.com\/avatar\/d8d45f8901aadff40a4af72c0b826f1d?s=96&#038;r=g&#038;d=mm","contentUrl":"\/\/www.gravatar.com\/avatar\/d8d45f8901aadff40a4af72c0b826f1d?s=96&#038;r=g&#038;d=mm","caption":"dorogimedence.hu"}}]}},"_links":{"self":[{"href":"https:\/\/dorogimedence.hu\/index.php\/wp-json\/wp\/v2\/posts\/29458","targetHints":{"allow":["GET"]}}],"collection":[{"href":"https:\/\/dorogimedence.hu\/index.php\/wp-json\/wp\/v2\/posts"}],"about":[{"href":"https:\/\/dorogimedence.hu\/index.php\/wp-json\/wp\/v2\/types\/post"}],"author":[{"embeddable":true,"href":"https:\/\/dorogimedence.hu\/index.php\/wp-json\/wp\/v2\/users\/1"}],"replies":[{"embeddable":true,"href":"https:\/\/dorogimedence.hu\/index.php\/wp-json\/wp\/v2\/comments?post=29458"}],"version-history":[{"count":0,"href":"https:\/\/dorogimedence.hu\/index.php\/wp-json\/wp\/v2\/posts\/29458\/revisions"}],"wp:featuredmedia":[{"embeddable":true,"href":"https:\/\/dorogimedence.hu\/index.php\/wp-json\/wp\/v2\/media\/29460"}],"wp:attachment":[{"href":"https:\/\/dorogimedence.hu\/index.php\/wp-json\/wp\/v2\/media?parent=29458"}],"wp:term":[{"taxonomy":"category","embeddable":true,"href":"https:\/\/dorogimedence.hu\/index.php\/wp-json\/wp\/v2\/categories?post=29458"},{"taxonomy":"post_tag","embeddable":true,"href":"https:\/\/dorogimedence.hu\/index.php\/wp-json\/wp\/v2\/tags?post=29458"}],"curies":[{"name":"wp","href":"https:\/\/api.w.org\/{rel}","templated":true}]}}